{"id":951734,"date":"2017-09-04T21:01:13","date_gmt":"2017-09-04T21:01:13","guid":{"rendered":"http:\/\/www.eldigitaldeasturias.com\/noticias\/?p=951734"},"modified":"2017-09-04T21:01:13","modified_gmt":"2017-09-04T21:01:13","slug":"aguilar-ha-asistido-a-la-salida-de-la-cuarta-etapa-del-reto-12-millones-de-pedaladas","status":"publish","type":"post","link":"https:\/\/www.eldigitaldeasturias.com\/noticias\/aguilar-ha-asistido-a-la-salida-de-la-cuarta-etapa-del-reto-12-millones-de-pedaladas\/","title":{"rendered":"Aguilar ha asistido a la salida de la cuarta etapa del &#8216;Reto 12 millones de pedaladas&#8217;"},"content":{"rendered":"<p><img loading=\"lazy\" decoding=\"async\" class=\"alignleft size-medium wp-image-951735\" src=\"https:\/\/www.eldigitaldeasturias.com\/noticias\/wp-content\/uploads\/2017\/09\/1504524397516-360x259.jpg\" alt=\"\" width=\"360\" height=\"259\" \/>La consejera de Justicia e Interior, Rosa Aguilar, ha exigido a la Uni\u00f3n Europea que cumpla sus compromisos con los refugiados, \u00abcientos de miles de personas que huyen de la guerra y la persecuci\u00f3n a las que las autoridades europeas pretenden hacer invisibles con sus decisiones\u00bb.<\/p>\n<p>Aguilar ha asistido a la salida de la cuarta etapa del &#8216;Reto 12 millones de pedaladas&#8217; en bicicleta por las personas refugiadas, organizado por la Fundaci\u00f3n Cepaim con la colaboraci\u00f3n de la Obra Social La Caixa.<\/p>\n<p>La consejera, que ha estado acompa\u00f1ada por el representante de Cepaim en Andaluc\u00eda, Javier P\u00e9rez Cepero, y el director territorial de Caixabank en Andaluc\u00eda Occidental, Rafael Herrador, ha considerado de \u00abextraordinaria importancia\u00bb esta iniciativa, porque permite \u00abdar visibilidad\u00bb a miles de personas que todav\u00eda se encuentran en campos de refugiados por la falta de compromiso de las autoridades europeas.<\/p>\n<p>Al respecto, Aguilar ha recordado que, aunque se hab\u00eda establecido un compromiso para que se desplazaran a Espa\u00f1a m\u00e1s de 15.000 refugiados, hasta ahora solo han llegado 1.800, casi una tercera parte de ellos a Andaluc\u00eda, comunidad que acoge a un total de 432 desplazados, con los seis que el 15 de septiembre.<\/p>\n<p>\u00abAndaluc\u00eda siempre ha sido una tierra solidaria\u00bb, ha subrayado la titular de Justicia e Interior, quien ha abogado por la interculturalidad y el respeto a la diversidad para hacer una sociedad m\u00e1s justa e igualitaria, dispuesta a seguir recibiendo a las personas refugiadas para que, con normalidad, se integren plenamente en la sociedad andaluza<\/p>\n<p><strong>Treinta etapas<\/strong><\/p>\n<p>El &#8216;Reto 12 millones de pedaladas&#8217;, que cuenta con el apoyo de la Junta de Andaluc\u00eda, se va a desarrollar en 30 etapas con visitas a 23 de los 32 centros de Cepaim y terminar\u00e1 el pr\u00f3ximo 1 de octubre en Madrid, con el objetivo de sensibilizar a la sociedad sobre la situaci\u00f3n de las personas refugiadas en Europa que han tenido que abandonar zonas de conflicto.<\/p>\n<p>Tres integrantes de la Fundaci\u00f3n Cepaim ser\u00e1n quienes hagan los 2.000 kil\u00f3metros de todo el recorrido en bicicleta, al que se podr\u00e1n sumar en cada etapa los voluntarios que quieran participar en esta iniciativa solidaria, que comenz\u00f3 el pasado 1 de septiembre en la localidad portuguesa de Vila Real de Santo Antonio.<\/p>\n<p>Los responsables de esta iniciativa se\u00f1alan que, seg\u00fan datos de Unicef, en los \u00faltimos diez a\u00f1os m\u00e1s de 65 millones de personas han tenido que abandonar su pa\u00eds a causa de la guerra o una persecuci\u00f3n, casi la mitad de ellas menores de edad, y de ellas 11 millones ya tienen la consideraci\u00f3n de refugiados o han solicitado asilo.<\/p>\n<p>La Junta de Andaluc\u00eda completa la atenci\u00f3n a estas personas garantizando su acceso a los sistemas de salud, educaci\u00f3n y servicios sociales, todo ello coordinado a trav\u00e9s de la Mesa T\u00e9cnica de atenci\u00f3n a Refugiados creada por la Consejer\u00eda de Justicia e Interior para garantizar que haya una acci\u00f3n conjunta e integral de toda la Administraci\u00f3n andaluza en el proceso de acogida.<\/p>\n<p>De esta forma, las comunidades aut\u00f3nomas completan el proceso de primera acogida que dispensan las ONG. El Gobierno andaluz, adem\u00e1s de haber constituido la Mesa T\u00e9cnica, est\u00e1 trabajando de manera coordinada y permanente con las entidades sociales especializadas que trabajan en el campo de la inmigraci\u00f3n y la atenci\u00f3n a las personas refugiadas.<\/p>\n<p>Sin embargo, el compromiso del Estado espa\u00f1ol con el acogimiento de personas refugiadas no alcanza a\u00fan el 8% de lo que hab\u00eda acordado con la Uni\u00f3n Europea. Por esa raz\u00f3n, la Junta sigue urgiendo al establecimiento de un sistema de acogida m\u00e1s flexible y sostenible, que evite las dificultades en el acceso y ponga en marcha v\u00edas legales y seguras de llegada, como los visados humanitarios, la demanda m\u00e1s generalizada entre las organizaciones sociales que atienden a estas personas.<\/p>\n<p>&nbsp;<\/p>\n","protected":false},"excerpt":{"rendered":"<p>La consejera de Justicia e Interior, Rosa Aguilar, ha exigido a la Uni\u00f3n Europea que cumpla sus compromisos con los refugiados, \u00abcientos de miles de personas que huyen de la guerra y la persecuci\u00f3n a las que las autoridades europeas pretenden hacer invisibles con sus decisiones\u00bb. Aguilar ha asistido a la salida de la cuarta [&hellip;]<\/p>\n","protected":false},"author":1,"featured_media":951735,"comment_status":"closed","ping_status":"closed","sticky":false,"template":"","format":"standard","meta":{"footnotes":""},"categories":[1],"tags":[],"class_list":["post-951734","post","type-post","status-publish","format-standard","has-post-thumbnail","hentry","category-actualidad"],"aioseo_notices":[],"aioseo_head":"\n\t\t<!-- All in One SEO Pro 5.0.1 - aioseo.com -->\n\t<meta name=\"description\" content=\"La consejera de Justicia e Interior, Rosa Aguilar, ha exigido a la Uni\u00f3n Europea que cumpla sus compromisos con los refugiados, &quot;cientos de miles de personas que huyen de la guerra y la persecuci\u00f3n a las que las autoridades europeas pretenden hacer invisibles con sus decisiones&quot;. Aguilar ha asistido a la salida de la cuarta\" \/>\n\t<meta name=\"robots\" content=\"max-image-preview:large\" \/>\n\t<meta name=\"author\" content=\"El Digital de Asturias\"\/>\n\t<meta name=\"google-site-verification\" content=\"UA-38556648-1\" \/>\n\t<meta name=\"msvalidate.01\" content=\"7dfe9f3f1b24437ab69f4f2559babe99\" \/>\n\t<meta name=\"keywords\" content=\"actualidad\" \/>\n\t<link rel=\"canonical\" href=\"https:\/\/www.eldigitaldeasturias.com\/noticias\/aguilar-ha-asistido-a-la-salida-de-la-cuarta-etapa-del-reto-12-millones-de-pedaladas\/\" \/>\n\t<meta name=\"generator\" content=\"All in One SEO Pro (AIOSEO) 5.0.1\" \/>\n\t\t<meta property=\"og:locale\" content=\"es_ES\" \/>\n\t\t<meta property=\"og:site_name\" content=\"El Digital de Asturias\" \/>\n\t\t<meta property=\"og:type\" content=\"article\" \/>\n\t\t<meta property=\"og:title\" content=\"Aguilar ha asistido a la salida de la cuarta etapa del \u2018Reto 12 millones de pedaladas\u2019 - El Digital de Asturias\" \/>\n\t\t<meta property=\"og:description\" content=\"La consejera de Justicia e Interior, Rosa Aguilar, ha exigido a la Uni\u00f3n Europea que cumpla sus compromisos con los refugiados, &quot;cientos de miles de personas que huyen de la guerra y la persecuci\u00f3n a las que las autoridades europeas pretenden hacer invisibles con sus decisiones&quot;. Aguilar ha asistido a la salida de la cuarta\" \/>\n\t\t<meta property=\"og:url\" content=\"https:\/\/www.eldigitaldeasturias.com\/noticias\/aguilar-ha-asistido-a-la-salida-de-la-cuarta-etapa-del-reto-12-millones-de-pedaladas\/\" \/>\n\t\t<meta property=\"article:tag\" content=\"actualidad\" \/>\n\t\t<meta property=\"article:published_time\" content=\"2017-09-04T21:01:13+00:00\" \/>\n\t\t<meta property=\"article:modified_time\" content=\"2017-09-04T21:01:13+00:00\" \/>\n\t\t<meta property=\"article:publisher\" content=\"https:\/\/facebook.com\/eldigitaldeasturias\" \/>\n\t\t<meta name=\"twitter:card\" content=\"summary_large_image\" \/>\n\t\t<meta name=\"twitter:title\" content=\"Aguilar ha asistido a la salida de la cuarta etapa del \u2018Reto 12 millones de pedaladas\u2019 - El Digital de Asturias\" \/>\n\t\t<meta name=\"twitter:description\" content=\"La consejera de Justicia e Interior, Rosa Aguilar, ha exigido a la Uni\u00f3n Europea que cumpla sus compromisos con los refugiados, &quot;cientos de miles de personas que huyen de la guerra y la persecuci\u00f3n a las que las autoridades europeas pretenden hacer invisibles con sus decisiones&quot;. Aguilar ha asistido a la salida de la cuarta\" \/>\n\t\t<meta name=\"twitter:image\" content=\"https:\/\/www.eldigitaldeasturias.com\/noticias\/wp-content\/uploads\/2020\/12\/EDA-1.jpg\" \/>\n\t\t<meta name=\"twitter:label1\" content=\"Escrito por\" \/>\n\t\t<meta name=\"twitter:data1\" content=\"El Digital de Asturias\" \/>\n\t\t<meta name=\"twitter:label2\" content=\"Tiempo de lectura estimado\" \/>\n\t\t<meta name=\"twitter:data2\" content=\"3 minutos\" \/>\n\t\t<script type=\"application\/ld+json\" class=\"aioseo-schema\">\n\t\t\t{\"@context\":\"https:\\\/\\\/schema.org\",\"@graph\":[{\"@type\":\"BlogPosting\",\"@id\":\"https:\\\/\\\/www.eldigitaldeasturias.com\\\/noticias\\\/aguilar-ha-asistido-a-la-salida-de-la-cuarta-etapa-del-reto-12-millones-de-pedaladas\\\/#blogposting\",\"name\":\"Aguilar ha asistido a la salida de la cuarta etapa del \\u2018Reto 12 millones de pedaladas\\u2019 - El Digital de Asturias\",\"headline\":\"Aguilar ha asistido a la salida de la cuarta etapa del &#8216;Reto 12 millones de pedaladas&#8217;\",\"author\":{\"@id\":\"https:\\\/\\\/www.eldigitaldeasturias.com\\\/noticias\\\/author\\\/admin\\\/#author\"},\"publisher\":{\"@id\":\"https:\\\/\\\/www.eldigitaldeasturias.com\\\/noticias\\\/#organization\"},\"image\":{\"@type\":\"ImageObject\",\"url\":951735},\"datePublished\":\"2017-09-04T21:01:13+02:00\",\"dateModified\":\"2017-09-04T21:01:13+02:00\",\"inLanguage\":\"es-ES\",\"mainEntityOfPage\":{\"@id\":\"https:\\\/\\\/www.eldigitaldeasturias.com\\\/noticias\\\/aguilar-ha-asistido-a-la-salida-de-la-cuarta-etapa-del-reto-12-millones-de-pedaladas\\\/#webpage\"},\"isPartOf\":{\"@id\":\"https:\\\/\\\/www.eldigitaldeasturias.com\\\/noticias\\\/aguilar-ha-asistido-a-la-salida-de-la-cuarta-etapa-del-reto-12-millones-de-pedaladas\\\/#webpage\"},\"articleSection\":\"Actualidad\"},{\"@type\":\"BreadcrumbList\",\"@id\":\"https:\\\/\\\/www.eldigitaldeasturias.com\\\/noticias\\\/aguilar-ha-asistido-a-la-salida-de-la-cuarta-etapa-del-reto-12-millones-de-pedaladas\\\/#breadcrumblist\",\"itemListElement\":[{\"@type\":\"ListItem\",\"@id\":\"https:\\\/\\\/www.eldigitaldeasturias.com\\\/noticias#listItem\",\"position\":1,\"name\":\"Home\",\"item\":\"https:\\\/\\\/www.eldigitaldeasturias.com\\\/noticias\",\"nextItem\":{\"@type\":\"ListItem\",\"@id\":\"https:\\\/\\\/www.eldigitaldeasturias.com\\\/noticias\\\/category\\\/actualidad\\\/#listItem\",\"name\":\"Actualidad\"}},{\"@type\":\"ListItem\",\"@id\":\"https:\\\/\\\/www.eldigitaldeasturias.com\\\/noticias\\\/category\\\/actualidad\\\/#listItem\",\"position\":2,\"name\":\"Actualidad\",\"item\":\"https:\\\/\\\/www.eldigitaldeasturias.com\\\/noticias\\\/category\\\/actualidad\\\/\",\"nextItem\":{\"@type\":\"ListItem\",\"@id\":\"https:\\\/\\\/www.eldigitaldeasturias.com\\\/noticias\\\/aguilar-ha-asistido-a-la-salida-de-la-cuarta-etapa-del-reto-12-millones-de-pedaladas\\\/#listItem\",\"name\":\"Aguilar ha asistido a la salida de la cuarta etapa del &#8216;Reto 12 millones de pedaladas&#8217;\"},\"previousItem\":{\"@type\":\"ListItem\",\"@id\":\"https:\\\/\\\/www.eldigitaldeasturias.com\\\/noticias#listItem\",\"name\":\"Home\"}},{\"@type\":\"ListItem\",\"@id\":\"https:\\\/\\\/www.eldigitaldeasturias.com\\\/noticias\\\/aguilar-ha-asistido-a-la-salida-de-la-cuarta-etapa-del-reto-12-millones-de-pedaladas\\\/#listItem\",\"position\":3,\"name\":\"Aguilar ha asistido a la salida de la cuarta etapa del &#8216;Reto 12 millones de pedaladas&#8217;\",\"previousItem\":{\"@type\":\"ListItem\",\"@id\":\"https:\\\/\\\/www.eldigitaldeasturias.com\\\/noticias\\\/category\\\/actualidad\\\/#listItem\",\"name\":\"Actualidad\"}}]},{\"@type\":\"Organization\",\"@id\":\"https:\\\/\\\/www.eldigitaldeasturias.com\\\/noticias\\\/#organization\",\"name\":\"El Digital de Asturias\",\"description\":\"Hemeroteca\",\"url\":\"https:\\\/\\\/www.eldigitaldeasturias.com\\\/noticias\\\/\",\"email\":\"info@eldigitaldeasturias.com\",\"telephone\":\"+34652131393\",\"logo\":{\"@type\":\"ImageObject\",\"url\":\"https:\\\/\\\/www.eldigitaldeasturias.com\\\/noticias\\\/wp-content\\\/uploads\\\/2020\\\/12\\\/EDA.jpg\",\"@id\":\"https:\\\/\\\/www.eldigitaldeasturias.com\\\/noticias\\\/aguilar-ha-asistido-a-la-salida-de-la-cuarta-etapa-del-reto-12-millones-de-pedaladas\\\/#organizationLogo\"},\"image\":{\"@id\":\"https:\\\/\\\/www.eldigitaldeasturias.com\\\/noticias\\\/aguilar-ha-asistido-a-la-salida-de-la-cuarta-etapa-del-reto-12-millones-de-pedaladas\\\/#organizationLogo\"},\"sameAs\":[\"https:\\\/\\\/facebook.com\\\/eldigitaldeasturias\",\"https:\\\/\\\/www.youtube.com\\\/channel\\\/UCZP-2wLEB9Rv6erhFmqVnvg\"],\"address\":{\"@id\":\"https:\\\/\\\/www.eldigitaldeasturias.com\\\/noticias\\\/#postaladdress\",\"@type\":\"PostalAddress\",\"streetAddress\":\"san antonio 4\",\"postalCode\":\"33430\",\"addressLocality\":\"Cand\\u00e1s\",\"addressRegion\":\"Asturias\",\"addressCountry\":\"ES\"}},{\"@type\":\"Person\",\"@id\":\"https:\\\/\\\/www.eldigitaldeasturias.com\\\/noticias\\\/author\\\/admin\\\/#author\",\"url\":\"https:\\\/\\\/www.eldigitaldeasturias.com\\\/noticias\\\/author\\\/admin\\\/\",\"name\":\"El Digital de Asturias\",\"image\":{\"@type\":\"ImageObject\",\"@id\":\"https:\\\/\\\/www.eldigitaldeasturias.com\\\/noticias\\\/aguilar-ha-asistido-a-la-salida-de-la-cuarta-etapa-del-reto-12-millones-de-pedaladas\\\/#authorImage\",\"url\":\"https:\\\/\\\/secure.gravatar.com\\\/avatar\\\/df2aeffc32bcd13f8d26072ef8a91b623d677766deac7f97ca815868cd41bf5e?s=96&d=mm&r=g\",\"width\":96,\"height\":96,\"caption\":\"El Digital de Asturias\"}},{\"@type\":\"WebPage\",\"@id\":\"https:\\\/\\\/www.eldigitaldeasturias.com\\\/noticias\\\/aguilar-ha-asistido-a-la-salida-de-la-cuarta-etapa-del-reto-12-millones-de-pedaladas\\\/#webpage\",\"url\":\"https:\\\/\\\/www.eldigitaldeasturias.com\\\/noticias\\\/aguilar-ha-asistido-a-la-salida-de-la-cuarta-etapa-del-reto-12-millones-de-pedaladas\\\/\",\"name\":\"Aguilar ha asistido a la salida de la cuarta etapa del \\u2018Reto 12 millones de pedaladas\\u2019 - El Digital de Asturias\",\"description\":\"La consejera de Justicia e Interior, Rosa Aguilar, ha exigido a la Uni\\u00f3n Europea que cumpla sus compromisos con los refugiados, \\\"cientos de miles de personas que huyen de la guerra y la persecuci\\u00f3n a las que las autoridades europeas pretenden hacer invisibles con sus decisiones\\\". Aguilar ha asistido a la salida de la cuarta\",\"inLanguage\":\"es-ES\",\"isPartOf\":{\"@id\":\"https:\\\/\\\/www.eldigitaldeasturias.com\\\/noticias\\\/#website\"},\"breadcrumb\":{\"@id\":\"https:\\\/\\\/www.eldigitaldeasturias.com\\\/noticias\\\/aguilar-ha-asistido-a-la-salida-de-la-cuarta-etapa-del-reto-12-millones-de-pedaladas\\\/#breadcrumblist\"},\"author\":{\"@id\":\"https:\\\/\\\/www.eldigitaldeasturias.com\\\/noticias\\\/author\\\/admin\\\/#author\"},\"creator\":{\"@id\":\"https:\\\/\\\/www.eldigitaldeasturias.com\\\/noticias\\\/author\\\/admin\\\/#author\"},\"image\":{\"@type\":\"ImageObject\",\"url\":951735,\"@id\":\"https:\\\/\\\/www.eldigitaldeasturias.com\\\/noticias\\\/aguilar-ha-asistido-a-la-salida-de-la-cuarta-etapa-del-reto-12-millones-de-pedaladas\\\/#mainImage\"},\"primaryImageOfPage\":{\"@id\":\"https:\\\/\\\/www.eldigitaldeasturias.com\\\/noticias\\\/aguilar-ha-asistido-a-la-salida-de-la-cuarta-etapa-del-reto-12-millones-de-pedaladas\\\/#mainImage\"},\"datePublished\":\"2017-09-04T21:01:13+02:00\",\"dateModified\":\"2017-09-04T21:01:13+02:00\"},{\"@type\":\"WebSite\",\"@id\":\"https:\\\/\\\/www.eldigitaldeasturias.com\\\/noticias\\\/#website\",\"url\":\"https:\\\/\\\/www.eldigitaldeasturias.com\\\/noticias\\\/\",\"name\":\"El Digital de Asturias - Diario de actualidad y noticias\",\"alternateName\":\"El Digital de Asturias - Diario de actualidad y noticias\",\"description\":\"Hemeroteca\",\"inLanguage\":\"es-ES\",\"publisher\":{\"@id\":\"https:\\\/\\\/www.eldigitaldeasturias.com\\\/noticias\\\/#organization\"}}]}\n\t\t<\/script>\n\t\t<!-- All in One SEO Pro -->\r\n\t\t<title>Aguilar ha asistido a la salida de la cuarta etapa del \u2018Reto 12 millones de pedaladas\u2019 - El Digital de Asturias<\/title>\n\n","aioseo_head_json":{"title":"Aguilar ha asistido a la salida de la cuarta etapa del \u2018Reto 12 millones de pedaladas\u2019 - El Digital de Asturias","description":"La consejera de Justicia e Interior, Rosa Aguilar, ha exigido a la Uni\u00f3n Europea que cumpla sus compromisos con los refugiados, \"cientos de miles de personas que huyen de la guerra y la persecuci\u00f3n a las que las autoridades europeas pretenden hacer invisibles con sus decisiones\". Aguilar ha asistido a la salida de la cuarta","canonical_url":"https:\/\/www.eldigitaldeasturias.com\/noticias\/aguilar-ha-asistido-a-la-salida-de-la-cuarta-etapa-del-reto-12-millones-de-pedaladas\/","robots":"max-image-preview:large","keywords":"actualidad","webmasterTools":{"google-site-verification":"UA-38556648-1","msvalidate.01":"7dfe9f3f1b24437ab69f4f2559babe99","miscellaneous":""},"schema":{"@context":"https:\/\/schema.org","@graph":[{"@type":"BlogPosting","@id":"https:\/\/www.eldigitaldeasturias.com\/noticias\/aguilar-ha-asistido-a-la-salida-de-la-cuarta-etapa-del-reto-12-millones-de-pedaladas\/#blogposting","name":"Aguilar ha asistido a la salida de la cuarta etapa del \u2018Reto 12 millones de pedaladas\u2019 - El Digital de Asturias","headline":"Aguilar ha asistido a la salida de la cuarta etapa del &#8216;Reto 12 millones de pedaladas&#8217;","author":{"@id":"https:\/\/www.eldigitaldeasturias.com\/noticias\/author\/admin\/#author"},"publisher":{"@id":"https:\/\/www.eldigitaldeasturias.com\/noticias\/#organization"},"image":{"@type":"ImageObject","url":951735},"datePublished":"2017-09-04T21:01:13+02:00","dateModified":"2017-09-04T21:01:13+02:00","inLanguage":"es-ES","mainEntityOfPage":{"@id":"https:\/\/www.eldigitaldeasturias.com\/noticias\/aguilar-ha-asistido-a-la-salida-de-la-cuarta-etapa-del-reto-12-millones-de-pedaladas\/#webpage"},"isPartOf":{"@id":"https:\/\/www.eldigitaldeasturias.com\/noticias\/aguilar-ha-asistido-a-la-salida-de-la-cuarta-etapa-del-reto-12-millones-de-pedaladas\/#webpage"},"articleSection":"Actualidad"},{"@type":"BreadcrumbList","@id":"https:\/\/www.eldigitaldeasturias.com\/noticias\/aguilar-ha-asistido-a-la-salida-de-la-cuarta-etapa-del-reto-12-millones-de-pedaladas\/#breadcrumblist","itemListElement":[{"@type":"ListItem","@id":"https:\/\/www.eldigitaldeasturias.com\/noticias#listItem","position":1,"name":"Home","item":"https:\/\/www.eldigitaldeasturias.com\/noticias","nextItem":{"@type":"ListItem","@id":"https:\/\/www.eldigitaldeasturias.com\/noticias\/category\/actualidad\/#listItem","name":"Actualidad"}},{"@type":"ListItem","@id":"https:\/\/www.eldigitaldeasturias.com\/noticias\/category\/actualidad\/#listItem","position":2,"name":"Actualidad","item":"https:\/\/www.eldigitaldeasturias.com\/noticias\/category\/actualidad\/","nextItem":{"@type":"ListItem","@id":"https:\/\/www.eldigitaldeasturias.com\/noticias\/aguilar-ha-asistido-a-la-salida-de-la-cuarta-etapa-del-reto-12-millones-de-pedaladas\/#listItem","name":"Aguilar ha asistido a la salida de la cuarta etapa del &#8216;Reto 12 millones de pedaladas&#8217;"},"previousItem":{"@type":"ListItem","@id":"https:\/\/www.eldigitaldeasturias.com\/noticias#listItem","name":"Home"}},{"@type":"ListItem","@id":"https:\/\/www.eldigitaldeasturias.com\/noticias\/aguilar-ha-asistido-a-la-salida-de-la-cuarta-etapa-del-reto-12-millones-de-pedaladas\/#listItem","position":3,"name":"Aguilar ha asistido a la salida de la cuarta etapa del &#8216;Reto 12 millones de pedaladas&#8217;","previousItem":{"@type":"ListItem","@id":"https:\/\/www.eldigitaldeasturias.com\/noticias\/category\/actualidad\/#listItem","name":"Actualidad"}}]},{"@type":"Organization","@id":"https:\/\/www.eldigitaldeasturias.com\/noticias\/#organization","name":"El Digital de Asturias","description":"Hemeroteca","url":"https:\/\/www.eldigitaldeasturias.com\/noticias\/","email":"info@eldigitaldeasturias.com","telephone":"+34652131393","logo":{"@type":"ImageObject","url":"https:\/\/www.eldigitaldeasturias.com\/noticias\/wp-content\/uploads\/2020\/12\/EDA.jpg","@id":"https:\/\/www.eldigitaldeasturias.com\/noticias\/aguilar-ha-asistido-a-la-salida-de-la-cuarta-etapa-del-reto-12-millones-de-pedaladas\/#organizationLogo"},"image":{"@id":"https:\/\/www.eldigitaldeasturias.com\/noticias\/aguilar-ha-asistido-a-la-salida-de-la-cuarta-etapa-del-reto-12-millones-de-pedaladas\/#organizationLogo"},"sameAs":["https:\/\/facebook.com\/eldigitaldeasturias","https:\/\/www.youtube.com\/channel\/UCZP-2wLEB9Rv6erhFmqVnvg"],"address":{"@id":"https:\/\/www.eldigitaldeasturias.com\/noticias\/#postaladdress","@type":"PostalAddress","streetAddress":"san antonio 4","postalCode":"33430","addressLocality":"Cand\u00e1s","addressRegion":"Asturias","addressCountry":"ES"}},{"@type":"Person","@id":"https:\/\/www.eldigitaldeasturias.com\/noticias\/author\/admin\/#author","url":"https:\/\/www.eldigitaldeasturias.com\/noticias\/author\/admin\/","name":"El Digital de Asturias","image":{"@type":"ImageObject","@id":"https:\/\/www.eldigitaldeasturias.com\/noticias\/aguilar-ha-asistido-a-la-salida-de-la-cuarta-etapa-del-reto-12-millones-de-pedaladas\/#authorImage","url":"https:\/\/secure.gravatar.com\/avatar\/df2aeffc32bcd13f8d26072ef8a91b623d677766deac7f97ca815868cd41bf5e?s=96&d=mm&r=g","width":96,"height":96,"caption":"El Digital de Asturias"}},{"@type":"WebPage","@id":"https:\/\/www.eldigitaldeasturias.com\/noticias\/aguilar-ha-asistido-a-la-salida-de-la-cuarta-etapa-del-reto-12-millones-de-pedaladas\/#webpage","url":"https:\/\/www.eldigitaldeasturias.com\/noticias\/aguilar-ha-asistido-a-la-salida-de-la-cuarta-etapa-del-reto-12-millones-de-pedaladas\/","name":"Aguilar ha asistido a la salida de la cuarta etapa del \u2018Reto 12 millones de pedaladas\u2019 - El Digital de Asturias","description":"La consejera de Justicia e Interior, Rosa Aguilar, ha exigido a la Uni\u00f3n Europea que cumpla sus compromisos con los refugiados, \"cientos de miles de personas que huyen de la guerra y la persecuci\u00f3n a las que las autoridades europeas pretenden hacer invisibles con sus decisiones\". Aguilar ha asistido a la salida de la cuarta","inLanguage":"es-ES","isPartOf":{"@id":"https:\/\/www.eldigitaldeasturias.com\/noticias\/#website"},"breadcrumb":{"@id":"https:\/\/www.eldigitaldeasturias.com\/noticias\/aguilar-ha-asistido-a-la-salida-de-la-cuarta-etapa-del-reto-12-millones-de-pedaladas\/#breadcrumblist"},"author":{"@id":"https:\/\/www.eldigitaldeasturias.com\/noticias\/author\/admin\/#author"},"creator":{"@id":"https:\/\/www.eldigitaldeasturias.com\/noticias\/author\/admin\/#author"},"image":{"@type":"ImageObject","url":951735,"@id":"https:\/\/www.eldigitaldeasturias.com\/noticias\/aguilar-ha-asistido-a-la-salida-de-la-cuarta-etapa-del-reto-12-millones-de-pedaladas\/#mainImage"},"primaryImageOfPage":{"@id":"https:\/\/www.eldigitaldeasturias.com\/noticias\/aguilar-ha-asistido-a-la-salida-de-la-cuarta-etapa-del-reto-12-millones-de-pedaladas\/#mainImage"},"datePublished":"2017-09-04T21:01:13+02:00","dateModified":"2017-09-04T21:01:13+02:00"},{"@type":"WebSite","@id":"https:\/\/www.eldigitaldeasturias.com\/noticias\/#website","url":"https:\/\/www.eldigitaldeasturias.com\/noticias\/","name":"El Digital de Asturias - Diario de actualidad y noticias","alternateName":"El Digital de Asturias - Diario de actualidad y noticias","description":"Hemeroteca","inLanguage":"es-ES","publisher":{"@id":"https:\/\/www.eldigitaldeasturias.com\/noticias\/#organization"}}]},"og:locale":"es_ES","og:site_name":"El Digital de Asturias","og:type":"article","og:title":"Aguilar ha asistido a la salida de la cuarta etapa del \u2018Reto 12 millones de pedaladas\u2019 - El Digital de Asturias","og:description":"La consejera de Justicia e Interior, Rosa Aguilar, ha exigido a la Uni\u00f3n Europea que cumpla sus compromisos con los refugiados, &quot;cientos de miles de personas que huyen de la guerra y la persecuci\u00f3n a las que las autoridades europeas pretenden hacer invisibles con sus decisiones&quot;. Aguilar ha asistido a la salida de la cuarta","og:url":"https:\/\/www.eldigitaldeasturias.com\/noticias\/aguilar-ha-asistido-a-la-salida-de-la-cuarta-etapa-del-reto-12-millones-de-pedaladas\/","article:tag":["actualidad"],"article:published_time":"2017-09-04T21:01:13+00:00","article:modified_time":"2017-09-04T21:01:13+00:00","article:publisher":"https:\/\/facebook.com\/eldigitaldeasturias","twitter:card":"summary_large_image","twitter:title":"Aguilar ha asistido a la salida de la cuarta etapa del \u2018Reto 12 millones de pedaladas\u2019 - El Digital de Asturias","twitter:description":"La consejera de Justicia e Interior, Rosa Aguilar, ha exigido a la Uni\u00f3n Europea que cumpla sus compromisos con los refugiados, &quot;cientos de miles de personas que huyen de la guerra y la persecuci\u00f3n a las que las autoridades europeas pretenden hacer invisibles con sus decisiones&quot;. Aguilar ha asistido a la salida de la cuarta","twitter:image":"https:\/\/www.eldigitaldeasturias.com\/noticias\/wp-content\/uploads\/2020\/12\/EDA-1.jpg","twitter:label1":"Escrito por","twitter:data1":"El Digital de Asturias","twitter:label2":"Tiempo de lectura estimado","twitter:data2":"3 minutos"},"aioseo_meta_data":{"post_id":"951734","title":null,"description":null,"keywords":null,"keyphrases":null,"primary_term":null,"canonical_url":null,"og_title":null,"og_description":null,"og_object_type":"default","og_image_type":"default","og_image_url":null,"og_image_width":null,"og_image_height":null,"og_image_custom_url":null,"og_image_custom_fields":null,"og_video":null,"og_custom_url":null,"og_article_section":null,"og_article_tags":null,"twitter_use_og":false,"twitter_card":"default","twitter_image_type":"default","twitter_image_url":null,"twitter_image_custom_url":null,"twitter_image_custom_fields":null,"twitter_title":null,"twitter_description":null,"schema":{"blockGraphs":[],"customGraphs":[],"default":{"data":{"Article":[],"Course":[],"Dataset":[],"FAQPage":[],"Movie":[],"Person":[],"Product":[],"ProductReview":[],"Car":[],"Recipe":[],"Service":[],"SoftwareApplication":[],"WebPage":[]},"graphName":"","isEnabled":true},"graphs":[],"defaultGraph":"","defaultPostTypeGraph":""},"schema_type":null,"schema_type_options":null,"pillar_content":false,"robots_default":true,"robots_noindex":false,"robots_noarchive":false,"robots_nosnippet":false,"robots_nofollow":false,"robots_noimageindex":false,"robots_noodp":false,"robots_notranslate":false,"robots_max_snippet":null,"robots_max_videopreview":null,"robots_max_imagepreview":"large","priority":null,"frequency":null,"local_seo":null,"seo_analyzer_scan_date":"2025-12-05 20:19:10","breadcrumb_settings":null,"limit_modified_date":false,"open_ai":null,"ai":null,"created":"2020-12-21 12:58:03","updated":"2025-12-05 20:19:10","focus_keyword":null,"additional_keywords":null,"truseo_locale":null},"aioseo_breadcrumb":"<div class=\"aioseo-breadcrumbs\"><span class=\"aioseo-breadcrumb\">\n\t<a href=\"https:\/\/www.eldigitaldeasturias.com\/noticias\" title=\"Home\">Home<\/a>\n<\/span><span class=\"aioseo-breadcrumb-separator\">\u2013<\/span><span class=\"aioseo-breadcrumb\">\n\t<a href=\"https:\/\/www.eldigitaldeasturias.com\/noticias\/category\/actualidad\/\" title=\"Actualidad\">Actualidad<\/a>\n<\/span><span class=\"aioseo-breadcrumb-separator\">\u2013<\/span><span class=\"aioseo-breadcrumb\">\n\t<a href=\"https:\/\/www.eldigitaldeasturias.com\/noticias\/aguilar-ha-asistido-a-la-salida-de-la-cuarta-etapa-del-reto-12-millones-de-pedaladas\/\" title=\"Aguilar ha asistido a la salida de la cuarta etapa del \u2018Reto 12 millones de pedaladas\u2019\">Aguilar ha asistido a la salida de la cuarta etapa del \u2018Reto 12 millones de pedaladas\u2019<\/a>\n<\/span><\/div>","aioseo_breadcrumb_json":[{"label":"Home","link":"https:\/\/www.eldigitaldeasturias.com\/noticias"},{"label":"Actualidad","link":"https:\/\/www.eldigitaldeasturias.com\/noticias\/category\/actualidad\/"},{"label":"Aguilar ha asistido a la salida de la cuarta etapa del &#8216;Reto 12 millones de pedaladas&#8217;","link":"https:\/\/www.eldigitaldeasturias.com\/noticias\/aguilar-ha-asistido-a-la-salida-de-la-cuarta-etapa-del-reto-12-millones-de-pedaladas\/"}],"_links":{"self":[{"href":"https:\/\/www.eldigitaldeasturias.com\/noticias\/wp-json\/wp\/v2\/posts\/951734","targetHints":{"allow":["GET"]}}],"collection":[{"href":"https:\/\/www.eldigitaldeasturias.com\/noticias\/wp-json\/wp\/v2\/posts"}],"about":[{"href":"https:\/\/www.eldigitaldeasturias.com\/noticias\/wp-json\/wp\/v2\/types\/post"}],"author":[{"embeddable":true,"href":"https:\/\/www.eldigitaldeasturias.com\/noticias\/wp-json\/wp\/v2\/users\/1"}],"replies":[{"embeddable":true,"href":"https:\/\/www.eldigitaldeasturias.com\/noticias\/wp-json\/wp\/v2\/comments?post=951734"}],"version-history":[{"count":0,"href":"https:\/\/www.eldigitaldeasturias.com\/noticias\/wp-json\/wp\/v2\/posts\/951734\/revisions"}],"wp:attachment":[{"href":"https:\/\/www.eldigitaldeasturias.com\/noticias\/wp-json\/wp\/v2\/media?parent=951734"}],"wp:term":[{"taxonomy":"category","embeddable":true,"href":"https:\/\/www.eldigitaldeasturias.com\/noticias\/wp-json\/wp\/v2\/categories?post=951734"},{"taxonomy":"post_tag","embeddable":true,"href":"https:\/\/www.eldigitaldeasturias.com\/noticias\/wp-json\/wp\/v2\/tags?post=951734"}],"curies":[{"name":"wp","href":"https:\/\/api.w.org\/{rel}","templated":true}]}}