{"id":951732,"date":"2017-09-04T20:59:09","date_gmt":"2017-09-04T20:59:09","guid":{"rendered":"http:\/\/www.eldigitaldeasturias.com\/noticias\/?p=951732"},"modified":"2017-09-04T20:59:09","modified_gmt":"2017-09-04T20:59:09","slug":"el-paro-crecio-en-andalucia-el-pasado-mes-de-agosto-en-17-094-personas","status":"publish","type":"post","link":"https:\/\/www.eldigitaldeasturias.com\/noticias\/el-paro-crecio-en-andalucia-el-pasado-mes-de-agosto-en-17-094-personas\/","title":{"rendered":"El paro creci\u00f3 en Andaluc\u00eda el pasado mes de agosto en 17.094 personas"},"content":{"rendered":"<p><img loading=\"lazy\" decoding=\"async\" class=\"alignleft size-medium wp-image-781858\" src=\"https:\/\/www.eldigitaldeasturias.com\/noticias\/wp-content\/uploads\/2015\/05\/paro-asturias-360x240.jpg\" alt=\"\" width=\"360\" height=\"240\" \/>El paro creci\u00f3 en Andaluc\u00eda el pasado mes de agosto en 17.094 personas (2,10%), con lo que la cifra de desempleados se sit\u00faa en 831.612. Se trata de un incremento estacional, debido a la finalizaci\u00f3n de las contrataciones ligadas a la temporada de verano, ya que el sector servicios concentr\u00f3 el 91% de los nuevos parados. En el conjunto de Espa\u00f1a, este incremento fue de 46.400 personas y un 1,39%.<\/p>\n<p>Con respecto a los \u00faltimos doce meses, la comunidad contin\u00faa con la tendencia positiva de descenso, de manera que ha reducido la cifra de desempleados en 71.057 personas (-7,87%), el segundo mayor descenso interanual registrado en toda la serie estad\u00edstica en un mes de agosto, y el mayor en el conjunto del pa\u00eds en t\u00e9rminos absolutos. En Espa\u00f1a, la ca\u00edda fue de 315.172 personas (-8,52%), de manera que Andaluc\u00eda aporta el 22,5% de la bajada registrada en el conjunto del pa\u00eds, pr\u00e1cticamente uno de cada cuatro parados menos.<\/p>\n<p>El incremento del desempleo en el pasado mes se debe al sector servicios, que registr\u00f3 15.545 parados (3,04%), aglutinando el 91% del alza mensual andaluza, motivado por la finalizaci\u00f3n de los contratos ligados a la temporada de verano. Tambi\u00e9n se registraron subidas, m\u00e1s leves, en la construcci\u00f3n (3.127 personas; 3,75%), la industria (1.288; 2,51%) y el colectivo sin empleo anterior (887; 0,93%). Por el contrario, se redujo de manera significativa en la agricultura (-3.753, -5,13%). Respecto al mes de agosto de 2016, el desempleo disminuy\u00f3 en todos los sectores, encabezados por la construcci\u00f3n (-15,19%), y seguido del colectivo sin empleo anterior (-11,27%), la industria (-10,15%), los servicios (-5,94%) y la agricultura (-5,59%).<\/p>\n<p>El paro creci\u00f3 el pasado mes un 2,49% entre los hombres y un 1,81% en las mujeres. Con respecto a los \u00faltimos doce meses, descendi\u00f3 un 11,63% en el colectivo masculino y un 4,83% en el femenino. Por grupos de edad, en el \u00faltimo mes creci\u00f3 el paro un 3,64% en los menores de 25 a\u00f1os, un 2,91% en el colectivo de entre 25 y 44 a\u00f1os y un 1,04% entre los mayores de 45. En el c\u00f3mputo interanual, descendi\u00f3 un 15,69% entre los menores de 25, un 10,01% en el grupo de entre 25 y 44 y el 3,95% en los mayores de 45.<\/p>\n<p>Datos provincializados<\/p>\n<p>Por provincias, el paro se increment\u00f3 el pasado mes de agosto un 3,28% en C\u00f3rdoba, seguida de Almer\u00eda (2,77%), Granada (2,58%), Sevilla (2,54%), M\u00e1laga (1,92%), Ja\u00e9n (1,57%), C\u00e1diz (1,16%) y Huelva (0,63%). En los \u00faltimos doce meses baj\u00f3 en todas las provincias: Ja\u00e9n (-8,84%), M\u00e1laga (-8,74%), C\u00e1diz (-8,56%), C\u00f3rdoba (-8,51%), Sevilla (-7,87%), Granada (-6,76%), Huelva (-6,57%) y Almer\u00eda (-5,21%).<\/p>\n<p>En comparaci\u00f3n con agosto de 2016, se firmaron 11.655 contratos m\u00e1s este a\u00f1o en Andaluc\u00eda, mientras que con respecto al pasado mes de julio, la contrataci\u00f3n disminuye un 14,46%. En cuanto a la afiliaci\u00f3n a la Seguridad Social, la comunidad registr\u00f3 en el mes de agosto un descenso de 20.366 cotizantes (-0,69%), con lo que la cifra total se sit\u00faa en 2.938.821 personas. En los \u00faltimos doce meses, el n\u00famero de afiliados creci\u00f3 en 108.389 personas (3,83%), siendo Andaluc\u00eda la segunda comunidad de Espa\u00f1a con mayor incremento.<\/p>\n<p>&nbsp;<\/p>\n","protected":false},"excerpt":{"rendered":"<p>El paro creci\u00f3 en Andaluc\u00eda el pasado mes de agosto en 17.094 personas (2,10%), con lo que la cifra de desempleados se sit\u00faa en 831.612. Se trata de un incremento estacional, debido a la finalizaci\u00f3n de las contrataciones ligadas a la temporada de verano, ya que el sector servicios concentr\u00f3 el 91% de los nuevos [&hellip;]<\/p>\n","protected":false},"author":1,"featured_media":781858,"comment_status":"closed","ping_status":"closed","sticky":false,"template":"","format":"standard","meta":{"footnotes":""},"categories":[1],"tags":[],"class_list":["post-951732","post","type-post","status-publish","format-standard","has-post-thumbnail","hentry","category-actualidad"],"aioseo_notices":[],"aioseo_head":"\n\t\t<!-- All in One SEO Pro 5.0.1 - aioseo.com -->\n\t<meta name=\"description\" content=\"El paro creci\u00f3 en Andaluc\u00eda el pasado mes de agosto en 17.094 personas (2,10%), con lo que la cifra de desempleados se sit\u00faa en 831.612. Se trata de un incremento estacional, debido a la finalizaci\u00f3n de las contrataciones ligadas a la temporada de verano, ya que el sector servicios concentr\u00f3 el 91% de los nuevos\" \/>\n\t<meta name=\"robots\" content=\"max-image-preview:large\" \/>\n\t<meta name=\"author\" content=\"El Digital de Asturias\"\/>\n\t<meta name=\"google-site-verification\" content=\"UA-38556648-1\" \/>\n\t<meta name=\"msvalidate.01\" content=\"7dfe9f3f1b24437ab69f4f2559babe99\" \/>\n\t<meta name=\"keywords\" content=\"actualidad\" \/>\n\t<link rel=\"canonical\" href=\"https:\/\/www.eldigitaldeasturias.com\/noticias\/el-paro-crecio-en-andalucia-el-pasado-mes-de-agosto-en-17-094-personas\/\" \/>\n\t<meta name=\"generator\" content=\"All in One SEO Pro (AIOSEO) 5.0.1\" \/>\n\t\t<meta property=\"og:locale\" content=\"es_ES\" \/>\n\t\t<meta property=\"og:site_name\" content=\"El Digital de Asturias\" \/>\n\t\t<meta property=\"og:type\" content=\"article\" \/>\n\t\t<meta property=\"og:title\" content=\"El paro creci\u00f3 en Andaluc\u00eda el pasado mes de agosto en 17.094 personas - El Digital de Asturias\" \/>\n\t\t<meta property=\"og:description\" content=\"El paro creci\u00f3 en Andaluc\u00eda el pasado mes de agosto en 17.094 personas (2,10%), con lo que la cifra de desempleados se sit\u00faa en 831.612. Se trata de un incremento estacional, debido a la finalizaci\u00f3n de las contrataciones ligadas a la temporada de verano, ya que el sector servicios concentr\u00f3 el 91% de los nuevos\" \/>\n\t\t<meta property=\"og:url\" content=\"https:\/\/www.eldigitaldeasturias.com\/noticias\/el-paro-crecio-en-andalucia-el-pasado-mes-de-agosto-en-17-094-personas\/\" \/>\n\t\t<meta property=\"article:tag\" content=\"actualidad\" \/>\n\t\t<meta property=\"article:published_time\" content=\"2017-09-04T20:59:09+00:00\" \/>\n\t\t<meta property=\"article:modified_time\" content=\"2017-09-04T20:59:09+00:00\" \/>\n\t\t<meta property=\"article:publisher\" content=\"https:\/\/facebook.com\/eldigitaldeasturias\" \/>\n\t\t<meta name=\"twitter:card\" content=\"summary_large_image\" \/>\n\t\t<meta name=\"twitter:title\" content=\"El paro creci\u00f3 en Andaluc\u00eda el pasado mes de agosto en 17.094 personas - El Digital de Asturias\" \/>\n\t\t<meta name=\"twitter:description\" content=\"El paro creci\u00f3 en Andaluc\u00eda el pasado mes de agosto en 17.094 personas (2,10%), con lo que la cifra de desempleados se sit\u00faa en 831.612. Se trata de un incremento estacional, debido a la finalizaci\u00f3n de las contrataciones ligadas a la temporada de verano, ya que el sector servicios concentr\u00f3 el 91% de los nuevos\" \/>\n\t\t<meta name=\"twitter:image\" content=\"https:\/\/www.eldigitaldeasturias.com\/noticias\/wp-content\/uploads\/2020\/12\/EDA-1.jpg\" \/>\n\t\t<meta name=\"twitter:label1\" content=\"Escrito por\" \/>\n\t\t<meta name=\"twitter:data1\" content=\"El Digital de Asturias\" \/>\n\t\t<meta name=\"twitter:label2\" content=\"Tiempo de lectura estimado\" \/>\n\t\t<meta name=\"twitter:data2\" content=\"3 minutos\" \/>\n\t\t<script type=\"application\/ld+json\" class=\"aioseo-schema\">\n\t\t\t{\"@context\":\"https:\\\/\\\/schema.org\",\"@graph\":[{\"@type\":\"BlogPosting\",\"@id\":\"https:\\\/\\\/www.eldigitaldeasturias.com\\\/noticias\\\/el-paro-crecio-en-andalucia-el-pasado-mes-de-agosto-en-17-094-personas\\\/#blogposting\",\"name\":\"El paro creci\\u00f3 en Andaluc\\u00eda el pasado mes de agosto en 17.094 personas - El Digital de Asturias\",\"headline\":\"El paro creci\\u00f3 en Andaluc\\u00eda el pasado mes de agosto en 17.094 personas\",\"author\":{\"@id\":\"https:\\\/\\\/www.eldigitaldeasturias.com\\\/noticias\\\/author\\\/admin\\\/#author\"},\"publisher\":{\"@id\":\"https:\\\/\\\/www.eldigitaldeasturias.com\\\/noticias\\\/#organization\"},\"image\":{\"@type\":\"ImageObject\",\"url\":781858},\"datePublished\":\"2017-09-04T20:59:09+02:00\",\"dateModified\":\"2017-09-04T20:59:09+02:00\",\"inLanguage\":\"es-ES\",\"mainEntityOfPage\":{\"@id\":\"https:\\\/\\\/www.eldigitaldeasturias.com\\\/noticias\\\/el-paro-crecio-en-andalucia-el-pasado-mes-de-agosto-en-17-094-personas\\\/#webpage\"},\"isPartOf\":{\"@id\":\"https:\\\/\\\/www.eldigitaldeasturias.com\\\/noticias\\\/el-paro-crecio-en-andalucia-el-pasado-mes-de-agosto-en-17-094-personas\\\/#webpage\"},\"articleSection\":\"Actualidad\"},{\"@type\":\"BreadcrumbList\",\"@id\":\"https:\\\/\\\/www.eldigitaldeasturias.com\\\/noticias\\\/el-paro-crecio-en-andalucia-el-pasado-mes-de-agosto-en-17-094-personas\\\/#breadcrumblist\",\"itemListElement\":[{\"@type\":\"ListItem\",\"@id\":\"https:\\\/\\\/www.eldigitaldeasturias.com\\\/noticias#listItem\",\"position\":1,\"name\":\"Home\",\"item\":\"https:\\\/\\\/www.eldigitaldeasturias.com\\\/noticias\",\"nextItem\":{\"@type\":\"ListItem\",\"@id\":\"https:\\\/\\\/www.eldigitaldeasturias.com\\\/noticias\\\/category\\\/actualidad\\\/#listItem\",\"name\":\"Actualidad\"}},{\"@type\":\"ListItem\",\"@id\":\"https:\\\/\\\/www.eldigitaldeasturias.com\\\/noticias\\\/category\\\/actualidad\\\/#listItem\",\"position\":2,\"name\":\"Actualidad\",\"item\":\"https:\\\/\\\/www.eldigitaldeasturias.com\\\/noticias\\\/category\\\/actualidad\\\/\",\"nextItem\":{\"@type\":\"ListItem\",\"@id\":\"https:\\\/\\\/www.eldigitaldeasturias.com\\\/noticias\\\/el-paro-crecio-en-andalucia-el-pasado-mes-de-agosto-en-17-094-personas\\\/#listItem\",\"name\":\"El paro creci\\u00f3 en Andaluc\\u00eda el pasado mes de agosto en 17.094 personas\"},\"previousItem\":{\"@type\":\"ListItem\",\"@id\":\"https:\\\/\\\/www.eldigitaldeasturias.com\\\/noticias#listItem\",\"name\":\"Home\"}},{\"@type\":\"ListItem\",\"@id\":\"https:\\\/\\\/www.eldigitaldeasturias.com\\\/noticias\\\/el-paro-crecio-en-andalucia-el-pasado-mes-de-agosto-en-17-094-personas\\\/#listItem\",\"position\":3,\"name\":\"El paro creci\\u00f3 en Andaluc\\u00eda el pasado mes de agosto en 17.094 personas\",\"previousItem\":{\"@type\":\"ListItem\",\"@id\":\"https:\\\/\\\/www.eldigitaldeasturias.com\\\/noticias\\\/category\\\/actualidad\\\/#listItem\",\"name\":\"Actualidad\"}}]},{\"@type\":\"Organization\",\"@id\":\"https:\\\/\\\/www.eldigitaldeasturias.com\\\/noticias\\\/#organization\",\"name\":\"El Digital de Asturias\",\"description\":\"Hemeroteca\",\"url\":\"https:\\\/\\\/www.eldigitaldeasturias.com\\\/noticias\\\/\",\"email\":\"info@eldigitaldeasturias.com\",\"telephone\":\"+34652131393\",\"logo\":{\"@type\":\"ImageObject\",\"url\":\"https:\\\/\\\/www.eldigitaldeasturias.com\\\/noticias\\\/wp-content\\\/uploads\\\/2020\\\/12\\\/EDA.jpg\",\"@id\":\"https:\\\/\\\/www.eldigitaldeasturias.com\\\/noticias\\\/el-paro-crecio-en-andalucia-el-pasado-mes-de-agosto-en-17-094-personas\\\/#organizationLogo\"},\"image\":{\"@id\":\"https:\\\/\\\/www.eldigitaldeasturias.com\\\/noticias\\\/el-paro-crecio-en-andalucia-el-pasado-mes-de-agosto-en-17-094-personas\\\/#organizationLogo\"},\"sameAs\":[\"https:\\\/\\\/facebook.com\\\/eldigitaldeasturias\",\"https:\\\/\\\/www.youtube.com\\\/channel\\\/UCZP-2wLEB9Rv6erhFmqVnvg\"],\"address\":{\"@id\":\"https:\\\/\\\/www.eldigitaldeasturias.com\\\/noticias\\\/#postaladdress\",\"@type\":\"PostalAddress\",\"streetAddress\":\"san antonio 4\",\"postalCode\":\"33430\",\"addressLocality\":\"Cand\\u00e1s\",\"addressRegion\":\"Asturias\",\"addressCountry\":\"ES\"}},{\"@type\":\"Person\",\"@id\":\"https:\\\/\\\/www.eldigitaldeasturias.com\\\/noticias\\\/author\\\/admin\\\/#author\",\"url\":\"https:\\\/\\\/www.eldigitaldeasturias.com\\\/noticias\\\/author\\\/admin\\\/\",\"name\":\"El Digital de Asturias\",\"image\":{\"@type\":\"ImageObject\",\"@id\":\"https:\\\/\\\/www.eldigitaldeasturias.com\\\/noticias\\\/el-paro-crecio-en-andalucia-el-pasado-mes-de-agosto-en-17-094-personas\\\/#authorImage\",\"url\":\"https:\\\/\\\/secure.gravatar.com\\\/avatar\\\/df2aeffc32bcd13f8d26072ef8a91b623d677766deac7f97ca815868cd41bf5e?s=96&d=mm&r=g\",\"width\":96,\"height\":96,\"caption\":\"El Digital de Asturias\"}},{\"@type\":\"WebPage\",\"@id\":\"https:\\\/\\\/www.eldigitaldeasturias.com\\\/noticias\\\/el-paro-crecio-en-andalucia-el-pasado-mes-de-agosto-en-17-094-personas\\\/#webpage\",\"url\":\"https:\\\/\\\/www.eldigitaldeasturias.com\\\/noticias\\\/el-paro-crecio-en-andalucia-el-pasado-mes-de-agosto-en-17-094-personas\\\/\",\"name\":\"El paro creci\\u00f3 en Andaluc\\u00eda el pasado mes de agosto en 17.094 personas - El Digital de Asturias\",\"description\":\"El paro creci\\u00f3 en Andaluc\\u00eda el pasado mes de agosto en 17.094 personas (2,10%), con lo que la cifra de desempleados se sit\\u00faa en 831.612. Se trata de un incremento estacional, debido a la finalizaci\\u00f3n de las contrataciones ligadas a la temporada de verano, ya que el sector servicios concentr\\u00f3 el 91% de los nuevos\",\"inLanguage\":\"es-ES\",\"isPartOf\":{\"@id\":\"https:\\\/\\\/www.eldigitaldeasturias.com\\\/noticias\\\/#website\"},\"breadcrumb\":{\"@id\":\"https:\\\/\\\/www.eldigitaldeasturias.com\\\/noticias\\\/el-paro-crecio-en-andalucia-el-pasado-mes-de-agosto-en-17-094-personas\\\/#breadcrumblist\"},\"author\":{\"@id\":\"https:\\\/\\\/www.eldigitaldeasturias.com\\\/noticias\\\/author\\\/admin\\\/#author\"},\"creator\":{\"@id\":\"https:\\\/\\\/www.eldigitaldeasturias.com\\\/noticias\\\/author\\\/admin\\\/#author\"},\"image\":{\"@type\":\"ImageObject\",\"url\":781858,\"@id\":\"https:\\\/\\\/www.eldigitaldeasturias.com\\\/noticias\\\/el-paro-crecio-en-andalucia-el-pasado-mes-de-agosto-en-17-094-personas\\\/#mainImage\"},\"primaryImageOfPage\":{\"@id\":\"https:\\\/\\\/www.eldigitaldeasturias.com\\\/noticias\\\/el-paro-crecio-en-andalucia-el-pasado-mes-de-agosto-en-17-094-personas\\\/#mainImage\"},\"datePublished\":\"2017-09-04T20:59:09+02:00\",\"dateModified\":\"2017-09-04T20:59:09+02:00\"},{\"@type\":\"WebSite\",\"@id\":\"https:\\\/\\\/www.eldigitaldeasturias.com\\\/noticias\\\/#website\",\"url\":\"https:\\\/\\\/www.eldigitaldeasturias.com\\\/noticias\\\/\",\"name\":\"El Digital de Asturias - Diario de actualidad y noticias\",\"alternateName\":\"El Digital de Asturias - Diario de actualidad y noticias\",\"description\":\"Hemeroteca\",\"inLanguage\":\"es-ES\",\"publisher\":{\"@id\":\"https:\\\/\\\/www.eldigitaldeasturias.com\\\/noticias\\\/#organization\"}}]}\n\t\t<\/script>\n\t\t<!-- All in One SEO Pro -->\r\n\t\t<title>El paro creci\u00f3 en Andaluc\u00eda el pasado mes de agosto en 17.094 personas - El Digital de Asturias<\/title>\n\n","aioseo_head_json":{"title":"El paro creci\u00f3 en Andaluc\u00eda el pasado mes de agosto en 17.094 personas - El Digital de Asturias","description":"El paro creci\u00f3 en Andaluc\u00eda el pasado mes de agosto en 17.094 personas (2,10%), con lo que la cifra de desempleados se sit\u00faa en 831.612. Se trata de un incremento estacional, debido a la finalizaci\u00f3n de las contrataciones ligadas a la temporada de verano, ya que el sector servicios concentr\u00f3 el 91% de los nuevos","canonical_url":"https:\/\/www.eldigitaldeasturias.com\/noticias\/el-paro-crecio-en-andalucia-el-pasado-mes-de-agosto-en-17-094-personas\/","robots":"max-image-preview:large","keywords":"actualidad","webmasterTools":{"google-site-verification":"UA-38556648-1","msvalidate.01":"7dfe9f3f1b24437ab69f4f2559babe99","miscellaneous":""},"schema":{"@context":"https:\/\/schema.org","@graph":[{"@type":"BlogPosting","@id":"https:\/\/www.eldigitaldeasturias.com\/noticias\/el-paro-crecio-en-andalucia-el-pasado-mes-de-agosto-en-17-094-personas\/#blogposting","name":"El paro creci\u00f3 en Andaluc\u00eda el pasado mes de agosto en 17.094 personas - El Digital de Asturias","headline":"El paro creci\u00f3 en Andaluc\u00eda el pasado mes de agosto en 17.094 personas","author":{"@id":"https:\/\/www.eldigitaldeasturias.com\/noticias\/author\/admin\/#author"},"publisher":{"@id":"https:\/\/www.eldigitaldeasturias.com\/noticias\/#organization"},"image":{"@type":"ImageObject","url":781858},"datePublished":"2017-09-04T20:59:09+02:00","dateModified":"2017-09-04T20:59:09+02:00","inLanguage":"es-ES","mainEntityOfPage":{"@id":"https:\/\/www.eldigitaldeasturias.com\/noticias\/el-paro-crecio-en-andalucia-el-pasado-mes-de-agosto-en-17-094-personas\/#webpage"},"isPartOf":{"@id":"https:\/\/www.eldigitaldeasturias.com\/noticias\/el-paro-crecio-en-andalucia-el-pasado-mes-de-agosto-en-17-094-personas\/#webpage"},"articleSection":"Actualidad"},{"@type":"BreadcrumbList","@id":"https:\/\/www.eldigitaldeasturias.com\/noticias\/el-paro-crecio-en-andalucia-el-pasado-mes-de-agosto-en-17-094-personas\/#breadcrumblist","itemListElement":[{"@type":"ListItem","@id":"https:\/\/www.eldigitaldeasturias.com\/noticias#listItem","position":1,"name":"Home","item":"https:\/\/www.eldigitaldeasturias.com\/noticias","nextItem":{"@type":"ListItem","@id":"https:\/\/www.eldigitaldeasturias.com\/noticias\/category\/actualidad\/#listItem","name":"Actualidad"}},{"@type":"ListItem","@id":"https:\/\/www.eldigitaldeasturias.com\/noticias\/category\/actualidad\/#listItem","position":2,"name":"Actualidad","item":"https:\/\/www.eldigitaldeasturias.com\/noticias\/category\/actualidad\/","nextItem":{"@type":"ListItem","@id":"https:\/\/www.eldigitaldeasturias.com\/noticias\/el-paro-crecio-en-andalucia-el-pasado-mes-de-agosto-en-17-094-personas\/#listItem","name":"El paro creci\u00f3 en Andaluc\u00eda el pasado mes de agosto en 17.094 personas"},"previousItem":{"@type":"ListItem","@id":"https:\/\/www.eldigitaldeasturias.com\/noticias#listItem","name":"Home"}},{"@type":"ListItem","@id":"https:\/\/www.eldigitaldeasturias.com\/noticias\/el-paro-crecio-en-andalucia-el-pasado-mes-de-agosto-en-17-094-personas\/#listItem","position":3,"name":"El paro creci\u00f3 en Andaluc\u00eda el pasado mes de agosto en 17.094 personas","previousItem":{"@type":"ListItem","@id":"https:\/\/www.eldigitaldeasturias.com\/noticias\/category\/actualidad\/#listItem","name":"Actualidad"}}]},{"@type":"Organization","@id":"https:\/\/www.eldigitaldeasturias.com\/noticias\/#organization","name":"El Digital de Asturias","description":"Hemeroteca","url":"https:\/\/www.eldigitaldeasturias.com\/noticias\/","email":"info@eldigitaldeasturias.com","telephone":"+34652131393","logo":{"@type":"ImageObject","url":"https:\/\/www.eldigitaldeasturias.com\/noticias\/wp-content\/uploads\/2020\/12\/EDA.jpg","@id":"https:\/\/www.eldigitaldeasturias.com\/noticias\/el-paro-crecio-en-andalucia-el-pasado-mes-de-agosto-en-17-094-personas\/#organizationLogo"},"image":{"@id":"https:\/\/www.eldigitaldeasturias.com\/noticias\/el-paro-crecio-en-andalucia-el-pasado-mes-de-agosto-en-17-094-personas\/#organizationLogo"},"sameAs":["https:\/\/facebook.com\/eldigitaldeasturias","https:\/\/www.youtube.com\/channel\/UCZP-2wLEB9Rv6erhFmqVnvg"],"address":{"@id":"https:\/\/www.eldigitaldeasturias.com\/noticias\/#postaladdress","@type":"PostalAddress","streetAddress":"san antonio 4","postalCode":"33430","addressLocality":"Cand\u00e1s","addressRegion":"Asturias","addressCountry":"ES"}},{"@type":"Person","@id":"https:\/\/www.eldigitaldeasturias.com\/noticias\/author\/admin\/#author","url":"https:\/\/www.eldigitaldeasturias.com\/noticias\/author\/admin\/","name":"El Digital de Asturias","image":{"@type":"ImageObject","@id":"https:\/\/www.eldigitaldeasturias.com\/noticias\/el-paro-crecio-en-andalucia-el-pasado-mes-de-agosto-en-17-094-personas\/#authorImage","url":"https:\/\/secure.gravatar.com\/avatar\/df2aeffc32bcd13f8d26072ef8a91b623d677766deac7f97ca815868cd41bf5e?s=96&d=mm&r=g","width":96,"height":96,"caption":"El Digital de Asturias"}},{"@type":"WebPage","@id":"https:\/\/www.eldigitaldeasturias.com\/noticias\/el-paro-crecio-en-andalucia-el-pasado-mes-de-agosto-en-17-094-personas\/#webpage","url":"https:\/\/www.eldigitaldeasturias.com\/noticias\/el-paro-crecio-en-andalucia-el-pasado-mes-de-agosto-en-17-094-personas\/","name":"El paro creci\u00f3 en Andaluc\u00eda el pasado mes de agosto en 17.094 personas - El Digital de Asturias","description":"El paro creci\u00f3 en Andaluc\u00eda el pasado mes de agosto en 17.094 personas (2,10%), con lo que la cifra de desempleados se sit\u00faa en 831.612. Se trata de un incremento estacional, debido a la finalizaci\u00f3n de las contrataciones ligadas a la temporada de verano, ya que el sector servicios concentr\u00f3 el 91% de los nuevos","inLanguage":"es-ES","isPartOf":{"@id":"https:\/\/www.eldigitaldeasturias.com\/noticias\/#website"},"breadcrumb":{"@id":"https:\/\/www.eldigitaldeasturias.com\/noticias\/el-paro-crecio-en-andalucia-el-pasado-mes-de-agosto-en-17-094-personas\/#breadcrumblist"},"author":{"@id":"https:\/\/www.eldigitaldeasturias.com\/noticias\/author\/admin\/#author"},"creator":{"@id":"https:\/\/www.eldigitaldeasturias.com\/noticias\/author\/admin\/#author"},"image":{"@type":"ImageObject","url":781858,"@id":"https:\/\/www.eldigitaldeasturias.com\/noticias\/el-paro-crecio-en-andalucia-el-pasado-mes-de-agosto-en-17-094-personas\/#mainImage"},"primaryImageOfPage":{"@id":"https:\/\/www.eldigitaldeasturias.com\/noticias\/el-paro-crecio-en-andalucia-el-pasado-mes-de-agosto-en-17-094-personas\/#mainImage"},"datePublished":"2017-09-04T20:59:09+02:00","dateModified":"2017-09-04T20:59:09+02:00"},{"@type":"WebSite","@id":"https:\/\/www.eldigitaldeasturias.com\/noticias\/#website","url":"https:\/\/www.eldigitaldeasturias.com\/noticias\/","name":"El Digital de Asturias - Diario de actualidad y noticias","alternateName":"El Digital de Asturias - Diario de actualidad y noticias","description":"Hemeroteca","inLanguage":"es-ES","publisher":{"@id":"https:\/\/www.eldigitaldeasturias.com\/noticias\/#organization"}}]},"og:locale":"es_ES","og:site_name":"El Digital de Asturias","og:type":"article","og:title":"El paro creci\u00f3 en Andaluc\u00eda el pasado mes de agosto en 17.094 personas - El Digital de Asturias","og:description":"El paro creci\u00f3 en Andaluc\u00eda el pasado mes de agosto en 17.094 personas (2,10%), con lo que la cifra de desempleados se sit\u00faa en 831.612. Se trata de un incremento estacional, debido a la finalizaci\u00f3n de las contrataciones ligadas a la temporada de verano, ya que el sector servicios concentr\u00f3 el 91% de los nuevos","og:url":"https:\/\/www.eldigitaldeasturias.com\/noticias\/el-paro-crecio-en-andalucia-el-pasado-mes-de-agosto-en-17-094-personas\/","article:tag":["actualidad"],"article:published_time":"2017-09-04T20:59:09+00:00","article:modified_time":"2017-09-04T20:59:09+00:00","article:publisher":"https:\/\/facebook.com\/eldigitaldeasturias","twitter:card":"summary_large_image","twitter:title":"El paro creci\u00f3 en Andaluc\u00eda el pasado mes de agosto en 17.094 personas - El Digital de Asturias","twitter:description":"El paro creci\u00f3 en Andaluc\u00eda el pasado mes de agosto en 17.094 personas (2,10%), con lo que la cifra de desempleados se sit\u00faa en 831.612. Se trata de un incremento estacional, debido a la finalizaci\u00f3n de las contrataciones ligadas a la temporada de verano, ya que el sector servicios concentr\u00f3 el 91% de los nuevos","twitter:image":"https:\/\/www.eldigitaldeasturias.com\/noticias\/wp-content\/uploads\/2020\/12\/EDA-1.jpg","twitter:label1":"Escrito por","twitter:data1":"El Digital de Asturias","twitter:label2":"Tiempo de lectura estimado","twitter:data2":"3 minutos"},"aioseo_meta_data":{"post_id":"951732","title":null,"description":null,"keywords":null,"keyphrases":null,"primary_term":null,"canonical_url":null,"og_title":null,"og_description":null,"og_object_type":"default","og_image_type":"default","og_image_url":null,"og_image_width":null,"og_image_height":null,"og_image_custom_url":null,"og_image_custom_fields":null,"og_video":null,"og_custom_url":null,"og_article_section":null,"og_article_tags":null,"twitter_use_og":false,"twitter_card":"default","twitter_image_type":"default","twitter_image_url":null,"twitter_image_custom_url":null,"twitter_image_custom_fields":null,"twitter_title":null,"twitter_description":null,"schema":{"blockGraphs":[],"customGraphs":[],"default":{"data":{"Article":[],"Course":[],"Dataset":[],"FAQPage":[],"Movie":[],"Person":[],"Product":[],"ProductReview":[],"Car":[],"Recipe":[],"Service":[],"SoftwareApplication":[],"WebPage":[]},"graphName":"","isEnabled":true},"graphs":[],"defaultGraph":"","defaultPostTypeGraph":""},"schema_type":null,"schema_type_options":null,"pillar_content":false,"robots_default":true,"robots_noindex":false,"robots_noarchive":false,"robots_nosnippet":false,"robots_nofollow":false,"robots_noimageindex":false,"robots_noodp":false,"robots_notranslate":false,"robots_max_snippet":null,"robots_max_videopreview":null,"robots_max_imagepreview":"large","priority":null,"frequency":null,"local_seo":null,"seo_analyzer_scan_date":"2025-12-05 20:19:10","breadcrumb_settings":null,"limit_modified_date":false,"open_ai":null,"ai":null,"created":"2020-12-21 12:58:03","updated":"2025-12-05 20:19:10","focus_keyword":null,"additional_keywords":null,"truseo_locale":null},"aioseo_breadcrumb":"<div class=\"aioseo-breadcrumbs\"><span class=\"aioseo-breadcrumb\">\n\t<a href=\"https:\/\/www.eldigitaldeasturias.com\/noticias\" title=\"Home\">Home<\/a>\n<\/span><span class=\"aioseo-breadcrumb-separator\">\u2013<\/span><span class=\"aioseo-breadcrumb\">\n\t<a href=\"https:\/\/www.eldigitaldeasturias.com\/noticias\/category\/actualidad\/\" title=\"Actualidad\">Actualidad<\/a>\n<\/span><span class=\"aioseo-breadcrumb-separator\">\u2013<\/span><span class=\"aioseo-breadcrumb\">\n\t<a href=\"https:\/\/www.eldigitaldeasturias.com\/noticias\/el-paro-crecio-en-andalucia-el-pasado-mes-de-agosto-en-17-094-personas\/\" title=\"El paro creci\u00f3 en Andaluc\u00eda el pasado mes de agosto en 17.094 personas\">El paro creci\u00f3 en Andaluc\u00eda el pasado mes de agosto en 17.094 personas<\/a>\n<\/span><\/div>","aioseo_breadcrumb_json":[{"label":"Home","link":"https:\/\/www.eldigitaldeasturias.com\/noticias"},{"label":"Actualidad","link":"https:\/\/www.eldigitaldeasturias.com\/noticias\/category\/actualidad\/"},{"label":"El paro creci\u00f3 en Andaluc\u00eda el pasado mes de agosto en 17.094 personas","link":"https:\/\/www.eldigitaldeasturias.com\/noticias\/el-paro-crecio-en-andalucia-el-pasado-mes-de-agosto-en-17-094-personas\/"}],"_links":{"self":[{"href":"https:\/\/www.eldigitaldeasturias.com\/noticias\/wp-json\/wp\/v2\/posts\/951732","targetHints":{"allow":["GET"]}}],"collection":[{"href":"https:\/\/www.eldigitaldeasturias.com\/noticias\/wp-json\/wp\/v2\/posts"}],"about":[{"href":"https:\/\/www.eldigitaldeasturias.com\/noticias\/wp-json\/wp\/v2\/types\/post"}],"author":[{"embeddable":true,"href":"https:\/\/www.eldigitaldeasturias.com\/noticias\/wp-json\/wp\/v2\/users\/1"}],"replies":[{"embeddable":true,"href":"https:\/\/www.eldigitaldeasturias.com\/noticias\/wp-json\/wp\/v2\/comments?post=951732"}],"version-history":[{"count":0,"href":"https:\/\/www.eldigitaldeasturias.com\/noticias\/wp-json\/wp\/v2\/posts\/951732\/revisions"}],"wp:attachment":[{"href":"https:\/\/www.eldigitaldeasturias.com\/noticias\/wp-json\/wp\/v2\/media?parent=951732"}],"wp:term":[{"taxonomy":"category","embeddable":true,"href":"https:\/\/www.eldigitaldeasturias.com\/noticias\/wp-json\/wp\/v2\/categories?post=951732"},{"taxonomy":"post_tag","embeddable":true,"href":"https:\/\/www.eldigitaldeasturias.com\/noticias\/wp-json\/wp\/v2\/tags?post=951732"}],"curies":[{"name":"wp","href":"https:\/\/api.w.org\/{rel}","templated":true}]}}