{"id":951657,"date":"2017-09-03T18:32:44","date_gmt":"2017-09-03T18:32:44","guid":{"rendered":"http:\/\/www.eldigitaldeasturias.com\/noticias\/?p=951657"},"modified":"2017-09-03T18:32:44","modified_gmt":"2017-09-03T18:32:44","slug":"aursen-lanza-el-adaptador-de-energia-de-apple","status":"publish","type":"post","link":"https:\/\/www.eldigitaldeasturias.com\/noticias\/aursen-lanza-el-adaptador-de-energia-de-apple\/","title":{"rendered":"Aursen lanza el adaptador de energ\u00eda de Apple"},"content":{"rendered":"<p><img loading=\"lazy\" decoding=\"async\" class=\"alignleft size-medium wp-image-951658\" src=\"https:\/\/www.eldigitaldeasturias.com\/noticias\/wp-content\/uploads\/2017\/09\/1504187640_aursen-360x180.jpg\" alt=\"\" width=\"360\" height=\"180\" \/>El principal proveedor mundial de electr\u00f3nica Aursen ha lanzado recientemente su \u00faltimo producto, el adaptador 45W AC del Apple Magsafe 1. El adaptador fue desarrollado para ofrecer tecnolog\u00eda de carga r\u00e1pida para aquellos productos de Apple \/ Mac lanzados antes de junio de 2012 (antes del 11 pulgadas y 13 pulgadas Air Series Apple Notebook).<\/p>\n<p>El adaptador fue construido de acuerdo con los est\u00e1ndares de calidad de marca de Apple, utilizando un n\u00facleo de calidad AC actualizado dejando a los compradores con una carga sin chispa, sin zumbido, que fue dise\u00f1ado para proporcionar sobrecarga y protecciones de sobrecalentamiento. El adaptador es perfecto para las soluciones de carga on-the-go, lo que permite a los viajeros de negocios, FreeLancer, escritores y otros a llevar sus computadoras port\u00e1tiles al aire libre y en el camino.<\/p>\n<p>\u00abSiempre estamos tratando de desarrollar nuestro cat\u00e1logo para encajar no s\u00f3lo la tecnolog\u00eda actual, sino los que todav\u00eda est\u00e1n en uso y no necesariamente nuevo\u00bb, dice Jesse Jin. \u00abEste \u00faltimo adaptador es perfecto para las port\u00e1tiles que todav\u00eda est\u00e1n en uso y en condiciones de trabajo. Permitir\u00e1 que la gente saque su Apple y lo utilice a trav\u00e9s de una variedad de enchufes. Hemos probado este producto y es resistente a la sobre-audici\u00f3n, un problema con muchos adaptadores, y es un equipo duradero y robusto. Esperamos continuar proporcionando tecnolog\u00eda que facilite la vida a la gente y llene un vac\u00edo\u00bb.<\/p>\n<p>El adaptador fue hecho para tener una temperatura de funcionamiento muy baja, que garantiza una vida m\u00e1s larga del modelo. Es una empresa y un producto ligero que ocupa muy poco espacio para maletas o bolsas, lo que lo convierte en un perfecto adaptador port\u00e1til. Como otros productos Aursen, el adaptador de energ\u00eda 45W AC del Apple Magsafe 1 \u2013 con cabeza rectangular en L. El adaptador tiene una garant\u00eda limitada de un a\u00f1o. La compa\u00f1\u00eda asegura que el dispositivo ha sido certificado CE, RoHS y FCC.<\/p>\n<p>Para m\u00e1s informaci\u00f3n, visitar: <span style=\"color: #ff0000;\"><strong>www.aursen.com<\/strong><\/span><\/p>\n","protected":false},"excerpt":{"rendered":"<p>El principal proveedor mundial de electr\u00f3nica Aursen ha lanzado recientemente su \u00faltimo producto, el adaptador 45W AC del Apple Magsafe 1. El adaptador fue desarrollado para ofrecer tecnolog\u00eda de carga r\u00e1pida para aquellos productos de Apple \/ Mac lanzados antes de junio de 2012 (antes del 11 pulgadas y 13 pulgadas Air Series Apple Notebook). [&hellip;]<\/p>\n","protected":false},"author":1,"featured_media":951658,"comment_status":"closed","ping_status":"closed","sticky":false,"template":"","format":"standard","meta":{"footnotes":""},"categories":[1],"tags":[],"class_list":["post-951657","post","type-post","status-publish","format-standard","has-post-thumbnail","hentry","category-actualidad"],"aioseo_notices":[],"aioseo_head":"\n\t\t<!-- All in One SEO Pro 5.0.1 - aioseo.com -->\n\t<meta name=\"description\" content=\"El principal proveedor mundial de electr\u00f3nica Aursen ha lanzado recientemente su \u00faltimo producto, el adaptador 45W AC del Apple Magsafe 1. El adaptador fue desarrollado para ofrecer tecnolog\u00eda de carga r\u00e1pida para aquellos productos de Apple \/ Mac lanzados antes de junio de 2012 (antes del 11 pulgadas y 13 pulgadas Air Series Apple Notebook).\" \/>\n\t<meta name=\"robots\" content=\"max-image-preview:large\" \/>\n\t<meta name=\"author\" content=\"El Digital de Asturias\"\/>\n\t<meta name=\"google-site-verification\" content=\"UA-38556648-1\" \/>\n\t<meta name=\"msvalidate.01\" content=\"7dfe9f3f1b24437ab69f4f2559babe99\" \/>\n\t<meta name=\"keywords\" content=\"actualidad\" \/>\n\t<link rel=\"canonical\" href=\"https:\/\/www.eldigitaldeasturias.com\/noticias\/aursen-lanza-el-adaptador-de-energia-de-apple\/\" \/>\n\t<meta name=\"generator\" content=\"All in One SEO Pro (AIOSEO) 5.0.1\" \/>\n\t\t<meta property=\"og:locale\" content=\"es_ES\" \/>\n\t\t<meta property=\"og:site_name\" content=\"El Digital de Asturias\" \/>\n\t\t<meta property=\"og:type\" content=\"article\" \/>\n\t\t<meta property=\"og:title\" content=\"Aursen lanza el adaptador de energ\u00eda de Apple - El Digital de Asturias\" \/>\n\t\t<meta property=\"og:description\" content=\"El principal proveedor mundial de electr\u00f3nica Aursen ha lanzado recientemente su \u00faltimo producto, el adaptador 45W AC del Apple Magsafe 1. El adaptador fue desarrollado para ofrecer tecnolog\u00eda de carga r\u00e1pida para aquellos productos de Apple \/ Mac lanzados antes de junio de 2012 (antes del 11 pulgadas y 13 pulgadas Air Series Apple Notebook).\" \/>\n\t\t<meta property=\"og:url\" content=\"https:\/\/www.eldigitaldeasturias.com\/noticias\/aursen-lanza-el-adaptador-de-energia-de-apple\/\" \/>\n\t\t<meta property=\"article:tag\" content=\"actualidad\" \/>\n\t\t<meta property=\"article:published_time\" content=\"2017-09-03T18:32:44+00:00\" \/>\n\t\t<meta property=\"article:modified_time\" content=\"2017-09-03T18:32:44+00:00\" \/>\n\t\t<meta property=\"article:publisher\" content=\"https:\/\/facebook.com\/eldigitaldeasturias\" \/>\n\t\t<meta name=\"twitter:card\" content=\"summary_large_image\" \/>\n\t\t<meta name=\"twitter:title\" content=\"Aursen lanza el adaptador de energ\u00eda de Apple - El Digital de Asturias\" \/>\n\t\t<meta name=\"twitter:description\" content=\"El principal proveedor mundial de electr\u00f3nica Aursen ha lanzado recientemente su \u00faltimo producto, el adaptador 45W AC del Apple Magsafe 1. El adaptador fue desarrollado para ofrecer tecnolog\u00eda de carga r\u00e1pida para aquellos productos de Apple \/ Mac lanzados antes de junio de 2012 (antes del 11 pulgadas y 13 pulgadas Air Series Apple Notebook).\" \/>\n\t\t<meta name=\"twitter:image\" content=\"https:\/\/www.eldigitaldeasturias.com\/noticias\/wp-content\/uploads\/2020\/12\/EDA-1.jpg\" \/>\n\t\t<meta name=\"twitter:label1\" content=\"Escrito por\" \/>\n\t\t<meta name=\"twitter:data1\" content=\"El Digital de Asturias\" \/>\n\t\t<meta name=\"twitter:label2\" content=\"Tiempo de lectura estimado\" \/>\n\t\t<meta name=\"twitter:data2\" content=\"2 minutos\" \/>\n\t\t<script type=\"application\/ld+json\" class=\"aioseo-schema\">\n\t\t\t{\"@context\":\"https:\\\/\\\/schema.org\",\"@graph\":[{\"@type\":\"BlogPosting\",\"@id\":\"https:\\\/\\\/www.eldigitaldeasturias.com\\\/noticias\\\/aursen-lanza-el-adaptador-de-energia-de-apple\\\/#blogposting\",\"name\":\"Aursen lanza el adaptador de energ\\u00eda de Apple - El Digital de Asturias\",\"headline\":\"Aursen lanza el adaptador de energ\\u00eda de Apple\",\"author\":{\"@id\":\"https:\\\/\\\/www.eldigitaldeasturias.com\\\/noticias\\\/author\\\/admin\\\/#author\"},\"publisher\":{\"@id\":\"https:\\\/\\\/www.eldigitaldeasturias.com\\\/noticias\\\/#organization\"},\"image\":{\"@type\":\"ImageObject\",\"url\":951658},\"datePublished\":\"2017-09-03T18:32:44+02:00\",\"dateModified\":\"2017-09-03T18:32:44+02:00\",\"inLanguage\":\"es-ES\",\"mainEntityOfPage\":{\"@id\":\"https:\\\/\\\/www.eldigitaldeasturias.com\\\/noticias\\\/aursen-lanza-el-adaptador-de-energia-de-apple\\\/#webpage\"},\"isPartOf\":{\"@id\":\"https:\\\/\\\/www.eldigitaldeasturias.com\\\/noticias\\\/aursen-lanza-el-adaptador-de-energia-de-apple\\\/#webpage\"},\"articleSection\":\"Actualidad\"},{\"@type\":\"BreadcrumbList\",\"@id\":\"https:\\\/\\\/www.eldigitaldeasturias.com\\\/noticias\\\/aursen-lanza-el-adaptador-de-energia-de-apple\\\/#breadcrumblist\",\"itemListElement\":[{\"@type\":\"ListItem\",\"@id\":\"https:\\\/\\\/www.eldigitaldeasturias.com\\\/noticias#listItem\",\"position\":1,\"name\":\"Home\",\"item\":\"https:\\\/\\\/www.eldigitaldeasturias.com\\\/noticias\",\"nextItem\":{\"@type\":\"ListItem\",\"@id\":\"https:\\\/\\\/www.eldigitaldeasturias.com\\\/noticias\\\/category\\\/actualidad\\\/#listItem\",\"name\":\"Actualidad\"}},{\"@type\":\"ListItem\",\"@id\":\"https:\\\/\\\/www.eldigitaldeasturias.com\\\/noticias\\\/category\\\/actualidad\\\/#listItem\",\"position\":2,\"name\":\"Actualidad\",\"item\":\"https:\\\/\\\/www.eldigitaldeasturias.com\\\/noticias\\\/category\\\/actualidad\\\/\",\"nextItem\":{\"@type\":\"ListItem\",\"@id\":\"https:\\\/\\\/www.eldigitaldeasturias.com\\\/noticias\\\/aursen-lanza-el-adaptador-de-energia-de-apple\\\/#listItem\",\"name\":\"Aursen lanza el adaptador de energ\\u00eda de Apple\"},\"previousItem\":{\"@type\":\"ListItem\",\"@id\":\"https:\\\/\\\/www.eldigitaldeasturias.com\\\/noticias#listItem\",\"name\":\"Home\"}},{\"@type\":\"ListItem\",\"@id\":\"https:\\\/\\\/www.eldigitaldeasturias.com\\\/noticias\\\/aursen-lanza-el-adaptador-de-energia-de-apple\\\/#listItem\",\"position\":3,\"name\":\"Aursen lanza el adaptador de energ\\u00eda de Apple\",\"previousItem\":{\"@type\":\"ListItem\",\"@id\":\"https:\\\/\\\/www.eldigitaldeasturias.com\\\/noticias\\\/category\\\/actualidad\\\/#listItem\",\"name\":\"Actualidad\"}}]},{\"@type\":\"Organization\",\"@id\":\"https:\\\/\\\/www.eldigitaldeasturias.com\\\/noticias\\\/#organization\",\"name\":\"El Digital de Asturias\",\"description\":\"Hemeroteca\",\"url\":\"https:\\\/\\\/www.eldigitaldeasturias.com\\\/noticias\\\/\",\"email\":\"info@eldigitaldeasturias.com\",\"telephone\":\"+34652131393\",\"logo\":{\"@type\":\"ImageObject\",\"url\":\"https:\\\/\\\/www.eldigitaldeasturias.com\\\/noticias\\\/wp-content\\\/uploads\\\/2020\\\/12\\\/EDA.jpg\",\"@id\":\"https:\\\/\\\/www.eldigitaldeasturias.com\\\/noticias\\\/aursen-lanza-el-adaptador-de-energia-de-apple\\\/#organizationLogo\"},\"image\":{\"@id\":\"https:\\\/\\\/www.eldigitaldeasturias.com\\\/noticias\\\/aursen-lanza-el-adaptador-de-energia-de-apple\\\/#organizationLogo\"},\"sameAs\":[\"https:\\\/\\\/facebook.com\\\/eldigitaldeasturias\",\"https:\\\/\\\/www.youtube.com\\\/channel\\\/UCZP-2wLEB9Rv6erhFmqVnvg\"],\"address\":{\"@id\":\"https:\\\/\\\/www.eldigitaldeasturias.com\\\/noticias\\\/#postaladdress\",\"@type\":\"PostalAddress\",\"streetAddress\":\"san antonio 4\",\"postalCode\":\"33430\",\"addressLocality\":\"Cand\\u00e1s\",\"addressRegion\":\"Asturias\",\"addressCountry\":\"ES\"}},{\"@type\":\"Person\",\"@id\":\"https:\\\/\\\/www.eldigitaldeasturias.com\\\/noticias\\\/author\\\/admin\\\/#author\",\"url\":\"https:\\\/\\\/www.eldigitaldeasturias.com\\\/noticias\\\/author\\\/admin\\\/\",\"name\":\"El Digital de Asturias\",\"image\":{\"@type\":\"ImageObject\",\"@id\":\"https:\\\/\\\/www.eldigitaldeasturias.com\\\/noticias\\\/aursen-lanza-el-adaptador-de-energia-de-apple\\\/#authorImage\",\"url\":\"https:\\\/\\\/secure.gravatar.com\\\/avatar\\\/df2aeffc32bcd13f8d26072ef8a91b623d677766deac7f97ca815868cd41bf5e?s=96&d=mm&r=g\",\"width\":96,\"height\":96,\"caption\":\"El Digital de Asturias\"}},{\"@type\":\"WebPage\",\"@id\":\"https:\\\/\\\/www.eldigitaldeasturias.com\\\/noticias\\\/aursen-lanza-el-adaptador-de-energia-de-apple\\\/#webpage\",\"url\":\"https:\\\/\\\/www.eldigitaldeasturias.com\\\/noticias\\\/aursen-lanza-el-adaptador-de-energia-de-apple\\\/\",\"name\":\"Aursen lanza el adaptador de energ\\u00eda de Apple - El Digital de Asturias\",\"description\":\"El principal proveedor mundial de electr\\u00f3nica Aursen ha lanzado recientemente su \\u00faltimo producto, el adaptador 45W AC del Apple Magsafe 1. El adaptador fue desarrollado para ofrecer tecnolog\\u00eda de carga r\\u00e1pida para aquellos productos de Apple \\\/ Mac lanzados antes de junio de 2012 (antes del 11 pulgadas y 13 pulgadas Air Series Apple Notebook).\",\"inLanguage\":\"es-ES\",\"isPartOf\":{\"@id\":\"https:\\\/\\\/www.eldigitaldeasturias.com\\\/noticias\\\/#website\"},\"breadcrumb\":{\"@id\":\"https:\\\/\\\/www.eldigitaldeasturias.com\\\/noticias\\\/aursen-lanza-el-adaptador-de-energia-de-apple\\\/#breadcrumblist\"},\"author\":{\"@id\":\"https:\\\/\\\/www.eldigitaldeasturias.com\\\/noticias\\\/author\\\/admin\\\/#author\"},\"creator\":{\"@id\":\"https:\\\/\\\/www.eldigitaldeasturias.com\\\/noticias\\\/author\\\/admin\\\/#author\"},\"image\":{\"@type\":\"ImageObject\",\"url\":951658,\"@id\":\"https:\\\/\\\/www.eldigitaldeasturias.com\\\/noticias\\\/aursen-lanza-el-adaptador-de-energia-de-apple\\\/#mainImage\"},\"primaryImageOfPage\":{\"@id\":\"https:\\\/\\\/www.eldigitaldeasturias.com\\\/noticias\\\/aursen-lanza-el-adaptador-de-energia-de-apple\\\/#mainImage\"},\"datePublished\":\"2017-09-03T18:32:44+02:00\",\"dateModified\":\"2017-09-03T18:32:44+02:00\"},{\"@type\":\"WebSite\",\"@id\":\"https:\\\/\\\/www.eldigitaldeasturias.com\\\/noticias\\\/#website\",\"url\":\"https:\\\/\\\/www.eldigitaldeasturias.com\\\/noticias\\\/\",\"name\":\"El Digital de Asturias - Diario de actualidad y noticias\",\"alternateName\":\"El Digital de Asturias - Diario de actualidad y noticias\",\"description\":\"Hemeroteca\",\"inLanguage\":\"es-ES\",\"publisher\":{\"@id\":\"https:\\\/\\\/www.eldigitaldeasturias.com\\\/noticias\\\/#organization\"}}]}\n\t\t<\/script>\n\t\t<!-- All in One SEO Pro -->\r\n\t\t<title>Aursen lanza el adaptador de energ\u00eda de Apple - El Digital de Asturias<\/title>\n\n","aioseo_head_json":{"title":"Aursen lanza el adaptador de energ\u00eda de Apple - El Digital de Asturias","description":"El principal proveedor mundial de electr\u00f3nica Aursen ha lanzado recientemente su \u00faltimo producto, el adaptador 45W AC del Apple Magsafe 1. El adaptador fue desarrollado para ofrecer tecnolog\u00eda de carga r\u00e1pida para aquellos productos de Apple \/ Mac lanzados antes de junio de 2012 (antes del 11 pulgadas y 13 pulgadas Air Series Apple Notebook).","canonical_url":"https:\/\/www.eldigitaldeasturias.com\/noticias\/aursen-lanza-el-adaptador-de-energia-de-apple\/","robots":"max-image-preview:large","keywords":"actualidad","webmasterTools":{"google-site-verification":"UA-38556648-1","msvalidate.01":"7dfe9f3f1b24437ab69f4f2559babe99","miscellaneous":""},"schema":{"@context":"https:\/\/schema.org","@graph":[{"@type":"BlogPosting","@id":"https:\/\/www.eldigitaldeasturias.com\/noticias\/aursen-lanza-el-adaptador-de-energia-de-apple\/#blogposting","name":"Aursen lanza el adaptador de energ\u00eda de Apple - El Digital de Asturias","headline":"Aursen lanza el adaptador de energ\u00eda de Apple","author":{"@id":"https:\/\/www.eldigitaldeasturias.com\/noticias\/author\/admin\/#author"},"publisher":{"@id":"https:\/\/www.eldigitaldeasturias.com\/noticias\/#organization"},"image":{"@type":"ImageObject","url":951658},"datePublished":"2017-09-03T18:32:44+02:00","dateModified":"2017-09-03T18:32:44+02:00","inLanguage":"es-ES","mainEntityOfPage":{"@id":"https:\/\/www.eldigitaldeasturias.com\/noticias\/aursen-lanza-el-adaptador-de-energia-de-apple\/#webpage"},"isPartOf":{"@id":"https:\/\/www.eldigitaldeasturias.com\/noticias\/aursen-lanza-el-adaptador-de-energia-de-apple\/#webpage"},"articleSection":"Actualidad"},{"@type":"BreadcrumbList","@id":"https:\/\/www.eldigitaldeasturias.com\/noticias\/aursen-lanza-el-adaptador-de-energia-de-apple\/#breadcrumblist","itemListElement":[{"@type":"ListItem","@id":"https:\/\/www.eldigitaldeasturias.com\/noticias#listItem","position":1,"name":"Home","item":"https:\/\/www.eldigitaldeasturias.com\/noticias","nextItem":{"@type":"ListItem","@id":"https:\/\/www.eldigitaldeasturias.com\/noticias\/category\/actualidad\/#listItem","name":"Actualidad"}},{"@type":"ListItem","@id":"https:\/\/www.eldigitaldeasturias.com\/noticias\/category\/actualidad\/#listItem","position":2,"name":"Actualidad","item":"https:\/\/www.eldigitaldeasturias.com\/noticias\/category\/actualidad\/","nextItem":{"@type":"ListItem","@id":"https:\/\/www.eldigitaldeasturias.com\/noticias\/aursen-lanza-el-adaptador-de-energia-de-apple\/#listItem","name":"Aursen lanza el adaptador de energ\u00eda de Apple"},"previousItem":{"@type":"ListItem","@id":"https:\/\/www.eldigitaldeasturias.com\/noticias#listItem","name":"Home"}},{"@type":"ListItem","@id":"https:\/\/www.eldigitaldeasturias.com\/noticias\/aursen-lanza-el-adaptador-de-energia-de-apple\/#listItem","position":3,"name":"Aursen lanza el adaptador de energ\u00eda de Apple","previousItem":{"@type":"ListItem","@id":"https:\/\/www.eldigitaldeasturias.com\/noticias\/category\/actualidad\/#listItem","name":"Actualidad"}}]},{"@type":"Organization","@id":"https:\/\/www.eldigitaldeasturias.com\/noticias\/#organization","name":"El Digital de Asturias","description":"Hemeroteca","url":"https:\/\/www.eldigitaldeasturias.com\/noticias\/","email":"info@eldigitaldeasturias.com","telephone":"+34652131393","logo":{"@type":"ImageObject","url":"https:\/\/www.eldigitaldeasturias.com\/noticias\/wp-content\/uploads\/2020\/12\/EDA.jpg","@id":"https:\/\/www.eldigitaldeasturias.com\/noticias\/aursen-lanza-el-adaptador-de-energia-de-apple\/#organizationLogo"},"image":{"@id":"https:\/\/www.eldigitaldeasturias.com\/noticias\/aursen-lanza-el-adaptador-de-energia-de-apple\/#organizationLogo"},"sameAs":["https:\/\/facebook.com\/eldigitaldeasturias","https:\/\/www.youtube.com\/channel\/UCZP-2wLEB9Rv6erhFmqVnvg"],"address":{"@id":"https:\/\/www.eldigitaldeasturias.com\/noticias\/#postaladdress","@type":"PostalAddress","streetAddress":"san antonio 4","postalCode":"33430","addressLocality":"Cand\u00e1s","addressRegion":"Asturias","addressCountry":"ES"}},{"@type":"Person","@id":"https:\/\/www.eldigitaldeasturias.com\/noticias\/author\/admin\/#author","url":"https:\/\/www.eldigitaldeasturias.com\/noticias\/author\/admin\/","name":"El Digital de Asturias","image":{"@type":"ImageObject","@id":"https:\/\/www.eldigitaldeasturias.com\/noticias\/aursen-lanza-el-adaptador-de-energia-de-apple\/#authorImage","url":"https:\/\/secure.gravatar.com\/avatar\/df2aeffc32bcd13f8d26072ef8a91b623d677766deac7f97ca815868cd41bf5e?s=96&d=mm&r=g","width":96,"height":96,"caption":"El Digital de Asturias"}},{"@type":"WebPage","@id":"https:\/\/www.eldigitaldeasturias.com\/noticias\/aursen-lanza-el-adaptador-de-energia-de-apple\/#webpage","url":"https:\/\/www.eldigitaldeasturias.com\/noticias\/aursen-lanza-el-adaptador-de-energia-de-apple\/","name":"Aursen lanza el adaptador de energ\u00eda de Apple - El Digital de Asturias","description":"El principal proveedor mundial de electr\u00f3nica Aursen ha lanzado recientemente su \u00faltimo producto, el adaptador 45W AC del Apple Magsafe 1. El adaptador fue desarrollado para ofrecer tecnolog\u00eda de carga r\u00e1pida para aquellos productos de Apple \/ Mac lanzados antes de junio de 2012 (antes del 11 pulgadas y 13 pulgadas Air Series Apple Notebook).","inLanguage":"es-ES","isPartOf":{"@id":"https:\/\/www.eldigitaldeasturias.com\/noticias\/#website"},"breadcrumb":{"@id":"https:\/\/www.eldigitaldeasturias.com\/noticias\/aursen-lanza-el-adaptador-de-energia-de-apple\/#breadcrumblist"},"author":{"@id":"https:\/\/www.eldigitaldeasturias.com\/noticias\/author\/admin\/#author"},"creator":{"@id":"https:\/\/www.eldigitaldeasturias.com\/noticias\/author\/admin\/#author"},"image":{"@type":"ImageObject","url":951658,"@id":"https:\/\/www.eldigitaldeasturias.com\/noticias\/aursen-lanza-el-adaptador-de-energia-de-apple\/#mainImage"},"primaryImageOfPage":{"@id":"https:\/\/www.eldigitaldeasturias.com\/noticias\/aursen-lanza-el-adaptador-de-energia-de-apple\/#mainImage"},"datePublished":"2017-09-03T18:32:44+02:00","dateModified":"2017-09-03T18:32:44+02:00"},{"@type":"WebSite","@id":"https:\/\/www.eldigitaldeasturias.com\/noticias\/#website","url":"https:\/\/www.eldigitaldeasturias.com\/noticias\/","name":"El Digital de Asturias - Diario de actualidad y noticias","alternateName":"El Digital de Asturias - Diario de actualidad y noticias","description":"Hemeroteca","inLanguage":"es-ES","publisher":{"@id":"https:\/\/www.eldigitaldeasturias.com\/noticias\/#organization"}}]},"og:locale":"es_ES","og:site_name":"El Digital de Asturias","og:type":"article","og:title":"Aursen lanza el adaptador de energ\u00eda de Apple - El Digital de Asturias","og:description":"El principal proveedor mundial de electr\u00f3nica Aursen ha lanzado recientemente su \u00faltimo producto, el adaptador 45W AC del Apple Magsafe 1. El adaptador fue desarrollado para ofrecer tecnolog\u00eda de carga r\u00e1pida para aquellos productos de Apple \/ Mac lanzados antes de junio de 2012 (antes del 11 pulgadas y 13 pulgadas Air Series Apple Notebook).","og:url":"https:\/\/www.eldigitaldeasturias.com\/noticias\/aursen-lanza-el-adaptador-de-energia-de-apple\/","article:tag":["actualidad"],"article:published_time":"2017-09-03T18:32:44+00:00","article:modified_time":"2017-09-03T18:32:44+00:00","article:publisher":"https:\/\/facebook.com\/eldigitaldeasturias","twitter:card":"summary_large_image","twitter:title":"Aursen lanza el adaptador de energ\u00eda de Apple - El Digital de Asturias","twitter:description":"El principal proveedor mundial de electr\u00f3nica Aursen ha lanzado recientemente su \u00faltimo producto, el adaptador 45W AC del Apple Magsafe 1. El adaptador fue desarrollado para ofrecer tecnolog\u00eda de carga r\u00e1pida para aquellos productos de Apple \/ Mac lanzados antes de junio de 2012 (antes del 11 pulgadas y 13 pulgadas Air Series Apple Notebook).","twitter:image":"https:\/\/www.eldigitaldeasturias.com\/noticias\/wp-content\/uploads\/2020\/12\/EDA-1.jpg","twitter:label1":"Escrito por","twitter:data1":"El Digital de Asturias","twitter:label2":"Tiempo de lectura estimado","twitter:data2":"2 minutos"},"aioseo_meta_data":{"post_id":"951657","title":null,"description":null,"keywords":null,"keyphrases":null,"primary_term":null,"canonical_url":null,"og_title":null,"og_description":null,"og_object_type":"default","og_image_type":"default","og_image_url":null,"og_image_width":null,"og_image_height":null,"og_image_custom_url":null,"og_image_custom_fields":null,"og_video":null,"og_custom_url":null,"og_article_section":null,"og_article_tags":null,"twitter_use_og":false,"twitter_card":"default","twitter_image_type":"default","twitter_image_url":null,"twitter_image_custom_url":null,"twitter_image_custom_fields":null,"twitter_title":null,"twitter_description":null,"schema":{"blockGraphs":[],"customGraphs":[],"default":{"data":{"Article":[],"Course":[],"Dataset":[],"FAQPage":[],"Movie":[],"Person":[],"Product":[],"ProductReview":[],"Car":[],"Recipe":[],"Service":[],"SoftwareApplication":[],"WebPage":[]},"graphName":"","isEnabled":true},"graphs":[],"defaultGraph":"","defaultPostTypeGraph":""},"schema_type":null,"schema_type_options":null,"pillar_content":false,"robots_default":true,"robots_noindex":false,"robots_noarchive":false,"robots_nosnippet":false,"robots_nofollow":false,"robots_noimageindex":false,"robots_noodp":false,"robots_notranslate":false,"robots_max_snippet":null,"robots_max_videopreview":null,"robots_max_imagepreview":"large","priority":null,"frequency":null,"local_seo":null,"seo_analyzer_scan_date":"2025-12-05 19:59:12","breadcrumb_settings":null,"limit_modified_date":false,"open_ai":null,"ai":null,"created":"2020-12-21 12:58:03","updated":"2025-12-05 19:59:12","focus_keyword":null,"additional_keywords":null,"truseo_locale":null},"aioseo_breadcrumb":"<div class=\"aioseo-breadcrumbs\"><span class=\"aioseo-breadcrumb\">\n\t<a href=\"https:\/\/www.eldigitaldeasturias.com\/noticias\" title=\"Home\">Home<\/a>\n<\/span><span class=\"aioseo-breadcrumb-separator\">\u2013<\/span><span class=\"aioseo-breadcrumb\">\n\t<a href=\"https:\/\/www.eldigitaldeasturias.com\/noticias\/category\/actualidad\/\" title=\"Actualidad\">Actualidad<\/a>\n<\/span><span class=\"aioseo-breadcrumb-separator\">\u2013<\/span><span class=\"aioseo-breadcrumb\">\n\t<a href=\"https:\/\/www.eldigitaldeasturias.com\/noticias\/aursen-lanza-el-adaptador-de-energia-de-apple\/\" title=\"Aursen lanza el adaptador de energ\u00eda de Apple\">Aursen lanza el adaptador de energ\u00eda de Apple<\/a>\n<\/span><\/div>","aioseo_breadcrumb_json":[{"label":"Home","link":"https:\/\/www.eldigitaldeasturias.com\/noticias"},{"label":"Actualidad","link":"https:\/\/www.eldigitaldeasturias.com\/noticias\/category\/actualidad\/"},{"label":"Aursen lanza el adaptador de energ\u00eda de Apple","link":"https:\/\/www.eldigitaldeasturias.com\/noticias\/aursen-lanza-el-adaptador-de-energia-de-apple\/"}],"_links":{"self":[{"href":"https:\/\/www.eldigitaldeasturias.com\/noticias\/wp-json\/wp\/v2\/posts\/951657","targetHints":{"allow":["GET"]}}],"collection":[{"href":"https:\/\/www.eldigitaldeasturias.com\/noticias\/wp-json\/wp\/v2\/posts"}],"about":[{"href":"https:\/\/www.eldigitaldeasturias.com\/noticias\/wp-json\/wp\/v2\/types\/post"}],"author":[{"embeddable":true,"href":"https:\/\/www.eldigitaldeasturias.com\/noticias\/wp-json\/wp\/v2\/users\/1"}],"replies":[{"embeddable":true,"href":"https:\/\/www.eldigitaldeasturias.com\/noticias\/wp-json\/wp\/v2\/comments?post=951657"}],"version-history":[{"count":0,"href":"https:\/\/www.eldigitaldeasturias.com\/noticias\/wp-json\/wp\/v2\/posts\/951657\/revisions"}],"wp:attachment":[{"href":"https:\/\/www.eldigitaldeasturias.com\/noticias\/wp-json\/wp\/v2\/media?parent=951657"}],"wp:term":[{"taxonomy":"category","embeddable":true,"href":"https:\/\/www.eldigitaldeasturias.com\/noticias\/wp-json\/wp\/v2\/categories?post=951657"},{"taxonomy":"post_tag","embeddable":true,"href":"https:\/\/www.eldigitaldeasturias.com\/noticias\/wp-json\/wp\/v2\/tags?post=951657"}],"curies":[{"name":"wp","href":"https:\/\/api.w.org\/{rel}","templated":true}]}}