{"id":951623,"date":"2017-09-03T14:37:02","date_gmt":"2017-09-03T14:37:02","guid":{"rendered":"http:\/\/www.eldigitaldeasturias.com\/noticias\/?p=951623"},"modified":"2017-09-03T14:37:02","modified_gmt":"2017-09-03T14:37:02","slug":"amome-ganador-del-i-rally-cinematografico-desafio-bunuel","status":"publish","type":"post","link":"https:\/\/www.eldigitaldeasturias.com\/noticias\/amome-ganador-del-i-rally-cinematografico-desafio-bunuel\/","title":{"rendered":"\u00c1mome, ganador del I rally cinematogr\u00e1fico Desaf\u00edo Bu\u00f1uel"},"content":{"rendered":"<p><img loading=\"lazy\" decoding=\"async\" class=\"alignleft size-medium wp-image-951624\" src=\"https:\/\/www.eldigitaldeasturias.com\/noticias\/wp-content\/uploads\/2017\/09\/DIv2yzOXUAA1-360x159.jpg\" alt=\"\" width=\"360\" height=\"159\" \/>\u00ab\u00c1mome\u201d, dirigido por Mar\u00eda Pulido y Alba Campilla, y protagonizado por Aida Folch, se ha alzado con el primer premio del festival Desaf\u00edo Bu\u00f1uel, un rally cinematogr\u00e1fico que ha tenido como privilegiado plat\u00f3 las calles de Teruel y en el que, durante 48 horas, seis grupos participantes han tenido que rodar un cortometraje que ten\u00eda que tener un hilo conductor: el amor. Enmarcado dentro de los actos del 800 aniversario de Los Amantes, Desaf\u00edo Bu\u00f1uel ha servido como promoci\u00f3n de la capital turolense, al mismo tiempo que ha rendido tributo al genial cineasta calandino Luis Bu\u00f1uel. La expectaci\u00f3n ha sido m\u00e1xima en la ciudad, que se ha llenado de c\u00e1maras, focos y m\u00e1s de un rostro famoso para dar forma a unos trabajos que han puesto dif\u00edcil la decisi\u00f3n al jurado. En la noche de ayer, todos ellos se emitieron y arrancaron los aplausos del p\u00fablico.<\/p>\n<p>La consejera de Educaci\u00f3n, Cultura y Deporte, Mayte P\u00e9rez, fue la encargada de entregar el principal galard\u00f3n de la noche y, adem\u00e1s de destacar la calidad de los cortos, aprovech\u00f3 la ocasi\u00f3n para anunciar que la cita tendr\u00e1 continuidad en futuras ediciones. \u201cTras tres maravillosos d\u00edas de convivencia en los que vuestro talento ha quedado patente a trav\u00e9s de los trabajos que hemos podido ver hoy, solo podemos daros las gracias por vuestro esfuerzo y generosidad, por ayudarnos a hacer de este Desaf\u00edo Bu\u00f1uel un punto de encuentro y una cita que repetiremos recordando siempre vuestra participaci\u00f3n en la primera edici\u00f3n\u201d, ha dicho la consejera. P\u00e9rez ha agradecido a los participantes que, con su esfuerzo y dedicaci\u00f3n en el certamen, hayan contribuido a promocionar Teruel y su provincia, como hizo el propio Bu\u00f1uel, y ha definido Arag\u00f3n como un gran plat\u00f3 de cine al que ha animado a volver a los cineastas implicados en este festival.<\/p>\n<p>Durante la gala final, en la que tambi\u00e9n ha participado el director general de Cultura y Patrimonio, Nacho Escu\u00edn, que se ha encargado de entregar el trofeo de mejor direcci\u00f3n a Ester Llorens por &#8216;Nuestros hijos&#8217;, tambi\u00e9n se ha otorgado el Premio Mar\u00eda Portol\u00e9s, llamado as\u00ed en memoria de la madre de Bu\u00f1uel y con el que se quiere premiar a una figura del cine. En este caso, ha reca\u00eddo en el festival Jameson Notodofilmfest en el quince aniversario de su creaci\u00f3n, en reconocimiento a la visibilidad que da al mundo del cortometraje y por su apuesta por nuevos talentos en el sector.<\/p>\n<p>En una celebraci\u00f3n amenizada por Ch\u00eda y un toque de tambores, tambi\u00e9n ha habido reconocimientos al mejor actor y actriz (Javier Bodalo por &#8216;La pen\u00faltima&#8217; y la turolense Raquel Vicente por &#8216;Bronce&#8217;), y a mejor fotograf\u00eda y montaje (&#8216;Nuestros hijos&#8217; y &#8216;Amome&#8217;, respectivamente).<\/p>\n<p>La iniciativa, dirigida por el cortometrajista Esteban L\u00f3pez Juder\u00edas, ha sido organizada por el Gobierno de Arag\u00f3n, en colaboraci\u00f3n con la Fundaci\u00f3n Amantes de Teruel y ha contado con la participaci\u00f3n de cinco actores profesionales: Ruth Gabriel, Fernando Tielve, Maite Uzal, Aida Folch y Helena Miquel, adem\u00e1s de un elenco de actores, extras o figurantes elegidos en un casting al que se presentaron m\u00e1s de un centenar de personas.<\/p>\n<p>Desaf\u00edo Bu\u00f1uel tambi\u00e9n tiene car\u00e1cter internacional, ya que cada edici\u00f3n contar\u00e1 con un pa\u00eds invitado. En esta ocasi\u00f3n, ha sido M\u00e9xico el escogido, ya que all\u00ed se celebra desde hace dos d\u00e9cadas el prestigioso Festival Internacional de Cine de Guanajuato, que contiene un desaf\u00edo de estas mismas caracter\u00edsticas del que han llegado a salir figuras que han llegado a sobresalir en el cine profesional.<\/p>\n","protected":false},"excerpt":{"rendered":"<p>\u00ab\u00c1mome\u201d, dirigido por Mar\u00eda Pulido y Alba Campilla, y protagonizado por Aida Folch, se ha alzado con el primer premio del festival Desaf\u00edo Bu\u00f1uel, un rally cinematogr\u00e1fico que ha tenido como privilegiado plat\u00f3 las calles de Teruel y en el que, durante 48 horas, seis grupos participantes han tenido que rodar un cortometraje que ten\u00eda [&hellip;]<\/p>\n","protected":false},"author":1,"featured_media":951624,"comment_status":"closed","ping_status":"closed","sticky":false,"template":"","format":"standard","meta":{"footnotes":""},"categories":[1],"tags":[],"class_list":["post-951623","post","type-post","status-publish","format-standard","has-post-thumbnail","hentry","category-actualidad"],"aioseo_notices":[],"aioseo_head":"\n\t\t<!-- All in One SEO Pro 5.0.1 - aioseo.com -->\n\t<meta name=\"description\" content=\"&quot;\u00c1mome\u201d, dirigido por Mar\u00eda Pulido y Alba Campilla, y protagonizado por Aida Folch, se ha alzado con el primer premio del festival Desaf\u00edo Bu\u00f1uel, un rally cinematogr\u00e1fico que ha tenido como privilegiado plat\u00f3 las calles de Teruel y en el que, durante 48 horas, seis grupos participantes han tenido que rodar un cortometraje que ten\u00eda\" \/>\n\t<meta name=\"robots\" content=\"max-image-preview:large\" \/>\n\t<meta name=\"author\" content=\"El Digital de Asturias\"\/>\n\t<meta name=\"google-site-verification\" content=\"UA-38556648-1\" \/>\n\t<meta name=\"msvalidate.01\" content=\"7dfe9f3f1b24437ab69f4f2559babe99\" \/>\n\t<meta name=\"keywords\" content=\"actualidad\" \/>\n\t<link rel=\"canonical\" href=\"https:\/\/www.eldigitaldeasturias.com\/noticias\/amome-ganador-del-i-rally-cinematografico-desafio-bunuel\/\" \/>\n\t<meta name=\"generator\" content=\"All in One SEO Pro (AIOSEO) 5.0.1\" \/>\n\t\t<meta property=\"og:locale\" content=\"es_ES\" \/>\n\t\t<meta property=\"og:site_name\" content=\"El Digital de Asturias\" \/>\n\t\t<meta property=\"og:type\" content=\"article\" \/>\n\t\t<meta property=\"og:title\" content=\"\u00c1mome, ganador del I rally cinematogr\u00e1fico Desaf\u00edo Bu\u00f1uel - El Digital de Asturias\" \/>\n\t\t<meta property=\"og:description\" content=\"&quot;\u00c1mome\u201d, dirigido por Mar\u00eda Pulido y Alba Campilla, y protagonizado por Aida Folch, se ha alzado con el primer premio del festival Desaf\u00edo Bu\u00f1uel, un rally cinematogr\u00e1fico que ha tenido como privilegiado plat\u00f3 las calles de Teruel y en el que, durante 48 horas, seis grupos participantes han tenido que rodar un cortometraje que ten\u00eda\" \/>\n\t\t<meta property=\"og:url\" content=\"https:\/\/www.eldigitaldeasturias.com\/noticias\/amome-ganador-del-i-rally-cinematografico-desafio-bunuel\/\" \/>\n\t\t<meta property=\"article:tag\" content=\"actualidad\" \/>\n\t\t<meta property=\"article:published_time\" content=\"2017-09-03T14:37:02+00:00\" \/>\n\t\t<meta property=\"article:modified_time\" content=\"2017-09-03T14:37:02+00:00\" \/>\n\t\t<meta property=\"article:publisher\" content=\"https:\/\/facebook.com\/eldigitaldeasturias\" \/>\n\t\t<meta name=\"twitter:card\" content=\"summary_large_image\" \/>\n\t\t<meta name=\"twitter:title\" content=\"\u00c1mome, ganador del I rally cinematogr\u00e1fico Desaf\u00edo Bu\u00f1uel - El Digital de Asturias\" \/>\n\t\t<meta name=\"twitter:description\" content=\"&quot;\u00c1mome\u201d, dirigido por Mar\u00eda Pulido y Alba Campilla, y protagonizado por Aida Folch, se ha alzado con el primer premio del festival Desaf\u00edo Bu\u00f1uel, un rally cinematogr\u00e1fico que ha tenido como privilegiado plat\u00f3 las calles de Teruel y en el que, durante 48 horas, seis grupos participantes han tenido que rodar un cortometraje que ten\u00eda\" \/>\n\t\t<meta name=\"twitter:image\" content=\"https:\/\/www.eldigitaldeasturias.com\/noticias\/wp-content\/uploads\/2020\/12\/EDA-1.jpg\" \/>\n\t\t<meta name=\"twitter:label1\" content=\"Escrito por\" \/>\n\t\t<meta name=\"twitter:data1\" content=\"El Digital de Asturias\" \/>\n\t\t<meta name=\"twitter:label2\" content=\"Tiempo de lectura estimado\" \/>\n\t\t<meta name=\"twitter:data2\" content=\"3 minutos\" \/>\n\t\t<script type=\"application\/ld+json\" class=\"aioseo-schema\">\n\t\t\t{\"@context\":\"https:\\\/\\\/schema.org\",\"@graph\":[{\"@type\":\"BlogPosting\",\"@id\":\"https:\\\/\\\/www.eldigitaldeasturias.com\\\/noticias\\\/amome-ganador-del-i-rally-cinematografico-desafio-bunuel\\\/#blogposting\",\"name\":\"\\u00c1mome, ganador del I rally cinematogr\\u00e1fico Desaf\\u00edo Bu\\u00f1uel - El Digital de Asturias\",\"headline\":\"\\u00c1mome, ganador del I rally cinematogr\\u00e1fico Desaf\\u00edo Bu\\u00f1uel\",\"author\":{\"@id\":\"https:\\\/\\\/www.eldigitaldeasturias.com\\\/noticias\\\/author\\\/admin\\\/#author\"},\"publisher\":{\"@id\":\"https:\\\/\\\/www.eldigitaldeasturias.com\\\/noticias\\\/#organization\"},\"image\":{\"@type\":\"ImageObject\",\"url\":951624},\"datePublished\":\"2017-09-03T14:37:02+02:00\",\"dateModified\":\"2017-09-03T14:37:02+02:00\",\"inLanguage\":\"es-ES\",\"mainEntityOfPage\":{\"@id\":\"https:\\\/\\\/www.eldigitaldeasturias.com\\\/noticias\\\/amome-ganador-del-i-rally-cinematografico-desafio-bunuel\\\/#webpage\"},\"isPartOf\":{\"@id\":\"https:\\\/\\\/www.eldigitaldeasturias.com\\\/noticias\\\/amome-ganador-del-i-rally-cinematografico-desafio-bunuel\\\/#webpage\"},\"articleSection\":\"Actualidad\"},{\"@type\":\"BreadcrumbList\",\"@id\":\"https:\\\/\\\/www.eldigitaldeasturias.com\\\/noticias\\\/amome-ganador-del-i-rally-cinematografico-desafio-bunuel\\\/#breadcrumblist\",\"itemListElement\":[{\"@type\":\"ListItem\",\"@id\":\"https:\\\/\\\/www.eldigitaldeasturias.com\\\/noticias#listItem\",\"position\":1,\"name\":\"Home\",\"item\":\"https:\\\/\\\/www.eldigitaldeasturias.com\\\/noticias\",\"nextItem\":{\"@type\":\"ListItem\",\"@id\":\"https:\\\/\\\/www.eldigitaldeasturias.com\\\/noticias\\\/category\\\/actualidad\\\/#listItem\",\"name\":\"Actualidad\"}},{\"@type\":\"ListItem\",\"@id\":\"https:\\\/\\\/www.eldigitaldeasturias.com\\\/noticias\\\/category\\\/actualidad\\\/#listItem\",\"position\":2,\"name\":\"Actualidad\",\"item\":\"https:\\\/\\\/www.eldigitaldeasturias.com\\\/noticias\\\/category\\\/actualidad\\\/\",\"nextItem\":{\"@type\":\"ListItem\",\"@id\":\"https:\\\/\\\/www.eldigitaldeasturias.com\\\/noticias\\\/amome-ganador-del-i-rally-cinematografico-desafio-bunuel\\\/#listItem\",\"name\":\"\\u00c1mome, ganador del I rally cinematogr\\u00e1fico Desaf\\u00edo Bu\\u00f1uel\"},\"previousItem\":{\"@type\":\"ListItem\",\"@id\":\"https:\\\/\\\/www.eldigitaldeasturias.com\\\/noticias#listItem\",\"name\":\"Home\"}},{\"@type\":\"ListItem\",\"@id\":\"https:\\\/\\\/www.eldigitaldeasturias.com\\\/noticias\\\/amome-ganador-del-i-rally-cinematografico-desafio-bunuel\\\/#listItem\",\"position\":3,\"name\":\"\\u00c1mome, ganador del I rally cinematogr\\u00e1fico Desaf\\u00edo Bu\\u00f1uel\",\"previousItem\":{\"@type\":\"ListItem\",\"@id\":\"https:\\\/\\\/www.eldigitaldeasturias.com\\\/noticias\\\/category\\\/actualidad\\\/#listItem\",\"name\":\"Actualidad\"}}]},{\"@type\":\"Organization\",\"@id\":\"https:\\\/\\\/www.eldigitaldeasturias.com\\\/noticias\\\/#organization\",\"name\":\"El Digital de Asturias\",\"description\":\"Hemeroteca\",\"url\":\"https:\\\/\\\/www.eldigitaldeasturias.com\\\/noticias\\\/\",\"email\":\"info@eldigitaldeasturias.com\",\"telephone\":\"+34652131393\",\"logo\":{\"@type\":\"ImageObject\",\"url\":\"https:\\\/\\\/www.eldigitaldeasturias.com\\\/noticias\\\/wp-content\\\/uploads\\\/2020\\\/12\\\/EDA.jpg\",\"@id\":\"https:\\\/\\\/www.eldigitaldeasturias.com\\\/noticias\\\/amome-ganador-del-i-rally-cinematografico-desafio-bunuel\\\/#organizationLogo\"},\"image\":{\"@id\":\"https:\\\/\\\/www.eldigitaldeasturias.com\\\/noticias\\\/amome-ganador-del-i-rally-cinematografico-desafio-bunuel\\\/#organizationLogo\"},\"sameAs\":[\"https:\\\/\\\/facebook.com\\\/eldigitaldeasturias\",\"https:\\\/\\\/www.youtube.com\\\/channel\\\/UCZP-2wLEB9Rv6erhFmqVnvg\"],\"address\":{\"@id\":\"https:\\\/\\\/www.eldigitaldeasturias.com\\\/noticias\\\/#postaladdress\",\"@type\":\"PostalAddress\",\"streetAddress\":\"san antonio 4\",\"postalCode\":\"33430\",\"addressLocality\":\"Cand\\u00e1s\",\"addressRegion\":\"Asturias\",\"addressCountry\":\"ES\"}},{\"@type\":\"Person\",\"@id\":\"https:\\\/\\\/www.eldigitaldeasturias.com\\\/noticias\\\/author\\\/admin\\\/#author\",\"url\":\"https:\\\/\\\/www.eldigitaldeasturias.com\\\/noticias\\\/author\\\/admin\\\/\",\"name\":\"El Digital de Asturias\",\"image\":{\"@type\":\"ImageObject\",\"@id\":\"https:\\\/\\\/www.eldigitaldeasturias.com\\\/noticias\\\/amome-ganador-del-i-rally-cinematografico-desafio-bunuel\\\/#authorImage\",\"url\":\"https:\\\/\\\/secure.gravatar.com\\\/avatar\\\/df2aeffc32bcd13f8d26072ef8a91b623d677766deac7f97ca815868cd41bf5e?s=96&d=mm&r=g\",\"width\":96,\"height\":96,\"caption\":\"El Digital de Asturias\"}},{\"@type\":\"WebPage\",\"@id\":\"https:\\\/\\\/www.eldigitaldeasturias.com\\\/noticias\\\/amome-ganador-del-i-rally-cinematografico-desafio-bunuel\\\/#webpage\",\"url\":\"https:\\\/\\\/www.eldigitaldeasturias.com\\\/noticias\\\/amome-ganador-del-i-rally-cinematografico-desafio-bunuel\\\/\",\"name\":\"\\u00c1mome, ganador del I rally cinematogr\\u00e1fico Desaf\\u00edo Bu\\u00f1uel - El Digital de Asturias\",\"description\":\"\\\"\\u00c1mome\\u201d, dirigido por Mar\\u00eda Pulido y Alba Campilla, y protagonizado por Aida Folch, se ha alzado con el primer premio del festival Desaf\\u00edo Bu\\u00f1uel, un rally cinematogr\\u00e1fico que ha tenido como privilegiado plat\\u00f3 las calles de Teruel y en el que, durante 48 horas, seis grupos participantes han tenido que rodar un cortometraje que ten\\u00eda\",\"inLanguage\":\"es-ES\",\"isPartOf\":{\"@id\":\"https:\\\/\\\/www.eldigitaldeasturias.com\\\/noticias\\\/#website\"},\"breadcrumb\":{\"@id\":\"https:\\\/\\\/www.eldigitaldeasturias.com\\\/noticias\\\/amome-ganador-del-i-rally-cinematografico-desafio-bunuel\\\/#breadcrumblist\"},\"author\":{\"@id\":\"https:\\\/\\\/www.eldigitaldeasturias.com\\\/noticias\\\/author\\\/admin\\\/#author\"},\"creator\":{\"@id\":\"https:\\\/\\\/www.eldigitaldeasturias.com\\\/noticias\\\/author\\\/admin\\\/#author\"},\"image\":{\"@type\":\"ImageObject\",\"url\":951624,\"@id\":\"https:\\\/\\\/www.eldigitaldeasturias.com\\\/noticias\\\/amome-ganador-del-i-rally-cinematografico-desafio-bunuel\\\/#mainImage\"},\"primaryImageOfPage\":{\"@id\":\"https:\\\/\\\/www.eldigitaldeasturias.com\\\/noticias\\\/amome-ganador-del-i-rally-cinematografico-desafio-bunuel\\\/#mainImage\"},\"datePublished\":\"2017-09-03T14:37:02+02:00\",\"dateModified\":\"2017-09-03T14:37:02+02:00\"},{\"@type\":\"WebSite\",\"@id\":\"https:\\\/\\\/www.eldigitaldeasturias.com\\\/noticias\\\/#website\",\"url\":\"https:\\\/\\\/www.eldigitaldeasturias.com\\\/noticias\\\/\",\"name\":\"El Digital de Asturias - Diario de actualidad y noticias\",\"alternateName\":\"El Digital de Asturias - Diario de actualidad y noticias\",\"description\":\"Hemeroteca\",\"inLanguage\":\"es-ES\",\"publisher\":{\"@id\":\"https:\\\/\\\/www.eldigitaldeasturias.com\\\/noticias\\\/#organization\"}}]}\n\t\t<\/script>\n\t\t<!-- All in One SEO Pro -->\r\n\t\t<title>\u00c1mome, ganador del I rally cinematogr\u00e1fico Desaf\u00edo Bu\u00f1uel - El Digital de Asturias<\/title>\n\n","aioseo_head_json":{"title":"\u00c1mome, ganador del I rally cinematogr\u00e1fico Desaf\u00edo Bu\u00f1uel - El Digital de Asturias","description":"\"\u00c1mome\u201d, dirigido por Mar\u00eda Pulido y Alba Campilla, y protagonizado por Aida Folch, se ha alzado con el primer premio del festival Desaf\u00edo Bu\u00f1uel, un rally cinematogr\u00e1fico que ha tenido como privilegiado plat\u00f3 las calles de Teruel y en el que, durante 48 horas, seis grupos participantes han tenido que rodar un cortometraje que ten\u00eda","canonical_url":"https:\/\/www.eldigitaldeasturias.com\/noticias\/amome-ganador-del-i-rally-cinematografico-desafio-bunuel\/","robots":"max-image-preview:large","keywords":"actualidad","webmasterTools":{"google-site-verification":"UA-38556648-1","msvalidate.01":"7dfe9f3f1b24437ab69f4f2559babe99","miscellaneous":""},"schema":{"@context":"https:\/\/schema.org","@graph":[{"@type":"BlogPosting","@id":"https:\/\/www.eldigitaldeasturias.com\/noticias\/amome-ganador-del-i-rally-cinematografico-desafio-bunuel\/#blogposting","name":"\u00c1mome, ganador del I rally cinematogr\u00e1fico Desaf\u00edo Bu\u00f1uel - El Digital de Asturias","headline":"\u00c1mome, ganador del I rally cinematogr\u00e1fico Desaf\u00edo Bu\u00f1uel","author":{"@id":"https:\/\/www.eldigitaldeasturias.com\/noticias\/author\/admin\/#author"},"publisher":{"@id":"https:\/\/www.eldigitaldeasturias.com\/noticias\/#organization"},"image":{"@type":"ImageObject","url":951624},"datePublished":"2017-09-03T14:37:02+02:00","dateModified":"2017-09-03T14:37:02+02:00","inLanguage":"es-ES","mainEntityOfPage":{"@id":"https:\/\/www.eldigitaldeasturias.com\/noticias\/amome-ganador-del-i-rally-cinematografico-desafio-bunuel\/#webpage"},"isPartOf":{"@id":"https:\/\/www.eldigitaldeasturias.com\/noticias\/amome-ganador-del-i-rally-cinematografico-desafio-bunuel\/#webpage"},"articleSection":"Actualidad"},{"@type":"BreadcrumbList","@id":"https:\/\/www.eldigitaldeasturias.com\/noticias\/amome-ganador-del-i-rally-cinematografico-desafio-bunuel\/#breadcrumblist","itemListElement":[{"@type":"ListItem","@id":"https:\/\/www.eldigitaldeasturias.com\/noticias#listItem","position":1,"name":"Home","item":"https:\/\/www.eldigitaldeasturias.com\/noticias","nextItem":{"@type":"ListItem","@id":"https:\/\/www.eldigitaldeasturias.com\/noticias\/category\/actualidad\/#listItem","name":"Actualidad"}},{"@type":"ListItem","@id":"https:\/\/www.eldigitaldeasturias.com\/noticias\/category\/actualidad\/#listItem","position":2,"name":"Actualidad","item":"https:\/\/www.eldigitaldeasturias.com\/noticias\/category\/actualidad\/","nextItem":{"@type":"ListItem","@id":"https:\/\/www.eldigitaldeasturias.com\/noticias\/amome-ganador-del-i-rally-cinematografico-desafio-bunuel\/#listItem","name":"\u00c1mome, ganador del I rally cinematogr\u00e1fico Desaf\u00edo Bu\u00f1uel"},"previousItem":{"@type":"ListItem","@id":"https:\/\/www.eldigitaldeasturias.com\/noticias#listItem","name":"Home"}},{"@type":"ListItem","@id":"https:\/\/www.eldigitaldeasturias.com\/noticias\/amome-ganador-del-i-rally-cinematografico-desafio-bunuel\/#listItem","position":3,"name":"\u00c1mome, ganador del I rally cinematogr\u00e1fico Desaf\u00edo Bu\u00f1uel","previousItem":{"@type":"ListItem","@id":"https:\/\/www.eldigitaldeasturias.com\/noticias\/category\/actualidad\/#listItem","name":"Actualidad"}}]},{"@type":"Organization","@id":"https:\/\/www.eldigitaldeasturias.com\/noticias\/#organization","name":"El Digital de Asturias","description":"Hemeroteca","url":"https:\/\/www.eldigitaldeasturias.com\/noticias\/","email":"info@eldigitaldeasturias.com","telephone":"+34652131393","logo":{"@type":"ImageObject","url":"https:\/\/www.eldigitaldeasturias.com\/noticias\/wp-content\/uploads\/2020\/12\/EDA.jpg","@id":"https:\/\/www.eldigitaldeasturias.com\/noticias\/amome-ganador-del-i-rally-cinematografico-desafio-bunuel\/#organizationLogo"},"image":{"@id":"https:\/\/www.eldigitaldeasturias.com\/noticias\/amome-ganador-del-i-rally-cinematografico-desafio-bunuel\/#organizationLogo"},"sameAs":["https:\/\/facebook.com\/eldigitaldeasturias","https:\/\/www.youtube.com\/channel\/UCZP-2wLEB9Rv6erhFmqVnvg"],"address":{"@id":"https:\/\/www.eldigitaldeasturias.com\/noticias\/#postaladdress","@type":"PostalAddress","streetAddress":"san antonio 4","postalCode":"33430","addressLocality":"Cand\u00e1s","addressRegion":"Asturias","addressCountry":"ES"}},{"@type":"Person","@id":"https:\/\/www.eldigitaldeasturias.com\/noticias\/author\/admin\/#author","url":"https:\/\/www.eldigitaldeasturias.com\/noticias\/author\/admin\/","name":"El Digital de Asturias","image":{"@type":"ImageObject","@id":"https:\/\/www.eldigitaldeasturias.com\/noticias\/amome-ganador-del-i-rally-cinematografico-desafio-bunuel\/#authorImage","url":"https:\/\/secure.gravatar.com\/avatar\/df2aeffc32bcd13f8d26072ef8a91b623d677766deac7f97ca815868cd41bf5e?s=96&d=mm&r=g","width":96,"height":96,"caption":"El Digital de Asturias"}},{"@type":"WebPage","@id":"https:\/\/www.eldigitaldeasturias.com\/noticias\/amome-ganador-del-i-rally-cinematografico-desafio-bunuel\/#webpage","url":"https:\/\/www.eldigitaldeasturias.com\/noticias\/amome-ganador-del-i-rally-cinematografico-desafio-bunuel\/","name":"\u00c1mome, ganador del I rally cinematogr\u00e1fico Desaf\u00edo Bu\u00f1uel - El Digital de Asturias","description":"\"\u00c1mome\u201d, dirigido por Mar\u00eda Pulido y Alba Campilla, y protagonizado por Aida Folch, se ha alzado con el primer premio del festival Desaf\u00edo Bu\u00f1uel, un rally cinematogr\u00e1fico que ha tenido como privilegiado plat\u00f3 las calles de Teruel y en el que, durante 48 horas, seis grupos participantes han tenido que rodar un cortometraje que ten\u00eda","inLanguage":"es-ES","isPartOf":{"@id":"https:\/\/www.eldigitaldeasturias.com\/noticias\/#website"},"breadcrumb":{"@id":"https:\/\/www.eldigitaldeasturias.com\/noticias\/amome-ganador-del-i-rally-cinematografico-desafio-bunuel\/#breadcrumblist"},"author":{"@id":"https:\/\/www.eldigitaldeasturias.com\/noticias\/author\/admin\/#author"},"creator":{"@id":"https:\/\/www.eldigitaldeasturias.com\/noticias\/author\/admin\/#author"},"image":{"@type":"ImageObject","url":951624,"@id":"https:\/\/www.eldigitaldeasturias.com\/noticias\/amome-ganador-del-i-rally-cinematografico-desafio-bunuel\/#mainImage"},"primaryImageOfPage":{"@id":"https:\/\/www.eldigitaldeasturias.com\/noticias\/amome-ganador-del-i-rally-cinematografico-desafio-bunuel\/#mainImage"},"datePublished":"2017-09-03T14:37:02+02:00","dateModified":"2017-09-03T14:37:02+02:00"},{"@type":"WebSite","@id":"https:\/\/www.eldigitaldeasturias.com\/noticias\/#website","url":"https:\/\/www.eldigitaldeasturias.com\/noticias\/","name":"El Digital de Asturias - Diario de actualidad y noticias","alternateName":"El Digital de Asturias - Diario de actualidad y noticias","description":"Hemeroteca","inLanguage":"es-ES","publisher":{"@id":"https:\/\/www.eldigitaldeasturias.com\/noticias\/#organization"}}]},"og:locale":"es_ES","og:site_name":"El Digital de Asturias","og:type":"article","og:title":"\u00c1mome, ganador del I rally cinematogr\u00e1fico Desaf\u00edo Bu\u00f1uel - El Digital de Asturias","og:description":"&quot;\u00c1mome\u201d, dirigido por Mar\u00eda Pulido y Alba Campilla, y protagonizado por Aida Folch, se ha alzado con el primer premio del festival Desaf\u00edo Bu\u00f1uel, un rally cinematogr\u00e1fico que ha tenido como privilegiado plat\u00f3 las calles de Teruel y en el que, durante 48 horas, seis grupos participantes han tenido que rodar un cortometraje que ten\u00eda","og:url":"https:\/\/www.eldigitaldeasturias.com\/noticias\/amome-ganador-del-i-rally-cinematografico-desafio-bunuel\/","article:tag":["actualidad"],"article:published_time":"2017-09-03T14:37:02+00:00","article:modified_time":"2017-09-03T14:37:02+00:00","article:publisher":"https:\/\/facebook.com\/eldigitaldeasturias","twitter:card":"summary_large_image","twitter:title":"\u00c1mome, ganador del I rally cinematogr\u00e1fico Desaf\u00edo Bu\u00f1uel - El Digital de Asturias","twitter:description":"&quot;\u00c1mome\u201d, dirigido por Mar\u00eda Pulido y Alba Campilla, y protagonizado por Aida Folch, se ha alzado con el primer premio del festival Desaf\u00edo Bu\u00f1uel, un rally cinematogr\u00e1fico que ha tenido como privilegiado plat\u00f3 las calles de Teruel y en el que, durante 48 horas, seis grupos participantes han tenido que rodar un cortometraje que ten\u00eda","twitter:image":"https:\/\/www.eldigitaldeasturias.com\/noticias\/wp-content\/uploads\/2020\/12\/EDA-1.jpg","twitter:label1":"Escrito por","twitter:data1":"El Digital de Asturias","twitter:label2":"Tiempo de lectura estimado","twitter:data2":"3 minutos"},"aioseo_meta_data":{"post_id":"951623","title":null,"description":null,"keywords":null,"keyphrases":null,"primary_term":null,"canonical_url":null,"og_title":null,"og_description":null,"og_object_type":"default","og_image_type":"default","og_image_url":null,"og_image_width":null,"og_image_height":null,"og_image_custom_url":null,"og_image_custom_fields":null,"og_video":null,"og_custom_url":null,"og_article_section":null,"og_article_tags":null,"twitter_use_og":false,"twitter_card":"default","twitter_image_type":"default","twitter_image_url":null,"twitter_image_custom_url":null,"twitter_image_custom_fields":null,"twitter_title":null,"twitter_description":null,"schema":{"blockGraphs":[],"customGraphs":[],"default":{"data":{"Article":[],"Course":[],"Dataset":[],"FAQPage":[],"Movie":[],"Person":[],"Product":[],"ProductReview":[],"Car":[],"Recipe":[],"Service":[],"SoftwareApplication":[],"WebPage":[]},"graphName":"","isEnabled":true},"graphs":[],"defaultGraph":"","defaultPostTypeGraph":""},"schema_type":null,"schema_type_options":null,"pillar_content":false,"robots_default":true,"robots_noindex":false,"robots_noarchive":false,"robots_nosnippet":false,"robots_nofollow":false,"robots_noimageindex":false,"robots_noodp":false,"robots_notranslate":false,"robots_max_snippet":null,"robots_max_videopreview":null,"robots_max_imagepreview":"large","priority":null,"frequency":null,"local_seo":null,"seo_analyzer_scan_date":"2025-12-05 19:51:09","breadcrumb_settings":null,"limit_modified_date":false,"open_ai":null,"ai":null,"created":"2020-12-21 12:58:13","updated":"2025-12-05 19:51:09","focus_keyword":null,"additional_keywords":null,"truseo_locale":null},"aioseo_breadcrumb":"<div class=\"aioseo-breadcrumbs\"><span class=\"aioseo-breadcrumb\">\n\t<a href=\"https:\/\/www.eldigitaldeasturias.com\/noticias\" title=\"Home\">Home<\/a>\n<\/span><span class=\"aioseo-breadcrumb-separator\">\u2013<\/span><span class=\"aioseo-breadcrumb\">\n\t<a href=\"https:\/\/www.eldigitaldeasturias.com\/noticias\/category\/actualidad\/\" title=\"Actualidad\">Actualidad<\/a>\n<\/span><span class=\"aioseo-breadcrumb-separator\">\u2013<\/span><span class=\"aioseo-breadcrumb\">\n\t<a href=\"https:\/\/www.eldigitaldeasturias.com\/noticias\/amome-ganador-del-i-rally-cinematografico-desafio-bunuel\/\" title=\"\u00c1mome, ganador del I rally cinematogr\u00e1fico Desaf\u00edo Bu\u00f1uel\">\u00c1mome, ganador del I rally cinematogr\u00e1fico Desaf\u00edo Bu\u00f1uel<\/a>\n<\/span><\/div>","aioseo_breadcrumb_json":[{"label":"Home","link":"https:\/\/www.eldigitaldeasturias.com\/noticias"},{"label":"Actualidad","link":"https:\/\/www.eldigitaldeasturias.com\/noticias\/category\/actualidad\/"},{"label":"\u00c1mome, ganador del I rally cinematogr\u00e1fico Desaf\u00edo Bu\u00f1uel","link":"https:\/\/www.eldigitaldeasturias.com\/noticias\/amome-ganador-del-i-rally-cinematografico-desafio-bunuel\/"}],"_links":{"self":[{"href":"https:\/\/www.eldigitaldeasturias.com\/noticias\/wp-json\/wp\/v2\/posts\/951623","targetHints":{"allow":["GET"]}}],"collection":[{"href":"https:\/\/www.eldigitaldeasturias.com\/noticias\/wp-json\/wp\/v2\/posts"}],"about":[{"href":"https:\/\/www.eldigitaldeasturias.com\/noticias\/wp-json\/wp\/v2\/types\/post"}],"author":[{"embeddable":true,"href":"https:\/\/www.eldigitaldeasturias.com\/noticias\/wp-json\/wp\/v2\/users\/1"}],"replies":[{"embeddable":true,"href":"https:\/\/www.eldigitaldeasturias.com\/noticias\/wp-json\/wp\/v2\/comments?post=951623"}],"version-history":[{"count":0,"href":"https:\/\/www.eldigitaldeasturias.com\/noticias\/wp-json\/wp\/v2\/posts\/951623\/revisions"}],"wp:attachment":[{"href":"https:\/\/www.eldigitaldeasturias.com\/noticias\/wp-json\/wp\/v2\/media?parent=951623"}],"wp:term":[{"taxonomy":"category","embeddable":true,"href":"https:\/\/www.eldigitaldeasturias.com\/noticias\/wp-json\/wp\/v2\/categories?post=951623"},{"taxonomy":"post_tag","embeddable":true,"href":"https:\/\/www.eldigitaldeasturias.com\/noticias\/wp-json\/wp\/v2\/tags?post=951623"}],"curies":[{"name":"wp","href":"https:\/\/api.w.org\/{rel}","templated":true}]}}