{"id":951620,"date":"2017-09-03T14:34:41","date_gmt":"2017-09-03T14:34:41","guid":{"rendered":"http:\/\/www.eldigitaldeasturias.com\/noticias\/?p=951620"},"modified":"2017-09-03T14:34:41","modified_gmt":"2017-09-03T14:34:41","slug":"broto-en-binefar-los-mayores-son-una-de-nuestras-mayores-responsabilidades","status":"publish","type":"post","link":"https:\/\/www.eldigitaldeasturias.com\/noticias\/broto-en-binefar-los-mayores-son-una-de-nuestras-mayores-responsabilidades\/","title":{"rendered":"Broto en Bin\u00e9far: \u201cLos mayores son una de nuestras mayores responsabilidades\u00bb"},"content":{"rendered":"<p><img loading=\"lazy\" decoding=\"async\" class=\"alignleft size-medium wp-image-951621\" src=\"https:\/\/www.eldigitaldeasturias.com\/noticias\/wp-content\/uploads\/2017\/09\/binefar-360x243.jpg\" alt=\"\" width=\"360\" height=\"243\" \/>La consejera de Ciudadan\u00eda y Derechos Sociales, Mar\u00eda Victoria Broto, ha anunciado hoy que el Hogar de Mayores del Instituto Aragon\u00e9s de Servicios Sociales (IASS) en Bin\u00e9far contar\u00e1, en breve, con el Programa de Promoci\u00f3n de la Autonom\u00eda Personal (PAP) destinado a dependientes leves y moderados de grado I.<\/p>\n<p>Broto ha hecho este anuncio en el transcurso del homenaje a los socios nonagenarios de la Asociaci\u00f3n de la Tercera Edad de Bin\u00e9far y Comarca. All\u00ed, ha estado acompa\u00f1ada por el presidente de la asociaci\u00f3n, Julio Olles; el alcalde de Bin\u00e9far, Alfonso Ad\u00e1n; y el obispo de la Di\u00f3cesis de Barbastro-Monz\u00f3n, \u00c1ngel P\u00e9rez, as\u00ed como de m\u00e1s de 200 socios de la entidad organizadora.<\/p>\n<p>\u201cLos mayores son una de nuestras mayores responsabilidades, trabajamos para conseguir que tengan una mejor calidad de vida\u201d, ha dicho la consejera antes de reiterar el compromiso del Gobierno de Arag\u00f3n con este sector de la poblaci\u00f3n. Ha recordado, asimismo, que el Ejecutivo cuenta este a\u00f1o con el mayor presupuesto de la historia en materia de servicios sociales y que en dos a\u00f1os ha conseguido dar la vuelta al sistema de la dependencia.<\/p>\n<p>Adem\u00e1s, ha a\u00f1adido, el IASS ha aumentado el n\u00famero de plazas concertadas en las dos residencias de mayores de la comarca de La Litera.<\/p>\n<p>Respecto al PAP, que pronto comenzar\u00e1 a funcionar en Bin\u00e9far, ha recordado que su objetivo es lograr que los dependientes de grado I tengan una mejor calidad de vida y que su estado no empeore. El hogar de Bin\u00e9far se une as\u00ed a los otros 18 que ya cuentan con este programa en todo Arag\u00f3n.<\/p>\n<p>Al final del acto se entregar\u00e1n unas placas a tres de los socios nonagenarios de la asociaci\u00f3n: Emilia Gibanel, Nicomedes Campos y Antonio Ardanui.<\/p>\n","protected":false},"excerpt":{"rendered":"<p>La consejera de Ciudadan\u00eda y Derechos Sociales, Mar\u00eda Victoria Broto, ha anunciado hoy que el Hogar de Mayores del Instituto Aragon\u00e9s de Servicios Sociales (IASS) en Bin\u00e9far contar\u00e1, en breve, con el Programa de Promoci\u00f3n de la Autonom\u00eda Personal (PAP) destinado a dependientes leves y moderados de grado I. Broto ha hecho este anuncio en [&hellip;]<\/p>\n","protected":false},"author":1,"featured_media":951621,"comment_status":"closed","ping_status":"closed","sticky":false,"template":"","format":"standard","meta":{"footnotes":""},"categories":[1],"tags":[],"class_list":["post-951620","post","type-post","status-publish","format-standard","has-post-thumbnail","hentry","category-actualidad"],"aioseo_notices":[],"aioseo_head":"\n\t\t<!-- All in One SEO Pro 5.0.1 - aioseo.com -->\n\t<meta name=\"description\" content=\"La consejera de Ciudadan\u00eda y Derechos Sociales, Mar\u00eda Victoria Broto, ha anunciado hoy que el Hogar de Mayores del Instituto Aragon\u00e9s de Servicios Sociales (IASS) en Bin\u00e9far contar\u00e1, en breve, con el Programa de Promoci\u00f3n de la Autonom\u00eda Personal (PAP) destinado a dependientes leves y moderados de grado I. Broto ha hecho este anuncio en\" \/>\n\t<meta name=\"robots\" content=\"max-image-preview:large\" \/>\n\t<meta name=\"author\" content=\"El Digital de Asturias\"\/>\n\t<meta name=\"google-site-verification\" content=\"UA-38556648-1\" \/>\n\t<meta name=\"msvalidate.01\" content=\"7dfe9f3f1b24437ab69f4f2559babe99\" \/>\n\t<meta name=\"keywords\" content=\"actualidad\" \/>\n\t<link rel=\"canonical\" href=\"https:\/\/www.eldigitaldeasturias.com\/noticias\/broto-en-binefar-los-mayores-son-una-de-nuestras-mayores-responsabilidades\/\" \/>\n\t<meta name=\"generator\" content=\"All in One SEO Pro (AIOSEO) 5.0.1\" \/>\n\t\t<meta property=\"og:locale\" content=\"es_ES\" \/>\n\t\t<meta property=\"og:site_name\" content=\"El Digital de Asturias\" \/>\n\t\t<meta property=\"og:type\" content=\"article\" \/>\n\t\t<meta property=\"og:title\" content=\"Broto en Bin\u00e9far: \u201cLos mayores son una de nuestras mayores responsabilidades\u00bb - El Digital de Asturias\" \/>\n\t\t<meta property=\"og:description\" content=\"La consejera de Ciudadan\u00eda y Derechos Sociales, Mar\u00eda Victoria Broto, ha anunciado hoy que el Hogar de Mayores del Instituto Aragon\u00e9s de Servicios Sociales (IASS) en Bin\u00e9far contar\u00e1, en breve, con el Programa de Promoci\u00f3n de la Autonom\u00eda Personal (PAP) destinado a dependientes leves y moderados de grado I. Broto ha hecho este anuncio en\" \/>\n\t\t<meta property=\"og:url\" content=\"https:\/\/www.eldigitaldeasturias.com\/noticias\/broto-en-binefar-los-mayores-son-una-de-nuestras-mayores-responsabilidades\/\" \/>\n\t\t<meta property=\"article:tag\" content=\"actualidad\" \/>\n\t\t<meta property=\"article:published_time\" content=\"2017-09-03T14:34:41+00:00\" \/>\n\t\t<meta property=\"article:modified_time\" content=\"2017-09-03T14:34:41+00:00\" \/>\n\t\t<meta property=\"article:publisher\" content=\"https:\/\/facebook.com\/eldigitaldeasturias\" \/>\n\t\t<meta name=\"twitter:card\" content=\"summary_large_image\" \/>\n\t\t<meta name=\"twitter:title\" content=\"Broto en Bin\u00e9far: \u201cLos mayores son una de nuestras mayores responsabilidades\u00bb - El Digital de Asturias\" \/>\n\t\t<meta name=\"twitter:description\" content=\"La consejera de Ciudadan\u00eda y Derechos Sociales, Mar\u00eda Victoria Broto, ha anunciado hoy que el Hogar de Mayores del Instituto Aragon\u00e9s de Servicios Sociales (IASS) en Bin\u00e9far contar\u00e1, en breve, con el Programa de Promoci\u00f3n de la Autonom\u00eda Personal (PAP) destinado a dependientes leves y moderados de grado I. Broto ha hecho este anuncio en\" \/>\n\t\t<meta name=\"twitter:image\" content=\"https:\/\/www.eldigitaldeasturias.com\/noticias\/wp-content\/uploads\/2020\/12\/EDA-1.jpg\" \/>\n\t\t<meta name=\"twitter:label1\" content=\"Escrito por\" \/>\n\t\t<meta name=\"twitter:data1\" content=\"El Digital de Asturias\" \/>\n\t\t<meta name=\"twitter:label2\" content=\"Tiempo de lectura estimado\" \/>\n\t\t<meta name=\"twitter:data2\" content=\"2 minutos\" \/>\n\t\t<script type=\"application\/ld+json\" class=\"aioseo-schema\">\n\t\t\t{\"@context\":\"https:\\\/\\\/schema.org\",\"@graph\":[{\"@type\":\"BlogPosting\",\"@id\":\"https:\\\/\\\/www.eldigitaldeasturias.com\\\/noticias\\\/broto-en-binefar-los-mayores-son-una-de-nuestras-mayores-responsabilidades\\\/#blogposting\",\"name\":\"Broto en Bin\\u00e9far: \\u201cLos mayores son una de nuestras mayores responsabilidades\\u00bb - El Digital de Asturias\",\"headline\":\"Broto en Bin\\u00e9far: \\u201cLos mayores son una de nuestras mayores responsabilidades\\u00bb\",\"author\":{\"@id\":\"https:\\\/\\\/www.eldigitaldeasturias.com\\\/noticias\\\/author\\\/admin\\\/#author\"},\"publisher\":{\"@id\":\"https:\\\/\\\/www.eldigitaldeasturias.com\\\/noticias\\\/#organization\"},\"image\":{\"@type\":\"ImageObject\",\"url\":951621},\"datePublished\":\"2017-09-03T14:34:41+02:00\",\"dateModified\":\"2017-09-03T14:34:41+02:00\",\"inLanguage\":\"es-ES\",\"mainEntityOfPage\":{\"@id\":\"https:\\\/\\\/www.eldigitaldeasturias.com\\\/noticias\\\/broto-en-binefar-los-mayores-son-una-de-nuestras-mayores-responsabilidades\\\/#webpage\"},\"isPartOf\":{\"@id\":\"https:\\\/\\\/www.eldigitaldeasturias.com\\\/noticias\\\/broto-en-binefar-los-mayores-son-una-de-nuestras-mayores-responsabilidades\\\/#webpage\"},\"articleSection\":\"Actualidad\"},{\"@type\":\"BreadcrumbList\",\"@id\":\"https:\\\/\\\/www.eldigitaldeasturias.com\\\/noticias\\\/broto-en-binefar-los-mayores-son-una-de-nuestras-mayores-responsabilidades\\\/#breadcrumblist\",\"itemListElement\":[{\"@type\":\"ListItem\",\"@id\":\"https:\\\/\\\/www.eldigitaldeasturias.com\\\/noticias#listItem\",\"position\":1,\"name\":\"Home\",\"item\":\"https:\\\/\\\/www.eldigitaldeasturias.com\\\/noticias\",\"nextItem\":{\"@type\":\"ListItem\",\"@id\":\"https:\\\/\\\/www.eldigitaldeasturias.com\\\/noticias\\\/category\\\/actualidad\\\/#listItem\",\"name\":\"Actualidad\"}},{\"@type\":\"ListItem\",\"@id\":\"https:\\\/\\\/www.eldigitaldeasturias.com\\\/noticias\\\/category\\\/actualidad\\\/#listItem\",\"position\":2,\"name\":\"Actualidad\",\"item\":\"https:\\\/\\\/www.eldigitaldeasturias.com\\\/noticias\\\/category\\\/actualidad\\\/\",\"nextItem\":{\"@type\":\"ListItem\",\"@id\":\"https:\\\/\\\/www.eldigitaldeasturias.com\\\/noticias\\\/broto-en-binefar-los-mayores-son-una-de-nuestras-mayores-responsabilidades\\\/#listItem\",\"name\":\"Broto en Bin\\u00e9far: \\u201cLos mayores son una de nuestras mayores responsabilidades\\u00bb\"},\"previousItem\":{\"@type\":\"ListItem\",\"@id\":\"https:\\\/\\\/www.eldigitaldeasturias.com\\\/noticias#listItem\",\"name\":\"Home\"}},{\"@type\":\"ListItem\",\"@id\":\"https:\\\/\\\/www.eldigitaldeasturias.com\\\/noticias\\\/broto-en-binefar-los-mayores-son-una-de-nuestras-mayores-responsabilidades\\\/#listItem\",\"position\":3,\"name\":\"Broto en Bin\\u00e9far: \\u201cLos mayores son una de nuestras mayores responsabilidades\\u00bb\",\"previousItem\":{\"@type\":\"ListItem\",\"@id\":\"https:\\\/\\\/www.eldigitaldeasturias.com\\\/noticias\\\/category\\\/actualidad\\\/#listItem\",\"name\":\"Actualidad\"}}]},{\"@type\":\"Organization\",\"@id\":\"https:\\\/\\\/www.eldigitaldeasturias.com\\\/noticias\\\/#organization\",\"name\":\"El Digital de Asturias\",\"description\":\"Hemeroteca\",\"url\":\"https:\\\/\\\/www.eldigitaldeasturias.com\\\/noticias\\\/\",\"email\":\"info@eldigitaldeasturias.com\",\"telephone\":\"+34652131393\",\"logo\":{\"@type\":\"ImageObject\",\"url\":\"https:\\\/\\\/www.eldigitaldeasturias.com\\\/noticias\\\/wp-content\\\/uploads\\\/2020\\\/12\\\/EDA.jpg\",\"@id\":\"https:\\\/\\\/www.eldigitaldeasturias.com\\\/noticias\\\/broto-en-binefar-los-mayores-son-una-de-nuestras-mayores-responsabilidades\\\/#organizationLogo\"},\"image\":{\"@id\":\"https:\\\/\\\/www.eldigitaldeasturias.com\\\/noticias\\\/broto-en-binefar-los-mayores-son-una-de-nuestras-mayores-responsabilidades\\\/#organizationLogo\"},\"sameAs\":[\"https:\\\/\\\/facebook.com\\\/eldigitaldeasturias\",\"https:\\\/\\\/www.youtube.com\\\/channel\\\/UCZP-2wLEB9Rv6erhFmqVnvg\"],\"address\":{\"@id\":\"https:\\\/\\\/www.eldigitaldeasturias.com\\\/noticias\\\/#postaladdress\",\"@type\":\"PostalAddress\",\"streetAddress\":\"san antonio 4\",\"postalCode\":\"33430\",\"addressLocality\":\"Cand\\u00e1s\",\"addressRegion\":\"Asturias\",\"addressCountry\":\"ES\"}},{\"@type\":\"Person\",\"@id\":\"https:\\\/\\\/www.eldigitaldeasturias.com\\\/noticias\\\/author\\\/admin\\\/#author\",\"url\":\"https:\\\/\\\/www.eldigitaldeasturias.com\\\/noticias\\\/author\\\/admin\\\/\",\"name\":\"El Digital de Asturias\",\"image\":{\"@type\":\"ImageObject\",\"@id\":\"https:\\\/\\\/www.eldigitaldeasturias.com\\\/noticias\\\/broto-en-binefar-los-mayores-son-una-de-nuestras-mayores-responsabilidades\\\/#authorImage\",\"url\":\"https:\\\/\\\/secure.gravatar.com\\\/avatar\\\/df2aeffc32bcd13f8d26072ef8a91b623d677766deac7f97ca815868cd41bf5e?s=96&d=mm&r=g\",\"width\":96,\"height\":96,\"caption\":\"El Digital de Asturias\"}},{\"@type\":\"WebPage\",\"@id\":\"https:\\\/\\\/www.eldigitaldeasturias.com\\\/noticias\\\/broto-en-binefar-los-mayores-son-una-de-nuestras-mayores-responsabilidades\\\/#webpage\",\"url\":\"https:\\\/\\\/www.eldigitaldeasturias.com\\\/noticias\\\/broto-en-binefar-los-mayores-son-una-de-nuestras-mayores-responsabilidades\\\/\",\"name\":\"Broto en Bin\\u00e9far: \\u201cLos mayores son una de nuestras mayores responsabilidades\\u00bb - El Digital de Asturias\",\"description\":\"La consejera de Ciudadan\\u00eda y Derechos Sociales, Mar\\u00eda Victoria Broto, ha anunciado hoy que el Hogar de Mayores del Instituto Aragon\\u00e9s de Servicios Sociales (IASS) en Bin\\u00e9far contar\\u00e1, en breve, con el Programa de Promoci\\u00f3n de la Autonom\\u00eda Personal (PAP) destinado a dependientes leves y moderados de grado I. Broto ha hecho este anuncio en\",\"inLanguage\":\"es-ES\",\"isPartOf\":{\"@id\":\"https:\\\/\\\/www.eldigitaldeasturias.com\\\/noticias\\\/#website\"},\"breadcrumb\":{\"@id\":\"https:\\\/\\\/www.eldigitaldeasturias.com\\\/noticias\\\/broto-en-binefar-los-mayores-son-una-de-nuestras-mayores-responsabilidades\\\/#breadcrumblist\"},\"author\":{\"@id\":\"https:\\\/\\\/www.eldigitaldeasturias.com\\\/noticias\\\/author\\\/admin\\\/#author\"},\"creator\":{\"@id\":\"https:\\\/\\\/www.eldigitaldeasturias.com\\\/noticias\\\/author\\\/admin\\\/#author\"},\"image\":{\"@type\":\"ImageObject\",\"url\":951621,\"@id\":\"https:\\\/\\\/www.eldigitaldeasturias.com\\\/noticias\\\/broto-en-binefar-los-mayores-son-una-de-nuestras-mayores-responsabilidades\\\/#mainImage\"},\"primaryImageOfPage\":{\"@id\":\"https:\\\/\\\/www.eldigitaldeasturias.com\\\/noticias\\\/broto-en-binefar-los-mayores-son-una-de-nuestras-mayores-responsabilidades\\\/#mainImage\"},\"datePublished\":\"2017-09-03T14:34:41+02:00\",\"dateModified\":\"2017-09-03T14:34:41+02:00\"},{\"@type\":\"WebSite\",\"@id\":\"https:\\\/\\\/www.eldigitaldeasturias.com\\\/noticias\\\/#website\",\"url\":\"https:\\\/\\\/www.eldigitaldeasturias.com\\\/noticias\\\/\",\"name\":\"El Digital de Asturias - Diario de actualidad y noticias\",\"alternateName\":\"El Digital de Asturias - Diario de actualidad y noticias\",\"description\":\"Hemeroteca\",\"inLanguage\":\"es-ES\",\"publisher\":{\"@id\":\"https:\\\/\\\/www.eldigitaldeasturias.com\\\/noticias\\\/#organization\"}}]}\n\t\t<\/script>\n\t\t<!-- All in One SEO Pro -->\r\n\t\t<title>Broto en Bin\u00e9far: \u201cLos mayores son una de nuestras mayores responsabilidades\u00bb - El Digital de Asturias<\/title>\n\n","aioseo_head_json":{"title":"Broto en Bin\u00e9far: \u201cLos mayores son una de nuestras mayores responsabilidades\u00bb - El Digital de Asturias","description":"La consejera de Ciudadan\u00eda y Derechos Sociales, Mar\u00eda Victoria Broto, ha anunciado hoy que el Hogar de Mayores del Instituto Aragon\u00e9s de Servicios Sociales (IASS) en Bin\u00e9far contar\u00e1, en breve, con el Programa de Promoci\u00f3n de la Autonom\u00eda Personal (PAP) destinado a dependientes leves y moderados de grado I. Broto ha hecho este anuncio en","canonical_url":"https:\/\/www.eldigitaldeasturias.com\/noticias\/broto-en-binefar-los-mayores-son-una-de-nuestras-mayores-responsabilidades\/","robots":"max-image-preview:large","keywords":"actualidad","webmasterTools":{"google-site-verification":"UA-38556648-1","msvalidate.01":"7dfe9f3f1b24437ab69f4f2559babe99","miscellaneous":""},"schema":{"@context":"https:\/\/schema.org","@graph":[{"@type":"BlogPosting","@id":"https:\/\/www.eldigitaldeasturias.com\/noticias\/broto-en-binefar-los-mayores-son-una-de-nuestras-mayores-responsabilidades\/#blogposting","name":"Broto en Bin\u00e9far: \u201cLos mayores son una de nuestras mayores responsabilidades\u00bb - El Digital de Asturias","headline":"Broto en Bin\u00e9far: \u201cLos mayores son una de nuestras mayores responsabilidades\u00bb","author":{"@id":"https:\/\/www.eldigitaldeasturias.com\/noticias\/author\/admin\/#author"},"publisher":{"@id":"https:\/\/www.eldigitaldeasturias.com\/noticias\/#organization"},"image":{"@type":"ImageObject","url":951621},"datePublished":"2017-09-03T14:34:41+02:00","dateModified":"2017-09-03T14:34:41+02:00","inLanguage":"es-ES","mainEntityOfPage":{"@id":"https:\/\/www.eldigitaldeasturias.com\/noticias\/broto-en-binefar-los-mayores-son-una-de-nuestras-mayores-responsabilidades\/#webpage"},"isPartOf":{"@id":"https:\/\/www.eldigitaldeasturias.com\/noticias\/broto-en-binefar-los-mayores-son-una-de-nuestras-mayores-responsabilidades\/#webpage"},"articleSection":"Actualidad"},{"@type":"BreadcrumbList","@id":"https:\/\/www.eldigitaldeasturias.com\/noticias\/broto-en-binefar-los-mayores-son-una-de-nuestras-mayores-responsabilidades\/#breadcrumblist","itemListElement":[{"@type":"ListItem","@id":"https:\/\/www.eldigitaldeasturias.com\/noticias#listItem","position":1,"name":"Home","item":"https:\/\/www.eldigitaldeasturias.com\/noticias","nextItem":{"@type":"ListItem","@id":"https:\/\/www.eldigitaldeasturias.com\/noticias\/category\/actualidad\/#listItem","name":"Actualidad"}},{"@type":"ListItem","@id":"https:\/\/www.eldigitaldeasturias.com\/noticias\/category\/actualidad\/#listItem","position":2,"name":"Actualidad","item":"https:\/\/www.eldigitaldeasturias.com\/noticias\/category\/actualidad\/","nextItem":{"@type":"ListItem","@id":"https:\/\/www.eldigitaldeasturias.com\/noticias\/broto-en-binefar-los-mayores-son-una-de-nuestras-mayores-responsabilidades\/#listItem","name":"Broto en Bin\u00e9far: \u201cLos mayores son una de nuestras mayores responsabilidades\u00bb"},"previousItem":{"@type":"ListItem","@id":"https:\/\/www.eldigitaldeasturias.com\/noticias#listItem","name":"Home"}},{"@type":"ListItem","@id":"https:\/\/www.eldigitaldeasturias.com\/noticias\/broto-en-binefar-los-mayores-son-una-de-nuestras-mayores-responsabilidades\/#listItem","position":3,"name":"Broto en Bin\u00e9far: \u201cLos mayores son una de nuestras mayores responsabilidades\u00bb","previousItem":{"@type":"ListItem","@id":"https:\/\/www.eldigitaldeasturias.com\/noticias\/category\/actualidad\/#listItem","name":"Actualidad"}}]},{"@type":"Organization","@id":"https:\/\/www.eldigitaldeasturias.com\/noticias\/#organization","name":"El Digital de Asturias","description":"Hemeroteca","url":"https:\/\/www.eldigitaldeasturias.com\/noticias\/","email":"info@eldigitaldeasturias.com","telephone":"+34652131393","logo":{"@type":"ImageObject","url":"https:\/\/www.eldigitaldeasturias.com\/noticias\/wp-content\/uploads\/2020\/12\/EDA.jpg","@id":"https:\/\/www.eldigitaldeasturias.com\/noticias\/broto-en-binefar-los-mayores-son-una-de-nuestras-mayores-responsabilidades\/#organizationLogo"},"image":{"@id":"https:\/\/www.eldigitaldeasturias.com\/noticias\/broto-en-binefar-los-mayores-son-una-de-nuestras-mayores-responsabilidades\/#organizationLogo"},"sameAs":["https:\/\/facebook.com\/eldigitaldeasturias","https:\/\/www.youtube.com\/channel\/UCZP-2wLEB9Rv6erhFmqVnvg"],"address":{"@id":"https:\/\/www.eldigitaldeasturias.com\/noticias\/#postaladdress","@type":"PostalAddress","streetAddress":"san antonio 4","postalCode":"33430","addressLocality":"Cand\u00e1s","addressRegion":"Asturias","addressCountry":"ES"}},{"@type":"Person","@id":"https:\/\/www.eldigitaldeasturias.com\/noticias\/author\/admin\/#author","url":"https:\/\/www.eldigitaldeasturias.com\/noticias\/author\/admin\/","name":"El Digital de Asturias","image":{"@type":"ImageObject","@id":"https:\/\/www.eldigitaldeasturias.com\/noticias\/broto-en-binefar-los-mayores-son-una-de-nuestras-mayores-responsabilidades\/#authorImage","url":"https:\/\/secure.gravatar.com\/avatar\/df2aeffc32bcd13f8d26072ef8a91b623d677766deac7f97ca815868cd41bf5e?s=96&d=mm&r=g","width":96,"height":96,"caption":"El Digital de Asturias"}},{"@type":"WebPage","@id":"https:\/\/www.eldigitaldeasturias.com\/noticias\/broto-en-binefar-los-mayores-son-una-de-nuestras-mayores-responsabilidades\/#webpage","url":"https:\/\/www.eldigitaldeasturias.com\/noticias\/broto-en-binefar-los-mayores-son-una-de-nuestras-mayores-responsabilidades\/","name":"Broto en Bin\u00e9far: \u201cLos mayores son una de nuestras mayores responsabilidades\u00bb - El Digital de Asturias","description":"La consejera de Ciudadan\u00eda y Derechos Sociales, Mar\u00eda Victoria Broto, ha anunciado hoy que el Hogar de Mayores del Instituto Aragon\u00e9s de Servicios Sociales (IASS) en Bin\u00e9far contar\u00e1, en breve, con el Programa de Promoci\u00f3n de la Autonom\u00eda Personal (PAP) destinado a dependientes leves y moderados de grado I. Broto ha hecho este anuncio en","inLanguage":"es-ES","isPartOf":{"@id":"https:\/\/www.eldigitaldeasturias.com\/noticias\/#website"},"breadcrumb":{"@id":"https:\/\/www.eldigitaldeasturias.com\/noticias\/broto-en-binefar-los-mayores-son-una-de-nuestras-mayores-responsabilidades\/#breadcrumblist"},"author":{"@id":"https:\/\/www.eldigitaldeasturias.com\/noticias\/author\/admin\/#author"},"creator":{"@id":"https:\/\/www.eldigitaldeasturias.com\/noticias\/author\/admin\/#author"},"image":{"@type":"ImageObject","url":951621,"@id":"https:\/\/www.eldigitaldeasturias.com\/noticias\/broto-en-binefar-los-mayores-son-una-de-nuestras-mayores-responsabilidades\/#mainImage"},"primaryImageOfPage":{"@id":"https:\/\/www.eldigitaldeasturias.com\/noticias\/broto-en-binefar-los-mayores-son-una-de-nuestras-mayores-responsabilidades\/#mainImage"},"datePublished":"2017-09-03T14:34:41+02:00","dateModified":"2017-09-03T14:34:41+02:00"},{"@type":"WebSite","@id":"https:\/\/www.eldigitaldeasturias.com\/noticias\/#website","url":"https:\/\/www.eldigitaldeasturias.com\/noticias\/","name":"El Digital de Asturias - Diario de actualidad y noticias","alternateName":"El Digital de Asturias - Diario de actualidad y noticias","description":"Hemeroteca","inLanguage":"es-ES","publisher":{"@id":"https:\/\/www.eldigitaldeasturias.com\/noticias\/#organization"}}]},"og:locale":"es_ES","og:site_name":"El Digital de Asturias","og:type":"article","og:title":"Broto en Bin\u00e9far: \u201cLos mayores son una de nuestras mayores responsabilidades\u00bb - El Digital de Asturias","og:description":"La consejera de Ciudadan\u00eda y Derechos Sociales, Mar\u00eda Victoria Broto, ha anunciado hoy que el Hogar de Mayores del Instituto Aragon\u00e9s de Servicios Sociales (IASS) en Bin\u00e9far contar\u00e1, en breve, con el Programa de Promoci\u00f3n de la Autonom\u00eda Personal (PAP) destinado a dependientes leves y moderados de grado I. Broto ha hecho este anuncio en","og:url":"https:\/\/www.eldigitaldeasturias.com\/noticias\/broto-en-binefar-los-mayores-son-una-de-nuestras-mayores-responsabilidades\/","article:tag":["actualidad"],"article:published_time":"2017-09-03T14:34:41+00:00","article:modified_time":"2017-09-03T14:34:41+00:00","article:publisher":"https:\/\/facebook.com\/eldigitaldeasturias","twitter:card":"summary_large_image","twitter:title":"Broto en Bin\u00e9far: \u201cLos mayores son una de nuestras mayores responsabilidades\u00bb - El Digital de Asturias","twitter:description":"La consejera de Ciudadan\u00eda y Derechos Sociales, Mar\u00eda Victoria Broto, ha anunciado hoy que el Hogar de Mayores del Instituto Aragon\u00e9s de Servicios Sociales (IASS) en Bin\u00e9far contar\u00e1, en breve, con el Programa de Promoci\u00f3n de la Autonom\u00eda Personal (PAP) destinado a dependientes leves y moderados de grado I. Broto ha hecho este anuncio en","twitter:image":"https:\/\/www.eldigitaldeasturias.com\/noticias\/wp-content\/uploads\/2020\/12\/EDA-1.jpg","twitter:label1":"Escrito por","twitter:data1":"El Digital de Asturias","twitter:label2":"Tiempo de lectura estimado","twitter:data2":"2 minutos"},"aioseo_meta_data":{"post_id":"951620","title":null,"description":null,"keywords":null,"keyphrases":null,"primary_term":null,"canonical_url":null,"og_title":null,"og_description":null,"og_object_type":"default","og_image_type":"default","og_image_url":null,"og_image_width":null,"og_image_height":null,"og_image_custom_url":null,"og_image_custom_fields":null,"og_video":null,"og_custom_url":null,"og_article_section":null,"og_article_tags":null,"twitter_use_og":false,"twitter_card":"default","twitter_image_type":"default","twitter_image_url":null,"twitter_image_custom_url":null,"twitter_image_custom_fields":null,"twitter_title":null,"twitter_description":null,"schema":{"blockGraphs":[],"customGraphs":[],"default":{"data":{"Article":[],"Course":[],"Dataset":[],"FAQPage":[],"Movie":[],"Person":[],"Product":[],"ProductReview":[],"Car":[],"Recipe":[],"Service":[],"SoftwareApplication":[],"WebPage":[]},"graphName":"","isEnabled":true},"graphs":[],"defaultGraph":"","defaultPostTypeGraph":""},"schema_type":null,"schema_type_options":null,"pillar_content":false,"robots_default":true,"robots_noindex":false,"robots_noarchive":false,"robots_nosnippet":false,"robots_nofollow":false,"robots_noimageindex":false,"robots_noodp":false,"robots_notranslate":false,"robots_max_snippet":null,"robots_max_videopreview":null,"robots_max_imagepreview":"large","priority":null,"frequency":null,"local_seo":null,"seo_analyzer_scan_date":"2025-12-05 19:51:08","breadcrumb_settings":null,"limit_modified_date":false,"open_ai":null,"ai":null,"created":"2020-12-21 12:58:13","updated":"2025-12-05 19:51:08","focus_keyword":null,"additional_keywords":null,"truseo_locale":null},"aioseo_breadcrumb":"<div class=\"aioseo-breadcrumbs\"><span class=\"aioseo-breadcrumb\">\n\t<a href=\"https:\/\/www.eldigitaldeasturias.com\/noticias\" title=\"Home\">Home<\/a>\n<\/span><span class=\"aioseo-breadcrumb-separator\">\u2013<\/span><span class=\"aioseo-breadcrumb\">\n\t<a href=\"https:\/\/www.eldigitaldeasturias.com\/noticias\/category\/actualidad\/\" title=\"Actualidad\">Actualidad<\/a>\n<\/span><span class=\"aioseo-breadcrumb-separator\">\u2013<\/span><span class=\"aioseo-breadcrumb\">\n\t<a href=\"https:\/\/www.eldigitaldeasturias.com\/noticias\/broto-en-binefar-los-mayores-son-una-de-nuestras-mayores-responsabilidades\/\" title=\"Broto en Bin\u00e9far: \u201cLos mayores son una de nuestras mayores responsabilidades\u00bb\">Broto en Bin\u00e9far: \u201cLos mayores son una de nuestras mayores responsabilidades\u00bb<\/a>\n<\/span><\/div>","aioseo_breadcrumb_json":[{"label":"Home","link":"https:\/\/www.eldigitaldeasturias.com\/noticias"},{"label":"Actualidad","link":"https:\/\/www.eldigitaldeasturias.com\/noticias\/category\/actualidad\/"},{"label":"Broto en Bin\u00e9far: \u201cLos mayores son una de nuestras mayores responsabilidades\u00bb","link":"https:\/\/www.eldigitaldeasturias.com\/noticias\/broto-en-binefar-los-mayores-son-una-de-nuestras-mayores-responsabilidades\/"}],"_links":{"self":[{"href":"https:\/\/www.eldigitaldeasturias.com\/noticias\/wp-json\/wp\/v2\/posts\/951620","targetHints":{"allow":["GET"]}}],"collection":[{"href":"https:\/\/www.eldigitaldeasturias.com\/noticias\/wp-json\/wp\/v2\/posts"}],"about":[{"href":"https:\/\/www.eldigitaldeasturias.com\/noticias\/wp-json\/wp\/v2\/types\/post"}],"author":[{"embeddable":true,"href":"https:\/\/www.eldigitaldeasturias.com\/noticias\/wp-json\/wp\/v2\/users\/1"}],"replies":[{"embeddable":true,"href":"https:\/\/www.eldigitaldeasturias.com\/noticias\/wp-json\/wp\/v2\/comments?post=951620"}],"version-history":[{"count":0,"href":"https:\/\/www.eldigitaldeasturias.com\/noticias\/wp-json\/wp\/v2\/posts\/951620\/revisions"}],"wp:attachment":[{"href":"https:\/\/www.eldigitaldeasturias.com\/noticias\/wp-json\/wp\/v2\/media?parent=951620"}],"wp:term":[{"taxonomy":"category","embeddable":true,"href":"https:\/\/www.eldigitaldeasturias.com\/noticias\/wp-json\/wp\/v2\/categories?post=951620"},{"taxonomy":"post_tag","embeddable":true,"href":"https:\/\/www.eldigitaldeasturias.com\/noticias\/wp-json\/wp\/v2\/tags?post=951620"}],"curies":[{"name":"wp","href":"https:\/\/api.w.org\/{rel}","templated":true}]}}