{"id":951600,"date":"2017-09-02T18:11:24","date_gmt":"2017-09-02T18:11:24","guid":{"rendered":"http:\/\/www.eldigitaldeasturias.com\/noticias\/?p=951600"},"modified":"2017-09-02T18:11:24","modified_gmt":"2017-09-02T18:11:24","slug":"lamban-ha-visitado-la-exposicion-de-masats-sobre-el-rodaje-de-viridiana-de-bunuel","status":"publish","type":"post","link":"https:\/\/www.eldigitaldeasturias.com\/noticias\/lamban-ha-visitado-la-exposicion-de-masats-sobre-el-rodaje-de-viridiana-de-bunuel\/","title":{"rendered":"Lamb\u00e1n ha visitado la exposici\u00f3n de Masats sobre el rodaje de Viridiana de Bu\u00f1uel"},"content":{"rendered":"<p><img loading=\"lazy\" decoding=\"async\" class=\"alignleft size-medium wp-image-951601\" src=\"https:\/\/www.eldigitaldeasturias.com\/noticias\/wp-content\/uploads\/2017\/09\/Bunuel-Masats1_e44593c8-360x159.jpg\" alt=\"\" width=\"360\" height=\"159\" \/>El Presidente de Arag\u00f3n, Javier Lamb\u00e1n, no ha querido dejar pasar la oportunidad de contemplar la exposici\u00f3n sobre el trabajo que Ram\u00f3n Masats realiz\u00f3 sobre el rodaje de Viridiana, a pocas horas de cerrar sus puertas en el IAACC Pablo Serrano. Junto a la consejera de Educaci\u00f3n, Cultura y Deporte, Mayte P\u00e9rez, ha resaltado el empe\u00f1o de su gobierno por recuperar, en materia cultural, nombres importantes \u00abde primera talla mundial\u00bb como Bu\u00f1uel o Goya o el de Santiago Ram\u00f3n y Cajal en el \u00e1mbito cient\u00edfico, as\u00ed como su af\u00e1n por \u00abrecuperar la presencia que deben tener en la tierra que les vio nacer\u00bb.<\/p>\n<p>Ha recordado que en 2018 se cumple el centenario de la llegada del cineasta calandino a la Residencia de Estudiantes, una efem\u00e9ride en la que trabaja el Departamento de Cultura, y que incluye la convocatoria de una beca para un residente aragon\u00e9s en este centro madrile\u00f1o en el curso que va a comenzar.<\/p>\n<p>En diciembre, el d\u00eda 14, se inaugurar\u00e1 en Madrid una exposici\u00f3n sobre la obra y vida de Bu\u00f1uel y en las mismas fechas se estrenar\u00e1 una obra de danza de Miguel \u00c1ngel Berna.<\/p>\n<p>El presidente Javier Lamb\u00e1n ha apuntado hoy que Arag\u00f3n debe ser en 2018 el espacio al que lleguen los seguidores del director turolense para seguir engrandeciendo, con base en su obra, \u00abla leyenda de un aut\u00e9ntico genio de la cultura universal\u00bb.<\/p>\n<p>La exposici\u00f3n<\/p>\n<p>Ram\u00f3n Masats, testigo excepcional de la Espa\u00f1a de los a\u00f1os cincuenta y sesenta, protagoniza la \u00faltima exposici\u00f3n del IAACC Pablo Serrano, donde se re\u00fanen un total de 35 fotograf\u00edas hasta ahora in\u00e9ditas correspondientes al rodaje de Viridiana y que podr\u00e1n verse hasta ma\u00f1ana, 3 de septiembre. Gracias a Antonio y Carlos Saura, con quienes manten\u00eda una relaci\u00f3n de amistad, Masats pudo \u2018infiltrarse\u2019 durante dos d\u00edas en el rodaje de la pel\u00edcula, durante los cuales decidi\u00f3 captar la figura de Bu\u00f1uel y as\u00ed documentar los distintos momentos de trabajo del director.<\/p>\n<p>Este es el n\u00facleo de la exposici\u00f3n Ram\u00f3n Masats. Bu\u00f1uel en Viridiana, donde Antonio Ans\u00f3n y Amparo Mart\u00ednez, como comisarios de la muestra y responsables de que estas fotograf\u00edas vean la luz por primera vez tras ser positivadas por Jos\u00e9 Manuel Castro Prieto, ofrecen al espectador un recorrido a trav\u00e9s de los distintos aspectos que comprende el rodaje de una pel\u00edcula, tomando siempre como punto de referencia la figura de Luis Bu\u00f1uel.<\/p>\n<p>La exposici\u00f3n, que cuenta con la publicaci\u00f3n de un cat\u00e1logo editado por Prensas Universitarias de Zaragoza con textos de los comisarios y de Agust\u00edn S\u00e1nchez Vidal, ser\u00e1 objeto de una itinerancia que incluir\u00e1 el Museo de Huesca, el Centro Bu\u00f1uel Calanda y el Museo de Teruel.<\/p>\n<p>El Gobierno de Arag\u00f3n trabaja en promocionar el trabajo de Bu\u00f1uel, a trav\u00e9s de iniciativas como el Festival Internacional Bu\u00f1uel-Calanda, una exposici\u00f3n sobre la obra y figura del genial calandino que se inaugurar\u00e1 el 14 de diciembre en Madrid o la versi\u00f3n en danza que ese mismo d\u00edas estrenar\u00e1n Miguel \u00c1ngel Berna y LaMov con el trabajo de este director aragon\u00e9s como trasfondo.<\/p>\n<p>La exposici\u00f3n se estructura en cinco secciones correspondientes al trabajo de Bu\u00f1uel con el guion, la labor con el equipo t\u00e9cnico, el trabajo de c\u00e1mara, el rodaje en exteriores y el rodaje en interiores, centrado en la escena correspondiente a la cena con los mendigos. Si bien algunas im\u00e1genes se refieren \u00fanicamente a la figura de Bu\u00f1uel, en otros casos se recogen momentos de trabajo con el resto del equipo (por ejemplo, en los casos del repaso del guion de Paco Rabal con Juan Luis Bu\u00f1uel, Luis Bu\u00f1uel y Concha Hidalgo, la preparaci\u00f3n de la toma entre Luis Bu\u00f1uel y Jos\u00e9 F. Aguayo, director de fotograf\u00eda de la pel\u00edcula, o el instante en que Luis Bu\u00f1uel da una serie de indicaciones a Lola Gaos, con la que volver\u00eda a contar para el rodaje de Tristana. Adem\u00e1s de mostrar al Bu\u00f1uel cineasta, estas im\u00e1genes revelan tambi\u00e9n el rostro humano del director.<\/p>\n<p>Adem\u00e1s de las im\u00e1genes tomadas durante el rodaje de Viridiana, la exposici\u00f3n incluye una vitrina con tres de las m\u00e1s importantes publicaciones de Ram\u00f3n Masats, como fueron Los Sanfermines con texto de Rafael Garc\u00eda Serrano, Neutral corner con textos de Ignacio Aldecoa y Viejas historias de Castilla la vieja con textos de Miguel Delibes, donde se re\u00fanen algunas de sus fotograf\u00edas m\u00e1s relevantes.<\/p>\n","protected":false},"excerpt":{"rendered":"<p>El Presidente de Arag\u00f3n, Javier Lamb\u00e1n, no ha querido dejar pasar la oportunidad de contemplar la exposici\u00f3n sobre el trabajo que Ram\u00f3n Masats realiz\u00f3 sobre el rodaje de Viridiana, a pocas horas de cerrar sus puertas en el IAACC Pablo Serrano. Junto a la consejera de Educaci\u00f3n, Cultura y Deporte, Mayte P\u00e9rez, ha resaltado el [&hellip;]<\/p>\n","protected":false},"author":1,"featured_media":951601,"comment_status":"closed","ping_status":"closed","sticky":false,"template":"","format":"standard","meta":{"footnotes":""},"categories":[1],"tags":[],"class_list":["post-951600","post","type-post","status-publish","format-standard","has-post-thumbnail","hentry","category-actualidad"],"aioseo_notices":[],"aioseo_head":"\n\t\t<!-- All in One SEO Pro 5.0.1 - aioseo.com -->\n\t<meta name=\"description\" content=\"El Presidente de Arag\u00f3n, Javier Lamb\u00e1n, no ha querido dejar pasar la oportunidad de contemplar la exposici\u00f3n sobre el trabajo que Ram\u00f3n Masats realiz\u00f3 sobre el rodaje de Viridiana, a pocas horas de cerrar sus puertas en el IAACC Pablo Serrano. Junto a la consejera de Educaci\u00f3n, Cultura y Deporte, Mayte P\u00e9rez, ha resaltado el\" \/>\n\t<meta name=\"robots\" content=\"max-image-preview:large\" \/>\n\t<meta name=\"author\" content=\"El Digital de Asturias\"\/>\n\t<meta name=\"google-site-verification\" content=\"UA-38556648-1\" \/>\n\t<meta name=\"msvalidate.01\" content=\"7dfe9f3f1b24437ab69f4f2559babe99\" \/>\n\t<meta name=\"keywords\" content=\"actualidad\" \/>\n\t<link rel=\"canonical\" href=\"https:\/\/www.eldigitaldeasturias.com\/noticias\/lamban-ha-visitado-la-exposicion-de-masats-sobre-el-rodaje-de-viridiana-de-bunuel\/\" \/>\n\t<meta name=\"generator\" content=\"All in One SEO Pro (AIOSEO) 5.0.1\" \/>\n\t\t<meta property=\"og:locale\" content=\"es_ES\" \/>\n\t\t<meta property=\"og:site_name\" content=\"El Digital de Asturias\" \/>\n\t\t<meta property=\"og:type\" content=\"article\" \/>\n\t\t<meta property=\"og:title\" content=\"Lamb\u00e1n ha visitado la exposici\u00f3n de Masats sobre el rodaje de Viridiana de Bu\u00f1uel - El Digital de Asturias\" \/>\n\t\t<meta property=\"og:description\" content=\"El Presidente de Arag\u00f3n, Javier Lamb\u00e1n, no ha querido dejar pasar la oportunidad de contemplar la exposici\u00f3n sobre el trabajo que Ram\u00f3n Masats realiz\u00f3 sobre el rodaje de Viridiana, a pocas horas de cerrar sus puertas en el IAACC Pablo Serrano. Junto a la consejera de Educaci\u00f3n, Cultura y Deporte, Mayte P\u00e9rez, ha resaltado el\" \/>\n\t\t<meta property=\"og:url\" content=\"https:\/\/www.eldigitaldeasturias.com\/noticias\/lamban-ha-visitado-la-exposicion-de-masats-sobre-el-rodaje-de-viridiana-de-bunuel\/\" \/>\n\t\t<meta property=\"article:tag\" content=\"actualidad\" \/>\n\t\t<meta property=\"article:published_time\" content=\"2017-09-02T18:11:24+00:00\" \/>\n\t\t<meta property=\"article:modified_time\" content=\"2017-09-02T18:11:24+00:00\" \/>\n\t\t<meta property=\"article:publisher\" content=\"https:\/\/facebook.com\/eldigitaldeasturias\" \/>\n\t\t<meta name=\"twitter:card\" content=\"summary_large_image\" \/>\n\t\t<meta name=\"twitter:title\" content=\"Lamb\u00e1n ha visitado la exposici\u00f3n de Masats sobre el rodaje de Viridiana de Bu\u00f1uel - El Digital de Asturias\" \/>\n\t\t<meta name=\"twitter:description\" content=\"El Presidente de Arag\u00f3n, Javier Lamb\u00e1n, no ha querido dejar pasar la oportunidad de contemplar la exposici\u00f3n sobre el trabajo que Ram\u00f3n Masats realiz\u00f3 sobre el rodaje de Viridiana, a pocas horas de cerrar sus puertas en el IAACC Pablo Serrano. Junto a la consejera de Educaci\u00f3n, Cultura y Deporte, Mayte P\u00e9rez, ha resaltado el\" \/>\n\t\t<meta name=\"twitter:image\" content=\"https:\/\/www.eldigitaldeasturias.com\/noticias\/wp-content\/uploads\/2020\/12\/EDA-1.jpg\" \/>\n\t\t<meta name=\"twitter:label1\" content=\"Escrito por\" \/>\n\t\t<meta name=\"twitter:data1\" content=\"El Digital de Asturias\" \/>\n\t\t<meta name=\"twitter:label2\" content=\"Tiempo de lectura estimado\" \/>\n\t\t<meta name=\"twitter:data2\" content=\"4 minutos\" \/>\n\t\t<script type=\"application\/ld+json\" class=\"aioseo-schema\">\n\t\t\t{\"@context\":\"https:\\\/\\\/schema.org\",\"@graph\":[{\"@type\":\"BlogPosting\",\"@id\":\"https:\\\/\\\/www.eldigitaldeasturias.com\\\/noticias\\\/lamban-ha-visitado-la-exposicion-de-masats-sobre-el-rodaje-de-viridiana-de-bunuel\\\/#blogposting\",\"name\":\"Lamb\\u00e1n ha visitado la exposici\\u00f3n de Masats sobre el rodaje de Viridiana de Bu\\u00f1uel - El Digital de Asturias\",\"headline\":\"Lamb\\u00e1n ha visitado la exposici\\u00f3n de Masats sobre el rodaje de Viridiana de Bu\\u00f1uel\",\"author\":{\"@id\":\"https:\\\/\\\/www.eldigitaldeasturias.com\\\/noticias\\\/author\\\/admin\\\/#author\"},\"publisher\":{\"@id\":\"https:\\\/\\\/www.eldigitaldeasturias.com\\\/noticias\\\/#organization\"},\"image\":{\"@type\":\"ImageObject\",\"url\":951601},\"datePublished\":\"2017-09-02T18:11:24+02:00\",\"dateModified\":\"2017-09-02T18:11:24+02:00\",\"inLanguage\":\"es-ES\",\"mainEntityOfPage\":{\"@id\":\"https:\\\/\\\/www.eldigitaldeasturias.com\\\/noticias\\\/lamban-ha-visitado-la-exposicion-de-masats-sobre-el-rodaje-de-viridiana-de-bunuel\\\/#webpage\"},\"isPartOf\":{\"@id\":\"https:\\\/\\\/www.eldigitaldeasturias.com\\\/noticias\\\/lamban-ha-visitado-la-exposicion-de-masats-sobre-el-rodaje-de-viridiana-de-bunuel\\\/#webpage\"},\"articleSection\":\"Actualidad\"},{\"@type\":\"BreadcrumbList\",\"@id\":\"https:\\\/\\\/www.eldigitaldeasturias.com\\\/noticias\\\/lamban-ha-visitado-la-exposicion-de-masats-sobre-el-rodaje-de-viridiana-de-bunuel\\\/#breadcrumblist\",\"itemListElement\":[{\"@type\":\"ListItem\",\"@id\":\"https:\\\/\\\/www.eldigitaldeasturias.com\\\/noticias#listItem\",\"position\":1,\"name\":\"Home\",\"item\":\"https:\\\/\\\/www.eldigitaldeasturias.com\\\/noticias\",\"nextItem\":{\"@type\":\"ListItem\",\"@id\":\"https:\\\/\\\/www.eldigitaldeasturias.com\\\/noticias\\\/category\\\/actualidad\\\/#listItem\",\"name\":\"Actualidad\"}},{\"@type\":\"ListItem\",\"@id\":\"https:\\\/\\\/www.eldigitaldeasturias.com\\\/noticias\\\/category\\\/actualidad\\\/#listItem\",\"position\":2,\"name\":\"Actualidad\",\"item\":\"https:\\\/\\\/www.eldigitaldeasturias.com\\\/noticias\\\/category\\\/actualidad\\\/\",\"nextItem\":{\"@type\":\"ListItem\",\"@id\":\"https:\\\/\\\/www.eldigitaldeasturias.com\\\/noticias\\\/lamban-ha-visitado-la-exposicion-de-masats-sobre-el-rodaje-de-viridiana-de-bunuel\\\/#listItem\",\"name\":\"Lamb\\u00e1n ha visitado la exposici\\u00f3n de Masats sobre el rodaje de Viridiana de Bu\\u00f1uel\"},\"previousItem\":{\"@type\":\"ListItem\",\"@id\":\"https:\\\/\\\/www.eldigitaldeasturias.com\\\/noticias#listItem\",\"name\":\"Home\"}},{\"@type\":\"ListItem\",\"@id\":\"https:\\\/\\\/www.eldigitaldeasturias.com\\\/noticias\\\/lamban-ha-visitado-la-exposicion-de-masats-sobre-el-rodaje-de-viridiana-de-bunuel\\\/#listItem\",\"position\":3,\"name\":\"Lamb\\u00e1n ha visitado la exposici\\u00f3n de Masats sobre el rodaje de Viridiana de Bu\\u00f1uel\",\"previousItem\":{\"@type\":\"ListItem\",\"@id\":\"https:\\\/\\\/www.eldigitaldeasturias.com\\\/noticias\\\/category\\\/actualidad\\\/#listItem\",\"name\":\"Actualidad\"}}]},{\"@type\":\"Organization\",\"@id\":\"https:\\\/\\\/www.eldigitaldeasturias.com\\\/noticias\\\/#organization\",\"name\":\"El Digital de Asturias\",\"description\":\"Hemeroteca\",\"url\":\"https:\\\/\\\/www.eldigitaldeasturias.com\\\/noticias\\\/\",\"email\":\"info@eldigitaldeasturias.com\",\"telephone\":\"+34652131393\",\"logo\":{\"@type\":\"ImageObject\",\"url\":\"https:\\\/\\\/www.eldigitaldeasturias.com\\\/noticias\\\/wp-content\\\/uploads\\\/2020\\\/12\\\/EDA.jpg\",\"@id\":\"https:\\\/\\\/www.eldigitaldeasturias.com\\\/noticias\\\/lamban-ha-visitado-la-exposicion-de-masats-sobre-el-rodaje-de-viridiana-de-bunuel\\\/#organizationLogo\"},\"image\":{\"@id\":\"https:\\\/\\\/www.eldigitaldeasturias.com\\\/noticias\\\/lamban-ha-visitado-la-exposicion-de-masats-sobre-el-rodaje-de-viridiana-de-bunuel\\\/#organizationLogo\"},\"sameAs\":[\"https:\\\/\\\/facebook.com\\\/eldigitaldeasturias\",\"https:\\\/\\\/www.youtube.com\\\/channel\\\/UCZP-2wLEB9Rv6erhFmqVnvg\"],\"address\":{\"@id\":\"https:\\\/\\\/www.eldigitaldeasturias.com\\\/noticias\\\/#postaladdress\",\"@type\":\"PostalAddress\",\"streetAddress\":\"san antonio 4\",\"postalCode\":\"33430\",\"addressLocality\":\"Cand\\u00e1s\",\"addressRegion\":\"Asturias\",\"addressCountry\":\"ES\"}},{\"@type\":\"Person\",\"@id\":\"https:\\\/\\\/www.eldigitaldeasturias.com\\\/noticias\\\/author\\\/admin\\\/#author\",\"url\":\"https:\\\/\\\/www.eldigitaldeasturias.com\\\/noticias\\\/author\\\/admin\\\/\",\"name\":\"El Digital de Asturias\",\"image\":{\"@type\":\"ImageObject\",\"@id\":\"https:\\\/\\\/www.eldigitaldeasturias.com\\\/noticias\\\/lamban-ha-visitado-la-exposicion-de-masats-sobre-el-rodaje-de-viridiana-de-bunuel\\\/#authorImage\",\"url\":\"https:\\\/\\\/secure.gravatar.com\\\/avatar\\\/df2aeffc32bcd13f8d26072ef8a91b623d677766deac7f97ca815868cd41bf5e?s=96&d=mm&r=g\",\"width\":96,\"height\":96,\"caption\":\"El Digital de Asturias\"}},{\"@type\":\"WebPage\",\"@id\":\"https:\\\/\\\/www.eldigitaldeasturias.com\\\/noticias\\\/lamban-ha-visitado-la-exposicion-de-masats-sobre-el-rodaje-de-viridiana-de-bunuel\\\/#webpage\",\"url\":\"https:\\\/\\\/www.eldigitaldeasturias.com\\\/noticias\\\/lamban-ha-visitado-la-exposicion-de-masats-sobre-el-rodaje-de-viridiana-de-bunuel\\\/\",\"name\":\"Lamb\\u00e1n ha visitado la exposici\\u00f3n de Masats sobre el rodaje de Viridiana de Bu\\u00f1uel - El Digital de Asturias\",\"description\":\"El Presidente de Arag\\u00f3n, Javier Lamb\\u00e1n, no ha querido dejar pasar la oportunidad de contemplar la exposici\\u00f3n sobre el trabajo que Ram\\u00f3n Masats realiz\\u00f3 sobre el rodaje de Viridiana, a pocas horas de cerrar sus puertas en el IAACC Pablo Serrano. Junto a la consejera de Educaci\\u00f3n, Cultura y Deporte, Mayte P\\u00e9rez, ha resaltado el\",\"inLanguage\":\"es-ES\",\"isPartOf\":{\"@id\":\"https:\\\/\\\/www.eldigitaldeasturias.com\\\/noticias\\\/#website\"},\"breadcrumb\":{\"@id\":\"https:\\\/\\\/www.eldigitaldeasturias.com\\\/noticias\\\/lamban-ha-visitado-la-exposicion-de-masats-sobre-el-rodaje-de-viridiana-de-bunuel\\\/#breadcrumblist\"},\"author\":{\"@id\":\"https:\\\/\\\/www.eldigitaldeasturias.com\\\/noticias\\\/author\\\/admin\\\/#author\"},\"creator\":{\"@id\":\"https:\\\/\\\/www.eldigitaldeasturias.com\\\/noticias\\\/author\\\/admin\\\/#author\"},\"image\":{\"@type\":\"ImageObject\",\"url\":951601,\"@id\":\"https:\\\/\\\/www.eldigitaldeasturias.com\\\/noticias\\\/lamban-ha-visitado-la-exposicion-de-masats-sobre-el-rodaje-de-viridiana-de-bunuel\\\/#mainImage\"},\"primaryImageOfPage\":{\"@id\":\"https:\\\/\\\/www.eldigitaldeasturias.com\\\/noticias\\\/lamban-ha-visitado-la-exposicion-de-masats-sobre-el-rodaje-de-viridiana-de-bunuel\\\/#mainImage\"},\"datePublished\":\"2017-09-02T18:11:24+02:00\",\"dateModified\":\"2017-09-02T18:11:24+02:00\"},{\"@type\":\"WebSite\",\"@id\":\"https:\\\/\\\/www.eldigitaldeasturias.com\\\/noticias\\\/#website\",\"url\":\"https:\\\/\\\/www.eldigitaldeasturias.com\\\/noticias\\\/\",\"name\":\"El Digital de Asturias - Diario de actualidad y noticias\",\"alternateName\":\"El Digital de Asturias - Diario de actualidad y noticias\",\"description\":\"Hemeroteca\",\"inLanguage\":\"es-ES\",\"publisher\":{\"@id\":\"https:\\\/\\\/www.eldigitaldeasturias.com\\\/noticias\\\/#organization\"}}]}\n\t\t<\/script>\n\t\t<!-- All in One SEO Pro -->\r\n\t\t<title>Lamb\u00e1n ha visitado la exposici\u00f3n de Masats sobre el rodaje de Viridiana de Bu\u00f1uel - El Digital de Asturias<\/title>\n\n","aioseo_head_json":{"title":"Lamb\u00e1n ha visitado la exposici\u00f3n de Masats sobre el rodaje de Viridiana de Bu\u00f1uel - El Digital de Asturias","description":"El Presidente de Arag\u00f3n, Javier Lamb\u00e1n, no ha querido dejar pasar la oportunidad de contemplar la exposici\u00f3n sobre el trabajo que Ram\u00f3n Masats realiz\u00f3 sobre el rodaje de Viridiana, a pocas horas de cerrar sus puertas en el IAACC Pablo Serrano. Junto a la consejera de Educaci\u00f3n, Cultura y Deporte, Mayte P\u00e9rez, ha resaltado el","canonical_url":"https:\/\/www.eldigitaldeasturias.com\/noticias\/lamban-ha-visitado-la-exposicion-de-masats-sobre-el-rodaje-de-viridiana-de-bunuel\/","robots":"max-image-preview:large","keywords":"actualidad","webmasterTools":{"google-site-verification":"UA-38556648-1","msvalidate.01":"7dfe9f3f1b24437ab69f4f2559babe99","miscellaneous":""},"schema":{"@context":"https:\/\/schema.org","@graph":[{"@type":"BlogPosting","@id":"https:\/\/www.eldigitaldeasturias.com\/noticias\/lamban-ha-visitado-la-exposicion-de-masats-sobre-el-rodaje-de-viridiana-de-bunuel\/#blogposting","name":"Lamb\u00e1n ha visitado la exposici\u00f3n de Masats sobre el rodaje de Viridiana de Bu\u00f1uel - El Digital de Asturias","headline":"Lamb\u00e1n ha visitado la exposici\u00f3n de Masats sobre el rodaje de Viridiana de Bu\u00f1uel","author":{"@id":"https:\/\/www.eldigitaldeasturias.com\/noticias\/author\/admin\/#author"},"publisher":{"@id":"https:\/\/www.eldigitaldeasturias.com\/noticias\/#organization"},"image":{"@type":"ImageObject","url":951601},"datePublished":"2017-09-02T18:11:24+02:00","dateModified":"2017-09-02T18:11:24+02:00","inLanguage":"es-ES","mainEntityOfPage":{"@id":"https:\/\/www.eldigitaldeasturias.com\/noticias\/lamban-ha-visitado-la-exposicion-de-masats-sobre-el-rodaje-de-viridiana-de-bunuel\/#webpage"},"isPartOf":{"@id":"https:\/\/www.eldigitaldeasturias.com\/noticias\/lamban-ha-visitado-la-exposicion-de-masats-sobre-el-rodaje-de-viridiana-de-bunuel\/#webpage"},"articleSection":"Actualidad"},{"@type":"BreadcrumbList","@id":"https:\/\/www.eldigitaldeasturias.com\/noticias\/lamban-ha-visitado-la-exposicion-de-masats-sobre-el-rodaje-de-viridiana-de-bunuel\/#breadcrumblist","itemListElement":[{"@type":"ListItem","@id":"https:\/\/www.eldigitaldeasturias.com\/noticias#listItem","position":1,"name":"Home","item":"https:\/\/www.eldigitaldeasturias.com\/noticias","nextItem":{"@type":"ListItem","@id":"https:\/\/www.eldigitaldeasturias.com\/noticias\/category\/actualidad\/#listItem","name":"Actualidad"}},{"@type":"ListItem","@id":"https:\/\/www.eldigitaldeasturias.com\/noticias\/category\/actualidad\/#listItem","position":2,"name":"Actualidad","item":"https:\/\/www.eldigitaldeasturias.com\/noticias\/category\/actualidad\/","nextItem":{"@type":"ListItem","@id":"https:\/\/www.eldigitaldeasturias.com\/noticias\/lamban-ha-visitado-la-exposicion-de-masats-sobre-el-rodaje-de-viridiana-de-bunuel\/#listItem","name":"Lamb\u00e1n ha visitado la exposici\u00f3n de Masats sobre el rodaje de Viridiana de Bu\u00f1uel"},"previousItem":{"@type":"ListItem","@id":"https:\/\/www.eldigitaldeasturias.com\/noticias#listItem","name":"Home"}},{"@type":"ListItem","@id":"https:\/\/www.eldigitaldeasturias.com\/noticias\/lamban-ha-visitado-la-exposicion-de-masats-sobre-el-rodaje-de-viridiana-de-bunuel\/#listItem","position":3,"name":"Lamb\u00e1n ha visitado la exposici\u00f3n de Masats sobre el rodaje de Viridiana de Bu\u00f1uel","previousItem":{"@type":"ListItem","@id":"https:\/\/www.eldigitaldeasturias.com\/noticias\/category\/actualidad\/#listItem","name":"Actualidad"}}]},{"@type":"Organization","@id":"https:\/\/www.eldigitaldeasturias.com\/noticias\/#organization","name":"El Digital de Asturias","description":"Hemeroteca","url":"https:\/\/www.eldigitaldeasturias.com\/noticias\/","email":"info@eldigitaldeasturias.com","telephone":"+34652131393","logo":{"@type":"ImageObject","url":"https:\/\/www.eldigitaldeasturias.com\/noticias\/wp-content\/uploads\/2020\/12\/EDA.jpg","@id":"https:\/\/www.eldigitaldeasturias.com\/noticias\/lamban-ha-visitado-la-exposicion-de-masats-sobre-el-rodaje-de-viridiana-de-bunuel\/#organizationLogo"},"image":{"@id":"https:\/\/www.eldigitaldeasturias.com\/noticias\/lamban-ha-visitado-la-exposicion-de-masats-sobre-el-rodaje-de-viridiana-de-bunuel\/#organizationLogo"},"sameAs":["https:\/\/facebook.com\/eldigitaldeasturias","https:\/\/www.youtube.com\/channel\/UCZP-2wLEB9Rv6erhFmqVnvg"],"address":{"@id":"https:\/\/www.eldigitaldeasturias.com\/noticias\/#postaladdress","@type":"PostalAddress","streetAddress":"san antonio 4","postalCode":"33430","addressLocality":"Cand\u00e1s","addressRegion":"Asturias","addressCountry":"ES"}},{"@type":"Person","@id":"https:\/\/www.eldigitaldeasturias.com\/noticias\/author\/admin\/#author","url":"https:\/\/www.eldigitaldeasturias.com\/noticias\/author\/admin\/","name":"El Digital de Asturias","image":{"@type":"ImageObject","@id":"https:\/\/www.eldigitaldeasturias.com\/noticias\/lamban-ha-visitado-la-exposicion-de-masats-sobre-el-rodaje-de-viridiana-de-bunuel\/#authorImage","url":"https:\/\/secure.gravatar.com\/avatar\/df2aeffc32bcd13f8d26072ef8a91b623d677766deac7f97ca815868cd41bf5e?s=96&d=mm&r=g","width":96,"height":96,"caption":"El Digital de Asturias"}},{"@type":"WebPage","@id":"https:\/\/www.eldigitaldeasturias.com\/noticias\/lamban-ha-visitado-la-exposicion-de-masats-sobre-el-rodaje-de-viridiana-de-bunuel\/#webpage","url":"https:\/\/www.eldigitaldeasturias.com\/noticias\/lamban-ha-visitado-la-exposicion-de-masats-sobre-el-rodaje-de-viridiana-de-bunuel\/","name":"Lamb\u00e1n ha visitado la exposici\u00f3n de Masats sobre el rodaje de Viridiana de Bu\u00f1uel - El Digital de Asturias","description":"El Presidente de Arag\u00f3n, Javier Lamb\u00e1n, no ha querido dejar pasar la oportunidad de contemplar la exposici\u00f3n sobre el trabajo que Ram\u00f3n Masats realiz\u00f3 sobre el rodaje de Viridiana, a pocas horas de cerrar sus puertas en el IAACC Pablo Serrano. Junto a la consejera de Educaci\u00f3n, Cultura y Deporte, Mayte P\u00e9rez, ha resaltado el","inLanguage":"es-ES","isPartOf":{"@id":"https:\/\/www.eldigitaldeasturias.com\/noticias\/#website"},"breadcrumb":{"@id":"https:\/\/www.eldigitaldeasturias.com\/noticias\/lamban-ha-visitado-la-exposicion-de-masats-sobre-el-rodaje-de-viridiana-de-bunuel\/#breadcrumblist"},"author":{"@id":"https:\/\/www.eldigitaldeasturias.com\/noticias\/author\/admin\/#author"},"creator":{"@id":"https:\/\/www.eldigitaldeasturias.com\/noticias\/author\/admin\/#author"},"image":{"@type":"ImageObject","url":951601,"@id":"https:\/\/www.eldigitaldeasturias.com\/noticias\/lamban-ha-visitado-la-exposicion-de-masats-sobre-el-rodaje-de-viridiana-de-bunuel\/#mainImage"},"primaryImageOfPage":{"@id":"https:\/\/www.eldigitaldeasturias.com\/noticias\/lamban-ha-visitado-la-exposicion-de-masats-sobre-el-rodaje-de-viridiana-de-bunuel\/#mainImage"},"datePublished":"2017-09-02T18:11:24+02:00","dateModified":"2017-09-02T18:11:24+02:00"},{"@type":"WebSite","@id":"https:\/\/www.eldigitaldeasturias.com\/noticias\/#website","url":"https:\/\/www.eldigitaldeasturias.com\/noticias\/","name":"El Digital de Asturias - Diario de actualidad y noticias","alternateName":"El Digital de Asturias - Diario de actualidad y noticias","description":"Hemeroteca","inLanguage":"es-ES","publisher":{"@id":"https:\/\/www.eldigitaldeasturias.com\/noticias\/#organization"}}]},"og:locale":"es_ES","og:site_name":"El Digital de Asturias","og:type":"article","og:title":"Lamb\u00e1n ha visitado la exposici\u00f3n de Masats sobre el rodaje de Viridiana de Bu\u00f1uel - El Digital de Asturias","og:description":"El Presidente de Arag\u00f3n, Javier Lamb\u00e1n, no ha querido dejar pasar la oportunidad de contemplar la exposici\u00f3n sobre el trabajo que Ram\u00f3n Masats realiz\u00f3 sobre el rodaje de Viridiana, a pocas horas de cerrar sus puertas en el IAACC Pablo Serrano. Junto a la consejera de Educaci\u00f3n, Cultura y Deporte, Mayte P\u00e9rez, ha resaltado el","og:url":"https:\/\/www.eldigitaldeasturias.com\/noticias\/lamban-ha-visitado-la-exposicion-de-masats-sobre-el-rodaje-de-viridiana-de-bunuel\/","article:tag":["actualidad"],"article:published_time":"2017-09-02T18:11:24+00:00","article:modified_time":"2017-09-02T18:11:24+00:00","article:publisher":"https:\/\/facebook.com\/eldigitaldeasturias","twitter:card":"summary_large_image","twitter:title":"Lamb\u00e1n ha visitado la exposici\u00f3n de Masats sobre el rodaje de Viridiana de Bu\u00f1uel - El Digital de Asturias","twitter:description":"El Presidente de Arag\u00f3n, Javier Lamb\u00e1n, no ha querido dejar pasar la oportunidad de contemplar la exposici\u00f3n sobre el trabajo que Ram\u00f3n Masats realiz\u00f3 sobre el rodaje de Viridiana, a pocas horas de cerrar sus puertas en el IAACC Pablo Serrano. Junto a la consejera de Educaci\u00f3n, Cultura y Deporte, Mayte P\u00e9rez, ha resaltado el","twitter:image":"https:\/\/www.eldigitaldeasturias.com\/noticias\/wp-content\/uploads\/2020\/12\/EDA-1.jpg","twitter:label1":"Escrito por","twitter:data1":"El Digital de Asturias","twitter:label2":"Tiempo de lectura estimado","twitter:data2":"4 minutos"},"aioseo_meta_data":{"post_id":"951600","title":null,"description":null,"keywords":null,"keyphrases":null,"primary_term":null,"canonical_url":null,"og_title":null,"og_description":null,"og_object_type":"default","og_image_type":"default","og_image_url":null,"og_image_width":null,"og_image_height":null,"og_image_custom_url":null,"og_image_custom_fields":null,"og_video":null,"og_custom_url":null,"og_article_section":null,"og_article_tags":null,"twitter_use_og":false,"twitter_card":"default","twitter_image_type":"default","twitter_image_url":null,"twitter_image_custom_url":null,"twitter_image_custom_fields":null,"twitter_title":null,"twitter_description":null,"schema":{"blockGraphs":[],"customGraphs":[],"default":{"data":{"Article":[],"Course":[],"Dataset":[],"FAQPage":[],"Movie":[],"Person":[],"Product":[],"ProductReview":[],"Car":[],"Recipe":[],"Service":[],"SoftwareApplication":[],"WebPage":[]},"graphName":"","isEnabled":true},"graphs":[],"defaultGraph":"","defaultPostTypeGraph":""},"schema_type":null,"schema_type_options":null,"pillar_content":false,"robots_default":true,"robots_noindex":false,"robots_noarchive":false,"robots_nosnippet":false,"robots_nofollow":false,"robots_noimageindex":false,"robots_noodp":false,"robots_notranslate":false,"robots_max_snippet":null,"robots_max_videopreview":null,"robots_max_imagepreview":"large","priority":null,"frequency":null,"local_seo":null,"seo_analyzer_scan_date":"2025-12-05 19:47:22","breadcrumb_settings":null,"limit_modified_date":false,"open_ai":null,"ai":null,"created":"2020-12-21 11:24:00","updated":"2025-12-05 19:47:22","focus_keyword":null,"additional_keywords":null,"truseo_locale":null},"aioseo_breadcrumb":"<div class=\"aioseo-breadcrumbs\"><span class=\"aioseo-breadcrumb\">\n\t<a href=\"https:\/\/www.eldigitaldeasturias.com\/noticias\" title=\"Home\">Home<\/a>\n<\/span><span class=\"aioseo-breadcrumb-separator\">\u2013<\/span><span class=\"aioseo-breadcrumb\">\n\t<a href=\"https:\/\/www.eldigitaldeasturias.com\/noticias\/category\/actualidad\/\" title=\"Actualidad\">Actualidad<\/a>\n<\/span><span class=\"aioseo-breadcrumb-separator\">\u2013<\/span><span class=\"aioseo-breadcrumb\">\n\t<a href=\"https:\/\/www.eldigitaldeasturias.com\/noticias\/lamban-ha-visitado-la-exposicion-de-masats-sobre-el-rodaje-de-viridiana-de-bunuel\/\" title=\"Lamb\u00e1n ha visitado la exposici\u00f3n de Masats sobre el rodaje de Viridiana de Bu\u00f1uel\">Lamb\u00e1n ha visitado la exposici\u00f3n de Masats sobre el rodaje de Viridiana de Bu\u00f1uel<\/a>\n<\/span><\/div>","aioseo_breadcrumb_json":[{"label":"Home","link":"https:\/\/www.eldigitaldeasturias.com\/noticias"},{"label":"Actualidad","link":"https:\/\/www.eldigitaldeasturias.com\/noticias\/category\/actualidad\/"},{"label":"Lamb\u00e1n ha visitado la exposici\u00f3n de Masats sobre el rodaje de Viridiana de Bu\u00f1uel","link":"https:\/\/www.eldigitaldeasturias.com\/noticias\/lamban-ha-visitado-la-exposicion-de-masats-sobre-el-rodaje-de-viridiana-de-bunuel\/"}],"_links":{"self":[{"href":"https:\/\/www.eldigitaldeasturias.com\/noticias\/wp-json\/wp\/v2\/posts\/951600","targetHints":{"allow":["GET"]}}],"collection":[{"href":"https:\/\/www.eldigitaldeasturias.com\/noticias\/wp-json\/wp\/v2\/posts"}],"about":[{"href":"https:\/\/www.eldigitaldeasturias.com\/noticias\/wp-json\/wp\/v2\/types\/post"}],"author":[{"embeddable":true,"href":"https:\/\/www.eldigitaldeasturias.com\/noticias\/wp-json\/wp\/v2\/users\/1"}],"replies":[{"embeddable":true,"href":"https:\/\/www.eldigitaldeasturias.com\/noticias\/wp-json\/wp\/v2\/comments?post=951600"}],"version-history":[{"count":0,"href":"https:\/\/www.eldigitaldeasturias.com\/noticias\/wp-json\/wp\/v2\/posts\/951600\/revisions"}],"wp:attachment":[{"href":"https:\/\/www.eldigitaldeasturias.com\/noticias\/wp-json\/wp\/v2\/media?parent=951600"}],"wp:term":[{"taxonomy":"category","embeddable":true,"href":"https:\/\/www.eldigitaldeasturias.com\/noticias\/wp-json\/wp\/v2\/categories?post=951600"},{"taxonomy":"post_tag","embeddable":true,"href":"https:\/\/www.eldigitaldeasturias.com\/noticias\/wp-json\/wp\/v2\/tags?post=951600"}],"curies":[{"name":"wp","href":"https:\/\/api.w.org\/{rel}","templated":true}]}}