{"id":951552,"date":"2017-08-31T20:17:01","date_gmt":"2017-08-31T20:17:01","guid":{"rendered":"http:\/\/www.eldigitaldeasturias.com\/noticias\/?p=951552"},"modified":"2017-08-31T20:17:01","modified_gmt":"2017-08-31T20:17:01","slug":"andalucia-controlara-la-oferta-formativa-de-academias-y-centros-de-ensenanza","status":"publish","type":"post","link":"https:\/\/www.eldigitaldeasturias.com\/noticias\/andalucia-controlara-la-oferta-formativa-de-academias-y-centros-de-ensenanza\/","title":{"rendered":"Andaluc\u00eda controlar\u00e1 la oferta formativa de academias y centros de ense\u00f1anza"},"content":{"rendered":"<p>La Consejer\u00eda de Salud, a trav\u00e9s de la Direcci\u00f3n General de Consumo y sus servicios provinciales, est\u00e1 llevando a cabo una campa\u00f1a de inspecci\u00f3n dirigida a academias y centros privados de ense\u00f1anza con el objetivo de comprobar el cumplimiento de la normativa vigente en materia de protecci\u00f3n de las personas consumidoras y usuarias y evitar as\u00ed que se oferten actividades de formaci\u00f3n sin las debidas garant\u00edas. En total, se realizar\u00e1n al menos 145 controles en las diferentes provincias andaluzas, en centros que imparten ense\u00f1anzas no regladas, es decir, que no conducen a la obtenci\u00f3n de un t\u00edtulo con validez acad\u00e9mica.<\/p>\n<p>La campa\u00f1a se incluye un a\u00f1o m\u00e1s en el Plan de Inspecci\u00f3n de Consumo, debido al volumen de quejas, reclamaciones y denuncias relacionadas con el sector, as\u00ed como a las irregularidades detectadas en anteriores campa\u00f1as de inspecci\u00f3n. Adem\u00e1s, se considera necesario continuar la labor de vigilancia del sector, especialmente en el actual contexto econ\u00f3mico y social, marcado por un aumento en la oferta de cursos de formaci\u00f3n que pueden crear expectativas de acceso a diferentes puestos de trabajo y de acreditaci\u00f3n de requerimientos exigidos a nivel profesional.<\/p>\n<p>En este sentido, las actuaciones se intensificar\u00e1n en aquellos aspectos que han demostrado ser m\u00e1s vulnerables respecto a los derechos de las personas consumidoras y usuarias, como son la informaci\u00f3n precontractual, la introducci\u00f3n de cl\u00e1usulas abusivas en los contratos, el control de la contrataci\u00f3n a distancia, etc. Para ello, la campa\u00f1a se centrar\u00e1 en dos \u00e1reas claras de intervenci\u00f3n: la publicidad y la informaci\u00f3n previa, y la contrataci\u00f3n.<\/p>\n<p>Se pondr\u00e1 el foco en comprobar que se facilita a los usuarios informaci\u00f3n completa y correcta acerca de las caracter\u00edsticas del centro y de los cursos ofertados, vigilando especialmente si se anuncia o no por parte de los centros la expedici\u00f3n de t\u00edtulos oficiales, as\u00ed como la homologaci\u00f3n de los cursos con alguna instituci\u00f3n oficial. Tambi\u00e9n se vigilar\u00e1 que los contratos de ense\u00f1anza y de la financiaci\u00f3n del coste de los cursos cumplan las disposiciones que protegen los derechos de las personas consumidoras y usuarias.<\/p>\n<p>Se incidir\u00e1 especialmente en cursos con modalidades de contrataci\u00f3n a distancia, fundamentalmente v\u00eda internet. Adem\u00e1s, se controlar\u00e1 de manera espec\u00edfica la publicidad e informaci\u00f3n precontractual en relaci\u00f3n con los cursos de idiomas, cuando hacen referencia en su publicidad a la acreditaci\u00f3n de niveles de competencia definidos en el Marco Com\u00fan Europeo de Referencia para las Lenguas (MCER) o a la obtenci\u00f3n de t\u00edtulos oficiales, as\u00ed como con los cursos que hacen referencia en su publicidad a la acreditaci\u00f3n de los certificados de profesionalidad.<\/p>\n<p>Se realizar\u00e1n tambi\u00e9n controles en academias que oferten cursos de preparaci\u00f3n de oposiciones, as\u00ed como en centros de ense\u00f1anza en cuya publicidad se anuncie acceso f\u00e1cil al mercado laboral. Consumo tambi\u00e9n velar\u00e1 por el cumplimiento de la normativa de aplicaci\u00f3n en aquellos centros en los que se ha detectado una especial incidencia de quejas, denuncias y reclamaciones.<\/p>\n<p>En el caso de que se detecten irregularidades, se remitir\u00e1n las actuaciones al departamento correspondiente para el inicio del oportuno procedimiento sancionador. En este sentido, la normativa establece sanciones que, para estos casos, pueden oscilar entre los 200 y los 60.000 euros en funci\u00f3n de la gravedad de la infracci\u00f3n.<\/p>\n<p>Esta campa\u00f1a se desarrolla en el marco del Plan de Inspecci\u00f3n de Consumo 2017, que comprende un total de 27 campa\u00f1as dirigidas a garantizar y reforzar la protecci\u00f3n de los derechos de las personas consumidoras y asegurar que los productos y servicios que est\u00e1n a la venta cumplen los requisitos de seguridad y calidad que exige la normativa vigente. El desarrollo del Plan supondr\u00e1 m\u00e1s de 8.000 controles y la toma de aproximadamente 300 muestras en los diferentes establecimientos que se inspeccionen.<\/p>\n<p>Datos de la campa\u00f1a del a\u00f1o anterior<\/p>\n<p>En la \u00faltima campa\u00f1a de inspecci\u00f3n a este tipo de establecimientos, realizada en 2016, se realizaron por los Servicios Provinciales de Consumo 167 actuaciones inspectoras en 138 centros de ense\u00f1anza. En total, 37 de esas actuaciones dieron actas positivas, es decir, detectaron alg\u00fan tipo de irregularidad, lo que supone el 22,16% del total.<\/p>\n<p>El mayor porcentaje de incumplimientos se detectaron en el hecho de no informar de las caracter\u00edsticas de los cursos impartidos y su precio en los folletos publicitarios; no exhibir en los lugares de atenci\u00f3n al p\u00fablico un cartel u otro elemento informativo de los cursos impartidos y su precio, ni del nombre de la persona f\u00edsica o jur\u00eddica responsable del centro, as\u00ed como la denominaci\u00f3n, direcci\u00f3n y localizaci\u00f3n del centro, y no disponer el centro de acreditaci\u00f3n por parte del organismo competente para la emisi\u00f3n de certificados de profesionalidad.<\/p>\n<p>Recomendaciones<\/p>\n<p>Antes de contratar un curso, se debe recabar toda la informaci\u00f3n del mismo, con especial atenci\u00f3n a los contenidos, metodolog\u00eda, duraci\u00f3n y programaci\u00f3n, t\u00edtulos o certificados que se expiden, titulaci\u00f3n o cualificaci\u00f3n profesional del personal docente del curso, precio total del curso y de los diferentes conceptos que lo forman (matr\u00edcula, inscripci\u00f3n, gastos de material, env\u00edo, etc.), as\u00ed como formas y modalidades de pago.<\/p>\n<p>Ante la posibilidad de financiar el pago del curso, es conveniente comparar distintas ofertas de financiaci\u00f3n y escoger la que m\u00e1s se adecue a los intereses particulares de cada persona. Si se opta por financiar el pago del curso, se puede solicitar a la entidad con la que se va a realizar la operaci\u00f3n una oferta vinculante en la que consten por escrito las condiciones de financiaci\u00f3n, especialmente el tipo de inter\u00e9s aplicable y las comisiones y gastos derivados de la concesi\u00f3n del cr\u00e9dito; el importe de los pagos para amortizar el cr\u00e9dito, y el n\u00famero de pagos, su periodicidad y fechas para su devengo. Hay que verificar que en el contrato no se faculta al centro de ense\u00f1anza a la cesi\u00f3n o subrogaci\u00f3n del cr\u00e9dito, salvo consentimiento expreso por parte de la persona usuaria.<\/p>\n<p>Una vez seleccionado el curso a realizar, es importante, antes de firmar el contrato, comprobar que se corresponda con lo acordado previamente con la empresa y con lo descrito en la publicidad. Una vez firmado el contrato se debe exigir una copia del mismo, as\u00ed como de todos los documentos que lo acompa\u00f1en, y un justificante o factura de los pagos realizados.<\/p>\n<p>Debe conservarse siempre la publicidad de las ofertas, ya que las condiciones relativas a las caracter\u00edsticas, finalidad y condiciones econ\u00f3micas que se incluyan en la misma ser\u00e1n exigibles en todo caso por la persona consumidora y usuaria, incluso a\u00fan cuando no figuren expresamente en el contrato celebrado. Si en la publicidad del curso se hace referencia a puntuaci\u00f3n en bolsas de trabajo, se recomienda solicitar la documentaci\u00f3n en la que se acredite la cuant\u00eda, el baremo y las condiciones para validar esa puntuaci\u00f3n, as\u00ed como la copia del convenio con la entidad o empresa que debe reconocer los puntos.<\/p>\n<p>Como norma general, los centros tienen la obligaci\u00f3n de disponer de documentos y folletos informativos, que deben estar a disposici\u00f3n del p\u00fablico hasta la finalizaci\u00f3n del curso, con la siguiente informaci\u00f3n: nombre del curso, duraci\u00f3n, horarios y contenido; clase de diploma, especificando que no se trata de un t\u00edtulo con validez acad\u00e9mica o profesional (salvo en los supuestos de cursos homologados); precio, incluyendo todos los conceptos del curso, e informaci\u00f3n relativa al centro, especificando denominaci\u00f3n, direcci\u00f3n, localizaci\u00f3n del mismo y nombre de la persona f\u00edsica o jur\u00eddica responsable.<\/p>\n<p>Por \u00faltimo, se recuerda a la ciudadan\u00eda que, ante cualquier duda o consulta sobre este tema, puede ponerse en contacto con Consumo Responde, un servicio gratuito de informaci\u00f3n y asesoramiento a las personas consumidoras y usuarias, impulsado por la Consejer\u00eda de Salud de la Junta de Andaluc\u00eda. Se trata de un servicio multicanal, al que se puede acceder de forma continuada a trav\u00e9s del n\u00famero de tel\u00e9fono 900 21 50 80, de la p\u00e1gina web www.consumoresponde.es, del correo electr\u00f3nico consumoresponde@juntadeandalucia.es o del perfil de Twitter @consumoresponde.<\/p>\n<p>Tambi\u00e9n se puede recibir asesoramiento en las delegaciones territoriales de Consumo presentes en todas las capitales de provincia, as\u00ed como en las Oficinas Municipales de Informaci\u00f3n al Consumidor (OMIC), y en las organizaciones de personas consumidoras y usuarias.<\/p>\n","protected":false},"excerpt":{"rendered":"<p>La Consejer\u00eda de Salud, a trav\u00e9s de la Direcci\u00f3n General de Consumo y sus servicios provinciales, est\u00e1 llevando a cabo una campa\u00f1a de inspecci\u00f3n dirigida a academias y centros privados de ense\u00f1anza con el objetivo de comprobar el cumplimiento de la normativa vigente en materia de protecci\u00f3n de las personas consumidoras y usuarias y evitar [&hellip;]<\/p>\n","protected":false},"author":1,"featured_media":951511,"comment_status":"closed","ping_status":"closed","sticky":false,"template":"","format":"standard","meta":{"footnotes":""},"categories":[1],"tags":[],"class_list":["post-951552","post","type-post","status-publish","format-standard","has-post-thumbnail","hentry","category-actualidad"],"aioseo_notices":[],"aioseo_head":"\n\t\t<!-- All in One SEO Pro 5.0.1 - aioseo.com -->\n\t<meta name=\"description\" content=\"La Consejer\u00eda de Salud, a trav\u00e9s de la Direcci\u00f3n General de Consumo y sus servicios provinciales, est\u00e1 llevando a cabo una campa\u00f1a de inspecci\u00f3n dirigida a academias y centros privados de ense\u00f1anza con el objetivo de comprobar el cumplimiento de la normativa vigente en materia de protecci\u00f3n de las personas consumidoras y usuarias y evitar\" \/>\n\t<meta name=\"robots\" content=\"max-image-preview:large\" \/>\n\t<meta name=\"author\" content=\"El Digital de Asturias\"\/>\n\t<meta name=\"google-site-verification\" content=\"UA-38556648-1\" \/>\n\t<meta name=\"msvalidate.01\" content=\"7dfe9f3f1b24437ab69f4f2559babe99\" \/>\n\t<meta name=\"keywords\" content=\"actualidad\" \/>\n\t<link rel=\"canonical\" href=\"https:\/\/www.eldigitaldeasturias.com\/noticias\/andalucia-controlara-la-oferta-formativa-de-academias-y-centros-de-ensenanza\/\" \/>\n\t<meta name=\"generator\" content=\"All in One SEO Pro (AIOSEO) 5.0.1\" \/>\n\t\t<meta property=\"og:locale\" content=\"es_ES\" \/>\n\t\t<meta property=\"og:site_name\" content=\"El Digital de Asturias\" \/>\n\t\t<meta property=\"og:type\" content=\"article\" \/>\n\t\t<meta property=\"og:title\" content=\"Andaluc\u00eda controlar\u00e1 la oferta formativa de academias y centros de ense\u00f1anza - El Digital de Asturias\" \/>\n\t\t<meta property=\"og:description\" content=\"La Consejer\u00eda de Salud, a trav\u00e9s de la Direcci\u00f3n General de Consumo y sus servicios provinciales, est\u00e1 llevando a cabo una campa\u00f1a de inspecci\u00f3n dirigida a academias y centros privados de ense\u00f1anza con el objetivo de comprobar el cumplimiento de la normativa vigente en materia de protecci\u00f3n de las personas consumidoras y usuarias y evitar\" \/>\n\t\t<meta property=\"og:url\" content=\"https:\/\/www.eldigitaldeasturias.com\/noticias\/andalucia-controlara-la-oferta-formativa-de-academias-y-centros-de-ensenanza\/\" \/>\n\t\t<meta property=\"article:tag\" content=\"actualidad\" \/>\n\t\t<meta property=\"article:published_time\" content=\"2017-08-31T20:17:01+00:00\" \/>\n\t\t<meta property=\"article:modified_time\" content=\"2017-08-31T20:17:01+00:00\" \/>\n\t\t<meta property=\"article:publisher\" content=\"https:\/\/facebook.com\/eldigitaldeasturias\" \/>\n\t\t<meta name=\"twitter:card\" content=\"summary_large_image\" \/>\n\t\t<meta name=\"twitter:title\" content=\"Andaluc\u00eda controlar\u00e1 la oferta formativa de academias y centros de ense\u00f1anza - El Digital de Asturias\" \/>\n\t\t<meta name=\"twitter:description\" content=\"La Consejer\u00eda de Salud, a trav\u00e9s de la Direcci\u00f3n General de Consumo y sus servicios provinciales, est\u00e1 llevando a cabo una campa\u00f1a de inspecci\u00f3n dirigida a academias y centros privados de ense\u00f1anza con el objetivo de comprobar el cumplimiento de la normativa vigente en materia de protecci\u00f3n de las personas consumidoras y usuarias y evitar\" \/>\n\t\t<meta name=\"twitter:image\" content=\"https:\/\/www.eldigitaldeasturias.com\/noticias\/wp-content\/uploads\/2020\/12\/EDA-1.jpg\" \/>\n\t\t<meta name=\"twitter:label1\" content=\"Escrito por\" \/>\n\t\t<meta name=\"twitter:data1\" content=\"El Digital de Asturias\" \/>\n\t\t<meta name=\"twitter:label2\" content=\"Tiempo de lectura estimado\" \/>\n\t\t<meta name=\"twitter:data2\" content=\"7 minutos\" \/>\n\t\t<script type=\"application\/ld+json\" class=\"aioseo-schema\">\n\t\t\t{\"@context\":\"https:\\\/\\\/schema.org\",\"@graph\":[{\"@type\":\"BlogPosting\",\"@id\":\"https:\\\/\\\/www.eldigitaldeasturias.com\\\/noticias\\\/andalucia-controlara-la-oferta-formativa-de-academias-y-centros-de-ensenanza\\\/#blogposting\",\"name\":\"Andaluc\\u00eda controlar\\u00e1 la oferta formativa de academias y centros de ense\\u00f1anza - El Digital de Asturias\",\"headline\":\"Andaluc\\u00eda controlar\\u00e1 la oferta formativa de academias y centros de ense\\u00f1anza\",\"author\":{\"@id\":\"https:\\\/\\\/www.eldigitaldeasturias.com\\\/noticias\\\/author\\\/admin\\\/#author\"},\"publisher\":{\"@id\":\"https:\\\/\\\/www.eldigitaldeasturias.com\\\/noticias\\\/#organization\"},\"image\":{\"@type\":\"ImageObject\",\"url\":951511},\"datePublished\":\"2017-08-31T20:17:01+02:00\",\"dateModified\":\"2017-08-31T20:17:01+02:00\",\"inLanguage\":\"es-ES\",\"mainEntityOfPage\":{\"@id\":\"https:\\\/\\\/www.eldigitaldeasturias.com\\\/noticias\\\/andalucia-controlara-la-oferta-formativa-de-academias-y-centros-de-ensenanza\\\/#webpage\"},\"isPartOf\":{\"@id\":\"https:\\\/\\\/www.eldigitaldeasturias.com\\\/noticias\\\/andalucia-controlara-la-oferta-formativa-de-academias-y-centros-de-ensenanza\\\/#webpage\"},\"articleSection\":\"Actualidad\"},{\"@type\":\"BreadcrumbList\",\"@id\":\"https:\\\/\\\/www.eldigitaldeasturias.com\\\/noticias\\\/andalucia-controlara-la-oferta-formativa-de-academias-y-centros-de-ensenanza\\\/#breadcrumblist\",\"itemListElement\":[{\"@type\":\"ListItem\",\"@id\":\"https:\\\/\\\/www.eldigitaldeasturias.com\\\/noticias#listItem\",\"position\":1,\"name\":\"Home\",\"item\":\"https:\\\/\\\/www.eldigitaldeasturias.com\\\/noticias\",\"nextItem\":{\"@type\":\"ListItem\",\"@id\":\"https:\\\/\\\/www.eldigitaldeasturias.com\\\/noticias\\\/category\\\/actualidad\\\/#listItem\",\"name\":\"Actualidad\"}},{\"@type\":\"ListItem\",\"@id\":\"https:\\\/\\\/www.eldigitaldeasturias.com\\\/noticias\\\/category\\\/actualidad\\\/#listItem\",\"position\":2,\"name\":\"Actualidad\",\"item\":\"https:\\\/\\\/www.eldigitaldeasturias.com\\\/noticias\\\/category\\\/actualidad\\\/\",\"nextItem\":{\"@type\":\"ListItem\",\"@id\":\"https:\\\/\\\/www.eldigitaldeasturias.com\\\/noticias\\\/andalucia-controlara-la-oferta-formativa-de-academias-y-centros-de-ensenanza\\\/#listItem\",\"name\":\"Andaluc\\u00eda controlar\\u00e1 la oferta formativa de academias y centros de ense\\u00f1anza\"},\"previousItem\":{\"@type\":\"ListItem\",\"@id\":\"https:\\\/\\\/www.eldigitaldeasturias.com\\\/noticias#listItem\",\"name\":\"Home\"}},{\"@type\":\"ListItem\",\"@id\":\"https:\\\/\\\/www.eldigitaldeasturias.com\\\/noticias\\\/andalucia-controlara-la-oferta-formativa-de-academias-y-centros-de-ensenanza\\\/#listItem\",\"position\":3,\"name\":\"Andaluc\\u00eda controlar\\u00e1 la oferta formativa de academias y centros de ense\\u00f1anza\",\"previousItem\":{\"@type\":\"ListItem\",\"@id\":\"https:\\\/\\\/www.eldigitaldeasturias.com\\\/noticias\\\/category\\\/actualidad\\\/#listItem\",\"name\":\"Actualidad\"}}]},{\"@type\":\"Organization\",\"@id\":\"https:\\\/\\\/www.eldigitaldeasturias.com\\\/noticias\\\/#organization\",\"name\":\"El Digital de Asturias\",\"description\":\"Hemeroteca\",\"url\":\"https:\\\/\\\/www.eldigitaldeasturias.com\\\/noticias\\\/\",\"email\":\"info@eldigitaldeasturias.com\",\"telephone\":\"+34652131393\",\"logo\":{\"@type\":\"ImageObject\",\"url\":\"https:\\\/\\\/www.eldigitaldeasturias.com\\\/noticias\\\/wp-content\\\/uploads\\\/2020\\\/12\\\/EDA.jpg\",\"@id\":\"https:\\\/\\\/www.eldigitaldeasturias.com\\\/noticias\\\/andalucia-controlara-la-oferta-formativa-de-academias-y-centros-de-ensenanza\\\/#organizationLogo\"},\"image\":{\"@id\":\"https:\\\/\\\/www.eldigitaldeasturias.com\\\/noticias\\\/andalucia-controlara-la-oferta-formativa-de-academias-y-centros-de-ensenanza\\\/#organizationLogo\"},\"sameAs\":[\"https:\\\/\\\/facebook.com\\\/eldigitaldeasturias\",\"https:\\\/\\\/www.youtube.com\\\/channel\\\/UCZP-2wLEB9Rv6erhFmqVnvg\"],\"address\":{\"@id\":\"https:\\\/\\\/www.eldigitaldeasturias.com\\\/noticias\\\/#postaladdress\",\"@type\":\"PostalAddress\",\"streetAddress\":\"san antonio 4\",\"postalCode\":\"33430\",\"addressLocality\":\"Cand\\u00e1s\",\"addressRegion\":\"Asturias\",\"addressCountry\":\"ES\"}},{\"@type\":\"Person\",\"@id\":\"https:\\\/\\\/www.eldigitaldeasturias.com\\\/noticias\\\/author\\\/admin\\\/#author\",\"url\":\"https:\\\/\\\/www.eldigitaldeasturias.com\\\/noticias\\\/author\\\/admin\\\/\",\"name\":\"El Digital de Asturias\",\"image\":{\"@type\":\"ImageObject\",\"@id\":\"https:\\\/\\\/www.eldigitaldeasturias.com\\\/noticias\\\/andalucia-controlara-la-oferta-formativa-de-academias-y-centros-de-ensenanza\\\/#authorImage\",\"url\":\"https:\\\/\\\/secure.gravatar.com\\\/avatar\\\/df2aeffc32bcd13f8d26072ef8a91b623d677766deac7f97ca815868cd41bf5e?s=96&d=mm&r=g\",\"width\":96,\"height\":96,\"caption\":\"El Digital de Asturias\"}},{\"@type\":\"WebPage\",\"@id\":\"https:\\\/\\\/www.eldigitaldeasturias.com\\\/noticias\\\/andalucia-controlara-la-oferta-formativa-de-academias-y-centros-de-ensenanza\\\/#webpage\",\"url\":\"https:\\\/\\\/www.eldigitaldeasturias.com\\\/noticias\\\/andalucia-controlara-la-oferta-formativa-de-academias-y-centros-de-ensenanza\\\/\",\"name\":\"Andaluc\\u00eda controlar\\u00e1 la oferta formativa de academias y centros de ense\\u00f1anza - El Digital de Asturias\",\"description\":\"La Consejer\\u00eda de Salud, a trav\\u00e9s de la Direcci\\u00f3n General de Consumo y sus servicios provinciales, est\\u00e1 llevando a cabo una campa\\u00f1a de inspecci\\u00f3n dirigida a academias y centros privados de ense\\u00f1anza con el objetivo de comprobar el cumplimiento de la normativa vigente en materia de protecci\\u00f3n de las personas consumidoras y usuarias y evitar\",\"inLanguage\":\"es-ES\",\"isPartOf\":{\"@id\":\"https:\\\/\\\/www.eldigitaldeasturias.com\\\/noticias\\\/#website\"},\"breadcrumb\":{\"@id\":\"https:\\\/\\\/www.eldigitaldeasturias.com\\\/noticias\\\/andalucia-controlara-la-oferta-formativa-de-academias-y-centros-de-ensenanza\\\/#breadcrumblist\"},\"author\":{\"@id\":\"https:\\\/\\\/www.eldigitaldeasturias.com\\\/noticias\\\/author\\\/admin\\\/#author\"},\"creator\":{\"@id\":\"https:\\\/\\\/www.eldigitaldeasturias.com\\\/noticias\\\/author\\\/admin\\\/#author\"},\"image\":{\"@type\":\"ImageObject\",\"url\":951511,\"@id\":\"https:\\\/\\\/www.eldigitaldeasturias.com\\\/noticias\\\/andalucia-controlara-la-oferta-formativa-de-academias-y-centros-de-ensenanza\\\/#mainImage\"},\"primaryImageOfPage\":{\"@id\":\"https:\\\/\\\/www.eldigitaldeasturias.com\\\/noticias\\\/andalucia-controlara-la-oferta-formativa-de-academias-y-centros-de-ensenanza\\\/#mainImage\"},\"datePublished\":\"2017-08-31T20:17:01+02:00\",\"dateModified\":\"2017-08-31T20:17:01+02:00\"},{\"@type\":\"WebSite\",\"@id\":\"https:\\\/\\\/www.eldigitaldeasturias.com\\\/noticias\\\/#website\",\"url\":\"https:\\\/\\\/www.eldigitaldeasturias.com\\\/noticias\\\/\",\"name\":\"El Digital de Asturias - Diario de actualidad y noticias\",\"alternateName\":\"El Digital de Asturias - Diario de actualidad y noticias\",\"description\":\"Hemeroteca\",\"inLanguage\":\"es-ES\",\"publisher\":{\"@id\":\"https:\\\/\\\/www.eldigitaldeasturias.com\\\/noticias\\\/#organization\"}}]}\n\t\t<\/script>\n\t\t<!-- All in One SEO Pro -->\r\n\t\t<title>Andaluc\u00eda controlar\u00e1 la oferta formativa de academias y centros de ense\u00f1anza - El Digital de Asturias<\/title>\n\n","aioseo_head_json":{"title":"Andaluc\u00eda controlar\u00e1 la oferta formativa de academias y centros de ense\u00f1anza - El Digital de Asturias","description":"La Consejer\u00eda de Salud, a trav\u00e9s de la Direcci\u00f3n General de Consumo y sus servicios provinciales, est\u00e1 llevando a cabo una campa\u00f1a de inspecci\u00f3n dirigida a academias y centros privados de ense\u00f1anza con el objetivo de comprobar el cumplimiento de la normativa vigente en materia de protecci\u00f3n de las personas consumidoras y usuarias y evitar","canonical_url":"https:\/\/www.eldigitaldeasturias.com\/noticias\/andalucia-controlara-la-oferta-formativa-de-academias-y-centros-de-ensenanza\/","robots":"max-image-preview:large","keywords":"actualidad","webmasterTools":{"google-site-verification":"UA-38556648-1","msvalidate.01":"7dfe9f3f1b24437ab69f4f2559babe99","miscellaneous":""},"schema":{"@context":"https:\/\/schema.org","@graph":[{"@type":"BlogPosting","@id":"https:\/\/www.eldigitaldeasturias.com\/noticias\/andalucia-controlara-la-oferta-formativa-de-academias-y-centros-de-ensenanza\/#blogposting","name":"Andaluc\u00eda controlar\u00e1 la oferta formativa de academias y centros de ense\u00f1anza - El Digital de Asturias","headline":"Andaluc\u00eda controlar\u00e1 la oferta formativa de academias y centros de ense\u00f1anza","author":{"@id":"https:\/\/www.eldigitaldeasturias.com\/noticias\/author\/admin\/#author"},"publisher":{"@id":"https:\/\/www.eldigitaldeasturias.com\/noticias\/#organization"},"image":{"@type":"ImageObject","url":951511},"datePublished":"2017-08-31T20:17:01+02:00","dateModified":"2017-08-31T20:17:01+02:00","inLanguage":"es-ES","mainEntityOfPage":{"@id":"https:\/\/www.eldigitaldeasturias.com\/noticias\/andalucia-controlara-la-oferta-formativa-de-academias-y-centros-de-ensenanza\/#webpage"},"isPartOf":{"@id":"https:\/\/www.eldigitaldeasturias.com\/noticias\/andalucia-controlara-la-oferta-formativa-de-academias-y-centros-de-ensenanza\/#webpage"},"articleSection":"Actualidad"},{"@type":"BreadcrumbList","@id":"https:\/\/www.eldigitaldeasturias.com\/noticias\/andalucia-controlara-la-oferta-formativa-de-academias-y-centros-de-ensenanza\/#breadcrumblist","itemListElement":[{"@type":"ListItem","@id":"https:\/\/www.eldigitaldeasturias.com\/noticias#listItem","position":1,"name":"Home","item":"https:\/\/www.eldigitaldeasturias.com\/noticias","nextItem":{"@type":"ListItem","@id":"https:\/\/www.eldigitaldeasturias.com\/noticias\/category\/actualidad\/#listItem","name":"Actualidad"}},{"@type":"ListItem","@id":"https:\/\/www.eldigitaldeasturias.com\/noticias\/category\/actualidad\/#listItem","position":2,"name":"Actualidad","item":"https:\/\/www.eldigitaldeasturias.com\/noticias\/category\/actualidad\/","nextItem":{"@type":"ListItem","@id":"https:\/\/www.eldigitaldeasturias.com\/noticias\/andalucia-controlara-la-oferta-formativa-de-academias-y-centros-de-ensenanza\/#listItem","name":"Andaluc\u00eda controlar\u00e1 la oferta formativa de academias y centros de ense\u00f1anza"},"previousItem":{"@type":"ListItem","@id":"https:\/\/www.eldigitaldeasturias.com\/noticias#listItem","name":"Home"}},{"@type":"ListItem","@id":"https:\/\/www.eldigitaldeasturias.com\/noticias\/andalucia-controlara-la-oferta-formativa-de-academias-y-centros-de-ensenanza\/#listItem","position":3,"name":"Andaluc\u00eda controlar\u00e1 la oferta formativa de academias y centros de ense\u00f1anza","previousItem":{"@type":"ListItem","@id":"https:\/\/www.eldigitaldeasturias.com\/noticias\/category\/actualidad\/#listItem","name":"Actualidad"}}]},{"@type":"Organization","@id":"https:\/\/www.eldigitaldeasturias.com\/noticias\/#organization","name":"El Digital de Asturias","description":"Hemeroteca","url":"https:\/\/www.eldigitaldeasturias.com\/noticias\/","email":"info@eldigitaldeasturias.com","telephone":"+34652131393","logo":{"@type":"ImageObject","url":"https:\/\/www.eldigitaldeasturias.com\/noticias\/wp-content\/uploads\/2020\/12\/EDA.jpg","@id":"https:\/\/www.eldigitaldeasturias.com\/noticias\/andalucia-controlara-la-oferta-formativa-de-academias-y-centros-de-ensenanza\/#organizationLogo"},"image":{"@id":"https:\/\/www.eldigitaldeasturias.com\/noticias\/andalucia-controlara-la-oferta-formativa-de-academias-y-centros-de-ensenanza\/#organizationLogo"},"sameAs":["https:\/\/facebook.com\/eldigitaldeasturias","https:\/\/www.youtube.com\/channel\/UCZP-2wLEB9Rv6erhFmqVnvg"],"address":{"@id":"https:\/\/www.eldigitaldeasturias.com\/noticias\/#postaladdress","@type":"PostalAddress","streetAddress":"san antonio 4","postalCode":"33430","addressLocality":"Cand\u00e1s","addressRegion":"Asturias","addressCountry":"ES"}},{"@type":"Person","@id":"https:\/\/www.eldigitaldeasturias.com\/noticias\/author\/admin\/#author","url":"https:\/\/www.eldigitaldeasturias.com\/noticias\/author\/admin\/","name":"El Digital de Asturias","image":{"@type":"ImageObject","@id":"https:\/\/www.eldigitaldeasturias.com\/noticias\/andalucia-controlara-la-oferta-formativa-de-academias-y-centros-de-ensenanza\/#authorImage","url":"https:\/\/secure.gravatar.com\/avatar\/df2aeffc32bcd13f8d26072ef8a91b623d677766deac7f97ca815868cd41bf5e?s=96&d=mm&r=g","width":96,"height":96,"caption":"El Digital de Asturias"}},{"@type":"WebPage","@id":"https:\/\/www.eldigitaldeasturias.com\/noticias\/andalucia-controlara-la-oferta-formativa-de-academias-y-centros-de-ensenanza\/#webpage","url":"https:\/\/www.eldigitaldeasturias.com\/noticias\/andalucia-controlara-la-oferta-formativa-de-academias-y-centros-de-ensenanza\/","name":"Andaluc\u00eda controlar\u00e1 la oferta formativa de academias y centros de ense\u00f1anza - El Digital de Asturias","description":"La Consejer\u00eda de Salud, a trav\u00e9s de la Direcci\u00f3n General de Consumo y sus servicios provinciales, est\u00e1 llevando a cabo una campa\u00f1a de inspecci\u00f3n dirigida a academias y centros privados de ense\u00f1anza con el objetivo de comprobar el cumplimiento de la normativa vigente en materia de protecci\u00f3n de las personas consumidoras y usuarias y evitar","inLanguage":"es-ES","isPartOf":{"@id":"https:\/\/www.eldigitaldeasturias.com\/noticias\/#website"},"breadcrumb":{"@id":"https:\/\/www.eldigitaldeasturias.com\/noticias\/andalucia-controlara-la-oferta-formativa-de-academias-y-centros-de-ensenanza\/#breadcrumblist"},"author":{"@id":"https:\/\/www.eldigitaldeasturias.com\/noticias\/author\/admin\/#author"},"creator":{"@id":"https:\/\/www.eldigitaldeasturias.com\/noticias\/author\/admin\/#author"},"image":{"@type":"ImageObject","url":951511,"@id":"https:\/\/www.eldigitaldeasturias.com\/noticias\/andalucia-controlara-la-oferta-formativa-de-academias-y-centros-de-ensenanza\/#mainImage"},"primaryImageOfPage":{"@id":"https:\/\/www.eldigitaldeasturias.com\/noticias\/andalucia-controlara-la-oferta-formativa-de-academias-y-centros-de-ensenanza\/#mainImage"},"datePublished":"2017-08-31T20:17:01+02:00","dateModified":"2017-08-31T20:17:01+02:00"},{"@type":"WebSite","@id":"https:\/\/www.eldigitaldeasturias.com\/noticias\/#website","url":"https:\/\/www.eldigitaldeasturias.com\/noticias\/","name":"El Digital de Asturias - Diario de actualidad y noticias","alternateName":"El Digital de Asturias - Diario de actualidad y noticias","description":"Hemeroteca","inLanguage":"es-ES","publisher":{"@id":"https:\/\/www.eldigitaldeasturias.com\/noticias\/#organization"}}]},"og:locale":"es_ES","og:site_name":"El Digital de Asturias","og:type":"article","og:title":"Andaluc\u00eda controlar\u00e1 la oferta formativa de academias y centros de ense\u00f1anza - El Digital de Asturias","og:description":"La Consejer\u00eda de Salud, a trav\u00e9s de la Direcci\u00f3n General de Consumo y sus servicios provinciales, est\u00e1 llevando a cabo una campa\u00f1a de inspecci\u00f3n dirigida a academias y centros privados de ense\u00f1anza con el objetivo de comprobar el cumplimiento de la normativa vigente en materia de protecci\u00f3n de las personas consumidoras y usuarias y evitar","og:url":"https:\/\/www.eldigitaldeasturias.com\/noticias\/andalucia-controlara-la-oferta-formativa-de-academias-y-centros-de-ensenanza\/","article:tag":["actualidad"],"article:published_time":"2017-08-31T20:17:01+00:00","article:modified_time":"2017-08-31T20:17:01+00:00","article:publisher":"https:\/\/facebook.com\/eldigitaldeasturias","twitter:card":"summary_large_image","twitter:title":"Andaluc\u00eda controlar\u00e1 la oferta formativa de academias y centros de ense\u00f1anza - El Digital de Asturias","twitter:description":"La Consejer\u00eda de Salud, a trav\u00e9s de la Direcci\u00f3n General de Consumo y sus servicios provinciales, est\u00e1 llevando a cabo una campa\u00f1a de inspecci\u00f3n dirigida a academias y centros privados de ense\u00f1anza con el objetivo de comprobar el cumplimiento de la normativa vigente en materia de protecci\u00f3n de las personas consumidoras y usuarias y evitar","twitter:image":"https:\/\/www.eldigitaldeasturias.com\/noticias\/wp-content\/uploads\/2020\/12\/EDA-1.jpg","twitter:label1":"Escrito por","twitter:data1":"El Digital de Asturias","twitter:label2":"Tiempo de lectura estimado","twitter:data2":"7 minutos"},"aioseo_meta_data":{"post_id":"951552","title":null,"description":null,"keywords":null,"keyphrases":null,"primary_term":null,"canonical_url":null,"og_title":null,"og_description":null,"og_object_type":"default","og_image_type":"default","og_image_url":null,"og_image_width":null,"og_image_height":null,"og_image_custom_url":null,"og_image_custom_fields":null,"og_video":null,"og_custom_url":null,"og_article_section":null,"og_article_tags":null,"twitter_use_og":false,"twitter_card":"default","twitter_image_type":"default","twitter_image_url":null,"twitter_image_custom_url":null,"twitter_image_custom_fields":null,"twitter_title":null,"twitter_description":null,"schema":{"blockGraphs":[],"customGraphs":[],"default":{"data":{"Article":[],"Course":[],"Dataset":[],"FAQPage":[],"Movie":[],"Person":[],"Product":[],"ProductReview":[],"Car":[],"Recipe":[],"Service":[],"SoftwareApplication":[],"WebPage":[]},"graphName":"","isEnabled":true},"graphs":[],"defaultGraph":"","defaultPostTypeGraph":""},"schema_type":null,"schema_type_options":null,"pillar_content":false,"robots_default":true,"robots_noindex":false,"robots_noarchive":false,"robots_nosnippet":false,"robots_nofollow":false,"robots_noimageindex":false,"robots_noodp":false,"robots_notranslate":false,"robots_max_snippet":null,"robots_max_videopreview":null,"robots_max_imagepreview":"large","priority":null,"frequency":null,"local_seo":null,"seo_analyzer_scan_date":"2025-12-05 19:39:12","breadcrumb_settings":null,"limit_modified_date":false,"open_ai":null,"ai":null,"created":"2020-12-21 12:58:13","updated":"2025-12-05 19:39:12","focus_keyword":null,"additional_keywords":null,"truseo_locale":null},"aioseo_breadcrumb":"<div class=\"aioseo-breadcrumbs\"><span class=\"aioseo-breadcrumb\">\n\t<a href=\"https:\/\/www.eldigitaldeasturias.com\/noticias\" title=\"Home\">Home<\/a>\n<\/span><span class=\"aioseo-breadcrumb-separator\">\u2013<\/span><span class=\"aioseo-breadcrumb\">\n\t<a href=\"https:\/\/www.eldigitaldeasturias.com\/noticias\/category\/actualidad\/\" title=\"Actualidad\">Actualidad<\/a>\n<\/span><span class=\"aioseo-breadcrumb-separator\">\u2013<\/span><span class=\"aioseo-breadcrumb\">\n\t<a href=\"https:\/\/www.eldigitaldeasturias.com\/noticias\/andalucia-controlara-la-oferta-formativa-de-academias-y-centros-de-ensenanza\/\" title=\"Andaluc\u00eda controlar\u00e1 la oferta formativa de academias y centros de ense\u00f1anza\">Andaluc\u00eda controlar\u00e1 la oferta formativa de academias y centros de ense\u00f1anza<\/a>\n<\/span><\/div>","aioseo_breadcrumb_json":[{"label":"Home","link":"https:\/\/www.eldigitaldeasturias.com\/noticias"},{"label":"Actualidad","link":"https:\/\/www.eldigitaldeasturias.com\/noticias\/category\/actualidad\/"},{"label":"Andaluc\u00eda controlar\u00e1 la oferta formativa de academias y centros de ense\u00f1anza","link":"https:\/\/www.eldigitaldeasturias.com\/noticias\/andalucia-controlara-la-oferta-formativa-de-academias-y-centros-de-ensenanza\/"}],"_links":{"self":[{"href":"https:\/\/www.eldigitaldeasturias.com\/noticias\/wp-json\/wp\/v2\/posts\/951552","targetHints":{"allow":["GET"]}}],"collection":[{"href":"https:\/\/www.eldigitaldeasturias.com\/noticias\/wp-json\/wp\/v2\/posts"}],"about":[{"href":"https:\/\/www.eldigitaldeasturias.com\/noticias\/wp-json\/wp\/v2\/types\/post"}],"author":[{"embeddable":true,"href":"https:\/\/www.eldigitaldeasturias.com\/noticias\/wp-json\/wp\/v2\/users\/1"}],"replies":[{"embeddable":true,"href":"https:\/\/www.eldigitaldeasturias.com\/noticias\/wp-json\/wp\/v2\/comments?post=951552"}],"version-history":[{"count":0,"href":"https:\/\/www.eldigitaldeasturias.com\/noticias\/wp-json\/wp\/v2\/posts\/951552\/revisions"}],"wp:attachment":[{"href":"https:\/\/www.eldigitaldeasturias.com\/noticias\/wp-json\/wp\/v2\/media?parent=951552"}],"wp:term":[{"taxonomy":"category","embeddable":true,"href":"https:\/\/www.eldigitaldeasturias.com\/noticias\/wp-json\/wp\/v2\/categories?post=951552"},{"taxonomy":"post_tag","embeddable":true,"href":"https:\/\/www.eldigitaldeasturias.com\/noticias\/wp-json\/wp\/v2\/tags?post=951552"}],"curies":[{"name":"wp","href":"https:\/\/api.w.org\/{rel}","templated":true}]}}