{"id":951549,"date":"2017-08-31T20:15:50","date_gmt":"2017-08-31T20:15:50","guid":{"rendered":"http:\/\/www.eldigitaldeasturias.com\/noticias\/?p=951549"},"modified":"2017-08-31T20:15:50","modified_gmt":"2017-08-31T20:15:50","slug":"metro-de-sevilla-reanuda-el-trafico-entre-pablo-de-olavide-y-olivar-de-quintos-el-4-de-septiembre","status":"publish","type":"post","link":"https:\/\/www.eldigitaldeasturias.com\/noticias\/metro-de-sevilla-reanuda-el-trafico-entre-pablo-de-olavide-y-olivar-de-quintos-el-4-de-septiembre\/","title":{"rendered":"Metro de Sevilla reanuda el tr\u00e1fico entre Pablo de Olavide y Olivar de Quintos el 4 de septiembre"},"content":{"rendered":"<p><img loading=\"lazy\" decoding=\"async\" class=\"alignleft size-full wp-image-951550\" src=\"https:\/\/www.eldigitaldeasturias.com\/noticias\/wp-content\/uploads\/2017\/08\/1436441248614.jpg\" alt=\"\" width=\"312\" height=\"174\" \/>Los trenes del metro de Sevilla volver\u00e1n a circular con normalidad desde el lunes 4 de septiembre, en el tramo de Dos Hermanas comprendido entre las estaciones de Pablo de Olavide y Olivar de Quintos. El servicio del metro se reanuda una vez que han finalizado las obras de conexi\u00f3n con la prolongaci\u00f3n del metro hacia Alcal\u00e1 de Guada\u00edra, desarrolladas por la Consejer\u00eda de Fomento y Vivienda, que afectaban a las v\u00edas del metro en un punto de intersecci\u00f3n del actual trazado, justo entre las estaciones de Pablo de Olavide y Condequinto, ya a la entrada de Montequinto, en t\u00e9rmino municipal nazareno.<\/p>\n<p>La ejecuci\u00f3n de las obras se ha desarrollado de manera intensiva desde el 16 de julio con el objetivo de provocar la menor afecci\u00f3n posible a los usuarios del suburbano y de tal forma que el tramo afectado volviera a estar operativo en septiembre.<\/p>\n<p>Durante el periodo de interrupci\u00f3n del servicio, desde el pasado 15 de julio y hasta el pr\u00f3ximo domingo 3 de septiembre, los usuarios del suburbano disponen de un servicio gratuito de autob\u00fas operado por el Consorcio de Transportes Metropolitano del \u00c1rea de Sevilla, denominado servicio Especial Metro, que cubre el trayecto entre las estaciones Olivar de Quintos, Europa, Montequinto, Condequinto y Pablo de Olavide, donde conecta con el metro. El servicio de autob\u00fas ha sido utilizado hasta la fecha por un total de 79.535 usuarios, con una media de viajeros de 2.080 usuarios\/d\u00eda en laborables y 1.143 usuarios\/d\u00eda los fines de semana.<\/p>\n<p>Este servicio alternativo de transporte ha funcionado en el mismo horario que el metro y reproduciendo el mismo itinerario, circulando con una frecuencia de 15 minutos y efectuando parada en cada una de las estaciones afectadas, que son Pablo de Olavide, donde los usuarios pueden realizar transbordo al metro; Condequinto, Montequinto, Europa y Olivar de Quintos. Estas estaciones se abrir\u00e1n al p\u00fablico el mismo d\u00eda 4 de septiembre.<\/p>\n<p>En el resto de la L\u00ednea 1 del metro, el servicio se ha prestado con absoluta normalidad, en el horario habitual y con las frecuencias de trenes previstas para el horario estival. Metro de Sevilla lamenta las molestias a los usuarios durante el periodo de obras y agradece la confianza que han depositado en el servicio de transporte alternativo ofrecido durante la interrupci\u00f3n del servicio de metro.<\/p>\n<p>La Oficina de Atenci\u00f3n al Cliente est\u00e1 a disposici\u00f3n de los usuarios para resolver sus consultas o peticiones de informaci\u00f3n de lunes a domingo en horario de 9.00 a 14.00 y de 16.30 a 20.30 horas.<\/p>\n","protected":false},"excerpt":{"rendered":"<p>Los trenes del metro de Sevilla volver\u00e1n a circular con normalidad desde el lunes 4 de septiembre, en el tramo de Dos Hermanas comprendido entre las estaciones de Pablo de Olavide y Olivar de Quintos. El servicio del metro se reanuda una vez que han finalizado las obras de conexi\u00f3n con la prolongaci\u00f3n del metro [&hellip;]<\/p>\n","protected":false},"author":1,"featured_media":951550,"comment_status":"closed","ping_status":"closed","sticky":false,"template":"","format":"standard","meta":{"footnotes":""},"categories":[1],"tags":[],"class_list":["post-951549","post","type-post","status-publish","format-standard","has-post-thumbnail","hentry","category-actualidad"],"aioseo_notices":[],"aioseo_head":"\n\t\t<!-- All in One SEO Pro 5.0.1 - aioseo.com -->\n\t<meta name=\"description\" content=\"Los trenes del metro de Sevilla volver\u00e1n a circular con normalidad desde el lunes 4 de septiembre, en el tramo de Dos Hermanas comprendido entre las estaciones de Pablo de Olavide y Olivar de Quintos. El servicio del metro se reanuda una vez que han finalizado las obras de conexi\u00f3n con la prolongaci\u00f3n del metro\" \/>\n\t<meta name=\"robots\" content=\"max-image-preview:large\" \/>\n\t<meta name=\"author\" content=\"El Digital de Asturias\"\/>\n\t<meta name=\"google-site-verification\" content=\"UA-38556648-1\" \/>\n\t<meta name=\"msvalidate.01\" content=\"7dfe9f3f1b24437ab69f4f2559babe99\" \/>\n\t<meta name=\"keywords\" content=\"actualidad\" \/>\n\t<link rel=\"canonical\" href=\"https:\/\/www.eldigitaldeasturias.com\/noticias\/metro-de-sevilla-reanuda-el-trafico-entre-pablo-de-olavide-y-olivar-de-quintos-el-4-de-septiembre\/\" \/>\n\t<meta name=\"generator\" content=\"All in One SEO Pro (AIOSEO) 5.0.1\" \/>\n\t\t<meta property=\"og:locale\" content=\"es_ES\" \/>\n\t\t<meta property=\"og:site_name\" content=\"El Digital de Asturias\" \/>\n\t\t<meta property=\"og:type\" content=\"article\" \/>\n\t\t<meta property=\"og:title\" content=\"Metro de Sevilla reanuda el tr\u00e1fico entre Pablo de Olavide y Olivar de Quintos el 4 de septiembre - El Digital de Asturias\" \/>\n\t\t<meta property=\"og:description\" content=\"Los trenes del metro de Sevilla volver\u00e1n a circular con normalidad desde el lunes 4 de septiembre, en el tramo de Dos Hermanas comprendido entre las estaciones de Pablo de Olavide y Olivar de Quintos. El servicio del metro se reanuda una vez que han finalizado las obras de conexi\u00f3n con la prolongaci\u00f3n del metro\" \/>\n\t\t<meta property=\"og:url\" content=\"https:\/\/www.eldigitaldeasturias.com\/noticias\/metro-de-sevilla-reanuda-el-trafico-entre-pablo-de-olavide-y-olivar-de-quintos-el-4-de-septiembre\/\" \/>\n\t\t<meta property=\"article:tag\" content=\"actualidad\" \/>\n\t\t<meta property=\"article:published_time\" content=\"2017-08-31T20:15:50+00:00\" \/>\n\t\t<meta property=\"article:modified_time\" content=\"2017-08-31T20:15:50+00:00\" \/>\n\t\t<meta property=\"article:publisher\" content=\"https:\/\/facebook.com\/eldigitaldeasturias\" \/>\n\t\t<meta name=\"twitter:card\" content=\"summary_large_image\" \/>\n\t\t<meta name=\"twitter:title\" content=\"Metro de Sevilla reanuda el tr\u00e1fico entre Pablo de Olavide y Olivar de Quintos el 4 de septiembre - El Digital de Asturias\" \/>\n\t\t<meta name=\"twitter:description\" content=\"Los trenes del metro de Sevilla volver\u00e1n a circular con normalidad desde el lunes 4 de septiembre, en el tramo de Dos Hermanas comprendido entre las estaciones de Pablo de Olavide y Olivar de Quintos. El servicio del metro se reanuda una vez que han finalizado las obras de conexi\u00f3n con la prolongaci\u00f3n del metro\" \/>\n\t\t<meta name=\"twitter:image\" content=\"https:\/\/www.eldigitaldeasturias.com\/noticias\/wp-content\/uploads\/2020\/12\/EDA-1.jpg\" \/>\n\t\t<meta name=\"twitter:label1\" content=\"Escrito por\" \/>\n\t\t<meta name=\"twitter:data1\" content=\"El Digital de Asturias\" \/>\n\t\t<meta name=\"twitter:label2\" content=\"Tiempo de lectura estimado\" \/>\n\t\t<meta name=\"twitter:data2\" content=\"2 minutos\" \/>\n\t\t<script type=\"application\/ld+json\" class=\"aioseo-schema\">\n\t\t\t{\"@context\":\"https:\\\/\\\/schema.org\",\"@graph\":[{\"@type\":\"BlogPosting\",\"@id\":\"https:\\\/\\\/www.eldigitaldeasturias.com\\\/noticias\\\/metro-de-sevilla-reanuda-el-trafico-entre-pablo-de-olavide-y-olivar-de-quintos-el-4-de-septiembre\\\/#blogposting\",\"name\":\"Metro de Sevilla reanuda el tr\\u00e1fico entre Pablo de Olavide y Olivar de Quintos el 4 de septiembre - El Digital de Asturias\",\"headline\":\"Metro de Sevilla reanuda el tr\\u00e1fico entre Pablo de Olavide y Olivar de Quintos el 4 de septiembre\",\"author\":{\"@id\":\"https:\\\/\\\/www.eldigitaldeasturias.com\\\/noticias\\\/author\\\/admin\\\/#author\"},\"publisher\":{\"@id\":\"https:\\\/\\\/www.eldigitaldeasturias.com\\\/noticias\\\/#organization\"},\"image\":{\"@type\":\"ImageObject\",\"url\":951550},\"datePublished\":\"2017-08-31T20:15:50+02:00\",\"dateModified\":\"2017-08-31T20:15:50+02:00\",\"inLanguage\":\"es-ES\",\"mainEntityOfPage\":{\"@id\":\"https:\\\/\\\/www.eldigitaldeasturias.com\\\/noticias\\\/metro-de-sevilla-reanuda-el-trafico-entre-pablo-de-olavide-y-olivar-de-quintos-el-4-de-septiembre\\\/#webpage\"},\"isPartOf\":{\"@id\":\"https:\\\/\\\/www.eldigitaldeasturias.com\\\/noticias\\\/metro-de-sevilla-reanuda-el-trafico-entre-pablo-de-olavide-y-olivar-de-quintos-el-4-de-septiembre\\\/#webpage\"},\"articleSection\":\"Actualidad\"},{\"@type\":\"BreadcrumbList\",\"@id\":\"https:\\\/\\\/www.eldigitaldeasturias.com\\\/noticias\\\/metro-de-sevilla-reanuda-el-trafico-entre-pablo-de-olavide-y-olivar-de-quintos-el-4-de-septiembre\\\/#breadcrumblist\",\"itemListElement\":[{\"@type\":\"ListItem\",\"@id\":\"https:\\\/\\\/www.eldigitaldeasturias.com\\\/noticias#listItem\",\"position\":1,\"name\":\"Home\",\"item\":\"https:\\\/\\\/www.eldigitaldeasturias.com\\\/noticias\",\"nextItem\":{\"@type\":\"ListItem\",\"@id\":\"https:\\\/\\\/www.eldigitaldeasturias.com\\\/noticias\\\/category\\\/actualidad\\\/#listItem\",\"name\":\"Actualidad\"}},{\"@type\":\"ListItem\",\"@id\":\"https:\\\/\\\/www.eldigitaldeasturias.com\\\/noticias\\\/category\\\/actualidad\\\/#listItem\",\"position\":2,\"name\":\"Actualidad\",\"item\":\"https:\\\/\\\/www.eldigitaldeasturias.com\\\/noticias\\\/category\\\/actualidad\\\/\",\"nextItem\":{\"@type\":\"ListItem\",\"@id\":\"https:\\\/\\\/www.eldigitaldeasturias.com\\\/noticias\\\/metro-de-sevilla-reanuda-el-trafico-entre-pablo-de-olavide-y-olivar-de-quintos-el-4-de-septiembre\\\/#listItem\",\"name\":\"Metro de Sevilla reanuda el tr\\u00e1fico entre Pablo de Olavide y Olivar de Quintos el 4 de septiembre\"},\"previousItem\":{\"@type\":\"ListItem\",\"@id\":\"https:\\\/\\\/www.eldigitaldeasturias.com\\\/noticias#listItem\",\"name\":\"Home\"}},{\"@type\":\"ListItem\",\"@id\":\"https:\\\/\\\/www.eldigitaldeasturias.com\\\/noticias\\\/metro-de-sevilla-reanuda-el-trafico-entre-pablo-de-olavide-y-olivar-de-quintos-el-4-de-septiembre\\\/#listItem\",\"position\":3,\"name\":\"Metro de Sevilla reanuda el tr\\u00e1fico entre Pablo de Olavide y Olivar de Quintos el 4 de septiembre\",\"previousItem\":{\"@type\":\"ListItem\",\"@id\":\"https:\\\/\\\/www.eldigitaldeasturias.com\\\/noticias\\\/category\\\/actualidad\\\/#listItem\",\"name\":\"Actualidad\"}}]},{\"@type\":\"Organization\",\"@id\":\"https:\\\/\\\/www.eldigitaldeasturias.com\\\/noticias\\\/#organization\",\"name\":\"El Digital de Asturias\",\"description\":\"Hemeroteca\",\"url\":\"https:\\\/\\\/www.eldigitaldeasturias.com\\\/noticias\\\/\",\"email\":\"info@eldigitaldeasturias.com\",\"telephone\":\"+34652131393\",\"logo\":{\"@type\":\"ImageObject\",\"url\":\"https:\\\/\\\/www.eldigitaldeasturias.com\\\/noticias\\\/wp-content\\\/uploads\\\/2020\\\/12\\\/EDA.jpg\",\"@id\":\"https:\\\/\\\/www.eldigitaldeasturias.com\\\/noticias\\\/metro-de-sevilla-reanuda-el-trafico-entre-pablo-de-olavide-y-olivar-de-quintos-el-4-de-septiembre\\\/#organizationLogo\"},\"image\":{\"@id\":\"https:\\\/\\\/www.eldigitaldeasturias.com\\\/noticias\\\/metro-de-sevilla-reanuda-el-trafico-entre-pablo-de-olavide-y-olivar-de-quintos-el-4-de-septiembre\\\/#organizationLogo\"},\"sameAs\":[\"https:\\\/\\\/facebook.com\\\/eldigitaldeasturias\",\"https:\\\/\\\/www.youtube.com\\\/channel\\\/UCZP-2wLEB9Rv6erhFmqVnvg\"],\"address\":{\"@id\":\"https:\\\/\\\/www.eldigitaldeasturias.com\\\/noticias\\\/#postaladdress\",\"@type\":\"PostalAddress\",\"streetAddress\":\"san antonio 4\",\"postalCode\":\"33430\",\"addressLocality\":\"Cand\\u00e1s\",\"addressRegion\":\"Asturias\",\"addressCountry\":\"ES\"}},{\"@type\":\"Person\",\"@id\":\"https:\\\/\\\/www.eldigitaldeasturias.com\\\/noticias\\\/author\\\/admin\\\/#author\",\"url\":\"https:\\\/\\\/www.eldigitaldeasturias.com\\\/noticias\\\/author\\\/admin\\\/\",\"name\":\"El Digital de Asturias\",\"image\":{\"@type\":\"ImageObject\",\"@id\":\"https:\\\/\\\/www.eldigitaldeasturias.com\\\/noticias\\\/metro-de-sevilla-reanuda-el-trafico-entre-pablo-de-olavide-y-olivar-de-quintos-el-4-de-septiembre\\\/#authorImage\",\"url\":\"https:\\\/\\\/secure.gravatar.com\\\/avatar\\\/df2aeffc32bcd13f8d26072ef8a91b623d677766deac7f97ca815868cd41bf5e?s=96&d=mm&r=g\",\"width\":96,\"height\":96,\"caption\":\"El Digital de Asturias\"}},{\"@type\":\"WebPage\",\"@id\":\"https:\\\/\\\/www.eldigitaldeasturias.com\\\/noticias\\\/metro-de-sevilla-reanuda-el-trafico-entre-pablo-de-olavide-y-olivar-de-quintos-el-4-de-septiembre\\\/#webpage\",\"url\":\"https:\\\/\\\/www.eldigitaldeasturias.com\\\/noticias\\\/metro-de-sevilla-reanuda-el-trafico-entre-pablo-de-olavide-y-olivar-de-quintos-el-4-de-septiembre\\\/\",\"name\":\"Metro de Sevilla reanuda el tr\\u00e1fico entre Pablo de Olavide y Olivar de Quintos el 4 de septiembre - El Digital de Asturias\",\"description\":\"Los trenes del metro de Sevilla volver\\u00e1n a circular con normalidad desde el lunes 4 de septiembre, en el tramo de Dos Hermanas comprendido entre las estaciones de Pablo de Olavide y Olivar de Quintos. El servicio del metro se reanuda una vez que han finalizado las obras de conexi\\u00f3n con la prolongaci\\u00f3n del metro\",\"inLanguage\":\"es-ES\",\"isPartOf\":{\"@id\":\"https:\\\/\\\/www.eldigitaldeasturias.com\\\/noticias\\\/#website\"},\"breadcrumb\":{\"@id\":\"https:\\\/\\\/www.eldigitaldeasturias.com\\\/noticias\\\/metro-de-sevilla-reanuda-el-trafico-entre-pablo-de-olavide-y-olivar-de-quintos-el-4-de-septiembre\\\/#breadcrumblist\"},\"author\":{\"@id\":\"https:\\\/\\\/www.eldigitaldeasturias.com\\\/noticias\\\/author\\\/admin\\\/#author\"},\"creator\":{\"@id\":\"https:\\\/\\\/www.eldigitaldeasturias.com\\\/noticias\\\/author\\\/admin\\\/#author\"},\"image\":{\"@type\":\"ImageObject\",\"url\":951550,\"@id\":\"https:\\\/\\\/www.eldigitaldeasturias.com\\\/noticias\\\/metro-de-sevilla-reanuda-el-trafico-entre-pablo-de-olavide-y-olivar-de-quintos-el-4-de-septiembre\\\/#mainImage\"},\"primaryImageOfPage\":{\"@id\":\"https:\\\/\\\/www.eldigitaldeasturias.com\\\/noticias\\\/metro-de-sevilla-reanuda-el-trafico-entre-pablo-de-olavide-y-olivar-de-quintos-el-4-de-septiembre\\\/#mainImage\"},\"datePublished\":\"2017-08-31T20:15:50+02:00\",\"dateModified\":\"2017-08-31T20:15:50+02:00\"},{\"@type\":\"WebSite\",\"@id\":\"https:\\\/\\\/www.eldigitaldeasturias.com\\\/noticias\\\/#website\",\"url\":\"https:\\\/\\\/www.eldigitaldeasturias.com\\\/noticias\\\/\",\"name\":\"El Digital de Asturias - Diario de actualidad y noticias\",\"alternateName\":\"El Digital de Asturias - Diario de actualidad y noticias\",\"description\":\"Hemeroteca\",\"inLanguage\":\"es-ES\",\"publisher\":{\"@id\":\"https:\\\/\\\/www.eldigitaldeasturias.com\\\/noticias\\\/#organization\"}}]}\n\t\t<\/script>\n\t\t<!-- All in One SEO Pro -->\r\n\t\t<title>Metro de Sevilla reanuda el tr\u00e1fico entre Pablo de Olavide y Olivar de Quintos el 4 de septiembre - El Digital de Asturias<\/title>\n\n","aioseo_head_json":{"title":"Metro de Sevilla reanuda el tr\u00e1fico entre Pablo de Olavide y Olivar de Quintos el 4 de septiembre - El Digital de Asturias","description":"Los trenes del metro de Sevilla volver\u00e1n a circular con normalidad desde el lunes 4 de septiembre, en el tramo de Dos Hermanas comprendido entre las estaciones de Pablo de Olavide y Olivar de Quintos. El servicio del metro se reanuda una vez que han finalizado las obras de conexi\u00f3n con la prolongaci\u00f3n del metro","canonical_url":"https:\/\/www.eldigitaldeasturias.com\/noticias\/metro-de-sevilla-reanuda-el-trafico-entre-pablo-de-olavide-y-olivar-de-quintos-el-4-de-septiembre\/","robots":"max-image-preview:large","keywords":"actualidad","webmasterTools":{"google-site-verification":"UA-38556648-1","msvalidate.01":"7dfe9f3f1b24437ab69f4f2559babe99","miscellaneous":""},"schema":{"@context":"https:\/\/schema.org","@graph":[{"@type":"BlogPosting","@id":"https:\/\/www.eldigitaldeasturias.com\/noticias\/metro-de-sevilla-reanuda-el-trafico-entre-pablo-de-olavide-y-olivar-de-quintos-el-4-de-septiembre\/#blogposting","name":"Metro de Sevilla reanuda el tr\u00e1fico entre Pablo de Olavide y Olivar de Quintos el 4 de septiembre - El Digital de Asturias","headline":"Metro de Sevilla reanuda el tr\u00e1fico entre Pablo de Olavide y Olivar de Quintos el 4 de septiembre","author":{"@id":"https:\/\/www.eldigitaldeasturias.com\/noticias\/author\/admin\/#author"},"publisher":{"@id":"https:\/\/www.eldigitaldeasturias.com\/noticias\/#organization"},"image":{"@type":"ImageObject","url":951550},"datePublished":"2017-08-31T20:15:50+02:00","dateModified":"2017-08-31T20:15:50+02:00","inLanguage":"es-ES","mainEntityOfPage":{"@id":"https:\/\/www.eldigitaldeasturias.com\/noticias\/metro-de-sevilla-reanuda-el-trafico-entre-pablo-de-olavide-y-olivar-de-quintos-el-4-de-septiembre\/#webpage"},"isPartOf":{"@id":"https:\/\/www.eldigitaldeasturias.com\/noticias\/metro-de-sevilla-reanuda-el-trafico-entre-pablo-de-olavide-y-olivar-de-quintos-el-4-de-septiembre\/#webpage"},"articleSection":"Actualidad"},{"@type":"BreadcrumbList","@id":"https:\/\/www.eldigitaldeasturias.com\/noticias\/metro-de-sevilla-reanuda-el-trafico-entre-pablo-de-olavide-y-olivar-de-quintos-el-4-de-septiembre\/#breadcrumblist","itemListElement":[{"@type":"ListItem","@id":"https:\/\/www.eldigitaldeasturias.com\/noticias#listItem","position":1,"name":"Home","item":"https:\/\/www.eldigitaldeasturias.com\/noticias","nextItem":{"@type":"ListItem","@id":"https:\/\/www.eldigitaldeasturias.com\/noticias\/category\/actualidad\/#listItem","name":"Actualidad"}},{"@type":"ListItem","@id":"https:\/\/www.eldigitaldeasturias.com\/noticias\/category\/actualidad\/#listItem","position":2,"name":"Actualidad","item":"https:\/\/www.eldigitaldeasturias.com\/noticias\/category\/actualidad\/","nextItem":{"@type":"ListItem","@id":"https:\/\/www.eldigitaldeasturias.com\/noticias\/metro-de-sevilla-reanuda-el-trafico-entre-pablo-de-olavide-y-olivar-de-quintos-el-4-de-septiembre\/#listItem","name":"Metro de Sevilla reanuda el tr\u00e1fico entre Pablo de Olavide y Olivar de Quintos el 4 de septiembre"},"previousItem":{"@type":"ListItem","@id":"https:\/\/www.eldigitaldeasturias.com\/noticias#listItem","name":"Home"}},{"@type":"ListItem","@id":"https:\/\/www.eldigitaldeasturias.com\/noticias\/metro-de-sevilla-reanuda-el-trafico-entre-pablo-de-olavide-y-olivar-de-quintos-el-4-de-septiembre\/#listItem","position":3,"name":"Metro de Sevilla reanuda el tr\u00e1fico entre Pablo de Olavide y Olivar de Quintos el 4 de septiembre","previousItem":{"@type":"ListItem","@id":"https:\/\/www.eldigitaldeasturias.com\/noticias\/category\/actualidad\/#listItem","name":"Actualidad"}}]},{"@type":"Organization","@id":"https:\/\/www.eldigitaldeasturias.com\/noticias\/#organization","name":"El Digital de Asturias","description":"Hemeroteca","url":"https:\/\/www.eldigitaldeasturias.com\/noticias\/","email":"info@eldigitaldeasturias.com","telephone":"+34652131393","logo":{"@type":"ImageObject","url":"https:\/\/www.eldigitaldeasturias.com\/noticias\/wp-content\/uploads\/2020\/12\/EDA.jpg","@id":"https:\/\/www.eldigitaldeasturias.com\/noticias\/metro-de-sevilla-reanuda-el-trafico-entre-pablo-de-olavide-y-olivar-de-quintos-el-4-de-septiembre\/#organizationLogo"},"image":{"@id":"https:\/\/www.eldigitaldeasturias.com\/noticias\/metro-de-sevilla-reanuda-el-trafico-entre-pablo-de-olavide-y-olivar-de-quintos-el-4-de-septiembre\/#organizationLogo"},"sameAs":["https:\/\/facebook.com\/eldigitaldeasturias","https:\/\/www.youtube.com\/channel\/UCZP-2wLEB9Rv6erhFmqVnvg"],"address":{"@id":"https:\/\/www.eldigitaldeasturias.com\/noticias\/#postaladdress","@type":"PostalAddress","streetAddress":"san antonio 4","postalCode":"33430","addressLocality":"Cand\u00e1s","addressRegion":"Asturias","addressCountry":"ES"}},{"@type":"Person","@id":"https:\/\/www.eldigitaldeasturias.com\/noticias\/author\/admin\/#author","url":"https:\/\/www.eldigitaldeasturias.com\/noticias\/author\/admin\/","name":"El Digital de Asturias","image":{"@type":"ImageObject","@id":"https:\/\/www.eldigitaldeasturias.com\/noticias\/metro-de-sevilla-reanuda-el-trafico-entre-pablo-de-olavide-y-olivar-de-quintos-el-4-de-septiembre\/#authorImage","url":"https:\/\/secure.gravatar.com\/avatar\/df2aeffc32bcd13f8d26072ef8a91b623d677766deac7f97ca815868cd41bf5e?s=96&d=mm&r=g","width":96,"height":96,"caption":"El Digital de Asturias"}},{"@type":"WebPage","@id":"https:\/\/www.eldigitaldeasturias.com\/noticias\/metro-de-sevilla-reanuda-el-trafico-entre-pablo-de-olavide-y-olivar-de-quintos-el-4-de-septiembre\/#webpage","url":"https:\/\/www.eldigitaldeasturias.com\/noticias\/metro-de-sevilla-reanuda-el-trafico-entre-pablo-de-olavide-y-olivar-de-quintos-el-4-de-septiembre\/","name":"Metro de Sevilla reanuda el tr\u00e1fico entre Pablo de Olavide y Olivar de Quintos el 4 de septiembre - El Digital de Asturias","description":"Los trenes del metro de Sevilla volver\u00e1n a circular con normalidad desde el lunes 4 de septiembre, en el tramo de Dos Hermanas comprendido entre las estaciones de Pablo de Olavide y Olivar de Quintos. El servicio del metro se reanuda una vez que han finalizado las obras de conexi\u00f3n con la prolongaci\u00f3n del metro","inLanguage":"es-ES","isPartOf":{"@id":"https:\/\/www.eldigitaldeasturias.com\/noticias\/#website"},"breadcrumb":{"@id":"https:\/\/www.eldigitaldeasturias.com\/noticias\/metro-de-sevilla-reanuda-el-trafico-entre-pablo-de-olavide-y-olivar-de-quintos-el-4-de-septiembre\/#breadcrumblist"},"author":{"@id":"https:\/\/www.eldigitaldeasturias.com\/noticias\/author\/admin\/#author"},"creator":{"@id":"https:\/\/www.eldigitaldeasturias.com\/noticias\/author\/admin\/#author"},"image":{"@type":"ImageObject","url":951550,"@id":"https:\/\/www.eldigitaldeasturias.com\/noticias\/metro-de-sevilla-reanuda-el-trafico-entre-pablo-de-olavide-y-olivar-de-quintos-el-4-de-septiembre\/#mainImage"},"primaryImageOfPage":{"@id":"https:\/\/www.eldigitaldeasturias.com\/noticias\/metro-de-sevilla-reanuda-el-trafico-entre-pablo-de-olavide-y-olivar-de-quintos-el-4-de-septiembre\/#mainImage"},"datePublished":"2017-08-31T20:15:50+02:00","dateModified":"2017-08-31T20:15:50+02:00"},{"@type":"WebSite","@id":"https:\/\/www.eldigitaldeasturias.com\/noticias\/#website","url":"https:\/\/www.eldigitaldeasturias.com\/noticias\/","name":"El Digital de Asturias - Diario de actualidad y noticias","alternateName":"El Digital de Asturias - Diario de actualidad y noticias","description":"Hemeroteca","inLanguage":"es-ES","publisher":{"@id":"https:\/\/www.eldigitaldeasturias.com\/noticias\/#organization"}}]},"og:locale":"es_ES","og:site_name":"El Digital de Asturias","og:type":"article","og:title":"Metro de Sevilla reanuda el tr\u00e1fico entre Pablo de Olavide y Olivar de Quintos el 4 de septiembre - El Digital de Asturias","og:description":"Los trenes del metro de Sevilla volver\u00e1n a circular con normalidad desde el lunes 4 de septiembre, en el tramo de Dos Hermanas comprendido entre las estaciones de Pablo de Olavide y Olivar de Quintos. El servicio del metro se reanuda una vez que han finalizado las obras de conexi\u00f3n con la prolongaci\u00f3n del metro","og:url":"https:\/\/www.eldigitaldeasturias.com\/noticias\/metro-de-sevilla-reanuda-el-trafico-entre-pablo-de-olavide-y-olivar-de-quintos-el-4-de-septiembre\/","article:tag":["actualidad"],"article:published_time":"2017-08-31T20:15:50+00:00","article:modified_time":"2017-08-31T20:15:50+00:00","article:publisher":"https:\/\/facebook.com\/eldigitaldeasturias","twitter:card":"summary_large_image","twitter:title":"Metro de Sevilla reanuda el tr\u00e1fico entre Pablo de Olavide y Olivar de Quintos el 4 de septiembre - El Digital de Asturias","twitter:description":"Los trenes del metro de Sevilla volver\u00e1n a circular con normalidad desde el lunes 4 de septiembre, en el tramo de Dos Hermanas comprendido entre las estaciones de Pablo de Olavide y Olivar de Quintos. El servicio del metro se reanuda una vez que han finalizado las obras de conexi\u00f3n con la prolongaci\u00f3n del metro","twitter:image":"https:\/\/www.eldigitaldeasturias.com\/noticias\/wp-content\/uploads\/2020\/12\/EDA-1.jpg","twitter:label1":"Escrito por","twitter:data1":"El Digital de Asturias","twitter:label2":"Tiempo de lectura estimado","twitter:data2":"2 minutos"},"aioseo_meta_data":{"post_id":"951549","title":null,"description":null,"keywords":null,"keyphrases":null,"primary_term":null,"canonical_url":null,"og_title":null,"og_description":null,"og_object_type":"default","og_image_type":"default","og_image_url":null,"og_image_width":null,"og_image_height":null,"og_image_custom_url":null,"og_image_custom_fields":null,"og_video":null,"og_custom_url":null,"og_article_section":null,"og_article_tags":null,"twitter_use_og":false,"twitter_card":"default","twitter_image_type":"default","twitter_image_url":null,"twitter_image_custom_url":null,"twitter_image_custom_fields":null,"twitter_title":null,"twitter_description":null,"schema":{"blockGraphs":[],"customGraphs":[],"default":{"data":{"Article":[],"Course":[],"Dataset":[],"FAQPage":[],"Movie":[],"Person":[],"Product":[],"ProductReview":[],"Car":[],"Recipe":[],"Service":[],"SoftwareApplication":[],"WebPage":[]},"graphName":"","isEnabled":true},"graphs":[],"defaultGraph":"","defaultPostTypeGraph":""},"schema_type":null,"schema_type_options":null,"pillar_content":false,"robots_default":true,"robots_noindex":false,"robots_noarchive":false,"robots_nosnippet":false,"robots_nofollow":false,"robots_noimageindex":false,"robots_noodp":false,"robots_notranslate":false,"robots_max_snippet":null,"robots_max_videopreview":null,"robots_max_imagepreview":"large","priority":null,"frequency":null,"local_seo":null,"seo_analyzer_scan_date":"2025-12-05 19:36:13","breadcrumb_settings":null,"limit_modified_date":false,"open_ai":null,"ai":null,"created":"2020-12-21 12:58:13","updated":"2025-12-05 19:36:13","focus_keyword":null,"additional_keywords":null,"truseo_locale":null},"aioseo_breadcrumb":"<div class=\"aioseo-breadcrumbs\"><span class=\"aioseo-breadcrumb\">\n\t<a href=\"https:\/\/www.eldigitaldeasturias.com\/noticias\" title=\"Home\">Home<\/a>\n<\/span><span class=\"aioseo-breadcrumb-separator\">\u2013<\/span><span class=\"aioseo-breadcrumb\">\n\t<a href=\"https:\/\/www.eldigitaldeasturias.com\/noticias\/category\/actualidad\/\" title=\"Actualidad\">Actualidad<\/a>\n<\/span><span class=\"aioseo-breadcrumb-separator\">\u2013<\/span><span class=\"aioseo-breadcrumb\">\n\t<a href=\"https:\/\/www.eldigitaldeasturias.com\/noticias\/metro-de-sevilla-reanuda-el-trafico-entre-pablo-de-olavide-y-olivar-de-quintos-el-4-de-septiembre\/\" title=\"Metro de Sevilla reanuda el tr\u00e1fico entre Pablo de Olavide y Olivar de Quintos el 4 de septiembre\">Metro de Sevilla reanuda el tr\u00e1fico entre Pablo de Olavide y Olivar de Quintos el 4 de septiembre<\/a>\n<\/span><\/div>","aioseo_breadcrumb_json":[{"label":"Home","link":"https:\/\/www.eldigitaldeasturias.com\/noticias"},{"label":"Actualidad","link":"https:\/\/www.eldigitaldeasturias.com\/noticias\/category\/actualidad\/"},{"label":"Metro de Sevilla reanuda el tr\u00e1fico entre Pablo de Olavide y Olivar de Quintos el 4 de septiembre","link":"https:\/\/www.eldigitaldeasturias.com\/noticias\/metro-de-sevilla-reanuda-el-trafico-entre-pablo-de-olavide-y-olivar-de-quintos-el-4-de-septiembre\/"}],"_links":{"self":[{"href":"https:\/\/www.eldigitaldeasturias.com\/noticias\/wp-json\/wp\/v2\/posts\/951549","targetHints":{"allow":["GET"]}}],"collection":[{"href":"https:\/\/www.eldigitaldeasturias.com\/noticias\/wp-json\/wp\/v2\/posts"}],"about":[{"href":"https:\/\/www.eldigitaldeasturias.com\/noticias\/wp-json\/wp\/v2\/types\/post"}],"author":[{"embeddable":true,"href":"https:\/\/www.eldigitaldeasturias.com\/noticias\/wp-json\/wp\/v2\/users\/1"}],"replies":[{"embeddable":true,"href":"https:\/\/www.eldigitaldeasturias.com\/noticias\/wp-json\/wp\/v2\/comments?post=951549"}],"version-history":[{"count":0,"href":"https:\/\/www.eldigitaldeasturias.com\/noticias\/wp-json\/wp\/v2\/posts\/951549\/revisions"}],"wp:attachment":[{"href":"https:\/\/www.eldigitaldeasturias.com\/noticias\/wp-json\/wp\/v2\/media?parent=951549"}],"wp:term":[{"taxonomy":"category","embeddable":true,"href":"https:\/\/www.eldigitaldeasturias.com\/noticias\/wp-json\/wp\/v2\/categories?post=951549"},{"taxonomy":"post_tag","embeddable":true,"href":"https:\/\/www.eldigitaldeasturias.com\/noticias\/wp-json\/wp\/v2\/tags?post=951549"}],"curies":[{"name":"wp","href":"https:\/\/api.w.org\/{rel}","templated":true}]}}