{"id":951546,"date":"2017-08-31T20:12:06","date_gmt":"2017-08-31T20:12:06","guid":{"rendered":"http:\/\/www.eldigitaldeasturias.com\/noticias\/?p=951546"},"modified":"2017-08-31T20:12:06","modified_gmt":"2017-08-31T20:12:06","slug":"ordesa-vinamala-acogera-el-ii-congreso-de-las-48-reservas-de-la-biosfera-espanolas","status":"publish","type":"post","link":"https:\/\/www.eldigitaldeasturias.com\/noticias\/ordesa-vinamala-acogera-el-ii-congreso-de-las-48-reservas-de-la-biosfera-espanolas\/","title":{"rendered":"Ordesa-Vi\u00f1amala acoger\u00e1 el II Congreso de las 48 reservas de la biosfera espa\u00f1olas"},"content":{"rendered":"<p><img loading=\"lazy\" decoding=\"async\" class=\"alignleft size-medium wp-image-951547\" src=\"https:\/\/www.eldigitaldeasturias.com\/noticias\/wp-content\/uploads\/2017\/08\/MG_8921_Foto_Luis_Correas_GA-360x159.jpg\" alt=\"\" width=\"360\" height=\"159\" \/>Las localidades de Torla-Ordesa y Biescas (Huesca) ser\u00e1n las sedes del II Congreso Espa\u00f1ol de Reservas de la Biosfera de la Unesco. Concretamente, 48 zonas de la geograf\u00eda estatal cuentan con esta distinci\u00f3n medioambiental y con este encuentro pretenden poner en com\u00fan las dificultades que afrontan y aunar esfuerzos para lograr objetivos comunes.<\/p>\n<p>El evento supone, en palabras de la directora general de Sostenibilidad del Gobierno de Arag\u00f3n \u201cun gran reconocimiento al trabajo llevado a cabo en el territorio y a 40 a\u00f1os de gesti\u00f3n eficaz\u201d en la Reserva de la Biosfera de Ordesa-Vi\u00f1amala, que precisamente este a\u00f1o llega a su cuadrag\u00e9simo aniversario.<\/p>\n<p>Pilar G\u00f3mez ha presentado el congreso aludiendo a la importancia de esta figura de protecci\u00f3n medioambiental, que, aunque menos conocida que otras, como los parques nacionales, \u201cconcilia la conservaci\u00f3n, el uso sostenible, el desarrollo econ\u00f3mico, la investigaci\u00f3n y la educaci\u00f3n\u201d, centr\u00e1ndose en la interacci\u00f3n entre los sistemas socioecon\u00f3micos y medioambientales.<\/p>\n<p>Entre el 18 y el 22 de septiembre un centenar de congresistas, entre los que se encuentran varias figuras de reconocido prestigio, se dar\u00e1n cita en el entorno de la reserva aragonesa para definir, fundamentalmente, el Plan de Acci\u00f3n Ordesa Vi\u00f1amala 2017-2025, una gu\u00eda de trabajo que servir\u00e1 en el futuro para mejorar el funcionamiento del conjunto de las reservas de la biosfera espa\u00f1olas en un marco de cooperaci\u00f3n y trabajo compartido.<\/p>\n<p>Adem\u00e1s, el encuentro servir\u00e1 para debatir sobre el \u201cPlan de Acci\u00f3n de Lima 2016-2025\u201d e influir de esta forma en el gobierno de la Red Mundial de Reservas de la Biosfera. Este plan fue aprobado en 2016 por todas las reservas de la biosfera y contiene un conjunto de acciones exhaustivas, aunque concisas, cuyo fin es el de garantizar la implementaci\u00f3n efectiva de la estrategia del Programa MaB (siglas en ingl\u00e9s de Hombre y Biosfera).<br \/>\nEn la presentaci\u00f3n han participado tambi\u00e9n el secretario del Comit\u00e9 MaB Espa\u00f1a, Francisco Jos\u00e9 Cantos, la presidenta del Consorcio de la Reserva de la Biosfera de Ordesa-Vi\u00f1amala y alcaldesa de Broto, Carmen Muro, y el alcalde de Bielsa, Miguel Noguero.<\/p>\n<p>Cantos ha destacado que una reserva de la biosfera conlleva un gran esfuerzo de la gente por mantener este sello de la Unesco y que en la zona aragonesa ya se llevan 40 a\u00f1os realiz\u00e1ndolo, pues fue la primera de nuestro pa\u00eds, junto con la de Grazalema.<br \/>\n\u201cLas reservas de la biosfera se han convertido en \u00e1reas de referencia sobre la relaci\u00f3n entre el hombre y la naturaleza, sobre todo en lo referente al concepto de desarrollo sostenible, que fue formulado por primera vez, precisamente, por el Programa MaB\u201d, ha a\u00f1adido.<\/p>\n<p>Por su parte, Carmen Muro se ha felicitado por la oportunidad que supone el congreso para dar a conocer el territorio y ha celebrado asimismo que el plan de acci\u00f3n de todas las reservas de la biosfera vaya a llevar el nombre de Ordesa-Vi\u00f1amala.<\/p>\n<p>Finalmente, Miguel Noguero, que ha explicado el programa conmemorativo del 40 aniversario de la reserva, ha querido hacer hincapi\u00e9 en este hito se\u00f1alando que si se cumplen cuarenta a\u00f1os \u201ces que se ha hecho bien\u201d. Tambi\u00e9n ha indicado que el sello reserva de la biosfera es un sello de calidad muy reconocido y una \u201cpalanca de promoci\u00f3n del territorio\u201d muy atractiva para desarrollar un turismo de calidad.<\/p>\n<p><strong>Programa del congreso<\/strong><\/p>\n<p>El congreso, al que asistir\u00e1n principalmente cient\u00edficos, gestores de reservas y miembros del Comit\u00e9 MaB Espa\u00f1a, contar\u00e1 con un acto inaugural abierto al p\u00fablico que tendr\u00e1 lugar el lunes d\u00eda 18 de septiembre en el Centro Cultural Pablo Neruda de Biescas (Huesca).<\/p>\n<p>Este evento constar\u00e1 de dos partes. Por un lado, la inauguraci\u00f3n oficial del congreso, que contar\u00e1 con la presencia del consejero de Desarrollo Rural y Sostenibilidad del Gobierno de Arag\u00f3n, Joaqu\u00edn Olona, de la presidenta del Consorcio de la Reserva de la Biosfera Ordesa-Vi\u00f1amala y alcaldesa de Broto, Carmen Muro, y del vicepresidente del Comit\u00e9 MaB Espa\u00f1a, Basilio Rada. Por otro lado, una mesa redonda denominada \u201dPasado, presente y futuro del Programa MaB [siglas en ingl\u00e9s de Hombre y Biosfera] y de la Red Espa\u00f1ola de Reservas de la Biosfera\u201d, en la que ya han confirmado su presencia destacados ponentes, como Eduardo Mart\u00ednez de Pis\u00f3n, catedr\u00e1tico em\u00e9rito de Geograf\u00eda de la Universidad Aut\u00f3noma de Madrid, Antonio L\u00f3pez Lillo, presidente de honor de Europarc Espa\u00f1a, o Rosa Mar\u00eda C\u00e1rdenas Tomazic, de la Divisi\u00f3n de Ecolog\u00eda y Ciencias de la Tierra del Programa MaB de la Unesco.<\/p>\n<p>El d\u00eda 19, en el Centro de Visitantes del Parque Nacional de Ordesa y Monte Perdido, se presentar\u00e1 el borrador del Plan de Acci\u00f3n Ordesa-Vi\u00f1amala y se someter\u00e1 a las aportaciones del plenario y a su aprobaci\u00f3n final. Tambi\u00e9n se tratar\u00e1 sobre el 40 aniversario de la reserva y sobre el centenario del Parque Nacional de Ordesa y Monte Perdido.<\/p>\n<p>En el mismo lugar, al d\u00eda siguiente se reunir\u00e1n el consejo de gestores y el consejo cient\u00edfico de las reservas. Paralelamente se celebrar\u00e1 un simposio sobre el A\u00f1o Internacional del Turismo Sostenible, organizado por la Secretar\u00eda de Estado de Turismo, Turismo de Arag\u00f3n y el propio sector tur\u00edstico. Ya por la tarde, y tambi\u00e9n en torno al mismo tema, se presentar\u00e1n experiencias exitosas de la Red Espa\u00f1ola de Reservas de la Biosfera. Estos dos actos estar\u00e1n abiertos al p\u00fablico.<\/p>\n<p>El jueves 21 estar\u00e1 dedicado, por la ma\u00f1ana, a las excursiones (visitas de campo para conocer in situ los proyectos de desarrollo rural de las zonas del Valle de Ordesa, Bujaruelo y Valle de Tena), aunque seguir\u00e1 habiendo encuentros cient\u00edficos, en este caso sobre turismo y accesibilidad. Por la tarde, de forma previa a la clausura, se reunir\u00e1 el Comit\u00e9 MaB Espa\u00f1a en el Parador de Torla-Ordesa. Ser\u00e1 esta una de las escasas ocasiones (solo lo ha hecho en dos) en las que se re\u00fane fuera de Madrid. Aunque todav\u00eda est\u00e1 por confirmar, se espera que lo presida la secretaria de Estado de Medioambiente, Mar\u00eda Garc\u00eda.<\/p>\n<p>De manera complementaria, el congreso celebrar\u00e1 una exposici\u00f3n de carteles sobre el desarrollo sostenible que contendr\u00e1 una selecci\u00f3n de buenas pr\u00e1cticas puestas en marcha en las 48 reservas de la biosfera espa\u00f1olas, as\u00ed como varias actividades relacionadas con la tem\u00e1tica del congreso o de conocimiento de la reserva, algunas de ellas abiertas tambi\u00e9n al p\u00fablico.<\/p>\n<p><strong>\u201cOrdesa-Vi\u00f1amala\u201d, anfitriona de la cita<\/strong><\/p>\n<p>En el a\u00f1o 2017 se cumplen cuarenta a\u00f1os de la declaraci\u00f3n de la Reserva de la Biosfera \u201cOrdesa-Vi\u00f1amala\u201d, una larga trayectoria reconocida por la propia secretar\u00eda del Programa MaB en Espa\u00f1a y por la Red Mundial de Reservas de la Biosfera, que la eligi\u00f3 como modelo a seguir durante el IV Congreso Mundial de Reservas de la Biosfera celebrado en Lima (Per\u00fa) en marzo del a\u00f1o 2016.<\/p>\n<p>Ambos factores han propiciado la elecci\u00f3n de la reserva aragonesa de Ordesa-Vi\u00f1amala como sede anfitriona de la cita. Se trata de un reconocimiento a un amplio colectivo, ya que en la reserva a\u00fanan esfuerzos diversas administraciones: Gobierno de Arag\u00f3n y ayuntamientos de Biescas, Y\u00e9sero, Hoz de Jaca, Panticosa, Sallent de G\u00e1llego, Torla-Ordesa, Broto, Tella-Sin, Pu\u00e9rtolas y Bielsa, adem\u00e1s de Ministerio de Agricultura y Pesca, Alimentaci\u00f3n y Medio Ambiente a trav\u00e9s del Organismo Aut\u00f3nomo Parques Nacionales. Adem\u00e1s, 150 agentes socioecon\u00f3micos de la zona (ciudadanos, entidades, asociaciones y empresas enmarcadas en la reserva) contribuyen con m\u00e1s de un centenar de aportaciones a la tarea de desarrollar un plan de acci\u00f3n propio.<\/p>\n<p>La Reserva de la Biosfera Ordesa Vi\u00f1amala fue declarada como tal por la UNESCO en el a\u00f1o 1977, siendo ampliada posteriormente en 2013 hasta las 117 364 hect\u00e1reas de superficie actual. A diferencia de otros espacios naturales protegidos, en sus l\u00edmites se incluyen varias poblaciones, con una vecindad de 6000 habitantes con los que se trata de promover un tipo de desarrollo sostenible mediante el di\u00e1logo participativo.<\/p>\n<p>La reserva es gestionada por el Consorcio de la Reserva de la Biosfera Ordesa-Vi\u00f1amala, un ente con personalidad jur\u00eddica propia que dispone de dos organismos de representaci\u00f3n: un Consejo Rector y un Consejo Consultivo.<\/p>\n<p><strong>Programa MaB<\/strong><\/p>\n<p>El Programa sobre el Hombre y la Biosfera, iniciado a principios de los a\u00f1os 70, es un programa intergubernamental creado con el objetivo de establecer una base cient\u00edfica para mejorar la relaci\u00f3n de las personas con su entorno.<\/p>\n<p>Promueve la investigaci\u00f3n interdisciplinaria en ciencias naturales y sociales y la capacitaci\u00f3n en gesti\u00f3n de los recursos naturales, en particular, sobre la conservaci\u00f3n y el uso sostenible de la biodiversidad. De este modo, contribuye no s\u00f3lo a comprender mejor el medio ambiente, incluyendo el cambio global, sino tambi\u00e9n a un mayor compromiso de la ciencia y de los cient\u00edficos con el desarrollo de pol\u00edticas relativas a la utilizaci\u00f3n racional de la diversidad biol\u00f3gica y cultural.<\/p>\n<p>La Secretaria Internacional del Programa MaB est\u00e1 ubicada en la sede de la Unesco en Par\u00eds y su \u00f3rgano de gobierno es el Consejo Internacional de Coordinaci\u00f3n (CIC), compuesto en cada momento, de manera rotatoria, por treinta y cuatro Estados de entre los que son miembros de la Unesco.<\/p>\n<p>Cada pa\u00eds que se interesa y compromete en implementar este programa debe organizar una comisi\u00f3n nacional o comit\u00e9 MaB, con car\u00e1cter asesor, coordinador y gestor de acciones, que integre como miembros a representantes de los organismos e instituciones m\u00e1s relacionadas con los contenidos del Programa MaB.<\/p>\n<p>Para la ejecuci\u00f3n de su trabajo en el terreno el programa centra sus actuaciones en la Red Mundial de Reservas de la Biosfera, fomentando el intercambio de conocimientos entre las reservas, la investigaci\u00f3n y el monitoreo, la educaci\u00f3n, la formaci\u00f3n y la toma de decisiones participativa.<\/p>\n<p>&nbsp;<\/p>\n","protected":false},"excerpt":{"rendered":"<p>Las localidades de Torla-Ordesa y Biescas (Huesca) ser\u00e1n las sedes del II Congreso Espa\u00f1ol de Reservas de la Biosfera de la Unesco. Concretamente, 48 zonas de la geograf\u00eda estatal cuentan con esta distinci\u00f3n medioambiental y con este encuentro pretenden poner en com\u00fan las dificultades que afrontan y aunar esfuerzos para lograr objetivos comunes. El evento [&hellip;]<\/p>\n","protected":false},"author":1,"featured_media":951547,"comment_status":"closed","ping_status":"closed","sticky":false,"template":"","format":"standard","meta":{"footnotes":""},"categories":[1],"tags":[],"class_list":["post-951546","post","type-post","status-publish","format-standard","has-post-thumbnail","hentry","category-actualidad"],"aioseo_notices":[],"aioseo_head":"\n\t\t<!-- All in One SEO Pro 5.0.1 - aioseo.com -->\n\t<meta name=\"description\" content=\"Las localidades de Torla-Ordesa y Biescas (Huesca) ser\u00e1n las sedes del II Congreso Espa\u00f1ol de Reservas de la Biosfera de la Unesco. Concretamente, 48 zonas de la geograf\u00eda estatal cuentan con esta distinci\u00f3n medioambiental y con este encuentro pretenden poner en com\u00fan las dificultades que afrontan y aunar esfuerzos para lograr objetivos comunes. El evento\" \/>\n\t<meta name=\"robots\" content=\"max-image-preview:large\" \/>\n\t<meta name=\"author\" content=\"El Digital de Asturias\"\/>\n\t<meta name=\"google-site-verification\" content=\"UA-38556648-1\" \/>\n\t<meta name=\"msvalidate.01\" content=\"7dfe9f3f1b24437ab69f4f2559babe99\" \/>\n\t<meta name=\"keywords\" content=\"actualidad\" \/>\n\t<link rel=\"canonical\" href=\"https:\/\/www.eldigitaldeasturias.com\/noticias\/ordesa-vinamala-acogera-el-ii-congreso-de-las-48-reservas-de-la-biosfera-espanolas\/\" \/>\n\t<meta name=\"generator\" content=\"All in One SEO Pro (AIOSEO) 5.0.1\" \/>\n\t\t<meta property=\"og:locale\" content=\"es_ES\" \/>\n\t\t<meta property=\"og:site_name\" content=\"El Digital de Asturias\" \/>\n\t\t<meta property=\"og:type\" content=\"article\" \/>\n\t\t<meta property=\"og:title\" content=\"Ordesa-Vi\u00f1amala acoger\u00e1 el II Congreso de las 48 reservas de la biosfera espa\u00f1olas - El Digital de Asturias\" \/>\n\t\t<meta property=\"og:description\" content=\"Las localidades de Torla-Ordesa y Biescas (Huesca) ser\u00e1n las sedes del II Congreso Espa\u00f1ol de Reservas de la Biosfera de la Unesco. Concretamente, 48 zonas de la geograf\u00eda estatal cuentan con esta distinci\u00f3n medioambiental y con este encuentro pretenden poner en com\u00fan las dificultades que afrontan y aunar esfuerzos para lograr objetivos comunes. El evento\" \/>\n\t\t<meta property=\"og:url\" content=\"https:\/\/www.eldigitaldeasturias.com\/noticias\/ordesa-vinamala-acogera-el-ii-congreso-de-las-48-reservas-de-la-biosfera-espanolas\/\" \/>\n\t\t<meta property=\"article:tag\" content=\"actualidad\" \/>\n\t\t<meta property=\"article:published_time\" content=\"2017-08-31T20:12:06+00:00\" \/>\n\t\t<meta property=\"article:modified_time\" content=\"2017-08-31T20:12:06+00:00\" \/>\n\t\t<meta property=\"article:publisher\" content=\"https:\/\/facebook.com\/eldigitaldeasturias\" \/>\n\t\t<meta name=\"twitter:card\" content=\"summary_large_image\" \/>\n\t\t<meta name=\"twitter:title\" content=\"Ordesa-Vi\u00f1amala acoger\u00e1 el II Congreso de las 48 reservas de la biosfera espa\u00f1olas - El Digital de Asturias\" \/>\n\t\t<meta name=\"twitter:description\" content=\"Las localidades de Torla-Ordesa y Biescas (Huesca) ser\u00e1n las sedes del II Congreso Espa\u00f1ol de Reservas de la Biosfera de la Unesco. Concretamente, 48 zonas de la geograf\u00eda estatal cuentan con esta distinci\u00f3n medioambiental y con este encuentro pretenden poner en com\u00fan las dificultades que afrontan y aunar esfuerzos para lograr objetivos comunes. El evento\" \/>\n\t\t<meta name=\"twitter:image\" content=\"https:\/\/www.eldigitaldeasturias.com\/noticias\/wp-content\/uploads\/2020\/12\/EDA-1.jpg\" \/>\n\t\t<meta name=\"twitter:label1\" content=\"Escrito por\" \/>\n\t\t<meta name=\"twitter:data1\" content=\"El Digital de Asturias\" \/>\n\t\t<meta name=\"twitter:label2\" content=\"Tiempo de lectura estimado\" \/>\n\t\t<meta name=\"twitter:data2\" content=\"9 minutos\" \/>\n\t\t<script type=\"application\/ld+json\" class=\"aioseo-schema\">\n\t\t\t{\"@context\":\"https:\\\/\\\/schema.org\",\"@graph\":[{\"@type\":\"BlogPosting\",\"@id\":\"https:\\\/\\\/www.eldigitaldeasturias.com\\\/noticias\\\/ordesa-vinamala-acogera-el-ii-congreso-de-las-48-reservas-de-la-biosfera-espanolas\\\/#blogposting\",\"name\":\"Ordesa-Vi\\u00f1amala acoger\\u00e1 el II Congreso de las 48 reservas de la biosfera espa\\u00f1olas - El Digital de Asturias\",\"headline\":\"Ordesa-Vi\\u00f1amala acoger\\u00e1 el II Congreso de las 48 reservas de la biosfera espa\\u00f1olas\",\"author\":{\"@id\":\"https:\\\/\\\/www.eldigitaldeasturias.com\\\/noticias\\\/author\\\/admin\\\/#author\"},\"publisher\":{\"@id\":\"https:\\\/\\\/www.eldigitaldeasturias.com\\\/noticias\\\/#organization\"},\"image\":{\"@type\":\"ImageObject\",\"url\":951547},\"datePublished\":\"2017-08-31T20:12:06+02:00\",\"dateModified\":\"2017-08-31T20:12:06+02:00\",\"inLanguage\":\"es-ES\",\"mainEntityOfPage\":{\"@id\":\"https:\\\/\\\/www.eldigitaldeasturias.com\\\/noticias\\\/ordesa-vinamala-acogera-el-ii-congreso-de-las-48-reservas-de-la-biosfera-espanolas\\\/#webpage\"},\"isPartOf\":{\"@id\":\"https:\\\/\\\/www.eldigitaldeasturias.com\\\/noticias\\\/ordesa-vinamala-acogera-el-ii-congreso-de-las-48-reservas-de-la-biosfera-espanolas\\\/#webpage\"},\"articleSection\":\"Actualidad\"},{\"@type\":\"BreadcrumbList\",\"@id\":\"https:\\\/\\\/www.eldigitaldeasturias.com\\\/noticias\\\/ordesa-vinamala-acogera-el-ii-congreso-de-las-48-reservas-de-la-biosfera-espanolas\\\/#breadcrumblist\",\"itemListElement\":[{\"@type\":\"ListItem\",\"@id\":\"https:\\\/\\\/www.eldigitaldeasturias.com\\\/noticias#listItem\",\"position\":1,\"name\":\"Home\",\"item\":\"https:\\\/\\\/www.eldigitaldeasturias.com\\\/noticias\",\"nextItem\":{\"@type\":\"ListItem\",\"@id\":\"https:\\\/\\\/www.eldigitaldeasturias.com\\\/noticias\\\/category\\\/actualidad\\\/#listItem\",\"name\":\"Actualidad\"}},{\"@type\":\"ListItem\",\"@id\":\"https:\\\/\\\/www.eldigitaldeasturias.com\\\/noticias\\\/category\\\/actualidad\\\/#listItem\",\"position\":2,\"name\":\"Actualidad\",\"item\":\"https:\\\/\\\/www.eldigitaldeasturias.com\\\/noticias\\\/category\\\/actualidad\\\/\",\"nextItem\":{\"@type\":\"ListItem\",\"@id\":\"https:\\\/\\\/www.eldigitaldeasturias.com\\\/noticias\\\/ordesa-vinamala-acogera-el-ii-congreso-de-las-48-reservas-de-la-biosfera-espanolas\\\/#listItem\",\"name\":\"Ordesa-Vi\\u00f1amala acoger\\u00e1 el II Congreso de las 48 reservas de la biosfera espa\\u00f1olas\"},\"previousItem\":{\"@type\":\"ListItem\",\"@id\":\"https:\\\/\\\/www.eldigitaldeasturias.com\\\/noticias#listItem\",\"name\":\"Home\"}},{\"@type\":\"ListItem\",\"@id\":\"https:\\\/\\\/www.eldigitaldeasturias.com\\\/noticias\\\/ordesa-vinamala-acogera-el-ii-congreso-de-las-48-reservas-de-la-biosfera-espanolas\\\/#listItem\",\"position\":3,\"name\":\"Ordesa-Vi\\u00f1amala acoger\\u00e1 el II Congreso de las 48 reservas de la biosfera espa\\u00f1olas\",\"previousItem\":{\"@type\":\"ListItem\",\"@id\":\"https:\\\/\\\/www.eldigitaldeasturias.com\\\/noticias\\\/category\\\/actualidad\\\/#listItem\",\"name\":\"Actualidad\"}}]},{\"@type\":\"Organization\",\"@id\":\"https:\\\/\\\/www.eldigitaldeasturias.com\\\/noticias\\\/#organization\",\"name\":\"El Digital de Asturias\",\"description\":\"Hemeroteca\",\"url\":\"https:\\\/\\\/www.eldigitaldeasturias.com\\\/noticias\\\/\",\"email\":\"info@eldigitaldeasturias.com\",\"telephone\":\"+34652131393\",\"logo\":{\"@type\":\"ImageObject\",\"url\":\"https:\\\/\\\/www.eldigitaldeasturias.com\\\/noticias\\\/wp-content\\\/uploads\\\/2020\\\/12\\\/EDA.jpg\",\"@id\":\"https:\\\/\\\/www.eldigitaldeasturias.com\\\/noticias\\\/ordesa-vinamala-acogera-el-ii-congreso-de-las-48-reservas-de-la-biosfera-espanolas\\\/#organizationLogo\"},\"image\":{\"@id\":\"https:\\\/\\\/www.eldigitaldeasturias.com\\\/noticias\\\/ordesa-vinamala-acogera-el-ii-congreso-de-las-48-reservas-de-la-biosfera-espanolas\\\/#organizationLogo\"},\"sameAs\":[\"https:\\\/\\\/facebook.com\\\/eldigitaldeasturias\",\"https:\\\/\\\/www.youtube.com\\\/channel\\\/UCZP-2wLEB9Rv6erhFmqVnvg\"],\"address\":{\"@id\":\"https:\\\/\\\/www.eldigitaldeasturias.com\\\/noticias\\\/#postaladdress\",\"@type\":\"PostalAddress\",\"streetAddress\":\"san antonio 4\",\"postalCode\":\"33430\",\"addressLocality\":\"Cand\\u00e1s\",\"addressRegion\":\"Asturias\",\"addressCountry\":\"ES\"}},{\"@type\":\"Person\",\"@id\":\"https:\\\/\\\/www.eldigitaldeasturias.com\\\/noticias\\\/author\\\/admin\\\/#author\",\"url\":\"https:\\\/\\\/www.eldigitaldeasturias.com\\\/noticias\\\/author\\\/admin\\\/\",\"name\":\"El Digital de Asturias\",\"image\":{\"@type\":\"ImageObject\",\"@id\":\"https:\\\/\\\/www.eldigitaldeasturias.com\\\/noticias\\\/ordesa-vinamala-acogera-el-ii-congreso-de-las-48-reservas-de-la-biosfera-espanolas\\\/#authorImage\",\"url\":\"https:\\\/\\\/secure.gravatar.com\\\/avatar\\\/df2aeffc32bcd13f8d26072ef8a91b623d677766deac7f97ca815868cd41bf5e?s=96&d=mm&r=g\",\"width\":96,\"height\":96,\"caption\":\"El Digital de Asturias\"}},{\"@type\":\"WebPage\",\"@id\":\"https:\\\/\\\/www.eldigitaldeasturias.com\\\/noticias\\\/ordesa-vinamala-acogera-el-ii-congreso-de-las-48-reservas-de-la-biosfera-espanolas\\\/#webpage\",\"url\":\"https:\\\/\\\/www.eldigitaldeasturias.com\\\/noticias\\\/ordesa-vinamala-acogera-el-ii-congreso-de-las-48-reservas-de-la-biosfera-espanolas\\\/\",\"name\":\"Ordesa-Vi\\u00f1amala acoger\\u00e1 el II Congreso de las 48 reservas de la biosfera espa\\u00f1olas - El Digital de Asturias\",\"description\":\"Las localidades de Torla-Ordesa y Biescas (Huesca) ser\\u00e1n las sedes del II Congreso Espa\\u00f1ol de Reservas de la Biosfera de la Unesco. Concretamente, 48 zonas de la geograf\\u00eda estatal cuentan con esta distinci\\u00f3n medioambiental y con este encuentro pretenden poner en com\\u00fan las dificultades que afrontan y aunar esfuerzos para lograr objetivos comunes. El evento\",\"inLanguage\":\"es-ES\",\"isPartOf\":{\"@id\":\"https:\\\/\\\/www.eldigitaldeasturias.com\\\/noticias\\\/#website\"},\"breadcrumb\":{\"@id\":\"https:\\\/\\\/www.eldigitaldeasturias.com\\\/noticias\\\/ordesa-vinamala-acogera-el-ii-congreso-de-las-48-reservas-de-la-biosfera-espanolas\\\/#breadcrumblist\"},\"author\":{\"@id\":\"https:\\\/\\\/www.eldigitaldeasturias.com\\\/noticias\\\/author\\\/admin\\\/#author\"},\"creator\":{\"@id\":\"https:\\\/\\\/www.eldigitaldeasturias.com\\\/noticias\\\/author\\\/admin\\\/#author\"},\"image\":{\"@type\":\"ImageObject\",\"url\":951547,\"@id\":\"https:\\\/\\\/www.eldigitaldeasturias.com\\\/noticias\\\/ordesa-vinamala-acogera-el-ii-congreso-de-las-48-reservas-de-la-biosfera-espanolas\\\/#mainImage\"},\"primaryImageOfPage\":{\"@id\":\"https:\\\/\\\/www.eldigitaldeasturias.com\\\/noticias\\\/ordesa-vinamala-acogera-el-ii-congreso-de-las-48-reservas-de-la-biosfera-espanolas\\\/#mainImage\"},\"datePublished\":\"2017-08-31T20:12:06+02:00\",\"dateModified\":\"2017-08-31T20:12:06+02:00\"},{\"@type\":\"WebSite\",\"@id\":\"https:\\\/\\\/www.eldigitaldeasturias.com\\\/noticias\\\/#website\",\"url\":\"https:\\\/\\\/www.eldigitaldeasturias.com\\\/noticias\\\/\",\"name\":\"El Digital de Asturias - Diario de actualidad y noticias\",\"alternateName\":\"El Digital de Asturias - Diario de actualidad y noticias\",\"description\":\"Hemeroteca\",\"inLanguage\":\"es-ES\",\"publisher\":{\"@id\":\"https:\\\/\\\/www.eldigitaldeasturias.com\\\/noticias\\\/#organization\"}}]}\n\t\t<\/script>\n\t\t<!-- All in One SEO Pro -->\r\n\t\t<title>Ordesa-Vi\u00f1amala acoger\u00e1 el II Congreso de las 48 reservas de la biosfera espa\u00f1olas - El Digital de Asturias<\/title>\n\n","aioseo_head_json":{"title":"Ordesa-Vi\u00f1amala acoger\u00e1 el II Congreso de las 48 reservas de la biosfera espa\u00f1olas - El Digital de Asturias","description":"Las localidades de Torla-Ordesa y Biescas (Huesca) ser\u00e1n las sedes del II Congreso Espa\u00f1ol de Reservas de la Biosfera de la Unesco. Concretamente, 48 zonas de la geograf\u00eda estatal cuentan con esta distinci\u00f3n medioambiental y con este encuentro pretenden poner en com\u00fan las dificultades que afrontan y aunar esfuerzos para lograr objetivos comunes. El evento","canonical_url":"https:\/\/www.eldigitaldeasturias.com\/noticias\/ordesa-vinamala-acogera-el-ii-congreso-de-las-48-reservas-de-la-biosfera-espanolas\/","robots":"max-image-preview:large","keywords":"actualidad","webmasterTools":{"google-site-verification":"UA-38556648-1","msvalidate.01":"7dfe9f3f1b24437ab69f4f2559babe99","miscellaneous":""},"schema":{"@context":"https:\/\/schema.org","@graph":[{"@type":"BlogPosting","@id":"https:\/\/www.eldigitaldeasturias.com\/noticias\/ordesa-vinamala-acogera-el-ii-congreso-de-las-48-reservas-de-la-biosfera-espanolas\/#blogposting","name":"Ordesa-Vi\u00f1amala acoger\u00e1 el II Congreso de las 48 reservas de la biosfera espa\u00f1olas - El Digital de Asturias","headline":"Ordesa-Vi\u00f1amala acoger\u00e1 el II Congreso de las 48 reservas de la biosfera espa\u00f1olas","author":{"@id":"https:\/\/www.eldigitaldeasturias.com\/noticias\/author\/admin\/#author"},"publisher":{"@id":"https:\/\/www.eldigitaldeasturias.com\/noticias\/#organization"},"image":{"@type":"ImageObject","url":951547},"datePublished":"2017-08-31T20:12:06+02:00","dateModified":"2017-08-31T20:12:06+02:00","inLanguage":"es-ES","mainEntityOfPage":{"@id":"https:\/\/www.eldigitaldeasturias.com\/noticias\/ordesa-vinamala-acogera-el-ii-congreso-de-las-48-reservas-de-la-biosfera-espanolas\/#webpage"},"isPartOf":{"@id":"https:\/\/www.eldigitaldeasturias.com\/noticias\/ordesa-vinamala-acogera-el-ii-congreso-de-las-48-reservas-de-la-biosfera-espanolas\/#webpage"},"articleSection":"Actualidad"},{"@type":"BreadcrumbList","@id":"https:\/\/www.eldigitaldeasturias.com\/noticias\/ordesa-vinamala-acogera-el-ii-congreso-de-las-48-reservas-de-la-biosfera-espanolas\/#breadcrumblist","itemListElement":[{"@type":"ListItem","@id":"https:\/\/www.eldigitaldeasturias.com\/noticias#listItem","position":1,"name":"Home","item":"https:\/\/www.eldigitaldeasturias.com\/noticias","nextItem":{"@type":"ListItem","@id":"https:\/\/www.eldigitaldeasturias.com\/noticias\/category\/actualidad\/#listItem","name":"Actualidad"}},{"@type":"ListItem","@id":"https:\/\/www.eldigitaldeasturias.com\/noticias\/category\/actualidad\/#listItem","position":2,"name":"Actualidad","item":"https:\/\/www.eldigitaldeasturias.com\/noticias\/category\/actualidad\/","nextItem":{"@type":"ListItem","@id":"https:\/\/www.eldigitaldeasturias.com\/noticias\/ordesa-vinamala-acogera-el-ii-congreso-de-las-48-reservas-de-la-biosfera-espanolas\/#listItem","name":"Ordesa-Vi\u00f1amala acoger\u00e1 el II Congreso de las 48 reservas de la biosfera espa\u00f1olas"},"previousItem":{"@type":"ListItem","@id":"https:\/\/www.eldigitaldeasturias.com\/noticias#listItem","name":"Home"}},{"@type":"ListItem","@id":"https:\/\/www.eldigitaldeasturias.com\/noticias\/ordesa-vinamala-acogera-el-ii-congreso-de-las-48-reservas-de-la-biosfera-espanolas\/#listItem","position":3,"name":"Ordesa-Vi\u00f1amala acoger\u00e1 el II Congreso de las 48 reservas de la biosfera espa\u00f1olas","previousItem":{"@type":"ListItem","@id":"https:\/\/www.eldigitaldeasturias.com\/noticias\/category\/actualidad\/#listItem","name":"Actualidad"}}]},{"@type":"Organization","@id":"https:\/\/www.eldigitaldeasturias.com\/noticias\/#organization","name":"El Digital de Asturias","description":"Hemeroteca","url":"https:\/\/www.eldigitaldeasturias.com\/noticias\/","email":"info@eldigitaldeasturias.com","telephone":"+34652131393","logo":{"@type":"ImageObject","url":"https:\/\/www.eldigitaldeasturias.com\/noticias\/wp-content\/uploads\/2020\/12\/EDA.jpg","@id":"https:\/\/www.eldigitaldeasturias.com\/noticias\/ordesa-vinamala-acogera-el-ii-congreso-de-las-48-reservas-de-la-biosfera-espanolas\/#organizationLogo"},"image":{"@id":"https:\/\/www.eldigitaldeasturias.com\/noticias\/ordesa-vinamala-acogera-el-ii-congreso-de-las-48-reservas-de-la-biosfera-espanolas\/#organizationLogo"},"sameAs":["https:\/\/facebook.com\/eldigitaldeasturias","https:\/\/www.youtube.com\/channel\/UCZP-2wLEB9Rv6erhFmqVnvg"],"address":{"@id":"https:\/\/www.eldigitaldeasturias.com\/noticias\/#postaladdress","@type":"PostalAddress","streetAddress":"san antonio 4","postalCode":"33430","addressLocality":"Cand\u00e1s","addressRegion":"Asturias","addressCountry":"ES"}},{"@type":"Person","@id":"https:\/\/www.eldigitaldeasturias.com\/noticias\/author\/admin\/#author","url":"https:\/\/www.eldigitaldeasturias.com\/noticias\/author\/admin\/","name":"El Digital de Asturias","image":{"@type":"ImageObject","@id":"https:\/\/www.eldigitaldeasturias.com\/noticias\/ordesa-vinamala-acogera-el-ii-congreso-de-las-48-reservas-de-la-biosfera-espanolas\/#authorImage","url":"https:\/\/secure.gravatar.com\/avatar\/df2aeffc32bcd13f8d26072ef8a91b623d677766deac7f97ca815868cd41bf5e?s=96&d=mm&r=g","width":96,"height":96,"caption":"El Digital de Asturias"}},{"@type":"WebPage","@id":"https:\/\/www.eldigitaldeasturias.com\/noticias\/ordesa-vinamala-acogera-el-ii-congreso-de-las-48-reservas-de-la-biosfera-espanolas\/#webpage","url":"https:\/\/www.eldigitaldeasturias.com\/noticias\/ordesa-vinamala-acogera-el-ii-congreso-de-las-48-reservas-de-la-biosfera-espanolas\/","name":"Ordesa-Vi\u00f1amala acoger\u00e1 el II Congreso de las 48 reservas de la biosfera espa\u00f1olas - El Digital de Asturias","description":"Las localidades de Torla-Ordesa y Biescas (Huesca) ser\u00e1n las sedes del II Congreso Espa\u00f1ol de Reservas de la Biosfera de la Unesco. Concretamente, 48 zonas de la geograf\u00eda estatal cuentan con esta distinci\u00f3n medioambiental y con este encuentro pretenden poner en com\u00fan las dificultades que afrontan y aunar esfuerzos para lograr objetivos comunes. El evento","inLanguage":"es-ES","isPartOf":{"@id":"https:\/\/www.eldigitaldeasturias.com\/noticias\/#website"},"breadcrumb":{"@id":"https:\/\/www.eldigitaldeasturias.com\/noticias\/ordesa-vinamala-acogera-el-ii-congreso-de-las-48-reservas-de-la-biosfera-espanolas\/#breadcrumblist"},"author":{"@id":"https:\/\/www.eldigitaldeasturias.com\/noticias\/author\/admin\/#author"},"creator":{"@id":"https:\/\/www.eldigitaldeasturias.com\/noticias\/author\/admin\/#author"},"image":{"@type":"ImageObject","url":951547,"@id":"https:\/\/www.eldigitaldeasturias.com\/noticias\/ordesa-vinamala-acogera-el-ii-congreso-de-las-48-reservas-de-la-biosfera-espanolas\/#mainImage"},"primaryImageOfPage":{"@id":"https:\/\/www.eldigitaldeasturias.com\/noticias\/ordesa-vinamala-acogera-el-ii-congreso-de-las-48-reservas-de-la-biosfera-espanolas\/#mainImage"},"datePublished":"2017-08-31T20:12:06+02:00","dateModified":"2017-08-31T20:12:06+02:00"},{"@type":"WebSite","@id":"https:\/\/www.eldigitaldeasturias.com\/noticias\/#website","url":"https:\/\/www.eldigitaldeasturias.com\/noticias\/","name":"El Digital de Asturias - Diario de actualidad y noticias","alternateName":"El Digital de Asturias - Diario de actualidad y noticias","description":"Hemeroteca","inLanguage":"es-ES","publisher":{"@id":"https:\/\/www.eldigitaldeasturias.com\/noticias\/#organization"}}]},"og:locale":"es_ES","og:site_name":"El Digital de Asturias","og:type":"article","og:title":"Ordesa-Vi\u00f1amala acoger\u00e1 el II Congreso de las 48 reservas de la biosfera espa\u00f1olas - El Digital de Asturias","og:description":"Las localidades de Torla-Ordesa y Biescas (Huesca) ser\u00e1n las sedes del II Congreso Espa\u00f1ol de Reservas de la Biosfera de la Unesco. Concretamente, 48 zonas de la geograf\u00eda estatal cuentan con esta distinci\u00f3n medioambiental y con este encuentro pretenden poner en com\u00fan las dificultades que afrontan y aunar esfuerzos para lograr objetivos comunes. El evento","og:url":"https:\/\/www.eldigitaldeasturias.com\/noticias\/ordesa-vinamala-acogera-el-ii-congreso-de-las-48-reservas-de-la-biosfera-espanolas\/","article:tag":["actualidad"],"article:published_time":"2017-08-31T20:12:06+00:00","article:modified_time":"2017-08-31T20:12:06+00:00","article:publisher":"https:\/\/facebook.com\/eldigitaldeasturias","twitter:card":"summary_large_image","twitter:title":"Ordesa-Vi\u00f1amala acoger\u00e1 el II Congreso de las 48 reservas de la biosfera espa\u00f1olas - El Digital de Asturias","twitter:description":"Las localidades de Torla-Ordesa y Biescas (Huesca) ser\u00e1n las sedes del II Congreso Espa\u00f1ol de Reservas de la Biosfera de la Unesco. Concretamente, 48 zonas de la geograf\u00eda estatal cuentan con esta distinci\u00f3n medioambiental y con este encuentro pretenden poner en com\u00fan las dificultades que afrontan y aunar esfuerzos para lograr objetivos comunes. El evento","twitter:image":"https:\/\/www.eldigitaldeasturias.com\/noticias\/wp-content\/uploads\/2020\/12\/EDA-1.jpg","twitter:label1":"Escrito por","twitter:data1":"El Digital de Asturias","twitter:label2":"Tiempo de lectura estimado","twitter:data2":"9 minutos"},"aioseo_meta_data":{"post_id":"951546","title":null,"description":null,"keywords":null,"keyphrases":null,"primary_term":null,"canonical_url":null,"og_title":null,"og_description":null,"og_object_type":"default","og_image_type":"default","og_image_url":null,"og_image_width":null,"og_image_height":null,"og_image_custom_url":null,"og_image_custom_fields":null,"og_video":null,"og_custom_url":null,"og_article_section":null,"og_article_tags":null,"twitter_use_og":false,"twitter_card":"default","twitter_image_type":"default","twitter_image_url":null,"twitter_image_custom_url":null,"twitter_image_custom_fields":null,"twitter_title":null,"twitter_description":null,"schema":{"blockGraphs":[],"customGraphs":[],"default":{"data":{"Article":[],"Course":[],"Dataset":[],"FAQPage":[],"Movie":[],"Person":[],"Product":[],"ProductReview":[],"Car":[],"Recipe":[],"Service":[],"SoftwareApplication":[],"WebPage":[]},"graphName":"","isEnabled":true},"graphs":[],"defaultGraph":"","defaultPostTypeGraph":""},"schema_type":null,"schema_type_options":null,"pillar_content":false,"robots_default":true,"robots_noindex":false,"robots_noarchive":false,"robots_nosnippet":false,"robots_nofollow":false,"robots_noimageindex":false,"robots_noodp":false,"robots_notranslate":false,"robots_max_snippet":null,"robots_max_videopreview":null,"robots_max_imagepreview":"large","priority":null,"frequency":null,"local_seo":null,"seo_analyzer_scan_date":"2025-12-05 19:36:12","breadcrumb_settings":null,"limit_modified_date":false,"open_ai":null,"ai":null,"created":"2020-12-21 12:58:13","updated":"2025-12-05 19:36:12","focus_keyword":null,"additional_keywords":null,"truseo_locale":null},"aioseo_breadcrumb":"<div class=\"aioseo-breadcrumbs\"><span class=\"aioseo-breadcrumb\">\n\t<a href=\"https:\/\/www.eldigitaldeasturias.com\/noticias\" title=\"Home\">Home<\/a>\n<\/span><span class=\"aioseo-breadcrumb-separator\">\u2013<\/span><span class=\"aioseo-breadcrumb\">\n\t<a href=\"https:\/\/www.eldigitaldeasturias.com\/noticias\/category\/actualidad\/\" title=\"Actualidad\">Actualidad<\/a>\n<\/span><span class=\"aioseo-breadcrumb-separator\">\u2013<\/span><span class=\"aioseo-breadcrumb\">\n\t<a href=\"https:\/\/www.eldigitaldeasturias.com\/noticias\/ordesa-vinamala-acogera-el-ii-congreso-de-las-48-reservas-de-la-biosfera-espanolas\/\" title=\"Ordesa-Vi\u00f1amala acoger\u00e1 el II Congreso de las 48 reservas de la biosfera espa\u00f1olas\">Ordesa-Vi\u00f1amala acoger\u00e1 el II Congreso de las 48 reservas de la biosfera espa\u00f1olas<\/a>\n<\/span><\/div>","aioseo_breadcrumb_json":[{"label":"Home","link":"https:\/\/www.eldigitaldeasturias.com\/noticias"},{"label":"Actualidad","link":"https:\/\/www.eldigitaldeasturias.com\/noticias\/category\/actualidad\/"},{"label":"Ordesa-Vi\u00f1amala acoger\u00e1 el II Congreso de las 48 reservas de la biosfera espa\u00f1olas","link":"https:\/\/www.eldigitaldeasturias.com\/noticias\/ordesa-vinamala-acogera-el-ii-congreso-de-las-48-reservas-de-la-biosfera-espanolas\/"}],"_links":{"self":[{"href":"https:\/\/www.eldigitaldeasturias.com\/noticias\/wp-json\/wp\/v2\/posts\/951546","targetHints":{"allow":["GET"]}}],"collection":[{"href":"https:\/\/www.eldigitaldeasturias.com\/noticias\/wp-json\/wp\/v2\/posts"}],"about":[{"href":"https:\/\/www.eldigitaldeasturias.com\/noticias\/wp-json\/wp\/v2\/types\/post"}],"author":[{"embeddable":true,"href":"https:\/\/www.eldigitaldeasturias.com\/noticias\/wp-json\/wp\/v2\/users\/1"}],"replies":[{"embeddable":true,"href":"https:\/\/www.eldigitaldeasturias.com\/noticias\/wp-json\/wp\/v2\/comments?post=951546"}],"version-history":[{"count":0,"href":"https:\/\/www.eldigitaldeasturias.com\/noticias\/wp-json\/wp\/v2\/posts\/951546\/revisions"}],"wp:attachment":[{"href":"https:\/\/www.eldigitaldeasturias.com\/noticias\/wp-json\/wp\/v2\/media?parent=951546"}],"wp:term":[{"taxonomy":"category","embeddable":true,"href":"https:\/\/www.eldigitaldeasturias.com\/noticias\/wp-json\/wp\/v2\/categories?post=951546"},{"taxonomy":"post_tag","embeddable":true,"href":"https:\/\/www.eldigitaldeasturias.com\/noticias\/wp-json\/wp\/v2\/tags?post=951546"}],"curies":[{"name":"wp","href":"https:\/\/api.w.org\/{rel}","templated":true}]}}