{"id":951543,"date":"2017-08-31T20:08:17","date_gmt":"2017-08-31T20:08:17","guid":{"rendered":"http:\/\/www.eldigitaldeasturias.com\/noticias\/?p=951543"},"modified":"2017-08-31T20:08:31","modified_gmt":"2017-08-31T20:08:31","slug":"arranca-el-rally-cinematografico-por-las-calles-de-teruel","status":"publish","type":"post","link":"https:\/\/www.eldigitaldeasturias.com\/noticias\/arranca-el-rally-cinematografico-por-las-calles-de-teruel\/","title":{"rendered":"Arranca el rally cinematogr\u00e1fico por las calles de Teruel"},"content":{"rendered":"<p><img loading=\"lazy\" decoding=\"async\" class=\"alignleft size-medium wp-image-951544\" src=\"https:\/\/www.eldigitaldeasturias.com\/noticias\/wp-content\/uploads\/2017\/08\/Salida_Desafio_Bunuel-360x159.jpg\" alt=\"\" width=\"360\" height=\"159\" \/>Los seis equipos participantes en la primera edici\u00f3n de Desaf\u00edo Bu\u00f1uel han tomado la salida a las 12:00 horas en la plaza de San Juan con gran expectaci\u00f3n por parte del p\u00fablico asistente que va a poder seguir en directo el rodaje de seis historias diferentes con un nexo com\u00fan: el amor. Para el rodaje y montaje de los cortometrajes cuentan con 48 horas, un reto al gran cineasta calandino Luis Bu\u00f1uel al que se quiere rendir tributo, al mismo tiempo que se promociona la ciudad de Teruel.<\/p>\n<p>La iniciativa, dirigida por el cortometrajista, Esteban L\u00f3pez Juder\u00edas, ha sido organizada por el Gobierno de Arag\u00f3n, en colaboraci\u00f3n con la Fundaci\u00f3n Amantes de Teruel, y se enmarca dentro de los actos conmemorativos del 800 aniversario de los Amantes.<\/p>\n<p>Para el director general de Cultura y Patrimonio, Nacho Escu\u00edn, \u201capostar por Desaf\u00edo Bu\u00f1uel es apostar por un gran proyecto de calidad que se integra en el plan de actuaci\u00f3n que se est\u00e1 llevando a cabo en torno a la figura de Luis Bu\u00f1uel, al mismo tiempo que se genera un nuevo espacio dentro de los Festivales de Arag\u00f3n\u201d. Un evento interactivo cuyas producciones, m\u00e1s tarde, se podr\u00e1n ver en festivales nacionales e internacionales.<\/p>\n<p>Los cortometrajes, que se van a rodar en diferentes localizaciones de la ciudad de Teruel, cuentan con la participaci\u00f3n de un actor o actriz profesional: Ruth Gabriel, Fernando Tielve, Maite Uzal, Aida Folch y Helena Miquel, adem\u00e1s de un elenco de actores, extras o figurantes elegidos en un casting al que se presentaron m\u00e1s de un centenar de personas.<\/p>\n<p>Desaf\u00edo Bu\u00f1uel tambi\u00e9n tiene car\u00e1cter internacional, ya que cada edici\u00f3n contar\u00e1 con un pa\u00eds invitado, en esta ocasi\u00f3n M\u00e9xico donde desde hace m\u00e1s de veinte a\u00f1os se celebra el Festival Internacional de Cine de Guanajuato. Este organiza su propio desaf\u00edo con un gran \u00e9xito de participaci\u00f3n, pues muchos de los ganadores, y gracias a este concurso sobre el que se ha inspirado \u201cDesaf\u00edo Bu\u00f1uel\u201d, han llegado a despuntar en el cine profesional.<\/p>\n<p>Biograf\u00eda de los actores profesionales:<\/p>\n<p><strong>AIDA FOLCH<\/strong><\/p>\n<p>De s\u00f3lida trayectoria profesional, Aida Folch es una de las actrices espa\u00f1olas con m\u00e1s futuro y proyecci\u00f3n del momento. As\u00ed lo confirma su participaci\u00f3n en m\u00e1s de quince pel\u00edculas, algunas series televisivas de \u00e9xito como \u2018Cu\u00e9ntame c\u00f3mo pas\u00f3\u2019 y varias obras teatrales. Con \u201825 Kilates\u2019 de Patxi Amescua logr\u00f3 la Biznaga de Plata a la Mejor Actriz Zona Zine del Festival de M\u00e1laga. Protagonista de \u2018El artista y la modelo\u2019 de Fernando Trueba junto a Jean Rochefort y Claudia Cardinale, Aida Folch ha recibido numerosos premios, entre los que destacan el Premio Ojo Cr\u00edtico de Cine, Premio Turia, Premio del Festival Internacional de Cine Don Luis Bu\u00f1uel, as\u00ed como nominaci\u00f3n al Premio Goya a la Mejor Interpretaci\u00f3n Femenina Protagonista. Tesela de Plata a la mejor actriz por \u00abEl amor no es lo que era\u201d en el Festival de Cine de Alicante 2014. Los films \u2018Fuego\u2019, \u2018Nameless\u2019, \u2018Incidencias\u2019 o \u2018La Reina de Espa\u00f1a\u2019 y las series \u2018Cites\u2019 y estos tres \u00faltimos a\u00f1os \u2018S\u00e9 qui\u00e9n eres\u2019 de Pau Freixas para Telecinco, son algunos de sus \u00faltimos trabajos, una gran actriz que tambi\u00e9n ha manifestado su compromiso social en campa\u00f1as contra el maltrato a la mujer y contra el c\u00e1ncer de mama.<\/p>\n<p><strong>RUTH GABRIEL<\/strong><\/p>\n<p>Empez\u00f3 a trabajar a los cinco a\u00f1os en programas de televisi\u00f3n como \u201cLa Cometa Blanca\u201d y \u201cBarrio S\u00e9samo\u201d. Curs\u00f3 el bachillerato en los Estados Unidos, en La Escuela Americana de Arte Dram\u00e1tico de Pasadena, y gan\u00f3 el certamen de teatro escolar del Sur de California. En 1992 estudi\u00f3 en Florencia teatro cl\u00e1sico en el Teatro del Oriuolo, con Gianni Sussini, teatro danza con Rafaella Rossellini y Luis Emilio Bruni, y cant\u00f3 en el coro del Duomo de Florencia. A su vuelta a Madrid, empez\u00f3 en el mundo del cine de la mano de Imanol Uribe con la pel\u00edcula \u201cDias Contados\u201d por la que gan\u00f3 el Goya a la Mejor Actriz Revelaci\u00f3n (1995), el premio Mejor Actriz Revelaci\u00f3n de La Uni\u00f3n de Actores, el Premio Ondas, el Ojo Cr\u00edtico, y el de Mejor Actriz en el Courmayeur Noir film Festival. A partir de ah\u00ed su carrera como actriz se lanz\u00f3 tanto en cine como en teatro y televisi\u00f3n, ganando otros premios como el de Mejor Actriz en La Mostra de Cine de Valencia por su pel\u00edcula \u201cMalamuerte\u201d. En teatro destacan trabajos como \u201cCrimen y Castigo\u201d dirigida por Jos\u00e9 Carlos Plaza, \u201cFuente Ovejuna\u201d dirigida por Emilio Hern\u00e1ndez para el CAT, \u201cLa Casa de Bernarda Alba\u201d dirigida por Amelia Ochandiano, \u201cEl Gran Teatro del Mundo\u201d dirigida por Carlos Saura, y \u201cUna Vida Robada\u201d dirigida por Juli\u00e1n Fuentes Reta. En televisi\u00f3n destacan la miniserie \u201cNostromo\u201d proyecto de la BBC, RAI, TVE y HBO, \u201cQuerido Maestro\u201d, \u201cEl Comisario\u201d y \u201cBandolera\u201d.<\/p>\n<p><strong>HELENA MIQUEL<\/strong><\/p>\n<p>Helena Miquel es cantante, actriz y periodista. Este a\u00f1o ha rodado ya dos largometrajes, \u201cFr\u00e1gil\u201d de Fernando Ba\u00f1os y \u201cSal y divi\u00e9rtete\u201d de Luis Aller. Su personaje de Juez Chac\u00f3n en \u201cNo habr\u00e1 paz para los malvados\u201d de Enrique Urbizu le dio gran reconocimiento de p\u00fablico y cr\u00edtica. Tambi\u00e9n ha rodado el largo \u201cEl idioma imposible\u201d de Rodrigo Rodero (2010). En televisi\u00f3n, \u201cLa riera\u201d de Esteve Rovira, y en teatro, \u201cCoaching\u201d de \u00c1ngel Amazares. Entre los cortos que ha protagonizado destacan \u201cEl aleteo del colibr\u00ed\u201d de Meritxell A. Valls (2017), \u201cMistetas, The Movie\u201d del Colectivo Todo Sea Eso y Loulogio y \u201cAsuntos dom\u00e9sticos\u201d de Alexia Mui\u00f1os (2015), \u201cMal de sangre\u201d de Pedro D\u00edaz (2013), \u201cEl crimen desorganizado\u201d de Stephan Hofmann y \u201cLa f\u00e1bula del dibujante\u201d de Paloma Zapata (2012). En el terreno musical, Helena Miquel inicia ahora su carrera en solitario con el \u00e1lbum debut \u201cEl sol en la sombra\u201d (La C\u00fapula Music, 2017). Miquel ha formado parte durante m\u00e1s de una d\u00e9cada de dos bandas con gran recorrido: de un lado \u00c9lena, con la que empez\u00f3 en 1999 y hasta el a\u00f1o 2016, y de otro Delaf\u00e9 y Las Flores Azules, banda de la que ha formado parte desde 2003 y hasta finales de 2015.<\/p>\n<p><strong>FERNANDO TIELVE<\/strong><\/p>\n<p>Fernando Tielve debut\u00f3 en el cine en 2001 con la pel\u00edcula de Guillermo del Toro \u201cEl Espinazo del Diablo\u201d, por la que gan\u00f3 el Young Artist Award al mejor actor joven en un filme internacional. Ha participado en \u201cEl Embrujo de Shanghai\u201d de Fernando Trueba, \u201cImagining Argentina\u201d de Christopher Hampton, \u201cLos fantasmas de Goya\u201d de Milos Forman, \u201dMujeres en el parque\u201d de Felipe Vega\u201c, \u201dLa vida empieza hoy\u201d de Laura Ma\u00f1\u00e1 o \u201cRabia\u201d de Sebasti\u00e1n Cordero. En su trayectoria destaca su paso por la serie de Antena 3 \u201cEl internado\u201d. En 2008 protagoniz\u00f3 la pel\u00edcula brit\u00e1nica \u201cUnmade beds\u201d, seleccionada en el Festival de Cine de Sundance. Present\u00f3 \u201c14 d\u00edas con V\u00edctor\u201d, en el Festival de Cine de Sitges en 2010. Despu\u00e9s estren\u00f3 \u201cSeis puntos sobre Emma\u201d, \u00f3pera prima de Roberto P\u00e9rez Toledo. En 2012 rueda la producci\u00f3n alemana \u201cLose your head\u201d de Stefan Westerwelle presentada en la Berlinale en la secci\u00f3n Panorama. Recientemente ha participado en \u00abLa sonata del silencio\u00bb, nueva ficci\u00f3n de TVE, y muy pronto comenzar\u00e1 con el rodaje de \u201cDownunder\u201d a las \u00f3rdenes de Fernando Gonz\u00e1lez. Ha protagonizado en decenas de cortometrajes, montajes teatrales como \u201cTom Sawyer\u201d y \u201cPr\u00edncipe y Mendigo\u201d de Mark Twain y en salas alternativas en Microteatro o Garaje Lumi\u00e8re. Tambi\u00e9n en la webserie \u00ab#Singles\u00bb, Premio a Mejor Serie Web Iberoamericana en el BAWEBFEST.<\/p>\n<p><strong>MAITE UZAL<\/strong><\/p>\n<p>Maite Uzal es una actriz y cantante madrile\u00f1a con formaci\u00f3n en interpretaci\u00f3n, canto y danza en la American Musical and Dramatic Academy de Nueva York. Antes de mudarse a Estados Unidos compagin\u00f3 su trabajo como abogada con apariciones en producciones de Los Miserables (Fantine), Martin Guerre (Bertrande) y Rey Le\u00f3n (Rafiki). Entre sus cr\u00e9ditos neoyorquinos destacan \u201cIn The Heights\u201d, \u201cMuerte de un viajante\u201d y \u201cT\u00edo Vanya\u201d. Ha trabajado en cine en m\u00faltiples cortometrajes y los largometrajes \u201cRetry\u201d y \u201cLittle Galicia\u201d. Es productora del proyecto \u201cI Am Warrior\u201d y actriz residente en la compa\u00f1\u00eda Fundamental Theater Project con Rebel Theater Company y The Living Theatre. Ha originado el rol de Sem\u00edramis en \u201cLa Gran Sem\u00edramis\u201d en Repertorio Espa\u00f1ol, por el cual ha obtenido el premio HOLA a mejor actriz y premio ACE a mejor actriz de \u00e9poca. Entre sus trabajos m\u00e1s recientes destaca el cortometraje \u201cEntrevista atravesada\u201d, dirigido por Yolanda Garc\u00eda Serrano y el piloto para la serie de televisi\u00f3n infantil \u201cBasura Aventura\u201d, donde adem\u00e1s de actriz es co-creativa y compositora.<\/p>\n<p>&nbsp;<\/p>\n","protected":false},"excerpt":{"rendered":"<p>Los seis equipos participantes en la primera edici\u00f3n de Desaf\u00edo Bu\u00f1uel han tomado la salida a las 12:00 horas en la plaza de San Juan con gran expectaci\u00f3n por parte del p\u00fablico asistente que va a poder seguir en directo el rodaje de seis historias diferentes con un nexo com\u00fan: el amor. Para el rodaje [&hellip;]<\/p>\n","protected":false},"author":1,"featured_media":951544,"comment_status":"closed","ping_status":"closed","sticky":false,"template":"","format":"standard","meta":{"footnotes":""},"categories":[1],"tags":[],"class_list":["post-951543","post","type-post","status-publish","format-standard","has-post-thumbnail","hentry","category-actualidad"],"aioseo_notices":[],"aioseo_head":"\n\t\t<!-- All in One SEO Pro 5.0.1 - aioseo.com -->\n\t<meta name=\"description\" content=\"Los seis equipos participantes en la primera edici\u00f3n de Desaf\u00edo Bu\u00f1uel han tomado la salida a las 12:00 horas en la plaza de San Juan con gran expectaci\u00f3n por parte del p\u00fablico asistente que va a poder seguir en directo el rodaje de seis historias diferentes con un nexo com\u00fan: el amor. Para el rodaje\" \/>\n\t<meta name=\"robots\" content=\"max-image-preview:large\" \/>\n\t<meta name=\"author\" content=\"El Digital de Asturias\"\/>\n\t<meta name=\"google-site-verification\" content=\"UA-38556648-1\" \/>\n\t<meta name=\"msvalidate.01\" content=\"7dfe9f3f1b24437ab69f4f2559babe99\" \/>\n\t<meta name=\"keywords\" content=\"actualidad\" \/>\n\t<link rel=\"canonical\" href=\"https:\/\/www.eldigitaldeasturias.com\/noticias\/arranca-el-rally-cinematografico-por-las-calles-de-teruel\/\" \/>\n\t<meta name=\"generator\" content=\"All in One SEO Pro (AIOSEO) 5.0.1\" \/>\n\t\t<meta property=\"og:locale\" content=\"es_ES\" \/>\n\t\t<meta property=\"og:site_name\" content=\"El Digital de Asturias\" \/>\n\t\t<meta property=\"og:type\" content=\"article\" \/>\n\t\t<meta property=\"og:title\" content=\"Arranca el rally cinematogr\u00e1fico por las calles de Teruel - El Digital de Asturias\" \/>\n\t\t<meta property=\"og:description\" content=\"Los seis equipos participantes en la primera edici\u00f3n de Desaf\u00edo Bu\u00f1uel han tomado la salida a las 12:00 horas en la plaza de San Juan con gran expectaci\u00f3n por parte del p\u00fablico asistente que va a poder seguir en directo el rodaje de seis historias diferentes con un nexo com\u00fan: el amor. Para el rodaje\" \/>\n\t\t<meta property=\"og:url\" content=\"https:\/\/www.eldigitaldeasturias.com\/noticias\/arranca-el-rally-cinematografico-por-las-calles-de-teruel\/\" \/>\n\t\t<meta property=\"article:tag\" content=\"actualidad\" \/>\n\t\t<meta property=\"article:published_time\" content=\"2017-08-31T20:08:17+00:00\" \/>\n\t\t<meta property=\"article:modified_time\" content=\"2017-08-31T20:08:31+00:00\" \/>\n\t\t<meta property=\"article:publisher\" content=\"https:\/\/facebook.com\/eldigitaldeasturias\" \/>\n\t\t<meta name=\"twitter:card\" content=\"summary_large_image\" \/>\n\t\t<meta name=\"twitter:title\" content=\"Arranca el rally cinematogr\u00e1fico por las calles de Teruel - El Digital de Asturias\" \/>\n\t\t<meta name=\"twitter:description\" content=\"Los seis equipos participantes en la primera edici\u00f3n de Desaf\u00edo Bu\u00f1uel han tomado la salida a las 12:00 horas en la plaza de San Juan con gran expectaci\u00f3n por parte del p\u00fablico asistente que va a poder seguir en directo el rodaje de seis historias diferentes con un nexo com\u00fan: el amor. Para el rodaje\" \/>\n\t\t<meta name=\"twitter:image\" content=\"https:\/\/www.eldigitaldeasturias.com\/noticias\/wp-content\/uploads\/2020\/12\/EDA-1.jpg\" \/>\n\t\t<meta name=\"twitter:label1\" content=\"Escrito por\" \/>\n\t\t<meta name=\"twitter:data1\" content=\"El Digital de Asturias\" \/>\n\t\t<meta name=\"twitter:label2\" content=\"Tiempo de lectura estimado\" \/>\n\t\t<meta name=\"twitter:data2\" content=\"7 minutos\" \/>\n\t\t<script type=\"application\/ld+json\" class=\"aioseo-schema\">\n\t\t\t{\"@context\":\"https:\\\/\\\/schema.org\",\"@graph\":[{\"@type\":\"BlogPosting\",\"@id\":\"https:\\\/\\\/www.eldigitaldeasturias.com\\\/noticias\\\/arranca-el-rally-cinematografico-por-las-calles-de-teruel\\\/#blogposting\",\"name\":\"Arranca el rally cinematogr\\u00e1fico por las calles de Teruel - El Digital de Asturias\",\"headline\":\"Arranca el rally cinematogr\\u00e1fico por las calles de Teruel\",\"author\":{\"@id\":\"https:\\\/\\\/www.eldigitaldeasturias.com\\\/noticias\\\/author\\\/admin\\\/#author\"},\"publisher\":{\"@id\":\"https:\\\/\\\/www.eldigitaldeasturias.com\\\/noticias\\\/#organization\"},\"image\":{\"@type\":\"ImageObject\",\"url\":951544},\"datePublished\":\"2017-08-31T20:08:17+02:00\",\"dateModified\":\"2017-08-31T20:08:31+02:00\",\"inLanguage\":\"es-ES\",\"mainEntityOfPage\":{\"@id\":\"https:\\\/\\\/www.eldigitaldeasturias.com\\\/noticias\\\/arranca-el-rally-cinematografico-por-las-calles-de-teruel\\\/#webpage\"},\"isPartOf\":{\"@id\":\"https:\\\/\\\/www.eldigitaldeasturias.com\\\/noticias\\\/arranca-el-rally-cinematografico-por-las-calles-de-teruel\\\/#webpage\"},\"articleSection\":\"Actualidad\"},{\"@type\":\"BreadcrumbList\",\"@id\":\"https:\\\/\\\/www.eldigitaldeasturias.com\\\/noticias\\\/arranca-el-rally-cinematografico-por-las-calles-de-teruel\\\/#breadcrumblist\",\"itemListElement\":[{\"@type\":\"ListItem\",\"@id\":\"https:\\\/\\\/www.eldigitaldeasturias.com\\\/noticias#listItem\",\"position\":1,\"name\":\"Home\",\"item\":\"https:\\\/\\\/www.eldigitaldeasturias.com\\\/noticias\",\"nextItem\":{\"@type\":\"ListItem\",\"@id\":\"https:\\\/\\\/www.eldigitaldeasturias.com\\\/noticias\\\/category\\\/actualidad\\\/#listItem\",\"name\":\"Actualidad\"}},{\"@type\":\"ListItem\",\"@id\":\"https:\\\/\\\/www.eldigitaldeasturias.com\\\/noticias\\\/category\\\/actualidad\\\/#listItem\",\"position\":2,\"name\":\"Actualidad\",\"item\":\"https:\\\/\\\/www.eldigitaldeasturias.com\\\/noticias\\\/category\\\/actualidad\\\/\",\"nextItem\":{\"@type\":\"ListItem\",\"@id\":\"https:\\\/\\\/www.eldigitaldeasturias.com\\\/noticias\\\/arranca-el-rally-cinematografico-por-las-calles-de-teruel\\\/#listItem\",\"name\":\"Arranca el rally cinematogr\\u00e1fico por las calles de Teruel\"},\"previousItem\":{\"@type\":\"ListItem\",\"@id\":\"https:\\\/\\\/www.eldigitaldeasturias.com\\\/noticias#listItem\",\"name\":\"Home\"}},{\"@type\":\"ListItem\",\"@id\":\"https:\\\/\\\/www.eldigitaldeasturias.com\\\/noticias\\\/arranca-el-rally-cinematografico-por-las-calles-de-teruel\\\/#listItem\",\"position\":3,\"name\":\"Arranca el rally cinematogr\\u00e1fico por las calles de Teruel\",\"previousItem\":{\"@type\":\"ListItem\",\"@id\":\"https:\\\/\\\/www.eldigitaldeasturias.com\\\/noticias\\\/category\\\/actualidad\\\/#listItem\",\"name\":\"Actualidad\"}}]},{\"@type\":\"Organization\",\"@id\":\"https:\\\/\\\/www.eldigitaldeasturias.com\\\/noticias\\\/#organization\",\"name\":\"El Digital de Asturias\",\"description\":\"Hemeroteca\",\"url\":\"https:\\\/\\\/www.eldigitaldeasturias.com\\\/noticias\\\/\",\"email\":\"info@eldigitaldeasturias.com\",\"telephone\":\"+34652131393\",\"logo\":{\"@type\":\"ImageObject\",\"url\":\"https:\\\/\\\/www.eldigitaldeasturias.com\\\/noticias\\\/wp-content\\\/uploads\\\/2020\\\/12\\\/EDA.jpg\",\"@id\":\"https:\\\/\\\/www.eldigitaldeasturias.com\\\/noticias\\\/arranca-el-rally-cinematografico-por-las-calles-de-teruel\\\/#organizationLogo\"},\"image\":{\"@id\":\"https:\\\/\\\/www.eldigitaldeasturias.com\\\/noticias\\\/arranca-el-rally-cinematografico-por-las-calles-de-teruel\\\/#organizationLogo\"},\"sameAs\":[\"https:\\\/\\\/facebook.com\\\/eldigitaldeasturias\",\"https:\\\/\\\/www.youtube.com\\\/channel\\\/UCZP-2wLEB9Rv6erhFmqVnvg\"],\"address\":{\"@id\":\"https:\\\/\\\/www.eldigitaldeasturias.com\\\/noticias\\\/#postaladdress\",\"@type\":\"PostalAddress\",\"streetAddress\":\"san antonio 4\",\"postalCode\":\"33430\",\"addressLocality\":\"Cand\\u00e1s\",\"addressRegion\":\"Asturias\",\"addressCountry\":\"ES\"}},{\"@type\":\"Person\",\"@id\":\"https:\\\/\\\/www.eldigitaldeasturias.com\\\/noticias\\\/author\\\/admin\\\/#author\",\"url\":\"https:\\\/\\\/www.eldigitaldeasturias.com\\\/noticias\\\/author\\\/admin\\\/\",\"name\":\"El Digital de Asturias\",\"image\":{\"@type\":\"ImageObject\",\"@id\":\"https:\\\/\\\/www.eldigitaldeasturias.com\\\/noticias\\\/arranca-el-rally-cinematografico-por-las-calles-de-teruel\\\/#authorImage\",\"url\":\"https:\\\/\\\/secure.gravatar.com\\\/avatar\\\/df2aeffc32bcd13f8d26072ef8a91b623d677766deac7f97ca815868cd41bf5e?s=96&d=mm&r=g\",\"width\":96,\"height\":96,\"caption\":\"El Digital de Asturias\"}},{\"@type\":\"WebPage\",\"@id\":\"https:\\\/\\\/www.eldigitaldeasturias.com\\\/noticias\\\/arranca-el-rally-cinematografico-por-las-calles-de-teruel\\\/#webpage\",\"url\":\"https:\\\/\\\/www.eldigitaldeasturias.com\\\/noticias\\\/arranca-el-rally-cinematografico-por-las-calles-de-teruel\\\/\",\"name\":\"Arranca el rally cinematogr\\u00e1fico por las calles de Teruel - El Digital de Asturias\",\"description\":\"Los seis equipos participantes en la primera edici\\u00f3n de Desaf\\u00edo Bu\\u00f1uel han tomado la salida a las 12:00 horas en la plaza de San Juan con gran expectaci\\u00f3n por parte del p\\u00fablico asistente que va a poder seguir en directo el rodaje de seis historias diferentes con un nexo com\\u00fan: el amor. Para el rodaje\",\"inLanguage\":\"es-ES\",\"isPartOf\":{\"@id\":\"https:\\\/\\\/www.eldigitaldeasturias.com\\\/noticias\\\/#website\"},\"breadcrumb\":{\"@id\":\"https:\\\/\\\/www.eldigitaldeasturias.com\\\/noticias\\\/arranca-el-rally-cinematografico-por-las-calles-de-teruel\\\/#breadcrumblist\"},\"author\":{\"@id\":\"https:\\\/\\\/www.eldigitaldeasturias.com\\\/noticias\\\/author\\\/admin\\\/#author\"},\"creator\":{\"@id\":\"https:\\\/\\\/www.eldigitaldeasturias.com\\\/noticias\\\/author\\\/admin\\\/#author\"},\"image\":{\"@type\":\"ImageObject\",\"url\":951544,\"@id\":\"https:\\\/\\\/www.eldigitaldeasturias.com\\\/noticias\\\/arranca-el-rally-cinematografico-por-las-calles-de-teruel\\\/#mainImage\"},\"primaryImageOfPage\":{\"@id\":\"https:\\\/\\\/www.eldigitaldeasturias.com\\\/noticias\\\/arranca-el-rally-cinematografico-por-las-calles-de-teruel\\\/#mainImage\"},\"datePublished\":\"2017-08-31T20:08:17+02:00\",\"dateModified\":\"2017-08-31T20:08:31+02:00\"},{\"@type\":\"WebSite\",\"@id\":\"https:\\\/\\\/www.eldigitaldeasturias.com\\\/noticias\\\/#website\",\"url\":\"https:\\\/\\\/www.eldigitaldeasturias.com\\\/noticias\\\/\",\"name\":\"El Digital de Asturias - Diario de actualidad y noticias\",\"alternateName\":\"El Digital de Asturias - Diario de actualidad y noticias\",\"description\":\"Hemeroteca\",\"inLanguage\":\"es-ES\",\"publisher\":{\"@id\":\"https:\\\/\\\/www.eldigitaldeasturias.com\\\/noticias\\\/#organization\"}}]}\n\t\t<\/script>\n\t\t<!-- All in One SEO Pro -->\r\n\t\t<title>Arranca el rally cinematogr\u00e1fico por las calles de Teruel - El Digital de Asturias<\/title>\n\n","aioseo_head_json":{"title":"Arranca el rally cinematogr\u00e1fico por las calles de Teruel - El Digital de Asturias","description":"Los seis equipos participantes en la primera edici\u00f3n de Desaf\u00edo Bu\u00f1uel han tomado la salida a las 12:00 horas en la plaza de San Juan con gran expectaci\u00f3n por parte del p\u00fablico asistente que va a poder seguir en directo el rodaje de seis historias diferentes con un nexo com\u00fan: el amor. Para el rodaje","canonical_url":"https:\/\/www.eldigitaldeasturias.com\/noticias\/arranca-el-rally-cinematografico-por-las-calles-de-teruel\/","robots":"max-image-preview:large","keywords":"actualidad","webmasterTools":{"google-site-verification":"UA-38556648-1","msvalidate.01":"7dfe9f3f1b24437ab69f4f2559babe99","miscellaneous":""},"schema":{"@context":"https:\/\/schema.org","@graph":[{"@type":"BlogPosting","@id":"https:\/\/www.eldigitaldeasturias.com\/noticias\/arranca-el-rally-cinematografico-por-las-calles-de-teruel\/#blogposting","name":"Arranca el rally cinematogr\u00e1fico por las calles de Teruel - El Digital de Asturias","headline":"Arranca el rally cinematogr\u00e1fico por las calles de Teruel","author":{"@id":"https:\/\/www.eldigitaldeasturias.com\/noticias\/author\/admin\/#author"},"publisher":{"@id":"https:\/\/www.eldigitaldeasturias.com\/noticias\/#organization"},"image":{"@type":"ImageObject","url":951544},"datePublished":"2017-08-31T20:08:17+02:00","dateModified":"2017-08-31T20:08:31+02:00","inLanguage":"es-ES","mainEntityOfPage":{"@id":"https:\/\/www.eldigitaldeasturias.com\/noticias\/arranca-el-rally-cinematografico-por-las-calles-de-teruel\/#webpage"},"isPartOf":{"@id":"https:\/\/www.eldigitaldeasturias.com\/noticias\/arranca-el-rally-cinematografico-por-las-calles-de-teruel\/#webpage"},"articleSection":"Actualidad"},{"@type":"BreadcrumbList","@id":"https:\/\/www.eldigitaldeasturias.com\/noticias\/arranca-el-rally-cinematografico-por-las-calles-de-teruel\/#breadcrumblist","itemListElement":[{"@type":"ListItem","@id":"https:\/\/www.eldigitaldeasturias.com\/noticias#listItem","position":1,"name":"Home","item":"https:\/\/www.eldigitaldeasturias.com\/noticias","nextItem":{"@type":"ListItem","@id":"https:\/\/www.eldigitaldeasturias.com\/noticias\/category\/actualidad\/#listItem","name":"Actualidad"}},{"@type":"ListItem","@id":"https:\/\/www.eldigitaldeasturias.com\/noticias\/category\/actualidad\/#listItem","position":2,"name":"Actualidad","item":"https:\/\/www.eldigitaldeasturias.com\/noticias\/category\/actualidad\/","nextItem":{"@type":"ListItem","@id":"https:\/\/www.eldigitaldeasturias.com\/noticias\/arranca-el-rally-cinematografico-por-las-calles-de-teruel\/#listItem","name":"Arranca el rally cinematogr\u00e1fico por las calles de Teruel"},"previousItem":{"@type":"ListItem","@id":"https:\/\/www.eldigitaldeasturias.com\/noticias#listItem","name":"Home"}},{"@type":"ListItem","@id":"https:\/\/www.eldigitaldeasturias.com\/noticias\/arranca-el-rally-cinematografico-por-las-calles-de-teruel\/#listItem","position":3,"name":"Arranca el rally cinematogr\u00e1fico por las calles de Teruel","previousItem":{"@type":"ListItem","@id":"https:\/\/www.eldigitaldeasturias.com\/noticias\/category\/actualidad\/#listItem","name":"Actualidad"}}]},{"@type":"Organization","@id":"https:\/\/www.eldigitaldeasturias.com\/noticias\/#organization","name":"El Digital de Asturias","description":"Hemeroteca","url":"https:\/\/www.eldigitaldeasturias.com\/noticias\/","email":"info@eldigitaldeasturias.com","telephone":"+34652131393","logo":{"@type":"ImageObject","url":"https:\/\/www.eldigitaldeasturias.com\/noticias\/wp-content\/uploads\/2020\/12\/EDA.jpg","@id":"https:\/\/www.eldigitaldeasturias.com\/noticias\/arranca-el-rally-cinematografico-por-las-calles-de-teruel\/#organizationLogo"},"image":{"@id":"https:\/\/www.eldigitaldeasturias.com\/noticias\/arranca-el-rally-cinematografico-por-las-calles-de-teruel\/#organizationLogo"},"sameAs":["https:\/\/facebook.com\/eldigitaldeasturias","https:\/\/www.youtube.com\/channel\/UCZP-2wLEB9Rv6erhFmqVnvg"],"address":{"@id":"https:\/\/www.eldigitaldeasturias.com\/noticias\/#postaladdress","@type":"PostalAddress","streetAddress":"san antonio 4","postalCode":"33430","addressLocality":"Cand\u00e1s","addressRegion":"Asturias","addressCountry":"ES"}},{"@type":"Person","@id":"https:\/\/www.eldigitaldeasturias.com\/noticias\/author\/admin\/#author","url":"https:\/\/www.eldigitaldeasturias.com\/noticias\/author\/admin\/","name":"El Digital de Asturias","image":{"@type":"ImageObject","@id":"https:\/\/www.eldigitaldeasturias.com\/noticias\/arranca-el-rally-cinematografico-por-las-calles-de-teruel\/#authorImage","url":"https:\/\/secure.gravatar.com\/avatar\/df2aeffc32bcd13f8d26072ef8a91b623d677766deac7f97ca815868cd41bf5e?s=96&d=mm&r=g","width":96,"height":96,"caption":"El Digital de Asturias"}},{"@type":"WebPage","@id":"https:\/\/www.eldigitaldeasturias.com\/noticias\/arranca-el-rally-cinematografico-por-las-calles-de-teruel\/#webpage","url":"https:\/\/www.eldigitaldeasturias.com\/noticias\/arranca-el-rally-cinematografico-por-las-calles-de-teruel\/","name":"Arranca el rally cinematogr\u00e1fico por las calles de Teruel - El Digital de Asturias","description":"Los seis equipos participantes en la primera edici\u00f3n de Desaf\u00edo Bu\u00f1uel han tomado la salida a las 12:00 horas en la plaza de San Juan con gran expectaci\u00f3n por parte del p\u00fablico asistente que va a poder seguir en directo el rodaje de seis historias diferentes con un nexo com\u00fan: el amor. Para el rodaje","inLanguage":"es-ES","isPartOf":{"@id":"https:\/\/www.eldigitaldeasturias.com\/noticias\/#website"},"breadcrumb":{"@id":"https:\/\/www.eldigitaldeasturias.com\/noticias\/arranca-el-rally-cinematografico-por-las-calles-de-teruel\/#breadcrumblist"},"author":{"@id":"https:\/\/www.eldigitaldeasturias.com\/noticias\/author\/admin\/#author"},"creator":{"@id":"https:\/\/www.eldigitaldeasturias.com\/noticias\/author\/admin\/#author"},"image":{"@type":"ImageObject","url":951544,"@id":"https:\/\/www.eldigitaldeasturias.com\/noticias\/arranca-el-rally-cinematografico-por-las-calles-de-teruel\/#mainImage"},"primaryImageOfPage":{"@id":"https:\/\/www.eldigitaldeasturias.com\/noticias\/arranca-el-rally-cinematografico-por-las-calles-de-teruel\/#mainImage"},"datePublished":"2017-08-31T20:08:17+02:00","dateModified":"2017-08-31T20:08:31+02:00"},{"@type":"WebSite","@id":"https:\/\/www.eldigitaldeasturias.com\/noticias\/#website","url":"https:\/\/www.eldigitaldeasturias.com\/noticias\/","name":"El Digital de Asturias - Diario de actualidad y noticias","alternateName":"El Digital de Asturias - Diario de actualidad y noticias","description":"Hemeroteca","inLanguage":"es-ES","publisher":{"@id":"https:\/\/www.eldigitaldeasturias.com\/noticias\/#organization"}}]},"og:locale":"es_ES","og:site_name":"El Digital de Asturias","og:type":"article","og:title":"Arranca el rally cinematogr\u00e1fico por las calles de Teruel - El Digital de Asturias","og:description":"Los seis equipos participantes en la primera edici\u00f3n de Desaf\u00edo Bu\u00f1uel han tomado la salida a las 12:00 horas en la plaza de San Juan con gran expectaci\u00f3n por parte del p\u00fablico asistente que va a poder seguir en directo el rodaje de seis historias diferentes con un nexo com\u00fan: el amor. Para el rodaje","og:url":"https:\/\/www.eldigitaldeasturias.com\/noticias\/arranca-el-rally-cinematografico-por-las-calles-de-teruel\/","article:tag":["actualidad"],"article:published_time":"2017-08-31T20:08:17+00:00","article:modified_time":"2017-08-31T20:08:31+00:00","article:publisher":"https:\/\/facebook.com\/eldigitaldeasturias","twitter:card":"summary_large_image","twitter:title":"Arranca el rally cinematogr\u00e1fico por las calles de Teruel - El Digital de Asturias","twitter:description":"Los seis equipos participantes en la primera edici\u00f3n de Desaf\u00edo Bu\u00f1uel han tomado la salida a las 12:00 horas en la plaza de San Juan con gran expectaci\u00f3n por parte del p\u00fablico asistente que va a poder seguir en directo el rodaje de seis historias diferentes con un nexo com\u00fan: el amor. Para el rodaje","twitter:image":"https:\/\/www.eldigitaldeasturias.com\/noticias\/wp-content\/uploads\/2020\/12\/EDA-1.jpg","twitter:label1":"Escrito por","twitter:data1":"El Digital de Asturias","twitter:label2":"Tiempo de lectura estimado","twitter:data2":"7 minutos"},"aioseo_meta_data":{"post_id":"951543","title":null,"description":null,"keywords":null,"keyphrases":null,"primary_term":null,"canonical_url":null,"og_title":null,"og_description":null,"og_object_type":"default","og_image_type":"default","og_image_url":null,"og_image_width":null,"og_image_height":null,"og_image_custom_url":null,"og_image_custom_fields":null,"og_video":null,"og_custom_url":null,"og_article_section":null,"og_article_tags":null,"twitter_use_og":false,"twitter_card":"default","twitter_image_type":"default","twitter_image_url":null,"twitter_image_custom_url":null,"twitter_image_custom_fields":null,"twitter_title":null,"twitter_description":null,"schema":{"blockGraphs":[],"customGraphs":[],"default":{"data":{"Article":[],"Course":[],"Dataset":[],"FAQPage":[],"Movie":[],"Person":[],"Product":[],"ProductReview":[],"Car":[],"Recipe":[],"Service":[],"SoftwareApplication":[],"WebPage":[]},"graphName":"","isEnabled":true},"graphs":[],"defaultGraph":"","defaultPostTypeGraph":""},"schema_type":null,"schema_type_options":null,"pillar_content":false,"robots_default":true,"robots_noindex":false,"robots_noarchive":false,"robots_nosnippet":false,"robots_nofollow":false,"robots_noimageindex":false,"robots_noodp":false,"robots_notranslate":false,"robots_max_snippet":null,"robots_max_videopreview":null,"robots_max_imagepreview":"large","priority":null,"frequency":null,"local_seo":null,"seo_analyzer_scan_date":"2025-12-05 19:36:11","breadcrumb_settings":null,"limit_modified_date":false,"open_ai":null,"ai":null,"created":"2020-12-21 12:58:13","updated":"2025-12-05 19:36:11","focus_keyword":null,"additional_keywords":null,"truseo_locale":null},"aioseo_breadcrumb":"<div class=\"aioseo-breadcrumbs\"><span class=\"aioseo-breadcrumb\">\n\t<a href=\"https:\/\/www.eldigitaldeasturias.com\/noticias\" title=\"Home\">Home<\/a>\n<\/span><span class=\"aioseo-breadcrumb-separator\">\u2013<\/span><span class=\"aioseo-breadcrumb\">\n\t<a href=\"https:\/\/www.eldigitaldeasturias.com\/noticias\/category\/actualidad\/\" title=\"Actualidad\">Actualidad<\/a>\n<\/span><span class=\"aioseo-breadcrumb-separator\">\u2013<\/span><span class=\"aioseo-breadcrumb\">\n\t<a href=\"https:\/\/www.eldigitaldeasturias.com\/noticias\/arranca-el-rally-cinematografico-por-las-calles-de-teruel\/\" title=\"Arranca el rally cinematogr\u00e1fico por las calles de Teruel\">Arranca el rally cinematogr\u00e1fico por las calles de Teruel<\/a>\n<\/span><\/div>","aioseo_breadcrumb_json":[{"label":"Home","link":"https:\/\/www.eldigitaldeasturias.com\/noticias"},{"label":"Actualidad","link":"https:\/\/www.eldigitaldeasturias.com\/noticias\/category\/actualidad\/"},{"label":"Arranca el rally cinematogr\u00e1fico por las calles de Teruel","link":"https:\/\/www.eldigitaldeasturias.com\/noticias\/arranca-el-rally-cinematografico-por-las-calles-de-teruel\/"}],"_links":{"self":[{"href":"https:\/\/www.eldigitaldeasturias.com\/noticias\/wp-json\/wp\/v2\/posts\/951543","targetHints":{"allow":["GET"]}}],"collection":[{"href":"https:\/\/www.eldigitaldeasturias.com\/noticias\/wp-json\/wp\/v2\/posts"}],"about":[{"href":"https:\/\/www.eldigitaldeasturias.com\/noticias\/wp-json\/wp\/v2\/types\/post"}],"author":[{"embeddable":true,"href":"https:\/\/www.eldigitaldeasturias.com\/noticias\/wp-json\/wp\/v2\/users\/1"}],"replies":[{"embeddable":true,"href":"https:\/\/www.eldigitaldeasturias.com\/noticias\/wp-json\/wp\/v2\/comments?post=951543"}],"version-history":[{"count":0,"href":"https:\/\/www.eldigitaldeasturias.com\/noticias\/wp-json\/wp\/v2\/posts\/951543\/revisions"}],"wp:attachment":[{"href":"https:\/\/www.eldigitaldeasturias.com\/noticias\/wp-json\/wp\/v2\/media?parent=951543"}],"wp:term":[{"taxonomy":"category","embeddable":true,"href":"https:\/\/www.eldigitaldeasturias.com\/noticias\/wp-json\/wp\/v2\/categories?post=951543"},{"taxonomy":"post_tag","embeddable":true,"href":"https:\/\/www.eldigitaldeasturias.com\/noticias\/wp-json\/wp\/v2\/tags?post=951543"}],"curies":[{"name":"wp","href":"https:\/\/api.w.org\/{rel}","templated":true}]}}