{"id":951444,"date":"2017-08-30T22:05:23","date_gmt":"2017-08-30T22:05:23","guid":{"rendered":"http:\/\/www.eldigitaldeasturias.com\/noticias\/?p=951444"},"modified":"2017-08-30T22:05:23","modified_gmt":"2017-08-30T22:05:23","slug":"susana-diaz-ha-visitado-el-vivero-de-san-jeronimo-en-sevilla","status":"publish","type":"post","link":"https:\/\/www.eldigitaldeasturias.com\/noticias\/susana-diaz-ha-visitado-el-vivero-de-san-jeronimo-en-sevilla\/","title":{"rendered":"Susana D\u00edaz ha visitado el vivero de San Jer\u00f3nimo, en Sevilla"},"content":{"rendered":"<p><img loading=\"lazy\" decoding=\"async\" class=\"alignleft size-medium wp-image-951445\" src=\"https:\/\/www.eldigitaldeasturias.com\/noticias\/wp-content\/uploads\/2017\/08\/1504091224894-360x242.jpg\" alt=\"\" width=\"360\" height=\"242\" \/>La presidenta de la Junta de Andaluc\u00eda, Susana D\u00edaz, ha visitado el vivero de San Jer\u00f3nimo (Sevilla) para conocer de primera mano los avances de las labores de recogida de semillas y tratamiento de las mismas por parte de la Red de Viveros de Andaluc\u00eda, as\u00ed como la preparaci\u00f3n de la producci\u00f3n de plantas aut\u00f3ctonas para la futura restauraci\u00f3n del \u00e1rea en que se produjo el incendio forestal del entorno de Do\u00f1ana, en los t\u00e9rminos municipales de Almonte, Moguer, Lucena del Puerto y Palos de la Frontera, en Huelva. Esta es una de las medidas acordadas por el grupo de trabajo t\u00e9cnico cient\u00edfico vinculado a la recuperaci\u00f3n de este territorio.<\/p>\n<p>En concreto, ya se han recogido algo m\u00e1s de 1.335 kilogramos de semillas de diferentes tipos de plantas aut\u00f3ctonas propias del bosque mediterr\u00e1neo y los ecosistemas litorales, como diversas faner\u00f3gamas, con\u00edferas y vegetaci\u00f3n arbustiva, entre las que destacan la camarina, el barr\u00f3n, la mejorana, o distintas variedades de brezos, entre otras. Asimismo, parte de las semillas que se tratan en este vivero proceden de la primera actividad de voluntarios realizada en el Espacio Natural de Do\u00f1ana el pasado 10 de agosto, en la que un grupo de la Red Natura 2000, adscrito a la Sociedad Espa\u00f1ola de Ornitolog\u00eda (SEO), recolect\u00f3 semillas de camarinas en el entorno de la Laguna del Jaral con el prop\u00f3sito de que sean las futuras plantas para la restauraci\u00f3n forestal.<\/p>\n<p>La Consejer\u00eda de Medio Ambiente y Ordenaci\u00f3n del Territorio ejecuta en estos momentos obras de emergencia y urgencia, que cuenta con una inversi\u00f3n de 370.000 euros. Por un lado, se est\u00e1n ultimando los trabajos m\u00e1s inmediatos vinculados a aquellas zonas y elementos que supongan un riesgo para la seguridad de las personas. Entre ellas, destacan la corta, transporte y eliminaci\u00f3n por astillado de los \u00e1rboles calcinados en el camping Do\u00f1ana y en las inmediaciones del carril cicloturista Mazag\u00f3n-Matalasca\u00f1as y Camino del Loro, la retirada de talanqueras de estas v\u00edas y de los restos de la pasarela de madera de Cuesta Maneli y escaleras de acceso a la playa quemadas, etc. Estas tareas se finalizar\u00e1n durante el mes de septiembre.<\/p>\n<p>Por otro lado, la Junta de Andaluc\u00eda est\u00e1 ultimando tambi\u00e9n un Proyecto de Medidas Urgentes con una partida presupuestaria de 300.000 euros, obras que cuentan con un plazo de ejecuci\u00f3n hasta diciembre de 2017, entre las que se encuentran actuaciones de control de la erosi\u00f3n, mejora de los h\u00e1bitats lagunares, reparaci\u00f3n de cercados de cr\u00eda de conejos afectados por el incendio y corta de arbolado afectado en accesos principales.<\/p>\n<p><strong>Reuniones sectoriales y encuentros con voluntarios<\/strong><\/p>\n<p>Para dar cauce a las numerosas muestras de solidaridad y a los deseos de colaboracion recibidos por parte de la sociedad andaluza tras este incendio, la Junta de Andaluc\u00eda habilit\u00f3 un canal en su sitio web para registrar a las personas y colectivos con inter\u00e9s en participar en las tareas de restauraci\u00f3n.<\/p>\n<p>Una vez que se ha alcanzado una cifra de 8.000 inscritos, el siguiente paso consiste en trasladar toda la informaci\u00f3n que est\u00e1 generando el grupo t\u00e9cnico cient\u00edfico encargado de la recuperaci\u00f3n ambiental de la zona afectada y en articular la participaci\u00f3n efectiva de los voluntarios.<\/p>\n<p>Desde la administraci\u00f3n auton\u00f3mica se est\u00e1 perfilando una serie de reuniones sectoriales, entre las que destacan los encuentros con los voluntarios, que comenzar\u00e1n a partir del mes de septiembre con dos citas en Moguer y Almonte, con las organizaciones ecologistas; para contar con su asesoramiento en el dise\u00f1o de actividades y su participaci\u00f3n, as\u00ed como con los responsables de centros de ense\u00f1anza; incentivando la cooperaci\u00f3n de los colegios e institutos de la zona. Tambi\u00e9n se involucrar\u00e1 a los colegios profesionales y las empresas, para articular las f\u00f3rmulas de colaboraci\u00f3n posibles.<\/p>\n<p>&nbsp;<\/p>\n<p>&nbsp;<\/p>\n","protected":false},"excerpt":{"rendered":"<p>La presidenta de la Junta de Andaluc\u00eda, Susana D\u00edaz, ha visitado el vivero de San Jer\u00f3nimo (Sevilla) para conocer de primera mano los avances de las labores de recogida de semillas y tratamiento de las mismas por parte de la Red de Viveros de Andaluc\u00eda, as\u00ed como la preparaci\u00f3n de la producci\u00f3n de plantas aut\u00f3ctonas [&hellip;]<\/p>\n","protected":false},"author":1,"featured_media":951445,"comment_status":"closed","ping_status":"closed","sticky":false,"template":"","format":"standard","meta":{"footnotes":""},"categories":[1],"tags":[],"class_list":["post-951444","post","type-post","status-publish","format-standard","has-post-thumbnail","hentry","category-actualidad"],"aioseo_notices":[],"aioseo_head":"\n\t\t<!-- All in One SEO Pro 5.0.1 - aioseo.com -->\n\t<meta name=\"description\" content=\"La presidenta de la Junta de Andaluc\u00eda, Susana D\u00edaz, ha visitado el vivero de San Jer\u00f3nimo (Sevilla) para conocer de primera mano los avances de las labores de recogida de semillas y tratamiento de las mismas por parte de la Red de Viveros de Andaluc\u00eda, as\u00ed como la preparaci\u00f3n de la producci\u00f3n de plantas aut\u00f3ctonas\" \/>\n\t<meta name=\"robots\" content=\"max-image-preview:large\" \/>\n\t<meta name=\"author\" content=\"El Digital de Asturias\"\/>\n\t<meta name=\"google-site-verification\" content=\"UA-38556648-1\" \/>\n\t<meta name=\"msvalidate.01\" content=\"7dfe9f3f1b24437ab69f4f2559babe99\" \/>\n\t<meta name=\"keywords\" content=\"actualidad\" \/>\n\t<link rel=\"canonical\" href=\"https:\/\/www.eldigitaldeasturias.com\/noticias\/susana-diaz-ha-visitado-el-vivero-de-san-jeronimo-en-sevilla\/\" \/>\n\t<meta name=\"generator\" content=\"All in One SEO Pro (AIOSEO) 5.0.1\" \/>\n\t\t<meta property=\"og:locale\" content=\"es_ES\" \/>\n\t\t<meta property=\"og:site_name\" content=\"El Digital de Asturias\" \/>\n\t\t<meta property=\"og:type\" content=\"article\" \/>\n\t\t<meta property=\"og:title\" content=\"Susana D\u00edaz ha visitado el vivero de San Jer\u00f3nimo, en Sevilla - El Digital de Asturias\" \/>\n\t\t<meta property=\"og:description\" content=\"La presidenta de la Junta de Andaluc\u00eda, Susana D\u00edaz, ha visitado el vivero de San Jer\u00f3nimo (Sevilla) para conocer de primera mano los avances de las labores de recogida de semillas y tratamiento de las mismas por parte de la Red de Viveros de Andaluc\u00eda, as\u00ed como la preparaci\u00f3n de la producci\u00f3n de plantas aut\u00f3ctonas\" \/>\n\t\t<meta property=\"og:url\" content=\"https:\/\/www.eldigitaldeasturias.com\/noticias\/susana-diaz-ha-visitado-el-vivero-de-san-jeronimo-en-sevilla\/\" \/>\n\t\t<meta property=\"article:tag\" content=\"actualidad\" \/>\n\t\t<meta property=\"article:published_time\" content=\"2017-08-30T22:05:23+00:00\" \/>\n\t\t<meta property=\"article:modified_time\" content=\"2017-08-30T22:05:23+00:00\" \/>\n\t\t<meta property=\"article:publisher\" content=\"https:\/\/facebook.com\/eldigitaldeasturias\" \/>\n\t\t<meta name=\"twitter:card\" content=\"summary_large_image\" \/>\n\t\t<meta name=\"twitter:title\" content=\"Susana D\u00edaz ha visitado el vivero de San Jer\u00f3nimo, en Sevilla - El Digital de Asturias\" \/>\n\t\t<meta name=\"twitter:description\" content=\"La presidenta de la Junta de Andaluc\u00eda, Susana D\u00edaz, ha visitado el vivero de San Jer\u00f3nimo (Sevilla) para conocer de primera mano los avances de las labores de recogida de semillas y tratamiento de las mismas por parte de la Red de Viveros de Andaluc\u00eda, as\u00ed como la preparaci\u00f3n de la producci\u00f3n de plantas aut\u00f3ctonas\" \/>\n\t\t<meta name=\"twitter:image\" content=\"https:\/\/www.eldigitaldeasturias.com\/noticias\/wp-content\/uploads\/2020\/12\/EDA-1.jpg\" \/>\n\t\t<meta name=\"twitter:label1\" content=\"Escrito por\" \/>\n\t\t<meta name=\"twitter:data1\" content=\"El Digital de Asturias\" \/>\n\t\t<meta name=\"twitter:label2\" content=\"Tiempo de lectura estimado\" \/>\n\t\t<meta name=\"twitter:data2\" content=\"3 minutos\" \/>\n\t\t<script type=\"application\/ld+json\" class=\"aioseo-schema\">\n\t\t\t{\"@context\":\"https:\\\/\\\/schema.org\",\"@graph\":[{\"@type\":\"BlogPosting\",\"@id\":\"https:\\\/\\\/www.eldigitaldeasturias.com\\\/noticias\\\/susana-diaz-ha-visitado-el-vivero-de-san-jeronimo-en-sevilla\\\/#blogposting\",\"name\":\"Susana D\\u00edaz ha visitado el vivero de San Jer\\u00f3nimo, en Sevilla - El Digital de Asturias\",\"headline\":\"Susana D\\u00edaz ha visitado el vivero de San Jer\\u00f3nimo, en Sevilla\",\"author\":{\"@id\":\"https:\\\/\\\/www.eldigitaldeasturias.com\\\/noticias\\\/author\\\/admin\\\/#author\"},\"publisher\":{\"@id\":\"https:\\\/\\\/www.eldigitaldeasturias.com\\\/noticias\\\/#organization\"},\"image\":{\"@type\":\"ImageObject\",\"url\":951445},\"datePublished\":\"2017-08-30T22:05:23+02:00\",\"dateModified\":\"2017-08-30T22:05:23+02:00\",\"inLanguage\":\"es-ES\",\"mainEntityOfPage\":{\"@id\":\"https:\\\/\\\/www.eldigitaldeasturias.com\\\/noticias\\\/susana-diaz-ha-visitado-el-vivero-de-san-jeronimo-en-sevilla\\\/#webpage\"},\"isPartOf\":{\"@id\":\"https:\\\/\\\/www.eldigitaldeasturias.com\\\/noticias\\\/susana-diaz-ha-visitado-el-vivero-de-san-jeronimo-en-sevilla\\\/#webpage\"},\"articleSection\":\"Actualidad\"},{\"@type\":\"BreadcrumbList\",\"@id\":\"https:\\\/\\\/www.eldigitaldeasturias.com\\\/noticias\\\/susana-diaz-ha-visitado-el-vivero-de-san-jeronimo-en-sevilla\\\/#breadcrumblist\",\"itemListElement\":[{\"@type\":\"ListItem\",\"@id\":\"https:\\\/\\\/www.eldigitaldeasturias.com\\\/noticias#listItem\",\"position\":1,\"name\":\"Home\",\"item\":\"https:\\\/\\\/www.eldigitaldeasturias.com\\\/noticias\",\"nextItem\":{\"@type\":\"ListItem\",\"@id\":\"https:\\\/\\\/www.eldigitaldeasturias.com\\\/noticias\\\/category\\\/actualidad\\\/#listItem\",\"name\":\"Actualidad\"}},{\"@type\":\"ListItem\",\"@id\":\"https:\\\/\\\/www.eldigitaldeasturias.com\\\/noticias\\\/category\\\/actualidad\\\/#listItem\",\"position\":2,\"name\":\"Actualidad\",\"item\":\"https:\\\/\\\/www.eldigitaldeasturias.com\\\/noticias\\\/category\\\/actualidad\\\/\",\"nextItem\":{\"@type\":\"ListItem\",\"@id\":\"https:\\\/\\\/www.eldigitaldeasturias.com\\\/noticias\\\/susana-diaz-ha-visitado-el-vivero-de-san-jeronimo-en-sevilla\\\/#listItem\",\"name\":\"Susana D\\u00edaz ha visitado el vivero de San Jer\\u00f3nimo, en Sevilla\"},\"previousItem\":{\"@type\":\"ListItem\",\"@id\":\"https:\\\/\\\/www.eldigitaldeasturias.com\\\/noticias#listItem\",\"name\":\"Home\"}},{\"@type\":\"ListItem\",\"@id\":\"https:\\\/\\\/www.eldigitaldeasturias.com\\\/noticias\\\/susana-diaz-ha-visitado-el-vivero-de-san-jeronimo-en-sevilla\\\/#listItem\",\"position\":3,\"name\":\"Susana D\\u00edaz ha visitado el vivero de San Jer\\u00f3nimo, en Sevilla\",\"previousItem\":{\"@type\":\"ListItem\",\"@id\":\"https:\\\/\\\/www.eldigitaldeasturias.com\\\/noticias\\\/category\\\/actualidad\\\/#listItem\",\"name\":\"Actualidad\"}}]},{\"@type\":\"Organization\",\"@id\":\"https:\\\/\\\/www.eldigitaldeasturias.com\\\/noticias\\\/#organization\",\"name\":\"El Digital de Asturias\",\"description\":\"Hemeroteca\",\"url\":\"https:\\\/\\\/www.eldigitaldeasturias.com\\\/noticias\\\/\",\"email\":\"info@eldigitaldeasturias.com\",\"telephone\":\"+34652131393\",\"logo\":{\"@type\":\"ImageObject\",\"url\":\"https:\\\/\\\/www.eldigitaldeasturias.com\\\/noticias\\\/wp-content\\\/uploads\\\/2020\\\/12\\\/EDA.jpg\",\"@id\":\"https:\\\/\\\/www.eldigitaldeasturias.com\\\/noticias\\\/susana-diaz-ha-visitado-el-vivero-de-san-jeronimo-en-sevilla\\\/#organizationLogo\"},\"image\":{\"@id\":\"https:\\\/\\\/www.eldigitaldeasturias.com\\\/noticias\\\/susana-diaz-ha-visitado-el-vivero-de-san-jeronimo-en-sevilla\\\/#organizationLogo\"},\"sameAs\":[\"https:\\\/\\\/facebook.com\\\/eldigitaldeasturias\",\"https:\\\/\\\/www.youtube.com\\\/channel\\\/UCZP-2wLEB9Rv6erhFmqVnvg\"],\"address\":{\"@id\":\"https:\\\/\\\/www.eldigitaldeasturias.com\\\/noticias\\\/#postaladdress\",\"@type\":\"PostalAddress\",\"streetAddress\":\"san antonio 4\",\"postalCode\":\"33430\",\"addressLocality\":\"Cand\\u00e1s\",\"addressRegion\":\"Asturias\",\"addressCountry\":\"ES\"}},{\"@type\":\"Person\",\"@id\":\"https:\\\/\\\/www.eldigitaldeasturias.com\\\/noticias\\\/author\\\/admin\\\/#author\",\"url\":\"https:\\\/\\\/www.eldigitaldeasturias.com\\\/noticias\\\/author\\\/admin\\\/\",\"name\":\"El Digital de Asturias\",\"image\":{\"@type\":\"ImageObject\",\"@id\":\"https:\\\/\\\/www.eldigitaldeasturias.com\\\/noticias\\\/susana-diaz-ha-visitado-el-vivero-de-san-jeronimo-en-sevilla\\\/#authorImage\",\"url\":\"https:\\\/\\\/secure.gravatar.com\\\/avatar\\\/df2aeffc32bcd13f8d26072ef8a91b623d677766deac7f97ca815868cd41bf5e?s=96&d=mm&r=g\",\"width\":96,\"height\":96,\"caption\":\"El Digital de Asturias\"}},{\"@type\":\"WebPage\",\"@id\":\"https:\\\/\\\/www.eldigitaldeasturias.com\\\/noticias\\\/susana-diaz-ha-visitado-el-vivero-de-san-jeronimo-en-sevilla\\\/#webpage\",\"url\":\"https:\\\/\\\/www.eldigitaldeasturias.com\\\/noticias\\\/susana-diaz-ha-visitado-el-vivero-de-san-jeronimo-en-sevilla\\\/\",\"name\":\"Susana D\\u00edaz ha visitado el vivero de San Jer\\u00f3nimo, en Sevilla - El Digital de Asturias\",\"description\":\"La presidenta de la Junta de Andaluc\\u00eda, Susana D\\u00edaz, ha visitado el vivero de San Jer\\u00f3nimo (Sevilla) para conocer de primera mano los avances de las labores de recogida de semillas y tratamiento de las mismas por parte de la Red de Viveros de Andaluc\\u00eda, as\\u00ed como la preparaci\\u00f3n de la producci\\u00f3n de plantas aut\\u00f3ctonas\",\"inLanguage\":\"es-ES\",\"isPartOf\":{\"@id\":\"https:\\\/\\\/www.eldigitaldeasturias.com\\\/noticias\\\/#website\"},\"breadcrumb\":{\"@id\":\"https:\\\/\\\/www.eldigitaldeasturias.com\\\/noticias\\\/susana-diaz-ha-visitado-el-vivero-de-san-jeronimo-en-sevilla\\\/#breadcrumblist\"},\"author\":{\"@id\":\"https:\\\/\\\/www.eldigitaldeasturias.com\\\/noticias\\\/author\\\/admin\\\/#author\"},\"creator\":{\"@id\":\"https:\\\/\\\/www.eldigitaldeasturias.com\\\/noticias\\\/author\\\/admin\\\/#author\"},\"image\":{\"@type\":\"ImageObject\",\"url\":951445,\"@id\":\"https:\\\/\\\/www.eldigitaldeasturias.com\\\/noticias\\\/susana-diaz-ha-visitado-el-vivero-de-san-jeronimo-en-sevilla\\\/#mainImage\"},\"primaryImageOfPage\":{\"@id\":\"https:\\\/\\\/www.eldigitaldeasturias.com\\\/noticias\\\/susana-diaz-ha-visitado-el-vivero-de-san-jeronimo-en-sevilla\\\/#mainImage\"},\"datePublished\":\"2017-08-30T22:05:23+02:00\",\"dateModified\":\"2017-08-30T22:05:23+02:00\"},{\"@type\":\"WebSite\",\"@id\":\"https:\\\/\\\/www.eldigitaldeasturias.com\\\/noticias\\\/#website\",\"url\":\"https:\\\/\\\/www.eldigitaldeasturias.com\\\/noticias\\\/\",\"name\":\"El Digital de Asturias - Diario de actualidad y noticias\",\"alternateName\":\"El Digital de Asturias - Diario de actualidad y noticias\",\"description\":\"Hemeroteca\",\"inLanguage\":\"es-ES\",\"publisher\":{\"@id\":\"https:\\\/\\\/www.eldigitaldeasturias.com\\\/noticias\\\/#organization\"}}]}\n\t\t<\/script>\n\t\t<!-- All in One SEO Pro -->\r\n\t\t<title>Susana D\u00edaz ha visitado el vivero de San Jer\u00f3nimo, en Sevilla - El Digital de Asturias<\/title>\n\n","aioseo_head_json":{"title":"Susana D\u00edaz ha visitado el vivero de San Jer\u00f3nimo, en Sevilla - El Digital de Asturias","description":"La presidenta de la Junta de Andaluc\u00eda, Susana D\u00edaz, ha visitado el vivero de San Jer\u00f3nimo (Sevilla) para conocer de primera mano los avances de las labores de recogida de semillas y tratamiento de las mismas por parte de la Red de Viveros de Andaluc\u00eda, as\u00ed como la preparaci\u00f3n de la producci\u00f3n de plantas aut\u00f3ctonas","canonical_url":"https:\/\/www.eldigitaldeasturias.com\/noticias\/susana-diaz-ha-visitado-el-vivero-de-san-jeronimo-en-sevilla\/","robots":"max-image-preview:large","keywords":"actualidad","webmasterTools":{"google-site-verification":"UA-38556648-1","msvalidate.01":"7dfe9f3f1b24437ab69f4f2559babe99","miscellaneous":""},"schema":{"@context":"https:\/\/schema.org","@graph":[{"@type":"BlogPosting","@id":"https:\/\/www.eldigitaldeasturias.com\/noticias\/susana-diaz-ha-visitado-el-vivero-de-san-jeronimo-en-sevilla\/#blogposting","name":"Susana D\u00edaz ha visitado el vivero de San Jer\u00f3nimo, en Sevilla - El Digital de Asturias","headline":"Susana D\u00edaz ha visitado el vivero de San Jer\u00f3nimo, en Sevilla","author":{"@id":"https:\/\/www.eldigitaldeasturias.com\/noticias\/author\/admin\/#author"},"publisher":{"@id":"https:\/\/www.eldigitaldeasturias.com\/noticias\/#organization"},"image":{"@type":"ImageObject","url":951445},"datePublished":"2017-08-30T22:05:23+02:00","dateModified":"2017-08-30T22:05:23+02:00","inLanguage":"es-ES","mainEntityOfPage":{"@id":"https:\/\/www.eldigitaldeasturias.com\/noticias\/susana-diaz-ha-visitado-el-vivero-de-san-jeronimo-en-sevilla\/#webpage"},"isPartOf":{"@id":"https:\/\/www.eldigitaldeasturias.com\/noticias\/susana-diaz-ha-visitado-el-vivero-de-san-jeronimo-en-sevilla\/#webpage"},"articleSection":"Actualidad"},{"@type":"BreadcrumbList","@id":"https:\/\/www.eldigitaldeasturias.com\/noticias\/susana-diaz-ha-visitado-el-vivero-de-san-jeronimo-en-sevilla\/#breadcrumblist","itemListElement":[{"@type":"ListItem","@id":"https:\/\/www.eldigitaldeasturias.com\/noticias#listItem","position":1,"name":"Home","item":"https:\/\/www.eldigitaldeasturias.com\/noticias","nextItem":{"@type":"ListItem","@id":"https:\/\/www.eldigitaldeasturias.com\/noticias\/category\/actualidad\/#listItem","name":"Actualidad"}},{"@type":"ListItem","@id":"https:\/\/www.eldigitaldeasturias.com\/noticias\/category\/actualidad\/#listItem","position":2,"name":"Actualidad","item":"https:\/\/www.eldigitaldeasturias.com\/noticias\/category\/actualidad\/","nextItem":{"@type":"ListItem","@id":"https:\/\/www.eldigitaldeasturias.com\/noticias\/susana-diaz-ha-visitado-el-vivero-de-san-jeronimo-en-sevilla\/#listItem","name":"Susana D\u00edaz ha visitado el vivero de San Jer\u00f3nimo, en Sevilla"},"previousItem":{"@type":"ListItem","@id":"https:\/\/www.eldigitaldeasturias.com\/noticias#listItem","name":"Home"}},{"@type":"ListItem","@id":"https:\/\/www.eldigitaldeasturias.com\/noticias\/susana-diaz-ha-visitado-el-vivero-de-san-jeronimo-en-sevilla\/#listItem","position":3,"name":"Susana D\u00edaz ha visitado el vivero de San Jer\u00f3nimo, en Sevilla","previousItem":{"@type":"ListItem","@id":"https:\/\/www.eldigitaldeasturias.com\/noticias\/category\/actualidad\/#listItem","name":"Actualidad"}}]},{"@type":"Organization","@id":"https:\/\/www.eldigitaldeasturias.com\/noticias\/#organization","name":"El Digital de Asturias","description":"Hemeroteca","url":"https:\/\/www.eldigitaldeasturias.com\/noticias\/","email":"info@eldigitaldeasturias.com","telephone":"+34652131393","logo":{"@type":"ImageObject","url":"https:\/\/www.eldigitaldeasturias.com\/noticias\/wp-content\/uploads\/2020\/12\/EDA.jpg","@id":"https:\/\/www.eldigitaldeasturias.com\/noticias\/susana-diaz-ha-visitado-el-vivero-de-san-jeronimo-en-sevilla\/#organizationLogo"},"image":{"@id":"https:\/\/www.eldigitaldeasturias.com\/noticias\/susana-diaz-ha-visitado-el-vivero-de-san-jeronimo-en-sevilla\/#organizationLogo"},"sameAs":["https:\/\/facebook.com\/eldigitaldeasturias","https:\/\/www.youtube.com\/channel\/UCZP-2wLEB9Rv6erhFmqVnvg"],"address":{"@id":"https:\/\/www.eldigitaldeasturias.com\/noticias\/#postaladdress","@type":"PostalAddress","streetAddress":"san antonio 4","postalCode":"33430","addressLocality":"Cand\u00e1s","addressRegion":"Asturias","addressCountry":"ES"}},{"@type":"Person","@id":"https:\/\/www.eldigitaldeasturias.com\/noticias\/author\/admin\/#author","url":"https:\/\/www.eldigitaldeasturias.com\/noticias\/author\/admin\/","name":"El Digital de Asturias","image":{"@type":"ImageObject","@id":"https:\/\/www.eldigitaldeasturias.com\/noticias\/susana-diaz-ha-visitado-el-vivero-de-san-jeronimo-en-sevilla\/#authorImage","url":"https:\/\/secure.gravatar.com\/avatar\/df2aeffc32bcd13f8d26072ef8a91b623d677766deac7f97ca815868cd41bf5e?s=96&d=mm&r=g","width":96,"height":96,"caption":"El Digital de Asturias"}},{"@type":"WebPage","@id":"https:\/\/www.eldigitaldeasturias.com\/noticias\/susana-diaz-ha-visitado-el-vivero-de-san-jeronimo-en-sevilla\/#webpage","url":"https:\/\/www.eldigitaldeasturias.com\/noticias\/susana-diaz-ha-visitado-el-vivero-de-san-jeronimo-en-sevilla\/","name":"Susana D\u00edaz ha visitado el vivero de San Jer\u00f3nimo, en Sevilla - El Digital de Asturias","description":"La presidenta de la Junta de Andaluc\u00eda, Susana D\u00edaz, ha visitado el vivero de San Jer\u00f3nimo (Sevilla) para conocer de primera mano los avances de las labores de recogida de semillas y tratamiento de las mismas por parte de la Red de Viveros de Andaluc\u00eda, as\u00ed como la preparaci\u00f3n de la producci\u00f3n de plantas aut\u00f3ctonas","inLanguage":"es-ES","isPartOf":{"@id":"https:\/\/www.eldigitaldeasturias.com\/noticias\/#website"},"breadcrumb":{"@id":"https:\/\/www.eldigitaldeasturias.com\/noticias\/susana-diaz-ha-visitado-el-vivero-de-san-jeronimo-en-sevilla\/#breadcrumblist"},"author":{"@id":"https:\/\/www.eldigitaldeasturias.com\/noticias\/author\/admin\/#author"},"creator":{"@id":"https:\/\/www.eldigitaldeasturias.com\/noticias\/author\/admin\/#author"},"image":{"@type":"ImageObject","url":951445,"@id":"https:\/\/www.eldigitaldeasturias.com\/noticias\/susana-diaz-ha-visitado-el-vivero-de-san-jeronimo-en-sevilla\/#mainImage"},"primaryImageOfPage":{"@id":"https:\/\/www.eldigitaldeasturias.com\/noticias\/susana-diaz-ha-visitado-el-vivero-de-san-jeronimo-en-sevilla\/#mainImage"},"datePublished":"2017-08-30T22:05:23+02:00","dateModified":"2017-08-30T22:05:23+02:00"},{"@type":"WebSite","@id":"https:\/\/www.eldigitaldeasturias.com\/noticias\/#website","url":"https:\/\/www.eldigitaldeasturias.com\/noticias\/","name":"El Digital de Asturias - Diario de actualidad y noticias","alternateName":"El Digital de Asturias - Diario de actualidad y noticias","description":"Hemeroteca","inLanguage":"es-ES","publisher":{"@id":"https:\/\/www.eldigitaldeasturias.com\/noticias\/#organization"}}]},"og:locale":"es_ES","og:site_name":"El Digital de Asturias","og:type":"article","og:title":"Susana D\u00edaz ha visitado el vivero de San Jer\u00f3nimo, en Sevilla - El Digital de Asturias","og:description":"La presidenta de la Junta de Andaluc\u00eda, Susana D\u00edaz, ha visitado el vivero de San Jer\u00f3nimo (Sevilla) para conocer de primera mano los avances de las labores de recogida de semillas y tratamiento de las mismas por parte de la Red de Viveros de Andaluc\u00eda, as\u00ed como la preparaci\u00f3n de la producci\u00f3n de plantas aut\u00f3ctonas","og:url":"https:\/\/www.eldigitaldeasturias.com\/noticias\/susana-diaz-ha-visitado-el-vivero-de-san-jeronimo-en-sevilla\/","article:tag":["actualidad"],"article:published_time":"2017-08-30T22:05:23+00:00","article:modified_time":"2017-08-30T22:05:23+00:00","article:publisher":"https:\/\/facebook.com\/eldigitaldeasturias","twitter:card":"summary_large_image","twitter:title":"Susana D\u00edaz ha visitado el vivero de San Jer\u00f3nimo, en Sevilla - El Digital de Asturias","twitter:description":"La presidenta de la Junta de Andaluc\u00eda, Susana D\u00edaz, ha visitado el vivero de San Jer\u00f3nimo (Sevilla) para conocer de primera mano los avances de las labores de recogida de semillas y tratamiento de las mismas por parte de la Red de Viveros de Andaluc\u00eda, as\u00ed como la preparaci\u00f3n de la producci\u00f3n de plantas aut\u00f3ctonas","twitter:image":"https:\/\/www.eldigitaldeasturias.com\/noticias\/wp-content\/uploads\/2020\/12\/EDA-1.jpg","twitter:label1":"Escrito por","twitter:data1":"El Digital de Asturias","twitter:label2":"Tiempo de lectura estimado","twitter:data2":"3 minutos"},"aioseo_meta_data":{"post_id":"951444","title":null,"description":null,"keywords":null,"keyphrases":null,"primary_term":null,"canonical_url":null,"og_title":null,"og_description":null,"og_object_type":"default","og_image_type":"default","og_image_url":null,"og_image_width":null,"og_image_height":null,"og_image_custom_url":null,"og_image_custom_fields":null,"og_video":null,"og_custom_url":null,"og_article_section":null,"og_article_tags":null,"twitter_use_og":false,"twitter_card":"default","twitter_image_type":"default","twitter_image_url":null,"twitter_image_custom_url":null,"twitter_image_custom_fields":null,"twitter_title":null,"twitter_description":null,"schema":{"blockGraphs":[],"customGraphs":[],"default":{"data":{"Article":[],"Course":[],"Dataset":[],"FAQPage":[],"Movie":[],"Person":[],"Product":[],"ProductReview":[],"Car":[],"Recipe":[],"Service":[],"SoftwareApplication":[],"WebPage":[]},"graphName":"","isEnabled":true},"graphs":[],"defaultGraph":"","defaultPostTypeGraph":""},"schema_type":null,"schema_type_options":null,"pillar_content":false,"robots_default":true,"robots_noindex":false,"robots_noarchive":false,"robots_nosnippet":false,"robots_nofollow":false,"robots_noimageindex":false,"robots_noodp":false,"robots_notranslate":false,"robots_max_snippet":null,"robots_max_videopreview":null,"robots_max_imagepreview":"large","priority":null,"frequency":null,"local_seo":null,"seo_analyzer_scan_date":"2025-12-05 19:14:12","breadcrumb_settings":null,"limit_modified_date":false,"open_ai":null,"ai":null,"created":"2020-12-21 12:58:13","updated":"2025-12-05 19:14:12","focus_keyword":null,"additional_keywords":null,"truseo_locale":null},"aioseo_breadcrumb":"<div class=\"aioseo-breadcrumbs\"><span class=\"aioseo-breadcrumb\">\n\t<a href=\"https:\/\/www.eldigitaldeasturias.com\/noticias\" title=\"Home\">Home<\/a>\n<\/span><span class=\"aioseo-breadcrumb-separator\">\u2013<\/span><span class=\"aioseo-breadcrumb\">\n\t<a href=\"https:\/\/www.eldigitaldeasturias.com\/noticias\/category\/actualidad\/\" title=\"Actualidad\">Actualidad<\/a>\n<\/span><span class=\"aioseo-breadcrumb-separator\">\u2013<\/span><span class=\"aioseo-breadcrumb\">\n\t<a href=\"https:\/\/www.eldigitaldeasturias.com\/noticias\/susana-diaz-ha-visitado-el-vivero-de-san-jeronimo-en-sevilla\/\" title=\"Susana D\u00edaz ha visitado el vivero de San Jer\u00f3nimo, en Sevilla\">Susana D\u00edaz ha visitado el vivero de San Jer\u00f3nimo, en Sevilla<\/a>\n<\/span><\/div>","aioseo_breadcrumb_json":[{"label":"Home","link":"https:\/\/www.eldigitaldeasturias.com\/noticias"},{"label":"Actualidad","link":"https:\/\/www.eldigitaldeasturias.com\/noticias\/category\/actualidad\/"},{"label":"Susana D\u00edaz ha visitado el vivero de San Jer\u00f3nimo, en Sevilla","link":"https:\/\/www.eldigitaldeasturias.com\/noticias\/susana-diaz-ha-visitado-el-vivero-de-san-jeronimo-en-sevilla\/"}],"_links":{"self":[{"href":"https:\/\/www.eldigitaldeasturias.com\/noticias\/wp-json\/wp\/v2\/posts\/951444","targetHints":{"allow":["GET"]}}],"collection":[{"href":"https:\/\/www.eldigitaldeasturias.com\/noticias\/wp-json\/wp\/v2\/posts"}],"about":[{"href":"https:\/\/www.eldigitaldeasturias.com\/noticias\/wp-json\/wp\/v2\/types\/post"}],"author":[{"embeddable":true,"href":"https:\/\/www.eldigitaldeasturias.com\/noticias\/wp-json\/wp\/v2\/users\/1"}],"replies":[{"embeddable":true,"href":"https:\/\/www.eldigitaldeasturias.com\/noticias\/wp-json\/wp\/v2\/comments?post=951444"}],"version-history":[{"count":0,"href":"https:\/\/www.eldigitaldeasturias.com\/noticias\/wp-json\/wp\/v2\/posts\/951444\/revisions"}],"wp:attachment":[{"href":"https:\/\/www.eldigitaldeasturias.com\/noticias\/wp-json\/wp\/v2\/media?parent=951444"}],"wp:term":[{"taxonomy":"category","embeddable":true,"href":"https:\/\/www.eldigitaldeasturias.com\/noticias\/wp-json\/wp\/v2\/categories?post=951444"},{"taxonomy":"post_tag","embeddable":true,"href":"https:\/\/www.eldigitaldeasturias.com\/noticias\/wp-json\/wp\/v2\/tags?post=951444"}],"curies":[{"name":"wp","href":"https:\/\/api.w.org\/{rel}","templated":true}]}}