{"id":951441,"date":"2017-08-30T22:03:07","date_gmt":"2017-08-30T22:03:07","guid":{"rendered":"http:\/\/www.eldigitaldeasturias.com\/noticias\/?p=951441"},"modified":"2017-08-30T22:03:07","modified_gmt":"2017-08-30T22:03:07","slug":"sonia-gaya-ha-visitado-las-obras-del-colegio-san-francisco-de-cajar","status":"publish","type":"post","link":"https:\/\/www.eldigitaldeasturias.com\/noticias\/sonia-gaya-ha-visitado-las-obras-del-colegio-san-francisco-de-cajar\/","title":{"rendered":"Sonia Gaya ha visitado las obras del Colegio San Francisco, de C\u00e1jar"},"content":{"rendered":"<p><img loading=\"lazy\" decoding=\"async\" class=\"alignleft size-medium wp-image-951442\" src=\"https:\/\/www.eldigitaldeasturias.com\/noticias\/wp-content\/uploads\/2017\/08\/1504093630959-360x240.jpg\" alt=\"\" width=\"360\" height=\"240\" \/>La consejera de Educaci\u00f3n, Sonia Gaya, ha visitado en C\u00e1jar (Granada) el Colegio de Educaci\u00f3n Infantil y Primaria San Francisco, donde se acometen obras de ampliaci\u00f3n y consolidaci\u00f3n estructural con un presupuesto superior a los 260.000 euros y que permitir\u00e1n las retirada de sus dos aulas prefabricadas. La Consejer\u00eda tiene previsto suprimir 181 de estas instalaciones temporales de los centros docentes p\u00fablicos durante 2017, de las cuales 42 corresponden a colegios e institutos de la provincia de Granada.<\/p>\n<p>Durante el primer semestre del a\u00f1o se han retirado 58 aulas prefabricadas, y la previsi\u00f3n es que desde julio hasta final de 2017 se eliminen otras 123 hasta alcanzar las citadas 181. Sonia Gaya ha destacado el esfuerzo que realiza la Junta para eliminar en el menor tiempo posible estos m\u00f3dulos, que se precisan para realizar en los centros obras de gran envergadura y con una duraci\u00f3n mayor a los periodos no lectivos, as\u00ed como para atender nuevas necesidades de escolarizaci\u00f3n sobrevenidas.<\/p>\n<p>La consejera ha subrayado igualmente que Andaluc\u00eda cuenta este a\u00f1o con una inversi\u00f3n en infraestructuras educativas y equipamiento de 140,8 millones de euros, un 31,6% m\u00e1s que en 2016, y que junto a las intervenciones de construcci\u00f3n, ampliaci\u00f3n y mejora de centros, se incluyen tambi\u00e9n obras del plan de retirada de amianto y de climatizaci\u00f3n.<\/p>\n<p>En la provincia de Granada, en concreto, la Consejer\u00eda de Educaci\u00f3n ha programado 72 actuaciones en centros docentes para este a\u00f1o 2017, lo que supone una inversi\u00f3n de 13.682.157 euros.<\/p>\n<p><strong>Nuevos espacios para el Colegio San Francisco<\/strong><\/p>\n<p>La actuaci\u00f3n en el CEIP San Francisco de C\u00e1jar consiste en la construcci\u00f3n de cuatro nuevas aulas de Educaci\u00f3n Infantil para hacer posible la retirada de un m\u00f3dulo con dos aulas prefabricadas y dotar as\u00ed al centro de los espacios que necesita. Para ello, se construye un nuevo m\u00f3dulo de ampliaci\u00f3n y se remodelan los espacios actuales de porche, comedor y aulas existentes en la planta baja.<\/p>\n<p>De esta forma, se obtendr\u00e1n, adem\u00e1s de las nueva cuatro aulas, un aseo accesible para profesorado, un comedor de mayor superficie que el actual con cocina office, un cuarto de basuras y un aseo para personal no docente. Tambi\u00e9n se construir\u00e1 un nuevo porche cubierto con estructura met\u00e1lica.<\/p>\n<p>La Consejer\u00eda invertir\u00e1 213.751 euros en esta intervenci\u00f3n y, aunque tiene un plazo de ejecuci\u00f3n previsto de cinco meses y fecha estimada de terminaci\u00f3n para principios de octubre, la empresa constructora est\u00e1 realizando un esfuerzo para que pueda estar acabada antes del inicio de curso en septiembre<\/p>\n<p>Por otro lado, durante la ejecuci\u00f3n de la obra se ha detectado la existencia de un pilar en mal estado en la planta baja, por lo que se realiza tambi\u00e9n por la misma empresa una obra de urgencia de consolidaci\u00f3n estructural con un presupuesto de 47.592 euros.<\/p>\n<p>El Colegio de Educaci\u00f3n Infantil y Primaria San Francisco, centro biling\u00fce de ingl\u00e9s, cuenta con 281 alumnos matriculados y una plantilla docente de 21 maestros. El centro dispone de los servicios complementarios de aula matinal, comedor escolar y actividades extraescolares y participa en proyectos educativos como el de Familias Lectora y Cine Escuela.<\/p>\n<p>&nbsp;<\/p>\n","protected":false},"excerpt":{"rendered":"<p>La consejera de Educaci\u00f3n, Sonia Gaya, ha visitado en C\u00e1jar (Granada) el Colegio de Educaci\u00f3n Infantil y Primaria San Francisco, donde se acometen obras de ampliaci\u00f3n y consolidaci\u00f3n estructural con un presupuesto superior a los 260.000 euros y que permitir\u00e1n las retirada de sus dos aulas prefabricadas. La Consejer\u00eda tiene previsto suprimir 181 de estas [&hellip;]<\/p>\n","protected":false},"author":1,"featured_media":951442,"comment_status":"closed","ping_status":"closed","sticky":false,"template":"","format":"standard","meta":{"footnotes":""},"categories":[1],"tags":[],"class_list":["post-951441","post","type-post","status-publish","format-standard","has-post-thumbnail","hentry","category-actualidad"],"aioseo_notices":[],"aioseo_head":"\n\t\t<!-- All in One SEO Pro 5.0.1 - aioseo.com -->\n\t<meta name=\"description\" content=\"La consejera de Educaci\u00f3n, Sonia Gaya, ha visitado en C\u00e1jar (Granada) el Colegio de Educaci\u00f3n Infantil y Primaria San Francisco, donde se acometen obras de ampliaci\u00f3n y consolidaci\u00f3n estructural con un presupuesto superior a los 260.000 euros y que permitir\u00e1n las retirada de sus dos aulas prefabricadas. La Consejer\u00eda tiene previsto suprimir 181 de estas\" \/>\n\t<meta name=\"robots\" content=\"max-image-preview:large\" \/>\n\t<meta name=\"author\" content=\"El Digital de Asturias\"\/>\n\t<meta name=\"google-site-verification\" content=\"UA-38556648-1\" \/>\n\t<meta name=\"msvalidate.01\" content=\"7dfe9f3f1b24437ab69f4f2559babe99\" \/>\n\t<meta name=\"keywords\" content=\"actualidad\" \/>\n\t<link rel=\"canonical\" href=\"https:\/\/www.eldigitaldeasturias.com\/noticias\/sonia-gaya-ha-visitado-las-obras-del-colegio-san-francisco-de-cajar\/\" \/>\n\t<meta name=\"generator\" content=\"All in One SEO Pro (AIOSEO) 5.0.1\" \/>\n\t\t<meta property=\"og:locale\" content=\"es_ES\" \/>\n\t\t<meta property=\"og:site_name\" content=\"El Digital de Asturias\" \/>\n\t\t<meta property=\"og:type\" content=\"article\" \/>\n\t\t<meta property=\"og:title\" content=\"Sonia Gaya ha visitado las obras del Colegio San Francisco, de C\u00e1jar - El Digital de Asturias\" \/>\n\t\t<meta property=\"og:description\" content=\"La consejera de Educaci\u00f3n, Sonia Gaya, ha visitado en C\u00e1jar (Granada) el Colegio de Educaci\u00f3n Infantil y Primaria San Francisco, donde se acometen obras de ampliaci\u00f3n y consolidaci\u00f3n estructural con un presupuesto superior a los 260.000 euros y que permitir\u00e1n las retirada de sus dos aulas prefabricadas. La Consejer\u00eda tiene previsto suprimir 181 de estas\" \/>\n\t\t<meta property=\"og:url\" content=\"https:\/\/www.eldigitaldeasturias.com\/noticias\/sonia-gaya-ha-visitado-las-obras-del-colegio-san-francisco-de-cajar\/\" \/>\n\t\t<meta property=\"article:tag\" content=\"actualidad\" \/>\n\t\t<meta property=\"article:published_time\" content=\"2017-08-30T22:03:07+00:00\" \/>\n\t\t<meta property=\"article:modified_time\" content=\"2017-08-30T22:03:07+00:00\" \/>\n\t\t<meta property=\"article:publisher\" content=\"https:\/\/facebook.com\/eldigitaldeasturias\" \/>\n\t\t<meta name=\"twitter:card\" content=\"summary_large_image\" \/>\n\t\t<meta name=\"twitter:title\" content=\"Sonia Gaya ha visitado las obras del Colegio San Francisco, de C\u00e1jar - El Digital de Asturias\" \/>\n\t\t<meta name=\"twitter:description\" content=\"La consejera de Educaci\u00f3n, Sonia Gaya, ha visitado en C\u00e1jar (Granada) el Colegio de Educaci\u00f3n Infantil y Primaria San Francisco, donde se acometen obras de ampliaci\u00f3n y consolidaci\u00f3n estructural con un presupuesto superior a los 260.000 euros y que permitir\u00e1n las retirada de sus dos aulas prefabricadas. La Consejer\u00eda tiene previsto suprimir 181 de estas\" \/>\n\t\t<meta name=\"twitter:image\" content=\"https:\/\/www.eldigitaldeasturias.com\/noticias\/wp-content\/uploads\/2020\/12\/EDA-1.jpg\" \/>\n\t\t<meta name=\"twitter:label1\" content=\"Escrito por\" \/>\n\t\t<meta name=\"twitter:data1\" content=\"El Digital de Asturias\" \/>\n\t\t<meta name=\"twitter:label2\" content=\"Tiempo de lectura estimado\" \/>\n\t\t<meta name=\"twitter:data2\" content=\"3 minutos\" \/>\n\t\t<script type=\"application\/ld+json\" class=\"aioseo-schema\">\n\t\t\t{\"@context\":\"https:\\\/\\\/schema.org\",\"@graph\":[{\"@type\":\"BlogPosting\",\"@id\":\"https:\\\/\\\/www.eldigitaldeasturias.com\\\/noticias\\\/sonia-gaya-ha-visitado-las-obras-del-colegio-san-francisco-de-cajar\\\/#blogposting\",\"name\":\"Sonia Gaya ha visitado las obras del Colegio San Francisco, de C\\u00e1jar - El Digital de Asturias\",\"headline\":\"Sonia Gaya ha visitado las obras del Colegio San Francisco, de C\\u00e1jar\",\"author\":{\"@id\":\"https:\\\/\\\/www.eldigitaldeasturias.com\\\/noticias\\\/author\\\/admin\\\/#author\"},\"publisher\":{\"@id\":\"https:\\\/\\\/www.eldigitaldeasturias.com\\\/noticias\\\/#organization\"},\"image\":{\"@type\":\"ImageObject\",\"url\":951442},\"datePublished\":\"2017-08-30T22:03:07+02:00\",\"dateModified\":\"2017-08-30T22:03:07+02:00\",\"inLanguage\":\"es-ES\",\"mainEntityOfPage\":{\"@id\":\"https:\\\/\\\/www.eldigitaldeasturias.com\\\/noticias\\\/sonia-gaya-ha-visitado-las-obras-del-colegio-san-francisco-de-cajar\\\/#webpage\"},\"isPartOf\":{\"@id\":\"https:\\\/\\\/www.eldigitaldeasturias.com\\\/noticias\\\/sonia-gaya-ha-visitado-las-obras-del-colegio-san-francisco-de-cajar\\\/#webpage\"},\"articleSection\":\"Actualidad\"},{\"@type\":\"BreadcrumbList\",\"@id\":\"https:\\\/\\\/www.eldigitaldeasturias.com\\\/noticias\\\/sonia-gaya-ha-visitado-las-obras-del-colegio-san-francisco-de-cajar\\\/#breadcrumblist\",\"itemListElement\":[{\"@type\":\"ListItem\",\"@id\":\"https:\\\/\\\/www.eldigitaldeasturias.com\\\/noticias#listItem\",\"position\":1,\"name\":\"Home\",\"item\":\"https:\\\/\\\/www.eldigitaldeasturias.com\\\/noticias\",\"nextItem\":{\"@type\":\"ListItem\",\"@id\":\"https:\\\/\\\/www.eldigitaldeasturias.com\\\/noticias\\\/category\\\/actualidad\\\/#listItem\",\"name\":\"Actualidad\"}},{\"@type\":\"ListItem\",\"@id\":\"https:\\\/\\\/www.eldigitaldeasturias.com\\\/noticias\\\/category\\\/actualidad\\\/#listItem\",\"position\":2,\"name\":\"Actualidad\",\"item\":\"https:\\\/\\\/www.eldigitaldeasturias.com\\\/noticias\\\/category\\\/actualidad\\\/\",\"nextItem\":{\"@type\":\"ListItem\",\"@id\":\"https:\\\/\\\/www.eldigitaldeasturias.com\\\/noticias\\\/sonia-gaya-ha-visitado-las-obras-del-colegio-san-francisco-de-cajar\\\/#listItem\",\"name\":\"Sonia Gaya ha visitado las obras del Colegio San Francisco, de C\\u00e1jar\"},\"previousItem\":{\"@type\":\"ListItem\",\"@id\":\"https:\\\/\\\/www.eldigitaldeasturias.com\\\/noticias#listItem\",\"name\":\"Home\"}},{\"@type\":\"ListItem\",\"@id\":\"https:\\\/\\\/www.eldigitaldeasturias.com\\\/noticias\\\/sonia-gaya-ha-visitado-las-obras-del-colegio-san-francisco-de-cajar\\\/#listItem\",\"position\":3,\"name\":\"Sonia Gaya ha visitado las obras del Colegio San Francisco, de C\\u00e1jar\",\"previousItem\":{\"@type\":\"ListItem\",\"@id\":\"https:\\\/\\\/www.eldigitaldeasturias.com\\\/noticias\\\/category\\\/actualidad\\\/#listItem\",\"name\":\"Actualidad\"}}]},{\"@type\":\"Organization\",\"@id\":\"https:\\\/\\\/www.eldigitaldeasturias.com\\\/noticias\\\/#organization\",\"name\":\"El Digital de Asturias\",\"description\":\"Hemeroteca\",\"url\":\"https:\\\/\\\/www.eldigitaldeasturias.com\\\/noticias\\\/\",\"email\":\"info@eldigitaldeasturias.com\",\"telephone\":\"+34652131393\",\"logo\":{\"@type\":\"ImageObject\",\"url\":\"https:\\\/\\\/www.eldigitaldeasturias.com\\\/noticias\\\/wp-content\\\/uploads\\\/2020\\\/12\\\/EDA.jpg\",\"@id\":\"https:\\\/\\\/www.eldigitaldeasturias.com\\\/noticias\\\/sonia-gaya-ha-visitado-las-obras-del-colegio-san-francisco-de-cajar\\\/#organizationLogo\"},\"image\":{\"@id\":\"https:\\\/\\\/www.eldigitaldeasturias.com\\\/noticias\\\/sonia-gaya-ha-visitado-las-obras-del-colegio-san-francisco-de-cajar\\\/#organizationLogo\"},\"sameAs\":[\"https:\\\/\\\/facebook.com\\\/eldigitaldeasturias\",\"https:\\\/\\\/www.youtube.com\\\/channel\\\/UCZP-2wLEB9Rv6erhFmqVnvg\"],\"address\":{\"@id\":\"https:\\\/\\\/www.eldigitaldeasturias.com\\\/noticias\\\/#postaladdress\",\"@type\":\"PostalAddress\",\"streetAddress\":\"san antonio 4\",\"postalCode\":\"33430\",\"addressLocality\":\"Cand\\u00e1s\",\"addressRegion\":\"Asturias\",\"addressCountry\":\"ES\"}},{\"@type\":\"Person\",\"@id\":\"https:\\\/\\\/www.eldigitaldeasturias.com\\\/noticias\\\/author\\\/admin\\\/#author\",\"url\":\"https:\\\/\\\/www.eldigitaldeasturias.com\\\/noticias\\\/author\\\/admin\\\/\",\"name\":\"El Digital de Asturias\",\"image\":{\"@type\":\"ImageObject\",\"@id\":\"https:\\\/\\\/www.eldigitaldeasturias.com\\\/noticias\\\/sonia-gaya-ha-visitado-las-obras-del-colegio-san-francisco-de-cajar\\\/#authorImage\",\"url\":\"https:\\\/\\\/secure.gravatar.com\\\/avatar\\\/df2aeffc32bcd13f8d26072ef8a91b623d677766deac7f97ca815868cd41bf5e?s=96&d=mm&r=g\",\"width\":96,\"height\":96,\"caption\":\"El Digital de Asturias\"}},{\"@type\":\"WebPage\",\"@id\":\"https:\\\/\\\/www.eldigitaldeasturias.com\\\/noticias\\\/sonia-gaya-ha-visitado-las-obras-del-colegio-san-francisco-de-cajar\\\/#webpage\",\"url\":\"https:\\\/\\\/www.eldigitaldeasturias.com\\\/noticias\\\/sonia-gaya-ha-visitado-las-obras-del-colegio-san-francisco-de-cajar\\\/\",\"name\":\"Sonia Gaya ha visitado las obras del Colegio San Francisco, de C\\u00e1jar - El Digital de Asturias\",\"description\":\"La consejera de Educaci\\u00f3n, Sonia Gaya, ha visitado en C\\u00e1jar (Granada) el Colegio de Educaci\\u00f3n Infantil y Primaria San Francisco, donde se acometen obras de ampliaci\\u00f3n y consolidaci\\u00f3n estructural con un presupuesto superior a los 260.000 euros y que permitir\\u00e1n las retirada de sus dos aulas prefabricadas. La Consejer\\u00eda tiene previsto suprimir 181 de estas\",\"inLanguage\":\"es-ES\",\"isPartOf\":{\"@id\":\"https:\\\/\\\/www.eldigitaldeasturias.com\\\/noticias\\\/#website\"},\"breadcrumb\":{\"@id\":\"https:\\\/\\\/www.eldigitaldeasturias.com\\\/noticias\\\/sonia-gaya-ha-visitado-las-obras-del-colegio-san-francisco-de-cajar\\\/#breadcrumblist\"},\"author\":{\"@id\":\"https:\\\/\\\/www.eldigitaldeasturias.com\\\/noticias\\\/author\\\/admin\\\/#author\"},\"creator\":{\"@id\":\"https:\\\/\\\/www.eldigitaldeasturias.com\\\/noticias\\\/author\\\/admin\\\/#author\"},\"image\":{\"@type\":\"ImageObject\",\"url\":951442,\"@id\":\"https:\\\/\\\/www.eldigitaldeasturias.com\\\/noticias\\\/sonia-gaya-ha-visitado-las-obras-del-colegio-san-francisco-de-cajar\\\/#mainImage\"},\"primaryImageOfPage\":{\"@id\":\"https:\\\/\\\/www.eldigitaldeasturias.com\\\/noticias\\\/sonia-gaya-ha-visitado-las-obras-del-colegio-san-francisco-de-cajar\\\/#mainImage\"},\"datePublished\":\"2017-08-30T22:03:07+02:00\",\"dateModified\":\"2017-08-30T22:03:07+02:00\"},{\"@type\":\"WebSite\",\"@id\":\"https:\\\/\\\/www.eldigitaldeasturias.com\\\/noticias\\\/#website\",\"url\":\"https:\\\/\\\/www.eldigitaldeasturias.com\\\/noticias\\\/\",\"name\":\"El Digital de Asturias - Diario de actualidad y noticias\",\"alternateName\":\"El Digital de Asturias - Diario de actualidad y noticias\",\"description\":\"Hemeroteca\",\"inLanguage\":\"es-ES\",\"publisher\":{\"@id\":\"https:\\\/\\\/www.eldigitaldeasturias.com\\\/noticias\\\/#organization\"}}]}\n\t\t<\/script>\n\t\t<!-- All in One SEO Pro -->\r\n\t\t<title>Sonia Gaya ha visitado las obras del Colegio San Francisco, de C\u00e1jar - El Digital de Asturias<\/title>\n\n","aioseo_head_json":{"title":"Sonia Gaya ha visitado las obras del Colegio San Francisco, de C\u00e1jar - El Digital de Asturias","description":"La consejera de Educaci\u00f3n, Sonia Gaya, ha visitado en C\u00e1jar (Granada) el Colegio de Educaci\u00f3n Infantil y Primaria San Francisco, donde se acometen obras de ampliaci\u00f3n y consolidaci\u00f3n estructural con un presupuesto superior a los 260.000 euros y que permitir\u00e1n las retirada de sus dos aulas prefabricadas. La Consejer\u00eda tiene previsto suprimir 181 de estas","canonical_url":"https:\/\/www.eldigitaldeasturias.com\/noticias\/sonia-gaya-ha-visitado-las-obras-del-colegio-san-francisco-de-cajar\/","robots":"max-image-preview:large","keywords":"actualidad","webmasterTools":{"google-site-verification":"UA-38556648-1","msvalidate.01":"7dfe9f3f1b24437ab69f4f2559babe99","miscellaneous":""},"schema":{"@context":"https:\/\/schema.org","@graph":[{"@type":"BlogPosting","@id":"https:\/\/www.eldigitaldeasturias.com\/noticias\/sonia-gaya-ha-visitado-las-obras-del-colegio-san-francisco-de-cajar\/#blogposting","name":"Sonia Gaya ha visitado las obras del Colegio San Francisco, de C\u00e1jar - El Digital de Asturias","headline":"Sonia Gaya ha visitado las obras del Colegio San Francisco, de C\u00e1jar","author":{"@id":"https:\/\/www.eldigitaldeasturias.com\/noticias\/author\/admin\/#author"},"publisher":{"@id":"https:\/\/www.eldigitaldeasturias.com\/noticias\/#organization"},"image":{"@type":"ImageObject","url":951442},"datePublished":"2017-08-30T22:03:07+02:00","dateModified":"2017-08-30T22:03:07+02:00","inLanguage":"es-ES","mainEntityOfPage":{"@id":"https:\/\/www.eldigitaldeasturias.com\/noticias\/sonia-gaya-ha-visitado-las-obras-del-colegio-san-francisco-de-cajar\/#webpage"},"isPartOf":{"@id":"https:\/\/www.eldigitaldeasturias.com\/noticias\/sonia-gaya-ha-visitado-las-obras-del-colegio-san-francisco-de-cajar\/#webpage"},"articleSection":"Actualidad"},{"@type":"BreadcrumbList","@id":"https:\/\/www.eldigitaldeasturias.com\/noticias\/sonia-gaya-ha-visitado-las-obras-del-colegio-san-francisco-de-cajar\/#breadcrumblist","itemListElement":[{"@type":"ListItem","@id":"https:\/\/www.eldigitaldeasturias.com\/noticias#listItem","position":1,"name":"Home","item":"https:\/\/www.eldigitaldeasturias.com\/noticias","nextItem":{"@type":"ListItem","@id":"https:\/\/www.eldigitaldeasturias.com\/noticias\/category\/actualidad\/#listItem","name":"Actualidad"}},{"@type":"ListItem","@id":"https:\/\/www.eldigitaldeasturias.com\/noticias\/category\/actualidad\/#listItem","position":2,"name":"Actualidad","item":"https:\/\/www.eldigitaldeasturias.com\/noticias\/category\/actualidad\/","nextItem":{"@type":"ListItem","@id":"https:\/\/www.eldigitaldeasturias.com\/noticias\/sonia-gaya-ha-visitado-las-obras-del-colegio-san-francisco-de-cajar\/#listItem","name":"Sonia Gaya ha visitado las obras del Colegio San Francisco, de C\u00e1jar"},"previousItem":{"@type":"ListItem","@id":"https:\/\/www.eldigitaldeasturias.com\/noticias#listItem","name":"Home"}},{"@type":"ListItem","@id":"https:\/\/www.eldigitaldeasturias.com\/noticias\/sonia-gaya-ha-visitado-las-obras-del-colegio-san-francisco-de-cajar\/#listItem","position":3,"name":"Sonia Gaya ha visitado las obras del Colegio San Francisco, de C\u00e1jar","previousItem":{"@type":"ListItem","@id":"https:\/\/www.eldigitaldeasturias.com\/noticias\/category\/actualidad\/#listItem","name":"Actualidad"}}]},{"@type":"Organization","@id":"https:\/\/www.eldigitaldeasturias.com\/noticias\/#organization","name":"El Digital de Asturias","description":"Hemeroteca","url":"https:\/\/www.eldigitaldeasturias.com\/noticias\/","email":"info@eldigitaldeasturias.com","telephone":"+34652131393","logo":{"@type":"ImageObject","url":"https:\/\/www.eldigitaldeasturias.com\/noticias\/wp-content\/uploads\/2020\/12\/EDA.jpg","@id":"https:\/\/www.eldigitaldeasturias.com\/noticias\/sonia-gaya-ha-visitado-las-obras-del-colegio-san-francisco-de-cajar\/#organizationLogo"},"image":{"@id":"https:\/\/www.eldigitaldeasturias.com\/noticias\/sonia-gaya-ha-visitado-las-obras-del-colegio-san-francisco-de-cajar\/#organizationLogo"},"sameAs":["https:\/\/facebook.com\/eldigitaldeasturias","https:\/\/www.youtube.com\/channel\/UCZP-2wLEB9Rv6erhFmqVnvg"],"address":{"@id":"https:\/\/www.eldigitaldeasturias.com\/noticias\/#postaladdress","@type":"PostalAddress","streetAddress":"san antonio 4","postalCode":"33430","addressLocality":"Cand\u00e1s","addressRegion":"Asturias","addressCountry":"ES"}},{"@type":"Person","@id":"https:\/\/www.eldigitaldeasturias.com\/noticias\/author\/admin\/#author","url":"https:\/\/www.eldigitaldeasturias.com\/noticias\/author\/admin\/","name":"El Digital de Asturias","image":{"@type":"ImageObject","@id":"https:\/\/www.eldigitaldeasturias.com\/noticias\/sonia-gaya-ha-visitado-las-obras-del-colegio-san-francisco-de-cajar\/#authorImage","url":"https:\/\/secure.gravatar.com\/avatar\/df2aeffc32bcd13f8d26072ef8a91b623d677766deac7f97ca815868cd41bf5e?s=96&d=mm&r=g","width":96,"height":96,"caption":"El Digital de Asturias"}},{"@type":"WebPage","@id":"https:\/\/www.eldigitaldeasturias.com\/noticias\/sonia-gaya-ha-visitado-las-obras-del-colegio-san-francisco-de-cajar\/#webpage","url":"https:\/\/www.eldigitaldeasturias.com\/noticias\/sonia-gaya-ha-visitado-las-obras-del-colegio-san-francisco-de-cajar\/","name":"Sonia Gaya ha visitado las obras del Colegio San Francisco, de C\u00e1jar - El Digital de Asturias","description":"La consejera de Educaci\u00f3n, Sonia Gaya, ha visitado en C\u00e1jar (Granada) el Colegio de Educaci\u00f3n Infantil y Primaria San Francisco, donde se acometen obras de ampliaci\u00f3n y consolidaci\u00f3n estructural con un presupuesto superior a los 260.000 euros y que permitir\u00e1n las retirada de sus dos aulas prefabricadas. La Consejer\u00eda tiene previsto suprimir 181 de estas","inLanguage":"es-ES","isPartOf":{"@id":"https:\/\/www.eldigitaldeasturias.com\/noticias\/#website"},"breadcrumb":{"@id":"https:\/\/www.eldigitaldeasturias.com\/noticias\/sonia-gaya-ha-visitado-las-obras-del-colegio-san-francisco-de-cajar\/#breadcrumblist"},"author":{"@id":"https:\/\/www.eldigitaldeasturias.com\/noticias\/author\/admin\/#author"},"creator":{"@id":"https:\/\/www.eldigitaldeasturias.com\/noticias\/author\/admin\/#author"},"image":{"@type":"ImageObject","url":951442,"@id":"https:\/\/www.eldigitaldeasturias.com\/noticias\/sonia-gaya-ha-visitado-las-obras-del-colegio-san-francisco-de-cajar\/#mainImage"},"primaryImageOfPage":{"@id":"https:\/\/www.eldigitaldeasturias.com\/noticias\/sonia-gaya-ha-visitado-las-obras-del-colegio-san-francisco-de-cajar\/#mainImage"},"datePublished":"2017-08-30T22:03:07+02:00","dateModified":"2017-08-30T22:03:07+02:00"},{"@type":"WebSite","@id":"https:\/\/www.eldigitaldeasturias.com\/noticias\/#website","url":"https:\/\/www.eldigitaldeasturias.com\/noticias\/","name":"El Digital de Asturias - Diario de actualidad y noticias","alternateName":"El Digital de Asturias - Diario de actualidad y noticias","description":"Hemeroteca","inLanguage":"es-ES","publisher":{"@id":"https:\/\/www.eldigitaldeasturias.com\/noticias\/#organization"}}]},"og:locale":"es_ES","og:site_name":"El Digital de Asturias","og:type":"article","og:title":"Sonia Gaya ha visitado las obras del Colegio San Francisco, de C\u00e1jar - El Digital de Asturias","og:description":"La consejera de Educaci\u00f3n, Sonia Gaya, ha visitado en C\u00e1jar (Granada) el Colegio de Educaci\u00f3n Infantil y Primaria San Francisco, donde se acometen obras de ampliaci\u00f3n y consolidaci\u00f3n estructural con un presupuesto superior a los 260.000 euros y que permitir\u00e1n las retirada de sus dos aulas prefabricadas. La Consejer\u00eda tiene previsto suprimir 181 de estas","og:url":"https:\/\/www.eldigitaldeasturias.com\/noticias\/sonia-gaya-ha-visitado-las-obras-del-colegio-san-francisco-de-cajar\/","article:tag":["actualidad"],"article:published_time":"2017-08-30T22:03:07+00:00","article:modified_time":"2017-08-30T22:03:07+00:00","article:publisher":"https:\/\/facebook.com\/eldigitaldeasturias","twitter:card":"summary_large_image","twitter:title":"Sonia Gaya ha visitado las obras del Colegio San Francisco, de C\u00e1jar - El Digital de Asturias","twitter:description":"La consejera de Educaci\u00f3n, Sonia Gaya, ha visitado en C\u00e1jar (Granada) el Colegio de Educaci\u00f3n Infantil y Primaria San Francisco, donde se acometen obras de ampliaci\u00f3n y consolidaci\u00f3n estructural con un presupuesto superior a los 260.000 euros y que permitir\u00e1n las retirada de sus dos aulas prefabricadas. La Consejer\u00eda tiene previsto suprimir 181 de estas","twitter:image":"https:\/\/www.eldigitaldeasturias.com\/noticias\/wp-content\/uploads\/2020\/12\/EDA-1.jpg","twitter:label1":"Escrito por","twitter:data1":"El Digital de Asturias","twitter:label2":"Tiempo de lectura estimado","twitter:data2":"3 minutos"},"aioseo_meta_data":{"post_id":"951441","title":null,"description":null,"keywords":null,"keyphrases":null,"primary_term":null,"canonical_url":null,"og_title":null,"og_description":null,"og_object_type":"default","og_image_type":"default","og_image_url":null,"og_image_width":null,"og_image_height":null,"og_image_custom_url":null,"og_image_custom_fields":null,"og_video":null,"og_custom_url":null,"og_article_section":null,"og_article_tags":null,"twitter_use_og":false,"twitter_card":"default","twitter_image_type":"default","twitter_image_url":null,"twitter_image_custom_url":null,"twitter_image_custom_fields":null,"twitter_title":null,"twitter_description":null,"schema":{"blockGraphs":[],"customGraphs":[],"default":{"data":{"Article":[],"Course":[],"Dataset":[],"FAQPage":[],"Movie":[],"Person":[],"Product":[],"ProductReview":[],"Car":[],"Recipe":[],"Service":[],"SoftwareApplication":[],"WebPage":[]},"graphName":"","isEnabled":true},"graphs":[],"defaultGraph":"","defaultPostTypeGraph":""},"schema_type":null,"schema_type_options":null,"pillar_content":false,"robots_default":true,"robots_noindex":false,"robots_noarchive":false,"robots_nosnippet":false,"robots_nofollow":false,"robots_noimageindex":false,"robots_noodp":false,"robots_notranslate":false,"robots_max_snippet":null,"robots_max_videopreview":null,"robots_max_imagepreview":"large","priority":null,"frequency":null,"local_seo":null,"seo_analyzer_scan_date":"2025-12-05 19:14:11","breadcrumb_settings":null,"limit_modified_date":false,"open_ai":null,"ai":null,"created":"2020-12-21 12:58:13","updated":"2025-12-05 19:14:11","focus_keyword":null,"additional_keywords":null,"truseo_locale":null},"aioseo_breadcrumb":"<div class=\"aioseo-breadcrumbs\"><span class=\"aioseo-breadcrumb\">\n\t<a href=\"https:\/\/www.eldigitaldeasturias.com\/noticias\" title=\"Home\">Home<\/a>\n<\/span><span class=\"aioseo-breadcrumb-separator\">\u2013<\/span><span class=\"aioseo-breadcrumb\">\n\t<a href=\"https:\/\/www.eldigitaldeasturias.com\/noticias\/category\/actualidad\/\" title=\"Actualidad\">Actualidad<\/a>\n<\/span><span class=\"aioseo-breadcrumb-separator\">\u2013<\/span><span class=\"aioseo-breadcrumb\">\n\t<a href=\"https:\/\/www.eldigitaldeasturias.com\/noticias\/sonia-gaya-ha-visitado-las-obras-del-colegio-san-francisco-de-cajar\/\" title=\"Sonia Gaya ha visitado las obras del Colegio San Francisco, de C\u00e1jar\">Sonia Gaya ha visitado las obras del Colegio San Francisco, de C\u00e1jar<\/a>\n<\/span><\/div>","aioseo_breadcrumb_json":[{"label":"Home","link":"https:\/\/www.eldigitaldeasturias.com\/noticias"},{"label":"Actualidad","link":"https:\/\/www.eldigitaldeasturias.com\/noticias\/category\/actualidad\/"},{"label":"Sonia Gaya ha visitado las obras del Colegio San Francisco, de C\u00e1jar","link":"https:\/\/www.eldigitaldeasturias.com\/noticias\/sonia-gaya-ha-visitado-las-obras-del-colegio-san-francisco-de-cajar\/"}],"_links":{"self":[{"href":"https:\/\/www.eldigitaldeasturias.com\/noticias\/wp-json\/wp\/v2\/posts\/951441","targetHints":{"allow":["GET"]}}],"collection":[{"href":"https:\/\/www.eldigitaldeasturias.com\/noticias\/wp-json\/wp\/v2\/posts"}],"about":[{"href":"https:\/\/www.eldigitaldeasturias.com\/noticias\/wp-json\/wp\/v2\/types\/post"}],"author":[{"embeddable":true,"href":"https:\/\/www.eldigitaldeasturias.com\/noticias\/wp-json\/wp\/v2\/users\/1"}],"replies":[{"embeddable":true,"href":"https:\/\/www.eldigitaldeasturias.com\/noticias\/wp-json\/wp\/v2\/comments?post=951441"}],"version-history":[{"count":0,"href":"https:\/\/www.eldigitaldeasturias.com\/noticias\/wp-json\/wp\/v2\/posts\/951441\/revisions"}],"wp:attachment":[{"href":"https:\/\/www.eldigitaldeasturias.com\/noticias\/wp-json\/wp\/v2\/media?parent=951441"}],"wp:term":[{"taxonomy":"category","embeddable":true,"href":"https:\/\/www.eldigitaldeasturias.com\/noticias\/wp-json\/wp\/v2\/categories?post=951441"},{"taxonomy":"post_tag","embeddable":true,"href":"https:\/\/www.eldigitaldeasturias.com\/noticias\/wp-json\/wp\/v2\/tags?post=951441"}],"curies":[{"name":"wp","href":"https:\/\/api.w.org\/{rel}","templated":true}]}}