{"id":951438,"date":"2017-08-30T22:01:03","date_gmt":"2017-08-30T22:01:03","guid":{"rendered":"http:\/\/www.eldigitaldeasturias.com\/noticias\/?p=951438"},"modified":"2017-08-30T22:01:03","modified_gmt":"2017-08-30T22:01:03","slug":"andalucia-destinara-mas-de-392-millones-para-proyectos-de-interes-social","status":"publish","type":"post","link":"https:\/\/www.eldigitaldeasturias.com\/noticias\/andalucia-destinara-mas-de-392-millones-para-proyectos-de-interes-social\/","title":{"rendered":"Andaluc\u00eda destinar\u00e1 m\u00e1s de 39,2 millones para proyectos de inter\u00e9s social"},"content":{"rendered":"<p><img loading=\"lazy\" decoding=\"async\" class=\"alignleft size-full wp-image-951439\" src=\"https:\/\/www.eldigitaldeasturias.com\/noticias\/wp-content\/uploads\/2017\/08\/1504088981910.jpg\" alt=\"\" width=\"312\" height=\"186\" \/>Andaluc\u00eda destinar\u00e1 m\u00e1s de 39,2 millones de euros a subvenciones dirigidas a la financiaci\u00f3n de proyectos de entidades del Tercer Sector para personas y colectivos en situaciones de necesidad, ha informado en Sevilla la consejera de Igualdad y Pol\u00edticas Sociales, Mar\u00eda Jos\u00e9 S\u00e1nchez Rubio. \u00c9sta es la primera vez que Andaluc\u00eda regula estos apoyos p\u00fablicos con cargo a la asignaci\u00f3n tributaria del 0,7% del IRPF, ya que hasta 2016 las ayudas eran gestionadas por la Administraci\u00f3n General del Estado.<\/p>\n<p>S\u00e1nchez Rubio ha subrayado la \u00abimportancia y conveniencia de que seamos las propias comunidades aut\u00f3nomas las que distribuyamos estas subvenciones\u00bb, que beneficiar\u00e1n a m\u00e1s de un mill\u00f3n de andaluces a trav\u00e9s de casi medio millar de proyectos a cargo de m\u00e1s de medio centenar de entidades sociales del denominado Tercer Sector. Colectivos vulnerables y en riesgo de exclusi\u00f3n como la infancia, los mayores, las personas con discapacidad y con problemas de adicciones, la poblaci\u00f3n que ha estado privada de libertad y la comunidad gitana, son los principales destinatarios de estas ayudas.<\/p>\n<p>La consejera ha recalcado la importancia de las subvenciones teniendo en cuenta sus destinatarios finales, que son los sectores de la poblaci\u00f3n andaluza menos favorecidos y que requieren asistencia urgente para satisfacer sus necesidades m\u00e1s b\u00e1sicas. Ha recordado que las entidades del Tercer Sector atienden a m\u00e1s de un mill\u00f3n de personas en Andaluc\u00eda y que disponen de plazo hasta el 11 de septiembre para presentar sus solicitudes, de acuerdo con las condiciones y requisitos exigidos en la convocatoria.<\/p>\n<p>En concreto, podr\u00e1n acogerse a estas ayudas las entidades privadas sin \u00e1nimo de lucro que act\u00faen en Andaluc\u00eda y est\u00e9n inscritas en el Registro de Entidades, Servicios y Centros de Servicios Sociales o en el Registro Andaluz de Voluntariado, seg\u00fan corresponda. Las bases reguladoras establecen asimismo la posibilidad de anticipar a las entidades el cien por cien del importe de la subvenci\u00f3n, siempre que el mismo no supere los 6.050 euros.<\/p>\n<p>En la convocatoria de este a\u00f1o se prev\u00e9, con car\u00e1cter excepcional, la posibilidad de compatibilizar estas subvenciones con otras de la Consejer\u00eda de Igualdad y Pol\u00edticas Sociales. S\u00e1nchez Rubio ha aclarado que esto es as\u00ed debido a que hay proyectos que se cofinanciaban a trav\u00e9s de la asignaci\u00f3n del 0,7% y de otras l\u00edneas de la consejer\u00eda, unos fondos que en ambos casos ahora gestiona la Junta.<\/p>\n","protected":false},"excerpt":{"rendered":"<p>Andaluc\u00eda destinar\u00e1 m\u00e1s de 39,2 millones de euros a subvenciones dirigidas a la financiaci\u00f3n de proyectos de entidades del Tercer Sector para personas y colectivos en situaciones de necesidad, ha informado en Sevilla la consejera de Igualdad y Pol\u00edticas Sociales, Mar\u00eda Jos\u00e9 S\u00e1nchez Rubio. \u00c9sta es la primera vez que Andaluc\u00eda regula estos apoyos p\u00fablicos [&hellip;]<\/p>\n","protected":false},"author":1,"featured_media":951439,"comment_status":"closed","ping_status":"closed","sticky":false,"template":"","format":"standard","meta":{"footnotes":""},"categories":[1],"tags":[],"class_list":["post-951438","post","type-post","status-publish","format-standard","has-post-thumbnail","hentry","category-actualidad"],"aioseo_notices":[],"aioseo_head":"\n\t\t<!-- All in One SEO Pro 5.0.1 - aioseo.com -->\n\t<meta name=\"description\" content=\"Andaluc\u00eda destinar\u00e1 m\u00e1s de 39,2 millones de euros a subvenciones dirigidas a la financiaci\u00f3n de proyectos de entidades del Tercer Sector para personas y colectivos en situaciones de necesidad, ha informado en Sevilla la consejera de Igualdad y Pol\u00edticas Sociales, Mar\u00eda Jos\u00e9 S\u00e1nchez Rubio. \u00c9sta es la primera vez que Andaluc\u00eda regula estos apoyos p\u00fablicos\" \/>\n\t<meta name=\"robots\" content=\"max-image-preview:large\" \/>\n\t<meta name=\"author\" content=\"El Digital de Asturias\"\/>\n\t<meta name=\"google-site-verification\" content=\"UA-38556648-1\" \/>\n\t<meta name=\"msvalidate.01\" content=\"7dfe9f3f1b24437ab69f4f2559babe99\" \/>\n\t<meta name=\"keywords\" content=\"actualidad\" \/>\n\t<link rel=\"canonical\" href=\"https:\/\/www.eldigitaldeasturias.com\/noticias\/andalucia-destinara-mas-de-392-millones-para-proyectos-de-interes-social\/\" \/>\n\t<meta name=\"generator\" content=\"All in One SEO Pro (AIOSEO) 5.0.1\" \/>\n\t\t<meta property=\"og:locale\" content=\"es_ES\" \/>\n\t\t<meta property=\"og:site_name\" content=\"El Digital de Asturias\" \/>\n\t\t<meta property=\"og:type\" content=\"article\" \/>\n\t\t<meta property=\"og:title\" content=\"Andaluc\u00eda destinar\u00e1 m\u00e1s de 39,2 millones para proyectos de inter\u00e9s social - El Digital de Asturias\" \/>\n\t\t<meta property=\"og:description\" content=\"Andaluc\u00eda destinar\u00e1 m\u00e1s de 39,2 millones de euros a subvenciones dirigidas a la financiaci\u00f3n de proyectos de entidades del Tercer Sector para personas y colectivos en situaciones de necesidad, ha informado en Sevilla la consejera de Igualdad y Pol\u00edticas Sociales, Mar\u00eda Jos\u00e9 S\u00e1nchez Rubio. \u00c9sta es la primera vez que Andaluc\u00eda regula estos apoyos p\u00fablicos\" \/>\n\t\t<meta property=\"og:url\" content=\"https:\/\/www.eldigitaldeasturias.com\/noticias\/andalucia-destinara-mas-de-392-millones-para-proyectos-de-interes-social\/\" \/>\n\t\t<meta property=\"article:tag\" content=\"actualidad\" \/>\n\t\t<meta property=\"article:published_time\" content=\"2017-08-30T22:01:03+00:00\" \/>\n\t\t<meta property=\"article:modified_time\" content=\"2017-08-30T22:01:03+00:00\" \/>\n\t\t<meta property=\"article:publisher\" content=\"https:\/\/facebook.com\/eldigitaldeasturias\" \/>\n\t\t<meta name=\"twitter:card\" content=\"summary_large_image\" \/>\n\t\t<meta name=\"twitter:title\" content=\"Andaluc\u00eda destinar\u00e1 m\u00e1s de 39,2 millones para proyectos de inter\u00e9s social - El Digital de Asturias\" \/>\n\t\t<meta name=\"twitter:description\" content=\"Andaluc\u00eda destinar\u00e1 m\u00e1s de 39,2 millones de euros a subvenciones dirigidas a la financiaci\u00f3n de proyectos de entidades del Tercer Sector para personas y colectivos en situaciones de necesidad, ha informado en Sevilla la consejera de Igualdad y Pol\u00edticas Sociales, Mar\u00eda Jos\u00e9 S\u00e1nchez Rubio. \u00c9sta es la primera vez que Andaluc\u00eda regula estos apoyos p\u00fablicos\" \/>\n\t\t<meta name=\"twitter:image\" content=\"https:\/\/www.eldigitaldeasturias.com\/noticias\/wp-content\/uploads\/2020\/12\/EDA-1.jpg\" \/>\n\t\t<meta name=\"twitter:label1\" content=\"Escrito por\" \/>\n\t\t<meta name=\"twitter:data1\" content=\"El Digital de Asturias\" \/>\n\t\t<meta name=\"twitter:label2\" content=\"Tiempo de lectura estimado\" \/>\n\t\t<meta name=\"twitter:data2\" content=\"2 minutos\" \/>\n\t\t<script type=\"application\/ld+json\" class=\"aioseo-schema\">\n\t\t\t{\"@context\":\"https:\\\/\\\/schema.org\",\"@graph\":[{\"@type\":\"BlogPosting\",\"@id\":\"https:\\\/\\\/www.eldigitaldeasturias.com\\\/noticias\\\/andalucia-destinara-mas-de-392-millones-para-proyectos-de-interes-social\\\/#blogposting\",\"name\":\"Andaluc\\u00eda destinar\\u00e1 m\\u00e1s de 39,2 millones para proyectos de inter\\u00e9s social - El Digital de Asturias\",\"headline\":\"Andaluc\\u00eda destinar\\u00e1 m\\u00e1s de 39,2 millones para proyectos de inter\\u00e9s social\",\"author\":{\"@id\":\"https:\\\/\\\/www.eldigitaldeasturias.com\\\/noticias\\\/author\\\/admin\\\/#author\"},\"publisher\":{\"@id\":\"https:\\\/\\\/www.eldigitaldeasturias.com\\\/noticias\\\/#organization\"},\"image\":{\"@type\":\"ImageObject\",\"url\":951439},\"datePublished\":\"2017-08-30T22:01:03+02:00\",\"dateModified\":\"2017-08-30T22:01:03+02:00\",\"inLanguage\":\"es-ES\",\"mainEntityOfPage\":{\"@id\":\"https:\\\/\\\/www.eldigitaldeasturias.com\\\/noticias\\\/andalucia-destinara-mas-de-392-millones-para-proyectos-de-interes-social\\\/#webpage\"},\"isPartOf\":{\"@id\":\"https:\\\/\\\/www.eldigitaldeasturias.com\\\/noticias\\\/andalucia-destinara-mas-de-392-millones-para-proyectos-de-interes-social\\\/#webpage\"},\"articleSection\":\"Actualidad\"},{\"@type\":\"BreadcrumbList\",\"@id\":\"https:\\\/\\\/www.eldigitaldeasturias.com\\\/noticias\\\/andalucia-destinara-mas-de-392-millones-para-proyectos-de-interes-social\\\/#breadcrumblist\",\"itemListElement\":[{\"@type\":\"ListItem\",\"@id\":\"https:\\\/\\\/www.eldigitaldeasturias.com\\\/noticias#listItem\",\"position\":1,\"name\":\"Home\",\"item\":\"https:\\\/\\\/www.eldigitaldeasturias.com\\\/noticias\",\"nextItem\":{\"@type\":\"ListItem\",\"@id\":\"https:\\\/\\\/www.eldigitaldeasturias.com\\\/noticias\\\/category\\\/actualidad\\\/#listItem\",\"name\":\"Actualidad\"}},{\"@type\":\"ListItem\",\"@id\":\"https:\\\/\\\/www.eldigitaldeasturias.com\\\/noticias\\\/category\\\/actualidad\\\/#listItem\",\"position\":2,\"name\":\"Actualidad\",\"item\":\"https:\\\/\\\/www.eldigitaldeasturias.com\\\/noticias\\\/category\\\/actualidad\\\/\",\"nextItem\":{\"@type\":\"ListItem\",\"@id\":\"https:\\\/\\\/www.eldigitaldeasturias.com\\\/noticias\\\/andalucia-destinara-mas-de-392-millones-para-proyectos-de-interes-social\\\/#listItem\",\"name\":\"Andaluc\\u00eda destinar\\u00e1 m\\u00e1s de 39,2 millones para proyectos de inter\\u00e9s social\"},\"previousItem\":{\"@type\":\"ListItem\",\"@id\":\"https:\\\/\\\/www.eldigitaldeasturias.com\\\/noticias#listItem\",\"name\":\"Home\"}},{\"@type\":\"ListItem\",\"@id\":\"https:\\\/\\\/www.eldigitaldeasturias.com\\\/noticias\\\/andalucia-destinara-mas-de-392-millones-para-proyectos-de-interes-social\\\/#listItem\",\"position\":3,\"name\":\"Andaluc\\u00eda destinar\\u00e1 m\\u00e1s de 39,2 millones para proyectos de inter\\u00e9s social\",\"previousItem\":{\"@type\":\"ListItem\",\"@id\":\"https:\\\/\\\/www.eldigitaldeasturias.com\\\/noticias\\\/category\\\/actualidad\\\/#listItem\",\"name\":\"Actualidad\"}}]},{\"@type\":\"Organization\",\"@id\":\"https:\\\/\\\/www.eldigitaldeasturias.com\\\/noticias\\\/#organization\",\"name\":\"El Digital de Asturias\",\"description\":\"Hemeroteca\",\"url\":\"https:\\\/\\\/www.eldigitaldeasturias.com\\\/noticias\\\/\",\"email\":\"info@eldigitaldeasturias.com\",\"telephone\":\"+34652131393\",\"logo\":{\"@type\":\"ImageObject\",\"url\":\"https:\\\/\\\/www.eldigitaldeasturias.com\\\/noticias\\\/wp-content\\\/uploads\\\/2020\\\/12\\\/EDA.jpg\",\"@id\":\"https:\\\/\\\/www.eldigitaldeasturias.com\\\/noticias\\\/andalucia-destinara-mas-de-392-millones-para-proyectos-de-interes-social\\\/#organizationLogo\"},\"image\":{\"@id\":\"https:\\\/\\\/www.eldigitaldeasturias.com\\\/noticias\\\/andalucia-destinara-mas-de-392-millones-para-proyectos-de-interes-social\\\/#organizationLogo\"},\"sameAs\":[\"https:\\\/\\\/facebook.com\\\/eldigitaldeasturias\",\"https:\\\/\\\/www.youtube.com\\\/channel\\\/UCZP-2wLEB9Rv6erhFmqVnvg\"],\"address\":{\"@id\":\"https:\\\/\\\/www.eldigitaldeasturias.com\\\/noticias\\\/#postaladdress\",\"@type\":\"PostalAddress\",\"streetAddress\":\"san antonio 4\",\"postalCode\":\"33430\",\"addressLocality\":\"Cand\\u00e1s\",\"addressRegion\":\"Asturias\",\"addressCountry\":\"ES\"}},{\"@type\":\"Person\",\"@id\":\"https:\\\/\\\/www.eldigitaldeasturias.com\\\/noticias\\\/author\\\/admin\\\/#author\",\"url\":\"https:\\\/\\\/www.eldigitaldeasturias.com\\\/noticias\\\/author\\\/admin\\\/\",\"name\":\"El Digital de Asturias\",\"image\":{\"@type\":\"ImageObject\",\"@id\":\"https:\\\/\\\/www.eldigitaldeasturias.com\\\/noticias\\\/andalucia-destinara-mas-de-392-millones-para-proyectos-de-interes-social\\\/#authorImage\",\"url\":\"https:\\\/\\\/secure.gravatar.com\\\/avatar\\\/df2aeffc32bcd13f8d26072ef8a91b623d677766deac7f97ca815868cd41bf5e?s=96&d=mm&r=g\",\"width\":96,\"height\":96,\"caption\":\"El Digital de Asturias\"}},{\"@type\":\"WebPage\",\"@id\":\"https:\\\/\\\/www.eldigitaldeasturias.com\\\/noticias\\\/andalucia-destinara-mas-de-392-millones-para-proyectos-de-interes-social\\\/#webpage\",\"url\":\"https:\\\/\\\/www.eldigitaldeasturias.com\\\/noticias\\\/andalucia-destinara-mas-de-392-millones-para-proyectos-de-interes-social\\\/\",\"name\":\"Andaluc\\u00eda destinar\\u00e1 m\\u00e1s de 39,2 millones para proyectos de inter\\u00e9s social - El Digital de Asturias\",\"description\":\"Andaluc\\u00eda destinar\\u00e1 m\\u00e1s de 39,2 millones de euros a subvenciones dirigidas a la financiaci\\u00f3n de proyectos de entidades del Tercer Sector para personas y colectivos en situaciones de necesidad, ha informado en Sevilla la consejera de Igualdad y Pol\\u00edticas Sociales, Mar\\u00eda Jos\\u00e9 S\\u00e1nchez Rubio. \\u00c9sta es la primera vez que Andaluc\\u00eda regula estos apoyos p\\u00fablicos\",\"inLanguage\":\"es-ES\",\"isPartOf\":{\"@id\":\"https:\\\/\\\/www.eldigitaldeasturias.com\\\/noticias\\\/#website\"},\"breadcrumb\":{\"@id\":\"https:\\\/\\\/www.eldigitaldeasturias.com\\\/noticias\\\/andalucia-destinara-mas-de-392-millones-para-proyectos-de-interes-social\\\/#breadcrumblist\"},\"author\":{\"@id\":\"https:\\\/\\\/www.eldigitaldeasturias.com\\\/noticias\\\/author\\\/admin\\\/#author\"},\"creator\":{\"@id\":\"https:\\\/\\\/www.eldigitaldeasturias.com\\\/noticias\\\/author\\\/admin\\\/#author\"},\"image\":{\"@type\":\"ImageObject\",\"url\":951439,\"@id\":\"https:\\\/\\\/www.eldigitaldeasturias.com\\\/noticias\\\/andalucia-destinara-mas-de-392-millones-para-proyectos-de-interes-social\\\/#mainImage\"},\"primaryImageOfPage\":{\"@id\":\"https:\\\/\\\/www.eldigitaldeasturias.com\\\/noticias\\\/andalucia-destinara-mas-de-392-millones-para-proyectos-de-interes-social\\\/#mainImage\"},\"datePublished\":\"2017-08-30T22:01:03+02:00\",\"dateModified\":\"2017-08-30T22:01:03+02:00\"},{\"@type\":\"WebSite\",\"@id\":\"https:\\\/\\\/www.eldigitaldeasturias.com\\\/noticias\\\/#website\",\"url\":\"https:\\\/\\\/www.eldigitaldeasturias.com\\\/noticias\\\/\",\"name\":\"El Digital de Asturias - Diario de actualidad y noticias\",\"alternateName\":\"El Digital de Asturias - Diario de actualidad y noticias\",\"description\":\"Hemeroteca\",\"inLanguage\":\"es-ES\",\"publisher\":{\"@id\":\"https:\\\/\\\/www.eldigitaldeasturias.com\\\/noticias\\\/#organization\"}}]}\n\t\t<\/script>\n\t\t<!-- All in One SEO Pro -->\r\n\t\t<title>Andaluc\u00eda destinar\u00e1 m\u00e1s de 39,2 millones para proyectos de inter\u00e9s social - El Digital de Asturias<\/title>\n\n","aioseo_head_json":{"title":"Andaluc\u00eda destinar\u00e1 m\u00e1s de 39,2 millones para proyectos de inter\u00e9s social - El Digital de Asturias","description":"Andaluc\u00eda destinar\u00e1 m\u00e1s de 39,2 millones de euros a subvenciones dirigidas a la financiaci\u00f3n de proyectos de entidades del Tercer Sector para personas y colectivos en situaciones de necesidad, ha informado en Sevilla la consejera de Igualdad y Pol\u00edticas Sociales, Mar\u00eda Jos\u00e9 S\u00e1nchez Rubio. \u00c9sta es la primera vez que Andaluc\u00eda regula estos apoyos p\u00fablicos","canonical_url":"https:\/\/www.eldigitaldeasturias.com\/noticias\/andalucia-destinara-mas-de-392-millones-para-proyectos-de-interes-social\/","robots":"max-image-preview:large","keywords":"actualidad","webmasterTools":{"google-site-verification":"UA-38556648-1","msvalidate.01":"7dfe9f3f1b24437ab69f4f2559babe99","miscellaneous":""},"schema":{"@context":"https:\/\/schema.org","@graph":[{"@type":"BlogPosting","@id":"https:\/\/www.eldigitaldeasturias.com\/noticias\/andalucia-destinara-mas-de-392-millones-para-proyectos-de-interes-social\/#blogposting","name":"Andaluc\u00eda destinar\u00e1 m\u00e1s de 39,2 millones para proyectos de inter\u00e9s social - El Digital de Asturias","headline":"Andaluc\u00eda destinar\u00e1 m\u00e1s de 39,2 millones para proyectos de inter\u00e9s social","author":{"@id":"https:\/\/www.eldigitaldeasturias.com\/noticias\/author\/admin\/#author"},"publisher":{"@id":"https:\/\/www.eldigitaldeasturias.com\/noticias\/#organization"},"image":{"@type":"ImageObject","url":951439},"datePublished":"2017-08-30T22:01:03+02:00","dateModified":"2017-08-30T22:01:03+02:00","inLanguage":"es-ES","mainEntityOfPage":{"@id":"https:\/\/www.eldigitaldeasturias.com\/noticias\/andalucia-destinara-mas-de-392-millones-para-proyectos-de-interes-social\/#webpage"},"isPartOf":{"@id":"https:\/\/www.eldigitaldeasturias.com\/noticias\/andalucia-destinara-mas-de-392-millones-para-proyectos-de-interes-social\/#webpage"},"articleSection":"Actualidad"},{"@type":"BreadcrumbList","@id":"https:\/\/www.eldigitaldeasturias.com\/noticias\/andalucia-destinara-mas-de-392-millones-para-proyectos-de-interes-social\/#breadcrumblist","itemListElement":[{"@type":"ListItem","@id":"https:\/\/www.eldigitaldeasturias.com\/noticias#listItem","position":1,"name":"Home","item":"https:\/\/www.eldigitaldeasturias.com\/noticias","nextItem":{"@type":"ListItem","@id":"https:\/\/www.eldigitaldeasturias.com\/noticias\/category\/actualidad\/#listItem","name":"Actualidad"}},{"@type":"ListItem","@id":"https:\/\/www.eldigitaldeasturias.com\/noticias\/category\/actualidad\/#listItem","position":2,"name":"Actualidad","item":"https:\/\/www.eldigitaldeasturias.com\/noticias\/category\/actualidad\/","nextItem":{"@type":"ListItem","@id":"https:\/\/www.eldigitaldeasturias.com\/noticias\/andalucia-destinara-mas-de-392-millones-para-proyectos-de-interes-social\/#listItem","name":"Andaluc\u00eda destinar\u00e1 m\u00e1s de 39,2 millones para proyectos de inter\u00e9s social"},"previousItem":{"@type":"ListItem","@id":"https:\/\/www.eldigitaldeasturias.com\/noticias#listItem","name":"Home"}},{"@type":"ListItem","@id":"https:\/\/www.eldigitaldeasturias.com\/noticias\/andalucia-destinara-mas-de-392-millones-para-proyectos-de-interes-social\/#listItem","position":3,"name":"Andaluc\u00eda destinar\u00e1 m\u00e1s de 39,2 millones para proyectos de inter\u00e9s social","previousItem":{"@type":"ListItem","@id":"https:\/\/www.eldigitaldeasturias.com\/noticias\/category\/actualidad\/#listItem","name":"Actualidad"}}]},{"@type":"Organization","@id":"https:\/\/www.eldigitaldeasturias.com\/noticias\/#organization","name":"El Digital de Asturias","description":"Hemeroteca","url":"https:\/\/www.eldigitaldeasturias.com\/noticias\/","email":"info@eldigitaldeasturias.com","telephone":"+34652131393","logo":{"@type":"ImageObject","url":"https:\/\/www.eldigitaldeasturias.com\/noticias\/wp-content\/uploads\/2020\/12\/EDA.jpg","@id":"https:\/\/www.eldigitaldeasturias.com\/noticias\/andalucia-destinara-mas-de-392-millones-para-proyectos-de-interes-social\/#organizationLogo"},"image":{"@id":"https:\/\/www.eldigitaldeasturias.com\/noticias\/andalucia-destinara-mas-de-392-millones-para-proyectos-de-interes-social\/#organizationLogo"},"sameAs":["https:\/\/facebook.com\/eldigitaldeasturias","https:\/\/www.youtube.com\/channel\/UCZP-2wLEB9Rv6erhFmqVnvg"],"address":{"@id":"https:\/\/www.eldigitaldeasturias.com\/noticias\/#postaladdress","@type":"PostalAddress","streetAddress":"san antonio 4","postalCode":"33430","addressLocality":"Cand\u00e1s","addressRegion":"Asturias","addressCountry":"ES"}},{"@type":"Person","@id":"https:\/\/www.eldigitaldeasturias.com\/noticias\/author\/admin\/#author","url":"https:\/\/www.eldigitaldeasturias.com\/noticias\/author\/admin\/","name":"El Digital de Asturias","image":{"@type":"ImageObject","@id":"https:\/\/www.eldigitaldeasturias.com\/noticias\/andalucia-destinara-mas-de-392-millones-para-proyectos-de-interes-social\/#authorImage","url":"https:\/\/secure.gravatar.com\/avatar\/df2aeffc32bcd13f8d26072ef8a91b623d677766deac7f97ca815868cd41bf5e?s=96&d=mm&r=g","width":96,"height":96,"caption":"El Digital de Asturias"}},{"@type":"WebPage","@id":"https:\/\/www.eldigitaldeasturias.com\/noticias\/andalucia-destinara-mas-de-392-millones-para-proyectos-de-interes-social\/#webpage","url":"https:\/\/www.eldigitaldeasturias.com\/noticias\/andalucia-destinara-mas-de-392-millones-para-proyectos-de-interes-social\/","name":"Andaluc\u00eda destinar\u00e1 m\u00e1s de 39,2 millones para proyectos de inter\u00e9s social - El Digital de Asturias","description":"Andaluc\u00eda destinar\u00e1 m\u00e1s de 39,2 millones de euros a subvenciones dirigidas a la financiaci\u00f3n de proyectos de entidades del Tercer Sector para personas y colectivos en situaciones de necesidad, ha informado en Sevilla la consejera de Igualdad y Pol\u00edticas Sociales, Mar\u00eda Jos\u00e9 S\u00e1nchez Rubio. \u00c9sta es la primera vez que Andaluc\u00eda regula estos apoyos p\u00fablicos","inLanguage":"es-ES","isPartOf":{"@id":"https:\/\/www.eldigitaldeasturias.com\/noticias\/#website"},"breadcrumb":{"@id":"https:\/\/www.eldigitaldeasturias.com\/noticias\/andalucia-destinara-mas-de-392-millones-para-proyectos-de-interes-social\/#breadcrumblist"},"author":{"@id":"https:\/\/www.eldigitaldeasturias.com\/noticias\/author\/admin\/#author"},"creator":{"@id":"https:\/\/www.eldigitaldeasturias.com\/noticias\/author\/admin\/#author"},"image":{"@type":"ImageObject","url":951439,"@id":"https:\/\/www.eldigitaldeasturias.com\/noticias\/andalucia-destinara-mas-de-392-millones-para-proyectos-de-interes-social\/#mainImage"},"primaryImageOfPage":{"@id":"https:\/\/www.eldigitaldeasturias.com\/noticias\/andalucia-destinara-mas-de-392-millones-para-proyectos-de-interes-social\/#mainImage"},"datePublished":"2017-08-30T22:01:03+02:00","dateModified":"2017-08-30T22:01:03+02:00"},{"@type":"WebSite","@id":"https:\/\/www.eldigitaldeasturias.com\/noticias\/#website","url":"https:\/\/www.eldigitaldeasturias.com\/noticias\/","name":"El Digital de Asturias - Diario de actualidad y noticias","alternateName":"El Digital de Asturias - Diario de actualidad y noticias","description":"Hemeroteca","inLanguage":"es-ES","publisher":{"@id":"https:\/\/www.eldigitaldeasturias.com\/noticias\/#organization"}}]},"og:locale":"es_ES","og:site_name":"El Digital de Asturias","og:type":"article","og:title":"Andaluc\u00eda destinar\u00e1 m\u00e1s de 39,2 millones para proyectos de inter\u00e9s social - El Digital de Asturias","og:description":"Andaluc\u00eda destinar\u00e1 m\u00e1s de 39,2 millones de euros a subvenciones dirigidas a la financiaci\u00f3n de proyectos de entidades del Tercer Sector para personas y colectivos en situaciones de necesidad, ha informado en Sevilla la consejera de Igualdad y Pol\u00edticas Sociales, Mar\u00eda Jos\u00e9 S\u00e1nchez Rubio. \u00c9sta es la primera vez que Andaluc\u00eda regula estos apoyos p\u00fablicos","og:url":"https:\/\/www.eldigitaldeasturias.com\/noticias\/andalucia-destinara-mas-de-392-millones-para-proyectos-de-interes-social\/","article:tag":["actualidad"],"article:published_time":"2017-08-30T22:01:03+00:00","article:modified_time":"2017-08-30T22:01:03+00:00","article:publisher":"https:\/\/facebook.com\/eldigitaldeasturias","twitter:card":"summary_large_image","twitter:title":"Andaluc\u00eda destinar\u00e1 m\u00e1s de 39,2 millones para proyectos de inter\u00e9s social - El Digital de Asturias","twitter:description":"Andaluc\u00eda destinar\u00e1 m\u00e1s de 39,2 millones de euros a subvenciones dirigidas a la financiaci\u00f3n de proyectos de entidades del Tercer Sector para personas y colectivos en situaciones de necesidad, ha informado en Sevilla la consejera de Igualdad y Pol\u00edticas Sociales, Mar\u00eda Jos\u00e9 S\u00e1nchez Rubio. \u00c9sta es la primera vez que Andaluc\u00eda regula estos apoyos p\u00fablicos","twitter:image":"https:\/\/www.eldigitaldeasturias.com\/noticias\/wp-content\/uploads\/2020\/12\/EDA-1.jpg","twitter:label1":"Escrito por","twitter:data1":"El Digital de Asturias","twitter:label2":"Tiempo de lectura estimado","twitter:data2":"2 minutos"},"aioseo_meta_data":{"post_id":"951438","title":null,"description":null,"keywords":null,"keyphrases":null,"primary_term":null,"canonical_url":null,"og_title":null,"og_description":null,"og_object_type":"default","og_image_type":"default","og_image_url":null,"og_image_width":null,"og_image_height":null,"og_image_custom_url":null,"og_image_custom_fields":null,"og_video":null,"og_custom_url":null,"og_article_section":null,"og_article_tags":null,"twitter_use_og":false,"twitter_card":"default","twitter_image_type":"default","twitter_image_url":null,"twitter_image_custom_url":null,"twitter_image_custom_fields":null,"twitter_title":null,"twitter_description":null,"schema":{"blockGraphs":[],"customGraphs":[],"default":{"data":{"Article":[],"Course":[],"Dataset":[],"FAQPage":[],"Movie":[],"Person":[],"Product":[],"ProductReview":[],"Car":[],"Recipe":[],"Service":[],"SoftwareApplication":[],"WebPage":[]},"graphName":"","isEnabled":true},"graphs":[],"defaultGraph":"","defaultPostTypeGraph":""},"schema_type":null,"schema_type_options":null,"pillar_content":false,"robots_default":true,"robots_noindex":false,"robots_noarchive":false,"robots_nosnippet":false,"robots_nofollow":false,"robots_noimageindex":false,"robots_noodp":false,"robots_notranslate":false,"robots_max_snippet":null,"robots_max_videopreview":null,"robots_max_imagepreview":"large","priority":null,"frequency":null,"local_seo":null,"seo_analyzer_scan_date":"2025-12-05 19:14:11","breadcrumb_settings":null,"limit_modified_date":false,"open_ai":null,"ai":null,"created":"2020-12-21 12:58:13","updated":"2025-12-05 19:14:11","focus_keyword":null,"additional_keywords":null,"truseo_locale":null},"aioseo_breadcrumb":"<div class=\"aioseo-breadcrumbs\"><span class=\"aioseo-breadcrumb\">\n\t<a href=\"https:\/\/www.eldigitaldeasturias.com\/noticias\" title=\"Home\">Home<\/a>\n<\/span><span class=\"aioseo-breadcrumb-separator\">\u2013<\/span><span class=\"aioseo-breadcrumb\">\n\t<a href=\"https:\/\/www.eldigitaldeasturias.com\/noticias\/category\/actualidad\/\" title=\"Actualidad\">Actualidad<\/a>\n<\/span><span class=\"aioseo-breadcrumb-separator\">\u2013<\/span><span class=\"aioseo-breadcrumb\">\n\t<a href=\"https:\/\/www.eldigitaldeasturias.com\/noticias\/andalucia-destinara-mas-de-392-millones-para-proyectos-de-interes-social\/\" title=\"Andaluc\u00eda destinar\u00e1 m\u00e1s de 39,2 millones para proyectos de inter\u00e9s social\">Andaluc\u00eda destinar\u00e1 m\u00e1s de 39,2 millones para proyectos de inter\u00e9s social<\/a>\n<\/span><\/div>","aioseo_breadcrumb_json":[{"label":"Home","link":"https:\/\/www.eldigitaldeasturias.com\/noticias"},{"label":"Actualidad","link":"https:\/\/www.eldigitaldeasturias.com\/noticias\/category\/actualidad\/"},{"label":"Andaluc\u00eda destinar\u00e1 m\u00e1s de 39,2 millones para proyectos de inter\u00e9s social","link":"https:\/\/www.eldigitaldeasturias.com\/noticias\/andalucia-destinara-mas-de-392-millones-para-proyectos-de-interes-social\/"}],"_links":{"self":[{"href":"https:\/\/www.eldigitaldeasturias.com\/noticias\/wp-json\/wp\/v2\/posts\/951438","targetHints":{"allow":["GET"]}}],"collection":[{"href":"https:\/\/www.eldigitaldeasturias.com\/noticias\/wp-json\/wp\/v2\/posts"}],"about":[{"href":"https:\/\/www.eldigitaldeasturias.com\/noticias\/wp-json\/wp\/v2\/types\/post"}],"author":[{"embeddable":true,"href":"https:\/\/www.eldigitaldeasturias.com\/noticias\/wp-json\/wp\/v2\/users\/1"}],"replies":[{"embeddable":true,"href":"https:\/\/www.eldigitaldeasturias.com\/noticias\/wp-json\/wp\/v2\/comments?post=951438"}],"version-history":[{"count":0,"href":"https:\/\/www.eldigitaldeasturias.com\/noticias\/wp-json\/wp\/v2\/posts\/951438\/revisions"}],"wp:attachment":[{"href":"https:\/\/www.eldigitaldeasturias.com\/noticias\/wp-json\/wp\/v2\/media?parent=951438"}],"wp:term":[{"taxonomy":"category","embeddable":true,"href":"https:\/\/www.eldigitaldeasturias.com\/noticias\/wp-json\/wp\/v2\/categories?post=951438"},{"taxonomy":"post_tag","embeddable":true,"href":"https:\/\/www.eldigitaldeasturias.com\/noticias\/wp-json\/wp\/v2\/tags?post=951438"}],"curies":[{"name":"wp","href":"https:\/\/api.w.org\/{rel}","templated":true}]}}