{"id":951436,"date":"2017-08-30T21:59:04","date_gmt":"2017-08-30T21:59:04","guid":{"rendered":"http:\/\/www.eldigitaldeasturias.com\/noticias\/?p=951436"},"modified":"2017-08-30T21:59:04","modified_gmt":"2017-08-30T21:59:04","slug":"licitadas-las-obras-de-ampliacion-del-centro-de-salud-de-san-juan-de-aznalfarache","status":"publish","type":"post","link":"https:\/\/www.eldigitaldeasturias.com\/noticias\/licitadas-las-obras-de-ampliacion-del-centro-de-salud-de-san-juan-de-aznalfarache\/","title":{"rendered":"Licitadas las obras de ampliaci\u00f3n del centro de salud de San Juan de Aznalfarache"},"content":{"rendered":"<p>El Servicio Andaluz de Salud ha licitado la ejecuci\u00f3n de las obras de ampliaci\u00f3n del centro de salud Nuestra Se\u00f1ora de la Paz en San Juan de Aznalfarache (Sevilla). El proyecto est\u00e1 cofinanciado por el Fondo Europeo de Desarrollo Regional (Feder) y la informaci\u00f3n aparece publicada en el Bolet\u00edn Oficial de la Junta de Andaluc\u00eda (BOJA).<\/p>\n<p>Las empresas interesadas tendr\u00e1n 26 d\u00edas naturales, a partir de la publicaci\u00f3n en BOJA, para presentar sus ofertas y el plazo de ejecuci\u00f3n es de 18 meses. El presupuesto de licitaci\u00f3n asciende a 2.042.475 euros. Con esta licitaci\u00f3n se pone de manifiesto el compromiso de la Administraci\u00f3n auton\u00f3mica con este proyecto, que ya fue anunciado durante la presentaci\u00f3n de los Presupuestos de la Consejer\u00eda de Salud para 2017.<\/p>\n<p>La ampliaci\u00f3n permitir\u00e1 contar con 962 metros cuadrados m\u00e1s \u00fatiles junto al centro de salud actual. El incremento en la superficie del centro sanitario permitir\u00e1 mejorar el \u00e1rea de Urgencias y ubicar nuevos espacios como cuatro consultas polivalentes, una consulta de enfermera gestora de casos, un nuevo espacio para Trabajo Social, gabinete odontol\u00f3gico, consultas de matrona y educaci\u00f3n maternal, adem\u00e1s de la ampliaci\u00f3n de la sala de Cirug\u00eda Menor y la ubicaci\u00f3n de la nueva sala de Fisioterapia y Rehabilitaci\u00f3n. Igualmente, se contar\u00e1 con mayores espacios administrativos y de log\u00edstica.<\/p>\n<p>Nuevos servicios<\/p>\n<p>Adem\u00e1s, las obras de ampliaci\u00f3n permitir\u00e1n incorporar una nueva sala de Radiolog\u00eda convencional, lo que evitar\u00e1 desplazamientos a los vecinos de San Juan de Aznalfarache para la realizaci\u00f3n de este tipo de pruebas diagn\u00f3sticas. Hasta ahora, la realizaci\u00f3n de estas pruebas radiol\u00f3gicas a los usuarios se acomet\u00edan fundamentalmente en el centro de atenci\u00f3n primaria de Mairena del Aljarafe.<\/p>\n<p>Actualmente, el centro de salud Nuestra Se\u00f1ora de la Paz cuenta con una superficie de 2.070 metros cuadrados \u00fatiles y tiene adscrita una poblaci\u00f3n de m\u00e1s de 21.500 usuarios. Anualmente, la actividad asistencial en el centro se eleva a m\u00e1s de 89.400 consultas atendidas por m\u00e9dicos de familia, m\u00e1s de 47.200 consultas de enfermer\u00eda y 19.300 consultas de pediatr\u00eda.<\/p>\n<p>&nbsp;<\/p>\n","protected":false},"excerpt":{"rendered":"<p>El Servicio Andaluz de Salud ha licitado la ejecuci\u00f3n de las obras de ampliaci\u00f3n del centro de salud Nuestra Se\u00f1ora de la Paz en San Juan de Aznalfarache (Sevilla). El proyecto est\u00e1 cofinanciado por el Fondo Europeo de Desarrollo Regional (Feder) y la informaci\u00f3n aparece publicada en el Bolet\u00edn Oficial de la Junta de Andaluc\u00eda [&hellip;]<\/p>\n","protected":false},"author":1,"featured_media":822740,"comment_status":"closed","ping_status":"closed","sticky":false,"template":"","format":"standard","meta":{"footnotes":""},"categories":[1],"tags":[],"class_list":["post-951436","post","type-post","status-publish","format-standard","has-post-thumbnail","hentry","category-actualidad"],"aioseo_notices":[],"aioseo_head":"\n\t\t<!-- All in One SEO Pro 5.0.1 - aioseo.com -->\n\t<meta name=\"description\" content=\"El Servicio Andaluz de Salud ha licitado la ejecuci\u00f3n de las obras de ampliaci\u00f3n del centro de salud Nuestra Se\u00f1ora de la Paz en San Juan de Aznalfarache (Sevilla). El proyecto est\u00e1 cofinanciado por el Fondo Europeo de Desarrollo Regional (Feder) y la informaci\u00f3n aparece publicada en el Bolet\u00edn Oficial de la Junta de Andaluc\u00eda\" \/>\n\t<meta name=\"robots\" content=\"max-image-preview:large\" \/>\n\t<meta name=\"author\" content=\"El Digital de Asturias\"\/>\n\t<meta name=\"google-site-verification\" content=\"UA-38556648-1\" \/>\n\t<meta name=\"msvalidate.01\" content=\"7dfe9f3f1b24437ab69f4f2559babe99\" \/>\n\t<meta name=\"keywords\" content=\"actualidad\" \/>\n\t<link rel=\"canonical\" href=\"https:\/\/www.eldigitaldeasturias.com\/noticias\/licitadas-las-obras-de-ampliacion-del-centro-de-salud-de-san-juan-de-aznalfarache\/\" \/>\n\t<meta name=\"generator\" content=\"All in One SEO Pro (AIOSEO) 5.0.1\" \/>\n\t\t<meta property=\"og:locale\" content=\"es_ES\" \/>\n\t\t<meta property=\"og:site_name\" content=\"El Digital de Asturias\" \/>\n\t\t<meta property=\"og:type\" content=\"article\" \/>\n\t\t<meta property=\"og:title\" content=\"Licitadas las obras de ampliaci\u00f3n del centro de salud de San Juan de Aznalfarache - El Digital de Asturias\" \/>\n\t\t<meta property=\"og:description\" content=\"El Servicio Andaluz de Salud ha licitado la ejecuci\u00f3n de las obras de ampliaci\u00f3n del centro de salud Nuestra Se\u00f1ora de la Paz en San Juan de Aznalfarache (Sevilla). El proyecto est\u00e1 cofinanciado por el Fondo Europeo de Desarrollo Regional (Feder) y la informaci\u00f3n aparece publicada en el Bolet\u00edn Oficial de la Junta de Andaluc\u00eda\" \/>\n\t\t<meta property=\"og:url\" content=\"https:\/\/www.eldigitaldeasturias.com\/noticias\/licitadas-las-obras-de-ampliacion-del-centro-de-salud-de-san-juan-de-aznalfarache\/\" \/>\n\t\t<meta property=\"article:tag\" content=\"actualidad\" \/>\n\t\t<meta property=\"article:published_time\" content=\"2017-08-30T21:59:04+00:00\" \/>\n\t\t<meta property=\"article:modified_time\" content=\"2017-08-30T21:59:04+00:00\" \/>\n\t\t<meta property=\"article:publisher\" content=\"https:\/\/facebook.com\/eldigitaldeasturias\" \/>\n\t\t<meta name=\"twitter:card\" content=\"summary_large_image\" \/>\n\t\t<meta name=\"twitter:title\" content=\"Licitadas las obras de ampliaci\u00f3n del centro de salud de San Juan de Aznalfarache - El Digital de Asturias\" \/>\n\t\t<meta name=\"twitter:description\" content=\"El Servicio Andaluz de Salud ha licitado la ejecuci\u00f3n de las obras de ampliaci\u00f3n del centro de salud Nuestra Se\u00f1ora de la Paz en San Juan de Aznalfarache (Sevilla). El proyecto est\u00e1 cofinanciado por el Fondo Europeo de Desarrollo Regional (Feder) y la informaci\u00f3n aparece publicada en el Bolet\u00edn Oficial de la Junta de Andaluc\u00eda\" \/>\n\t\t<meta name=\"twitter:image\" content=\"https:\/\/www.eldigitaldeasturias.com\/noticias\/wp-content\/uploads\/2020\/12\/EDA-1.jpg\" \/>\n\t\t<meta name=\"twitter:label1\" content=\"Escrito por\" \/>\n\t\t<meta name=\"twitter:data1\" content=\"El Digital de Asturias\" \/>\n\t\t<meta name=\"twitter:label2\" content=\"Tiempo de lectura estimado\" \/>\n\t\t<meta name=\"twitter:data2\" content=\"2 minutos\" \/>\n\t\t<script type=\"application\/ld+json\" class=\"aioseo-schema\">\n\t\t\t{\"@context\":\"https:\\\/\\\/schema.org\",\"@graph\":[{\"@type\":\"BlogPosting\",\"@id\":\"https:\\\/\\\/www.eldigitaldeasturias.com\\\/noticias\\\/licitadas-las-obras-de-ampliacion-del-centro-de-salud-de-san-juan-de-aznalfarache\\\/#blogposting\",\"name\":\"Licitadas las obras de ampliaci\\u00f3n del centro de salud de San Juan de Aznalfarache - El Digital de Asturias\",\"headline\":\"Licitadas las obras de ampliaci\\u00f3n del centro de salud de San Juan de Aznalfarache\",\"author\":{\"@id\":\"https:\\\/\\\/www.eldigitaldeasturias.com\\\/noticias\\\/author\\\/admin\\\/#author\"},\"publisher\":{\"@id\":\"https:\\\/\\\/www.eldigitaldeasturias.com\\\/noticias\\\/#organization\"},\"image\":{\"@type\":\"ImageObject\",\"url\":822740},\"datePublished\":\"2017-08-30T21:59:04+02:00\",\"dateModified\":\"2017-08-30T21:59:04+02:00\",\"inLanguage\":\"es-ES\",\"mainEntityOfPage\":{\"@id\":\"https:\\\/\\\/www.eldigitaldeasturias.com\\\/noticias\\\/licitadas-las-obras-de-ampliacion-del-centro-de-salud-de-san-juan-de-aznalfarache\\\/#webpage\"},\"isPartOf\":{\"@id\":\"https:\\\/\\\/www.eldigitaldeasturias.com\\\/noticias\\\/licitadas-las-obras-de-ampliacion-del-centro-de-salud-de-san-juan-de-aznalfarache\\\/#webpage\"},\"articleSection\":\"Actualidad\"},{\"@type\":\"BreadcrumbList\",\"@id\":\"https:\\\/\\\/www.eldigitaldeasturias.com\\\/noticias\\\/licitadas-las-obras-de-ampliacion-del-centro-de-salud-de-san-juan-de-aznalfarache\\\/#breadcrumblist\",\"itemListElement\":[{\"@type\":\"ListItem\",\"@id\":\"https:\\\/\\\/www.eldigitaldeasturias.com\\\/noticias#listItem\",\"position\":1,\"name\":\"Home\",\"item\":\"https:\\\/\\\/www.eldigitaldeasturias.com\\\/noticias\",\"nextItem\":{\"@type\":\"ListItem\",\"@id\":\"https:\\\/\\\/www.eldigitaldeasturias.com\\\/noticias\\\/category\\\/actualidad\\\/#listItem\",\"name\":\"Actualidad\"}},{\"@type\":\"ListItem\",\"@id\":\"https:\\\/\\\/www.eldigitaldeasturias.com\\\/noticias\\\/category\\\/actualidad\\\/#listItem\",\"position\":2,\"name\":\"Actualidad\",\"item\":\"https:\\\/\\\/www.eldigitaldeasturias.com\\\/noticias\\\/category\\\/actualidad\\\/\",\"nextItem\":{\"@type\":\"ListItem\",\"@id\":\"https:\\\/\\\/www.eldigitaldeasturias.com\\\/noticias\\\/licitadas-las-obras-de-ampliacion-del-centro-de-salud-de-san-juan-de-aznalfarache\\\/#listItem\",\"name\":\"Licitadas las obras de ampliaci\\u00f3n del centro de salud de San Juan de Aznalfarache\"},\"previousItem\":{\"@type\":\"ListItem\",\"@id\":\"https:\\\/\\\/www.eldigitaldeasturias.com\\\/noticias#listItem\",\"name\":\"Home\"}},{\"@type\":\"ListItem\",\"@id\":\"https:\\\/\\\/www.eldigitaldeasturias.com\\\/noticias\\\/licitadas-las-obras-de-ampliacion-del-centro-de-salud-de-san-juan-de-aznalfarache\\\/#listItem\",\"position\":3,\"name\":\"Licitadas las obras de ampliaci\\u00f3n del centro de salud de San Juan de Aznalfarache\",\"previousItem\":{\"@type\":\"ListItem\",\"@id\":\"https:\\\/\\\/www.eldigitaldeasturias.com\\\/noticias\\\/category\\\/actualidad\\\/#listItem\",\"name\":\"Actualidad\"}}]},{\"@type\":\"Organization\",\"@id\":\"https:\\\/\\\/www.eldigitaldeasturias.com\\\/noticias\\\/#organization\",\"name\":\"El Digital de Asturias\",\"description\":\"Hemeroteca\",\"url\":\"https:\\\/\\\/www.eldigitaldeasturias.com\\\/noticias\\\/\",\"email\":\"info@eldigitaldeasturias.com\",\"telephone\":\"+34652131393\",\"logo\":{\"@type\":\"ImageObject\",\"url\":\"https:\\\/\\\/www.eldigitaldeasturias.com\\\/noticias\\\/wp-content\\\/uploads\\\/2020\\\/12\\\/EDA.jpg\",\"@id\":\"https:\\\/\\\/www.eldigitaldeasturias.com\\\/noticias\\\/licitadas-las-obras-de-ampliacion-del-centro-de-salud-de-san-juan-de-aznalfarache\\\/#organizationLogo\"},\"image\":{\"@id\":\"https:\\\/\\\/www.eldigitaldeasturias.com\\\/noticias\\\/licitadas-las-obras-de-ampliacion-del-centro-de-salud-de-san-juan-de-aznalfarache\\\/#organizationLogo\"},\"sameAs\":[\"https:\\\/\\\/facebook.com\\\/eldigitaldeasturias\",\"https:\\\/\\\/www.youtube.com\\\/channel\\\/UCZP-2wLEB9Rv6erhFmqVnvg\"],\"address\":{\"@id\":\"https:\\\/\\\/www.eldigitaldeasturias.com\\\/noticias\\\/#postaladdress\",\"@type\":\"PostalAddress\",\"streetAddress\":\"san antonio 4\",\"postalCode\":\"33430\",\"addressLocality\":\"Cand\\u00e1s\",\"addressRegion\":\"Asturias\",\"addressCountry\":\"ES\"}},{\"@type\":\"Person\",\"@id\":\"https:\\\/\\\/www.eldigitaldeasturias.com\\\/noticias\\\/author\\\/admin\\\/#author\",\"url\":\"https:\\\/\\\/www.eldigitaldeasturias.com\\\/noticias\\\/author\\\/admin\\\/\",\"name\":\"El Digital de Asturias\",\"image\":{\"@type\":\"ImageObject\",\"@id\":\"https:\\\/\\\/www.eldigitaldeasturias.com\\\/noticias\\\/licitadas-las-obras-de-ampliacion-del-centro-de-salud-de-san-juan-de-aznalfarache\\\/#authorImage\",\"url\":\"https:\\\/\\\/secure.gravatar.com\\\/avatar\\\/df2aeffc32bcd13f8d26072ef8a91b623d677766deac7f97ca815868cd41bf5e?s=96&d=mm&r=g\",\"width\":96,\"height\":96,\"caption\":\"El Digital de Asturias\"}},{\"@type\":\"WebPage\",\"@id\":\"https:\\\/\\\/www.eldigitaldeasturias.com\\\/noticias\\\/licitadas-las-obras-de-ampliacion-del-centro-de-salud-de-san-juan-de-aznalfarache\\\/#webpage\",\"url\":\"https:\\\/\\\/www.eldigitaldeasturias.com\\\/noticias\\\/licitadas-las-obras-de-ampliacion-del-centro-de-salud-de-san-juan-de-aznalfarache\\\/\",\"name\":\"Licitadas las obras de ampliaci\\u00f3n del centro de salud de San Juan de Aznalfarache - El Digital de Asturias\",\"description\":\"El Servicio Andaluz de Salud ha licitado la ejecuci\\u00f3n de las obras de ampliaci\\u00f3n del centro de salud Nuestra Se\\u00f1ora de la Paz en San Juan de Aznalfarache (Sevilla). El proyecto est\\u00e1 cofinanciado por el Fondo Europeo de Desarrollo Regional (Feder) y la informaci\\u00f3n aparece publicada en el Bolet\\u00edn Oficial de la Junta de Andaluc\\u00eda\",\"inLanguage\":\"es-ES\",\"isPartOf\":{\"@id\":\"https:\\\/\\\/www.eldigitaldeasturias.com\\\/noticias\\\/#website\"},\"breadcrumb\":{\"@id\":\"https:\\\/\\\/www.eldigitaldeasturias.com\\\/noticias\\\/licitadas-las-obras-de-ampliacion-del-centro-de-salud-de-san-juan-de-aznalfarache\\\/#breadcrumblist\"},\"author\":{\"@id\":\"https:\\\/\\\/www.eldigitaldeasturias.com\\\/noticias\\\/author\\\/admin\\\/#author\"},\"creator\":{\"@id\":\"https:\\\/\\\/www.eldigitaldeasturias.com\\\/noticias\\\/author\\\/admin\\\/#author\"},\"image\":{\"@type\":\"ImageObject\",\"url\":822740,\"@id\":\"https:\\\/\\\/www.eldigitaldeasturias.com\\\/noticias\\\/licitadas-las-obras-de-ampliacion-del-centro-de-salud-de-san-juan-de-aznalfarache\\\/#mainImage\"},\"primaryImageOfPage\":{\"@id\":\"https:\\\/\\\/www.eldigitaldeasturias.com\\\/noticias\\\/licitadas-las-obras-de-ampliacion-del-centro-de-salud-de-san-juan-de-aznalfarache\\\/#mainImage\"},\"datePublished\":\"2017-08-30T21:59:04+02:00\",\"dateModified\":\"2017-08-30T21:59:04+02:00\"},{\"@type\":\"WebSite\",\"@id\":\"https:\\\/\\\/www.eldigitaldeasturias.com\\\/noticias\\\/#website\",\"url\":\"https:\\\/\\\/www.eldigitaldeasturias.com\\\/noticias\\\/\",\"name\":\"El Digital de Asturias - Diario de actualidad y noticias\",\"alternateName\":\"El Digital de Asturias - Diario de actualidad y noticias\",\"description\":\"Hemeroteca\",\"inLanguage\":\"es-ES\",\"publisher\":{\"@id\":\"https:\\\/\\\/www.eldigitaldeasturias.com\\\/noticias\\\/#organization\"}}]}\n\t\t<\/script>\n\t\t<!-- All in One SEO Pro -->\r\n\t\t<title>Licitadas las obras de ampliaci\u00f3n del centro de salud de San Juan de Aznalfarache - El Digital de Asturias<\/title>\n\n","aioseo_head_json":{"title":"Licitadas las obras de ampliaci\u00f3n del centro de salud de San Juan de Aznalfarache - El Digital de Asturias","description":"El Servicio Andaluz de Salud ha licitado la ejecuci\u00f3n de las obras de ampliaci\u00f3n del centro de salud Nuestra Se\u00f1ora de la Paz en San Juan de Aznalfarache (Sevilla). El proyecto est\u00e1 cofinanciado por el Fondo Europeo de Desarrollo Regional (Feder) y la informaci\u00f3n aparece publicada en el Bolet\u00edn Oficial de la Junta de Andaluc\u00eda","canonical_url":"https:\/\/www.eldigitaldeasturias.com\/noticias\/licitadas-las-obras-de-ampliacion-del-centro-de-salud-de-san-juan-de-aznalfarache\/","robots":"max-image-preview:large","keywords":"actualidad","webmasterTools":{"google-site-verification":"UA-38556648-1","msvalidate.01":"7dfe9f3f1b24437ab69f4f2559babe99","miscellaneous":""},"schema":{"@context":"https:\/\/schema.org","@graph":[{"@type":"BlogPosting","@id":"https:\/\/www.eldigitaldeasturias.com\/noticias\/licitadas-las-obras-de-ampliacion-del-centro-de-salud-de-san-juan-de-aznalfarache\/#blogposting","name":"Licitadas las obras de ampliaci\u00f3n del centro de salud de San Juan de Aznalfarache - El Digital de Asturias","headline":"Licitadas las obras de ampliaci\u00f3n del centro de salud de San Juan de Aznalfarache","author":{"@id":"https:\/\/www.eldigitaldeasturias.com\/noticias\/author\/admin\/#author"},"publisher":{"@id":"https:\/\/www.eldigitaldeasturias.com\/noticias\/#organization"},"image":{"@type":"ImageObject","url":822740},"datePublished":"2017-08-30T21:59:04+02:00","dateModified":"2017-08-30T21:59:04+02:00","inLanguage":"es-ES","mainEntityOfPage":{"@id":"https:\/\/www.eldigitaldeasturias.com\/noticias\/licitadas-las-obras-de-ampliacion-del-centro-de-salud-de-san-juan-de-aznalfarache\/#webpage"},"isPartOf":{"@id":"https:\/\/www.eldigitaldeasturias.com\/noticias\/licitadas-las-obras-de-ampliacion-del-centro-de-salud-de-san-juan-de-aznalfarache\/#webpage"},"articleSection":"Actualidad"},{"@type":"BreadcrumbList","@id":"https:\/\/www.eldigitaldeasturias.com\/noticias\/licitadas-las-obras-de-ampliacion-del-centro-de-salud-de-san-juan-de-aznalfarache\/#breadcrumblist","itemListElement":[{"@type":"ListItem","@id":"https:\/\/www.eldigitaldeasturias.com\/noticias#listItem","position":1,"name":"Home","item":"https:\/\/www.eldigitaldeasturias.com\/noticias","nextItem":{"@type":"ListItem","@id":"https:\/\/www.eldigitaldeasturias.com\/noticias\/category\/actualidad\/#listItem","name":"Actualidad"}},{"@type":"ListItem","@id":"https:\/\/www.eldigitaldeasturias.com\/noticias\/category\/actualidad\/#listItem","position":2,"name":"Actualidad","item":"https:\/\/www.eldigitaldeasturias.com\/noticias\/category\/actualidad\/","nextItem":{"@type":"ListItem","@id":"https:\/\/www.eldigitaldeasturias.com\/noticias\/licitadas-las-obras-de-ampliacion-del-centro-de-salud-de-san-juan-de-aznalfarache\/#listItem","name":"Licitadas las obras de ampliaci\u00f3n del centro de salud de San Juan de Aznalfarache"},"previousItem":{"@type":"ListItem","@id":"https:\/\/www.eldigitaldeasturias.com\/noticias#listItem","name":"Home"}},{"@type":"ListItem","@id":"https:\/\/www.eldigitaldeasturias.com\/noticias\/licitadas-las-obras-de-ampliacion-del-centro-de-salud-de-san-juan-de-aznalfarache\/#listItem","position":3,"name":"Licitadas las obras de ampliaci\u00f3n del centro de salud de San Juan de Aznalfarache","previousItem":{"@type":"ListItem","@id":"https:\/\/www.eldigitaldeasturias.com\/noticias\/category\/actualidad\/#listItem","name":"Actualidad"}}]},{"@type":"Organization","@id":"https:\/\/www.eldigitaldeasturias.com\/noticias\/#organization","name":"El Digital de Asturias","description":"Hemeroteca","url":"https:\/\/www.eldigitaldeasturias.com\/noticias\/","email":"info@eldigitaldeasturias.com","telephone":"+34652131393","logo":{"@type":"ImageObject","url":"https:\/\/www.eldigitaldeasturias.com\/noticias\/wp-content\/uploads\/2020\/12\/EDA.jpg","@id":"https:\/\/www.eldigitaldeasturias.com\/noticias\/licitadas-las-obras-de-ampliacion-del-centro-de-salud-de-san-juan-de-aznalfarache\/#organizationLogo"},"image":{"@id":"https:\/\/www.eldigitaldeasturias.com\/noticias\/licitadas-las-obras-de-ampliacion-del-centro-de-salud-de-san-juan-de-aznalfarache\/#organizationLogo"},"sameAs":["https:\/\/facebook.com\/eldigitaldeasturias","https:\/\/www.youtube.com\/channel\/UCZP-2wLEB9Rv6erhFmqVnvg"],"address":{"@id":"https:\/\/www.eldigitaldeasturias.com\/noticias\/#postaladdress","@type":"PostalAddress","streetAddress":"san antonio 4","postalCode":"33430","addressLocality":"Cand\u00e1s","addressRegion":"Asturias","addressCountry":"ES"}},{"@type":"Person","@id":"https:\/\/www.eldigitaldeasturias.com\/noticias\/author\/admin\/#author","url":"https:\/\/www.eldigitaldeasturias.com\/noticias\/author\/admin\/","name":"El Digital de Asturias","image":{"@type":"ImageObject","@id":"https:\/\/www.eldigitaldeasturias.com\/noticias\/licitadas-las-obras-de-ampliacion-del-centro-de-salud-de-san-juan-de-aznalfarache\/#authorImage","url":"https:\/\/secure.gravatar.com\/avatar\/df2aeffc32bcd13f8d26072ef8a91b623d677766deac7f97ca815868cd41bf5e?s=96&d=mm&r=g","width":96,"height":96,"caption":"El Digital de Asturias"}},{"@type":"WebPage","@id":"https:\/\/www.eldigitaldeasturias.com\/noticias\/licitadas-las-obras-de-ampliacion-del-centro-de-salud-de-san-juan-de-aznalfarache\/#webpage","url":"https:\/\/www.eldigitaldeasturias.com\/noticias\/licitadas-las-obras-de-ampliacion-del-centro-de-salud-de-san-juan-de-aznalfarache\/","name":"Licitadas las obras de ampliaci\u00f3n del centro de salud de San Juan de Aznalfarache - El Digital de Asturias","description":"El Servicio Andaluz de Salud ha licitado la ejecuci\u00f3n de las obras de ampliaci\u00f3n del centro de salud Nuestra Se\u00f1ora de la Paz en San Juan de Aznalfarache (Sevilla). El proyecto est\u00e1 cofinanciado por el Fondo Europeo de Desarrollo Regional (Feder) y la informaci\u00f3n aparece publicada en el Bolet\u00edn Oficial de la Junta de Andaluc\u00eda","inLanguage":"es-ES","isPartOf":{"@id":"https:\/\/www.eldigitaldeasturias.com\/noticias\/#website"},"breadcrumb":{"@id":"https:\/\/www.eldigitaldeasturias.com\/noticias\/licitadas-las-obras-de-ampliacion-del-centro-de-salud-de-san-juan-de-aznalfarache\/#breadcrumblist"},"author":{"@id":"https:\/\/www.eldigitaldeasturias.com\/noticias\/author\/admin\/#author"},"creator":{"@id":"https:\/\/www.eldigitaldeasturias.com\/noticias\/author\/admin\/#author"},"image":{"@type":"ImageObject","url":822740,"@id":"https:\/\/www.eldigitaldeasturias.com\/noticias\/licitadas-las-obras-de-ampliacion-del-centro-de-salud-de-san-juan-de-aznalfarache\/#mainImage"},"primaryImageOfPage":{"@id":"https:\/\/www.eldigitaldeasturias.com\/noticias\/licitadas-las-obras-de-ampliacion-del-centro-de-salud-de-san-juan-de-aznalfarache\/#mainImage"},"datePublished":"2017-08-30T21:59:04+02:00","dateModified":"2017-08-30T21:59:04+02:00"},{"@type":"WebSite","@id":"https:\/\/www.eldigitaldeasturias.com\/noticias\/#website","url":"https:\/\/www.eldigitaldeasturias.com\/noticias\/","name":"El Digital de Asturias - Diario de actualidad y noticias","alternateName":"El Digital de Asturias - Diario de actualidad y noticias","description":"Hemeroteca","inLanguage":"es-ES","publisher":{"@id":"https:\/\/www.eldigitaldeasturias.com\/noticias\/#organization"}}]},"og:locale":"es_ES","og:site_name":"El Digital de Asturias","og:type":"article","og:title":"Licitadas las obras de ampliaci\u00f3n del centro de salud de San Juan de Aznalfarache - El Digital de Asturias","og:description":"El Servicio Andaluz de Salud ha licitado la ejecuci\u00f3n de las obras de ampliaci\u00f3n del centro de salud Nuestra Se\u00f1ora de la Paz en San Juan de Aznalfarache (Sevilla). El proyecto est\u00e1 cofinanciado por el Fondo Europeo de Desarrollo Regional (Feder) y la informaci\u00f3n aparece publicada en el Bolet\u00edn Oficial de la Junta de Andaluc\u00eda","og:url":"https:\/\/www.eldigitaldeasturias.com\/noticias\/licitadas-las-obras-de-ampliacion-del-centro-de-salud-de-san-juan-de-aznalfarache\/","article:tag":["actualidad"],"article:published_time":"2017-08-30T21:59:04+00:00","article:modified_time":"2017-08-30T21:59:04+00:00","article:publisher":"https:\/\/facebook.com\/eldigitaldeasturias","twitter:card":"summary_large_image","twitter:title":"Licitadas las obras de ampliaci\u00f3n del centro de salud de San Juan de Aznalfarache - El Digital de Asturias","twitter:description":"El Servicio Andaluz de Salud ha licitado la ejecuci\u00f3n de las obras de ampliaci\u00f3n del centro de salud Nuestra Se\u00f1ora de la Paz en San Juan de Aznalfarache (Sevilla). El proyecto est\u00e1 cofinanciado por el Fondo Europeo de Desarrollo Regional (Feder) y la informaci\u00f3n aparece publicada en el Bolet\u00edn Oficial de la Junta de Andaluc\u00eda","twitter:image":"https:\/\/www.eldigitaldeasturias.com\/noticias\/wp-content\/uploads\/2020\/12\/EDA-1.jpg","twitter:label1":"Escrito por","twitter:data1":"El Digital de Asturias","twitter:label2":"Tiempo de lectura estimado","twitter:data2":"2 minutos"},"aioseo_meta_data":{"post_id":"951436","title":null,"description":null,"keywords":null,"keyphrases":null,"primary_term":null,"canonical_url":null,"og_title":null,"og_description":null,"og_object_type":"default","og_image_type":"default","og_image_url":null,"og_image_width":null,"og_image_height":null,"og_image_custom_url":null,"og_image_custom_fields":null,"og_video":null,"og_custom_url":null,"og_article_section":null,"og_article_tags":null,"twitter_use_og":false,"twitter_card":"default","twitter_image_type":"default","twitter_image_url":null,"twitter_image_custom_url":null,"twitter_image_custom_fields":null,"twitter_title":null,"twitter_description":null,"schema":{"blockGraphs":[],"customGraphs":[],"default":{"data":{"Article":[],"Course":[],"Dataset":[],"FAQPage":[],"Movie":[],"Person":[],"Product":[],"ProductReview":[],"Car":[],"Recipe":[],"Service":[],"SoftwareApplication":[],"WebPage":[]},"graphName":"","isEnabled":true},"graphs":[],"defaultGraph":"","defaultPostTypeGraph":""},"schema_type":null,"schema_type_options":null,"pillar_content":false,"robots_default":true,"robots_noindex":false,"robots_noarchive":false,"robots_nosnippet":false,"robots_nofollow":false,"robots_noimageindex":false,"robots_noodp":false,"robots_notranslate":false,"robots_max_snippet":null,"robots_max_videopreview":null,"robots_max_imagepreview":"large","priority":null,"frequency":null,"local_seo":null,"seo_analyzer_scan_date":"2025-12-05 19:14:10","breadcrumb_settings":null,"limit_modified_date":false,"open_ai":null,"ai":null,"created":"2020-12-21 12:58:13","updated":"2025-12-05 19:14:10","focus_keyword":null,"additional_keywords":null,"truseo_locale":null},"aioseo_breadcrumb":"<div class=\"aioseo-breadcrumbs\"><span class=\"aioseo-breadcrumb\">\n\t<a href=\"https:\/\/www.eldigitaldeasturias.com\/noticias\" title=\"Home\">Home<\/a>\n<\/span><span class=\"aioseo-breadcrumb-separator\">\u2013<\/span><span class=\"aioseo-breadcrumb\">\n\t<a href=\"https:\/\/www.eldigitaldeasturias.com\/noticias\/category\/actualidad\/\" title=\"Actualidad\">Actualidad<\/a>\n<\/span><span class=\"aioseo-breadcrumb-separator\">\u2013<\/span><span class=\"aioseo-breadcrumb\">\n\t<a href=\"https:\/\/www.eldigitaldeasturias.com\/noticias\/licitadas-las-obras-de-ampliacion-del-centro-de-salud-de-san-juan-de-aznalfarache\/\" title=\"Licitadas las obras de ampliaci\u00f3n del centro de salud de San Juan de Aznalfarache\">Licitadas las obras de ampliaci\u00f3n del centro de salud de San Juan de Aznalfarache<\/a>\n<\/span><\/div>","aioseo_breadcrumb_json":[{"label":"Home","link":"https:\/\/www.eldigitaldeasturias.com\/noticias"},{"label":"Actualidad","link":"https:\/\/www.eldigitaldeasturias.com\/noticias\/category\/actualidad\/"},{"label":"Licitadas las obras de ampliaci\u00f3n del centro de salud de San Juan de Aznalfarache","link":"https:\/\/www.eldigitaldeasturias.com\/noticias\/licitadas-las-obras-de-ampliacion-del-centro-de-salud-de-san-juan-de-aznalfarache\/"}],"_links":{"self":[{"href":"https:\/\/www.eldigitaldeasturias.com\/noticias\/wp-json\/wp\/v2\/posts\/951436","targetHints":{"allow":["GET"]}}],"collection":[{"href":"https:\/\/www.eldigitaldeasturias.com\/noticias\/wp-json\/wp\/v2\/posts"}],"about":[{"href":"https:\/\/www.eldigitaldeasturias.com\/noticias\/wp-json\/wp\/v2\/types\/post"}],"author":[{"embeddable":true,"href":"https:\/\/www.eldigitaldeasturias.com\/noticias\/wp-json\/wp\/v2\/users\/1"}],"replies":[{"embeddable":true,"href":"https:\/\/www.eldigitaldeasturias.com\/noticias\/wp-json\/wp\/v2\/comments?post=951436"}],"version-history":[{"count":0,"href":"https:\/\/www.eldigitaldeasturias.com\/noticias\/wp-json\/wp\/v2\/posts\/951436\/revisions"}],"wp:attachment":[{"href":"https:\/\/www.eldigitaldeasturias.com\/noticias\/wp-json\/wp\/v2\/media?parent=951436"}],"wp:term":[{"taxonomy":"category","embeddable":true,"href":"https:\/\/www.eldigitaldeasturias.com\/noticias\/wp-json\/wp\/v2\/categories?post=951436"},{"taxonomy":"post_tag","embeddable":true,"href":"https:\/\/www.eldigitaldeasturias.com\/noticias\/wp-json\/wp\/v2\/tags?post=951436"}],"curies":[{"name":"wp","href":"https:\/\/api.w.org\/{rel}","templated":true}]}}