{"id":951434,"date":"2017-08-30T21:58:09","date_gmt":"2017-08-30T21:58:09","guid":{"rendered":"http:\/\/www.eldigitaldeasturias.com\/noticias\/?p=951434"},"modified":"2017-08-30T21:58:09","modified_gmt":"2017-08-30T21:58:09","slug":"despliegue-de-un-dispositivo-especial-del-infoca-por-la-vuelta-ciclista-a-espana","status":"publish","type":"post","link":"https:\/\/www.eldigitaldeasturias.com\/noticias\/despliegue-de-un-dispositivo-especial-del-infoca-por-la-vuelta-ciclista-a-espana\/","title":{"rendered":"Despliegue de un dispositivo especial del Infoca por la Vuelta Ciclista a Espa\u00f1a"},"content":{"rendered":"<p>La Consejer\u00eda de Medio Ambiente y Ordenaci\u00f3n del Territorio, a trav\u00e9s del Plan Infoca, ha dise\u00f1ado un dispositivo especial con motivo del paso de la Vuelta Ciclista a Espa\u00f1a 2017 por las provincias de Almer\u00eda, Granada, M\u00e1laga, Sevilla y Ja\u00e9n los d\u00edas 30 y 31 de agosto y 1, 2 y 3 de septiembre.<\/p>\n<p>El mi\u00e9rcoles 30 de agosto, und\u00e9cima etapa de La Vuelta, los ciclistas salen desde Lorca (Murcia) para finalizar en la Sierra de Los Filabres, Almer\u00eda, concretamente en el observatorio astron\u00f3mico de Calar Alto, lugar en el que 18 bomberos forestales y dos veh\u00edculos pesados de extinci\u00f3n (4.000 l) estar\u00e1n posicionados para actuar en caso de emergencia por incendio forestal.<\/p>\n<p>En la segunda jornada por Andaluc\u00eda, la serpiente multicolor recorrer\u00e1 los 160,1 kil\u00f3metros que separan Motril (Granada) y los D\u00f3lmenes de Antequera (M\u00e1laga), trayecto que vigilar\u00e1n una veintena de bomberos forestales, cuatro agentes de Medio Ambiente, un celador forestal y personal laboral, as\u00ed como tres veh\u00edculos autobomba ubicados en el Paraje Natural Acantilados de Maro, Parque Natural de los Montes de M\u00e1laga y Paraje Natural del Torcal de Antequera. Adem\u00e1s, dos medios a\u00e9reos (un helic\u00f3ptero de transporte y extinci\u00f3n y un avi\u00f3n de carga en tierra, posicionados en Granada) estar\u00e1n en despacho autom\u00e1tico para intervenir en cualquier momento.<\/p>\n<p>Al d\u00eda siguiente, jornada decimotercera, los corredores saldr\u00e1n de Co\u00edn (M\u00e1laga) para alcanzar la meta en Tomares (Sevilla). El contingente dispuesto ser\u00e1 de 27 bomberos forestales, cuatro agentes de Medio Ambiente y tres veh\u00edculos pesados de extinci\u00f3n, colocados estrat\u00e9gicamente en Ardales y Almargen en la provincia de M\u00e1laga y, entre los t\u00e9rminos municipales de Mor\u00f3n y El Saucejo, en la provincia de Sevilla.<\/p>\n<p>El s\u00e1bado 2 de septiembre, la decimocuarta etapa transcurrir\u00e1 entre la localidad sevillana de \u00c9cija y Sierra de la Pandera, punto m\u00e1s alto de la Sierra Sur de Ja\u00e9n. Durante el desarrollo de la misma, Infoca posicionar\u00e1 siete bomberos forestales y un veh\u00edculo autobomba en las inmediaciones del municipio jienense de Castillo de Locub\u00edn.<\/p>\n<p>Finalmente, para la \u00faltima etapa en tierras andaluzas, que une Alcal\u00e1 la Real (Ja\u00e9n) con la estaci\u00f3n de esqu\u00ed de Sierra Nevada (Granada), Infoca ha dispuesto puntos de vigilancia en las inmediaciones de Alcal\u00e1 la Real, con siete bomberos forestales y un autobomba; el centro de visitantes El Dornajo, con siete bomberos forestales; El Purche (Monachil), donde se posicionar\u00e1 un veh\u00edculo pesado de extinci\u00f3n, y junto a las oficinas del Parque Nacional y Natural de Sierra Nevada, en Pinos Genil, con otro veh\u00edculo autobomba.<\/p>\n<p>En total, un centenar de profesionales, 12 veh\u00edculos pesados de extinci\u00f3n, 10 veh\u00edculos de transporte de personal y medios a\u00e9reos de las provincias por las que discurre La Vuelta participan en este operativo especial de prevenci\u00f3n y extinci\u00f3n de incendios forestales, que se ver\u00edan reforzados por el operativo regional en caso de ser necesario.<\/p>\n<p>El Infoca recuerda que hasta el 15 de octubre est\u00e1 prohibido el uso del fuego en zonas forestales o de influencia forestal de Andaluc\u00eda y el tr\u00e1nsito de veh\u00edculos a motor en estos espacios. Ante el avistamiento de fuego o actitudes negligentes o sospechosas en el monte hay que llamar inmediatamente el tel\u00e9fono de emergencias 112.<\/p>\n","protected":false},"excerpt":{"rendered":"<p>La Consejer\u00eda de Medio Ambiente y Ordenaci\u00f3n del Territorio, a trav\u00e9s del Plan Infoca, ha dise\u00f1ado un dispositivo especial con motivo del paso de la Vuelta Ciclista a Espa\u00f1a 2017 por las provincias de Almer\u00eda, Granada, M\u00e1laga, Sevilla y Ja\u00e9n los d\u00edas 30 y 31 de agosto y 1, 2 y 3 de septiembre. El [&hellip;]<\/p>\n","protected":false},"author":1,"featured_media":943770,"comment_status":"closed","ping_status":"closed","sticky":false,"template":"","format":"standard","meta":{"footnotes":""},"categories":[1],"tags":[],"class_list":["post-951434","post","type-post","status-publish","format-standard","has-post-thumbnail","hentry","category-actualidad"],"aioseo_notices":[],"aioseo_head":"\n\t\t<!-- All in One SEO Pro 5.0.1 - aioseo.com -->\n\t<meta name=\"description\" content=\"La Consejer\u00eda de Medio Ambiente y Ordenaci\u00f3n del Territorio, a trav\u00e9s del Plan Infoca, ha dise\u00f1ado un dispositivo especial con motivo del paso de la Vuelta Ciclista a Espa\u00f1a 2017 por las provincias de Almer\u00eda, Granada, M\u00e1laga, Sevilla y Ja\u00e9n los d\u00edas 30 y 31 de agosto y 1, 2 y 3 de septiembre. El\" \/>\n\t<meta name=\"robots\" content=\"max-image-preview:large\" \/>\n\t<meta name=\"author\" content=\"El Digital de Asturias\"\/>\n\t<meta name=\"google-site-verification\" content=\"UA-38556648-1\" \/>\n\t<meta name=\"msvalidate.01\" content=\"7dfe9f3f1b24437ab69f4f2559babe99\" \/>\n\t<meta name=\"keywords\" content=\"actualidad\" \/>\n\t<link rel=\"canonical\" href=\"https:\/\/www.eldigitaldeasturias.com\/noticias\/despliegue-de-un-dispositivo-especial-del-infoca-por-la-vuelta-ciclista-a-espana\/\" \/>\n\t<meta name=\"generator\" content=\"All in One SEO Pro (AIOSEO) 5.0.1\" \/>\n\t\t<meta property=\"og:locale\" content=\"es_ES\" \/>\n\t\t<meta property=\"og:site_name\" content=\"El Digital de Asturias\" \/>\n\t\t<meta property=\"og:type\" content=\"article\" \/>\n\t\t<meta property=\"og:title\" content=\"Despliegue de un dispositivo especial del Infoca por la Vuelta Ciclista a Espa\u00f1a - El Digital de Asturias\" \/>\n\t\t<meta property=\"og:description\" content=\"La Consejer\u00eda de Medio Ambiente y Ordenaci\u00f3n del Territorio, a trav\u00e9s del Plan Infoca, ha dise\u00f1ado un dispositivo especial con motivo del paso de la Vuelta Ciclista a Espa\u00f1a 2017 por las provincias de Almer\u00eda, Granada, M\u00e1laga, Sevilla y Ja\u00e9n los d\u00edas 30 y 31 de agosto y 1, 2 y 3 de septiembre. El\" \/>\n\t\t<meta property=\"og:url\" content=\"https:\/\/www.eldigitaldeasturias.com\/noticias\/despliegue-de-un-dispositivo-especial-del-infoca-por-la-vuelta-ciclista-a-espana\/\" \/>\n\t\t<meta property=\"article:tag\" content=\"actualidad\" \/>\n\t\t<meta property=\"article:published_time\" content=\"2017-08-30T21:58:09+00:00\" \/>\n\t\t<meta property=\"article:modified_time\" content=\"2017-08-30T21:58:09+00:00\" \/>\n\t\t<meta property=\"article:publisher\" content=\"https:\/\/facebook.com\/eldigitaldeasturias\" \/>\n\t\t<meta name=\"twitter:card\" content=\"summary_large_image\" \/>\n\t\t<meta name=\"twitter:title\" content=\"Despliegue de un dispositivo especial del Infoca por la Vuelta Ciclista a Espa\u00f1a - El Digital de Asturias\" \/>\n\t\t<meta name=\"twitter:description\" content=\"La Consejer\u00eda de Medio Ambiente y Ordenaci\u00f3n del Territorio, a trav\u00e9s del Plan Infoca, ha dise\u00f1ado un dispositivo especial con motivo del paso de la Vuelta Ciclista a Espa\u00f1a 2017 por las provincias de Almer\u00eda, Granada, M\u00e1laga, Sevilla y Ja\u00e9n los d\u00edas 30 y 31 de agosto y 1, 2 y 3 de septiembre. El\" \/>\n\t\t<meta name=\"twitter:image\" content=\"https:\/\/www.eldigitaldeasturias.com\/noticias\/wp-content\/uploads\/2020\/12\/EDA-1.jpg\" \/>\n\t\t<meta name=\"twitter:label1\" content=\"Escrito por\" \/>\n\t\t<meta name=\"twitter:data1\" content=\"El Digital de Asturias\" \/>\n\t\t<meta name=\"twitter:label2\" content=\"Tiempo de lectura estimado\" \/>\n\t\t<meta name=\"twitter:data2\" content=\"3 minutos\" \/>\n\t\t<script type=\"application\/ld+json\" class=\"aioseo-schema\">\n\t\t\t{\"@context\":\"https:\\\/\\\/schema.org\",\"@graph\":[{\"@type\":\"BlogPosting\",\"@id\":\"https:\\\/\\\/www.eldigitaldeasturias.com\\\/noticias\\\/despliegue-de-un-dispositivo-especial-del-infoca-por-la-vuelta-ciclista-a-espana\\\/#blogposting\",\"name\":\"Despliegue de un dispositivo especial del Infoca por la Vuelta Ciclista a Espa\\u00f1a - El Digital de Asturias\",\"headline\":\"Despliegue de un dispositivo especial del Infoca por la Vuelta Ciclista a Espa\\u00f1a\",\"author\":{\"@id\":\"https:\\\/\\\/www.eldigitaldeasturias.com\\\/noticias\\\/author\\\/admin\\\/#author\"},\"publisher\":{\"@id\":\"https:\\\/\\\/www.eldigitaldeasturias.com\\\/noticias\\\/#organization\"},\"image\":{\"@type\":\"ImageObject\",\"url\":943770},\"datePublished\":\"2017-08-30T21:58:09+02:00\",\"dateModified\":\"2017-08-30T21:58:09+02:00\",\"inLanguage\":\"es-ES\",\"mainEntityOfPage\":{\"@id\":\"https:\\\/\\\/www.eldigitaldeasturias.com\\\/noticias\\\/despliegue-de-un-dispositivo-especial-del-infoca-por-la-vuelta-ciclista-a-espana\\\/#webpage\"},\"isPartOf\":{\"@id\":\"https:\\\/\\\/www.eldigitaldeasturias.com\\\/noticias\\\/despliegue-de-un-dispositivo-especial-del-infoca-por-la-vuelta-ciclista-a-espana\\\/#webpage\"},\"articleSection\":\"Actualidad\"},{\"@type\":\"BreadcrumbList\",\"@id\":\"https:\\\/\\\/www.eldigitaldeasturias.com\\\/noticias\\\/despliegue-de-un-dispositivo-especial-del-infoca-por-la-vuelta-ciclista-a-espana\\\/#breadcrumblist\",\"itemListElement\":[{\"@type\":\"ListItem\",\"@id\":\"https:\\\/\\\/www.eldigitaldeasturias.com\\\/noticias#listItem\",\"position\":1,\"name\":\"Home\",\"item\":\"https:\\\/\\\/www.eldigitaldeasturias.com\\\/noticias\",\"nextItem\":{\"@type\":\"ListItem\",\"@id\":\"https:\\\/\\\/www.eldigitaldeasturias.com\\\/noticias\\\/category\\\/actualidad\\\/#listItem\",\"name\":\"Actualidad\"}},{\"@type\":\"ListItem\",\"@id\":\"https:\\\/\\\/www.eldigitaldeasturias.com\\\/noticias\\\/category\\\/actualidad\\\/#listItem\",\"position\":2,\"name\":\"Actualidad\",\"item\":\"https:\\\/\\\/www.eldigitaldeasturias.com\\\/noticias\\\/category\\\/actualidad\\\/\",\"nextItem\":{\"@type\":\"ListItem\",\"@id\":\"https:\\\/\\\/www.eldigitaldeasturias.com\\\/noticias\\\/despliegue-de-un-dispositivo-especial-del-infoca-por-la-vuelta-ciclista-a-espana\\\/#listItem\",\"name\":\"Despliegue de un dispositivo especial del Infoca por la Vuelta Ciclista a Espa\\u00f1a\"},\"previousItem\":{\"@type\":\"ListItem\",\"@id\":\"https:\\\/\\\/www.eldigitaldeasturias.com\\\/noticias#listItem\",\"name\":\"Home\"}},{\"@type\":\"ListItem\",\"@id\":\"https:\\\/\\\/www.eldigitaldeasturias.com\\\/noticias\\\/despliegue-de-un-dispositivo-especial-del-infoca-por-la-vuelta-ciclista-a-espana\\\/#listItem\",\"position\":3,\"name\":\"Despliegue de un dispositivo especial del Infoca por la Vuelta Ciclista a Espa\\u00f1a\",\"previousItem\":{\"@type\":\"ListItem\",\"@id\":\"https:\\\/\\\/www.eldigitaldeasturias.com\\\/noticias\\\/category\\\/actualidad\\\/#listItem\",\"name\":\"Actualidad\"}}]},{\"@type\":\"Organization\",\"@id\":\"https:\\\/\\\/www.eldigitaldeasturias.com\\\/noticias\\\/#organization\",\"name\":\"El Digital de Asturias\",\"description\":\"Hemeroteca\",\"url\":\"https:\\\/\\\/www.eldigitaldeasturias.com\\\/noticias\\\/\",\"email\":\"info@eldigitaldeasturias.com\",\"telephone\":\"+34652131393\",\"logo\":{\"@type\":\"ImageObject\",\"url\":\"https:\\\/\\\/www.eldigitaldeasturias.com\\\/noticias\\\/wp-content\\\/uploads\\\/2020\\\/12\\\/EDA.jpg\",\"@id\":\"https:\\\/\\\/www.eldigitaldeasturias.com\\\/noticias\\\/despliegue-de-un-dispositivo-especial-del-infoca-por-la-vuelta-ciclista-a-espana\\\/#organizationLogo\"},\"image\":{\"@id\":\"https:\\\/\\\/www.eldigitaldeasturias.com\\\/noticias\\\/despliegue-de-un-dispositivo-especial-del-infoca-por-la-vuelta-ciclista-a-espana\\\/#organizationLogo\"},\"sameAs\":[\"https:\\\/\\\/facebook.com\\\/eldigitaldeasturias\",\"https:\\\/\\\/www.youtube.com\\\/channel\\\/UCZP-2wLEB9Rv6erhFmqVnvg\"],\"address\":{\"@id\":\"https:\\\/\\\/www.eldigitaldeasturias.com\\\/noticias\\\/#postaladdress\",\"@type\":\"PostalAddress\",\"streetAddress\":\"san antonio 4\",\"postalCode\":\"33430\",\"addressLocality\":\"Cand\\u00e1s\",\"addressRegion\":\"Asturias\",\"addressCountry\":\"ES\"}},{\"@type\":\"Person\",\"@id\":\"https:\\\/\\\/www.eldigitaldeasturias.com\\\/noticias\\\/author\\\/admin\\\/#author\",\"url\":\"https:\\\/\\\/www.eldigitaldeasturias.com\\\/noticias\\\/author\\\/admin\\\/\",\"name\":\"El Digital de Asturias\",\"image\":{\"@type\":\"ImageObject\",\"@id\":\"https:\\\/\\\/www.eldigitaldeasturias.com\\\/noticias\\\/despliegue-de-un-dispositivo-especial-del-infoca-por-la-vuelta-ciclista-a-espana\\\/#authorImage\",\"url\":\"https:\\\/\\\/secure.gravatar.com\\\/avatar\\\/df2aeffc32bcd13f8d26072ef8a91b623d677766deac7f97ca815868cd41bf5e?s=96&d=mm&r=g\",\"width\":96,\"height\":96,\"caption\":\"El Digital de Asturias\"}},{\"@type\":\"WebPage\",\"@id\":\"https:\\\/\\\/www.eldigitaldeasturias.com\\\/noticias\\\/despliegue-de-un-dispositivo-especial-del-infoca-por-la-vuelta-ciclista-a-espana\\\/#webpage\",\"url\":\"https:\\\/\\\/www.eldigitaldeasturias.com\\\/noticias\\\/despliegue-de-un-dispositivo-especial-del-infoca-por-la-vuelta-ciclista-a-espana\\\/\",\"name\":\"Despliegue de un dispositivo especial del Infoca por la Vuelta Ciclista a Espa\\u00f1a - El Digital de Asturias\",\"description\":\"La Consejer\\u00eda de Medio Ambiente y Ordenaci\\u00f3n del Territorio, a trav\\u00e9s del Plan Infoca, ha dise\\u00f1ado un dispositivo especial con motivo del paso de la Vuelta Ciclista a Espa\\u00f1a 2017 por las provincias de Almer\\u00eda, Granada, M\\u00e1laga, Sevilla y Ja\\u00e9n los d\\u00edas 30 y 31 de agosto y 1, 2 y 3 de septiembre. El\",\"inLanguage\":\"es-ES\",\"isPartOf\":{\"@id\":\"https:\\\/\\\/www.eldigitaldeasturias.com\\\/noticias\\\/#website\"},\"breadcrumb\":{\"@id\":\"https:\\\/\\\/www.eldigitaldeasturias.com\\\/noticias\\\/despliegue-de-un-dispositivo-especial-del-infoca-por-la-vuelta-ciclista-a-espana\\\/#breadcrumblist\"},\"author\":{\"@id\":\"https:\\\/\\\/www.eldigitaldeasturias.com\\\/noticias\\\/author\\\/admin\\\/#author\"},\"creator\":{\"@id\":\"https:\\\/\\\/www.eldigitaldeasturias.com\\\/noticias\\\/author\\\/admin\\\/#author\"},\"image\":{\"@type\":\"ImageObject\",\"url\":943770,\"@id\":\"https:\\\/\\\/www.eldigitaldeasturias.com\\\/noticias\\\/despliegue-de-un-dispositivo-especial-del-infoca-por-la-vuelta-ciclista-a-espana\\\/#mainImage\"},\"primaryImageOfPage\":{\"@id\":\"https:\\\/\\\/www.eldigitaldeasturias.com\\\/noticias\\\/despliegue-de-un-dispositivo-especial-del-infoca-por-la-vuelta-ciclista-a-espana\\\/#mainImage\"},\"datePublished\":\"2017-08-30T21:58:09+02:00\",\"dateModified\":\"2017-08-30T21:58:09+02:00\"},{\"@type\":\"WebSite\",\"@id\":\"https:\\\/\\\/www.eldigitaldeasturias.com\\\/noticias\\\/#website\",\"url\":\"https:\\\/\\\/www.eldigitaldeasturias.com\\\/noticias\\\/\",\"name\":\"El Digital de Asturias - Diario de actualidad y noticias\",\"alternateName\":\"El Digital de Asturias - Diario de actualidad y noticias\",\"description\":\"Hemeroteca\",\"inLanguage\":\"es-ES\",\"publisher\":{\"@id\":\"https:\\\/\\\/www.eldigitaldeasturias.com\\\/noticias\\\/#organization\"}}]}\n\t\t<\/script>\n\t\t<!-- All in One SEO Pro -->\r\n\t\t<title>Despliegue de un dispositivo especial del Infoca por la Vuelta Ciclista a Espa\u00f1a - El Digital de Asturias<\/title>\n\n","aioseo_head_json":{"title":"Despliegue de un dispositivo especial del Infoca por la Vuelta Ciclista a Espa\u00f1a - El Digital de Asturias","description":"La Consejer\u00eda de Medio Ambiente y Ordenaci\u00f3n del Territorio, a trav\u00e9s del Plan Infoca, ha dise\u00f1ado un dispositivo especial con motivo del paso de la Vuelta Ciclista a Espa\u00f1a 2017 por las provincias de Almer\u00eda, Granada, M\u00e1laga, Sevilla y Ja\u00e9n los d\u00edas 30 y 31 de agosto y 1, 2 y 3 de septiembre. El","canonical_url":"https:\/\/www.eldigitaldeasturias.com\/noticias\/despliegue-de-un-dispositivo-especial-del-infoca-por-la-vuelta-ciclista-a-espana\/","robots":"max-image-preview:large","keywords":"actualidad","webmasterTools":{"google-site-verification":"UA-38556648-1","msvalidate.01":"7dfe9f3f1b24437ab69f4f2559babe99","miscellaneous":""},"schema":{"@context":"https:\/\/schema.org","@graph":[{"@type":"BlogPosting","@id":"https:\/\/www.eldigitaldeasturias.com\/noticias\/despliegue-de-un-dispositivo-especial-del-infoca-por-la-vuelta-ciclista-a-espana\/#blogposting","name":"Despliegue de un dispositivo especial del Infoca por la Vuelta Ciclista a Espa\u00f1a - El Digital de Asturias","headline":"Despliegue de un dispositivo especial del Infoca por la Vuelta Ciclista a Espa\u00f1a","author":{"@id":"https:\/\/www.eldigitaldeasturias.com\/noticias\/author\/admin\/#author"},"publisher":{"@id":"https:\/\/www.eldigitaldeasturias.com\/noticias\/#organization"},"image":{"@type":"ImageObject","url":943770},"datePublished":"2017-08-30T21:58:09+02:00","dateModified":"2017-08-30T21:58:09+02:00","inLanguage":"es-ES","mainEntityOfPage":{"@id":"https:\/\/www.eldigitaldeasturias.com\/noticias\/despliegue-de-un-dispositivo-especial-del-infoca-por-la-vuelta-ciclista-a-espana\/#webpage"},"isPartOf":{"@id":"https:\/\/www.eldigitaldeasturias.com\/noticias\/despliegue-de-un-dispositivo-especial-del-infoca-por-la-vuelta-ciclista-a-espana\/#webpage"},"articleSection":"Actualidad"},{"@type":"BreadcrumbList","@id":"https:\/\/www.eldigitaldeasturias.com\/noticias\/despliegue-de-un-dispositivo-especial-del-infoca-por-la-vuelta-ciclista-a-espana\/#breadcrumblist","itemListElement":[{"@type":"ListItem","@id":"https:\/\/www.eldigitaldeasturias.com\/noticias#listItem","position":1,"name":"Home","item":"https:\/\/www.eldigitaldeasturias.com\/noticias","nextItem":{"@type":"ListItem","@id":"https:\/\/www.eldigitaldeasturias.com\/noticias\/category\/actualidad\/#listItem","name":"Actualidad"}},{"@type":"ListItem","@id":"https:\/\/www.eldigitaldeasturias.com\/noticias\/category\/actualidad\/#listItem","position":2,"name":"Actualidad","item":"https:\/\/www.eldigitaldeasturias.com\/noticias\/category\/actualidad\/","nextItem":{"@type":"ListItem","@id":"https:\/\/www.eldigitaldeasturias.com\/noticias\/despliegue-de-un-dispositivo-especial-del-infoca-por-la-vuelta-ciclista-a-espana\/#listItem","name":"Despliegue de un dispositivo especial del Infoca por la Vuelta Ciclista a Espa\u00f1a"},"previousItem":{"@type":"ListItem","@id":"https:\/\/www.eldigitaldeasturias.com\/noticias#listItem","name":"Home"}},{"@type":"ListItem","@id":"https:\/\/www.eldigitaldeasturias.com\/noticias\/despliegue-de-un-dispositivo-especial-del-infoca-por-la-vuelta-ciclista-a-espana\/#listItem","position":3,"name":"Despliegue de un dispositivo especial del Infoca por la Vuelta Ciclista a Espa\u00f1a","previousItem":{"@type":"ListItem","@id":"https:\/\/www.eldigitaldeasturias.com\/noticias\/category\/actualidad\/#listItem","name":"Actualidad"}}]},{"@type":"Organization","@id":"https:\/\/www.eldigitaldeasturias.com\/noticias\/#organization","name":"El Digital de Asturias","description":"Hemeroteca","url":"https:\/\/www.eldigitaldeasturias.com\/noticias\/","email":"info@eldigitaldeasturias.com","telephone":"+34652131393","logo":{"@type":"ImageObject","url":"https:\/\/www.eldigitaldeasturias.com\/noticias\/wp-content\/uploads\/2020\/12\/EDA.jpg","@id":"https:\/\/www.eldigitaldeasturias.com\/noticias\/despliegue-de-un-dispositivo-especial-del-infoca-por-la-vuelta-ciclista-a-espana\/#organizationLogo"},"image":{"@id":"https:\/\/www.eldigitaldeasturias.com\/noticias\/despliegue-de-un-dispositivo-especial-del-infoca-por-la-vuelta-ciclista-a-espana\/#organizationLogo"},"sameAs":["https:\/\/facebook.com\/eldigitaldeasturias","https:\/\/www.youtube.com\/channel\/UCZP-2wLEB9Rv6erhFmqVnvg"],"address":{"@id":"https:\/\/www.eldigitaldeasturias.com\/noticias\/#postaladdress","@type":"PostalAddress","streetAddress":"san antonio 4","postalCode":"33430","addressLocality":"Cand\u00e1s","addressRegion":"Asturias","addressCountry":"ES"}},{"@type":"Person","@id":"https:\/\/www.eldigitaldeasturias.com\/noticias\/author\/admin\/#author","url":"https:\/\/www.eldigitaldeasturias.com\/noticias\/author\/admin\/","name":"El Digital de Asturias","image":{"@type":"ImageObject","@id":"https:\/\/www.eldigitaldeasturias.com\/noticias\/despliegue-de-un-dispositivo-especial-del-infoca-por-la-vuelta-ciclista-a-espana\/#authorImage","url":"https:\/\/secure.gravatar.com\/avatar\/df2aeffc32bcd13f8d26072ef8a91b623d677766deac7f97ca815868cd41bf5e?s=96&d=mm&r=g","width":96,"height":96,"caption":"El Digital de Asturias"}},{"@type":"WebPage","@id":"https:\/\/www.eldigitaldeasturias.com\/noticias\/despliegue-de-un-dispositivo-especial-del-infoca-por-la-vuelta-ciclista-a-espana\/#webpage","url":"https:\/\/www.eldigitaldeasturias.com\/noticias\/despliegue-de-un-dispositivo-especial-del-infoca-por-la-vuelta-ciclista-a-espana\/","name":"Despliegue de un dispositivo especial del Infoca por la Vuelta Ciclista a Espa\u00f1a - El Digital de Asturias","description":"La Consejer\u00eda de Medio Ambiente y Ordenaci\u00f3n del Territorio, a trav\u00e9s del Plan Infoca, ha dise\u00f1ado un dispositivo especial con motivo del paso de la Vuelta Ciclista a Espa\u00f1a 2017 por las provincias de Almer\u00eda, Granada, M\u00e1laga, Sevilla y Ja\u00e9n los d\u00edas 30 y 31 de agosto y 1, 2 y 3 de septiembre. El","inLanguage":"es-ES","isPartOf":{"@id":"https:\/\/www.eldigitaldeasturias.com\/noticias\/#website"},"breadcrumb":{"@id":"https:\/\/www.eldigitaldeasturias.com\/noticias\/despliegue-de-un-dispositivo-especial-del-infoca-por-la-vuelta-ciclista-a-espana\/#breadcrumblist"},"author":{"@id":"https:\/\/www.eldigitaldeasturias.com\/noticias\/author\/admin\/#author"},"creator":{"@id":"https:\/\/www.eldigitaldeasturias.com\/noticias\/author\/admin\/#author"},"image":{"@type":"ImageObject","url":943770,"@id":"https:\/\/www.eldigitaldeasturias.com\/noticias\/despliegue-de-un-dispositivo-especial-del-infoca-por-la-vuelta-ciclista-a-espana\/#mainImage"},"primaryImageOfPage":{"@id":"https:\/\/www.eldigitaldeasturias.com\/noticias\/despliegue-de-un-dispositivo-especial-del-infoca-por-la-vuelta-ciclista-a-espana\/#mainImage"},"datePublished":"2017-08-30T21:58:09+02:00","dateModified":"2017-08-30T21:58:09+02:00"},{"@type":"WebSite","@id":"https:\/\/www.eldigitaldeasturias.com\/noticias\/#website","url":"https:\/\/www.eldigitaldeasturias.com\/noticias\/","name":"El Digital de Asturias - Diario de actualidad y noticias","alternateName":"El Digital de Asturias - Diario de actualidad y noticias","description":"Hemeroteca","inLanguage":"es-ES","publisher":{"@id":"https:\/\/www.eldigitaldeasturias.com\/noticias\/#organization"}}]},"og:locale":"es_ES","og:site_name":"El Digital de Asturias","og:type":"article","og:title":"Despliegue de un dispositivo especial del Infoca por la Vuelta Ciclista a Espa\u00f1a - El Digital de Asturias","og:description":"La Consejer\u00eda de Medio Ambiente y Ordenaci\u00f3n del Territorio, a trav\u00e9s del Plan Infoca, ha dise\u00f1ado un dispositivo especial con motivo del paso de la Vuelta Ciclista a Espa\u00f1a 2017 por las provincias de Almer\u00eda, Granada, M\u00e1laga, Sevilla y Ja\u00e9n los d\u00edas 30 y 31 de agosto y 1, 2 y 3 de septiembre. El","og:url":"https:\/\/www.eldigitaldeasturias.com\/noticias\/despliegue-de-un-dispositivo-especial-del-infoca-por-la-vuelta-ciclista-a-espana\/","article:tag":["actualidad"],"article:published_time":"2017-08-30T21:58:09+00:00","article:modified_time":"2017-08-30T21:58:09+00:00","article:publisher":"https:\/\/facebook.com\/eldigitaldeasturias","twitter:card":"summary_large_image","twitter:title":"Despliegue de un dispositivo especial del Infoca por la Vuelta Ciclista a Espa\u00f1a - El Digital de Asturias","twitter:description":"La Consejer\u00eda de Medio Ambiente y Ordenaci\u00f3n del Territorio, a trav\u00e9s del Plan Infoca, ha dise\u00f1ado un dispositivo especial con motivo del paso de la Vuelta Ciclista a Espa\u00f1a 2017 por las provincias de Almer\u00eda, Granada, M\u00e1laga, Sevilla y Ja\u00e9n los d\u00edas 30 y 31 de agosto y 1, 2 y 3 de septiembre. El","twitter:image":"https:\/\/www.eldigitaldeasturias.com\/noticias\/wp-content\/uploads\/2020\/12\/EDA-1.jpg","twitter:label1":"Escrito por","twitter:data1":"El Digital de Asturias","twitter:label2":"Tiempo de lectura estimado","twitter:data2":"3 minutos"},"aioseo_meta_data":{"post_id":"951434","title":null,"description":null,"keywords":null,"keyphrases":null,"primary_term":null,"canonical_url":null,"og_title":null,"og_description":null,"og_object_type":"default","og_image_type":"default","og_image_url":null,"og_image_width":null,"og_image_height":null,"og_image_custom_url":null,"og_image_custom_fields":null,"og_video":null,"og_custom_url":null,"og_article_section":null,"og_article_tags":null,"twitter_use_og":false,"twitter_card":"default","twitter_image_type":"default","twitter_image_url":null,"twitter_image_custom_url":null,"twitter_image_custom_fields":null,"twitter_title":null,"twitter_description":null,"schema":{"blockGraphs":[],"customGraphs":[],"default":{"data":{"Article":[],"Course":[],"Dataset":[],"FAQPage":[],"Movie":[],"Person":[],"Product":[],"ProductReview":[],"Car":[],"Recipe":[],"Service":[],"SoftwareApplication":[],"WebPage":[]},"graphName":"","isEnabled":true},"graphs":[],"defaultGraph":"","defaultPostTypeGraph":""},"schema_type":null,"schema_type_options":null,"pillar_content":false,"robots_default":true,"robots_noindex":false,"robots_noarchive":false,"robots_nosnippet":false,"robots_nofollow":false,"robots_noimageindex":false,"robots_noodp":false,"robots_notranslate":false,"robots_max_snippet":null,"robots_max_videopreview":null,"robots_max_imagepreview":"large","priority":null,"frequency":null,"local_seo":null,"seo_analyzer_scan_date":"2025-12-05 19:12:11","breadcrumb_settings":null,"limit_modified_date":false,"open_ai":null,"ai":null,"created":"2020-12-21 12:58:14","updated":"2025-12-05 19:12:11","focus_keyword":null,"additional_keywords":null,"truseo_locale":null},"aioseo_breadcrumb":"<div class=\"aioseo-breadcrumbs\"><span class=\"aioseo-breadcrumb\">\n\t<a href=\"https:\/\/www.eldigitaldeasturias.com\/noticias\" title=\"Home\">Home<\/a>\n<\/span><span class=\"aioseo-breadcrumb-separator\">\u2013<\/span><span class=\"aioseo-breadcrumb\">\n\t<a href=\"https:\/\/www.eldigitaldeasturias.com\/noticias\/category\/actualidad\/\" title=\"Actualidad\">Actualidad<\/a>\n<\/span><span class=\"aioseo-breadcrumb-separator\">\u2013<\/span><span class=\"aioseo-breadcrumb\">\n\t<a href=\"https:\/\/www.eldigitaldeasturias.com\/noticias\/despliegue-de-un-dispositivo-especial-del-infoca-por-la-vuelta-ciclista-a-espana\/\" title=\"Despliegue de un dispositivo especial del Infoca por la Vuelta Ciclista a Espa\u00f1a\">Despliegue de un dispositivo especial del Infoca por la Vuelta Ciclista a Espa\u00f1a<\/a>\n<\/span><\/div>","aioseo_breadcrumb_json":[{"label":"Home","link":"https:\/\/www.eldigitaldeasturias.com\/noticias"},{"label":"Actualidad","link":"https:\/\/www.eldigitaldeasturias.com\/noticias\/category\/actualidad\/"},{"label":"Despliegue de un dispositivo especial del Infoca por la Vuelta Ciclista a Espa\u00f1a","link":"https:\/\/www.eldigitaldeasturias.com\/noticias\/despliegue-de-un-dispositivo-especial-del-infoca-por-la-vuelta-ciclista-a-espana\/"}],"_links":{"self":[{"href":"https:\/\/www.eldigitaldeasturias.com\/noticias\/wp-json\/wp\/v2\/posts\/951434","targetHints":{"allow":["GET"]}}],"collection":[{"href":"https:\/\/www.eldigitaldeasturias.com\/noticias\/wp-json\/wp\/v2\/posts"}],"about":[{"href":"https:\/\/www.eldigitaldeasturias.com\/noticias\/wp-json\/wp\/v2\/types\/post"}],"author":[{"embeddable":true,"href":"https:\/\/www.eldigitaldeasturias.com\/noticias\/wp-json\/wp\/v2\/users\/1"}],"replies":[{"embeddable":true,"href":"https:\/\/www.eldigitaldeasturias.com\/noticias\/wp-json\/wp\/v2\/comments?post=951434"}],"version-history":[{"count":0,"href":"https:\/\/www.eldigitaldeasturias.com\/noticias\/wp-json\/wp\/v2\/posts\/951434\/revisions"}],"wp:attachment":[{"href":"https:\/\/www.eldigitaldeasturias.com\/noticias\/wp-json\/wp\/v2\/media?parent=951434"}],"wp:term":[{"taxonomy":"category","embeddable":true,"href":"https:\/\/www.eldigitaldeasturias.com\/noticias\/wp-json\/wp\/v2\/categories?post=951434"},{"taxonomy":"post_tag","embeddable":true,"href":"https:\/\/www.eldigitaldeasturias.com\/noticias\/wp-json\/wp\/v2\/tags?post=951434"}],"curies":[{"name":"wp","href":"https:\/\/api.w.org\/{rel}","templated":true}]}}