{"id":951431,"date":"2017-08-30T21:57:07","date_gmt":"2017-08-30T21:57:07","guid":{"rendered":"http:\/\/www.eldigitaldeasturias.com\/noticias\/?p=951431"},"modified":"2017-08-30T21:57:07","modified_gmt":"2017-08-30T21:57:07","slug":"andalucia-aboga-ante-la-ue-por-una-legislacion-que-evite-las-practicas-comerciales-desleales","status":"publish","type":"post","link":"https:\/\/www.eldigitaldeasturias.com\/noticias\/andalucia-aboga-ante-la-ue-por-una-legislacion-que-evite-las-practicas-comerciales-desleales\/","title":{"rendered":"Andaluc\u00eda aboga ante la UE por una legislaci\u00f3n que evite las pr\u00e1cticas comerciales desleales"},"content":{"rendered":"<p>La Consejer\u00eda de Agricultura, Pesca y Desarrollo Rural ha trasladado a la Comisi\u00f3n Europa la necesidad de llevar a cabo una regulaci\u00f3n, a escala de la Uni\u00f3n, que permita afrontar la problem\u00e1tica de las pr\u00e1cticas comerciales desleales entre operadores de distintos Estados miembros. Andaluc\u00eda considera que una legislaci\u00f3n a escala de la Uni\u00f3n Europea que sea compatible con la legislaci\u00f3n nacional existente ser\u00eda el enfoque m\u00e1s completo, pero debe verse reforzado con un desarrollo de las especificidades de la agricultura en materia de competencia.<\/p>\n<p>El consejero Rodrigo S\u00e1nchez Haro subraya que las pr\u00e1cticas comerciales desleales pueden producirse en todas las etapas de la cadena de suministro, redundando negativamente en el eslab\u00f3n m\u00e1s d\u00e9bil de la cadena. Por esta raz\u00f3n, es preciso trabajar en el equilibrio de todos los agentes que participan en este proceso, que deben percibir una compensaci\u00f3n justa por su trabajo y esfuerzo.<\/p>\n<p>La Junta responde as\u00ed a la petici\u00f3n de valoraci\u00f3n que la Comisi\u00f3n Europea ha realizado a los Estados miembros para la mejora de la cadena agroalimentaria. Junto a esto, las sugerencias que Andaluc\u00eda traslada a la Uni\u00f3n Europea se refieren tambi\u00e9n a la cooperaci\u00f3n entre productores, solicitando por parte de la Comisi\u00f3n un planteamiento m\u00e1s ambicioso respecto de determinados sectores, especialmente en los productos m\u00e1s perecederos, sobre todo frutas y hortalizas.<\/p>\n<p>La Consejer\u00eda de Agricultura ha trasladado asimismo a la Comisi\u00f3n la necesidad de que se proceda a la creaci\u00f3n de un Observatorio de Precios a escala de la Uni\u00f3n Europea que pueda establecer referencias de precios, lo que debe repercutir en un mejor funcionamiento de la cadena agroalimentaria. La Junta considera que se hace necesario conocer los precios de venta de los productos no s\u00f3lo en la fase primaria, sino tambi\u00e9n en otras etapas de la cadena de suministro, considerando referencias de costes tambi\u00e9n en eslabones intermedios.<\/p>\n<p>Estas sugerencias han sido trasladadas recientemente a la Comisi\u00f3n y se realizan en el marco de la consulta que en su d\u00eda solicit\u00f3 \u00e9sta sobre la valoraci\u00f3n y mejora de la cadena agroalimentaria, a partir de los problemas detectados por la existencia de desequilibrios econ\u00f3micos en las relaciones comerciales entre los distintos operadores que intervienen y en las diferencias en cuanto al poder de negociaci\u00f3n. En este sentido, se parte de la consideraci\u00f3n de que la cadena agroalimentaria es un \u00e1mbito de competencia compartida entre la Uni\u00f3n Europea (UE) y los Estados miembros. En el \u00e1mbito concreto de la intervenci\u00f3n en esta cadena, la UE debe ejercer esta competencia desarrollando medidas legislativas en la medida que sean necesarias conforme al principio de subsidiariedad.<\/p>\n","protected":false},"excerpt":{"rendered":"<p>La Consejer\u00eda de Agricultura, Pesca y Desarrollo Rural ha trasladado a la Comisi\u00f3n Europa la necesidad de llevar a cabo una regulaci\u00f3n, a escala de la Uni\u00f3n, que permita afrontar la problem\u00e1tica de las pr\u00e1cticas comerciales desleales entre operadores de distintos Estados miembros. Andaluc\u00eda considera que una legislaci\u00f3n a escala de la Uni\u00f3n Europea que [&hellip;]<\/p>\n","protected":false},"author":1,"featured_media":951432,"comment_status":"closed","ping_status":"closed","sticky":false,"template":"","format":"standard","meta":{"footnotes":""},"categories":[1],"tags":[],"class_list":["post-951431","post","type-post","status-publish","format-standard","has-post-thumbnail","hentry","category-actualidad"],"aioseo_notices":[],"aioseo_head":"\n\t\t<!-- All in One SEO Pro 5.0.1 - aioseo.com -->\n\t<meta name=\"description\" content=\"La Consejer\u00eda de Agricultura, Pesca y Desarrollo Rural ha trasladado a la Comisi\u00f3n Europa la necesidad de llevar a cabo una regulaci\u00f3n, a escala de la Uni\u00f3n, que permita afrontar la problem\u00e1tica de las pr\u00e1cticas comerciales desleales entre operadores de distintos Estados miembros. Andaluc\u00eda considera que una legislaci\u00f3n a escala de la Uni\u00f3n Europea que\" \/>\n\t<meta name=\"robots\" content=\"max-image-preview:large\" \/>\n\t<meta name=\"author\" content=\"El Digital de Asturias\"\/>\n\t<meta name=\"google-site-verification\" content=\"UA-38556648-1\" \/>\n\t<meta name=\"msvalidate.01\" content=\"7dfe9f3f1b24437ab69f4f2559babe99\" \/>\n\t<meta name=\"keywords\" content=\"actualidad\" \/>\n\t<link rel=\"canonical\" href=\"https:\/\/www.eldigitaldeasturias.com\/noticias\/andalucia-aboga-ante-la-ue-por-una-legislacion-que-evite-las-practicas-comerciales-desleales\/\" \/>\n\t<meta name=\"generator\" content=\"All in One SEO Pro (AIOSEO) 5.0.1\" \/>\n\t\t<meta property=\"og:locale\" content=\"es_ES\" \/>\n\t\t<meta property=\"og:site_name\" content=\"El Digital de Asturias\" \/>\n\t\t<meta property=\"og:type\" content=\"article\" \/>\n\t\t<meta property=\"og:title\" content=\"Andaluc\u00eda aboga ante la UE por una legislaci\u00f3n que evite las pr\u00e1cticas comerciales desleales - El Digital de Asturias\" \/>\n\t\t<meta property=\"og:description\" content=\"La Consejer\u00eda de Agricultura, Pesca y Desarrollo Rural ha trasladado a la Comisi\u00f3n Europa la necesidad de llevar a cabo una regulaci\u00f3n, a escala de la Uni\u00f3n, que permita afrontar la problem\u00e1tica de las pr\u00e1cticas comerciales desleales entre operadores de distintos Estados miembros. Andaluc\u00eda considera que una legislaci\u00f3n a escala de la Uni\u00f3n Europea que\" \/>\n\t\t<meta property=\"og:url\" content=\"https:\/\/www.eldigitaldeasturias.com\/noticias\/andalucia-aboga-ante-la-ue-por-una-legislacion-que-evite-las-practicas-comerciales-desleales\/\" \/>\n\t\t<meta property=\"article:tag\" content=\"actualidad\" \/>\n\t\t<meta property=\"article:published_time\" content=\"2017-08-30T21:57:07+00:00\" \/>\n\t\t<meta property=\"article:modified_time\" content=\"2017-08-30T21:57:07+00:00\" \/>\n\t\t<meta property=\"article:publisher\" content=\"https:\/\/facebook.com\/eldigitaldeasturias\" \/>\n\t\t<meta name=\"twitter:card\" content=\"summary_large_image\" \/>\n\t\t<meta name=\"twitter:title\" content=\"Andaluc\u00eda aboga ante la UE por una legislaci\u00f3n que evite las pr\u00e1cticas comerciales desleales - El Digital de Asturias\" \/>\n\t\t<meta name=\"twitter:description\" content=\"La Consejer\u00eda de Agricultura, Pesca y Desarrollo Rural ha trasladado a la Comisi\u00f3n Europa la necesidad de llevar a cabo una regulaci\u00f3n, a escala de la Uni\u00f3n, que permita afrontar la problem\u00e1tica de las pr\u00e1cticas comerciales desleales entre operadores de distintos Estados miembros. Andaluc\u00eda considera que una legislaci\u00f3n a escala de la Uni\u00f3n Europea que\" \/>\n\t\t<meta name=\"twitter:image\" content=\"https:\/\/www.eldigitaldeasturias.com\/noticias\/wp-content\/uploads\/2020\/12\/EDA-1.jpg\" \/>\n\t\t<meta name=\"twitter:label1\" content=\"Escrito por\" \/>\n\t\t<meta name=\"twitter:data1\" content=\"El Digital de Asturias\" \/>\n\t\t<meta name=\"twitter:label2\" content=\"Tiempo de lectura estimado\" \/>\n\t\t<meta name=\"twitter:data2\" content=\"2 minutos\" \/>\n\t\t<script type=\"application\/ld+json\" class=\"aioseo-schema\">\n\t\t\t{\"@context\":\"https:\\\/\\\/schema.org\",\"@graph\":[{\"@type\":\"BlogPosting\",\"@id\":\"https:\\\/\\\/www.eldigitaldeasturias.com\\\/noticias\\\/andalucia-aboga-ante-la-ue-por-una-legislacion-que-evite-las-practicas-comerciales-desleales\\\/#blogposting\",\"name\":\"Andaluc\\u00eda aboga ante la UE por una legislaci\\u00f3n que evite las pr\\u00e1cticas comerciales desleales - El Digital de Asturias\",\"headline\":\"Andaluc\\u00eda aboga ante la UE por una legislaci\\u00f3n que evite las pr\\u00e1cticas comerciales desleales\",\"author\":{\"@id\":\"https:\\\/\\\/www.eldigitaldeasturias.com\\\/noticias\\\/author\\\/admin\\\/#author\"},\"publisher\":{\"@id\":\"https:\\\/\\\/www.eldigitaldeasturias.com\\\/noticias\\\/#organization\"},\"image\":{\"@type\":\"ImageObject\",\"url\":951432},\"datePublished\":\"2017-08-30T21:57:07+02:00\",\"dateModified\":\"2017-08-30T21:57:07+02:00\",\"inLanguage\":\"es-ES\",\"mainEntityOfPage\":{\"@id\":\"https:\\\/\\\/www.eldigitaldeasturias.com\\\/noticias\\\/andalucia-aboga-ante-la-ue-por-una-legislacion-que-evite-las-practicas-comerciales-desleales\\\/#webpage\"},\"isPartOf\":{\"@id\":\"https:\\\/\\\/www.eldigitaldeasturias.com\\\/noticias\\\/andalucia-aboga-ante-la-ue-por-una-legislacion-que-evite-las-practicas-comerciales-desleales\\\/#webpage\"},\"articleSection\":\"Actualidad\"},{\"@type\":\"BreadcrumbList\",\"@id\":\"https:\\\/\\\/www.eldigitaldeasturias.com\\\/noticias\\\/andalucia-aboga-ante-la-ue-por-una-legislacion-que-evite-las-practicas-comerciales-desleales\\\/#breadcrumblist\",\"itemListElement\":[{\"@type\":\"ListItem\",\"@id\":\"https:\\\/\\\/www.eldigitaldeasturias.com\\\/noticias#listItem\",\"position\":1,\"name\":\"Home\",\"item\":\"https:\\\/\\\/www.eldigitaldeasturias.com\\\/noticias\",\"nextItem\":{\"@type\":\"ListItem\",\"@id\":\"https:\\\/\\\/www.eldigitaldeasturias.com\\\/noticias\\\/category\\\/actualidad\\\/#listItem\",\"name\":\"Actualidad\"}},{\"@type\":\"ListItem\",\"@id\":\"https:\\\/\\\/www.eldigitaldeasturias.com\\\/noticias\\\/category\\\/actualidad\\\/#listItem\",\"position\":2,\"name\":\"Actualidad\",\"item\":\"https:\\\/\\\/www.eldigitaldeasturias.com\\\/noticias\\\/category\\\/actualidad\\\/\",\"nextItem\":{\"@type\":\"ListItem\",\"@id\":\"https:\\\/\\\/www.eldigitaldeasturias.com\\\/noticias\\\/andalucia-aboga-ante-la-ue-por-una-legislacion-que-evite-las-practicas-comerciales-desleales\\\/#listItem\",\"name\":\"Andaluc\\u00eda aboga ante la UE por una legislaci\\u00f3n que evite las pr\\u00e1cticas comerciales desleales\"},\"previousItem\":{\"@type\":\"ListItem\",\"@id\":\"https:\\\/\\\/www.eldigitaldeasturias.com\\\/noticias#listItem\",\"name\":\"Home\"}},{\"@type\":\"ListItem\",\"@id\":\"https:\\\/\\\/www.eldigitaldeasturias.com\\\/noticias\\\/andalucia-aboga-ante-la-ue-por-una-legislacion-que-evite-las-practicas-comerciales-desleales\\\/#listItem\",\"position\":3,\"name\":\"Andaluc\\u00eda aboga ante la UE por una legislaci\\u00f3n que evite las pr\\u00e1cticas comerciales desleales\",\"previousItem\":{\"@type\":\"ListItem\",\"@id\":\"https:\\\/\\\/www.eldigitaldeasturias.com\\\/noticias\\\/category\\\/actualidad\\\/#listItem\",\"name\":\"Actualidad\"}}]},{\"@type\":\"Organization\",\"@id\":\"https:\\\/\\\/www.eldigitaldeasturias.com\\\/noticias\\\/#organization\",\"name\":\"El Digital de Asturias\",\"description\":\"Hemeroteca\",\"url\":\"https:\\\/\\\/www.eldigitaldeasturias.com\\\/noticias\\\/\",\"email\":\"info@eldigitaldeasturias.com\",\"telephone\":\"+34652131393\",\"logo\":{\"@type\":\"ImageObject\",\"url\":\"https:\\\/\\\/www.eldigitaldeasturias.com\\\/noticias\\\/wp-content\\\/uploads\\\/2020\\\/12\\\/EDA.jpg\",\"@id\":\"https:\\\/\\\/www.eldigitaldeasturias.com\\\/noticias\\\/andalucia-aboga-ante-la-ue-por-una-legislacion-que-evite-las-practicas-comerciales-desleales\\\/#organizationLogo\"},\"image\":{\"@id\":\"https:\\\/\\\/www.eldigitaldeasturias.com\\\/noticias\\\/andalucia-aboga-ante-la-ue-por-una-legislacion-que-evite-las-practicas-comerciales-desleales\\\/#organizationLogo\"},\"sameAs\":[\"https:\\\/\\\/facebook.com\\\/eldigitaldeasturias\",\"https:\\\/\\\/www.youtube.com\\\/channel\\\/UCZP-2wLEB9Rv6erhFmqVnvg\"],\"address\":{\"@id\":\"https:\\\/\\\/www.eldigitaldeasturias.com\\\/noticias\\\/#postaladdress\",\"@type\":\"PostalAddress\",\"streetAddress\":\"san antonio 4\",\"postalCode\":\"33430\",\"addressLocality\":\"Cand\\u00e1s\",\"addressRegion\":\"Asturias\",\"addressCountry\":\"ES\"}},{\"@type\":\"Person\",\"@id\":\"https:\\\/\\\/www.eldigitaldeasturias.com\\\/noticias\\\/author\\\/admin\\\/#author\",\"url\":\"https:\\\/\\\/www.eldigitaldeasturias.com\\\/noticias\\\/author\\\/admin\\\/\",\"name\":\"El Digital de Asturias\",\"image\":{\"@type\":\"ImageObject\",\"@id\":\"https:\\\/\\\/www.eldigitaldeasturias.com\\\/noticias\\\/andalucia-aboga-ante-la-ue-por-una-legislacion-que-evite-las-practicas-comerciales-desleales\\\/#authorImage\",\"url\":\"https:\\\/\\\/secure.gravatar.com\\\/avatar\\\/df2aeffc32bcd13f8d26072ef8a91b623d677766deac7f97ca815868cd41bf5e?s=96&d=mm&r=g\",\"width\":96,\"height\":96,\"caption\":\"El Digital de Asturias\"}},{\"@type\":\"WebPage\",\"@id\":\"https:\\\/\\\/www.eldigitaldeasturias.com\\\/noticias\\\/andalucia-aboga-ante-la-ue-por-una-legislacion-que-evite-las-practicas-comerciales-desleales\\\/#webpage\",\"url\":\"https:\\\/\\\/www.eldigitaldeasturias.com\\\/noticias\\\/andalucia-aboga-ante-la-ue-por-una-legislacion-que-evite-las-practicas-comerciales-desleales\\\/\",\"name\":\"Andaluc\\u00eda aboga ante la UE por una legislaci\\u00f3n que evite las pr\\u00e1cticas comerciales desleales - El Digital de Asturias\",\"description\":\"La Consejer\\u00eda de Agricultura, Pesca y Desarrollo Rural ha trasladado a la Comisi\\u00f3n Europa la necesidad de llevar a cabo una regulaci\\u00f3n, a escala de la Uni\\u00f3n, que permita afrontar la problem\\u00e1tica de las pr\\u00e1cticas comerciales desleales entre operadores de distintos Estados miembros. Andaluc\\u00eda considera que una legislaci\\u00f3n a escala de la Uni\\u00f3n Europea que\",\"inLanguage\":\"es-ES\",\"isPartOf\":{\"@id\":\"https:\\\/\\\/www.eldigitaldeasturias.com\\\/noticias\\\/#website\"},\"breadcrumb\":{\"@id\":\"https:\\\/\\\/www.eldigitaldeasturias.com\\\/noticias\\\/andalucia-aboga-ante-la-ue-por-una-legislacion-que-evite-las-practicas-comerciales-desleales\\\/#breadcrumblist\"},\"author\":{\"@id\":\"https:\\\/\\\/www.eldigitaldeasturias.com\\\/noticias\\\/author\\\/admin\\\/#author\"},\"creator\":{\"@id\":\"https:\\\/\\\/www.eldigitaldeasturias.com\\\/noticias\\\/author\\\/admin\\\/#author\"},\"image\":{\"@type\":\"ImageObject\",\"url\":951432,\"@id\":\"https:\\\/\\\/www.eldigitaldeasturias.com\\\/noticias\\\/andalucia-aboga-ante-la-ue-por-una-legislacion-que-evite-las-practicas-comerciales-desleales\\\/#mainImage\"},\"primaryImageOfPage\":{\"@id\":\"https:\\\/\\\/www.eldigitaldeasturias.com\\\/noticias\\\/andalucia-aboga-ante-la-ue-por-una-legislacion-que-evite-las-practicas-comerciales-desleales\\\/#mainImage\"},\"datePublished\":\"2017-08-30T21:57:07+02:00\",\"dateModified\":\"2017-08-30T21:57:07+02:00\"},{\"@type\":\"WebSite\",\"@id\":\"https:\\\/\\\/www.eldigitaldeasturias.com\\\/noticias\\\/#website\",\"url\":\"https:\\\/\\\/www.eldigitaldeasturias.com\\\/noticias\\\/\",\"name\":\"El Digital de Asturias - Diario de actualidad y noticias\",\"alternateName\":\"El Digital de Asturias - Diario de actualidad y noticias\",\"description\":\"Hemeroteca\",\"inLanguage\":\"es-ES\",\"publisher\":{\"@id\":\"https:\\\/\\\/www.eldigitaldeasturias.com\\\/noticias\\\/#organization\"}}]}\n\t\t<\/script>\n\t\t<!-- All in One SEO Pro -->\r\n\t\t<title>Andaluc\u00eda aboga ante la UE por una legislaci\u00f3n que evite las pr\u00e1cticas comerciales desleales - El Digital de Asturias<\/title>\n\n","aioseo_head_json":{"title":"Andaluc\u00eda aboga ante la UE por una legislaci\u00f3n que evite las pr\u00e1cticas comerciales desleales - El Digital de Asturias","description":"La Consejer\u00eda de Agricultura, Pesca y Desarrollo Rural ha trasladado a la Comisi\u00f3n Europa la necesidad de llevar a cabo una regulaci\u00f3n, a escala de la Uni\u00f3n, que permita afrontar la problem\u00e1tica de las pr\u00e1cticas comerciales desleales entre operadores de distintos Estados miembros. Andaluc\u00eda considera que una legislaci\u00f3n a escala de la Uni\u00f3n Europea que","canonical_url":"https:\/\/www.eldigitaldeasturias.com\/noticias\/andalucia-aboga-ante-la-ue-por-una-legislacion-que-evite-las-practicas-comerciales-desleales\/","robots":"max-image-preview:large","keywords":"actualidad","webmasterTools":{"google-site-verification":"UA-38556648-1","msvalidate.01":"7dfe9f3f1b24437ab69f4f2559babe99","miscellaneous":""},"schema":{"@context":"https:\/\/schema.org","@graph":[{"@type":"BlogPosting","@id":"https:\/\/www.eldigitaldeasturias.com\/noticias\/andalucia-aboga-ante-la-ue-por-una-legislacion-que-evite-las-practicas-comerciales-desleales\/#blogposting","name":"Andaluc\u00eda aboga ante la UE por una legislaci\u00f3n que evite las pr\u00e1cticas comerciales desleales - El Digital de Asturias","headline":"Andaluc\u00eda aboga ante la UE por una legislaci\u00f3n que evite las pr\u00e1cticas comerciales desleales","author":{"@id":"https:\/\/www.eldigitaldeasturias.com\/noticias\/author\/admin\/#author"},"publisher":{"@id":"https:\/\/www.eldigitaldeasturias.com\/noticias\/#organization"},"image":{"@type":"ImageObject","url":951432},"datePublished":"2017-08-30T21:57:07+02:00","dateModified":"2017-08-30T21:57:07+02:00","inLanguage":"es-ES","mainEntityOfPage":{"@id":"https:\/\/www.eldigitaldeasturias.com\/noticias\/andalucia-aboga-ante-la-ue-por-una-legislacion-que-evite-las-practicas-comerciales-desleales\/#webpage"},"isPartOf":{"@id":"https:\/\/www.eldigitaldeasturias.com\/noticias\/andalucia-aboga-ante-la-ue-por-una-legislacion-que-evite-las-practicas-comerciales-desleales\/#webpage"},"articleSection":"Actualidad"},{"@type":"BreadcrumbList","@id":"https:\/\/www.eldigitaldeasturias.com\/noticias\/andalucia-aboga-ante-la-ue-por-una-legislacion-que-evite-las-practicas-comerciales-desleales\/#breadcrumblist","itemListElement":[{"@type":"ListItem","@id":"https:\/\/www.eldigitaldeasturias.com\/noticias#listItem","position":1,"name":"Home","item":"https:\/\/www.eldigitaldeasturias.com\/noticias","nextItem":{"@type":"ListItem","@id":"https:\/\/www.eldigitaldeasturias.com\/noticias\/category\/actualidad\/#listItem","name":"Actualidad"}},{"@type":"ListItem","@id":"https:\/\/www.eldigitaldeasturias.com\/noticias\/category\/actualidad\/#listItem","position":2,"name":"Actualidad","item":"https:\/\/www.eldigitaldeasturias.com\/noticias\/category\/actualidad\/","nextItem":{"@type":"ListItem","@id":"https:\/\/www.eldigitaldeasturias.com\/noticias\/andalucia-aboga-ante-la-ue-por-una-legislacion-que-evite-las-practicas-comerciales-desleales\/#listItem","name":"Andaluc\u00eda aboga ante la UE por una legislaci\u00f3n que evite las pr\u00e1cticas comerciales desleales"},"previousItem":{"@type":"ListItem","@id":"https:\/\/www.eldigitaldeasturias.com\/noticias#listItem","name":"Home"}},{"@type":"ListItem","@id":"https:\/\/www.eldigitaldeasturias.com\/noticias\/andalucia-aboga-ante-la-ue-por-una-legislacion-que-evite-las-practicas-comerciales-desleales\/#listItem","position":3,"name":"Andaluc\u00eda aboga ante la UE por una legislaci\u00f3n que evite las pr\u00e1cticas comerciales desleales","previousItem":{"@type":"ListItem","@id":"https:\/\/www.eldigitaldeasturias.com\/noticias\/category\/actualidad\/#listItem","name":"Actualidad"}}]},{"@type":"Organization","@id":"https:\/\/www.eldigitaldeasturias.com\/noticias\/#organization","name":"El Digital de Asturias","description":"Hemeroteca","url":"https:\/\/www.eldigitaldeasturias.com\/noticias\/","email":"info@eldigitaldeasturias.com","telephone":"+34652131393","logo":{"@type":"ImageObject","url":"https:\/\/www.eldigitaldeasturias.com\/noticias\/wp-content\/uploads\/2020\/12\/EDA.jpg","@id":"https:\/\/www.eldigitaldeasturias.com\/noticias\/andalucia-aboga-ante-la-ue-por-una-legislacion-que-evite-las-practicas-comerciales-desleales\/#organizationLogo"},"image":{"@id":"https:\/\/www.eldigitaldeasturias.com\/noticias\/andalucia-aboga-ante-la-ue-por-una-legislacion-que-evite-las-practicas-comerciales-desleales\/#organizationLogo"},"sameAs":["https:\/\/facebook.com\/eldigitaldeasturias","https:\/\/www.youtube.com\/channel\/UCZP-2wLEB9Rv6erhFmqVnvg"],"address":{"@id":"https:\/\/www.eldigitaldeasturias.com\/noticias\/#postaladdress","@type":"PostalAddress","streetAddress":"san antonio 4","postalCode":"33430","addressLocality":"Cand\u00e1s","addressRegion":"Asturias","addressCountry":"ES"}},{"@type":"Person","@id":"https:\/\/www.eldigitaldeasturias.com\/noticias\/author\/admin\/#author","url":"https:\/\/www.eldigitaldeasturias.com\/noticias\/author\/admin\/","name":"El Digital de Asturias","image":{"@type":"ImageObject","@id":"https:\/\/www.eldigitaldeasturias.com\/noticias\/andalucia-aboga-ante-la-ue-por-una-legislacion-que-evite-las-practicas-comerciales-desleales\/#authorImage","url":"https:\/\/secure.gravatar.com\/avatar\/df2aeffc32bcd13f8d26072ef8a91b623d677766deac7f97ca815868cd41bf5e?s=96&d=mm&r=g","width":96,"height":96,"caption":"El Digital de Asturias"}},{"@type":"WebPage","@id":"https:\/\/www.eldigitaldeasturias.com\/noticias\/andalucia-aboga-ante-la-ue-por-una-legislacion-que-evite-las-practicas-comerciales-desleales\/#webpage","url":"https:\/\/www.eldigitaldeasturias.com\/noticias\/andalucia-aboga-ante-la-ue-por-una-legislacion-que-evite-las-practicas-comerciales-desleales\/","name":"Andaluc\u00eda aboga ante la UE por una legislaci\u00f3n que evite las pr\u00e1cticas comerciales desleales - El Digital de Asturias","description":"La Consejer\u00eda de Agricultura, Pesca y Desarrollo Rural ha trasladado a la Comisi\u00f3n Europa la necesidad de llevar a cabo una regulaci\u00f3n, a escala de la Uni\u00f3n, que permita afrontar la problem\u00e1tica de las pr\u00e1cticas comerciales desleales entre operadores de distintos Estados miembros. Andaluc\u00eda considera que una legislaci\u00f3n a escala de la Uni\u00f3n Europea que","inLanguage":"es-ES","isPartOf":{"@id":"https:\/\/www.eldigitaldeasturias.com\/noticias\/#website"},"breadcrumb":{"@id":"https:\/\/www.eldigitaldeasturias.com\/noticias\/andalucia-aboga-ante-la-ue-por-una-legislacion-que-evite-las-practicas-comerciales-desleales\/#breadcrumblist"},"author":{"@id":"https:\/\/www.eldigitaldeasturias.com\/noticias\/author\/admin\/#author"},"creator":{"@id":"https:\/\/www.eldigitaldeasturias.com\/noticias\/author\/admin\/#author"},"image":{"@type":"ImageObject","url":951432,"@id":"https:\/\/www.eldigitaldeasturias.com\/noticias\/andalucia-aboga-ante-la-ue-por-una-legislacion-que-evite-las-practicas-comerciales-desleales\/#mainImage"},"primaryImageOfPage":{"@id":"https:\/\/www.eldigitaldeasturias.com\/noticias\/andalucia-aboga-ante-la-ue-por-una-legislacion-que-evite-las-practicas-comerciales-desleales\/#mainImage"},"datePublished":"2017-08-30T21:57:07+02:00","dateModified":"2017-08-30T21:57:07+02:00"},{"@type":"WebSite","@id":"https:\/\/www.eldigitaldeasturias.com\/noticias\/#website","url":"https:\/\/www.eldigitaldeasturias.com\/noticias\/","name":"El Digital de Asturias - Diario de actualidad y noticias","alternateName":"El Digital de Asturias - Diario de actualidad y noticias","description":"Hemeroteca","inLanguage":"es-ES","publisher":{"@id":"https:\/\/www.eldigitaldeasturias.com\/noticias\/#organization"}}]},"og:locale":"es_ES","og:site_name":"El Digital de Asturias","og:type":"article","og:title":"Andaluc\u00eda aboga ante la UE por una legislaci\u00f3n que evite las pr\u00e1cticas comerciales desleales - El Digital de Asturias","og:description":"La Consejer\u00eda de Agricultura, Pesca y Desarrollo Rural ha trasladado a la Comisi\u00f3n Europa la necesidad de llevar a cabo una regulaci\u00f3n, a escala de la Uni\u00f3n, que permita afrontar la problem\u00e1tica de las pr\u00e1cticas comerciales desleales entre operadores de distintos Estados miembros. Andaluc\u00eda considera que una legislaci\u00f3n a escala de la Uni\u00f3n Europea que","og:url":"https:\/\/www.eldigitaldeasturias.com\/noticias\/andalucia-aboga-ante-la-ue-por-una-legislacion-que-evite-las-practicas-comerciales-desleales\/","article:tag":["actualidad"],"article:published_time":"2017-08-30T21:57:07+00:00","article:modified_time":"2017-08-30T21:57:07+00:00","article:publisher":"https:\/\/facebook.com\/eldigitaldeasturias","twitter:card":"summary_large_image","twitter:title":"Andaluc\u00eda aboga ante la UE por una legislaci\u00f3n que evite las pr\u00e1cticas comerciales desleales - El Digital de Asturias","twitter:description":"La Consejer\u00eda de Agricultura, Pesca y Desarrollo Rural ha trasladado a la Comisi\u00f3n Europa la necesidad de llevar a cabo una regulaci\u00f3n, a escala de la Uni\u00f3n, que permita afrontar la problem\u00e1tica de las pr\u00e1cticas comerciales desleales entre operadores de distintos Estados miembros. Andaluc\u00eda considera que una legislaci\u00f3n a escala de la Uni\u00f3n Europea que","twitter:image":"https:\/\/www.eldigitaldeasturias.com\/noticias\/wp-content\/uploads\/2020\/12\/EDA-1.jpg","twitter:label1":"Escrito por","twitter:data1":"El Digital de Asturias","twitter:label2":"Tiempo de lectura estimado","twitter:data2":"2 minutos"},"aioseo_meta_data":{"post_id":"951431","title":null,"description":null,"keywords":null,"keyphrases":null,"primary_term":null,"canonical_url":null,"og_title":null,"og_description":null,"og_object_type":"default","og_image_type":"default","og_image_url":null,"og_image_width":null,"og_image_height":null,"og_image_custom_url":null,"og_image_custom_fields":null,"og_video":null,"og_custom_url":null,"og_article_section":null,"og_article_tags":null,"twitter_use_og":false,"twitter_card":"default","twitter_image_type":"default","twitter_image_url":null,"twitter_image_custom_url":null,"twitter_image_custom_fields":null,"twitter_title":null,"twitter_description":null,"schema":{"blockGraphs":[],"customGraphs":[],"default":{"data":{"Article":[],"Course":[],"Dataset":[],"FAQPage":[],"Movie":[],"Person":[],"Product":[],"ProductReview":[],"Car":[],"Recipe":[],"Service":[],"SoftwareApplication":[],"WebPage":[]},"graphName":"","isEnabled":true},"graphs":[],"defaultGraph":"","defaultPostTypeGraph":""},"schema_type":null,"schema_type_options":null,"pillar_content":false,"robots_default":true,"robots_noindex":false,"robots_noarchive":false,"robots_nosnippet":false,"robots_nofollow":false,"robots_noimageindex":false,"robots_noodp":false,"robots_notranslate":false,"robots_max_snippet":null,"robots_max_videopreview":null,"robots_max_imagepreview":"large","priority":null,"frequency":null,"local_seo":null,"seo_analyzer_scan_date":"2025-12-05 19:12:10","breadcrumb_settings":null,"limit_modified_date":false,"open_ai":null,"ai":null,"created":"2020-12-21 12:58:14","updated":"2025-12-05 19:12:10","focus_keyword":null,"additional_keywords":null,"truseo_locale":null},"aioseo_breadcrumb":"<div class=\"aioseo-breadcrumbs\"><span class=\"aioseo-breadcrumb\">\n\t<a href=\"https:\/\/www.eldigitaldeasturias.com\/noticias\" title=\"Home\">Home<\/a>\n<\/span><span class=\"aioseo-breadcrumb-separator\">\u2013<\/span><span class=\"aioseo-breadcrumb\">\n\t<a href=\"https:\/\/www.eldigitaldeasturias.com\/noticias\/category\/actualidad\/\" title=\"Actualidad\">Actualidad<\/a>\n<\/span><span class=\"aioseo-breadcrumb-separator\">\u2013<\/span><span class=\"aioseo-breadcrumb\">\n\t<a href=\"https:\/\/www.eldigitaldeasturias.com\/noticias\/andalucia-aboga-ante-la-ue-por-una-legislacion-que-evite-las-practicas-comerciales-desleales\/\" title=\"Andaluc\u00eda aboga ante la UE por una legislaci\u00f3n que evite las pr\u00e1cticas comerciales desleales\">Andaluc\u00eda aboga ante la UE por una legislaci\u00f3n que evite las pr\u00e1cticas comerciales desleales<\/a>\n<\/span><\/div>","aioseo_breadcrumb_json":[{"label":"Home","link":"https:\/\/www.eldigitaldeasturias.com\/noticias"},{"label":"Actualidad","link":"https:\/\/www.eldigitaldeasturias.com\/noticias\/category\/actualidad\/"},{"label":"Andaluc\u00eda aboga ante la UE por una legislaci\u00f3n que evite las pr\u00e1cticas comerciales desleales","link":"https:\/\/www.eldigitaldeasturias.com\/noticias\/andalucia-aboga-ante-la-ue-por-una-legislacion-que-evite-las-practicas-comerciales-desleales\/"}],"_links":{"self":[{"href":"https:\/\/www.eldigitaldeasturias.com\/noticias\/wp-json\/wp\/v2\/posts\/951431","targetHints":{"allow":["GET"]}}],"collection":[{"href":"https:\/\/www.eldigitaldeasturias.com\/noticias\/wp-json\/wp\/v2\/posts"}],"about":[{"href":"https:\/\/www.eldigitaldeasturias.com\/noticias\/wp-json\/wp\/v2\/types\/post"}],"author":[{"embeddable":true,"href":"https:\/\/www.eldigitaldeasturias.com\/noticias\/wp-json\/wp\/v2\/users\/1"}],"replies":[{"embeddable":true,"href":"https:\/\/www.eldigitaldeasturias.com\/noticias\/wp-json\/wp\/v2\/comments?post=951431"}],"version-history":[{"count":0,"href":"https:\/\/www.eldigitaldeasturias.com\/noticias\/wp-json\/wp\/v2\/posts\/951431\/revisions"}],"wp:attachment":[{"href":"https:\/\/www.eldigitaldeasturias.com\/noticias\/wp-json\/wp\/v2\/media?parent=951431"}],"wp:term":[{"taxonomy":"category","embeddable":true,"href":"https:\/\/www.eldigitaldeasturias.com\/noticias\/wp-json\/wp\/v2\/categories?post=951431"},{"taxonomy":"post_tag","embeddable":true,"href":"https:\/\/www.eldigitaldeasturias.com\/noticias\/wp-json\/wp\/v2\/tags?post=951431"}],"curies":[{"name":"wp","href":"https:\/\/api.w.org\/{rel}","templated":true}]}}