{"id":951419,"date":"2017-08-30T21:42:01","date_gmt":"2017-08-30T21:42:01","guid":{"rendered":"http:\/\/www.eldigitaldeasturias.com\/noticias\/?p=951419"},"modified":"2017-08-30T21:42:01","modified_gmt":"2017-08-30T21:42:01","slug":"el-rally-cinematografico-desafio-bunuel-ya-rueda-en-teruel","status":"publish","type":"post","link":"https:\/\/www.eldigitaldeasturias.com\/noticias\/el-rally-cinematografico-desafio-bunuel-ya-rueda-en-teruel\/","title":{"rendered":"El Rally Cinematogr\u00e1fico Desaf\u00edo Bu\u00f1uel ya \u201crueda\u201d en Teruel"},"content":{"rendered":"<p><img loading=\"lazy\" decoding=\"async\" class=\"alignleft size-medium wp-image-951420\" src=\"https:\/\/www.eldigitaldeasturias.com\/noticias\/wp-content\/uploads\/2017\/08\/Desafio-360x159.jpg\" alt=\"\" width=\"360\" height=\"159\" \/>La consejera de Educaci\u00f3n, Cultura y Deporte del Gobierno de Arag\u00f3n, Mayte P\u00e9rez, ha dado la bienvenida en el Jard\u00edn de la Fundaci\u00f3n Amantes de Teruel a los equipos de filmaci\u00f3n, procedentes de diferentes puntos de Espa\u00f1a y de M\u00e9xico, que participan en el I Rally Cinematogr\u00e1fico Desaf\u00edo Bu\u00f1uel, que se celebra hasta el 2 de septiembre. En su intervenci\u00f3n, P\u00e9rez ha subrayado que \u201cArag\u00f3n, a trav\u00e9s de sus festivales de cine, de sus profesionales y ahora de la mano de la Arag\u00f3n Film Commission, se ha convertido en un lugar id\u00f3neo para hacer cine\u201d.<\/p>\n<p>Mayte P\u00e9rez tambi\u00e9n se ha dirigido a los integrantes de los equipos participantes en esta primera edici\u00f3n: \u201cSois herederos de nuestro maestro Bu\u00f1uel, y estamos seguros de que esta experiencia os va a enriquecer cultural y personalmente. Os recibimos en este jard\u00edn tan ilusionados como lo est\u00e1is vosotros, llenos de pasi\u00f3n por el cine y por nuestra ciudad\u201d, ha dicho. Y no han faltado palabras de agradecimiento al director de Desaf\u00edo Bu\u00f1uel, Esteban L\u00f3pez Juder\u00edas, por \u201capostar por el cine, por ayudarnos a hacer de Teruel un gran plat\u00f3 y un lugar tan atractivo este fin de semana, el primero de muchos, de muchas ediciones en las que los j\u00f3venes creadores de aqu\u00ed, y del otro lado del charco, desaf\u00eden al gran maestro calandino con sus cortos y sus historias\u201d.<\/p>\n<p>&nbsp;<\/p>\n<p>&nbsp;<\/p>\n","protected":false},"excerpt":{"rendered":"<p>La consejera de Educaci\u00f3n, Cultura y Deporte del Gobierno de Arag\u00f3n, Mayte P\u00e9rez, ha dado la bienvenida en el Jard\u00edn de la Fundaci\u00f3n Amantes de Teruel a los equipos de filmaci\u00f3n, procedentes de diferentes puntos de Espa\u00f1a y de M\u00e9xico, que participan en el I Rally Cinematogr\u00e1fico Desaf\u00edo Bu\u00f1uel, que se celebra hasta el 2 [&hellip;]<\/p>\n","protected":false},"author":1,"featured_media":951420,"comment_status":"closed","ping_status":"closed","sticky":false,"template":"","format":"standard","meta":{"footnotes":""},"categories":[1],"tags":[],"class_list":["post-951419","post","type-post","status-publish","format-standard","has-post-thumbnail","hentry","category-actualidad"],"aioseo_notices":[],"aioseo_head":"\n\t\t<!-- All in One SEO Pro 5.0.1 - aioseo.com -->\n\t<meta name=\"description\" content=\"La consejera de Educaci\u00f3n, Cultura y Deporte del Gobierno de Arag\u00f3n, Mayte P\u00e9rez, ha dado la bienvenida en el Jard\u00edn de la Fundaci\u00f3n Amantes de Teruel a los equipos de filmaci\u00f3n, procedentes de diferentes puntos de Espa\u00f1a y de M\u00e9xico, que participan en el I Rally Cinematogr\u00e1fico Desaf\u00edo Bu\u00f1uel, que se celebra hasta el 2\" \/>\n\t<meta name=\"robots\" content=\"max-image-preview:large\" \/>\n\t<meta name=\"author\" content=\"El Digital de Asturias\"\/>\n\t<meta name=\"google-site-verification\" content=\"UA-38556648-1\" \/>\n\t<meta name=\"msvalidate.01\" content=\"7dfe9f3f1b24437ab69f4f2559babe99\" \/>\n\t<meta name=\"keywords\" content=\"actualidad\" \/>\n\t<link rel=\"canonical\" href=\"https:\/\/www.eldigitaldeasturias.com\/noticias\/el-rally-cinematografico-desafio-bunuel-ya-rueda-en-teruel\/\" \/>\n\t<meta name=\"generator\" content=\"All in One SEO Pro (AIOSEO) 5.0.1\" \/>\n\t\t<meta property=\"og:locale\" content=\"es_ES\" \/>\n\t\t<meta property=\"og:site_name\" content=\"El Digital de Asturias\" \/>\n\t\t<meta property=\"og:type\" content=\"article\" \/>\n\t\t<meta property=\"og:title\" content=\"El Rally Cinematogr\u00e1fico Desaf\u00edo Bu\u00f1uel ya \u201crueda\u201d en Teruel - El Digital de Asturias\" \/>\n\t\t<meta property=\"og:description\" content=\"La consejera de Educaci\u00f3n, Cultura y Deporte del Gobierno de Arag\u00f3n, Mayte P\u00e9rez, ha dado la bienvenida en el Jard\u00edn de la Fundaci\u00f3n Amantes de Teruel a los equipos de filmaci\u00f3n, procedentes de diferentes puntos de Espa\u00f1a y de M\u00e9xico, que participan en el I Rally Cinematogr\u00e1fico Desaf\u00edo Bu\u00f1uel, que se celebra hasta el 2\" \/>\n\t\t<meta property=\"og:url\" content=\"https:\/\/www.eldigitaldeasturias.com\/noticias\/el-rally-cinematografico-desafio-bunuel-ya-rueda-en-teruel\/\" \/>\n\t\t<meta property=\"article:tag\" content=\"actualidad\" \/>\n\t\t<meta property=\"article:published_time\" content=\"2017-08-30T21:42:01+00:00\" \/>\n\t\t<meta property=\"article:modified_time\" content=\"2017-08-30T21:42:01+00:00\" \/>\n\t\t<meta property=\"article:publisher\" content=\"https:\/\/facebook.com\/eldigitaldeasturias\" \/>\n\t\t<meta name=\"twitter:card\" content=\"summary_large_image\" \/>\n\t\t<meta name=\"twitter:title\" content=\"El Rally Cinematogr\u00e1fico Desaf\u00edo Bu\u00f1uel ya \u201crueda\u201d en Teruel - El Digital de Asturias\" \/>\n\t\t<meta name=\"twitter:description\" content=\"La consejera de Educaci\u00f3n, Cultura y Deporte del Gobierno de Arag\u00f3n, Mayte P\u00e9rez, ha dado la bienvenida en el Jard\u00edn de la Fundaci\u00f3n Amantes de Teruel a los equipos de filmaci\u00f3n, procedentes de diferentes puntos de Espa\u00f1a y de M\u00e9xico, que participan en el I Rally Cinematogr\u00e1fico Desaf\u00edo Bu\u00f1uel, que se celebra hasta el 2\" \/>\n\t\t<meta name=\"twitter:image\" content=\"https:\/\/www.eldigitaldeasturias.com\/noticias\/wp-content\/uploads\/2020\/12\/EDA-1.jpg\" \/>\n\t\t<meta name=\"twitter:label1\" content=\"Escrito por\" \/>\n\t\t<meta name=\"twitter:data1\" content=\"El Digital de Asturias\" \/>\n\t\t<meta name=\"twitter:label2\" content=\"Tiempo de lectura estimado\" \/>\n\t\t<meta name=\"twitter:data2\" content=\"1 minuto\" \/>\n\t\t<script type=\"application\/ld+json\" class=\"aioseo-schema\">\n\t\t\t{\"@context\":\"https:\\\/\\\/schema.org\",\"@graph\":[{\"@type\":\"BlogPosting\",\"@id\":\"https:\\\/\\\/www.eldigitaldeasturias.com\\\/noticias\\\/el-rally-cinematografico-desafio-bunuel-ya-rueda-en-teruel\\\/#blogposting\",\"name\":\"El Rally Cinematogr\\u00e1fico Desaf\\u00edo Bu\\u00f1uel ya \\u201crueda\\u201d en Teruel - El Digital de Asturias\",\"headline\":\"El Rally Cinematogr\\u00e1fico Desaf\\u00edo Bu\\u00f1uel ya \\u201crueda\\u201d en Teruel\",\"author\":{\"@id\":\"https:\\\/\\\/www.eldigitaldeasturias.com\\\/noticias\\\/author\\\/admin\\\/#author\"},\"publisher\":{\"@id\":\"https:\\\/\\\/www.eldigitaldeasturias.com\\\/noticias\\\/#organization\"},\"image\":{\"@type\":\"ImageObject\",\"url\":951420},\"datePublished\":\"2017-08-30T21:42:01+02:00\",\"dateModified\":\"2017-08-30T21:42:01+02:00\",\"inLanguage\":\"es-ES\",\"mainEntityOfPage\":{\"@id\":\"https:\\\/\\\/www.eldigitaldeasturias.com\\\/noticias\\\/el-rally-cinematografico-desafio-bunuel-ya-rueda-en-teruel\\\/#webpage\"},\"isPartOf\":{\"@id\":\"https:\\\/\\\/www.eldigitaldeasturias.com\\\/noticias\\\/el-rally-cinematografico-desafio-bunuel-ya-rueda-en-teruel\\\/#webpage\"},\"articleSection\":\"Actualidad\"},{\"@type\":\"BreadcrumbList\",\"@id\":\"https:\\\/\\\/www.eldigitaldeasturias.com\\\/noticias\\\/el-rally-cinematografico-desafio-bunuel-ya-rueda-en-teruel\\\/#breadcrumblist\",\"itemListElement\":[{\"@type\":\"ListItem\",\"@id\":\"https:\\\/\\\/www.eldigitaldeasturias.com\\\/noticias#listItem\",\"position\":1,\"name\":\"Home\",\"item\":\"https:\\\/\\\/www.eldigitaldeasturias.com\\\/noticias\",\"nextItem\":{\"@type\":\"ListItem\",\"@id\":\"https:\\\/\\\/www.eldigitaldeasturias.com\\\/noticias\\\/category\\\/actualidad\\\/#listItem\",\"name\":\"Actualidad\"}},{\"@type\":\"ListItem\",\"@id\":\"https:\\\/\\\/www.eldigitaldeasturias.com\\\/noticias\\\/category\\\/actualidad\\\/#listItem\",\"position\":2,\"name\":\"Actualidad\",\"item\":\"https:\\\/\\\/www.eldigitaldeasturias.com\\\/noticias\\\/category\\\/actualidad\\\/\",\"nextItem\":{\"@type\":\"ListItem\",\"@id\":\"https:\\\/\\\/www.eldigitaldeasturias.com\\\/noticias\\\/el-rally-cinematografico-desafio-bunuel-ya-rueda-en-teruel\\\/#listItem\",\"name\":\"El Rally Cinematogr\\u00e1fico Desaf\\u00edo Bu\\u00f1uel ya \\u201crueda\\u201d en Teruel\"},\"previousItem\":{\"@type\":\"ListItem\",\"@id\":\"https:\\\/\\\/www.eldigitaldeasturias.com\\\/noticias#listItem\",\"name\":\"Home\"}},{\"@type\":\"ListItem\",\"@id\":\"https:\\\/\\\/www.eldigitaldeasturias.com\\\/noticias\\\/el-rally-cinematografico-desafio-bunuel-ya-rueda-en-teruel\\\/#listItem\",\"position\":3,\"name\":\"El Rally Cinematogr\\u00e1fico Desaf\\u00edo Bu\\u00f1uel ya \\u201crueda\\u201d en Teruel\",\"previousItem\":{\"@type\":\"ListItem\",\"@id\":\"https:\\\/\\\/www.eldigitaldeasturias.com\\\/noticias\\\/category\\\/actualidad\\\/#listItem\",\"name\":\"Actualidad\"}}]},{\"@type\":\"Organization\",\"@id\":\"https:\\\/\\\/www.eldigitaldeasturias.com\\\/noticias\\\/#organization\",\"name\":\"El Digital de Asturias\",\"description\":\"Hemeroteca\",\"url\":\"https:\\\/\\\/www.eldigitaldeasturias.com\\\/noticias\\\/\",\"email\":\"info@eldigitaldeasturias.com\",\"telephone\":\"+34652131393\",\"logo\":{\"@type\":\"ImageObject\",\"url\":\"https:\\\/\\\/www.eldigitaldeasturias.com\\\/noticias\\\/wp-content\\\/uploads\\\/2020\\\/12\\\/EDA.jpg\",\"@id\":\"https:\\\/\\\/www.eldigitaldeasturias.com\\\/noticias\\\/el-rally-cinematografico-desafio-bunuel-ya-rueda-en-teruel\\\/#organizationLogo\"},\"image\":{\"@id\":\"https:\\\/\\\/www.eldigitaldeasturias.com\\\/noticias\\\/el-rally-cinematografico-desafio-bunuel-ya-rueda-en-teruel\\\/#organizationLogo\"},\"sameAs\":[\"https:\\\/\\\/facebook.com\\\/eldigitaldeasturias\",\"https:\\\/\\\/www.youtube.com\\\/channel\\\/UCZP-2wLEB9Rv6erhFmqVnvg\"],\"address\":{\"@id\":\"https:\\\/\\\/www.eldigitaldeasturias.com\\\/noticias\\\/#postaladdress\",\"@type\":\"PostalAddress\",\"streetAddress\":\"san antonio 4\",\"postalCode\":\"33430\",\"addressLocality\":\"Cand\\u00e1s\",\"addressRegion\":\"Asturias\",\"addressCountry\":\"ES\"}},{\"@type\":\"Person\",\"@id\":\"https:\\\/\\\/www.eldigitaldeasturias.com\\\/noticias\\\/author\\\/admin\\\/#author\",\"url\":\"https:\\\/\\\/www.eldigitaldeasturias.com\\\/noticias\\\/author\\\/admin\\\/\",\"name\":\"El Digital de Asturias\",\"image\":{\"@type\":\"ImageObject\",\"@id\":\"https:\\\/\\\/www.eldigitaldeasturias.com\\\/noticias\\\/el-rally-cinematografico-desafio-bunuel-ya-rueda-en-teruel\\\/#authorImage\",\"url\":\"https:\\\/\\\/secure.gravatar.com\\\/avatar\\\/df2aeffc32bcd13f8d26072ef8a91b623d677766deac7f97ca815868cd41bf5e?s=96&d=mm&r=g\",\"width\":96,\"height\":96,\"caption\":\"El Digital de Asturias\"}},{\"@type\":\"WebPage\",\"@id\":\"https:\\\/\\\/www.eldigitaldeasturias.com\\\/noticias\\\/el-rally-cinematografico-desafio-bunuel-ya-rueda-en-teruel\\\/#webpage\",\"url\":\"https:\\\/\\\/www.eldigitaldeasturias.com\\\/noticias\\\/el-rally-cinematografico-desafio-bunuel-ya-rueda-en-teruel\\\/\",\"name\":\"El Rally Cinematogr\\u00e1fico Desaf\\u00edo Bu\\u00f1uel ya \\u201crueda\\u201d en Teruel - El Digital de Asturias\",\"description\":\"La consejera de Educaci\\u00f3n, Cultura y Deporte del Gobierno de Arag\\u00f3n, Mayte P\\u00e9rez, ha dado la bienvenida en el Jard\\u00edn de la Fundaci\\u00f3n Amantes de Teruel a los equipos de filmaci\\u00f3n, procedentes de diferentes puntos de Espa\\u00f1a y de M\\u00e9xico, que participan en el I Rally Cinematogr\\u00e1fico Desaf\\u00edo Bu\\u00f1uel, que se celebra hasta el 2\",\"inLanguage\":\"es-ES\",\"isPartOf\":{\"@id\":\"https:\\\/\\\/www.eldigitaldeasturias.com\\\/noticias\\\/#website\"},\"breadcrumb\":{\"@id\":\"https:\\\/\\\/www.eldigitaldeasturias.com\\\/noticias\\\/el-rally-cinematografico-desafio-bunuel-ya-rueda-en-teruel\\\/#breadcrumblist\"},\"author\":{\"@id\":\"https:\\\/\\\/www.eldigitaldeasturias.com\\\/noticias\\\/author\\\/admin\\\/#author\"},\"creator\":{\"@id\":\"https:\\\/\\\/www.eldigitaldeasturias.com\\\/noticias\\\/author\\\/admin\\\/#author\"},\"image\":{\"@type\":\"ImageObject\",\"url\":951420,\"@id\":\"https:\\\/\\\/www.eldigitaldeasturias.com\\\/noticias\\\/el-rally-cinematografico-desafio-bunuel-ya-rueda-en-teruel\\\/#mainImage\"},\"primaryImageOfPage\":{\"@id\":\"https:\\\/\\\/www.eldigitaldeasturias.com\\\/noticias\\\/el-rally-cinematografico-desafio-bunuel-ya-rueda-en-teruel\\\/#mainImage\"},\"datePublished\":\"2017-08-30T21:42:01+02:00\",\"dateModified\":\"2017-08-30T21:42:01+02:00\"},{\"@type\":\"WebSite\",\"@id\":\"https:\\\/\\\/www.eldigitaldeasturias.com\\\/noticias\\\/#website\",\"url\":\"https:\\\/\\\/www.eldigitaldeasturias.com\\\/noticias\\\/\",\"name\":\"El Digital de Asturias - Diario de actualidad y noticias\",\"alternateName\":\"El Digital de Asturias - Diario de actualidad y noticias\",\"description\":\"Hemeroteca\",\"inLanguage\":\"es-ES\",\"publisher\":{\"@id\":\"https:\\\/\\\/www.eldigitaldeasturias.com\\\/noticias\\\/#organization\"}}]}\n\t\t<\/script>\n\t\t<!-- All in One SEO Pro -->\r\n\t\t<title>El Rally Cinematogr\u00e1fico Desaf\u00edo Bu\u00f1uel ya \u201crueda\u201d en Teruel - El Digital de Asturias<\/title>\n\n","aioseo_head_json":{"title":"El Rally Cinematogr\u00e1fico Desaf\u00edo Bu\u00f1uel ya \u201crueda\u201d en Teruel - El Digital de Asturias","description":"La consejera de Educaci\u00f3n, Cultura y Deporte del Gobierno de Arag\u00f3n, Mayte P\u00e9rez, ha dado la bienvenida en el Jard\u00edn de la Fundaci\u00f3n Amantes de Teruel a los equipos de filmaci\u00f3n, procedentes de diferentes puntos de Espa\u00f1a y de M\u00e9xico, que participan en el I Rally Cinematogr\u00e1fico Desaf\u00edo Bu\u00f1uel, que se celebra hasta el 2","canonical_url":"https:\/\/www.eldigitaldeasturias.com\/noticias\/el-rally-cinematografico-desafio-bunuel-ya-rueda-en-teruel\/","robots":"max-image-preview:large","keywords":"actualidad","webmasterTools":{"google-site-verification":"UA-38556648-1","msvalidate.01":"7dfe9f3f1b24437ab69f4f2559babe99","miscellaneous":""},"schema":{"@context":"https:\/\/schema.org","@graph":[{"@type":"BlogPosting","@id":"https:\/\/www.eldigitaldeasturias.com\/noticias\/el-rally-cinematografico-desafio-bunuel-ya-rueda-en-teruel\/#blogposting","name":"El Rally Cinematogr\u00e1fico Desaf\u00edo Bu\u00f1uel ya \u201crueda\u201d en Teruel - El Digital de Asturias","headline":"El Rally Cinematogr\u00e1fico Desaf\u00edo Bu\u00f1uel ya \u201crueda\u201d en Teruel","author":{"@id":"https:\/\/www.eldigitaldeasturias.com\/noticias\/author\/admin\/#author"},"publisher":{"@id":"https:\/\/www.eldigitaldeasturias.com\/noticias\/#organization"},"image":{"@type":"ImageObject","url":951420},"datePublished":"2017-08-30T21:42:01+02:00","dateModified":"2017-08-30T21:42:01+02:00","inLanguage":"es-ES","mainEntityOfPage":{"@id":"https:\/\/www.eldigitaldeasturias.com\/noticias\/el-rally-cinematografico-desafio-bunuel-ya-rueda-en-teruel\/#webpage"},"isPartOf":{"@id":"https:\/\/www.eldigitaldeasturias.com\/noticias\/el-rally-cinematografico-desafio-bunuel-ya-rueda-en-teruel\/#webpage"},"articleSection":"Actualidad"},{"@type":"BreadcrumbList","@id":"https:\/\/www.eldigitaldeasturias.com\/noticias\/el-rally-cinematografico-desafio-bunuel-ya-rueda-en-teruel\/#breadcrumblist","itemListElement":[{"@type":"ListItem","@id":"https:\/\/www.eldigitaldeasturias.com\/noticias#listItem","position":1,"name":"Home","item":"https:\/\/www.eldigitaldeasturias.com\/noticias","nextItem":{"@type":"ListItem","@id":"https:\/\/www.eldigitaldeasturias.com\/noticias\/category\/actualidad\/#listItem","name":"Actualidad"}},{"@type":"ListItem","@id":"https:\/\/www.eldigitaldeasturias.com\/noticias\/category\/actualidad\/#listItem","position":2,"name":"Actualidad","item":"https:\/\/www.eldigitaldeasturias.com\/noticias\/category\/actualidad\/","nextItem":{"@type":"ListItem","@id":"https:\/\/www.eldigitaldeasturias.com\/noticias\/el-rally-cinematografico-desafio-bunuel-ya-rueda-en-teruel\/#listItem","name":"El Rally Cinematogr\u00e1fico Desaf\u00edo Bu\u00f1uel ya \u201crueda\u201d en Teruel"},"previousItem":{"@type":"ListItem","@id":"https:\/\/www.eldigitaldeasturias.com\/noticias#listItem","name":"Home"}},{"@type":"ListItem","@id":"https:\/\/www.eldigitaldeasturias.com\/noticias\/el-rally-cinematografico-desafio-bunuel-ya-rueda-en-teruel\/#listItem","position":3,"name":"El Rally Cinematogr\u00e1fico Desaf\u00edo Bu\u00f1uel ya \u201crueda\u201d en Teruel","previousItem":{"@type":"ListItem","@id":"https:\/\/www.eldigitaldeasturias.com\/noticias\/category\/actualidad\/#listItem","name":"Actualidad"}}]},{"@type":"Organization","@id":"https:\/\/www.eldigitaldeasturias.com\/noticias\/#organization","name":"El Digital de Asturias","description":"Hemeroteca","url":"https:\/\/www.eldigitaldeasturias.com\/noticias\/","email":"info@eldigitaldeasturias.com","telephone":"+34652131393","logo":{"@type":"ImageObject","url":"https:\/\/www.eldigitaldeasturias.com\/noticias\/wp-content\/uploads\/2020\/12\/EDA.jpg","@id":"https:\/\/www.eldigitaldeasturias.com\/noticias\/el-rally-cinematografico-desafio-bunuel-ya-rueda-en-teruel\/#organizationLogo"},"image":{"@id":"https:\/\/www.eldigitaldeasturias.com\/noticias\/el-rally-cinematografico-desafio-bunuel-ya-rueda-en-teruel\/#organizationLogo"},"sameAs":["https:\/\/facebook.com\/eldigitaldeasturias","https:\/\/www.youtube.com\/channel\/UCZP-2wLEB9Rv6erhFmqVnvg"],"address":{"@id":"https:\/\/www.eldigitaldeasturias.com\/noticias\/#postaladdress","@type":"PostalAddress","streetAddress":"san antonio 4","postalCode":"33430","addressLocality":"Cand\u00e1s","addressRegion":"Asturias","addressCountry":"ES"}},{"@type":"Person","@id":"https:\/\/www.eldigitaldeasturias.com\/noticias\/author\/admin\/#author","url":"https:\/\/www.eldigitaldeasturias.com\/noticias\/author\/admin\/","name":"El Digital de Asturias","image":{"@type":"ImageObject","@id":"https:\/\/www.eldigitaldeasturias.com\/noticias\/el-rally-cinematografico-desafio-bunuel-ya-rueda-en-teruel\/#authorImage","url":"https:\/\/secure.gravatar.com\/avatar\/df2aeffc32bcd13f8d26072ef8a91b623d677766deac7f97ca815868cd41bf5e?s=96&d=mm&r=g","width":96,"height":96,"caption":"El Digital de Asturias"}},{"@type":"WebPage","@id":"https:\/\/www.eldigitaldeasturias.com\/noticias\/el-rally-cinematografico-desafio-bunuel-ya-rueda-en-teruel\/#webpage","url":"https:\/\/www.eldigitaldeasturias.com\/noticias\/el-rally-cinematografico-desafio-bunuel-ya-rueda-en-teruel\/","name":"El Rally Cinematogr\u00e1fico Desaf\u00edo Bu\u00f1uel ya \u201crueda\u201d en Teruel - El Digital de Asturias","description":"La consejera de Educaci\u00f3n, Cultura y Deporte del Gobierno de Arag\u00f3n, Mayte P\u00e9rez, ha dado la bienvenida en el Jard\u00edn de la Fundaci\u00f3n Amantes de Teruel a los equipos de filmaci\u00f3n, procedentes de diferentes puntos de Espa\u00f1a y de M\u00e9xico, que participan en el I Rally Cinematogr\u00e1fico Desaf\u00edo Bu\u00f1uel, que se celebra hasta el 2","inLanguage":"es-ES","isPartOf":{"@id":"https:\/\/www.eldigitaldeasturias.com\/noticias\/#website"},"breadcrumb":{"@id":"https:\/\/www.eldigitaldeasturias.com\/noticias\/el-rally-cinematografico-desafio-bunuel-ya-rueda-en-teruel\/#breadcrumblist"},"author":{"@id":"https:\/\/www.eldigitaldeasturias.com\/noticias\/author\/admin\/#author"},"creator":{"@id":"https:\/\/www.eldigitaldeasturias.com\/noticias\/author\/admin\/#author"},"image":{"@type":"ImageObject","url":951420,"@id":"https:\/\/www.eldigitaldeasturias.com\/noticias\/el-rally-cinematografico-desafio-bunuel-ya-rueda-en-teruel\/#mainImage"},"primaryImageOfPage":{"@id":"https:\/\/www.eldigitaldeasturias.com\/noticias\/el-rally-cinematografico-desafio-bunuel-ya-rueda-en-teruel\/#mainImage"},"datePublished":"2017-08-30T21:42:01+02:00","dateModified":"2017-08-30T21:42:01+02:00"},{"@type":"WebSite","@id":"https:\/\/www.eldigitaldeasturias.com\/noticias\/#website","url":"https:\/\/www.eldigitaldeasturias.com\/noticias\/","name":"El Digital de Asturias - Diario de actualidad y noticias","alternateName":"El Digital de Asturias - Diario de actualidad y noticias","description":"Hemeroteca","inLanguage":"es-ES","publisher":{"@id":"https:\/\/www.eldigitaldeasturias.com\/noticias\/#organization"}}]},"og:locale":"es_ES","og:site_name":"El Digital de Asturias","og:type":"article","og:title":"El Rally Cinematogr\u00e1fico Desaf\u00edo Bu\u00f1uel ya \u201crueda\u201d en Teruel - El Digital de Asturias","og:description":"La consejera de Educaci\u00f3n, Cultura y Deporte del Gobierno de Arag\u00f3n, Mayte P\u00e9rez, ha dado la bienvenida en el Jard\u00edn de la Fundaci\u00f3n Amantes de Teruel a los equipos de filmaci\u00f3n, procedentes de diferentes puntos de Espa\u00f1a y de M\u00e9xico, que participan en el I Rally Cinematogr\u00e1fico Desaf\u00edo Bu\u00f1uel, que se celebra hasta el 2","og:url":"https:\/\/www.eldigitaldeasturias.com\/noticias\/el-rally-cinematografico-desafio-bunuel-ya-rueda-en-teruel\/","article:tag":["actualidad"],"article:published_time":"2017-08-30T21:42:01+00:00","article:modified_time":"2017-08-30T21:42:01+00:00","article:publisher":"https:\/\/facebook.com\/eldigitaldeasturias","twitter:card":"summary_large_image","twitter:title":"El Rally Cinematogr\u00e1fico Desaf\u00edo Bu\u00f1uel ya \u201crueda\u201d en Teruel - El Digital de Asturias","twitter:description":"La consejera de Educaci\u00f3n, Cultura y Deporte del Gobierno de Arag\u00f3n, Mayte P\u00e9rez, ha dado la bienvenida en el Jard\u00edn de la Fundaci\u00f3n Amantes de Teruel a los equipos de filmaci\u00f3n, procedentes de diferentes puntos de Espa\u00f1a y de M\u00e9xico, que participan en el I Rally Cinematogr\u00e1fico Desaf\u00edo Bu\u00f1uel, que se celebra hasta el 2","twitter:image":"https:\/\/www.eldigitaldeasturias.com\/noticias\/wp-content\/uploads\/2020\/12\/EDA-1.jpg","twitter:label1":"Escrito por","twitter:data1":"El Digital de Asturias","twitter:label2":"Tiempo de lectura estimado","twitter:data2":"1 minuto"},"aioseo_meta_data":{"post_id":"951419","title":null,"description":null,"keywords":null,"keyphrases":null,"primary_term":null,"canonical_url":null,"og_title":null,"og_description":null,"og_object_type":"default","og_image_type":"default","og_image_url":null,"og_image_width":null,"og_image_height":null,"og_image_custom_url":null,"og_image_custom_fields":null,"og_video":null,"og_custom_url":null,"og_article_section":null,"og_article_tags":null,"twitter_use_og":false,"twitter_card":"default","twitter_image_type":"default","twitter_image_url":null,"twitter_image_custom_url":null,"twitter_image_custom_fields":null,"twitter_title":null,"twitter_description":null,"schema":{"blockGraphs":[],"customGraphs":[],"default":{"data":{"Article":[],"Course":[],"Dataset":[],"FAQPage":[],"Movie":[],"Person":[],"Product":[],"ProductReview":[],"Car":[],"Recipe":[],"Service":[],"SoftwareApplication":[],"WebPage":[]},"graphName":"","isEnabled":true},"graphs":[],"defaultGraph":"","defaultPostTypeGraph":""},"schema_type":null,"schema_type_options":null,"pillar_content":false,"robots_default":true,"robots_noindex":false,"robots_noarchive":false,"robots_nosnippet":false,"robots_nofollow":false,"robots_noimageindex":false,"robots_noodp":false,"robots_notranslate":false,"robots_max_snippet":null,"robots_max_videopreview":null,"robots_max_imagepreview":"large","priority":null,"frequency":null,"local_seo":null,"seo_analyzer_scan_date":"2025-12-05 19:10:10","breadcrumb_settings":null,"limit_modified_date":false,"open_ai":null,"ai":null,"created":"2020-12-21 12:58:15","updated":"2025-12-05 19:10:10","focus_keyword":null,"additional_keywords":null,"truseo_locale":null},"aioseo_breadcrumb":"<div class=\"aioseo-breadcrumbs\"><span class=\"aioseo-breadcrumb\">\n\t<a href=\"https:\/\/www.eldigitaldeasturias.com\/noticias\" title=\"Home\">Home<\/a>\n<\/span><span class=\"aioseo-breadcrumb-separator\">\u2013<\/span><span class=\"aioseo-breadcrumb\">\n\t<a href=\"https:\/\/www.eldigitaldeasturias.com\/noticias\/category\/actualidad\/\" title=\"Actualidad\">Actualidad<\/a>\n<\/span><span class=\"aioseo-breadcrumb-separator\">\u2013<\/span><span class=\"aioseo-breadcrumb\">\n\t<a href=\"https:\/\/www.eldigitaldeasturias.com\/noticias\/el-rally-cinematografico-desafio-bunuel-ya-rueda-en-teruel\/\" title=\"El Rally Cinematogr\u00e1fico Desaf\u00edo Bu\u00f1uel ya \u201crueda\u201d en Teruel\">El Rally Cinematogr\u00e1fico Desaf\u00edo Bu\u00f1uel ya \u201crueda\u201d en Teruel<\/a>\n<\/span><\/div>","aioseo_breadcrumb_json":[{"label":"Home","link":"https:\/\/www.eldigitaldeasturias.com\/noticias"},{"label":"Actualidad","link":"https:\/\/www.eldigitaldeasturias.com\/noticias\/category\/actualidad\/"},{"label":"El Rally Cinematogr\u00e1fico Desaf\u00edo Bu\u00f1uel ya \u201crueda\u201d en Teruel","link":"https:\/\/www.eldigitaldeasturias.com\/noticias\/el-rally-cinematografico-desafio-bunuel-ya-rueda-en-teruel\/"}],"_links":{"self":[{"href":"https:\/\/www.eldigitaldeasturias.com\/noticias\/wp-json\/wp\/v2\/posts\/951419","targetHints":{"allow":["GET"]}}],"collection":[{"href":"https:\/\/www.eldigitaldeasturias.com\/noticias\/wp-json\/wp\/v2\/posts"}],"about":[{"href":"https:\/\/www.eldigitaldeasturias.com\/noticias\/wp-json\/wp\/v2\/types\/post"}],"author":[{"embeddable":true,"href":"https:\/\/www.eldigitaldeasturias.com\/noticias\/wp-json\/wp\/v2\/users\/1"}],"replies":[{"embeddable":true,"href":"https:\/\/www.eldigitaldeasturias.com\/noticias\/wp-json\/wp\/v2\/comments?post=951419"}],"version-history":[{"count":0,"href":"https:\/\/www.eldigitaldeasturias.com\/noticias\/wp-json\/wp\/v2\/posts\/951419\/revisions"}],"wp:attachment":[{"href":"https:\/\/www.eldigitaldeasturias.com\/noticias\/wp-json\/wp\/v2\/media?parent=951419"}],"wp:term":[{"taxonomy":"category","embeddable":true,"href":"https:\/\/www.eldigitaldeasturias.com\/noticias\/wp-json\/wp\/v2\/categories?post=951419"},{"taxonomy":"post_tag","embeddable":true,"href":"https:\/\/www.eldigitaldeasturias.com\/noticias\/wp-json\/wp\/v2\/tags?post=951419"}],"curies":[{"name":"wp","href":"https:\/\/api.w.org\/{rel}","templated":true}]}}