{"id":951413,"date":"2017-08-30T21:28:16","date_gmt":"2017-08-30T21:28:16","guid":{"rendered":"http:\/\/www.eldigitaldeasturias.com\/noticias\/?p=951413"},"modified":"2017-08-30T21:28:16","modified_gmt":"2017-08-30T21:28:16","slug":"la-coleccion-circa-xx-podra-verse-en-barbastro-hasta-el-7-de-octubre","status":"publish","type":"post","link":"https:\/\/www.eldigitaldeasturias.com\/noticias\/la-coleccion-circa-xx-podra-verse-en-barbastro-hasta-el-7-de-octubre\/","title":{"rendered":"La Colecci\u00f3n Circa XX podr\u00e1 verse en Barbastro hasta el 7 de octubre"},"content":{"rendered":"<p><img loading=\"lazy\" decoding=\"async\" class=\"alignleft size-medium wp-image-951414\" src=\"https:\/\/www.eldigitaldeasturias.com\/noticias\/wp-content\/uploads\/2017\/08\/Circa_XX_a7689670-360x159.jpg\" alt=\"\" width=\"360\" height=\"159\" \/>La sala de exposiciones Goya de la UNED de Barbastro inaugura ma\u00f1ana a las 19.00 la exposici\u00f3n \u2018Fotograf\u00eda en la Colecci\u00f3n Circa XX. Tradici\u00f3n y renovaci\u00f3n\u2019, una selecci\u00f3n de 21 im\u00e1genes de grandes autores que forma parte de los fondos permanentes del IAACC Pablo Serrano.<\/p>\n<p>La muestra ha sido impulsada por la Direcci\u00f3n General de Cultura y Patrimonio del Gobierno de Arag\u00f3n y la Fundaci\u00f3n Aragonesa Colecci\u00f3n Circa XX, y cuenta con la colaboraci\u00f3n de la UNED de Barbastro y la Fundaci\u00f3n Ram\u00f3n J. Sender. Comisariada por el Conservador de la Colecci\u00f3n, Fernando Sarr\u00eda, consta de una selecci\u00f3n de fotograf\u00edas en torno a una serie de temas comunes que perviven a lo largo de la Historia del Arte. En concreto, esta muestra se articula en cuatro m\u00f3dulos tem\u00e1ticos, que son el eje del recorrido expositivo: el paisaje desde muy diferentes \u00f3pticas, las vistas urbanas de comienzos del siglo XXI, el retrato como protagonista o nuevos enfoques de la naturaleza muerta.<\/p>\n<p>Las im\u00e1genes que integran la exposici\u00f3n, que podr\u00e1n disfrutarse desde ma\u00f1ana en Barbastro, han salido de la c\u00e1mara de reconocidas figuras de la fotograf\u00eda como el premiado artista internacional Robert Mapplethorpe; de autores galardonados con el Premio Nacional de Artes Pl\u00e1sticas como Esther Ferrer y Antoni Muntadas; el Premio Arag\u00f3n Goya Rafael Navarro; o valores consolidados de la fotograf\u00eda en Espa\u00f1a como Aitor Ortiz y Fernando S\u00e1nchez Castillo.<\/p>\n<p>Estas 21 fotograf\u00edas pertenecen a la Colecci\u00f3n Circa XX, reunida por Pilar Citoler, una de las de mayor importancia en el panorama aragon\u00e9s y nacional, y que se integr\u00f3 en la colecci\u00f3n estable del IAACC Pablo Serrano hace cuatro a\u00f1os, a trav\u00e9s de una f\u00f3rmula mixta que inclu\u00eda compra y donaci\u00f3n. La voluntad del Departamento de Educaci\u00f3n, Cultura y Deporte es promover la difusi\u00f3n de estos fondos de arte contempor\u00e1neo por todo el territorio. Y, as\u00ed, una selecci\u00f3n de sus m\u00e1s de 1.200 obras itineran desde hace meses por todos los rincones de la Comunidad.<\/p>\n<p>Las piezas que ahora podr\u00e1n disfrutarse en la capital del Somontano se expusieron anteriormente en el Museo y la Torre de Do\u00f1a Blanca de la localidad turolense de Albarrac\u00edn. En su nueva sede, en la UNED de Barbastro, se mantendr\u00e1n hasta el pr\u00f3ximo 7 de octubre, en horario de 19.00 a 21.00 de lunes a s\u00e1bado, con entrada libre. Una oportunidad para contemplar trabajos de primer orden, reflejo de los artistas y la sociedad donde se han llevado a cabo, y otro ejemplo del creciente inter\u00e9s del p\u00fablico por la fotograf\u00eda.<\/p>\n","protected":false},"excerpt":{"rendered":"<p>La sala de exposiciones Goya de la UNED de Barbastro inaugura ma\u00f1ana a las 19.00 la exposici\u00f3n \u2018Fotograf\u00eda en la Colecci\u00f3n Circa XX. Tradici\u00f3n y renovaci\u00f3n\u2019, una selecci\u00f3n de 21 im\u00e1genes de grandes autores que forma parte de los fondos permanentes del IAACC Pablo Serrano. La muestra ha sido impulsada por la Direcci\u00f3n General de [&hellip;]<\/p>\n","protected":false},"author":1,"featured_media":951414,"comment_status":"closed","ping_status":"closed","sticky":false,"template":"","format":"standard","meta":{"footnotes":""},"categories":[1],"tags":[],"class_list":["post-951413","post","type-post","status-publish","format-standard","has-post-thumbnail","hentry","category-actualidad"],"aioseo_notices":[],"aioseo_head":"\n\t\t<!-- All in One SEO Pro 5.0.1 - aioseo.com -->\n\t<meta name=\"description\" content=\"La sala de exposiciones Goya de la UNED de Barbastro inaugura ma\u00f1ana a las 19.00 la exposici\u00f3n \u2018Fotograf\u00eda en la Colecci\u00f3n Circa XX. Tradici\u00f3n y renovaci\u00f3n\u2019, una selecci\u00f3n de 21 im\u00e1genes de grandes autores que forma parte de los fondos permanentes del IAACC Pablo Serrano. La muestra ha sido impulsada por la Direcci\u00f3n General de\" \/>\n\t<meta name=\"robots\" content=\"max-image-preview:large\" \/>\n\t<meta name=\"author\" content=\"El Digital de Asturias\"\/>\n\t<meta name=\"google-site-verification\" content=\"UA-38556648-1\" \/>\n\t<meta name=\"msvalidate.01\" content=\"7dfe9f3f1b24437ab69f4f2559babe99\" \/>\n\t<meta name=\"keywords\" content=\"actualidad\" \/>\n\t<link rel=\"canonical\" href=\"https:\/\/www.eldigitaldeasturias.com\/noticias\/la-coleccion-circa-xx-podra-verse-en-barbastro-hasta-el-7-de-octubre\/\" \/>\n\t<meta name=\"generator\" content=\"All in One SEO Pro (AIOSEO) 5.0.1\" \/>\n\t\t<meta property=\"og:locale\" content=\"es_ES\" \/>\n\t\t<meta property=\"og:site_name\" content=\"El Digital de Asturias\" \/>\n\t\t<meta property=\"og:type\" content=\"article\" \/>\n\t\t<meta property=\"og:title\" content=\"La Colecci\u00f3n Circa XX podr\u00e1 verse en Barbastro hasta el 7 de octubre - El Digital de Asturias\" \/>\n\t\t<meta property=\"og:description\" content=\"La sala de exposiciones Goya de la UNED de Barbastro inaugura ma\u00f1ana a las 19.00 la exposici\u00f3n \u2018Fotograf\u00eda en la Colecci\u00f3n Circa XX. Tradici\u00f3n y renovaci\u00f3n\u2019, una selecci\u00f3n de 21 im\u00e1genes de grandes autores que forma parte de los fondos permanentes del IAACC Pablo Serrano. La muestra ha sido impulsada por la Direcci\u00f3n General de\" \/>\n\t\t<meta property=\"og:url\" content=\"https:\/\/www.eldigitaldeasturias.com\/noticias\/la-coleccion-circa-xx-podra-verse-en-barbastro-hasta-el-7-de-octubre\/\" \/>\n\t\t<meta property=\"article:tag\" content=\"actualidad\" \/>\n\t\t<meta property=\"article:published_time\" content=\"2017-08-30T21:28:16+00:00\" \/>\n\t\t<meta property=\"article:modified_time\" content=\"2017-08-30T21:28:16+00:00\" \/>\n\t\t<meta property=\"article:publisher\" content=\"https:\/\/facebook.com\/eldigitaldeasturias\" \/>\n\t\t<meta name=\"twitter:card\" content=\"summary_large_image\" \/>\n\t\t<meta name=\"twitter:title\" content=\"La Colecci\u00f3n Circa XX podr\u00e1 verse en Barbastro hasta el 7 de octubre - El Digital de Asturias\" \/>\n\t\t<meta name=\"twitter:description\" content=\"La sala de exposiciones Goya de la UNED de Barbastro inaugura ma\u00f1ana a las 19.00 la exposici\u00f3n \u2018Fotograf\u00eda en la Colecci\u00f3n Circa XX. Tradici\u00f3n y renovaci\u00f3n\u2019, una selecci\u00f3n de 21 im\u00e1genes de grandes autores que forma parte de los fondos permanentes del IAACC Pablo Serrano. La muestra ha sido impulsada por la Direcci\u00f3n General de\" \/>\n\t\t<meta name=\"twitter:image\" content=\"https:\/\/www.eldigitaldeasturias.com\/noticias\/wp-content\/uploads\/2020\/12\/EDA-1.jpg\" \/>\n\t\t<meta name=\"twitter:label1\" content=\"Escrito por\" \/>\n\t\t<meta name=\"twitter:data1\" content=\"El Digital de Asturias\" \/>\n\t\t<meta name=\"twitter:label2\" content=\"Tiempo de lectura estimado\" \/>\n\t\t<meta name=\"twitter:data2\" content=\"2 minutos\" \/>\n\t\t<script type=\"application\/ld+json\" class=\"aioseo-schema\">\n\t\t\t{\"@context\":\"https:\\\/\\\/schema.org\",\"@graph\":[{\"@type\":\"BlogPosting\",\"@id\":\"https:\\\/\\\/www.eldigitaldeasturias.com\\\/noticias\\\/la-coleccion-circa-xx-podra-verse-en-barbastro-hasta-el-7-de-octubre\\\/#blogposting\",\"name\":\"La Colecci\\u00f3n Circa XX podr\\u00e1 verse en Barbastro hasta el 7 de octubre - El Digital de Asturias\",\"headline\":\"La Colecci\\u00f3n Circa XX podr\\u00e1 verse en Barbastro hasta el 7 de octubre\",\"author\":{\"@id\":\"https:\\\/\\\/www.eldigitaldeasturias.com\\\/noticias\\\/author\\\/admin\\\/#author\"},\"publisher\":{\"@id\":\"https:\\\/\\\/www.eldigitaldeasturias.com\\\/noticias\\\/#organization\"},\"image\":{\"@type\":\"ImageObject\",\"url\":951414},\"datePublished\":\"2017-08-30T21:28:16+02:00\",\"dateModified\":\"2017-08-30T21:28:16+02:00\",\"inLanguage\":\"es-ES\",\"mainEntityOfPage\":{\"@id\":\"https:\\\/\\\/www.eldigitaldeasturias.com\\\/noticias\\\/la-coleccion-circa-xx-podra-verse-en-barbastro-hasta-el-7-de-octubre\\\/#webpage\"},\"isPartOf\":{\"@id\":\"https:\\\/\\\/www.eldigitaldeasturias.com\\\/noticias\\\/la-coleccion-circa-xx-podra-verse-en-barbastro-hasta-el-7-de-octubre\\\/#webpage\"},\"articleSection\":\"Actualidad\"},{\"@type\":\"BreadcrumbList\",\"@id\":\"https:\\\/\\\/www.eldigitaldeasturias.com\\\/noticias\\\/la-coleccion-circa-xx-podra-verse-en-barbastro-hasta-el-7-de-octubre\\\/#breadcrumblist\",\"itemListElement\":[{\"@type\":\"ListItem\",\"@id\":\"https:\\\/\\\/www.eldigitaldeasturias.com\\\/noticias#listItem\",\"position\":1,\"name\":\"Home\",\"item\":\"https:\\\/\\\/www.eldigitaldeasturias.com\\\/noticias\",\"nextItem\":{\"@type\":\"ListItem\",\"@id\":\"https:\\\/\\\/www.eldigitaldeasturias.com\\\/noticias\\\/category\\\/actualidad\\\/#listItem\",\"name\":\"Actualidad\"}},{\"@type\":\"ListItem\",\"@id\":\"https:\\\/\\\/www.eldigitaldeasturias.com\\\/noticias\\\/category\\\/actualidad\\\/#listItem\",\"position\":2,\"name\":\"Actualidad\",\"item\":\"https:\\\/\\\/www.eldigitaldeasturias.com\\\/noticias\\\/category\\\/actualidad\\\/\",\"nextItem\":{\"@type\":\"ListItem\",\"@id\":\"https:\\\/\\\/www.eldigitaldeasturias.com\\\/noticias\\\/la-coleccion-circa-xx-podra-verse-en-barbastro-hasta-el-7-de-octubre\\\/#listItem\",\"name\":\"La Colecci\\u00f3n Circa XX podr\\u00e1 verse en Barbastro hasta el 7 de octubre\"},\"previousItem\":{\"@type\":\"ListItem\",\"@id\":\"https:\\\/\\\/www.eldigitaldeasturias.com\\\/noticias#listItem\",\"name\":\"Home\"}},{\"@type\":\"ListItem\",\"@id\":\"https:\\\/\\\/www.eldigitaldeasturias.com\\\/noticias\\\/la-coleccion-circa-xx-podra-verse-en-barbastro-hasta-el-7-de-octubre\\\/#listItem\",\"position\":3,\"name\":\"La Colecci\\u00f3n Circa XX podr\\u00e1 verse en Barbastro hasta el 7 de octubre\",\"previousItem\":{\"@type\":\"ListItem\",\"@id\":\"https:\\\/\\\/www.eldigitaldeasturias.com\\\/noticias\\\/category\\\/actualidad\\\/#listItem\",\"name\":\"Actualidad\"}}]},{\"@type\":\"Organization\",\"@id\":\"https:\\\/\\\/www.eldigitaldeasturias.com\\\/noticias\\\/#organization\",\"name\":\"El Digital de Asturias\",\"description\":\"Hemeroteca\",\"url\":\"https:\\\/\\\/www.eldigitaldeasturias.com\\\/noticias\\\/\",\"email\":\"info@eldigitaldeasturias.com\",\"telephone\":\"+34652131393\",\"logo\":{\"@type\":\"ImageObject\",\"url\":\"https:\\\/\\\/www.eldigitaldeasturias.com\\\/noticias\\\/wp-content\\\/uploads\\\/2020\\\/12\\\/EDA.jpg\",\"@id\":\"https:\\\/\\\/www.eldigitaldeasturias.com\\\/noticias\\\/la-coleccion-circa-xx-podra-verse-en-barbastro-hasta-el-7-de-octubre\\\/#organizationLogo\"},\"image\":{\"@id\":\"https:\\\/\\\/www.eldigitaldeasturias.com\\\/noticias\\\/la-coleccion-circa-xx-podra-verse-en-barbastro-hasta-el-7-de-octubre\\\/#organizationLogo\"},\"sameAs\":[\"https:\\\/\\\/facebook.com\\\/eldigitaldeasturias\",\"https:\\\/\\\/www.youtube.com\\\/channel\\\/UCZP-2wLEB9Rv6erhFmqVnvg\"],\"address\":{\"@id\":\"https:\\\/\\\/www.eldigitaldeasturias.com\\\/noticias\\\/#postaladdress\",\"@type\":\"PostalAddress\",\"streetAddress\":\"san antonio 4\",\"postalCode\":\"33430\",\"addressLocality\":\"Cand\\u00e1s\",\"addressRegion\":\"Asturias\",\"addressCountry\":\"ES\"}},{\"@type\":\"Person\",\"@id\":\"https:\\\/\\\/www.eldigitaldeasturias.com\\\/noticias\\\/author\\\/admin\\\/#author\",\"url\":\"https:\\\/\\\/www.eldigitaldeasturias.com\\\/noticias\\\/author\\\/admin\\\/\",\"name\":\"El Digital de Asturias\",\"image\":{\"@type\":\"ImageObject\",\"@id\":\"https:\\\/\\\/www.eldigitaldeasturias.com\\\/noticias\\\/la-coleccion-circa-xx-podra-verse-en-barbastro-hasta-el-7-de-octubre\\\/#authorImage\",\"url\":\"https:\\\/\\\/secure.gravatar.com\\\/avatar\\\/df2aeffc32bcd13f8d26072ef8a91b623d677766deac7f97ca815868cd41bf5e?s=96&d=mm&r=g\",\"width\":96,\"height\":96,\"caption\":\"El Digital de Asturias\"}},{\"@type\":\"WebPage\",\"@id\":\"https:\\\/\\\/www.eldigitaldeasturias.com\\\/noticias\\\/la-coleccion-circa-xx-podra-verse-en-barbastro-hasta-el-7-de-octubre\\\/#webpage\",\"url\":\"https:\\\/\\\/www.eldigitaldeasturias.com\\\/noticias\\\/la-coleccion-circa-xx-podra-verse-en-barbastro-hasta-el-7-de-octubre\\\/\",\"name\":\"La Colecci\\u00f3n Circa XX podr\\u00e1 verse en Barbastro hasta el 7 de octubre - El Digital de Asturias\",\"description\":\"La sala de exposiciones Goya de la UNED de Barbastro inaugura ma\\u00f1ana a las 19.00 la exposici\\u00f3n \\u2018Fotograf\\u00eda en la Colecci\\u00f3n Circa XX. Tradici\\u00f3n y renovaci\\u00f3n\\u2019, una selecci\\u00f3n de 21 im\\u00e1genes de grandes autores que forma parte de los fondos permanentes del IAACC Pablo Serrano. La muestra ha sido impulsada por la Direcci\\u00f3n General de\",\"inLanguage\":\"es-ES\",\"isPartOf\":{\"@id\":\"https:\\\/\\\/www.eldigitaldeasturias.com\\\/noticias\\\/#website\"},\"breadcrumb\":{\"@id\":\"https:\\\/\\\/www.eldigitaldeasturias.com\\\/noticias\\\/la-coleccion-circa-xx-podra-verse-en-barbastro-hasta-el-7-de-octubre\\\/#breadcrumblist\"},\"author\":{\"@id\":\"https:\\\/\\\/www.eldigitaldeasturias.com\\\/noticias\\\/author\\\/admin\\\/#author\"},\"creator\":{\"@id\":\"https:\\\/\\\/www.eldigitaldeasturias.com\\\/noticias\\\/author\\\/admin\\\/#author\"},\"image\":{\"@type\":\"ImageObject\",\"url\":951414,\"@id\":\"https:\\\/\\\/www.eldigitaldeasturias.com\\\/noticias\\\/la-coleccion-circa-xx-podra-verse-en-barbastro-hasta-el-7-de-octubre\\\/#mainImage\"},\"primaryImageOfPage\":{\"@id\":\"https:\\\/\\\/www.eldigitaldeasturias.com\\\/noticias\\\/la-coleccion-circa-xx-podra-verse-en-barbastro-hasta-el-7-de-octubre\\\/#mainImage\"},\"datePublished\":\"2017-08-30T21:28:16+02:00\",\"dateModified\":\"2017-08-30T21:28:16+02:00\"},{\"@type\":\"WebSite\",\"@id\":\"https:\\\/\\\/www.eldigitaldeasturias.com\\\/noticias\\\/#website\",\"url\":\"https:\\\/\\\/www.eldigitaldeasturias.com\\\/noticias\\\/\",\"name\":\"El Digital de Asturias - Diario de actualidad y noticias\",\"alternateName\":\"El Digital de Asturias - Diario de actualidad y noticias\",\"description\":\"Hemeroteca\",\"inLanguage\":\"es-ES\",\"publisher\":{\"@id\":\"https:\\\/\\\/www.eldigitaldeasturias.com\\\/noticias\\\/#organization\"}}]}\n\t\t<\/script>\n\t\t<!-- All in One SEO Pro -->\r\n\t\t<title>La Colecci\u00f3n Circa XX podr\u00e1 verse en Barbastro hasta el 7 de octubre - El Digital de Asturias<\/title>\n\n","aioseo_head_json":{"title":"La Colecci\u00f3n Circa XX podr\u00e1 verse en Barbastro hasta el 7 de octubre - El Digital de Asturias","description":"La sala de exposiciones Goya de la UNED de Barbastro inaugura ma\u00f1ana a las 19.00 la exposici\u00f3n \u2018Fotograf\u00eda en la Colecci\u00f3n Circa XX. Tradici\u00f3n y renovaci\u00f3n\u2019, una selecci\u00f3n de 21 im\u00e1genes de grandes autores que forma parte de los fondos permanentes del IAACC Pablo Serrano. La muestra ha sido impulsada por la Direcci\u00f3n General de","canonical_url":"https:\/\/www.eldigitaldeasturias.com\/noticias\/la-coleccion-circa-xx-podra-verse-en-barbastro-hasta-el-7-de-octubre\/","robots":"max-image-preview:large","keywords":"actualidad","webmasterTools":{"google-site-verification":"UA-38556648-1","msvalidate.01":"7dfe9f3f1b24437ab69f4f2559babe99","miscellaneous":""},"schema":{"@context":"https:\/\/schema.org","@graph":[{"@type":"BlogPosting","@id":"https:\/\/www.eldigitaldeasturias.com\/noticias\/la-coleccion-circa-xx-podra-verse-en-barbastro-hasta-el-7-de-octubre\/#blogposting","name":"La Colecci\u00f3n Circa XX podr\u00e1 verse en Barbastro hasta el 7 de octubre - El Digital de Asturias","headline":"La Colecci\u00f3n Circa XX podr\u00e1 verse en Barbastro hasta el 7 de octubre","author":{"@id":"https:\/\/www.eldigitaldeasturias.com\/noticias\/author\/admin\/#author"},"publisher":{"@id":"https:\/\/www.eldigitaldeasturias.com\/noticias\/#organization"},"image":{"@type":"ImageObject","url":951414},"datePublished":"2017-08-30T21:28:16+02:00","dateModified":"2017-08-30T21:28:16+02:00","inLanguage":"es-ES","mainEntityOfPage":{"@id":"https:\/\/www.eldigitaldeasturias.com\/noticias\/la-coleccion-circa-xx-podra-verse-en-barbastro-hasta-el-7-de-octubre\/#webpage"},"isPartOf":{"@id":"https:\/\/www.eldigitaldeasturias.com\/noticias\/la-coleccion-circa-xx-podra-verse-en-barbastro-hasta-el-7-de-octubre\/#webpage"},"articleSection":"Actualidad"},{"@type":"BreadcrumbList","@id":"https:\/\/www.eldigitaldeasturias.com\/noticias\/la-coleccion-circa-xx-podra-verse-en-barbastro-hasta-el-7-de-octubre\/#breadcrumblist","itemListElement":[{"@type":"ListItem","@id":"https:\/\/www.eldigitaldeasturias.com\/noticias#listItem","position":1,"name":"Home","item":"https:\/\/www.eldigitaldeasturias.com\/noticias","nextItem":{"@type":"ListItem","@id":"https:\/\/www.eldigitaldeasturias.com\/noticias\/category\/actualidad\/#listItem","name":"Actualidad"}},{"@type":"ListItem","@id":"https:\/\/www.eldigitaldeasturias.com\/noticias\/category\/actualidad\/#listItem","position":2,"name":"Actualidad","item":"https:\/\/www.eldigitaldeasturias.com\/noticias\/category\/actualidad\/","nextItem":{"@type":"ListItem","@id":"https:\/\/www.eldigitaldeasturias.com\/noticias\/la-coleccion-circa-xx-podra-verse-en-barbastro-hasta-el-7-de-octubre\/#listItem","name":"La Colecci\u00f3n Circa XX podr\u00e1 verse en Barbastro hasta el 7 de octubre"},"previousItem":{"@type":"ListItem","@id":"https:\/\/www.eldigitaldeasturias.com\/noticias#listItem","name":"Home"}},{"@type":"ListItem","@id":"https:\/\/www.eldigitaldeasturias.com\/noticias\/la-coleccion-circa-xx-podra-verse-en-barbastro-hasta-el-7-de-octubre\/#listItem","position":3,"name":"La Colecci\u00f3n Circa XX podr\u00e1 verse en Barbastro hasta el 7 de octubre","previousItem":{"@type":"ListItem","@id":"https:\/\/www.eldigitaldeasturias.com\/noticias\/category\/actualidad\/#listItem","name":"Actualidad"}}]},{"@type":"Organization","@id":"https:\/\/www.eldigitaldeasturias.com\/noticias\/#organization","name":"El Digital de Asturias","description":"Hemeroteca","url":"https:\/\/www.eldigitaldeasturias.com\/noticias\/","email":"info@eldigitaldeasturias.com","telephone":"+34652131393","logo":{"@type":"ImageObject","url":"https:\/\/www.eldigitaldeasturias.com\/noticias\/wp-content\/uploads\/2020\/12\/EDA.jpg","@id":"https:\/\/www.eldigitaldeasturias.com\/noticias\/la-coleccion-circa-xx-podra-verse-en-barbastro-hasta-el-7-de-octubre\/#organizationLogo"},"image":{"@id":"https:\/\/www.eldigitaldeasturias.com\/noticias\/la-coleccion-circa-xx-podra-verse-en-barbastro-hasta-el-7-de-octubre\/#organizationLogo"},"sameAs":["https:\/\/facebook.com\/eldigitaldeasturias","https:\/\/www.youtube.com\/channel\/UCZP-2wLEB9Rv6erhFmqVnvg"],"address":{"@id":"https:\/\/www.eldigitaldeasturias.com\/noticias\/#postaladdress","@type":"PostalAddress","streetAddress":"san antonio 4","postalCode":"33430","addressLocality":"Cand\u00e1s","addressRegion":"Asturias","addressCountry":"ES"}},{"@type":"Person","@id":"https:\/\/www.eldigitaldeasturias.com\/noticias\/author\/admin\/#author","url":"https:\/\/www.eldigitaldeasturias.com\/noticias\/author\/admin\/","name":"El Digital de Asturias","image":{"@type":"ImageObject","@id":"https:\/\/www.eldigitaldeasturias.com\/noticias\/la-coleccion-circa-xx-podra-verse-en-barbastro-hasta-el-7-de-octubre\/#authorImage","url":"https:\/\/secure.gravatar.com\/avatar\/df2aeffc32bcd13f8d26072ef8a91b623d677766deac7f97ca815868cd41bf5e?s=96&d=mm&r=g","width":96,"height":96,"caption":"El Digital de Asturias"}},{"@type":"WebPage","@id":"https:\/\/www.eldigitaldeasturias.com\/noticias\/la-coleccion-circa-xx-podra-verse-en-barbastro-hasta-el-7-de-octubre\/#webpage","url":"https:\/\/www.eldigitaldeasturias.com\/noticias\/la-coleccion-circa-xx-podra-verse-en-barbastro-hasta-el-7-de-octubre\/","name":"La Colecci\u00f3n Circa XX podr\u00e1 verse en Barbastro hasta el 7 de octubre - El Digital de Asturias","description":"La sala de exposiciones Goya de la UNED de Barbastro inaugura ma\u00f1ana a las 19.00 la exposici\u00f3n \u2018Fotograf\u00eda en la Colecci\u00f3n Circa XX. Tradici\u00f3n y renovaci\u00f3n\u2019, una selecci\u00f3n de 21 im\u00e1genes de grandes autores que forma parte de los fondos permanentes del IAACC Pablo Serrano. La muestra ha sido impulsada por la Direcci\u00f3n General de","inLanguage":"es-ES","isPartOf":{"@id":"https:\/\/www.eldigitaldeasturias.com\/noticias\/#website"},"breadcrumb":{"@id":"https:\/\/www.eldigitaldeasturias.com\/noticias\/la-coleccion-circa-xx-podra-verse-en-barbastro-hasta-el-7-de-octubre\/#breadcrumblist"},"author":{"@id":"https:\/\/www.eldigitaldeasturias.com\/noticias\/author\/admin\/#author"},"creator":{"@id":"https:\/\/www.eldigitaldeasturias.com\/noticias\/author\/admin\/#author"},"image":{"@type":"ImageObject","url":951414,"@id":"https:\/\/www.eldigitaldeasturias.com\/noticias\/la-coleccion-circa-xx-podra-verse-en-barbastro-hasta-el-7-de-octubre\/#mainImage"},"primaryImageOfPage":{"@id":"https:\/\/www.eldigitaldeasturias.com\/noticias\/la-coleccion-circa-xx-podra-verse-en-barbastro-hasta-el-7-de-octubre\/#mainImage"},"datePublished":"2017-08-30T21:28:16+02:00","dateModified":"2017-08-30T21:28:16+02:00"},{"@type":"WebSite","@id":"https:\/\/www.eldigitaldeasturias.com\/noticias\/#website","url":"https:\/\/www.eldigitaldeasturias.com\/noticias\/","name":"El Digital de Asturias - Diario de actualidad y noticias","alternateName":"El Digital de Asturias - Diario de actualidad y noticias","description":"Hemeroteca","inLanguage":"es-ES","publisher":{"@id":"https:\/\/www.eldigitaldeasturias.com\/noticias\/#organization"}}]},"og:locale":"es_ES","og:site_name":"El Digital de Asturias","og:type":"article","og:title":"La Colecci\u00f3n Circa XX podr\u00e1 verse en Barbastro hasta el 7 de octubre - El Digital de Asturias","og:description":"La sala de exposiciones Goya de la UNED de Barbastro inaugura ma\u00f1ana a las 19.00 la exposici\u00f3n \u2018Fotograf\u00eda en la Colecci\u00f3n Circa XX. Tradici\u00f3n y renovaci\u00f3n\u2019, una selecci\u00f3n de 21 im\u00e1genes de grandes autores que forma parte de los fondos permanentes del IAACC Pablo Serrano. La muestra ha sido impulsada por la Direcci\u00f3n General de","og:url":"https:\/\/www.eldigitaldeasturias.com\/noticias\/la-coleccion-circa-xx-podra-verse-en-barbastro-hasta-el-7-de-octubre\/","article:tag":["actualidad"],"article:published_time":"2017-08-30T21:28:16+00:00","article:modified_time":"2017-08-30T21:28:16+00:00","article:publisher":"https:\/\/facebook.com\/eldigitaldeasturias","twitter:card":"summary_large_image","twitter:title":"La Colecci\u00f3n Circa XX podr\u00e1 verse en Barbastro hasta el 7 de octubre - El Digital de Asturias","twitter:description":"La sala de exposiciones Goya de la UNED de Barbastro inaugura ma\u00f1ana a las 19.00 la exposici\u00f3n \u2018Fotograf\u00eda en la Colecci\u00f3n Circa XX. Tradici\u00f3n y renovaci\u00f3n\u2019, una selecci\u00f3n de 21 im\u00e1genes de grandes autores que forma parte de los fondos permanentes del IAACC Pablo Serrano. La muestra ha sido impulsada por la Direcci\u00f3n General de","twitter:image":"https:\/\/www.eldigitaldeasturias.com\/noticias\/wp-content\/uploads\/2020\/12\/EDA-1.jpg","twitter:label1":"Escrito por","twitter:data1":"El Digital de Asturias","twitter:label2":"Tiempo de lectura estimado","twitter:data2":"2 minutos"},"aioseo_meta_data":{"post_id":"951413","title":null,"description":null,"keywords":null,"keyphrases":null,"primary_term":null,"canonical_url":null,"og_title":null,"og_description":null,"og_object_type":"default","og_image_type":"default","og_image_url":null,"og_image_width":null,"og_image_height":null,"og_image_custom_url":null,"og_image_custom_fields":null,"og_video":null,"og_custom_url":null,"og_article_section":null,"og_article_tags":null,"twitter_use_og":false,"twitter_card":"default","twitter_image_type":"default","twitter_image_url":null,"twitter_image_custom_url":null,"twitter_image_custom_fields":null,"twitter_title":null,"twitter_description":null,"schema":{"blockGraphs":[],"customGraphs":[],"default":{"data":{"Article":[],"Course":[],"Dataset":[],"FAQPage":[],"Movie":[],"Person":[],"Product":[],"ProductReview":[],"Car":[],"Recipe":[],"Service":[],"SoftwareApplication":[],"WebPage":[]},"graphName":"","isEnabled":true},"graphs":[],"defaultGraph":"","defaultPostTypeGraph":""},"schema_type":null,"schema_type_options":null,"pillar_content":false,"robots_default":true,"robots_noindex":false,"robots_noarchive":false,"robots_nosnippet":false,"robots_nofollow":false,"robots_noimageindex":false,"robots_noodp":false,"robots_notranslate":false,"robots_max_snippet":null,"robots_max_videopreview":null,"robots_max_imagepreview":"large","priority":null,"frequency":null,"local_seo":null,"seo_analyzer_scan_date":"2025-12-05 19:10:09","breadcrumb_settings":null,"limit_modified_date":false,"open_ai":null,"ai":null,"created":"2020-12-21 12:58:15","updated":"2025-12-05 19:10:09","focus_keyword":null,"additional_keywords":null,"truseo_locale":null},"aioseo_breadcrumb":"<div class=\"aioseo-breadcrumbs\"><span class=\"aioseo-breadcrumb\">\n\t<a href=\"https:\/\/www.eldigitaldeasturias.com\/noticias\" title=\"Home\">Home<\/a>\n<\/span><span class=\"aioseo-breadcrumb-separator\">\u2013<\/span><span class=\"aioseo-breadcrumb\">\n\t<a href=\"https:\/\/www.eldigitaldeasturias.com\/noticias\/category\/actualidad\/\" title=\"Actualidad\">Actualidad<\/a>\n<\/span><span class=\"aioseo-breadcrumb-separator\">\u2013<\/span><span class=\"aioseo-breadcrumb\">\n\t<a href=\"https:\/\/www.eldigitaldeasturias.com\/noticias\/la-coleccion-circa-xx-podra-verse-en-barbastro-hasta-el-7-de-octubre\/\" title=\"La Colecci\u00f3n Circa XX podr\u00e1 verse en Barbastro hasta el 7 de octubre\">La Colecci\u00f3n Circa XX podr\u00e1 verse en Barbastro hasta el 7 de octubre<\/a>\n<\/span><\/div>","aioseo_breadcrumb_json":[{"label":"Home","link":"https:\/\/www.eldigitaldeasturias.com\/noticias"},{"label":"Actualidad","link":"https:\/\/www.eldigitaldeasturias.com\/noticias\/category\/actualidad\/"},{"label":"La Colecci\u00f3n Circa XX podr\u00e1 verse en Barbastro hasta el 7 de octubre","link":"https:\/\/www.eldigitaldeasturias.com\/noticias\/la-coleccion-circa-xx-podra-verse-en-barbastro-hasta-el-7-de-octubre\/"}],"_links":{"self":[{"href":"https:\/\/www.eldigitaldeasturias.com\/noticias\/wp-json\/wp\/v2\/posts\/951413","targetHints":{"allow":["GET"]}}],"collection":[{"href":"https:\/\/www.eldigitaldeasturias.com\/noticias\/wp-json\/wp\/v2\/posts"}],"about":[{"href":"https:\/\/www.eldigitaldeasturias.com\/noticias\/wp-json\/wp\/v2\/types\/post"}],"author":[{"embeddable":true,"href":"https:\/\/www.eldigitaldeasturias.com\/noticias\/wp-json\/wp\/v2\/users\/1"}],"replies":[{"embeddable":true,"href":"https:\/\/www.eldigitaldeasturias.com\/noticias\/wp-json\/wp\/v2\/comments?post=951413"}],"version-history":[{"count":0,"href":"https:\/\/www.eldigitaldeasturias.com\/noticias\/wp-json\/wp\/v2\/posts\/951413\/revisions"}],"wp:attachment":[{"href":"https:\/\/www.eldigitaldeasturias.com\/noticias\/wp-json\/wp\/v2\/media?parent=951413"}],"wp:term":[{"taxonomy":"category","embeddable":true,"href":"https:\/\/www.eldigitaldeasturias.com\/noticias\/wp-json\/wp\/v2\/categories?post=951413"},{"taxonomy":"post_tag","embeddable":true,"href":"https:\/\/www.eldigitaldeasturias.com\/noticias\/wp-json\/wp\/v2\/tags?post=951413"}],"curies":[{"name":"wp","href":"https:\/\/api.w.org\/{rel}","templated":true}]}}