{"id":951344,"date":"2017-08-29T21:12:17","date_gmt":"2017-08-29T21:12:17","guid":{"rendered":"http:\/\/www.eldigitaldeasturias.com\/noticias\/?p=951344"},"modified":"2017-08-29T21:12:17","modified_gmt":"2017-08-29T21:12:17","slug":"susana-diaz-no-aguantamos-un-tercer-ano-de-prorroga","status":"publish","type":"post","link":"https:\/\/www.eldigitaldeasturias.com\/noticias\/susana-diaz-no-aguantamos-un-tercer-ano-de-prorroga\/","title":{"rendered":"Susana D\u00edaz: \u00abNo aguantamos un tercer a\u00f1o de pr\u00f3rroga\u00bb"},"content":{"rendered":"<p>La presidenta de la Junta, Susana D\u00edaz, ha exigido al Gobierno que cumpla su compromiso de alcanzar un acuerdo con las comunidades aut\u00f3nomas en materia de financiaci\u00f3n auton\u00f3mica, tal y como se decidi\u00f3 por unanimidad en la \u00faltima Conferencia de Presidentes. D\u00edaz, que ha comparecido tras la reuni\u00f3n del Consejo de Gobierno en este inicio de curso pol\u00edtico, ha anunciado que convocar\u00e1 \u00e9sta y la pr\u00f3xima semana a los partidos pol\u00edticos con representaci\u00f3n parlamentaria y a los agentes econ\u00f3micos y sociales para buscar una posici\u00f3n \u00abconsensuada\u00bb de Andaluc\u00eda sobre la reforma de la financiaci\u00f3n auton\u00f3mica.<\/p>\n<p>\u00abNo aguantamos un tercer a\u00f1o de pr\u00f3rroga\u00bb porque est\u00e1 en juego la \u00absostenibilidad\u00bb de nuestro sistema de prestaci\u00f3n de servicios p\u00fablicos durante una d\u00e9cada, asever\u00f3.<\/p>\n<p>Se trata de que \u00abtengamos una posici\u00f3n n\u00edtida y clara en defensa de los intereses de nuestra tierra\u00bb, y que se sit\u00fae \u00abpor encima de intereses partidarios\u00bb, a\u00f1adi\u00f3 la presidenta, quien reiter\u00f3 que est\u00e1 en juego la prestaci\u00f3n de unos servicios p\u00fablicos de calidad y en igualdad de oportunidades.<\/p>\n<p>En esta l\u00ednea, Susana D\u00edaz ha definido como una \u00abtomadura de pelo\u00bb el anuncio del ministro de Hacienda y Funci\u00f3n P\u00fablica, Crist\u00f3bal Montoro, de que un grupo de t\u00e9cnicos eval\u00fae el trabajo del grupo de expertos sobre la reforma de la financiaci\u00f3n. Ha lamentado que \u00abse ha doblado la brecha de la desigualdad entre los territorios de Espa\u00f1a\u00bb, de manera que en 2009 hab\u00eda una diferencia de 489 euros por habitante entre la comunidad mejor financiada y la peor, mientras que en el \u00faltimo a\u00f1o liquidado esa diferencia asciende a 818 euros.<\/p>\n<p>Susana D\u00edaz ha insistido en la necesidad urgente de definir un modelo de financiaci\u00f3n que garantice la prestaci\u00f3n de los servicios en igualdad a todos los ciudadanos y ha recordado que la ausencia de reforma del sistema de financiaci\u00f3n auton\u00f3mica \u00able ha costado a Andaluc\u00eda 5.500 millones de euros\u00bb.<\/p>\n<p>Por otra parte, la presidenta de la Junta ha destacado sobre implantaci\u00f3n de la jornada laboral de 35 horas en la Administraci\u00f3n auton\u00f3mica, que ante la mejora de las previsiones econ\u00f3micas, espera que el Gobierno tenga \u00absentido com\u00fan\u00bb y permita a Andaluc\u00eda devolver un derecho perdido durante la crisis que, adem\u00e1s, viene a mejorar la prestaci\u00f3n de los servicios con la creaci\u00f3n de empleo p\u00fablico.<\/p>\n","protected":false},"excerpt":{"rendered":"<p>La presidenta de la Junta, Susana D\u00edaz, ha exigido al Gobierno que cumpla su compromiso de alcanzar un acuerdo con las comunidades aut\u00f3nomas en materia de financiaci\u00f3n auton\u00f3mica, tal y como se decidi\u00f3 por unanimidad en la \u00faltima Conferencia de Presidentes. D\u00edaz, que ha comparecido tras la reuni\u00f3n del Consejo de Gobierno en este inicio [&hellip;]<\/p>\n","protected":false},"author":1,"featured_media":940256,"comment_status":"closed","ping_status":"closed","sticky":false,"template":"","format":"standard","meta":{"footnotes":""},"categories":[1],"tags":[],"class_list":["post-951344","post","type-post","status-publish","format-standard","has-post-thumbnail","hentry","category-actualidad"],"aioseo_notices":[],"aioseo_head":"\n\t\t<!-- All in One SEO Pro 5.0.1 - aioseo.com -->\n\t<meta name=\"description\" content=\"La presidenta de la Junta, Susana D\u00edaz, ha exigido al Gobierno que cumpla su compromiso de alcanzar un acuerdo con las comunidades aut\u00f3nomas en materia de financiaci\u00f3n auton\u00f3mica, tal y como se decidi\u00f3 por unanimidad en la \u00faltima Conferencia de Presidentes. D\u00edaz, que ha comparecido tras la reuni\u00f3n del Consejo de Gobierno en este inicio\" \/>\n\t<meta name=\"robots\" content=\"max-image-preview:large\" \/>\n\t<meta name=\"author\" content=\"El Digital de Asturias\"\/>\n\t<meta name=\"google-site-verification\" content=\"UA-38556648-1\" \/>\n\t<meta name=\"msvalidate.01\" content=\"7dfe9f3f1b24437ab69f4f2559babe99\" \/>\n\t<meta name=\"keywords\" content=\"actualidad\" \/>\n\t<link rel=\"canonical\" href=\"https:\/\/www.eldigitaldeasturias.com\/noticias\/susana-diaz-no-aguantamos-un-tercer-ano-de-prorroga\/\" \/>\n\t<meta name=\"generator\" content=\"All in One SEO Pro (AIOSEO) 5.0.1\" \/>\n\t\t<meta property=\"og:locale\" content=\"es_ES\" \/>\n\t\t<meta property=\"og:site_name\" content=\"El Digital de Asturias\" \/>\n\t\t<meta property=\"og:type\" content=\"article\" \/>\n\t\t<meta property=\"og:title\" content=\"Susana D\u00edaz: \u00abNo aguantamos un tercer a\u00f1o de pr\u00f3rroga\u00bb - El Digital de Asturias\" \/>\n\t\t<meta property=\"og:description\" content=\"La presidenta de la Junta, Susana D\u00edaz, ha exigido al Gobierno que cumpla su compromiso de alcanzar un acuerdo con las comunidades aut\u00f3nomas en materia de financiaci\u00f3n auton\u00f3mica, tal y como se decidi\u00f3 por unanimidad en la \u00faltima Conferencia de Presidentes. D\u00edaz, que ha comparecido tras la reuni\u00f3n del Consejo de Gobierno en este inicio\" \/>\n\t\t<meta property=\"og:url\" content=\"https:\/\/www.eldigitaldeasturias.com\/noticias\/susana-diaz-no-aguantamos-un-tercer-ano-de-prorroga\/\" \/>\n\t\t<meta property=\"article:tag\" content=\"actualidad\" \/>\n\t\t<meta property=\"article:published_time\" content=\"2017-08-29T21:12:17+00:00\" \/>\n\t\t<meta property=\"article:modified_time\" content=\"2017-08-29T21:12:17+00:00\" \/>\n\t\t<meta property=\"article:publisher\" content=\"https:\/\/facebook.com\/eldigitaldeasturias\" \/>\n\t\t<meta name=\"twitter:card\" content=\"summary_large_image\" \/>\n\t\t<meta name=\"twitter:title\" content=\"Susana D\u00edaz: \u00abNo aguantamos un tercer a\u00f1o de pr\u00f3rroga\u00bb - El Digital de Asturias\" \/>\n\t\t<meta name=\"twitter:description\" content=\"La presidenta de la Junta, Susana D\u00edaz, ha exigido al Gobierno que cumpla su compromiso de alcanzar un acuerdo con las comunidades aut\u00f3nomas en materia de financiaci\u00f3n auton\u00f3mica, tal y como se decidi\u00f3 por unanimidad en la \u00faltima Conferencia de Presidentes. D\u00edaz, que ha comparecido tras la reuni\u00f3n del Consejo de Gobierno en este inicio\" \/>\n\t\t<meta name=\"twitter:image\" content=\"https:\/\/www.eldigitaldeasturias.com\/noticias\/wp-content\/uploads\/2020\/12\/EDA-1.jpg\" \/>\n\t\t<meta name=\"twitter:label1\" content=\"Escrito por\" \/>\n\t\t<meta name=\"twitter:data1\" content=\"El Digital de Asturias\" \/>\n\t\t<meta name=\"twitter:label2\" content=\"Tiempo de lectura estimado\" \/>\n\t\t<meta name=\"twitter:data2\" content=\"2 minutos\" \/>\n\t\t<script type=\"application\/ld+json\" class=\"aioseo-schema\">\n\t\t\t{\"@context\":\"https:\\\/\\\/schema.org\",\"@graph\":[{\"@type\":\"BlogPosting\",\"@id\":\"https:\\\/\\\/www.eldigitaldeasturias.com\\\/noticias\\\/susana-diaz-no-aguantamos-un-tercer-ano-de-prorroga\\\/#blogposting\",\"name\":\"Susana D\\u00edaz: \\u00abNo aguantamos un tercer a\\u00f1o de pr\\u00f3rroga\\u00bb - El Digital de Asturias\",\"headline\":\"Susana D\\u00edaz: \\u00abNo aguantamos un tercer a\\u00f1o de pr\\u00f3rroga\\u00bb\",\"author\":{\"@id\":\"https:\\\/\\\/www.eldigitaldeasturias.com\\\/noticias\\\/author\\\/admin\\\/#author\"},\"publisher\":{\"@id\":\"https:\\\/\\\/www.eldigitaldeasturias.com\\\/noticias\\\/#organization\"},\"image\":{\"@type\":\"ImageObject\",\"url\":940256},\"datePublished\":\"2017-08-29T21:12:17+02:00\",\"dateModified\":\"2017-08-29T21:12:17+02:00\",\"inLanguage\":\"es-ES\",\"mainEntityOfPage\":{\"@id\":\"https:\\\/\\\/www.eldigitaldeasturias.com\\\/noticias\\\/susana-diaz-no-aguantamos-un-tercer-ano-de-prorroga\\\/#webpage\"},\"isPartOf\":{\"@id\":\"https:\\\/\\\/www.eldigitaldeasturias.com\\\/noticias\\\/susana-diaz-no-aguantamos-un-tercer-ano-de-prorroga\\\/#webpage\"},\"articleSection\":\"Actualidad\"},{\"@type\":\"BreadcrumbList\",\"@id\":\"https:\\\/\\\/www.eldigitaldeasturias.com\\\/noticias\\\/susana-diaz-no-aguantamos-un-tercer-ano-de-prorroga\\\/#breadcrumblist\",\"itemListElement\":[{\"@type\":\"ListItem\",\"@id\":\"https:\\\/\\\/www.eldigitaldeasturias.com\\\/noticias#listItem\",\"position\":1,\"name\":\"Home\",\"item\":\"https:\\\/\\\/www.eldigitaldeasturias.com\\\/noticias\",\"nextItem\":{\"@type\":\"ListItem\",\"@id\":\"https:\\\/\\\/www.eldigitaldeasturias.com\\\/noticias\\\/category\\\/actualidad\\\/#listItem\",\"name\":\"Actualidad\"}},{\"@type\":\"ListItem\",\"@id\":\"https:\\\/\\\/www.eldigitaldeasturias.com\\\/noticias\\\/category\\\/actualidad\\\/#listItem\",\"position\":2,\"name\":\"Actualidad\",\"item\":\"https:\\\/\\\/www.eldigitaldeasturias.com\\\/noticias\\\/category\\\/actualidad\\\/\",\"nextItem\":{\"@type\":\"ListItem\",\"@id\":\"https:\\\/\\\/www.eldigitaldeasturias.com\\\/noticias\\\/susana-diaz-no-aguantamos-un-tercer-ano-de-prorroga\\\/#listItem\",\"name\":\"Susana D\\u00edaz: \\u00abNo aguantamos un tercer a\\u00f1o de pr\\u00f3rroga\\u00bb\"},\"previousItem\":{\"@type\":\"ListItem\",\"@id\":\"https:\\\/\\\/www.eldigitaldeasturias.com\\\/noticias#listItem\",\"name\":\"Home\"}},{\"@type\":\"ListItem\",\"@id\":\"https:\\\/\\\/www.eldigitaldeasturias.com\\\/noticias\\\/susana-diaz-no-aguantamos-un-tercer-ano-de-prorroga\\\/#listItem\",\"position\":3,\"name\":\"Susana D\\u00edaz: \\u00abNo aguantamos un tercer a\\u00f1o de pr\\u00f3rroga\\u00bb\",\"previousItem\":{\"@type\":\"ListItem\",\"@id\":\"https:\\\/\\\/www.eldigitaldeasturias.com\\\/noticias\\\/category\\\/actualidad\\\/#listItem\",\"name\":\"Actualidad\"}}]},{\"@type\":\"Organization\",\"@id\":\"https:\\\/\\\/www.eldigitaldeasturias.com\\\/noticias\\\/#organization\",\"name\":\"El Digital de Asturias\",\"description\":\"Hemeroteca\",\"url\":\"https:\\\/\\\/www.eldigitaldeasturias.com\\\/noticias\\\/\",\"email\":\"info@eldigitaldeasturias.com\",\"telephone\":\"+34652131393\",\"logo\":{\"@type\":\"ImageObject\",\"url\":\"https:\\\/\\\/www.eldigitaldeasturias.com\\\/noticias\\\/wp-content\\\/uploads\\\/2020\\\/12\\\/EDA.jpg\",\"@id\":\"https:\\\/\\\/www.eldigitaldeasturias.com\\\/noticias\\\/susana-diaz-no-aguantamos-un-tercer-ano-de-prorroga\\\/#organizationLogo\"},\"image\":{\"@id\":\"https:\\\/\\\/www.eldigitaldeasturias.com\\\/noticias\\\/susana-diaz-no-aguantamos-un-tercer-ano-de-prorroga\\\/#organizationLogo\"},\"sameAs\":[\"https:\\\/\\\/facebook.com\\\/eldigitaldeasturias\",\"https:\\\/\\\/www.youtube.com\\\/channel\\\/UCZP-2wLEB9Rv6erhFmqVnvg\"],\"address\":{\"@id\":\"https:\\\/\\\/www.eldigitaldeasturias.com\\\/noticias\\\/#postaladdress\",\"@type\":\"PostalAddress\",\"streetAddress\":\"san antonio 4\",\"postalCode\":\"33430\",\"addressLocality\":\"Cand\\u00e1s\",\"addressRegion\":\"Asturias\",\"addressCountry\":\"ES\"}},{\"@type\":\"Person\",\"@id\":\"https:\\\/\\\/www.eldigitaldeasturias.com\\\/noticias\\\/author\\\/admin\\\/#author\",\"url\":\"https:\\\/\\\/www.eldigitaldeasturias.com\\\/noticias\\\/author\\\/admin\\\/\",\"name\":\"El Digital de Asturias\",\"image\":{\"@type\":\"ImageObject\",\"@id\":\"https:\\\/\\\/www.eldigitaldeasturias.com\\\/noticias\\\/susana-diaz-no-aguantamos-un-tercer-ano-de-prorroga\\\/#authorImage\",\"url\":\"https:\\\/\\\/secure.gravatar.com\\\/avatar\\\/df2aeffc32bcd13f8d26072ef8a91b623d677766deac7f97ca815868cd41bf5e?s=96&d=mm&r=g\",\"width\":96,\"height\":96,\"caption\":\"El Digital de Asturias\"}},{\"@type\":\"WebPage\",\"@id\":\"https:\\\/\\\/www.eldigitaldeasturias.com\\\/noticias\\\/susana-diaz-no-aguantamos-un-tercer-ano-de-prorroga\\\/#webpage\",\"url\":\"https:\\\/\\\/www.eldigitaldeasturias.com\\\/noticias\\\/susana-diaz-no-aguantamos-un-tercer-ano-de-prorroga\\\/\",\"name\":\"Susana D\\u00edaz: \\u00abNo aguantamos un tercer a\\u00f1o de pr\\u00f3rroga\\u00bb - El Digital de Asturias\",\"description\":\"La presidenta de la Junta, Susana D\\u00edaz, ha exigido al Gobierno que cumpla su compromiso de alcanzar un acuerdo con las comunidades aut\\u00f3nomas en materia de financiaci\\u00f3n auton\\u00f3mica, tal y como se decidi\\u00f3 por unanimidad en la \\u00faltima Conferencia de Presidentes. D\\u00edaz, que ha comparecido tras la reuni\\u00f3n del Consejo de Gobierno en este inicio\",\"inLanguage\":\"es-ES\",\"isPartOf\":{\"@id\":\"https:\\\/\\\/www.eldigitaldeasturias.com\\\/noticias\\\/#website\"},\"breadcrumb\":{\"@id\":\"https:\\\/\\\/www.eldigitaldeasturias.com\\\/noticias\\\/susana-diaz-no-aguantamos-un-tercer-ano-de-prorroga\\\/#breadcrumblist\"},\"author\":{\"@id\":\"https:\\\/\\\/www.eldigitaldeasturias.com\\\/noticias\\\/author\\\/admin\\\/#author\"},\"creator\":{\"@id\":\"https:\\\/\\\/www.eldigitaldeasturias.com\\\/noticias\\\/author\\\/admin\\\/#author\"},\"image\":{\"@type\":\"ImageObject\",\"url\":940256,\"@id\":\"https:\\\/\\\/www.eldigitaldeasturias.com\\\/noticias\\\/susana-diaz-no-aguantamos-un-tercer-ano-de-prorroga\\\/#mainImage\"},\"primaryImageOfPage\":{\"@id\":\"https:\\\/\\\/www.eldigitaldeasturias.com\\\/noticias\\\/susana-diaz-no-aguantamos-un-tercer-ano-de-prorroga\\\/#mainImage\"},\"datePublished\":\"2017-08-29T21:12:17+02:00\",\"dateModified\":\"2017-08-29T21:12:17+02:00\"},{\"@type\":\"WebSite\",\"@id\":\"https:\\\/\\\/www.eldigitaldeasturias.com\\\/noticias\\\/#website\",\"url\":\"https:\\\/\\\/www.eldigitaldeasturias.com\\\/noticias\\\/\",\"name\":\"El Digital de Asturias - Diario de actualidad y noticias\",\"alternateName\":\"El Digital de Asturias - Diario de actualidad y noticias\",\"description\":\"Hemeroteca\",\"inLanguage\":\"es-ES\",\"publisher\":{\"@id\":\"https:\\\/\\\/www.eldigitaldeasturias.com\\\/noticias\\\/#organization\"}}]}\n\t\t<\/script>\n\t\t<!-- All in One SEO Pro -->\r\n\t\t<title>Susana D\u00edaz: \u00abNo aguantamos un tercer a\u00f1o de pr\u00f3rroga\u00bb - El Digital de Asturias<\/title>\n\n","aioseo_head_json":{"title":"Susana D\u00edaz: \u00abNo aguantamos un tercer a\u00f1o de pr\u00f3rroga\u00bb - El Digital de Asturias","description":"La presidenta de la Junta, Susana D\u00edaz, ha exigido al Gobierno que cumpla su compromiso de alcanzar un acuerdo con las comunidades aut\u00f3nomas en materia de financiaci\u00f3n auton\u00f3mica, tal y como se decidi\u00f3 por unanimidad en la \u00faltima Conferencia de Presidentes. D\u00edaz, que ha comparecido tras la reuni\u00f3n del Consejo de Gobierno en este inicio","canonical_url":"https:\/\/www.eldigitaldeasturias.com\/noticias\/susana-diaz-no-aguantamos-un-tercer-ano-de-prorroga\/","robots":"max-image-preview:large","keywords":"actualidad","webmasterTools":{"google-site-verification":"UA-38556648-1","msvalidate.01":"7dfe9f3f1b24437ab69f4f2559babe99","miscellaneous":""},"schema":{"@context":"https:\/\/schema.org","@graph":[{"@type":"BlogPosting","@id":"https:\/\/www.eldigitaldeasturias.com\/noticias\/susana-diaz-no-aguantamos-un-tercer-ano-de-prorroga\/#blogposting","name":"Susana D\u00edaz: \u00abNo aguantamos un tercer a\u00f1o de pr\u00f3rroga\u00bb - El Digital de Asturias","headline":"Susana D\u00edaz: \u00abNo aguantamos un tercer a\u00f1o de pr\u00f3rroga\u00bb","author":{"@id":"https:\/\/www.eldigitaldeasturias.com\/noticias\/author\/admin\/#author"},"publisher":{"@id":"https:\/\/www.eldigitaldeasturias.com\/noticias\/#organization"},"image":{"@type":"ImageObject","url":940256},"datePublished":"2017-08-29T21:12:17+02:00","dateModified":"2017-08-29T21:12:17+02:00","inLanguage":"es-ES","mainEntityOfPage":{"@id":"https:\/\/www.eldigitaldeasturias.com\/noticias\/susana-diaz-no-aguantamos-un-tercer-ano-de-prorroga\/#webpage"},"isPartOf":{"@id":"https:\/\/www.eldigitaldeasturias.com\/noticias\/susana-diaz-no-aguantamos-un-tercer-ano-de-prorroga\/#webpage"},"articleSection":"Actualidad"},{"@type":"BreadcrumbList","@id":"https:\/\/www.eldigitaldeasturias.com\/noticias\/susana-diaz-no-aguantamos-un-tercer-ano-de-prorroga\/#breadcrumblist","itemListElement":[{"@type":"ListItem","@id":"https:\/\/www.eldigitaldeasturias.com\/noticias#listItem","position":1,"name":"Home","item":"https:\/\/www.eldigitaldeasturias.com\/noticias","nextItem":{"@type":"ListItem","@id":"https:\/\/www.eldigitaldeasturias.com\/noticias\/category\/actualidad\/#listItem","name":"Actualidad"}},{"@type":"ListItem","@id":"https:\/\/www.eldigitaldeasturias.com\/noticias\/category\/actualidad\/#listItem","position":2,"name":"Actualidad","item":"https:\/\/www.eldigitaldeasturias.com\/noticias\/category\/actualidad\/","nextItem":{"@type":"ListItem","@id":"https:\/\/www.eldigitaldeasturias.com\/noticias\/susana-diaz-no-aguantamos-un-tercer-ano-de-prorroga\/#listItem","name":"Susana D\u00edaz: \u00abNo aguantamos un tercer a\u00f1o de pr\u00f3rroga\u00bb"},"previousItem":{"@type":"ListItem","@id":"https:\/\/www.eldigitaldeasturias.com\/noticias#listItem","name":"Home"}},{"@type":"ListItem","@id":"https:\/\/www.eldigitaldeasturias.com\/noticias\/susana-diaz-no-aguantamos-un-tercer-ano-de-prorroga\/#listItem","position":3,"name":"Susana D\u00edaz: \u00abNo aguantamos un tercer a\u00f1o de pr\u00f3rroga\u00bb","previousItem":{"@type":"ListItem","@id":"https:\/\/www.eldigitaldeasturias.com\/noticias\/category\/actualidad\/#listItem","name":"Actualidad"}}]},{"@type":"Organization","@id":"https:\/\/www.eldigitaldeasturias.com\/noticias\/#organization","name":"El Digital de Asturias","description":"Hemeroteca","url":"https:\/\/www.eldigitaldeasturias.com\/noticias\/","email":"info@eldigitaldeasturias.com","telephone":"+34652131393","logo":{"@type":"ImageObject","url":"https:\/\/www.eldigitaldeasturias.com\/noticias\/wp-content\/uploads\/2020\/12\/EDA.jpg","@id":"https:\/\/www.eldigitaldeasturias.com\/noticias\/susana-diaz-no-aguantamos-un-tercer-ano-de-prorroga\/#organizationLogo"},"image":{"@id":"https:\/\/www.eldigitaldeasturias.com\/noticias\/susana-diaz-no-aguantamos-un-tercer-ano-de-prorroga\/#organizationLogo"},"sameAs":["https:\/\/facebook.com\/eldigitaldeasturias","https:\/\/www.youtube.com\/channel\/UCZP-2wLEB9Rv6erhFmqVnvg"],"address":{"@id":"https:\/\/www.eldigitaldeasturias.com\/noticias\/#postaladdress","@type":"PostalAddress","streetAddress":"san antonio 4","postalCode":"33430","addressLocality":"Cand\u00e1s","addressRegion":"Asturias","addressCountry":"ES"}},{"@type":"Person","@id":"https:\/\/www.eldigitaldeasturias.com\/noticias\/author\/admin\/#author","url":"https:\/\/www.eldigitaldeasturias.com\/noticias\/author\/admin\/","name":"El Digital de Asturias","image":{"@type":"ImageObject","@id":"https:\/\/www.eldigitaldeasturias.com\/noticias\/susana-diaz-no-aguantamos-un-tercer-ano-de-prorroga\/#authorImage","url":"https:\/\/secure.gravatar.com\/avatar\/df2aeffc32bcd13f8d26072ef8a91b623d677766deac7f97ca815868cd41bf5e?s=96&d=mm&r=g","width":96,"height":96,"caption":"El Digital de Asturias"}},{"@type":"WebPage","@id":"https:\/\/www.eldigitaldeasturias.com\/noticias\/susana-diaz-no-aguantamos-un-tercer-ano-de-prorroga\/#webpage","url":"https:\/\/www.eldigitaldeasturias.com\/noticias\/susana-diaz-no-aguantamos-un-tercer-ano-de-prorroga\/","name":"Susana D\u00edaz: \u00abNo aguantamos un tercer a\u00f1o de pr\u00f3rroga\u00bb - El Digital de Asturias","description":"La presidenta de la Junta, Susana D\u00edaz, ha exigido al Gobierno que cumpla su compromiso de alcanzar un acuerdo con las comunidades aut\u00f3nomas en materia de financiaci\u00f3n auton\u00f3mica, tal y como se decidi\u00f3 por unanimidad en la \u00faltima Conferencia de Presidentes. D\u00edaz, que ha comparecido tras la reuni\u00f3n del Consejo de Gobierno en este inicio","inLanguage":"es-ES","isPartOf":{"@id":"https:\/\/www.eldigitaldeasturias.com\/noticias\/#website"},"breadcrumb":{"@id":"https:\/\/www.eldigitaldeasturias.com\/noticias\/susana-diaz-no-aguantamos-un-tercer-ano-de-prorroga\/#breadcrumblist"},"author":{"@id":"https:\/\/www.eldigitaldeasturias.com\/noticias\/author\/admin\/#author"},"creator":{"@id":"https:\/\/www.eldigitaldeasturias.com\/noticias\/author\/admin\/#author"},"image":{"@type":"ImageObject","url":940256,"@id":"https:\/\/www.eldigitaldeasturias.com\/noticias\/susana-diaz-no-aguantamos-un-tercer-ano-de-prorroga\/#mainImage"},"primaryImageOfPage":{"@id":"https:\/\/www.eldigitaldeasturias.com\/noticias\/susana-diaz-no-aguantamos-un-tercer-ano-de-prorroga\/#mainImage"},"datePublished":"2017-08-29T21:12:17+02:00","dateModified":"2017-08-29T21:12:17+02:00"},{"@type":"WebSite","@id":"https:\/\/www.eldigitaldeasturias.com\/noticias\/#website","url":"https:\/\/www.eldigitaldeasturias.com\/noticias\/","name":"El Digital de Asturias - Diario de actualidad y noticias","alternateName":"El Digital de Asturias - Diario de actualidad y noticias","description":"Hemeroteca","inLanguage":"es-ES","publisher":{"@id":"https:\/\/www.eldigitaldeasturias.com\/noticias\/#organization"}}]},"og:locale":"es_ES","og:site_name":"El Digital de Asturias","og:type":"article","og:title":"Susana D\u00edaz: \u00abNo aguantamos un tercer a\u00f1o de pr\u00f3rroga\u00bb - El Digital de Asturias","og:description":"La presidenta de la Junta, Susana D\u00edaz, ha exigido al Gobierno que cumpla su compromiso de alcanzar un acuerdo con las comunidades aut\u00f3nomas en materia de financiaci\u00f3n auton\u00f3mica, tal y como se decidi\u00f3 por unanimidad en la \u00faltima Conferencia de Presidentes. D\u00edaz, que ha comparecido tras la reuni\u00f3n del Consejo de Gobierno en este inicio","og:url":"https:\/\/www.eldigitaldeasturias.com\/noticias\/susana-diaz-no-aguantamos-un-tercer-ano-de-prorroga\/","article:tag":["actualidad"],"article:published_time":"2017-08-29T21:12:17+00:00","article:modified_time":"2017-08-29T21:12:17+00:00","article:publisher":"https:\/\/facebook.com\/eldigitaldeasturias","twitter:card":"summary_large_image","twitter:title":"Susana D\u00edaz: \u00abNo aguantamos un tercer a\u00f1o de pr\u00f3rroga\u00bb - El Digital de Asturias","twitter:description":"La presidenta de la Junta, Susana D\u00edaz, ha exigido al Gobierno que cumpla su compromiso de alcanzar un acuerdo con las comunidades aut\u00f3nomas en materia de financiaci\u00f3n auton\u00f3mica, tal y como se decidi\u00f3 por unanimidad en la \u00faltima Conferencia de Presidentes. D\u00edaz, que ha comparecido tras la reuni\u00f3n del Consejo de Gobierno en este inicio","twitter:image":"https:\/\/www.eldigitaldeasturias.com\/noticias\/wp-content\/uploads\/2020\/12\/EDA-1.jpg","twitter:label1":"Escrito por","twitter:data1":"El Digital de Asturias","twitter:label2":"Tiempo de lectura estimado","twitter:data2":"2 minutos"},"aioseo_meta_data":{"post_id":"951344","title":null,"description":null,"keywords":null,"keyphrases":null,"primary_term":null,"canonical_url":null,"og_title":null,"og_description":null,"og_object_type":"default","og_image_type":"default","og_image_url":null,"og_image_width":null,"og_image_height":null,"og_image_custom_url":null,"og_image_custom_fields":null,"og_video":null,"og_custom_url":null,"og_article_section":null,"og_article_tags":null,"twitter_use_og":false,"twitter_card":"default","twitter_image_type":"default","twitter_image_url":null,"twitter_image_custom_url":null,"twitter_image_custom_fields":null,"twitter_title":null,"twitter_description":null,"schema":{"blockGraphs":[],"customGraphs":[],"default":{"data":{"Article":[],"Course":[],"Dataset":[],"FAQPage":[],"Movie":[],"Person":[],"Product":[],"ProductReview":[],"Car":[],"Recipe":[],"Service":[],"SoftwareApplication":[],"WebPage":[]},"graphName":"","isEnabled":true},"graphs":[],"defaultGraph":"","defaultPostTypeGraph":""},"schema_type":null,"schema_type_options":null,"pillar_content":false,"robots_default":true,"robots_noindex":false,"robots_noarchive":false,"robots_nosnippet":false,"robots_nofollow":false,"robots_noimageindex":false,"robots_noodp":false,"robots_notranslate":false,"robots_max_snippet":null,"robots_max_videopreview":null,"robots_max_imagepreview":"large","priority":null,"frequency":null,"local_seo":null,"seo_analyzer_scan_date":"2025-12-05 18:54:42","breadcrumb_settings":null,"limit_modified_date":false,"open_ai":null,"ai":null,"created":"2020-12-21 12:58:15","updated":"2025-12-05 18:54:42","focus_keyword":null,"additional_keywords":null,"truseo_locale":null},"aioseo_breadcrumb":"<div class=\"aioseo-breadcrumbs\"><span class=\"aioseo-breadcrumb\">\n\t<a href=\"https:\/\/www.eldigitaldeasturias.com\/noticias\" title=\"Home\">Home<\/a>\n<\/span><span class=\"aioseo-breadcrumb-separator\">\u2013<\/span><span class=\"aioseo-breadcrumb\">\n\t<a href=\"https:\/\/www.eldigitaldeasturias.com\/noticias\/category\/actualidad\/\" title=\"Actualidad\">Actualidad<\/a>\n<\/span><span class=\"aioseo-breadcrumb-separator\">\u2013<\/span><span class=\"aioseo-breadcrumb\">\n\t<a href=\"https:\/\/www.eldigitaldeasturias.com\/noticias\/susana-diaz-no-aguantamos-un-tercer-ano-de-prorroga\/\" title=\"Susana D\u00edaz: \u00abNo aguantamos un tercer a\u00f1o de pr\u00f3rroga\u00bb\">Susana D\u00edaz: \u00abNo aguantamos un tercer a\u00f1o de pr\u00f3rroga\u00bb<\/a>\n<\/span><\/div>","aioseo_breadcrumb_json":[{"label":"Home","link":"https:\/\/www.eldigitaldeasturias.com\/noticias"},{"label":"Actualidad","link":"https:\/\/www.eldigitaldeasturias.com\/noticias\/category\/actualidad\/"},{"label":"Susana D\u00edaz: \u00abNo aguantamos un tercer a\u00f1o de pr\u00f3rroga\u00bb","link":"https:\/\/www.eldigitaldeasturias.com\/noticias\/susana-diaz-no-aguantamos-un-tercer-ano-de-prorroga\/"}],"_links":{"self":[{"href":"https:\/\/www.eldigitaldeasturias.com\/noticias\/wp-json\/wp\/v2\/posts\/951344","targetHints":{"allow":["GET"]}}],"collection":[{"href":"https:\/\/www.eldigitaldeasturias.com\/noticias\/wp-json\/wp\/v2\/posts"}],"about":[{"href":"https:\/\/www.eldigitaldeasturias.com\/noticias\/wp-json\/wp\/v2\/types\/post"}],"author":[{"embeddable":true,"href":"https:\/\/www.eldigitaldeasturias.com\/noticias\/wp-json\/wp\/v2\/users\/1"}],"replies":[{"embeddable":true,"href":"https:\/\/www.eldigitaldeasturias.com\/noticias\/wp-json\/wp\/v2\/comments?post=951344"}],"version-history":[{"count":0,"href":"https:\/\/www.eldigitaldeasturias.com\/noticias\/wp-json\/wp\/v2\/posts\/951344\/revisions"}],"wp:attachment":[{"href":"https:\/\/www.eldigitaldeasturias.com\/noticias\/wp-json\/wp\/v2\/media?parent=951344"}],"wp:term":[{"taxonomy":"category","embeddable":true,"href":"https:\/\/www.eldigitaldeasturias.com\/noticias\/wp-json\/wp\/v2\/categories?post=951344"},{"taxonomy":"post_tag","embeddable":true,"href":"https:\/\/www.eldigitaldeasturias.com\/noticias\/wp-json\/wp\/v2\/tags?post=951344"}],"curies":[{"name":"wp","href":"https:\/\/api.w.org\/{rel}","templated":true}]}}