{"id":951342,"date":"2017-08-29T21:09:04","date_gmt":"2017-08-29T21:09:04","guid":{"rendered":"http:\/\/www.eldigitaldeasturias.com\/noticias\/?p=951342"},"modified":"2017-08-29T21:09:04","modified_gmt":"2017-08-29T21:09:04","slug":"andalucia-contara-con-2-676-docentes-mas-durante-el-nuevo-curso-escolar","status":"publish","type":"post","link":"https:\/\/www.eldigitaldeasturias.com\/noticias\/andalucia-contara-con-2-676-docentes-mas-durante-el-nuevo-curso-escolar\/","title":{"rendered":"Andaluc\u00eda contar\u00e1 con 2.676 docentes m\u00e1s durante el nuevo curso escolar"},"content":{"rendered":"<p><img loading=\"lazy\" decoding=\"async\" class=\"alignleft size-medium wp-image-801268\" src=\"https:\/\/www.eldigitaldeasturias.com\/noticias\/wp-content\/uploads\/2015\/08\/aula-360x270.jpg\" alt=\"\" width=\"360\" height=\"270\" \/>La presidenta de la Junta de Andaluc\u00eda, Susana D\u00edaz, ha anunciado en rueda de prensa que el curso escolar que comienza el pr\u00f3ximo mes de septiembre en Andaluc\u00eda contar\u00e1 con 2.676 docentes m\u00e1s, por lo que se actualiza la plantilla p\u00fablica docente en todos los grados de ense\u00f1anza no universitaria sostenidos con fondos p\u00fablicos a m\u00e1s de 120.000 profesores y profesoras.<\/p>\n<p>D\u00edaz ha afirmado que el inicio del curso escolar en la comunidad implica directamente a m\u00e1s de dos millones de andaluces, un colectivo superior a la poblaci\u00f3n total de algunas comunidades aut\u00f3nomas.<\/p>\n<p>En las escuelas infantiles, el alumnado matriculado este a\u00f1o se ha incrementado en m\u00e1s de un 11%, lo que se ha traducido en la apertura de unos 300 nuevos centros, ha asegurado la presidenta. En colegios e institutos, adem\u00e1s del incremento de la plantilla docente, la presidenta ha recordado el plan de climatizaci\u00f3n que se est\u00e1 llevando a cabo para adaptar las aulas y centros a las necesidades climatol\u00f3gicas de cada temporada, un plan \u00abpionero en Espa\u00f1a\u00bb en el que se est\u00e1 invirtiendo 2,5 millones de euros en m\u00e1s de medio centenar de actuaciones.<\/p>\n<p>En la Universidad, Susana D\u00edaz ha resaltado que este curso entra en vigor \u00abuna medida absolutamente vanguardista\u00bb como es la pr\u00e1ctica gratuidad de las matr\u00edculas universitarias para los alumnos que aprueben.<\/p>\n<p>La presidenta tambi\u00e9n se ha referido a algunas novedades para la mejor prestaci\u00f3n de la sanidad p\u00fablica andaluza. En este punto, ha indicado que el Gobierno andaluz est\u00e1 trabajando en dise\u00f1ar y aplicar la Estrategia de Renovaci\u00f3n de Atenci\u00f3n Primaria para garantizar un sistema de salud m\u00e1s cercano, accesible y participativo.<\/p>\n<p>A partir de septiembre comenzar\u00e1n a realizarse las contrataciones necesarias en los centros de atenci\u00f3n primaria para ajustar las plantillas all\u00ed donde sea necesario en funci\u00f3n de los usuarios.<\/p>\n<p>En concreto, este a\u00f1o se incrementar\u00e1 en cerca de 400 el n\u00famero de profesionales en atenci\u00f3n primaria, entre m\u00e9dicos de familia, pediatras, enfermeras, matronas y trabajadores sociales.<\/p>\n<p>D\u00edaz ha agregado que se avanzar\u00e1 igualmente en el programa de atenci\u00f3n a pacientes cr\u00f3nicos y en la evaluaci\u00f3n y renovaci\u00f3n del Plan de Urgencias de atenci\u00f3n primaria.<\/p>\n<p>&nbsp;<\/p>\n","protected":false},"excerpt":{"rendered":"<p>La presidenta de la Junta de Andaluc\u00eda, Susana D\u00edaz, ha anunciado en rueda de prensa que el curso escolar que comienza el pr\u00f3ximo mes de septiembre en Andaluc\u00eda contar\u00e1 con 2.676 docentes m\u00e1s, por lo que se actualiza la plantilla p\u00fablica docente en todos los grados de ense\u00f1anza no universitaria sostenidos con fondos p\u00fablicos a [&hellip;]<\/p>\n","protected":false},"author":1,"featured_media":801268,"comment_status":"closed","ping_status":"closed","sticky":false,"template":"","format":"standard","meta":{"footnotes":""},"categories":[1],"tags":[],"class_list":["post-951342","post","type-post","status-publish","format-standard","has-post-thumbnail","hentry","category-actualidad"],"aioseo_notices":[],"aioseo_head":"\n\t\t<!-- All in One SEO Pro 5.0.1 - aioseo.com -->\n\t<meta name=\"description\" content=\"La presidenta de la Junta de Andaluc\u00eda, Susana D\u00edaz, ha anunciado en rueda de prensa que el curso escolar que comienza el pr\u00f3ximo mes de septiembre en Andaluc\u00eda contar\u00e1 con 2.676 docentes m\u00e1s, por lo que se actualiza la plantilla p\u00fablica docente en todos los grados de ense\u00f1anza no universitaria sostenidos con fondos p\u00fablicos a\" \/>\n\t<meta name=\"robots\" content=\"max-image-preview:large\" \/>\n\t<meta name=\"author\" content=\"El Digital de Asturias\"\/>\n\t<meta name=\"google-site-verification\" content=\"UA-38556648-1\" \/>\n\t<meta name=\"msvalidate.01\" content=\"7dfe9f3f1b24437ab69f4f2559babe99\" \/>\n\t<meta name=\"keywords\" content=\"actualidad\" \/>\n\t<link rel=\"canonical\" href=\"https:\/\/www.eldigitaldeasturias.com\/noticias\/andalucia-contara-con-2-676-docentes-mas-durante-el-nuevo-curso-escolar\/\" \/>\n\t<meta name=\"generator\" content=\"All in One SEO Pro (AIOSEO) 5.0.1\" \/>\n\t\t<meta property=\"og:locale\" content=\"es_ES\" \/>\n\t\t<meta property=\"og:site_name\" content=\"El Digital de Asturias\" \/>\n\t\t<meta property=\"og:type\" content=\"article\" \/>\n\t\t<meta property=\"og:title\" content=\"Andaluc\u00eda contar\u00e1 con 2.676 docentes m\u00e1s durante el nuevo curso escolar - El Digital de Asturias\" \/>\n\t\t<meta property=\"og:description\" content=\"La presidenta de la Junta de Andaluc\u00eda, Susana D\u00edaz, ha anunciado en rueda de prensa que el curso escolar que comienza el pr\u00f3ximo mes de septiembre en Andaluc\u00eda contar\u00e1 con 2.676 docentes m\u00e1s, por lo que se actualiza la plantilla p\u00fablica docente en todos los grados de ense\u00f1anza no universitaria sostenidos con fondos p\u00fablicos a\" \/>\n\t\t<meta property=\"og:url\" content=\"https:\/\/www.eldigitaldeasturias.com\/noticias\/andalucia-contara-con-2-676-docentes-mas-durante-el-nuevo-curso-escolar\/\" \/>\n\t\t<meta property=\"article:tag\" content=\"actualidad\" \/>\n\t\t<meta property=\"article:published_time\" content=\"2017-08-29T21:09:04+00:00\" \/>\n\t\t<meta property=\"article:modified_time\" content=\"2017-08-29T21:09:04+00:00\" \/>\n\t\t<meta property=\"article:publisher\" content=\"https:\/\/facebook.com\/eldigitaldeasturias\" \/>\n\t\t<meta name=\"twitter:card\" content=\"summary_large_image\" \/>\n\t\t<meta name=\"twitter:title\" content=\"Andaluc\u00eda contar\u00e1 con 2.676 docentes m\u00e1s durante el nuevo curso escolar - El Digital de Asturias\" \/>\n\t\t<meta name=\"twitter:description\" content=\"La presidenta de la Junta de Andaluc\u00eda, Susana D\u00edaz, ha anunciado en rueda de prensa que el curso escolar que comienza el pr\u00f3ximo mes de septiembre en Andaluc\u00eda contar\u00e1 con 2.676 docentes m\u00e1s, por lo que se actualiza la plantilla p\u00fablica docente en todos los grados de ense\u00f1anza no universitaria sostenidos con fondos p\u00fablicos a\" \/>\n\t\t<meta name=\"twitter:image\" content=\"https:\/\/www.eldigitaldeasturias.com\/noticias\/wp-content\/uploads\/2020\/12\/EDA-1.jpg\" \/>\n\t\t<meta name=\"twitter:label1\" content=\"Escrito por\" \/>\n\t\t<meta name=\"twitter:data1\" content=\"El Digital de Asturias\" \/>\n\t\t<meta name=\"twitter:label2\" content=\"Tiempo de lectura estimado\" \/>\n\t\t<meta name=\"twitter:data2\" content=\"2 minutos\" \/>\n\t\t<script type=\"application\/ld+json\" class=\"aioseo-schema\">\n\t\t\t{\"@context\":\"https:\\\/\\\/schema.org\",\"@graph\":[{\"@type\":\"BlogPosting\",\"@id\":\"https:\\\/\\\/www.eldigitaldeasturias.com\\\/noticias\\\/andalucia-contara-con-2-676-docentes-mas-durante-el-nuevo-curso-escolar\\\/#blogposting\",\"name\":\"Andaluc\\u00eda contar\\u00e1 con 2.676 docentes m\\u00e1s durante el nuevo curso escolar - El Digital de Asturias\",\"headline\":\"Andaluc\\u00eda contar\\u00e1 con 2.676 docentes m\\u00e1s durante el nuevo curso escolar\",\"author\":{\"@id\":\"https:\\\/\\\/www.eldigitaldeasturias.com\\\/noticias\\\/author\\\/admin\\\/#author\"},\"publisher\":{\"@id\":\"https:\\\/\\\/www.eldigitaldeasturias.com\\\/noticias\\\/#organization\"},\"image\":{\"@type\":\"ImageObject\",\"url\":801268},\"datePublished\":\"2017-08-29T21:09:04+02:00\",\"dateModified\":\"2017-08-29T21:09:04+02:00\",\"inLanguage\":\"es-ES\",\"mainEntityOfPage\":{\"@id\":\"https:\\\/\\\/www.eldigitaldeasturias.com\\\/noticias\\\/andalucia-contara-con-2-676-docentes-mas-durante-el-nuevo-curso-escolar\\\/#webpage\"},\"isPartOf\":{\"@id\":\"https:\\\/\\\/www.eldigitaldeasturias.com\\\/noticias\\\/andalucia-contara-con-2-676-docentes-mas-durante-el-nuevo-curso-escolar\\\/#webpage\"},\"articleSection\":\"Actualidad\"},{\"@type\":\"BreadcrumbList\",\"@id\":\"https:\\\/\\\/www.eldigitaldeasturias.com\\\/noticias\\\/andalucia-contara-con-2-676-docentes-mas-durante-el-nuevo-curso-escolar\\\/#breadcrumblist\",\"itemListElement\":[{\"@type\":\"ListItem\",\"@id\":\"https:\\\/\\\/www.eldigitaldeasturias.com\\\/noticias#listItem\",\"position\":1,\"name\":\"Home\",\"item\":\"https:\\\/\\\/www.eldigitaldeasturias.com\\\/noticias\",\"nextItem\":{\"@type\":\"ListItem\",\"@id\":\"https:\\\/\\\/www.eldigitaldeasturias.com\\\/noticias\\\/category\\\/actualidad\\\/#listItem\",\"name\":\"Actualidad\"}},{\"@type\":\"ListItem\",\"@id\":\"https:\\\/\\\/www.eldigitaldeasturias.com\\\/noticias\\\/category\\\/actualidad\\\/#listItem\",\"position\":2,\"name\":\"Actualidad\",\"item\":\"https:\\\/\\\/www.eldigitaldeasturias.com\\\/noticias\\\/category\\\/actualidad\\\/\",\"nextItem\":{\"@type\":\"ListItem\",\"@id\":\"https:\\\/\\\/www.eldigitaldeasturias.com\\\/noticias\\\/andalucia-contara-con-2-676-docentes-mas-durante-el-nuevo-curso-escolar\\\/#listItem\",\"name\":\"Andaluc\\u00eda contar\\u00e1 con 2.676 docentes m\\u00e1s durante el nuevo curso escolar\"},\"previousItem\":{\"@type\":\"ListItem\",\"@id\":\"https:\\\/\\\/www.eldigitaldeasturias.com\\\/noticias#listItem\",\"name\":\"Home\"}},{\"@type\":\"ListItem\",\"@id\":\"https:\\\/\\\/www.eldigitaldeasturias.com\\\/noticias\\\/andalucia-contara-con-2-676-docentes-mas-durante-el-nuevo-curso-escolar\\\/#listItem\",\"position\":3,\"name\":\"Andaluc\\u00eda contar\\u00e1 con 2.676 docentes m\\u00e1s durante el nuevo curso escolar\",\"previousItem\":{\"@type\":\"ListItem\",\"@id\":\"https:\\\/\\\/www.eldigitaldeasturias.com\\\/noticias\\\/category\\\/actualidad\\\/#listItem\",\"name\":\"Actualidad\"}}]},{\"@type\":\"Organization\",\"@id\":\"https:\\\/\\\/www.eldigitaldeasturias.com\\\/noticias\\\/#organization\",\"name\":\"El Digital de Asturias\",\"description\":\"Hemeroteca\",\"url\":\"https:\\\/\\\/www.eldigitaldeasturias.com\\\/noticias\\\/\",\"email\":\"info@eldigitaldeasturias.com\",\"telephone\":\"+34652131393\",\"logo\":{\"@type\":\"ImageObject\",\"url\":\"https:\\\/\\\/www.eldigitaldeasturias.com\\\/noticias\\\/wp-content\\\/uploads\\\/2020\\\/12\\\/EDA.jpg\",\"@id\":\"https:\\\/\\\/www.eldigitaldeasturias.com\\\/noticias\\\/andalucia-contara-con-2-676-docentes-mas-durante-el-nuevo-curso-escolar\\\/#organizationLogo\"},\"image\":{\"@id\":\"https:\\\/\\\/www.eldigitaldeasturias.com\\\/noticias\\\/andalucia-contara-con-2-676-docentes-mas-durante-el-nuevo-curso-escolar\\\/#organizationLogo\"},\"sameAs\":[\"https:\\\/\\\/facebook.com\\\/eldigitaldeasturias\",\"https:\\\/\\\/www.youtube.com\\\/channel\\\/UCZP-2wLEB9Rv6erhFmqVnvg\"],\"address\":{\"@id\":\"https:\\\/\\\/www.eldigitaldeasturias.com\\\/noticias\\\/#postaladdress\",\"@type\":\"PostalAddress\",\"streetAddress\":\"san antonio 4\",\"postalCode\":\"33430\",\"addressLocality\":\"Cand\\u00e1s\",\"addressRegion\":\"Asturias\",\"addressCountry\":\"ES\"}},{\"@type\":\"Person\",\"@id\":\"https:\\\/\\\/www.eldigitaldeasturias.com\\\/noticias\\\/author\\\/admin\\\/#author\",\"url\":\"https:\\\/\\\/www.eldigitaldeasturias.com\\\/noticias\\\/author\\\/admin\\\/\",\"name\":\"El Digital de Asturias\",\"image\":{\"@type\":\"ImageObject\",\"@id\":\"https:\\\/\\\/www.eldigitaldeasturias.com\\\/noticias\\\/andalucia-contara-con-2-676-docentes-mas-durante-el-nuevo-curso-escolar\\\/#authorImage\",\"url\":\"https:\\\/\\\/secure.gravatar.com\\\/avatar\\\/df2aeffc32bcd13f8d26072ef8a91b623d677766deac7f97ca815868cd41bf5e?s=96&d=mm&r=g\",\"width\":96,\"height\":96,\"caption\":\"El Digital de Asturias\"}},{\"@type\":\"WebPage\",\"@id\":\"https:\\\/\\\/www.eldigitaldeasturias.com\\\/noticias\\\/andalucia-contara-con-2-676-docentes-mas-durante-el-nuevo-curso-escolar\\\/#webpage\",\"url\":\"https:\\\/\\\/www.eldigitaldeasturias.com\\\/noticias\\\/andalucia-contara-con-2-676-docentes-mas-durante-el-nuevo-curso-escolar\\\/\",\"name\":\"Andaluc\\u00eda contar\\u00e1 con 2.676 docentes m\\u00e1s durante el nuevo curso escolar - El Digital de Asturias\",\"description\":\"La presidenta de la Junta de Andaluc\\u00eda, Susana D\\u00edaz, ha anunciado en rueda de prensa que el curso escolar que comienza el pr\\u00f3ximo mes de septiembre en Andaluc\\u00eda contar\\u00e1 con 2.676 docentes m\\u00e1s, por lo que se actualiza la plantilla p\\u00fablica docente en todos los grados de ense\\u00f1anza no universitaria sostenidos con fondos p\\u00fablicos a\",\"inLanguage\":\"es-ES\",\"isPartOf\":{\"@id\":\"https:\\\/\\\/www.eldigitaldeasturias.com\\\/noticias\\\/#website\"},\"breadcrumb\":{\"@id\":\"https:\\\/\\\/www.eldigitaldeasturias.com\\\/noticias\\\/andalucia-contara-con-2-676-docentes-mas-durante-el-nuevo-curso-escolar\\\/#breadcrumblist\"},\"author\":{\"@id\":\"https:\\\/\\\/www.eldigitaldeasturias.com\\\/noticias\\\/author\\\/admin\\\/#author\"},\"creator\":{\"@id\":\"https:\\\/\\\/www.eldigitaldeasturias.com\\\/noticias\\\/author\\\/admin\\\/#author\"},\"image\":{\"@type\":\"ImageObject\",\"url\":801268,\"@id\":\"https:\\\/\\\/www.eldigitaldeasturias.com\\\/noticias\\\/andalucia-contara-con-2-676-docentes-mas-durante-el-nuevo-curso-escolar\\\/#mainImage\"},\"primaryImageOfPage\":{\"@id\":\"https:\\\/\\\/www.eldigitaldeasturias.com\\\/noticias\\\/andalucia-contara-con-2-676-docentes-mas-durante-el-nuevo-curso-escolar\\\/#mainImage\"},\"datePublished\":\"2017-08-29T21:09:04+02:00\",\"dateModified\":\"2017-08-29T21:09:04+02:00\"},{\"@type\":\"WebSite\",\"@id\":\"https:\\\/\\\/www.eldigitaldeasturias.com\\\/noticias\\\/#website\",\"url\":\"https:\\\/\\\/www.eldigitaldeasturias.com\\\/noticias\\\/\",\"name\":\"El Digital de Asturias - Diario de actualidad y noticias\",\"alternateName\":\"El Digital de Asturias - Diario de actualidad y noticias\",\"description\":\"Hemeroteca\",\"inLanguage\":\"es-ES\",\"publisher\":{\"@id\":\"https:\\\/\\\/www.eldigitaldeasturias.com\\\/noticias\\\/#organization\"}}]}\n\t\t<\/script>\n\t\t<!-- All in One SEO Pro -->\r\n\t\t<title>Andaluc\u00eda contar\u00e1 con 2.676 docentes m\u00e1s durante el nuevo curso escolar - El Digital de Asturias<\/title>\n\n","aioseo_head_json":{"title":"Andaluc\u00eda contar\u00e1 con 2.676 docentes m\u00e1s durante el nuevo curso escolar - El Digital de Asturias","description":"La presidenta de la Junta de Andaluc\u00eda, Susana D\u00edaz, ha anunciado en rueda de prensa que el curso escolar que comienza el pr\u00f3ximo mes de septiembre en Andaluc\u00eda contar\u00e1 con 2.676 docentes m\u00e1s, por lo que se actualiza la plantilla p\u00fablica docente en todos los grados de ense\u00f1anza no universitaria sostenidos con fondos p\u00fablicos a","canonical_url":"https:\/\/www.eldigitaldeasturias.com\/noticias\/andalucia-contara-con-2-676-docentes-mas-durante-el-nuevo-curso-escolar\/","robots":"max-image-preview:large","keywords":"actualidad","webmasterTools":{"google-site-verification":"UA-38556648-1","msvalidate.01":"7dfe9f3f1b24437ab69f4f2559babe99","miscellaneous":""},"schema":{"@context":"https:\/\/schema.org","@graph":[{"@type":"BlogPosting","@id":"https:\/\/www.eldigitaldeasturias.com\/noticias\/andalucia-contara-con-2-676-docentes-mas-durante-el-nuevo-curso-escolar\/#blogposting","name":"Andaluc\u00eda contar\u00e1 con 2.676 docentes m\u00e1s durante el nuevo curso escolar - El Digital de Asturias","headline":"Andaluc\u00eda contar\u00e1 con 2.676 docentes m\u00e1s durante el nuevo curso escolar","author":{"@id":"https:\/\/www.eldigitaldeasturias.com\/noticias\/author\/admin\/#author"},"publisher":{"@id":"https:\/\/www.eldigitaldeasturias.com\/noticias\/#organization"},"image":{"@type":"ImageObject","url":801268},"datePublished":"2017-08-29T21:09:04+02:00","dateModified":"2017-08-29T21:09:04+02:00","inLanguage":"es-ES","mainEntityOfPage":{"@id":"https:\/\/www.eldigitaldeasturias.com\/noticias\/andalucia-contara-con-2-676-docentes-mas-durante-el-nuevo-curso-escolar\/#webpage"},"isPartOf":{"@id":"https:\/\/www.eldigitaldeasturias.com\/noticias\/andalucia-contara-con-2-676-docentes-mas-durante-el-nuevo-curso-escolar\/#webpage"},"articleSection":"Actualidad"},{"@type":"BreadcrumbList","@id":"https:\/\/www.eldigitaldeasturias.com\/noticias\/andalucia-contara-con-2-676-docentes-mas-durante-el-nuevo-curso-escolar\/#breadcrumblist","itemListElement":[{"@type":"ListItem","@id":"https:\/\/www.eldigitaldeasturias.com\/noticias#listItem","position":1,"name":"Home","item":"https:\/\/www.eldigitaldeasturias.com\/noticias","nextItem":{"@type":"ListItem","@id":"https:\/\/www.eldigitaldeasturias.com\/noticias\/category\/actualidad\/#listItem","name":"Actualidad"}},{"@type":"ListItem","@id":"https:\/\/www.eldigitaldeasturias.com\/noticias\/category\/actualidad\/#listItem","position":2,"name":"Actualidad","item":"https:\/\/www.eldigitaldeasturias.com\/noticias\/category\/actualidad\/","nextItem":{"@type":"ListItem","@id":"https:\/\/www.eldigitaldeasturias.com\/noticias\/andalucia-contara-con-2-676-docentes-mas-durante-el-nuevo-curso-escolar\/#listItem","name":"Andaluc\u00eda contar\u00e1 con 2.676 docentes m\u00e1s durante el nuevo curso escolar"},"previousItem":{"@type":"ListItem","@id":"https:\/\/www.eldigitaldeasturias.com\/noticias#listItem","name":"Home"}},{"@type":"ListItem","@id":"https:\/\/www.eldigitaldeasturias.com\/noticias\/andalucia-contara-con-2-676-docentes-mas-durante-el-nuevo-curso-escolar\/#listItem","position":3,"name":"Andaluc\u00eda contar\u00e1 con 2.676 docentes m\u00e1s durante el nuevo curso escolar","previousItem":{"@type":"ListItem","@id":"https:\/\/www.eldigitaldeasturias.com\/noticias\/category\/actualidad\/#listItem","name":"Actualidad"}}]},{"@type":"Organization","@id":"https:\/\/www.eldigitaldeasturias.com\/noticias\/#organization","name":"El Digital de Asturias","description":"Hemeroteca","url":"https:\/\/www.eldigitaldeasturias.com\/noticias\/","email":"info@eldigitaldeasturias.com","telephone":"+34652131393","logo":{"@type":"ImageObject","url":"https:\/\/www.eldigitaldeasturias.com\/noticias\/wp-content\/uploads\/2020\/12\/EDA.jpg","@id":"https:\/\/www.eldigitaldeasturias.com\/noticias\/andalucia-contara-con-2-676-docentes-mas-durante-el-nuevo-curso-escolar\/#organizationLogo"},"image":{"@id":"https:\/\/www.eldigitaldeasturias.com\/noticias\/andalucia-contara-con-2-676-docentes-mas-durante-el-nuevo-curso-escolar\/#organizationLogo"},"sameAs":["https:\/\/facebook.com\/eldigitaldeasturias","https:\/\/www.youtube.com\/channel\/UCZP-2wLEB9Rv6erhFmqVnvg"],"address":{"@id":"https:\/\/www.eldigitaldeasturias.com\/noticias\/#postaladdress","@type":"PostalAddress","streetAddress":"san antonio 4","postalCode":"33430","addressLocality":"Cand\u00e1s","addressRegion":"Asturias","addressCountry":"ES"}},{"@type":"Person","@id":"https:\/\/www.eldigitaldeasturias.com\/noticias\/author\/admin\/#author","url":"https:\/\/www.eldigitaldeasturias.com\/noticias\/author\/admin\/","name":"El Digital de Asturias","image":{"@type":"ImageObject","@id":"https:\/\/www.eldigitaldeasturias.com\/noticias\/andalucia-contara-con-2-676-docentes-mas-durante-el-nuevo-curso-escolar\/#authorImage","url":"https:\/\/secure.gravatar.com\/avatar\/df2aeffc32bcd13f8d26072ef8a91b623d677766deac7f97ca815868cd41bf5e?s=96&d=mm&r=g","width":96,"height":96,"caption":"El Digital de Asturias"}},{"@type":"WebPage","@id":"https:\/\/www.eldigitaldeasturias.com\/noticias\/andalucia-contara-con-2-676-docentes-mas-durante-el-nuevo-curso-escolar\/#webpage","url":"https:\/\/www.eldigitaldeasturias.com\/noticias\/andalucia-contara-con-2-676-docentes-mas-durante-el-nuevo-curso-escolar\/","name":"Andaluc\u00eda contar\u00e1 con 2.676 docentes m\u00e1s durante el nuevo curso escolar - El Digital de Asturias","description":"La presidenta de la Junta de Andaluc\u00eda, Susana D\u00edaz, ha anunciado en rueda de prensa que el curso escolar que comienza el pr\u00f3ximo mes de septiembre en Andaluc\u00eda contar\u00e1 con 2.676 docentes m\u00e1s, por lo que se actualiza la plantilla p\u00fablica docente en todos los grados de ense\u00f1anza no universitaria sostenidos con fondos p\u00fablicos a","inLanguage":"es-ES","isPartOf":{"@id":"https:\/\/www.eldigitaldeasturias.com\/noticias\/#website"},"breadcrumb":{"@id":"https:\/\/www.eldigitaldeasturias.com\/noticias\/andalucia-contara-con-2-676-docentes-mas-durante-el-nuevo-curso-escolar\/#breadcrumblist"},"author":{"@id":"https:\/\/www.eldigitaldeasturias.com\/noticias\/author\/admin\/#author"},"creator":{"@id":"https:\/\/www.eldigitaldeasturias.com\/noticias\/author\/admin\/#author"},"image":{"@type":"ImageObject","url":801268,"@id":"https:\/\/www.eldigitaldeasturias.com\/noticias\/andalucia-contara-con-2-676-docentes-mas-durante-el-nuevo-curso-escolar\/#mainImage"},"primaryImageOfPage":{"@id":"https:\/\/www.eldigitaldeasturias.com\/noticias\/andalucia-contara-con-2-676-docentes-mas-durante-el-nuevo-curso-escolar\/#mainImage"},"datePublished":"2017-08-29T21:09:04+02:00","dateModified":"2017-08-29T21:09:04+02:00"},{"@type":"WebSite","@id":"https:\/\/www.eldigitaldeasturias.com\/noticias\/#website","url":"https:\/\/www.eldigitaldeasturias.com\/noticias\/","name":"El Digital de Asturias - Diario de actualidad y noticias","alternateName":"El Digital de Asturias - Diario de actualidad y noticias","description":"Hemeroteca","inLanguage":"es-ES","publisher":{"@id":"https:\/\/www.eldigitaldeasturias.com\/noticias\/#organization"}}]},"og:locale":"es_ES","og:site_name":"El Digital de Asturias","og:type":"article","og:title":"Andaluc\u00eda contar\u00e1 con 2.676 docentes m\u00e1s durante el nuevo curso escolar - El Digital de Asturias","og:description":"La presidenta de la Junta de Andaluc\u00eda, Susana D\u00edaz, ha anunciado en rueda de prensa que el curso escolar que comienza el pr\u00f3ximo mes de septiembre en Andaluc\u00eda contar\u00e1 con 2.676 docentes m\u00e1s, por lo que se actualiza la plantilla p\u00fablica docente en todos los grados de ense\u00f1anza no universitaria sostenidos con fondos p\u00fablicos a","og:url":"https:\/\/www.eldigitaldeasturias.com\/noticias\/andalucia-contara-con-2-676-docentes-mas-durante-el-nuevo-curso-escolar\/","article:tag":["actualidad"],"article:published_time":"2017-08-29T21:09:04+00:00","article:modified_time":"2017-08-29T21:09:04+00:00","article:publisher":"https:\/\/facebook.com\/eldigitaldeasturias","twitter:card":"summary_large_image","twitter:title":"Andaluc\u00eda contar\u00e1 con 2.676 docentes m\u00e1s durante el nuevo curso escolar - El Digital de Asturias","twitter:description":"La presidenta de la Junta de Andaluc\u00eda, Susana D\u00edaz, ha anunciado en rueda de prensa que el curso escolar que comienza el pr\u00f3ximo mes de septiembre en Andaluc\u00eda contar\u00e1 con 2.676 docentes m\u00e1s, por lo que se actualiza la plantilla p\u00fablica docente en todos los grados de ense\u00f1anza no universitaria sostenidos con fondos p\u00fablicos a","twitter:image":"https:\/\/www.eldigitaldeasturias.com\/noticias\/wp-content\/uploads\/2020\/12\/EDA-1.jpg","twitter:label1":"Escrito por","twitter:data1":"El Digital de Asturias","twitter:label2":"Tiempo de lectura estimado","twitter:data2":"2 minutos"},"aioseo_meta_data":{"post_id":"951342","title":null,"description":null,"keywords":null,"keyphrases":null,"primary_term":null,"canonical_url":null,"og_title":null,"og_description":null,"og_object_type":"default","og_image_type":"default","og_image_url":null,"og_image_width":null,"og_image_height":null,"og_image_custom_url":null,"og_image_custom_fields":null,"og_video":null,"og_custom_url":null,"og_article_section":null,"og_article_tags":null,"twitter_use_og":false,"twitter_card":"default","twitter_image_type":"default","twitter_image_url":null,"twitter_image_custom_url":null,"twitter_image_custom_fields":null,"twitter_title":null,"twitter_description":null,"schema":{"blockGraphs":[],"customGraphs":[],"default":{"data":{"Article":[],"Course":[],"Dataset":[],"FAQPage":[],"Movie":[],"Person":[],"Product":[],"ProductReview":[],"Car":[],"Recipe":[],"Service":[],"SoftwareApplication":[],"WebPage":[]},"graphName":"","isEnabled":true},"graphs":[],"defaultGraph":"","defaultPostTypeGraph":""},"schema_type":null,"schema_type_options":null,"pillar_content":false,"robots_default":true,"robots_noindex":false,"robots_noarchive":false,"robots_nosnippet":false,"robots_nofollow":false,"robots_noimageindex":false,"robots_noodp":false,"robots_notranslate":false,"robots_max_snippet":null,"robots_max_videopreview":null,"robots_max_imagepreview":"large","priority":null,"frequency":null,"local_seo":null,"seo_analyzer_scan_date":"2025-12-05 18:54:40","breadcrumb_settings":null,"limit_modified_date":false,"open_ai":null,"ai":null,"created":"2020-12-21 12:58:15","updated":"2025-12-05 18:54:40","focus_keyword":null,"additional_keywords":null,"truseo_locale":null},"aioseo_breadcrumb":"<div class=\"aioseo-breadcrumbs\"><span class=\"aioseo-breadcrumb\">\n\t<a href=\"https:\/\/www.eldigitaldeasturias.com\/noticias\" title=\"Home\">Home<\/a>\n<\/span><span class=\"aioseo-breadcrumb-separator\">\u2013<\/span><span class=\"aioseo-breadcrumb\">\n\t<a href=\"https:\/\/www.eldigitaldeasturias.com\/noticias\/category\/actualidad\/\" title=\"Actualidad\">Actualidad<\/a>\n<\/span><span class=\"aioseo-breadcrumb-separator\">\u2013<\/span><span class=\"aioseo-breadcrumb\">\n\t<a href=\"https:\/\/www.eldigitaldeasturias.com\/noticias\/andalucia-contara-con-2-676-docentes-mas-durante-el-nuevo-curso-escolar\/\" title=\"Andaluc\u00eda contar\u00e1 con 2.676 docentes m\u00e1s durante el nuevo curso escolar\">Andaluc\u00eda contar\u00e1 con 2.676 docentes m\u00e1s durante el nuevo curso escolar<\/a>\n<\/span><\/div>","aioseo_breadcrumb_json":[{"label":"Home","link":"https:\/\/www.eldigitaldeasturias.com\/noticias"},{"label":"Actualidad","link":"https:\/\/www.eldigitaldeasturias.com\/noticias\/category\/actualidad\/"},{"label":"Andaluc\u00eda contar\u00e1 con 2.676 docentes m\u00e1s durante el nuevo curso escolar","link":"https:\/\/www.eldigitaldeasturias.com\/noticias\/andalucia-contara-con-2-676-docentes-mas-durante-el-nuevo-curso-escolar\/"}],"_links":{"self":[{"href":"https:\/\/www.eldigitaldeasturias.com\/noticias\/wp-json\/wp\/v2\/posts\/951342","targetHints":{"allow":["GET"]}}],"collection":[{"href":"https:\/\/www.eldigitaldeasturias.com\/noticias\/wp-json\/wp\/v2\/posts"}],"about":[{"href":"https:\/\/www.eldigitaldeasturias.com\/noticias\/wp-json\/wp\/v2\/types\/post"}],"author":[{"embeddable":true,"href":"https:\/\/www.eldigitaldeasturias.com\/noticias\/wp-json\/wp\/v2\/users\/1"}],"replies":[{"embeddable":true,"href":"https:\/\/www.eldigitaldeasturias.com\/noticias\/wp-json\/wp\/v2\/comments?post=951342"}],"version-history":[{"count":0,"href":"https:\/\/www.eldigitaldeasturias.com\/noticias\/wp-json\/wp\/v2\/posts\/951342\/revisions"}],"wp:attachment":[{"href":"https:\/\/www.eldigitaldeasturias.com\/noticias\/wp-json\/wp\/v2\/media?parent=951342"}],"wp:term":[{"taxonomy":"category","embeddable":true,"href":"https:\/\/www.eldigitaldeasturias.com\/noticias\/wp-json\/wp\/v2\/categories?post=951342"},{"taxonomy":"post_tag","embeddable":true,"href":"https:\/\/www.eldigitaldeasturias.com\/noticias\/wp-json\/wp\/v2\/tags?post=951342"}],"curies":[{"name":"wp","href":"https:\/\/api.w.org\/{rel}","templated":true}]}}