{"id":951333,"date":"2017-08-29T20:58:17","date_gmt":"2017-08-29T20:58:17","guid":{"rendered":"http:\/\/www.eldigitaldeasturias.com\/noticias\/?p=951333"},"modified":"2017-08-29T20:58:17","modified_gmt":"2017-08-29T20:58:17","slug":"el-gobierno-andaluz-pide-al-congreso-que-se-hagan-publicos-todos-los-datos-sobre-la-muerte-de-garcia-caparros","status":"publish","type":"post","link":"https:\/\/www.eldigitaldeasturias.com\/noticias\/el-gobierno-andaluz-pide-al-congreso-que-se-hagan-publicos-todos-los-datos-sobre-la-muerte-de-garcia-caparros\/","title":{"rendered":"El Gobierno andaluz pide al Congreso que se hagan p\u00fablicos todos los datos sobre la muerte de Garc\u00eda Caparr\u00f3s"},"content":{"rendered":"<p>El Consejo de Gobierno ha acordado solicitar a la Mesa del Congreso de los Diputados que se hagan p\u00fablicos todos los datos de la &#8216;Comisi\u00f3n de Encuesta de los Sucesos de M\u00e1laga y La Laguna de Diciembre de 1977&#8217;, en la que se investig\u00f3 la muerte de Manuel Jos\u00e9 Garc\u00eda Caparr\u00f3s, ocurrida durante la manifestaci\u00f3n por la autonom\u00eda andaluza del 4 de diciembre de 1977 en M\u00e1laga.<\/p>\n<p>Las sesiones de esta comisi\u00f3n parlamentaria fueron consideradas \u00absecretas\u00bb de acuerdo con un reglamento preconstitucional, vigente entre 1977 y 1982, por lo que el Gobierno andaluz pide que se desclasifique la totalidad de los 675 folios de la investigaci\u00f3n, en la que participaron los grupos de UCD, PSOE, PCE, Mixto, AP y PNV, y que tambi\u00e9n abord\u00f3 el asesinato de un estudiante en La Laguna (Tenerife) por disparos de la Guardia Civil.<\/p>\n<p>La presidenta de la Junta de Andaluc\u00eda, Susana D\u00edaz, ha informado del acuerdo adoptado por el Consejo de Gobierno. D\u00edaz ha recordado que se comprometi\u00f3 personalmente con la familia de Garc\u00eda Caparr\u00f3s a reclamar dicha documentaci\u00f3n, y ha agregado que la figura de Manuel Jos\u00e9 Garc\u00eda Caparr\u00f3s es un s\u00edmbolo del 4 de diciembre y del compromiso de los andaluces por esta tierra. As\u00ed, agreg\u00f3 que las manifestaciones del 4 de diciembre, el posterior Pacto de Antequera y el 28 de febrero constituyeron una apuesta por la dignidad de Andaluc\u00eda y el derecho de la comunidad a un futuro mejor.<\/p>\n<p>En este sentido, la presidenta ha afirmado que el sacrificio de aquel joven y el gesto de que cientos de miles de personas se echaran a la calle por Andaluc\u00eda cambi\u00f3 el signo de nuestra tierra, por lo que ha apostillado que \u00abaquella generaci\u00f3n de andaluces que hizo posible aquel cambio hist\u00f3rico merece que el 40 aniversario del 4 de diciembre de 1977 sea conmemorado por todos los andaluces y andaluzas con la solemnidad que nuestra tierra merece\u00bb.<\/p>\n<p>El acuerdo del Consejo se sit\u00faa en l\u00ednea con las peticiones de la familia de Garc\u00eda Caparr\u00f3s y da cumplimiento a una proposici\u00f3n aprobada el 22 de junio por el Parlamento auton\u00f3mico para impulsar la Ley 2\/2017 de Memoria Democr\u00e1tica de Andaluc\u00eda. Entre otros puntos, se propon\u00eda que el grupo independiente de trabajo previsto en el art\u00edculo 41 de esta norma elaborase, tan pronto estuviese constituido, un informe sobre los sucesos que acarrearon la muerte de Caparr\u00f3s. Dado que la Ley de Memoria Democr\u00e1tica se aprob\u00f3 recientemente y a\u00fan est\u00e1 en fase de desarrollo reglamentario, la decisi\u00f3n del Consejo de Gobierno permitir\u00e1 acelerar el inicio de la investigaci\u00f3n sin esperar a la norma que crear\u00e1 formalmente dicho grupo.<\/p>\n<p>Junto con el acuerdo aprobado, el Gobierno andaluz tambi\u00e9n desarrolla actualmente otra iniciativa para el reconocimiento de la memoria de Garc\u00eda Caparr\u00f3s. Se trata del decreto para la declaraci\u00f3n de 14 nuevos Lugares de Memoria Democr\u00e1tica de Andaluc\u00eda, que ha finalizado su fase de valoraci\u00f3n y que incluir\u00e1 la esquina donde fue asesinado el joven malague\u00f1o.<\/p>\n<p>Manuel Jos\u00e9 Garc\u00eda Caparr\u00f3s, nombrado Hijo Predilecto de Andaluc\u00eda en 2013, muri\u00f3 a la edad de 19 a\u00f1os por el disparo de un polic\u00eda en la manifestaci\u00f3n del 4 de diciembre de 1977 que reclam\u00f3 en M\u00e1laga la autonom\u00eda para Andaluc\u00eda. Trabajador de la empresa Cervezas Victoria y militante de Comisiones Obreras, el joven sindicalista perdi\u00f3 la vida en el transcurso de las cargas policiales que siguieron a la colocaci\u00f3n de una bandera andaluza en la fachada del edificio de la Diputaci\u00f3n de M\u00e1laga por Juan Manuel Trinidad Berlanga.<\/p>\n<p>La muerte de Garc\u00eda Caparr\u00f3s es uno de los hitos de la lucha por la autonom\u00eda en la Transici\u00f3n y se produjo el mismo d\u00eda en que unos dos millones de andaluces salieron a las calles para reclamarla. A ellos se unieron otro medio mill\u00f3n de emigrados que secundaron la movilizaci\u00f3n en ciudades como Madrid, Barcelona y Bilbao. El suceso, de gran impacto en la sociedad, supuso un punto de inflexi\u00f3n para la Historia de Andaluc\u00eda. Justo un a\u00f1o despu\u00e9s se firm\u00f3 el Pacto de Antequera que sent\u00f3 las bases definitivas del autogobierno, finalmente refrendado el 28 de febrero de 1980.<\/p>\n","protected":false},"excerpt":{"rendered":"<p>El Consejo de Gobierno ha acordado solicitar a la Mesa del Congreso de los Diputados que se hagan p\u00fablicos todos los datos de la &#8216;Comisi\u00f3n de Encuesta de los Sucesos de M\u00e1laga y La Laguna de Diciembre de 1977&#8217;, en la que se investig\u00f3 la muerte de Manuel Jos\u00e9 Garc\u00eda Caparr\u00f3s, ocurrida durante la manifestaci\u00f3n [&hellip;]<\/p>\n","protected":false},"author":1,"featured_media":951334,"comment_status":"closed","ping_status":"closed","sticky":false,"template":"","format":"standard","meta":{"footnotes":""},"categories":[1],"tags":[],"class_list":["post-951333","post","type-post","status-publish","format-standard","has-post-thumbnail","hentry","category-actualidad"],"aioseo_notices":[],"aioseo_head":"\n\t\t<!-- All in One SEO Pro 5.0.1 - aioseo.com -->\n\t<meta name=\"description\" content=\"El Consejo de Gobierno ha acordado solicitar a la Mesa del Congreso de los Diputados que se hagan p\u00fablicos todos los datos de la &#039;Comisi\u00f3n de Encuesta de los Sucesos de M\u00e1laga y La Laguna de Diciembre de 1977&#039;, en la que se investig\u00f3 la muerte de Manuel Jos\u00e9 Garc\u00eda Caparr\u00f3s, ocurrida durante la manifestaci\u00f3n\" \/>\n\t<meta name=\"robots\" content=\"max-image-preview:large\" \/>\n\t<meta name=\"author\" content=\"El Digital de Asturias\"\/>\n\t<meta name=\"google-site-verification\" content=\"UA-38556648-1\" \/>\n\t<meta name=\"msvalidate.01\" content=\"7dfe9f3f1b24437ab69f4f2559babe99\" \/>\n\t<meta name=\"keywords\" content=\"actualidad\" \/>\n\t<link rel=\"canonical\" href=\"https:\/\/www.eldigitaldeasturias.com\/noticias\/el-gobierno-andaluz-pide-al-congreso-que-se-hagan-publicos-todos-los-datos-sobre-la-muerte-de-garcia-caparros\/\" \/>\n\t<meta name=\"generator\" content=\"All in One SEO Pro (AIOSEO) 5.0.1\" \/>\n\t\t<meta property=\"og:locale\" content=\"es_ES\" \/>\n\t\t<meta property=\"og:site_name\" content=\"El Digital de Asturias\" \/>\n\t\t<meta property=\"og:type\" content=\"article\" \/>\n\t\t<meta property=\"og:title\" content=\"El Gobierno andaluz pide al Congreso que se hagan p\u00fablicos todos los datos sobre la muerte de Garc\u00eda Caparr\u00f3s - El Digital de Asturias\" \/>\n\t\t<meta property=\"og:description\" content=\"El Consejo de Gobierno ha acordado solicitar a la Mesa del Congreso de los Diputados que se hagan p\u00fablicos todos los datos de la &#039;Comisi\u00f3n de Encuesta de los Sucesos de M\u00e1laga y La Laguna de Diciembre de 1977&#039;, en la que se investig\u00f3 la muerte de Manuel Jos\u00e9 Garc\u00eda Caparr\u00f3s, ocurrida durante la manifestaci\u00f3n\" \/>\n\t\t<meta property=\"og:url\" content=\"https:\/\/www.eldigitaldeasturias.com\/noticias\/el-gobierno-andaluz-pide-al-congreso-que-se-hagan-publicos-todos-los-datos-sobre-la-muerte-de-garcia-caparros\/\" \/>\n\t\t<meta property=\"article:tag\" content=\"actualidad\" \/>\n\t\t<meta property=\"article:published_time\" content=\"2017-08-29T20:58:17+00:00\" \/>\n\t\t<meta property=\"article:modified_time\" content=\"2017-08-29T20:58:17+00:00\" \/>\n\t\t<meta property=\"article:publisher\" content=\"https:\/\/facebook.com\/eldigitaldeasturias\" \/>\n\t\t<meta name=\"twitter:card\" content=\"summary_large_image\" \/>\n\t\t<meta name=\"twitter:title\" content=\"El Gobierno andaluz pide al Congreso que se hagan p\u00fablicos todos los datos sobre la muerte de Garc\u00eda Caparr\u00f3s - El Digital de Asturias\" \/>\n\t\t<meta name=\"twitter:description\" content=\"El Consejo de Gobierno ha acordado solicitar a la Mesa del Congreso de los Diputados que se hagan p\u00fablicos todos los datos de la &#039;Comisi\u00f3n de Encuesta de los Sucesos de M\u00e1laga y La Laguna de Diciembre de 1977&#039;, en la que se investig\u00f3 la muerte de Manuel Jos\u00e9 Garc\u00eda Caparr\u00f3s, ocurrida durante la manifestaci\u00f3n\" \/>\n\t\t<meta name=\"twitter:image\" content=\"https:\/\/www.eldigitaldeasturias.com\/noticias\/wp-content\/uploads\/2020\/12\/EDA-1.jpg\" \/>\n\t\t<meta name=\"twitter:label1\" content=\"Escrito por\" \/>\n\t\t<meta name=\"twitter:data1\" content=\"El Digital de Asturias\" \/>\n\t\t<meta name=\"twitter:label2\" content=\"Tiempo de lectura estimado\" \/>\n\t\t<meta name=\"twitter:data2\" content=\"4 minutos\" \/>\n\t\t<script type=\"application\/ld+json\" class=\"aioseo-schema\">\n\t\t\t{\"@context\":\"https:\\\/\\\/schema.org\",\"@graph\":[{\"@type\":\"BlogPosting\",\"@id\":\"https:\\\/\\\/www.eldigitaldeasturias.com\\\/noticias\\\/el-gobierno-andaluz-pide-al-congreso-que-se-hagan-publicos-todos-los-datos-sobre-la-muerte-de-garcia-caparros\\\/#blogposting\",\"name\":\"El Gobierno andaluz pide al Congreso que se hagan p\\u00fablicos todos los datos sobre la muerte de Garc\\u00eda Caparr\\u00f3s - El Digital de Asturias\",\"headline\":\"El Gobierno andaluz pide al Congreso que se hagan p\\u00fablicos todos los datos sobre la muerte de Garc\\u00eda Caparr\\u00f3s\",\"author\":{\"@id\":\"https:\\\/\\\/www.eldigitaldeasturias.com\\\/noticias\\\/author\\\/admin\\\/#author\"},\"publisher\":{\"@id\":\"https:\\\/\\\/www.eldigitaldeasturias.com\\\/noticias\\\/#organization\"},\"image\":{\"@type\":\"ImageObject\",\"url\":951334},\"datePublished\":\"2017-08-29T20:58:17+02:00\",\"dateModified\":\"2017-08-29T20:58:17+02:00\",\"inLanguage\":\"es-ES\",\"mainEntityOfPage\":{\"@id\":\"https:\\\/\\\/www.eldigitaldeasturias.com\\\/noticias\\\/el-gobierno-andaluz-pide-al-congreso-que-se-hagan-publicos-todos-los-datos-sobre-la-muerte-de-garcia-caparros\\\/#webpage\"},\"isPartOf\":{\"@id\":\"https:\\\/\\\/www.eldigitaldeasturias.com\\\/noticias\\\/el-gobierno-andaluz-pide-al-congreso-que-se-hagan-publicos-todos-los-datos-sobre-la-muerte-de-garcia-caparros\\\/#webpage\"},\"articleSection\":\"Actualidad\"},{\"@type\":\"BreadcrumbList\",\"@id\":\"https:\\\/\\\/www.eldigitaldeasturias.com\\\/noticias\\\/el-gobierno-andaluz-pide-al-congreso-que-se-hagan-publicos-todos-los-datos-sobre-la-muerte-de-garcia-caparros\\\/#breadcrumblist\",\"itemListElement\":[{\"@type\":\"ListItem\",\"@id\":\"https:\\\/\\\/www.eldigitaldeasturias.com\\\/noticias#listItem\",\"position\":1,\"name\":\"Home\",\"item\":\"https:\\\/\\\/www.eldigitaldeasturias.com\\\/noticias\",\"nextItem\":{\"@type\":\"ListItem\",\"@id\":\"https:\\\/\\\/www.eldigitaldeasturias.com\\\/noticias\\\/category\\\/actualidad\\\/#listItem\",\"name\":\"Actualidad\"}},{\"@type\":\"ListItem\",\"@id\":\"https:\\\/\\\/www.eldigitaldeasturias.com\\\/noticias\\\/category\\\/actualidad\\\/#listItem\",\"position\":2,\"name\":\"Actualidad\",\"item\":\"https:\\\/\\\/www.eldigitaldeasturias.com\\\/noticias\\\/category\\\/actualidad\\\/\",\"nextItem\":{\"@type\":\"ListItem\",\"@id\":\"https:\\\/\\\/www.eldigitaldeasturias.com\\\/noticias\\\/el-gobierno-andaluz-pide-al-congreso-que-se-hagan-publicos-todos-los-datos-sobre-la-muerte-de-garcia-caparros\\\/#listItem\",\"name\":\"El Gobierno andaluz pide al Congreso que se hagan p\\u00fablicos todos los datos sobre la muerte de Garc\\u00eda Caparr\\u00f3s\"},\"previousItem\":{\"@type\":\"ListItem\",\"@id\":\"https:\\\/\\\/www.eldigitaldeasturias.com\\\/noticias#listItem\",\"name\":\"Home\"}},{\"@type\":\"ListItem\",\"@id\":\"https:\\\/\\\/www.eldigitaldeasturias.com\\\/noticias\\\/el-gobierno-andaluz-pide-al-congreso-que-se-hagan-publicos-todos-los-datos-sobre-la-muerte-de-garcia-caparros\\\/#listItem\",\"position\":3,\"name\":\"El Gobierno andaluz pide al Congreso que se hagan p\\u00fablicos todos los datos sobre la muerte de Garc\\u00eda Caparr\\u00f3s\",\"previousItem\":{\"@type\":\"ListItem\",\"@id\":\"https:\\\/\\\/www.eldigitaldeasturias.com\\\/noticias\\\/category\\\/actualidad\\\/#listItem\",\"name\":\"Actualidad\"}}]},{\"@type\":\"Organization\",\"@id\":\"https:\\\/\\\/www.eldigitaldeasturias.com\\\/noticias\\\/#organization\",\"name\":\"El Digital de Asturias\",\"description\":\"Hemeroteca\",\"url\":\"https:\\\/\\\/www.eldigitaldeasturias.com\\\/noticias\\\/\",\"email\":\"info@eldigitaldeasturias.com\",\"telephone\":\"+34652131393\",\"logo\":{\"@type\":\"ImageObject\",\"url\":\"https:\\\/\\\/www.eldigitaldeasturias.com\\\/noticias\\\/wp-content\\\/uploads\\\/2020\\\/12\\\/EDA.jpg\",\"@id\":\"https:\\\/\\\/www.eldigitaldeasturias.com\\\/noticias\\\/el-gobierno-andaluz-pide-al-congreso-que-se-hagan-publicos-todos-los-datos-sobre-la-muerte-de-garcia-caparros\\\/#organizationLogo\"},\"image\":{\"@id\":\"https:\\\/\\\/www.eldigitaldeasturias.com\\\/noticias\\\/el-gobierno-andaluz-pide-al-congreso-que-se-hagan-publicos-todos-los-datos-sobre-la-muerte-de-garcia-caparros\\\/#organizationLogo\"},\"sameAs\":[\"https:\\\/\\\/facebook.com\\\/eldigitaldeasturias\",\"https:\\\/\\\/www.youtube.com\\\/channel\\\/UCZP-2wLEB9Rv6erhFmqVnvg\"],\"address\":{\"@id\":\"https:\\\/\\\/www.eldigitaldeasturias.com\\\/noticias\\\/#postaladdress\",\"@type\":\"PostalAddress\",\"streetAddress\":\"san antonio 4\",\"postalCode\":\"33430\",\"addressLocality\":\"Cand\\u00e1s\",\"addressRegion\":\"Asturias\",\"addressCountry\":\"ES\"}},{\"@type\":\"Person\",\"@id\":\"https:\\\/\\\/www.eldigitaldeasturias.com\\\/noticias\\\/author\\\/admin\\\/#author\",\"url\":\"https:\\\/\\\/www.eldigitaldeasturias.com\\\/noticias\\\/author\\\/admin\\\/\",\"name\":\"El Digital de Asturias\",\"image\":{\"@type\":\"ImageObject\",\"@id\":\"https:\\\/\\\/www.eldigitaldeasturias.com\\\/noticias\\\/el-gobierno-andaluz-pide-al-congreso-que-se-hagan-publicos-todos-los-datos-sobre-la-muerte-de-garcia-caparros\\\/#authorImage\",\"url\":\"https:\\\/\\\/secure.gravatar.com\\\/avatar\\\/df2aeffc32bcd13f8d26072ef8a91b623d677766deac7f97ca815868cd41bf5e?s=96&d=mm&r=g\",\"width\":96,\"height\":96,\"caption\":\"El Digital de Asturias\"}},{\"@type\":\"WebPage\",\"@id\":\"https:\\\/\\\/www.eldigitaldeasturias.com\\\/noticias\\\/el-gobierno-andaluz-pide-al-congreso-que-se-hagan-publicos-todos-los-datos-sobre-la-muerte-de-garcia-caparros\\\/#webpage\",\"url\":\"https:\\\/\\\/www.eldigitaldeasturias.com\\\/noticias\\\/el-gobierno-andaluz-pide-al-congreso-que-se-hagan-publicos-todos-los-datos-sobre-la-muerte-de-garcia-caparros\\\/\",\"name\":\"El Gobierno andaluz pide al Congreso que se hagan p\\u00fablicos todos los datos sobre la muerte de Garc\\u00eda Caparr\\u00f3s - El Digital de Asturias\",\"description\":\"El Consejo de Gobierno ha acordado solicitar a la Mesa del Congreso de los Diputados que se hagan p\\u00fablicos todos los datos de la 'Comisi\\u00f3n de Encuesta de los Sucesos de M\\u00e1laga y La Laguna de Diciembre de 1977', en la que se investig\\u00f3 la muerte de Manuel Jos\\u00e9 Garc\\u00eda Caparr\\u00f3s, ocurrida durante la manifestaci\\u00f3n\",\"inLanguage\":\"es-ES\",\"isPartOf\":{\"@id\":\"https:\\\/\\\/www.eldigitaldeasturias.com\\\/noticias\\\/#website\"},\"breadcrumb\":{\"@id\":\"https:\\\/\\\/www.eldigitaldeasturias.com\\\/noticias\\\/el-gobierno-andaluz-pide-al-congreso-que-se-hagan-publicos-todos-los-datos-sobre-la-muerte-de-garcia-caparros\\\/#breadcrumblist\"},\"author\":{\"@id\":\"https:\\\/\\\/www.eldigitaldeasturias.com\\\/noticias\\\/author\\\/admin\\\/#author\"},\"creator\":{\"@id\":\"https:\\\/\\\/www.eldigitaldeasturias.com\\\/noticias\\\/author\\\/admin\\\/#author\"},\"image\":{\"@type\":\"ImageObject\",\"url\":951334,\"@id\":\"https:\\\/\\\/www.eldigitaldeasturias.com\\\/noticias\\\/el-gobierno-andaluz-pide-al-congreso-que-se-hagan-publicos-todos-los-datos-sobre-la-muerte-de-garcia-caparros\\\/#mainImage\"},\"primaryImageOfPage\":{\"@id\":\"https:\\\/\\\/www.eldigitaldeasturias.com\\\/noticias\\\/el-gobierno-andaluz-pide-al-congreso-que-se-hagan-publicos-todos-los-datos-sobre-la-muerte-de-garcia-caparros\\\/#mainImage\"},\"datePublished\":\"2017-08-29T20:58:17+02:00\",\"dateModified\":\"2017-08-29T20:58:17+02:00\"},{\"@type\":\"WebSite\",\"@id\":\"https:\\\/\\\/www.eldigitaldeasturias.com\\\/noticias\\\/#website\",\"url\":\"https:\\\/\\\/www.eldigitaldeasturias.com\\\/noticias\\\/\",\"name\":\"El Digital de Asturias - Diario de actualidad y noticias\",\"alternateName\":\"El Digital de Asturias - Diario de actualidad y noticias\",\"description\":\"Hemeroteca\",\"inLanguage\":\"es-ES\",\"publisher\":{\"@id\":\"https:\\\/\\\/www.eldigitaldeasturias.com\\\/noticias\\\/#organization\"}}]}\n\t\t<\/script>\n\t\t<!-- All in One SEO Pro -->\r\n\t\t<title>El Gobierno andaluz pide al Congreso que se hagan p\u00fablicos todos los datos sobre la muerte de Garc\u00eda Caparr\u00f3s - El Digital de Asturias<\/title>\n\n","aioseo_head_json":{"title":"El Gobierno andaluz pide al Congreso que se hagan p\u00fablicos todos los datos sobre la muerte de Garc\u00eda Caparr\u00f3s - El Digital de Asturias","description":"El Consejo de Gobierno ha acordado solicitar a la Mesa del Congreso de los Diputados que se hagan p\u00fablicos todos los datos de la 'Comisi\u00f3n de Encuesta de los Sucesos de M\u00e1laga y La Laguna de Diciembre de 1977', en la que se investig\u00f3 la muerte de Manuel Jos\u00e9 Garc\u00eda Caparr\u00f3s, ocurrida durante la manifestaci\u00f3n","canonical_url":"https:\/\/www.eldigitaldeasturias.com\/noticias\/el-gobierno-andaluz-pide-al-congreso-que-se-hagan-publicos-todos-los-datos-sobre-la-muerte-de-garcia-caparros\/","robots":"max-image-preview:large","keywords":"actualidad","webmasterTools":{"google-site-verification":"UA-38556648-1","msvalidate.01":"7dfe9f3f1b24437ab69f4f2559babe99","miscellaneous":""},"schema":{"@context":"https:\/\/schema.org","@graph":[{"@type":"BlogPosting","@id":"https:\/\/www.eldigitaldeasturias.com\/noticias\/el-gobierno-andaluz-pide-al-congreso-que-se-hagan-publicos-todos-los-datos-sobre-la-muerte-de-garcia-caparros\/#blogposting","name":"El Gobierno andaluz pide al Congreso que se hagan p\u00fablicos todos los datos sobre la muerte de Garc\u00eda Caparr\u00f3s - El Digital de Asturias","headline":"El Gobierno andaluz pide al Congreso que se hagan p\u00fablicos todos los datos sobre la muerte de Garc\u00eda Caparr\u00f3s","author":{"@id":"https:\/\/www.eldigitaldeasturias.com\/noticias\/author\/admin\/#author"},"publisher":{"@id":"https:\/\/www.eldigitaldeasturias.com\/noticias\/#organization"},"image":{"@type":"ImageObject","url":951334},"datePublished":"2017-08-29T20:58:17+02:00","dateModified":"2017-08-29T20:58:17+02:00","inLanguage":"es-ES","mainEntityOfPage":{"@id":"https:\/\/www.eldigitaldeasturias.com\/noticias\/el-gobierno-andaluz-pide-al-congreso-que-se-hagan-publicos-todos-los-datos-sobre-la-muerte-de-garcia-caparros\/#webpage"},"isPartOf":{"@id":"https:\/\/www.eldigitaldeasturias.com\/noticias\/el-gobierno-andaluz-pide-al-congreso-que-se-hagan-publicos-todos-los-datos-sobre-la-muerte-de-garcia-caparros\/#webpage"},"articleSection":"Actualidad"},{"@type":"BreadcrumbList","@id":"https:\/\/www.eldigitaldeasturias.com\/noticias\/el-gobierno-andaluz-pide-al-congreso-que-se-hagan-publicos-todos-los-datos-sobre-la-muerte-de-garcia-caparros\/#breadcrumblist","itemListElement":[{"@type":"ListItem","@id":"https:\/\/www.eldigitaldeasturias.com\/noticias#listItem","position":1,"name":"Home","item":"https:\/\/www.eldigitaldeasturias.com\/noticias","nextItem":{"@type":"ListItem","@id":"https:\/\/www.eldigitaldeasturias.com\/noticias\/category\/actualidad\/#listItem","name":"Actualidad"}},{"@type":"ListItem","@id":"https:\/\/www.eldigitaldeasturias.com\/noticias\/category\/actualidad\/#listItem","position":2,"name":"Actualidad","item":"https:\/\/www.eldigitaldeasturias.com\/noticias\/category\/actualidad\/","nextItem":{"@type":"ListItem","@id":"https:\/\/www.eldigitaldeasturias.com\/noticias\/el-gobierno-andaluz-pide-al-congreso-que-se-hagan-publicos-todos-los-datos-sobre-la-muerte-de-garcia-caparros\/#listItem","name":"El Gobierno andaluz pide al Congreso que se hagan p\u00fablicos todos los datos sobre la muerte de Garc\u00eda Caparr\u00f3s"},"previousItem":{"@type":"ListItem","@id":"https:\/\/www.eldigitaldeasturias.com\/noticias#listItem","name":"Home"}},{"@type":"ListItem","@id":"https:\/\/www.eldigitaldeasturias.com\/noticias\/el-gobierno-andaluz-pide-al-congreso-que-se-hagan-publicos-todos-los-datos-sobre-la-muerte-de-garcia-caparros\/#listItem","position":3,"name":"El Gobierno andaluz pide al Congreso que se hagan p\u00fablicos todos los datos sobre la muerte de Garc\u00eda Caparr\u00f3s","previousItem":{"@type":"ListItem","@id":"https:\/\/www.eldigitaldeasturias.com\/noticias\/category\/actualidad\/#listItem","name":"Actualidad"}}]},{"@type":"Organization","@id":"https:\/\/www.eldigitaldeasturias.com\/noticias\/#organization","name":"El Digital de Asturias","description":"Hemeroteca","url":"https:\/\/www.eldigitaldeasturias.com\/noticias\/","email":"info@eldigitaldeasturias.com","telephone":"+34652131393","logo":{"@type":"ImageObject","url":"https:\/\/www.eldigitaldeasturias.com\/noticias\/wp-content\/uploads\/2020\/12\/EDA.jpg","@id":"https:\/\/www.eldigitaldeasturias.com\/noticias\/el-gobierno-andaluz-pide-al-congreso-que-se-hagan-publicos-todos-los-datos-sobre-la-muerte-de-garcia-caparros\/#organizationLogo"},"image":{"@id":"https:\/\/www.eldigitaldeasturias.com\/noticias\/el-gobierno-andaluz-pide-al-congreso-que-se-hagan-publicos-todos-los-datos-sobre-la-muerte-de-garcia-caparros\/#organizationLogo"},"sameAs":["https:\/\/facebook.com\/eldigitaldeasturias","https:\/\/www.youtube.com\/channel\/UCZP-2wLEB9Rv6erhFmqVnvg"],"address":{"@id":"https:\/\/www.eldigitaldeasturias.com\/noticias\/#postaladdress","@type":"PostalAddress","streetAddress":"san antonio 4","postalCode":"33430","addressLocality":"Cand\u00e1s","addressRegion":"Asturias","addressCountry":"ES"}},{"@type":"Person","@id":"https:\/\/www.eldigitaldeasturias.com\/noticias\/author\/admin\/#author","url":"https:\/\/www.eldigitaldeasturias.com\/noticias\/author\/admin\/","name":"El Digital de Asturias","image":{"@type":"ImageObject","@id":"https:\/\/www.eldigitaldeasturias.com\/noticias\/el-gobierno-andaluz-pide-al-congreso-que-se-hagan-publicos-todos-los-datos-sobre-la-muerte-de-garcia-caparros\/#authorImage","url":"https:\/\/secure.gravatar.com\/avatar\/df2aeffc32bcd13f8d26072ef8a91b623d677766deac7f97ca815868cd41bf5e?s=96&d=mm&r=g","width":96,"height":96,"caption":"El Digital de Asturias"}},{"@type":"WebPage","@id":"https:\/\/www.eldigitaldeasturias.com\/noticias\/el-gobierno-andaluz-pide-al-congreso-que-se-hagan-publicos-todos-los-datos-sobre-la-muerte-de-garcia-caparros\/#webpage","url":"https:\/\/www.eldigitaldeasturias.com\/noticias\/el-gobierno-andaluz-pide-al-congreso-que-se-hagan-publicos-todos-los-datos-sobre-la-muerte-de-garcia-caparros\/","name":"El Gobierno andaluz pide al Congreso que se hagan p\u00fablicos todos los datos sobre la muerte de Garc\u00eda Caparr\u00f3s - El Digital de Asturias","description":"El Consejo de Gobierno ha acordado solicitar a la Mesa del Congreso de los Diputados que se hagan p\u00fablicos todos los datos de la 'Comisi\u00f3n de Encuesta de los Sucesos de M\u00e1laga y La Laguna de Diciembre de 1977', en la que se investig\u00f3 la muerte de Manuel Jos\u00e9 Garc\u00eda Caparr\u00f3s, ocurrida durante la manifestaci\u00f3n","inLanguage":"es-ES","isPartOf":{"@id":"https:\/\/www.eldigitaldeasturias.com\/noticias\/#website"},"breadcrumb":{"@id":"https:\/\/www.eldigitaldeasturias.com\/noticias\/el-gobierno-andaluz-pide-al-congreso-que-se-hagan-publicos-todos-los-datos-sobre-la-muerte-de-garcia-caparros\/#breadcrumblist"},"author":{"@id":"https:\/\/www.eldigitaldeasturias.com\/noticias\/author\/admin\/#author"},"creator":{"@id":"https:\/\/www.eldigitaldeasturias.com\/noticias\/author\/admin\/#author"},"image":{"@type":"ImageObject","url":951334,"@id":"https:\/\/www.eldigitaldeasturias.com\/noticias\/el-gobierno-andaluz-pide-al-congreso-que-se-hagan-publicos-todos-los-datos-sobre-la-muerte-de-garcia-caparros\/#mainImage"},"primaryImageOfPage":{"@id":"https:\/\/www.eldigitaldeasturias.com\/noticias\/el-gobierno-andaluz-pide-al-congreso-que-se-hagan-publicos-todos-los-datos-sobre-la-muerte-de-garcia-caparros\/#mainImage"},"datePublished":"2017-08-29T20:58:17+02:00","dateModified":"2017-08-29T20:58:17+02:00"},{"@type":"WebSite","@id":"https:\/\/www.eldigitaldeasturias.com\/noticias\/#website","url":"https:\/\/www.eldigitaldeasturias.com\/noticias\/","name":"El Digital de Asturias - Diario de actualidad y noticias","alternateName":"El Digital de Asturias - Diario de actualidad y noticias","description":"Hemeroteca","inLanguage":"es-ES","publisher":{"@id":"https:\/\/www.eldigitaldeasturias.com\/noticias\/#organization"}}]},"og:locale":"es_ES","og:site_name":"El Digital de Asturias","og:type":"article","og:title":"El Gobierno andaluz pide al Congreso que se hagan p\u00fablicos todos los datos sobre la muerte de Garc\u00eda Caparr\u00f3s - El Digital de Asturias","og:description":"El Consejo de Gobierno ha acordado solicitar a la Mesa del Congreso de los Diputados que se hagan p\u00fablicos todos los datos de la 'Comisi\u00f3n de Encuesta de los Sucesos de M\u00e1laga y La Laguna de Diciembre de 1977', en la que se investig\u00f3 la muerte de Manuel Jos\u00e9 Garc\u00eda Caparr\u00f3s, ocurrida durante la manifestaci\u00f3n","og:url":"https:\/\/www.eldigitaldeasturias.com\/noticias\/el-gobierno-andaluz-pide-al-congreso-que-se-hagan-publicos-todos-los-datos-sobre-la-muerte-de-garcia-caparros\/","article:tag":["actualidad"],"article:published_time":"2017-08-29T20:58:17+00:00","article:modified_time":"2017-08-29T20:58:17+00:00","article:publisher":"https:\/\/facebook.com\/eldigitaldeasturias","twitter:card":"summary_large_image","twitter:title":"El Gobierno andaluz pide al Congreso que se hagan p\u00fablicos todos los datos sobre la muerte de Garc\u00eda Caparr\u00f3s - El Digital de Asturias","twitter:description":"El Consejo de Gobierno ha acordado solicitar a la Mesa del Congreso de los Diputados que se hagan p\u00fablicos todos los datos de la 'Comisi\u00f3n de Encuesta de los Sucesos de M\u00e1laga y La Laguna de Diciembre de 1977', en la que se investig\u00f3 la muerte de Manuel Jos\u00e9 Garc\u00eda Caparr\u00f3s, ocurrida durante la manifestaci\u00f3n","twitter:image":"https:\/\/www.eldigitaldeasturias.com\/noticias\/wp-content\/uploads\/2020\/12\/EDA-1.jpg","twitter:label1":"Escrito por","twitter:data1":"El Digital de Asturias","twitter:label2":"Tiempo de lectura estimado","twitter:data2":"4 minutos"},"aioseo_meta_data":{"post_id":"951333","title":null,"description":null,"keywords":null,"keyphrases":null,"primary_term":null,"canonical_url":null,"og_title":null,"og_description":null,"og_object_type":"default","og_image_type":"default","og_image_url":null,"og_image_width":null,"og_image_height":null,"og_image_custom_url":null,"og_image_custom_fields":null,"og_video":null,"og_custom_url":null,"og_article_section":null,"og_article_tags":null,"twitter_use_og":false,"twitter_card":"default","twitter_image_type":"default","twitter_image_url":null,"twitter_image_custom_url":null,"twitter_image_custom_fields":null,"twitter_title":null,"twitter_description":null,"schema":{"blockGraphs":[],"customGraphs":[],"default":{"data":{"Article":[],"Course":[],"Dataset":[],"FAQPage":[],"Movie":[],"Person":[],"Product":[],"ProductReview":[],"Car":[],"Recipe":[],"Service":[],"SoftwareApplication":[],"WebPage":[]},"graphName":"","isEnabled":true},"graphs":[],"defaultGraph":"","defaultPostTypeGraph":""},"schema_type":null,"schema_type_options":null,"pillar_content":false,"robots_default":true,"robots_noindex":false,"robots_noarchive":false,"robots_nosnippet":false,"robots_nofollow":false,"robots_noimageindex":false,"robots_noodp":false,"robots_notranslate":false,"robots_max_snippet":null,"robots_max_videopreview":null,"robots_max_imagepreview":"large","priority":null,"frequency":null,"local_seo":null,"seo_analyzer_scan_date":"2025-12-05 18:51:10","breadcrumb_settings":null,"limit_modified_date":false,"open_ai":null,"ai":null,"created":"2020-12-21 12:58:15","updated":"2025-12-05 18:51:10","focus_keyword":null,"additional_keywords":null,"truseo_locale":null},"aioseo_breadcrumb":"<div class=\"aioseo-breadcrumbs\"><span class=\"aioseo-breadcrumb\">\n\t<a href=\"https:\/\/www.eldigitaldeasturias.com\/noticias\" title=\"Home\">Home<\/a>\n<\/span><span class=\"aioseo-breadcrumb-separator\">\u2013<\/span><span class=\"aioseo-breadcrumb\">\n\t<a href=\"https:\/\/www.eldigitaldeasturias.com\/noticias\/category\/actualidad\/\" title=\"Actualidad\">Actualidad<\/a>\n<\/span><span class=\"aioseo-breadcrumb-separator\">\u2013<\/span><span class=\"aioseo-breadcrumb\">\n\t<a href=\"https:\/\/www.eldigitaldeasturias.com\/noticias\/el-gobierno-andaluz-pide-al-congreso-que-se-hagan-publicos-todos-los-datos-sobre-la-muerte-de-garcia-caparros\/\" title=\"El Gobierno andaluz pide al Congreso que se hagan p\u00fablicos todos los datos sobre la muerte de Garc\u00eda Caparr\u00f3s\">El Gobierno andaluz pide al Congreso que se hagan p\u00fablicos todos los datos sobre la muerte de Garc\u00eda Caparr\u00f3s<\/a>\n<\/span><\/div>","aioseo_breadcrumb_json":[{"label":"Home","link":"https:\/\/www.eldigitaldeasturias.com\/noticias"},{"label":"Actualidad","link":"https:\/\/www.eldigitaldeasturias.com\/noticias\/category\/actualidad\/"},{"label":"El Gobierno andaluz pide al Congreso que se hagan p\u00fablicos todos los datos sobre la muerte de Garc\u00eda Caparr\u00f3s","link":"https:\/\/www.eldigitaldeasturias.com\/noticias\/el-gobierno-andaluz-pide-al-congreso-que-se-hagan-publicos-todos-los-datos-sobre-la-muerte-de-garcia-caparros\/"}],"_links":{"self":[{"href":"https:\/\/www.eldigitaldeasturias.com\/noticias\/wp-json\/wp\/v2\/posts\/951333","targetHints":{"allow":["GET"]}}],"collection":[{"href":"https:\/\/www.eldigitaldeasturias.com\/noticias\/wp-json\/wp\/v2\/posts"}],"about":[{"href":"https:\/\/www.eldigitaldeasturias.com\/noticias\/wp-json\/wp\/v2\/types\/post"}],"author":[{"embeddable":true,"href":"https:\/\/www.eldigitaldeasturias.com\/noticias\/wp-json\/wp\/v2\/users\/1"}],"replies":[{"embeddable":true,"href":"https:\/\/www.eldigitaldeasturias.com\/noticias\/wp-json\/wp\/v2\/comments?post=951333"}],"version-history":[{"count":0,"href":"https:\/\/www.eldigitaldeasturias.com\/noticias\/wp-json\/wp\/v2\/posts\/951333\/revisions"}],"wp:attachment":[{"href":"https:\/\/www.eldigitaldeasturias.com\/noticias\/wp-json\/wp\/v2\/media?parent=951333"}],"wp:term":[{"taxonomy":"category","embeddable":true,"href":"https:\/\/www.eldigitaldeasturias.com\/noticias\/wp-json\/wp\/v2\/categories?post=951333"},{"taxonomy":"post_tag","embeddable":true,"href":"https:\/\/www.eldigitaldeasturias.com\/noticias\/wp-json\/wp\/v2\/tags?post=951333"}],"curies":[{"name":"wp","href":"https:\/\/api.w.org\/{rel}","templated":true}]}}