{"id":951328,"date":"2017-08-29T20:55:00","date_gmt":"2017-08-29T20:55:00","guid":{"rendered":"http:\/\/www.eldigitaldeasturias.com\/noticias\/?p=951328"},"modified":"2017-08-29T20:55:00","modified_gmt":"2017-08-29T20:55:00","slug":"sanchez-haro-se-ha-reunido-en-sevilla-con-el-presidente-de-ecovalia","status":"publish","type":"post","link":"https:\/\/www.eldigitaldeasturias.com\/noticias\/sanchez-haro-se-ha-reunido-en-sevilla-con-el-presidente-de-ecovalia\/","title":{"rendered":"S\u00e1nchez Haro se ha reunido en Sevilla con el presidente de Ecovalia"},"content":{"rendered":"<p><img loading=\"lazy\" decoding=\"async\" class=\"alignleft size-medium wp-image-951329\" src=\"https:\/\/www.eldigitaldeasturias.com\/noticias\/wp-content\/uploads\/2017\/08\/1503997807580-360x224.jpg\" alt=\"\" width=\"360\" height=\"224\" \/>El consejero de Agricultura, Pesca y Desarrollo Rural, Rodrigo S\u00e1nchez Haro, se ha reunido en Sevilla con el presidente de la Asociaci\u00f3n Valor Ecol\u00f3gico (Ecovalia), \u00c1lvaro Barrera, con quien ha comentado que este sector \u00abtiene mucho que aportar en los pr\u00f3ximos a\u00f1os ante los retos de seguridad alimentaria, protecci\u00f3n del medio ambiente, lucha contra el cambio clim\u00e1tico y equilibrio territorial\u00bb. Por esta raz\u00f3n, el Gobierno andaluz apoya a los sistemas sostenibles a trav\u00e9s, entre otras medidas, de acciones dirigidas a esta producci\u00f3n del Programa de Desarrollo Rural (PDR) de Andaluc\u00eda 2014-2020.<\/p>\n<p>Rodrigo S\u00e1nchez ha recordado que con esta dotaci\u00f3n se han puesto ya en marcha diversas medidas enmarcadas en el III Plan Andaluz de Producci\u00f3n Ecol\u00f3gica, Horizonte 2020, que cuenta con un presupuesto total de m\u00e1s de 300 millones de euros. Entre los objetivos de esta planificaci\u00f3n se encuentra la consolidaci\u00f3n del crecimiento de las t\u00e9cnicas sostenibles en Andaluc\u00eda para \u00abmantenernos como referente en el \u00e1mbito nacional y europeo\u00bb, y el fortalecimiento de la competitividad econ\u00f3mica y ambiental de las explotaciones y agroindustrias ecol\u00f3gicas. Tambi\u00e9n persigue impulsar el conocimiento y el consumo de estos alimentos por parte de la poblaci\u00f3n y mejorar su comercializaci\u00f3n tanto en el mercado local como en el nacional e internacional.<\/p>\n<p>Ecovalia es una organizaci\u00f3n sin \u00e1nimo de lucro que promueve la Producci\u00f3n Ecol\u00f3gica y el consumo responsable, y que actualmente supera los 13.000 miembros, posicion\u00e1ndola como un referente europeo. Esta entidad naci\u00f3 en 1991 como Comit\u00e9 Territorial Andaluz de Agricultura Ecol\u00f3gica (CTAAE) para pasar a denominarse en 2002 Comit\u00e9 Andaluz de Agricultura Ecol\u00f3gica (CAAE) tras constituirse como asociaci\u00f3n privada. Su nombre actual lo adopt\u00f3 en 2013.<\/p>\n<p>Entre las actuaciones que lleva a cabo Ecovalia se encuentran tanto acciones de fomento de la investigaci\u00f3n como de impulso de la formaci\u00f3n y la transferencia de conocimiento, a trav\u00e9s, por ejemplo, de la organizaci\u00f3n de jornadas, cursos y gu\u00edas de buenas pr\u00e1cticas. Asimismo, participan en ferias agroalimentarias y campa\u00f1as para potenciar el consumo a trav\u00e9s de la promoci\u00f3n.<\/p>\n<p><strong>Sector ecol\u00f3gico andaluz<\/strong><\/p>\n<p>Andaluc\u00eda es l\u00edder en producci\u00f3n ecol\u00f3gica con el 51% de la superficie total de Espa\u00f1a dedicada a estas t\u00e9cnicas y pionera en acuicultura ecol\u00f3gica. Concretamente, la comunidad aut\u00f3noma cuenta con 976.000 hect\u00e1reas certificadas, m\u00e1s de 660.000 cabezas de ganado y 14.279 operadores ecol\u00f3gicos, sumando agricultores, ganaderos, industrias y dem\u00e1s agentes implicados en este \u00e1mbito productivo. Este sector andaluz genera m\u00e1s de 30.000 empleos (tres puestos de trabajo por cada 100 hect\u00e1reas).<\/p>\n<p>Las actividades industriales ecol\u00f3gicas de la regi\u00f3n ascend\u00edan a 1.782 en 2016, lo que supone un aumento de casi el 17% con respecto al n\u00famero registrado a finales de 2015. Destaca especialmente los subsectores de envasado y manipulado de hortalizas (361), la producci\u00f3n y envasado de aceite (307) y la fabricaci\u00f3n de conservas vegetales y zumos (165).<\/p>\n<p>&nbsp;<\/p>\n","protected":false},"excerpt":{"rendered":"<p>El consejero de Agricultura, Pesca y Desarrollo Rural, Rodrigo S\u00e1nchez Haro, se ha reunido en Sevilla con el presidente de la Asociaci\u00f3n Valor Ecol\u00f3gico (Ecovalia), \u00c1lvaro Barrera, con quien ha comentado que este sector \u00abtiene mucho que aportar en los pr\u00f3ximos a\u00f1os ante los retos de seguridad alimentaria, protecci\u00f3n del medio ambiente, lucha contra el [&hellip;]<\/p>\n","protected":false},"author":1,"featured_media":951329,"comment_status":"closed","ping_status":"closed","sticky":false,"template":"","format":"standard","meta":{"footnotes":""},"categories":[1],"tags":[],"class_list":["post-951328","post","type-post","status-publish","format-standard","has-post-thumbnail","hentry","category-actualidad"],"aioseo_notices":[],"aioseo_head":"\n\t\t<!-- All in One SEO Pro 5.0.1 - aioseo.com -->\n\t<meta name=\"description\" content=\"El consejero de Agricultura, Pesca y Desarrollo Rural, Rodrigo S\u00e1nchez Haro, se ha reunido en Sevilla con el presidente de la Asociaci\u00f3n Valor Ecol\u00f3gico (Ecovalia), \u00c1lvaro Barrera, con quien ha comentado que este sector &quot;tiene mucho que aportar en los pr\u00f3ximos a\u00f1os ante los retos de seguridad alimentaria, protecci\u00f3n del medio ambiente, lucha contra el\" \/>\n\t<meta name=\"robots\" content=\"max-image-preview:large\" \/>\n\t<meta name=\"author\" content=\"El Digital de Asturias\"\/>\n\t<meta name=\"google-site-verification\" content=\"UA-38556648-1\" \/>\n\t<meta name=\"msvalidate.01\" content=\"7dfe9f3f1b24437ab69f4f2559babe99\" \/>\n\t<meta name=\"keywords\" content=\"actualidad\" \/>\n\t<link rel=\"canonical\" href=\"https:\/\/www.eldigitaldeasturias.com\/noticias\/sanchez-haro-se-ha-reunido-en-sevilla-con-el-presidente-de-ecovalia\/\" \/>\n\t<meta name=\"generator\" content=\"All in One SEO Pro (AIOSEO) 5.0.1\" \/>\n\t\t<meta property=\"og:locale\" content=\"es_ES\" \/>\n\t\t<meta property=\"og:site_name\" content=\"El Digital de Asturias\" \/>\n\t\t<meta property=\"og:type\" content=\"article\" \/>\n\t\t<meta property=\"og:title\" content=\"S\u00e1nchez Haro se ha reunido en Sevilla con el presidente de Ecovalia - El Digital de Asturias\" \/>\n\t\t<meta property=\"og:description\" content=\"El consejero de Agricultura, Pesca y Desarrollo Rural, Rodrigo S\u00e1nchez Haro, se ha reunido en Sevilla con el presidente de la Asociaci\u00f3n Valor Ecol\u00f3gico (Ecovalia), \u00c1lvaro Barrera, con quien ha comentado que este sector &quot;tiene mucho que aportar en los pr\u00f3ximos a\u00f1os ante los retos de seguridad alimentaria, protecci\u00f3n del medio ambiente, lucha contra el\" \/>\n\t\t<meta property=\"og:url\" content=\"https:\/\/www.eldigitaldeasturias.com\/noticias\/sanchez-haro-se-ha-reunido-en-sevilla-con-el-presidente-de-ecovalia\/\" \/>\n\t\t<meta property=\"article:tag\" content=\"actualidad\" \/>\n\t\t<meta property=\"article:published_time\" content=\"2017-08-29T20:55:00+00:00\" \/>\n\t\t<meta property=\"article:modified_time\" content=\"2017-08-29T20:55:00+00:00\" \/>\n\t\t<meta property=\"article:publisher\" content=\"https:\/\/facebook.com\/eldigitaldeasturias\" \/>\n\t\t<meta name=\"twitter:card\" content=\"summary_large_image\" \/>\n\t\t<meta name=\"twitter:title\" content=\"S\u00e1nchez Haro se ha reunido en Sevilla con el presidente de Ecovalia - El Digital de Asturias\" \/>\n\t\t<meta name=\"twitter:description\" content=\"El consejero de Agricultura, Pesca y Desarrollo Rural, Rodrigo S\u00e1nchez Haro, se ha reunido en Sevilla con el presidente de la Asociaci\u00f3n Valor Ecol\u00f3gico (Ecovalia), \u00c1lvaro Barrera, con quien ha comentado que este sector &quot;tiene mucho que aportar en los pr\u00f3ximos a\u00f1os ante los retos de seguridad alimentaria, protecci\u00f3n del medio ambiente, lucha contra el\" \/>\n\t\t<meta name=\"twitter:image\" content=\"https:\/\/www.eldigitaldeasturias.com\/noticias\/wp-content\/uploads\/2020\/12\/EDA-1.jpg\" \/>\n\t\t<meta name=\"twitter:label1\" content=\"Escrito por\" \/>\n\t\t<meta name=\"twitter:data1\" content=\"El Digital de Asturias\" \/>\n\t\t<meta name=\"twitter:label2\" content=\"Tiempo de lectura estimado\" \/>\n\t\t<meta name=\"twitter:data2\" content=\"3 minutos\" \/>\n\t\t<script type=\"application\/ld+json\" class=\"aioseo-schema\">\n\t\t\t{\"@context\":\"https:\\\/\\\/schema.org\",\"@graph\":[{\"@type\":\"BlogPosting\",\"@id\":\"https:\\\/\\\/www.eldigitaldeasturias.com\\\/noticias\\\/sanchez-haro-se-ha-reunido-en-sevilla-con-el-presidente-de-ecovalia\\\/#blogposting\",\"name\":\"S\\u00e1nchez Haro se ha reunido en Sevilla con el presidente de Ecovalia - El Digital de Asturias\",\"headline\":\"S\\u00e1nchez Haro se ha reunido en Sevilla con el presidente de Ecovalia\",\"author\":{\"@id\":\"https:\\\/\\\/www.eldigitaldeasturias.com\\\/noticias\\\/author\\\/admin\\\/#author\"},\"publisher\":{\"@id\":\"https:\\\/\\\/www.eldigitaldeasturias.com\\\/noticias\\\/#organization\"},\"image\":{\"@type\":\"ImageObject\",\"url\":951329},\"datePublished\":\"2017-08-29T20:55:00+02:00\",\"dateModified\":\"2017-08-29T20:55:00+02:00\",\"inLanguage\":\"es-ES\",\"mainEntityOfPage\":{\"@id\":\"https:\\\/\\\/www.eldigitaldeasturias.com\\\/noticias\\\/sanchez-haro-se-ha-reunido-en-sevilla-con-el-presidente-de-ecovalia\\\/#webpage\"},\"isPartOf\":{\"@id\":\"https:\\\/\\\/www.eldigitaldeasturias.com\\\/noticias\\\/sanchez-haro-se-ha-reunido-en-sevilla-con-el-presidente-de-ecovalia\\\/#webpage\"},\"articleSection\":\"Actualidad\"},{\"@type\":\"BreadcrumbList\",\"@id\":\"https:\\\/\\\/www.eldigitaldeasturias.com\\\/noticias\\\/sanchez-haro-se-ha-reunido-en-sevilla-con-el-presidente-de-ecovalia\\\/#breadcrumblist\",\"itemListElement\":[{\"@type\":\"ListItem\",\"@id\":\"https:\\\/\\\/www.eldigitaldeasturias.com\\\/noticias#listItem\",\"position\":1,\"name\":\"Home\",\"item\":\"https:\\\/\\\/www.eldigitaldeasturias.com\\\/noticias\",\"nextItem\":{\"@type\":\"ListItem\",\"@id\":\"https:\\\/\\\/www.eldigitaldeasturias.com\\\/noticias\\\/category\\\/actualidad\\\/#listItem\",\"name\":\"Actualidad\"}},{\"@type\":\"ListItem\",\"@id\":\"https:\\\/\\\/www.eldigitaldeasturias.com\\\/noticias\\\/category\\\/actualidad\\\/#listItem\",\"position\":2,\"name\":\"Actualidad\",\"item\":\"https:\\\/\\\/www.eldigitaldeasturias.com\\\/noticias\\\/category\\\/actualidad\\\/\",\"nextItem\":{\"@type\":\"ListItem\",\"@id\":\"https:\\\/\\\/www.eldigitaldeasturias.com\\\/noticias\\\/sanchez-haro-se-ha-reunido-en-sevilla-con-el-presidente-de-ecovalia\\\/#listItem\",\"name\":\"S\\u00e1nchez Haro se ha reunido en Sevilla con el presidente de Ecovalia\"},\"previousItem\":{\"@type\":\"ListItem\",\"@id\":\"https:\\\/\\\/www.eldigitaldeasturias.com\\\/noticias#listItem\",\"name\":\"Home\"}},{\"@type\":\"ListItem\",\"@id\":\"https:\\\/\\\/www.eldigitaldeasturias.com\\\/noticias\\\/sanchez-haro-se-ha-reunido-en-sevilla-con-el-presidente-de-ecovalia\\\/#listItem\",\"position\":3,\"name\":\"S\\u00e1nchez Haro se ha reunido en Sevilla con el presidente de Ecovalia\",\"previousItem\":{\"@type\":\"ListItem\",\"@id\":\"https:\\\/\\\/www.eldigitaldeasturias.com\\\/noticias\\\/category\\\/actualidad\\\/#listItem\",\"name\":\"Actualidad\"}}]},{\"@type\":\"Organization\",\"@id\":\"https:\\\/\\\/www.eldigitaldeasturias.com\\\/noticias\\\/#organization\",\"name\":\"El Digital de Asturias\",\"description\":\"Hemeroteca\",\"url\":\"https:\\\/\\\/www.eldigitaldeasturias.com\\\/noticias\\\/\",\"email\":\"info@eldigitaldeasturias.com\",\"telephone\":\"+34652131393\",\"logo\":{\"@type\":\"ImageObject\",\"url\":\"https:\\\/\\\/www.eldigitaldeasturias.com\\\/noticias\\\/wp-content\\\/uploads\\\/2020\\\/12\\\/EDA.jpg\",\"@id\":\"https:\\\/\\\/www.eldigitaldeasturias.com\\\/noticias\\\/sanchez-haro-se-ha-reunido-en-sevilla-con-el-presidente-de-ecovalia\\\/#organizationLogo\"},\"image\":{\"@id\":\"https:\\\/\\\/www.eldigitaldeasturias.com\\\/noticias\\\/sanchez-haro-se-ha-reunido-en-sevilla-con-el-presidente-de-ecovalia\\\/#organizationLogo\"},\"sameAs\":[\"https:\\\/\\\/facebook.com\\\/eldigitaldeasturias\",\"https:\\\/\\\/www.youtube.com\\\/channel\\\/UCZP-2wLEB9Rv6erhFmqVnvg\"],\"address\":{\"@id\":\"https:\\\/\\\/www.eldigitaldeasturias.com\\\/noticias\\\/#postaladdress\",\"@type\":\"PostalAddress\",\"streetAddress\":\"san antonio 4\",\"postalCode\":\"33430\",\"addressLocality\":\"Cand\\u00e1s\",\"addressRegion\":\"Asturias\",\"addressCountry\":\"ES\"}},{\"@type\":\"Person\",\"@id\":\"https:\\\/\\\/www.eldigitaldeasturias.com\\\/noticias\\\/author\\\/admin\\\/#author\",\"url\":\"https:\\\/\\\/www.eldigitaldeasturias.com\\\/noticias\\\/author\\\/admin\\\/\",\"name\":\"El Digital de Asturias\",\"image\":{\"@type\":\"ImageObject\",\"@id\":\"https:\\\/\\\/www.eldigitaldeasturias.com\\\/noticias\\\/sanchez-haro-se-ha-reunido-en-sevilla-con-el-presidente-de-ecovalia\\\/#authorImage\",\"url\":\"https:\\\/\\\/secure.gravatar.com\\\/avatar\\\/df2aeffc32bcd13f8d26072ef8a91b623d677766deac7f97ca815868cd41bf5e?s=96&d=mm&r=g\",\"width\":96,\"height\":96,\"caption\":\"El Digital de Asturias\"}},{\"@type\":\"WebPage\",\"@id\":\"https:\\\/\\\/www.eldigitaldeasturias.com\\\/noticias\\\/sanchez-haro-se-ha-reunido-en-sevilla-con-el-presidente-de-ecovalia\\\/#webpage\",\"url\":\"https:\\\/\\\/www.eldigitaldeasturias.com\\\/noticias\\\/sanchez-haro-se-ha-reunido-en-sevilla-con-el-presidente-de-ecovalia\\\/\",\"name\":\"S\\u00e1nchez Haro se ha reunido en Sevilla con el presidente de Ecovalia - El Digital de Asturias\",\"description\":\"El consejero de Agricultura, Pesca y Desarrollo Rural, Rodrigo S\\u00e1nchez Haro, se ha reunido en Sevilla con el presidente de la Asociaci\\u00f3n Valor Ecol\\u00f3gico (Ecovalia), \\u00c1lvaro Barrera, con quien ha comentado que este sector \\\"tiene mucho que aportar en los pr\\u00f3ximos a\\u00f1os ante los retos de seguridad alimentaria, protecci\\u00f3n del medio ambiente, lucha contra el\",\"inLanguage\":\"es-ES\",\"isPartOf\":{\"@id\":\"https:\\\/\\\/www.eldigitaldeasturias.com\\\/noticias\\\/#website\"},\"breadcrumb\":{\"@id\":\"https:\\\/\\\/www.eldigitaldeasturias.com\\\/noticias\\\/sanchez-haro-se-ha-reunido-en-sevilla-con-el-presidente-de-ecovalia\\\/#breadcrumblist\"},\"author\":{\"@id\":\"https:\\\/\\\/www.eldigitaldeasturias.com\\\/noticias\\\/author\\\/admin\\\/#author\"},\"creator\":{\"@id\":\"https:\\\/\\\/www.eldigitaldeasturias.com\\\/noticias\\\/author\\\/admin\\\/#author\"},\"image\":{\"@type\":\"ImageObject\",\"url\":951329,\"@id\":\"https:\\\/\\\/www.eldigitaldeasturias.com\\\/noticias\\\/sanchez-haro-se-ha-reunido-en-sevilla-con-el-presidente-de-ecovalia\\\/#mainImage\"},\"primaryImageOfPage\":{\"@id\":\"https:\\\/\\\/www.eldigitaldeasturias.com\\\/noticias\\\/sanchez-haro-se-ha-reunido-en-sevilla-con-el-presidente-de-ecovalia\\\/#mainImage\"},\"datePublished\":\"2017-08-29T20:55:00+02:00\",\"dateModified\":\"2017-08-29T20:55:00+02:00\"},{\"@type\":\"WebSite\",\"@id\":\"https:\\\/\\\/www.eldigitaldeasturias.com\\\/noticias\\\/#website\",\"url\":\"https:\\\/\\\/www.eldigitaldeasturias.com\\\/noticias\\\/\",\"name\":\"El Digital de Asturias - Diario de actualidad y noticias\",\"alternateName\":\"El Digital de Asturias - Diario de actualidad y noticias\",\"description\":\"Hemeroteca\",\"inLanguage\":\"es-ES\",\"publisher\":{\"@id\":\"https:\\\/\\\/www.eldigitaldeasturias.com\\\/noticias\\\/#organization\"}}]}\n\t\t<\/script>\n\t\t<!-- All in One SEO Pro -->\r\n\t\t<title>S\u00e1nchez Haro se ha reunido en Sevilla con el presidente de Ecovalia - El Digital de Asturias<\/title>\n\n","aioseo_head_json":{"title":"S\u00e1nchez Haro se ha reunido en Sevilla con el presidente de Ecovalia - El Digital de Asturias","description":"El consejero de Agricultura, Pesca y Desarrollo Rural, Rodrigo S\u00e1nchez Haro, se ha reunido en Sevilla con el presidente de la Asociaci\u00f3n Valor Ecol\u00f3gico (Ecovalia), \u00c1lvaro Barrera, con quien ha comentado que este sector \"tiene mucho que aportar en los pr\u00f3ximos a\u00f1os ante los retos de seguridad alimentaria, protecci\u00f3n del medio ambiente, lucha contra el","canonical_url":"https:\/\/www.eldigitaldeasturias.com\/noticias\/sanchez-haro-se-ha-reunido-en-sevilla-con-el-presidente-de-ecovalia\/","robots":"max-image-preview:large","keywords":"actualidad","webmasterTools":{"google-site-verification":"UA-38556648-1","msvalidate.01":"7dfe9f3f1b24437ab69f4f2559babe99","miscellaneous":""},"schema":{"@context":"https:\/\/schema.org","@graph":[{"@type":"BlogPosting","@id":"https:\/\/www.eldigitaldeasturias.com\/noticias\/sanchez-haro-se-ha-reunido-en-sevilla-con-el-presidente-de-ecovalia\/#blogposting","name":"S\u00e1nchez Haro se ha reunido en Sevilla con el presidente de Ecovalia - El Digital de Asturias","headline":"S\u00e1nchez Haro se ha reunido en Sevilla con el presidente de Ecovalia","author":{"@id":"https:\/\/www.eldigitaldeasturias.com\/noticias\/author\/admin\/#author"},"publisher":{"@id":"https:\/\/www.eldigitaldeasturias.com\/noticias\/#organization"},"image":{"@type":"ImageObject","url":951329},"datePublished":"2017-08-29T20:55:00+02:00","dateModified":"2017-08-29T20:55:00+02:00","inLanguage":"es-ES","mainEntityOfPage":{"@id":"https:\/\/www.eldigitaldeasturias.com\/noticias\/sanchez-haro-se-ha-reunido-en-sevilla-con-el-presidente-de-ecovalia\/#webpage"},"isPartOf":{"@id":"https:\/\/www.eldigitaldeasturias.com\/noticias\/sanchez-haro-se-ha-reunido-en-sevilla-con-el-presidente-de-ecovalia\/#webpage"},"articleSection":"Actualidad"},{"@type":"BreadcrumbList","@id":"https:\/\/www.eldigitaldeasturias.com\/noticias\/sanchez-haro-se-ha-reunido-en-sevilla-con-el-presidente-de-ecovalia\/#breadcrumblist","itemListElement":[{"@type":"ListItem","@id":"https:\/\/www.eldigitaldeasturias.com\/noticias#listItem","position":1,"name":"Home","item":"https:\/\/www.eldigitaldeasturias.com\/noticias","nextItem":{"@type":"ListItem","@id":"https:\/\/www.eldigitaldeasturias.com\/noticias\/category\/actualidad\/#listItem","name":"Actualidad"}},{"@type":"ListItem","@id":"https:\/\/www.eldigitaldeasturias.com\/noticias\/category\/actualidad\/#listItem","position":2,"name":"Actualidad","item":"https:\/\/www.eldigitaldeasturias.com\/noticias\/category\/actualidad\/","nextItem":{"@type":"ListItem","@id":"https:\/\/www.eldigitaldeasturias.com\/noticias\/sanchez-haro-se-ha-reunido-en-sevilla-con-el-presidente-de-ecovalia\/#listItem","name":"S\u00e1nchez Haro se ha reunido en Sevilla con el presidente de Ecovalia"},"previousItem":{"@type":"ListItem","@id":"https:\/\/www.eldigitaldeasturias.com\/noticias#listItem","name":"Home"}},{"@type":"ListItem","@id":"https:\/\/www.eldigitaldeasturias.com\/noticias\/sanchez-haro-se-ha-reunido-en-sevilla-con-el-presidente-de-ecovalia\/#listItem","position":3,"name":"S\u00e1nchez Haro se ha reunido en Sevilla con el presidente de Ecovalia","previousItem":{"@type":"ListItem","@id":"https:\/\/www.eldigitaldeasturias.com\/noticias\/category\/actualidad\/#listItem","name":"Actualidad"}}]},{"@type":"Organization","@id":"https:\/\/www.eldigitaldeasturias.com\/noticias\/#organization","name":"El Digital de Asturias","description":"Hemeroteca","url":"https:\/\/www.eldigitaldeasturias.com\/noticias\/","email":"info@eldigitaldeasturias.com","telephone":"+34652131393","logo":{"@type":"ImageObject","url":"https:\/\/www.eldigitaldeasturias.com\/noticias\/wp-content\/uploads\/2020\/12\/EDA.jpg","@id":"https:\/\/www.eldigitaldeasturias.com\/noticias\/sanchez-haro-se-ha-reunido-en-sevilla-con-el-presidente-de-ecovalia\/#organizationLogo"},"image":{"@id":"https:\/\/www.eldigitaldeasturias.com\/noticias\/sanchez-haro-se-ha-reunido-en-sevilla-con-el-presidente-de-ecovalia\/#organizationLogo"},"sameAs":["https:\/\/facebook.com\/eldigitaldeasturias","https:\/\/www.youtube.com\/channel\/UCZP-2wLEB9Rv6erhFmqVnvg"],"address":{"@id":"https:\/\/www.eldigitaldeasturias.com\/noticias\/#postaladdress","@type":"PostalAddress","streetAddress":"san antonio 4","postalCode":"33430","addressLocality":"Cand\u00e1s","addressRegion":"Asturias","addressCountry":"ES"}},{"@type":"Person","@id":"https:\/\/www.eldigitaldeasturias.com\/noticias\/author\/admin\/#author","url":"https:\/\/www.eldigitaldeasturias.com\/noticias\/author\/admin\/","name":"El Digital de Asturias","image":{"@type":"ImageObject","@id":"https:\/\/www.eldigitaldeasturias.com\/noticias\/sanchez-haro-se-ha-reunido-en-sevilla-con-el-presidente-de-ecovalia\/#authorImage","url":"https:\/\/secure.gravatar.com\/avatar\/df2aeffc32bcd13f8d26072ef8a91b623d677766deac7f97ca815868cd41bf5e?s=96&d=mm&r=g","width":96,"height":96,"caption":"El Digital de Asturias"}},{"@type":"WebPage","@id":"https:\/\/www.eldigitaldeasturias.com\/noticias\/sanchez-haro-se-ha-reunido-en-sevilla-con-el-presidente-de-ecovalia\/#webpage","url":"https:\/\/www.eldigitaldeasturias.com\/noticias\/sanchez-haro-se-ha-reunido-en-sevilla-con-el-presidente-de-ecovalia\/","name":"S\u00e1nchez Haro se ha reunido en Sevilla con el presidente de Ecovalia - El Digital de Asturias","description":"El consejero de Agricultura, Pesca y Desarrollo Rural, Rodrigo S\u00e1nchez Haro, se ha reunido en Sevilla con el presidente de la Asociaci\u00f3n Valor Ecol\u00f3gico (Ecovalia), \u00c1lvaro Barrera, con quien ha comentado que este sector \"tiene mucho que aportar en los pr\u00f3ximos a\u00f1os ante los retos de seguridad alimentaria, protecci\u00f3n del medio ambiente, lucha contra el","inLanguage":"es-ES","isPartOf":{"@id":"https:\/\/www.eldigitaldeasturias.com\/noticias\/#website"},"breadcrumb":{"@id":"https:\/\/www.eldigitaldeasturias.com\/noticias\/sanchez-haro-se-ha-reunido-en-sevilla-con-el-presidente-de-ecovalia\/#breadcrumblist"},"author":{"@id":"https:\/\/www.eldigitaldeasturias.com\/noticias\/author\/admin\/#author"},"creator":{"@id":"https:\/\/www.eldigitaldeasturias.com\/noticias\/author\/admin\/#author"},"image":{"@type":"ImageObject","url":951329,"@id":"https:\/\/www.eldigitaldeasturias.com\/noticias\/sanchez-haro-se-ha-reunido-en-sevilla-con-el-presidente-de-ecovalia\/#mainImage"},"primaryImageOfPage":{"@id":"https:\/\/www.eldigitaldeasturias.com\/noticias\/sanchez-haro-se-ha-reunido-en-sevilla-con-el-presidente-de-ecovalia\/#mainImage"},"datePublished":"2017-08-29T20:55:00+02:00","dateModified":"2017-08-29T20:55:00+02:00"},{"@type":"WebSite","@id":"https:\/\/www.eldigitaldeasturias.com\/noticias\/#website","url":"https:\/\/www.eldigitaldeasturias.com\/noticias\/","name":"El Digital de Asturias - Diario de actualidad y noticias","alternateName":"El Digital de Asturias - Diario de actualidad y noticias","description":"Hemeroteca","inLanguage":"es-ES","publisher":{"@id":"https:\/\/www.eldigitaldeasturias.com\/noticias\/#organization"}}]},"og:locale":"es_ES","og:site_name":"El Digital de Asturias","og:type":"article","og:title":"S\u00e1nchez Haro se ha reunido en Sevilla con el presidente de Ecovalia - El Digital de Asturias","og:description":"El consejero de Agricultura, Pesca y Desarrollo Rural, Rodrigo S\u00e1nchez Haro, se ha reunido en Sevilla con el presidente de la Asociaci\u00f3n Valor Ecol\u00f3gico (Ecovalia), \u00c1lvaro Barrera, con quien ha comentado que este sector &quot;tiene mucho que aportar en los pr\u00f3ximos a\u00f1os ante los retos de seguridad alimentaria, protecci\u00f3n del medio ambiente, lucha contra el","og:url":"https:\/\/www.eldigitaldeasturias.com\/noticias\/sanchez-haro-se-ha-reunido-en-sevilla-con-el-presidente-de-ecovalia\/","article:tag":["actualidad"],"article:published_time":"2017-08-29T20:55:00+00:00","article:modified_time":"2017-08-29T20:55:00+00:00","article:publisher":"https:\/\/facebook.com\/eldigitaldeasturias","twitter:card":"summary_large_image","twitter:title":"S\u00e1nchez Haro se ha reunido en Sevilla con el presidente de Ecovalia - El Digital de Asturias","twitter:description":"El consejero de Agricultura, Pesca y Desarrollo Rural, Rodrigo S\u00e1nchez Haro, se ha reunido en Sevilla con el presidente de la Asociaci\u00f3n Valor Ecol\u00f3gico (Ecovalia), \u00c1lvaro Barrera, con quien ha comentado que este sector &quot;tiene mucho que aportar en los pr\u00f3ximos a\u00f1os ante los retos de seguridad alimentaria, protecci\u00f3n del medio ambiente, lucha contra el","twitter:image":"https:\/\/www.eldigitaldeasturias.com\/noticias\/wp-content\/uploads\/2020\/12\/EDA-1.jpg","twitter:label1":"Escrito por","twitter:data1":"El Digital de Asturias","twitter:label2":"Tiempo de lectura estimado","twitter:data2":"3 minutos"},"aioseo_meta_data":{"post_id":"951328","title":null,"description":null,"keywords":null,"keyphrases":null,"primary_term":null,"canonical_url":null,"og_title":null,"og_description":null,"og_object_type":"default","og_image_type":"default","og_image_url":null,"og_image_width":null,"og_image_height":null,"og_image_custom_url":null,"og_image_custom_fields":null,"og_video":null,"og_custom_url":null,"og_article_section":null,"og_article_tags":null,"twitter_use_og":false,"twitter_card":"default","twitter_image_type":"default","twitter_image_url":null,"twitter_image_custom_url":null,"twitter_image_custom_fields":null,"twitter_title":null,"twitter_description":null,"schema":{"blockGraphs":[],"customGraphs":[],"default":{"data":{"Article":[],"Course":[],"Dataset":[],"FAQPage":[],"Movie":[],"Person":[],"Product":[],"ProductReview":[],"Car":[],"Recipe":[],"Service":[],"SoftwareApplication":[],"WebPage":[]},"graphName":"","isEnabled":true},"graphs":[],"defaultGraph":"","defaultPostTypeGraph":""},"schema_type":null,"schema_type_options":null,"pillar_content":false,"robots_default":true,"robots_noindex":false,"robots_noarchive":false,"robots_nosnippet":false,"robots_nofollow":false,"robots_noimageindex":false,"robots_noodp":false,"robots_notranslate":false,"robots_max_snippet":null,"robots_max_videopreview":null,"robots_max_imagepreview":"large","priority":null,"frequency":null,"local_seo":null,"seo_analyzer_scan_date":"2025-12-05 18:51:08","breadcrumb_settings":null,"limit_modified_date":false,"open_ai":null,"ai":null,"created":"2020-12-21 12:58:15","updated":"2025-12-05 18:51:08","focus_keyword":null,"additional_keywords":null,"truseo_locale":null},"aioseo_breadcrumb":"<div class=\"aioseo-breadcrumbs\"><span class=\"aioseo-breadcrumb\">\n\t<a href=\"https:\/\/www.eldigitaldeasturias.com\/noticias\" title=\"Home\">Home<\/a>\n<\/span><span class=\"aioseo-breadcrumb-separator\">\u2013<\/span><span class=\"aioseo-breadcrumb\">\n\t<a href=\"https:\/\/www.eldigitaldeasturias.com\/noticias\/category\/actualidad\/\" title=\"Actualidad\">Actualidad<\/a>\n<\/span><span class=\"aioseo-breadcrumb-separator\">\u2013<\/span><span class=\"aioseo-breadcrumb\">\n\t<a href=\"https:\/\/www.eldigitaldeasturias.com\/noticias\/sanchez-haro-se-ha-reunido-en-sevilla-con-el-presidente-de-ecovalia\/\" title=\"S\u00e1nchez Haro se ha reunido en Sevilla con el presidente de Ecovalia\">S\u00e1nchez Haro se ha reunido en Sevilla con el presidente de Ecovalia<\/a>\n<\/span><\/div>","aioseo_breadcrumb_json":[{"label":"Home","link":"https:\/\/www.eldigitaldeasturias.com\/noticias"},{"label":"Actualidad","link":"https:\/\/www.eldigitaldeasturias.com\/noticias\/category\/actualidad\/"},{"label":"S\u00e1nchez Haro se ha reunido en Sevilla con el presidente de Ecovalia","link":"https:\/\/www.eldigitaldeasturias.com\/noticias\/sanchez-haro-se-ha-reunido-en-sevilla-con-el-presidente-de-ecovalia\/"}],"_links":{"self":[{"href":"https:\/\/www.eldigitaldeasturias.com\/noticias\/wp-json\/wp\/v2\/posts\/951328","targetHints":{"allow":["GET"]}}],"collection":[{"href":"https:\/\/www.eldigitaldeasturias.com\/noticias\/wp-json\/wp\/v2\/posts"}],"about":[{"href":"https:\/\/www.eldigitaldeasturias.com\/noticias\/wp-json\/wp\/v2\/types\/post"}],"author":[{"embeddable":true,"href":"https:\/\/www.eldigitaldeasturias.com\/noticias\/wp-json\/wp\/v2\/users\/1"}],"replies":[{"embeddable":true,"href":"https:\/\/www.eldigitaldeasturias.com\/noticias\/wp-json\/wp\/v2\/comments?post=951328"}],"version-history":[{"count":0,"href":"https:\/\/www.eldigitaldeasturias.com\/noticias\/wp-json\/wp\/v2\/posts\/951328\/revisions"}],"wp:attachment":[{"href":"https:\/\/www.eldigitaldeasturias.com\/noticias\/wp-json\/wp\/v2\/media?parent=951328"}],"wp:term":[{"taxonomy":"category","embeddable":true,"href":"https:\/\/www.eldigitaldeasturias.com\/noticias\/wp-json\/wp\/v2\/categories?post=951328"},{"taxonomy":"post_tag","embeddable":true,"href":"https:\/\/www.eldigitaldeasturias.com\/noticias\/wp-json\/wp\/v2\/tags?post=951328"}],"curies":[{"name":"wp","href":"https:\/\/api.w.org\/{rel}","templated":true}]}}