{"id":951274,"date":"2017-08-29T19:04:32","date_gmt":"2017-08-29T19:04:32","guid":{"rendered":"http:\/\/www.eldigitaldeasturias.com\/noticias\/?p=951274"},"modified":"2017-08-29T19:04:32","modified_gmt":"2017-08-29T19:04:32","slug":"aragon-no-olvida-la-figura-del-cocinero-juan-altamiras","status":"publish","type":"post","link":"https:\/\/www.eldigitaldeasturias.com\/noticias\/aragon-no-olvida-la-figura-del-cocinero-juan-altamiras\/","title":{"rendered":"Arag\u00f3n no olvida la figura del cocinero Juan Altamiras"},"content":{"rendered":"<p><img loading=\"lazy\" decoding=\"async\" class=\"alignleft size-medium wp-image-951275\" src=\"https:\/\/www.eldigitaldeasturias.com\/noticias\/wp-content\/uploads\/2017\/08\/MG_8758_Foto_Luis_Correas_GA-360x159.jpg\" alt=\"\" width=\"360\" height=\"159\" \/>El consejero de Vertebraci\u00f3n del Territorio, Movilidad y Vivienda, Jos\u00e9 Luis Soro, ha presentado hoy el acuerdo de colaboraci\u00f3n que se firmar\u00e1 con la comarca de Valdejal\u00f3n y con el ayuntamiento de La Almunia de do\u00f1a Godina para el impulso y puesta en valor de la figura de Juan Altamiras, seud\u00f3nimo de Fray Raimundo G\u00f3mez, autor del libro \u201cNuevo Arte de Cocina\u201d. Este libro supuso una revoluci\u00f3n los conceptos de cocina del siglo XVIII y fue el libro de cocina m\u00e1s editado de los siglos XVIII y XIX.<\/p>\n<p>Jos\u00e9 Luis Soro ha recordado que \u201cSe cumplen 250 aniversario de la edici\u00f3n de 1767 del libro cuya primera edici\u00f3n fue en 1745 y creemos que es una fecha id\u00f3nea para relanzar el valor de esta figura tan desconocida\u201d. Una de las principales acciones estar\u00e1 encaminada a la creaci\u00f3n de una ruta tur\u00edstica y seguir con la investigaci\u00f3n de la cocina hist\u00f3rica del siglo XVIII y su v\u00ednculo con Goya.<\/p>\n<p>No es el primer acto que se lleva a cabo en torno a esta figura. En el contexto de la puesta en valor de Francisco de Goya, algunos de los actos de promoci\u00f3n se han acompa\u00f1ado por platos cocinados seg\u00fan las recetas de Juan Altamiras, un reflejo de la cocina aragonesa original del siglo XVIII, platos contempor\u00e1neos al pintor aragon\u00e9s. Las investigaciones apuntan a que algunos de los mecenas y mentores para la publicaci\u00f3n y reedici\u00f3n constante del libro de Juan Altamiras fueron los mismos que impulsaron la obra de Goya.<\/p>\n<p>Para el consejero Soro recuperar la figura de Juan Altamiras es, por un lado, hacer justicia con el legado de este aragon\u00e9s y, por otro lado, seguir reforzando un producto tur\u00edstico y cultural como es la figura de Goya y su contexto.<\/p>\n<p>El recetario de Juan Altamiras ha sido revisado y estudiado por Vicky Hayward quien presentar\u00e1 en las pr\u00f3ximas semanas el libro \u201cNuevo Arte de la Cocina Espa\u00f1ola de Juan Altamiras\u201d, primera investigaci\u00f3n moderna del libro y contexto cultural e hist\u00f3rico. Un libro que, en su versi\u00f3n inglesa, ya ha obtenido el premio Jane Grigson de gastronom\u00eda cultural, uno de los m\u00e1s importantes en el Reino Unido.<\/p>\n<p>Por su parte, el concejal del ayuntamiento de La Almunia de Do\u00f1a Godina, Jos\u00e9 Manuel Latorre, ha explicado que este a\u00f1o se celebra el \u201ca\u00f1o Altamiras\u201d con el objetivo de poner en valor, recuperar y difundir la importancia del libro y la visi\u00f3n de la cocina.<br \/>\nSe han explicado los principales actos en los que se trabaja:<br \/>\nLos principales actos en los que se trabaja son:<\/p>\n<p>\u2022 Certamen Gastron\u00f3mico Juan Altamiras. En La Almunia, es preciso hacer una labor de divulgaci\u00f3n y formaci\u00f3n para que se conozca o se reconozca la figura de Altamiras y su importancia hist\u00f3rica. En la actualidad en Espa\u00f1a no existe una l\u00ednea de desarrollo de la cocina hist\u00f3rica, a pesar de estar en plena tendencia en otros pa\u00edses, como Francia encarnada por grandes chefs como Alain Ducasse o Reino Unido, por parte de Heston Blumenthal. La relevancia del redescubrimiento de Altamiras pretende inaugurar una l\u00ednea de investigaci\u00f3n seria que aborde la necesidad de apostar por la cocina hist\u00f3rica espa\u00f1ola como fuente de riquezas reconocidas internacionalmente.<\/p>\n<p>\u2022 Ruta Tur\u00edstica de Juan Altamiras en La Almunia. El Ayuntamiento de La Almunia ha elegido a Juan Altamiras como uno de los 3 personajes m\u00e1s relevantes de la Historia de La Almunia, junto al personaje medieval que le da nombre, Do\u00f1a Godina, y al cineasta Flori\u00e1n Rey. Se apuesta por tanto por desarrollar el pilar gastron\u00f3mico con la inspiraci\u00f3n de la cocina hist\u00f3rica y Altamiras como icono y una ruta de La Almunia que Altamiras conoci\u00f3, ya que se conservan diversos edificios emblem\u00e1ticos del s. XVIII, incluida la zona de la Juder\u00eda, que sufri\u00f3 uno de los episodios m\u00e1s dram\u00e1ticos en vida del propio Altamiras, como fue la inundaci\u00f3n conocida como \u201cla Ruina\u201d en 1731 y que el propio Altamiras pudo presenciar o ayudar dado que los conventos de San Lorenzo y San Crist\u00f3bal tuvieron especial relevancia en la ayuda y socorro a los vecinos, en especial a los m\u00e1s humildes del pueblo, que quedaron sin sus casas.<\/p>\n<p>\u2022 Ruta tur\u00edstica recorriendo diferentes localidades de la comarca de Valdejal\u00f3n siguiendo los pasos del cocinero.<\/p>\n<p>\u2022 Avenida Juan Altamiras de La Almunia. En acuerdo plenario de junio de 2016 se adopt\u00f3 dedicar una calle a Altamiras. La Avenida Juan Altamiras, est\u00e1 pr\u00f3xima al convento franciscano de San Lorenzo, que Raimundo G\u00f3mez conoci\u00f3 de ni\u00f1o y donde probablemente fue novicio. La inauguraci\u00f3n oficial de la avenida tendr\u00e1 lugar en octubre de 2017, coincidiendo con los actos del a\u00f1o Altamiras.<\/p>\n<p>\u2022 Ruta gastron\u00f3mica \u201cCocina Juan Altamiras\u201d. En colaboraci\u00f3n con diversos establecimientos hosteleros de La Almunia, el Ayuntamiento trabaja en la creaci\u00f3n de una propuesta gastron\u00f3mica en la que el recetario de Juan Altamiras tenga el m\u00e1ximo protagonismo, as\u00ed la ruta tur\u00edstica incluir\u00e1 una ruta gastron\u00f3mica de cocina de men\u00fas, tapas y otras sugerencias inspiradas en el libro, en la que adem\u00e1s tendr\u00e1n especial relevancia los productos de proximidad.<\/p>\n<p>\u2022 Apoyo a la investigaci\u00f3n. El Ayuntamiento ha colaborado especialmente en esta \u00faltima fase de los trabajos con Vicky Hayward, hispanista experta en gastronom\u00eda, escritora e investigadora que ha realizado durante casi 10 a\u00f1os un trabajo sobre la obra, el contexto y la relevancia hist\u00f3rica y ha preparado la edici\u00f3n en ingl\u00e9s y castellano de la obra documentada y comentada del \u201cNuevo Arte de Cocina sacado de la escuela de la experiencia econ\u00f3mica\u201d.<\/p>\n<p>\u2022 Reconocimiento a la Comunidad Franciscana. El Ayuntamiento prepara una recepci\u00f3n y un reconocimiento oficial a la congregaci\u00f3n, por su relevancia hist\u00f3rica en la localidad. La existencia de una cocina franciscana sencilla, sostenible, a partir de los productos del entorno y al mismo tiempo riqu\u00edsima, cuya recopilaci\u00f3n pudo comenzar en La Almunia y Valdejal\u00f3n, es muy relevante para la Historia de la Cocina Espa\u00f1ola, por la presencia de la orden en todo el mundo. Hay que pensar que el cari\u00f1o e inter\u00e9s en la cultura franciscana est\u00e1 mundialmente extendido, desde California a M\u00e9xico, Filipinas y, desde luego, Italia.<\/p>\n<p>\u2022 Coordinaci\u00f3n con la editorial. El contacto con la editorial Ariel, del Grupo Planeta, ha sido importante dado que mediante la conexi\u00f3n institucional y con la misma se han previsto y acordado los grandes pasos a seguir de cara a la publicaci\u00f3n. Existe un acuerdo de colaboraci\u00f3n previo de cara a la publicaci\u00f3n del libro, por medio del cual se va a promocionar por todo el territorio nacional y tambi\u00e9n en Latinoam\u00e9rica, con la experiencia de uno de los mejores equipos editoriales. La editorial podr\u00eda realizar una oferta de adquisici\u00f3n de libros a instituciones p\u00fablicas aragonesas a un precio m\u00e1s asequible que el de mercado.<\/p>\n<p>\u2022 Acuerdo de colaboraci\u00f3n con Asociaci\u00f3n de Cocineros de Arag\u00f3n. La primera colaboraci\u00f3n con el proyecto fue con el evento realizado en noviembre de 2016 en la casa donde muri\u00f3 Goya en Burdeos. En marzo, en el Museo de Goya tambi\u00e9n pudieron degustarse men\u00fas goyescos creados para la ocasi\u00f3n e inspirados en la cocina de Juan Altamiras. La conexi\u00f3n desde La Almunia se hace a trav\u00e9s del Hotel Restaurante \u201cEl Patio de Goya\u201d, que ha ganado este a\u00f1o 2017 un tenedor rojo Michelin.<\/p>\n<p>\u2022 Acuerdo de colaboraci\u00f3n con la Academia Aragonesa de Gastronom\u00eda. La academia colabora y participa en la difusi\u00f3n de los actos del a\u00f1o Juan Altamiras y en el Certamen Gastron\u00f3mico Juan Altamiras de La Almunia.<\/p>\n<p>En torno al certamen, se plantean, adem\u00e1s de la presentaci\u00f3n del libro, conferencias tem\u00e1ticas sobre productos de proximidad incluidos en el libro, sobre los vinos hist\u00f3ricos y en especial en s. XVIII, y de otras posibilidades sobre temas vinculados con la gastronom\u00eda actual y de la \u00e9poca como el aceite de La Almunia, donde se localiza la \u00fanica Almazara Kosher de Arag\u00f3n.<\/p>\n<p>&nbsp;<\/p>\n","protected":false},"excerpt":{"rendered":"<p>El consejero de Vertebraci\u00f3n del Territorio, Movilidad y Vivienda, Jos\u00e9 Luis Soro, ha presentado hoy el acuerdo de colaboraci\u00f3n que se firmar\u00e1 con la comarca de Valdejal\u00f3n y con el ayuntamiento de La Almunia de do\u00f1a Godina para el impulso y puesta en valor de la figura de Juan Altamiras, seud\u00f3nimo de Fray Raimundo G\u00f3mez, [&hellip;]<\/p>\n","protected":false},"author":1,"featured_media":951275,"comment_status":"closed","ping_status":"closed","sticky":false,"template":"","format":"standard","meta":{"footnotes":""},"categories":[1],"tags":[],"class_list":["post-951274","post","type-post","status-publish","format-standard","has-post-thumbnail","hentry","category-actualidad"],"aioseo_notices":[],"aioseo_head":"\n\t\t<!-- All in One SEO Pro 5.0.1 - aioseo.com -->\n\t<meta name=\"description\" content=\"El consejero de Vertebraci\u00f3n del Territorio, Movilidad y Vivienda, Jos\u00e9 Luis Soro, ha presentado hoy el acuerdo de colaboraci\u00f3n que se firmar\u00e1 con la comarca de Valdejal\u00f3n y con el ayuntamiento de La Almunia de do\u00f1a Godina para el impulso y puesta en valor de la figura de Juan Altamiras, seud\u00f3nimo de Fray Raimundo G\u00f3mez,\" \/>\n\t<meta name=\"robots\" content=\"max-image-preview:large\" \/>\n\t<meta name=\"author\" content=\"El Digital de Asturias\"\/>\n\t<meta name=\"google-site-verification\" content=\"UA-38556648-1\" \/>\n\t<meta name=\"msvalidate.01\" content=\"7dfe9f3f1b24437ab69f4f2559babe99\" \/>\n\t<meta name=\"keywords\" content=\"actualidad\" \/>\n\t<link rel=\"canonical\" href=\"https:\/\/www.eldigitaldeasturias.com\/noticias\/aragon-no-olvida-la-figura-del-cocinero-juan-altamiras\/\" \/>\n\t<meta name=\"generator\" content=\"All in One SEO Pro (AIOSEO) 5.0.1\" \/>\n\t\t<meta property=\"og:locale\" content=\"es_ES\" \/>\n\t\t<meta property=\"og:site_name\" content=\"El Digital de Asturias\" \/>\n\t\t<meta property=\"og:type\" content=\"article\" \/>\n\t\t<meta property=\"og:title\" content=\"Arag\u00f3n no olvida la figura del cocinero Juan Altamiras - El Digital de Asturias\" \/>\n\t\t<meta property=\"og:description\" content=\"El consejero de Vertebraci\u00f3n del Territorio, Movilidad y Vivienda, Jos\u00e9 Luis Soro, ha presentado hoy el acuerdo de colaboraci\u00f3n que se firmar\u00e1 con la comarca de Valdejal\u00f3n y con el ayuntamiento de La Almunia de do\u00f1a Godina para el impulso y puesta en valor de la figura de Juan Altamiras, seud\u00f3nimo de Fray Raimundo G\u00f3mez,\" \/>\n\t\t<meta property=\"og:url\" content=\"https:\/\/www.eldigitaldeasturias.com\/noticias\/aragon-no-olvida-la-figura-del-cocinero-juan-altamiras\/\" \/>\n\t\t<meta property=\"article:tag\" content=\"actualidad\" \/>\n\t\t<meta property=\"article:published_time\" content=\"2017-08-29T19:04:32+00:00\" \/>\n\t\t<meta property=\"article:modified_time\" content=\"2017-08-29T19:04:32+00:00\" \/>\n\t\t<meta property=\"article:publisher\" content=\"https:\/\/facebook.com\/eldigitaldeasturias\" \/>\n\t\t<meta name=\"twitter:card\" content=\"summary_large_image\" \/>\n\t\t<meta name=\"twitter:title\" content=\"Arag\u00f3n no olvida la figura del cocinero Juan Altamiras - El Digital de Asturias\" \/>\n\t\t<meta name=\"twitter:description\" content=\"El consejero de Vertebraci\u00f3n del Territorio, Movilidad y Vivienda, Jos\u00e9 Luis Soro, ha presentado hoy el acuerdo de colaboraci\u00f3n que se firmar\u00e1 con la comarca de Valdejal\u00f3n y con el ayuntamiento de La Almunia de do\u00f1a Godina para el impulso y puesta en valor de la figura de Juan Altamiras, seud\u00f3nimo de Fray Raimundo G\u00f3mez,\" \/>\n\t\t<meta name=\"twitter:image\" content=\"https:\/\/www.eldigitaldeasturias.com\/noticias\/wp-content\/uploads\/2020\/12\/EDA-1.jpg\" \/>\n\t\t<meta name=\"twitter:label1\" content=\"Escrito por\" \/>\n\t\t<meta name=\"twitter:data1\" content=\"El Digital de Asturias\" \/>\n\t\t<meta name=\"twitter:label2\" content=\"Tiempo de lectura estimado\" \/>\n\t\t<meta name=\"twitter:data2\" content=\"7 minutos\" \/>\n\t\t<script type=\"application\/ld+json\" class=\"aioseo-schema\">\n\t\t\t{\"@context\":\"https:\\\/\\\/schema.org\",\"@graph\":[{\"@type\":\"BlogPosting\",\"@id\":\"https:\\\/\\\/www.eldigitaldeasturias.com\\\/noticias\\\/aragon-no-olvida-la-figura-del-cocinero-juan-altamiras\\\/#blogposting\",\"name\":\"Arag\\u00f3n no olvida la figura del cocinero Juan Altamiras - El Digital de Asturias\",\"headline\":\"Arag\\u00f3n no olvida la figura del cocinero Juan Altamiras\",\"author\":{\"@id\":\"https:\\\/\\\/www.eldigitaldeasturias.com\\\/noticias\\\/author\\\/admin\\\/#author\"},\"publisher\":{\"@id\":\"https:\\\/\\\/www.eldigitaldeasturias.com\\\/noticias\\\/#organization\"},\"image\":{\"@type\":\"ImageObject\",\"url\":951275},\"datePublished\":\"2017-08-29T19:04:32+02:00\",\"dateModified\":\"2017-08-29T19:04:32+02:00\",\"inLanguage\":\"es-ES\",\"mainEntityOfPage\":{\"@id\":\"https:\\\/\\\/www.eldigitaldeasturias.com\\\/noticias\\\/aragon-no-olvida-la-figura-del-cocinero-juan-altamiras\\\/#webpage\"},\"isPartOf\":{\"@id\":\"https:\\\/\\\/www.eldigitaldeasturias.com\\\/noticias\\\/aragon-no-olvida-la-figura-del-cocinero-juan-altamiras\\\/#webpage\"},\"articleSection\":\"Actualidad\"},{\"@type\":\"BreadcrumbList\",\"@id\":\"https:\\\/\\\/www.eldigitaldeasturias.com\\\/noticias\\\/aragon-no-olvida-la-figura-del-cocinero-juan-altamiras\\\/#breadcrumblist\",\"itemListElement\":[{\"@type\":\"ListItem\",\"@id\":\"https:\\\/\\\/www.eldigitaldeasturias.com\\\/noticias#listItem\",\"position\":1,\"name\":\"Home\",\"item\":\"https:\\\/\\\/www.eldigitaldeasturias.com\\\/noticias\",\"nextItem\":{\"@type\":\"ListItem\",\"@id\":\"https:\\\/\\\/www.eldigitaldeasturias.com\\\/noticias\\\/category\\\/actualidad\\\/#listItem\",\"name\":\"Actualidad\"}},{\"@type\":\"ListItem\",\"@id\":\"https:\\\/\\\/www.eldigitaldeasturias.com\\\/noticias\\\/category\\\/actualidad\\\/#listItem\",\"position\":2,\"name\":\"Actualidad\",\"item\":\"https:\\\/\\\/www.eldigitaldeasturias.com\\\/noticias\\\/category\\\/actualidad\\\/\",\"nextItem\":{\"@type\":\"ListItem\",\"@id\":\"https:\\\/\\\/www.eldigitaldeasturias.com\\\/noticias\\\/aragon-no-olvida-la-figura-del-cocinero-juan-altamiras\\\/#listItem\",\"name\":\"Arag\\u00f3n no olvida la figura del cocinero Juan Altamiras\"},\"previousItem\":{\"@type\":\"ListItem\",\"@id\":\"https:\\\/\\\/www.eldigitaldeasturias.com\\\/noticias#listItem\",\"name\":\"Home\"}},{\"@type\":\"ListItem\",\"@id\":\"https:\\\/\\\/www.eldigitaldeasturias.com\\\/noticias\\\/aragon-no-olvida-la-figura-del-cocinero-juan-altamiras\\\/#listItem\",\"position\":3,\"name\":\"Arag\\u00f3n no olvida la figura del cocinero Juan Altamiras\",\"previousItem\":{\"@type\":\"ListItem\",\"@id\":\"https:\\\/\\\/www.eldigitaldeasturias.com\\\/noticias\\\/category\\\/actualidad\\\/#listItem\",\"name\":\"Actualidad\"}}]},{\"@type\":\"Organization\",\"@id\":\"https:\\\/\\\/www.eldigitaldeasturias.com\\\/noticias\\\/#organization\",\"name\":\"El Digital de Asturias\",\"description\":\"Hemeroteca\",\"url\":\"https:\\\/\\\/www.eldigitaldeasturias.com\\\/noticias\\\/\",\"email\":\"info@eldigitaldeasturias.com\",\"telephone\":\"+34652131393\",\"logo\":{\"@type\":\"ImageObject\",\"url\":\"https:\\\/\\\/www.eldigitaldeasturias.com\\\/noticias\\\/wp-content\\\/uploads\\\/2020\\\/12\\\/EDA.jpg\",\"@id\":\"https:\\\/\\\/www.eldigitaldeasturias.com\\\/noticias\\\/aragon-no-olvida-la-figura-del-cocinero-juan-altamiras\\\/#organizationLogo\"},\"image\":{\"@id\":\"https:\\\/\\\/www.eldigitaldeasturias.com\\\/noticias\\\/aragon-no-olvida-la-figura-del-cocinero-juan-altamiras\\\/#organizationLogo\"},\"sameAs\":[\"https:\\\/\\\/facebook.com\\\/eldigitaldeasturias\",\"https:\\\/\\\/www.youtube.com\\\/channel\\\/UCZP-2wLEB9Rv6erhFmqVnvg\"],\"address\":{\"@id\":\"https:\\\/\\\/www.eldigitaldeasturias.com\\\/noticias\\\/#postaladdress\",\"@type\":\"PostalAddress\",\"streetAddress\":\"san antonio 4\",\"postalCode\":\"33430\",\"addressLocality\":\"Cand\\u00e1s\",\"addressRegion\":\"Asturias\",\"addressCountry\":\"ES\"}},{\"@type\":\"Person\",\"@id\":\"https:\\\/\\\/www.eldigitaldeasturias.com\\\/noticias\\\/author\\\/admin\\\/#author\",\"url\":\"https:\\\/\\\/www.eldigitaldeasturias.com\\\/noticias\\\/author\\\/admin\\\/\",\"name\":\"El Digital de Asturias\",\"image\":{\"@type\":\"ImageObject\",\"@id\":\"https:\\\/\\\/www.eldigitaldeasturias.com\\\/noticias\\\/aragon-no-olvida-la-figura-del-cocinero-juan-altamiras\\\/#authorImage\",\"url\":\"https:\\\/\\\/secure.gravatar.com\\\/avatar\\\/df2aeffc32bcd13f8d26072ef8a91b623d677766deac7f97ca815868cd41bf5e?s=96&d=mm&r=g\",\"width\":96,\"height\":96,\"caption\":\"El Digital de Asturias\"}},{\"@type\":\"WebPage\",\"@id\":\"https:\\\/\\\/www.eldigitaldeasturias.com\\\/noticias\\\/aragon-no-olvida-la-figura-del-cocinero-juan-altamiras\\\/#webpage\",\"url\":\"https:\\\/\\\/www.eldigitaldeasturias.com\\\/noticias\\\/aragon-no-olvida-la-figura-del-cocinero-juan-altamiras\\\/\",\"name\":\"Arag\\u00f3n no olvida la figura del cocinero Juan Altamiras - El Digital de Asturias\",\"description\":\"El consejero de Vertebraci\\u00f3n del Territorio, Movilidad y Vivienda, Jos\\u00e9 Luis Soro, ha presentado hoy el acuerdo de colaboraci\\u00f3n que se firmar\\u00e1 con la comarca de Valdejal\\u00f3n y con el ayuntamiento de La Almunia de do\\u00f1a Godina para el impulso y puesta en valor de la figura de Juan Altamiras, seud\\u00f3nimo de Fray Raimundo G\\u00f3mez,\",\"inLanguage\":\"es-ES\",\"isPartOf\":{\"@id\":\"https:\\\/\\\/www.eldigitaldeasturias.com\\\/noticias\\\/#website\"},\"breadcrumb\":{\"@id\":\"https:\\\/\\\/www.eldigitaldeasturias.com\\\/noticias\\\/aragon-no-olvida-la-figura-del-cocinero-juan-altamiras\\\/#breadcrumblist\"},\"author\":{\"@id\":\"https:\\\/\\\/www.eldigitaldeasturias.com\\\/noticias\\\/author\\\/admin\\\/#author\"},\"creator\":{\"@id\":\"https:\\\/\\\/www.eldigitaldeasturias.com\\\/noticias\\\/author\\\/admin\\\/#author\"},\"image\":{\"@type\":\"ImageObject\",\"url\":951275,\"@id\":\"https:\\\/\\\/www.eldigitaldeasturias.com\\\/noticias\\\/aragon-no-olvida-la-figura-del-cocinero-juan-altamiras\\\/#mainImage\"},\"primaryImageOfPage\":{\"@id\":\"https:\\\/\\\/www.eldigitaldeasturias.com\\\/noticias\\\/aragon-no-olvida-la-figura-del-cocinero-juan-altamiras\\\/#mainImage\"},\"datePublished\":\"2017-08-29T19:04:32+02:00\",\"dateModified\":\"2017-08-29T19:04:32+02:00\"},{\"@type\":\"WebSite\",\"@id\":\"https:\\\/\\\/www.eldigitaldeasturias.com\\\/noticias\\\/#website\",\"url\":\"https:\\\/\\\/www.eldigitaldeasturias.com\\\/noticias\\\/\",\"name\":\"El Digital de Asturias - Diario de actualidad y noticias\",\"alternateName\":\"El Digital de Asturias - Diario de actualidad y noticias\",\"description\":\"Hemeroteca\",\"inLanguage\":\"es-ES\",\"publisher\":{\"@id\":\"https:\\\/\\\/www.eldigitaldeasturias.com\\\/noticias\\\/#organization\"}}]}\n\t\t<\/script>\n\t\t<!-- All in One SEO Pro -->\r\n\t\t<title>Arag\u00f3n no olvida la figura del cocinero Juan Altamiras - El Digital de Asturias<\/title>\n\n","aioseo_head_json":{"title":"Arag\u00f3n no olvida la figura del cocinero Juan Altamiras - El Digital de Asturias","description":"El consejero de Vertebraci\u00f3n del Territorio, Movilidad y Vivienda, Jos\u00e9 Luis Soro, ha presentado hoy el acuerdo de colaboraci\u00f3n que se firmar\u00e1 con la comarca de Valdejal\u00f3n y con el ayuntamiento de La Almunia de do\u00f1a Godina para el impulso y puesta en valor de la figura de Juan Altamiras, seud\u00f3nimo de Fray Raimundo G\u00f3mez,","canonical_url":"https:\/\/www.eldigitaldeasturias.com\/noticias\/aragon-no-olvida-la-figura-del-cocinero-juan-altamiras\/","robots":"max-image-preview:large","keywords":"actualidad","webmasterTools":{"google-site-verification":"UA-38556648-1","msvalidate.01":"7dfe9f3f1b24437ab69f4f2559babe99","miscellaneous":""},"schema":{"@context":"https:\/\/schema.org","@graph":[{"@type":"BlogPosting","@id":"https:\/\/www.eldigitaldeasturias.com\/noticias\/aragon-no-olvida-la-figura-del-cocinero-juan-altamiras\/#blogposting","name":"Arag\u00f3n no olvida la figura del cocinero Juan Altamiras - El Digital de Asturias","headline":"Arag\u00f3n no olvida la figura del cocinero Juan Altamiras","author":{"@id":"https:\/\/www.eldigitaldeasturias.com\/noticias\/author\/admin\/#author"},"publisher":{"@id":"https:\/\/www.eldigitaldeasturias.com\/noticias\/#organization"},"image":{"@type":"ImageObject","url":951275},"datePublished":"2017-08-29T19:04:32+02:00","dateModified":"2017-08-29T19:04:32+02:00","inLanguage":"es-ES","mainEntityOfPage":{"@id":"https:\/\/www.eldigitaldeasturias.com\/noticias\/aragon-no-olvida-la-figura-del-cocinero-juan-altamiras\/#webpage"},"isPartOf":{"@id":"https:\/\/www.eldigitaldeasturias.com\/noticias\/aragon-no-olvida-la-figura-del-cocinero-juan-altamiras\/#webpage"},"articleSection":"Actualidad"},{"@type":"BreadcrumbList","@id":"https:\/\/www.eldigitaldeasturias.com\/noticias\/aragon-no-olvida-la-figura-del-cocinero-juan-altamiras\/#breadcrumblist","itemListElement":[{"@type":"ListItem","@id":"https:\/\/www.eldigitaldeasturias.com\/noticias#listItem","position":1,"name":"Home","item":"https:\/\/www.eldigitaldeasturias.com\/noticias","nextItem":{"@type":"ListItem","@id":"https:\/\/www.eldigitaldeasturias.com\/noticias\/category\/actualidad\/#listItem","name":"Actualidad"}},{"@type":"ListItem","@id":"https:\/\/www.eldigitaldeasturias.com\/noticias\/category\/actualidad\/#listItem","position":2,"name":"Actualidad","item":"https:\/\/www.eldigitaldeasturias.com\/noticias\/category\/actualidad\/","nextItem":{"@type":"ListItem","@id":"https:\/\/www.eldigitaldeasturias.com\/noticias\/aragon-no-olvida-la-figura-del-cocinero-juan-altamiras\/#listItem","name":"Arag\u00f3n no olvida la figura del cocinero Juan Altamiras"},"previousItem":{"@type":"ListItem","@id":"https:\/\/www.eldigitaldeasturias.com\/noticias#listItem","name":"Home"}},{"@type":"ListItem","@id":"https:\/\/www.eldigitaldeasturias.com\/noticias\/aragon-no-olvida-la-figura-del-cocinero-juan-altamiras\/#listItem","position":3,"name":"Arag\u00f3n no olvida la figura del cocinero Juan Altamiras","previousItem":{"@type":"ListItem","@id":"https:\/\/www.eldigitaldeasturias.com\/noticias\/category\/actualidad\/#listItem","name":"Actualidad"}}]},{"@type":"Organization","@id":"https:\/\/www.eldigitaldeasturias.com\/noticias\/#organization","name":"El Digital de Asturias","description":"Hemeroteca","url":"https:\/\/www.eldigitaldeasturias.com\/noticias\/","email":"info@eldigitaldeasturias.com","telephone":"+34652131393","logo":{"@type":"ImageObject","url":"https:\/\/www.eldigitaldeasturias.com\/noticias\/wp-content\/uploads\/2020\/12\/EDA.jpg","@id":"https:\/\/www.eldigitaldeasturias.com\/noticias\/aragon-no-olvida-la-figura-del-cocinero-juan-altamiras\/#organizationLogo"},"image":{"@id":"https:\/\/www.eldigitaldeasturias.com\/noticias\/aragon-no-olvida-la-figura-del-cocinero-juan-altamiras\/#organizationLogo"},"sameAs":["https:\/\/facebook.com\/eldigitaldeasturias","https:\/\/www.youtube.com\/channel\/UCZP-2wLEB9Rv6erhFmqVnvg"],"address":{"@id":"https:\/\/www.eldigitaldeasturias.com\/noticias\/#postaladdress","@type":"PostalAddress","streetAddress":"san antonio 4","postalCode":"33430","addressLocality":"Cand\u00e1s","addressRegion":"Asturias","addressCountry":"ES"}},{"@type":"Person","@id":"https:\/\/www.eldigitaldeasturias.com\/noticias\/author\/admin\/#author","url":"https:\/\/www.eldigitaldeasturias.com\/noticias\/author\/admin\/","name":"El Digital de Asturias","image":{"@type":"ImageObject","@id":"https:\/\/www.eldigitaldeasturias.com\/noticias\/aragon-no-olvida-la-figura-del-cocinero-juan-altamiras\/#authorImage","url":"https:\/\/secure.gravatar.com\/avatar\/df2aeffc32bcd13f8d26072ef8a91b623d677766deac7f97ca815868cd41bf5e?s=96&d=mm&r=g","width":96,"height":96,"caption":"El Digital de Asturias"}},{"@type":"WebPage","@id":"https:\/\/www.eldigitaldeasturias.com\/noticias\/aragon-no-olvida-la-figura-del-cocinero-juan-altamiras\/#webpage","url":"https:\/\/www.eldigitaldeasturias.com\/noticias\/aragon-no-olvida-la-figura-del-cocinero-juan-altamiras\/","name":"Arag\u00f3n no olvida la figura del cocinero Juan Altamiras - El Digital de Asturias","description":"El consejero de Vertebraci\u00f3n del Territorio, Movilidad y Vivienda, Jos\u00e9 Luis Soro, ha presentado hoy el acuerdo de colaboraci\u00f3n que se firmar\u00e1 con la comarca de Valdejal\u00f3n y con el ayuntamiento de La Almunia de do\u00f1a Godina para el impulso y puesta en valor de la figura de Juan Altamiras, seud\u00f3nimo de Fray Raimundo G\u00f3mez,","inLanguage":"es-ES","isPartOf":{"@id":"https:\/\/www.eldigitaldeasturias.com\/noticias\/#website"},"breadcrumb":{"@id":"https:\/\/www.eldigitaldeasturias.com\/noticias\/aragon-no-olvida-la-figura-del-cocinero-juan-altamiras\/#breadcrumblist"},"author":{"@id":"https:\/\/www.eldigitaldeasturias.com\/noticias\/author\/admin\/#author"},"creator":{"@id":"https:\/\/www.eldigitaldeasturias.com\/noticias\/author\/admin\/#author"},"image":{"@type":"ImageObject","url":951275,"@id":"https:\/\/www.eldigitaldeasturias.com\/noticias\/aragon-no-olvida-la-figura-del-cocinero-juan-altamiras\/#mainImage"},"primaryImageOfPage":{"@id":"https:\/\/www.eldigitaldeasturias.com\/noticias\/aragon-no-olvida-la-figura-del-cocinero-juan-altamiras\/#mainImage"},"datePublished":"2017-08-29T19:04:32+02:00","dateModified":"2017-08-29T19:04:32+02:00"},{"@type":"WebSite","@id":"https:\/\/www.eldigitaldeasturias.com\/noticias\/#website","url":"https:\/\/www.eldigitaldeasturias.com\/noticias\/","name":"El Digital de Asturias - Diario de actualidad y noticias","alternateName":"El Digital de Asturias - Diario de actualidad y noticias","description":"Hemeroteca","inLanguage":"es-ES","publisher":{"@id":"https:\/\/www.eldigitaldeasturias.com\/noticias\/#organization"}}]},"og:locale":"es_ES","og:site_name":"El Digital de Asturias","og:type":"article","og:title":"Arag\u00f3n no olvida la figura del cocinero Juan Altamiras - El Digital de Asturias","og:description":"El consejero de Vertebraci\u00f3n del Territorio, Movilidad y Vivienda, Jos\u00e9 Luis Soro, ha presentado hoy el acuerdo de colaboraci\u00f3n que se firmar\u00e1 con la comarca de Valdejal\u00f3n y con el ayuntamiento de La Almunia de do\u00f1a Godina para el impulso y puesta en valor de la figura de Juan Altamiras, seud\u00f3nimo de Fray Raimundo G\u00f3mez,","og:url":"https:\/\/www.eldigitaldeasturias.com\/noticias\/aragon-no-olvida-la-figura-del-cocinero-juan-altamiras\/","article:tag":["actualidad"],"article:published_time":"2017-08-29T19:04:32+00:00","article:modified_time":"2017-08-29T19:04:32+00:00","article:publisher":"https:\/\/facebook.com\/eldigitaldeasturias","twitter:card":"summary_large_image","twitter:title":"Arag\u00f3n no olvida la figura del cocinero Juan Altamiras - El Digital de Asturias","twitter:description":"El consejero de Vertebraci\u00f3n del Territorio, Movilidad y Vivienda, Jos\u00e9 Luis Soro, ha presentado hoy el acuerdo de colaboraci\u00f3n que se firmar\u00e1 con la comarca de Valdejal\u00f3n y con el ayuntamiento de La Almunia de do\u00f1a Godina para el impulso y puesta en valor de la figura de Juan Altamiras, seud\u00f3nimo de Fray Raimundo G\u00f3mez,","twitter:image":"https:\/\/www.eldigitaldeasturias.com\/noticias\/wp-content\/uploads\/2020\/12\/EDA-1.jpg","twitter:label1":"Escrito por","twitter:data1":"El Digital de Asturias","twitter:label2":"Tiempo de lectura estimado","twitter:data2":"7 minutos"},"aioseo_meta_data":{"post_id":"951274","title":null,"description":null,"keywords":null,"keyphrases":null,"primary_term":null,"canonical_url":null,"og_title":null,"og_description":null,"og_object_type":"default","og_image_type":"default","og_image_url":null,"og_image_width":null,"og_image_height":null,"og_image_custom_url":null,"og_image_custom_fields":null,"og_video":null,"og_custom_url":null,"og_article_section":null,"og_article_tags":null,"twitter_use_og":false,"twitter_card":"default","twitter_image_type":"default","twitter_image_url":null,"twitter_image_custom_url":null,"twitter_image_custom_fields":null,"twitter_title":null,"twitter_description":null,"schema":{"blockGraphs":[],"customGraphs":[],"default":{"data":{"Article":[],"Course":[],"Dataset":[],"FAQPage":[],"Movie":[],"Person":[],"Product":[],"ProductReview":[],"Car":[],"Recipe":[],"Service":[],"SoftwareApplication":[],"WebPage":[]},"graphName":"","isEnabled":true},"graphs":[],"defaultGraph":"","defaultPostTypeGraph":""},"schema_type":null,"schema_type_options":null,"pillar_content":false,"robots_default":true,"robots_noindex":false,"robots_noarchive":false,"robots_nosnippet":false,"robots_nofollow":false,"robots_noimageindex":false,"robots_noodp":false,"robots_notranslate":false,"robots_max_snippet":null,"robots_max_videopreview":null,"robots_max_imagepreview":"large","priority":null,"frequency":null,"local_seo":null,"seo_analyzer_scan_date":"2025-12-05 18:41:08","breadcrumb_settings":null,"limit_modified_date":false,"open_ai":null,"ai":null,"created":"2020-12-21 12:58:15","updated":"2025-12-05 18:41:08","focus_keyword":null,"additional_keywords":null,"truseo_locale":null},"aioseo_breadcrumb":"<div class=\"aioseo-breadcrumbs\"><span class=\"aioseo-breadcrumb\">\n\t<a href=\"https:\/\/www.eldigitaldeasturias.com\/noticias\" title=\"Home\">Home<\/a>\n<\/span><span class=\"aioseo-breadcrumb-separator\">\u2013<\/span><span class=\"aioseo-breadcrumb\">\n\t<a href=\"https:\/\/www.eldigitaldeasturias.com\/noticias\/category\/actualidad\/\" title=\"Actualidad\">Actualidad<\/a>\n<\/span><span class=\"aioseo-breadcrumb-separator\">\u2013<\/span><span class=\"aioseo-breadcrumb\">\n\t<a href=\"https:\/\/www.eldigitaldeasturias.com\/noticias\/aragon-no-olvida-la-figura-del-cocinero-juan-altamiras\/\" title=\"Arag\u00f3n no olvida la figura del cocinero Juan Altamiras\">Arag\u00f3n no olvida la figura del cocinero Juan Altamiras<\/a>\n<\/span><\/div>","aioseo_breadcrumb_json":[{"label":"Home","link":"https:\/\/www.eldigitaldeasturias.com\/noticias"},{"label":"Actualidad","link":"https:\/\/www.eldigitaldeasturias.com\/noticias\/category\/actualidad\/"},{"label":"Arag\u00f3n no olvida la figura del cocinero Juan Altamiras","link":"https:\/\/www.eldigitaldeasturias.com\/noticias\/aragon-no-olvida-la-figura-del-cocinero-juan-altamiras\/"}],"_links":{"self":[{"href":"https:\/\/www.eldigitaldeasturias.com\/noticias\/wp-json\/wp\/v2\/posts\/951274","targetHints":{"allow":["GET"]}}],"collection":[{"href":"https:\/\/www.eldigitaldeasturias.com\/noticias\/wp-json\/wp\/v2\/posts"}],"about":[{"href":"https:\/\/www.eldigitaldeasturias.com\/noticias\/wp-json\/wp\/v2\/types\/post"}],"author":[{"embeddable":true,"href":"https:\/\/www.eldigitaldeasturias.com\/noticias\/wp-json\/wp\/v2\/users\/1"}],"replies":[{"embeddable":true,"href":"https:\/\/www.eldigitaldeasturias.com\/noticias\/wp-json\/wp\/v2\/comments?post=951274"}],"version-history":[{"count":0,"href":"https:\/\/www.eldigitaldeasturias.com\/noticias\/wp-json\/wp\/v2\/posts\/951274\/revisions"}],"wp:attachment":[{"href":"https:\/\/www.eldigitaldeasturias.com\/noticias\/wp-json\/wp\/v2\/media?parent=951274"}],"wp:term":[{"taxonomy":"category","embeddable":true,"href":"https:\/\/www.eldigitaldeasturias.com\/noticias\/wp-json\/wp\/v2\/categories?post=951274"},{"taxonomy":"post_tag","embeddable":true,"href":"https:\/\/www.eldigitaldeasturias.com\/noticias\/wp-json\/wp\/v2\/tags?post=951274"}],"curies":[{"name":"wp","href":"https:\/\/api.w.org\/{rel}","templated":true}]}}