{"id":951266,"date":"2017-08-29T18:56:59","date_gmt":"2017-08-29T18:56:59","guid":{"rendered":"http:\/\/www.eldigitaldeasturias.com\/noticias\/?p=951266"},"modified":"2017-08-29T18:56:59","modified_gmt":"2017-08-29T18:56:59","slug":"aumenta-la-oferta-en-la-escuela-publica-en-zaragoza","status":"publish","type":"post","link":"https:\/\/www.eldigitaldeasturias.com\/noticias\/aumenta-la-oferta-en-la-escuela-publica-en-zaragoza\/","title":{"rendered":"Aumenta la oferta en la escuela p\u00fablica en Zaragoza"},"content":{"rendered":"<p><img loading=\"lazy\" decoding=\"async\" class=\"alignleft size-medium wp-image-951267\" src=\"https:\/\/www.eldigitaldeasturias.com\/noticias\/wp-content\/uploads\/2017\/08\/20160908_112337_452d3baa-360x159.jpg\" alt=\"\" width=\"360\" height=\"159\" \/>El Departamento de Educaci\u00f3n va a aumentar en 11 unidades la oferta en la escuela p\u00fablica en Zaragoza respecto a la del pasado curso. El mayor n\u00famero de aulas p\u00fablicas se dar\u00e1 tanto en el ciclo de infantil como en el de primaria.<\/p>\n<p>En total, en el curso 2017-2018 se produce un incremento de 9 aulas p\u00fablicas en infantil y 2 en primaria, de manera que habr\u00e1 892 clases para ni\u00f1os de entre 3 y 6 a\u00f1os (frente a las 883 del curso pasado) y 1.792 en el caso de primaria (fueron 1.790 en el periodo 2016-2017).<\/p>\n<p>As\u00ed lo ha informado esta ma\u00f1ana el Departamento en la comisi\u00f3n de garant\u00edas de escolarizaci\u00f3n de la capital aragonesa, en el que se ha explicado que, entre este aumento de aulas, se encuentran los desdobles que se han decidido en tres colegios de Zaragoza, en distintos cursos, para permitir una mejor ratio que facilite y mejore la atenci\u00f3n a sus alumnos.<\/p>\n<p>Otro asunto que se ha abordado en la comisi\u00f3n celebrada esta ma\u00f1ana en Zaragoza han sido las m\u00e1s de 800 solicitudes de matr\u00edcula que se han recibido, para todos los cursos de infantil y primaria, desde el pasado mes de mayo, que se han atendido sin problemas por parte de la Administraci\u00f3n.<\/p>\n<p>&nbsp;<\/p>\n","protected":false},"excerpt":{"rendered":"<p>El Departamento de Educaci\u00f3n va a aumentar en 11 unidades la oferta en la escuela p\u00fablica en Zaragoza respecto a la del pasado curso. El mayor n\u00famero de aulas p\u00fablicas se dar\u00e1 tanto en el ciclo de infantil como en el de primaria. En total, en el curso 2017-2018 se produce un incremento de 9 [&hellip;]<\/p>\n","protected":false},"author":1,"featured_media":951267,"comment_status":"closed","ping_status":"closed","sticky":false,"template":"","format":"standard","meta":{"footnotes":""},"categories":[1],"tags":[],"class_list":["post-951266","post","type-post","status-publish","format-standard","has-post-thumbnail","hentry","category-actualidad"],"aioseo_notices":[],"aioseo_head":"\n\t\t<!-- All in One SEO Pro 5.0.1 - aioseo.com -->\n\t<meta name=\"description\" content=\"El Departamento de Educaci\u00f3n va a aumentar en 11 unidades la oferta en la escuela p\u00fablica en Zaragoza respecto a la del pasado curso. El mayor n\u00famero de aulas p\u00fablicas se dar\u00e1 tanto en el ciclo de infantil como en el de primaria. En total, en el curso 2017-2018 se produce un incremento de 9\" \/>\n\t<meta name=\"robots\" content=\"max-image-preview:large\" \/>\n\t<meta name=\"author\" content=\"El Digital de Asturias\"\/>\n\t<meta name=\"google-site-verification\" content=\"UA-38556648-1\" \/>\n\t<meta name=\"msvalidate.01\" content=\"7dfe9f3f1b24437ab69f4f2559babe99\" \/>\n\t<meta name=\"keywords\" content=\"actualidad\" \/>\n\t<link rel=\"canonical\" href=\"https:\/\/www.eldigitaldeasturias.com\/noticias\/aumenta-la-oferta-en-la-escuela-publica-en-zaragoza\/\" \/>\n\t<meta name=\"generator\" content=\"All in One SEO Pro (AIOSEO) 5.0.1\" \/>\n\t\t<meta property=\"og:locale\" content=\"es_ES\" \/>\n\t\t<meta property=\"og:site_name\" content=\"El Digital de Asturias\" \/>\n\t\t<meta property=\"og:type\" content=\"article\" \/>\n\t\t<meta property=\"og:title\" content=\"Aumenta la oferta en la escuela p\u00fablica en Zaragoza - El Digital de Asturias\" \/>\n\t\t<meta property=\"og:description\" content=\"El Departamento de Educaci\u00f3n va a aumentar en 11 unidades la oferta en la escuela p\u00fablica en Zaragoza respecto a la del pasado curso. El mayor n\u00famero de aulas p\u00fablicas se dar\u00e1 tanto en el ciclo de infantil como en el de primaria. En total, en el curso 2017-2018 se produce un incremento de 9\" \/>\n\t\t<meta property=\"og:url\" content=\"https:\/\/www.eldigitaldeasturias.com\/noticias\/aumenta-la-oferta-en-la-escuela-publica-en-zaragoza\/\" \/>\n\t\t<meta property=\"article:tag\" content=\"actualidad\" \/>\n\t\t<meta property=\"article:published_time\" content=\"2017-08-29T18:56:59+00:00\" \/>\n\t\t<meta property=\"article:modified_time\" content=\"2017-08-29T18:56:59+00:00\" \/>\n\t\t<meta property=\"article:publisher\" content=\"https:\/\/facebook.com\/eldigitaldeasturias\" \/>\n\t\t<meta name=\"twitter:card\" content=\"summary_large_image\" \/>\n\t\t<meta name=\"twitter:title\" content=\"Aumenta la oferta en la escuela p\u00fablica en Zaragoza - El Digital de Asturias\" \/>\n\t\t<meta name=\"twitter:description\" content=\"El Departamento de Educaci\u00f3n va a aumentar en 11 unidades la oferta en la escuela p\u00fablica en Zaragoza respecto a la del pasado curso. El mayor n\u00famero de aulas p\u00fablicas se dar\u00e1 tanto en el ciclo de infantil como en el de primaria. En total, en el curso 2017-2018 se produce un incremento de 9\" \/>\n\t\t<meta name=\"twitter:image\" content=\"https:\/\/www.eldigitaldeasturias.com\/noticias\/wp-content\/uploads\/2020\/12\/EDA-1.jpg\" \/>\n\t\t<meta name=\"twitter:label1\" content=\"Escrito por\" \/>\n\t\t<meta name=\"twitter:data1\" content=\"El Digital de Asturias\" \/>\n\t\t<meta name=\"twitter:label2\" content=\"Tiempo de lectura estimado\" \/>\n\t\t<meta name=\"twitter:data2\" content=\"1 minuto\" \/>\n\t\t<script type=\"application\/ld+json\" class=\"aioseo-schema\">\n\t\t\t{\"@context\":\"https:\\\/\\\/schema.org\",\"@graph\":[{\"@type\":\"BlogPosting\",\"@id\":\"https:\\\/\\\/www.eldigitaldeasturias.com\\\/noticias\\\/aumenta-la-oferta-en-la-escuela-publica-en-zaragoza\\\/#blogposting\",\"name\":\"Aumenta la oferta en la escuela p\\u00fablica en Zaragoza - El Digital de Asturias\",\"headline\":\"Aumenta la oferta en la escuela p\\u00fablica en Zaragoza\",\"author\":{\"@id\":\"https:\\\/\\\/www.eldigitaldeasturias.com\\\/noticias\\\/author\\\/admin\\\/#author\"},\"publisher\":{\"@id\":\"https:\\\/\\\/www.eldigitaldeasturias.com\\\/noticias\\\/#organization\"},\"image\":{\"@type\":\"ImageObject\",\"url\":951267},\"datePublished\":\"2017-08-29T18:56:59+02:00\",\"dateModified\":\"2017-08-29T18:56:59+02:00\",\"inLanguage\":\"es-ES\",\"mainEntityOfPage\":{\"@id\":\"https:\\\/\\\/www.eldigitaldeasturias.com\\\/noticias\\\/aumenta-la-oferta-en-la-escuela-publica-en-zaragoza\\\/#webpage\"},\"isPartOf\":{\"@id\":\"https:\\\/\\\/www.eldigitaldeasturias.com\\\/noticias\\\/aumenta-la-oferta-en-la-escuela-publica-en-zaragoza\\\/#webpage\"},\"articleSection\":\"Actualidad\"},{\"@type\":\"BreadcrumbList\",\"@id\":\"https:\\\/\\\/www.eldigitaldeasturias.com\\\/noticias\\\/aumenta-la-oferta-en-la-escuela-publica-en-zaragoza\\\/#breadcrumblist\",\"itemListElement\":[{\"@type\":\"ListItem\",\"@id\":\"https:\\\/\\\/www.eldigitaldeasturias.com\\\/noticias#listItem\",\"position\":1,\"name\":\"Home\",\"item\":\"https:\\\/\\\/www.eldigitaldeasturias.com\\\/noticias\",\"nextItem\":{\"@type\":\"ListItem\",\"@id\":\"https:\\\/\\\/www.eldigitaldeasturias.com\\\/noticias\\\/category\\\/actualidad\\\/#listItem\",\"name\":\"Actualidad\"}},{\"@type\":\"ListItem\",\"@id\":\"https:\\\/\\\/www.eldigitaldeasturias.com\\\/noticias\\\/category\\\/actualidad\\\/#listItem\",\"position\":2,\"name\":\"Actualidad\",\"item\":\"https:\\\/\\\/www.eldigitaldeasturias.com\\\/noticias\\\/category\\\/actualidad\\\/\",\"nextItem\":{\"@type\":\"ListItem\",\"@id\":\"https:\\\/\\\/www.eldigitaldeasturias.com\\\/noticias\\\/aumenta-la-oferta-en-la-escuela-publica-en-zaragoza\\\/#listItem\",\"name\":\"Aumenta la oferta en la escuela p\\u00fablica en Zaragoza\"},\"previousItem\":{\"@type\":\"ListItem\",\"@id\":\"https:\\\/\\\/www.eldigitaldeasturias.com\\\/noticias#listItem\",\"name\":\"Home\"}},{\"@type\":\"ListItem\",\"@id\":\"https:\\\/\\\/www.eldigitaldeasturias.com\\\/noticias\\\/aumenta-la-oferta-en-la-escuela-publica-en-zaragoza\\\/#listItem\",\"position\":3,\"name\":\"Aumenta la oferta en la escuela p\\u00fablica en Zaragoza\",\"previousItem\":{\"@type\":\"ListItem\",\"@id\":\"https:\\\/\\\/www.eldigitaldeasturias.com\\\/noticias\\\/category\\\/actualidad\\\/#listItem\",\"name\":\"Actualidad\"}}]},{\"@type\":\"Organization\",\"@id\":\"https:\\\/\\\/www.eldigitaldeasturias.com\\\/noticias\\\/#organization\",\"name\":\"El Digital de Asturias\",\"description\":\"Hemeroteca\",\"url\":\"https:\\\/\\\/www.eldigitaldeasturias.com\\\/noticias\\\/\",\"email\":\"info@eldigitaldeasturias.com\",\"telephone\":\"+34652131393\",\"logo\":{\"@type\":\"ImageObject\",\"url\":\"https:\\\/\\\/www.eldigitaldeasturias.com\\\/noticias\\\/wp-content\\\/uploads\\\/2020\\\/12\\\/EDA.jpg\",\"@id\":\"https:\\\/\\\/www.eldigitaldeasturias.com\\\/noticias\\\/aumenta-la-oferta-en-la-escuela-publica-en-zaragoza\\\/#organizationLogo\"},\"image\":{\"@id\":\"https:\\\/\\\/www.eldigitaldeasturias.com\\\/noticias\\\/aumenta-la-oferta-en-la-escuela-publica-en-zaragoza\\\/#organizationLogo\"},\"sameAs\":[\"https:\\\/\\\/facebook.com\\\/eldigitaldeasturias\",\"https:\\\/\\\/www.youtube.com\\\/channel\\\/UCZP-2wLEB9Rv6erhFmqVnvg\"],\"address\":{\"@id\":\"https:\\\/\\\/www.eldigitaldeasturias.com\\\/noticias\\\/#postaladdress\",\"@type\":\"PostalAddress\",\"streetAddress\":\"san antonio 4\",\"postalCode\":\"33430\",\"addressLocality\":\"Cand\\u00e1s\",\"addressRegion\":\"Asturias\",\"addressCountry\":\"ES\"}},{\"@type\":\"Person\",\"@id\":\"https:\\\/\\\/www.eldigitaldeasturias.com\\\/noticias\\\/author\\\/admin\\\/#author\",\"url\":\"https:\\\/\\\/www.eldigitaldeasturias.com\\\/noticias\\\/author\\\/admin\\\/\",\"name\":\"El Digital de Asturias\",\"image\":{\"@type\":\"ImageObject\",\"@id\":\"https:\\\/\\\/www.eldigitaldeasturias.com\\\/noticias\\\/aumenta-la-oferta-en-la-escuela-publica-en-zaragoza\\\/#authorImage\",\"url\":\"https:\\\/\\\/secure.gravatar.com\\\/avatar\\\/df2aeffc32bcd13f8d26072ef8a91b623d677766deac7f97ca815868cd41bf5e?s=96&d=mm&r=g\",\"width\":96,\"height\":96,\"caption\":\"El Digital de Asturias\"}},{\"@type\":\"WebPage\",\"@id\":\"https:\\\/\\\/www.eldigitaldeasturias.com\\\/noticias\\\/aumenta-la-oferta-en-la-escuela-publica-en-zaragoza\\\/#webpage\",\"url\":\"https:\\\/\\\/www.eldigitaldeasturias.com\\\/noticias\\\/aumenta-la-oferta-en-la-escuela-publica-en-zaragoza\\\/\",\"name\":\"Aumenta la oferta en la escuela p\\u00fablica en Zaragoza - El Digital de Asturias\",\"description\":\"El Departamento de Educaci\\u00f3n va a aumentar en 11 unidades la oferta en la escuela p\\u00fablica en Zaragoza respecto a la del pasado curso. El mayor n\\u00famero de aulas p\\u00fablicas se dar\\u00e1 tanto en el ciclo de infantil como en el de primaria. En total, en el curso 2017-2018 se produce un incremento de 9\",\"inLanguage\":\"es-ES\",\"isPartOf\":{\"@id\":\"https:\\\/\\\/www.eldigitaldeasturias.com\\\/noticias\\\/#website\"},\"breadcrumb\":{\"@id\":\"https:\\\/\\\/www.eldigitaldeasturias.com\\\/noticias\\\/aumenta-la-oferta-en-la-escuela-publica-en-zaragoza\\\/#breadcrumblist\"},\"author\":{\"@id\":\"https:\\\/\\\/www.eldigitaldeasturias.com\\\/noticias\\\/author\\\/admin\\\/#author\"},\"creator\":{\"@id\":\"https:\\\/\\\/www.eldigitaldeasturias.com\\\/noticias\\\/author\\\/admin\\\/#author\"},\"image\":{\"@type\":\"ImageObject\",\"url\":951267,\"@id\":\"https:\\\/\\\/www.eldigitaldeasturias.com\\\/noticias\\\/aumenta-la-oferta-en-la-escuela-publica-en-zaragoza\\\/#mainImage\"},\"primaryImageOfPage\":{\"@id\":\"https:\\\/\\\/www.eldigitaldeasturias.com\\\/noticias\\\/aumenta-la-oferta-en-la-escuela-publica-en-zaragoza\\\/#mainImage\"},\"datePublished\":\"2017-08-29T18:56:59+02:00\",\"dateModified\":\"2017-08-29T18:56:59+02:00\"},{\"@type\":\"WebSite\",\"@id\":\"https:\\\/\\\/www.eldigitaldeasturias.com\\\/noticias\\\/#website\",\"url\":\"https:\\\/\\\/www.eldigitaldeasturias.com\\\/noticias\\\/\",\"name\":\"El Digital de Asturias - Diario de actualidad y noticias\",\"alternateName\":\"El Digital de Asturias - Diario de actualidad y noticias\",\"description\":\"Hemeroteca\",\"inLanguage\":\"es-ES\",\"publisher\":{\"@id\":\"https:\\\/\\\/www.eldigitaldeasturias.com\\\/noticias\\\/#organization\"}}]}\n\t\t<\/script>\n\t\t<!-- All in One SEO Pro -->\r\n\t\t<title>Aumenta la oferta en la escuela p\u00fablica en Zaragoza - El Digital de Asturias<\/title>\n\n","aioseo_head_json":{"title":"Aumenta la oferta en la escuela p\u00fablica en Zaragoza - El Digital de Asturias","description":"El Departamento de Educaci\u00f3n va a aumentar en 11 unidades la oferta en la escuela p\u00fablica en Zaragoza respecto a la del pasado curso. El mayor n\u00famero de aulas p\u00fablicas se dar\u00e1 tanto en el ciclo de infantil como en el de primaria. En total, en el curso 2017-2018 se produce un incremento de 9","canonical_url":"https:\/\/www.eldigitaldeasturias.com\/noticias\/aumenta-la-oferta-en-la-escuela-publica-en-zaragoza\/","robots":"max-image-preview:large","keywords":"actualidad","webmasterTools":{"google-site-verification":"UA-38556648-1","msvalidate.01":"7dfe9f3f1b24437ab69f4f2559babe99","miscellaneous":""},"schema":{"@context":"https:\/\/schema.org","@graph":[{"@type":"BlogPosting","@id":"https:\/\/www.eldigitaldeasturias.com\/noticias\/aumenta-la-oferta-en-la-escuela-publica-en-zaragoza\/#blogposting","name":"Aumenta la oferta en la escuela p\u00fablica en Zaragoza - El Digital de Asturias","headline":"Aumenta la oferta en la escuela p\u00fablica en Zaragoza","author":{"@id":"https:\/\/www.eldigitaldeasturias.com\/noticias\/author\/admin\/#author"},"publisher":{"@id":"https:\/\/www.eldigitaldeasturias.com\/noticias\/#organization"},"image":{"@type":"ImageObject","url":951267},"datePublished":"2017-08-29T18:56:59+02:00","dateModified":"2017-08-29T18:56:59+02:00","inLanguage":"es-ES","mainEntityOfPage":{"@id":"https:\/\/www.eldigitaldeasturias.com\/noticias\/aumenta-la-oferta-en-la-escuela-publica-en-zaragoza\/#webpage"},"isPartOf":{"@id":"https:\/\/www.eldigitaldeasturias.com\/noticias\/aumenta-la-oferta-en-la-escuela-publica-en-zaragoza\/#webpage"},"articleSection":"Actualidad"},{"@type":"BreadcrumbList","@id":"https:\/\/www.eldigitaldeasturias.com\/noticias\/aumenta-la-oferta-en-la-escuela-publica-en-zaragoza\/#breadcrumblist","itemListElement":[{"@type":"ListItem","@id":"https:\/\/www.eldigitaldeasturias.com\/noticias#listItem","position":1,"name":"Home","item":"https:\/\/www.eldigitaldeasturias.com\/noticias","nextItem":{"@type":"ListItem","@id":"https:\/\/www.eldigitaldeasturias.com\/noticias\/category\/actualidad\/#listItem","name":"Actualidad"}},{"@type":"ListItem","@id":"https:\/\/www.eldigitaldeasturias.com\/noticias\/category\/actualidad\/#listItem","position":2,"name":"Actualidad","item":"https:\/\/www.eldigitaldeasturias.com\/noticias\/category\/actualidad\/","nextItem":{"@type":"ListItem","@id":"https:\/\/www.eldigitaldeasturias.com\/noticias\/aumenta-la-oferta-en-la-escuela-publica-en-zaragoza\/#listItem","name":"Aumenta la oferta en la escuela p\u00fablica en Zaragoza"},"previousItem":{"@type":"ListItem","@id":"https:\/\/www.eldigitaldeasturias.com\/noticias#listItem","name":"Home"}},{"@type":"ListItem","@id":"https:\/\/www.eldigitaldeasturias.com\/noticias\/aumenta-la-oferta-en-la-escuela-publica-en-zaragoza\/#listItem","position":3,"name":"Aumenta la oferta en la escuela p\u00fablica en Zaragoza","previousItem":{"@type":"ListItem","@id":"https:\/\/www.eldigitaldeasturias.com\/noticias\/category\/actualidad\/#listItem","name":"Actualidad"}}]},{"@type":"Organization","@id":"https:\/\/www.eldigitaldeasturias.com\/noticias\/#organization","name":"El Digital de Asturias","description":"Hemeroteca","url":"https:\/\/www.eldigitaldeasturias.com\/noticias\/","email":"info@eldigitaldeasturias.com","telephone":"+34652131393","logo":{"@type":"ImageObject","url":"https:\/\/www.eldigitaldeasturias.com\/noticias\/wp-content\/uploads\/2020\/12\/EDA.jpg","@id":"https:\/\/www.eldigitaldeasturias.com\/noticias\/aumenta-la-oferta-en-la-escuela-publica-en-zaragoza\/#organizationLogo"},"image":{"@id":"https:\/\/www.eldigitaldeasturias.com\/noticias\/aumenta-la-oferta-en-la-escuela-publica-en-zaragoza\/#organizationLogo"},"sameAs":["https:\/\/facebook.com\/eldigitaldeasturias","https:\/\/www.youtube.com\/channel\/UCZP-2wLEB9Rv6erhFmqVnvg"],"address":{"@id":"https:\/\/www.eldigitaldeasturias.com\/noticias\/#postaladdress","@type":"PostalAddress","streetAddress":"san antonio 4","postalCode":"33430","addressLocality":"Cand\u00e1s","addressRegion":"Asturias","addressCountry":"ES"}},{"@type":"Person","@id":"https:\/\/www.eldigitaldeasturias.com\/noticias\/author\/admin\/#author","url":"https:\/\/www.eldigitaldeasturias.com\/noticias\/author\/admin\/","name":"El Digital de Asturias","image":{"@type":"ImageObject","@id":"https:\/\/www.eldigitaldeasturias.com\/noticias\/aumenta-la-oferta-en-la-escuela-publica-en-zaragoza\/#authorImage","url":"https:\/\/secure.gravatar.com\/avatar\/df2aeffc32bcd13f8d26072ef8a91b623d677766deac7f97ca815868cd41bf5e?s=96&d=mm&r=g","width":96,"height":96,"caption":"El Digital de Asturias"}},{"@type":"WebPage","@id":"https:\/\/www.eldigitaldeasturias.com\/noticias\/aumenta-la-oferta-en-la-escuela-publica-en-zaragoza\/#webpage","url":"https:\/\/www.eldigitaldeasturias.com\/noticias\/aumenta-la-oferta-en-la-escuela-publica-en-zaragoza\/","name":"Aumenta la oferta en la escuela p\u00fablica en Zaragoza - El Digital de Asturias","description":"El Departamento de Educaci\u00f3n va a aumentar en 11 unidades la oferta en la escuela p\u00fablica en Zaragoza respecto a la del pasado curso. El mayor n\u00famero de aulas p\u00fablicas se dar\u00e1 tanto en el ciclo de infantil como en el de primaria. En total, en el curso 2017-2018 se produce un incremento de 9","inLanguage":"es-ES","isPartOf":{"@id":"https:\/\/www.eldigitaldeasturias.com\/noticias\/#website"},"breadcrumb":{"@id":"https:\/\/www.eldigitaldeasturias.com\/noticias\/aumenta-la-oferta-en-la-escuela-publica-en-zaragoza\/#breadcrumblist"},"author":{"@id":"https:\/\/www.eldigitaldeasturias.com\/noticias\/author\/admin\/#author"},"creator":{"@id":"https:\/\/www.eldigitaldeasturias.com\/noticias\/author\/admin\/#author"},"image":{"@type":"ImageObject","url":951267,"@id":"https:\/\/www.eldigitaldeasturias.com\/noticias\/aumenta-la-oferta-en-la-escuela-publica-en-zaragoza\/#mainImage"},"primaryImageOfPage":{"@id":"https:\/\/www.eldigitaldeasturias.com\/noticias\/aumenta-la-oferta-en-la-escuela-publica-en-zaragoza\/#mainImage"},"datePublished":"2017-08-29T18:56:59+02:00","dateModified":"2017-08-29T18:56:59+02:00"},{"@type":"WebSite","@id":"https:\/\/www.eldigitaldeasturias.com\/noticias\/#website","url":"https:\/\/www.eldigitaldeasturias.com\/noticias\/","name":"El Digital de Asturias - Diario de actualidad y noticias","alternateName":"El Digital de Asturias - Diario de actualidad y noticias","description":"Hemeroteca","inLanguage":"es-ES","publisher":{"@id":"https:\/\/www.eldigitaldeasturias.com\/noticias\/#organization"}}]},"og:locale":"es_ES","og:site_name":"El Digital de Asturias","og:type":"article","og:title":"Aumenta la oferta en la escuela p\u00fablica en Zaragoza - El Digital de Asturias","og:description":"El Departamento de Educaci\u00f3n va a aumentar en 11 unidades la oferta en la escuela p\u00fablica en Zaragoza respecto a la del pasado curso. El mayor n\u00famero de aulas p\u00fablicas se dar\u00e1 tanto en el ciclo de infantil como en el de primaria. En total, en el curso 2017-2018 se produce un incremento de 9","og:url":"https:\/\/www.eldigitaldeasturias.com\/noticias\/aumenta-la-oferta-en-la-escuela-publica-en-zaragoza\/","article:tag":["actualidad"],"article:published_time":"2017-08-29T18:56:59+00:00","article:modified_time":"2017-08-29T18:56:59+00:00","article:publisher":"https:\/\/facebook.com\/eldigitaldeasturias","twitter:card":"summary_large_image","twitter:title":"Aumenta la oferta en la escuela p\u00fablica en Zaragoza - El Digital de Asturias","twitter:description":"El Departamento de Educaci\u00f3n va a aumentar en 11 unidades la oferta en la escuela p\u00fablica en Zaragoza respecto a la del pasado curso. El mayor n\u00famero de aulas p\u00fablicas se dar\u00e1 tanto en el ciclo de infantil como en el de primaria. En total, en el curso 2017-2018 se produce un incremento de 9","twitter:image":"https:\/\/www.eldigitaldeasturias.com\/noticias\/wp-content\/uploads\/2020\/12\/EDA-1.jpg","twitter:label1":"Escrito por","twitter:data1":"El Digital de Asturias","twitter:label2":"Tiempo de lectura estimado","twitter:data2":"1 minuto"},"aioseo_meta_data":{"post_id":"951266","title":null,"description":null,"keywords":null,"keyphrases":null,"primary_term":null,"canonical_url":null,"og_title":null,"og_description":null,"og_object_type":"default","og_image_type":"default","og_image_url":null,"og_image_width":null,"og_image_height":null,"og_image_custom_url":null,"og_image_custom_fields":null,"og_video":null,"og_custom_url":null,"og_article_section":null,"og_article_tags":null,"twitter_use_og":false,"twitter_card":"default","twitter_image_type":"default","twitter_image_url":null,"twitter_image_custom_url":null,"twitter_image_custom_fields":null,"twitter_title":null,"twitter_description":null,"schema":{"blockGraphs":[],"customGraphs":[],"default":{"data":{"Article":[],"Course":[],"Dataset":[],"FAQPage":[],"Movie":[],"Person":[],"Product":[],"ProductReview":[],"Car":[],"Recipe":[],"Service":[],"SoftwareApplication":[],"WebPage":[]},"graphName":"","isEnabled":true},"graphs":[],"defaultGraph":"","defaultPostTypeGraph":""},"schema_type":null,"schema_type_options":null,"pillar_content":false,"robots_default":true,"robots_noindex":false,"robots_noarchive":false,"robots_nosnippet":false,"robots_nofollow":false,"robots_noimageindex":false,"robots_noodp":false,"robots_notranslate":false,"robots_max_snippet":null,"robots_max_videopreview":null,"robots_max_imagepreview":"large","priority":null,"frequency":null,"local_seo":null,"seo_analyzer_scan_date":"2025-12-05 18:39:15","breadcrumb_settings":null,"limit_modified_date":false,"open_ai":null,"ai":null,"created":"2020-12-21 12:58:15","updated":"2025-12-05 18:39:15","focus_keyword":null,"additional_keywords":null,"truseo_locale":null},"aioseo_breadcrumb":"<div class=\"aioseo-breadcrumbs\"><span class=\"aioseo-breadcrumb\">\n\t<a href=\"https:\/\/www.eldigitaldeasturias.com\/noticias\" title=\"Home\">Home<\/a>\n<\/span><span class=\"aioseo-breadcrumb-separator\">\u2013<\/span><span class=\"aioseo-breadcrumb\">\n\t<a href=\"https:\/\/www.eldigitaldeasturias.com\/noticias\/category\/actualidad\/\" title=\"Actualidad\">Actualidad<\/a>\n<\/span><span class=\"aioseo-breadcrumb-separator\">\u2013<\/span><span class=\"aioseo-breadcrumb\">\n\t<a href=\"https:\/\/www.eldigitaldeasturias.com\/noticias\/aumenta-la-oferta-en-la-escuela-publica-en-zaragoza\/\" title=\"Aumenta la oferta en la escuela p\u00fablica en Zaragoza\">Aumenta la oferta en la escuela p\u00fablica en Zaragoza<\/a>\n<\/span><\/div>","aioseo_breadcrumb_json":[{"label":"Home","link":"https:\/\/www.eldigitaldeasturias.com\/noticias"},{"label":"Actualidad","link":"https:\/\/www.eldigitaldeasturias.com\/noticias\/category\/actualidad\/"},{"label":"Aumenta la oferta en la escuela p\u00fablica en Zaragoza","link":"https:\/\/www.eldigitaldeasturias.com\/noticias\/aumenta-la-oferta-en-la-escuela-publica-en-zaragoza\/"}],"_links":{"self":[{"href":"https:\/\/www.eldigitaldeasturias.com\/noticias\/wp-json\/wp\/v2\/posts\/951266","targetHints":{"allow":["GET"]}}],"collection":[{"href":"https:\/\/www.eldigitaldeasturias.com\/noticias\/wp-json\/wp\/v2\/posts"}],"about":[{"href":"https:\/\/www.eldigitaldeasturias.com\/noticias\/wp-json\/wp\/v2\/types\/post"}],"author":[{"embeddable":true,"href":"https:\/\/www.eldigitaldeasturias.com\/noticias\/wp-json\/wp\/v2\/users\/1"}],"replies":[{"embeddable":true,"href":"https:\/\/www.eldigitaldeasturias.com\/noticias\/wp-json\/wp\/v2\/comments?post=951266"}],"version-history":[{"count":0,"href":"https:\/\/www.eldigitaldeasturias.com\/noticias\/wp-json\/wp\/v2\/posts\/951266\/revisions"}],"wp:attachment":[{"href":"https:\/\/www.eldigitaldeasturias.com\/noticias\/wp-json\/wp\/v2\/media?parent=951266"}],"wp:term":[{"taxonomy":"category","embeddable":true,"href":"https:\/\/www.eldigitaldeasturias.com\/noticias\/wp-json\/wp\/v2\/categories?post=951266"},{"taxonomy":"post_tag","embeddable":true,"href":"https:\/\/www.eldigitaldeasturias.com\/noticias\/wp-json\/wp\/v2\/tags?post=951266"}],"curies":[{"name":"wp","href":"https:\/\/api.w.org\/{rel}","templated":true}]}}