{"id":951246,"date":"2017-08-29T18:31:55","date_gmt":"2017-08-29T18:31:55","guid":{"rendered":"http:\/\/www.eldigitaldeasturias.com\/noticias\/?p=951246"},"modified":"2017-08-29T18:31:55","modified_gmt":"2017-08-29T18:31:55","slug":"banez-espana-ha-consolidado-su-posicion-de-liderazgo-en-la-creacion-de-empleo","status":"publish","type":"post","link":"https:\/\/www.eldigitaldeasturias.com\/noticias\/banez-espana-ha-consolidado-su-posicion-de-liderazgo-en-la-creacion-de-empleo\/","title":{"rendered":"Ba\u00f1ez: \u201cEspa\u00f1a ha consolidado su posici\u00f3n de liderazgo en la creaci\u00f3n de empleo\u201d"},"content":{"rendered":"<p><img loading=\"lazy\" decoding=\"async\" class=\"alignleft size-medium wp-image-951247\" src=\"https:\/\/www.eldigitaldeasturias.com\/noticias\/wp-content\/uploads\/2017\/08\/290817Ba\u00f1ez-Congreso-360x239.jpg\" alt=\"\" width=\"360\" height=\"239\" \/>La ministra de Empleo y Seguridad Social, F\u00e1tima B\u00e1\u00f1ez, ha avanzado este martes que \u00abse ha remitido a las comunidades aut\u00f3nomas un primer borrador de acuerdo y de Real Decreto Ley para dar continuidad al Programa PREPARA de manera extraordinaria y limitada en el tiempo, evitando as\u00ed la desprotecci\u00f3n de quienes lo pudieran haber solicitado desde el pasado 15 de agosto\u00bb.<\/p>\n<p>\u200bDe esta forma se permitir\u00eda la continuidad temporal del plan PREPARA tras la Sentencia del Tribunal Constitucional del pasado 20 de julio, evitando un solo d\u00eda de desprotecci\u00f3n de quienes tuvieran acceso al programa.<\/p>\n<p>La ministra, que ha comparecido en el Congreso de los Diputados, ha afirmado que la \u00fanica opci\u00f3n viable para evitar la desprotecci\u00f3n de los desempleados a los que pudiera beneficiar el Plan PREPARA es alcanzar un acuerdo un\u00e1nime en Conferencia Sectorial, que encomiende por las comunidades aut\u00f3nomas (CCAA) al SEPE su gesti\u00f3n de manera extraordinaria y limitada en el tiempo.<\/p>\n<p>La titular de Empleo ha informado de que el 4 de septiembre dar\u00e1n comienzo los trabajos, en el marco de la Mesa del Plan de Choque por el Empleo, para revisar el sistema de protecci\u00f3n para los desempleados de larga duraci\u00f3n, con objeto de simplificar los programas complementarios existentes (PAE, PREPARA y RAI), darles coherencia, y adecuarlos plenamente al marco competencial vigente y a la doctrina del Tribunal Constitucional, mejorando la eficacia de la cobertura existente.<\/p>\n<p>Durante su exposici\u00f3n, la ministra ha se\u00f1alado que el Plan PREPARA se ha prorrogado en 12 ocasiones para mejorar las ayudas de aquellos que m\u00e1s lo necesitan: los parados de larga duraci\u00f3n con cargas familiares.<\/p>\n<p>Los datos acumulados del Programa en todas sus ediciones indican que casi 1.000.000 de personas (952.456) se han beneficiado de alguna de sus ediciones. Un 80% de ellos, 751.639, desde 2012, habiendo accedido a la ayuda mejorada del 85% del IPREM (452 euros hasta 2017, 457 tras los Presupuestos Generales del Estado de 2017) 85.901 personas.<\/p>\n<p>B\u00e1\u00f1ez ha mostrado su convencimiento de que se lograr\u00e1 encontrar puntos de encuentro para mejorar en los pr\u00f3ximos meses el sistema de protecci\u00f3n por desempleo, mediante la pr\u00f3rroga del Plan PREPARA.<\/p>\n<p><strong>M\u00e1s empleos y de mayor calidad<\/strong><\/p>\n<p>En el transcurso de su intervenci\u00f3n, la ministra ha hecho balance de los ocho meses que han transcurrido en esta legislatura, en los que el gran objetivo fue recuperar los 20 millones de empleos previos a la crisis. \u00abLa estabilidad de estos meses ha permitido que desde mi \u00faltima comparecencia en esta Comisi\u00f3n, en diciembre del a\u00f1o pasado, se han creado 640.275 nuevos empleos, un 19% m\u00e1s que durante el mismo periodo que el a\u00f1o pasado. Hemos logrado acelerar la creaci\u00f3n de empleo, que crece ahora a un ritmo del 3,61%\u00bb.<\/p>\n<p>Adem\u00e1s, seg\u00fan ha afirmado, Espa\u00f1a ha consolidado su posici\u00f3n de liderazgo en la creaci\u00f3n de empleo de Europa. En el \u00faltimo a\u00f1o, Espa\u00f1a ha creado un 25% m\u00e1s de empleo que el segundo pa\u00eds de la UE que m\u00e1s empleo ha creado, que es Italia. Y un 49% m\u00e1s de empleo que Alemania.<\/p>\n<p>La ministra ha puntualizado que a la creaci\u00f3n de empleo hay que unir su calidad, y para ello se puso en marcha una agenda integral de calidad en el empleo que aborda la estabilidad y la retribuci\u00f3n, pero tambi\u00e9n otros aspectos importantes como la formaci\u00f3n, conciliaci\u00f3n, y el bienestar en el trabajo.<\/p>\n<p>En este sentido, ha puesto de relieve que el Gobierno est\u00e1 trabajando conjuntamente con los interlocutores sociales desde la Mesa de Calidad en el Empleo, que ha permitido que durante los 7 primeros meses del a\u00f1o la contrataci\u00f3n indefinida se haya incrementado un 12,5% respecto al mismo periodo del a\u00f1o pasado.<\/p>\n<p>\u00abConsolidamos, ha a\u00f1adido, el periodo m\u00e1s largo de incrementos sucesivos de la contrataci\u00f3n indefinida con 42 meses consecutivos. Y lo estamos logrando: hemos recuperado el 82% del empleo indefinido destruido durante la crisis econ\u00f3mica y tan s\u00f3lo el 44% del empleo temporal\u00bb, ha dicho.<\/p>\n<p>La contrataci\u00f3n indefinida a tiempo completo contin\u00faa increment\u00e1ndose y lo hace a un ritmo interanual del 14%. El 93,3% del empleo recuperado ha sido a tiempo completo. Tan solo el 6,7% del empleo recuperado ha sido a tiempo parcial.<\/p>\n<p>En relaci\u00f3n con el empleo femenino, F\u00e1tima B\u00e1\u00f1ez ha recordado la recuperaci\u00f3n de todo el empleo destruido por la crisis y ha matizado que \u00abhay m\u00e1s mujeres trabajando que nunca, 8.484.125 afiliadas, y hemos recuperado el mill\u00f3n de j\u00f3venes trabajando y ahora crece cerca del 10%, casi el triple que la media\u00bb.<\/p>\n<p>La ministra ha explicado que \u00abla recuperaci\u00f3n de Espa\u00f1a no se entiende si se omiten las tres eses que forman parte de ella: es una recuperaci\u00f3n s\u00f3lida, sana y social.\u00bb<\/p>\n<p>\u00abY, aunque queda mucho por hacer, creo que en estos ocho primeros meses de legislatura hemos podido avanzar en estos tres aspectos\u00bb, ha remarcado la ministra.<\/p>\n<p><strong>R\u00e9cord en recaudaci\u00f3n l\u00edquida de la Seguridad Social<\/strong><\/p>\n<p>El regreso del empleo, seg\u00fan ha advertido B\u00e1\u00f1ez, est\u00e1 derivando en una mejora significativa de los ingresos de la Seguridad Social, lo que ha hecho posible que en los \u00faltimos 12 meses, por cada nueva pensi\u00f3n se crean m\u00e1s de 6 empleos, frente a los tres que se creaban en 2011.<\/p>\n<p>La ministra ha adelantado que en agosto, por primera vez en un mes, la recaudaci\u00f3n l\u00edquida del sistema de la Seguridad Social supera el umbral de los 10.000 millones (10.097,82 millones).<\/p>\n<p><strong>Lucha contra el fraude<\/strong><\/p>\n<p>B\u00e1\u00f1ez se ha referido tambi\u00e9n a los pactos y convenios alcanzados entre la Inspecci\u00f3n de Trabajo y Seguridad Social y las CCAA, que han logrado que durante los \u00faltimos 8 meses hayan aflorado m\u00e1s de 65.000 empleos irregulares (66.504 empleos), que eran empleos sin derechos. \u00abEn total, desde 2012 se han aflorado 469.504 empleos irregulares\u00bb.<\/p>\n<p>En cuanto a los contratos indefinidos la ministra ha matizado que se han convertido m\u00e1s de 60.000 (62.876) contratos indebidamente temporales en indefinidos. En total se han convertido 309.876 contratos indebidamente temporales en contratos indefinidos desde el a\u00f1o 2012.<\/p>\n<p>Respecto a las empresas ficticias, se han detectado 6.427, m\u00e1s de 727 de ellas en estos \u00faltimos 8 meses. \u00abTodo ello, ha continuado, con un impacto econ\u00f3mico global de 19.315,74 millones de euros, 2.126 m\u00e1s que en diciembre de 2016\u00bb.<\/p>\n<p>&nbsp;<\/p>\n","protected":false},"excerpt":{"rendered":"<p>La ministra de Empleo y Seguridad Social, F\u00e1tima B\u00e1\u00f1ez, ha avanzado este martes que \u00abse ha remitido a las comunidades aut\u00f3nomas un primer borrador de acuerdo y de Real Decreto Ley para dar continuidad al Programa PREPARA de manera extraordinaria y limitada en el tiempo, evitando as\u00ed la desprotecci\u00f3n de quienes lo pudieran haber solicitado [&hellip;]<\/p>\n","protected":false},"author":1,"featured_media":951247,"comment_status":"closed","ping_status":"closed","sticky":false,"template":"","format":"standard","meta":{"footnotes":""},"categories":[1],"tags":[],"class_list":["post-951246","post","type-post","status-publish","format-standard","has-post-thumbnail","hentry","category-actualidad"],"aioseo_notices":[],"aioseo_head":"\n\t\t<!-- All in One SEO Pro 5.0.1 - aioseo.com -->\n\t<meta name=\"description\" content=\"La ministra de Empleo y Seguridad Social, F\u00e1tima B\u00e1\u00f1ez, ha avanzado este martes que &quot;se ha remitido a las comunidades aut\u00f3nomas un primer borrador de acuerdo y de Real Decreto Ley para dar continuidad al Programa PREPARA de manera extraordinaria y limitada en el tiempo, evitando as\u00ed la desprotecci\u00f3n de quienes lo pudieran haber solicitado\" \/>\n\t<meta name=\"robots\" content=\"max-image-preview:large\" \/>\n\t<meta name=\"author\" content=\"El Digital de Asturias\"\/>\n\t<meta name=\"google-site-verification\" content=\"UA-38556648-1\" \/>\n\t<meta name=\"msvalidate.01\" content=\"7dfe9f3f1b24437ab69f4f2559babe99\" \/>\n\t<meta name=\"keywords\" content=\"actualidad\" \/>\n\t<link rel=\"canonical\" href=\"https:\/\/www.eldigitaldeasturias.com\/noticias\/banez-espana-ha-consolidado-su-posicion-de-liderazgo-en-la-creacion-de-empleo\/\" \/>\n\t<meta name=\"generator\" content=\"All in One SEO Pro (AIOSEO) 5.0.1\" \/>\n\t\t<meta property=\"og:locale\" content=\"es_ES\" \/>\n\t\t<meta property=\"og:site_name\" content=\"El Digital de Asturias\" \/>\n\t\t<meta property=\"og:type\" content=\"article\" \/>\n\t\t<meta property=\"og:title\" content=\"Ba\u00f1ez: \u201cEspa\u00f1a ha consolidado su posici\u00f3n de liderazgo en la creaci\u00f3n de empleo\u201d - El Digital de Asturias\" \/>\n\t\t<meta property=\"og:description\" content=\"La ministra de Empleo y Seguridad Social, F\u00e1tima B\u00e1\u00f1ez, ha avanzado este martes que &quot;se ha remitido a las comunidades aut\u00f3nomas un primer borrador de acuerdo y de Real Decreto Ley para dar continuidad al Programa PREPARA de manera extraordinaria y limitada en el tiempo, evitando as\u00ed la desprotecci\u00f3n de quienes lo pudieran haber solicitado\" \/>\n\t\t<meta property=\"og:url\" content=\"https:\/\/www.eldigitaldeasturias.com\/noticias\/banez-espana-ha-consolidado-su-posicion-de-liderazgo-en-la-creacion-de-empleo\/\" \/>\n\t\t<meta property=\"article:tag\" content=\"actualidad\" \/>\n\t\t<meta property=\"article:published_time\" content=\"2017-08-29T18:31:55+00:00\" \/>\n\t\t<meta property=\"article:modified_time\" content=\"2017-08-29T18:31:55+00:00\" \/>\n\t\t<meta property=\"article:publisher\" content=\"https:\/\/facebook.com\/eldigitaldeasturias\" \/>\n\t\t<meta name=\"twitter:card\" content=\"summary_large_image\" \/>\n\t\t<meta name=\"twitter:title\" content=\"Ba\u00f1ez: \u201cEspa\u00f1a ha consolidado su posici\u00f3n de liderazgo en la creaci\u00f3n de empleo\u201d - El Digital de Asturias\" \/>\n\t\t<meta name=\"twitter:description\" content=\"La ministra de Empleo y Seguridad Social, F\u00e1tima B\u00e1\u00f1ez, ha avanzado este martes que &quot;se ha remitido a las comunidades aut\u00f3nomas un primer borrador de acuerdo y de Real Decreto Ley para dar continuidad al Programa PREPARA de manera extraordinaria y limitada en el tiempo, evitando as\u00ed la desprotecci\u00f3n de quienes lo pudieran haber solicitado\" \/>\n\t\t<meta name=\"twitter:image\" content=\"https:\/\/www.eldigitaldeasturias.com\/noticias\/wp-content\/uploads\/2020\/12\/EDA-1.jpg\" \/>\n\t\t<meta name=\"twitter:label1\" content=\"Escrito por\" \/>\n\t\t<meta name=\"twitter:data1\" content=\"El Digital de Asturias\" \/>\n\t\t<meta name=\"twitter:label2\" content=\"Tiempo de lectura estimado\" \/>\n\t\t<meta name=\"twitter:data2\" content=\"5 minutos\" \/>\n\t\t<script type=\"application\/ld+json\" class=\"aioseo-schema\">\n\t\t\t{\"@context\":\"https:\\\/\\\/schema.org\",\"@graph\":[{\"@type\":\"BlogPosting\",\"@id\":\"https:\\\/\\\/www.eldigitaldeasturias.com\\\/noticias\\\/banez-espana-ha-consolidado-su-posicion-de-liderazgo-en-la-creacion-de-empleo\\\/#blogposting\",\"name\":\"Ba\\u00f1ez: \\u201cEspa\\u00f1a ha consolidado su posici\\u00f3n de liderazgo en la creaci\\u00f3n de empleo\\u201d - El Digital de Asturias\",\"headline\":\"Ba\\u00f1ez: \\u201cEspa\\u00f1a ha consolidado su posici\\u00f3n de liderazgo en la creaci\\u00f3n de empleo\\u201d\",\"author\":{\"@id\":\"https:\\\/\\\/www.eldigitaldeasturias.com\\\/noticias\\\/author\\\/admin\\\/#author\"},\"publisher\":{\"@id\":\"https:\\\/\\\/www.eldigitaldeasturias.com\\\/noticias\\\/#organization\"},\"image\":{\"@type\":\"ImageObject\",\"url\":951247},\"datePublished\":\"2017-08-29T18:31:55+02:00\",\"dateModified\":\"2017-08-29T18:31:55+02:00\",\"inLanguage\":\"es-ES\",\"mainEntityOfPage\":{\"@id\":\"https:\\\/\\\/www.eldigitaldeasturias.com\\\/noticias\\\/banez-espana-ha-consolidado-su-posicion-de-liderazgo-en-la-creacion-de-empleo\\\/#webpage\"},\"isPartOf\":{\"@id\":\"https:\\\/\\\/www.eldigitaldeasturias.com\\\/noticias\\\/banez-espana-ha-consolidado-su-posicion-de-liderazgo-en-la-creacion-de-empleo\\\/#webpage\"},\"articleSection\":\"Actualidad\"},{\"@type\":\"BreadcrumbList\",\"@id\":\"https:\\\/\\\/www.eldigitaldeasturias.com\\\/noticias\\\/banez-espana-ha-consolidado-su-posicion-de-liderazgo-en-la-creacion-de-empleo\\\/#breadcrumblist\",\"itemListElement\":[{\"@type\":\"ListItem\",\"@id\":\"https:\\\/\\\/www.eldigitaldeasturias.com\\\/noticias#listItem\",\"position\":1,\"name\":\"Home\",\"item\":\"https:\\\/\\\/www.eldigitaldeasturias.com\\\/noticias\",\"nextItem\":{\"@type\":\"ListItem\",\"@id\":\"https:\\\/\\\/www.eldigitaldeasturias.com\\\/noticias\\\/category\\\/actualidad\\\/#listItem\",\"name\":\"Actualidad\"}},{\"@type\":\"ListItem\",\"@id\":\"https:\\\/\\\/www.eldigitaldeasturias.com\\\/noticias\\\/category\\\/actualidad\\\/#listItem\",\"position\":2,\"name\":\"Actualidad\",\"item\":\"https:\\\/\\\/www.eldigitaldeasturias.com\\\/noticias\\\/category\\\/actualidad\\\/\",\"nextItem\":{\"@type\":\"ListItem\",\"@id\":\"https:\\\/\\\/www.eldigitaldeasturias.com\\\/noticias\\\/banez-espana-ha-consolidado-su-posicion-de-liderazgo-en-la-creacion-de-empleo\\\/#listItem\",\"name\":\"Ba\\u00f1ez: \\u201cEspa\\u00f1a ha consolidado su posici\\u00f3n de liderazgo en la creaci\\u00f3n de empleo\\u201d\"},\"previousItem\":{\"@type\":\"ListItem\",\"@id\":\"https:\\\/\\\/www.eldigitaldeasturias.com\\\/noticias#listItem\",\"name\":\"Home\"}},{\"@type\":\"ListItem\",\"@id\":\"https:\\\/\\\/www.eldigitaldeasturias.com\\\/noticias\\\/banez-espana-ha-consolidado-su-posicion-de-liderazgo-en-la-creacion-de-empleo\\\/#listItem\",\"position\":3,\"name\":\"Ba\\u00f1ez: \\u201cEspa\\u00f1a ha consolidado su posici\\u00f3n de liderazgo en la creaci\\u00f3n de empleo\\u201d\",\"previousItem\":{\"@type\":\"ListItem\",\"@id\":\"https:\\\/\\\/www.eldigitaldeasturias.com\\\/noticias\\\/category\\\/actualidad\\\/#listItem\",\"name\":\"Actualidad\"}}]},{\"@type\":\"Organization\",\"@id\":\"https:\\\/\\\/www.eldigitaldeasturias.com\\\/noticias\\\/#organization\",\"name\":\"El Digital de Asturias\",\"description\":\"Hemeroteca\",\"url\":\"https:\\\/\\\/www.eldigitaldeasturias.com\\\/noticias\\\/\",\"email\":\"info@eldigitaldeasturias.com\",\"telephone\":\"+34652131393\",\"logo\":{\"@type\":\"ImageObject\",\"url\":\"https:\\\/\\\/www.eldigitaldeasturias.com\\\/noticias\\\/wp-content\\\/uploads\\\/2020\\\/12\\\/EDA.jpg\",\"@id\":\"https:\\\/\\\/www.eldigitaldeasturias.com\\\/noticias\\\/banez-espana-ha-consolidado-su-posicion-de-liderazgo-en-la-creacion-de-empleo\\\/#organizationLogo\"},\"image\":{\"@id\":\"https:\\\/\\\/www.eldigitaldeasturias.com\\\/noticias\\\/banez-espana-ha-consolidado-su-posicion-de-liderazgo-en-la-creacion-de-empleo\\\/#organizationLogo\"},\"sameAs\":[\"https:\\\/\\\/facebook.com\\\/eldigitaldeasturias\",\"https:\\\/\\\/www.youtube.com\\\/channel\\\/UCZP-2wLEB9Rv6erhFmqVnvg\"],\"address\":{\"@id\":\"https:\\\/\\\/www.eldigitaldeasturias.com\\\/noticias\\\/#postaladdress\",\"@type\":\"PostalAddress\",\"streetAddress\":\"san antonio 4\",\"postalCode\":\"33430\",\"addressLocality\":\"Cand\\u00e1s\",\"addressRegion\":\"Asturias\",\"addressCountry\":\"ES\"}},{\"@type\":\"Person\",\"@id\":\"https:\\\/\\\/www.eldigitaldeasturias.com\\\/noticias\\\/author\\\/admin\\\/#author\",\"url\":\"https:\\\/\\\/www.eldigitaldeasturias.com\\\/noticias\\\/author\\\/admin\\\/\",\"name\":\"El Digital de Asturias\",\"image\":{\"@type\":\"ImageObject\",\"@id\":\"https:\\\/\\\/www.eldigitaldeasturias.com\\\/noticias\\\/banez-espana-ha-consolidado-su-posicion-de-liderazgo-en-la-creacion-de-empleo\\\/#authorImage\",\"url\":\"https:\\\/\\\/secure.gravatar.com\\\/avatar\\\/df2aeffc32bcd13f8d26072ef8a91b623d677766deac7f97ca815868cd41bf5e?s=96&d=mm&r=g\",\"width\":96,\"height\":96,\"caption\":\"El Digital de Asturias\"}},{\"@type\":\"WebPage\",\"@id\":\"https:\\\/\\\/www.eldigitaldeasturias.com\\\/noticias\\\/banez-espana-ha-consolidado-su-posicion-de-liderazgo-en-la-creacion-de-empleo\\\/#webpage\",\"url\":\"https:\\\/\\\/www.eldigitaldeasturias.com\\\/noticias\\\/banez-espana-ha-consolidado-su-posicion-de-liderazgo-en-la-creacion-de-empleo\\\/\",\"name\":\"Ba\\u00f1ez: \\u201cEspa\\u00f1a ha consolidado su posici\\u00f3n de liderazgo en la creaci\\u00f3n de empleo\\u201d - El Digital de Asturias\",\"description\":\"La ministra de Empleo y Seguridad Social, F\\u00e1tima B\\u00e1\\u00f1ez, ha avanzado este martes que \\\"se ha remitido a las comunidades aut\\u00f3nomas un primer borrador de acuerdo y de Real Decreto Ley para dar continuidad al Programa PREPARA de manera extraordinaria y limitada en el tiempo, evitando as\\u00ed la desprotecci\\u00f3n de quienes lo pudieran haber solicitado\",\"inLanguage\":\"es-ES\",\"isPartOf\":{\"@id\":\"https:\\\/\\\/www.eldigitaldeasturias.com\\\/noticias\\\/#website\"},\"breadcrumb\":{\"@id\":\"https:\\\/\\\/www.eldigitaldeasturias.com\\\/noticias\\\/banez-espana-ha-consolidado-su-posicion-de-liderazgo-en-la-creacion-de-empleo\\\/#breadcrumblist\"},\"author\":{\"@id\":\"https:\\\/\\\/www.eldigitaldeasturias.com\\\/noticias\\\/author\\\/admin\\\/#author\"},\"creator\":{\"@id\":\"https:\\\/\\\/www.eldigitaldeasturias.com\\\/noticias\\\/author\\\/admin\\\/#author\"},\"image\":{\"@type\":\"ImageObject\",\"url\":951247,\"@id\":\"https:\\\/\\\/www.eldigitaldeasturias.com\\\/noticias\\\/banez-espana-ha-consolidado-su-posicion-de-liderazgo-en-la-creacion-de-empleo\\\/#mainImage\"},\"primaryImageOfPage\":{\"@id\":\"https:\\\/\\\/www.eldigitaldeasturias.com\\\/noticias\\\/banez-espana-ha-consolidado-su-posicion-de-liderazgo-en-la-creacion-de-empleo\\\/#mainImage\"},\"datePublished\":\"2017-08-29T18:31:55+02:00\",\"dateModified\":\"2017-08-29T18:31:55+02:00\"},{\"@type\":\"WebSite\",\"@id\":\"https:\\\/\\\/www.eldigitaldeasturias.com\\\/noticias\\\/#website\",\"url\":\"https:\\\/\\\/www.eldigitaldeasturias.com\\\/noticias\\\/\",\"name\":\"El Digital de Asturias - Diario de actualidad y noticias\",\"alternateName\":\"El Digital de Asturias - Diario de actualidad y noticias\",\"description\":\"Hemeroteca\",\"inLanguage\":\"es-ES\",\"publisher\":{\"@id\":\"https:\\\/\\\/www.eldigitaldeasturias.com\\\/noticias\\\/#organization\"}}]}\n\t\t<\/script>\n\t\t<!-- All in One SEO Pro -->\r\n\t\t<title>Ba\u00f1ez: \u201cEspa\u00f1a ha consolidado su posici\u00f3n de liderazgo en la creaci\u00f3n de empleo\u201d - El Digital de Asturias<\/title>\n\n","aioseo_head_json":{"title":"Ba\u00f1ez: \u201cEspa\u00f1a ha consolidado su posici\u00f3n de liderazgo en la creaci\u00f3n de empleo\u201d - El Digital de Asturias","description":"La ministra de Empleo y Seguridad Social, F\u00e1tima B\u00e1\u00f1ez, ha avanzado este martes que \"se ha remitido a las comunidades aut\u00f3nomas un primer borrador de acuerdo y de Real Decreto Ley para dar continuidad al Programa PREPARA de manera extraordinaria y limitada en el tiempo, evitando as\u00ed la desprotecci\u00f3n de quienes lo pudieran haber solicitado","canonical_url":"https:\/\/www.eldigitaldeasturias.com\/noticias\/banez-espana-ha-consolidado-su-posicion-de-liderazgo-en-la-creacion-de-empleo\/","robots":"max-image-preview:large","keywords":"actualidad","webmasterTools":{"google-site-verification":"UA-38556648-1","msvalidate.01":"7dfe9f3f1b24437ab69f4f2559babe99","miscellaneous":""},"schema":{"@context":"https:\/\/schema.org","@graph":[{"@type":"BlogPosting","@id":"https:\/\/www.eldigitaldeasturias.com\/noticias\/banez-espana-ha-consolidado-su-posicion-de-liderazgo-en-la-creacion-de-empleo\/#blogposting","name":"Ba\u00f1ez: \u201cEspa\u00f1a ha consolidado su posici\u00f3n de liderazgo en la creaci\u00f3n de empleo\u201d - El Digital de Asturias","headline":"Ba\u00f1ez: \u201cEspa\u00f1a ha consolidado su posici\u00f3n de liderazgo en la creaci\u00f3n de empleo\u201d","author":{"@id":"https:\/\/www.eldigitaldeasturias.com\/noticias\/author\/admin\/#author"},"publisher":{"@id":"https:\/\/www.eldigitaldeasturias.com\/noticias\/#organization"},"image":{"@type":"ImageObject","url":951247},"datePublished":"2017-08-29T18:31:55+02:00","dateModified":"2017-08-29T18:31:55+02:00","inLanguage":"es-ES","mainEntityOfPage":{"@id":"https:\/\/www.eldigitaldeasturias.com\/noticias\/banez-espana-ha-consolidado-su-posicion-de-liderazgo-en-la-creacion-de-empleo\/#webpage"},"isPartOf":{"@id":"https:\/\/www.eldigitaldeasturias.com\/noticias\/banez-espana-ha-consolidado-su-posicion-de-liderazgo-en-la-creacion-de-empleo\/#webpage"},"articleSection":"Actualidad"},{"@type":"BreadcrumbList","@id":"https:\/\/www.eldigitaldeasturias.com\/noticias\/banez-espana-ha-consolidado-su-posicion-de-liderazgo-en-la-creacion-de-empleo\/#breadcrumblist","itemListElement":[{"@type":"ListItem","@id":"https:\/\/www.eldigitaldeasturias.com\/noticias#listItem","position":1,"name":"Home","item":"https:\/\/www.eldigitaldeasturias.com\/noticias","nextItem":{"@type":"ListItem","@id":"https:\/\/www.eldigitaldeasturias.com\/noticias\/category\/actualidad\/#listItem","name":"Actualidad"}},{"@type":"ListItem","@id":"https:\/\/www.eldigitaldeasturias.com\/noticias\/category\/actualidad\/#listItem","position":2,"name":"Actualidad","item":"https:\/\/www.eldigitaldeasturias.com\/noticias\/category\/actualidad\/","nextItem":{"@type":"ListItem","@id":"https:\/\/www.eldigitaldeasturias.com\/noticias\/banez-espana-ha-consolidado-su-posicion-de-liderazgo-en-la-creacion-de-empleo\/#listItem","name":"Ba\u00f1ez: \u201cEspa\u00f1a ha consolidado su posici\u00f3n de liderazgo en la creaci\u00f3n de empleo\u201d"},"previousItem":{"@type":"ListItem","@id":"https:\/\/www.eldigitaldeasturias.com\/noticias#listItem","name":"Home"}},{"@type":"ListItem","@id":"https:\/\/www.eldigitaldeasturias.com\/noticias\/banez-espana-ha-consolidado-su-posicion-de-liderazgo-en-la-creacion-de-empleo\/#listItem","position":3,"name":"Ba\u00f1ez: \u201cEspa\u00f1a ha consolidado su posici\u00f3n de liderazgo en la creaci\u00f3n de empleo\u201d","previousItem":{"@type":"ListItem","@id":"https:\/\/www.eldigitaldeasturias.com\/noticias\/category\/actualidad\/#listItem","name":"Actualidad"}}]},{"@type":"Organization","@id":"https:\/\/www.eldigitaldeasturias.com\/noticias\/#organization","name":"El Digital de Asturias","description":"Hemeroteca","url":"https:\/\/www.eldigitaldeasturias.com\/noticias\/","email":"info@eldigitaldeasturias.com","telephone":"+34652131393","logo":{"@type":"ImageObject","url":"https:\/\/www.eldigitaldeasturias.com\/noticias\/wp-content\/uploads\/2020\/12\/EDA.jpg","@id":"https:\/\/www.eldigitaldeasturias.com\/noticias\/banez-espana-ha-consolidado-su-posicion-de-liderazgo-en-la-creacion-de-empleo\/#organizationLogo"},"image":{"@id":"https:\/\/www.eldigitaldeasturias.com\/noticias\/banez-espana-ha-consolidado-su-posicion-de-liderazgo-en-la-creacion-de-empleo\/#organizationLogo"},"sameAs":["https:\/\/facebook.com\/eldigitaldeasturias","https:\/\/www.youtube.com\/channel\/UCZP-2wLEB9Rv6erhFmqVnvg"],"address":{"@id":"https:\/\/www.eldigitaldeasturias.com\/noticias\/#postaladdress","@type":"PostalAddress","streetAddress":"san antonio 4","postalCode":"33430","addressLocality":"Cand\u00e1s","addressRegion":"Asturias","addressCountry":"ES"}},{"@type":"Person","@id":"https:\/\/www.eldigitaldeasturias.com\/noticias\/author\/admin\/#author","url":"https:\/\/www.eldigitaldeasturias.com\/noticias\/author\/admin\/","name":"El Digital de Asturias","image":{"@type":"ImageObject","@id":"https:\/\/www.eldigitaldeasturias.com\/noticias\/banez-espana-ha-consolidado-su-posicion-de-liderazgo-en-la-creacion-de-empleo\/#authorImage","url":"https:\/\/secure.gravatar.com\/avatar\/df2aeffc32bcd13f8d26072ef8a91b623d677766deac7f97ca815868cd41bf5e?s=96&d=mm&r=g","width":96,"height":96,"caption":"El Digital de Asturias"}},{"@type":"WebPage","@id":"https:\/\/www.eldigitaldeasturias.com\/noticias\/banez-espana-ha-consolidado-su-posicion-de-liderazgo-en-la-creacion-de-empleo\/#webpage","url":"https:\/\/www.eldigitaldeasturias.com\/noticias\/banez-espana-ha-consolidado-su-posicion-de-liderazgo-en-la-creacion-de-empleo\/","name":"Ba\u00f1ez: \u201cEspa\u00f1a ha consolidado su posici\u00f3n de liderazgo en la creaci\u00f3n de empleo\u201d - El Digital de Asturias","description":"La ministra de Empleo y Seguridad Social, F\u00e1tima B\u00e1\u00f1ez, ha avanzado este martes que \"se ha remitido a las comunidades aut\u00f3nomas un primer borrador de acuerdo y de Real Decreto Ley para dar continuidad al Programa PREPARA de manera extraordinaria y limitada en el tiempo, evitando as\u00ed la desprotecci\u00f3n de quienes lo pudieran haber solicitado","inLanguage":"es-ES","isPartOf":{"@id":"https:\/\/www.eldigitaldeasturias.com\/noticias\/#website"},"breadcrumb":{"@id":"https:\/\/www.eldigitaldeasturias.com\/noticias\/banez-espana-ha-consolidado-su-posicion-de-liderazgo-en-la-creacion-de-empleo\/#breadcrumblist"},"author":{"@id":"https:\/\/www.eldigitaldeasturias.com\/noticias\/author\/admin\/#author"},"creator":{"@id":"https:\/\/www.eldigitaldeasturias.com\/noticias\/author\/admin\/#author"},"image":{"@type":"ImageObject","url":951247,"@id":"https:\/\/www.eldigitaldeasturias.com\/noticias\/banez-espana-ha-consolidado-su-posicion-de-liderazgo-en-la-creacion-de-empleo\/#mainImage"},"primaryImageOfPage":{"@id":"https:\/\/www.eldigitaldeasturias.com\/noticias\/banez-espana-ha-consolidado-su-posicion-de-liderazgo-en-la-creacion-de-empleo\/#mainImage"},"datePublished":"2017-08-29T18:31:55+02:00","dateModified":"2017-08-29T18:31:55+02:00"},{"@type":"WebSite","@id":"https:\/\/www.eldigitaldeasturias.com\/noticias\/#website","url":"https:\/\/www.eldigitaldeasturias.com\/noticias\/","name":"El Digital de Asturias - Diario de actualidad y noticias","alternateName":"El Digital de Asturias - Diario de actualidad y noticias","description":"Hemeroteca","inLanguage":"es-ES","publisher":{"@id":"https:\/\/www.eldigitaldeasturias.com\/noticias\/#organization"}}]},"og:locale":"es_ES","og:site_name":"El Digital de Asturias","og:type":"article","og:title":"Ba\u00f1ez: \u201cEspa\u00f1a ha consolidado su posici\u00f3n de liderazgo en la creaci\u00f3n de empleo\u201d - El Digital de Asturias","og:description":"La ministra de Empleo y Seguridad Social, F\u00e1tima B\u00e1\u00f1ez, ha avanzado este martes que &quot;se ha remitido a las comunidades aut\u00f3nomas un primer borrador de acuerdo y de Real Decreto Ley para dar continuidad al Programa PREPARA de manera extraordinaria y limitada en el tiempo, evitando as\u00ed la desprotecci\u00f3n de quienes lo pudieran haber solicitado","og:url":"https:\/\/www.eldigitaldeasturias.com\/noticias\/banez-espana-ha-consolidado-su-posicion-de-liderazgo-en-la-creacion-de-empleo\/","article:tag":["actualidad"],"article:published_time":"2017-08-29T18:31:55+00:00","article:modified_time":"2017-08-29T18:31:55+00:00","article:publisher":"https:\/\/facebook.com\/eldigitaldeasturias","twitter:card":"summary_large_image","twitter:title":"Ba\u00f1ez: \u201cEspa\u00f1a ha consolidado su posici\u00f3n de liderazgo en la creaci\u00f3n de empleo\u201d - El Digital de Asturias","twitter:description":"La ministra de Empleo y Seguridad Social, F\u00e1tima B\u00e1\u00f1ez, ha avanzado este martes que &quot;se ha remitido a las comunidades aut\u00f3nomas un primer borrador de acuerdo y de Real Decreto Ley para dar continuidad al Programa PREPARA de manera extraordinaria y limitada en el tiempo, evitando as\u00ed la desprotecci\u00f3n de quienes lo pudieran haber solicitado","twitter:image":"https:\/\/www.eldigitaldeasturias.com\/noticias\/wp-content\/uploads\/2020\/12\/EDA-1.jpg","twitter:label1":"Escrito por","twitter:data1":"El Digital de Asturias","twitter:label2":"Tiempo de lectura estimado","twitter:data2":"5 minutos"},"aioseo_meta_data":{"post_id":"951246","title":null,"description":null,"keywords":null,"keyphrases":null,"primary_term":null,"canonical_url":null,"og_title":null,"og_description":null,"og_object_type":"default","og_image_type":"default","og_image_url":null,"og_image_width":null,"og_image_height":null,"og_image_custom_url":null,"og_image_custom_fields":null,"og_video":null,"og_custom_url":null,"og_article_section":null,"og_article_tags":null,"twitter_use_og":false,"twitter_card":"default","twitter_image_type":"default","twitter_image_url":null,"twitter_image_custom_url":null,"twitter_image_custom_fields":null,"twitter_title":null,"twitter_description":null,"schema":{"blockGraphs":[],"customGraphs":[],"default":{"data":{"Article":[],"Course":[],"Dataset":[],"FAQPage":[],"Movie":[],"Person":[],"Product":[],"ProductReview":[],"Car":[],"Recipe":[],"Service":[],"SoftwareApplication":[],"WebPage":[]},"graphName":"","isEnabled":true},"graphs":[],"defaultGraph":"","defaultPostTypeGraph":""},"schema_type":null,"schema_type_options":null,"pillar_content":false,"robots_default":true,"robots_noindex":false,"robots_noarchive":false,"robots_nosnippet":false,"robots_nofollow":false,"robots_noimageindex":false,"robots_noodp":false,"robots_notranslate":false,"robots_max_snippet":null,"robots_max_videopreview":null,"robots_max_imagepreview":"large","priority":null,"frequency":null,"local_seo":null,"seo_analyzer_scan_date":"2025-12-05 18:34:48","breadcrumb_settings":null,"limit_modified_date":false,"open_ai":null,"ai":null,"created":"2020-12-21 12:58:24","updated":"2025-12-05 18:34:48","focus_keyword":null,"additional_keywords":null,"truseo_locale":null},"aioseo_breadcrumb":"<div class=\"aioseo-breadcrumbs\"><span class=\"aioseo-breadcrumb\">\n\t<a href=\"https:\/\/www.eldigitaldeasturias.com\/noticias\" title=\"Home\">Home<\/a>\n<\/span><span class=\"aioseo-breadcrumb-separator\">\u2013<\/span><span class=\"aioseo-breadcrumb\">\n\t<a href=\"https:\/\/www.eldigitaldeasturias.com\/noticias\/category\/actualidad\/\" title=\"Actualidad\">Actualidad<\/a>\n<\/span><span class=\"aioseo-breadcrumb-separator\">\u2013<\/span><span class=\"aioseo-breadcrumb\">\n\t<a href=\"https:\/\/www.eldigitaldeasturias.com\/noticias\/banez-espana-ha-consolidado-su-posicion-de-liderazgo-en-la-creacion-de-empleo\/\" title=\"Ba\u00f1ez: \u201cEspa\u00f1a ha consolidado su posici\u00f3n de liderazgo en la creaci\u00f3n de empleo\u201d\">Ba\u00f1ez: \u201cEspa\u00f1a ha consolidado su posici\u00f3n de liderazgo en la creaci\u00f3n de empleo\u201d<\/a>\n<\/span><\/div>","aioseo_breadcrumb_json":[{"label":"Home","link":"https:\/\/www.eldigitaldeasturias.com\/noticias"},{"label":"Actualidad","link":"https:\/\/www.eldigitaldeasturias.com\/noticias\/category\/actualidad\/"},{"label":"Ba\u00f1ez: \u201cEspa\u00f1a ha consolidado su posici\u00f3n de liderazgo en la creaci\u00f3n de empleo\u201d","link":"https:\/\/www.eldigitaldeasturias.com\/noticias\/banez-espana-ha-consolidado-su-posicion-de-liderazgo-en-la-creacion-de-empleo\/"}],"_links":{"self":[{"href":"https:\/\/www.eldigitaldeasturias.com\/noticias\/wp-json\/wp\/v2\/posts\/951246","targetHints":{"allow":["GET"]}}],"collection":[{"href":"https:\/\/www.eldigitaldeasturias.com\/noticias\/wp-json\/wp\/v2\/posts"}],"about":[{"href":"https:\/\/www.eldigitaldeasturias.com\/noticias\/wp-json\/wp\/v2\/types\/post"}],"author":[{"embeddable":true,"href":"https:\/\/www.eldigitaldeasturias.com\/noticias\/wp-json\/wp\/v2\/users\/1"}],"replies":[{"embeddable":true,"href":"https:\/\/www.eldigitaldeasturias.com\/noticias\/wp-json\/wp\/v2\/comments?post=951246"}],"version-history":[{"count":0,"href":"https:\/\/www.eldigitaldeasturias.com\/noticias\/wp-json\/wp\/v2\/posts\/951246\/revisions"}],"wp:attachment":[{"href":"https:\/\/www.eldigitaldeasturias.com\/noticias\/wp-json\/wp\/v2\/media?parent=951246"}],"wp:term":[{"taxonomy":"category","embeddable":true,"href":"https:\/\/www.eldigitaldeasturias.com\/noticias\/wp-json\/wp\/v2\/categories?post=951246"},{"taxonomy":"post_tag","embeddable":true,"href":"https:\/\/www.eldigitaldeasturias.com\/noticias\/wp-json\/wp\/v2\/tags?post=951246"}],"curies":[{"name":"wp","href":"https:\/\/api.w.org\/{rel}","templated":true}]}}