{"id":951237,"date":"2017-08-29T18:25:13","date_gmt":"2017-08-29T18:25:13","guid":{"rendered":"http:\/\/www.eldigitaldeasturias.com\/noticias\/?p=951237"},"modified":"2017-08-29T18:25:13","modified_gmt":"2017-08-29T18:25:13","slug":"convocadas-ayudas-para-el-sector-editorial-por-valor-de-645-000-euros","status":"publish","type":"post","link":"https:\/\/www.eldigitaldeasturias.com\/noticias\/convocadas-ayudas-para-el-sector-editorial-por-valor-de-645-000-euros\/","title":{"rendered":"Convocadas ayudas para el sector editorial por valor de 645.000 euros"},"content":{"rendered":"<p><img loading=\"lazy\" decoding=\"async\" class=\"alignleft size-medium wp-image-951238\" src=\"https:\/\/www.eldigitaldeasturias.com\/noticias\/wp-content\/uploads\/2017\/08\/Educacion_Interior_SEC-1-360x239.jpg\" alt=\"\" width=\"360\" height=\"239\" \/>El Ministerio de Educaci\u00f3n, Cultura y Deporte ha convocado las ayudas, en r\u00e9gimen de concurrencia competitiva y correspondientes a 2017, para entidades sin \u00e1nimo de lucro que promuevan y fortalezcan la industria editorial. El plazo de presentaci\u00f3n de solicitudes finaliza el pr\u00f3ximo mi\u00e9rcoles 6 de septiembre. El importe m\u00e1ximo de estas ayudas es de 645.000 euros, un 39% m\u00e1s que en las convocatorias de 2016, 2015 y 2014.<\/p>\n<p>El objeto de esta convocatoria es la concesi\u00f3n de subvenciones a proyectos que modernicen, fortalezcan u optimicen el funcionamiento del sector del libro espa\u00f1ol, y en particular aquellos proyectos que mejoren la infraestructura de este sector. Los proyectos tendr\u00e1n que tener alguno de los objetivos recogidos en el Plan de Fomento de la Lectura 2017-2020: la celebraci\u00f3n de encuentros para profesionales, la elaboraci\u00f3n de estudios e investigaciones sobre el sector; las iniciativas que impliquen un funcionamiento m\u00e1s eficaz del funcionamiento de la cadena del libro y de las publicaciones culturales en sus distintas fases; las actuaciones que mejoren la comunicaci\u00f3n entre las asociaciones de los distintos agentes editoriales (autores, traductores, ilustradores, editores, distribuidores, libreros, bibliotecas); el impulso de la reconversi\u00f3n del sector al modelo digital o la mejora de la formaci\u00f3n de los profesionales del sector en materia de innovaci\u00f3n.<\/p>\n<p>Los destinatarios de estas ayudas son las instituciones sin \u00e1nimo de lucro del sector del libro de \u00e1mbito nacional (fundaciones, asociaciones, organizaciones no gubernamentales) y cualquier entidad sin fin de lucro que, no perteneciendo al sector p\u00fablico, acredite haber realizado actuaciones de promoci\u00f3n del libro o de las publicaciones culturales, como m\u00ednimo, en los dos \u00faltimos a a\u00f1os inmediatamente anteriores al 16 de agosto de 2017.<\/p>\n<p>Las solicitudes ser\u00e1n valoradas por una Comisi\u00f3n de Valoraci\u00f3n que, adem\u00e1s de garantizar la publicidad, transparencia, objetividad, igualdad y no discriminaci\u00f3n en la concesi\u00f3n de las subvenciones, tendr\u00e1 en cuenta, entre otros, los siguientes criterios:<\/p>\n<p>La relevancia e inter\u00e9s t\u00e9cnico que el proyecto pueda tener para el desarrollo, profesionalizaci\u00f3n y vertebraci\u00f3n del sector editorial.<\/p>\n<p>El equilibrio, realismo y coherencia de la memoria econ\u00f3mica en relaci\u00f3n con la actividad que se pretende desarrollar.<\/p>\n<p>El desarrollo de sinergias dentro del sector, valor\u00e1ndose la participaci\u00f3n de distintos agentes del sector o que beneficie de forma clara y directa a varios de ellos.<\/p>\n<p>El empleo o el fomento del uso de las nuevas tecnolog\u00edas, prioriz\u00e1ndose los proyectos que contribuyan a la implantaci\u00f3n de las nuevas tecnolog\u00edas en el sector.<\/p>\n<p>Las solicitudes deber\u00e1n presentarse electr\u00f3nicamente a trav\u00e9s de la Sede Electr\u00f3nica de la Secretar\u00eda de Estado de Cultura y exige la utilizaci\u00f3n de un certificado de firma electr\u00f3nica.<\/p>\n<p>&nbsp;<\/p>\n","protected":false},"excerpt":{"rendered":"<p>El Ministerio de Educaci\u00f3n, Cultura y Deporte ha convocado las ayudas, en r\u00e9gimen de concurrencia competitiva y correspondientes a 2017, para entidades sin \u00e1nimo de lucro que promuevan y fortalezcan la industria editorial. El plazo de presentaci\u00f3n de solicitudes finaliza el pr\u00f3ximo mi\u00e9rcoles 6 de septiembre. El importe m\u00e1ximo de estas ayudas es de 645.000 [&hellip;]<\/p>\n","protected":false},"author":1,"featured_media":951238,"comment_status":"closed","ping_status":"closed","sticky":false,"template":"","format":"standard","meta":{"footnotes":""},"categories":[1],"tags":[],"class_list":["post-951237","post","type-post","status-publish","format-standard","has-post-thumbnail","hentry","category-actualidad"],"aioseo_notices":[],"aioseo_head":"\n\t\t<!-- All in One SEO Pro 5.0.1 - aioseo.com -->\n\t<meta name=\"description\" content=\"El Ministerio de Educaci\u00f3n, Cultura y Deporte ha convocado las ayudas, en r\u00e9gimen de concurrencia competitiva y correspondientes a 2017, para entidades sin \u00e1nimo de lucro que promuevan y fortalezcan la industria editorial. El plazo de presentaci\u00f3n de solicitudes finaliza el pr\u00f3ximo mi\u00e9rcoles 6 de septiembre. El importe m\u00e1ximo de estas ayudas es de 645.000\" \/>\n\t<meta name=\"robots\" content=\"max-image-preview:large\" \/>\n\t<meta name=\"author\" content=\"El Digital de Asturias\"\/>\n\t<meta name=\"google-site-verification\" content=\"UA-38556648-1\" \/>\n\t<meta name=\"msvalidate.01\" content=\"7dfe9f3f1b24437ab69f4f2559babe99\" \/>\n\t<meta name=\"keywords\" content=\"actualidad\" \/>\n\t<link rel=\"canonical\" href=\"https:\/\/www.eldigitaldeasturias.com\/noticias\/convocadas-ayudas-para-el-sector-editorial-por-valor-de-645-000-euros\/\" \/>\n\t<meta name=\"generator\" content=\"All in One SEO Pro (AIOSEO) 5.0.1\" \/>\n\t\t<meta property=\"og:locale\" content=\"es_ES\" \/>\n\t\t<meta property=\"og:site_name\" content=\"El Digital de Asturias\" \/>\n\t\t<meta property=\"og:type\" content=\"article\" \/>\n\t\t<meta property=\"og:title\" content=\"Convocadas ayudas para el sector editorial por valor de 645.000 euros - El Digital de Asturias\" \/>\n\t\t<meta property=\"og:description\" content=\"El Ministerio de Educaci\u00f3n, Cultura y Deporte ha convocado las ayudas, en r\u00e9gimen de concurrencia competitiva y correspondientes a 2017, para entidades sin \u00e1nimo de lucro que promuevan y fortalezcan la industria editorial. El plazo de presentaci\u00f3n de solicitudes finaliza el pr\u00f3ximo mi\u00e9rcoles 6 de septiembre. El importe m\u00e1ximo de estas ayudas es de 645.000\" \/>\n\t\t<meta property=\"og:url\" content=\"https:\/\/www.eldigitaldeasturias.com\/noticias\/convocadas-ayudas-para-el-sector-editorial-por-valor-de-645-000-euros\/\" \/>\n\t\t<meta property=\"article:tag\" content=\"actualidad\" \/>\n\t\t<meta property=\"article:published_time\" content=\"2017-08-29T18:25:13+00:00\" \/>\n\t\t<meta property=\"article:modified_time\" content=\"2017-08-29T18:25:13+00:00\" \/>\n\t\t<meta property=\"article:publisher\" content=\"https:\/\/facebook.com\/eldigitaldeasturias\" \/>\n\t\t<meta name=\"twitter:card\" content=\"summary_large_image\" \/>\n\t\t<meta name=\"twitter:title\" content=\"Convocadas ayudas para el sector editorial por valor de 645.000 euros - El Digital de Asturias\" \/>\n\t\t<meta name=\"twitter:description\" content=\"El Ministerio de Educaci\u00f3n, Cultura y Deporte ha convocado las ayudas, en r\u00e9gimen de concurrencia competitiva y correspondientes a 2017, para entidades sin \u00e1nimo de lucro que promuevan y fortalezcan la industria editorial. El plazo de presentaci\u00f3n de solicitudes finaliza el pr\u00f3ximo mi\u00e9rcoles 6 de septiembre. El importe m\u00e1ximo de estas ayudas es de 645.000\" \/>\n\t\t<meta name=\"twitter:image\" content=\"https:\/\/www.eldigitaldeasturias.com\/noticias\/wp-content\/uploads\/2020\/12\/EDA-1.jpg\" \/>\n\t\t<meta name=\"twitter:label1\" content=\"Escrito por\" \/>\n\t\t<meta name=\"twitter:data1\" content=\"El Digital de Asturias\" \/>\n\t\t<meta name=\"twitter:label2\" content=\"Tiempo de lectura estimado\" \/>\n\t\t<meta name=\"twitter:data2\" content=\"2 minutos\" \/>\n\t\t<script type=\"application\/ld+json\" class=\"aioseo-schema\">\n\t\t\t{\"@context\":\"https:\\\/\\\/schema.org\",\"@graph\":[{\"@type\":\"BlogPosting\",\"@id\":\"https:\\\/\\\/www.eldigitaldeasturias.com\\\/noticias\\\/convocadas-ayudas-para-el-sector-editorial-por-valor-de-645-000-euros\\\/#blogposting\",\"name\":\"Convocadas ayudas para el sector editorial por valor de 645.000 euros - El Digital de Asturias\",\"headline\":\"Convocadas ayudas para el sector editorial por valor de 645.000 euros\",\"author\":{\"@id\":\"https:\\\/\\\/www.eldigitaldeasturias.com\\\/noticias\\\/author\\\/admin\\\/#author\"},\"publisher\":{\"@id\":\"https:\\\/\\\/www.eldigitaldeasturias.com\\\/noticias\\\/#organization\"},\"image\":{\"@type\":\"ImageObject\",\"url\":951238},\"datePublished\":\"2017-08-29T18:25:13+02:00\",\"dateModified\":\"2017-08-29T18:25:13+02:00\",\"inLanguage\":\"es-ES\",\"mainEntityOfPage\":{\"@id\":\"https:\\\/\\\/www.eldigitaldeasturias.com\\\/noticias\\\/convocadas-ayudas-para-el-sector-editorial-por-valor-de-645-000-euros\\\/#webpage\"},\"isPartOf\":{\"@id\":\"https:\\\/\\\/www.eldigitaldeasturias.com\\\/noticias\\\/convocadas-ayudas-para-el-sector-editorial-por-valor-de-645-000-euros\\\/#webpage\"},\"articleSection\":\"Actualidad\"},{\"@type\":\"BreadcrumbList\",\"@id\":\"https:\\\/\\\/www.eldigitaldeasturias.com\\\/noticias\\\/convocadas-ayudas-para-el-sector-editorial-por-valor-de-645-000-euros\\\/#breadcrumblist\",\"itemListElement\":[{\"@type\":\"ListItem\",\"@id\":\"https:\\\/\\\/www.eldigitaldeasturias.com\\\/noticias#listItem\",\"position\":1,\"name\":\"Home\",\"item\":\"https:\\\/\\\/www.eldigitaldeasturias.com\\\/noticias\",\"nextItem\":{\"@type\":\"ListItem\",\"@id\":\"https:\\\/\\\/www.eldigitaldeasturias.com\\\/noticias\\\/category\\\/actualidad\\\/#listItem\",\"name\":\"Actualidad\"}},{\"@type\":\"ListItem\",\"@id\":\"https:\\\/\\\/www.eldigitaldeasturias.com\\\/noticias\\\/category\\\/actualidad\\\/#listItem\",\"position\":2,\"name\":\"Actualidad\",\"item\":\"https:\\\/\\\/www.eldigitaldeasturias.com\\\/noticias\\\/category\\\/actualidad\\\/\",\"nextItem\":{\"@type\":\"ListItem\",\"@id\":\"https:\\\/\\\/www.eldigitaldeasturias.com\\\/noticias\\\/convocadas-ayudas-para-el-sector-editorial-por-valor-de-645-000-euros\\\/#listItem\",\"name\":\"Convocadas ayudas para el sector editorial por valor de 645.000 euros\"},\"previousItem\":{\"@type\":\"ListItem\",\"@id\":\"https:\\\/\\\/www.eldigitaldeasturias.com\\\/noticias#listItem\",\"name\":\"Home\"}},{\"@type\":\"ListItem\",\"@id\":\"https:\\\/\\\/www.eldigitaldeasturias.com\\\/noticias\\\/convocadas-ayudas-para-el-sector-editorial-por-valor-de-645-000-euros\\\/#listItem\",\"position\":3,\"name\":\"Convocadas ayudas para el sector editorial por valor de 645.000 euros\",\"previousItem\":{\"@type\":\"ListItem\",\"@id\":\"https:\\\/\\\/www.eldigitaldeasturias.com\\\/noticias\\\/category\\\/actualidad\\\/#listItem\",\"name\":\"Actualidad\"}}]},{\"@type\":\"Organization\",\"@id\":\"https:\\\/\\\/www.eldigitaldeasturias.com\\\/noticias\\\/#organization\",\"name\":\"El Digital de Asturias\",\"description\":\"Hemeroteca\",\"url\":\"https:\\\/\\\/www.eldigitaldeasturias.com\\\/noticias\\\/\",\"email\":\"info@eldigitaldeasturias.com\",\"telephone\":\"+34652131393\",\"logo\":{\"@type\":\"ImageObject\",\"url\":\"https:\\\/\\\/www.eldigitaldeasturias.com\\\/noticias\\\/wp-content\\\/uploads\\\/2020\\\/12\\\/EDA.jpg\",\"@id\":\"https:\\\/\\\/www.eldigitaldeasturias.com\\\/noticias\\\/convocadas-ayudas-para-el-sector-editorial-por-valor-de-645-000-euros\\\/#organizationLogo\"},\"image\":{\"@id\":\"https:\\\/\\\/www.eldigitaldeasturias.com\\\/noticias\\\/convocadas-ayudas-para-el-sector-editorial-por-valor-de-645-000-euros\\\/#organizationLogo\"},\"sameAs\":[\"https:\\\/\\\/facebook.com\\\/eldigitaldeasturias\",\"https:\\\/\\\/www.youtube.com\\\/channel\\\/UCZP-2wLEB9Rv6erhFmqVnvg\"],\"address\":{\"@id\":\"https:\\\/\\\/www.eldigitaldeasturias.com\\\/noticias\\\/#postaladdress\",\"@type\":\"PostalAddress\",\"streetAddress\":\"san antonio 4\",\"postalCode\":\"33430\",\"addressLocality\":\"Cand\\u00e1s\",\"addressRegion\":\"Asturias\",\"addressCountry\":\"ES\"}},{\"@type\":\"Person\",\"@id\":\"https:\\\/\\\/www.eldigitaldeasturias.com\\\/noticias\\\/author\\\/admin\\\/#author\",\"url\":\"https:\\\/\\\/www.eldigitaldeasturias.com\\\/noticias\\\/author\\\/admin\\\/\",\"name\":\"El Digital de Asturias\",\"image\":{\"@type\":\"ImageObject\",\"@id\":\"https:\\\/\\\/www.eldigitaldeasturias.com\\\/noticias\\\/convocadas-ayudas-para-el-sector-editorial-por-valor-de-645-000-euros\\\/#authorImage\",\"url\":\"https:\\\/\\\/secure.gravatar.com\\\/avatar\\\/df2aeffc32bcd13f8d26072ef8a91b623d677766deac7f97ca815868cd41bf5e?s=96&d=mm&r=g\",\"width\":96,\"height\":96,\"caption\":\"El Digital de Asturias\"}},{\"@type\":\"WebPage\",\"@id\":\"https:\\\/\\\/www.eldigitaldeasturias.com\\\/noticias\\\/convocadas-ayudas-para-el-sector-editorial-por-valor-de-645-000-euros\\\/#webpage\",\"url\":\"https:\\\/\\\/www.eldigitaldeasturias.com\\\/noticias\\\/convocadas-ayudas-para-el-sector-editorial-por-valor-de-645-000-euros\\\/\",\"name\":\"Convocadas ayudas para el sector editorial por valor de 645.000 euros - El Digital de Asturias\",\"description\":\"El Ministerio de Educaci\\u00f3n, Cultura y Deporte ha convocado las ayudas, en r\\u00e9gimen de concurrencia competitiva y correspondientes a 2017, para entidades sin \\u00e1nimo de lucro que promuevan y fortalezcan la industria editorial. El plazo de presentaci\\u00f3n de solicitudes finaliza el pr\\u00f3ximo mi\\u00e9rcoles 6 de septiembre. El importe m\\u00e1ximo de estas ayudas es de 645.000\",\"inLanguage\":\"es-ES\",\"isPartOf\":{\"@id\":\"https:\\\/\\\/www.eldigitaldeasturias.com\\\/noticias\\\/#website\"},\"breadcrumb\":{\"@id\":\"https:\\\/\\\/www.eldigitaldeasturias.com\\\/noticias\\\/convocadas-ayudas-para-el-sector-editorial-por-valor-de-645-000-euros\\\/#breadcrumblist\"},\"author\":{\"@id\":\"https:\\\/\\\/www.eldigitaldeasturias.com\\\/noticias\\\/author\\\/admin\\\/#author\"},\"creator\":{\"@id\":\"https:\\\/\\\/www.eldigitaldeasturias.com\\\/noticias\\\/author\\\/admin\\\/#author\"},\"image\":{\"@type\":\"ImageObject\",\"url\":951238,\"@id\":\"https:\\\/\\\/www.eldigitaldeasturias.com\\\/noticias\\\/convocadas-ayudas-para-el-sector-editorial-por-valor-de-645-000-euros\\\/#mainImage\"},\"primaryImageOfPage\":{\"@id\":\"https:\\\/\\\/www.eldigitaldeasturias.com\\\/noticias\\\/convocadas-ayudas-para-el-sector-editorial-por-valor-de-645-000-euros\\\/#mainImage\"},\"datePublished\":\"2017-08-29T18:25:13+02:00\",\"dateModified\":\"2017-08-29T18:25:13+02:00\"},{\"@type\":\"WebSite\",\"@id\":\"https:\\\/\\\/www.eldigitaldeasturias.com\\\/noticias\\\/#website\",\"url\":\"https:\\\/\\\/www.eldigitaldeasturias.com\\\/noticias\\\/\",\"name\":\"El Digital de Asturias - Diario de actualidad y noticias\",\"alternateName\":\"El Digital de Asturias - Diario de actualidad y noticias\",\"description\":\"Hemeroteca\",\"inLanguage\":\"es-ES\",\"publisher\":{\"@id\":\"https:\\\/\\\/www.eldigitaldeasturias.com\\\/noticias\\\/#organization\"}}]}\n\t\t<\/script>\n\t\t<!-- All in One SEO Pro -->\r\n\t\t<title>Convocadas ayudas para el sector editorial por valor de 645.000 euros - El Digital de Asturias<\/title>\n\n","aioseo_head_json":{"title":"Convocadas ayudas para el sector editorial por valor de 645.000 euros - El Digital de Asturias","description":"El Ministerio de Educaci\u00f3n, Cultura y Deporte ha convocado las ayudas, en r\u00e9gimen de concurrencia competitiva y correspondientes a 2017, para entidades sin \u00e1nimo de lucro que promuevan y fortalezcan la industria editorial. El plazo de presentaci\u00f3n de solicitudes finaliza el pr\u00f3ximo mi\u00e9rcoles 6 de septiembre. El importe m\u00e1ximo de estas ayudas es de 645.000","canonical_url":"https:\/\/www.eldigitaldeasturias.com\/noticias\/convocadas-ayudas-para-el-sector-editorial-por-valor-de-645-000-euros\/","robots":"max-image-preview:large","keywords":"actualidad","webmasterTools":{"google-site-verification":"UA-38556648-1","msvalidate.01":"7dfe9f3f1b24437ab69f4f2559babe99","miscellaneous":""},"schema":{"@context":"https:\/\/schema.org","@graph":[{"@type":"BlogPosting","@id":"https:\/\/www.eldigitaldeasturias.com\/noticias\/convocadas-ayudas-para-el-sector-editorial-por-valor-de-645-000-euros\/#blogposting","name":"Convocadas ayudas para el sector editorial por valor de 645.000 euros - El Digital de Asturias","headline":"Convocadas ayudas para el sector editorial por valor de 645.000 euros","author":{"@id":"https:\/\/www.eldigitaldeasturias.com\/noticias\/author\/admin\/#author"},"publisher":{"@id":"https:\/\/www.eldigitaldeasturias.com\/noticias\/#organization"},"image":{"@type":"ImageObject","url":951238},"datePublished":"2017-08-29T18:25:13+02:00","dateModified":"2017-08-29T18:25:13+02:00","inLanguage":"es-ES","mainEntityOfPage":{"@id":"https:\/\/www.eldigitaldeasturias.com\/noticias\/convocadas-ayudas-para-el-sector-editorial-por-valor-de-645-000-euros\/#webpage"},"isPartOf":{"@id":"https:\/\/www.eldigitaldeasturias.com\/noticias\/convocadas-ayudas-para-el-sector-editorial-por-valor-de-645-000-euros\/#webpage"},"articleSection":"Actualidad"},{"@type":"BreadcrumbList","@id":"https:\/\/www.eldigitaldeasturias.com\/noticias\/convocadas-ayudas-para-el-sector-editorial-por-valor-de-645-000-euros\/#breadcrumblist","itemListElement":[{"@type":"ListItem","@id":"https:\/\/www.eldigitaldeasturias.com\/noticias#listItem","position":1,"name":"Home","item":"https:\/\/www.eldigitaldeasturias.com\/noticias","nextItem":{"@type":"ListItem","@id":"https:\/\/www.eldigitaldeasturias.com\/noticias\/category\/actualidad\/#listItem","name":"Actualidad"}},{"@type":"ListItem","@id":"https:\/\/www.eldigitaldeasturias.com\/noticias\/category\/actualidad\/#listItem","position":2,"name":"Actualidad","item":"https:\/\/www.eldigitaldeasturias.com\/noticias\/category\/actualidad\/","nextItem":{"@type":"ListItem","@id":"https:\/\/www.eldigitaldeasturias.com\/noticias\/convocadas-ayudas-para-el-sector-editorial-por-valor-de-645-000-euros\/#listItem","name":"Convocadas ayudas para el sector editorial por valor de 645.000 euros"},"previousItem":{"@type":"ListItem","@id":"https:\/\/www.eldigitaldeasturias.com\/noticias#listItem","name":"Home"}},{"@type":"ListItem","@id":"https:\/\/www.eldigitaldeasturias.com\/noticias\/convocadas-ayudas-para-el-sector-editorial-por-valor-de-645-000-euros\/#listItem","position":3,"name":"Convocadas ayudas para el sector editorial por valor de 645.000 euros","previousItem":{"@type":"ListItem","@id":"https:\/\/www.eldigitaldeasturias.com\/noticias\/category\/actualidad\/#listItem","name":"Actualidad"}}]},{"@type":"Organization","@id":"https:\/\/www.eldigitaldeasturias.com\/noticias\/#organization","name":"El Digital de Asturias","description":"Hemeroteca","url":"https:\/\/www.eldigitaldeasturias.com\/noticias\/","email":"info@eldigitaldeasturias.com","telephone":"+34652131393","logo":{"@type":"ImageObject","url":"https:\/\/www.eldigitaldeasturias.com\/noticias\/wp-content\/uploads\/2020\/12\/EDA.jpg","@id":"https:\/\/www.eldigitaldeasturias.com\/noticias\/convocadas-ayudas-para-el-sector-editorial-por-valor-de-645-000-euros\/#organizationLogo"},"image":{"@id":"https:\/\/www.eldigitaldeasturias.com\/noticias\/convocadas-ayudas-para-el-sector-editorial-por-valor-de-645-000-euros\/#organizationLogo"},"sameAs":["https:\/\/facebook.com\/eldigitaldeasturias","https:\/\/www.youtube.com\/channel\/UCZP-2wLEB9Rv6erhFmqVnvg"],"address":{"@id":"https:\/\/www.eldigitaldeasturias.com\/noticias\/#postaladdress","@type":"PostalAddress","streetAddress":"san antonio 4","postalCode":"33430","addressLocality":"Cand\u00e1s","addressRegion":"Asturias","addressCountry":"ES"}},{"@type":"Person","@id":"https:\/\/www.eldigitaldeasturias.com\/noticias\/author\/admin\/#author","url":"https:\/\/www.eldigitaldeasturias.com\/noticias\/author\/admin\/","name":"El Digital de Asturias","image":{"@type":"ImageObject","@id":"https:\/\/www.eldigitaldeasturias.com\/noticias\/convocadas-ayudas-para-el-sector-editorial-por-valor-de-645-000-euros\/#authorImage","url":"https:\/\/secure.gravatar.com\/avatar\/df2aeffc32bcd13f8d26072ef8a91b623d677766deac7f97ca815868cd41bf5e?s=96&d=mm&r=g","width":96,"height":96,"caption":"El Digital de Asturias"}},{"@type":"WebPage","@id":"https:\/\/www.eldigitaldeasturias.com\/noticias\/convocadas-ayudas-para-el-sector-editorial-por-valor-de-645-000-euros\/#webpage","url":"https:\/\/www.eldigitaldeasturias.com\/noticias\/convocadas-ayudas-para-el-sector-editorial-por-valor-de-645-000-euros\/","name":"Convocadas ayudas para el sector editorial por valor de 645.000 euros - El Digital de Asturias","description":"El Ministerio de Educaci\u00f3n, Cultura y Deporte ha convocado las ayudas, en r\u00e9gimen de concurrencia competitiva y correspondientes a 2017, para entidades sin \u00e1nimo de lucro que promuevan y fortalezcan la industria editorial. El plazo de presentaci\u00f3n de solicitudes finaliza el pr\u00f3ximo mi\u00e9rcoles 6 de septiembre. El importe m\u00e1ximo de estas ayudas es de 645.000","inLanguage":"es-ES","isPartOf":{"@id":"https:\/\/www.eldigitaldeasturias.com\/noticias\/#website"},"breadcrumb":{"@id":"https:\/\/www.eldigitaldeasturias.com\/noticias\/convocadas-ayudas-para-el-sector-editorial-por-valor-de-645-000-euros\/#breadcrumblist"},"author":{"@id":"https:\/\/www.eldigitaldeasturias.com\/noticias\/author\/admin\/#author"},"creator":{"@id":"https:\/\/www.eldigitaldeasturias.com\/noticias\/author\/admin\/#author"},"image":{"@type":"ImageObject","url":951238,"@id":"https:\/\/www.eldigitaldeasturias.com\/noticias\/convocadas-ayudas-para-el-sector-editorial-por-valor-de-645-000-euros\/#mainImage"},"primaryImageOfPage":{"@id":"https:\/\/www.eldigitaldeasturias.com\/noticias\/convocadas-ayudas-para-el-sector-editorial-por-valor-de-645-000-euros\/#mainImage"},"datePublished":"2017-08-29T18:25:13+02:00","dateModified":"2017-08-29T18:25:13+02:00"},{"@type":"WebSite","@id":"https:\/\/www.eldigitaldeasturias.com\/noticias\/#website","url":"https:\/\/www.eldigitaldeasturias.com\/noticias\/","name":"El Digital de Asturias - Diario de actualidad y noticias","alternateName":"El Digital de Asturias - Diario de actualidad y noticias","description":"Hemeroteca","inLanguage":"es-ES","publisher":{"@id":"https:\/\/www.eldigitaldeasturias.com\/noticias\/#organization"}}]},"og:locale":"es_ES","og:site_name":"El Digital de Asturias","og:type":"article","og:title":"Convocadas ayudas para el sector editorial por valor de 645.000 euros - El Digital de Asturias","og:description":"El Ministerio de Educaci\u00f3n, Cultura y Deporte ha convocado las ayudas, en r\u00e9gimen de concurrencia competitiva y correspondientes a 2017, para entidades sin \u00e1nimo de lucro que promuevan y fortalezcan la industria editorial. El plazo de presentaci\u00f3n de solicitudes finaliza el pr\u00f3ximo mi\u00e9rcoles 6 de septiembre. El importe m\u00e1ximo de estas ayudas es de 645.000","og:url":"https:\/\/www.eldigitaldeasturias.com\/noticias\/convocadas-ayudas-para-el-sector-editorial-por-valor-de-645-000-euros\/","article:tag":["actualidad"],"article:published_time":"2017-08-29T18:25:13+00:00","article:modified_time":"2017-08-29T18:25:13+00:00","article:publisher":"https:\/\/facebook.com\/eldigitaldeasturias","twitter:card":"summary_large_image","twitter:title":"Convocadas ayudas para el sector editorial por valor de 645.000 euros - El Digital de Asturias","twitter:description":"El Ministerio de Educaci\u00f3n, Cultura y Deporte ha convocado las ayudas, en r\u00e9gimen de concurrencia competitiva y correspondientes a 2017, para entidades sin \u00e1nimo de lucro que promuevan y fortalezcan la industria editorial. El plazo de presentaci\u00f3n de solicitudes finaliza el pr\u00f3ximo mi\u00e9rcoles 6 de septiembre. El importe m\u00e1ximo de estas ayudas es de 645.000","twitter:image":"https:\/\/www.eldigitaldeasturias.com\/noticias\/wp-content\/uploads\/2020\/12\/EDA-1.jpg","twitter:label1":"Escrito por","twitter:data1":"El Digital de Asturias","twitter:label2":"Tiempo de lectura estimado","twitter:data2":"2 minutos"},"aioseo_meta_data":{"post_id":"951237","title":null,"description":null,"keywords":null,"keyphrases":null,"primary_term":null,"canonical_url":null,"og_title":null,"og_description":null,"og_object_type":"default","og_image_type":"default","og_image_url":null,"og_image_width":null,"og_image_height":null,"og_image_custom_url":null,"og_image_custom_fields":null,"og_video":null,"og_custom_url":null,"og_article_section":null,"og_article_tags":null,"twitter_use_og":false,"twitter_card":"default","twitter_image_type":"default","twitter_image_url":null,"twitter_image_custom_url":null,"twitter_image_custom_fields":null,"twitter_title":null,"twitter_description":null,"schema":{"blockGraphs":[],"customGraphs":[],"default":{"data":{"Article":[],"Course":[],"Dataset":[],"FAQPage":[],"Movie":[],"Person":[],"Product":[],"ProductReview":[],"Car":[],"Recipe":[],"Service":[],"SoftwareApplication":[],"WebPage":[]},"graphName":"","isEnabled":true},"graphs":[],"defaultGraph":"","defaultPostTypeGraph":""},"schema_type":null,"schema_type_options":null,"pillar_content":false,"robots_default":true,"robots_noindex":false,"robots_noarchive":false,"robots_nosnippet":false,"robots_nofollow":false,"robots_noimageindex":false,"robots_noodp":false,"robots_notranslate":false,"robots_max_snippet":null,"robots_max_videopreview":null,"robots_max_imagepreview":"large","priority":null,"frequency":null,"local_seo":null,"seo_analyzer_scan_date":"2025-12-05 18:34:46","breadcrumb_settings":null,"limit_modified_date":false,"open_ai":null,"ai":null,"created":"2020-12-21 12:58:24","updated":"2025-12-05 18:34:46","focus_keyword":null,"additional_keywords":null,"truseo_locale":null},"aioseo_breadcrumb":"<div class=\"aioseo-breadcrumbs\"><span class=\"aioseo-breadcrumb\">\n\t<a href=\"https:\/\/www.eldigitaldeasturias.com\/noticias\" title=\"Home\">Home<\/a>\n<\/span><span class=\"aioseo-breadcrumb-separator\">\u2013<\/span><span class=\"aioseo-breadcrumb\">\n\t<a href=\"https:\/\/www.eldigitaldeasturias.com\/noticias\/category\/actualidad\/\" title=\"Actualidad\">Actualidad<\/a>\n<\/span><span class=\"aioseo-breadcrumb-separator\">\u2013<\/span><span class=\"aioseo-breadcrumb\">\n\t<a href=\"https:\/\/www.eldigitaldeasturias.com\/noticias\/convocadas-ayudas-para-el-sector-editorial-por-valor-de-645-000-euros\/\" title=\"Convocadas ayudas para el sector editorial por valor de 645.000 euros\">Convocadas ayudas para el sector editorial por valor de 645.000 euros<\/a>\n<\/span><\/div>","aioseo_breadcrumb_json":[{"label":"Home","link":"https:\/\/www.eldigitaldeasturias.com\/noticias"},{"label":"Actualidad","link":"https:\/\/www.eldigitaldeasturias.com\/noticias\/category\/actualidad\/"},{"label":"Convocadas ayudas para el sector editorial por valor de 645.000 euros","link":"https:\/\/www.eldigitaldeasturias.com\/noticias\/convocadas-ayudas-para-el-sector-editorial-por-valor-de-645-000-euros\/"}],"_links":{"self":[{"href":"https:\/\/www.eldigitaldeasturias.com\/noticias\/wp-json\/wp\/v2\/posts\/951237","targetHints":{"allow":["GET"]}}],"collection":[{"href":"https:\/\/www.eldigitaldeasturias.com\/noticias\/wp-json\/wp\/v2\/posts"}],"about":[{"href":"https:\/\/www.eldigitaldeasturias.com\/noticias\/wp-json\/wp\/v2\/types\/post"}],"author":[{"embeddable":true,"href":"https:\/\/www.eldigitaldeasturias.com\/noticias\/wp-json\/wp\/v2\/users\/1"}],"replies":[{"embeddable":true,"href":"https:\/\/www.eldigitaldeasturias.com\/noticias\/wp-json\/wp\/v2\/comments?post=951237"}],"version-history":[{"count":0,"href":"https:\/\/www.eldigitaldeasturias.com\/noticias\/wp-json\/wp\/v2\/posts\/951237\/revisions"}],"wp:attachment":[{"href":"https:\/\/www.eldigitaldeasturias.com\/noticias\/wp-json\/wp\/v2\/media?parent=951237"}],"wp:term":[{"taxonomy":"category","embeddable":true,"href":"https:\/\/www.eldigitaldeasturias.com\/noticias\/wp-json\/wp\/v2\/categories?post=951237"},{"taxonomy":"post_tag","embeddable":true,"href":"https:\/\/www.eldigitaldeasturias.com\/noticias\/wp-json\/wp\/v2\/tags?post=951237"}],"curies":[{"name":"wp","href":"https:\/\/api.w.org\/{rel}","templated":true}]}}