{"id":951225,"date":"2017-08-29T18:02:20","date_gmt":"2017-08-29T18:02:20","guid":{"rendered":"http:\/\/www.eldigitaldeasturias.com\/noticias\/?p=951225"},"modified":"2017-08-29T18:02:20","modified_gmt":"2017-08-29T18:02:20","slug":"araid-acudira-al-foro-internacional-sobre-medicina-en-taizhou","status":"publish","type":"post","link":"https:\/\/www.eldigitaldeasturias.com\/noticias\/araid-acudira-al-foro-internacional-sobre-medicina-en-taizhou\/","title":{"rendered":"ARAID acudir\u00e1 al Foro Internacional sobre medicina en Taizhou"},"content":{"rendered":"<p><img loading=\"lazy\" decoding=\"async\" class=\"alignleft size-medium wp-image-951226\" src=\"https:\/\/www.eldigitaldeasturias.com\/noticias\/wp-content\/uploads\/2017\/08\/MG_8845-360x243.jpg\" alt=\"\" width=\"360\" height=\"243\" \/>Una delegaci\u00f3n china de la regi\u00f3n de Taizhou ha participado esta ma\u00f1ana en una reuni\u00f3n de trabajo con la consejera de Innovaci\u00f3n, Investigaci\u00f3n y Universidad, Pilar Alegr\u00eda, y la directora general de Investigaci\u00f3n e Innovaci\u00f3n y responsable de la Agencia Aragonesa de Investigaci\u00f3n y Desarrollo (ARAID), Maite G\u00e1lvez. ARAID ha firmado un memor\u00e1ndum de colaboraci\u00f3n ante su pr\u00f3xima participaci\u00f3n en el octavo Foro Internacional sobre medicina que celebra la ciudad de Taizhou.<\/p>\n<p>El foro que se celebra del 15 al 17 de septiembre re\u00fane a investigadores, m\u00e9dicos, empresas y hace especial hincapi\u00e9 en la innovaci\u00f3n y la investigaci\u00f3n. En esta ocasi\u00f3n, un grupo de investigadores de la Agencia Aragonesa para la Investigaci\u00f3n y el Desarrollo junto con tres empresas aragonesas, especializadas en biomedicina, participar\u00e1n en la cita.<\/p>\n<p>Taizhou es considerada \u201cla Ciudad de la Medicina\u201d ya que alberga la zona de desarrollo de Alta y Nueva Tecnolog\u00eda de la Industria Farmac\u00e9utica, donde se localizan m\u00e1s de sesenta instituciones dedicadas a la investigaci\u00f3n en el sector y m\u00e1s de 560 empresas farmac\u00e9uticas dedicadas al desarrollo de productos. La biomedicina es el principal motor econ\u00f3mico de esta ciudad china.<\/p>\n<p>ARAID lleva ya casi ocho a\u00f1os colaborando con la Universidad de Nanjing en materia de biomedicina. Adem\u00e1s, en los pr\u00f3ximos meses se dar\u00e1n otra serie de encuentros relacionados con las distintas \u00e1reas en las que trabajan los investigadores ARAID con China.<\/p>\n<p>En la visita han estado presentes: el secretario de la regi\u00f3n de Taizhou, Qu Futian; el presidente de China Medical City, Lu Chunyun; los Tenientes de Alcalde de comercio e industria, desarrollo y reforma, e internacional, He Weidong, Zhu Guang y He Jun.<\/p>\n<p>&nbsp;<\/p>\n","protected":false},"excerpt":{"rendered":"<p>Una delegaci\u00f3n china de la regi\u00f3n de Taizhou ha participado esta ma\u00f1ana en una reuni\u00f3n de trabajo con la consejera de Innovaci\u00f3n, Investigaci\u00f3n y Universidad, Pilar Alegr\u00eda, y la directora general de Investigaci\u00f3n e Innovaci\u00f3n y responsable de la Agencia Aragonesa de Investigaci\u00f3n y Desarrollo (ARAID), Maite G\u00e1lvez. ARAID ha firmado un memor\u00e1ndum de colaboraci\u00f3n [&hellip;]<\/p>\n","protected":false},"author":1,"featured_media":951226,"comment_status":"closed","ping_status":"closed","sticky":false,"template":"","format":"standard","meta":{"footnotes":""},"categories":[1],"tags":[],"class_list":["post-951225","post","type-post","status-publish","format-standard","has-post-thumbnail","hentry","category-actualidad"],"aioseo_notices":[],"aioseo_head":"\n\t\t<!-- All in One SEO Pro 5.0.1 - aioseo.com -->\n\t<meta name=\"description\" content=\"Una delegaci\u00f3n china de la regi\u00f3n de Taizhou ha participado esta ma\u00f1ana en una reuni\u00f3n de trabajo con la consejera de Innovaci\u00f3n, Investigaci\u00f3n y Universidad, Pilar Alegr\u00eda, y la directora general de Investigaci\u00f3n e Innovaci\u00f3n y responsable de la Agencia Aragonesa de Investigaci\u00f3n y Desarrollo (ARAID), Maite G\u00e1lvez. ARAID ha firmado un memor\u00e1ndum de colaboraci\u00f3n\" \/>\n\t<meta name=\"robots\" content=\"max-image-preview:large\" \/>\n\t<meta name=\"author\" content=\"El Digital de Asturias\"\/>\n\t<meta name=\"google-site-verification\" content=\"UA-38556648-1\" \/>\n\t<meta name=\"msvalidate.01\" content=\"7dfe9f3f1b24437ab69f4f2559babe99\" \/>\n\t<meta name=\"keywords\" content=\"actualidad\" \/>\n\t<link rel=\"canonical\" href=\"https:\/\/www.eldigitaldeasturias.com\/noticias\/araid-acudira-al-foro-internacional-sobre-medicina-en-taizhou\/\" \/>\n\t<meta name=\"generator\" content=\"All in One SEO Pro (AIOSEO) 5.0.1\" \/>\n\t\t<meta property=\"og:locale\" content=\"es_ES\" \/>\n\t\t<meta property=\"og:site_name\" content=\"El Digital de Asturias\" \/>\n\t\t<meta property=\"og:type\" content=\"article\" \/>\n\t\t<meta property=\"og:title\" content=\"ARAID acudir\u00e1 al Foro Internacional sobre medicina en Taizhou - El Digital de Asturias\" \/>\n\t\t<meta property=\"og:description\" content=\"Una delegaci\u00f3n china de la regi\u00f3n de Taizhou ha participado esta ma\u00f1ana en una reuni\u00f3n de trabajo con la consejera de Innovaci\u00f3n, Investigaci\u00f3n y Universidad, Pilar Alegr\u00eda, y la directora general de Investigaci\u00f3n e Innovaci\u00f3n y responsable de la Agencia Aragonesa de Investigaci\u00f3n y Desarrollo (ARAID), Maite G\u00e1lvez. ARAID ha firmado un memor\u00e1ndum de colaboraci\u00f3n\" \/>\n\t\t<meta property=\"og:url\" content=\"https:\/\/www.eldigitaldeasturias.com\/noticias\/araid-acudira-al-foro-internacional-sobre-medicina-en-taizhou\/\" \/>\n\t\t<meta property=\"article:tag\" content=\"actualidad\" \/>\n\t\t<meta property=\"article:published_time\" content=\"2017-08-29T18:02:20+00:00\" \/>\n\t\t<meta property=\"article:modified_time\" content=\"2017-08-29T18:02:20+00:00\" \/>\n\t\t<meta property=\"article:publisher\" content=\"https:\/\/facebook.com\/eldigitaldeasturias\" \/>\n\t\t<meta name=\"twitter:card\" content=\"summary_large_image\" \/>\n\t\t<meta name=\"twitter:title\" content=\"ARAID acudir\u00e1 al Foro Internacional sobre medicina en Taizhou - El Digital de Asturias\" \/>\n\t\t<meta name=\"twitter:description\" content=\"Una delegaci\u00f3n china de la regi\u00f3n de Taizhou ha participado esta ma\u00f1ana en una reuni\u00f3n de trabajo con la consejera de Innovaci\u00f3n, Investigaci\u00f3n y Universidad, Pilar Alegr\u00eda, y la directora general de Investigaci\u00f3n e Innovaci\u00f3n y responsable de la Agencia Aragonesa de Investigaci\u00f3n y Desarrollo (ARAID), Maite G\u00e1lvez. ARAID ha firmado un memor\u00e1ndum de colaboraci\u00f3n\" \/>\n\t\t<meta name=\"twitter:image\" content=\"https:\/\/www.eldigitaldeasturias.com\/noticias\/wp-content\/uploads\/2020\/12\/EDA-1.jpg\" \/>\n\t\t<meta name=\"twitter:label1\" content=\"Escrito por\" \/>\n\t\t<meta name=\"twitter:data1\" content=\"El Digital de Asturias\" \/>\n\t\t<meta name=\"twitter:label2\" content=\"Tiempo de lectura estimado\" \/>\n\t\t<meta name=\"twitter:data2\" content=\"2 minutos\" \/>\n\t\t<script type=\"application\/ld+json\" class=\"aioseo-schema\">\n\t\t\t{\"@context\":\"https:\\\/\\\/schema.org\",\"@graph\":[{\"@type\":\"BlogPosting\",\"@id\":\"https:\\\/\\\/www.eldigitaldeasturias.com\\\/noticias\\\/araid-acudira-al-foro-internacional-sobre-medicina-en-taizhou\\\/#blogposting\",\"name\":\"ARAID acudir\\u00e1 al Foro Internacional sobre medicina en Taizhou - El Digital de Asturias\",\"headline\":\"ARAID acudir\\u00e1 al Foro Internacional sobre medicina en Taizhou\",\"author\":{\"@id\":\"https:\\\/\\\/www.eldigitaldeasturias.com\\\/noticias\\\/author\\\/admin\\\/#author\"},\"publisher\":{\"@id\":\"https:\\\/\\\/www.eldigitaldeasturias.com\\\/noticias\\\/#organization\"},\"image\":{\"@type\":\"ImageObject\",\"url\":951226},\"datePublished\":\"2017-08-29T18:02:20+02:00\",\"dateModified\":\"2017-08-29T18:02:20+02:00\",\"inLanguage\":\"es-ES\",\"mainEntityOfPage\":{\"@id\":\"https:\\\/\\\/www.eldigitaldeasturias.com\\\/noticias\\\/araid-acudira-al-foro-internacional-sobre-medicina-en-taizhou\\\/#webpage\"},\"isPartOf\":{\"@id\":\"https:\\\/\\\/www.eldigitaldeasturias.com\\\/noticias\\\/araid-acudira-al-foro-internacional-sobre-medicina-en-taizhou\\\/#webpage\"},\"articleSection\":\"Actualidad\"},{\"@type\":\"BreadcrumbList\",\"@id\":\"https:\\\/\\\/www.eldigitaldeasturias.com\\\/noticias\\\/araid-acudira-al-foro-internacional-sobre-medicina-en-taizhou\\\/#breadcrumblist\",\"itemListElement\":[{\"@type\":\"ListItem\",\"@id\":\"https:\\\/\\\/www.eldigitaldeasturias.com\\\/noticias#listItem\",\"position\":1,\"name\":\"Home\",\"item\":\"https:\\\/\\\/www.eldigitaldeasturias.com\\\/noticias\",\"nextItem\":{\"@type\":\"ListItem\",\"@id\":\"https:\\\/\\\/www.eldigitaldeasturias.com\\\/noticias\\\/category\\\/actualidad\\\/#listItem\",\"name\":\"Actualidad\"}},{\"@type\":\"ListItem\",\"@id\":\"https:\\\/\\\/www.eldigitaldeasturias.com\\\/noticias\\\/category\\\/actualidad\\\/#listItem\",\"position\":2,\"name\":\"Actualidad\",\"item\":\"https:\\\/\\\/www.eldigitaldeasturias.com\\\/noticias\\\/category\\\/actualidad\\\/\",\"nextItem\":{\"@type\":\"ListItem\",\"@id\":\"https:\\\/\\\/www.eldigitaldeasturias.com\\\/noticias\\\/araid-acudira-al-foro-internacional-sobre-medicina-en-taizhou\\\/#listItem\",\"name\":\"ARAID acudir\\u00e1 al Foro Internacional sobre medicina en Taizhou\"},\"previousItem\":{\"@type\":\"ListItem\",\"@id\":\"https:\\\/\\\/www.eldigitaldeasturias.com\\\/noticias#listItem\",\"name\":\"Home\"}},{\"@type\":\"ListItem\",\"@id\":\"https:\\\/\\\/www.eldigitaldeasturias.com\\\/noticias\\\/araid-acudira-al-foro-internacional-sobre-medicina-en-taizhou\\\/#listItem\",\"position\":3,\"name\":\"ARAID acudir\\u00e1 al Foro Internacional sobre medicina en Taizhou\",\"previousItem\":{\"@type\":\"ListItem\",\"@id\":\"https:\\\/\\\/www.eldigitaldeasturias.com\\\/noticias\\\/category\\\/actualidad\\\/#listItem\",\"name\":\"Actualidad\"}}]},{\"@type\":\"Organization\",\"@id\":\"https:\\\/\\\/www.eldigitaldeasturias.com\\\/noticias\\\/#organization\",\"name\":\"El Digital de Asturias\",\"description\":\"Hemeroteca\",\"url\":\"https:\\\/\\\/www.eldigitaldeasturias.com\\\/noticias\\\/\",\"email\":\"info@eldigitaldeasturias.com\",\"telephone\":\"+34652131393\",\"logo\":{\"@type\":\"ImageObject\",\"url\":\"https:\\\/\\\/www.eldigitaldeasturias.com\\\/noticias\\\/wp-content\\\/uploads\\\/2020\\\/12\\\/EDA.jpg\",\"@id\":\"https:\\\/\\\/www.eldigitaldeasturias.com\\\/noticias\\\/araid-acudira-al-foro-internacional-sobre-medicina-en-taizhou\\\/#organizationLogo\"},\"image\":{\"@id\":\"https:\\\/\\\/www.eldigitaldeasturias.com\\\/noticias\\\/araid-acudira-al-foro-internacional-sobre-medicina-en-taizhou\\\/#organizationLogo\"},\"sameAs\":[\"https:\\\/\\\/facebook.com\\\/eldigitaldeasturias\",\"https:\\\/\\\/www.youtube.com\\\/channel\\\/UCZP-2wLEB9Rv6erhFmqVnvg\"],\"address\":{\"@id\":\"https:\\\/\\\/www.eldigitaldeasturias.com\\\/noticias\\\/#postaladdress\",\"@type\":\"PostalAddress\",\"streetAddress\":\"san antonio 4\",\"postalCode\":\"33430\",\"addressLocality\":\"Cand\\u00e1s\",\"addressRegion\":\"Asturias\",\"addressCountry\":\"ES\"}},{\"@type\":\"Person\",\"@id\":\"https:\\\/\\\/www.eldigitaldeasturias.com\\\/noticias\\\/author\\\/admin\\\/#author\",\"url\":\"https:\\\/\\\/www.eldigitaldeasturias.com\\\/noticias\\\/author\\\/admin\\\/\",\"name\":\"El Digital de Asturias\",\"image\":{\"@type\":\"ImageObject\",\"@id\":\"https:\\\/\\\/www.eldigitaldeasturias.com\\\/noticias\\\/araid-acudira-al-foro-internacional-sobre-medicina-en-taizhou\\\/#authorImage\",\"url\":\"https:\\\/\\\/secure.gravatar.com\\\/avatar\\\/df2aeffc32bcd13f8d26072ef8a91b623d677766deac7f97ca815868cd41bf5e?s=96&d=mm&r=g\",\"width\":96,\"height\":96,\"caption\":\"El Digital de Asturias\"}},{\"@type\":\"WebPage\",\"@id\":\"https:\\\/\\\/www.eldigitaldeasturias.com\\\/noticias\\\/araid-acudira-al-foro-internacional-sobre-medicina-en-taizhou\\\/#webpage\",\"url\":\"https:\\\/\\\/www.eldigitaldeasturias.com\\\/noticias\\\/araid-acudira-al-foro-internacional-sobre-medicina-en-taizhou\\\/\",\"name\":\"ARAID acudir\\u00e1 al Foro Internacional sobre medicina en Taizhou - El Digital de Asturias\",\"description\":\"Una delegaci\\u00f3n china de la regi\\u00f3n de Taizhou ha participado esta ma\\u00f1ana en una reuni\\u00f3n de trabajo con la consejera de Innovaci\\u00f3n, Investigaci\\u00f3n y Universidad, Pilar Alegr\\u00eda, y la directora general de Investigaci\\u00f3n e Innovaci\\u00f3n y responsable de la Agencia Aragonesa de Investigaci\\u00f3n y Desarrollo (ARAID), Maite G\\u00e1lvez. ARAID ha firmado un memor\\u00e1ndum de colaboraci\\u00f3n\",\"inLanguage\":\"es-ES\",\"isPartOf\":{\"@id\":\"https:\\\/\\\/www.eldigitaldeasturias.com\\\/noticias\\\/#website\"},\"breadcrumb\":{\"@id\":\"https:\\\/\\\/www.eldigitaldeasturias.com\\\/noticias\\\/araid-acudira-al-foro-internacional-sobre-medicina-en-taizhou\\\/#breadcrumblist\"},\"author\":{\"@id\":\"https:\\\/\\\/www.eldigitaldeasturias.com\\\/noticias\\\/author\\\/admin\\\/#author\"},\"creator\":{\"@id\":\"https:\\\/\\\/www.eldigitaldeasturias.com\\\/noticias\\\/author\\\/admin\\\/#author\"},\"image\":{\"@type\":\"ImageObject\",\"url\":951226,\"@id\":\"https:\\\/\\\/www.eldigitaldeasturias.com\\\/noticias\\\/araid-acudira-al-foro-internacional-sobre-medicina-en-taizhou\\\/#mainImage\"},\"primaryImageOfPage\":{\"@id\":\"https:\\\/\\\/www.eldigitaldeasturias.com\\\/noticias\\\/araid-acudira-al-foro-internacional-sobre-medicina-en-taizhou\\\/#mainImage\"},\"datePublished\":\"2017-08-29T18:02:20+02:00\",\"dateModified\":\"2017-08-29T18:02:20+02:00\"},{\"@type\":\"WebSite\",\"@id\":\"https:\\\/\\\/www.eldigitaldeasturias.com\\\/noticias\\\/#website\",\"url\":\"https:\\\/\\\/www.eldigitaldeasturias.com\\\/noticias\\\/\",\"name\":\"El Digital de Asturias - Diario de actualidad y noticias\",\"alternateName\":\"El Digital de Asturias - Diario de actualidad y noticias\",\"description\":\"Hemeroteca\",\"inLanguage\":\"es-ES\",\"publisher\":{\"@id\":\"https:\\\/\\\/www.eldigitaldeasturias.com\\\/noticias\\\/#organization\"}}]}\n\t\t<\/script>\n\t\t<!-- All in One SEO Pro -->\r\n\t\t<title>ARAID acudir\u00e1 al Foro Internacional sobre medicina en Taizhou - El Digital de Asturias<\/title>\n\n","aioseo_head_json":{"title":"ARAID acudir\u00e1 al Foro Internacional sobre medicina en Taizhou - El Digital de Asturias","description":"Una delegaci\u00f3n china de la regi\u00f3n de Taizhou ha participado esta ma\u00f1ana en una reuni\u00f3n de trabajo con la consejera de Innovaci\u00f3n, Investigaci\u00f3n y Universidad, Pilar Alegr\u00eda, y la directora general de Investigaci\u00f3n e Innovaci\u00f3n y responsable de la Agencia Aragonesa de Investigaci\u00f3n y Desarrollo (ARAID), Maite G\u00e1lvez. ARAID ha firmado un memor\u00e1ndum de colaboraci\u00f3n","canonical_url":"https:\/\/www.eldigitaldeasturias.com\/noticias\/araid-acudira-al-foro-internacional-sobre-medicina-en-taizhou\/","robots":"max-image-preview:large","keywords":"actualidad","webmasterTools":{"google-site-verification":"UA-38556648-1","msvalidate.01":"7dfe9f3f1b24437ab69f4f2559babe99","miscellaneous":""},"schema":{"@context":"https:\/\/schema.org","@graph":[{"@type":"BlogPosting","@id":"https:\/\/www.eldigitaldeasturias.com\/noticias\/araid-acudira-al-foro-internacional-sobre-medicina-en-taizhou\/#blogposting","name":"ARAID acudir\u00e1 al Foro Internacional sobre medicina en Taizhou - El Digital de Asturias","headline":"ARAID acudir\u00e1 al Foro Internacional sobre medicina en Taizhou","author":{"@id":"https:\/\/www.eldigitaldeasturias.com\/noticias\/author\/admin\/#author"},"publisher":{"@id":"https:\/\/www.eldigitaldeasturias.com\/noticias\/#organization"},"image":{"@type":"ImageObject","url":951226},"datePublished":"2017-08-29T18:02:20+02:00","dateModified":"2017-08-29T18:02:20+02:00","inLanguage":"es-ES","mainEntityOfPage":{"@id":"https:\/\/www.eldigitaldeasturias.com\/noticias\/araid-acudira-al-foro-internacional-sobre-medicina-en-taizhou\/#webpage"},"isPartOf":{"@id":"https:\/\/www.eldigitaldeasturias.com\/noticias\/araid-acudira-al-foro-internacional-sobre-medicina-en-taizhou\/#webpage"},"articleSection":"Actualidad"},{"@type":"BreadcrumbList","@id":"https:\/\/www.eldigitaldeasturias.com\/noticias\/araid-acudira-al-foro-internacional-sobre-medicina-en-taizhou\/#breadcrumblist","itemListElement":[{"@type":"ListItem","@id":"https:\/\/www.eldigitaldeasturias.com\/noticias#listItem","position":1,"name":"Home","item":"https:\/\/www.eldigitaldeasturias.com\/noticias","nextItem":{"@type":"ListItem","@id":"https:\/\/www.eldigitaldeasturias.com\/noticias\/category\/actualidad\/#listItem","name":"Actualidad"}},{"@type":"ListItem","@id":"https:\/\/www.eldigitaldeasturias.com\/noticias\/category\/actualidad\/#listItem","position":2,"name":"Actualidad","item":"https:\/\/www.eldigitaldeasturias.com\/noticias\/category\/actualidad\/","nextItem":{"@type":"ListItem","@id":"https:\/\/www.eldigitaldeasturias.com\/noticias\/araid-acudira-al-foro-internacional-sobre-medicina-en-taizhou\/#listItem","name":"ARAID acudir\u00e1 al Foro Internacional sobre medicina en Taizhou"},"previousItem":{"@type":"ListItem","@id":"https:\/\/www.eldigitaldeasturias.com\/noticias#listItem","name":"Home"}},{"@type":"ListItem","@id":"https:\/\/www.eldigitaldeasturias.com\/noticias\/araid-acudira-al-foro-internacional-sobre-medicina-en-taizhou\/#listItem","position":3,"name":"ARAID acudir\u00e1 al Foro Internacional sobre medicina en Taizhou","previousItem":{"@type":"ListItem","@id":"https:\/\/www.eldigitaldeasturias.com\/noticias\/category\/actualidad\/#listItem","name":"Actualidad"}}]},{"@type":"Organization","@id":"https:\/\/www.eldigitaldeasturias.com\/noticias\/#organization","name":"El Digital de Asturias","description":"Hemeroteca","url":"https:\/\/www.eldigitaldeasturias.com\/noticias\/","email":"info@eldigitaldeasturias.com","telephone":"+34652131393","logo":{"@type":"ImageObject","url":"https:\/\/www.eldigitaldeasturias.com\/noticias\/wp-content\/uploads\/2020\/12\/EDA.jpg","@id":"https:\/\/www.eldigitaldeasturias.com\/noticias\/araid-acudira-al-foro-internacional-sobre-medicina-en-taizhou\/#organizationLogo"},"image":{"@id":"https:\/\/www.eldigitaldeasturias.com\/noticias\/araid-acudira-al-foro-internacional-sobre-medicina-en-taizhou\/#organizationLogo"},"sameAs":["https:\/\/facebook.com\/eldigitaldeasturias","https:\/\/www.youtube.com\/channel\/UCZP-2wLEB9Rv6erhFmqVnvg"],"address":{"@id":"https:\/\/www.eldigitaldeasturias.com\/noticias\/#postaladdress","@type":"PostalAddress","streetAddress":"san antonio 4","postalCode":"33430","addressLocality":"Cand\u00e1s","addressRegion":"Asturias","addressCountry":"ES"}},{"@type":"Person","@id":"https:\/\/www.eldigitaldeasturias.com\/noticias\/author\/admin\/#author","url":"https:\/\/www.eldigitaldeasturias.com\/noticias\/author\/admin\/","name":"El Digital de Asturias","image":{"@type":"ImageObject","@id":"https:\/\/www.eldigitaldeasturias.com\/noticias\/araid-acudira-al-foro-internacional-sobre-medicina-en-taizhou\/#authorImage","url":"https:\/\/secure.gravatar.com\/avatar\/df2aeffc32bcd13f8d26072ef8a91b623d677766deac7f97ca815868cd41bf5e?s=96&d=mm&r=g","width":96,"height":96,"caption":"El Digital de Asturias"}},{"@type":"WebPage","@id":"https:\/\/www.eldigitaldeasturias.com\/noticias\/araid-acudira-al-foro-internacional-sobre-medicina-en-taizhou\/#webpage","url":"https:\/\/www.eldigitaldeasturias.com\/noticias\/araid-acudira-al-foro-internacional-sobre-medicina-en-taizhou\/","name":"ARAID acudir\u00e1 al Foro Internacional sobre medicina en Taizhou - El Digital de Asturias","description":"Una delegaci\u00f3n china de la regi\u00f3n de Taizhou ha participado esta ma\u00f1ana en una reuni\u00f3n de trabajo con la consejera de Innovaci\u00f3n, Investigaci\u00f3n y Universidad, Pilar Alegr\u00eda, y la directora general de Investigaci\u00f3n e Innovaci\u00f3n y responsable de la Agencia Aragonesa de Investigaci\u00f3n y Desarrollo (ARAID), Maite G\u00e1lvez. ARAID ha firmado un memor\u00e1ndum de colaboraci\u00f3n","inLanguage":"es-ES","isPartOf":{"@id":"https:\/\/www.eldigitaldeasturias.com\/noticias\/#website"},"breadcrumb":{"@id":"https:\/\/www.eldigitaldeasturias.com\/noticias\/araid-acudira-al-foro-internacional-sobre-medicina-en-taizhou\/#breadcrumblist"},"author":{"@id":"https:\/\/www.eldigitaldeasturias.com\/noticias\/author\/admin\/#author"},"creator":{"@id":"https:\/\/www.eldigitaldeasturias.com\/noticias\/author\/admin\/#author"},"image":{"@type":"ImageObject","url":951226,"@id":"https:\/\/www.eldigitaldeasturias.com\/noticias\/araid-acudira-al-foro-internacional-sobre-medicina-en-taizhou\/#mainImage"},"primaryImageOfPage":{"@id":"https:\/\/www.eldigitaldeasturias.com\/noticias\/araid-acudira-al-foro-internacional-sobre-medicina-en-taizhou\/#mainImage"},"datePublished":"2017-08-29T18:02:20+02:00","dateModified":"2017-08-29T18:02:20+02:00"},{"@type":"WebSite","@id":"https:\/\/www.eldigitaldeasturias.com\/noticias\/#website","url":"https:\/\/www.eldigitaldeasturias.com\/noticias\/","name":"El Digital de Asturias - Diario de actualidad y noticias","alternateName":"El Digital de Asturias - Diario de actualidad y noticias","description":"Hemeroteca","inLanguage":"es-ES","publisher":{"@id":"https:\/\/www.eldigitaldeasturias.com\/noticias\/#organization"}}]},"og:locale":"es_ES","og:site_name":"El Digital de Asturias","og:type":"article","og:title":"ARAID acudir\u00e1 al Foro Internacional sobre medicina en Taizhou - El Digital de Asturias","og:description":"Una delegaci\u00f3n china de la regi\u00f3n de Taizhou ha participado esta ma\u00f1ana en una reuni\u00f3n de trabajo con la consejera de Innovaci\u00f3n, Investigaci\u00f3n y Universidad, Pilar Alegr\u00eda, y la directora general de Investigaci\u00f3n e Innovaci\u00f3n y responsable de la Agencia Aragonesa de Investigaci\u00f3n y Desarrollo (ARAID), Maite G\u00e1lvez. ARAID ha firmado un memor\u00e1ndum de colaboraci\u00f3n","og:url":"https:\/\/www.eldigitaldeasturias.com\/noticias\/araid-acudira-al-foro-internacional-sobre-medicina-en-taizhou\/","article:tag":["actualidad"],"article:published_time":"2017-08-29T18:02:20+00:00","article:modified_time":"2017-08-29T18:02:20+00:00","article:publisher":"https:\/\/facebook.com\/eldigitaldeasturias","twitter:card":"summary_large_image","twitter:title":"ARAID acudir\u00e1 al Foro Internacional sobre medicina en Taizhou - El Digital de Asturias","twitter:description":"Una delegaci\u00f3n china de la regi\u00f3n de Taizhou ha participado esta ma\u00f1ana en una reuni\u00f3n de trabajo con la consejera de Innovaci\u00f3n, Investigaci\u00f3n y Universidad, Pilar Alegr\u00eda, y la directora general de Investigaci\u00f3n e Innovaci\u00f3n y responsable de la Agencia Aragonesa de Investigaci\u00f3n y Desarrollo (ARAID), Maite G\u00e1lvez. ARAID ha firmado un memor\u00e1ndum de colaboraci\u00f3n","twitter:image":"https:\/\/www.eldigitaldeasturias.com\/noticias\/wp-content\/uploads\/2020\/12\/EDA-1.jpg","twitter:label1":"Escrito por","twitter:data1":"El Digital de Asturias","twitter:label2":"Tiempo de lectura estimado","twitter:data2":"2 minutos"},"aioseo_meta_data":{"post_id":"951225","title":null,"description":null,"keywords":null,"keyphrases":null,"primary_term":null,"canonical_url":null,"og_title":null,"og_description":null,"og_object_type":"default","og_image_type":"default","og_image_url":null,"og_image_width":null,"og_image_height":null,"og_image_custom_url":null,"og_image_custom_fields":null,"og_video":null,"og_custom_url":null,"og_article_section":null,"og_article_tags":null,"twitter_use_og":false,"twitter_card":"default","twitter_image_type":"default","twitter_image_url":null,"twitter_image_custom_url":null,"twitter_image_custom_fields":null,"twitter_title":null,"twitter_description":null,"schema":{"blockGraphs":[],"customGraphs":[],"default":{"data":{"Article":[],"Course":[],"Dataset":[],"FAQPage":[],"Movie":[],"Person":[],"Product":[],"ProductReview":[],"Car":[],"Recipe":[],"Service":[],"SoftwareApplication":[],"WebPage":[]},"graphName":"","isEnabled":true},"graphs":[],"defaultGraph":"","defaultPostTypeGraph":""},"schema_type":null,"schema_type_options":null,"pillar_content":false,"robots_default":true,"robots_noindex":false,"robots_noarchive":false,"robots_nosnippet":false,"robots_nofollow":false,"robots_noimageindex":false,"robots_noodp":false,"robots_notranslate":false,"robots_max_snippet":null,"robots_max_videopreview":null,"robots_max_imagepreview":"large","priority":null,"frequency":null,"local_seo":null,"seo_analyzer_scan_date":"2025-12-05 18:32:06","breadcrumb_settings":null,"limit_modified_date":false,"open_ai":null,"ai":null,"created":"2020-12-21 12:58:24","updated":"2025-12-05 18:32:06","focus_keyword":null,"additional_keywords":null,"truseo_locale":null},"aioseo_breadcrumb":"<div class=\"aioseo-breadcrumbs\"><span class=\"aioseo-breadcrumb\">\n\t<a href=\"https:\/\/www.eldigitaldeasturias.com\/noticias\" title=\"Home\">Home<\/a>\n<\/span><span class=\"aioseo-breadcrumb-separator\">\u2013<\/span><span class=\"aioseo-breadcrumb\">\n\t<a href=\"https:\/\/www.eldigitaldeasturias.com\/noticias\/category\/actualidad\/\" title=\"Actualidad\">Actualidad<\/a>\n<\/span><span class=\"aioseo-breadcrumb-separator\">\u2013<\/span><span class=\"aioseo-breadcrumb\">\n\t<a href=\"https:\/\/www.eldigitaldeasturias.com\/noticias\/araid-acudira-al-foro-internacional-sobre-medicina-en-taizhou\/\" title=\"ARAID acudir\u00e1 al Foro Internacional sobre medicina en Taizhou\">ARAID acudir\u00e1 al Foro Internacional sobre medicina en Taizhou<\/a>\n<\/span><\/div>","aioseo_breadcrumb_json":[{"label":"Home","link":"https:\/\/www.eldigitaldeasturias.com\/noticias"},{"label":"Actualidad","link":"https:\/\/www.eldigitaldeasturias.com\/noticias\/category\/actualidad\/"},{"label":"ARAID acudir\u00e1 al Foro Internacional sobre medicina en Taizhou","link":"https:\/\/www.eldigitaldeasturias.com\/noticias\/araid-acudira-al-foro-internacional-sobre-medicina-en-taizhou\/"}],"_links":{"self":[{"href":"https:\/\/www.eldigitaldeasturias.com\/noticias\/wp-json\/wp\/v2\/posts\/951225","targetHints":{"allow":["GET"]}}],"collection":[{"href":"https:\/\/www.eldigitaldeasturias.com\/noticias\/wp-json\/wp\/v2\/posts"}],"about":[{"href":"https:\/\/www.eldigitaldeasturias.com\/noticias\/wp-json\/wp\/v2\/types\/post"}],"author":[{"embeddable":true,"href":"https:\/\/www.eldigitaldeasturias.com\/noticias\/wp-json\/wp\/v2\/users\/1"}],"replies":[{"embeddable":true,"href":"https:\/\/www.eldigitaldeasturias.com\/noticias\/wp-json\/wp\/v2\/comments?post=951225"}],"version-history":[{"count":0,"href":"https:\/\/www.eldigitaldeasturias.com\/noticias\/wp-json\/wp\/v2\/posts\/951225\/revisions"}],"wp:attachment":[{"href":"https:\/\/www.eldigitaldeasturias.com\/noticias\/wp-json\/wp\/v2\/media?parent=951225"}],"wp:term":[{"taxonomy":"category","embeddable":true,"href":"https:\/\/www.eldigitaldeasturias.com\/noticias\/wp-json\/wp\/v2\/categories?post=951225"},{"taxonomy":"post_tag","embeddable":true,"href":"https:\/\/www.eldigitaldeasturias.com\/noticias\/wp-json\/wp\/v2\/tags?post=951225"}],"curies":[{"name":"wp","href":"https:\/\/api.w.org\/{rel}","templated":true}]}}