{"id":951190,"date":"2017-08-29T00:07:57","date_gmt":"2017-08-29T00:07:57","guid":{"rendered":"http:\/\/www.eldigitaldeasturias.com\/noticias\/?p=951190"},"modified":"2017-08-29T00:07:57","modified_gmt":"2017-08-29T00:07:57","slug":"el-gobierno-balear-ve-necesaria-la-ley-del-cambio-climatico","status":"publish","type":"post","link":"https:\/\/www.eldigitaldeasturias.com\/noticias\/el-gobierno-balear-ve-necesaria-la-ley-del-cambio-climatico\/","title":{"rendered":"El gobierno balear ve necesaria la ley del cambio clim\u00e1tico"},"content":{"rendered":"<p><img loading=\"lazy\" decoding=\"async\" class=\"alignleft size-medium wp-image-951191\" src=\"https:\/\/www.eldigitaldeasturias.com\/noticias\/wp-content\/uploads\/2017\/08\/2183260-360x216.jpg\" alt=\"\" width=\"360\" height=\"216\" \/>El consejero de Territorio, Energ\u00eda y Movilidad, Marc Pons, acompa\u00f1ado del director general de Energ\u00eda y Cambio Clim\u00e1tico, Joan Groizard, ha anunciado que la <strong>primera ley del cambio clim\u00e1tico de las Islas Baleares<\/strong> ser\u00e1 una de las prioridades del nuevo curso pol\u00edtico y ha adelantado que el objetivo es que el Govern pueda aprobar el anteproyecto en el primer trimestre de 2018 para que entonces la norma inicie la tramitaci\u00f3n parlamentaria.<\/p>\n<p>La ley tiene que ser el marco legal que permita alcanzar el objetivo de emisiones cero en el a\u00f1o 2050 en las Islas Baleares y que permita adaptar los diferentes sectores de las Islas a los cambios que ya est\u00e1n en marcha y a los que la comunidad cient\u00edfica alerta que pueden acaecer.<\/p>\n<p>En esta l\u00ednea, el consejero ha destacado que este Govern ha tomado medidas concretas en coherencia con este objetivo, como la compra de energ\u00edas renovables, el fomento del autoconsumo, el impulso del veh\u00edculo el\u00e9ctrico, las l\u00edneas de subvenci\u00f3n, la tramitaci\u00f3n de proyectos renovables o el Plan de Transici\u00f3n Energ\u00e9tica, que pretende por primera vez definir el futuro energ\u00e9tico de las Islas desde aqu\u00ed con medidas concretas como el cierre de los centros de producci\u00f3n energ\u00e9tico m\u00e1s contaminantes y la implantaci\u00f3n de sistemas de generaci\u00f3n renovable, pero que es evidente que se necesita un marco legal para alcanzar los objetivos marcados.<\/p>\n<p>\u201cEs imprescindible un marco legal, la futura ley del cambio clim\u00e1tico, que implique a las administraciones pero tambi\u00e9n al conjunto de la sociedad a corto, medio y largo plazo, y que defina l\u00edneas de acci\u00f3n todav\u00eda m\u00e1s amplias para hacer posible el objetivo principal de hacer de las Islas Baleares un espacio sin emisiones y resiliente al cambio clim\u00e1tico\u201d, ha a\u00f1adido el consejero.<\/p>\n<p>Tiene que ser una ley de consenso \u2014ha destacado el consejero\u2014 porque su horizonte tiene que garantizar su aplicaci\u00f3n.<\/p>\n<p>As\u00ed, en la primera fase de preparaci\u00f3n de esta ley se ha llevado a t\u00e9rmino un proceso participativo con el fin de recoger la opini\u00f3n de la sociedad sobre la influencia del cambio clim\u00e1tico en las Islas Baleares y el resultado avala la necesidad de tomar medidas de manera urgente.<\/p>\n<p>Se han recibido unas 2.000 respuestas individuales y se han realizado talleres de debate ciudadano y sectoriales con participaci\u00f3n de m\u00e1s de 35 empresas, entidades, asociaciones y tambi\u00e9n partidos pol\u00edticos.<\/p>\n<p>El n\u00facleo de participaci\u00f3n m\u00e1s importante ha sido la encuesta en l\u00ednea a trav\u00e9s de la p\u00e1gina <span style=\"color: #ff0000;\"><strong>canviclimatic.caib.es<\/strong><\/span>, donde hubo 700 inscripciones. Adem\u00e1s, se tienen que a\u00f1adir los participantes en los talleres y las mesas sectoriales, y las aproximadamente 1.200 personas que respondieron en diciembre del a\u00f1o pasado a la \u201cPregunta del mes\u201d que plante\u00f3 el Gobierno de las Islas Baleares sobre la percepci\u00f3n ciudadana de introducir energ\u00edas limpias.<\/p>\n<p>El consejero Marc Pons y el director general de Cambio Clim\u00e1tico han destacado como conclusi\u00f3n global del proceso participativo que la sociedad reclama medidas urgentes y vinculantes para la lucha contra el cambio clim\u00e1tico.<\/p>\n<p>&nbsp;<\/p>\n","protected":false},"excerpt":{"rendered":"<p>El consejero de Territorio, Energ\u00eda y Movilidad, Marc Pons, acompa\u00f1ado del director general de Energ\u00eda y Cambio Clim\u00e1tico, Joan Groizard, ha anunciado que la primera ley del cambio clim\u00e1tico de las Islas Baleares ser\u00e1 una de las prioridades del nuevo curso pol\u00edtico y ha adelantado que el objetivo es que el Govern pueda aprobar el [&hellip;]<\/p>\n","protected":false},"author":1,"featured_media":951191,"comment_status":"closed","ping_status":"closed","sticky":false,"template":"","format":"standard","meta":{"footnotes":""},"categories":[1],"tags":[],"class_list":["post-951190","post","type-post","status-publish","format-standard","has-post-thumbnail","hentry","category-actualidad"],"aioseo_notices":[],"aioseo_head":"\n\t\t<!-- All in One SEO Pro 5.0.1 - aioseo.com -->\n\t<meta name=\"description\" content=\"El consejero de Territorio, Energ\u00eda y Movilidad, Marc Pons, acompa\u00f1ado del director general de Energ\u00eda y Cambio Clim\u00e1tico, Joan Groizard, ha anunciado que la primera ley del cambio clim\u00e1tico de las Islas Baleares ser\u00e1 una de las prioridades del nuevo curso pol\u00edtico y ha adelantado que el objetivo es que el Govern pueda aprobar el\" \/>\n\t<meta name=\"robots\" content=\"max-image-preview:large\" \/>\n\t<meta name=\"author\" content=\"El Digital de Asturias\"\/>\n\t<meta name=\"google-site-verification\" content=\"UA-38556648-1\" \/>\n\t<meta name=\"msvalidate.01\" content=\"7dfe9f3f1b24437ab69f4f2559babe99\" \/>\n\t<meta name=\"keywords\" content=\"actualidad\" \/>\n\t<link rel=\"canonical\" href=\"https:\/\/www.eldigitaldeasturias.com\/noticias\/el-gobierno-balear-ve-necesaria-la-ley-del-cambio-climatico\/\" \/>\n\t<meta name=\"generator\" content=\"All in One SEO Pro (AIOSEO) 5.0.1\" \/>\n\t\t<meta property=\"og:locale\" content=\"es_ES\" \/>\n\t\t<meta property=\"og:site_name\" content=\"El Digital de Asturias\" \/>\n\t\t<meta property=\"og:type\" content=\"article\" \/>\n\t\t<meta property=\"og:title\" content=\"El gobierno balear ve necesaria la ley del cambio clim\u00e1tico - El Digital de Asturias\" \/>\n\t\t<meta property=\"og:description\" content=\"El consejero de Territorio, Energ\u00eda y Movilidad, Marc Pons, acompa\u00f1ado del director general de Energ\u00eda y Cambio Clim\u00e1tico, Joan Groizard, ha anunciado que la primera ley del cambio clim\u00e1tico de las Islas Baleares ser\u00e1 una de las prioridades del nuevo curso pol\u00edtico y ha adelantado que el objetivo es que el Govern pueda aprobar el\" \/>\n\t\t<meta property=\"og:url\" content=\"https:\/\/www.eldigitaldeasturias.com\/noticias\/el-gobierno-balear-ve-necesaria-la-ley-del-cambio-climatico\/\" \/>\n\t\t<meta property=\"article:tag\" content=\"actualidad\" \/>\n\t\t<meta property=\"article:published_time\" content=\"2017-08-29T00:07:57+00:00\" \/>\n\t\t<meta property=\"article:modified_time\" content=\"2017-08-29T00:07:57+00:00\" \/>\n\t\t<meta property=\"article:publisher\" content=\"https:\/\/facebook.com\/eldigitaldeasturias\" \/>\n\t\t<meta name=\"twitter:card\" content=\"summary_large_image\" \/>\n\t\t<meta name=\"twitter:title\" content=\"El gobierno balear ve necesaria la ley del cambio clim\u00e1tico - El Digital de Asturias\" \/>\n\t\t<meta name=\"twitter:description\" content=\"El consejero de Territorio, Energ\u00eda y Movilidad, Marc Pons, acompa\u00f1ado del director general de Energ\u00eda y Cambio Clim\u00e1tico, Joan Groizard, ha anunciado que la primera ley del cambio clim\u00e1tico de las Islas Baleares ser\u00e1 una de las prioridades del nuevo curso pol\u00edtico y ha adelantado que el objetivo es que el Govern pueda aprobar el\" \/>\n\t\t<meta name=\"twitter:image\" content=\"https:\/\/www.eldigitaldeasturias.com\/noticias\/wp-content\/uploads\/2020\/12\/EDA-1.jpg\" \/>\n\t\t<meta name=\"twitter:label1\" content=\"Escrito por\" \/>\n\t\t<meta name=\"twitter:data1\" content=\"El Digital de Asturias\" \/>\n\t\t<meta name=\"twitter:label2\" content=\"Tiempo de lectura estimado\" \/>\n\t\t<meta name=\"twitter:data2\" content=\"3 minutos\" \/>\n\t\t<script type=\"application\/ld+json\" class=\"aioseo-schema\">\n\t\t\t{\"@context\":\"https:\\\/\\\/schema.org\",\"@graph\":[{\"@type\":\"BlogPosting\",\"@id\":\"https:\\\/\\\/www.eldigitaldeasturias.com\\\/noticias\\\/el-gobierno-balear-ve-necesaria-la-ley-del-cambio-climatico\\\/#blogposting\",\"name\":\"El gobierno balear ve necesaria la ley del cambio clim\\u00e1tico - El Digital de Asturias\",\"headline\":\"El gobierno balear ve necesaria la ley del cambio clim\\u00e1tico\",\"author\":{\"@id\":\"https:\\\/\\\/www.eldigitaldeasturias.com\\\/noticias\\\/author\\\/admin\\\/#author\"},\"publisher\":{\"@id\":\"https:\\\/\\\/www.eldigitaldeasturias.com\\\/noticias\\\/#organization\"},\"image\":{\"@type\":\"ImageObject\",\"url\":951191},\"datePublished\":\"2017-08-29T00:07:57+02:00\",\"dateModified\":\"2017-08-29T00:07:57+02:00\",\"inLanguage\":\"es-ES\",\"mainEntityOfPage\":{\"@id\":\"https:\\\/\\\/www.eldigitaldeasturias.com\\\/noticias\\\/el-gobierno-balear-ve-necesaria-la-ley-del-cambio-climatico\\\/#webpage\"},\"isPartOf\":{\"@id\":\"https:\\\/\\\/www.eldigitaldeasturias.com\\\/noticias\\\/el-gobierno-balear-ve-necesaria-la-ley-del-cambio-climatico\\\/#webpage\"},\"articleSection\":\"Actualidad\"},{\"@type\":\"BreadcrumbList\",\"@id\":\"https:\\\/\\\/www.eldigitaldeasturias.com\\\/noticias\\\/el-gobierno-balear-ve-necesaria-la-ley-del-cambio-climatico\\\/#breadcrumblist\",\"itemListElement\":[{\"@type\":\"ListItem\",\"@id\":\"https:\\\/\\\/www.eldigitaldeasturias.com\\\/noticias#listItem\",\"position\":1,\"name\":\"Home\",\"item\":\"https:\\\/\\\/www.eldigitaldeasturias.com\\\/noticias\",\"nextItem\":{\"@type\":\"ListItem\",\"@id\":\"https:\\\/\\\/www.eldigitaldeasturias.com\\\/noticias\\\/category\\\/actualidad\\\/#listItem\",\"name\":\"Actualidad\"}},{\"@type\":\"ListItem\",\"@id\":\"https:\\\/\\\/www.eldigitaldeasturias.com\\\/noticias\\\/category\\\/actualidad\\\/#listItem\",\"position\":2,\"name\":\"Actualidad\",\"item\":\"https:\\\/\\\/www.eldigitaldeasturias.com\\\/noticias\\\/category\\\/actualidad\\\/\",\"nextItem\":{\"@type\":\"ListItem\",\"@id\":\"https:\\\/\\\/www.eldigitaldeasturias.com\\\/noticias\\\/el-gobierno-balear-ve-necesaria-la-ley-del-cambio-climatico\\\/#listItem\",\"name\":\"El gobierno balear ve necesaria la ley del cambio clim\\u00e1tico\"},\"previousItem\":{\"@type\":\"ListItem\",\"@id\":\"https:\\\/\\\/www.eldigitaldeasturias.com\\\/noticias#listItem\",\"name\":\"Home\"}},{\"@type\":\"ListItem\",\"@id\":\"https:\\\/\\\/www.eldigitaldeasturias.com\\\/noticias\\\/el-gobierno-balear-ve-necesaria-la-ley-del-cambio-climatico\\\/#listItem\",\"position\":3,\"name\":\"El gobierno balear ve necesaria la ley del cambio clim\\u00e1tico\",\"previousItem\":{\"@type\":\"ListItem\",\"@id\":\"https:\\\/\\\/www.eldigitaldeasturias.com\\\/noticias\\\/category\\\/actualidad\\\/#listItem\",\"name\":\"Actualidad\"}}]},{\"@type\":\"Organization\",\"@id\":\"https:\\\/\\\/www.eldigitaldeasturias.com\\\/noticias\\\/#organization\",\"name\":\"El Digital de Asturias\",\"description\":\"Hemeroteca\",\"url\":\"https:\\\/\\\/www.eldigitaldeasturias.com\\\/noticias\\\/\",\"email\":\"info@eldigitaldeasturias.com\",\"telephone\":\"+34652131393\",\"logo\":{\"@type\":\"ImageObject\",\"url\":\"https:\\\/\\\/www.eldigitaldeasturias.com\\\/noticias\\\/wp-content\\\/uploads\\\/2020\\\/12\\\/EDA.jpg\",\"@id\":\"https:\\\/\\\/www.eldigitaldeasturias.com\\\/noticias\\\/el-gobierno-balear-ve-necesaria-la-ley-del-cambio-climatico\\\/#organizationLogo\"},\"image\":{\"@id\":\"https:\\\/\\\/www.eldigitaldeasturias.com\\\/noticias\\\/el-gobierno-balear-ve-necesaria-la-ley-del-cambio-climatico\\\/#organizationLogo\"},\"sameAs\":[\"https:\\\/\\\/facebook.com\\\/eldigitaldeasturias\",\"https:\\\/\\\/www.youtube.com\\\/channel\\\/UCZP-2wLEB9Rv6erhFmqVnvg\"],\"address\":{\"@id\":\"https:\\\/\\\/www.eldigitaldeasturias.com\\\/noticias\\\/#postaladdress\",\"@type\":\"PostalAddress\",\"streetAddress\":\"san antonio 4\",\"postalCode\":\"33430\",\"addressLocality\":\"Cand\\u00e1s\",\"addressRegion\":\"Asturias\",\"addressCountry\":\"ES\"}},{\"@type\":\"Person\",\"@id\":\"https:\\\/\\\/www.eldigitaldeasturias.com\\\/noticias\\\/author\\\/admin\\\/#author\",\"url\":\"https:\\\/\\\/www.eldigitaldeasturias.com\\\/noticias\\\/author\\\/admin\\\/\",\"name\":\"El Digital de Asturias\",\"image\":{\"@type\":\"ImageObject\",\"@id\":\"https:\\\/\\\/www.eldigitaldeasturias.com\\\/noticias\\\/el-gobierno-balear-ve-necesaria-la-ley-del-cambio-climatico\\\/#authorImage\",\"url\":\"https:\\\/\\\/secure.gravatar.com\\\/avatar\\\/df2aeffc32bcd13f8d26072ef8a91b623d677766deac7f97ca815868cd41bf5e?s=96&d=mm&r=g\",\"width\":96,\"height\":96,\"caption\":\"El Digital de Asturias\"}},{\"@type\":\"WebPage\",\"@id\":\"https:\\\/\\\/www.eldigitaldeasturias.com\\\/noticias\\\/el-gobierno-balear-ve-necesaria-la-ley-del-cambio-climatico\\\/#webpage\",\"url\":\"https:\\\/\\\/www.eldigitaldeasturias.com\\\/noticias\\\/el-gobierno-balear-ve-necesaria-la-ley-del-cambio-climatico\\\/\",\"name\":\"El gobierno balear ve necesaria la ley del cambio clim\\u00e1tico - El Digital de Asturias\",\"description\":\"El consejero de Territorio, Energ\\u00eda y Movilidad, Marc Pons, acompa\\u00f1ado del director general de Energ\\u00eda y Cambio Clim\\u00e1tico, Joan Groizard, ha anunciado que la primera ley del cambio clim\\u00e1tico de las Islas Baleares ser\\u00e1 una de las prioridades del nuevo curso pol\\u00edtico y ha adelantado que el objetivo es que el Govern pueda aprobar el\",\"inLanguage\":\"es-ES\",\"isPartOf\":{\"@id\":\"https:\\\/\\\/www.eldigitaldeasturias.com\\\/noticias\\\/#website\"},\"breadcrumb\":{\"@id\":\"https:\\\/\\\/www.eldigitaldeasturias.com\\\/noticias\\\/el-gobierno-balear-ve-necesaria-la-ley-del-cambio-climatico\\\/#breadcrumblist\"},\"author\":{\"@id\":\"https:\\\/\\\/www.eldigitaldeasturias.com\\\/noticias\\\/author\\\/admin\\\/#author\"},\"creator\":{\"@id\":\"https:\\\/\\\/www.eldigitaldeasturias.com\\\/noticias\\\/author\\\/admin\\\/#author\"},\"image\":{\"@type\":\"ImageObject\",\"url\":951191,\"@id\":\"https:\\\/\\\/www.eldigitaldeasturias.com\\\/noticias\\\/el-gobierno-balear-ve-necesaria-la-ley-del-cambio-climatico\\\/#mainImage\"},\"primaryImageOfPage\":{\"@id\":\"https:\\\/\\\/www.eldigitaldeasturias.com\\\/noticias\\\/el-gobierno-balear-ve-necesaria-la-ley-del-cambio-climatico\\\/#mainImage\"},\"datePublished\":\"2017-08-29T00:07:57+02:00\",\"dateModified\":\"2017-08-29T00:07:57+02:00\"},{\"@type\":\"WebSite\",\"@id\":\"https:\\\/\\\/www.eldigitaldeasturias.com\\\/noticias\\\/#website\",\"url\":\"https:\\\/\\\/www.eldigitaldeasturias.com\\\/noticias\\\/\",\"name\":\"El Digital de Asturias - Diario de actualidad y noticias\",\"alternateName\":\"El Digital de Asturias - Diario de actualidad y noticias\",\"description\":\"Hemeroteca\",\"inLanguage\":\"es-ES\",\"publisher\":{\"@id\":\"https:\\\/\\\/www.eldigitaldeasturias.com\\\/noticias\\\/#organization\"}}]}\n\t\t<\/script>\n\t\t<!-- All in One SEO Pro -->\r\n\t\t<title>El gobierno balear ve necesaria la ley del cambio clim\u00e1tico - El Digital de Asturias<\/title>\n\n","aioseo_head_json":{"title":"El gobierno balear ve necesaria la ley del cambio clim\u00e1tico - El Digital de Asturias","description":"El consejero de Territorio, Energ\u00eda y Movilidad, Marc Pons, acompa\u00f1ado del director general de Energ\u00eda y Cambio Clim\u00e1tico, Joan Groizard, ha anunciado que la primera ley del cambio clim\u00e1tico de las Islas Baleares ser\u00e1 una de las prioridades del nuevo curso pol\u00edtico y ha adelantado que el objetivo es que el Govern pueda aprobar el","canonical_url":"https:\/\/www.eldigitaldeasturias.com\/noticias\/el-gobierno-balear-ve-necesaria-la-ley-del-cambio-climatico\/","robots":"max-image-preview:large","keywords":"actualidad","webmasterTools":{"google-site-verification":"UA-38556648-1","msvalidate.01":"7dfe9f3f1b24437ab69f4f2559babe99","miscellaneous":""},"schema":{"@context":"https:\/\/schema.org","@graph":[{"@type":"BlogPosting","@id":"https:\/\/www.eldigitaldeasturias.com\/noticias\/el-gobierno-balear-ve-necesaria-la-ley-del-cambio-climatico\/#blogposting","name":"El gobierno balear ve necesaria la ley del cambio clim\u00e1tico - El Digital de Asturias","headline":"El gobierno balear ve necesaria la ley del cambio clim\u00e1tico","author":{"@id":"https:\/\/www.eldigitaldeasturias.com\/noticias\/author\/admin\/#author"},"publisher":{"@id":"https:\/\/www.eldigitaldeasturias.com\/noticias\/#organization"},"image":{"@type":"ImageObject","url":951191},"datePublished":"2017-08-29T00:07:57+02:00","dateModified":"2017-08-29T00:07:57+02:00","inLanguage":"es-ES","mainEntityOfPage":{"@id":"https:\/\/www.eldigitaldeasturias.com\/noticias\/el-gobierno-balear-ve-necesaria-la-ley-del-cambio-climatico\/#webpage"},"isPartOf":{"@id":"https:\/\/www.eldigitaldeasturias.com\/noticias\/el-gobierno-balear-ve-necesaria-la-ley-del-cambio-climatico\/#webpage"},"articleSection":"Actualidad"},{"@type":"BreadcrumbList","@id":"https:\/\/www.eldigitaldeasturias.com\/noticias\/el-gobierno-balear-ve-necesaria-la-ley-del-cambio-climatico\/#breadcrumblist","itemListElement":[{"@type":"ListItem","@id":"https:\/\/www.eldigitaldeasturias.com\/noticias#listItem","position":1,"name":"Home","item":"https:\/\/www.eldigitaldeasturias.com\/noticias","nextItem":{"@type":"ListItem","@id":"https:\/\/www.eldigitaldeasturias.com\/noticias\/category\/actualidad\/#listItem","name":"Actualidad"}},{"@type":"ListItem","@id":"https:\/\/www.eldigitaldeasturias.com\/noticias\/category\/actualidad\/#listItem","position":2,"name":"Actualidad","item":"https:\/\/www.eldigitaldeasturias.com\/noticias\/category\/actualidad\/","nextItem":{"@type":"ListItem","@id":"https:\/\/www.eldigitaldeasturias.com\/noticias\/el-gobierno-balear-ve-necesaria-la-ley-del-cambio-climatico\/#listItem","name":"El gobierno balear ve necesaria la ley del cambio clim\u00e1tico"},"previousItem":{"@type":"ListItem","@id":"https:\/\/www.eldigitaldeasturias.com\/noticias#listItem","name":"Home"}},{"@type":"ListItem","@id":"https:\/\/www.eldigitaldeasturias.com\/noticias\/el-gobierno-balear-ve-necesaria-la-ley-del-cambio-climatico\/#listItem","position":3,"name":"El gobierno balear ve necesaria la ley del cambio clim\u00e1tico","previousItem":{"@type":"ListItem","@id":"https:\/\/www.eldigitaldeasturias.com\/noticias\/category\/actualidad\/#listItem","name":"Actualidad"}}]},{"@type":"Organization","@id":"https:\/\/www.eldigitaldeasturias.com\/noticias\/#organization","name":"El Digital de Asturias","description":"Hemeroteca","url":"https:\/\/www.eldigitaldeasturias.com\/noticias\/","email":"info@eldigitaldeasturias.com","telephone":"+34652131393","logo":{"@type":"ImageObject","url":"https:\/\/www.eldigitaldeasturias.com\/noticias\/wp-content\/uploads\/2020\/12\/EDA.jpg","@id":"https:\/\/www.eldigitaldeasturias.com\/noticias\/el-gobierno-balear-ve-necesaria-la-ley-del-cambio-climatico\/#organizationLogo"},"image":{"@id":"https:\/\/www.eldigitaldeasturias.com\/noticias\/el-gobierno-balear-ve-necesaria-la-ley-del-cambio-climatico\/#organizationLogo"},"sameAs":["https:\/\/facebook.com\/eldigitaldeasturias","https:\/\/www.youtube.com\/channel\/UCZP-2wLEB9Rv6erhFmqVnvg"],"address":{"@id":"https:\/\/www.eldigitaldeasturias.com\/noticias\/#postaladdress","@type":"PostalAddress","streetAddress":"san antonio 4","postalCode":"33430","addressLocality":"Cand\u00e1s","addressRegion":"Asturias","addressCountry":"ES"}},{"@type":"Person","@id":"https:\/\/www.eldigitaldeasturias.com\/noticias\/author\/admin\/#author","url":"https:\/\/www.eldigitaldeasturias.com\/noticias\/author\/admin\/","name":"El Digital de Asturias","image":{"@type":"ImageObject","@id":"https:\/\/www.eldigitaldeasturias.com\/noticias\/el-gobierno-balear-ve-necesaria-la-ley-del-cambio-climatico\/#authorImage","url":"https:\/\/secure.gravatar.com\/avatar\/df2aeffc32bcd13f8d26072ef8a91b623d677766deac7f97ca815868cd41bf5e?s=96&d=mm&r=g","width":96,"height":96,"caption":"El Digital de Asturias"}},{"@type":"WebPage","@id":"https:\/\/www.eldigitaldeasturias.com\/noticias\/el-gobierno-balear-ve-necesaria-la-ley-del-cambio-climatico\/#webpage","url":"https:\/\/www.eldigitaldeasturias.com\/noticias\/el-gobierno-balear-ve-necesaria-la-ley-del-cambio-climatico\/","name":"El gobierno balear ve necesaria la ley del cambio clim\u00e1tico - El Digital de Asturias","description":"El consejero de Territorio, Energ\u00eda y Movilidad, Marc Pons, acompa\u00f1ado del director general de Energ\u00eda y Cambio Clim\u00e1tico, Joan Groizard, ha anunciado que la primera ley del cambio clim\u00e1tico de las Islas Baleares ser\u00e1 una de las prioridades del nuevo curso pol\u00edtico y ha adelantado que el objetivo es que el Govern pueda aprobar el","inLanguage":"es-ES","isPartOf":{"@id":"https:\/\/www.eldigitaldeasturias.com\/noticias\/#website"},"breadcrumb":{"@id":"https:\/\/www.eldigitaldeasturias.com\/noticias\/el-gobierno-balear-ve-necesaria-la-ley-del-cambio-climatico\/#breadcrumblist"},"author":{"@id":"https:\/\/www.eldigitaldeasturias.com\/noticias\/author\/admin\/#author"},"creator":{"@id":"https:\/\/www.eldigitaldeasturias.com\/noticias\/author\/admin\/#author"},"image":{"@type":"ImageObject","url":951191,"@id":"https:\/\/www.eldigitaldeasturias.com\/noticias\/el-gobierno-balear-ve-necesaria-la-ley-del-cambio-climatico\/#mainImage"},"primaryImageOfPage":{"@id":"https:\/\/www.eldigitaldeasturias.com\/noticias\/el-gobierno-balear-ve-necesaria-la-ley-del-cambio-climatico\/#mainImage"},"datePublished":"2017-08-29T00:07:57+02:00","dateModified":"2017-08-29T00:07:57+02:00"},{"@type":"WebSite","@id":"https:\/\/www.eldigitaldeasturias.com\/noticias\/#website","url":"https:\/\/www.eldigitaldeasturias.com\/noticias\/","name":"El Digital de Asturias - Diario de actualidad y noticias","alternateName":"El Digital de Asturias - Diario de actualidad y noticias","description":"Hemeroteca","inLanguage":"es-ES","publisher":{"@id":"https:\/\/www.eldigitaldeasturias.com\/noticias\/#organization"}}]},"og:locale":"es_ES","og:site_name":"El Digital de Asturias","og:type":"article","og:title":"El gobierno balear ve necesaria la ley del cambio clim\u00e1tico - El Digital de Asturias","og:description":"El consejero de Territorio, Energ\u00eda y Movilidad, Marc Pons, acompa\u00f1ado del director general de Energ\u00eda y Cambio Clim\u00e1tico, Joan Groizard, ha anunciado que la primera ley del cambio clim\u00e1tico de las Islas Baleares ser\u00e1 una de las prioridades del nuevo curso pol\u00edtico y ha adelantado que el objetivo es que el Govern pueda aprobar el","og:url":"https:\/\/www.eldigitaldeasturias.com\/noticias\/el-gobierno-balear-ve-necesaria-la-ley-del-cambio-climatico\/","article:tag":["actualidad"],"article:published_time":"2017-08-29T00:07:57+00:00","article:modified_time":"2017-08-29T00:07:57+00:00","article:publisher":"https:\/\/facebook.com\/eldigitaldeasturias","twitter:card":"summary_large_image","twitter:title":"El gobierno balear ve necesaria la ley del cambio clim\u00e1tico - El Digital de Asturias","twitter:description":"El consejero de Territorio, Energ\u00eda y Movilidad, Marc Pons, acompa\u00f1ado del director general de Energ\u00eda y Cambio Clim\u00e1tico, Joan Groizard, ha anunciado que la primera ley del cambio clim\u00e1tico de las Islas Baleares ser\u00e1 una de las prioridades del nuevo curso pol\u00edtico y ha adelantado que el objetivo es que el Govern pueda aprobar el","twitter:image":"https:\/\/www.eldigitaldeasturias.com\/noticias\/wp-content\/uploads\/2020\/12\/EDA-1.jpg","twitter:label1":"Escrito por","twitter:data1":"El Digital de Asturias","twitter:label2":"Tiempo de lectura estimado","twitter:data2":"3 minutos"},"aioseo_meta_data":{"post_id":"951190","title":null,"description":null,"keywords":null,"keyphrases":null,"primary_term":null,"canonical_url":null,"og_title":null,"og_description":null,"og_object_type":"default","og_image_type":"default","og_image_url":null,"og_image_width":null,"og_image_height":null,"og_image_custom_url":null,"og_image_custom_fields":null,"og_video":null,"og_custom_url":null,"og_article_section":null,"og_article_tags":null,"twitter_use_og":false,"twitter_card":"default","twitter_image_type":"default","twitter_image_url":null,"twitter_image_custom_url":null,"twitter_image_custom_fields":null,"twitter_title":null,"twitter_description":null,"schema":{"blockGraphs":[],"customGraphs":[],"default":{"data":{"Article":[],"Course":[],"Dataset":[],"FAQPage":[],"Movie":[],"Person":[],"Product":[],"ProductReview":[],"Car":[],"Recipe":[],"Service":[],"SoftwareApplication":[],"WebPage":[]},"graphName":"","isEnabled":true},"graphs":[],"defaultGraph":"","defaultPostTypeGraph":""},"schema_type":null,"schema_type_options":null,"pillar_content":false,"robots_default":true,"robots_noindex":false,"robots_noarchive":false,"robots_nosnippet":false,"robots_nofollow":false,"robots_noimageindex":false,"robots_noodp":false,"robots_notranslate":false,"robots_max_snippet":null,"robots_max_videopreview":null,"robots_max_imagepreview":"large","priority":null,"frequency":null,"local_seo":null,"seo_analyzer_scan_date":"2025-12-05 18:24:05","breadcrumb_settings":null,"limit_modified_date":false,"open_ai":null,"ai":null,"created":"2020-12-21 12:58:24","updated":"2025-12-05 18:24:05","focus_keyword":null,"additional_keywords":null,"truseo_locale":null},"aioseo_breadcrumb":"<div class=\"aioseo-breadcrumbs\"><span class=\"aioseo-breadcrumb\">\n\t<a href=\"https:\/\/www.eldigitaldeasturias.com\/noticias\" title=\"Home\">Home<\/a>\n<\/span><span class=\"aioseo-breadcrumb-separator\">\u2013<\/span><span class=\"aioseo-breadcrumb\">\n\t<a href=\"https:\/\/www.eldigitaldeasturias.com\/noticias\/category\/actualidad\/\" title=\"Actualidad\">Actualidad<\/a>\n<\/span><span class=\"aioseo-breadcrumb-separator\">\u2013<\/span><span class=\"aioseo-breadcrumb\">\n\t<a href=\"https:\/\/www.eldigitaldeasturias.com\/noticias\/el-gobierno-balear-ve-necesaria-la-ley-del-cambio-climatico\/\" title=\"El gobierno balear ve necesaria la ley del cambio clim\u00e1tico\">El gobierno balear ve necesaria la ley del cambio clim\u00e1tico<\/a>\n<\/span><\/div>","aioseo_breadcrumb_json":[{"label":"Home","link":"https:\/\/www.eldigitaldeasturias.com\/noticias"},{"label":"Actualidad","link":"https:\/\/www.eldigitaldeasturias.com\/noticias\/category\/actualidad\/"},{"label":"El gobierno balear ve necesaria la ley del cambio clim\u00e1tico","link":"https:\/\/www.eldigitaldeasturias.com\/noticias\/el-gobierno-balear-ve-necesaria-la-ley-del-cambio-climatico\/"}],"_links":{"self":[{"href":"https:\/\/www.eldigitaldeasturias.com\/noticias\/wp-json\/wp\/v2\/posts\/951190","targetHints":{"allow":["GET"]}}],"collection":[{"href":"https:\/\/www.eldigitaldeasturias.com\/noticias\/wp-json\/wp\/v2\/posts"}],"about":[{"href":"https:\/\/www.eldigitaldeasturias.com\/noticias\/wp-json\/wp\/v2\/types\/post"}],"author":[{"embeddable":true,"href":"https:\/\/www.eldigitaldeasturias.com\/noticias\/wp-json\/wp\/v2\/users\/1"}],"replies":[{"embeddable":true,"href":"https:\/\/www.eldigitaldeasturias.com\/noticias\/wp-json\/wp\/v2\/comments?post=951190"}],"version-history":[{"count":0,"href":"https:\/\/www.eldigitaldeasturias.com\/noticias\/wp-json\/wp\/v2\/posts\/951190\/revisions"}],"wp:attachment":[{"href":"https:\/\/www.eldigitaldeasturias.com\/noticias\/wp-json\/wp\/v2\/media?parent=951190"}],"wp:term":[{"taxonomy":"category","embeddable":true,"href":"https:\/\/www.eldigitaldeasturias.com\/noticias\/wp-json\/wp\/v2\/categories?post=951190"},{"taxonomy":"post_tag","embeddable":true,"href":"https:\/\/www.eldigitaldeasturias.com\/noticias\/wp-json\/wp\/v2\/tags?post=951190"}],"curies":[{"name":"wp","href":"https:\/\/api.w.org\/{rel}","templated":true}]}}