{"id":951184,"date":"2017-08-29T00:00:17","date_gmt":"2017-08-29T00:00:17","guid":{"rendered":"http:\/\/www.eldigitaldeasturias.com\/noticias\/?p=951184"},"modified":"2017-08-29T00:00:17","modified_gmt":"2017-08-29T00:00:17","slug":"baleares-regulara-las-filmaciones-en-los-espacios-naturales-protegidos","status":"publish","type":"post","link":"https:\/\/www.eldigitaldeasturias.com\/noticias\/baleares-regulara-las-filmaciones-en-los-espacios-naturales-protegidos\/","title":{"rendered":"Baleares regular\u00e1 las filmaciones en los espacios naturales protegidos"},"content":{"rendered":"<p><img loading=\"lazy\" decoding=\"async\" class=\"alignleft size-medium wp-image-951185\" src=\"https:\/\/www.eldigitaldeasturias.com\/noticias\/wp-content\/uploads\/2017\/08\/2182980-360x270.jpg\" alt=\"\" width=\"360\" height=\"270\" \/>El consejero de Medio Ambiente, Agricultura y Pesca, Vicen\u00e7 Vidal, y la consejera de Cultura, Participaci\u00f3n y Deportes, Fanny Tur, han firmado un acuerdo con el fin de establecer conjuntamente las pautas en las cuales se tiene que fomentar la regulaci\u00f3n de las actividades de filmaci\u00f3n, sesiones fotogr\u00e1ficas y otros tipos de producciones audiovisuales profesionales en los espacios protegidos de la Red Naturaleza 2000 de las Islas Baleares, sin perjuicio de las competencias de la Consejer\u00eda de Medio Ambiente para tramitar, posteriormente, el procedimiento que corresponda.<\/p>\n<p>En los \u00faltimos a\u00f1os se han incrementado el n\u00famero de solicitudes que llegan a la Direcci\u00f3n General de Espacios Naturales y Biodiversidad de la Consejer\u00eda de Medio Ambiente, Agricultura y Pesca para actividades de filmaci\u00f3n, sesiones fotogr\u00e1ficas y otros tipos de producciones audiovisuales profesionales en los espacios de relevancia ambiental de las Islas Baleares. Por eso, esta Direcci\u00f3n General trabaja en la elaboraci\u00f3n de una serie de criterios de buenas pr\u00e1cticas para que los profesionales que quieran llevar a cabo estas actividades lo puedan hacer de una manera regulada que no ponga en riesgo la conservaci\u00f3n de los valores naturales de estos espacios. As\u00ed lo adelant\u00f3 el director general de Espacios Naturales y Biodiversidad, Miquel Mir, en el marco de las jornadas Green Film Shooting, organizadas por la Islas Baleares Film Commission y la Mallorca Film Commission.<\/p>\n<p>Las directrices que se preparan tienen la intenci\u00f3n de servir como a guiaje en la actuaci\u00f3n de los promotores de \u00e9stas de actividades, que sirvan para proyectarlas y ejecutarlas de manera que se eviten o reduzcan las repercusiones ocasionadas sobre los h\u00e1bitats y las especies de inter\u00e9s comunitario, facilitando que sean compatibles con la conservaci\u00f3n de los lugares de Red Naturaleza 2000.<\/p>\n<p>Al mismo tiempo, el hecho de que los promotores cumplan estas directrices facilitar\u00e1 el proceso de presentaci\u00f3n de las solicitudes de autorizaci\u00f3n, dado que especificar\u00e1n las pautas de desarrollo ambientalmente adecuadas y estandarizar\u00e1n la informaci\u00f3n requerida. Adem\u00e1s, se agilizar\u00e1 la tramitaci\u00f3n administrativa de las solicitudes, porque se evitar\u00e1 que los promotores tengan que enmendar las deficiencias en la documentaci\u00f3n aportada o presentar informaci\u00f3n adicional. Por otra parte, los promotores tendr\u00e1n que cumplir obligatoriamente unas condiciones m\u00ednimas generales que regir\u00e1n el dise\u00f1o y la ejecuci\u00f3n de la actividad, como indicar expl\u00edcitamente en la documentaci\u00f3n aportada con la solicitud que se cumplir\u00e1n todos los criterios que se requieren.<\/p>\n<p>Entre otros, los criterios tratan sobre el respeto de la fauna y la flora presentes, la ocupaci\u00f3n de las \u00e1reas de vegetaci\u00f3n natural, la regulaci\u00f3n del tr\u00e1fico de las personas y los veh\u00edculos, el n\u00famero de veh\u00edculos y de aparcamientos en zonas habilitadas, los rodajes fuera de la \u00e9poca de reproducci\u00f3n de las aves (de marzo a julio) en zonas sensibles, el compromiso de dejar la zona libres de residuos, el control de la iluminaci\u00f3n artificial y la contaminaci\u00f3n ac\u00fastica, las medidas para evitar el riesgo de incendio forestal, la insonorizaci\u00f3n de los generadores, ign\u00edfugos, fuera de zonas forestal e incluso el contacto con los agentes de medio ambiente antes de la actividad.<\/p>\n<p>En cualquier caso, la Direcci\u00f3n General se reserva el derecho de otorgar las autorizaciones y de imponer, si ocurre, las limitaciones y los condicionantes espec\u00edficos que se consideren necesarios para garantizar la conservaci\u00f3n del lugar, de acuerdo con la normativa reguladora del espacio natural protegido.<\/p>\n<p>&nbsp;<\/p>\n","protected":false},"excerpt":{"rendered":"<p>El consejero de Medio Ambiente, Agricultura y Pesca, Vicen\u00e7 Vidal, y la consejera de Cultura, Participaci\u00f3n y Deportes, Fanny Tur, han firmado un acuerdo con el fin de establecer conjuntamente las pautas en las cuales se tiene que fomentar la regulaci\u00f3n de las actividades de filmaci\u00f3n, sesiones fotogr\u00e1ficas y otros tipos de producciones audiovisuales profesionales [&hellip;]<\/p>\n","protected":false},"author":1,"featured_media":951185,"comment_status":"closed","ping_status":"closed","sticky":false,"template":"","format":"standard","meta":{"footnotes":""},"categories":[1],"tags":[],"class_list":["post-951184","post","type-post","status-publish","format-standard","has-post-thumbnail","hentry","category-actualidad"],"aioseo_notices":[],"aioseo_head":"\n\t\t<!-- All in One SEO Pro 5.0.1 - aioseo.com -->\n\t<meta name=\"description\" content=\"El consejero de Medio Ambiente, Agricultura y Pesca, Vicen\u00e7 Vidal, y la consejera de Cultura, Participaci\u00f3n y Deportes, Fanny Tur, han firmado un acuerdo con el fin de establecer conjuntamente las pautas en las cuales se tiene que fomentar la regulaci\u00f3n de las actividades de filmaci\u00f3n, sesiones fotogr\u00e1ficas y otros tipos de producciones audiovisuales profesionales\" \/>\n\t<meta name=\"robots\" content=\"max-image-preview:large\" \/>\n\t<meta name=\"author\" content=\"El Digital de Asturias\"\/>\n\t<meta name=\"google-site-verification\" content=\"UA-38556648-1\" \/>\n\t<meta name=\"msvalidate.01\" content=\"7dfe9f3f1b24437ab69f4f2559babe99\" \/>\n\t<meta name=\"keywords\" content=\"actualidad\" \/>\n\t<link rel=\"canonical\" href=\"https:\/\/www.eldigitaldeasturias.com\/noticias\/baleares-regulara-las-filmaciones-en-los-espacios-naturales-protegidos\/\" \/>\n\t<meta name=\"generator\" content=\"All in One SEO Pro (AIOSEO) 5.0.1\" \/>\n\t\t<meta property=\"og:locale\" content=\"es_ES\" \/>\n\t\t<meta property=\"og:site_name\" content=\"El Digital de Asturias\" \/>\n\t\t<meta property=\"og:type\" content=\"article\" \/>\n\t\t<meta property=\"og:title\" content=\"Baleares regular\u00e1 las filmaciones en los espacios naturales protegidos - El Digital de Asturias\" \/>\n\t\t<meta property=\"og:description\" content=\"El consejero de Medio Ambiente, Agricultura y Pesca, Vicen\u00e7 Vidal, y la consejera de Cultura, Participaci\u00f3n y Deportes, Fanny Tur, han firmado un acuerdo con el fin de establecer conjuntamente las pautas en las cuales se tiene que fomentar la regulaci\u00f3n de las actividades de filmaci\u00f3n, sesiones fotogr\u00e1ficas y otros tipos de producciones audiovisuales profesionales\" \/>\n\t\t<meta property=\"og:url\" content=\"https:\/\/www.eldigitaldeasturias.com\/noticias\/baleares-regulara-las-filmaciones-en-los-espacios-naturales-protegidos\/\" \/>\n\t\t<meta property=\"article:tag\" content=\"actualidad\" \/>\n\t\t<meta property=\"article:published_time\" content=\"2017-08-29T00:00:17+00:00\" \/>\n\t\t<meta property=\"article:modified_time\" content=\"2017-08-29T00:00:17+00:00\" \/>\n\t\t<meta property=\"article:publisher\" content=\"https:\/\/facebook.com\/eldigitaldeasturias\" \/>\n\t\t<meta name=\"twitter:card\" content=\"summary_large_image\" \/>\n\t\t<meta name=\"twitter:title\" content=\"Baleares regular\u00e1 las filmaciones en los espacios naturales protegidos - El Digital de Asturias\" \/>\n\t\t<meta name=\"twitter:description\" content=\"El consejero de Medio Ambiente, Agricultura y Pesca, Vicen\u00e7 Vidal, y la consejera de Cultura, Participaci\u00f3n y Deportes, Fanny Tur, han firmado un acuerdo con el fin de establecer conjuntamente las pautas en las cuales se tiene que fomentar la regulaci\u00f3n de las actividades de filmaci\u00f3n, sesiones fotogr\u00e1ficas y otros tipos de producciones audiovisuales profesionales\" \/>\n\t\t<meta name=\"twitter:image\" content=\"https:\/\/www.eldigitaldeasturias.com\/noticias\/wp-content\/uploads\/2020\/12\/EDA-1.jpg\" \/>\n\t\t<meta name=\"twitter:label1\" content=\"Escrito por\" \/>\n\t\t<meta name=\"twitter:data1\" content=\"El Digital de Asturias\" \/>\n\t\t<meta name=\"twitter:label2\" content=\"Tiempo de lectura estimado\" \/>\n\t\t<meta name=\"twitter:data2\" content=\"3 minutos\" \/>\n\t\t<script type=\"application\/ld+json\" class=\"aioseo-schema\">\n\t\t\t{\"@context\":\"https:\\\/\\\/schema.org\",\"@graph\":[{\"@type\":\"BlogPosting\",\"@id\":\"https:\\\/\\\/www.eldigitaldeasturias.com\\\/noticias\\\/baleares-regulara-las-filmaciones-en-los-espacios-naturales-protegidos\\\/#blogposting\",\"name\":\"Baleares regular\\u00e1 las filmaciones en los espacios naturales protegidos - El Digital de Asturias\",\"headline\":\"Baleares regular\\u00e1 las filmaciones en los espacios naturales protegidos\",\"author\":{\"@id\":\"https:\\\/\\\/www.eldigitaldeasturias.com\\\/noticias\\\/author\\\/admin\\\/#author\"},\"publisher\":{\"@id\":\"https:\\\/\\\/www.eldigitaldeasturias.com\\\/noticias\\\/#organization\"},\"image\":{\"@type\":\"ImageObject\",\"url\":951185},\"datePublished\":\"2017-08-29T00:00:17+02:00\",\"dateModified\":\"2017-08-29T00:00:17+02:00\",\"inLanguage\":\"es-ES\",\"mainEntityOfPage\":{\"@id\":\"https:\\\/\\\/www.eldigitaldeasturias.com\\\/noticias\\\/baleares-regulara-las-filmaciones-en-los-espacios-naturales-protegidos\\\/#webpage\"},\"isPartOf\":{\"@id\":\"https:\\\/\\\/www.eldigitaldeasturias.com\\\/noticias\\\/baleares-regulara-las-filmaciones-en-los-espacios-naturales-protegidos\\\/#webpage\"},\"articleSection\":\"Actualidad\"},{\"@type\":\"BreadcrumbList\",\"@id\":\"https:\\\/\\\/www.eldigitaldeasturias.com\\\/noticias\\\/baleares-regulara-las-filmaciones-en-los-espacios-naturales-protegidos\\\/#breadcrumblist\",\"itemListElement\":[{\"@type\":\"ListItem\",\"@id\":\"https:\\\/\\\/www.eldigitaldeasturias.com\\\/noticias#listItem\",\"position\":1,\"name\":\"Home\",\"item\":\"https:\\\/\\\/www.eldigitaldeasturias.com\\\/noticias\",\"nextItem\":{\"@type\":\"ListItem\",\"@id\":\"https:\\\/\\\/www.eldigitaldeasturias.com\\\/noticias\\\/category\\\/actualidad\\\/#listItem\",\"name\":\"Actualidad\"}},{\"@type\":\"ListItem\",\"@id\":\"https:\\\/\\\/www.eldigitaldeasturias.com\\\/noticias\\\/category\\\/actualidad\\\/#listItem\",\"position\":2,\"name\":\"Actualidad\",\"item\":\"https:\\\/\\\/www.eldigitaldeasturias.com\\\/noticias\\\/category\\\/actualidad\\\/\",\"nextItem\":{\"@type\":\"ListItem\",\"@id\":\"https:\\\/\\\/www.eldigitaldeasturias.com\\\/noticias\\\/baleares-regulara-las-filmaciones-en-los-espacios-naturales-protegidos\\\/#listItem\",\"name\":\"Baleares regular\\u00e1 las filmaciones en los espacios naturales protegidos\"},\"previousItem\":{\"@type\":\"ListItem\",\"@id\":\"https:\\\/\\\/www.eldigitaldeasturias.com\\\/noticias#listItem\",\"name\":\"Home\"}},{\"@type\":\"ListItem\",\"@id\":\"https:\\\/\\\/www.eldigitaldeasturias.com\\\/noticias\\\/baleares-regulara-las-filmaciones-en-los-espacios-naturales-protegidos\\\/#listItem\",\"position\":3,\"name\":\"Baleares regular\\u00e1 las filmaciones en los espacios naturales protegidos\",\"previousItem\":{\"@type\":\"ListItem\",\"@id\":\"https:\\\/\\\/www.eldigitaldeasturias.com\\\/noticias\\\/category\\\/actualidad\\\/#listItem\",\"name\":\"Actualidad\"}}]},{\"@type\":\"Organization\",\"@id\":\"https:\\\/\\\/www.eldigitaldeasturias.com\\\/noticias\\\/#organization\",\"name\":\"El Digital de Asturias\",\"description\":\"Hemeroteca\",\"url\":\"https:\\\/\\\/www.eldigitaldeasturias.com\\\/noticias\\\/\",\"email\":\"info@eldigitaldeasturias.com\",\"telephone\":\"+34652131393\",\"logo\":{\"@type\":\"ImageObject\",\"url\":\"https:\\\/\\\/www.eldigitaldeasturias.com\\\/noticias\\\/wp-content\\\/uploads\\\/2020\\\/12\\\/EDA.jpg\",\"@id\":\"https:\\\/\\\/www.eldigitaldeasturias.com\\\/noticias\\\/baleares-regulara-las-filmaciones-en-los-espacios-naturales-protegidos\\\/#organizationLogo\"},\"image\":{\"@id\":\"https:\\\/\\\/www.eldigitaldeasturias.com\\\/noticias\\\/baleares-regulara-las-filmaciones-en-los-espacios-naturales-protegidos\\\/#organizationLogo\"},\"sameAs\":[\"https:\\\/\\\/facebook.com\\\/eldigitaldeasturias\",\"https:\\\/\\\/www.youtube.com\\\/channel\\\/UCZP-2wLEB9Rv6erhFmqVnvg\"],\"address\":{\"@id\":\"https:\\\/\\\/www.eldigitaldeasturias.com\\\/noticias\\\/#postaladdress\",\"@type\":\"PostalAddress\",\"streetAddress\":\"san antonio 4\",\"postalCode\":\"33430\",\"addressLocality\":\"Cand\\u00e1s\",\"addressRegion\":\"Asturias\",\"addressCountry\":\"ES\"}},{\"@type\":\"Person\",\"@id\":\"https:\\\/\\\/www.eldigitaldeasturias.com\\\/noticias\\\/author\\\/admin\\\/#author\",\"url\":\"https:\\\/\\\/www.eldigitaldeasturias.com\\\/noticias\\\/author\\\/admin\\\/\",\"name\":\"El Digital de Asturias\",\"image\":{\"@type\":\"ImageObject\",\"@id\":\"https:\\\/\\\/www.eldigitaldeasturias.com\\\/noticias\\\/baleares-regulara-las-filmaciones-en-los-espacios-naturales-protegidos\\\/#authorImage\",\"url\":\"https:\\\/\\\/secure.gravatar.com\\\/avatar\\\/df2aeffc32bcd13f8d26072ef8a91b623d677766deac7f97ca815868cd41bf5e?s=96&d=mm&r=g\",\"width\":96,\"height\":96,\"caption\":\"El Digital de Asturias\"}},{\"@type\":\"WebPage\",\"@id\":\"https:\\\/\\\/www.eldigitaldeasturias.com\\\/noticias\\\/baleares-regulara-las-filmaciones-en-los-espacios-naturales-protegidos\\\/#webpage\",\"url\":\"https:\\\/\\\/www.eldigitaldeasturias.com\\\/noticias\\\/baleares-regulara-las-filmaciones-en-los-espacios-naturales-protegidos\\\/\",\"name\":\"Baleares regular\\u00e1 las filmaciones en los espacios naturales protegidos - El Digital de Asturias\",\"description\":\"El consejero de Medio Ambiente, Agricultura y Pesca, Vicen\\u00e7 Vidal, y la consejera de Cultura, Participaci\\u00f3n y Deportes, Fanny Tur, han firmado un acuerdo con el fin de establecer conjuntamente las pautas en las cuales se tiene que fomentar la regulaci\\u00f3n de las actividades de filmaci\\u00f3n, sesiones fotogr\\u00e1ficas y otros tipos de producciones audiovisuales profesionales\",\"inLanguage\":\"es-ES\",\"isPartOf\":{\"@id\":\"https:\\\/\\\/www.eldigitaldeasturias.com\\\/noticias\\\/#website\"},\"breadcrumb\":{\"@id\":\"https:\\\/\\\/www.eldigitaldeasturias.com\\\/noticias\\\/baleares-regulara-las-filmaciones-en-los-espacios-naturales-protegidos\\\/#breadcrumblist\"},\"author\":{\"@id\":\"https:\\\/\\\/www.eldigitaldeasturias.com\\\/noticias\\\/author\\\/admin\\\/#author\"},\"creator\":{\"@id\":\"https:\\\/\\\/www.eldigitaldeasturias.com\\\/noticias\\\/author\\\/admin\\\/#author\"},\"image\":{\"@type\":\"ImageObject\",\"url\":951185,\"@id\":\"https:\\\/\\\/www.eldigitaldeasturias.com\\\/noticias\\\/baleares-regulara-las-filmaciones-en-los-espacios-naturales-protegidos\\\/#mainImage\"},\"primaryImageOfPage\":{\"@id\":\"https:\\\/\\\/www.eldigitaldeasturias.com\\\/noticias\\\/baleares-regulara-las-filmaciones-en-los-espacios-naturales-protegidos\\\/#mainImage\"},\"datePublished\":\"2017-08-29T00:00:17+02:00\",\"dateModified\":\"2017-08-29T00:00:17+02:00\"},{\"@type\":\"WebSite\",\"@id\":\"https:\\\/\\\/www.eldigitaldeasturias.com\\\/noticias\\\/#website\",\"url\":\"https:\\\/\\\/www.eldigitaldeasturias.com\\\/noticias\\\/\",\"name\":\"El Digital de Asturias - Diario de actualidad y noticias\",\"alternateName\":\"El Digital de Asturias - Diario de actualidad y noticias\",\"description\":\"Hemeroteca\",\"inLanguage\":\"es-ES\",\"publisher\":{\"@id\":\"https:\\\/\\\/www.eldigitaldeasturias.com\\\/noticias\\\/#organization\"}}]}\n\t\t<\/script>\n\t\t<!-- All in One SEO Pro -->\r\n\t\t<title>Baleares regular\u00e1 las filmaciones en los espacios naturales protegidos - El Digital de Asturias<\/title>\n\n","aioseo_head_json":{"title":"Baleares regular\u00e1 las filmaciones en los espacios naturales protegidos - El Digital de Asturias","description":"El consejero de Medio Ambiente, Agricultura y Pesca, Vicen\u00e7 Vidal, y la consejera de Cultura, Participaci\u00f3n y Deportes, Fanny Tur, han firmado un acuerdo con el fin de establecer conjuntamente las pautas en las cuales se tiene que fomentar la regulaci\u00f3n de las actividades de filmaci\u00f3n, sesiones fotogr\u00e1ficas y otros tipos de producciones audiovisuales profesionales","canonical_url":"https:\/\/www.eldigitaldeasturias.com\/noticias\/baleares-regulara-las-filmaciones-en-los-espacios-naturales-protegidos\/","robots":"max-image-preview:large","keywords":"actualidad","webmasterTools":{"google-site-verification":"UA-38556648-1","msvalidate.01":"7dfe9f3f1b24437ab69f4f2559babe99","miscellaneous":""},"schema":{"@context":"https:\/\/schema.org","@graph":[{"@type":"BlogPosting","@id":"https:\/\/www.eldigitaldeasturias.com\/noticias\/baleares-regulara-las-filmaciones-en-los-espacios-naturales-protegidos\/#blogposting","name":"Baleares regular\u00e1 las filmaciones en los espacios naturales protegidos - El Digital de Asturias","headline":"Baleares regular\u00e1 las filmaciones en los espacios naturales protegidos","author":{"@id":"https:\/\/www.eldigitaldeasturias.com\/noticias\/author\/admin\/#author"},"publisher":{"@id":"https:\/\/www.eldigitaldeasturias.com\/noticias\/#organization"},"image":{"@type":"ImageObject","url":951185},"datePublished":"2017-08-29T00:00:17+02:00","dateModified":"2017-08-29T00:00:17+02:00","inLanguage":"es-ES","mainEntityOfPage":{"@id":"https:\/\/www.eldigitaldeasturias.com\/noticias\/baleares-regulara-las-filmaciones-en-los-espacios-naturales-protegidos\/#webpage"},"isPartOf":{"@id":"https:\/\/www.eldigitaldeasturias.com\/noticias\/baleares-regulara-las-filmaciones-en-los-espacios-naturales-protegidos\/#webpage"},"articleSection":"Actualidad"},{"@type":"BreadcrumbList","@id":"https:\/\/www.eldigitaldeasturias.com\/noticias\/baleares-regulara-las-filmaciones-en-los-espacios-naturales-protegidos\/#breadcrumblist","itemListElement":[{"@type":"ListItem","@id":"https:\/\/www.eldigitaldeasturias.com\/noticias#listItem","position":1,"name":"Home","item":"https:\/\/www.eldigitaldeasturias.com\/noticias","nextItem":{"@type":"ListItem","@id":"https:\/\/www.eldigitaldeasturias.com\/noticias\/category\/actualidad\/#listItem","name":"Actualidad"}},{"@type":"ListItem","@id":"https:\/\/www.eldigitaldeasturias.com\/noticias\/category\/actualidad\/#listItem","position":2,"name":"Actualidad","item":"https:\/\/www.eldigitaldeasturias.com\/noticias\/category\/actualidad\/","nextItem":{"@type":"ListItem","@id":"https:\/\/www.eldigitaldeasturias.com\/noticias\/baleares-regulara-las-filmaciones-en-los-espacios-naturales-protegidos\/#listItem","name":"Baleares regular\u00e1 las filmaciones en los espacios naturales protegidos"},"previousItem":{"@type":"ListItem","@id":"https:\/\/www.eldigitaldeasturias.com\/noticias#listItem","name":"Home"}},{"@type":"ListItem","@id":"https:\/\/www.eldigitaldeasturias.com\/noticias\/baleares-regulara-las-filmaciones-en-los-espacios-naturales-protegidos\/#listItem","position":3,"name":"Baleares regular\u00e1 las filmaciones en los espacios naturales protegidos","previousItem":{"@type":"ListItem","@id":"https:\/\/www.eldigitaldeasturias.com\/noticias\/category\/actualidad\/#listItem","name":"Actualidad"}}]},{"@type":"Organization","@id":"https:\/\/www.eldigitaldeasturias.com\/noticias\/#organization","name":"El Digital de Asturias","description":"Hemeroteca","url":"https:\/\/www.eldigitaldeasturias.com\/noticias\/","email":"info@eldigitaldeasturias.com","telephone":"+34652131393","logo":{"@type":"ImageObject","url":"https:\/\/www.eldigitaldeasturias.com\/noticias\/wp-content\/uploads\/2020\/12\/EDA.jpg","@id":"https:\/\/www.eldigitaldeasturias.com\/noticias\/baleares-regulara-las-filmaciones-en-los-espacios-naturales-protegidos\/#organizationLogo"},"image":{"@id":"https:\/\/www.eldigitaldeasturias.com\/noticias\/baleares-regulara-las-filmaciones-en-los-espacios-naturales-protegidos\/#organizationLogo"},"sameAs":["https:\/\/facebook.com\/eldigitaldeasturias","https:\/\/www.youtube.com\/channel\/UCZP-2wLEB9Rv6erhFmqVnvg"],"address":{"@id":"https:\/\/www.eldigitaldeasturias.com\/noticias\/#postaladdress","@type":"PostalAddress","streetAddress":"san antonio 4","postalCode":"33430","addressLocality":"Cand\u00e1s","addressRegion":"Asturias","addressCountry":"ES"}},{"@type":"Person","@id":"https:\/\/www.eldigitaldeasturias.com\/noticias\/author\/admin\/#author","url":"https:\/\/www.eldigitaldeasturias.com\/noticias\/author\/admin\/","name":"El Digital de Asturias","image":{"@type":"ImageObject","@id":"https:\/\/www.eldigitaldeasturias.com\/noticias\/baleares-regulara-las-filmaciones-en-los-espacios-naturales-protegidos\/#authorImage","url":"https:\/\/secure.gravatar.com\/avatar\/df2aeffc32bcd13f8d26072ef8a91b623d677766deac7f97ca815868cd41bf5e?s=96&d=mm&r=g","width":96,"height":96,"caption":"El Digital de Asturias"}},{"@type":"WebPage","@id":"https:\/\/www.eldigitaldeasturias.com\/noticias\/baleares-regulara-las-filmaciones-en-los-espacios-naturales-protegidos\/#webpage","url":"https:\/\/www.eldigitaldeasturias.com\/noticias\/baleares-regulara-las-filmaciones-en-los-espacios-naturales-protegidos\/","name":"Baleares regular\u00e1 las filmaciones en los espacios naturales protegidos - El Digital de Asturias","description":"El consejero de Medio Ambiente, Agricultura y Pesca, Vicen\u00e7 Vidal, y la consejera de Cultura, Participaci\u00f3n y Deportes, Fanny Tur, han firmado un acuerdo con el fin de establecer conjuntamente las pautas en las cuales se tiene que fomentar la regulaci\u00f3n de las actividades de filmaci\u00f3n, sesiones fotogr\u00e1ficas y otros tipos de producciones audiovisuales profesionales","inLanguage":"es-ES","isPartOf":{"@id":"https:\/\/www.eldigitaldeasturias.com\/noticias\/#website"},"breadcrumb":{"@id":"https:\/\/www.eldigitaldeasturias.com\/noticias\/baleares-regulara-las-filmaciones-en-los-espacios-naturales-protegidos\/#breadcrumblist"},"author":{"@id":"https:\/\/www.eldigitaldeasturias.com\/noticias\/author\/admin\/#author"},"creator":{"@id":"https:\/\/www.eldigitaldeasturias.com\/noticias\/author\/admin\/#author"},"image":{"@type":"ImageObject","url":951185,"@id":"https:\/\/www.eldigitaldeasturias.com\/noticias\/baleares-regulara-las-filmaciones-en-los-espacios-naturales-protegidos\/#mainImage"},"primaryImageOfPage":{"@id":"https:\/\/www.eldigitaldeasturias.com\/noticias\/baleares-regulara-las-filmaciones-en-los-espacios-naturales-protegidos\/#mainImage"},"datePublished":"2017-08-29T00:00:17+02:00","dateModified":"2017-08-29T00:00:17+02:00"},{"@type":"WebSite","@id":"https:\/\/www.eldigitaldeasturias.com\/noticias\/#website","url":"https:\/\/www.eldigitaldeasturias.com\/noticias\/","name":"El Digital de Asturias - Diario de actualidad y noticias","alternateName":"El Digital de Asturias - Diario de actualidad y noticias","description":"Hemeroteca","inLanguage":"es-ES","publisher":{"@id":"https:\/\/www.eldigitaldeasturias.com\/noticias\/#organization"}}]},"og:locale":"es_ES","og:site_name":"El Digital de Asturias","og:type":"article","og:title":"Baleares regular\u00e1 las filmaciones en los espacios naturales protegidos - El Digital de Asturias","og:description":"El consejero de Medio Ambiente, Agricultura y Pesca, Vicen\u00e7 Vidal, y la consejera de Cultura, Participaci\u00f3n y Deportes, Fanny Tur, han firmado un acuerdo con el fin de establecer conjuntamente las pautas en las cuales se tiene que fomentar la regulaci\u00f3n de las actividades de filmaci\u00f3n, sesiones fotogr\u00e1ficas y otros tipos de producciones audiovisuales profesionales","og:url":"https:\/\/www.eldigitaldeasturias.com\/noticias\/baleares-regulara-las-filmaciones-en-los-espacios-naturales-protegidos\/","article:tag":["actualidad"],"article:published_time":"2017-08-29T00:00:17+00:00","article:modified_time":"2017-08-29T00:00:17+00:00","article:publisher":"https:\/\/facebook.com\/eldigitaldeasturias","twitter:card":"summary_large_image","twitter:title":"Baleares regular\u00e1 las filmaciones en los espacios naturales protegidos - El Digital de Asturias","twitter:description":"El consejero de Medio Ambiente, Agricultura y Pesca, Vicen\u00e7 Vidal, y la consejera de Cultura, Participaci\u00f3n y Deportes, Fanny Tur, han firmado un acuerdo con el fin de establecer conjuntamente las pautas en las cuales se tiene que fomentar la regulaci\u00f3n de las actividades de filmaci\u00f3n, sesiones fotogr\u00e1ficas y otros tipos de producciones audiovisuales profesionales","twitter:image":"https:\/\/www.eldigitaldeasturias.com\/noticias\/wp-content\/uploads\/2020\/12\/EDA-1.jpg","twitter:label1":"Escrito por","twitter:data1":"El Digital de Asturias","twitter:label2":"Tiempo de lectura estimado","twitter:data2":"3 minutos"},"aioseo_meta_data":{"post_id":"951184","title":null,"description":null,"keywords":null,"keyphrases":null,"primary_term":null,"canonical_url":null,"og_title":null,"og_description":null,"og_object_type":"default","og_image_type":"default","og_image_url":null,"og_image_width":null,"og_image_height":null,"og_image_custom_url":null,"og_image_custom_fields":null,"og_video":null,"og_custom_url":null,"og_article_section":null,"og_article_tags":null,"twitter_use_og":false,"twitter_card":"default","twitter_image_type":"default","twitter_image_url":null,"twitter_image_custom_url":null,"twitter_image_custom_fields":null,"twitter_title":null,"twitter_description":null,"schema":{"blockGraphs":[],"customGraphs":[],"default":{"data":{"Article":[],"Course":[],"Dataset":[],"FAQPage":[],"Movie":[],"Person":[],"Product":[],"ProductReview":[],"Car":[],"Recipe":[],"Service":[],"SoftwareApplication":[],"WebPage":[]},"graphName":"","isEnabled":true},"graphs":[],"defaultGraph":"","defaultPostTypeGraph":""},"schema_type":null,"schema_type_options":null,"pillar_content":false,"robots_default":true,"robots_noindex":false,"robots_noarchive":false,"robots_nosnippet":false,"robots_nofollow":false,"robots_noimageindex":false,"robots_noodp":false,"robots_notranslate":false,"robots_max_snippet":null,"robots_max_videopreview":null,"robots_max_imagepreview":"large","priority":null,"frequency":null,"local_seo":null,"seo_analyzer_scan_date":"2025-12-05 18:22:23","breadcrumb_settings":null,"limit_modified_date":false,"open_ai":null,"ai":null,"created":"2020-12-21 12:58:24","updated":"2025-12-05 18:22:23","focus_keyword":null,"additional_keywords":null,"truseo_locale":null},"aioseo_breadcrumb":"<div class=\"aioseo-breadcrumbs\"><span class=\"aioseo-breadcrumb\">\n\t<a href=\"https:\/\/www.eldigitaldeasturias.com\/noticias\" title=\"Home\">Home<\/a>\n<\/span><span class=\"aioseo-breadcrumb-separator\">\u2013<\/span><span class=\"aioseo-breadcrumb\">\n\t<a href=\"https:\/\/www.eldigitaldeasturias.com\/noticias\/category\/actualidad\/\" title=\"Actualidad\">Actualidad<\/a>\n<\/span><span class=\"aioseo-breadcrumb-separator\">\u2013<\/span><span class=\"aioseo-breadcrumb\">\n\t<a href=\"https:\/\/www.eldigitaldeasturias.com\/noticias\/baleares-regulara-las-filmaciones-en-los-espacios-naturales-protegidos\/\" title=\"Baleares regular\u00e1 las filmaciones en los espacios naturales protegidos\">Baleares regular\u00e1 las filmaciones en los espacios naturales protegidos<\/a>\n<\/span><\/div>","aioseo_breadcrumb_json":[{"label":"Home","link":"https:\/\/www.eldigitaldeasturias.com\/noticias"},{"label":"Actualidad","link":"https:\/\/www.eldigitaldeasturias.com\/noticias\/category\/actualidad\/"},{"label":"Baleares regular\u00e1 las filmaciones en los espacios naturales protegidos","link":"https:\/\/www.eldigitaldeasturias.com\/noticias\/baleares-regulara-las-filmaciones-en-los-espacios-naturales-protegidos\/"}],"_links":{"self":[{"href":"https:\/\/www.eldigitaldeasturias.com\/noticias\/wp-json\/wp\/v2\/posts\/951184","targetHints":{"allow":["GET"]}}],"collection":[{"href":"https:\/\/www.eldigitaldeasturias.com\/noticias\/wp-json\/wp\/v2\/posts"}],"about":[{"href":"https:\/\/www.eldigitaldeasturias.com\/noticias\/wp-json\/wp\/v2\/types\/post"}],"author":[{"embeddable":true,"href":"https:\/\/www.eldigitaldeasturias.com\/noticias\/wp-json\/wp\/v2\/users\/1"}],"replies":[{"embeddable":true,"href":"https:\/\/www.eldigitaldeasturias.com\/noticias\/wp-json\/wp\/v2\/comments?post=951184"}],"version-history":[{"count":0,"href":"https:\/\/www.eldigitaldeasturias.com\/noticias\/wp-json\/wp\/v2\/posts\/951184\/revisions"}],"wp:attachment":[{"href":"https:\/\/www.eldigitaldeasturias.com\/noticias\/wp-json\/wp\/v2\/media?parent=951184"}],"wp:term":[{"taxonomy":"category","embeddable":true,"href":"https:\/\/www.eldigitaldeasturias.com\/noticias\/wp-json\/wp\/v2\/categories?post=951184"},{"taxonomy":"post_tag","embeddable":true,"href":"https:\/\/www.eldigitaldeasturias.com\/noticias\/wp-json\/wp\/v2\/tags?post=951184"}],"curies":[{"name":"wp","href":"https:\/\/api.w.org\/{rel}","templated":true}]}}