{"id":951178,"date":"2017-08-28T23:51:01","date_gmt":"2017-08-28T23:51:01","guid":{"rendered":"http:\/\/www.eldigitaldeasturias.com\/noticias\/?p=951178"},"modified":"2017-08-28T23:51:01","modified_gmt":"2017-08-28T23:51:01","slug":"finalizadas-las-obras-del-talud-situado-en-las-proximidades-de-sineu","status":"publish","type":"post","link":"https:\/\/www.eldigitaldeasturias.com\/noticias\/finalizadas-las-obras-del-talud-situado-en-las-proximidades-de-sineu\/","title":{"rendered":"Finalizadas las obras del talud situado en las proximidades de Sineu"},"content":{"rendered":"<p><img loading=\"lazy\" decoding=\"async\" class=\"alignleft size-medium wp-image-951179\" src=\"https:\/\/www.eldigitaldeasturias.com\/noticias\/wp-content\/uploads\/2017\/08\/2182580-360x270.jpg\" alt=\"\" width=\"360\" height=\"270\" \/>Servicios Ferroviarios de Mallorca (SFM) ha finalizado los trabajos de consolidaci\u00f3n del talud de la l\u00ednea f\u00e9rrea que discurre entre la estaci\u00f3n de enlace y Manacor, en las proximidades de Sineu, en concreto al punto situado al lado del PK 42 + 800. Los trabajos han consistido en retirar el material que se hab\u00eda desprendido, emilimar el material que se pod\u00eda despender y reponer el sistema de sost\u00e9n, para evitar un mayor deterioro que pudiera suponer el m\u00e1s m\u00ednimo riesgo en un futuro. Las actuaciones, que han durado dos meses, tienen un importe de 125.371 \u20ac (IVA excluido)<\/p>\n<p>En este punto kilom\u00e9trico, el trazado de la l\u00ednea discurre en trinchera y el talud situado al margen izquierdo sufri\u00f3 algunos da\u00f1os a causa del fuerte temporal de lluvias ocurrido durante los d\u00edas 19 y 22 del mes de enero de este a\u00f1o.<\/p>\n<p>Una vez que los t\u00e9cnicos de SFM inspeccionaron el terreno, se determin\u00f3 que el estado en que qued\u00f3 el talud despu\u00e9s del temporal no comportaba ning\u00fan riesgo para la seguridad del servicio; a pesar de eso, se decidi\u00f3 actuar como medida preventiva para evitar el m\u00ednimo riesgo.<\/p>\n<p>As\u00ed, el pasado 16 de febrero el Consejo de Administraci\u00f3n de SFM aprob\u00f3 la licitaci\u00f3n de los trabajos de estabilizaci\u00f3n del talud. Una vez concluido el plazo de presentaci\u00f3n de ofertas el pasado 4 de abril, se hizo la valoraci\u00f3n de las propuestas presentadas y el Consejo de Aministraci\u00f3 de SFM, a la reuni\u00f3n que tuvo lugar el 3 de mayo de 2017, adjudic\u00f3 las obras a la empresa Amer e Hijos, SA, por un importe total de 125.371, 20 \u20ac (IVA excluido).<\/p>\n<p>&nbsp;<\/p>\n<p>&nbsp;<\/p>\n","protected":false},"excerpt":{"rendered":"<p>Servicios Ferroviarios de Mallorca (SFM) ha finalizado los trabajos de consolidaci\u00f3n del talud de la l\u00ednea f\u00e9rrea que discurre entre la estaci\u00f3n de enlace y Manacor, en las proximidades de Sineu, en concreto al punto situado al lado del PK 42 + 800. Los trabajos han consistido en retirar el material que se hab\u00eda desprendido, [&hellip;]<\/p>\n","protected":false},"author":1,"featured_media":951179,"comment_status":"closed","ping_status":"closed","sticky":false,"template":"","format":"standard","meta":{"footnotes":""},"categories":[1],"tags":[],"class_list":["post-951178","post","type-post","status-publish","format-standard","has-post-thumbnail","hentry","category-actualidad"],"aioseo_notices":[],"aioseo_head":"\n\t\t<!-- All in One SEO Pro 5.0.1 - aioseo.com -->\n\t<meta name=\"description\" content=\"Servicios Ferroviarios de Mallorca (SFM) ha finalizado los trabajos de consolidaci\u00f3n del talud de la l\u00ednea f\u00e9rrea que discurre entre la estaci\u00f3n de enlace y Manacor, en las proximidades de Sineu, en concreto al punto situado al lado del PK 42 + 800. Los trabajos han consistido en retirar el material que se hab\u00eda desprendido,\" \/>\n\t<meta name=\"robots\" content=\"max-image-preview:large\" \/>\n\t<meta name=\"author\" content=\"El Digital de Asturias\"\/>\n\t<meta name=\"google-site-verification\" content=\"UA-38556648-1\" \/>\n\t<meta name=\"msvalidate.01\" content=\"7dfe9f3f1b24437ab69f4f2559babe99\" \/>\n\t<meta name=\"keywords\" content=\"actualidad\" \/>\n\t<link rel=\"canonical\" href=\"https:\/\/www.eldigitaldeasturias.com\/noticias\/finalizadas-las-obras-del-talud-situado-en-las-proximidades-de-sineu\/\" \/>\n\t<meta name=\"generator\" content=\"All in One SEO Pro (AIOSEO) 5.0.1\" \/>\n\t\t<meta property=\"og:locale\" content=\"es_ES\" \/>\n\t\t<meta property=\"og:site_name\" content=\"El Digital de Asturias\" \/>\n\t\t<meta property=\"og:type\" content=\"article\" \/>\n\t\t<meta property=\"og:title\" content=\"Finalizadas las obras del talud situado en las proximidades de Sineu - El Digital de Asturias\" \/>\n\t\t<meta property=\"og:description\" content=\"Servicios Ferroviarios de Mallorca (SFM) ha finalizado los trabajos de consolidaci\u00f3n del talud de la l\u00ednea f\u00e9rrea que discurre entre la estaci\u00f3n de enlace y Manacor, en las proximidades de Sineu, en concreto al punto situado al lado del PK 42 + 800. Los trabajos han consistido en retirar el material que se hab\u00eda desprendido,\" \/>\n\t\t<meta property=\"og:url\" content=\"https:\/\/www.eldigitaldeasturias.com\/noticias\/finalizadas-las-obras-del-talud-situado-en-las-proximidades-de-sineu\/\" \/>\n\t\t<meta property=\"article:tag\" content=\"actualidad\" \/>\n\t\t<meta property=\"article:published_time\" content=\"2017-08-28T23:51:01+00:00\" \/>\n\t\t<meta property=\"article:modified_time\" content=\"2017-08-28T23:51:01+00:00\" \/>\n\t\t<meta property=\"article:publisher\" content=\"https:\/\/facebook.com\/eldigitaldeasturias\" \/>\n\t\t<meta name=\"twitter:card\" content=\"summary_large_image\" \/>\n\t\t<meta name=\"twitter:title\" content=\"Finalizadas las obras del talud situado en las proximidades de Sineu - El Digital de Asturias\" \/>\n\t\t<meta name=\"twitter:description\" content=\"Servicios Ferroviarios de Mallorca (SFM) ha finalizado los trabajos de consolidaci\u00f3n del talud de la l\u00ednea f\u00e9rrea que discurre entre la estaci\u00f3n de enlace y Manacor, en las proximidades de Sineu, en concreto al punto situado al lado del PK 42 + 800. Los trabajos han consistido en retirar el material que se hab\u00eda desprendido,\" \/>\n\t\t<meta name=\"twitter:image\" content=\"https:\/\/www.eldigitaldeasturias.com\/noticias\/wp-content\/uploads\/2020\/12\/EDA-1.jpg\" \/>\n\t\t<meta name=\"twitter:label1\" content=\"Escrito por\" \/>\n\t\t<meta name=\"twitter:data1\" content=\"El Digital de Asturias\" \/>\n\t\t<meta name=\"twitter:label2\" content=\"Tiempo de lectura estimado\" \/>\n\t\t<meta name=\"twitter:data2\" content=\"1 minuto\" \/>\n\t\t<script type=\"application\/ld+json\" class=\"aioseo-schema\">\n\t\t\t{\"@context\":\"https:\\\/\\\/schema.org\",\"@graph\":[{\"@type\":\"BlogPosting\",\"@id\":\"https:\\\/\\\/www.eldigitaldeasturias.com\\\/noticias\\\/finalizadas-las-obras-del-talud-situado-en-las-proximidades-de-sineu\\\/#blogposting\",\"name\":\"Finalizadas las obras del talud situado en las proximidades de Sineu - El Digital de Asturias\",\"headline\":\"Finalizadas las obras del talud situado en las proximidades de Sineu\",\"author\":{\"@id\":\"https:\\\/\\\/www.eldigitaldeasturias.com\\\/noticias\\\/author\\\/admin\\\/#author\"},\"publisher\":{\"@id\":\"https:\\\/\\\/www.eldigitaldeasturias.com\\\/noticias\\\/#organization\"},\"image\":{\"@type\":\"ImageObject\",\"url\":951179},\"datePublished\":\"2017-08-28T23:51:01+02:00\",\"dateModified\":\"2017-08-28T23:51:01+02:00\",\"inLanguage\":\"es-ES\",\"mainEntityOfPage\":{\"@id\":\"https:\\\/\\\/www.eldigitaldeasturias.com\\\/noticias\\\/finalizadas-las-obras-del-talud-situado-en-las-proximidades-de-sineu\\\/#webpage\"},\"isPartOf\":{\"@id\":\"https:\\\/\\\/www.eldigitaldeasturias.com\\\/noticias\\\/finalizadas-las-obras-del-talud-situado-en-las-proximidades-de-sineu\\\/#webpage\"},\"articleSection\":\"Actualidad\"},{\"@type\":\"BreadcrumbList\",\"@id\":\"https:\\\/\\\/www.eldigitaldeasturias.com\\\/noticias\\\/finalizadas-las-obras-del-talud-situado-en-las-proximidades-de-sineu\\\/#breadcrumblist\",\"itemListElement\":[{\"@type\":\"ListItem\",\"@id\":\"https:\\\/\\\/www.eldigitaldeasturias.com\\\/noticias#listItem\",\"position\":1,\"name\":\"Home\",\"item\":\"https:\\\/\\\/www.eldigitaldeasturias.com\\\/noticias\",\"nextItem\":{\"@type\":\"ListItem\",\"@id\":\"https:\\\/\\\/www.eldigitaldeasturias.com\\\/noticias\\\/category\\\/actualidad\\\/#listItem\",\"name\":\"Actualidad\"}},{\"@type\":\"ListItem\",\"@id\":\"https:\\\/\\\/www.eldigitaldeasturias.com\\\/noticias\\\/category\\\/actualidad\\\/#listItem\",\"position\":2,\"name\":\"Actualidad\",\"item\":\"https:\\\/\\\/www.eldigitaldeasturias.com\\\/noticias\\\/category\\\/actualidad\\\/\",\"nextItem\":{\"@type\":\"ListItem\",\"@id\":\"https:\\\/\\\/www.eldigitaldeasturias.com\\\/noticias\\\/finalizadas-las-obras-del-talud-situado-en-las-proximidades-de-sineu\\\/#listItem\",\"name\":\"Finalizadas las obras del talud situado en las proximidades de Sineu\"},\"previousItem\":{\"@type\":\"ListItem\",\"@id\":\"https:\\\/\\\/www.eldigitaldeasturias.com\\\/noticias#listItem\",\"name\":\"Home\"}},{\"@type\":\"ListItem\",\"@id\":\"https:\\\/\\\/www.eldigitaldeasturias.com\\\/noticias\\\/finalizadas-las-obras-del-talud-situado-en-las-proximidades-de-sineu\\\/#listItem\",\"position\":3,\"name\":\"Finalizadas las obras del talud situado en las proximidades de Sineu\",\"previousItem\":{\"@type\":\"ListItem\",\"@id\":\"https:\\\/\\\/www.eldigitaldeasturias.com\\\/noticias\\\/category\\\/actualidad\\\/#listItem\",\"name\":\"Actualidad\"}}]},{\"@type\":\"Organization\",\"@id\":\"https:\\\/\\\/www.eldigitaldeasturias.com\\\/noticias\\\/#organization\",\"name\":\"El Digital de Asturias\",\"description\":\"Hemeroteca\",\"url\":\"https:\\\/\\\/www.eldigitaldeasturias.com\\\/noticias\\\/\",\"email\":\"info@eldigitaldeasturias.com\",\"telephone\":\"+34652131393\",\"logo\":{\"@type\":\"ImageObject\",\"url\":\"https:\\\/\\\/www.eldigitaldeasturias.com\\\/noticias\\\/wp-content\\\/uploads\\\/2020\\\/12\\\/EDA.jpg\",\"@id\":\"https:\\\/\\\/www.eldigitaldeasturias.com\\\/noticias\\\/finalizadas-las-obras-del-talud-situado-en-las-proximidades-de-sineu\\\/#organizationLogo\"},\"image\":{\"@id\":\"https:\\\/\\\/www.eldigitaldeasturias.com\\\/noticias\\\/finalizadas-las-obras-del-talud-situado-en-las-proximidades-de-sineu\\\/#organizationLogo\"},\"sameAs\":[\"https:\\\/\\\/facebook.com\\\/eldigitaldeasturias\",\"https:\\\/\\\/www.youtube.com\\\/channel\\\/UCZP-2wLEB9Rv6erhFmqVnvg\"],\"address\":{\"@id\":\"https:\\\/\\\/www.eldigitaldeasturias.com\\\/noticias\\\/#postaladdress\",\"@type\":\"PostalAddress\",\"streetAddress\":\"san antonio 4\",\"postalCode\":\"33430\",\"addressLocality\":\"Cand\\u00e1s\",\"addressRegion\":\"Asturias\",\"addressCountry\":\"ES\"}},{\"@type\":\"Person\",\"@id\":\"https:\\\/\\\/www.eldigitaldeasturias.com\\\/noticias\\\/author\\\/admin\\\/#author\",\"url\":\"https:\\\/\\\/www.eldigitaldeasturias.com\\\/noticias\\\/author\\\/admin\\\/\",\"name\":\"El Digital de Asturias\",\"image\":{\"@type\":\"ImageObject\",\"@id\":\"https:\\\/\\\/www.eldigitaldeasturias.com\\\/noticias\\\/finalizadas-las-obras-del-talud-situado-en-las-proximidades-de-sineu\\\/#authorImage\",\"url\":\"https:\\\/\\\/secure.gravatar.com\\\/avatar\\\/df2aeffc32bcd13f8d26072ef8a91b623d677766deac7f97ca815868cd41bf5e?s=96&d=mm&r=g\",\"width\":96,\"height\":96,\"caption\":\"El Digital de Asturias\"}},{\"@type\":\"WebPage\",\"@id\":\"https:\\\/\\\/www.eldigitaldeasturias.com\\\/noticias\\\/finalizadas-las-obras-del-talud-situado-en-las-proximidades-de-sineu\\\/#webpage\",\"url\":\"https:\\\/\\\/www.eldigitaldeasturias.com\\\/noticias\\\/finalizadas-las-obras-del-talud-situado-en-las-proximidades-de-sineu\\\/\",\"name\":\"Finalizadas las obras del talud situado en las proximidades de Sineu - El Digital de Asturias\",\"description\":\"Servicios Ferroviarios de Mallorca (SFM) ha finalizado los trabajos de consolidaci\\u00f3n del talud de la l\\u00ednea f\\u00e9rrea que discurre entre la estaci\\u00f3n de enlace y Manacor, en las proximidades de Sineu, en concreto al punto situado al lado del PK 42 + 800. Los trabajos han consistido en retirar el material que se hab\\u00eda desprendido,\",\"inLanguage\":\"es-ES\",\"isPartOf\":{\"@id\":\"https:\\\/\\\/www.eldigitaldeasturias.com\\\/noticias\\\/#website\"},\"breadcrumb\":{\"@id\":\"https:\\\/\\\/www.eldigitaldeasturias.com\\\/noticias\\\/finalizadas-las-obras-del-talud-situado-en-las-proximidades-de-sineu\\\/#breadcrumblist\"},\"author\":{\"@id\":\"https:\\\/\\\/www.eldigitaldeasturias.com\\\/noticias\\\/author\\\/admin\\\/#author\"},\"creator\":{\"@id\":\"https:\\\/\\\/www.eldigitaldeasturias.com\\\/noticias\\\/author\\\/admin\\\/#author\"},\"image\":{\"@type\":\"ImageObject\",\"url\":951179,\"@id\":\"https:\\\/\\\/www.eldigitaldeasturias.com\\\/noticias\\\/finalizadas-las-obras-del-talud-situado-en-las-proximidades-de-sineu\\\/#mainImage\"},\"primaryImageOfPage\":{\"@id\":\"https:\\\/\\\/www.eldigitaldeasturias.com\\\/noticias\\\/finalizadas-las-obras-del-talud-situado-en-las-proximidades-de-sineu\\\/#mainImage\"},\"datePublished\":\"2017-08-28T23:51:01+02:00\",\"dateModified\":\"2017-08-28T23:51:01+02:00\"},{\"@type\":\"WebSite\",\"@id\":\"https:\\\/\\\/www.eldigitaldeasturias.com\\\/noticias\\\/#website\",\"url\":\"https:\\\/\\\/www.eldigitaldeasturias.com\\\/noticias\\\/\",\"name\":\"El Digital de Asturias - Diario de actualidad y noticias\",\"alternateName\":\"El Digital de Asturias - Diario de actualidad y noticias\",\"description\":\"Hemeroteca\",\"inLanguage\":\"es-ES\",\"publisher\":{\"@id\":\"https:\\\/\\\/www.eldigitaldeasturias.com\\\/noticias\\\/#organization\"}}]}\n\t\t<\/script>\n\t\t<!-- All in One SEO Pro -->\r\n\t\t<title>Finalizadas las obras del talud situado en las proximidades de Sineu - El Digital de Asturias<\/title>\n\n","aioseo_head_json":{"title":"Finalizadas las obras del talud situado en las proximidades de Sineu - El Digital de Asturias","description":"Servicios Ferroviarios de Mallorca (SFM) ha finalizado los trabajos de consolidaci\u00f3n del talud de la l\u00ednea f\u00e9rrea que discurre entre la estaci\u00f3n de enlace y Manacor, en las proximidades de Sineu, en concreto al punto situado al lado del PK 42 + 800. Los trabajos han consistido en retirar el material que se hab\u00eda desprendido,","canonical_url":"https:\/\/www.eldigitaldeasturias.com\/noticias\/finalizadas-las-obras-del-talud-situado-en-las-proximidades-de-sineu\/","robots":"max-image-preview:large","keywords":"actualidad","webmasterTools":{"google-site-verification":"UA-38556648-1","msvalidate.01":"7dfe9f3f1b24437ab69f4f2559babe99","miscellaneous":""},"schema":{"@context":"https:\/\/schema.org","@graph":[{"@type":"BlogPosting","@id":"https:\/\/www.eldigitaldeasturias.com\/noticias\/finalizadas-las-obras-del-talud-situado-en-las-proximidades-de-sineu\/#blogposting","name":"Finalizadas las obras del talud situado en las proximidades de Sineu - El Digital de Asturias","headline":"Finalizadas las obras del talud situado en las proximidades de Sineu","author":{"@id":"https:\/\/www.eldigitaldeasturias.com\/noticias\/author\/admin\/#author"},"publisher":{"@id":"https:\/\/www.eldigitaldeasturias.com\/noticias\/#organization"},"image":{"@type":"ImageObject","url":951179},"datePublished":"2017-08-28T23:51:01+02:00","dateModified":"2017-08-28T23:51:01+02:00","inLanguage":"es-ES","mainEntityOfPage":{"@id":"https:\/\/www.eldigitaldeasturias.com\/noticias\/finalizadas-las-obras-del-talud-situado-en-las-proximidades-de-sineu\/#webpage"},"isPartOf":{"@id":"https:\/\/www.eldigitaldeasturias.com\/noticias\/finalizadas-las-obras-del-talud-situado-en-las-proximidades-de-sineu\/#webpage"},"articleSection":"Actualidad"},{"@type":"BreadcrumbList","@id":"https:\/\/www.eldigitaldeasturias.com\/noticias\/finalizadas-las-obras-del-talud-situado-en-las-proximidades-de-sineu\/#breadcrumblist","itemListElement":[{"@type":"ListItem","@id":"https:\/\/www.eldigitaldeasturias.com\/noticias#listItem","position":1,"name":"Home","item":"https:\/\/www.eldigitaldeasturias.com\/noticias","nextItem":{"@type":"ListItem","@id":"https:\/\/www.eldigitaldeasturias.com\/noticias\/category\/actualidad\/#listItem","name":"Actualidad"}},{"@type":"ListItem","@id":"https:\/\/www.eldigitaldeasturias.com\/noticias\/category\/actualidad\/#listItem","position":2,"name":"Actualidad","item":"https:\/\/www.eldigitaldeasturias.com\/noticias\/category\/actualidad\/","nextItem":{"@type":"ListItem","@id":"https:\/\/www.eldigitaldeasturias.com\/noticias\/finalizadas-las-obras-del-talud-situado-en-las-proximidades-de-sineu\/#listItem","name":"Finalizadas las obras del talud situado en las proximidades de Sineu"},"previousItem":{"@type":"ListItem","@id":"https:\/\/www.eldigitaldeasturias.com\/noticias#listItem","name":"Home"}},{"@type":"ListItem","@id":"https:\/\/www.eldigitaldeasturias.com\/noticias\/finalizadas-las-obras-del-talud-situado-en-las-proximidades-de-sineu\/#listItem","position":3,"name":"Finalizadas las obras del talud situado en las proximidades de Sineu","previousItem":{"@type":"ListItem","@id":"https:\/\/www.eldigitaldeasturias.com\/noticias\/category\/actualidad\/#listItem","name":"Actualidad"}}]},{"@type":"Organization","@id":"https:\/\/www.eldigitaldeasturias.com\/noticias\/#organization","name":"El Digital de Asturias","description":"Hemeroteca","url":"https:\/\/www.eldigitaldeasturias.com\/noticias\/","email":"info@eldigitaldeasturias.com","telephone":"+34652131393","logo":{"@type":"ImageObject","url":"https:\/\/www.eldigitaldeasturias.com\/noticias\/wp-content\/uploads\/2020\/12\/EDA.jpg","@id":"https:\/\/www.eldigitaldeasturias.com\/noticias\/finalizadas-las-obras-del-talud-situado-en-las-proximidades-de-sineu\/#organizationLogo"},"image":{"@id":"https:\/\/www.eldigitaldeasturias.com\/noticias\/finalizadas-las-obras-del-talud-situado-en-las-proximidades-de-sineu\/#organizationLogo"},"sameAs":["https:\/\/facebook.com\/eldigitaldeasturias","https:\/\/www.youtube.com\/channel\/UCZP-2wLEB9Rv6erhFmqVnvg"],"address":{"@id":"https:\/\/www.eldigitaldeasturias.com\/noticias\/#postaladdress","@type":"PostalAddress","streetAddress":"san antonio 4","postalCode":"33430","addressLocality":"Cand\u00e1s","addressRegion":"Asturias","addressCountry":"ES"}},{"@type":"Person","@id":"https:\/\/www.eldigitaldeasturias.com\/noticias\/author\/admin\/#author","url":"https:\/\/www.eldigitaldeasturias.com\/noticias\/author\/admin\/","name":"El Digital de Asturias","image":{"@type":"ImageObject","@id":"https:\/\/www.eldigitaldeasturias.com\/noticias\/finalizadas-las-obras-del-talud-situado-en-las-proximidades-de-sineu\/#authorImage","url":"https:\/\/secure.gravatar.com\/avatar\/df2aeffc32bcd13f8d26072ef8a91b623d677766deac7f97ca815868cd41bf5e?s=96&d=mm&r=g","width":96,"height":96,"caption":"El Digital de Asturias"}},{"@type":"WebPage","@id":"https:\/\/www.eldigitaldeasturias.com\/noticias\/finalizadas-las-obras-del-talud-situado-en-las-proximidades-de-sineu\/#webpage","url":"https:\/\/www.eldigitaldeasturias.com\/noticias\/finalizadas-las-obras-del-talud-situado-en-las-proximidades-de-sineu\/","name":"Finalizadas las obras del talud situado en las proximidades de Sineu - El Digital de Asturias","description":"Servicios Ferroviarios de Mallorca (SFM) ha finalizado los trabajos de consolidaci\u00f3n del talud de la l\u00ednea f\u00e9rrea que discurre entre la estaci\u00f3n de enlace y Manacor, en las proximidades de Sineu, en concreto al punto situado al lado del PK 42 + 800. Los trabajos han consistido en retirar el material que se hab\u00eda desprendido,","inLanguage":"es-ES","isPartOf":{"@id":"https:\/\/www.eldigitaldeasturias.com\/noticias\/#website"},"breadcrumb":{"@id":"https:\/\/www.eldigitaldeasturias.com\/noticias\/finalizadas-las-obras-del-talud-situado-en-las-proximidades-de-sineu\/#breadcrumblist"},"author":{"@id":"https:\/\/www.eldigitaldeasturias.com\/noticias\/author\/admin\/#author"},"creator":{"@id":"https:\/\/www.eldigitaldeasturias.com\/noticias\/author\/admin\/#author"},"image":{"@type":"ImageObject","url":951179,"@id":"https:\/\/www.eldigitaldeasturias.com\/noticias\/finalizadas-las-obras-del-talud-situado-en-las-proximidades-de-sineu\/#mainImage"},"primaryImageOfPage":{"@id":"https:\/\/www.eldigitaldeasturias.com\/noticias\/finalizadas-las-obras-del-talud-situado-en-las-proximidades-de-sineu\/#mainImage"},"datePublished":"2017-08-28T23:51:01+02:00","dateModified":"2017-08-28T23:51:01+02:00"},{"@type":"WebSite","@id":"https:\/\/www.eldigitaldeasturias.com\/noticias\/#website","url":"https:\/\/www.eldigitaldeasturias.com\/noticias\/","name":"El Digital de Asturias - Diario de actualidad y noticias","alternateName":"El Digital de Asturias - Diario de actualidad y noticias","description":"Hemeroteca","inLanguage":"es-ES","publisher":{"@id":"https:\/\/www.eldigitaldeasturias.com\/noticias\/#organization"}}]},"og:locale":"es_ES","og:site_name":"El Digital de Asturias","og:type":"article","og:title":"Finalizadas las obras del talud situado en las proximidades de Sineu - El Digital de Asturias","og:description":"Servicios Ferroviarios de Mallorca (SFM) ha finalizado los trabajos de consolidaci\u00f3n del talud de la l\u00ednea f\u00e9rrea que discurre entre la estaci\u00f3n de enlace y Manacor, en las proximidades de Sineu, en concreto al punto situado al lado del PK 42 + 800. Los trabajos han consistido en retirar el material que se hab\u00eda desprendido,","og:url":"https:\/\/www.eldigitaldeasturias.com\/noticias\/finalizadas-las-obras-del-talud-situado-en-las-proximidades-de-sineu\/","article:tag":["actualidad"],"article:published_time":"2017-08-28T23:51:01+00:00","article:modified_time":"2017-08-28T23:51:01+00:00","article:publisher":"https:\/\/facebook.com\/eldigitaldeasturias","twitter:card":"summary_large_image","twitter:title":"Finalizadas las obras del talud situado en las proximidades de Sineu - El Digital de Asturias","twitter:description":"Servicios Ferroviarios de Mallorca (SFM) ha finalizado los trabajos de consolidaci\u00f3n del talud de la l\u00ednea f\u00e9rrea que discurre entre la estaci\u00f3n de enlace y Manacor, en las proximidades de Sineu, en concreto al punto situado al lado del PK 42 + 800. Los trabajos han consistido en retirar el material que se hab\u00eda desprendido,","twitter:image":"https:\/\/www.eldigitaldeasturias.com\/noticias\/wp-content\/uploads\/2020\/12\/EDA-1.jpg","twitter:label1":"Escrito por","twitter:data1":"El Digital de Asturias","twitter:label2":"Tiempo de lectura estimado","twitter:data2":"1 minuto"},"aioseo_meta_data":{"post_id":"951178","title":null,"description":null,"keywords":null,"keyphrases":null,"primary_term":null,"canonical_url":null,"og_title":null,"og_description":null,"og_object_type":"default","og_image_type":"default","og_image_url":null,"og_image_width":null,"og_image_height":null,"og_image_custom_url":null,"og_image_custom_fields":null,"og_video":null,"og_custom_url":null,"og_article_section":null,"og_article_tags":null,"twitter_use_og":false,"twitter_card":"default","twitter_image_type":"default","twitter_image_url":null,"twitter_image_custom_url":null,"twitter_image_custom_fields":null,"twitter_title":null,"twitter_description":null,"schema":{"blockGraphs":[],"customGraphs":[],"default":{"data":{"Article":[],"Course":[],"Dataset":[],"FAQPage":[],"Movie":[],"Person":[],"Product":[],"ProductReview":[],"Car":[],"Recipe":[],"Service":[],"SoftwareApplication":[],"WebPage":[]},"graphName":"","isEnabled":true},"graphs":[],"defaultGraph":"","defaultPostTypeGraph":""},"schema_type":null,"schema_type_options":null,"pillar_content":false,"robots_default":true,"robots_noindex":false,"robots_noarchive":false,"robots_nosnippet":false,"robots_nofollow":false,"robots_noimageindex":false,"robots_noodp":false,"robots_notranslate":false,"robots_max_snippet":null,"robots_max_videopreview":null,"robots_max_imagepreview":"large","priority":null,"frequency":null,"local_seo":null,"seo_analyzer_scan_date":"2025-12-05 18:22:22","breadcrumb_settings":null,"limit_modified_date":false,"open_ai":null,"ai":null,"created":"2020-12-21 12:58:24","updated":"2025-12-05 18:22:22","focus_keyword":null,"additional_keywords":null,"truseo_locale":null},"aioseo_breadcrumb":"<div class=\"aioseo-breadcrumbs\"><span class=\"aioseo-breadcrumb\">\n\t<a href=\"https:\/\/www.eldigitaldeasturias.com\/noticias\" title=\"Home\">Home<\/a>\n<\/span><span class=\"aioseo-breadcrumb-separator\">\u2013<\/span><span class=\"aioseo-breadcrumb\">\n\t<a href=\"https:\/\/www.eldigitaldeasturias.com\/noticias\/category\/actualidad\/\" title=\"Actualidad\">Actualidad<\/a>\n<\/span><span class=\"aioseo-breadcrumb-separator\">\u2013<\/span><span class=\"aioseo-breadcrumb\">\n\t<a href=\"https:\/\/www.eldigitaldeasturias.com\/noticias\/finalizadas-las-obras-del-talud-situado-en-las-proximidades-de-sineu\/\" title=\"Finalizadas las obras del talud situado en las proximidades de Sineu\">Finalizadas las obras del talud situado en las proximidades de Sineu<\/a>\n<\/span><\/div>","aioseo_breadcrumb_json":[{"label":"Home","link":"https:\/\/www.eldigitaldeasturias.com\/noticias"},{"label":"Actualidad","link":"https:\/\/www.eldigitaldeasturias.com\/noticias\/category\/actualidad\/"},{"label":"Finalizadas las obras del talud situado en las proximidades de Sineu","link":"https:\/\/www.eldigitaldeasturias.com\/noticias\/finalizadas-las-obras-del-talud-situado-en-las-proximidades-de-sineu\/"}],"_links":{"self":[{"href":"https:\/\/www.eldigitaldeasturias.com\/noticias\/wp-json\/wp\/v2\/posts\/951178","targetHints":{"allow":["GET"]}}],"collection":[{"href":"https:\/\/www.eldigitaldeasturias.com\/noticias\/wp-json\/wp\/v2\/posts"}],"about":[{"href":"https:\/\/www.eldigitaldeasturias.com\/noticias\/wp-json\/wp\/v2\/types\/post"}],"author":[{"embeddable":true,"href":"https:\/\/www.eldigitaldeasturias.com\/noticias\/wp-json\/wp\/v2\/users\/1"}],"replies":[{"embeddable":true,"href":"https:\/\/www.eldigitaldeasturias.com\/noticias\/wp-json\/wp\/v2\/comments?post=951178"}],"version-history":[{"count":0,"href":"https:\/\/www.eldigitaldeasturias.com\/noticias\/wp-json\/wp\/v2\/posts\/951178\/revisions"}],"wp:attachment":[{"href":"https:\/\/www.eldigitaldeasturias.com\/noticias\/wp-json\/wp\/v2\/media?parent=951178"}],"wp:term":[{"taxonomy":"category","embeddable":true,"href":"https:\/\/www.eldigitaldeasturias.com\/noticias\/wp-json\/wp\/v2\/categories?post=951178"},{"taxonomy":"post_tag","embeddable":true,"href":"https:\/\/www.eldigitaldeasturias.com\/noticias\/wp-json\/wp\/v2\/tags?post=951178"}],"curies":[{"name":"wp","href":"https:\/\/api.w.org\/{rel}","templated":true}]}}