{"id":951175,"date":"2017-08-28T23:48:08","date_gmt":"2017-08-28T23:48:08","guid":{"rendered":"http:\/\/www.eldigitaldeasturias.com\/noticias\/?p=951175"},"modified":"2017-08-28T23:48:08","modified_gmt":"2017-08-28T23:48:08","slug":"detectado-el-uso-de-redes-de-deriva-a-las-proximidades-de-las-islas-baleares","status":"publish","type":"post","link":"https:\/\/www.eldigitaldeasturias.com\/noticias\/detectado-el-uso-de-redes-de-deriva-a-las-proximidades-de-las-islas-baleares\/","title":{"rendered":"Detectado el uso de redes de deriva a las proximidades de las Islas Baleares"},"content":{"rendered":"<p><img loading=\"lazy\" decoding=\"async\" class=\"alignleft size-medium wp-image-951176\" src=\"https:\/\/www.eldigitaldeasturias.com\/noticias\/wp-content\/uploads\/2017\/08\/2183230-180x320.jpg\" alt=\"\" width=\"180\" height=\"320\" \/>El d\u00eda 14 de agosto el Grupo Especial de Actividades Subacu\u00e1ticas (GEAS) de la Guardia Civil localiz\u00f3 en la Fuente de su Cala (nordeste de Mallorca) un trozo de red con dos tortugas marinas j\u00f3venes adornadas y muertas. Los indicios hicieron sospechar a los t\u00e9cnicos del Servicio de Recursos Marinos de la Consejer\u00eda de Medio Ambiente, Agricultura y Pesca que la red en cuesti\u00f3n no era un aparejo convencional y que pod\u00eda tratarse de una red de deriva, prohibida desde el a\u00f1o 2002.<\/p>\n<p>Gracias a la colaboraci\u00f3n de Palma Aqu\u00e0rium, donde se trasladaron las tortugas y que ten\u00eda las redes en dep\u00f3sito, el t\u00e9cnicos de la Direcci\u00f3n General de Pesca y Medio Marino, junto con los t\u00e9cnicos de Palma Aqu\u00e0rium, pudieron inspeccionar las redes y confirmar las sospechas: la red localizada por la Guardia Civil era un trozo de red de enmallado de deriva destinada a la captura de grandes peces pel\u00e1gicos (las mallas eran muy grandes, de 18 cm) que hab\u00eda llegado a las costas de Mallorca despu\u00e9s de ir a la deriva durante cerca de dos semanas, el tiempo que se calcula que las tortugas estaban muertas.<\/p>\n<p>A partir de los a\u00f1os ochenta, las redes de deriva, hasta entonces un aparejo tradicional para la captura de sardinas, se convirtieron en un problema medioambiental considerable ya que se empezaron a usar redes de malla ancha y de decenas de kil\u00f3metros de longitud. Estas grandes redes de deriva provocaron un incremento significativo de la mortalidad incidental de especies protegidas, en particular de cet\u00e1ceos, tortugas marinas y tiburones, y la consiguiente inquietud internacional sobre el impacto ambiental. Con respecto a las Islas Baleares, est\u00e1 comprobado que incluso provocaron la muerte de cachalotes.<\/p>\n<p>Al principio de los a\u00f1os noventa, la Asamblea General de laso Naciones Unidas va dictar una serie de resoluciones en que se reclamaba una moratoria sobre la pesca de altura a gran escala con redes de enmallado y deriva, hecho que impuls\u00f3 la Uni\u00f3n Europea a adoptar legislaci\u00f3n sobre la pesca con este tipo de artes. Como consecuencia, desde el 2002 todas laso redes de deriva, independientemente de la medida|tama\u00f1o, est\u00e1n prohibidas en aguas de la Uni\u00f3n Europea.<\/p>\n<p>La reaparici\u00f3n de estas redes en la costa de Mallorca demuestra que se contin\u00faan utilizando en las aguas de la Uni\u00f3n Europea y que el actual marco legislativo presenta deficiencias. La reaparici\u00f3n de estas artes de pesca preocupa por|para las consecuencias medioambientales y de conservaci\u00f3n de los recursos pesqueros pel\u00e1gicos que comporta.<\/p>\n<p>El archipi\u00e9lago balear constituye uno \u00e1rea de pesca individualizada en el Mediterr\u00e1neo occidental, con unos caladores que son explotados por una flota de caracter\u00edsticas socioecon\u00f3micas y t\u00e9cnicas particulares, compuesta por 350 embarcaciones, el 80% de las cuales son de artes menores. La flota s\u00f3lo pesca en aguas de las Islas Baleares y vende pr\u00e1cticamente toda la producci\u00f3n en el archipi\u00e9lago. Por|Para una conjunci\u00f3n de caracter\u00edsticas socioecon\u00f3micas y geogr\u00e1ficas y una gesti\u00f3n conservadora de los recursos mediante reservas marinas, los caladores de las Islas Baleares son los mejor conservados del Mediterr\u00e1neo espa\u00f1ol. Por eso, hist\u00f3ricamente el Gobierno de las Islas Baleares ha reivindicado que sean tratados de manera independiente de los de las regiones peninsulares espa\u00f1olas.<\/p>\n<p>&nbsp;<\/p>\n","protected":false},"excerpt":{"rendered":"<p>El d\u00eda 14 de agosto el Grupo Especial de Actividades Subacu\u00e1ticas (GEAS) de la Guardia Civil localiz\u00f3 en la Fuente de su Cala (nordeste de Mallorca) un trozo de red con dos tortugas marinas j\u00f3venes adornadas y muertas. Los indicios hicieron sospechar a los t\u00e9cnicos del Servicio de Recursos Marinos de la Consejer\u00eda de Medio [&hellip;]<\/p>\n","protected":false},"author":1,"featured_media":951176,"comment_status":"closed","ping_status":"closed","sticky":false,"template":"","format":"standard","meta":{"footnotes":""},"categories":[1],"tags":[],"class_list":["post-951175","post","type-post","status-publish","format-standard","has-post-thumbnail","hentry","category-actualidad"],"aioseo_notices":[],"aioseo_head":"\n\t\t<!-- All in One SEO Pro 5.0.1 - aioseo.com -->\n\t<meta name=\"description\" content=\"El d\u00eda 14 de agosto el Grupo Especial de Actividades Subacu\u00e1ticas (GEAS) de la Guardia Civil localiz\u00f3 en la Fuente de su Cala (nordeste de Mallorca) un trozo de red con dos tortugas marinas j\u00f3venes adornadas y muertas. Los indicios hicieron sospechar a los t\u00e9cnicos del Servicio de Recursos Marinos de la Consejer\u00eda de Medio\" \/>\n\t<meta name=\"robots\" content=\"max-image-preview:large\" \/>\n\t<meta name=\"author\" content=\"El Digital de Asturias\"\/>\n\t<meta name=\"google-site-verification\" content=\"UA-38556648-1\" \/>\n\t<meta name=\"msvalidate.01\" content=\"7dfe9f3f1b24437ab69f4f2559babe99\" \/>\n\t<meta name=\"keywords\" content=\"actualidad\" \/>\n\t<link rel=\"canonical\" href=\"https:\/\/www.eldigitaldeasturias.com\/noticias\/detectado-el-uso-de-redes-de-deriva-a-las-proximidades-de-las-islas-baleares\/\" \/>\n\t<meta name=\"generator\" content=\"All in One SEO Pro (AIOSEO) 5.0.1\" \/>\n\t\t<meta property=\"og:locale\" content=\"es_ES\" \/>\n\t\t<meta property=\"og:site_name\" content=\"El Digital de Asturias\" \/>\n\t\t<meta property=\"og:type\" content=\"article\" \/>\n\t\t<meta property=\"og:title\" content=\"Detectado el uso de redes de deriva a las proximidades de las Islas Baleares - El Digital de Asturias\" \/>\n\t\t<meta property=\"og:description\" content=\"El d\u00eda 14 de agosto el Grupo Especial de Actividades Subacu\u00e1ticas (GEAS) de la Guardia Civil localiz\u00f3 en la Fuente de su Cala (nordeste de Mallorca) un trozo de red con dos tortugas marinas j\u00f3venes adornadas y muertas. Los indicios hicieron sospechar a los t\u00e9cnicos del Servicio de Recursos Marinos de la Consejer\u00eda de Medio\" \/>\n\t\t<meta property=\"og:url\" content=\"https:\/\/www.eldigitaldeasturias.com\/noticias\/detectado-el-uso-de-redes-de-deriva-a-las-proximidades-de-las-islas-baleares\/\" \/>\n\t\t<meta property=\"article:tag\" content=\"actualidad\" \/>\n\t\t<meta property=\"article:published_time\" content=\"2017-08-28T23:48:08+00:00\" \/>\n\t\t<meta property=\"article:modified_time\" content=\"2017-08-28T23:48:08+00:00\" \/>\n\t\t<meta property=\"article:publisher\" content=\"https:\/\/facebook.com\/eldigitaldeasturias\" \/>\n\t\t<meta name=\"twitter:card\" content=\"summary_large_image\" \/>\n\t\t<meta name=\"twitter:title\" content=\"Detectado el uso de redes de deriva a las proximidades de las Islas Baleares - El Digital de Asturias\" \/>\n\t\t<meta name=\"twitter:description\" content=\"El d\u00eda 14 de agosto el Grupo Especial de Actividades Subacu\u00e1ticas (GEAS) de la Guardia Civil localiz\u00f3 en la Fuente de su Cala (nordeste de Mallorca) un trozo de red con dos tortugas marinas j\u00f3venes adornadas y muertas. Los indicios hicieron sospechar a los t\u00e9cnicos del Servicio de Recursos Marinos de la Consejer\u00eda de Medio\" \/>\n\t\t<meta name=\"twitter:image\" content=\"https:\/\/www.eldigitaldeasturias.com\/noticias\/wp-content\/uploads\/2020\/12\/EDA-1.jpg\" \/>\n\t\t<meta name=\"twitter:label1\" content=\"Escrito por\" \/>\n\t\t<meta name=\"twitter:data1\" content=\"El Digital de Asturias\" \/>\n\t\t<meta name=\"twitter:label2\" content=\"Tiempo de lectura estimado\" \/>\n\t\t<meta name=\"twitter:data2\" content=\"3 minutos\" \/>\n\t\t<script type=\"application\/ld+json\" class=\"aioseo-schema\">\n\t\t\t{\"@context\":\"https:\\\/\\\/schema.org\",\"@graph\":[{\"@type\":\"BlogPosting\",\"@id\":\"https:\\\/\\\/www.eldigitaldeasturias.com\\\/noticias\\\/detectado-el-uso-de-redes-de-deriva-a-las-proximidades-de-las-islas-baleares\\\/#blogposting\",\"name\":\"Detectado el uso de redes de deriva a las proximidades de las Islas Baleares - El Digital de Asturias\",\"headline\":\"Detectado el uso de redes de deriva a las proximidades de las Islas Baleares\",\"author\":{\"@id\":\"https:\\\/\\\/www.eldigitaldeasturias.com\\\/noticias\\\/author\\\/admin\\\/#author\"},\"publisher\":{\"@id\":\"https:\\\/\\\/www.eldigitaldeasturias.com\\\/noticias\\\/#organization\"},\"image\":{\"@type\":\"ImageObject\",\"url\":951176},\"datePublished\":\"2017-08-28T23:48:08+02:00\",\"dateModified\":\"2017-08-28T23:48:08+02:00\",\"inLanguage\":\"es-ES\",\"mainEntityOfPage\":{\"@id\":\"https:\\\/\\\/www.eldigitaldeasturias.com\\\/noticias\\\/detectado-el-uso-de-redes-de-deriva-a-las-proximidades-de-las-islas-baleares\\\/#webpage\"},\"isPartOf\":{\"@id\":\"https:\\\/\\\/www.eldigitaldeasturias.com\\\/noticias\\\/detectado-el-uso-de-redes-de-deriva-a-las-proximidades-de-las-islas-baleares\\\/#webpage\"},\"articleSection\":\"Actualidad\"},{\"@type\":\"BreadcrumbList\",\"@id\":\"https:\\\/\\\/www.eldigitaldeasturias.com\\\/noticias\\\/detectado-el-uso-de-redes-de-deriva-a-las-proximidades-de-las-islas-baleares\\\/#breadcrumblist\",\"itemListElement\":[{\"@type\":\"ListItem\",\"@id\":\"https:\\\/\\\/www.eldigitaldeasturias.com\\\/noticias#listItem\",\"position\":1,\"name\":\"Home\",\"item\":\"https:\\\/\\\/www.eldigitaldeasturias.com\\\/noticias\",\"nextItem\":{\"@type\":\"ListItem\",\"@id\":\"https:\\\/\\\/www.eldigitaldeasturias.com\\\/noticias\\\/category\\\/actualidad\\\/#listItem\",\"name\":\"Actualidad\"}},{\"@type\":\"ListItem\",\"@id\":\"https:\\\/\\\/www.eldigitaldeasturias.com\\\/noticias\\\/category\\\/actualidad\\\/#listItem\",\"position\":2,\"name\":\"Actualidad\",\"item\":\"https:\\\/\\\/www.eldigitaldeasturias.com\\\/noticias\\\/category\\\/actualidad\\\/\",\"nextItem\":{\"@type\":\"ListItem\",\"@id\":\"https:\\\/\\\/www.eldigitaldeasturias.com\\\/noticias\\\/detectado-el-uso-de-redes-de-deriva-a-las-proximidades-de-las-islas-baleares\\\/#listItem\",\"name\":\"Detectado el uso de redes de deriva a las proximidades de las Islas Baleares\"},\"previousItem\":{\"@type\":\"ListItem\",\"@id\":\"https:\\\/\\\/www.eldigitaldeasturias.com\\\/noticias#listItem\",\"name\":\"Home\"}},{\"@type\":\"ListItem\",\"@id\":\"https:\\\/\\\/www.eldigitaldeasturias.com\\\/noticias\\\/detectado-el-uso-de-redes-de-deriva-a-las-proximidades-de-las-islas-baleares\\\/#listItem\",\"position\":3,\"name\":\"Detectado el uso de redes de deriva a las proximidades de las Islas Baleares\",\"previousItem\":{\"@type\":\"ListItem\",\"@id\":\"https:\\\/\\\/www.eldigitaldeasturias.com\\\/noticias\\\/category\\\/actualidad\\\/#listItem\",\"name\":\"Actualidad\"}}]},{\"@type\":\"Organization\",\"@id\":\"https:\\\/\\\/www.eldigitaldeasturias.com\\\/noticias\\\/#organization\",\"name\":\"El Digital de Asturias\",\"description\":\"Hemeroteca\",\"url\":\"https:\\\/\\\/www.eldigitaldeasturias.com\\\/noticias\\\/\",\"email\":\"info@eldigitaldeasturias.com\",\"telephone\":\"+34652131393\",\"logo\":{\"@type\":\"ImageObject\",\"url\":\"https:\\\/\\\/www.eldigitaldeasturias.com\\\/noticias\\\/wp-content\\\/uploads\\\/2020\\\/12\\\/EDA.jpg\",\"@id\":\"https:\\\/\\\/www.eldigitaldeasturias.com\\\/noticias\\\/detectado-el-uso-de-redes-de-deriva-a-las-proximidades-de-las-islas-baleares\\\/#organizationLogo\"},\"image\":{\"@id\":\"https:\\\/\\\/www.eldigitaldeasturias.com\\\/noticias\\\/detectado-el-uso-de-redes-de-deriva-a-las-proximidades-de-las-islas-baleares\\\/#organizationLogo\"},\"sameAs\":[\"https:\\\/\\\/facebook.com\\\/eldigitaldeasturias\",\"https:\\\/\\\/www.youtube.com\\\/channel\\\/UCZP-2wLEB9Rv6erhFmqVnvg\"],\"address\":{\"@id\":\"https:\\\/\\\/www.eldigitaldeasturias.com\\\/noticias\\\/#postaladdress\",\"@type\":\"PostalAddress\",\"streetAddress\":\"san antonio 4\",\"postalCode\":\"33430\",\"addressLocality\":\"Cand\\u00e1s\",\"addressRegion\":\"Asturias\",\"addressCountry\":\"ES\"}},{\"@type\":\"Person\",\"@id\":\"https:\\\/\\\/www.eldigitaldeasturias.com\\\/noticias\\\/author\\\/admin\\\/#author\",\"url\":\"https:\\\/\\\/www.eldigitaldeasturias.com\\\/noticias\\\/author\\\/admin\\\/\",\"name\":\"El Digital de Asturias\",\"image\":{\"@type\":\"ImageObject\",\"@id\":\"https:\\\/\\\/www.eldigitaldeasturias.com\\\/noticias\\\/detectado-el-uso-de-redes-de-deriva-a-las-proximidades-de-las-islas-baleares\\\/#authorImage\",\"url\":\"https:\\\/\\\/secure.gravatar.com\\\/avatar\\\/df2aeffc32bcd13f8d26072ef8a91b623d677766deac7f97ca815868cd41bf5e?s=96&d=mm&r=g\",\"width\":96,\"height\":96,\"caption\":\"El Digital de Asturias\"}},{\"@type\":\"WebPage\",\"@id\":\"https:\\\/\\\/www.eldigitaldeasturias.com\\\/noticias\\\/detectado-el-uso-de-redes-de-deriva-a-las-proximidades-de-las-islas-baleares\\\/#webpage\",\"url\":\"https:\\\/\\\/www.eldigitaldeasturias.com\\\/noticias\\\/detectado-el-uso-de-redes-de-deriva-a-las-proximidades-de-las-islas-baleares\\\/\",\"name\":\"Detectado el uso de redes de deriva a las proximidades de las Islas Baleares - El Digital de Asturias\",\"description\":\"El d\\u00eda 14 de agosto el Grupo Especial de Actividades Subacu\\u00e1ticas (GEAS) de la Guardia Civil localiz\\u00f3 en la Fuente de su Cala (nordeste de Mallorca) un trozo de red con dos tortugas marinas j\\u00f3venes adornadas y muertas. Los indicios hicieron sospechar a los t\\u00e9cnicos del Servicio de Recursos Marinos de la Consejer\\u00eda de Medio\",\"inLanguage\":\"es-ES\",\"isPartOf\":{\"@id\":\"https:\\\/\\\/www.eldigitaldeasturias.com\\\/noticias\\\/#website\"},\"breadcrumb\":{\"@id\":\"https:\\\/\\\/www.eldigitaldeasturias.com\\\/noticias\\\/detectado-el-uso-de-redes-de-deriva-a-las-proximidades-de-las-islas-baleares\\\/#breadcrumblist\"},\"author\":{\"@id\":\"https:\\\/\\\/www.eldigitaldeasturias.com\\\/noticias\\\/author\\\/admin\\\/#author\"},\"creator\":{\"@id\":\"https:\\\/\\\/www.eldigitaldeasturias.com\\\/noticias\\\/author\\\/admin\\\/#author\"},\"image\":{\"@type\":\"ImageObject\",\"url\":951176,\"@id\":\"https:\\\/\\\/www.eldigitaldeasturias.com\\\/noticias\\\/detectado-el-uso-de-redes-de-deriva-a-las-proximidades-de-las-islas-baleares\\\/#mainImage\"},\"primaryImageOfPage\":{\"@id\":\"https:\\\/\\\/www.eldigitaldeasturias.com\\\/noticias\\\/detectado-el-uso-de-redes-de-deriva-a-las-proximidades-de-las-islas-baleares\\\/#mainImage\"},\"datePublished\":\"2017-08-28T23:48:08+02:00\",\"dateModified\":\"2017-08-28T23:48:08+02:00\"},{\"@type\":\"WebSite\",\"@id\":\"https:\\\/\\\/www.eldigitaldeasturias.com\\\/noticias\\\/#website\",\"url\":\"https:\\\/\\\/www.eldigitaldeasturias.com\\\/noticias\\\/\",\"name\":\"El Digital de Asturias - Diario de actualidad y noticias\",\"alternateName\":\"El Digital de Asturias - Diario de actualidad y noticias\",\"description\":\"Hemeroteca\",\"inLanguage\":\"es-ES\",\"publisher\":{\"@id\":\"https:\\\/\\\/www.eldigitaldeasturias.com\\\/noticias\\\/#organization\"}}]}\n\t\t<\/script>\n\t\t<!-- All in One SEO Pro -->\r\n\t\t<title>Detectado el uso de redes de deriva a las proximidades de las Islas Baleares - El Digital de Asturias<\/title>\n\n","aioseo_head_json":{"title":"Detectado el uso de redes de deriva a las proximidades de las Islas Baleares - El Digital de Asturias","description":"El d\u00eda 14 de agosto el Grupo Especial de Actividades Subacu\u00e1ticas (GEAS) de la Guardia Civil localiz\u00f3 en la Fuente de su Cala (nordeste de Mallorca) un trozo de red con dos tortugas marinas j\u00f3venes adornadas y muertas. Los indicios hicieron sospechar a los t\u00e9cnicos del Servicio de Recursos Marinos de la Consejer\u00eda de Medio","canonical_url":"https:\/\/www.eldigitaldeasturias.com\/noticias\/detectado-el-uso-de-redes-de-deriva-a-las-proximidades-de-las-islas-baleares\/","robots":"max-image-preview:large","keywords":"actualidad","webmasterTools":{"google-site-verification":"UA-38556648-1","msvalidate.01":"7dfe9f3f1b24437ab69f4f2559babe99","miscellaneous":""},"schema":{"@context":"https:\/\/schema.org","@graph":[{"@type":"BlogPosting","@id":"https:\/\/www.eldigitaldeasturias.com\/noticias\/detectado-el-uso-de-redes-de-deriva-a-las-proximidades-de-las-islas-baleares\/#blogposting","name":"Detectado el uso de redes de deriva a las proximidades de las Islas Baleares - El Digital de Asturias","headline":"Detectado el uso de redes de deriva a las proximidades de las Islas Baleares","author":{"@id":"https:\/\/www.eldigitaldeasturias.com\/noticias\/author\/admin\/#author"},"publisher":{"@id":"https:\/\/www.eldigitaldeasturias.com\/noticias\/#organization"},"image":{"@type":"ImageObject","url":951176},"datePublished":"2017-08-28T23:48:08+02:00","dateModified":"2017-08-28T23:48:08+02:00","inLanguage":"es-ES","mainEntityOfPage":{"@id":"https:\/\/www.eldigitaldeasturias.com\/noticias\/detectado-el-uso-de-redes-de-deriva-a-las-proximidades-de-las-islas-baleares\/#webpage"},"isPartOf":{"@id":"https:\/\/www.eldigitaldeasturias.com\/noticias\/detectado-el-uso-de-redes-de-deriva-a-las-proximidades-de-las-islas-baleares\/#webpage"},"articleSection":"Actualidad"},{"@type":"BreadcrumbList","@id":"https:\/\/www.eldigitaldeasturias.com\/noticias\/detectado-el-uso-de-redes-de-deriva-a-las-proximidades-de-las-islas-baleares\/#breadcrumblist","itemListElement":[{"@type":"ListItem","@id":"https:\/\/www.eldigitaldeasturias.com\/noticias#listItem","position":1,"name":"Home","item":"https:\/\/www.eldigitaldeasturias.com\/noticias","nextItem":{"@type":"ListItem","@id":"https:\/\/www.eldigitaldeasturias.com\/noticias\/category\/actualidad\/#listItem","name":"Actualidad"}},{"@type":"ListItem","@id":"https:\/\/www.eldigitaldeasturias.com\/noticias\/category\/actualidad\/#listItem","position":2,"name":"Actualidad","item":"https:\/\/www.eldigitaldeasturias.com\/noticias\/category\/actualidad\/","nextItem":{"@type":"ListItem","@id":"https:\/\/www.eldigitaldeasturias.com\/noticias\/detectado-el-uso-de-redes-de-deriva-a-las-proximidades-de-las-islas-baleares\/#listItem","name":"Detectado el uso de redes de deriva a las proximidades de las Islas Baleares"},"previousItem":{"@type":"ListItem","@id":"https:\/\/www.eldigitaldeasturias.com\/noticias#listItem","name":"Home"}},{"@type":"ListItem","@id":"https:\/\/www.eldigitaldeasturias.com\/noticias\/detectado-el-uso-de-redes-de-deriva-a-las-proximidades-de-las-islas-baleares\/#listItem","position":3,"name":"Detectado el uso de redes de deriva a las proximidades de las Islas Baleares","previousItem":{"@type":"ListItem","@id":"https:\/\/www.eldigitaldeasturias.com\/noticias\/category\/actualidad\/#listItem","name":"Actualidad"}}]},{"@type":"Organization","@id":"https:\/\/www.eldigitaldeasturias.com\/noticias\/#organization","name":"El Digital de Asturias","description":"Hemeroteca","url":"https:\/\/www.eldigitaldeasturias.com\/noticias\/","email":"info@eldigitaldeasturias.com","telephone":"+34652131393","logo":{"@type":"ImageObject","url":"https:\/\/www.eldigitaldeasturias.com\/noticias\/wp-content\/uploads\/2020\/12\/EDA.jpg","@id":"https:\/\/www.eldigitaldeasturias.com\/noticias\/detectado-el-uso-de-redes-de-deriva-a-las-proximidades-de-las-islas-baleares\/#organizationLogo"},"image":{"@id":"https:\/\/www.eldigitaldeasturias.com\/noticias\/detectado-el-uso-de-redes-de-deriva-a-las-proximidades-de-las-islas-baleares\/#organizationLogo"},"sameAs":["https:\/\/facebook.com\/eldigitaldeasturias","https:\/\/www.youtube.com\/channel\/UCZP-2wLEB9Rv6erhFmqVnvg"],"address":{"@id":"https:\/\/www.eldigitaldeasturias.com\/noticias\/#postaladdress","@type":"PostalAddress","streetAddress":"san antonio 4","postalCode":"33430","addressLocality":"Cand\u00e1s","addressRegion":"Asturias","addressCountry":"ES"}},{"@type":"Person","@id":"https:\/\/www.eldigitaldeasturias.com\/noticias\/author\/admin\/#author","url":"https:\/\/www.eldigitaldeasturias.com\/noticias\/author\/admin\/","name":"El Digital de Asturias","image":{"@type":"ImageObject","@id":"https:\/\/www.eldigitaldeasturias.com\/noticias\/detectado-el-uso-de-redes-de-deriva-a-las-proximidades-de-las-islas-baleares\/#authorImage","url":"https:\/\/secure.gravatar.com\/avatar\/df2aeffc32bcd13f8d26072ef8a91b623d677766deac7f97ca815868cd41bf5e?s=96&d=mm&r=g","width":96,"height":96,"caption":"El Digital de Asturias"}},{"@type":"WebPage","@id":"https:\/\/www.eldigitaldeasturias.com\/noticias\/detectado-el-uso-de-redes-de-deriva-a-las-proximidades-de-las-islas-baleares\/#webpage","url":"https:\/\/www.eldigitaldeasturias.com\/noticias\/detectado-el-uso-de-redes-de-deriva-a-las-proximidades-de-las-islas-baleares\/","name":"Detectado el uso de redes de deriva a las proximidades de las Islas Baleares - El Digital de Asturias","description":"El d\u00eda 14 de agosto el Grupo Especial de Actividades Subacu\u00e1ticas (GEAS) de la Guardia Civil localiz\u00f3 en la Fuente de su Cala (nordeste de Mallorca) un trozo de red con dos tortugas marinas j\u00f3venes adornadas y muertas. Los indicios hicieron sospechar a los t\u00e9cnicos del Servicio de Recursos Marinos de la Consejer\u00eda de Medio","inLanguage":"es-ES","isPartOf":{"@id":"https:\/\/www.eldigitaldeasturias.com\/noticias\/#website"},"breadcrumb":{"@id":"https:\/\/www.eldigitaldeasturias.com\/noticias\/detectado-el-uso-de-redes-de-deriva-a-las-proximidades-de-las-islas-baleares\/#breadcrumblist"},"author":{"@id":"https:\/\/www.eldigitaldeasturias.com\/noticias\/author\/admin\/#author"},"creator":{"@id":"https:\/\/www.eldigitaldeasturias.com\/noticias\/author\/admin\/#author"},"image":{"@type":"ImageObject","url":951176,"@id":"https:\/\/www.eldigitaldeasturias.com\/noticias\/detectado-el-uso-de-redes-de-deriva-a-las-proximidades-de-las-islas-baleares\/#mainImage"},"primaryImageOfPage":{"@id":"https:\/\/www.eldigitaldeasturias.com\/noticias\/detectado-el-uso-de-redes-de-deriva-a-las-proximidades-de-las-islas-baleares\/#mainImage"},"datePublished":"2017-08-28T23:48:08+02:00","dateModified":"2017-08-28T23:48:08+02:00"},{"@type":"WebSite","@id":"https:\/\/www.eldigitaldeasturias.com\/noticias\/#website","url":"https:\/\/www.eldigitaldeasturias.com\/noticias\/","name":"El Digital de Asturias - Diario de actualidad y noticias","alternateName":"El Digital de Asturias - Diario de actualidad y noticias","description":"Hemeroteca","inLanguage":"es-ES","publisher":{"@id":"https:\/\/www.eldigitaldeasturias.com\/noticias\/#organization"}}]},"og:locale":"es_ES","og:site_name":"El Digital de Asturias","og:type":"article","og:title":"Detectado el uso de redes de deriva a las proximidades de las Islas Baleares - El Digital de Asturias","og:description":"El d\u00eda 14 de agosto el Grupo Especial de Actividades Subacu\u00e1ticas (GEAS) de la Guardia Civil localiz\u00f3 en la Fuente de su Cala (nordeste de Mallorca) un trozo de red con dos tortugas marinas j\u00f3venes adornadas y muertas. Los indicios hicieron sospechar a los t\u00e9cnicos del Servicio de Recursos Marinos de la Consejer\u00eda de Medio","og:url":"https:\/\/www.eldigitaldeasturias.com\/noticias\/detectado-el-uso-de-redes-de-deriva-a-las-proximidades-de-las-islas-baleares\/","article:tag":["actualidad"],"article:published_time":"2017-08-28T23:48:08+00:00","article:modified_time":"2017-08-28T23:48:08+00:00","article:publisher":"https:\/\/facebook.com\/eldigitaldeasturias","twitter:card":"summary_large_image","twitter:title":"Detectado el uso de redes de deriva a las proximidades de las Islas Baleares - El Digital de Asturias","twitter:description":"El d\u00eda 14 de agosto el Grupo Especial de Actividades Subacu\u00e1ticas (GEAS) de la Guardia Civil localiz\u00f3 en la Fuente de su Cala (nordeste de Mallorca) un trozo de red con dos tortugas marinas j\u00f3venes adornadas y muertas. Los indicios hicieron sospechar a los t\u00e9cnicos del Servicio de Recursos Marinos de la Consejer\u00eda de Medio","twitter:image":"https:\/\/www.eldigitaldeasturias.com\/noticias\/wp-content\/uploads\/2020\/12\/EDA-1.jpg","twitter:label1":"Escrito por","twitter:data1":"El Digital de Asturias","twitter:label2":"Tiempo de lectura estimado","twitter:data2":"3 minutos"},"aioseo_meta_data":{"post_id":"951175","title":null,"description":null,"keywords":null,"keyphrases":null,"primary_term":null,"canonical_url":null,"og_title":null,"og_description":null,"og_object_type":"default","og_image_type":"default","og_image_url":null,"og_image_width":null,"og_image_height":null,"og_image_custom_url":null,"og_image_custom_fields":null,"og_video":null,"og_custom_url":null,"og_article_section":null,"og_article_tags":null,"twitter_use_og":false,"twitter_card":"default","twitter_image_type":"default","twitter_image_url":null,"twitter_image_custom_url":null,"twitter_image_custom_fields":null,"twitter_title":null,"twitter_description":null,"schema":{"blockGraphs":[],"customGraphs":[],"default":{"data":{"Article":[],"Course":[],"Dataset":[],"FAQPage":[],"Movie":[],"Person":[],"Product":[],"ProductReview":[],"Car":[],"Recipe":[],"Service":[],"SoftwareApplication":[],"WebPage":[]},"graphName":"","isEnabled":true},"graphs":[]},"schema_type":null,"schema_type_options":null,"pillar_content":false,"robots_default":true,"robots_noindex":false,"robots_noarchive":false,"robots_nosnippet":false,"robots_nofollow":false,"robots_noimageindex":false,"robots_noodp":false,"robots_notranslate":false,"robots_max_snippet":null,"robots_max_videopreview":null,"robots_max_imagepreview":"large","priority":null,"frequency":null,"local_seo":null,"seo_analyzer_scan_date":"2025-12-05 18:20:12","breadcrumb_settings":null,"limit_modified_date":false,"open_ai":null,"ai":null,"created":"2020-12-21 12:58:24","updated":"2025-12-05 18:20:12","focus_keyword":null,"additional_keywords":null,"truseo_locale":null},"aioseo_breadcrumb":"<div class=\"aioseo-breadcrumbs\"><span class=\"aioseo-breadcrumb\">\n\t<a href=\"https:\/\/www.eldigitaldeasturias.com\/noticias\" title=\"Home\">Home<\/a>\n<\/span><span class=\"aioseo-breadcrumb-separator\">\u2013<\/span><span class=\"aioseo-breadcrumb\">\n\t<a href=\"https:\/\/www.eldigitaldeasturias.com\/noticias\/category\/actualidad\/\" title=\"Actualidad\">Actualidad<\/a>\n<\/span><span class=\"aioseo-breadcrumb-separator\">\u2013<\/span><span class=\"aioseo-breadcrumb\">\n\t<a href=\"https:\/\/www.eldigitaldeasturias.com\/noticias\/detectado-el-uso-de-redes-de-deriva-a-las-proximidades-de-las-islas-baleares\/\" title=\"Detectado el uso de redes de deriva a las proximidades de las Islas Baleares\">Detectado el uso de redes de deriva a las proximidades de las Islas Baleares<\/a>\n<\/span><\/div>","aioseo_breadcrumb_json":[{"label":"Home","link":"https:\/\/www.eldigitaldeasturias.com\/noticias"},{"label":"Actualidad","link":"https:\/\/www.eldigitaldeasturias.com\/noticias\/category\/actualidad\/"},{"label":"Detectado el uso de redes de deriva a las proximidades de las Islas Baleares","link":"https:\/\/www.eldigitaldeasturias.com\/noticias\/detectado-el-uso-de-redes-de-deriva-a-las-proximidades-de-las-islas-baleares\/"}],"_links":{"self":[{"href":"https:\/\/www.eldigitaldeasturias.com\/noticias\/wp-json\/wp\/v2\/posts\/951175","targetHints":{"allow":["GET"]}}],"collection":[{"href":"https:\/\/www.eldigitaldeasturias.com\/noticias\/wp-json\/wp\/v2\/posts"}],"about":[{"href":"https:\/\/www.eldigitaldeasturias.com\/noticias\/wp-json\/wp\/v2\/types\/post"}],"author":[{"embeddable":true,"href":"https:\/\/www.eldigitaldeasturias.com\/noticias\/wp-json\/wp\/v2\/users\/1"}],"replies":[{"embeddable":true,"href":"https:\/\/www.eldigitaldeasturias.com\/noticias\/wp-json\/wp\/v2\/comments?post=951175"}],"version-history":[{"count":0,"href":"https:\/\/www.eldigitaldeasturias.com\/noticias\/wp-json\/wp\/v2\/posts\/951175\/revisions"}],"wp:attachment":[{"href":"https:\/\/www.eldigitaldeasturias.com\/noticias\/wp-json\/wp\/v2\/media?parent=951175"}],"wp:term":[{"taxonomy":"category","embeddable":true,"href":"https:\/\/www.eldigitaldeasturias.com\/noticias\/wp-json\/wp\/v2\/categories?post=951175"},{"taxonomy":"post_tag","embeddable":true,"href":"https:\/\/www.eldigitaldeasturias.com\/noticias\/wp-json\/wp\/v2\/tags?post=951175"}],"curies":[{"name":"wp","href":"https:\/\/api.w.org\/{rel}","templated":true}]}}