{"id":951167,"date":"2017-08-28T23:39:19","date_gmt":"2017-08-28T23:39:19","guid":{"rendered":"http:\/\/www.eldigitaldeasturias.com\/noticias\/?p=951167"},"modified":"2017-08-28T23:39:19","modified_gmt":"2017-08-28T23:39:19","slug":"sanchez-rubio-visita-en-montefrio-el-nuevo-centro-de-dia-con-terapia-ocupacional","status":"publish","type":"post","link":"https:\/\/www.eldigitaldeasturias.com\/noticias\/sanchez-rubio-visita-en-montefrio-el-nuevo-centro-de-dia-con-terapia-ocupacional\/","title":{"rendered":"S\u00e1nchez Rubio visita en Montefr\u00edo el nuevo Centro de D\u00eda con Terapia Ocupacional"},"content":{"rendered":"<p><img loading=\"lazy\" decoding=\"async\" class=\"alignleft size-medium wp-image-951168\" src=\"https:\/\/www.eldigitaldeasturias.com\/noticias\/wp-content\/uploads\/2017\/08\/150391716677-360x187.jpg\" alt=\"\" width=\"360\" height=\"187\" \/>La Junta de Andaluc\u00eda est\u00e1 trabajando en el desarrollo de un nuevo decreto para agilizar el procedimiento de reconocimiento de la situaci\u00f3n de dependencia y del derecho a las prestaciones, de forma que se reduzcan los plazos al m\u00e1ximo. As\u00ed lo ha destacado la consejera de Igualdad y Pol\u00edticas Sociales, Mar\u00eda Jos\u00e9 S\u00e1nchez Rubio, durante su visita al nuevo Centro de D\u00eda con Terapia Ocupacional para personas con discapacidad de Montefr\u00edo (Granada), donde ha informado sobre esta nueva norma que agilizar\u00e1 el procedimiento de la dependencia desde que la persona presenta su solicitud hasta que recibe la prestaci\u00f3n correspondiente.<\/p>\n<p>S\u00e1nchez Rubio ha explicado que \u00abla elaboraci\u00f3n de este nuevo decreto forma parte del Plan de Medidas puesto en marcha por el Gobierno andaluz para mitigar los efectos de los recortes del Ejecutivo central en materia de dependencia, y que desde que Andaluc\u00eda puso en marcha el pasado mes de marzo ha permitido incorporar a m\u00e1s 11.000 personas al sistema\u00bb.<\/p>\n<p>La consejera ha subrayado que, \u00abdesde la Junta de Andaluc\u00eda, nos hemos visto obligados a poner en marcha un Plan de Medidas excepcionales en materia de dependencia tras los numerosos recortes llevados a cabo por la Administraci\u00f3n central, que han supuesto que Andaluc\u00eda deje de recibir 625 millones de euros desde 2012, adem\u00e1s de otros 18 millones por el pago de la teleasistencia avanzada, lo que habr\u00eda permitido atender a 105.000 personas m\u00e1s\u00bb.<\/p>\n<p>S\u00e1nchez Rubio ha resaltado que \u00abla principal novedad que introduce esta norma es la simplificaci\u00f3n del procedimiento establecido para el reconocimiento de la situaci\u00f3n de dependencia, unificando las fases de valoraci\u00f3n y programa individual de atenci\u00f3n, de manera que exista una \u00fanica resoluci\u00f3n donde se reconozca el grado de dependencia y, al mismo tiempo, se especifiquen los servicios o prestaciones a los que tiene derecho la persona\u00bb. De esta forma, se simplifican los tr\u00e1mites administrativos con la consiguiente reducci\u00f3n de los tiempos de respuesta.<\/p>\n<p>Adem\u00e1s de la agilizaci\u00f3n de los procedimientos y la reducci\u00f3n del tiempo medio de tramitaci\u00f3n, tambi\u00e9n destacan algunos aspectos novedosos que se contemplar\u00e1n en este decreto, como los supuestos de tramitaci\u00f3n preferente en lo que respecta al procedimiento para determinados colectivos a tener en consideraci\u00f3n, entre los que se encuentran los menores de 21 a\u00f1os.<\/p>\n<p>Otro de los supuestos de tramitaci\u00f3n preferente son las situaciones de urgente necesidad o especial vulnerabilidad o las personas atendidas en cualquiera de los centros de la red de Servicios Sociales de Andaluc\u00eda del cat\u00e1logo de prestaciones de Dependencia.<\/p>\n<p>La consejera ha avanzado que \u00abuna novedad importante es que se hace alusi\u00f3n a las personas que sean diagnosticadas con una enfermedad cuya r\u00e1pida progresi\u00f3n haga disminuir considerablemente su esperanza de vida. Estas personas tendr\u00e1n preferencia para el reconocimiento de su situaci\u00f3n de dependencia\u00bb. Entre los colectivos preferentes se encontrar\u00edan, por ejemplo, los enfermos de ELA, con los que la Consejer\u00eda de Igualdad y Pol\u00edticas Sociales ha suscrito recientemente un protocolo para mejorar la atenci\u00f3n social de las personas afectadas y la de sus familias y las personas cuidadoras.<\/p>\n<p>La tramitaci\u00f3n de este decreto resulta necesaria para actualizar la regulaci\u00f3n de forma que se ajuste a la normativa vigente que ha sufrido importantes cambios tanto a nivel estatal como regional. Por otro lado, se ha adaptado seg\u00fan la experiencia adquirida en la gesti\u00f3n en estos m\u00e1s de diez a\u00f1os desde que se aprobara la Ley de la Dependencia, durante los que se ha atendido a m\u00e1s de 387.610 personas, que se han beneficiado de 508.112 prestaciones. \u00abDe esta forma se pretende mejorar la eficacia en el desarrollo y tramitaci\u00f3n del procedimiento\u00bb, ha subrayado.<\/p>\n<p><strong>Centro de D\u00eda<\/strong><\/p>\n<p>La consejera de Igualdad y Pol\u00edticas Sociales, Mar\u00eda Jos\u00e9 S\u00e1nchez Rubio, ha visitado en Montefr\u00edo el nuevo Centro de D\u00eda con Terapia Ocupacional para personas con discapacidad, que contar\u00e1 con 20 plazas financiadas p\u00fablicamente.<\/p>\n<p>S\u00e1nchez Rubio, que ha recorrido este edificio de tres plantas acompa\u00f1ada de la alcaldesa del municipio, Remedios G\u00e1mez, ha destacado que en Montefr\u00edo, a fecha de 30 junio de 2017, hay 228 personas en situaci\u00f3n de dependencia, con 302 prestaciones. Adem\u00e1s, el Servicio Andaluz de Telasistencia beneficia a 176 personas, de las que 91 son personas en situaci\u00f3n de dependencia. La consejera ha resaltado tambi\u00e9n que en el municipio hay en la actualidad 70 plazas financiadas p\u00fablicamente.<\/p>\n<p>La consejera ha firmado previamente en el Libro de Honor del Ayuntamiento de Montefr\u00edo, un municipio que recibe una inversi\u00f3n estimada este a\u00f1o en materia de servicios sociales de m\u00e1s de 1,4 millones de euros.<\/p>\n<p>&nbsp;<\/p>\n","protected":false},"excerpt":{"rendered":"<p>La Junta de Andaluc\u00eda est\u00e1 trabajando en el desarrollo de un nuevo decreto para agilizar el procedimiento de reconocimiento de la situaci\u00f3n de dependencia y del derecho a las prestaciones, de forma que se reduzcan los plazos al m\u00e1ximo. As\u00ed lo ha destacado la consejera de Igualdad y Pol\u00edticas Sociales, Mar\u00eda Jos\u00e9 S\u00e1nchez Rubio, durante [&hellip;]<\/p>\n","protected":false},"author":1,"featured_media":951168,"comment_status":"closed","ping_status":"closed","sticky":false,"template":"","format":"standard","meta":{"footnotes":""},"categories":[1],"tags":[],"class_list":["post-951167","post","type-post","status-publish","format-standard","has-post-thumbnail","hentry","category-actualidad"],"aioseo_notices":[],"aioseo_head":"\n\t\t<!-- All in One SEO Pro 5.0.1 - aioseo.com -->\n\t<meta name=\"description\" content=\"La Junta de Andaluc\u00eda est\u00e1 trabajando en el desarrollo de un nuevo decreto para agilizar el procedimiento de reconocimiento de la situaci\u00f3n de dependencia y del derecho a las prestaciones, de forma que se reduzcan los plazos al m\u00e1ximo. As\u00ed lo ha destacado la consejera de Igualdad y Pol\u00edticas Sociales, Mar\u00eda Jos\u00e9 S\u00e1nchez Rubio, durante\" \/>\n\t<meta name=\"robots\" content=\"max-image-preview:large\" \/>\n\t<meta name=\"author\" content=\"El Digital de Asturias\"\/>\n\t<meta name=\"google-site-verification\" content=\"UA-38556648-1\" \/>\n\t<meta name=\"msvalidate.01\" content=\"7dfe9f3f1b24437ab69f4f2559babe99\" \/>\n\t<meta name=\"keywords\" content=\"actualidad\" \/>\n\t<link rel=\"canonical\" href=\"https:\/\/www.eldigitaldeasturias.com\/noticias\/sanchez-rubio-visita-en-montefrio-el-nuevo-centro-de-dia-con-terapia-ocupacional\/\" \/>\n\t<meta name=\"generator\" content=\"All in One SEO Pro (AIOSEO) 5.0.1\" \/>\n\t\t<meta property=\"og:locale\" content=\"es_ES\" \/>\n\t\t<meta property=\"og:site_name\" content=\"El Digital de Asturias\" \/>\n\t\t<meta property=\"og:type\" content=\"article\" \/>\n\t\t<meta property=\"og:title\" content=\"S\u00e1nchez Rubio visita en Montefr\u00edo el nuevo Centro de D\u00eda con Terapia Ocupacional - El Digital de Asturias\" \/>\n\t\t<meta property=\"og:description\" content=\"La Junta de Andaluc\u00eda est\u00e1 trabajando en el desarrollo de un nuevo decreto para agilizar el procedimiento de reconocimiento de la situaci\u00f3n de dependencia y del derecho a las prestaciones, de forma que se reduzcan los plazos al m\u00e1ximo. As\u00ed lo ha destacado la consejera de Igualdad y Pol\u00edticas Sociales, Mar\u00eda Jos\u00e9 S\u00e1nchez Rubio, durante\" \/>\n\t\t<meta property=\"og:url\" content=\"https:\/\/www.eldigitaldeasturias.com\/noticias\/sanchez-rubio-visita-en-montefrio-el-nuevo-centro-de-dia-con-terapia-ocupacional\/\" \/>\n\t\t<meta property=\"article:tag\" content=\"actualidad\" \/>\n\t\t<meta property=\"article:published_time\" content=\"2017-08-28T23:39:19+00:00\" \/>\n\t\t<meta property=\"article:modified_time\" content=\"2017-08-28T23:39:19+00:00\" \/>\n\t\t<meta property=\"article:publisher\" content=\"https:\/\/facebook.com\/eldigitaldeasturias\" \/>\n\t\t<meta name=\"twitter:card\" content=\"summary_large_image\" \/>\n\t\t<meta name=\"twitter:title\" content=\"S\u00e1nchez Rubio visita en Montefr\u00edo el nuevo Centro de D\u00eda con Terapia Ocupacional - El Digital de Asturias\" \/>\n\t\t<meta name=\"twitter:description\" content=\"La Junta de Andaluc\u00eda est\u00e1 trabajando en el desarrollo de un nuevo decreto para agilizar el procedimiento de reconocimiento de la situaci\u00f3n de dependencia y del derecho a las prestaciones, de forma que se reduzcan los plazos al m\u00e1ximo. As\u00ed lo ha destacado la consejera de Igualdad y Pol\u00edticas Sociales, Mar\u00eda Jos\u00e9 S\u00e1nchez Rubio, durante\" \/>\n\t\t<meta name=\"twitter:image\" content=\"https:\/\/www.eldigitaldeasturias.com\/noticias\/wp-content\/uploads\/2020\/12\/EDA-1.jpg\" \/>\n\t\t<meta name=\"twitter:label1\" content=\"Escrito por\" \/>\n\t\t<meta name=\"twitter:data1\" content=\"El Digital de Asturias\" \/>\n\t\t<meta name=\"twitter:label2\" content=\"Tiempo de lectura estimado\" \/>\n\t\t<meta name=\"twitter:data2\" content=\"4 minutos\" \/>\n\t\t<script type=\"application\/ld+json\" class=\"aioseo-schema\">\n\t\t\t{\"@context\":\"https:\\\/\\\/schema.org\",\"@graph\":[{\"@type\":\"BlogPosting\",\"@id\":\"https:\\\/\\\/www.eldigitaldeasturias.com\\\/noticias\\\/sanchez-rubio-visita-en-montefrio-el-nuevo-centro-de-dia-con-terapia-ocupacional\\\/#blogposting\",\"name\":\"S\\u00e1nchez Rubio visita en Montefr\\u00edo el nuevo Centro de D\\u00eda con Terapia Ocupacional - El Digital de Asturias\",\"headline\":\"S\\u00e1nchez Rubio visita en Montefr\\u00edo el nuevo Centro de D\\u00eda con Terapia Ocupacional\",\"author\":{\"@id\":\"https:\\\/\\\/www.eldigitaldeasturias.com\\\/noticias\\\/author\\\/admin\\\/#author\"},\"publisher\":{\"@id\":\"https:\\\/\\\/www.eldigitaldeasturias.com\\\/noticias\\\/#organization\"},\"image\":{\"@type\":\"ImageObject\",\"url\":951168},\"datePublished\":\"2017-08-28T23:39:19+02:00\",\"dateModified\":\"2017-08-28T23:39:19+02:00\",\"inLanguage\":\"es-ES\",\"mainEntityOfPage\":{\"@id\":\"https:\\\/\\\/www.eldigitaldeasturias.com\\\/noticias\\\/sanchez-rubio-visita-en-montefrio-el-nuevo-centro-de-dia-con-terapia-ocupacional\\\/#webpage\"},\"isPartOf\":{\"@id\":\"https:\\\/\\\/www.eldigitaldeasturias.com\\\/noticias\\\/sanchez-rubio-visita-en-montefrio-el-nuevo-centro-de-dia-con-terapia-ocupacional\\\/#webpage\"},\"articleSection\":\"Actualidad\"},{\"@type\":\"BreadcrumbList\",\"@id\":\"https:\\\/\\\/www.eldigitaldeasturias.com\\\/noticias\\\/sanchez-rubio-visita-en-montefrio-el-nuevo-centro-de-dia-con-terapia-ocupacional\\\/#breadcrumblist\",\"itemListElement\":[{\"@type\":\"ListItem\",\"@id\":\"https:\\\/\\\/www.eldigitaldeasturias.com\\\/noticias#listItem\",\"position\":1,\"name\":\"Home\",\"item\":\"https:\\\/\\\/www.eldigitaldeasturias.com\\\/noticias\",\"nextItem\":{\"@type\":\"ListItem\",\"@id\":\"https:\\\/\\\/www.eldigitaldeasturias.com\\\/noticias\\\/category\\\/actualidad\\\/#listItem\",\"name\":\"Actualidad\"}},{\"@type\":\"ListItem\",\"@id\":\"https:\\\/\\\/www.eldigitaldeasturias.com\\\/noticias\\\/category\\\/actualidad\\\/#listItem\",\"position\":2,\"name\":\"Actualidad\",\"item\":\"https:\\\/\\\/www.eldigitaldeasturias.com\\\/noticias\\\/category\\\/actualidad\\\/\",\"nextItem\":{\"@type\":\"ListItem\",\"@id\":\"https:\\\/\\\/www.eldigitaldeasturias.com\\\/noticias\\\/sanchez-rubio-visita-en-montefrio-el-nuevo-centro-de-dia-con-terapia-ocupacional\\\/#listItem\",\"name\":\"S\\u00e1nchez Rubio visita en Montefr\\u00edo el nuevo Centro de D\\u00eda con Terapia Ocupacional\"},\"previousItem\":{\"@type\":\"ListItem\",\"@id\":\"https:\\\/\\\/www.eldigitaldeasturias.com\\\/noticias#listItem\",\"name\":\"Home\"}},{\"@type\":\"ListItem\",\"@id\":\"https:\\\/\\\/www.eldigitaldeasturias.com\\\/noticias\\\/sanchez-rubio-visita-en-montefrio-el-nuevo-centro-de-dia-con-terapia-ocupacional\\\/#listItem\",\"position\":3,\"name\":\"S\\u00e1nchez Rubio visita en Montefr\\u00edo el nuevo Centro de D\\u00eda con Terapia Ocupacional\",\"previousItem\":{\"@type\":\"ListItem\",\"@id\":\"https:\\\/\\\/www.eldigitaldeasturias.com\\\/noticias\\\/category\\\/actualidad\\\/#listItem\",\"name\":\"Actualidad\"}}]},{\"@type\":\"Organization\",\"@id\":\"https:\\\/\\\/www.eldigitaldeasturias.com\\\/noticias\\\/#organization\",\"name\":\"El Digital de Asturias\",\"description\":\"Hemeroteca\",\"url\":\"https:\\\/\\\/www.eldigitaldeasturias.com\\\/noticias\\\/\",\"email\":\"info@eldigitaldeasturias.com\",\"telephone\":\"+34652131393\",\"logo\":{\"@type\":\"ImageObject\",\"url\":\"https:\\\/\\\/www.eldigitaldeasturias.com\\\/noticias\\\/wp-content\\\/uploads\\\/2020\\\/12\\\/EDA.jpg\",\"@id\":\"https:\\\/\\\/www.eldigitaldeasturias.com\\\/noticias\\\/sanchez-rubio-visita-en-montefrio-el-nuevo-centro-de-dia-con-terapia-ocupacional\\\/#organizationLogo\"},\"image\":{\"@id\":\"https:\\\/\\\/www.eldigitaldeasturias.com\\\/noticias\\\/sanchez-rubio-visita-en-montefrio-el-nuevo-centro-de-dia-con-terapia-ocupacional\\\/#organizationLogo\"},\"sameAs\":[\"https:\\\/\\\/facebook.com\\\/eldigitaldeasturias\",\"https:\\\/\\\/www.youtube.com\\\/channel\\\/UCZP-2wLEB9Rv6erhFmqVnvg\"],\"address\":{\"@id\":\"https:\\\/\\\/www.eldigitaldeasturias.com\\\/noticias\\\/#postaladdress\",\"@type\":\"PostalAddress\",\"streetAddress\":\"san antonio 4\",\"postalCode\":\"33430\",\"addressLocality\":\"Cand\\u00e1s\",\"addressRegion\":\"Asturias\",\"addressCountry\":\"ES\"}},{\"@type\":\"Person\",\"@id\":\"https:\\\/\\\/www.eldigitaldeasturias.com\\\/noticias\\\/author\\\/admin\\\/#author\",\"url\":\"https:\\\/\\\/www.eldigitaldeasturias.com\\\/noticias\\\/author\\\/admin\\\/\",\"name\":\"El Digital de Asturias\",\"image\":{\"@type\":\"ImageObject\",\"@id\":\"https:\\\/\\\/www.eldigitaldeasturias.com\\\/noticias\\\/sanchez-rubio-visita-en-montefrio-el-nuevo-centro-de-dia-con-terapia-ocupacional\\\/#authorImage\",\"url\":\"https:\\\/\\\/secure.gravatar.com\\\/avatar\\\/df2aeffc32bcd13f8d26072ef8a91b623d677766deac7f97ca815868cd41bf5e?s=96&d=mm&r=g\",\"width\":96,\"height\":96,\"caption\":\"El Digital de Asturias\"}},{\"@type\":\"WebPage\",\"@id\":\"https:\\\/\\\/www.eldigitaldeasturias.com\\\/noticias\\\/sanchez-rubio-visita-en-montefrio-el-nuevo-centro-de-dia-con-terapia-ocupacional\\\/#webpage\",\"url\":\"https:\\\/\\\/www.eldigitaldeasturias.com\\\/noticias\\\/sanchez-rubio-visita-en-montefrio-el-nuevo-centro-de-dia-con-terapia-ocupacional\\\/\",\"name\":\"S\\u00e1nchez Rubio visita en Montefr\\u00edo el nuevo Centro de D\\u00eda con Terapia Ocupacional - El Digital de Asturias\",\"description\":\"La Junta de Andaluc\\u00eda est\\u00e1 trabajando en el desarrollo de un nuevo decreto para agilizar el procedimiento de reconocimiento de la situaci\\u00f3n de dependencia y del derecho a las prestaciones, de forma que se reduzcan los plazos al m\\u00e1ximo. As\\u00ed lo ha destacado la consejera de Igualdad y Pol\\u00edticas Sociales, Mar\\u00eda Jos\\u00e9 S\\u00e1nchez Rubio, durante\",\"inLanguage\":\"es-ES\",\"isPartOf\":{\"@id\":\"https:\\\/\\\/www.eldigitaldeasturias.com\\\/noticias\\\/#website\"},\"breadcrumb\":{\"@id\":\"https:\\\/\\\/www.eldigitaldeasturias.com\\\/noticias\\\/sanchez-rubio-visita-en-montefrio-el-nuevo-centro-de-dia-con-terapia-ocupacional\\\/#breadcrumblist\"},\"author\":{\"@id\":\"https:\\\/\\\/www.eldigitaldeasturias.com\\\/noticias\\\/author\\\/admin\\\/#author\"},\"creator\":{\"@id\":\"https:\\\/\\\/www.eldigitaldeasturias.com\\\/noticias\\\/author\\\/admin\\\/#author\"},\"image\":{\"@type\":\"ImageObject\",\"url\":951168,\"@id\":\"https:\\\/\\\/www.eldigitaldeasturias.com\\\/noticias\\\/sanchez-rubio-visita-en-montefrio-el-nuevo-centro-de-dia-con-terapia-ocupacional\\\/#mainImage\"},\"primaryImageOfPage\":{\"@id\":\"https:\\\/\\\/www.eldigitaldeasturias.com\\\/noticias\\\/sanchez-rubio-visita-en-montefrio-el-nuevo-centro-de-dia-con-terapia-ocupacional\\\/#mainImage\"},\"datePublished\":\"2017-08-28T23:39:19+02:00\",\"dateModified\":\"2017-08-28T23:39:19+02:00\"},{\"@type\":\"WebSite\",\"@id\":\"https:\\\/\\\/www.eldigitaldeasturias.com\\\/noticias\\\/#website\",\"url\":\"https:\\\/\\\/www.eldigitaldeasturias.com\\\/noticias\\\/\",\"name\":\"El Digital de Asturias - Diario de actualidad y noticias\",\"alternateName\":\"El Digital de Asturias - Diario de actualidad y noticias\",\"description\":\"Hemeroteca\",\"inLanguage\":\"es-ES\",\"publisher\":{\"@id\":\"https:\\\/\\\/www.eldigitaldeasturias.com\\\/noticias\\\/#organization\"}}]}\n\t\t<\/script>\n\t\t<!-- All in One SEO Pro -->\r\n\t\t<title>S\u00e1nchez Rubio visita en Montefr\u00edo el nuevo Centro de D\u00eda con Terapia Ocupacional - El Digital de Asturias<\/title>\n\n","aioseo_head_json":{"title":"S\u00e1nchez Rubio visita en Montefr\u00edo el nuevo Centro de D\u00eda con Terapia Ocupacional - El Digital de Asturias","description":"La Junta de Andaluc\u00eda est\u00e1 trabajando en el desarrollo de un nuevo decreto para agilizar el procedimiento de reconocimiento de la situaci\u00f3n de dependencia y del derecho a las prestaciones, de forma que se reduzcan los plazos al m\u00e1ximo. As\u00ed lo ha destacado la consejera de Igualdad y Pol\u00edticas Sociales, Mar\u00eda Jos\u00e9 S\u00e1nchez Rubio, durante","canonical_url":"https:\/\/www.eldigitaldeasturias.com\/noticias\/sanchez-rubio-visita-en-montefrio-el-nuevo-centro-de-dia-con-terapia-ocupacional\/","robots":"max-image-preview:large","keywords":"actualidad","webmasterTools":{"google-site-verification":"UA-38556648-1","msvalidate.01":"7dfe9f3f1b24437ab69f4f2559babe99","miscellaneous":""},"schema":{"@context":"https:\/\/schema.org","@graph":[{"@type":"BlogPosting","@id":"https:\/\/www.eldigitaldeasturias.com\/noticias\/sanchez-rubio-visita-en-montefrio-el-nuevo-centro-de-dia-con-terapia-ocupacional\/#blogposting","name":"S\u00e1nchez Rubio visita en Montefr\u00edo el nuevo Centro de D\u00eda con Terapia Ocupacional - El Digital de Asturias","headline":"S\u00e1nchez Rubio visita en Montefr\u00edo el nuevo Centro de D\u00eda con Terapia Ocupacional","author":{"@id":"https:\/\/www.eldigitaldeasturias.com\/noticias\/author\/admin\/#author"},"publisher":{"@id":"https:\/\/www.eldigitaldeasturias.com\/noticias\/#organization"},"image":{"@type":"ImageObject","url":951168},"datePublished":"2017-08-28T23:39:19+02:00","dateModified":"2017-08-28T23:39:19+02:00","inLanguage":"es-ES","mainEntityOfPage":{"@id":"https:\/\/www.eldigitaldeasturias.com\/noticias\/sanchez-rubio-visita-en-montefrio-el-nuevo-centro-de-dia-con-terapia-ocupacional\/#webpage"},"isPartOf":{"@id":"https:\/\/www.eldigitaldeasturias.com\/noticias\/sanchez-rubio-visita-en-montefrio-el-nuevo-centro-de-dia-con-terapia-ocupacional\/#webpage"},"articleSection":"Actualidad"},{"@type":"BreadcrumbList","@id":"https:\/\/www.eldigitaldeasturias.com\/noticias\/sanchez-rubio-visita-en-montefrio-el-nuevo-centro-de-dia-con-terapia-ocupacional\/#breadcrumblist","itemListElement":[{"@type":"ListItem","@id":"https:\/\/www.eldigitaldeasturias.com\/noticias#listItem","position":1,"name":"Home","item":"https:\/\/www.eldigitaldeasturias.com\/noticias","nextItem":{"@type":"ListItem","@id":"https:\/\/www.eldigitaldeasturias.com\/noticias\/category\/actualidad\/#listItem","name":"Actualidad"}},{"@type":"ListItem","@id":"https:\/\/www.eldigitaldeasturias.com\/noticias\/category\/actualidad\/#listItem","position":2,"name":"Actualidad","item":"https:\/\/www.eldigitaldeasturias.com\/noticias\/category\/actualidad\/","nextItem":{"@type":"ListItem","@id":"https:\/\/www.eldigitaldeasturias.com\/noticias\/sanchez-rubio-visita-en-montefrio-el-nuevo-centro-de-dia-con-terapia-ocupacional\/#listItem","name":"S\u00e1nchez Rubio visita en Montefr\u00edo el nuevo Centro de D\u00eda con Terapia Ocupacional"},"previousItem":{"@type":"ListItem","@id":"https:\/\/www.eldigitaldeasturias.com\/noticias#listItem","name":"Home"}},{"@type":"ListItem","@id":"https:\/\/www.eldigitaldeasturias.com\/noticias\/sanchez-rubio-visita-en-montefrio-el-nuevo-centro-de-dia-con-terapia-ocupacional\/#listItem","position":3,"name":"S\u00e1nchez Rubio visita en Montefr\u00edo el nuevo Centro de D\u00eda con Terapia Ocupacional","previousItem":{"@type":"ListItem","@id":"https:\/\/www.eldigitaldeasturias.com\/noticias\/category\/actualidad\/#listItem","name":"Actualidad"}}]},{"@type":"Organization","@id":"https:\/\/www.eldigitaldeasturias.com\/noticias\/#organization","name":"El Digital de Asturias","description":"Hemeroteca","url":"https:\/\/www.eldigitaldeasturias.com\/noticias\/","email":"info@eldigitaldeasturias.com","telephone":"+34652131393","logo":{"@type":"ImageObject","url":"https:\/\/www.eldigitaldeasturias.com\/noticias\/wp-content\/uploads\/2020\/12\/EDA.jpg","@id":"https:\/\/www.eldigitaldeasturias.com\/noticias\/sanchez-rubio-visita-en-montefrio-el-nuevo-centro-de-dia-con-terapia-ocupacional\/#organizationLogo"},"image":{"@id":"https:\/\/www.eldigitaldeasturias.com\/noticias\/sanchez-rubio-visita-en-montefrio-el-nuevo-centro-de-dia-con-terapia-ocupacional\/#organizationLogo"},"sameAs":["https:\/\/facebook.com\/eldigitaldeasturias","https:\/\/www.youtube.com\/channel\/UCZP-2wLEB9Rv6erhFmqVnvg"],"address":{"@id":"https:\/\/www.eldigitaldeasturias.com\/noticias\/#postaladdress","@type":"PostalAddress","streetAddress":"san antonio 4","postalCode":"33430","addressLocality":"Cand\u00e1s","addressRegion":"Asturias","addressCountry":"ES"}},{"@type":"Person","@id":"https:\/\/www.eldigitaldeasturias.com\/noticias\/author\/admin\/#author","url":"https:\/\/www.eldigitaldeasturias.com\/noticias\/author\/admin\/","name":"El Digital de Asturias","image":{"@type":"ImageObject","@id":"https:\/\/www.eldigitaldeasturias.com\/noticias\/sanchez-rubio-visita-en-montefrio-el-nuevo-centro-de-dia-con-terapia-ocupacional\/#authorImage","url":"https:\/\/secure.gravatar.com\/avatar\/df2aeffc32bcd13f8d26072ef8a91b623d677766deac7f97ca815868cd41bf5e?s=96&d=mm&r=g","width":96,"height":96,"caption":"El Digital de Asturias"}},{"@type":"WebPage","@id":"https:\/\/www.eldigitaldeasturias.com\/noticias\/sanchez-rubio-visita-en-montefrio-el-nuevo-centro-de-dia-con-terapia-ocupacional\/#webpage","url":"https:\/\/www.eldigitaldeasturias.com\/noticias\/sanchez-rubio-visita-en-montefrio-el-nuevo-centro-de-dia-con-terapia-ocupacional\/","name":"S\u00e1nchez Rubio visita en Montefr\u00edo el nuevo Centro de D\u00eda con Terapia Ocupacional - El Digital de Asturias","description":"La Junta de Andaluc\u00eda est\u00e1 trabajando en el desarrollo de un nuevo decreto para agilizar el procedimiento de reconocimiento de la situaci\u00f3n de dependencia y del derecho a las prestaciones, de forma que se reduzcan los plazos al m\u00e1ximo. As\u00ed lo ha destacado la consejera de Igualdad y Pol\u00edticas Sociales, Mar\u00eda Jos\u00e9 S\u00e1nchez Rubio, durante","inLanguage":"es-ES","isPartOf":{"@id":"https:\/\/www.eldigitaldeasturias.com\/noticias\/#website"},"breadcrumb":{"@id":"https:\/\/www.eldigitaldeasturias.com\/noticias\/sanchez-rubio-visita-en-montefrio-el-nuevo-centro-de-dia-con-terapia-ocupacional\/#breadcrumblist"},"author":{"@id":"https:\/\/www.eldigitaldeasturias.com\/noticias\/author\/admin\/#author"},"creator":{"@id":"https:\/\/www.eldigitaldeasturias.com\/noticias\/author\/admin\/#author"},"image":{"@type":"ImageObject","url":951168,"@id":"https:\/\/www.eldigitaldeasturias.com\/noticias\/sanchez-rubio-visita-en-montefrio-el-nuevo-centro-de-dia-con-terapia-ocupacional\/#mainImage"},"primaryImageOfPage":{"@id":"https:\/\/www.eldigitaldeasturias.com\/noticias\/sanchez-rubio-visita-en-montefrio-el-nuevo-centro-de-dia-con-terapia-ocupacional\/#mainImage"},"datePublished":"2017-08-28T23:39:19+02:00","dateModified":"2017-08-28T23:39:19+02:00"},{"@type":"WebSite","@id":"https:\/\/www.eldigitaldeasturias.com\/noticias\/#website","url":"https:\/\/www.eldigitaldeasturias.com\/noticias\/","name":"El Digital de Asturias - Diario de actualidad y noticias","alternateName":"El Digital de Asturias - Diario de actualidad y noticias","description":"Hemeroteca","inLanguage":"es-ES","publisher":{"@id":"https:\/\/www.eldigitaldeasturias.com\/noticias\/#organization"}}]},"og:locale":"es_ES","og:site_name":"El Digital de Asturias","og:type":"article","og:title":"S\u00e1nchez Rubio visita en Montefr\u00edo el nuevo Centro de D\u00eda con Terapia Ocupacional - El Digital de Asturias","og:description":"La Junta de Andaluc\u00eda est\u00e1 trabajando en el desarrollo de un nuevo decreto para agilizar el procedimiento de reconocimiento de la situaci\u00f3n de dependencia y del derecho a las prestaciones, de forma que se reduzcan los plazos al m\u00e1ximo. As\u00ed lo ha destacado la consejera de Igualdad y Pol\u00edticas Sociales, Mar\u00eda Jos\u00e9 S\u00e1nchez Rubio, durante","og:url":"https:\/\/www.eldigitaldeasturias.com\/noticias\/sanchez-rubio-visita-en-montefrio-el-nuevo-centro-de-dia-con-terapia-ocupacional\/","article:tag":["actualidad"],"article:published_time":"2017-08-28T23:39:19+00:00","article:modified_time":"2017-08-28T23:39:19+00:00","article:publisher":"https:\/\/facebook.com\/eldigitaldeasturias","twitter:card":"summary_large_image","twitter:title":"S\u00e1nchez Rubio visita en Montefr\u00edo el nuevo Centro de D\u00eda con Terapia Ocupacional - El Digital de Asturias","twitter:description":"La Junta de Andaluc\u00eda est\u00e1 trabajando en el desarrollo de un nuevo decreto para agilizar el procedimiento de reconocimiento de la situaci\u00f3n de dependencia y del derecho a las prestaciones, de forma que se reduzcan los plazos al m\u00e1ximo. As\u00ed lo ha destacado la consejera de Igualdad y Pol\u00edticas Sociales, Mar\u00eda Jos\u00e9 S\u00e1nchez Rubio, durante","twitter:image":"https:\/\/www.eldigitaldeasturias.com\/noticias\/wp-content\/uploads\/2020\/12\/EDA-1.jpg","twitter:label1":"Escrito por","twitter:data1":"El Digital de Asturias","twitter:label2":"Tiempo de lectura estimado","twitter:data2":"4 minutos"},"aioseo_meta_data":{"post_id":"951167","title":null,"description":null,"keywords":null,"keyphrases":null,"primary_term":null,"canonical_url":null,"og_title":null,"og_description":null,"og_object_type":"default","og_image_type":"default","og_image_url":null,"og_image_width":null,"og_image_height":null,"og_image_custom_url":null,"og_image_custom_fields":null,"og_video":null,"og_custom_url":null,"og_article_section":null,"og_article_tags":null,"twitter_use_og":false,"twitter_card":"default","twitter_image_type":"default","twitter_image_url":null,"twitter_image_custom_url":null,"twitter_image_custom_fields":null,"twitter_title":null,"twitter_description":null,"schema":{"blockGraphs":[],"customGraphs":[],"default":{"data":{"Article":[],"Course":[],"Dataset":[],"FAQPage":[],"Movie":[],"Person":[],"Product":[],"ProductReview":[],"Car":[],"Recipe":[],"Service":[],"SoftwareApplication":[],"WebPage":[]},"graphName":"","isEnabled":true},"graphs":[],"defaultGraph":"","defaultPostTypeGraph":""},"schema_type":null,"schema_type_options":null,"pillar_content":false,"robots_default":true,"robots_noindex":false,"robots_noarchive":false,"robots_nosnippet":false,"robots_nofollow":false,"robots_noimageindex":false,"robots_noodp":false,"robots_notranslate":false,"robots_max_snippet":null,"robots_max_videopreview":null,"robots_max_imagepreview":"large","priority":null,"frequency":null,"local_seo":null,"seo_analyzer_scan_date":"2025-12-05 18:20:10","breadcrumb_settings":null,"limit_modified_date":false,"open_ai":null,"ai":null,"created":"2020-12-21 12:58:24","updated":"2025-12-05 18:20:10","focus_keyword":null,"additional_keywords":null,"truseo_locale":null},"aioseo_breadcrumb":"<div class=\"aioseo-breadcrumbs\"><span class=\"aioseo-breadcrumb\">\n\t<a href=\"https:\/\/www.eldigitaldeasturias.com\/noticias\" title=\"Home\">Home<\/a>\n<\/span><span class=\"aioseo-breadcrumb-separator\">\u2013<\/span><span class=\"aioseo-breadcrumb\">\n\t<a href=\"https:\/\/www.eldigitaldeasturias.com\/noticias\/category\/actualidad\/\" title=\"Actualidad\">Actualidad<\/a>\n<\/span><span class=\"aioseo-breadcrumb-separator\">\u2013<\/span><span class=\"aioseo-breadcrumb\">\n\t<a href=\"https:\/\/www.eldigitaldeasturias.com\/noticias\/sanchez-rubio-visita-en-montefrio-el-nuevo-centro-de-dia-con-terapia-ocupacional\/\" title=\"S\u00e1nchez Rubio visita en Montefr\u00edo el nuevo Centro de D\u00eda con Terapia Ocupacional\">S\u00e1nchez Rubio visita en Montefr\u00edo el nuevo Centro de D\u00eda con Terapia Ocupacional<\/a>\n<\/span><\/div>","aioseo_breadcrumb_json":[{"label":"Home","link":"https:\/\/www.eldigitaldeasturias.com\/noticias"},{"label":"Actualidad","link":"https:\/\/www.eldigitaldeasturias.com\/noticias\/category\/actualidad\/"},{"label":"S\u00e1nchez Rubio visita en Montefr\u00edo el nuevo Centro de D\u00eda con Terapia Ocupacional","link":"https:\/\/www.eldigitaldeasturias.com\/noticias\/sanchez-rubio-visita-en-montefrio-el-nuevo-centro-de-dia-con-terapia-ocupacional\/"}],"_links":{"self":[{"href":"https:\/\/www.eldigitaldeasturias.com\/noticias\/wp-json\/wp\/v2\/posts\/951167","targetHints":{"allow":["GET"]}}],"collection":[{"href":"https:\/\/www.eldigitaldeasturias.com\/noticias\/wp-json\/wp\/v2\/posts"}],"about":[{"href":"https:\/\/www.eldigitaldeasturias.com\/noticias\/wp-json\/wp\/v2\/types\/post"}],"author":[{"embeddable":true,"href":"https:\/\/www.eldigitaldeasturias.com\/noticias\/wp-json\/wp\/v2\/users\/1"}],"replies":[{"embeddable":true,"href":"https:\/\/www.eldigitaldeasturias.com\/noticias\/wp-json\/wp\/v2\/comments?post=951167"}],"version-history":[{"count":0,"href":"https:\/\/www.eldigitaldeasturias.com\/noticias\/wp-json\/wp\/v2\/posts\/951167\/revisions"}],"wp:attachment":[{"href":"https:\/\/www.eldigitaldeasturias.com\/noticias\/wp-json\/wp\/v2\/media?parent=951167"}],"wp:term":[{"taxonomy":"category","embeddable":true,"href":"https:\/\/www.eldigitaldeasturias.com\/noticias\/wp-json\/wp\/v2\/categories?post=951167"},{"taxonomy":"post_tag","embeddable":true,"href":"https:\/\/www.eldigitaldeasturias.com\/noticias\/wp-json\/wp\/v2\/tags?post=951167"}],"curies":[{"name":"wp","href":"https:\/\/api.w.org\/{rel}","templated":true}]}}