{"id":951158,"date":"2017-08-28T23:26:17","date_gmt":"2017-08-28T23:26:17","guid":{"rendered":"http:\/\/www.eldigitaldeasturias.com\/noticias\/?p=951158"},"modified":"2017-08-28T23:26:17","modified_gmt":"2017-08-28T23:26:17","slug":"nombrada-una-junta-rectora-provisional-en-la-dop-calatayud","status":"publish","type":"post","link":"https:\/\/www.eldigitaldeasturias.com\/noticias\/nombrada-una-junta-rectora-provisional-en-la-dop-calatayud\/","title":{"rendered":"Nombrada una junta rectora provisional en la DOP Calatayud"},"content":{"rendered":"<p><img loading=\"lazy\" decoding=\"async\" class=\"alignleft size-medium wp-image-951159\" src=\"https:\/\/www.eldigitaldeasturias.com\/noticias\/wp-content\/uploads\/2017\/08\/migr_o0912041_AR-360x159.jpg\" alt=\"\" width=\"360\" height=\"159\" \/>El Departamento de Desarrollo Rural y Sostenibilidad ha procedido al nombramiento de una junta rectora provisional en la Denominaci\u00f3n de Origen Protegida Calatayud, la \u00fanica de las cuatro DOP vitivin\u00edcolas de Arag\u00f3n en la que no se pudo culminar el proceso electoral del pasado mes de junio.<\/p>\n<p>El reglamento de esta denominaci\u00f3n de origen establece que una vez transcurridos catorce d\u00edas desde la votaci\u00f3n en la que se elige un nuevo pleno del consejo regulador, este debe designar al presidente y vicepresidente.<\/p>\n<p>Sin embargo, tras los dos intentos preceptivos, esta designaci\u00f3n no ha sido posible, por lo se ha hecho necesario, con el fin de garantizar la continuidad de la gesti\u00f3n en el consejo regulador, el nombramiento por parte del consejero de Desarrollo Rural y Sostenibilidad de una junta rectora provisional hasta que sea posible desbloquear la situaci\u00f3n.<\/p>\n<p>Integran la junta Yolanda D\u00edaz M\u00e9ndez como presidenta y \u00d3scar Felipe Soriano como vicepresidente. El secretario es Javier L\u00e1zaro Guajardo y junto a estos hay dos vocales en representaci\u00f3n del sector vin\u00edcola (Alejandro Aganzo Cabrera y V\u00edctor Guillen Lor\u00e9n) y dos vocales en representaci\u00f3n del sector viticultor (Francisco Javier Vela Lezcano y Miguel Gil Vera).La correspondiente orden del consejero nombra tambi\u00e9n suplentes para las vocal\u00edas y a un representante del departamento de Desarrollo Rural y Sostenibilidad, en este caso el director general de Alimentaci\u00f3n y Fomento Agroalimentario, Enrique Novales Allu\u00e9.<\/p>\n<p>Con car\u00e1cter general, la actuaci\u00f3n de esta junta se circunscribir\u00e1 a los actos de mera gesti\u00f3n administrativa que garanticen la continuidad del Consejo Regulador de la Denominaci\u00f3n de Origen Calatayud, limit\u00e1ndose a los actos ordinarios de administraci\u00f3n de bienes y de gesti\u00f3n presupuestaria, as\u00ed como de gesti\u00f3n de personal, con excepci\u00f3n de los actos extraordinarios de disposici\u00f3n de patrimonio y de extinci\u00f3n o nacimiento de relaciones laborales.<\/p>\n<p>En todo caso, junta rectora provisional se configura como un \u00f3rgano temporal en el ejercicio de sus funciones, de tal forma que una vez constituida, si no se lograse el acuerdo entre todos los vocales en el plazo de dos meses, deber\u00e1 proceder de manera inmediata a convocar nuevas elecciones, manteni\u00e9ndose su funcionamiento hasta que se constituya el pleno resultante de dichas elecciones. Una vez constituido este \u00f3rgano plenario finalizar\u00e1 su mandato.<\/p>\n<p>La Ley de Calidad Alimentaria de Arag\u00f3n establece la necesidad de la existencia de un \u00f3rgano de gesti\u00f3n para cada denominaci\u00f3n geogr\u00e1fica, previendo para este tipo de figuras de calidad diferenciada a los consejos reguladores cuya naturaleza jur\u00eddica es la de corporaci\u00f3n de derecho p\u00fablico con personalidad jur\u00eddica propia. Forman parte de estos \u00f3rganos de gesti\u00f3n los productores, elaboradores y, en su caso, comercializadores inscritos en los registros correspondientes de las denominaciones de origen.<\/p>\n<p>&nbsp;<\/p>\n","protected":false},"excerpt":{"rendered":"<p>El Departamento de Desarrollo Rural y Sostenibilidad ha procedido al nombramiento de una junta rectora provisional en la Denominaci\u00f3n de Origen Protegida Calatayud, la \u00fanica de las cuatro DOP vitivin\u00edcolas de Arag\u00f3n en la que no se pudo culminar el proceso electoral del pasado mes de junio. El reglamento de esta denominaci\u00f3n de origen establece [&hellip;]<\/p>\n","protected":false},"author":1,"featured_media":951159,"comment_status":"closed","ping_status":"closed","sticky":false,"template":"","format":"standard","meta":{"footnotes":""},"categories":[1],"tags":[],"class_list":["post-951158","post","type-post","status-publish","format-standard","has-post-thumbnail","hentry","category-actualidad"],"aioseo_notices":[],"aioseo_head":"\n\t\t<!-- All in One SEO Pro 5.0.1 - aioseo.com -->\n\t<meta name=\"description\" content=\"El Departamento de Desarrollo Rural y Sostenibilidad ha procedido al nombramiento de una junta rectora provisional en la Denominaci\u00f3n de Origen Protegida Calatayud, la \u00fanica de las cuatro DOP vitivin\u00edcolas de Arag\u00f3n en la que no se pudo culminar el proceso electoral del pasado mes de junio. El reglamento de esta denominaci\u00f3n de origen establece\" \/>\n\t<meta name=\"robots\" content=\"max-image-preview:large\" \/>\n\t<meta name=\"author\" content=\"El Digital de Asturias\"\/>\n\t<meta name=\"google-site-verification\" content=\"UA-38556648-1\" \/>\n\t<meta name=\"msvalidate.01\" content=\"7dfe9f3f1b24437ab69f4f2559babe99\" \/>\n\t<meta name=\"keywords\" content=\"actualidad\" \/>\n\t<link rel=\"canonical\" href=\"https:\/\/www.eldigitaldeasturias.com\/noticias\/nombrada-una-junta-rectora-provisional-en-la-dop-calatayud\/\" \/>\n\t<meta name=\"generator\" content=\"All in One SEO Pro (AIOSEO) 5.0.1\" \/>\n\t\t<meta property=\"og:locale\" content=\"es_ES\" \/>\n\t\t<meta property=\"og:site_name\" content=\"El Digital de Asturias\" \/>\n\t\t<meta property=\"og:type\" content=\"article\" \/>\n\t\t<meta property=\"og:title\" content=\"Nombrada una junta rectora provisional en la DOP Calatayud - El Digital de Asturias\" \/>\n\t\t<meta property=\"og:description\" content=\"El Departamento de Desarrollo Rural y Sostenibilidad ha procedido al nombramiento de una junta rectora provisional en la Denominaci\u00f3n de Origen Protegida Calatayud, la \u00fanica de las cuatro DOP vitivin\u00edcolas de Arag\u00f3n en la que no se pudo culminar el proceso electoral del pasado mes de junio. El reglamento de esta denominaci\u00f3n de origen establece\" \/>\n\t\t<meta property=\"og:url\" content=\"https:\/\/www.eldigitaldeasturias.com\/noticias\/nombrada-una-junta-rectora-provisional-en-la-dop-calatayud\/\" \/>\n\t\t<meta property=\"article:tag\" content=\"actualidad\" \/>\n\t\t<meta property=\"article:published_time\" content=\"2017-08-28T23:26:17+00:00\" \/>\n\t\t<meta property=\"article:modified_time\" content=\"2017-08-28T23:26:17+00:00\" \/>\n\t\t<meta property=\"article:publisher\" content=\"https:\/\/facebook.com\/eldigitaldeasturias\" \/>\n\t\t<meta name=\"twitter:card\" content=\"summary_large_image\" \/>\n\t\t<meta name=\"twitter:title\" content=\"Nombrada una junta rectora provisional en la DOP Calatayud - El Digital de Asturias\" \/>\n\t\t<meta name=\"twitter:description\" content=\"El Departamento de Desarrollo Rural y Sostenibilidad ha procedido al nombramiento de una junta rectora provisional en la Denominaci\u00f3n de Origen Protegida Calatayud, la \u00fanica de las cuatro DOP vitivin\u00edcolas de Arag\u00f3n en la que no se pudo culminar el proceso electoral del pasado mes de junio. El reglamento de esta denominaci\u00f3n de origen establece\" \/>\n\t\t<meta name=\"twitter:image\" content=\"https:\/\/www.eldigitaldeasturias.com\/noticias\/wp-content\/uploads\/2020\/12\/EDA-1.jpg\" \/>\n\t\t<meta name=\"twitter:label1\" content=\"Escrito por\" \/>\n\t\t<meta name=\"twitter:data1\" content=\"El Digital de Asturias\" \/>\n\t\t<meta name=\"twitter:label2\" content=\"Tiempo de lectura estimado\" \/>\n\t\t<meta name=\"twitter:data2\" content=\"2 minutos\" \/>\n\t\t<script type=\"application\/ld+json\" class=\"aioseo-schema\">\n\t\t\t{\"@context\":\"https:\\\/\\\/schema.org\",\"@graph\":[{\"@type\":\"BlogPosting\",\"@id\":\"https:\\\/\\\/www.eldigitaldeasturias.com\\\/noticias\\\/nombrada-una-junta-rectora-provisional-en-la-dop-calatayud\\\/#blogposting\",\"name\":\"Nombrada una junta rectora provisional en la DOP Calatayud - El Digital de Asturias\",\"headline\":\"Nombrada una junta rectora provisional en la DOP Calatayud\",\"author\":{\"@id\":\"https:\\\/\\\/www.eldigitaldeasturias.com\\\/noticias\\\/author\\\/admin\\\/#author\"},\"publisher\":{\"@id\":\"https:\\\/\\\/www.eldigitaldeasturias.com\\\/noticias\\\/#organization\"},\"image\":{\"@type\":\"ImageObject\",\"url\":951159},\"datePublished\":\"2017-08-28T23:26:17+02:00\",\"dateModified\":\"2017-08-28T23:26:17+02:00\",\"inLanguage\":\"es-ES\",\"mainEntityOfPage\":{\"@id\":\"https:\\\/\\\/www.eldigitaldeasturias.com\\\/noticias\\\/nombrada-una-junta-rectora-provisional-en-la-dop-calatayud\\\/#webpage\"},\"isPartOf\":{\"@id\":\"https:\\\/\\\/www.eldigitaldeasturias.com\\\/noticias\\\/nombrada-una-junta-rectora-provisional-en-la-dop-calatayud\\\/#webpage\"},\"articleSection\":\"Actualidad\"},{\"@type\":\"BreadcrumbList\",\"@id\":\"https:\\\/\\\/www.eldigitaldeasturias.com\\\/noticias\\\/nombrada-una-junta-rectora-provisional-en-la-dop-calatayud\\\/#breadcrumblist\",\"itemListElement\":[{\"@type\":\"ListItem\",\"@id\":\"https:\\\/\\\/www.eldigitaldeasturias.com\\\/noticias#listItem\",\"position\":1,\"name\":\"Home\",\"item\":\"https:\\\/\\\/www.eldigitaldeasturias.com\\\/noticias\",\"nextItem\":{\"@type\":\"ListItem\",\"@id\":\"https:\\\/\\\/www.eldigitaldeasturias.com\\\/noticias\\\/category\\\/actualidad\\\/#listItem\",\"name\":\"Actualidad\"}},{\"@type\":\"ListItem\",\"@id\":\"https:\\\/\\\/www.eldigitaldeasturias.com\\\/noticias\\\/category\\\/actualidad\\\/#listItem\",\"position\":2,\"name\":\"Actualidad\",\"item\":\"https:\\\/\\\/www.eldigitaldeasturias.com\\\/noticias\\\/category\\\/actualidad\\\/\",\"nextItem\":{\"@type\":\"ListItem\",\"@id\":\"https:\\\/\\\/www.eldigitaldeasturias.com\\\/noticias\\\/nombrada-una-junta-rectora-provisional-en-la-dop-calatayud\\\/#listItem\",\"name\":\"Nombrada una junta rectora provisional en la DOP Calatayud\"},\"previousItem\":{\"@type\":\"ListItem\",\"@id\":\"https:\\\/\\\/www.eldigitaldeasturias.com\\\/noticias#listItem\",\"name\":\"Home\"}},{\"@type\":\"ListItem\",\"@id\":\"https:\\\/\\\/www.eldigitaldeasturias.com\\\/noticias\\\/nombrada-una-junta-rectora-provisional-en-la-dop-calatayud\\\/#listItem\",\"position\":3,\"name\":\"Nombrada una junta rectora provisional en la DOP Calatayud\",\"previousItem\":{\"@type\":\"ListItem\",\"@id\":\"https:\\\/\\\/www.eldigitaldeasturias.com\\\/noticias\\\/category\\\/actualidad\\\/#listItem\",\"name\":\"Actualidad\"}}]},{\"@type\":\"Organization\",\"@id\":\"https:\\\/\\\/www.eldigitaldeasturias.com\\\/noticias\\\/#organization\",\"name\":\"El Digital de Asturias\",\"description\":\"Hemeroteca\",\"url\":\"https:\\\/\\\/www.eldigitaldeasturias.com\\\/noticias\\\/\",\"email\":\"info@eldigitaldeasturias.com\",\"telephone\":\"+34652131393\",\"logo\":{\"@type\":\"ImageObject\",\"url\":\"https:\\\/\\\/www.eldigitaldeasturias.com\\\/noticias\\\/wp-content\\\/uploads\\\/2020\\\/12\\\/EDA.jpg\",\"@id\":\"https:\\\/\\\/www.eldigitaldeasturias.com\\\/noticias\\\/nombrada-una-junta-rectora-provisional-en-la-dop-calatayud\\\/#organizationLogo\"},\"image\":{\"@id\":\"https:\\\/\\\/www.eldigitaldeasturias.com\\\/noticias\\\/nombrada-una-junta-rectora-provisional-en-la-dop-calatayud\\\/#organizationLogo\"},\"sameAs\":[\"https:\\\/\\\/facebook.com\\\/eldigitaldeasturias\",\"https:\\\/\\\/www.youtube.com\\\/channel\\\/UCZP-2wLEB9Rv6erhFmqVnvg\"],\"address\":{\"@id\":\"https:\\\/\\\/www.eldigitaldeasturias.com\\\/noticias\\\/#postaladdress\",\"@type\":\"PostalAddress\",\"streetAddress\":\"san antonio 4\",\"postalCode\":\"33430\",\"addressLocality\":\"Cand\\u00e1s\",\"addressRegion\":\"Asturias\",\"addressCountry\":\"ES\"}},{\"@type\":\"Person\",\"@id\":\"https:\\\/\\\/www.eldigitaldeasturias.com\\\/noticias\\\/author\\\/admin\\\/#author\",\"url\":\"https:\\\/\\\/www.eldigitaldeasturias.com\\\/noticias\\\/author\\\/admin\\\/\",\"name\":\"El Digital de Asturias\",\"image\":{\"@type\":\"ImageObject\",\"@id\":\"https:\\\/\\\/www.eldigitaldeasturias.com\\\/noticias\\\/nombrada-una-junta-rectora-provisional-en-la-dop-calatayud\\\/#authorImage\",\"url\":\"https:\\\/\\\/secure.gravatar.com\\\/avatar\\\/df2aeffc32bcd13f8d26072ef8a91b623d677766deac7f97ca815868cd41bf5e?s=96&d=mm&r=g\",\"width\":96,\"height\":96,\"caption\":\"El Digital de Asturias\"}},{\"@type\":\"WebPage\",\"@id\":\"https:\\\/\\\/www.eldigitaldeasturias.com\\\/noticias\\\/nombrada-una-junta-rectora-provisional-en-la-dop-calatayud\\\/#webpage\",\"url\":\"https:\\\/\\\/www.eldigitaldeasturias.com\\\/noticias\\\/nombrada-una-junta-rectora-provisional-en-la-dop-calatayud\\\/\",\"name\":\"Nombrada una junta rectora provisional en la DOP Calatayud - El Digital de Asturias\",\"description\":\"El Departamento de Desarrollo Rural y Sostenibilidad ha procedido al nombramiento de una junta rectora provisional en la Denominaci\\u00f3n de Origen Protegida Calatayud, la \\u00fanica de las cuatro DOP vitivin\\u00edcolas de Arag\\u00f3n en la que no se pudo culminar el proceso electoral del pasado mes de junio. El reglamento de esta denominaci\\u00f3n de origen establece\",\"inLanguage\":\"es-ES\",\"isPartOf\":{\"@id\":\"https:\\\/\\\/www.eldigitaldeasturias.com\\\/noticias\\\/#website\"},\"breadcrumb\":{\"@id\":\"https:\\\/\\\/www.eldigitaldeasturias.com\\\/noticias\\\/nombrada-una-junta-rectora-provisional-en-la-dop-calatayud\\\/#breadcrumblist\"},\"author\":{\"@id\":\"https:\\\/\\\/www.eldigitaldeasturias.com\\\/noticias\\\/author\\\/admin\\\/#author\"},\"creator\":{\"@id\":\"https:\\\/\\\/www.eldigitaldeasturias.com\\\/noticias\\\/author\\\/admin\\\/#author\"},\"image\":{\"@type\":\"ImageObject\",\"url\":951159,\"@id\":\"https:\\\/\\\/www.eldigitaldeasturias.com\\\/noticias\\\/nombrada-una-junta-rectora-provisional-en-la-dop-calatayud\\\/#mainImage\"},\"primaryImageOfPage\":{\"@id\":\"https:\\\/\\\/www.eldigitaldeasturias.com\\\/noticias\\\/nombrada-una-junta-rectora-provisional-en-la-dop-calatayud\\\/#mainImage\"},\"datePublished\":\"2017-08-28T23:26:17+02:00\",\"dateModified\":\"2017-08-28T23:26:17+02:00\"},{\"@type\":\"WebSite\",\"@id\":\"https:\\\/\\\/www.eldigitaldeasturias.com\\\/noticias\\\/#website\",\"url\":\"https:\\\/\\\/www.eldigitaldeasturias.com\\\/noticias\\\/\",\"name\":\"El Digital de Asturias - Diario de actualidad y noticias\",\"alternateName\":\"El Digital de Asturias - Diario de actualidad y noticias\",\"description\":\"Hemeroteca\",\"inLanguage\":\"es-ES\",\"publisher\":{\"@id\":\"https:\\\/\\\/www.eldigitaldeasturias.com\\\/noticias\\\/#organization\"}}]}\n\t\t<\/script>\n\t\t<!-- All in One SEO Pro -->\r\n\t\t<title>Nombrada una junta rectora provisional en la DOP Calatayud - El Digital de Asturias<\/title>\n\n","aioseo_head_json":{"title":"Nombrada una junta rectora provisional en la DOP Calatayud - El Digital de Asturias","description":"El Departamento de Desarrollo Rural y Sostenibilidad ha procedido al nombramiento de una junta rectora provisional en la Denominaci\u00f3n de Origen Protegida Calatayud, la \u00fanica de las cuatro DOP vitivin\u00edcolas de Arag\u00f3n en la que no se pudo culminar el proceso electoral del pasado mes de junio. El reglamento de esta denominaci\u00f3n de origen establece","canonical_url":"https:\/\/www.eldigitaldeasturias.com\/noticias\/nombrada-una-junta-rectora-provisional-en-la-dop-calatayud\/","robots":"max-image-preview:large","keywords":"actualidad","webmasterTools":{"google-site-verification":"UA-38556648-1","msvalidate.01":"7dfe9f3f1b24437ab69f4f2559babe99","miscellaneous":""},"schema":{"@context":"https:\/\/schema.org","@graph":[{"@type":"BlogPosting","@id":"https:\/\/www.eldigitaldeasturias.com\/noticias\/nombrada-una-junta-rectora-provisional-en-la-dop-calatayud\/#blogposting","name":"Nombrada una junta rectora provisional en la DOP Calatayud - El Digital de Asturias","headline":"Nombrada una junta rectora provisional en la DOP Calatayud","author":{"@id":"https:\/\/www.eldigitaldeasturias.com\/noticias\/author\/admin\/#author"},"publisher":{"@id":"https:\/\/www.eldigitaldeasturias.com\/noticias\/#organization"},"image":{"@type":"ImageObject","url":951159},"datePublished":"2017-08-28T23:26:17+02:00","dateModified":"2017-08-28T23:26:17+02:00","inLanguage":"es-ES","mainEntityOfPage":{"@id":"https:\/\/www.eldigitaldeasturias.com\/noticias\/nombrada-una-junta-rectora-provisional-en-la-dop-calatayud\/#webpage"},"isPartOf":{"@id":"https:\/\/www.eldigitaldeasturias.com\/noticias\/nombrada-una-junta-rectora-provisional-en-la-dop-calatayud\/#webpage"},"articleSection":"Actualidad"},{"@type":"BreadcrumbList","@id":"https:\/\/www.eldigitaldeasturias.com\/noticias\/nombrada-una-junta-rectora-provisional-en-la-dop-calatayud\/#breadcrumblist","itemListElement":[{"@type":"ListItem","@id":"https:\/\/www.eldigitaldeasturias.com\/noticias#listItem","position":1,"name":"Home","item":"https:\/\/www.eldigitaldeasturias.com\/noticias","nextItem":{"@type":"ListItem","@id":"https:\/\/www.eldigitaldeasturias.com\/noticias\/category\/actualidad\/#listItem","name":"Actualidad"}},{"@type":"ListItem","@id":"https:\/\/www.eldigitaldeasturias.com\/noticias\/category\/actualidad\/#listItem","position":2,"name":"Actualidad","item":"https:\/\/www.eldigitaldeasturias.com\/noticias\/category\/actualidad\/","nextItem":{"@type":"ListItem","@id":"https:\/\/www.eldigitaldeasturias.com\/noticias\/nombrada-una-junta-rectora-provisional-en-la-dop-calatayud\/#listItem","name":"Nombrada una junta rectora provisional en la DOP Calatayud"},"previousItem":{"@type":"ListItem","@id":"https:\/\/www.eldigitaldeasturias.com\/noticias#listItem","name":"Home"}},{"@type":"ListItem","@id":"https:\/\/www.eldigitaldeasturias.com\/noticias\/nombrada-una-junta-rectora-provisional-en-la-dop-calatayud\/#listItem","position":3,"name":"Nombrada una junta rectora provisional en la DOP Calatayud","previousItem":{"@type":"ListItem","@id":"https:\/\/www.eldigitaldeasturias.com\/noticias\/category\/actualidad\/#listItem","name":"Actualidad"}}]},{"@type":"Organization","@id":"https:\/\/www.eldigitaldeasturias.com\/noticias\/#organization","name":"El Digital de Asturias","description":"Hemeroteca","url":"https:\/\/www.eldigitaldeasturias.com\/noticias\/","email":"info@eldigitaldeasturias.com","telephone":"+34652131393","logo":{"@type":"ImageObject","url":"https:\/\/www.eldigitaldeasturias.com\/noticias\/wp-content\/uploads\/2020\/12\/EDA.jpg","@id":"https:\/\/www.eldigitaldeasturias.com\/noticias\/nombrada-una-junta-rectora-provisional-en-la-dop-calatayud\/#organizationLogo"},"image":{"@id":"https:\/\/www.eldigitaldeasturias.com\/noticias\/nombrada-una-junta-rectora-provisional-en-la-dop-calatayud\/#organizationLogo"},"sameAs":["https:\/\/facebook.com\/eldigitaldeasturias","https:\/\/www.youtube.com\/channel\/UCZP-2wLEB9Rv6erhFmqVnvg"],"address":{"@id":"https:\/\/www.eldigitaldeasturias.com\/noticias\/#postaladdress","@type":"PostalAddress","streetAddress":"san antonio 4","postalCode":"33430","addressLocality":"Cand\u00e1s","addressRegion":"Asturias","addressCountry":"ES"}},{"@type":"Person","@id":"https:\/\/www.eldigitaldeasturias.com\/noticias\/author\/admin\/#author","url":"https:\/\/www.eldigitaldeasturias.com\/noticias\/author\/admin\/","name":"El Digital de Asturias","image":{"@type":"ImageObject","@id":"https:\/\/www.eldigitaldeasturias.com\/noticias\/nombrada-una-junta-rectora-provisional-en-la-dop-calatayud\/#authorImage","url":"https:\/\/secure.gravatar.com\/avatar\/df2aeffc32bcd13f8d26072ef8a91b623d677766deac7f97ca815868cd41bf5e?s=96&d=mm&r=g","width":96,"height":96,"caption":"El Digital de Asturias"}},{"@type":"WebPage","@id":"https:\/\/www.eldigitaldeasturias.com\/noticias\/nombrada-una-junta-rectora-provisional-en-la-dop-calatayud\/#webpage","url":"https:\/\/www.eldigitaldeasturias.com\/noticias\/nombrada-una-junta-rectora-provisional-en-la-dop-calatayud\/","name":"Nombrada una junta rectora provisional en la DOP Calatayud - El Digital de Asturias","description":"El Departamento de Desarrollo Rural y Sostenibilidad ha procedido al nombramiento de una junta rectora provisional en la Denominaci\u00f3n de Origen Protegida Calatayud, la \u00fanica de las cuatro DOP vitivin\u00edcolas de Arag\u00f3n en la que no se pudo culminar el proceso electoral del pasado mes de junio. El reglamento de esta denominaci\u00f3n de origen establece","inLanguage":"es-ES","isPartOf":{"@id":"https:\/\/www.eldigitaldeasturias.com\/noticias\/#website"},"breadcrumb":{"@id":"https:\/\/www.eldigitaldeasturias.com\/noticias\/nombrada-una-junta-rectora-provisional-en-la-dop-calatayud\/#breadcrumblist"},"author":{"@id":"https:\/\/www.eldigitaldeasturias.com\/noticias\/author\/admin\/#author"},"creator":{"@id":"https:\/\/www.eldigitaldeasturias.com\/noticias\/author\/admin\/#author"},"image":{"@type":"ImageObject","url":951159,"@id":"https:\/\/www.eldigitaldeasturias.com\/noticias\/nombrada-una-junta-rectora-provisional-en-la-dop-calatayud\/#mainImage"},"primaryImageOfPage":{"@id":"https:\/\/www.eldigitaldeasturias.com\/noticias\/nombrada-una-junta-rectora-provisional-en-la-dop-calatayud\/#mainImage"},"datePublished":"2017-08-28T23:26:17+02:00","dateModified":"2017-08-28T23:26:17+02:00"},{"@type":"WebSite","@id":"https:\/\/www.eldigitaldeasturias.com\/noticias\/#website","url":"https:\/\/www.eldigitaldeasturias.com\/noticias\/","name":"El Digital de Asturias - Diario de actualidad y noticias","alternateName":"El Digital de Asturias - Diario de actualidad y noticias","description":"Hemeroteca","inLanguage":"es-ES","publisher":{"@id":"https:\/\/www.eldigitaldeasturias.com\/noticias\/#organization"}}]},"og:locale":"es_ES","og:site_name":"El Digital de Asturias","og:type":"article","og:title":"Nombrada una junta rectora provisional en la DOP Calatayud - El Digital de Asturias","og:description":"El Departamento de Desarrollo Rural y Sostenibilidad ha procedido al nombramiento de una junta rectora provisional en la Denominaci\u00f3n de Origen Protegida Calatayud, la \u00fanica de las cuatro DOP vitivin\u00edcolas de Arag\u00f3n en la que no se pudo culminar el proceso electoral del pasado mes de junio. El reglamento de esta denominaci\u00f3n de origen establece","og:url":"https:\/\/www.eldigitaldeasturias.com\/noticias\/nombrada-una-junta-rectora-provisional-en-la-dop-calatayud\/","article:tag":["actualidad"],"article:published_time":"2017-08-28T23:26:17+00:00","article:modified_time":"2017-08-28T23:26:17+00:00","article:publisher":"https:\/\/facebook.com\/eldigitaldeasturias","twitter:card":"summary_large_image","twitter:title":"Nombrada una junta rectora provisional en la DOP Calatayud - El Digital de Asturias","twitter:description":"El Departamento de Desarrollo Rural y Sostenibilidad ha procedido al nombramiento de una junta rectora provisional en la Denominaci\u00f3n de Origen Protegida Calatayud, la \u00fanica de las cuatro DOP vitivin\u00edcolas de Arag\u00f3n en la que no se pudo culminar el proceso electoral del pasado mes de junio. El reglamento de esta denominaci\u00f3n de origen establece","twitter:image":"https:\/\/www.eldigitaldeasturias.com\/noticias\/wp-content\/uploads\/2020\/12\/EDA-1.jpg","twitter:label1":"Escrito por","twitter:data1":"El Digital de Asturias","twitter:label2":"Tiempo de lectura estimado","twitter:data2":"2 minutos"},"aioseo_meta_data":{"post_id":"951158","title":null,"description":null,"keywords":null,"keyphrases":null,"primary_term":null,"canonical_url":null,"og_title":null,"og_description":null,"og_object_type":"default","og_image_type":"default","og_image_url":null,"og_image_width":null,"og_image_height":null,"og_image_custom_url":null,"og_image_custom_fields":null,"og_video":null,"og_custom_url":null,"og_article_section":null,"og_article_tags":null,"twitter_use_og":false,"twitter_card":"default","twitter_image_type":"default","twitter_image_url":null,"twitter_image_custom_url":null,"twitter_image_custom_fields":null,"twitter_title":null,"twitter_description":null,"schema":{"blockGraphs":[],"customGraphs":[],"default":{"data":{"Article":[],"Course":[],"Dataset":[],"FAQPage":[],"Movie":[],"Person":[],"Product":[],"ProductReview":[],"Car":[],"Recipe":[],"Service":[],"SoftwareApplication":[],"WebPage":[]},"graphName":"","isEnabled":true},"graphs":[],"defaultGraph":"","defaultPostTypeGraph":""},"schema_type":null,"schema_type_options":null,"pillar_content":false,"robots_default":true,"robots_noindex":false,"robots_noarchive":false,"robots_nosnippet":false,"robots_nofollow":false,"robots_noimageindex":false,"robots_noodp":false,"robots_notranslate":false,"robots_max_snippet":null,"robots_max_videopreview":null,"robots_max_imagepreview":"large","priority":null,"frequency":null,"local_seo":null,"seo_analyzer_scan_date":"2025-12-05 18:18:07","breadcrumb_settings":null,"limit_modified_date":false,"open_ai":null,"ai":null,"created":"2020-12-21 12:58:24","updated":"2025-12-05 18:18:07","focus_keyword":null,"additional_keywords":null,"truseo_locale":null},"aioseo_breadcrumb":"<div class=\"aioseo-breadcrumbs\"><span class=\"aioseo-breadcrumb\">\n\t<a href=\"https:\/\/www.eldigitaldeasturias.com\/noticias\" title=\"Home\">Home<\/a>\n<\/span><span class=\"aioseo-breadcrumb-separator\">\u2013<\/span><span class=\"aioseo-breadcrumb\">\n\t<a href=\"https:\/\/www.eldigitaldeasturias.com\/noticias\/category\/actualidad\/\" title=\"Actualidad\">Actualidad<\/a>\n<\/span><span class=\"aioseo-breadcrumb-separator\">\u2013<\/span><span class=\"aioseo-breadcrumb\">\n\t<a href=\"https:\/\/www.eldigitaldeasturias.com\/noticias\/nombrada-una-junta-rectora-provisional-en-la-dop-calatayud\/\" title=\"Nombrada una junta rectora provisional en la DOP Calatayud\">Nombrada una junta rectora provisional en la DOP Calatayud<\/a>\n<\/span><\/div>","aioseo_breadcrumb_json":[{"label":"Home","link":"https:\/\/www.eldigitaldeasturias.com\/noticias"},{"label":"Actualidad","link":"https:\/\/www.eldigitaldeasturias.com\/noticias\/category\/actualidad\/"},{"label":"Nombrada una junta rectora provisional en la DOP Calatayud","link":"https:\/\/www.eldigitaldeasturias.com\/noticias\/nombrada-una-junta-rectora-provisional-en-la-dop-calatayud\/"}],"_links":{"self":[{"href":"https:\/\/www.eldigitaldeasturias.com\/noticias\/wp-json\/wp\/v2\/posts\/951158","targetHints":{"allow":["GET"]}}],"collection":[{"href":"https:\/\/www.eldigitaldeasturias.com\/noticias\/wp-json\/wp\/v2\/posts"}],"about":[{"href":"https:\/\/www.eldigitaldeasturias.com\/noticias\/wp-json\/wp\/v2\/types\/post"}],"author":[{"embeddable":true,"href":"https:\/\/www.eldigitaldeasturias.com\/noticias\/wp-json\/wp\/v2\/users\/1"}],"replies":[{"embeddable":true,"href":"https:\/\/www.eldigitaldeasturias.com\/noticias\/wp-json\/wp\/v2\/comments?post=951158"}],"version-history":[{"count":0,"href":"https:\/\/www.eldigitaldeasturias.com\/noticias\/wp-json\/wp\/v2\/posts\/951158\/revisions"}],"wp:attachment":[{"href":"https:\/\/www.eldigitaldeasturias.com\/noticias\/wp-json\/wp\/v2\/media?parent=951158"}],"wp:term":[{"taxonomy":"category","embeddable":true,"href":"https:\/\/www.eldigitaldeasturias.com\/noticias\/wp-json\/wp\/v2\/categories?post=951158"},{"taxonomy":"post_tag","embeddable":true,"href":"https:\/\/www.eldigitaldeasturias.com\/noticias\/wp-json\/wp\/v2\/tags?post=951158"}],"curies":[{"name":"wp","href":"https:\/\/api.w.org\/{rel}","templated":true}]}}