{"id":951152,"date":"2017-08-28T23:22:00","date_gmt":"2017-08-28T23:22:00","guid":{"rendered":"http:\/\/www.eldigitaldeasturias.com\/noticias\/?p=951152"},"modified":"2017-08-28T23:22:00","modified_gmt":"2017-08-28T23:22:00","slug":"la-jota-sinfonica-inicia-su-gira-por-la-geografia-aragonesa","status":"publish","type":"post","link":"https:\/\/www.eldigitaldeasturias.com\/noticias\/la-jota-sinfonica-inicia-su-gira-por-la-geografia-aragonesa\/","title":{"rendered":"La Jota Sinf\u00f3nica inicia su gira por la geograf\u00eda aragonesa"},"content":{"rendered":"<p><img loading=\"lazy\" decoding=\"async\" class=\"alignleft size-medium wp-image-951153\" src=\"https:\/\/www.eldigitaldeasturias.com\/noticias\/wp-content\/uploads\/2017\/08\/Jota_Sinfonica-360x159.jpg\" alt=\"\" width=\"360\" height=\"159\" \/>Un a\u00f1o despu\u00e9s del nacimiento de la Jota Sinf\u00f3nica, un proyecto en el que por primera vez se un\u00eda la voz de un cantador de jotas con el sonido de una orquesta sinf\u00f3nica aragonesa, \u00e9sta sale de Zaragoza para acercar la jota, en su interpretaci\u00f3n m\u00e1s moderna, a las ciudades de Calatayud, Ejea de los Caballeros y Jaca. El director general de Cultura y Patrimonio, Nacho Escu\u00edn, ha manifestado el apoyo del Gobierno de Arag\u00f3n al proyecto, liderado por Nacho del R\u00edo y la Orquesta Sinf\u00f3nica Goya, \u201cen nuestra apuesta por vertebrar el territorio a trav\u00e9s de la cultura y que \u00e9sta sea accesible para todos los ciudadanos, independientemente de donde vivan\u201d.<\/p>\n<p>\u201cPara el Gobierno de Arag\u00f3n, -ha se\u00f1alado Escu\u00edn-, la cultura es uno de los elementos b\u00e1sicos de nuestra identidad aragonesa que, adem\u00e1s, atraviesa uno de sus mejores momentos con destacados activos en cada una de las disciplinas art\u00edsticas\u201d. Escu\u00edn ha recordado el incremento este a\u00f1o de casi un 7% las ayudas que se convocan a trav\u00e9s de la Direcci\u00f3n General de Cultura, y que se han convertido en las m\u00e1s importantes en la historia del Gobierno de Arag\u00f3n.<\/p>\n<p>El acto ha contado, adem\u00e1s, con la presencia del cantador de jota, Nacho del R\u00edo; Juan Luis Mart\u00ednez, director titular de la Sinf\u00f3nica Goya\/Ciudad de Zaragoza y orquestador de las jotas; y Antonio de Clemente, coordinador de la Orquesta Sinf\u00f3nica.<\/p>\n<p><strong>Programaci\u00f3n<\/strong><\/p>\n<p>Jota Sinf\u00f3nica iniciar\u00e1 su gira el pr\u00f3ximo 9 de septiembre con un concierto en el Teatro Capitol de Calatayud, a las 20:00 horas, en el que Nacho del R\u00edo estar\u00e1 acompa\u00f1ado por la cantadora bilbilitana, compa\u00f1era de infancia de Nacho, Sara Com\u00edn.<\/p>\n<p>El 5 de octubre, llega a la Sala Mozart del Auditorio de Zaragoza donde, en esta ocasi\u00f3n, las artistas invitadas ser\u00e1n la propia Sara Com\u00edn, la cantadora Beatriz Bernad y la mezzo l\u00edrica Beatriz Gimeno, ambas compa\u00f1eras inseparables en la carrera del cantador. El espect\u00e1culo ser\u00e1 a las 20:00 horas.<\/p>\n<p>El viernes, 6 de octubre, la actuaci\u00f3n tendr\u00e1 lugar en el Teatro de la Villa de Ejea de los Caballeros, a las 20:00 horas, para finalizar la gira en Jaca, el s\u00e1bado 7 de octubre, en el Palacio de Congresos a las 20:30 horas.<\/p>\n<p>En esta segunda edici\u00f3n de Jota Sinf\u00f3nica se ampl\u00eda la orquestaci\u00f3n y se estrenan nuevas tonadas escritas ex profeso para estos conciertos. Tambi\u00e9n se podr\u00e1 disfrutar de un nuevo repertorio instrumental sinf\u00f3nico basado en la jota y del estreno absoluto de la orquestaci\u00f3n de dos jotas instrumentales del compositor aragon\u00e9s Pascual Marquina, tal y como ha explicado Nacho del R\u00edo.<\/p>\n<p>Un rico y variado repertorio que se grabar\u00e1 y pasar\u00e1 a formar parte del patrimonio fonogr\u00e1fico aragon\u00e9s.<\/p>\n<p><strong>Jota Sinf\u00f3nica<\/strong><\/p>\n<p>Este proyecto singular y novedoso, que en su primera edici\u00f3n tuvo muy buena acogida por parte del p\u00fablico, pretende, respetando las tonadas originales, vestir de gala la jota. Para este a\u00f1o se han orquestado un total de 14 nuevas tonadas que sonar\u00e1n por primera vez en esta gira que arranca en septiembre.<\/p>\n<p>Jota Sinf\u00f3nica ha querido, adem\u00e1s, unir la jota cantada con el rico repertorio sinf\u00f3nico instrumental del que se dispone. Este a\u00f1o se estrenan nuevas jotas sinf\u00f3nicas de grandes compositores europeos que demostrar\u00e1n de nuevo, ha se\u00f1alado Juan Luis Mart\u00ednez, la importancia de nuestro folclore en la historia de la m\u00fasica.<\/p>\n<p>Un proyecto ilusionante en el que participa uno de los cantadores m\u00e1s prestigiosos de su generaci\u00f3n, Nacho del R\u00edo, y la Orquesta Sinf\u00f3nica Goya, formada por m\u00e1s de medio centenar de m\u00fasicos. A ellos se suma el trabajo de Juan Luis Mart\u00ednez, compositor y catedr\u00e1tico de direcci\u00f3n de orquesta en el Conservatorio Superior de M\u00fasica de Arag\u00f3n, que se encarga de toda la orquestaci\u00f3n de las tonadas tradicionales, desde un punto de vista tan respetuoso como innovador; y Miquel Rodrigo, profesor de direcci\u00f3n en el mismo conservatorio y una de las personas que se ha encargado de recuperar en las \u00faltimas d\u00e9cadas el repertorio instrumental (tanto para banda como para orquesta) basado en la jota aragonesa.<\/p>\n<p>&nbsp;<\/p>\n","protected":false},"excerpt":{"rendered":"<p>Un a\u00f1o despu\u00e9s del nacimiento de la Jota Sinf\u00f3nica, un proyecto en el que por primera vez se un\u00eda la voz de un cantador de jotas con el sonido de una orquesta sinf\u00f3nica aragonesa, \u00e9sta sale de Zaragoza para acercar la jota, en su interpretaci\u00f3n m\u00e1s moderna, a las ciudades de Calatayud, Ejea de los [&hellip;]<\/p>\n","protected":false},"author":1,"featured_media":951153,"comment_status":"closed","ping_status":"closed","sticky":false,"template":"","format":"standard","meta":{"footnotes":""},"categories":[1],"tags":[],"class_list":["post-951152","post","type-post","status-publish","format-standard","has-post-thumbnail","hentry","category-actualidad"],"aioseo_notices":[],"aioseo_head":"\n\t\t<!-- All in One SEO Pro 5.0.1 - aioseo.com -->\n\t<meta name=\"description\" content=\"Un a\u00f1o despu\u00e9s del nacimiento de la Jota Sinf\u00f3nica, un proyecto en el que por primera vez se un\u00eda la voz de un cantador de jotas con el sonido de una orquesta sinf\u00f3nica aragonesa, \u00e9sta sale de Zaragoza para acercar la jota, en su interpretaci\u00f3n m\u00e1s moderna, a las ciudades de Calatayud, Ejea de los\" \/>\n\t<meta name=\"robots\" content=\"max-image-preview:large\" \/>\n\t<meta name=\"author\" content=\"El Digital de Asturias\"\/>\n\t<meta name=\"google-site-verification\" content=\"UA-38556648-1\" \/>\n\t<meta name=\"msvalidate.01\" content=\"7dfe9f3f1b24437ab69f4f2559babe99\" \/>\n\t<meta name=\"keywords\" content=\"actualidad\" \/>\n\t<link rel=\"canonical\" href=\"https:\/\/www.eldigitaldeasturias.com\/noticias\/la-jota-sinfonica-inicia-su-gira-por-la-geografia-aragonesa\/\" \/>\n\t<meta name=\"generator\" content=\"All in One SEO Pro (AIOSEO) 5.0.1\" \/>\n\t\t<meta property=\"og:locale\" content=\"es_ES\" \/>\n\t\t<meta property=\"og:site_name\" content=\"El Digital de Asturias\" \/>\n\t\t<meta property=\"og:type\" content=\"article\" \/>\n\t\t<meta property=\"og:title\" content=\"La Jota Sinf\u00f3nica inicia su gira por la geograf\u00eda aragonesa - El Digital de Asturias\" \/>\n\t\t<meta property=\"og:description\" content=\"Un a\u00f1o despu\u00e9s del nacimiento de la Jota Sinf\u00f3nica, un proyecto en el que por primera vez se un\u00eda la voz de un cantador de jotas con el sonido de una orquesta sinf\u00f3nica aragonesa, \u00e9sta sale de Zaragoza para acercar la jota, en su interpretaci\u00f3n m\u00e1s moderna, a las ciudades de Calatayud, Ejea de los\" \/>\n\t\t<meta property=\"og:url\" content=\"https:\/\/www.eldigitaldeasturias.com\/noticias\/la-jota-sinfonica-inicia-su-gira-por-la-geografia-aragonesa\/\" \/>\n\t\t<meta property=\"article:tag\" content=\"actualidad\" \/>\n\t\t<meta property=\"article:published_time\" content=\"2017-08-28T23:22:00+00:00\" \/>\n\t\t<meta property=\"article:modified_time\" content=\"2017-08-28T23:22:00+00:00\" \/>\n\t\t<meta property=\"article:publisher\" content=\"https:\/\/facebook.com\/eldigitaldeasturias\" \/>\n\t\t<meta name=\"twitter:card\" content=\"summary_large_image\" \/>\n\t\t<meta name=\"twitter:title\" content=\"La Jota Sinf\u00f3nica inicia su gira por la geograf\u00eda aragonesa - El Digital de Asturias\" \/>\n\t\t<meta name=\"twitter:description\" content=\"Un a\u00f1o despu\u00e9s del nacimiento de la Jota Sinf\u00f3nica, un proyecto en el que por primera vez se un\u00eda la voz de un cantador de jotas con el sonido de una orquesta sinf\u00f3nica aragonesa, \u00e9sta sale de Zaragoza para acercar la jota, en su interpretaci\u00f3n m\u00e1s moderna, a las ciudades de Calatayud, Ejea de los\" \/>\n\t\t<meta name=\"twitter:image\" content=\"https:\/\/www.eldigitaldeasturias.com\/noticias\/wp-content\/uploads\/2020\/12\/EDA-1.jpg\" \/>\n\t\t<meta name=\"twitter:label1\" content=\"Escrito por\" \/>\n\t\t<meta name=\"twitter:data1\" content=\"El Digital de Asturias\" \/>\n\t\t<meta name=\"twitter:label2\" content=\"Tiempo de lectura estimado\" \/>\n\t\t<meta name=\"twitter:data2\" content=\"4 minutos\" \/>\n\t\t<script type=\"application\/ld+json\" class=\"aioseo-schema\">\n\t\t\t{\"@context\":\"https:\\\/\\\/schema.org\",\"@graph\":[{\"@type\":\"BlogPosting\",\"@id\":\"https:\\\/\\\/www.eldigitaldeasturias.com\\\/noticias\\\/la-jota-sinfonica-inicia-su-gira-por-la-geografia-aragonesa\\\/#blogposting\",\"name\":\"La Jota Sinf\\u00f3nica inicia su gira por la geograf\\u00eda aragonesa - El Digital de Asturias\",\"headline\":\"La Jota Sinf\\u00f3nica inicia su gira por la geograf\\u00eda aragonesa\",\"author\":{\"@id\":\"https:\\\/\\\/www.eldigitaldeasturias.com\\\/noticias\\\/author\\\/admin\\\/#author\"},\"publisher\":{\"@id\":\"https:\\\/\\\/www.eldigitaldeasturias.com\\\/noticias\\\/#organization\"},\"image\":{\"@type\":\"ImageObject\",\"url\":951153},\"datePublished\":\"2017-08-28T23:22:00+02:00\",\"dateModified\":\"2017-08-28T23:22:00+02:00\",\"inLanguage\":\"es-ES\",\"mainEntityOfPage\":{\"@id\":\"https:\\\/\\\/www.eldigitaldeasturias.com\\\/noticias\\\/la-jota-sinfonica-inicia-su-gira-por-la-geografia-aragonesa\\\/#webpage\"},\"isPartOf\":{\"@id\":\"https:\\\/\\\/www.eldigitaldeasturias.com\\\/noticias\\\/la-jota-sinfonica-inicia-su-gira-por-la-geografia-aragonesa\\\/#webpage\"},\"articleSection\":\"Actualidad\"},{\"@type\":\"BreadcrumbList\",\"@id\":\"https:\\\/\\\/www.eldigitaldeasturias.com\\\/noticias\\\/la-jota-sinfonica-inicia-su-gira-por-la-geografia-aragonesa\\\/#breadcrumblist\",\"itemListElement\":[{\"@type\":\"ListItem\",\"@id\":\"https:\\\/\\\/www.eldigitaldeasturias.com\\\/noticias#listItem\",\"position\":1,\"name\":\"Home\",\"item\":\"https:\\\/\\\/www.eldigitaldeasturias.com\\\/noticias\",\"nextItem\":{\"@type\":\"ListItem\",\"@id\":\"https:\\\/\\\/www.eldigitaldeasturias.com\\\/noticias\\\/category\\\/actualidad\\\/#listItem\",\"name\":\"Actualidad\"}},{\"@type\":\"ListItem\",\"@id\":\"https:\\\/\\\/www.eldigitaldeasturias.com\\\/noticias\\\/category\\\/actualidad\\\/#listItem\",\"position\":2,\"name\":\"Actualidad\",\"item\":\"https:\\\/\\\/www.eldigitaldeasturias.com\\\/noticias\\\/category\\\/actualidad\\\/\",\"nextItem\":{\"@type\":\"ListItem\",\"@id\":\"https:\\\/\\\/www.eldigitaldeasturias.com\\\/noticias\\\/la-jota-sinfonica-inicia-su-gira-por-la-geografia-aragonesa\\\/#listItem\",\"name\":\"La Jota Sinf\\u00f3nica inicia su gira por la geograf\\u00eda aragonesa\"},\"previousItem\":{\"@type\":\"ListItem\",\"@id\":\"https:\\\/\\\/www.eldigitaldeasturias.com\\\/noticias#listItem\",\"name\":\"Home\"}},{\"@type\":\"ListItem\",\"@id\":\"https:\\\/\\\/www.eldigitaldeasturias.com\\\/noticias\\\/la-jota-sinfonica-inicia-su-gira-por-la-geografia-aragonesa\\\/#listItem\",\"position\":3,\"name\":\"La Jota Sinf\\u00f3nica inicia su gira por la geograf\\u00eda aragonesa\",\"previousItem\":{\"@type\":\"ListItem\",\"@id\":\"https:\\\/\\\/www.eldigitaldeasturias.com\\\/noticias\\\/category\\\/actualidad\\\/#listItem\",\"name\":\"Actualidad\"}}]},{\"@type\":\"Organization\",\"@id\":\"https:\\\/\\\/www.eldigitaldeasturias.com\\\/noticias\\\/#organization\",\"name\":\"El Digital de Asturias\",\"description\":\"Hemeroteca\",\"url\":\"https:\\\/\\\/www.eldigitaldeasturias.com\\\/noticias\\\/\",\"email\":\"info@eldigitaldeasturias.com\",\"telephone\":\"+34652131393\",\"logo\":{\"@type\":\"ImageObject\",\"url\":\"https:\\\/\\\/www.eldigitaldeasturias.com\\\/noticias\\\/wp-content\\\/uploads\\\/2020\\\/12\\\/EDA.jpg\",\"@id\":\"https:\\\/\\\/www.eldigitaldeasturias.com\\\/noticias\\\/la-jota-sinfonica-inicia-su-gira-por-la-geografia-aragonesa\\\/#organizationLogo\"},\"image\":{\"@id\":\"https:\\\/\\\/www.eldigitaldeasturias.com\\\/noticias\\\/la-jota-sinfonica-inicia-su-gira-por-la-geografia-aragonesa\\\/#organizationLogo\"},\"sameAs\":[\"https:\\\/\\\/facebook.com\\\/eldigitaldeasturias\",\"https:\\\/\\\/www.youtube.com\\\/channel\\\/UCZP-2wLEB9Rv6erhFmqVnvg\"],\"address\":{\"@id\":\"https:\\\/\\\/www.eldigitaldeasturias.com\\\/noticias\\\/#postaladdress\",\"@type\":\"PostalAddress\",\"streetAddress\":\"san antonio 4\",\"postalCode\":\"33430\",\"addressLocality\":\"Cand\\u00e1s\",\"addressRegion\":\"Asturias\",\"addressCountry\":\"ES\"}},{\"@type\":\"Person\",\"@id\":\"https:\\\/\\\/www.eldigitaldeasturias.com\\\/noticias\\\/author\\\/admin\\\/#author\",\"url\":\"https:\\\/\\\/www.eldigitaldeasturias.com\\\/noticias\\\/author\\\/admin\\\/\",\"name\":\"El Digital de Asturias\",\"image\":{\"@type\":\"ImageObject\",\"@id\":\"https:\\\/\\\/www.eldigitaldeasturias.com\\\/noticias\\\/la-jota-sinfonica-inicia-su-gira-por-la-geografia-aragonesa\\\/#authorImage\",\"url\":\"https:\\\/\\\/secure.gravatar.com\\\/avatar\\\/df2aeffc32bcd13f8d26072ef8a91b623d677766deac7f97ca815868cd41bf5e?s=96&d=mm&r=g\",\"width\":96,\"height\":96,\"caption\":\"El Digital de Asturias\"}},{\"@type\":\"WebPage\",\"@id\":\"https:\\\/\\\/www.eldigitaldeasturias.com\\\/noticias\\\/la-jota-sinfonica-inicia-su-gira-por-la-geografia-aragonesa\\\/#webpage\",\"url\":\"https:\\\/\\\/www.eldigitaldeasturias.com\\\/noticias\\\/la-jota-sinfonica-inicia-su-gira-por-la-geografia-aragonesa\\\/\",\"name\":\"La Jota Sinf\\u00f3nica inicia su gira por la geograf\\u00eda aragonesa - El Digital de Asturias\",\"description\":\"Un a\\u00f1o despu\\u00e9s del nacimiento de la Jota Sinf\\u00f3nica, un proyecto en el que por primera vez se un\\u00eda la voz de un cantador de jotas con el sonido de una orquesta sinf\\u00f3nica aragonesa, \\u00e9sta sale de Zaragoza para acercar la jota, en su interpretaci\\u00f3n m\\u00e1s moderna, a las ciudades de Calatayud, Ejea de los\",\"inLanguage\":\"es-ES\",\"isPartOf\":{\"@id\":\"https:\\\/\\\/www.eldigitaldeasturias.com\\\/noticias\\\/#website\"},\"breadcrumb\":{\"@id\":\"https:\\\/\\\/www.eldigitaldeasturias.com\\\/noticias\\\/la-jota-sinfonica-inicia-su-gira-por-la-geografia-aragonesa\\\/#breadcrumblist\"},\"author\":{\"@id\":\"https:\\\/\\\/www.eldigitaldeasturias.com\\\/noticias\\\/author\\\/admin\\\/#author\"},\"creator\":{\"@id\":\"https:\\\/\\\/www.eldigitaldeasturias.com\\\/noticias\\\/author\\\/admin\\\/#author\"},\"image\":{\"@type\":\"ImageObject\",\"url\":951153,\"@id\":\"https:\\\/\\\/www.eldigitaldeasturias.com\\\/noticias\\\/la-jota-sinfonica-inicia-su-gira-por-la-geografia-aragonesa\\\/#mainImage\"},\"primaryImageOfPage\":{\"@id\":\"https:\\\/\\\/www.eldigitaldeasturias.com\\\/noticias\\\/la-jota-sinfonica-inicia-su-gira-por-la-geografia-aragonesa\\\/#mainImage\"},\"datePublished\":\"2017-08-28T23:22:00+02:00\",\"dateModified\":\"2017-08-28T23:22:00+02:00\"},{\"@type\":\"WebSite\",\"@id\":\"https:\\\/\\\/www.eldigitaldeasturias.com\\\/noticias\\\/#website\",\"url\":\"https:\\\/\\\/www.eldigitaldeasturias.com\\\/noticias\\\/\",\"name\":\"El Digital de Asturias - Diario de actualidad y noticias\",\"alternateName\":\"El Digital de Asturias - Diario de actualidad y noticias\",\"description\":\"Hemeroteca\",\"inLanguage\":\"es-ES\",\"publisher\":{\"@id\":\"https:\\\/\\\/www.eldigitaldeasturias.com\\\/noticias\\\/#organization\"}}]}\n\t\t<\/script>\n\t\t<!-- All in One SEO Pro -->\r\n\t\t<title>La Jota Sinf\u00f3nica inicia su gira por la geograf\u00eda aragonesa - El Digital de Asturias<\/title>\n\n","aioseo_head_json":{"title":"La Jota Sinf\u00f3nica inicia su gira por la geograf\u00eda aragonesa - El Digital de Asturias","description":"Un a\u00f1o despu\u00e9s del nacimiento de la Jota Sinf\u00f3nica, un proyecto en el que por primera vez se un\u00eda la voz de un cantador de jotas con el sonido de una orquesta sinf\u00f3nica aragonesa, \u00e9sta sale de Zaragoza para acercar la jota, en su interpretaci\u00f3n m\u00e1s moderna, a las ciudades de Calatayud, Ejea de los","canonical_url":"https:\/\/www.eldigitaldeasturias.com\/noticias\/la-jota-sinfonica-inicia-su-gira-por-la-geografia-aragonesa\/","robots":"max-image-preview:large","keywords":"actualidad","webmasterTools":{"google-site-verification":"UA-38556648-1","msvalidate.01":"7dfe9f3f1b24437ab69f4f2559babe99","miscellaneous":""},"schema":{"@context":"https:\/\/schema.org","@graph":[{"@type":"BlogPosting","@id":"https:\/\/www.eldigitaldeasturias.com\/noticias\/la-jota-sinfonica-inicia-su-gira-por-la-geografia-aragonesa\/#blogposting","name":"La Jota Sinf\u00f3nica inicia su gira por la geograf\u00eda aragonesa - El Digital de Asturias","headline":"La Jota Sinf\u00f3nica inicia su gira por la geograf\u00eda aragonesa","author":{"@id":"https:\/\/www.eldigitaldeasturias.com\/noticias\/author\/admin\/#author"},"publisher":{"@id":"https:\/\/www.eldigitaldeasturias.com\/noticias\/#organization"},"image":{"@type":"ImageObject","url":951153},"datePublished":"2017-08-28T23:22:00+02:00","dateModified":"2017-08-28T23:22:00+02:00","inLanguage":"es-ES","mainEntityOfPage":{"@id":"https:\/\/www.eldigitaldeasturias.com\/noticias\/la-jota-sinfonica-inicia-su-gira-por-la-geografia-aragonesa\/#webpage"},"isPartOf":{"@id":"https:\/\/www.eldigitaldeasturias.com\/noticias\/la-jota-sinfonica-inicia-su-gira-por-la-geografia-aragonesa\/#webpage"},"articleSection":"Actualidad"},{"@type":"BreadcrumbList","@id":"https:\/\/www.eldigitaldeasturias.com\/noticias\/la-jota-sinfonica-inicia-su-gira-por-la-geografia-aragonesa\/#breadcrumblist","itemListElement":[{"@type":"ListItem","@id":"https:\/\/www.eldigitaldeasturias.com\/noticias#listItem","position":1,"name":"Home","item":"https:\/\/www.eldigitaldeasturias.com\/noticias","nextItem":{"@type":"ListItem","@id":"https:\/\/www.eldigitaldeasturias.com\/noticias\/category\/actualidad\/#listItem","name":"Actualidad"}},{"@type":"ListItem","@id":"https:\/\/www.eldigitaldeasturias.com\/noticias\/category\/actualidad\/#listItem","position":2,"name":"Actualidad","item":"https:\/\/www.eldigitaldeasturias.com\/noticias\/category\/actualidad\/","nextItem":{"@type":"ListItem","@id":"https:\/\/www.eldigitaldeasturias.com\/noticias\/la-jota-sinfonica-inicia-su-gira-por-la-geografia-aragonesa\/#listItem","name":"La Jota Sinf\u00f3nica inicia su gira por la geograf\u00eda aragonesa"},"previousItem":{"@type":"ListItem","@id":"https:\/\/www.eldigitaldeasturias.com\/noticias#listItem","name":"Home"}},{"@type":"ListItem","@id":"https:\/\/www.eldigitaldeasturias.com\/noticias\/la-jota-sinfonica-inicia-su-gira-por-la-geografia-aragonesa\/#listItem","position":3,"name":"La Jota Sinf\u00f3nica inicia su gira por la geograf\u00eda aragonesa","previousItem":{"@type":"ListItem","@id":"https:\/\/www.eldigitaldeasturias.com\/noticias\/category\/actualidad\/#listItem","name":"Actualidad"}}]},{"@type":"Organization","@id":"https:\/\/www.eldigitaldeasturias.com\/noticias\/#organization","name":"El Digital de Asturias","description":"Hemeroteca","url":"https:\/\/www.eldigitaldeasturias.com\/noticias\/","email":"info@eldigitaldeasturias.com","telephone":"+34652131393","logo":{"@type":"ImageObject","url":"https:\/\/www.eldigitaldeasturias.com\/noticias\/wp-content\/uploads\/2020\/12\/EDA.jpg","@id":"https:\/\/www.eldigitaldeasturias.com\/noticias\/la-jota-sinfonica-inicia-su-gira-por-la-geografia-aragonesa\/#organizationLogo"},"image":{"@id":"https:\/\/www.eldigitaldeasturias.com\/noticias\/la-jota-sinfonica-inicia-su-gira-por-la-geografia-aragonesa\/#organizationLogo"},"sameAs":["https:\/\/facebook.com\/eldigitaldeasturias","https:\/\/www.youtube.com\/channel\/UCZP-2wLEB9Rv6erhFmqVnvg"],"address":{"@id":"https:\/\/www.eldigitaldeasturias.com\/noticias\/#postaladdress","@type":"PostalAddress","streetAddress":"san antonio 4","postalCode":"33430","addressLocality":"Cand\u00e1s","addressRegion":"Asturias","addressCountry":"ES"}},{"@type":"Person","@id":"https:\/\/www.eldigitaldeasturias.com\/noticias\/author\/admin\/#author","url":"https:\/\/www.eldigitaldeasturias.com\/noticias\/author\/admin\/","name":"El Digital de Asturias","image":{"@type":"ImageObject","@id":"https:\/\/www.eldigitaldeasturias.com\/noticias\/la-jota-sinfonica-inicia-su-gira-por-la-geografia-aragonesa\/#authorImage","url":"https:\/\/secure.gravatar.com\/avatar\/df2aeffc32bcd13f8d26072ef8a91b623d677766deac7f97ca815868cd41bf5e?s=96&d=mm&r=g","width":96,"height":96,"caption":"El Digital de Asturias"}},{"@type":"WebPage","@id":"https:\/\/www.eldigitaldeasturias.com\/noticias\/la-jota-sinfonica-inicia-su-gira-por-la-geografia-aragonesa\/#webpage","url":"https:\/\/www.eldigitaldeasturias.com\/noticias\/la-jota-sinfonica-inicia-su-gira-por-la-geografia-aragonesa\/","name":"La Jota Sinf\u00f3nica inicia su gira por la geograf\u00eda aragonesa - El Digital de Asturias","description":"Un a\u00f1o despu\u00e9s del nacimiento de la Jota Sinf\u00f3nica, un proyecto en el que por primera vez se un\u00eda la voz de un cantador de jotas con el sonido de una orquesta sinf\u00f3nica aragonesa, \u00e9sta sale de Zaragoza para acercar la jota, en su interpretaci\u00f3n m\u00e1s moderna, a las ciudades de Calatayud, Ejea de los","inLanguage":"es-ES","isPartOf":{"@id":"https:\/\/www.eldigitaldeasturias.com\/noticias\/#website"},"breadcrumb":{"@id":"https:\/\/www.eldigitaldeasturias.com\/noticias\/la-jota-sinfonica-inicia-su-gira-por-la-geografia-aragonesa\/#breadcrumblist"},"author":{"@id":"https:\/\/www.eldigitaldeasturias.com\/noticias\/author\/admin\/#author"},"creator":{"@id":"https:\/\/www.eldigitaldeasturias.com\/noticias\/author\/admin\/#author"},"image":{"@type":"ImageObject","url":951153,"@id":"https:\/\/www.eldigitaldeasturias.com\/noticias\/la-jota-sinfonica-inicia-su-gira-por-la-geografia-aragonesa\/#mainImage"},"primaryImageOfPage":{"@id":"https:\/\/www.eldigitaldeasturias.com\/noticias\/la-jota-sinfonica-inicia-su-gira-por-la-geografia-aragonesa\/#mainImage"},"datePublished":"2017-08-28T23:22:00+02:00","dateModified":"2017-08-28T23:22:00+02:00"},{"@type":"WebSite","@id":"https:\/\/www.eldigitaldeasturias.com\/noticias\/#website","url":"https:\/\/www.eldigitaldeasturias.com\/noticias\/","name":"El Digital de Asturias - Diario de actualidad y noticias","alternateName":"El Digital de Asturias - Diario de actualidad y noticias","description":"Hemeroteca","inLanguage":"es-ES","publisher":{"@id":"https:\/\/www.eldigitaldeasturias.com\/noticias\/#organization"}}]},"og:locale":"es_ES","og:site_name":"El Digital de Asturias","og:type":"article","og:title":"La Jota Sinf\u00f3nica inicia su gira por la geograf\u00eda aragonesa - El Digital de Asturias","og:description":"Un a\u00f1o despu\u00e9s del nacimiento de la Jota Sinf\u00f3nica, un proyecto en el que por primera vez se un\u00eda la voz de un cantador de jotas con el sonido de una orquesta sinf\u00f3nica aragonesa, \u00e9sta sale de Zaragoza para acercar la jota, en su interpretaci\u00f3n m\u00e1s moderna, a las ciudades de Calatayud, Ejea de los","og:url":"https:\/\/www.eldigitaldeasturias.com\/noticias\/la-jota-sinfonica-inicia-su-gira-por-la-geografia-aragonesa\/","article:tag":["actualidad"],"article:published_time":"2017-08-28T23:22:00+00:00","article:modified_time":"2017-08-28T23:22:00+00:00","article:publisher":"https:\/\/facebook.com\/eldigitaldeasturias","twitter:card":"summary_large_image","twitter:title":"La Jota Sinf\u00f3nica inicia su gira por la geograf\u00eda aragonesa - El Digital de Asturias","twitter:description":"Un a\u00f1o despu\u00e9s del nacimiento de la Jota Sinf\u00f3nica, un proyecto en el que por primera vez se un\u00eda la voz de un cantador de jotas con el sonido de una orquesta sinf\u00f3nica aragonesa, \u00e9sta sale de Zaragoza para acercar la jota, en su interpretaci\u00f3n m\u00e1s moderna, a las ciudades de Calatayud, Ejea de los","twitter:image":"https:\/\/www.eldigitaldeasturias.com\/noticias\/wp-content\/uploads\/2020\/12\/EDA-1.jpg","twitter:label1":"Escrito por","twitter:data1":"El Digital de Asturias","twitter:label2":"Tiempo de lectura estimado","twitter:data2":"4 minutos"},"aioseo_meta_data":{"post_id":"951152","title":null,"description":null,"keywords":null,"keyphrases":null,"primary_term":null,"canonical_url":null,"og_title":null,"og_description":null,"og_object_type":"default","og_image_type":"default","og_image_url":null,"og_image_width":null,"og_image_height":null,"og_image_custom_url":null,"og_image_custom_fields":null,"og_video":null,"og_custom_url":null,"og_article_section":null,"og_article_tags":null,"twitter_use_og":false,"twitter_card":"default","twitter_image_type":"default","twitter_image_url":null,"twitter_image_custom_url":null,"twitter_image_custom_fields":null,"twitter_title":null,"twitter_description":null,"schema":{"blockGraphs":[],"customGraphs":[],"default":{"data":{"Article":[],"Course":[],"Dataset":[],"FAQPage":[],"Movie":[],"Person":[],"Product":[],"ProductReview":[],"Car":[],"Recipe":[],"Service":[],"SoftwareApplication":[],"WebPage":[]},"graphName":"","isEnabled":true},"graphs":[],"defaultGraph":"","defaultPostTypeGraph":""},"schema_type":null,"schema_type_options":null,"pillar_content":false,"robots_default":true,"robots_noindex":false,"robots_noarchive":false,"robots_nosnippet":false,"robots_nofollow":false,"robots_noimageindex":false,"robots_noodp":false,"robots_notranslate":false,"robots_max_snippet":null,"robots_max_videopreview":null,"robots_max_imagepreview":"large","priority":null,"frequency":null,"local_seo":null,"seo_analyzer_scan_date":"2025-12-05 18:16:10","breadcrumb_settings":null,"limit_modified_date":false,"open_ai":null,"ai":null,"created":"2020-12-21 12:58:24","updated":"2025-12-05 18:16:10","focus_keyword":null,"additional_keywords":null,"truseo_locale":null},"aioseo_breadcrumb":"<div class=\"aioseo-breadcrumbs\"><span class=\"aioseo-breadcrumb\">\n\t<a href=\"https:\/\/www.eldigitaldeasturias.com\/noticias\" title=\"Home\">Home<\/a>\n<\/span><span class=\"aioseo-breadcrumb-separator\">\u2013<\/span><span class=\"aioseo-breadcrumb\">\n\t<a href=\"https:\/\/www.eldigitaldeasturias.com\/noticias\/category\/actualidad\/\" title=\"Actualidad\">Actualidad<\/a>\n<\/span><span class=\"aioseo-breadcrumb-separator\">\u2013<\/span><span class=\"aioseo-breadcrumb\">\n\t<a href=\"https:\/\/www.eldigitaldeasturias.com\/noticias\/la-jota-sinfonica-inicia-su-gira-por-la-geografia-aragonesa\/\" title=\"La Jota Sinf\u00f3nica inicia su gira por la geograf\u00eda aragonesa\">La Jota Sinf\u00f3nica inicia su gira por la geograf\u00eda aragonesa<\/a>\n<\/span><\/div>","aioseo_breadcrumb_json":[{"label":"Home","link":"https:\/\/www.eldigitaldeasturias.com\/noticias"},{"label":"Actualidad","link":"https:\/\/www.eldigitaldeasturias.com\/noticias\/category\/actualidad\/"},{"label":"La Jota Sinf\u00f3nica inicia su gira por la geograf\u00eda aragonesa","link":"https:\/\/www.eldigitaldeasturias.com\/noticias\/la-jota-sinfonica-inicia-su-gira-por-la-geografia-aragonesa\/"}],"_links":{"self":[{"href":"https:\/\/www.eldigitaldeasturias.com\/noticias\/wp-json\/wp\/v2\/posts\/951152","targetHints":{"allow":["GET"]}}],"collection":[{"href":"https:\/\/www.eldigitaldeasturias.com\/noticias\/wp-json\/wp\/v2\/posts"}],"about":[{"href":"https:\/\/www.eldigitaldeasturias.com\/noticias\/wp-json\/wp\/v2\/types\/post"}],"author":[{"embeddable":true,"href":"https:\/\/www.eldigitaldeasturias.com\/noticias\/wp-json\/wp\/v2\/users\/1"}],"replies":[{"embeddable":true,"href":"https:\/\/www.eldigitaldeasturias.com\/noticias\/wp-json\/wp\/v2\/comments?post=951152"}],"version-history":[{"count":0,"href":"https:\/\/www.eldigitaldeasturias.com\/noticias\/wp-json\/wp\/v2\/posts\/951152\/revisions"}],"wp:attachment":[{"href":"https:\/\/www.eldigitaldeasturias.com\/noticias\/wp-json\/wp\/v2\/media?parent=951152"}],"wp:term":[{"taxonomy":"category","embeddable":true,"href":"https:\/\/www.eldigitaldeasturias.com\/noticias\/wp-json\/wp\/v2\/categories?post=951152"},{"taxonomy":"post_tag","embeddable":true,"href":"https:\/\/www.eldigitaldeasturias.com\/noticias\/wp-json\/wp\/v2\/tags?post=951152"}],"curies":[{"name":"wp","href":"https:\/\/api.w.org\/{rel}","templated":true}]}}