{"id":951134,"date":"2017-08-28T22:30:25","date_gmt":"2017-08-28T22:30:25","guid":{"rendered":"http:\/\/www.eldigitaldeasturias.com\/noticias\/?p=951134"},"modified":"2017-08-28T22:30:25","modified_gmt":"2017-08-28T22:30:25","slug":"la-fp-dual-tendra-unos-4000-alumnos-el-proximo-curso-en-andalucia","status":"publish","type":"post","link":"https:\/\/www.eldigitaldeasturias.com\/noticias\/la-fp-dual-tendra-unos-4000-alumnos-el-proximo-curso-en-andalucia\/","title":{"rendered":"La FP Dual tendr\u00e1 unos 4000 alumnos el pr\u00f3ximo curso en Andaluc\u00eda"},"content":{"rendered":"<p><img loading=\"lazy\" decoding=\"async\" class=\"alignleft size-full wp-image-951135\" src=\"https:\/\/www.eldigitaldeasturias.com\/noticias\/wp-content\/uploads\/2017\/08\/1253862596126.jpg\" alt=\"\" width=\"312\" height=\"164\" \/>La Formaci\u00f3n Profesional Dual contin\u00faa el pr\u00f3ximo curso 2017-18 su crecimiento en Andaluc\u00eda con cerca de 4.000 alumnos matriculados y la implicaci\u00f3n de m\u00e1s de 2.800 empresas. La apuesta por este modelo formativo, que combina la ense\u00f1anza en los centros educativos con el aprendizaje en las propias compa\u00f1\u00edas o entidades del sector afines a los estudios, es \u00abuna de grandes bazas del proceso de transformaci\u00f3n, mejora y modernizaci\u00f3n de la FP en la comunidad\u00bb, ha destacado la consejera de Educaci\u00f3n, Sonia Gaya.<\/p>\n<p>Para el pr\u00f3ximo curso el n\u00famero de alumnado aumenta un 73% respecto a este a\u00f1o, de 2.293 estudiantes se llega 3.967, mientras que la participaci\u00f3n de las empresas crece un 83,54% y pasa de 1.543 a 2.832 compa\u00f1\u00edas o entidades.<\/p>\n<p>La Consejer\u00eda ha ampliado igualmente la oferta de ciclos formativos y este curso se impartir\u00e1n en la modalidad de alternancia 321 proyectos en 168 centros, 127 m\u00e1s que suponen un incremento del 65,46% respecto al anterior periodo acad\u00e9mico. Los nuevos proyectos pertenecen fundamentalmente a las familias profesionales de Agraria, Electr\u00f3nica, Industrias Alimentarias y Sanidad.<\/p>\n<p>La Formaci\u00f3n Profesional Dual presenta como principal ventaja la uni\u00f3n del esfuerzo de los sectores formativos y productivo para proporcionar al alumnado un alto nivel de competencia y la cualificaci\u00f3n profesional m\u00e1s adecuada a las demandas de la empresas. Los resultados buscados son la adaptaci\u00f3n de la FP a las necesidades reales del entorno productivo, la mejora de la calidad de la formaci\u00f3n que recibe el estudiante, el cambio metodol\u00f3gico en el profesorado y el incremento de la empleabilidad de los titulados.<\/p>\n<p><strong>Inserci\u00f3n laboral del 80%<\/strong><\/p>\n<p>Unos de los mejores indicadores del \u00e9xito de la FP Dual son los datos de inserci\u00f3n laboral de los alumnos, que se sit\u00faa en alrededor del 80% en Andaluc\u00eda, porcentaje sensiblemente superior a los \u00edndices generales de la Formaci\u00f3n Profesional, que est\u00e1n en el 45,71%, seg\u00fan la informaci\u00f3n facilitada por el Observatorio Argos de la Consejer\u00eda de Empleo, Empresa y Comercio de septiembre de 2016.<\/p>\n<p>Este modelo de ense\u00f1anza presenta, de este modo, beneficios para las empresa, los centros educativos y, por supuesto, para los alumnos. Para las entidades, una de las primeras ventajas es la planificaci\u00f3n de los recursos humanos a medio y largo plazo, ya que conocen de primera mano a las personas a las que posteriormente puede contratar y, por lo tanto, se reducen los costes y riesgos de los procesos de selecci\u00f3n.<\/p>\n<p>Adem\u00e1s, al participar en proyectos de Formaci\u00f3n Profesional en alternancia, las empresas refuerzan el compromiso con el entorno, mejorando su imagen y haci\u00e9ndola part\u00edcipe de su pol\u00edtica de responsabilidad social corporativa.<\/p>\n<p>A pesar de la corta trayectoria de la FP Dual en Andaluc\u00eda, que se puso en marcha en el curso 2013-14 con once proyectos experimentales, la Consejer\u00eda ha cosechado como uno de los mejores reconocimiento los convenios que a petici\u00f3n de las propias empresas se han firmado: Renfe, Lidl, MediaMarkt o Leroy Merl\u00edn.<\/p>\n<p>Cabe destacar asimismo que, el pasado mes de junio, la Fundaci\u00f3n Bertelsmann, junto al Club de Excelencia de Sostenibilidad, entreg\u00f3 el I Premio Alianza para la FP Dual en la categor\u00eda de centros docentes p\u00fablicos al Instituto de Ense\u00f1anza Secundaria &#8216;Fernando III&#8217; de Martos (Ja\u00e9n), por el proyecto que se realiza desde el curso 2014-15 en colaboraci\u00f3n con Valeo Iluminaci\u00f3n y la Fundaci\u00f3n Andaltec I+D+I, para la implantaci\u00f3n del ciclo formativo de Grado Superior de Programaci\u00f3n de la Producci\u00f3n por Moldeo de Metales y Pol\u00edmeros.<\/p>\n<p>La duraci\u00f3n m\u00ednima de un proyecto de FP Dual es de una promoci\u00f3n (dos cursos acad\u00e9micos). El n\u00famero de horas de formaci\u00f3n en las empresas para Grado Medio y Superior oscila entre 530 y 860, sin incluir las horas del m\u00f3dulo profesional de formaci\u00f3n en centros de trabajo, y para los proyectos de Formaci\u00f3n Profesional B\u00e1sica, el m\u00ednimo se establece en 300 y el m\u00e1ximo en 500 horas.<\/p>\n<p>Entre los pr\u00f3ximos objetivos, la Consejer\u00eda de Educaci\u00f3n tiene previsto seguir con la implantaci\u00f3n de ciclos formativos que respondan a las necesidades laborales de sectores productivos emergentes, aline\u00e1ndose as\u00ed con los planes estrat\u00e9gicos del Gobierno andaluz; establecer el marco regulador de la FP Dual; continuar con el desarrollo inform\u00e1tico que facilite el trabajo de gesti\u00f3n y evaluaci\u00f3n del profesorado y reforzar las estructuras descentralizadas necesarias para el seguimiento administrativo y pedag\u00f3gico de los proyectos.<\/p>\n<p>&nbsp;<\/p>\n","protected":false},"excerpt":{"rendered":"<p>La Formaci\u00f3n Profesional Dual contin\u00faa el pr\u00f3ximo curso 2017-18 su crecimiento en Andaluc\u00eda con cerca de 4.000 alumnos matriculados y la implicaci\u00f3n de m\u00e1s de 2.800 empresas. La apuesta por este modelo formativo, que combina la ense\u00f1anza en los centros educativos con el aprendizaje en las propias compa\u00f1\u00edas o entidades del sector afines a los [&hellip;]<\/p>\n","protected":false},"author":1,"featured_media":951135,"comment_status":"closed","ping_status":"closed","sticky":false,"template":"","format":"standard","meta":{"footnotes":""},"categories":[1],"tags":[],"class_list":["post-951134","post","type-post","status-publish","format-standard","has-post-thumbnail","hentry","category-actualidad"],"aioseo_notices":[],"aioseo_head":"\n\t\t<!-- All in One SEO Pro 5.0.1 - aioseo.com -->\n\t<meta name=\"description\" content=\"La Formaci\u00f3n Profesional Dual contin\u00faa el pr\u00f3ximo curso 2017-18 su crecimiento en Andaluc\u00eda con cerca de 4.000 alumnos matriculados y la implicaci\u00f3n de m\u00e1s de 2.800 empresas. La apuesta por este modelo formativo, que combina la ense\u00f1anza en los centros educativos con el aprendizaje en las propias compa\u00f1\u00edas o entidades del sector afines a los\" \/>\n\t<meta name=\"robots\" content=\"max-image-preview:large\" \/>\n\t<meta name=\"author\" content=\"El Digital de Asturias\"\/>\n\t<meta name=\"google-site-verification\" content=\"UA-38556648-1\" \/>\n\t<meta name=\"msvalidate.01\" content=\"7dfe9f3f1b24437ab69f4f2559babe99\" \/>\n\t<meta name=\"keywords\" content=\"actualidad\" \/>\n\t<link rel=\"canonical\" href=\"https:\/\/www.eldigitaldeasturias.com\/noticias\/la-fp-dual-tendra-unos-4000-alumnos-el-proximo-curso-en-andalucia\/\" \/>\n\t<meta name=\"generator\" content=\"All in One SEO Pro (AIOSEO) 5.0.1\" \/>\n\t\t<meta property=\"og:locale\" content=\"es_ES\" \/>\n\t\t<meta property=\"og:site_name\" content=\"El Digital de Asturias\" \/>\n\t\t<meta property=\"og:type\" content=\"article\" \/>\n\t\t<meta property=\"og:title\" content=\"La FP Dual tendr\u00e1 unos 4000 alumnos el pr\u00f3ximo curso en Andaluc\u00eda - El Digital de Asturias\" \/>\n\t\t<meta property=\"og:description\" content=\"La Formaci\u00f3n Profesional Dual contin\u00faa el pr\u00f3ximo curso 2017-18 su crecimiento en Andaluc\u00eda con cerca de 4.000 alumnos matriculados y la implicaci\u00f3n de m\u00e1s de 2.800 empresas. La apuesta por este modelo formativo, que combina la ense\u00f1anza en los centros educativos con el aprendizaje en las propias compa\u00f1\u00edas o entidades del sector afines a los\" \/>\n\t\t<meta property=\"og:url\" content=\"https:\/\/www.eldigitaldeasturias.com\/noticias\/la-fp-dual-tendra-unos-4000-alumnos-el-proximo-curso-en-andalucia\/\" \/>\n\t\t<meta property=\"article:tag\" content=\"actualidad\" \/>\n\t\t<meta property=\"article:published_time\" content=\"2017-08-28T22:30:25+00:00\" \/>\n\t\t<meta property=\"article:modified_time\" content=\"2017-08-28T22:30:25+00:00\" \/>\n\t\t<meta property=\"article:publisher\" content=\"https:\/\/facebook.com\/eldigitaldeasturias\" \/>\n\t\t<meta name=\"twitter:card\" content=\"summary_large_image\" \/>\n\t\t<meta name=\"twitter:title\" content=\"La FP Dual tendr\u00e1 unos 4000 alumnos el pr\u00f3ximo curso en Andaluc\u00eda - El Digital de Asturias\" \/>\n\t\t<meta name=\"twitter:description\" content=\"La Formaci\u00f3n Profesional Dual contin\u00faa el pr\u00f3ximo curso 2017-18 su crecimiento en Andaluc\u00eda con cerca de 4.000 alumnos matriculados y la implicaci\u00f3n de m\u00e1s de 2.800 empresas. La apuesta por este modelo formativo, que combina la ense\u00f1anza en los centros educativos con el aprendizaje en las propias compa\u00f1\u00edas o entidades del sector afines a los\" \/>\n\t\t<meta name=\"twitter:image\" content=\"https:\/\/www.eldigitaldeasturias.com\/noticias\/wp-content\/uploads\/2020\/12\/EDA-1.jpg\" \/>\n\t\t<meta name=\"twitter:label1\" content=\"Escrito por\" \/>\n\t\t<meta name=\"twitter:data1\" content=\"El Digital de Asturias\" \/>\n\t\t<meta name=\"twitter:label2\" content=\"Tiempo de lectura estimado\" \/>\n\t\t<meta name=\"twitter:data2\" content=\"4 minutos\" \/>\n\t\t<script type=\"application\/ld+json\" class=\"aioseo-schema\">\n\t\t\t{\"@context\":\"https:\\\/\\\/schema.org\",\"@graph\":[{\"@type\":\"BlogPosting\",\"@id\":\"https:\\\/\\\/www.eldigitaldeasturias.com\\\/noticias\\\/la-fp-dual-tendra-unos-4000-alumnos-el-proximo-curso-en-andalucia\\\/#blogposting\",\"name\":\"La FP Dual tendr\\u00e1 unos 4000 alumnos el pr\\u00f3ximo curso en Andaluc\\u00eda - El Digital de Asturias\",\"headline\":\"La FP Dual tendr\\u00e1 unos 4000 alumnos el pr\\u00f3ximo curso en Andaluc\\u00eda\",\"author\":{\"@id\":\"https:\\\/\\\/www.eldigitaldeasturias.com\\\/noticias\\\/author\\\/admin\\\/#author\"},\"publisher\":{\"@id\":\"https:\\\/\\\/www.eldigitaldeasturias.com\\\/noticias\\\/#organization\"},\"image\":{\"@type\":\"ImageObject\",\"url\":951135},\"datePublished\":\"2017-08-28T22:30:25+02:00\",\"dateModified\":\"2017-08-28T22:30:25+02:00\",\"inLanguage\":\"es-ES\",\"mainEntityOfPage\":{\"@id\":\"https:\\\/\\\/www.eldigitaldeasturias.com\\\/noticias\\\/la-fp-dual-tendra-unos-4000-alumnos-el-proximo-curso-en-andalucia\\\/#webpage\"},\"isPartOf\":{\"@id\":\"https:\\\/\\\/www.eldigitaldeasturias.com\\\/noticias\\\/la-fp-dual-tendra-unos-4000-alumnos-el-proximo-curso-en-andalucia\\\/#webpage\"},\"articleSection\":\"Actualidad\"},{\"@type\":\"BreadcrumbList\",\"@id\":\"https:\\\/\\\/www.eldigitaldeasturias.com\\\/noticias\\\/la-fp-dual-tendra-unos-4000-alumnos-el-proximo-curso-en-andalucia\\\/#breadcrumblist\",\"itemListElement\":[{\"@type\":\"ListItem\",\"@id\":\"https:\\\/\\\/www.eldigitaldeasturias.com\\\/noticias#listItem\",\"position\":1,\"name\":\"Home\",\"item\":\"https:\\\/\\\/www.eldigitaldeasturias.com\\\/noticias\",\"nextItem\":{\"@type\":\"ListItem\",\"@id\":\"https:\\\/\\\/www.eldigitaldeasturias.com\\\/noticias\\\/category\\\/actualidad\\\/#listItem\",\"name\":\"Actualidad\"}},{\"@type\":\"ListItem\",\"@id\":\"https:\\\/\\\/www.eldigitaldeasturias.com\\\/noticias\\\/category\\\/actualidad\\\/#listItem\",\"position\":2,\"name\":\"Actualidad\",\"item\":\"https:\\\/\\\/www.eldigitaldeasturias.com\\\/noticias\\\/category\\\/actualidad\\\/\",\"nextItem\":{\"@type\":\"ListItem\",\"@id\":\"https:\\\/\\\/www.eldigitaldeasturias.com\\\/noticias\\\/la-fp-dual-tendra-unos-4000-alumnos-el-proximo-curso-en-andalucia\\\/#listItem\",\"name\":\"La FP Dual tendr\\u00e1 unos 4000 alumnos el pr\\u00f3ximo curso en Andaluc\\u00eda\"},\"previousItem\":{\"@type\":\"ListItem\",\"@id\":\"https:\\\/\\\/www.eldigitaldeasturias.com\\\/noticias#listItem\",\"name\":\"Home\"}},{\"@type\":\"ListItem\",\"@id\":\"https:\\\/\\\/www.eldigitaldeasturias.com\\\/noticias\\\/la-fp-dual-tendra-unos-4000-alumnos-el-proximo-curso-en-andalucia\\\/#listItem\",\"position\":3,\"name\":\"La FP Dual tendr\\u00e1 unos 4000 alumnos el pr\\u00f3ximo curso en Andaluc\\u00eda\",\"previousItem\":{\"@type\":\"ListItem\",\"@id\":\"https:\\\/\\\/www.eldigitaldeasturias.com\\\/noticias\\\/category\\\/actualidad\\\/#listItem\",\"name\":\"Actualidad\"}}]},{\"@type\":\"Organization\",\"@id\":\"https:\\\/\\\/www.eldigitaldeasturias.com\\\/noticias\\\/#organization\",\"name\":\"El Digital de Asturias\",\"description\":\"Hemeroteca\",\"url\":\"https:\\\/\\\/www.eldigitaldeasturias.com\\\/noticias\\\/\",\"email\":\"info@eldigitaldeasturias.com\",\"telephone\":\"+34652131393\",\"logo\":{\"@type\":\"ImageObject\",\"url\":\"https:\\\/\\\/www.eldigitaldeasturias.com\\\/noticias\\\/wp-content\\\/uploads\\\/2020\\\/12\\\/EDA.jpg\",\"@id\":\"https:\\\/\\\/www.eldigitaldeasturias.com\\\/noticias\\\/la-fp-dual-tendra-unos-4000-alumnos-el-proximo-curso-en-andalucia\\\/#organizationLogo\"},\"image\":{\"@id\":\"https:\\\/\\\/www.eldigitaldeasturias.com\\\/noticias\\\/la-fp-dual-tendra-unos-4000-alumnos-el-proximo-curso-en-andalucia\\\/#organizationLogo\"},\"sameAs\":[\"https:\\\/\\\/facebook.com\\\/eldigitaldeasturias\",\"https:\\\/\\\/www.youtube.com\\\/channel\\\/UCZP-2wLEB9Rv6erhFmqVnvg\"],\"address\":{\"@id\":\"https:\\\/\\\/www.eldigitaldeasturias.com\\\/noticias\\\/#postaladdress\",\"@type\":\"PostalAddress\",\"streetAddress\":\"san antonio 4\",\"postalCode\":\"33430\",\"addressLocality\":\"Cand\\u00e1s\",\"addressRegion\":\"Asturias\",\"addressCountry\":\"ES\"}},{\"@type\":\"Person\",\"@id\":\"https:\\\/\\\/www.eldigitaldeasturias.com\\\/noticias\\\/author\\\/admin\\\/#author\",\"url\":\"https:\\\/\\\/www.eldigitaldeasturias.com\\\/noticias\\\/author\\\/admin\\\/\",\"name\":\"El Digital de Asturias\",\"image\":{\"@type\":\"ImageObject\",\"@id\":\"https:\\\/\\\/www.eldigitaldeasturias.com\\\/noticias\\\/la-fp-dual-tendra-unos-4000-alumnos-el-proximo-curso-en-andalucia\\\/#authorImage\",\"url\":\"https:\\\/\\\/secure.gravatar.com\\\/avatar\\\/df2aeffc32bcd13f8d26072ef8a91b623d677766deac7f97ca815868cd41bf5e?s=96&d=mm&r=g\",\"width\":96,\"height\":96,\"caption\":\"El Digital de Asturias\"}},{\"@type\":\"WebPage\",\"@id\":\"https:\\\/\\\/www.eldigitaldeasturias.com\\\/noticias\\\/la-fp-dual-tendra-unos-4000-alumnos-el-proximo-curso-en-andalucia\\\/#webpage\",\"url\":\"https:\\\/\\\/www.eldigitaldeasturias.com\\\/noticias\\\/la-fp-dual-tendra-unos-4000-alumnos-el-proximo-curso-en-andalucia\\\/\",\"name\":\"La FP Dual tendr\\u00e1 unos 4000 alumnos el pr\\u00f3ximo curso en Andaluc\\u00eda - El Digital de Asturias\",\"description\":\"La Formaci\\u00f3n Profesional Dual contin\\u00faa el pr\\u00f3ximo curso 2017-18 su crecimiento en Andaluc\\u00eda con cerca de 4.000 alumnos matriculados y la implicaci\\u00f3n de m\\u00e1s de 2.800 empresas. La apuesta por este modelo formativo, que combina la ense\\u00f1anza en los centros educativos con el aprendizaje en las propias compa\\u00f1\\u00edas o entidades del sector afines a los\",\"inLanguage\":\"es-ES\",\"isPartOf\":{\"@id\":\"https:\\\/\\\/www.eldigitaldeasturias.com\\\/noticias\\\/#website\"},\"breadcrumb\":{\"@id\":\"https:\\\/\\\/www.eldigitaldeasturias.com\\\/noticias\\\/la-fp-dual-tendra-unos-4000-alumnos-el-proximo-curso-en-andalucia\\\/#breadcrumblist\"},\"author\":{\"@id\":\"https:\\\/\\\/www.eldigitaldeasturias.com\\\/noticias\\\/author\\\/admin\\\/#author\"},\"creator\":{\"@id\":\"https:\\\/\\\/www.eldigitaldeasturias.com\\\/noticias\\\/author\\\/admin\\\/#author\"},\"image\":{\"@type\":\"ImageObject\",\"url\":951135,\"@id\":\"https:\\\/\\\/www.eldigitaldeasturias.com\\\/noticias\\\/la-fp-dual-tendra-unos-4000-alumnos-el-proximo-curso-en-andalucia\\\/#mainImage\"},\"primaryImageOfPage\":{\"@id\":\"https:\\\/\\\/www.eldigitaldeasturias.com\\\/noticias\\\/la-fp-dual-tendra-unos-4000-alumnos-el-proximo-curso-en-andalucia\\\/#mainImage\"},\"datePublished\":\"2017-08-28T22:30:25+02:00\",\"dateModified\":\"2017-08-28T22:30:25+02:00\"},{\"@type\":\"WebSite\",\"@id\":\"https:\\\/\\\/www.eldigitaldeasturias.com\\\/noticias\\\/#website\",\"url\":\"https:\\\/\\\/www.eldigitaldeasturias.com\\\/noticias\\\/\",\"name\":\"El Digital de Asturias - Diario de actualidad y noticias\",\"alternateName\":\"El Digital de Asturias - Diario de actualidad y noticias\",\"description\":\"Hemeroteca\",\"inLanguage\":\"es-ES\",\"publisher\":{\"@id\":\"https:\\\/\\\/www.eldigitaldeasturias.com\\\/noticias\\\/#organization\"}}]}\n\t\t<\/script>\n\t\t<!-- All in One SEO Pro -->\r\n\t\t<title>La FP Dual tendr\u00e1 unos 4000 alumnos el pr\u00f3ximo curso en Andaluc\u00eda - El Digital de Asturias<\/title>\n\n","aioseo_head_json":{"title":"La FP Dual tendr\u00e1 unos 4000 alumnos el pr\u00f3ximo curso en Andaluc\u00eda - El Digital de Asturias","description":"La Formaci\u00f3n Profesional Dual contin\u00faa el pr\u00f3ximo curso 2017-18 su crecimiento en Andaluc\u00eda con cerca de 4.000 alumnos matriculados y la implicaci\u00f3n de m\u00e1s de 2.800 empresas. La apuesta por este modelo formativo, que combina la ense\u00f1anza en los centros educativos con el aprendizaje en las propias compa\u00f1\u00edas o entidades del sector afines a los","canonical_url":"https:\/\/www.eldigitaldeasturias.com\/noticias\/la-fp-dual-tendra-unos-4000-alumnos-el-proximo-curso-en-andalucia\/","robots":"max-image-preview:large","keywords":"actualidad","webmasterTools":{"google-site-verification":"UA-38556648-1","msvalidate.01":"7dfe9f3f1b24437ab69f4f2559babe99","miscellaneous":""},"schema":{"@context":"https:\/\/schema.org","@graph":[{"@type":"BlogPosting","@id":"https:\/\/www.eldigitaldeasturias.com\/noticias\/la-fp-dual-tendra-unos-4000-alumnos-el-proximo-curso-en-andalucia\/#blogposting","name":"La FP Dual tendr\u00e1 unos 4000 alumnos el pr\u00f3ximo curso en Andaluc\u00eda - El Digital de Asturias","headline":"La FP Dual tendr\u00e1 unos 4000 alumnos el pr\u00f3ximo curso en Andaluc\u00eda","author":{"@id":"https:\/\/www.eldigitaldeasturias.com\/noticias\/author\/admin\/#author"},"publisher":{"@id":"https:\/\/www.eldigitaldeasturias.com\/noticias\/#organization"},"image":{"@type":"ImageObject","url":951135},"datePublished":"2017-08-28T22:30:25+02:00","dateModified":"2017-08-28T22:30:25+02:00","inLanguage":"es-ES","mainEntityOfPage":{"@id":"https:\/\/www.eldigitaldeasturias.com\/noticias\/la-fp-dual-tendra-unos-4000-alumnos-el-proximo-curso-en-andalucia\/#webpage"},"isPartOf":{"@id":"https:\/\/www.eldigitaldeasturias.com\/noticias\/la-fp-dual-tendra-unos-4000-alumnos-el-proximo-curso-en-andalucia\/#webpage"},"articleSection":"Actualidad"},{"@type":"BreadcrumbList","@id":"https:\/\/www.eldigitaldeasturias.com\/noticias\/la-fp-dual-tendra-unos-4000-alumnos-el-proximo-curso-en-andalucia\/#breadcrumblist","itemListElement":[{"@type":"ListItem","@id":"https:\/\/www.eldigitaldeasturias.com\/noticias#listItem","position":1,"name":"Home","item":"https:\/\/www.eldigitaldeasturias.com\/noticias","nextItem":{"@type":"ListItem","@id":"https:\/\/www.eldigitaldeasturias.com\/noticias\/category\/actualidad\/#listItem","name":"Actualidad"}},{"@type":"ListItem","@id":"https:\/\/www.eldigitaldeasturias.com\/noticias\/category\/actualidad\/#listItem","position":2,"name":"Actualidad","item":"https:\/\/www.eldigitaldeasturias.com\/noticias\/category\/actualidad\/","nextItem":{"@type":"ListItem","@id":"https:\/\/www.eldigitaldeasturias.com\/noticias\/la-fp-dual-tendra-unos-4000-alumnos-el-proximo-curso-en-andalucia\/#listItem","name":"La FP Dual tendr\u00e1 unos 4000 alumnos el pr\u00f3ximo curso en Andaluc\u00eda"},"previousItem":{"@type":"ListItem","@id":"https:\/\/www.eldigitaldeasturias.com\/noticias#listItem","name":"Home"}},{"@type":"ListItem","@id":"https:\/\/www.eldigitaldeasturias.com\/noticias\/la-fp-dual-tendra-unos-4000-alumnos-el-proximo-curso-en-andalucia\/#listItem","position":3,"name":"La FP Dual tendr\u00e1 unos 4000 alumnos el pr\u00f3ximo curso en Andaluc\u00eda","previousItem":{"@type":"ListItem","@id":"https:\/\/www.eldigitaldeasturias.com\/noticias\/category\/actualidad\/#listItem","name":"Actualidad"}}]},{"@type":"Organization","@id":"https:\/\/www.eldigitaldeasturias.com\/noticias\/#organization","name":"El Digital de Asturias","description":"Hemeroteca","url":"https:\/\/www.eldigitaldeasturias.com\/noticias\/","email":"info@eldigitaldeasturias.com","telephone":"+34652131393","logo":{"@type":"ImageObject","url":"https:\/\/www.eldigitaldeasturias.com\/noticias\/wp-content\/uploads\/2020\/12\/EDA.jpg","@id":"https:\/\/www.eldigitaldeasturias.com\/noticias\/la-fp-dual-tendra-unos-4000-alumnos-el-proximo-curso-en-andalucia\/#organizationLogo"},"image":{"@id":"https:\/\/www.eldigitaldeasturias.com\/noticias\/la-fp-dual-tendra-unos-4000-alumnos-el-proximo-curso-en-andalucia\/#organizationLogo"},"sameAs":["https:\/\/facebook.com\/eldigitaldeasturias","https:\/\/www.youtube.com\/channel\/UCZP-2wLEB9Rv6erhFmqVnvg"],"address":{"@id":"https:\/\/www.eldigitaldeasturias.com\/noticias\/#postaladdress","@type":"PostalAddress","streetAddress":"san antonio 4","postalCode":"33430","addressLocality":"Cand\u00e1s","addressRegion":"Asturias","addressCountry":"ES"}},{"@type":"Person","@id":"https:\/\/www.eldigitaldeasturias.com\/noticias\/author\/admin\/#author","url":"https:\/\/www.eldigitaldeasturias.com\/noticias\/author\/admin\/","name":"El Digital de Asturias","image":{"@type":"ImageObject","@id":"https:\/\/www.eldigitaldeasturias.com\/noticias\/la-fp-dual-tendra-unos-4000-alumnos-el-proximo-curso-en-andalucia\/#authorImage","url":"https:\/\/secure.gravatar.com\/avatar\/df2aeffc32bcd13f8d26072ef8a91b623d677766deac7f97ca815868cd41bf5e?s=96&d=mm&r=g","width":96,"height":96,"caption":"El Digital de Asturias"}},{"@type":"WebPage","@id":"https:\/\/www.eldigitaldeasturias.com\/noticias\/la-fp-dual-tendra-unos-4000-alumnos-el-proximo-curso-en-andalucia\/#webpage","url":"https:\/\/www.eldigitaldeasturias.com\/noticias\/la-fp-dual-tendra-unos-4000-alumnos-el-proximo-curso-en-andalucia\/","name":"La FP Dual tendr\u00e1 unos 4000 alumnos el pr\u00f3ximo curso en Andaluc\u00eda - El Digital de Asturias","description":"La Formaci\u00f3n Profesional Dual contin\u00faa el pr\u00f3ximo curso 2017-18 su crecimiento en Andaluc\u00eda con cerca de 4.000 alumnos matriculados y la implicaci\u00f3n de m\u00e1s de 2.800 empresas. La apuesta por este modelo formativo, que combina la ense\u00f1anza en los centros educativos con el aprendizaje en las propias compa\u00f1\u00edas o entidades del sector afines a los","inLanguage":"es-ES","isPartOf":{"@id":"https:\/\/www.eldigitaldeasturias.com\/noticias\/#website"},"breadcrumb":{"@id":"https:\/\/www.eldigitaldeasturias.com\/noticias\/la-fp-dual-tendra-unos-4000-alumnos-el-proximo-curso-en-andalucia\/#breadcrumblist"},"author":{"@id":"https:\/\/www.eldigitaldeasturias.com\/noticias\/author\/admin\/#author"},"creator":{"@id":"https:\/\/www.eldigitaldeasturias.com\/noticias\/author\/admin\/#author"},"image":{"@type":"ImageObject","url":951135,"@id":"https:\/\/www.eldigitaldeasturias.com\/noticias\/la-fp-dual-tendra-unos-4000-alumnos-el-proximo-curso-en-andalucia\/#mainImage"},"primaryImageOfPage":{"@id":"https:\/\/www.eldigitaldeasturias.com\/noticias\/la-fp-dual-tendra-unos-4000-alumnos-el-proximo-curso-en-andalucia\/#mainImage"},"datePublished":"2017-08-28T22:30:25+02:00","dateModified":"2017-08-28T22:30:25+02:00"},{"@type":"WebSite","@id":"https:\/\/www.eldigitaldeasturias.com\/noticias\/#website","url":"https:\/\/www.eldigitaldeasturias.com\/noticias\/","name":"El Digital de Asturias - Diario de actualidad y noticias","alternateName":"El Digital de Asturias - Diario de actualidad y noticias","description":"Hemeroteca","inLanguage":"es-ES","publisher":{"@id":"https:\/\/www.eldigitaldeasturias.com\/noticias\/#organization"}}]},"og:locale":"es_ES","og:site_name":"El Digital de Asturias","og:type":"article","og:title":"La FP Dual tendr\u00e1 unos 4000 alumnos el pr\u00f3ximo curso en Andaluc\u00eda - El Digital de Asturias","og:description":"La Formaci\u00f3n Profesional Dual contin\u00faa el pr\u00f3ximo curso 2017-18 su crecimiento en Andaluc\u00eda con cerca de 4.000 alumnos matriculados y la implicaci\u00f3n de m\u00e1s de 2.800 empresas. La apuesta por este modelo formativo, que combina la ense\u00f1anza en los centros educativos con el aprendizaje en las propias compa\u00f1\u00edas o entidades del sector afines a los","og:url":"https:\/\/www.eldigitaldeasturias.com\/noticias\/la-fp-dual-tendra-unos-4000-alumnos-el-proximo-curso-en-andalucia\/","article:tag":["actualidad"],"article:published_time":"2017-08-28T22:30:25+00:00","article:modified_time":"2017-08-28T22:30:25+00:00","article:publisher":"https:\/\/facebook.com\/eldigitaldeasturias","twitter:card":"summary_large_image","twitter:title":"La FP Dual tendr\u00e1 unos 4000 alumnos el pr\u00f3ximo curso en Andaluc\u00eda - El Digital de Asturias","twitter:description":"La Formaci\u00f3n Profesional Dual contin\u00faa el pr\u00f3ximo curso 2017-18 su crecimiento en Andaluc\u00eda con cerca de 4.000 alumnos matriculados y la implicaci\u00f3n de m\u00e1s de 2.800 empresas. La apuesta por este modelo formativo, que combina la ense\u00f1anza en los centros educativos con el aprendizaje en las propias compa\u00f1\u00edas o entidades del sector afines a los","twitter:image":"https:\/\/www.eldigitaldeasturias.com\/noticias\/wp-content\/uploads\/2020\/12\/EDA-1.jpg","twitter:label1":"Escrito por","twitter:data1":"El Digital de Asturias","twitter:label2":"Tiempo de lectura estimado","twitter:data2":"4 minutos"},"aioseo_meta_data":{"post_id":"951134","title":null,"description":null,"keywords":null,"keyphrases":null,"primary_term":null,"canonical_url":null,"og_title":null,"og_description":null,"og_object_type":"default","og_image_type":"default","og_image_url":null,"og_image_width":null,"og_image_height":null,"og_image_custom_url":null,"og_image_custom_fields":null,"og_video":null,"og_custom_url":null,"og_article_section":null,"og_article_tags":null,"twitter_use_og":false,"twitter_card":"default","twitter_image_type":"default","twitter_image_url":null,"twitter_image_custom_url":null,"twitter_image_custom_fields":null,"twitter_title":null,"twitter_description":null,"schema":{"blockGraphs":[],"customGraphs":[],"default":{"data":{"Article":[],"Course":[],"Dataset":[],"FAQPage":[],"Movie":[],"Person":[],"Product":[],"ProductReview":[],"Car":[],"Recipe":[],"Service":[],"SoftwareApplication":[],"WebPage":[]},"graphName":"","isEnabled":true},"graphs":[],"defaultGraph":"","defaultPostTypeGraph":""},"schema_type":null,"schema_type_options":null,"pillar_content":false,"robots_default":true,"robots_noindex":false,"robots_noarchive":false,"robots_nosnippet":false,"robots_nofollow":false,"robots_noimageindex":false,"robots_noodp":false,"robots_notranslate":false,"robots_max_snippet":null,"robots_max_videopreview":null,"robots_max_imagepreview":"large","priority":null,"frequency":null,"local_seo":null,"seo_analyzer_scan_date":"2025-12-05 18:14:09","breadcrumb_settings":null,"limit_modified_date":false,"open_ai":null,"ai":null,"created":"2020-12-21 12:58:24","updated":"2025-12-05 18:14:09","focus_keyword":null,"additional_keywords":null,"truseo_locale":null},"aioseo_breadcrumb":"<div class=\"aioseo-breadcrumbs\"><span class=\"aioseo-breadcrumb\">\n\t<a href=\"https:\/\/www.eldigitaldeasturias.com\/noticias\" title=\"Home\">Home<\/a>\n<\/span><span class=\"aioseo-breadcrumb-separator\">\u2013<\/span><span class=\"aioseo-breadcrumb\">\n\t<a href=\"https:\/\/www.eldigitaldeasturias.com\/noticias\/category\/actualidad\/\" title=\"Actualidad\">Actualidad<\/a>\n<\/span><span class=\"aioseo-breadcrumb-separator\">\u2013<\/span><span class=\"aioseo-breadcrumb\">\n\t<a href=\"https:\/\/www.eldigitaldeasturias.com\/noticias\/la-fp-dual-tendra-unos-4000-alumnos-el-proximo-curso-en-andalucia\/\" title=\"La FP Dual tendr\u00e1 unos 4000 alumnos el pr\u00f3ximo curso en Andaluc\u00eda\">La FP Dual tendr\u00e1 unos 4000 alumnos el pr\u00f3ximo curso en Andaluc\u00eda<\/a>\n<\/span><\/div>","aioseo_breadcrumb_json":[{"label":"Home","link":"https:\/\/www.eldigitaldeasturias.com\/noticias"},{"label":"Actualidad","link":"https:\/\/www.eldigitaldeasturias.com\/noticias\/category\/actualidad\/"},{"label":"La FP Dual tendr\u00e1 unos 4000 alumnos el pr\u00f3ximo curso en Andaluc\u00eda","link":"https:\/\/www.eldigitaldeasturias.com\/noticias\/la-fp-dual-tendra-unos-4000-alumnos-el-proximo-curso-en-andalucia\/"}],"_links":{"self":[{"href":"https:\/\/www.eldigitaldeasturias.com\/noticias\/wp-json\/wp\/v2\/posts\/951134","targetHints":{"allow":["GET"]}}],"collection":[{"href":"https:\/\/www.eldigitaldeasturias.com\/noticias\/wp-json\/wp\/v2\/posts"}],"about":[{"href":"https:\/\/www.eldigitaldeasturias.com\/noticias\/wp-json\/wp\/v2\/types\/post"}],"author":[{"embeddable":true,"href":"https:\/\/www.eldigitaldeasturias.com\/noticias\/wp-json\/wp\/v2\/users\/1"}],"replies":[{"embeddable":true,"href":"https:\/\/www.eldigitaldeasturias.com\/noticias\/wp-json\/wp\/v2\/comments?post=951134"}],"version-history":[{"count":0,"href":"https:\/\/www.eldigitaldeasturias.com\/noticias\/wp-json\/wp\/v2\/posts\/951134\/revisions"}],"wp:attachment":[{"href":"https:\/\/www.eldigitaldeasturias.com\/noticias\/wp-json\/wp\/v2\/media?parent=951134"}],"wp:term":[{"taxonomy":"category","embeddable":true,"href":"https:\/\/www.eldigitaldeasturias.com\/noticias\/wp-json\/wp\/v2\/categories?post=951134"},{"taxonomy":"post_tag","embeddable":true,"href":"https:\/\/www.eldigitaldeasturias.com\/noticias\/wp-json\/wp\/v2\/tags?post=951134"}],"curies":[{"name":"wp","href":"https:\/\/api.w.org\/{rel}","templated":true}]}}