{"id":951117,"date":"2017-08-28T22:14:30","date_gmt":"2017-08-28T22:14:30","guid":{"rendered":"http:\/\/www.eldigitaldeasturias.com\/noticias\/?p=951117"},"modified":"2017-08-28T22:14:30","modified_gmt":"2017-08-28T22:14:30","slug":"jose-fiscal-ha-visitado-las-obras-de-la-depuradora-del-bajo-guadalhorce","status":"publish","type":"post","link":"https:\/\/www.eldigitaldeasturias.com\/noticias\/jose-fiscal-ha-visitado-las-obras-de-la-depuradora-del-bajo-guadalhorce\/","title":{"rendered":"Jos\u00e9 Fiscal ha visitado las obras de la depuradora del Bajo Guadalhorce"},"content":{"rendered":"<p><img loading=\"lazy\" decoding=\"async\" class=\"alignleft size-medium wp-image-951118\" src=\"https:\/\/www.eldigitaldeasturias.com\/noticias\/wp-content\/uploads\/2017\/08\/1503489774213-360x228.jpg\" alt=\"\" width=\"360\" height=\"228\" \/>El consejero de Medio Ambiente y Ordenaci\u00f3n del Territorio, Jos\u00e9 Fiscal, ha destacado la importancia de las obras de la estaci\u00f3n de depuraci\u00f3n de aguas residuales (EDAR) del Bajo Guadalhorce, en la provincia de M\u00e1laga, ya que permitir\u00e1 que los municipios de Co\u00edn, \u00c1lora y Pizarra dispongan de las infraestructuras necesarias para cumplir con las exigencias de la Directiva de aguas de la Uni\u00f3n Europea.<\/p>\n<p>Esta actuaci\u00f3n, declarada de Inter\u00e9s de la Comunidad Aut\u00f3noma y financiadas con cargo al Canon de mejora de las infraestructuras hidr\u00e1ulicas, cuenta con un presupuesto de 7,5 millones de euros, a los que se suman los 6,5 millones de euros de inversi\u00f3n en la agrupaci\u00f3n de vertidos de estas localidades. El consejero ha afirmado que el municipio de Co\u00edn est\u00e1 incluido en uno de los procedimientos sancionadores que la UE tiene contra Espa\u00f1a por incumplimiento de la norma, por lo que est\u00e1 instalaci\u00f3n \u00abminimizar\u00e1\u00bb sus efectos.<\/p>\n<p>La futura EDAR, que beneficiar\u00e1 a 69.000 habitantes, contribuir\u00e1 a reducir el porcentaje de poblaci\u00f3n de la provincia de M\u00e1laga que a\u00fan no depura sus aguas correctamente -situado en el 8%-. Fiscal ha reiterado que \u00aba\u00fan queda mucho trabajo por hacer\u00bb, pero ha subrayado la labor de la Junta en esta materia.<\/p>\n<p>En este sentido, Fiscal ha recordado la reciente inauguraci\u00f3n de la EDAR de Gualdamansa, en Estepona, una instalaci\u00f3n que ha contado con una inversi\u00f3n 35 millones de euros, de los que la Junta de Andaluc\u00eda adelant\u00f3 para su ejecuci\u00f3n m\u00e1s de 30, que le han sido reingresados ya por el Estado y que est\u00e1 preparada para dar servicios a cerca de medio mill\u00f3n de ciudadanos. Esta infraestructura tratar\u00e1 las aguas residuales de la Costa del Sol Occidental (Estepona, Marbella, Benahav\u00eds e Ist\u00e1n).<\/p>\n<p>El titular de Medio Ambiente ha recalcado la necesidad de cooperaci\u00f3n de la Junta y el Gobierno central en esta tarea.\u00bbUna colaboraci\u00f3n que debe continuar para avanzar en las obras de Inter\u00e9s General del Estado\u00bb, ha apuntado. El pasado mes de julio se suscribi\u00f3 con el Ministerio de Agricultura, Pesca, Alimentaci\u00f3n y Medio Ambiente un nuevo protocolo de colaboraci\u00f3n por el que se definen las l\u00edneas a seguir entre ambas administraciones para el cumplimiento de la directiva europea sobre tratamiento de aguas residuales urbanas.<\/p>\n<p>En el marco de este acuerdo, se han comprometido 791 millones de euros para 149 actuaciones concretas en el marco de acci\u00f3n comunitaria 2014-2020, 16 de ellas en la provincia de M\u00e1laga. El Estado aportar\u00e1 231 millones del Programa Operativo de los fondos FEDER; y la Junta, a su vez, 561 millones.<\/p>\n<p>Adem\u00e1s, el consejero tambi\u00e9n se ha referido al acuerdo con los ayuntamientos de Alhaur\u00edn el Grande, C\u00e1rtama, Alhaur\u00edn de la Torre, M\u00e1laga y Torremolinos para la ubicaci\u00f3n y el modelo de gesti\u00f3n de la futura EDAR Norte de M\u00e1laga, con una inversi\u00f3n de 70 millones de euros.<\/p>\n<p>&nbsp;<\/p>\n<p>&nbsp;<\/p>\n","protected":false},"excerpt":{"rendered":"<p>El consejero de Medio Ambiente y Ordenaci\u00f3n del Territorio, Jos\u00e9 Fiscal, ha destacado la importancia de las obras de la estaci\u00f3n de depuraci\u00f3n de aguas residuales (EDAR) del Bajo Guadalhorce, en la provincia de M\u00e1laga, ya que permitir\u00e1 que los municipios de Co\u00edn, \u00c1lora y Pizarra dispongan de las infraestructuras necesarias para cumplir con las [&hellip;]<\/p>\n","protected":false},"author":1,"featured_media":951118,"comment_status":"closed","ping_status":"closed","sticky":false,"template":"","format":"standard","meta":{"footnotes":""},"categories":[1],"tags":[],"class_list":["post-951117","post","type-post","status-publish","format-standard","has-post-thumbnail","hentry","category-actualidad"],"aioseo_notices":[],"aioseo_head":"\n\t\t<!-- All in One SEO Pro 5.0.1 - aioseo.com -->\n\t<meta name=\"description\" content=\"El consejero de Medio Ambiente y Ordenaci\u00f3n del Territorio, Jos\u00e9 Fiscal, ha destacado la importancia de las obras de la estaci\u00f3n de depuraci\u00f3n de aguas residuales (EDAR) del Bajo Guadalhorce, en la provincia de M\u00e1laga, ya que permitir\u00e1 que los municipios de Co\u00edn, \u00c1lora y Pizarra dispongan de las infraestructuras necesarias para cumplir con las\" \/>\n\t<meta name=\"robots\" content=\"max-image-preview:large\" \/>\n\t<meta name=\"author\" content=\"El Digital de Asturias\"\/>\n\t<meta name=\"google-site-verification\" content=\"UA-38556648-1\" \/>\n\t<meta name=\"msvalidate.01\" content=\"7dfe9f3f1b24437ab69f4f2559babe99\" \/>\n\t<meta name=\"keywords\" content=\"actualidad\" \/>\n\t<link rel=\"canonical\" href=\"https:\/\/www.eldigitaldeasturias.com\/noticias\/jose-fiscal-ha-visitado-las-obras-de-la-depuradora-del-bajo-guadalhorce\/\" \/>\n\t<meta name=\"generator\" content=\"All in One SEO Pro (AIOSEO) 5.0.1\" \/>\n\t\t<meta property=\"og:locale\" content=\"es_ES\" \/>\n\t\t<meta property=\"og:site_name\" content=\"El Digital de Asturias\" \/>\n\t\t<meta property=\"og:type\" content=\"article\" \/>\n\t\t<meta property=\"og:title\" content=\"Jos\u00e9 Fiscal ha visitado las obras de la depuradora del Bajo Guadalhorce - El Digital de Asturias\" \/>\n\t\t<meta property=\"og:description\" content=\"El consejero de Medio Ambiente y Ordenaci\u00f3n del Territorio, Jos\u00e9 Fiscal, ha destacado la importancia de las obras de la estaci\u00f3n de depuraci\u00f3n de aguas residuales (EDAR) del Bajo Guadalhorce, en la provincia de M\u00e1laga, ya que permitir\u00e1 que los municipios de Co\u00edn, \u00c1lora y Pizarra dispongan de las infraestructuras necesarias para cumplir con las\" \/>\n\t\t<meta property=\"og:url\" content=\"https:\/\/www.eldigitaldeasturias.com\/noticias\/jose-fiscal-ha-visitado-las-obras-de-la-depuradora-del-bajo-guadalhorce\/\" \/>\n\t\t<meta property=\"article:tag\" content=\"actualidad\" \/>\n\t\t<meta property=\"article:published_time\" content=\"2017-08-28T22:14:30+00:00\" \/>\n\t\t<meta property=\"article:modified_time\" content=\"2017-08-28T22:14:30+00:00\" \/>\n\t\t<meta property=\"article:publisher\" content=\"https:\/\/facebook.com\/eldigitaldeasturias\" \/>\n\t\t<meta name=\"twitter:card\" content=\"summary_large_image\" \/>\n\t\t<meta name=\"twitter:title\" content=\"Jos\u00e9 Fiscal ha visitado las obras de la depuradora del Bajo Guadalhorce - El Digital de Asturias\" \/>\n\t\t<meta name=\"twitter:description\" content=\"El consejero de Medio Ambiente y Ordenaci\u00f3n del Territorio, Jos\u00e9 Fiscal, ha destacado la importancia de las obras de la estaci\u00f3n de depuraci\u00f3n de aguas residuales (EDAR) del Bajo Guadalhorce, en la provincia de M\u00e1laga, ya que permitir\u00e1 que los municipios de Co\u00edn, \u00c1lora y Pizarra dispongan de las infraestructuras necesarias para cumplir con las\" \/>\n\t\t<meta name=\"twitter:image\" content=\"https:\/\/www.eldigitaldeasturias.com\/noticias\/wp-content\/uploads\/2020\/12\/EDA-1.jpg\" \/>\n\t\t<meta name=\"twitter:label1\" content=\"Escrito por\" \/>\n\t\t<meta name=\"twitter:data1\" content=\"El Digital de Asturias\" \/>\n\t\t<meta name=\"twitter:label2\" content=\"Tiempo de lectura estimado\" \/>\n\t\t<meta name=\"twitter:data2\" content=\"3 minutos\" \/>\n\t\t<script type=\"application\/ld+json\" class=\"aioseo-schema\">\n\t\t\t{\"@context\":\"https:\\\/\\\/schema.org\",\"@graph\":[{\"@type\":\"BlogPosting\",\"@id\":\"https:\\\/\\\/www.eldigitaldeasturias.com\\\/noticias\\\/jose-fiscal-ha-visitado-las-obras-de-la-depuradora-del-bajo-guadalhorce\\\/#blogposting\",\"name\":\"Jos\\u00e9 Fiscal ha visitado las obras de la depuradora del Bajo Guadalhorce - El Digital de Asturias\",\"headline\":\"Jos\\u00e9 Fiscal ha visitado las obras de la depuradora del Bajo Guadalhorce\",\"author\":{\"@id\":\"https:\\\/\\\/www.eldigitaldeasturias.com\\\/noticias\\\/author\\\/admin\\\/#author\"},\"publisher\":{\"@id\":\"https:\\\/\\\/www.eldigitaldeasturias.com\\\/noticias\\\/#organization\"},\"image\":{\"@type\":\"ImageObject\",\"url\":951118},\"datePublished\":\"2017-08-28T22:14:30+02:00\",\"dateModified\":\"2017-08-28T22:14:30+02:00\",\"inLanguage\":\"es-ES\",\"mainEntityOfPage\":{\"@id\":\"https:\\\/\\\/www.eldigitaldeasturias.com\\\/noticias\\\/jose-fiscal-ha-visitado-las-obras-de-la-depuradora-del-bajo-guadalhorce\\\/#webpage\"},\"isPartOf\":{\"@id\":\"https:\\\/\\\/www.eldigitaldeasturias.com\\\/noticias\\\/jose-fiscal-ha-visitado-las-obras-de-la-depuradora-del-bajo-guadalhorce\\\/#webpage\"},\"articleSection\":\"Actualidad\"},{\"@type\":\"BreadcrumbList\",\"@id\":\"https:\\\/\\\/www.eldigitaldeasturias.com\\\/noticias\\\/jose-fiscal-ha-visitado-las-obras-de-la-depuradora-del-bajo-guadalhorce\\\/#breadcrumblist\",\"itemListElement\":[{\"@type\":\"ListItem\",\"@id\":\"https:\\\/\\\/www.eldigitaldeasturias.com\\\/noticias#listItem\",\"position\":1,\"name\":\"Home\",\"item\":\"https:\\\/\\\/www.eldigitaldeasturias.com\\\/noticias\",\"nextItem\":{\"@type\":\"ListItem\",\"@id\":\"https:\\\/\\\/www.eldigitaldeasturias.com\\\/noticias\\\/category\\\/actualidad\\\/#listItem\",\"name\":\"Actualidad\"}},{\"@type\":\"ListItem\",\"@id\":\"https:\\\/\\\/www.eldigitaldeasturias.com\\\/noticias\\\/category\\\/actualidad\\\/#listItem\",\"position\":2,\"name\":\"Actualidad\",\"item\":\"https:\\\/\\\/www.eldigitaldeasturias.com\\\/noticias\\\/category\\\/actualidad\\\/\",\"nextItem\":{\"@type\":\"ListItem\",\"@id\":\"https:\\\/\\\/www.eldigitaldeasturias.com\\\/noticias\\\/jose-fiscal-ha-visitado-las-obras-de-la-depuradora-del-bajo-guadalhorce\\\/#listItem\",\"name\":\"Jos\\u00e9 Fiscal ha visitado las obras de la depuradora del Bajo Guadalhorce\"},\"previousItem\":{\"@type\":\"ListItem\",\"@id\":\"https:\\\/\\\/www.eldigitaldeasturias.com\\\/noticias#listItem\",\"name\":\"Home\"}},{\"@type\":\"ListItem\",\"@id\":\"https:\\\/\\\/www.eldigitaldeasturias.com\\\/noticias\\\/jose-fiscal-ha-visitado-las-obras-de-la-depuradora-del-bajo-guadalhorce\\\/#listItem\",\"position\":3,\"name\":\"Jos\\u00e9 Fiscal ha visitado las obras de la depuradora del Bajo Guadalhorce\",\"previousItem\":{\"@type\":\"ListItem\",\"@id\":\"https:\\\/\\\/www.eldigitaldeasturias.com\\\/noticias\\\/category\\\/actualidad\\\/#listItem\",\"name\":\"Actualidad\"}}]},{\"@type\":\"Organization\",\"@id\":\"https:\\\/\\\/www.eldigitaldeasturias.com\\\/noticias\\\/#organization\",\"name\":\"El Digital de Asturias\",\"description\":\"Hemeroteca\",\"url\":\"https:\\\/\\\/www.eldigitaldeasturias.com\\\/noticias\\\/\",\"email\":\"info@eldigitaldeasturias.com\",\"telephone\":\"+34652131393\",\"logo\":{\"@type\":\"ImageObject\",\"url\":\"https:\\\/\\\/www.eldigitaldeasturias.com\\\/noticias\\\/wp-content\\\/uploads\\\/2020\\\/12\\\/EDA.jpg\",\"@id\":\"https:\\\/\\\/www.eldigitaldeasturias.com\\\/noticias\\\/jose-fiscal-ha-visitado-las-obras-de-la-depuradora-del-bajo-guadalhorce\\\/#organizationLogo\"},\"image\":{\"@id\":\"https:\\\/\\\/www.eldigitaldeasturias.com\\\/noticias\\\/jose-fiscal-ha-visitado-las-obras-de-la-depuradora-del-bajo-guadalhorce\\\/#organizationLogo\"},\"sameAs\":[\"https:\\\/\\\/facebook.com\\\/eldigitaldeasturias\",\"https:\\\/\\\/www.youtube.com\\\/channel\\\/UCZP-2wLEB9Rv6erhFmqVnvg\"],\"address\":{\"@id\":\"https:\\\/\\\/www.eldigitaldeasturias.com\\\/noticias\\\/#postaladdress\",\"@type\":\"PostalAddress\",\"streetAddress\":\"san antonio 4\",\"postalCode\":\"33430\",\"addressLocality\":\"Cand\\u00e1s\",\"addressRegion\":\"Asturias\",\"addressCountry\":\"ES\"}},{\"@type\":\"Person\",\"@id\":\"https:\\\/\\\/www.eldigitaldeasturias.com\\\/noticias\\\/author\\\/admin\\\/#author\",\"url\":\"https:\\\/\\\/www.eldigitaldeasturias.com\\\/noticias\\\/author\\\/admin\\\/\",\"name\":\"El Digital de Asturias\",\"image\":{\"@type\":\"ImageObject\",\"@id\":\"https:\\\/\\\/www.eldigitaldeasturias.com\\\/noticias\\\/jose-fiscal-ha-visitado-las-obras-de-la-depuradora-del-bajo-guadalhorce\\\/#authorImage\",\"url\":\"https:\\\/\\\/secure.gravatar.com\\\/avatar\\\/df2aeffc32bcd13f8d26072ef8a91b623d677766deac7f97ca815868cd41bf5e?s=96&d=mm&r=g\",\"width\":96,\"height\":96,\"caption\":\"El Digital de Asturias\"}},{\"@type\":\"WebPage\",\"@id\":\"https:\\\/\\\/www.eldigitaldeasturias.com\\\/noticias\\\/jose-fiscal-ha-visitado-las-obras-de-la-depuradora-del-bajo-guadalhorce\\\/#webpage\",\"url\":\"https:\\\/\\\/www.eldigitaldeasturias.com\\\/noticias\\\/jose-fiscal-ha-visitado-las-obras-de-la-depuradora-del-bajo-guadalhorce\\\/\",\"name\":\"Jos\\u00e9 Fiscal ha visitado las obras de la depuradora del Bajo Guadalhorce - El Digital de Asturias\",\"description\":\"El consejero de Medio Ambiente y Ordenaci\\u00f3n del Territorio, Jos\\u00e9 Fiscal, ha destacado la importancia de las obras de la estaci\\u00f3n de depuraci\\u00f3n de aguas residuales (EDAR) del Bajo Guadalhorce, en la provincia de M\\u00e1laga, ya que permitir\\u00e1 que los municipios de Co\\u00edn, \\u00c1lora y Pizarra dispongan de las infraestructuras necesarias para cumplir con las\",\"inLanguage\":\"es-ES\",\"isPartOf\":{\"@id\":\"https:\\\/\\\/www.eldigitaldeasturias.com\\\/noticias\\\/#website\"},\"breadcrumb\":{\"@id\":\"https:\\\/\\\/www.eldigitaldeasturias.com\\\/noticias\\\/jose-fiscal-ha-visitado-las-obras-de-la-depuradora-del-bajo-guadalhorce\\\/#breadcrumblist\"},\"author\":{\"@id\":\"https:\\\/\\\/www.eldigitaldeasturias.com\\\/noticias\\\/author\\\/admin\\\/#author\"},\"creator\":{\"@id\":\"https:\\\/\\\/www.eldigitaldeasturias.com\\\/noticias\\\/author\\\/admin\\\/#author\"},\"image\":{\"@type\":\"ImageObject\",\"url\":951118,\"@id\":\"https:\\\/\\\/www.eldigitaldeasturias.com\\\/noticias\\\/jose-fiscal-ha-visitado-las-obras-de-la-depuradora-del-bajo-guadalhorce\\\/#mainImage\"},\"primaryImageOfPage\":{\"@id\":\"https:\\\/\\\/www.eldigitaldeasturias.com\\\/noticias\\\/jose-fiscal-ha-visitado-las-obras-de-la-depuradora-del-bajo-guadalhorce\\\/#mainImage\"},\"datePublished\":\"2017-08-28T22:14:30+02:00\",\"dateModified\":\"2017-08-28T22:14:30+02:00\"},{\"@type\":\"WebSite\",\"@id\":\"https:\\\/\\\/www.eldigitaldeasturias.com\\\/noticias\\\/#website\",\"url\":\"https:\\\/\\\/www.eldigitaldeasturias.com\\\/noticias\\\/\",\"name\":\"El Digital de Asturias - Diario de actualidad y noticias\",\"alternateName\":\"El Digital de Asturias - Diario de actualidad y noticias\",\"description\":\"Hemeroteca\",\"inLanguage\":\"es-ES\",\"publisher\":{\"@id\":\"https:\\\/\\\/www.eldigitaldeasturias.com\\\/noticias\\\/#organization\"}}]}\n\t\t<\/script>\n\t\t<!-- All in One SEO Pro -->\r\n\t\t<title>Jos\u00e9 Fiscal ha visitado las obras de la depuradora del Bajo Guadalhorce - El Digital de Asturias<\/title>\n\n","aioseo_head_json":{"title":"Jos\u00e9 Fiscal ha visitado las obras de la depuradora del Bajo Guadalhorce - El Digital de Asturias","description":"El consejero de Medio Ambiente y Ordenaci\u00f3n del Territorio, Jos\u00e9 Fiscal, ha destacado la importancia de las obras de la estaci\u00f3n de depuraci\u00f3n de aguas residuales (EDAR) del Bajo Guadalhorce, en la provincia de M\u00e1laga, ya que permitir\u00e1 que los municipios de Co\u00edn, \u00c1lora y Pizarra dispongan de las infraestructuras necesarias para cumplir con las","canonical_url":"https:\/\/www.eldigitaldeasturias.com\/noticias\/jose-fiscal-ha-visitado-las-obras-de-la-depuradora-del-bajo-guadalhorce\/","robots":"max-image-preview:large","keywords":"actualidad","webmasterTools":{"google-site-verification":"UA-38556648-1","msvalidate.01":"7dfe9f3f1b24437ab69f4f2559babe99","miscellaneous":""},"schema":{"@context":"https:\/\/schema.org","@graph":[{"@type":"BlogPosting","@id":"https:\/\/www.eldigitaldeasturias.com\/noticias\/jose-fiscal-ha-visitado-las-obras-de-la-depuradora-del-bajo-guadalhorce\/#blogposting","name":"Jos\u00e9 Fiscal ha visitado las obras de la depuradora del Bajo Guadalhorce - El Digital de Asturias","headline":"Jos\u00e9 Fiscal ha visitado las obras de la depuradora del Bajo Guadalhorce","author":{"@id":"https:\/\/www.eldigitaldeasturias.com\/noticias\/author\/admin\/#author"},"publisher":{"@id":"https:\/\/www.eldigitaldeasturias.com\/noticias\/#organization"},"image":{"@type":"ImageObject","url":951118},"datePublished":"2017-08-28T22:14:30+02:00","dateModified":"2017-08-28T22:14:30+02:00","inLanguage":"es-ES","mainEntityOfPage":{"@id":"https:\/\/www.eldigitaldeasturias.com\/noticias\/jose-fiscal-ha-visitado-las-obras-de-la-depuradora-del-bajo-guadalhorce\/#webpage"},"isPartOf":{"@id":"https:\/\/www.eldigitaldeasturias.com\/noticias\/jose-fiscal-ha-visitado-las-obras-de-la-depuradora-del-bajo-guadalhorce\/#webpage"},"articleSection":"Actualidad"},{"@type":"BreadcrumbList","@id":"https:\/\/www.eldigitaldeasturias.com\/noticias\/jose-fiscal-ha-visitado-las-obras-de-la-depuradora-del-bajo-guadalhorce\/#breadcrumblist","itemListElement":[{"@type":"ListItem","@id":"https:\/\/www.eldigitaldeasturias.com\/noticias#listItem","position":1,"name":"Home","item":"https:\/\/www.eldigitaldeasturias.com\/noticias","nextItem":{"@type":"ListItem","@id":"https:\/\/www.eldigitaldeasturias.com\/noticias\/category\/actualidad\/#listItem","name":"Actualidad"}},{"@type":"ListItem","@id":"https:\/\/www.eldigitaldeasturias.com\/noticias\/category\/actualidad\/#listItem","position":2,"name":"Actualidad","item":"https:\/\/www.eldigitaldeasturias.com\/noticias\/category\/actualidad\/","nextItem":{"@type":"ListItem","@id":"https:\/\/www.eldigitaldeasturias.com\/noticias\/jose-fiscal-ha-visitado-las-obras-de-la-depuradora-del-bajo-guadalhorce\/#listItem","name":"Jos\u00e9 Fiscal ha visitado las obras de la depuradora del Bajo Guadalhorce"},"previousItem":{"@type":"ListItem","@id":"https:\/\/www.eldigitaldeasturias.com\/noticias#listItem","name":"Home"}},{"@type":"ListItem","@id":"https:\/\/www.eldigitaldeasturias.com\/noticias\/jose-fiscal-ha-visitado-las-obras-de-la-depuradora-del-bajo-guadalhorce\/#listItem","position":3,"name":"Jos\u00e9 Fiscal ha visitado las obras de la depuradora del Bajo Guadalhorce","previousItem":{"@type":"ListItem","@id":"https:\/\/www.eldigitaldeasturias.com\/noticias\/category\/actualidad\/#listItem","name":"Actualidad"}}]},{"@type":"Organization","@id":"https:\/\/www.eldigitaldeasturias.com\/noticias\/#organization","name":"El Digital de Asturias","description":"Hemeroteca","url":"https:\/\/www.eldigitaldeasturias.com\/noticias\/","email":"info@eldigitaldeasturias.com","telephone":"+34652131393","logo":{"@type":"ImageObject","url":"https:\/\/www.eldigitaldeasturias.com\/noticias\/wp-content\/uploads\/2020\/12\/EDA.jpg","@id":"https:\/\/www.eldigitaldeasturias.com\/noticias\/jose-fiscal-ha-visitado-las-obras-de-la-depuradora-del-bajo-guadalhorce\/#organizationLogo"},"image":{"@id":"https:\/\/www.eldigitaldeasturias.com\/noticias\/jose-fiscal-ha-visitado-las-obras-de-la-depuradora-del-bajo-guadalhorce\/#organizationLogo"},"sameAs":["https:\/\/facebook.com\/eldigitaldeasturias","https:\/\/www.youtube.com\/channel\/UCZP-2wLEB9Rv6erhFmqVnvg"],"address":{"@id":"https:\/\/www.eldigitaldeasturias.com\/noticias\/#postaladdress","@type":"PostalAddress","streetAddress":"san antonio 4","postalCode":"33430","addressLocality":"Cand\u00e1s","addressRegion":"Asturias","addressCountry":"ES"}},{"@type":"Person","@id":"https:\/\/www.eldigitaldeasturias.com\/noticias\/author\/admin\/#author","url":"https:\/\/www.eldigitaldeasturias.com\/noticias\/author\/admin\/","name":"El Digital de Asturias","image":{"@type":"ImageObject","@id":"https:\/\/www.eldigitaldeasturias.com\/noticias\/jose-fiscal-ha-visitado-las-obras-de-la-depuradora-del-bajo-guadalhorce\/#authorImage","url":"https:\/\/secure.gravatar.com\/avatar\/df2aeffc32bcd13f8d26072ef8a91b623d677766deac7f97ca815868cd41bf5e?s=96&d=mm&r=g","width":96,"height":96,"caption":"El Digital de Asturias"}},{"@type":"WebPage","@id":"https:\/\/www.eldigitaldeasturias.com\/noticias\/jose-fiscal-ha-visitado-las-obras-de-la-depuradora-del-bajo-guadalhorce\/#webpage","url":"https:\/\/www.eldigitaldeasturias.com\/noticias\/jose-fiscal-ha-visitado-las-obras-de-la-depuradora-del-bajo-guadalhorce\/","name":"Jos\u00e9 Fiscal ha visitado las obras de la depuradora del Bajo Guadalhorce - El Digital de Asturias","description":"El consejero de Medio Ambiente y Ordenaci\u00f3n del Territorio, Jos\u00e9 Fiscal, ha destacado la importancia de las obras de la estaci\u00f3n de depuraci\u00f3n de aguas residuales (EDAR) del Bajo Guadalhorce, en la provincia de M\u00e1laga, ya que permitir\u00e1 que los municipios de Co\u00edn, \u00c1lora y Pizarra dispongan de las infraestructuras necesarias para cumplir con las","inLanguage":"es-ES","isPartOf":{"@id":"https:\/\/www.eldigitaldeasturias.com\/noticias\/#website"},"breadcrumb":{"@id":"https:\/\/www.eldigitaldeasturias.com\/noticias\/jose-fiscal-ha-visitado-las-obras-de-la-depuradora-del-bajo-guadalhorce\/#breadcrumblist"},"author":{"@id":"https:\/\/www.eldigitaldeasturias.com\/noticias\/author\/admin\/#author"},"creator":{"@id":"https:\/\/www.eldigitaldeasturias.com\/noticias\/author\/admin\/#author"},"image":{"@type":"ImageObject","url":951118,"@id":"https:\/\/www.eldigitaldeasturias.com\/noticias\/jose-fiscal-ha-visitado-las-obras-de-la-depuradora-del-bajo-guadalhorce\/#mainImage"},"primaryImageOfPage":{"@id":"https:\/\/www.eldigitaldeasturias.com\/noticias\/jose-fiscal-ha-visitado-las-obras-de-la-depuradora-del-bajo-guadalhorce\/#mainImage"},"datePublished":"2017-08-28T22:14:30+02:00","dateModified":"2017-08-28T22:14:30+02:00"},{"@type":"WebSite","@id":"https:\/\/www.eldigitaldeasturias.com\/noticias\/#website","url":"https:\/\/www.eldigitaldeasturias.com\/noticias\/","name":"El Digital de Asturias - Diario de actualidad y noticias","alternateName":"El Digital de Asturias - Diario de actualidad y noticias","description":"Hemeroteca","inLanguage":"es-ES","publisher":{"@id":"https:\/\/www.eldigitaldeasturias.com\/noticias\/#organization"}}]},"og:locale":"es_ES","og:site_name":"El Digital de Asturias","og:type":"article","og:title":"Jos\u00e9 Fiscal ha visitado las obras de la depuradora del Bajo Guadalhorce - El Digital de Asturias","og:description":"El consejero de Medio Ambiente y Ordenaci\u00f3n del Territorio, Jos\u00e9 Fiscal, ha destacado la importancia de las obras de la estaci\u00f3n de depuraci\u00f3n de aguas residuales (EDAR) del Bajo Guadalhorce, en la provincia de M\u00e1laga, ya que permitir\u00e1 que los municipios de Co\u00edn, \u00c1lora y Pizarra dispongan de las infraestructuras necesarias para cumplir con las","og:url":"https:\/\/www.eldigitaldeasturias.com\/noticias\/jose-fiscal-ha-visitado-las-obras-de-la-depuradora-del-bajo-guadalhorce\/","article:tag":["actualidad"],"article:published_time":"2017-08-28T22:14:30+00:00","article:modified_time":"2017-08-28T22:14:30+00:00","article:publisher":"https:\/\/facebook.com\/eldigitaldeasturias","twitter:card":"summary_large_image","twitter:title":"Jos\u00e9 Fiscal ha visitado las obras de la depuradora del Bajo Guadalhorce - El Digital de Asturias","twitter:description":"El consejero de Medio Ambiente y Ordenaci\u00f3n del Territorio, Jos\u00e9 Fiscal, ha destacado la importancia de las obras de la estaci\u00f3n de depuraci\u00f3n de aguas residuales (EDAR) del Bajo Guadalhorce, en la provincia de M\u00e1laga, ya que permitir\u00e1 que los municipios de Co\u00edn, \u00c1lora y Pizarra dispongan de las infraestructuras necesarias para cumplir con las","twitter:image":"https:\/\/www.eldigitaldeasturias.com\/noticias\/wp-content\/uploads\/2020\/12\/EDA-1.jpg","twitter:label1":"Escrito por","twitter:data1":"El Digital de Asturias","twitter:label2":"Tiempo de lectura estimado","twitter:data2":"3 minutos"},"aioseo_meta_data":{"post_id":"951117","title":null,"description":null,"keywords":null,"keyphrases":null,"primary_term":null,"canonical_url":null,"og_title":null,"og_description":null,"og_object_type":"default","og_image_type":"default","og_image_url":null,"og_image_width":null,"og_image_height":null,"og_image_custom_url":null,"og_image_custom_fields":null,"og_video":null,"og_custom_url":null,"og_article_section":null,"og_article_tags":null,"twitter_use_og":false,"twitter_card":"default","twitter_image_type":"default","twitter_image_url":null,"twitter_image_custom_url":null,"twitter_image_custom_fields":null,"twitter_title":null,"twitter_description":null,"schema":{"blockGraphs":[],"customGraphs":[],"default":{"data":{"Article":[],"Course":[],"Dataset":[],"FAQPage":[],"Movie":[],"Person":[],"Product":[],"ProductReview":[],"Car":[],"Recipe":[],"Service":[],"SoftwareApplication":[],"WebPage":[]},"graphName":"","isEnabled":true},"graphs":[],"defaultGraph":"","defaultPostTypeGraph":""},"schema_type":null,"schema_type_options":null,"pillar_content":false,"robots_default":true,"robots_noindex":false,"robots_noarchive":false,"robots_nosnippet":false,"robots_nofollow":false,"robots_noimageindex":false,"robots_noodp":false,"robots_notranslate":false,"robots_max_snippet":null,"robots_max_videopreview":null,"robots_max_imagepreview":"large","priority":null,"frequency":null,"local_seo":null,"seo_analyzer_scan_date":"2025-12-05 18:10:12","breadcrumb_settings":null,"limit_modified_date":false,"open_ai":null,"ai":null,"created":"2020-12-21 12:58:24","updated":"2025-12-05 18:10:12","focus_keyword":null,"additional_keywords":null,"truseo_locale":null},"aioseo_breadcrumb":"<div class=\"aioseo-breadcrumbs\"><span class=\"aioseo-breadcrumb\">\n\t<a href=\"https:\/\/www.eldigitaldeasturias.com\/noticias\" title=\"Home\">Home<\/a>\n<\/span><span class=\"aioseo-breadcrumb-separator\">\u2013<\/span><span class=\"aioseo-breadcrumb\">\n\t<a href=\"https:\/\/www.eldigitaldeasturias.com\/noticias\/category\/actualidad\/\" title=\"Actualidad\">Actualidad<\/a>\n<\/span><span class=\"aioseo-breadcrumb-separator\">\u2013<\/span><span class=\"aioseo-breadcrumb\">\n\t<a href=\"https:\/\/www.eldigitaldeasturias.com\/noticias\/jose-fiscal-ha-visitado-las-obras-de-la-depuradora-del-bajo-guadalhorce\/\" title=\"Jos\u00e9 Fiscal ha visitado las obras de la depuradora del Bajo Guadalhorce\">Jos\u00e9 Fiscal ha visitado las obras de la depuradora del Bajo Guadalhorce<\/a>\n<\/span><\/div>","aioseo_breadcrumb_json":[{"label":"Home","link":"https:\/\/www.eldigitaldeasturias.com\/noticias"},{"label":"Actualidad","link":"https:\/\/www.eldigitaldeasturias.com\/noticias\/category\/actualidad\/"},{"label":"Jos\u00e9 Fiscal ha visitado las obras de la depuradora del Bajo Guadalhorce","link":"https:\/\/www.eldigitaldeasturias.com\/noticias\/jose-fiscal-ha-visitado-las-obras-de-la-depuradora-del-bajo-guadalhorce\/"}],"_links":{"self":[{"href":"https:\/\/www.eldigitaldeasturias.com\/noticias\/wp-json\/wp\/v2\/posts\/951117","targetHints":{"allow":["GET"]}}],"collection":[{"href":"https:\/\/www.eldigitaldeasturias.com\/noticias\/wp-json\/wp\/v2\/posts"}],"about":[{"href":"https:\/\/www.eldigitaldeasturias.com\/noticias\/wp-json\/wp\/v2\/types\/post"}],"author":[{"embeddable":true,"href":"https:\/\/www.eldigitaldeasturias.com\/noticias\/wp-json\/wp\/v2\/users\/1"}],"replies":[{"embeddable":true,"href":"https:\/\/www.eldigitaldeasturias.com\/noticias\/wp-json\/wp\/v2\/comments?post=951117"}],"version-history":[{"count":0,"href":"https:\/\/www.eldigitaldeasturias.com\/noticias\/wp-json\/wp\/v2\/posts\/951117\/revisions"}],"wp:attachment":[{"href":"https:\/\/www.eldigitaldeasturias.com\/noticias\/wp-json\/wp\/v2\/media?parent=951117"}],"wp:term":[{"taxonomy":"category","embeddable":true,"href":"https:\/\/www.eldigitaldeasturias.com\/noticias\/wp-json\/wp\/v2\/categories?post=951117"},{"taxonomy":"post_tag","embeddable":true,"href":"https:\/\/www.eldigitaldeasturias.com\/noticias\/wp-json\/wp\/v2\/tags?post=951117"}],"curies":[{"name":"wp","href":"https:\/\/api.w.org\/{rel}","templated":true}]}}