{"id":951108,"date":"2017-08-28T22:07:23","date_gmt":"2017-08-28T22:07:23","guid":{"rendered":"http:\/\/www.eldigitaldeasturias.com\/noticias\/?p=951108"},"modified":"2017-08-28T22:07:23","modified_gmt":"2017-08-28T22:07:23","slug":"el-registro-de-explotaciones-agrarias-y-forestales-en-plazo-de-informacion-publica","status":"publish","type":"post","link":"https:\/\/www.eldigitaldeasturias.com\/noticias\/el-registro-de-explotaciones-agrarias-y-forestales-en-plazo-de-informacion-publica\/","title":{"rendered":"El Registro de Explotaciones Agrarias y Forestales, en plazo de informaci\u00f3n p\u00fablica"},"content":{"rendered":"<p><img loading=\"lazy\" decoding=\"async\" class=\"alignleft size-medium wp-image-951109\" src=\"https:\/\/www.eldigitaldeasturias.com\/noticias\/wp-content\/uploads\/2017\/08\/1503490236874-360x270.jpg\" alt=\"\" width=\"360\" height=\"270\" \/>La Consejer\u00eda de Agricultura, Pesca y Desarrollo Rural, de acuerdo con la Consejer\u00eda de Medio Ambiente y Ordenaci\u00f3n del Territorio, ha abierto el plazo de informaci\u00f3n p\u00fablica del futuro decreto por el que se crea y regula el Registro de Explotaciones Agrarias y Forestales de Andaluc\u00eda (Reafa) y el Documento de Acompa\u00f1amiento del Transporte de productos agrarios y forestales. Las organizaciones, asociaciones y la ciudadan\u00eda en general podr\u00e1n presentar sus opiniones y aportaciones al documento desde el 24 de agosto hasta el 4 de octubre.<\/p>\n<p>El texto y los anexos pueden consultarse a trav\u00e9s del Portal de la Junta de Andaluc\u00eda. Las personas o entidades interesadas en participar en la redacci\u00f3n de este documento pueden enviar sus planteamientos a la direcci\u00f3n de correo electr\u00f3nico reafa.capder@juntadeandalucia.es. Es necesario indicar el nombre y apellidos, la raz\u00f3n social o la denominaci\u00f3n de la organizaci\u00f3n a la que representa. En el caso de organismos, entidades y colectivos interesados, deber\u00e1 adjuntarse, adem\u00e1s, la acreditaci\u00f3n de la constituci\u00f3n y representaci\u00f3n de los mismos. Tambi\u00e9n se podr\u00e1n presentar alegaciones en formato papel, a trav\u00e9s de los registros habituales.<\/p>\n<p>El objetivo del presente borrador de decreto es disponer, sobre la base del di\u00e1logo social y el consenso con todos los agentes implicados, de una regulaci\u00f3n normativa que permita, por una parte, registrar y caracterizar las explotaciones agrarias y forestales de la comunidad aut\u00f3noma y, por otra, avanzar en la seguridad y trazabilidad de los productos agrarios y forestales, en su primera fase de comercializaci\u00f3n.<\/p>\n<p>Con esta iniciativa, el Gobierno auton\u00f3mico pretende avanzar en la simplificaci\u00f3n administrativa, ya que la creaci\u00f3n de este registro de explotaciones implica la unificaci\u00f3n de otros cinco registros relacionados: el Registro de Titularidad Compartida de Andaluc\u00eda, sobre titularidad compartida de las explotaciones agrarias, y el Registro Vit\u00edcola de Andaluc\u00eda, por el que se establecen disposiciones de aplicaci\u00f3n del reglamento comunitario en lo que respecta al registro vit\u00edcola, a las declaraciones obligatorias y a la recopilaci\u00f3n de informaci\u00f3n para el seguimiento del mercado, a los documentos que acompa\u00f1an al transporte de productos y a los registros que se han de llevar en el sector vitivin\u00edcola.<\/p>\n<p>Los otros tres registros que aglutina son el Registro de Productores de Semillas y Plantas de Vivero de Andaluc\u00eda; el Registro de Establecimientos para el Sector de los Brotes y de las Semillas destinadas a su producci\u00f3n, por el que se regulan las condiciones de aplicaci\u00f3n de la normativa comunitaria en materia de autorizaci\u00f3n de establecimientos, higiene y trazabilidad, en el sector de los brotes y de las semillas destinadas a la producci\u00f3n de brotes; as\u00ed como el Registro General de la Producci\u00f3n Agr\u00edcola de Andaluc\u00eda, por el que se regulan las condiciones de aplicaci\u00f3n de la normativa comunitaria en materia de higiene en la producci\u00f3n primaria agr\u00edcola.<\/p>\n<p>Una vez que este decreto entre en vigor, quedar\u00e1n inscritas en el registro las explotaciones cuyos datos verificados y contrastados consten en alguno de los sistemas de informaci\u00f3n que se gestionan actualmente desde las consejer\u00edas de Agricultura, Pesca y Desarrollo Rural y Medio Ambiente y Ordenaci\u00f3n del Territorio. Se estima que en Andaluc\u00eda pueden existir unas 320.000 explotaciones agrarias y forestales, que deber\u00e1n incorporarse a este registro.<\/p>\n<p>La implantaci\u00f3n del Documento de Acompa\u00f1amiento del Transporte de productos agrarios y forestales, que ya existe para determinados sectores productivos (ganader\u00eda, semillas y plantas de vivero, organismos modificados gen\u00e9ticamente), supondr\u00e1 un cambio sustancial en la forma de organizar y controlar el transporte de este tipo de productos, mejorando la seguridad y la trazabilidad de las producciones.<\/p>\n<p>&nbsp;<\/p>\n","protected":false},"excerpt":{"rendered":"<p>La Consejer\u00eda de Agricultura, Pesca y Desarrollo Rural, de acuerdo con la Consejer\u00eda de Medio Ambiente y Ordenaci\u00f3n del Territorio, ha abierto el plazo de informaci\u00f3n p\u00fablica del futuro decreto por el que se crea y regula el Registro de Explotaciones Agrarias y Forestales de Andaluc\u00eda (Reafa) y el Documento de Acompa\u00f1amiento del Transporte de [&hellip;]<\/p>\n","protected":false},"author":1,"featured_media":951109,"comment_status":"closed","ping_status":"closed","sticky":false,"template":"","format":"standard","meta":{"footnotes":""},"categories":[1],"tags":[],"class_list":["post-951108","post","type-post","status-publish","format-standard","has-post-thumbnail","hentry","category-actualidad"],"aioseo_notices":[],"aioseo_head":"\n\t\t<!-- All in One SEO Pro 5.0.1 - aioseo.com -->\n\t<meta name=\"description\" content=\"La Consejer\u00eda de Agricultura, Pesca y Desarrollo Rural, de acuerdo con la Consejer\u00eda de Medio Ambiente y Ordenaci\u00f3n del Territorio, ha abierto el plazo de informaci\u00f3n p\u00fablica del futuro decreto por el que se crea y regula el Registro de Explotaciones Agrarias y Forestales de Andaluc\u00eda (Reafa) y el Documento de Acompa\u00f1amiento del Transporte de\" \/>\n\t<meta name=\"robots\" content=\"max-image-preview:large\" \/>\n\t<meta name=\"author\" content=\"El Digital de Asturias\"\/>\n\t<meta name=\"google-site-verification\" content=\"UA-38556648-1\" \/>\n\t<meta name=\"msvalidate.01\" content=\"7dfe9f3f1b24437ab69f4f2559babe99\" \/>\n\t<meta name=\"keywords\" content=\"actualidad\" \/>\n\t<link rel=\"canonical\" href=\"https:\/\/www.eldigitaldeasturias.com\/noticias\/el-registro-de-explotaciones-agrarias-y-forestales-en-plazo-de-informacion-publica\/\" \/>\n\t<meta name=\"generator\" content=\"All in One SEO Pro (AIOSEO) 5.0.1\" \/>\n\t\t<meta property=\"og:locale\" content=\"es_ES\" \/>\n\t\t<meta property=\"og:site_name\" content=\"El Digital de Asturias\" \/>\n\t\t<meta property=\"og:type\" content=\"article\" \/>\n\t\t<meta property=\"og:title\" content=\"El Registro de Explotaciones Agrarias y Forestales, en plazo de informaci\u00f3n p\u00fablica - El Digital de Asturias\" \/>\n\t\t<meta property=\"og:description\" content=\"La Consejer\u00eda de Agricultura, Pesca y Desarrollo Rural, de acuerdo con la Consejer\u00eda de Medio Ambiente y Ordenaci\u00f3n del Territorio, ha abierto el plazo de informaci\u00f3n p\u00fablica del futuro decreto por el que se crea y regula el Registro de Explotaciones Agrarias y Forestales de Andaluc\u00eda (Reafa) y el Documento de Acompa\u00f1amiento del Transporte de\" \/>\n\t\t<meta property=\"og:url\" content=\"https:\/\/www.eldigitaldeasturias.com\/noticias\/el-registro-de-explotaciones-agrarias-y-forestales-en-plazo-de-informacion-publica\/\" \/>\n\t\t<meta property=\"article:tag\" content=\"actualidad\" \/>\n\t\t<meta property=\"article:published_time\" content=\"2017-08-28T22:07:23+00:00\" \/>\n\t\t<meta property=\"article:modified_time\" content=\"2017-08-28T22:07:23+00:00\" \/>\n\t\t<meta property=\"article:publisher\" content=\"https:\/\/facebook.com\/eldigitaldeasturias\" \/>\n\t\t<meta name=\"twitter:card\" content=\"summary_large_image\" \/>\n\t\t<meta name=\"twitter:title\" content=\"El Registro de Explotaciones Agrarias y Forestales, en plazo de informaci\u00f3n p\u00fablica - El Digital de Asturias\" \/>\n\t\t<meta name=\"twitter:description\" content=\"La Consejer\u00eda de Agricultura, Pesca y Desarrollo Rural, de acuerdo con la Consejer\u00eda de Medio Ambiente y Ordenaci\u00f3n del Territorio, ha abierto el plazo de informaci\u00f3n p\u00fablica del futuro decreto por el que se crea y regula el Registro de Explotaciones Agrarias y Forestales de Andaluc\u00eda (Reafa) y el Documento de Acompa\u00f1amiento del Transporte de\" \/>\n\t\t<meta name=\"twitter:image\" content=\"https:\/\/www.eldigitaldeasturias.com\/noticias\/wp-content\/uploads\/2020\/12\/EDA-1.jpg\" \/>\n\t\t<meta name=\"twitter:label1\" content=\"Escrito por\" \/>\n\t\t<meta name=\"twitter:data1\" content=\"El Digital de Asturias\" \/>\n\t\t<meta name=\"twitter:label2\" content=\"Tiempo de lectura estimado\" \/>\n\t\t<meta name=\"twitter:data2\" content=\"3 minutos\" \/>\n\t\t<script type=\"application\/ld+json\" class=\"aioseo-schema\">\n\t\t\t{\"@context\":\"https:\\\/\\\/schema.org\",\"@graph\":[{\"@type\":\"BlogPosting\",\"@id\":\"https:\\\/\\\/www.eldigitaldeasturias.com\\\/noticias\\\/el-registro-de-explotaciones-agrarias-y-forestales-en-plazo-de-informacion-publica\\\/#blogposting\",\"name\":\"El Registro de Explotaciones Agrarias y Forestales, en plazo de informaci\\u00f3n p\\u00fablica - El Digital de Asturias\",\"headline\":\"El Registro de Explotaciones Agrarias y Forestales, en plazo de informaci\\u00f3n p\\u00fablica\",\"author\":{\"@id\":\"https:\\\/\\\/www.eldigitaldeasturias.com\\\/noticias\\\/author\\\/admin\\\/#author\"},\"publisher\":{\"@id\":\"https:\\\/\\\/www.eldigitaldeasturias.com\\\/noticias\\\/#organization\"},\"image\":{\"@type\":\"ImageObject\",\"url\":951109},\"datePublished\":\"2017-08-28T22:07:23+02:00\",\"dateModified\":\"2017-08-28T22:07:23+02:00\",\"inLanguage\":\"es-ES\",\"mainEntityOfPage\":{\"@id\":\"https:\\\/\\\/www.eldigitaldeasturias.com\\\/noticias\\\/el-registro-de-explotaciones-agrarias-y-forestales-en-plazo-de-informacion-publica\\\/#webpage\"},\"isPartOf\":{\"@id\":\"https:\\\/\\\/www.eldigitaldeasturias.com\\\/noticias\\\/el-registro-de-explotaciones-agrarias-y-forestales-en-plazo-de-informacion-publica\\\/#webpage\"},\"articleSection\":\"Actualidad\"},{\"@type\":\"BreadcrumbList\",\"@id\":\"https:\\\/\\\/www.eldigitaldeasturias.com\\\/noticias\\\/el-registro-de-explotaciones-agrarias-y-forestales-en-plazo-de-informacion-publica\\\/#breadcrumblist\",\"itemListElement\":[{\"@type\":\"ListItem\",\"@id\":\"https:\\\/\\\/www.eldigitaldeasturias.com\\\/noticias#listItem\",\"position\":1,\"name\":\"Home\",\"item\":\"https:\\\/\\\/www.eldigitaldeasturias.com\\\/noticias\",\"nextItem\":{\"@type\":\"ListItem\",\"@id\":\"https:\\\/\\\/www.eldigitaldeasturias.com\\\/noticias\\\/category\\\/actualidad\\\/#listItem\",\"name\":\"Actualidad\"}},{\"@type\":\"ListItem\",\"@id\":\"https:\\\/\\\/www.eldigitaldeasturias.com\\\/noticias\\\/category\\\/actualidad\\\/#listItem\",\"position\":2,\"name\":\"Actualidad\",\"item\":\"https:\\\/\\\/www.eldigitaldeasturias.com\\\/noticias\\\/category\\\/actualidad\\\/\",\"nextItem\":{\"@type\":\"ListItem\",\"@id\":\"https:\\\/\\\/www.eldigitaldeasturias.com\\\/noticias\\\/el-registro-de-explotaciones-agrarias-y-forestales-en-plazo-de-informacion-publica\\\/#listItem\",\"name\":\"El Registro de Explotaciones Agrarias y Forestales, en plazo de informaci\\u00f3n p\\u00fablica\"},\"previousItem\":{\"@type\":\"ListItem\",\"@id\":\"https:\\\/\\\/www.eldigitaldeasturias.com\\\/noticias#listItem\",\"name\":\"Home\"}},{\"@type\":\"ListItem\",\"@id\":\"https:\\\/\\\/www.eldigitaldeasturias.com\\\/noticias\\\/el-registro-de-explotaciones-agrarias-y-forestales-en-plazo-de-informacion-publica\\\/#listItem\",\"position\":3,\"name\":\"El Registro de Explotaciones Agrarias y Forestales, en plazo de informaci\\u00f3n p\\u00fablica\",\"previousItem\":{\"@type\":\"ListItem\",\"@id\":\"https:\\\/\\\/www.eldigitaldeasturias.com\\\/noticias\\\/category\\\/actualidad\\\/#listItem\",\"name\":\"Actualidad\"}}]},{\"@type\":\"Organization\",\"@id\":\"https:\\\/\\\/www.eldigitaldeasturias.com\\\/noticias\\\/#organization\",\"name\":\"El Digital de Asturias\",\"description\":\"Hemeroteca\",\"url\":\"https:\\\/\\\/www.eldigitaldeasturias.com\\\/noticias\\\/\",\"email\":\"info@eldigitaldeasturias.com\",\"telephone\":\"+34652131393\",\"logo\":{\"@type\":\"ImageObject\",\"url\":\"https:\\\/\\\/www.eldigitaldeasturias.com\\\/noticias\\\/wp-content\\\/uploads\\\/2020\\\/12\\\/EDA.jpg\",\"@id\":\"https:\\\/\\\/www.eldigitaldeasturias.com\\\/noticias\\\/el-registro-de-explotaciones-agrarias-y-forestales-en-plazo-de-informacion-publica\\\/#organizationLogo\"},\"image\":{\"@id\":\"https:\\\/\\\/www.eldigitaldeasturias.com\\\/noticias\\\/el-registro-de-explotaciones-agrarias-y-forestales-en-plazo-de-informacion-publica\\\/#organizationLogo\"},\"sameAs\":[\"https:\\\/\\\/facebook.com\\\/eldigitaldeasturias\",\"https:\\\/\\\/www.youtube.com\\\/channel\\\/UCZP-2wLEB9Rv6erhFmqVnvg\"],\"address\":{\"@id\":\"https:\\\/\\\/www.eldigitaldeasturias.com\\\/noticias\\\/#postaladdress\",\"@type\":\"PostalAddress\",\"streetAddress\":\"san antonio 4\",\"postalCode\":\"33430\",\"addressLocality\":\"Cand\\u00e1s\",\"addressRegion\":\"Asturias\",\"addressCountry\":\"ES\"}},{\"@type\":\"Person\",\"@id\":\"https:\\\/\\\/www.eldigitaldeasturias.com\\\/noticias\\\/author\\\/admin\\\/#author\",\"url\":\"https:\\\/\\\/www.eldigitaldeasturias.com\\\/noticias\\\/author\\\/admin\\\/\",\"name\":\"El Digital de Asturias\",\"image\":{\"@type\":\"ImageObject\",\"@id\":\"https:\\\/\\\/www.eldigitaldeasturias.com\\\/noticias\\\/el-registro-de-explotaciones-agrarias-y-forestales-en-plazo-de-informacion-publica\\\/#authorImage\",\"url\":\"https:\\\/\\\/secure.gravatar.com\\\/avatar\\\/df2aeffc32bcd13f8d26072ef8a91b623d677766deac7f97ca815868cd41bf5e?s=96&d=mm&r=g\",\"width\":96,\"height\":96,\"caption\":\"El Digital de Asturias\"}},{\"@type\":\"WebPage\",\"@id\":\"https:\\\/\\\/www.eldigitaldeasturias.com\\\/noticias\\\/el-registro-de-explotaciones-agrarias-y-forestales-en-plazo-de-informacion-publica\\\/#webpage\",\"url\":\"https:\\\/\\\/www.eldigitaldeasturias.com\\\/noticias\\\/el-registro-de-explotaciones-agrarias-y-forestales-en-plazo-de-informacion-publica\\\/\",\"name\":\"El Registro de Explotaciones Agrarias y Forestales, en plazo de informaci\\u00f3n p\\u00fablica - El Digital de Asturias\",\"description\":\"La Consejer\\u00eda de Agricultura, Pesca y Desarrollo Rural, de acuerdo con la Consejer\\u00eda de Medio Ambiente y Ordenaci\\u00f3n del Territorio, ha abierto el plazo de informaci\\u00f3n p\\u00fablica del futuro decreto por el que se crea y regula el Registro de Explotaciones Agrarias y Forestales de Andaluc\\u00eda (Reafa) y el Documento de Acompa\\u00f1amiento del Transporte de\",\"inLanguage\":\"es-ES\",\"isPartOf\":{\"@id\":\"https:\\\/\\\/www.eldigitaldeasturias.com\\\/noticias\\\/#website\"},\"breadcrumb\":{\"@id\":\"https:\\\/\\\/www.eldigitaldeasturias.com\\\/noticias\\\/el-registro-de-explotaciones-agrarias-y-forestales-en-plazo-de-informacion-publica\\\/#breadcrumblist\"},\"author\":{\"@id\":\"https:\\\/\\\/www.eldigitaldeasturias.com\\\/noticias\\\/author\\\/admin\\\/#author\"},\"creator\":{\"@id\":\"https:\\\/\\\/www.eldigitaldeasturias.com\\\/noticias\\\/author\\\/admin\\\/#author\"},\"image\":{\"@type\":\"ImageObject\",\"url\":951109,\"@id\":\"https:\\\/\\\/www.eldigitaldeasturias.com\\\/noticias\\\/el-registro-de-explotaciones-agrarias-y-forestales-en-plazo-de-informacion-publica\\\/#mainImage\"},\"primaryImageOfPage\":{\"@id\":\"https:\\\/\\\/www.eldigitaldeasturias.com\\\/noticias\\\/el-registro-de-explotaciones-agrarias-y-forestales-en-plazo-de-informacion-publica\\\/#mainImage\"},\"datePublished\":\"2017-08-28T22:07:23+02:00\",\"dateModified\":\"2017-08-28T22:07:23+02:00\"},{\"@type\":\"WebSite\",\"@id\":\"https:\\\/\\\/www.eldigitaldeasturias.com\\\/noticias\\\/#website\",\"url\":\"https:\\\/\\\/www.eldigitaldeasturias.com\\\/noticias\\\/\",\"name\":\"El Digital de Asturias - Diario de actualidad y noticias\",\"alternateName\":\"El Digital de Asturias - Diario de actualidad y noticias\",\"description\":\"Hemeroteca\",\"inLanguage\":\"es-ES\",\"publisher\":{\"@id\":\"https:\\\/\\\/www.eldigitaldeasturias.com\\\/noticias\\\/#organization\"}}]}\n\t\t<\/script>\n\t\t<!-- All in One SEO Pro -->\r\n\t\t<title>El Registro de Explotaciones Agrarias y Forestales, en plazo de informaci\u00f3n p\u00fablica - El Digital de Asturias<\/title>\n\n","aioseo_head_json":{"title":"El Registro de Explotaciones Agrarias y Forestales, en plazo de informaci\u00f3n p\u00fablica - El Digital de Asturias","description":"La Consejer\u00eda de Agricultura, Pesca y Desarrollo Rural, de acuerdo con la Consejer\u00eda de Medio Ambiente y Ordenaci\u00f3n del Territorio, ha abierto el plazo de informaci\u00f3n p\u00fablica del futuro decreto por el que se crea y regula el Registro de Explotaciones Agrarias y Forestales de Andaluc\u00eda (Reafa) y el Documento de Acompa\u00f1amiento del Transporte de","canonical_url":"https:\/\/www.eldigitaldeasturias.com\/noticias\/el-registro-de-explotaciones-agrarias-y-forestales-en-plazo-de-informacion-publica\/","robots":"max-image-preview:large","keywords":"actualidad","webmasterTools":{"google-site-verification":"UA-38556648-1","msvalidate.01":"7dfe9f3f1b24437ab69f4f2559babe99","miscellaneous":""},"schema":{"@context":"https:\/\/schema.org","@graph":[{"@type":"BlogPosting","@id":"https:\/\/www.eldigitaldeasturias.com\/noticias\/el-registro-de-explotaciones-agrarias-y-forestales-en-plazo-de-informacion-publica\/#blogposting","name":"El Registro de Explotaciones Agrarias y Forestales, en plazo de informaci\u00f3n p\u00fablica - El Digital de Asturias","headline":"El Registro de Explotaciones Agrarias y Forestales, en plazo de informaci\u00f3n p\u00fablica","author":{"@id":"https:\/\/www.eldigitaldeasturias.com\/noticias\/author\/admin\/#author"},"publisher":{"@id":"https:\/\/www.eldigitaldeasturias.com\/noticias\/#organization"},"image":{"@type":"ImageObject","url":951109},"datePublished":"2017-08-28T22:07:23+02:00","dateModified":"2017-08-28T22:07:23+02:00","inLanguage":"es-ES","mainEntityOfPage":{"@id":"https:\/\/www.eldigitaldeasturias.com\/noticias\/el-registro-de-explotaciones-agrarias-y-forestales-en-plazo-de-informacion-publica\/#webpage"},"isPartOf":{"@id":"https:\/\/www.eldigitaldeasturias.com\/noticias\/el-registro-de-explotaciones-agrarias-y-forestales-en-plazo-de-informacion-publica\/#webpage"},"articleSection":"Actualidad"},{"@type":"BreadcrumbList","@id":"https:\/\/www.eldigitaldeasturias.com\/noticias\/el-registro-de-explotaciones-agrarias-y-forestales-en-plazo-de-informacion-publica\/#breadcrumblist","itemListElement":[{"@type":"ListItem","@id":"https:\/\/www.eldigitaldeasturias.com\/noticias#listItem","position":1,"name":"Home","item":"https:\/\/www.eldigitaldeasturias.com\/noticias","nextItem":{"@type":"ListItem","@id":"https:\/\/www.eldigitaldeasturias.com\/noticias\/category\/actualidad\/#listItem","name":"Actualidad"}},{"@type":"ListItem","@id":"https:\/\/www.eldigitaldeasturias.com\/noticias\/category\/actualidad\/#listItem","position":2,"name":"Actualidad","item":"https:\/\/www.eldigitaldeasturias.com\/noticias\/category\/actualidad\/","nextItem":{"@type":"ListItem","@id":"https:\/\/www.eldigitaldeasturias.com\/noticias\/el-registro-de-explotaciones-agrarias-y-forestales-en-plazo-de-informacion-publica\/#listItem","name":"El Registro de Explotaciones Agrarias y Forestales, en plazo de informaci\u00f3n p\u00fablica"},"previousItem":{"@type":"ListItem","@id":"https:\/\/www.eldigitaldeasturias.com\/noticias#listItem","name":"Home"}},{"@type":"ListItem","@id":"https:\/\/www.eldigitaldeasturias.com\/noticias\/el-registro-de-explotaciones-agrarias-y-forestales-en-plazo-de-informacion-publica\/#listItem","position":3,"name":"El Registro de Explotaciones Agrarias y Forestales, en plazo de informaci\u00f3n p\u00fablica","previousItem":{"@type":"ListItem","@id":"https:\/\/www.eldigitaldeasturias.com\/noticias\/category\/actualidad\/#listItem","name":"Actualidad"}}]},{"@type":"Organization","@id":"https:\/\/www.eldigitaldeasturias.com\/noticias\/#organization","name":"El Digital de Asturias","description":"Hemeroteca","url":"https:\/\/www.eldigitaldeasturias.com\/noticias\/","email":"info@eldigitaldeasturias.com","telephone":"+34652131393","logo":{"@type":"ImageObject","url":"https:\/\/www.eldigitaldeasturias.com\/noticias\/wp-content\/uploads\/2020\/12\/EDA.jpg","@id":"https:\/\/www.eldigitaldeasturias.com\/noticias\/el-registro-de-explotaciones-agrarias-y-forestales-en-plazo-de-informacion-publica\/#organizationLogo"},"image":{"@id":"https:\/\/www.eldigitaldeasturias.com\/noticias\/el-registro-de-explotaciones-agrarias-y-forestales-en-plazo-de-informacion-publica\/#organizationLogo"},"sameAs":["https:\/\/facebook.com\/eldigitaldeasturias","https:\/\/www.youtube.com\/channel\/UCZP-2wLEB9Rv6erhFmqVnvg"],"address":{"@id":"https:\/\/www.eldigitaldeasturias.com\/noticias\/#postaladdress","@type":"PostalAddress","streetAddress":"san antonio 4","postalCode":"33430","addressLocality":"Cand\u00e1s","addressRegion":"Asturias","addressCountry":"ES"}},{"@type":"Person","@id":"https:\/\/www.eldigitaldeasturias.com\/noticias\/author\/admin\/#author","url":"https:\/\/www.eldigitaldeasturias.com\/noticias\/author\/admin\/","name":"El Digital de Asturias","image":{"@type":"ImageObject","@id":"https:\/\/www.eldigitaldeasturias.com\/noticias\/el-registro-de-explotaciones-agrarias-y-forestales-en-plazo-de-informacion-publica\/#authorImage","url":"https:\/\/secure.gravatar.com\/avatar\/df2aeffc32bcd13f8d26072ef8a91b623d677766deac7f97ca815868cd41bf5e?s=96&d=mm&r=g","width":96,"height":96,"caption":"El Digital de Asturias"}},{"@type":"WebPage","@id":"https:\/\/www.eldigitaldeasturias.com\/noticias\/el-registro-de-explotaciones-agrarias-y-forestales-en-plazo-de-informacion-publica\/#webpage","url":"https:\/\/www.eldigitaldeasturias.com\/noticias\/el-registro-de-explotaciones-agrarias-y-forestales-en-plazo-de-informacion-publica\/","name":"El Registro de Explotaciones Agrarias y Forestales, en plazo de informaci\u00f3n p\u00fablica - El Digital de Asturias","description":"La Consejer\u00eda de Agricultura, Pesca y Desarrollo Rural, de acuerdo con la Consejer\u00eda de Medio Ambiente y Ordenaci\u00f3n del Territorio, ha abierto el plazo de informaci\u00f3n p\u00fablica del futuro decreto por el que se crea y regula el Registro de Explotaciones Agrarias y Forestales de Andaluc\u00eda (Reafa) y el Documento de Acompa\u00f1amiento del Transporte de","inLanguage":"es-ES","isPartOf":{"@id":"https:\/\/www.eldigitaldeasturias.com\/noticias\/#website"},"breadcrumb":{"@id":"https:\/\/www.eldigitaldeasturias.com\/noticias\/el-registro-de-explotaciones-agrarias-y-forestales-en-plazo-de-informacion-publica\/#breadcrumblist"},"author":{"@id":"https:\/\/www.eldigitaldeasturias.com\/noticias\/author\/admin\/#author"},"creator":{"@id":"https:\/\/www.eldigitaldeasturias.com\/noticias\/author\/admin\/#author"},"image":{"@type":"ImageObject","url":951109,"@id":"https:\/\/www.eldigitaldeasturias.com\/noticias\/el-registro-de-explotaciones-agrarias-y-forestales-en-plazo-de-informacion-publica\/#mainImage"},"primaryImageOfPage":{"@id":"https:\/\/www.eldigitaldeasturias.com\/noticias\/el-registro-de-explotaciones-agrarias-y-forestales-en-plazo-de-informacion-publica\/#mainImage"},"datePublished":"2017-08-28T22:07:23+02:00","dateModified":"2017-08-28T22:07:23+02:00"},{"@type":"WebSite","@id":"https:\/\/www.eldigitaldeasturias.com\/noticias\/#website","url":"https:\/\/www.eldigitaldeasturias.com\/noticias\/","name":"El Digital de Asturias - Diario de actualidad y noticias","alternateName":"El Digital de Asturias - Diario de actualidad y noticias","description":"Hemeroteca","inLanguage":"es-ES","publisher":{"@id":"https:\/\/www.eldigitaldeasturias.com\/noticias\/#organization"}}]},"og:locale":"es_ES","og:site_name":"El Digital de Asturias","og:type":"article","og:title":"El Registro de Explotaciones Agrarias y Forestales, en plazo de informaci\u00f3n p\u00fablica - El Digital de Asturias","og:description":"La Consejer\u00eda de Agricultura, Pesca y Desarrollo Rural, de acuerdo con la Consejer\u00eda de Medio Ambiente y Ordenaci\u00f3n del Territorio, ha abierto el plazo de informaci\u00f3n p\u00fablica del futuro decreto por el que se crea y regula el Registro de Explotaciones Agrarias y Forestales de Andaluc\u00eda (Reafa) y el Documento de Acompa\u00f1amiento del Transporte de","og:url":"https:\/\/www.eldigitaldeasturias.com\/noticias\/el-registro-de-explotaciones-agrarias-y-forestales-en-plazo-de-informacion-publica\/","article:tag":["actualidad"],"article:published_time":"2017-08-28T22:07:23+00:00","article:modified_time":"2017-08-28T22:07:23+00:00","article:publisher":"https:\/\/facebook.com\/eldigitaldeasturias","twitter:card":"summary_large_image","twitter:title":"El Registro de Explotaciones Agrarias y Forestales, en plazo de informaci\u00f3n p\u00fablica - El Digital de Asturias","twitter:description":"La Consejer\u00eda de Agricultura, Pesca y Desarrollo Rural, de acuerdo con la Consejer\u00eda de Medio Ambiente y Ordenaci\u00f3n del Territorio, ha abierto el plazo de informaci\u00f3n p\u00fablica del futuro decreto por el que se crea y regula el Registro de Explotaciones Agrarias y Forestales de Andaluc\u00eda (Reafa) y el Documento de Acompa\u00f1amiento del Transporte de","twitter:image":"https:\/\/www.eldigitaldeasturias.com\/noticias\/wp-content\/uploads\/2020\/12\/EDA-1.jpg","twitter:label1":"Escrito por","twitter:data1":"El Digital de Asturias","twitter:label2":"Tiempo de lectura estimado","twitter:data2":"3 minutos"},"aioseo_meta_data":{"post_id":"951108","title":null,"description":null,"keywords":null,"keyphrases":null,"primary_term":null,"canonical_url":null,"og_title":null,"og_description":null,"og_object_type":"default","og_image_type":"default","og_image_url":null,"og_image_width":null,"og_image_height":null,"og_image_custom_url":null,"og_image_custom_fields":null,"og_video":null,"og_custom_url":null,"og_article_section":null,"og_article_tags":null,"twitter_use_og":false,"twitter_card":"default","twitter_image_type":"default","twitter_image_url":null,"twitter_image_custom_url":null,"twitter_image_custom_fields":null,"twitter_title":null,"twitter_description":null,"schema":{"blockGraphs":[],"customGraphs":[],"default":{"data":{"Article":[],"Course":[],"Dataset":[],"FAQPage":[],"Movie":[],"Person":[],"Product":[],"ProductReview":[],"Car":[],"Recipe":[],"Service":[],"SoftwareApplication":[],"WebPage":[]},"graphName":"","isEnabled":true},"graphs":[],"defaultGraph":"","defaultPostTypeGraph":""},"schema_type":null,"schema_type_options":null,"pillar_content":false,"robots_default":true,"robots_noindex":false,"robots_noarchive":false,"robots_nosnippet":false,"robots_nofollow":false,"robots_noimageindex":false,"robots_noodp":false,"robots_notranslate":false,"robots_max_snippet":null,"robots_max_videopreview":null,"robots_max_imagepreview":"large","priority":null,"frequency":null,"local_seo":null,"seo_analyzer_scan_date":"2025-12-05 18:10:10","breadcrumb_settings":null,"limit_modified_date":false,"open_ai":null,"ai":null,"created":"2020-12-21 12:58:24","updated":"2025-12-05 18:10:10","focus_keyword":null,"additional_keywords":null,"truseo_locale":null},"aioseo_breadcrumb":"<div class=\"aioseo-breadcrumbs\"><span class=\"aioseo-breadcrumb\">\n\t<a href=\"https:\/\/www.eldigitaldeasturias.com\/noticias\" title=\"Home\">Home<\/a>\n<\/span><span class=\"aioseo-breadcrumb-separator\">\u2013<\/span><span class=\"aioseo-breadcrumb\">\n\t<a href=\"https:\/\/www.eldigitaldeasturias.com\/noticias\/category\/actualidad\/\" title=\"Actualidad\">Actualidad<\/a>\n<\/span><span class=\"aioseo-breadcrumb-separator\">\u2013<\/span><span class=\"aioseo-breadcrumb\">\n\t<a href=\"https:\/\/www.eldigitaldeasturias.com\/noticias\/el-registro-de-explotaciones-agrarias-y-forestales-en-plazo-de-informacion-publica\/\" title=\"El Registro de Explotaciones Agrarias y Forestales, en plazo de informaci\u00f3n p\u00fablica\">El Registro de Explotaciones Agrarias y Forestales, en plazo de informaci\u00f3n p\u00fablica<\/a>\n<\/span><\/div>","aioseo_breadcrumb_json":[{"label":"Home","link":"https:\/\/www.eldigitaldeasturias.com\/noticias"},{"label":"Actualidad","link":"https:\/\/www.eldigitaldeasturias.com\/noticias\/category\/actualidad\/"},{"label":"El Registro de Explotaciones Agrarias y Forestales, en plazo de informaci\u00f3n p\u00fablica","link":"https:\/\/www.eldigitaldeasturias.com\/noticias\/el-registro-de-explotaciones-agrarias-y-forestales-en-plazo-de-informacion-publica\/"}],"_links":{"self":[{"href":"https:\/\/www.eldigitaldeasturias.com\/noticias\/wp-json\/wp\/v2\/posts\/951108","targetHints":{"allow":["GET"]}}],"collection":[{"href":"https:\/\/www.eldigitaldeasturias.com\/noticias\/wp-json\/wp\/v2\/posts"}],"about":[{"href":"https:\/\/www.eldigitaldeasturias.com\/noticias\/wp-json\/wp\/v2\/types\/post"}],"author":[{"embeddable":true,"href":"https:\/\/www.eldigitaldeasturias.com\/noticias\/wp-json\/wp\/v2\/users\/1"}],"replies":[{"embeddable":true,"href":"https:\/\/www.eldigitaldeasturias.com\/noticias\/wp-json\/wp\/v2\/comments?post=951108"}],"version-history":[{"count":0,"href":"https:\/\/www.eldigitaldeasturias.com\/noticias\/wp-json\/wp\/v2\/posts\/951108\/revisions"}],"wp:attachment":[{"href":"https:\/\/www.eldigitaldeasturias.com\/noticias\/wp-json\/wp\/v2\/media?parent=951108"}],"wp:term":[{"taxonomy":"category","embeddable":true,"href":"https:\/\/www.eldigitaldeasturias.com\/noticias\/wp-json\/wp\/v2\/categories?post=951108"},{"taxonomy":"post_tag","embeddable":true,"href":"https:\/\/www.eldigitaldeasturias.com\/noticias\/wp-json\/wp\/v2\/tags?post=951108"}],"curies":[{"name":"wp","href":"https:\/\/api.w.org\/{rel}","templated":true}]}}