{"id":951102,"date":"2017-08-28T22:03:24","date_gmt":"2017-08-28T22:03:24","guid":{"rendered":"http:\/\/www.eldigitaldeasturias.com\/noticias\/?p=951102"},"modified":"2017-08-28T22:03:24","modified_gmt":"2017-08-28T22:03:24","slug":"el-nuevo-colegio-de-burguillos-tendra-capacidad-para-675-alumnos","status":"publish","type":"post","link":"https:\/\/www.eldigitaldeasturias.com\/noticias\/el-nuevo-colegio-de-burguillos-tendra-capacidad-para-675-alumnos\/","title":{"rendered":"El nuevo colegio de Burguillos tendr\u00e1 capacidad para 675 alumnos"},"content":{"rendered":"<p><img loading=\"lazy\" decoding=\"async\" class=\"alignleft size-medium wp-image-951103\" src=\"https:\/\/www.eldigitaldeasturias.com\/noticias\/wp-content\/uploads\/2017\/08\/1503400468829-360x208.jpg\" alt=\"\" width=\"360\" height=\"208\" \/>La consejera de Educaci\u00f3n, Sonia Gaya, ha visitado en Burguillos (Sevilla) las obras de construcci\u00f3n del nuevo colegio de Educaci\u00f3n Infantil y Primaria, que se ultiman tras una inversi\u00f3n de 3.881.583 euros. El centro tendr\u00e1 capacidad para 675 alumnos y permitir\u00e1 retirar las aulas prefabricadas instaladas provisionalmente en el centro Manuel Medina de la localidad.<\/p>\n<p>Sonia Gaya ha destacado que Andaluc\u00eda cuenta este a\u00f1o con una inversi\u00f3n en infraestructuras educativas y equipamiento de 140,8 millones de euros, un 31,6% m\u00e1s que en 2016, y que junto a las intervenciones de construcci\u00f3n, ampliaci\u00f3n y mejora de centros, se incluye tambi\u00e9n obras del plan de retirada de amianto y de climatizaci\u00f3n.<\/p>\n<p>En la provincia de Sevilla, en concreto, la Consejer\u00eda ha programado 103 actuaciones en centros docentes durante este a\u00f1o 2017, lo que supone una inversi\u00f3n de m\u00e1s de 18,6 millones de euros.<\/p>\n<p>La consejera ha subrayado igualmente el esfuerzo realizado por la Junta para eliminar las aulas prefabricadas. De este modo, la Consejer\u00eda tiene previsto suprimir 181 de estas instalaciones temporales de los centros docentes p\u00fablicos andaluces a lo largo 2017, de las cuales 36 corresponden a la provincia de Sevilla.<\/p>\n<p>Durante el primer semestre del a\u00f1o se han retirado 58 aulas prefabricadas, y la previsi\u00f3n es que desde julio hasta final de 2017 se eliminen otras 123 hasta alcanzar las 181. Estos m\u00f3dulos se precisan para realizar en los centros obras de gran envergadura y con una duraci\u00f3n mayor a los periodos no lectivos, as\u00ed como para atender nuevas necesidades de escolarizaci\u00f3n sobrevenidas.<\/p>\n<p>El nuevo colegio de Burguillos es de tipolog\u00eda C3 (tres unidades por cada nivel educativo) y cuenta con m\u00e1s de 4.000 metros cuadrados construidos sobre una parcela de 12.000. La Consejer\u00eda espera poder iniciar el curso escolar ya en estas instalaciones, que ser\u00e1 un centro biling\u00fce y contar\u00e1 con servicio de comedor.<\/p>\n<p>La zona docente est\u00e1 compuesta por nueva aulas de Infantil con acceso directo a la zona de aseo y espacios comunes, 18 aulas polivalentes de Primaria y seis de peque\u00f1o grupo, as\u00ed como sala recursos, aulas de Inform\u00e1tica, taller de M\u00fasica, aula de Educaci\u00f3n Especial y aseos para el alumnado.<\/p>\n<p>El \u00e1rea de administraci\u00f3n dispone de despachos para la direcci\u00f3n, jefatura de estudios y secretar\u00eda, sala de profesorado con aseos, conserjer\u00eda y reprograf\u00eda, adem\u00e1s de dependencias para las asociaciones de madres y padres y del alumnado.<\/p>\n<p>El colegio tiene tambi\u00e9n comedor escolar con cocina de oficio, gimnasio con vestuarios, biblioteca, sal\u00f3n de usos m\u00faltiples, almac\u00e9n general y cuartos de limpieza, basura e instalaciones. En el exterior se ha construido un porche cubierto, una zona de juegos, dos pistas polideportivas, estacionamiento y huerto escolar.<\/p>\n<p>&nbsp;<\/p>\n","protected":false},"excerpt":{"rendered":"<p>La consejera de Educaci\u00f3n, Sonia Gaya, ha visitado en Burguillos (Sevilla) las obras de construcci\u00f3n del nuevo colegio de Educaci\u00f3n Infantil y Primaria, que se ultiman tras una inversi\u00f3n de 3.881.583 euros. El centro tendr\u00e1 capacidad para 675 alumnos y permitir\u00e1 retirar las aulas prefabricadas instaladas provisionalmente en el centro Manuel Medina de la localidad. [&hellip;]<\/p>\n","protected":false},"author":1,"featured_media":951103,"comment_status":"closed","ping_status":"closed","sticky":false,"template":"","format":"standard","meta":{"footnotes":""},"categories":[1],"tags":[],"class_list":["post-951102","post","type-post","status-publish","format-standard","has-post-thumbnail","hentry","category-actualidad"],"aioseo_notices":[],"aioseo_head":"\n\t\t<!-- All in One SEO Pro 5.0.1 - aioseo.com -->\n\t<meta name=\"description\" content=\"La consejera de Educaci\u00f3n, Sonia Gaya, ha visitado en Burguillos (Sevilla) las obras de construcci\u00f3n del nuevo colegio de Educaci\u00f3n Infantil y Primaria, que se ultiman tras una inversi\u00f3n de 3.881.583 euros. El centro tendr\u00e1 capacidad para 675 alumnos y permitir\u00e1 retirar las aulas prefabricadas instaladas provisionalmente en el centro Manuel Medina de la localidad.\" \/>\n\t<meta name=\"robots\" content=\"max-image-preview:large\" \/>\n\t<meta name=\"author\" content=\"El Digital de Asturias\"\/>\n\t<meta name=\"google-site-verification\" content=\"UA-38556648-1\" \/>\n\t<meta name=\"msvalidate.01\" content=\"7dfe9f3f1b24437ab69f4f2559babe99\" \/>\n\t<meta name=\"keywords\" content=\"actualidad\" \/>\n\t<link rel=\"canonical\" href=\"https:\/\/www.eldigitaldeasturias.com\/noticias\/el-nuevo-colegio-de-burguillos-tendra-capacidad-para-675-alumnos\/\" \/>\n\t<meta name=\"generator\" content=\"All in One SEO Pro (AIOSEO) 5.0.1\" \/>\n\t\t<meta property=\"og:locale\" content=\"es_ES\" \/>\n\t\t<meta property=\"og:site_name\" content=\"El Digital de Asturias\" \/>\n\t\t<meta property=\"og:type\" content=\"article\" \/>\n\t\t<meta property=\"og:title\" content=\"El nuevo colegio de Burguillos tendr\u00e1 capacidad para 675 alumnos - El Digital de Asturias\" \/>\n\t\t<meta property=\"og:description\" content=\"La consejera de Educaci\u00f3n, Sonia Gaya, ha visitado en Burguillos (Sevilla) las obras de construcci\u00f3n del nuevo colegio de Educaci\u00f3n Infantil y Primaria, que se ultiman tras una inversi\u00f3n de 3.881.583 euros. El centro tendr\u00e1 capacidad para 675 alumnos y permitir\u00e1 retirar las aulas prefabricadas instaladas provisionalmente en el centro Manuel Medina de la localidad.\" \/>\n\t\t<meta property=\"og:url\" content=\"https:\/\/www.eldigitaldeasturias.com\/noticias\/el-nuevo-colegio-de-burguillos-tendra-capacidad-para-675-alumnos\/\" \/>\n\t\t<meta property=\"article:tag\" content=\"actualidad\" \/>\n\t\t<meta property=\"article:published_time\" content=\"2017-08-28T22:03:24+00:00\" \/>\n\t\t<meta property=\"article:modified_time\" content=\"2017-08-28T22:03:24+00:00\" \/>\n\t\t<meta property=\"article:publisher\" content=\"https:\/\/facebook.com\/eldigitaldeasturias\" \/>\n\t\t<meta name=\"twitter:card\" content=\"summary_large_image\" \/>\n\t\t<meta name=\"twitter:title\" content=\"El nuevo colegio de Burguillos tendr\u00e1 capacidad para 675 alumnos - El Digital de Asturias\" \/>\n\t\t<meta name=\"twitter:description\" content=\"La consejera de Educaci\u00f3n, Sonia Gaya, ha visitado en Burguillos (Sevilla) las obras de construcci\u00f3n del nuevo colegio de Educaci\u00f3n Infantil y Primaria, que se ultiman tras una inversi\u00f3n de 3.881.583 euros. El centro tendr\u00e1 capacidad para 675 alumnos y permitir\u00e1 retirar las aulas prefabricadas instaladas provisionalmente en el centro Manuel Medina de la localidad.\" \/>\n\t\t<meta name=\"twitter:image\" content=\"https:\/\/www.eldigitaldeasturias.com\/noticias\/wp-content\/uploads\/2020\/12\/EDA-1.jpg\" \/>\n\t\t<meta name=\"twitter:label1\" content=\"Escrito por\" \/>\n\t\t<meta name=\"twitter:data1\" content=\"El Digital de Asturias\" \/>\n\t\t<meta name=\"twitter:label2\" content=\"Tiempo de lectura estimado\" \/>\n\t\t<meta name=\"twitter:data2\" content=\"2 minutos\" \/>\n\t\t<script type=\"application\/ld+json\" class=\"aioseo-schema\">\n\t\t\t{\"@context\":\"https:\\\/\\\/schema.org\",\"@graph\":[{\"@type\":\"BlogPosting\",\"@id\":\"https:\\\/\\\/www.eldigitaldeasturias.com\\\/noticias\\\/el-nuevo-colegio-de-burguillos-tendra-capacidad-para-675-alumnos\\\/#blogposting\",\"name\":\"El nuevo colegio de Burguillos tendr\\u00e1 capacidad para 675 alumnos - El Digital de Asturias\",\"headline\":\"El nuevo colegio de Burguillos tendr\\u00e1 capacidad para 675 alumnos\",\"author\":{\"@id\":\"https:\\\/\\\/www.eldigitaldeasturias.com\\\/noticias\\\/author\\\/admin\\\/#author\"},\"publisher\":{\"@id\":\"https:\\\/\\\/www.eldigitaldeasturias.com\\\/noticias\\\/#organization\"},\"image\":{\"@type\":\"ImageObject\",\"url\":951103},\"datePublished\":\"2017-08-28T22:03:24+02:00\",\"dateModified\":\"2017-08-28T22:03:24+02:00\",\"inLanguage\":\"es-ES\",\"mainEntityOfPage\":{\"@id\":\"https:\\\/\\\/www.eldigitaldeasturias.com\\\/noticias\\\/el-nuevo-colegio-de-burguillos-tendra-capacidad-para-675-alumnos\\\/#webpage\"},\"isPartOf\":{\"@id\":\"https:\\\/\\\/www.eldigitaldeasturias.com\\\/noticias\\\/el-nuevo-colegio-de-burguillos-tendra-capacidad-para-675-alumnos\\\/#webpage\"},\"articleSection\":\"Actualidad\"},{\"@type\":\"BreadcrumbList\",\"@id\":\"https:\\\/\\\/www.eldigitaldeasturias.com\\\/noticias\\\/el-nuevo-colegio-de-burguillos-tendra-capacidad-para-675-alumnos\\\/#breadcrumblist\",\"itemListElement\":[{\"@type\":\"ListItem\",\"@id\":\"https:\\\/\\\/www.eldigitaldeasturias.com\\\/noticias#listItem\",\"position\":1,\"name\":\"Home\",\"item\":\"https:\\\/\\\/www.eldigitaldeasturias.com\\\/noticias\",\"nextItem\":{\"@type\":\"ListItem\",\"@id\":\"https:\\\/\\\/www.eldigitaldeasturias.com\\\/noticias\\\/category\\\/actualidad\\\/#listItem\",\"name\":\"Actualidad\"}},{\"@type\":\"ListItem\",\"@id\":\"https:\\\/\\\/www.eldigitaldeasturias.com\\\/noticias\\\/category\\\/actualidad\\\/#listItem\",\"position\":2,\"name\":\"Actualidad\",\"item\":\"https:\\\/\\\/www.eldigitaldeasturias.com\\\/noticias\\\/category\\\/actualidad\\\/\",\"nextItem\":{\"@type\":\"ListItem\",\"@id\":\"https:\\\/\\\/www.eldigitaldeasturias.com\\\/noticias\\\/el-nuevo-colegio-de-burguillos-tendra-capacidad-para-675-alumnos\\\/#listItem\",\"name\":\"El nuevo colegio de Burguillos tendr\\u00e1 capacidad para 675 alumnos\"},\"previousItem\":{\"@type\":\"ListItem\",\"@id\":\"https:\\\/\\\/www.eldigitaldeasturias.com\\\/noticias#listItem\",\"name\":\"Home\"}},{\"@type\":\"ListItem\",\"@id\":\"https:\\\/\\\/www.eldigitaldeasturias.com\\\/noticias\\\/el-nuevo-colegio-de-burguillos-tendra-capacidad-para-675-alumnos\\\/#listItem\",\"position\":3,\"name\":\"El nuevo colegio de Burguillos tendr\\u00e1 capacidad para 675 alumnos\",\"previousItem\":{\"@type\":\"ListItem\",\"@id\":\"https:\\\/\\\/www.eldigitaldeasturias.com\\\/noticias\\\/category\\\/actualidad\\\/#listItem\",\"name\":\"Actualidad\"}}]},{\"@type\":\"Organization\",\"@id\":\"https:\\\/\\\/www.eldigitaldeasturias.com\\\/noticias\\\/#organization\",\"name\":\"El Digital de Asturias\",\"description\":\"Hemeroteca\",\"url\":\"https:\\\/\\\/www.eldigitaldeasturias.com\\\/noticias\\\/\",\"email\":\"info@eldigitaldeasturias.com\",\"telephone\":\"+34652131393\",\"logo\":{\"@type\":\"ImageObject\",\"url\":\"https:\\\/\\\/www.eldigitaldeasturias.com\\\/noticias\\\/wp-content\\\/uploads\\\/2020\\\/12\\\/EDA.jpg\",\"@id\":\"https:\\\/\\\/www.eldigitaldeasturias.com\\\/noticias\\\/el-nuevo-colegio-de-burguillos-tendra-capacidad-para-675-alumnos\\\/#organizationLogo\"},\"image\":{\"@id\":\"https:\\\/\\\/www.eldigitaldeasturias.com\\\/noticias\\\/el-nuevo-colegio-de-burguillos-tendra-capacidad-para-675-alumnos\\\/#organizationLogo\"},\"sameAs\":[\"https:\\\/\\\/facebook.com\\\/eldigitaldeasturias\",\"https:\\\/\\\/www.youtube.com\\\/channel\\\/UCZP-2wLEB9Rv6erhFmqVnvg\"],\"address\":{\"@id\":\"https:\\\/\\\/www.eldigitaldeasturias.com\\\/noticias\\\/#postaladdress\",\"@type\":\"PostalAddress\",\"streetAddress\":\"san antonio 4\",\"postalCode\":\"33430\",\"addressLocality\":\"Cand\\u00e1s\",\"addressRegion\":\"Asturias\",\"addressCountry\":\"ES\"}},{\"@type\":\"Person\",\"@id\":\"https:\\\/\\\/www.eldigitaldeasturias.com\\\/noticias\\\/author\\\/admin\\\/#author\",\"url\":\"https:\\\/\\\/www.eldigitaldeasturias.com\\\/noticias\\\/author\\\/admin\\\/\",\"name\":\"El Digital de Asturias\",\"image\":{\"@type\":\"ImageObject\",\"@id\":\"https:\\\/\\\/www.eldigitaldeasturias.com\\\/noticias\\\/el-nuevo-colegio-de-burguillos-tendra-capacidad-para-675-alumnos\\\/#authorImage\",\"url\":\"https:\\\/\\\/secure.gravatar.com\\\/avatar\\\/df2aeffc32bcd13f8d26072ef8a91b623d677766deac7f97ca815868cd41bf5e?s=96&d=mm&r=g\",\"width\":96,\"height\":96,\"caption\":\"El Digital de Asturias\"}},{\"@type\":\"WebPage\",\"@id\":\"https:\\\/\\\/www.eldigitaldeasturias.com\\\/noticias\\\/el-nuevo-colegio-de-burguillos-tendra-capacidad-para-675-alumnos\\\/#webpage\",\"url\":\"https:\\\/\\\/www.eldigitaldeasturias.com\\\/noticias\\\/el-nuevo-colegio-de-burguillos-tendra-capacidad-para-675-alumnos\\\/\",\"name\":\"El nuevo colegio de Burguillos tendr\\u00e1 capacidad para 675 alumnos - El Digital de Asturias\",\"description\":\"La consejera de Educaci\\u00f3n, Sonia Gaya, ha visitado en Burguillos (Sevilla) las obras de construcci\\u00f3n del nuevo colegio de Educaci\\u00f3n Infantil y Primaria, que se ultiman tras una inversi\\u00f3n de 3.881.583 euros. El centro tendr\\u00e1 capacidad para 675 alumnos y permitir\\u00e1 retirar las aulas prefabricadas instaladas provisionalmente en el centro Manuel Medina de la localidad.\",\"inLanguage\":\"es-ES\",\"isPartOf\":{\"@id\":\"https:\\\/\\\/www.eldigitaldeasturias.com\\\/noticias\\\/#website\"},\"breadcrumb\":{\"@id\":\"https:\\\/\\\/www.eldigitaldeasturias.com\\\/noticias\\\/el-nuevo-colegio-de-burguillos-tendra-capacidad-para-675-alumnos\\\/#breadcrumblist\"},\"author\":{\"@id\":\"https:\\\/\\\/www.eldigitaldeasturias.com\\\/noticias\\\/author\\\/admin\\\/#author\"},\"creator\":{\"@id\":\"https:\\\/\\\/www.eldigitaldeasturias.com\\\/noticias\\\/author\\\/admin\\\/#author\"},\"image\":{\"@type\":\"ImageObject\",\"url\":951103,\"@id\":\"https:\\\/\\\/www.eldigitaldeasturias.com\\\/noticias\\\/el-nuevo-colegio-de-burguillos-tendra-capacidad-para-675-alumnos\\\/#mainImage\"},\"primaryImageOfPage\":{\"@id\":\"https:\\\/\\\/www.eldigitaldeasturias.com\\\/noticias\\\/el-nuevo-colegio-de-burguillos-tendra-capacidad-para-675-alumnos\\\/#mainImage\"},\"datePublished\":\"2017-08-28T22:03:24+02:00\",\"dateModified\":\"2017-08-28T22:03:24+02:00\"},{\"@type\":\"WebSite\",\"@id\":\"https:\\\/\\\/www.eldigitaldeasturias.com\\\/noticias\\\/#website\",\"url\":\"https:\\\/\\\/www.eldigitaldeasturias.com\\\/noticias\\\/\",\"name\":\"El Digital de Asturias - Diario de actualidad y noticias\",\"alternateName\":\"El Digital de Asturias - Diario de actualidad y noticias\",\"description\":\"Hemeroteca\",\"inLanguage\":\"es-ES\",\"publisher\":{\"@id\":\"https:\\\/\\\/www.eldigitaldeasturias.com\\\/noticias\\\/#organization\"}}]}\n\t\t<\/script>\n\t\t<!-- All in One SEO Pro -->\r\n\t\t<title>El nuevo colegio de Burguillos tendr\u00e1 capacidad para 675 alumnos - El Digital de Asturias<\/title>\n\n","aioseo_head_json":{"title":"El nuevo colegio de Burguillos tendr\u00e1 capacidad para 675 alumnos - El Digital de Asturias","description":"La consejera de Educaci\u00f3n, Sonia Gaya, ha visitado en Burguillos (Sevilla) las obras de construcci\u00f3n del nuevo colegio de Educaci\u00f3n Infantil y Primaria, que se ultiman tras una inversi\u00f3n de 3.881.583 euros. El centro tendr\u00e1 capacidad para 675 alumnos y permitir\u00e1 retirar las aulas prefabricadas instaladas provisionalmente en el centro Manuel Medina de la localidad.","canonical_url":"https:\/\/www.eldigitaldeasturias.com\/noticias\/el-nuevo-colegio-de-burguillos-tendra-capacidad-para-675-alumnos\/","robots":"max-image-preview:large","keywords":"actualidad","webmasterTools":{"google-site-verification":"UA-38556648-1","msvalidate.01":"7dfe9f3f1b24437ab69f4f2559babe99","miscellaneous":""},"schema":{"@context":"https:\/\/schema.org","@graph":[{"@type":"BlogPosting","@id":"https:\/\/www.eldigitaldeasturias.com\/noticias\/el-nuevo-colegio-de-burguillos-tendra-capacidad-para-675-alumnos\/#blogposting","name":"El nuevo colegio de Burguillos tendr\u00e1 capacidad para 675 alumnos - El Digital de Asturias","headline":"El nuevo colegio de Burguillos tendr\u00e1 capacidad para 675 alumnos","author":{"@id":"https:\/\/www.eldigitaldeasturias.com\/noticias\/author\/admin\/#author"},"publisher":{"@id":"https:\/\/www.eldigitaldeasturias.com\/noticias\/#organization"},"image":{"@type":"ImageObject","url":951103},"datePublished":"2017-08-28T22:03:24+02:00","dateModified":"2017-08-28T22:03:24+02:00","inLanguage":"es-ES","mainEntityOfPage":{"@id":"https:\/\/www.eldigitaldeasturias.com\/noticias\/el-nuevo-colegio-de-burguillos-tendra-capacidad-para-675-alumnos\/#webpage"},"isPartOf":{"@id":"https:\/\/www.eldigitaldeasturias.com\/noticias\/el-nuevo-colegio-de-burguillos-tendra-capacidad-para-675-alumnos\/#webpage"},"articleSection":"Actualidad"},{"@type":"BreadcrumbList","@id":"https:\/\/www.eldigitaldeasturias.com\/noticias\/el-nuevo-colegio-de-burguillos-tendra-capacidad-para-675-alumnos\/#breadcrumblist","itemListElement":[{"@type":"ListItem","@id":"https:\/\/www.eldigitaldeasturias.com\/noticias#listItem","position":1,"name":"Home","item":"https:\/\/www.eldigitaldeasturias.com\/noticias","nextItem":{"@type":"ListItem","@id":"https:\/\/www.eldigitaldeasturias.com\/noticias\/category\/actualidad\/#listItem","name":"Actualidad"}},{"@type":"ListItem","@id":"https:\/\/www.eldigitaldeasturias.com\/noticias\/category\/actualidad\/#listItem","position":2,"name":"Actualidad","item":"https:\/\/www.eldigitaldeasturias.com\/noticias\/category\/actualidad\/","nextItem":{"@type":"ListItem","@id":"https:\/\/www.eldigitaldeasturias.com\/noticias\/el-nuevo-colegio-de-burguillos-tendra-capacidad-para-675-alumnos\/#listItem","name":"El nuevo colegio de Burguillos tendr\u00e1 capacidad para 675 alumnos"},"previousItem":{"@type":"ListItem","@id":"https:\/\/www.eldigitaldeasturias.com\/noticias#listItem","name":"Home"}},{"@type":"ListItem","@id":"https:\/\/www.eldigitaldeasturias.com\/noticias\/el-nuevo-colegio-de-burguillos-tendra-capacidad-para-675-alumnos\/#listItem","position":3,"name":"El nuevo colegio de Burguillos tendr\u00e1 capacidad para 675 alumnos","previousItem":{"@type":"ListItem","@id":"https:\/\/www.eldigitaldeasturias.com\/noticias\/category\/actualidad\/#listItem","name":"Actualidad"}}]},{"@type":"Organization","@id":"https:\/\/www.eldigitaldeasturias.com\/noticias\/#organization","name":"El Digital de Asturias","description":"Hemeroteca","url":"https:\/\/www.eldigitaldeasturias.com\/noticias\/","email":"info@eldigitaldeasturias.com","telephone":"+34652131393","logo":{"@type":"ImageObject","url":"https:\/\/www.eldigitaldeasturias.com\/noticias\/wp-content\/uploads\/2020\/12\/EDA.jpg","@id":"https:\/\/www.eldigitaldeasturias.com\/noticias\/el-nuevo-colegio-de-burguillos-tendra-capacidad-para-675-alumnos\/#organizationLogo"},"image":{"@id":"https:\/\/www.eldigitaldeasturias.com\/noticias\/el-nuevo-colegio-de-burguillos-tendra-capacidad-para-675-alumnos\/#organizationLogo"},"sameAs":["https:\/\/facebook.com\/eldigitaldeasturias","https:\/\/www.youtube.com\/channel\/UCZP-2wLEB9Rv6erhFmqVnvg"],"address":{"@id":"https:\/\/www.eldigitaldeasturias.com\/noticias\/#postaladdress","@type":"PostalAddress","streetAddress":"san antonio 4","postalCode":"33430","addressLocality":"Cand\u00e1s","addressRegion":"Asturias","addressCountry":"ES"}},{"@type":"Person","@id":"https:\/\/www.eldigitaldeasturias.com\/noticias\/author\/admin\/#author","url":"https:\/\/www.eldigitaldeasturias.com\/noticias\/author\/admin\/","name":"El Digital de Asturias","image":{"@type":"ImageObject","@id":"https:\/\/www.eldigitaldeasturias.com\/noticias\/el-nuevo-colegio-de-burguillos-tendra-capacidad-para-675-alumnos\/#authorImage","url":"https:\/\/secure.gravatar.com\/avatar\/df2aeffc32bcd13f8d26072ef8a91b623d677766deac7f97ca815868cd41bf5e?s=96&d=mm&r=g","width":96,"height":96,"caption":"El Digital de Asturias"}},{"@type":"WebPage","@id":"https:\/\/www.eldigitaldeasturias.com\/noticias\/el-nuevo-colegio-de-burguillos-tendra-capacidad-para-675-alumnos\/#webpage","url":"https:\/\/www.eldigitaldeasturias.com\/noticias\/el-nuevo-colegio-de-burguillos-tendra-capacidad-para-675-alumnos\/","name":"El nuevo colegio de Burguillos tendr\u00e1 capacidad para 675 alumnos - El Digital de Asturias","description":"La consejera de Educaci\u00f3n, Sonia Gaya, ha visitado en Burguillos (Sevilla) las obras de construcci\u00f3n del nuevo colegio de Educaci\u00f3n Infantil y Primaria, que se ultiman tras una inversi\u00f3n de 3.881.583 euros. El centro tendr\u00e1 capacidad para 675 alumnos y permitir\u00e1 retirar las aulas prefabricadas instaladas provisionalmente en el centro Manuel Medina de la localidad.","inLanguage":"es-ES","isPartOf":{"@id":"https:\/\/www.eldigitaldeasturias.com\/noticias\/#website"},"breadcrumb":{"@id":"https:\/\/www.eldigitaldeasturias.com\/noticias\/el-nuevo-colegio-de-burguillos-tendra-capacidad-para-675-alumnos\/#breadcrumblist"},"author":{"@id":"https:\/\/www.eldigitaldeasturias.com\/noticias\/author\/admin\/#author"},"creator":{"@id":"https:\/\/www.eldigitaldeasturias.com\/noticias\/author\/admin\/#author"},"image":{"@type":"ImageObject","url":951103,"@id":"https:\/\/www.eldigitaldeasturias.com\/noticias\/el-nuevo-colegio-de-burguillos-tendra-capacidad-para-675-alumnos\/#mainImage"},"primaryImageOfPage":{"@id":"https:\/\/www.eldigitaldeasturias.com\/noticias\/el-nuevo-colegio-de-burguillos-tendra-capacidad-para-675-alumnos\/#mainImage"},"datePublished":"2017-08-28T22:03:24+02:00","dateModified":"2017-08-28T22:03:24+02:00"},{"@type":"WebSite","@id":"https:\/\/www.eldigitaldeasturias.com\/noticias\/#website","url":"https:\/\/www.eldigitaldeasturias.com\/noticias\/","name":"El Digital de Asturias - Diario de actualidad y noticias","alternateName":"El Digital de Asturias - Diario de actualidad y noticias","description":"Hemeroteca","inLanguage":"es-ES","publisher":{"@id":"https:\/\/www.eldigitaldeasturias.com\/noticias\/#organization"}}]},"og:locale":"es_ES","og:site_name":"El Digital de Asturias","og:type":"article","og:title":"El nuevo colegio de Burguillos tendr\u00e1 capacidad para 675 alumnos - El Digital de Asturias","og:description":"La consejera de Educaci\u00f3n, Sonia Gaya, ha visitado en Burguillos (Sevilla) las obras de construcci\u00f3n del nuevo colegio de Educaci\u00f3n Infantil y Primaria, que se ultiman tras una inversi\u00f3n de 3.881.583 euros. El centro tendr\u00e1 capacidad para 675 alumnos y permitir\u00e1 retirar las aulas prefabricadas instaladas provisionalmente en el centro Manuel Medina de la localidad.","og:url":"https:\/\/www.eldigitaldeasturias.com\/noticias\/el-nuevo-colegio-de-burguillos-tendra-capacidad-para-675-alumnos\/","article:tag":["actualidad"],"article:published_time":"2017-08-28T22:03:24+00:00","article:modified_time":"2017-08-28T22:03:24+00:00","article:publisher":"https:\/\/facebook.com\/eldigitaldeasturias","twitter:card":"summary_large_image","twitter:title":"El nuevo colegio de Burguillos tendr\u00e1 capacidad para 675 alumnos - El Digital de Asturias","twitter:description":"La consejera de Educaci\u00f3n, Sonia Gaya, ha visitado en Burguillos (Sevilla) las obras de construcci\u00f3n del nuevo colegio de Educaci\u00f3n Infantil y Primaria, que se ultiman tras una inversi\u00f3n de 3.881.583 euros. El centro tendr\u00e1 capacidad para 675 alumnos y permitir\u00e1 retirar las aulas prefabricadas instaladas provisionalmente en el centro Manuel Medina de la localidad.","twitter:image":"https:\/\/www.eldigitaldeasturias.com\/noticias\/wp-content\/uploads\/2020\/12\/EDA-1.jpg","twitter:label1":"Escrito por","twitter:data1":"El Digital de Asturias","twitter:label2":"Tiempo de lectura estimado","twitter:data2":"2 minutos"},"aioseo_meta_data":{"post_id":"951102","title":null,"description":null,"keywords":null,"keyphrases":null,"primary_term":null,"canonical_url":null,"og_title":null,"og_description":null,"og_object_type":"default","og_image_type":"default","og_image_url":null,"og_image_width":null,"og_image_height":null,"og_image_custom_url":null,"og_image_custom_fields":null,"og_video":null,"og_custom_url":null,"og_article_section":null,"og_article_tags":null,"twitter_use_og":false,"twitter_card":"default","twitter_image_type":"default","twitter_image_url":null,"twitter_image_custom_url":null,"twitter_image_custom_fields":null,"twitter_title":null,"twitter_description":null,"schema":{"blockGraphs":[],"customGraphs":[],"default":{"data":{"Article":[],"Course":[],"Dataset":[],"FAQPage":[],"Movie":[],"Person":[],"Product":[],"ProductReview":[],"Car":[],"Recipe":[],"Service":[],"SoftwareApplication":[],"WebPage":[]},"graphName":"","isEnabled":true},"graphs":[],"defaultGraph":"","defaultPostTypeGraph":""},"schema_type":null,"schema_type_options":null,"pillar_content":false,"robots_default":true,"robots_noindex":false,"robots_noarchive":false,"robots_nosnippet":false,"robots_nofollow":false,"robots_noimageindex":false,"robots_noodp":false,"robots_notranslate":false,"robots_max_snippet":null,"robots_max_videopreview":null,"robots_max_imagepreview":"large","priority":null,"frequency":null,"local_seo":null,"seo_analyzer_scan_date":"2025-12-05 18:08:09","breadcrumb_settings":null,"limit_modified_date":false,"open_ai":null,"ai":null,"created":"2020-12-21 12:58:26","updated":"2025-12-05 18:08:09","focus_keyword":null,"additional_keywords":null,"truseo_locale":null},"aioseo_breadcrumb":"<div class=\"aioseo-breadcrumbs\"><span class=\"aioseo-breadcrumb\">\n\t<a href=\"https:\/\/www.eldigitaldeasturias.com\/noticias\" title=\"Home\">Home<\/a>\n<\/span><span class=\"aioseo-breadcrumb-separator\">\u2013<\/span><span class=\"aioseo-breadcrumb\">\n\t<a href=\"https:\/\/www.eldigitaldeasturias.com\/noticias\/category\/actualidad\/\" title=\"Actualidad\">Actualidad<\/a>\n<\/span><span class=\"aioseo-breadcrumb-separator\">\u2013<\/span><span class=\"aioseo-breadcrumb\">\n\t<a href=\"https:\/\/www.eldigitaldeasturias.com\/noticias\/el-nuevo-colegio-de-burguillos-tendra-capacidad-para-675-alumnos\/\" title=\"El nuevo colegio de Burguillos tendr\u00e1 capacidad para 675 alumnos\">El nuevo colegio de Burguillos tendr\u00e1 capacidad para 675 alumnos<\/a>\n<\/span><\/div>","aioseo_breadcrumb_json":[{"label":"Home","link":"https:\/\/www.eldigitaldeasturias.com\/noticias"},{"label":"Actualidad","link":"https:\/\/www.eldigitaldeasturias.com\/noticias\/category\/actualidad\/"},{"label":"El nuevo colegio de Burguillos tendr\u00e1 capacidad para 675 alumnos","link":"https:\/\/www.eldigitaldeasturias.com\/noticias\/el-nuevo-colegio-de-burguillos-tendra-capacidad-para-675-alumnos\/"}],"_links":{"self":[{"href":"https:\/\/www.eldigitaldeasturias.com\/noticias\/wp-json\/wp\/v2\/posts\/951102","targetHints":{"allow":["GET"]}}],"collection":[{"href":"https:\/\/www.eldigitaldeasturias.com\/noticias\/wp-json\/wp\/v2\/posts"}],"about":[{"href":"https:\/\/www.eldigitaldeasturias.com\/noticias\/wp-json\/wp\/v2\/types\/post"}],"author":[{"embeddable":true,"href":"https:\/\/www.eldigitaldeasturias.com\/noticias\/wp-json\/wp\/v2\/users\/1"}],"replies":[{"embeddable":true,"href":"https:\/\/www.eldigitaldeasturias.com\/noticias\/wp-json\/wp\/v2\/comments?post=951102"}],"version-history":[{"count":0,"href":"https:\/\/www.eldigitaldeasturias.com\/noticias\/wp-json\/wp\/v2\/posts\/951102\/revisions"}],"wp:attachment":[{"href":"https:\/\/www.eldigitaldeasturias.com\/noticias\/wp-json\/wp\/v2\/media?parent=951102"}],"wp:term":[{"taxonomy":"category","embeddable":true,"href":"https:\/\/www.eldigitaldeasturias.com\/noticias\/wp-json\/wp\/v2\/categories?post=951102"},{"taxonomy":"post_tag","embeddable":true,"href":"https:\/\/www.eldigitaldeasturias.com\/noticias\/wp-json\/wp\/v2\/tags?post=951102"}],"curies":[{"name":"wp","href":"https:\/\/api.w.org\/{rel}","templated":true}]}}