{"id":951046,"date":"2017-08-28T17:05:55","date_gmt":"2017-08-28T17:05:55","guid":{"rendered":"http:\/\/www.eldigitaldeasturias.com\/noticias\/?p=951046"},"modified":"2017-08-28T17:05:55","modified_gmt":"2017-08-28T17:05:55","slug":"el-banco-de-sangre-y-tejidos-de-aragon-organiza-una-semana-de-la-salud","status":"publish","type":"post","link":"https:\/\/www.eldigitaldeasturias.com\/noticias\/el-banco-de-sangre-y-tejidos-de-aragon-organiza-una-semana-de-la-salud\/","title":{"rendered":"El Banco de Sangre y Tejidos de Arag\u00f3n organiza una Semana de la Salud"},"content":{"rendered":"<p><img loading=\"lazy\" decoding=\"async\" class=\"alignleft size-medium wp-image-951047\" src=\"https:\/\/www.eldigitaldeasturias.com\/noticias\/wp-content\/uploads\/2017\/08\/ImagenNotaPrensa-360x159.png\" alt=\"\" width=\"360\" height=\"159\" \/>El Banco de Sangre y Tejidos de Arag\u00f3n, entidad p\u00fablica adscrita al Departamento de Sanidad, ha organizado una Semana de la Salud, que se celebrar\u00e1 en su sede del 11 al 15 de septiembre. El evento tiene como fin principal formar e informar a los donantes sobre diversas cuestiones de salud general, a la vez que se presenta ante el ciudadano como un centro de referencia para la donaci\u00f3n de sangre.<\/p>\n<p>Para ello, la entidad ha previsto un programa en el que se incluyen sesiones te\u00f3rico-pr\u00e1cticas sobre gesti\u00f3n del estr\u00e9s, musicoterapia, alimentaci\u00f3n saludable, espalda sana, ergonom\u00eda y salud del pie, ofrecidas gracias a la colaboraci\u00f3n de diferentes entidades y empresas.<\/p>\n<p>Por otra parte, la entidad p\u00fablica ofrecer\u00e1 el 11 de septiembre un encuentro con periodistas, con el fin de informarles sobre cuestiones clave de la informaci\u00f3n y promoci\u00f3n de la donaci\u00f3n de sangre, como cu\u00e1les son los agentes que intervienen en el proceso, difundir datos en situaciones de alerta o c\u00f3mo deben interpretarse los datos que se les proporcionan.<\/p>\n<p><strong>Evoluci\u00f3n de las donaciones<\/strong><\/p>\n<p>Durante las fechas estivales, las donaciones se han reducido con respecto a los primeros meses de 2017. A\u00fan as\u00ed, las reservas de sangre se encuentran en niveles muy similares a los del mismo periodo del anterior ejercicio, con 25.448 donaciones registradas desde el 1 de enero hasta el 31 de julio de 2017. La cifra positiva se encuentra en los nuevos donantes. De enero a julio, este dato se sit\u00faa en 3.165, 605 m\u00e1s que en el mismo periodo de 2016.<\/p>\n<p>Desde el Banco de Sangre y Tejidos de Arag\u00f3n destacan la necesidad de continuar con las donaciones de sangre en estas fechas en las que las reservas siempre se ven mermadas. El horario de donaci\u00f3n de la entidad, ubicada en la calle Ram\u00f3n Salanova 1, es de lunes a viernes de 8.00 a 21.00 horas y los s\u00e1bados de 8.30 a 14.00 horas. Adem\u00e1s, se puede donar en los hospitales Miguel Servet, Cl\u00ednico Lozano Blesa, San Jorge y Obispo Polanco y en los puntos m\u00f3viles, cuya agenda se publica en la web del organismo.<\/p>\n<p>&nbsp;<\/p>\n","protected":false},"excerpt":{"rendered":"<p>El Banco de Sangre y Tejidos de Arag\u00f3n, entidad p\u00fablica adscrita al Departamento de Sanidad, ha organizado una Semana de la Salud, que se celebrar\u00e1 en su sede del 11 al 15 de septiembre. El evento tiene como fin principal formar e informar a los donantes sobre diversas cuestiones de salud general, a la vez [&hellip;]<\/p>\n","protected":false},"author":1,"featured_media":951047,"comment_status":"closed","ping_status":"closed","sticky":false,"template":"","format":"standard","meta":{"footnotes":""},"categories":[1],"tags":[],"class_list":["post-951046","post","type-post","status-publish","format-standard","has-post-thumbnail","hentry","category-actualidad"],"aioseo_notices":[],"aioseo_head":"\n\t\t<!-- All in One SEO Pro 5.0.1 - aioseo.com -->\n\t<meta name=\"description\" content=\"El Banco de Sangre y Tejidos de Arag\u00f3n, entidad p\u00fablica adscrita al Departamento de Sanidad, ha organizado una Semana de la Salud, que se celebrar\u00e1 en su sede del 11 al 15 de septiembre. El evento tiene como fin principal formar e informar a los donantes sobre diversas cuestiones de salud general, a la vez\" \/>\n\t<meta name=\"robots\" content=\"max-image-preview:large\" \/>\n\t<meta name=\"author\" content=\"El Digital de Asturias\"\/>\n\t<meta name=\"google-site-verification\" content=\"UA-38556648-1\" \/>\n\t<meta name=\"msvalidate.01\" content=\"7dfe9f3f1b24437ab69f4f2559babe99\" \/>\n\t<meta name=\"keywords\" content=\"actualidad\" \/>\n\t<link rel=\"canonical\" href=\"https:\/\/www.eldigitaldeasturias.com\/noticias\/el-banco-de-sangre-y-tejidos-de-aragon-organiza-una-semana-de-la-salud\/\" \/>\n\t<meta name=\"generator\" content=\"All in One SEO Pro (AIOSEO) 5.0.1\" \/>\n\t\t<meta property=\"og:locale\" content=\"es_ES\" \/>\n\t\t<meta property=\"og:site_name\" content=\"El Digital de Asturias\" \/>\n\t\t<meta property=\"og:type\" content=\"article\" \/>\n\t\t<meta property=\"og:title\" content=\"El Banco de Sangre y Tejidos de Arag\u00f3n organiza una Semana de la Salud - El Digital de Asturias\" \/>\n\t\t<meta property=\"og:description\" content=\"El Banco de Sangre y Tejidos de Arag\u00f3n, entidad p\u00fablica adscrita al Departamento de Sanidad, ha organizado una Semana de la Salud, que se celebrar\u00e1 en su sede del 11 al 15 de septiembre. El evento tiene como fin principal formar e informar a los donantes sobre diversas cuestiones de salud general, a la vez\" \/>\n\t\t<meta property=\"og:url\" content=\"https:\/\/www.eldigitaldeasturias.com\/noticias\/el-banco-de-sangre-y-tejidos-de-aragon-organiza-una-semana-de-la-salud\/\" \/>\n\t\t<meta property=\"article:tag\" content=\"actualidad\" \/>\n\t\t<meta property=\"article:published_time\" content=\"2017-08-28T17:05:55+00:00\" \/>\n\t\t<meta property=\"article:modified_time\" content=\"2017-08-28T17:05:55+00:00\" \/>\n\t\t<meta property=\"article:publisher\" content=\"https:\/\/facebook.com\/eldigitaldeasturias\" \/>\n\t\t<meta name=\"twitter:card\" content=\"summary_large_image\" \/>\n\t\t<meta name=\"twitter:title\" content=\"El Banco de Sangre y Tejidos de Arag\u00f3n organiza una Semana de la Salud - El Digital de Asturias\" \/>\n\t\t<meta name=\"twitter:description\" content=\"El Banco de Sangre y Tejidos de Arag\u00f3n, entidad p\u00fablica adscrita al Departamento de Sanidad, ha organizado una Semana de la Salud, que se celebrar\u00e1 en su sede del 11 al 15 de septiembre. El evento tiene como fin principal formar e informar a los donantes sobre diversas cuestiones de salud general, a la vez\" \/>\n\t\t<meta name=\"twitter:image\" content=\"https:\/\/www.eldigitaldeasturias.com\/noticias\/wp-content\/uploads\/2020\/12\/EDA-1.jpg\" \/>\n\t\t<meta name=\"twitter:label1\" content=\"Escrito por\" \/>\n\t\t<meta name=\"twitter:data1\" content=\"El Digital de Asturias\" \/>\n\t\t<meta name=\"twitter:label2\" content=\"Tiempo de lectura estimado\" \/>\n\t\t<meta name=\"twitter:data2\" content=\"2 minutos\" \/>\n\t\t<script type=\"application\/ld+json\" class=\"aioseo-schema\">\n\t\t\t{\"@context\":\"https:\\\/\\\/schema.org\",\"@graph\":[{\"@type\":\"BlogPosting\",\"@id\":\"https:\\\/\\\/www.eldigitaldeasturias.com\\\/noticias\\\/el-banco-de-sangre-y-tejidos-de-aragon-organiza-una-semana-de-la-salud\\\/#blogposting\",\"name\":\"El Banco de Sangre y Tejidos de Arag\\u00f3n organiza una Semana de la Salud - El Digital de Asturias\",\"headline\":\"El Banco de Sangre y Tejidos de Arag\\u00f3n organiza una Semana de la Salud\",\"author\":{\"@id\":\"https:\\\/\\\/www.eldigitaldeasturias.com\\\/noticias\\\/author\\\/admin\\\/#author\"},\"publisher\":{\"@id\":\"https:\\\/\\\/www.eldigitaldeasturias.com\\\/noticias\\\/#organization\"},\"image\":{\"@type\":\"ImageObject\",\"url\":951047},\"datePublished\":\"2017-08-28T17:05:55+02:00\",\"dateModified\":\"2017-08-28T17:05:55+02:00\",\"inLanguage\":\"es-ES\",\"mainEntityOfPage\":{\"@id\":\"https:\\\/\\\/www.eldigitaldeasturias.com\\\/noticias\\\/el-banco-de-sangre-y-tejidos-de-aragon-organiza-una-semana-de-la-salud\\\/#webpage\"},\"isPartOf\":{\"@id\":\"https:\\\/\\\/www.eldigitaldeasturias.com\\\/noticias\\\/el-banco-de-sangre-y-tejidos-de-aragon-organiza-una-semana-de-la-salud\\\/#webpage\"},\"articleSection\":\"Actualidad\"},{\"@type\":\"BreadcrumbList\",\"@id\":\"https:\\\/\\\/www.eldigitaldeasturias.com\\\/noticias\\\/el-banco-de-sangre-y-tejidos-de-aragon-organiza-una-semana-de-la-salud\\\/#breadcrumblist\",\"itemListElement\":[{\"@type\":\"ListItem\",\"@id\":\"https:\\\/\\\/www.eldigitaldeasturias.com\\\/noticias#listItem\",\"position\":1,\"name\":\"Home\",\"item\":\"https:\\\/\\\/www.eldigitaldeasturias.com\\\/noticias\",\"nextItem\":{\"@type\":\"ListItem\",\"@id\":\"https:\\\/\\\/www.eldigitaldeasturias.com\\\/noticias\\\/category\\\/actualidad\\\/#listItem\",\"name\":\"Actualidad\"}},{\"@type\":\"ListItem\",\"@id\":\"https:\\\/\\\/www.eldigitaldeasturias.com\\\/noticias\\\/category\\\/actualidad\\\/#listItem\",\"position\":2,\"name\":\"Actualidad\",\"item\":\"https:\\\/\\\/www.eldigitaldeasturias.com\\\/noticias\\\/category\\\/actualidad\\\/\",\"nextItem\":{\"@type\":\"ListItem\",\"@id\":\"https:\\\/\\\/www.eldigitaldeasturias.com\\\/noticias\\\/el-banco-de-sangre-y-tejidos-de-aragon-organiza-una-semana-de-la-salud\\\/#listItem\",\"name\":\"El Banco de Sangre y Tejidos de Arag\\u00f3n organiza una Semana de la Salud\"},\"previousItem\":{\"@type\":\"ListItem\",\"@id\":\"https:\\\/\\\/www.eldigitaldeasturias.com\\\/noticias#listItem\",\"name\":\"Home\"}},{\"@type\":\"ListItem\",\"@id\":\"https:\\\/\\\/www.eldigitaldeasturias.com\\\/noticias\\\/el-banco-de-sangre-y-tejidos-de-aragon-organiza-una-semana-de-la-salud\\\/#listItem\",\"position\":3,\"name\":\"El Banco de Sangre y Tejidos de Arag\\u00f3n organiza una Semana de la Salud\",\"previousItem\":{\"@type\":\"ListItem\",\"@id\":\"https:\\\/\\\/www.eldigitaldeasturias.com\\\/noticias\\\/category\\\/actualidad\\\/#listItem\",\"name\":\"Actualidad\"}}]},{\"@type\":\"Organization\",\"@id\":\"https:\\\/\\\/www.eldigitaldeasturias.com\\\/noticias\\\/#organization\",\"name\":\"El Digital de Asturias\",\"description\":\"Hemeroteca\",\"url\":\"https:\\\/\\\/www.eldigitaldeasturias.com\\\/noticias\\\/\",\"email\":\"info@eldigitaldeasturias.com\",\"telephone\":\"+34652131393\",\"logo\":{\"@type\":\"ImageObject\",\"url\":\"https:\\\/\\\/www.eldigitaldeasturias.com\\\/noticias\\\/wp-content\\\/uploads\\\/2020\\\/12\\\/EDA.jpg\",\"@id\":\"https:\\\/\\\/www.eldigitaldeasturias.com\\\/noticias\\\/el-banco-de-sangre-y-tejidos-de-aragon-organiza-una-semana-de-la-salud\\\/#organizationLogo\"},\"image\":{\"@id\":\"https:\\\/\\\/www.eldigitaldeasturias.com\\\/noticias\\\/el-banco-de-sangre-y-tejidos-de-aragon-organiza-una-semana-de-la-salud\\\/#organizationLogo\"},\"sameAs\":[\"https:\\\/\\\/facebook.com\\\/eldigitaldeasturias\",\"https:\\\/\\\/www.youtube.com\\\/channel\\\/UCZP-2wLEB9Rv6erhFmqVnvg\"],\"address\":{\"@id\":\"https:\\\/\\\/www.eldigitaldeasturias.com\\\/noticias\\\/#postaladdress\",\"@type\":\"PostalAddress\",\"streetAddress\":\"san antonio 4\",\"postalCode\":\"33430\",\"addressLocality\":\"Cand\\u00e1s\",\"addressRegion\":\"Asturias\",\"addressCountry\":\"ES\"}},{\"@type\":\"Person\",\"@id\":\"https:\\\/\\\/www.eldigitaldeasturias.com\\\/noticias\\\/author\\\/admin\\\/#author\",\"url\":\"https:\\\/\\\/www.eldigitaldeasturias.com\\\/noticias\\\/author\\\/admin\\\/\",\"name\":\"El Digital de Asturias\",\"image\":{\"@type\":\"ImageObject\",\"@id\":\"https:\\\/\\\/www.eldigitaldeasturias.com\\\/noticias\\\/el-banco-de-sangre-y-tejidos-de-aragon-organiza-una-semana-de-la-salud\\\/#authorImage\",\"url\":\"https:\\\/\\\/secure.gravatar.com\\\/avatar\\\/df2aeffc32bcd13f8d26072ef8a91b623d677766deac7f97ca815868cd41bf5e?s=96&d=mm&r=g\",\"width\":96,\"height\":96,\"caption\":\"El Digital de Asturias\"}},{\"@type\":\"WebPage\",\"@id\":\"https:\\\/\\\/www.eldigitaldeasturias.com\\\/noticias\\\/el-banco-de-sangre-y-tejidos-de-aragon-organiza-una-semana-de-la-salud\\\/#webpage\",\"url\":\"https:\\\/\\\/www.eldigitaldeasturias.com\\\/noticias\\\/el-banco-de-sangre-y-tejidos-de-aragon-organiza-una-semana-de-la-salud\\\/\",\"name\":\"El Banco de Sangre y Tejidos de Arag\\u00f3n organiza una Semana de la Salud - El Digital de Asturias\",\"description\":\"El Banco de Sangre y Tejidos de Arag\\u00f3n, entidad p\\u00fablica adscrita al Departamento de Sanidad, ha organizado una Semana de la Salud, que se celebrar\\u00e1 en su sede del 11 al 15 de septiembre. El evento tiene como fin principal formar e informar a los donantes sobre diversas cuestiones de salud general, a la vez\",\"inLanguage\":\"es-ES\",\"isPartOf\":{\"@id\":\"https:\\\/\\\/www.eldigitaldeasturias.com\\\/noticias\\\/#website\"},\"breadcrumb\":{\"@id\":\"https:\\\/\\\/www.eldigitaldeasturias.com\\\/noticias\\\/el-banco-de-sangre-y-tejidos-de-aragon-organiza-una-semana-de-la-salud\\\/#breadcrumblist\"},\"author\":{\"@id\":\"https:\\\/\\\/www.eldigitaldeasturias.com\\\/noticias\\\/author\\\/admin\\\/#author\"},\"creator\":{\"@id\":\"https:\\\/\\\/www.eldigitaldeasturias.com\\\/noticias\\\/author\\\/admin\\\/#author\"},\"image\":{\"@type\":\"ImageObject\",\"url\":951047,\"@id\":\"https:\\\/\\\/www.eldigitaldeasturias.com\\\/noticias\\\/el-banco-de-sangre-y-tejidos-de-aragon-organiza-una-semana-de-la-salud\\\/#mainImage\"},\"primaryImageOfPage\":{\"@id\":\"https:\\\/\\\/www.eldigitaldeasturias.com\\\/noticias\\\/el-banco-de-sangre-y-tejidos-de-aragon-organiza-una-semana-de-la-salud\\\/#mainImage\"},\"datePublished\":\"2017-08-28T17:05:55+02:00\",\"dateModified\":\"2017-08-28T17:05:55+02:00\"},{\"@type\":\"WebSite\",\"@id\":\"https:\\\/\\\/www.eldigitaldeasturias.com\\\/noticias\\\/#website\",\"url\":\"https:\\\/\\\/www.eldigitaldeasturias.com\\\/noticias\\\/\",\"name\":\"El Digital de Asturias - Diario de actualidad y noticias\",\"alternateName\":\"El Digital de Asturias - Diario de actualidad y noticias\",\"description\":\"Hemeroteca\",\"inLanguage\":\"es-ES\",\"publisher\":{\"@id\":\"https:\\\/\\\/www.eldigitaldeasturias.com\\\/noticias\\\/#organization\"}}]}\n\t\t<\/script>\n\t\t<!-- All in One SEO Pro -->\r\n\t\t<title>El Banco de Sangre y Tejidos de Arag\u00f3n organiza una Semana de la Salud - El Digital de Asturias<\/title>\n\n","aioseo_head_json":{"title":"El Banco de Sangre y Tejidos de Arag\u00f3n organiza una Semana de la Salud - El Digital de Asturias","description":"El Banco de Sangre y Tejidos de Arag\u00f3n, entidad p\u00fablica adscrita al Departamento de Sanidad, ha organizado una Semana de la Salud, que se celebrar\u00e1 en su sede del 11 al 15 de septiembre. El evento tiene como fin principal formar e informar a los donantes sobre diversas cuestiones de salud general, a la vez","canonical_url":"https:\/\/www.eldigitaldeasturias.com\/noticias\/el-banco-de-sangre-y-tejidos-de-aragon-organiza-una-semana-de-la-salud\/","robots":"max-image-preview:large","keywords":"actualidad","webmasterTools":{"google-site-verification":"UA-38556648-1","msvalidate.01":"7dfe9f3f1b24437ab69f4f2559babe99","miscellaneous":""},"schema":{"@context":"https:\/\/schema.org","@graph":[{"@type":"BlogPosting","@id":"https:\/\/www.eldigitaldeasturias.com\/noticias\/el-banco-de-sangre-y-tejidos-de-aragon-organiza-una-semana-de-la-salud\/#blogposting","name":"El Banco de Sangre y Tejidos de Arag\u00f3n organiza una Semana de la Salud - El Digital de Asturias","headline":"El Banco de Sangre y Tejidos de Arag\u00f3n organiza una Semana de la Salud","author":{"@id":"https:\/\/www.eldigitaldeasturias.com\/noticias\/author\/admin\/#author"},"publisher":{"@id":"https:\/\/www.eldigitaldeasturias.com\/noticias\/#organization"},"image":{"@type":"ImageObject","url":951047},"datePublished":"2017-08-28T17:05:55+02:00","dateModified":"2017-08-28T17:05:55+02:00","inLanguage":"es-ES","mainEntityOfPage":{"@id":"https:\/\/www.eldigitaldeasturias.com\/noticias\/el-banco-de-sangre-y-tejidos-de-aragon-organiza-una-semana-de-la-salud\/#webpage"},"isPartOf":{"@id":"https:\/\/www.eldigitaldeasturias.com\/noticias\/el-banco-de-sangre-y-tejidos-de-aragon-organiza-una-semana-de-la-salud\/#webpage"},"articleSection":"Actualidad"},{"@type":"BreadcrumbList","@id":"https:\/\/www.eldigitaldeasturias.com\/noticias\/el-banco-de-sangre-y-tejidos-de-aragon-organiza-una-semana-de-la-salud\/#breadcrumblist","itemListElement":[{"@type":"ListItem","@id":"https:\/\/www.eldigitaldeasturias.com\/noticias#listItem","position":1,"name":"Home","item":"https:\/\/www.eldigitaldeasturias.com\/noticias","nextItem":{"@type":"ListItem","@id":"https:\/\/www.eldigitaldeasturias.com\/noticias\/category\/actualidad\/#listItem","name":"Actualidad"}},{"@type":"ListItem","@id":"https:\/\/www.eldigitaldeasturias.com\/noticias\/category\/actualidad\/#listItem","position":2,"name":"Actualidad","item":"https:\/\/www.eldigitaldeasturias.com\/noticias\/category\/actualidad\/","nextItem":{"@type":"ListItem","@id":"https:\/\/www.eldigitaldeasturias.com\/noticias\/el-banco-de-sangre-y-tejidos-de-aragon-organiza-una-semana-de-la-salud\/#listItem","name":"El Banco de Sangre y Tejidos de Arag\u00f3n organiza una Semana de la Salud"},"previousItem":{"@type":"ListItem","@id":"https:\/\/www.eldigitaldeasturias.com\/noticias#listItem","name":"Home"}},{"@type":"ListItem","@id":"https:\/\/www.eldigitaldeasturias.com\/noticias\/el-banco-de-sangre-y-tejidos-de-aragon-organiza-una-semana-de-la-salud\/#listItem","position":3,"name":"El Banco de Sangre y Tejidos de Arag\u00f3n organiza una Semana de la Salud","previousItem":{"@type":"ListItem","@id":"https:\/\/www.eldigitaldeasturias.com\/noticias\/category\/actualidad\/#listItem","name":"Actualidad"}}]},{"@type":"Organization","@id":"https:\/\/www.eldigitaldeasturias.com\/noticias\/#organization","name":"El Digital de Asturias","description":"Hemeroteca","url":"https:\/\/www.eldigitaldeasturias.com\/noticias\/","email":"info@eldigitaldeasturias.com","telephone":"+34652131393","logo":{"@type":"ImageObject","url":"https:\/\/www.eldigitaldeasturias.com\/noticias\/wp-content\/uploads\/2020\/12\/EDA.jpg","@id":"https:\/\/www.eldigitaldeasturias.com\/noticias\/el-banco-de-sangre-y-tejidos-de-aragon-organiza-una-semana-de-la-salud\/#organizationLogo"},"image":{"@id":"https:\/\/www.eldigitaldeasturias.com\/noticias\/el-banco-de-sangre-y-tejidos-de-aragon-organiza-una-semana-de-la-salud\/#organizationLogo"},"sameAs":["https:\/\/facebook.com\/eldigitaldeasturias","https:\/\/www.youtube.com\/channel\/UCZP-2wLEB9Rv6erhFmqVnvg"],"address":{"@id":"https:\/\/www.eldigitaldeasturias.com\/noticias\/#postaladdress","@type":"PostalAddress","streetAddress":"san antonio 4","postalCode":"33430","addressLocality":"Cand\u00e1s","addressRegion":"Asturias","addressCountry":"ES"}},{"@type":"Person","@id":"https:\/\/www.eldigitaldeasturias.com\/noticias\/author\/admin\/#author","url":"https:\/\/www.eldigitaldeasturias.com\/noticias\/author\/admin\/","name":"El Digital de Asturias","image":{"@type":"ImageObject","@id":"https:\/\/www.eldigitaldeasturias.com\/noticias\/el-banco-de-sangre-y-tejidos-de-aragon-organiza-una-semana-de-la-salud\/#authorImage","url":"https:\/\/secure.gravatar.com\/avatar\/df2aeffc32bcd13f8d26072ef8a91b623d677766deac7f97ca815868cd41bf5e?s=96&d=mm&r=g","width":96,"height":96,"caption":"El Digital de Asturias"}},{"@type":"WebPage","@id":"https:\/\/www.eldigitaldeasturias.com\/noticias\/el-banco-de-sangre-y-tejidos-de-aragon-organiza-una-semana-de-la-salud\/#webpage","url":"https:\/\/www.eldigitaldeasturias.com\/noticias\/el-banco-de-sangre-y-tejidos-de-aragon-organiza-una-semana-de-la-salud\/","name":"El Banco de Sangre y Tejidos de Arag\u00f3n organiza una Semana de la Salud - El Digital de Asturias","description":"El Banco de Sangre y Tejidos de Arag\u00f3n, entidad p\u00fablica adscrita al Departamento de Sanidad, ha organizado una Semana de la Salud, que se celebrar\u00e1 en su sede del 11 al 15 de septiembre. El evento tiene como fin principal formar e informar a los donantes sobre diversas cuestiones de salud general, a la vez","inLanguage":"es-ES","isPartOf":{"@id":"https:\/\/www.eldigitaldeasturias.com\/noticias\/#website"},"breadcrumb":{"@id":"https:\/\/www.eldigitaldeasturias.com\/noticias\/el-banco-de-sangre-y-tejidos-de-aragon-organiza-una-semana-de-la-salud\/#breadcrumblist"},"author":{"@id":"https:\/\/www.eldigitaldeasturias.com\/noticias\/author\/admin\/#author"},"creator":{"@id":"https:\/\/www.eldigitaldeasturias.com\/noticias\/author\/admin\/#author"},"image":{"@type":"ImageObject","url":951047,"@id":"https:\/\/www.eldigitaldeasturias.com\/noticias\/el-banco-de-sangre-y-tejidos-de-aragon-organiza-una-semana-de-la-salud\/#mainImage"},"primaryImageOfPage":{"@id":"https:\/\/www.eldigitaldeasturias.com\/noticias\/el-banco-de-sangre-y-tejidos-de-aragon-organiza-una-semana-de-la-salud\/#mainImage"},"datePublished":"2017-08-28T17:05:55+02:00","dateModified":"2017-08-28T17:05:55+02:00"},{"@type":"WebSite","@id":"https:\/\/www.eldigitaldeasturias.com\/noticias\/#website","url":"https:\/\/www.eldigitaldeasturias.com\/noticias\/","name":"El Digital de Asturias - Diario de actualidad y noticias","alternateName":"El Digital de Asturias - Diario de actualidad y noticias","description":"Hemeroteca","inLanguage":"es-ES","publisher":{"@id":"https:\/\/www.eldigitaldeasturias.com\/noticias\/#organization"}}]},"og:locale":"es_ES","og:site_name":"El Digital de Asturias","og:type":"article","og:title":"El Banco de Sangre y Tejidos de Arag\u00f3n organiza una Semana de la Salud - El Digital de Asturias","og:description":"El Banco de Sangre y Tejidos de Arag\u00f3n, entidad p\u00fablica adscrita al Departamento de Sanidad, ha organizado una Semana de la Salud, que se celebrar\u00e1 en su sede del 11 al 15 de septiembre. El evento tiene como fin principal formar e informar a los donantes sobre diversas cuestiones de salud general, a la vez","og:url":"https:\/\/www.eldigitaldeasturias.com\/noticias\/el-banco-de-sangre-y-tejidos-de-aragon-organiza-una-semana-de-la-salud\/","article:tag":["actualidad"],"article:published_time":"2017-08-28T17:05:55+00:00","article:modified_time":"2017-08-28T17:05:55+00:00","article:publisher":"https:\/\/facebook.com\/eldigitaldeasturias","twitter:card":"summary_large_image","twitter:title":"El Banco de Sangre y Tejidos de Arag\u00f3n organiza una Semana de la Salud - El Digital de Asturias","twitter:description":"El Banco de Sangre y Tejidos de Arag\u00f3n, entidad p\u00fablica adscrita al Departamento de Sanidad, ha organizado una Semana de la Salud, que se celebrar\u00e1 en su sede del 11 al 15 de septiembre. El evento tiene como fin principal formar e informar a los donantes sobre diversas cuestiones de salud general, a la vez","twitter:image":"https:\/\/www.eldigitaldeasturias.com\/noticias\/wp-content\/uploads\/2020\/12\/EDA-1.jpg","twitter:label1":"Escrito por","twitter:data1":"El Digital de Asturias","twitter:label2":"Tiempo de lectura estimado","twitter:data2":"2 minutos"},"aioseo_meta_data":{"post_id":"951046","title":null,"description":null,"keywords":null,"keyphrases":null,"primary_term":null,"canonical_url":null,"og_title":null,"og_description":null,"og_object_type":"default","og_image_type":"default","og_image_url":null,"og_image_width":null,"og_image_height":null,"og_image_custom_url":null,"og_image_custom_fields":null,"og_video":null,"og_custom_url":null,"og_article_section":null,"og_article_tags":null,"twitter_use_og":false,"twitter_card":"default","twitter_image_type":"default","twitter_image_url":null,"twitter_image_custom_url":null,"twitter_image_custom_fields":null,"twitter_title":null,"twitter_description":null,"schema":{"blockGraphs":[],"customGraphs":[],"default":{"data":{"Article":[],"Course":[],"Dataset":[],"FAQPage":[],"Movie":[],"Person":[],"Product":[],"ProductReview":[],"Car":[],"Recipe":[],"Service":[],"SoftwareApplication":[],"WebPage":[]},"graphName":"","isEnabled":true},"graphs":[],"defaultGraph":"","defaultPostTypeGraph":""},"schema_type":null,"schema_type_options":null,"pillar_content":false,"robots_default":true,"robots_noindex":false,"robots_noarchive":false,"robots_nosnippet":false,"robots_nofollow":false,"robots_noimageindex":false,"robots_noodp":false,"robots_notranslate":false,"robots_max_snippet":null,"robots_max_videopreview":null,"robots_max_imagepreview":"large","priority":null,"frequency":null,"local_seo":null,"seo_analyzer_scan_date":"2025-12-05 17:51:18","breadcrumb_settings":null,"limit_modified_date":false,"open_ai":null,"ai":null,"created":"2020-12-21 12:58:26","updated":"2025-12-05 17:51:18","focus_keyword":null,"additional_keywords":null,"truseo_locale":null},"aioseo_breadcrumb":"<div class=\"aioseo-breadcrumbs\"><span class=\"aioseo-breadcrumb\">\n\t<a href=\"https:\/\/www.eldigitaldeasturias.com\/noticias\" title=\"Home\">Home<\/a>\n<\/span><span class=\"aioseo-breadcrumb-separator\">\u2013<\/span><span class=\"aioseo-breadcrumb\">\n\t<a href=\"https:\/\/www.eldigitaldeasturias.com\/noticias\/category\/actualidad\/\" title=\"Actualidad\">Actualidad<\/a>\n<\/span><span class=\"aioseo-breadcrumb-separator\">\u2013<\/span><span class=\"aioseo-breadcrumb\">\n\t<a href=\"https:\/\/www.eldigitaldeasturias.com\/noticias\/el-banco-de-sangre-y-tejidos-de-aragon-organiza-una-semana-de-la-salud\/\" title=\"El Banco de Sangre y Tejidos de Arag\u00f3n organiza una Semana de la Salud\">El Banco de Sangre y Tejidos de Arag\u00f3n organiza una Semana de la Salud<\/a>\n<\/span><\/div>","aioseo_breadcrumb_json":[{"label":"Home","link":"https:\/\/www.eldigitaldeasturias.com\/noticias"},{"label":"Actualidad","link":"https:\/\/www.eldigitaldeasturias.com\/noticias\/category\/actualidad\/"},{"label":"El Banco de Sangre y Tejidos de Arag\u00f3n organiza una Semana de la Salud","link":"https:\/\/www.eldigitaldeasturias.com\/noticias\/el-banco-de-sangre-y-tejidos-de-aragon-organiza-una-semana-de-la-salud\/"}],"_links":{"self":[{"href":"https:\/\/www.eldigitaldeasturias.com\/noticias\/wp-json\/wp\/v2\/posts\/951046","targetHints":{"allow":["GET"]}}],"collection":[{"href":"https:\/\/www.eldigitaldeasturias.com\/noticias\/wp-json\/wp\/v2\/posts"}],"about":[{"href":"https:\/\/www.eldigitaldeasturias.com\/noticias\/wp-json\/wp\/v2\/types\/post"}],"author":[{"embeddable":true,"href":"https:\/\/www.eldigitaldeasturias.com\/noticias\/wp-json\/wp\/v2\/users\/1"}],"replies":[{"embeddable":true,"href":"https:\/\/www.eldigitaldeasturias.com\/noticias\/wp-json\/wp\/v2\/comments?post=951046"}],"version-history":[{"count":0,"href":"https:\/\/www.eldigitaldeasturias.com\/noticias\/wp-json\/wp\/v2\/posts\/951046\/revisions"}],"wp:attachment":[{"href":"https:\/\/www.eldigitaldeasturias.com\/noticias\/wp-json\/wp\/v2\/media?parent=951046"}],"wp:term":[{"taxonomy":"category","embeddable":true,"href":"https:\/\/www.eldigitaldeasturias.com\/noticias\/wp-json\/wp\/v2\/categories?post=951046"},{"taxonomy":"post_tag","embeddable":true,"href":"https:\/\/www.eldigitaldeasturias.com\/noticias\/wp-json\/wp\/v2\/tags?post=951046"}],"curies":[{"name":"wp","href":"https:\/\/api.w.org\/{rel}","templated":true}]}}