{"id":951012,"date":"2017-08-27T17:59:24","date_gmt":"2017-08-27T17:59:24","guid":{"rendered":"http:\/\/www.eldigitaldeasturias.com\/noticias\/?p=951012"},"modified":"2017-08-27T17:59:24","modified_gmt":"2017-08-27T17:59:24","slug":"xlvii-edicion-del-dia-del-traje-tipico-ansotano","status":"publish","type":"post","link":"https:\/\/www.eldigitaldeasturias.com\/noticias\/xlvii-edicion-del-dia-del-traje-tipico-ansotano\/","title":{"rendered":"XLVII Edici\u00f3n del D\u00eda del Traje T\u00edpico Ansotano"},"content":{"rendered":"<p><img loading=\"lazy\" decoding=\"async\" class=\"alignleft size-medium wp-image-951013\" src=\"https:\/\/www.eldigitaldeasturias.com\/noticias\/wp-content\/uploads\/2017\/08\/Traje_Marivi-360x159.jpg\" alt=\"\" width=\"360\" height=\"159\" \/>La consejera de Ciudadan\u00eda y Derechos Sociales, Mar\u00eda Victoria Broto, ha manifestado hoy en Ans\u00f3, que esta localidad \u201cdemuestra la riqueza tanto en cultura como en tradiciones que tiene el Pirineo Aragon\u00e9s\u201d y ha destacado el esfuerzo tanto del Ayuntamiento como de los ansotanos en su recuperaci\u00f3n.<\/p>\n<p>Ha se\u00f1alado la consejera el apoyo del Gobierno de Arag\u00f3n a esta iniciativa que atrae a esta localidad a miles de visitantes todos los a\u00f1os. \u201cEl Pirineo tiene mucho que ofrecer en cuanto a oferta tur\u00edstica y naturaleza, pero tambi\u00e9n tiene mucho que aportar en cuanto a tradiciones\u201d, ha insistido.<\/p>\n<p>Broto ha participado en los principales actos que han tenido lugar hoy en Ans\u00f3 con motivo de esta celebraci\u00f3n. Ha podido ver de cerca la recreaci\u00f3n de escenas cotidianas de tiempos pasados en las calles de la localidad y ha asistido a los actos organizados desde el Ayuntamiento.<\/p>\n<p>&nbsp;<\/p>\n<p>&nbsp;<\/p>\n","protected":false},"excerpt":{"rendered":"<p>La consejera de Ciudadan\u00eda y Derechos Sociales, Mar\u00eda Victoria Broto, ha manifestado hoy en Ans\u00f3, que esta localidad \u201cdemuestra la riqueza tanto en cultura como en tradiciones que tiene el Pirineo Aragon\u00e9s\u201d y ha destacado el esfuerzo tanto del Ayuntamiento como de los ansotanos en su recuperaci\u00f3n. Ha se\u00f1alado la consejera el apoyo del Gobierno [&hellip;]<\/p>\n","protected":false},"author":1,"featured_media":951013,"comment_status":"closed","ping_status":"closed","sticky":false,"template":"","format":"standard","meta":{"footnotes":""},"categories":[1],"tags":[],"class_list":["post-951012","post","type-post","status-publish","format-standard","has-post-thumbnail","hentry","category-actualidad"],"aioseo_notices":[],"aioseo_head":"\n\t\t<!-- All in One SEO Pro 5.0.1 - aioseo.com -->\n\t<meta name=\"description\" content=\"La consejera de Ciudadan\u00eda y Derechos Sociales, Mar\u00eda Victoria Broto, ha manifestado hoy en Ans\u00f3, que esta localidad \u201cdemuestra la riqueza tanto en cultura como en tradiciones que tiene el Pirineo Aragon\u00e9s\u201d y ha destacado el esfuerzo tanto del Ayuntamiento como de los ansotanos en su recuperaci\u00f3n. Ha se\u00f1alado la consejera el apoyo del Gobierno\" \/>\n\t<meta name=\"robots\" content=\"max-image-preview:large\" \/>\n\t<meta name=\"author\" content=\"El Digital de Asturias\"\/>\n\t<meta name=\"google-site-verification\" content=\"UA-38556648-1\" \/>\n\t<meta name=\"msvalidate.01\" content=\"7dfe9f3f1b24437ab69f4f2559babe99\" \/>\n\t<meta name=\"keywords\" content=\"actualidad\" \/>\n\t<link rel=\"canonical\" href=\"https:\/\/www.eldigitaldeasturias.com\/noticias\/xlvii-edicion-del-dia-del-traje-tipico-ansotano\/\" \/>\n\t<meta name=\"generator\" content=\"All in One SEO Pro (AIOSEO) 5.0.1\" \/>\n\t\t<meta property=\"og:locale\" content=\"es_ES\" \/>\n\t\t<meta property=\"og:site_name\" content=\"El Digital de Asturias\" \/>\n\t\t<meta property=\"og:type\" content=\"article\" \/>\n\t\t<meta property=\"og:title\" content=\"XLVII Edici\u00f3n del D\u00eda del Traje T\u00edpico Ansotano - El Digital de Asturias\" \/>\n\t\t<meta property=\"og:description\" content=\"La consejera de Ciudadan\u00eda y Derechos Sociales, Mar\u00eda Victoria Broto, ha manifestado hoy en Ans\u00f3, que esta localidad \u201cdemuestra la riqueza tanto en cultura como en tradiciones que tiene el Pirineo Aragon\u00e9s\u201d y ha destacado el esfuerzo tanto del Ayuntamiento como de los ansotanos en su recuperaci\u00f3n. Ha se\u00f1alado la consejera el apoyo del Gobierno\" \/>\n\t\t<meta property=\"og:url\" content=\"https:\/\/www.eldigitaldeasturias.com\/noticias\/xlvii-edicion-del-dia-del-traje-tipico-ansotano\/\" \/>\n\t\t<meta property=\"article:tag\" content=\"actualidad\" \/>\n\t\t<meta property=\"article:published_time\" content=\"2017-08-27T17:59:24+00:00\" \/>\n\t\t<meta property=\"article:modified_time\" content=\"2017-08-27T17:59:24+00:00\" \/>\n\t\t<meta property=\"article:publisher\" content=\"https:\/\/facebook.com\/eldigitaldeasturias\" \/>\n\t\t<meta name=\"twitter:card\" content=\"summary_large_image\" \/>\n\t\t<meta name=\"twitter:title\" content=\"XLVII Edici\u00f3n del D\u00eda del Traje T\u00edpico Ansotano - El Digital de Asturias\" \/>\n\t\t<meta name=\"twitter:description\" content=\"La consejera de Ciudadan\u00eda y Derechos Sociales, Mar\u00eda Victoria Broto, ha manifestado hoy en Ans\u00f3, que esta localidad \u201cdemuestra la riqueza tanto en cultura como en tradiciones que tiene el Pirineo Aragon\u00e9s\u201d y ha destacado el esfuerzo tanto del Ayuntamiento como de los ansotanos en su recuperaci\u00f3n. Ha se\u00f1alado la consejera el apoyo del Gobierno\" \/>\n\t\t<meta name=\"twitter:image\" content=\"https:\/\/www.eldigitaldeasturias.com\/noticias\/wp-content\/uploads\/2020\/12\/EDA-1.jpg\" \/>\n\t\t<meta name=\"twitter:label1\" content=\"Escrito por\" \/>\n\t\t<meta name=\"twitter:data1\" content=\"El Digital de Asturias\" \/>\n\t\t<meta name=\"twitter:label2\" content=\"Tiempo de lectura estimado\" \/>\n\t\t<meta name=\"twitter:data2\" content=\"1 minuto\" \/>\n\t\t<script type=\"application\/ld+json\" class=\"aioseo-schema\">\n\t\t\t{\"@context\":\"https:\\\/\\\/schema.org\",\"@graph\":[{\"@type\":\"BlogPosting\",\"@id\":\"https:\\\/\\\/www.eldigitaldeasturias.com\\\/noticias\\\/xlvii-edicion-del-dia-del-traje-tipico-ansotano\\\/#blogposting\",\"name\":\"XLVII Edici\\u00f3n del D\\u00eda del Traje T\\u00edpico Ansotano - El Digital de Asturias\",\"headline\":\"XLVII Edici\\u00f3n del D\\u00eda del Traje T\\u00edpico Ansotano\",\"author\":{\"@id\":\"https:\\\/\\\/www.eldigitaldeasturias.com\\\/noticias\\\/author\\\/admin\\\/#author\"},\"publisher\":{\"@id\":\"https:\\\/\\\/www.eldigitaldeasturias.com\\\/noticias\\\/#organization\"},\"image\":{\"@type\":\"ImageObject\",\"url\":951013},\"datePublished\":\"2017-08-27T17:59:24+02:00\",\"dateModified\":\"2017-08-27T17:59:24+02:00\",\"inLanguage\":\"es-ES\",\"mainEntityOfPage\":{\"@id\":\"https:\\\/\\\/www.eldigitaldeasturias.com\\\/noticias\\\/xlvii-edicion-del-dia-del-traje-tipico-ansotano\\\/#webpage\"},\"isPartOf\":{\"@id\":\"https:\\\/\\\/www.eldigitaldeasturias.com\\\/noticias\\\/xlvii-edicion-del-dia-del-traje-tipico-ansotano\\\/#webpage\"},\"articleSection\":\"Actualidad\"},{\"@type\":\"BreadcrumbList\",\"@id\":\"https:\\\/\\\/www.eldigitaldeasturias.com\\\/noticias\\\/xlvii-edicion-del-dia-del-traje-tipico-ansotano\\\/#breadcrumblist\",\"itemListElement\":[{\"@type\":\"ListItem\",\"@id\":\"https:\\\/\\\/www.eldigitaldeasturias.com\\\/noticias#listItem\",\"position\":1,\"name\":\"Home\",\"item\":\"https:\\\/\\\/www.eldigitaldeasturias.com\\\/noticias\",\"nextItem\":{\"@type\":\"ListItem\",\"@id\":\"https:\\\/\\\/www.eldigitaldeasturias.com\\\/noticias\\\/category\\\/actualidad\\\/#listItem\",\"name\":\"Actualidad\"}},{\"@type\":\"ListItem\",\"@id\":\"https:\\\/\\\/www.eldigitaldeasturias.com\\\/noticias\\\/category\\\/actualidad\\\/#listItem\",\"position\":2,\"name\":\"Actualidad\",\"item\":\"https:\\\/\\\/www.eldigitaldeasturias.com\\\/noticias\\\/category\\\/actualidad\\\/\",\"nextItem\":{\"@type\":\"ListItem\",\"@id\":\"https:\\\/\\\/www.eldigitaldeasturias.com\\\/noticias\\\/xlvii-edicion-del-dia-del-traje-tipico-ansotano\\\/#listItem\",\"name\":\"XLVII Edici\\u00f3n del D\\u00eda del Traje T\\u00edpico Ansotano\"},\"previousItem\":{\"@type\":\"ListItem\",\"@id\":\"https:\\\/\\\/www.eldigitaldeasturias.com\\\/noticias#listItem\",\"name\":\"Home\"}},{\"@type\":\"ListItem\",\"@id\":\"https:\\\/\\\/www.eldigitaldeasturias.com\\\/noticias\\\/xlvii-edicion-del-dia-del-traje-tipico-ansotano\\\/#listItem\",\"position\":3,\"name\":\"XLVII Edici\\u00f3n del D\\u00eda del Traje T\\u00edpico Ansotano\",\"previousItem\":{\"@type\":\"ListItem\",\"@id\":\"https:\\\/\\\/www.eldigitaldeasturias.com\\\/noticias\\\/category\\\/actualidad\\\/#listItem\",\"name\":\"Actualidad\"}}]},{\"@type\":\"Organization\",\"@id\":\"https:\\\/\\\/www.eldigitaldeasturias.com\\\/noticias\\\/#organization\",\"name\":\"El Digital de Asturias\",\"description\":\"Hemeroteca\",\"url\":\"https:\\\/\\\/www.eldigitaldeasturias.com\\\/noticias\\\/\",\"email\":\"info@eldigitaldeasturias.com\",\"telephone\":\"+34652131393\",\"logo\":{\"@type\":\"ImageObject\",\"url\":\"https:\\\/\\\/www.eldigitaldeasturias.com\\\/noticias\\\/wp-content\\\/uploads\\\/2020\\\/12\\\/EDA.jpg\",\"@id\":\"https:\\\/\\\/www.eldigitaldeasturias.com\\\/noticias\\\/xlvii-edicion-del-dia-del-traje-tipico-ansotano\\\/#organizationLogo\"},\"image\":{\"@id\":\"https:\\\/\\\/www.eldigitaldeasturias.com\\\/noticias\\\/xlvii-edicion-del-dia-del-traje-tipico-ansotano\\\/#organizationLogo\"},\"sameAs\":[\"https:\\\/\\\/facebook.com\\\/eldigitaldeasturias\",\"https:\\\/\\\/www.youtube.com\\\/channel\\\/UCZP-2wLEB9Rv6erhFmqVnvg\"],\"address\":{\"@id\":\"https:\\\/\\\/www.eldigitaldeasturias.com\\\/noticias\\\/#postaladdress\",\"@type\":\"PostalAddress\",\"streetAddress\":\"san antonio 4\",\"postalCode\":\"33430\",\"addressLocality\":\"Cand\\u00e1s\",\"addressRegion\":\"Asturias\",\"addressCountry\":\"ES\"}},{\"@type\":\"Person\",\"@id\":\"https:\\\/\\\/www.eldigitaldeasturias.com\\\/noticias\\\/author\\\/admin\\\/#author\",\"url\":\"https:\\\/\\\/www.eldigitaldeasturias.com\\\/noticias\\\/author\\\/admin\\\/\",\"name\":\"El Digital de Asturias\",\"image\":{\"@type\":\"ImageObject\",\"@id\":\"https:\\\/\\\/www.eldigitaldeasturias.com\\\/noticias\\\/xlvii-edicion-del-dia-del-traje-tipico-ansotano\\\/#authorImage\",\"url\":\"https:\\\/\\\/secure.gravatar.com\\\/avatar\\\/df2aeffc32bcd13f8d26072ef8a91b623d677766deac7f97ca815868cd41bf5e?s=96&d=mm&r=g\",\"width\":96,\"height\":96,\"caption\":\"El Digital de Asturias\"}},{\"@type\":\"WebPage\",\"@id\":\"https:\\\/\\\/www.eldigitaldeasturias.com\\\/noticias\\\/xlvii-edicion-del-dia-del-traje-tipico-ansotano\\\/#webpage\",\"url\":\"https:\\\/\\\/www.eldigitaldeasturias.com\\\/noticias\\\/xlvii-edicion-del-dia-del-traje-tipico-ansotano\\\/\",\"name\":\"XLVII Edici\\u00f3n del D\\u00eda del Traje T\\u00edpico Ansotano - El Digital de Asturias\",\"description\":\"La consejera de Ciudadan\\u00eda y Derechos Sociales, Mar\\u00eda Victoria Broto, ha manifestado hoy en Ans\\u00f3, que esta localidad \\u201cdemuestra la riqueza tanto en cultura como en tradiciones que tiene el Pirineo Aragon\\u00e9s\\u201d y ha destacado el esfuerzo tanto del Ayuntamiento como de los ansotanos en su recuperaci\\u00f3n. Ha se\\u00f1alado la consejera el apoyo del Gobierno\",\"inLanguage\":\"es-ES\",\"isPartOf\":{\"@id\":\"https:\\\/\\\/www.eldigitaldeasturias.com\\\/noticias\\\/#website\"},\"breadcrumb\":{\"@id\":\"https:\\\/\\\/www.eldigitaldeasturias.com\\\/noticias\\\/xlvii-edicion-del-dia-del-traje-tipico-ansotano\\\/#breadcrumblist\"},\"author\":{\"@id\":\"https:\\\/\\\/www.eldigitaldeasturias.com\\\/noticias\\\/author\\\/admin\\\/#author\"},\"creator\":{\"@id\":\"https:\\\/\\\/www.eldigitaldeasturias.com\\\/noticias\\\/author\\\/admin\\\/#author\"},\"image\":{\"@type\":\"ImageObject\",\"url\":951013,\"@id\":\"https:\\\/\\\/www.eldigitaldeasturias.com\\\/noticias\\\/xlvii-edicion-del-dia-del-traje-tipico-ansotano\\\/#mainImage\"},\"primaryImageOfPage\":{\"@id\":\"https:\\\/\\\/www.eldigitaldeasturias.com\\\/noticias\\\/xlvii-edicion-del-dia-del-traje-tipico-ansotano\\\/#mainImage\"},\"datePublished\":\"2017-08-27T17:59:24+02:00\",\"dateModified\":\"2017-08-27T17:59:24+02:00\"},{\"@type\":\"WebSite\",\"@id\":\"https:\\\/\\\/www.eldigitaldeasturias.com\\\/noticias\\\/#website\",\"url\":\"https:\\\/\\\/www.eldigitaldeasturias.com\\\/noticias\\\/\",\"name\":\"El Digital de Asturias - Diario de actualidad y noticias\",\"alternateName\":\"El Digital de Asturias - Diario de actualidad y noticias\",\"description\":\"Hemeroteca\",\"inLanguage\":\"es-ES\",\"publisher\":{\"@id\":\"https:\\\/\\\/www.eldigitaldeasturias.com\\\/noticias\\\/#organization\"}}]}\n\t\t<\/script>\n\t\t<!-- All in One SEO Pro -->\r\n\t\t<title>XLVII Edici\u00f3n del D\u00eda del Traje T\u00edpico Ansotano - El Digital de Asturias<\/title>\n\n","aioseo_head_json":{"title":"XLVII Edici\u00f3n del D\u00eda del Traje T\u00edpico Ansotano - El Digital de Asturias","description":"La consejera de Ciudadan\u00eda y Derechos Sociales, Mar\u00eda Victoria Broto, ha manifestado hoy en Ans\u00f3, que esta localidad \u201cdemuestra la riqueza tanto en cultura como en tradiciones que tiene el Pirineo Aragon\u00e9s\u201d y ha destacado el esfuerzo tanto del Ayuntamiento como de los ansotanos en su recuperaci\u00f3n. Ha se\u00f1alado la consejera el apoyo del Gobierno","canonical_url":"https:\/\/www.eldigitaldeasturias.com\/noticias\/xlvii-edicion-del-dia-del-traje-tipico-ansotano\/","robots":"max-image-preview:large","keywords":"actualidad","webmasterTools":{"google-site-verification":"UA-38556648-1","msvalidate.01":"7dfe9f3f1b24437ab69f4f2559babe99","miscellaneous":""},"schema":{"@context":"https:\/\/schema.org","@graph":[{"@type":"BlogPosting","@id":"https:\/\/www.eldigitaldeasturias.com\/noticias\/xlvii-edicion-del-dia-del-traje-tipico-ansotano\/#blogposting","name":"XLVII Edici\u00f3n del D\u00eda del Traje T\u00edpico Ansotano - El Digital de Asturias","headline":"XLVII Edici\u00f3n del D\u00eda del Traje T\u00edpico Ansotano","author":{"@id":"https:\/\/www.eldigitaldeasturias.com\/noticias\/author\/admin\/#author"},"publisher":{"@id":"https:\/\/www.eldigitaldeasturias.com\/noticias\/#organization"},"image":{"@type":"ImageObject","url":951013},"datePublished":"2017-08-27T17:59:24+02:00","dateModified":"2017-08-27T17:59:24+02:00","inLanguage":"es-ES","mainEntityOfPage":{"@id":"https:\/\/www.eldigitaldeasturias.com\/noticias\/xlvii-edicion-del-dia-del-traje-tipico-ansotano\/#webpage"},"isPartOf":{"@id":"https:\/\/www.eldigitaldeasturias.com\/noticias\/xlvii-edicion-del-dia-del-traje-tipico-ansotano\/#webpage"},"articleSection":"Actualidad"},{"@type":"BreadcrumbList","@id":"https:\/\/www.eldigitaldeasturias.com\/noticias\/xlvii-edicion-del-dia-del-traje-tipico-ansotano\/#breadcrumblist","itemListElement":[{"@type":"ListItem","@id":"https:\/\/www.eldigitaldeasturias.com\/noticias#listItem","position":1,"name":"Home","item":"https:\/\/www.eldigitaldeasturias.com\/noticias","nextItem":{"@type":"ListItem","@id":"https:\/\/www.eldigitaldeasturias.com\/noticias\/category\/actualidad\/#listItem","name":"Actualidad"}},{"@type":"ListItem","@id":"https:\/\/www.eldigitaldeasturias.com\/noticias\/category\/actualidad\/#listItem","position":2,"name":"Actualidad","item":"https:\/\/www.eldigitaldeasturias.com\/noticias\/category\/actualidad\/","nextItem":{"@type":"ListItem","@id":"https:\/\/www.eldigitaldeasturias.com\/noticias\/xlvii-edicion-del-dia-del-traje-tipico-ansotano\/#listItem","name":"XLVII Edici\u00f3n del D\u00eda del Traje T\u00edpico Ansotano"},"previousItem":{"@type":"ListItem","@id":"https:\/\/www.eldigitaldeasturias.com\/noticias#listItem","name":"Home"}},{"@type":"ListItem","@id":"https:\/\/www.eldigitaldeasturias.com\/noticias\/xlvii-edicion-del-dia-del-traje-tipico-ansotano\/#listItem","position":3,"name":"XLVII Edici\u00f3n del D\u00eda del Traje T\u00edpico Ansotano","previousItem":{"@type":"ListItem","@id":"https:\/\/www.eldigitaldeasturias.com\/noticias\/category\/actualidad\/#listItem","name":"Actualidad"}}]},{"@type":"Organization","@id":"https:\/\/www.eldigitaldeasturias.com\/noticias\/#organization","name":"El Digital de Asturias","description":"Hemeroteca","url":"https:\/\/www.eldigitaldeasturias.com\/noticias\/","email":"info@eldigitaldeasturias.com","telephone":"+34652131393","logo":{"@type":"ImageObject","url":"https:\/\/www.eldigitaldeasturias.com\/noticias\/wp-content\/uploads\/2020\/12\/EDA.jpg","@id":"https:\/\/www.eldigitaldeasturias.com\/noticias\/xlvii-edicion-del-dia-del-traje-tipico-ansotano\/#organizationLogo"},"image":{"@id":"https:\/\/www.eldigitaldeasturias.com\/noticias\/xlvii-edicion-del-dia-del-traje-tipico-ansotano\/#organizationLogo"},"sameAs":["https:\/\/facebook.com\/eldigitaldeasturias","https:\/\/www.youtube.com\/channel\/UCZP-2wLEB9Rv6erhFmqVnvg"],"address":{"@id":"https:\/\/www.eldigitaldeasturias.com\/noticias\/#postaladdress","@type":"PostalAddress","streetAddress":"san antonio 4","postalCode":"33430","addressLocality":"Cand\u00e1s","addressRegion":"Asturias","addressCountry":"ES"}},{"@type":"Person","@id":"https:\/\/www.eldigitaldeasturias.com\/noticias\/author\/admin\/#author","url":"https:\/\/www.eldigitaldeasturias.com\/noticias\/author\/admin\/","name":"El Digital de Asturias","image":{"@type":"ImageObject","@id":"https:\/\/www.eldigitaldeasturias.com\/noticias\/xlvii-edicion-del-dia-del-traje-tipico-ansotano\/#authorImage","url":"https:\/\/secure.gravatar.com\/avatar\/df2aeffc32bcd13f8d26072ef8a91b623d677766deac7f97ca815868cd41bf5e?s=96&d=mm&r=g","width":96,"height":96,"caption":"El Digital de Asturias"}},{"@type":"WebPage","@id":"https:\/\/www.eldigitaldeasturias.com\/noticias\/xlvii-edicion-del-dia-del-traje-tipico-ansotano\/#webpage","url":"https:\/\/www.eldigitaldeasturias.com\/noticias\/xlvii-edicion-del-dia-del-traje-tipico-ansotano\/","name":"XLVII Edici\u00f3n del D\u00eda del Traje T\u00edpico Ansotano - El Digital de Asturias","description":"La consejera de Ciudadan\u00eda y Derechos Sociales, Mar\u00eda Victoria Broto, ha manifestado hoy en Ans\u00f3, que esta localidad \u201cdemuestra la riqueza tanto en cultura como en tradiciones que tiene el Pirineo Aragon\u00e9s\u201d y ha destacado el esfuerzo tanto del Ayuntamiento como de los ansotanos en su recuperaci\u00f3n. Ha se\u00f1alado la consejera el apoyo del Gobierno","inLanguage":"es-ES","isPartOf":{"@id":"https:\/\/www.eldigitaldeasturias.com\/noticias\/#website"},"breadcrumb":{"@id":"https:\/\/www.eldigitaldeasturias.com\/noticias\/xlvii-edicion-del-dia-del-traje-tipico-ansotano\/#breadcrumblist"},"author":{"@id":"https:\/\/www.eldigitaldeasturias.com\/noticias\/author\/admin\/#author"},"creator":{"@id":"https:\/\/www.eldigitaldeasturias.com\/noticias\/author\/admin\/#author"},"image":{"@type":"ImageObject","url":951013,"@id":"https:\/\/www.eldigitaldeasturias.com\/noticias\/xlvii-edicion-del-dia-del-traje-tipico-ansotano\/#mainImage"},"primaryImageOfPage":{"@id":"https:\/\/www.eldigitaldeasturias.com\/noticias\/xlvii-edicion-del-dia-del-traje-tipico-ansotano\/#mainImage"},"datePublished":"2017-08-27T17:59:24+02:00","dateModified":"2017-08-27T17:59:24+02:00"},{"@type":"WebSite","@id":"https:\/\/www.eldigitaldeasturias.com\/noticias\/#website","url":"https:\/\/www.eldigitaldeasturias.com\/noticias\/","name":"El Digital de Asturias - Diario de actualidad y noticias","alternateName":"El Digital de Asturias - Diario de actualidad y noticias","description":"Hemeroteca","inLanguage":"es-ES","publisher":{"@id":"https:\/\/www.eldigitaldeasturias.com\/noticias\/#organization"}}]},"og:locale":"es_ES","og:site_name":"El Digital de Asturias","og:type":"article","og:title":"XLVII Edici\u00f3n del D\u00eda del Traje T\u00edpico Ansotano - El Digital de Asturias","og:description":"La consejera de Ciudadan\u00eda y Derechos Sociales, Mar\u00eda Victoria Broto, ha manifestado hoy en Ans\u00f3, que esta localidad \u201cdemuestra la riqueza tanto en cultura como en tradiciones que tiene el Pirineo Aragon\u00e9s\u201d y ha destacado el esfuerzo tanto del Ayuntamiento como de los ansotanos en su recuperaci\u00f3n. Ha se\u00f1alado la consejera el apoyo del Gobierno","og:url":"https:\/\/www.eldigitaldeasturias.com\/noticias\/xlvii-edicion-del-dia-del-traje-tipico-ansotano\/","article:tag":["actualidad"],"article:published_time":"2017-08-27T17:59:24+00:00","article:modified_time":"2017-08-27T17:59:24+00:00","article:publisher":"https:\/\/facebook.com\/eldigitaldeasturias","twitter:card":"summary_large_image","twitter:title":"XLVII Edici\u00f3n del D\u00eda del Traje T\u00edpico Ansotano - El Digital de Asturias","twitter:description":"La consejera de Ciudadan\u00eda y Derechos Sociales, Mar\u00eda Victoria Broto, ha manifestado hoy en Ans\u00f3, que esta localidad \u201cdemuestra la riqueza tanto en cultura como en tradiciones que tiene el Pirineo Aragon\u00e9s\u201d y ha destacado el esfuerzo tanto del Ayuntamiento como de los ansotanos en su recuperaci\u00f3n. Ha se\u00f1alado la consejera el apoyo del Gobierno","twitter:image":"https:\/\/www.eldigitaldeasturias.com\/noticias\/wp-content\/uploads\/2020\/12\/EDA-1.jpg","twitter:label1":"Escrito por","twitter:data1":"El Digital de Asturias","twitter:label2":"Tiempo de lectura estimado","twitter:data2":"1 minuto"},"aioseo_meta_data":{"post_id":"951012","title":null,"description":null,"keywords":null,"keyphrases":null,"primary_term":null,"canonical_url":null,"og_title":null,"og_description":null,"og_object_type":"default","og_image_type":"default","og_image_url":null,"og_image_width":null,"og_image_height":null,"og_image_custom_url":null,"og_image_custom_fields":null,"og_video":null,"og_custom_url":null,"og_article_section":null,"og_article_tags":null,"twitter_use_og":false,"twitter_card":"default","twitter_image_type":"default","twitter_image_url":null,"twitter_image_custom_url":null,"twitter_image_custom_fields":null,"twitter_title":null,"twitter_description":null,"schema":{"blockGraphs":[],"customGraphs":[],"default":{"data":{"Article":[],"Course":[],"Dataset":[],"FAQPage":[],"Movie":[],"Person":[],"Product":[],"ProductReview":[],"Car":[],"Recipe":[],"Service":[],"SoftwareApplication":[],"WebPage":[]},"graphName":"","isEnabled":true},"graphs":[],"defaultGraph":"","defaultPostTypeGraph":""},"schema_type":null,"schema_type_options":null,"pillar_content":false,"robots_default":true,"robots_noindex":false,"robots_noarchive":false,"robots_nosnippet":false,"robots_nofollow":false,"robots_noimageindex":false,"robots_noodp":false,"robots_notranslate":false,"robots_max_snippet":null,"robots_max_videopreview":null,"robots_max_imagepreview":"large","priority":null,"frequency":null,"local_seo":null,"seo_analyzer_scan_date":"2025-12-05 17:49:11","breadcrumb_settings":null,"limit_modified_date":false,"open_ai":null,"ai":null,"created":"2020-12-21 12:58:26","updated":"2025-12-05 17:49:11","focus_keyword":null,"additional_keywords":null,"truseo_locale":null},"aioseo_breadcrumb":"<div class=\"aioseo-breadcrumbs\"><span class=\"aioseo-breadcrumb\">\n\t<a href=\"https:\/\/www.eldigitaldeasturias.com\/noticias\" title=\"Home\">Home<\/a>\n<\/span><span class=\"aioseo-breadcrumb-separator\">\u2013<\/span><span class=\"aioseo-breadcrumb\">\n\t<a href=\"https:\/\/www.eldigitaldeasturias.com\/noticias\/category\/actualidad\/\" title=\"Actualidad\">Actualidad<\/a>\n<\/span><span class=\"aioseo-breadcrumb-separator\">\u2013<\/span><span class=\"aioseo-breadcrumb\">\n\t<a href=\"https:\/\/www.eldigitaldeasturias.com\/noticias\/xlvii-edicion-del-dia-del-traje-tipico-ansotano\/\" title=\"XLVII Edici\u00f3n del D\u00eda del Traje T\u00edpico Ansotano\">XLVII Edici\u00f3n del D\u00eda del Traje T\u00edpico Ansotano<\/a>\n<\/span><\/div>","aioseo_breadcrumb_json":[{"label":"Home","link":"https:\/\/www.eldigitaldeasturias.com\/noticias"},{"label":"Actualidad","link":"https:\/\/www.eldigitaldeasturias.com\/noticias\/category\/actualidad\/"},{"label":"XLVII Edici\u00f3n del D\u00eda del Traje T\u00edpico Ansotano","link":"https:\/\/www.eldigitaldeasturias.com\/noticias\/xlvii-edicion-del-dia-del-traje-tipico-ansotano\/"}],"_links":{"self":[{"href":"https:\/\/www.eldigitaldeasturias.com\/noticias\/wp-json\/wp\/v2\/posts\/951012","targetHints":{"allow":["GET"]}}],"collection":[{"href":"https:\/\/www.eldigitaldeasturias.com\/noticias\/wp-json\/wp\/v2\/posts"}],"about":[{"href":"https:\/\/www.eldigitaldeasturias.com\/noticias\/wp-json\/wp\/v2\/types\/post"}],"author":[{"embeddable":true,"href":"https:\/\/www.eldigitaldeasturias.com\/noticias\/wp-json\/wp\/v2\/users\/1"}],"replies":[{"embeddable":true,"href":"https:\/\/www.eldigitaldeasturias.com\/noticias\/wp-json\/wp\/v2\/comments?post=951012"}],"version-history":[{"count":0,"href":"https:\/\/www.eldigitaldeasturias.com\/noticias\/wp-json\/wp\/v2\/posts\/951012\/revisions"}],"wp:attachment":[{"href":"https:\/\/www.eldigitaldeasturias.com\/noticias\/wp-json\/wp\/v2\/media?parent=951012"}],"wp:term":[{"taxonomy":"category","embeddable":true,"href":"https:\/\/www.eldigitaldeasturias.com\/noticias\/wp-json\/wp\/v2\/categories?post=951012"},{"taxonomy":"post_tag","embeddable":true,"href":"https:\/\/www.eldigitaldeasturias.com\/noticias\/wp-json\/wp\/v2\/tags?post=951012"}],"curies":[{"name":"wp","href":"https:\/\/api.w.org\/{rel}","templated":true}]}}