{"id":950966,"date":"2017-08-27T14:53:55","date_gmt":"2017-08-27T14:53:55","guid":{"rendered":"http:\/\/www.eldigitaldeasturias.com\/noticias\/?p=950966"},"modified":"2017-08-27T14:53:55","modified_gmt":"2017-08-27T14:53:55","slug":"aragon-pondra-en-marcha-este-curso-la-paddoc","status":"publish","type":"post","link":"https:\/\/www.eldigitaldeasturias.com\/noticias\/aragon-pondra-en-marcha-este-curso-la-paddoc\/","title":{"rendered":"Arag\u00f3n pondr\u00e1 en marcha este curso la PADDOC"},"content":{"rendered":"<p><img loading=\"lazy\" decoding=\"async\" class=\"alignleft size-medium wp-image-950967\" src=\"https:\/\/www.eldigitaldeasturias.com\/noticias\/wp-content\/uploads\/2017\/08\/imagenes_patriciag_empresas-360x159.jpg\" alt=\"\" width=\"360\" height=\"159\" \/>Departamento de Educaci\u00f3n, Cultura y Deporte del Gobierno de Arag\u00f3n pondr\u00e1 en marcha el pr\u00f3ximo curso 2017\/2018 una nueva plataforma de gesti\u00f3n de personal docente (PADDOC) que permitir\u00e1 tramitar la mayor parte de los procesos de forma telem\u00e1tica y, por tanto, agilizar la relaci\u00f3n entre la Administraci\u00f3n y los funcionarios docentes.<\/p>\n<p>Los primeros pasos de este proyecto se dar\u00e1n en la primera semana de septiembre, coincidiendo con el inicio de curso. Desde ese momento, los docentes podr\u00e1n identificarse en la aplicaci\u00f3n y gestionar sus datos personales. Adem\u00e1s, podr\u00e1n consultar sus m\u00e9ritos ya validados. Para acceder al sistema, las personas integrantes de las listas de interinos vigentes para el curso 2017-18 mantendr\u00e1n su mismo usuario y contrase\u00f1a, mientras que los nuevos candidatos que se incorporen posteriormente deber\u00e1n registrarse como nuevos usuarios.<\/p>\n<p>Tras esta primera fase, en torno a finales del mes de septiembre, los integrantes de la lista de espera podr\u00e1n utilizar la plataforma para participar en los actos semanales de elecci\u00f3n de vacantes o cualquier otro procedimiento convocado por el Departamento. Hasta ese momento, toda la informaci\u00f3n relativa a la puesta en marcha y funcionamiento de la nueva aplicaci\u00f3n ser\u00e1 publicada en la p\u00e1gina web del Departamento de Educaci\u00f3n (www.educaragon.org). En este sentido, para facilitar la adaptaci\u00f3n del usuario al nuevo sistema, se trabaja en la preparaci\u00f3n de una serie de tutoriales que se actualizar\u00e1n peri\u00f3dicamente.<\/p>\n<p>Una de las principales novedades de la plataforma PADDOC, que ya ha sido probada por sindicatos y por miembros del profesorado, ser\u00e1 la posibilidad de que los usuarios registrados en la aplicaci\u00f3n consulten en cualquier momento sus m\u00e9ritos ya validados por la Administraci\u00f3n, siempre con car\u00e1cter meramente informativo. La aportaci\u00f3n de nuevos m\u00e9ritos \u00fanicamente se podr\u00e1 efectuar cuando as\u00ed se establezca en las convocatorias de los distintos procesos del Departamento (nueva baremaci\u00f3n, oposiciones, etc), y se llevar\u00e1 a cabo de forma telem\u00e1tica mediante documentos digitalizados previamente.<\/p>\n<p>El Departamento de Educaci\u00f3n pretende avanzar en la direcci\u00f3n marcada por la Administraci\u00f3n Electr\u00f3nica y en la concienciaci\u00f3n de la sostenibilidad medioambiental mediante el consecuente ahorro de papel que la iniciativa va a suponer.<\/p>\n<p>&nbsp;<\/p>\n","protected":false},"excerpt":{"rendered":"<p>Departamento de Educaci\u00f3n, Cultura y Deporte del Gobierno de Arag\u00f3n pondr\u00e1 en marcha el pr\u00f3ximo curso 2017\/2018 una nueva plataforma de gesti\u00f3n de personal docente (PADDOC) que permitir\u00e1 tramitar la mayor parte de los procesos de forma telem\u00e1tica y, por tanto, agilizar la relaci\u00f3n entre la Administraci\u00f3n y los funcionarios docentes. Los primeros pasos de [&hellip;]<\/p>\n","protected":false},"author":1,"featured_media":950967,"comment_status":"closed","ping_status":"closed","sticky":false,"template":"","format":"standard","meta":{"footnotes":""},"categories":[1],"tags":[],"class_list":["post-950966","post","type-post","status-publish","format-standard","has-post-thumbnail","hentry","category-actualidad"],"aioseo_notices":[],"aioseo_head":"\n\t\t<!-- All in One SEO Pro 5.0.1 - aioseo.com -->\n\t<meta name=\"description\" content=\"Departamento de Educaci\u00f3n, Cultura y Deporte del Gobierno de Arag\u00f3n pondr\u00e1 en marcha el pr\u00f3ximo curso 2017\/2018 una nueva plataforma de gesti\u00f3n de personal docente (PADDOC) que permitir\u00e1 tramitar la mayor parte de los procesos de forma telem\u00e1tica y, por tanto, agilizar la relaci\u00f3n entre la Administraci\u00f3n y los funcionarios docentes. Los primeros pasos de\" \/>\n\t<meta name=\"robots\" content=\"max-image-preview:large\" \/>\n\t<meta name=\"author\" content=\"El Digital de Asturias\"\/>\n\t<meta name=\"google-site-verification\" content=\"UA-38556648-1\" \/>\n\t<meta name=\"msvalidate.01\" content=\"7dfe9f3f1b24437ab69f4f2559babe99\" \/>\n\t<meta name=\"keywords\" content=\"actualidad\" \/>\n\t<link rel=\"canonical\" href=\"https:\/\/www.eldigitaldeasturias.com\/noticias\/aragon-pondra-en-marcha-este-curso-la-paddoc\/\" \/>\n\t<meta name=\"generator\" content=\"All in One SEO Pro (AIOSEO) 5.0.1\" \/>\n\t\t<meta property=\"og:locale\" content=\"es_ES\" \/>\n\t\t<meta property=\"og:site_name\" content=\"El Digital de Asturias\" \/>\n\t\t<meta property=\"og:type\" content=\"article\" \/>\n\t\t<meta property=\"og:title\" content=\"Arag\u00f3n pondr\u00e1 en marcha este curso la PADDOC - El Digital de Asturias\" \/>\n\t\t<meta property=\"og:description\" content=\"Departamento de Educaci\u00f3n, Cultura y Deporte del Gobierno de Arag\u00f3n pondr\u00e1 en marcha el pr\u00f3ximo curso 2017\/2018 una nueva plataforma de gesti\u00f3n de personal docente (PADDOC) que permitir\u00e1 tramitar la mayor parte de los procesos de forma telem\u00e1tica y, por tanto, agilizar la relaci\u00f3n entre la Administraci\u00f3n y los funcionarios docentes. Los primeros pasos de\" \/>\n\t\t<meta property=\"og:url\" content=\"https:\/\/www.eldigitaldeasturias.com\/noticias\/aragon-pondra-en-marcha-este-curso-la-paddoc\/\" \/>\n\t\t<meta property=\"article:tag\" content=\"actualidad\" \/>\n\t\t<meta property=\"article:published_time\" content=\"2017-08-27T14:53:55+00:00\" \/>\n\t\t<meta property=\"article:modified_time\" content=\"2017-08-27T14:53:55+00:00\" \/>\n\t\t<meta property=\"article:publisher\" content=\"https:\/\/facebook.com\/eldigitaldeasturias\" \/>\n\t\t<meta name=\"twitter:card\" content=\"summary_large_image\" \/>\n\t\t<meta name=\"twitter:title\" content=\"Arag\u00f3n pondr\u00e1 en marcha este curso la PADDOC - El Digital de Asturias\" \/>\n\t\t<meta name=\"twitter:description\" content=\"Departamento de Educaci\u00f3n, Cultura y Deporte del Gobierno de Arag\u00f3n pondr\u00e1 en marcha el pr\u00f3ximo curso 2017\/2018 una nueva plataforma de gesti\u00f3n de personal docente (PADDOC) que permitir\u00e1 tramitar la mayor parte de los procesos de forma telem\u00e1tica y, por tanto, agilizar la relaci\u00f3n entre la Administraci\u00f3n y los funcionarios docentes. Los primeros pasos de\" \/>\n\t\t<meta name=\"twitter:image\" content=\"https:\/\/www.eldigitaldeasturias.com\/noticias\/wp-content\/uploads\/2020\/12\/EDA-1.jpg\" \/>\n\t\t<meta name=\"twitter:label1\" content=\"Escrito por\" \/>\n\t\t<meta name=\"twitter:data1\" content=\"El Digital de Asturias\" \/>\n\t\t<meta name=\"twitter:label2\" content=\"Tiempo de lectura estimado\" \/>\n\t\t<meta name=\"twitter:data2\" content=\"2 minutos\" \/>\n\t\t<script type=\"application\/ld+json\" class=\"aioseo-schema\">\n\t\t\t{\"@context\":\"https:\\\/\\\/schema.org\",\"@graph\":[{\"@type\":\"BlogPosting\",\"@id\":\"https:\\\/\\\/www.eldigitaldeasturias.com\\\/noticias\\\/aragon-pondra-en-marcha-este-curso-la-paddoc\\\/#blogposting\",\"name\":\"Arag\\u00f3n pondr\\u00e1 en marcha este curso la PADDOC - El Digital de Asturias\",\"headline\":\"Arag\\u00f3n pondr\\u00e1 en marcha este curso la PADDOC\",\"author\":{\"@id\":\"https:\\\/\\\/www.eldigitaldeasturias.com\\\/noticias\\\/author\\\/admin\\\/#author\"},\"publisher\":{\"@id\":\"https:\\\/\\\/www.eldigitaldeasturias.com\\\/noticias\\\/#organization\"},\"image\":{\"@type\":\"ImageObject\",\"url\":950967},\"datePublished\":\"2017-08-27T14:53:55+02:00\",\"dateModified\":\"2017-08-27T14:53:55+02:00\",\"inLanguage\":\"es-ES\",\"mainEntityOfPage\":{\"@id\":\"https:\\\/\\\/www.eldigitaldeasturias.com\\\/noticias\\\/aragon-pondra-en-marcha-este-curso-la-paddoc\\\/#webpage\"},\"isPartOf\":{\"@id\":\"https:\\\/\\\/www.eldigitaldeasturias.com\\\/noticias\\\/aragon-pondra-en-marcha-este-curso-la-paddoc\\\/#webpage\"},\"articleSection\":\"Actualidad\"},{\"@type\":\"BreadcrumbList\",\"@id\":\"https:\\\/\\\/www.eldigitaldeasturias.com\\\/noticias\\\/aragon-pondra-en-marcha-este-curso-la-paddoc\\\/#breadcrumblist\",\"itemListElement\":[{\"@type\":\"ListItem\",\"@id\":\"https:\\\/\\\/www.eldigitaldeasturias.com\\\/noticias#listItem\",\"position\":1,\"name\":\"Home\",\"item\":\"https:\\\/\\\/www.eldigitaldeasturias.com\\\/noticias\",\"nextItem\":{\"@type\":\"ListItem\",\"@id\":\"https:\\\/\\\/www.eldigitaldeasturias.com\\\/noticias\\\/category\\\/actualidad\\\/#listItem\",\"name\":\"Actualidad\"}},{\"@type\":\"ListItem\",\"@id\":\"https:\\\/\\\/www.eldigitaldeasturias.com\\\/noticias\\\/category\\\/actualidad\\\/#listItem\",\"position\":2,\"name\":\"Actualidad\",\"item\":\"https:\\\/\\\/www.eldigitaldeasturias.com\\\/noticias\\\/category\\\/actualidad\\\/\",\"nextItem\":{\"@type\":\"ListItem\",\"@id\":\"https:\\\/\\\/www.eldigitaldeasturias.com\\\/noticias\\\/aragon-pondra-en-marcha-este-curso-la-paddoc\\\/#listItem\",\"name\":\"Arag\\u00f3n pondr\\u00e1 en marcha este curso la PADDOC\"},\"previousItem\":{\"@type\":\"ListItem\",\"@id\":\"https:\\\/\\\/www.eldigitaldeasturias.com\\\/noticias#listItem\",\"name\":\"Home\"}},{\"@type\":\"ListItem\",\"@id\":\"https:\\\/\\\/www.eldigitaldeasturias.com\\\/noticias\\\/aragon-pondra-en-marcha-este-curso-la-paddoc\\\/#listItem\",\"position\":3,\"name\":\"Arag\\u00f3n pondr\\u00e1 en marcha este curso la PADDOC\",\"previousItem\":{\"@type\":\"ListItem\",\"@id\":\"https:\\\/\\\/www.eldigitaldeasturias.com\\\/noticias\\\/category\\\/actualidad\\\/#listItem\",\"name\":\"Actualidad\"}}]},{\"@type\":\"Organization\",\"@id\":\"https:\\\/\\\/www.eldigitaldeasturias.com\\\/noticias\\\/#organization\",\"name\":\"El Digital de Asturias\",\"description\":\"Hemeroteca\",\"url\":\"https:\\\/\\\/www.eldigitaldeasturias.com\\\/noticias\\\/\",\"email\":\"info@eldigitaldeasturias.com\",\"telephone\":\"+34652131393\",\"logo\":{\"@type\":\"ImageObject\",\"url\":\"https:\\\/\\\/www.eldigitaldeasturias.com\\\/noticias\\\/wp-content\\\/uploads\\\/2020\\\/12\\\/EDA.jpg\",\"@id\":\"https:\\\/\\\/www.eldigitaldeasturias.com\\\/noticias\\\/aragon-pondra-en-marcha-este-curso-la-paddoc\\\/#organizationLogo\"},\"image\":{\"@id\":\"https:\\\/\\\/www.eldigitaldeasturias.com\\\/noticias\\\/aragon-pondra-en-marcha-este-curso-la-paddoc\\\/#organizationLogo\"},\"sameAs\":[\"https:\\\/\\\/facebook.com\\\/eldigitaldeasturias\",\"https:\\\/\\\/www.youtube.com\\\/channel\\\/UCZP-2wLEB9Rv6erhFmqVnvg\"],\"address\":{\"@id\":\"https:\\\/\\\/www.eldigitaldeasturias.com\\\/noticias\\\/#postaladdress\",\"@type\":\"PostalAddress\",\"streetAddress\":\"san antonio 4\",\"postalCode\":\"33430\",\"addressLocality\":\"Cand\\u00e1s\",\"addressRegion\":\"Asturias\",\"addressCountry\":\"ES\"}},{\"@type\":\"Person\",\"@id\":\"https:\\\/\\\/www.eldigitaldeasturias.com\\\/noticias\\\/author\\\/admin\\\/#author\",\"url\":\"https:\\\/\\\/www.eldigitaldeasturias.com\\\/noticias\\\/author\\\/admin\\\/\",\"name\":\"El Digital de Asturias\",\"image\":{\"@type\":\"ImageObject\",\"@id\":\"https:\\\/\\\/www.eldigitaldeasturias.com\\\/noticias\\\/aragon-pondra-en-marcha-este-curso-la-paddoc\\\/#authorImage\",\"url\":\"https:\\\/\\\/secure.gravatar.com\\\/avatar\\\/df2aeffc32bcd13f8d26072ef8a91b623d677766deac7f97ca815868cd41bf5e?s=96&d=mm&r=g\",\"width\":96,\"height\":96,\"caption\":\"El Digital de Asturias\"}},{\"@type\":\"WebPage\",\"@id\":\"https:\\\/\\\/www.eldigitaldeasturias.com\\\/noticias\\\/aragon-pondra-en-marcha-este-curso-la-paddoc\\\/#webpage\",\"url\":\"https:\\\/\\\/www.eldigitaldeasturias.com\\\/noticias\\\/aragon-pondra-en-marcha-este-curso-la-paddoc\\\/\",\"name\":\"Arag\\u00f3n pondr\\u00e1 en marcha este curso la PADDOC - El Digital de Asturias\",\"description\":\"Departamento de Educaci\\u00f3n, Cultura y Deporte del Gobierno de Arag\\u00f3n pondr\\u00e1 en marcha el pr\\u00f3ximo curso 2017\\\/2018 una nueva plataforma de gesti\\u00f3n de personal docente (PADDOC) que permitir\\u00e1 tramitar la mayor parte de los procesos de forma telem\\u00e1tica y, por tanto, agilizar la relaci\\u00f3n entre la Administraci\\u00f3n y los funcionarios docentes. Los primeros pasos de\",\"inLanguage\":\"es-ES\",\"isPartOf\":{\"@id\":\"https:\\\/\\\/www.eldigitaldeasturias.com\\\/noticias\\\/#website\"},\"breadcrumb\":{\"@id\":\"https:\\\/\\\/www.eldigitaldeasturias.com\\\/noticias\\\/aragon-pondra-en-marcha-este-curso-la-paddoc\\\/#breadcrumblist\"},\"author\":{\"@id\":\"https:\\\/\\\/www.eldigitaldeasturias.com\\\/noticias\\\/author\\\/admin\\\/#author\"},\"creator\":{\"@id\":\"https:\\\/\\\/www.eldigitaldeasturias.com\\\/noticias\\\/author\\\/admin\\\/#author\"},\"image\":{\"@type\":\"ImageObject\",\"url\":950967,\"@id\":\"https:\\\/\\\/www.eldigitaldeasturias.com\\\/noticias\\\/aragon-pondra-en-marcha-este-curso-la-paddoc\\\/#mainImage\"},\"primaryImageOfPage\":{\"@id\":\"https:\\\/\\\/www.eldigitaldeasturias.com\\\/noticias\\\/aragon-pondra-en-marcha-este-curso-la-paddoc\\\/#mainImage\"},\"datePublished\":\"2017-08-27T14:53:55+02:00\",\"dateModified\":\"2017-08-27T14:53:55+02:00\"},{\"@type\":\"WebSite\",\"@id\":\"https:\\\/\\\/www.eldigitaldeasturias.com\\\/noticias\\\/#website\",\"url\":\"https:\\\/\\\/www.eldigitaldeasturias.com\\\/noticias\\\/\",\"name\":\"El Digital de Asturias - Diario de actualidad y noticias\",\"alternateName\":\"El Digital de Asturias - Diario de actualidad y noticias\",\"description\":\"Hemeroteca\",\"inLanguage\":\"es-ES\",\"publisher\":{\"@id\":\"https:\\\/\\\/www.eldigitaldeasturias.com\\\/noticias\\\/#organization\"}}]}\n\t\t<\/script>\n\t\t<!-- All in One SEO Pro -->\r\n\t\t<title>Arag\u00f3n pondr\u00e1 en marcha este curso la PADDOC - El Digital de Asturias<\/title>\n\n","aioseo_head_json":{"title":"Arag\u00f3n pondr\u00e1 en marcha este curso la PADDOC - El Digital de Asturias","description":"Departamento de Educaci\u00f3n, Cultura y Deporte del Gobierno de Arag\u00f3n pondr\u00e1 en marcha el pr\u00f3ximo curso 2017\/2018 una nueva plataforma de gesti\u00f3n de personal docente (PADDOC) que permitir\u00e1 tramitar la mayor parte de los procesos de forma telem\u00e1tica y, por tanto, agilizar la relaci\u00f3n entre la Administraci\u00f3n y los funcionarios docentes. Los primeros pasos de","canonical_url":"https:\/\/www.eldigitaldeasturias.com\/noticias\/aragon-pondra-en-marcha-este-curso-la-paddoc\/","robots":"max-image-preview:large","keywords":"actualidad","webmasterTools":{"google-site-verification":"UA-38556648-1","msvalidate.01":"7dfe9f3f1b24437ab69f4f2559babe99","miscellaneous":""},"schema":{"@context":"https:\/\/schema.org","@graph":[{"@type":"BlogPosting","@id":"https:\/\/www.eldigitaldeasturias.com\/noticias\/aragon-pondra-en-marcha-este-curso-la-paddoc\/#blogposting","name":"Arag\u00f3n pondr\u00e1 en marcha este curso la PADDOC - El Digital de Asturias","headline":"Arag\u00f3n pondr\u00e1 en marcha este curso la PADDOC","author":{"@id":"https:\/\/www.eldigitaldeasturias.com\/noticias\/author\/admin\/#author"},"publisher":{"@id":"https:\/\/www.eldigitaldeasturias.com\/noticias\/#organization"},"image":{"@type":"ImageObject","url":950967},"datePublished":"2017-08-27T14:53:55+02:00","dateModified":"2017-08-27T14:53:55+02:00","inLanguage":"es-ES","mainEntityOfPage":{"@id":"https:\/\/www.eldigitaldeasturias.com\/noticias\/aragon-pondra-en-marcha-este-curso-la-paddoc\/#webpage"},"isPartOf":{"@id":"https:\/\/www.eldigitaldeasturias.com\/noticias\/aragon-pondra-en-marcha-este-curso-la-paddoc\/#webpage"},"articleSection":"Actualidad"},{"@type":"BreadcrumbList","@id":"https:\/\/www.eldigitaldeasturias.com\/noticias\/aragon-pondra-en-marcha-este-curso-la-paddoc\/#breadcrumblist","itemListElement":[{"@type":"ListItem","@id":"https:\/\/www.eldigitaldeasturias.com\/noticias#listItem","position":1,"name":"Home","item":"https:\/\/www.eldigitaldeasturias.com\/noticias","nextItem":{"@type":"ListItem","@id":"https:\/\/www.eldigitaldeasturias.com\/noticias\/category\/actualidad\/#listItem","name":"Actualidad"}},{"@type":"ListItem","@id":"https:\/\/www.eldigitaldeasturias.com\/noticias\/category\/actualidad\/#listItem","position":2,"name":"Actualidad","item":"https:\/\/www.eldigitaldeasturias.com\/noticias\/category\/actualidad\/","nextItem":{"@type":"ListItem","@id":"https:\/\/www.eldigitaldeasturias.com\/noticias\/aragon-pondra-en-marcha-este-curso-la-paddoc\/#listItem","name":"Arag\u00f3n pondr\u00e1 en marcha este curso la PADDOC"},"previousItem":{"@type":"ListItem","@id":"https:\/\/www.eldigitaldeasturias.com\/noticias#listItem","name":"Home"}},{"@type":"ListItem","@id":"https:\/\/www.eldigitaldeasturias.com\/noticias\/aragon-pondra-en-marcha-este-curso-la-paddoc\/#listItem","position":3,"name":"Arag\u00f3n pondr\u00e1 en marcha este curso la PADDOC","previousItem":{"@type":"ListItem","@id":"https:\/\/www.eldigitaldeasturias.com\/noticias\/category\/actualidad\/#listItem","name":"Actualidad"}}]},{"@type":"Organization","@id":"https:\/\/www.eldigitaldeasturias.com\/noticias\/#organization","name":"El Digital de Asturias","description":"Hemeroteca","url":"https:\/\/www.eldigitaldeasturias.com\/noticias\/","email":"info@eldigitaldeasturias.com","telephone":"+34652131393","logo":{"@type":"ImageObject","url":"https:\/\/www.eldigitaldeasturias.com\/noticias\/wp-content\/uploads\/2020\/12\/EDA.jpg","@id":"https:\/\/www.eldigitaldeasturias.com\/noticias\/aragon-pondra-en-marcha-este-curso-la-paddoc\/#organizationLogo"},"image":{"@id":"https:\/\/www.eldigitaldeasturias.com\/noticias\/aragon-pondra-en-marcha-este-curso-la-paddoc\/#organizationLogo"},"sameAs":["https:\/\/facebook.com\/eldigitaldeasturias","https:\/\/www.youtube.com\/channel\/UCZP-2wLEB9Rv6erhFmqVnvg"],"address":{"@id":"https:\/\/www.eldigitaldeasturias.com\/noticias\/#postaladdress","@type":"PostalAddress","streetAddress":"san antonio 4","postalCode":"33430","addressLocality":"Cand\u00e1s","addressRegion":"Asturias","addressCountry":"ES"}},{"@type":"Person","@id":"https:\/\/www.eldigitaldeasturias.com\/noticias\/author\/admin\/#author","url":"https:\/\/www.eldigitaldeasturias.com\/noticias\/author\/admin\/","name":"El Digital de Asturias","image":{"@type":"ImageObject","@id":"https:\/\/www.eldigitaldeasturias.com\/noticias\/aragon-pondra-en-marcha-este-curso-la-paddoc\/#authorImage","url":"https:\/\/secure.gravatar.com\/avatar\/df2aeffc32bcd13f8d26072ef8a91b623d677766deac7f97ca815868cd41bf5e?s=96&d=mm&r=g","width":96,"height":96,"caption":"El Digital de Asturias"}},{"@type":"WebPage","@id":"https:\/\/www.eldigitaldeasturias.com\/noticias\/aragon-pondra-en-marcha-este-curso-la-paddoc\/#webpage","url":"https:\/\/www.eldigitaldeasturias.com\/noticias\/aragon-pondra-en-marcha-este-curso-la-paddoc\/","name":"Arag\u00f3n pondr\u00e1 en marcha este curso la PADDOC - El Digital de Asturias","description":"Departamento de Educaci\u00f3n, Cultura y Deporte del Gobierno de Arag\u00f3n pondr\u00e1 en marcha el pr\u00f3ximo curso 2017\/2018 una nueva plataforma de gesti\u00f3n de personal docente (PADDOC) que permitir\u00e1 tramitar la mayor parte de los procesos de forma telem\u00e1tica y, por tanto, agilizar la relaci\u00f3n entre la Administraci\u00f3n y los funcionarios docentes. Los primeros pasos de","inLanguage":"es-ES","isPartOf":{"@id":"https:\/\/www.eldigitaldeasturias.com\/noticias\/#website"},"breadcrumb":{"@id":"https:\/\/www.eldigitaldeasturias.com\/noticias\/aragon-pondra-en-marcha-este-curso-la-paddoc\/#breadcrumblist"},"author":{"@id":"https:\/\/www.eldigitaldeasturias.com\/noticias\/author\/admin\/#author"},"creator":{"@id":"https:\/\/www.eldigitaldeasturias.com\/noticias\/author\/admin\/#author"},"image":{"@type":"ImageObject","url":950967,"@id":"https:\/\/www.eldigitaldeasturias.com\/noticias\/aragon-pondra-en-marcha-este-curso-la-paddoc\/#mainImage"},"primaryImageOfPage":{"@id":"https:\/\/www.eldigitaldeasturias.com\/noticias\/aragon-pondra-en-marcha-este-curso-la-paddoc\/#mainImage"},"datePublished":"2017-08-27T14:53:55+02:00","dateModified":"2017-08-27T14:53:55+02:00"},{"@type":"WebSite","@id":"https:\/\/www.eldigitaldeasturias.com\/noticias\/#website","url":"https:\/\/www.eldigitaldeasturias.com\/noticias\/","name":"El Digital de Asturias - Diario de actualidad y noticias","alternateName":"El Digital de Asturias - Diario de actualidad y noticias","description":"Hemeroteca","inLanguage":"es-ES","publisher":{"@id":"https:\/\/www.eldigitaldeasturias.com\/noticias\/#organization"}}]},"og:locale":"es_ES","og:site_name":"El Digital de Asturias","og:type":"article","og:title":"Arag\u00f3n pondr\u00e1 en marcha este curso la PADDOC - El Digital de Asturias","og:description":"Departamento de Educaci\u00f3n, Cultura y Deporte del Gobierno de Arag\u00f3n pondr\u00e1 en marcha el pr\u00f3ximo curso 2017\/2018 una nueva plataforma de gesti\u00f3n de personal docente (PADDOC) que permitir\u00e1 tramitar la mayor parte de los procesos de forma telem\u00e1tica y, por tanto, agilizar la relaci\u00f3n entre la Administraci\u00f3n y los funcionarios docentes. Los primeros pasos de","og:url":"https:\/\/www.eldigitaldeasturias.com\/noticias\/aragon-pondra-en-marcha-este-curso-la-paddoc\/","article:tag":["actualidad"],"article:published_time":"2017-08-27T14:53:55+00:00","article:modified_time":"2017-08-27T14:53:55+00:00","article:publisher":"https:\/\/facebook.com\/eldigitaldeasturias","twitter:card":"summary_large_image","twitter:title":"Arag\u00f3n pondr\u00e1 en marcha este curso la PADDOC - El Digital de Asturias","twitter:description":"Departamento de Educaci\u00f3n, Cultura y Deporte del Gobierno de Arag\u00f3n pondr\u00e1 en marcha el pr\u00f3ximo curso 2017\/2018 una nueva plataforma de gesti\u00f3n de personal docente (PADDOC) que permitir\u00e1 tramitar la mayor parte de los procesos de forma telem\u00e1tica y, por tanto, agilizar la relaci\u00f3n entre la Administraci\u00f3n y los funcionarios docentes. Los primeros pasos de","twitter:image":"https:\/\/www.eldigitaldeasturias.com\/noticias\/wp-content\/uploads\/2020\/12\/EDA-1.jpg","twitter:label1":"Escrito por","twitter:data1":"El Digital de Asturias","twitter:label2":"Tiempo de lectura estimado","twitter:data2":"2 minutos"},"aioseo_meta_data":{"post_id":"950966","title":null,"description":null,"keywords":null,"keyphrases":null,"primary_term":null,"canonical_url":null,"og_title":null,"og_description":null,"og_object_type":"default","og_image_type":"default","og_image_url":null,"og_image_width":null,"og_image_height":null,"og_image_custom_url":null,"og_image_custom_fields":null,"og_video":null,"og_custom_url":null,"og_article_section":null,"og_article_tags":null,"twitter_use_og":false,"twitter_card":"default","twitter_image_type":"default","twitter_image_url":null,"twitter_image_custom_url":null,"twitter_image_custom_fields":null,"twitter_title":null,"twitter_description":null,"schema":{"blockGraphs":[],"customGraphs":[],"default":{"data":{"Article":[],"Course":[],"Dataset":[],"FAQPage":[],"Movie":[],"Person":[],"Product":[],"ProductReview":[],"Car":[],"Recipe":[],"Service":[],"SoftwareApplication":[],"WebPage":[]},"graphName":"","isEnabled":true},"graphs":[],"defaultGraph":"","defaultPostTypeGraph":""},"schema_type":null,"schema_type_options":null,"pillar_content":false,"robots_default":true,"robots_noindex":false,"robots_noarchive":false,"robots_nosnippet":false,"robots_nofollow":false,"robots_noimageindex":false,"robots_noodp":false,"robots_notranslate":false,"robots_max_snippet":null,"robots_max_videopreview":null,"robots_max_imagepreview":"large","priority":null,"frequency":null,"local_seo":null,"seo_analyzer_scan_date":"2025-12-05 17:38:06","breadcrumb_settings":null,"limit_modified_date":false,"open_ai":null,"ai":null,"created":"2020-12-21 12:58:26","updated":"2025-12-05 17:38:06","focus_keyword":null,"additional_keywords":null,"truseo_locale":null},"aioseo_breadcrumb":"<div class=\"aioseo-breadcrumbs\"><span class=\"aioseo-breadcrumb\">\n\t<a href=\"https:\/\/www.eldigitaldeasturias.com\/noticias\" title=\"Home\">Home<\/a>\n<\/span><span class=\"aioseo-breadcrumb-separator\">\u2013<\/span><span class=\"aioseo-breadcrumb\">\n\t<a href=\"https:\/\/www.eldigitaldeasturias.com\/noticias\/category\/actualidad\/\" title=\"Actualidad\">Actualidad<\/a>\n<\/span><span class=\"aioseo-breadcrumb-separator\">\u2013<\/span><span class=\"aioseo-breadcrumb\">\n\t<a href=\"https:\/\/www.eldigitaldeasturias.com\/noticias\/aragon-pondra-en-marcha-este-curso-la-paddoc\/\" title=\"Arag\u00f3n pondr\u00e1 en marcha este curso la PADDOC\">Arag\u00f3n pondr\u00e1 en marcha este curso la PADDOC<\/a>\n<\/span><\/div>","aioseo_breadcrumb_json":[{"label":"Home","link":"https:\/\/www.eldigitaldeasturias.com\/noticias"},{"label":"Actualidad","link":"https:\/\/www.eldigitaldeasturias.com\/noticias\/category\/actualidad\/"},{"label":"Arag\u00f3n pondr\u00e1 en marcha este curso la PADDOC","link":"https:\/\/www.eldigitaldeasturias.com\/noticias\/aragon-pondra-en-marcha-este-curso-la-paddoc\/"}],"_links":{"self":[{"href":"https:\/\/www.eldigitaldeasturias.com\/noticias\/wp-json\/wp\/v2\/posts\/950966","targetHints":{"allow":["GET"]}}],"collection":[{"href":"https:\/\/www.eldigitaldeasturias.com\/noticias\/wp-json\/wp\/v2\/posts"}],"about":[{"href":"https:\/\/www.eldigitaldeasturias.com\/noticias\/wp-json\/wp\/v2\/types\/post"}],"author":[{"embeddable":true,"href":"https:\/\/www.eldigitaldeasturias.com\/noticias\/wp-json\/wp\/v2\/users\/1"}],"replies":[{"embeddable":true,"href":"https:\/\/www.eldigitaldeasturias.com\/noticias\/wp-json\/wp\/v2\/comments?post=950966"}],"version-history":[{"count":0,"href":"https:\/\/www.eldigitaldeasturias.com\/noticias\/wp-json\/wp\/v2\/posts\/950966\/revisions"}],"wp:attachment":[{"href":"https:\/\/www.eldigitaldeasturias.com\/noticias\/wp-json\/wp\/v2\/media?parent=950966"}],"wp:term":[{"taxonomy":"category","embeddable":true,"href":"https:\/\/www.eldigitaldeasturias.com\/noticias\/wp-json\/wp\/v2\/categories?post=950966"},{"taxonomy":"post_tag","embeddable":true,"href":"https:\/\/www.eldigitaldeasturias.com\/noticias\/wp-json\/wp\/v2\/tags?post=950966"}],"curies":[{"name":"wp","href":"https:\/\/api.w.org\/{rel}","templated":true}]}}