{"id":950952,"date":"2017-08-26T20:15:46","date_gmt":"2017-08-26T20:15:46","guid":{"rendered":"http:\/\/www.eldigitaldeasturias.com\/noticias\/?p=950952"},"modified":"2017-08-26T20:15:46","modified_gmt":"2017-08-26T20:15:46","slug":"liberados-ocho-visones-europeos-en-el-rio-aragon","status":"publish","type":"post","link":"https:\/\/www.eldigitaldeasturias.com\/noticias\/liberados-ocho-visones-europeos-en-el-rio-aragon\/","title":{"rendered":"Liberados ocho visones europeos en el r\u00edo Arag\u00f3n"},"content":{"rendered":"<p><img loading=\"lazy\" decoding=\"async\" class=\"alignleft size-medium wp-image-950953\" src=\"https:\/\/www.eldigitaldeasturias.com\/noticias\/wp-content\/uploads\/2017\/08\/20170821_liberacion-360x159.jpg\" alt=\"\" width=\"360\" height=\"159\" \/>T\u00e9cnicos y APN de Gobierno de Arag\u00f3n, junto con t\u00e9cnicos de la empresa Tragsatec y personal de la Asociaci\u00f3n Vis\u00f3n Europeo, han llevado a cabo la liberaci\u00f3n al medio natural de ocho de los ejemplares de este must\u00e9lido semiacu\u00e1tico en situaci\u00f3n cr\u00edtica que la pasada semana fueron equipados con radioemisores en las instalaciones del Centro de Recuperaci\u00f3n de Fauna Silvestre de La Alfranca (Zaragoza). Los animales se han liberado en varios puntos cercanos entre s\u00ed del r\u00edo Arag\u00f3n, entre Jaca y el embalse de Yesa.<\/p>\n<p>Por el momento, los visones europeos se han instalado en los alrededores de los puntos de suelta, seg\u00fan revela el radioseguimiento y otras t\u00e9cnicas de rastreo como las c\u00e1maras de fototrampeo o la b\u00fasqueda de huellas, puestas en marcha por el equipo del proyecto para asegurar la monitorizaci\u00f3n de la actividad de los ejemplares durante los primeros d\u00edas tras su liberaci\u00f3n.<\/p>\n<p>A juzgar por los datos obtenidos con car\u00e1cter previo a la puesta en marcha del proyecto de liberaci\u00f3n, esta zona del r\u00edo Arag\u00f3n parece ofrecer una amplia superficie de h\u00e1bitat adecuado para la especie, con abundante alimento y refugio. Esto, junto con la ausencia de vis\u00f3n americano, ha determinado que haya sido evaluada como id\u00f3nea para este proyecto que se t\u00e9cnicamente se denomina de colonizaci\u00f3n asistida. Hay que recordar que el vis\u00f3n americano es una especie ex\u00f3tica invasora que, cuando aparece, excluye al vis\u00f3n europeo y constituye por eso la principal amenaza para la supervivencia de la especie aut\u00f3ctona, m\u00e1s peque\u00f1a y en situaci\u00f3n cr\u00edtica precisamente por la expansi\u00f3n de su pariente for\u00e1neo.<\/p>\n<p>Las buenas caracter\u00edsticas de este enclave fluvial del Alto Arag\u00f3n pueden favorecer las posibilidades de supervivencia de los ejemplares de vis\u00f3n europeo, a lo que tambi\u00e9n ayudar\u00e1n las habilidades que han adquirido durante su aprendizaje en los jaulones de presuelta o aclimataci\u00f3n del Centro de Recuperaci\u00f3n de Fauna Silvestre del Gobierno de Arag\u00f3n. No obstante, conviene se\u00f1alar que, como en muchas otras especies animales, la mortalidad en los primeros meses de emancipaci\u00f3n de los j\u00f3venes visones es alta de manera natural, y tambi\u00e9n lo ha sido en la mayor\u00eda de los proyectos de liberaci\u00f3n llevados a cabo hasta el momento en otras zonas.<\/p>\n<p>A los ocho ejemplares ahora liberados, y que forman las familias de las hembras Kobeta e Is\u00e1bena que llegaron pre\u00f1adas al centro de recuperaci\u00f3n all\u00e1 por el mes de mayo, se les unir\u00e1n muy pronto otros tres m\u00e1s, uno de ellos a\u00fan permanece en La Alfranca y otros dos llegar\u00e1n en breve desde las instalaciones del centro de cr\u00eda de \u00c1lava.<\/p>\n<p>Todos estos animales provienen del programa de cr\u00eda en cautividad espa\u00f1ol para la especie, que a su vez forma parte del conjunto de actuaciones que diferentes administraciones, y entre ellas el Gobierno de Arag\u00f3n, vienen realizando para la conservaci\u00f3n de la misma desde hace d\u00e9cadas. Acciones que van desde la elaboraci\u00f3n y aprobaci\u00f3n de una estrategia nacional de conservaci\u00f3n del vis\u00f3n europeo hasta la ejecuci\u00f3n de laboriosos seguimientos de campo, pasando por el control y regulaci\u00f3n de las granjas de vis\u00f3n americano o el mantenimiento en cautividad de una parte de la poblaci\u00f3n natural para desarrollar las acciones de conservaci\u00f3n ex situ. Esfuerzos, todos ellos, realizados durante mucho tiempo por muchas personas de distintas entidades y administraciones.<\/p>\n<p>Por ello, cuando se pone en marcha una acci\u00f3n dirigida a que la especie se establezca en una nueva zona en la que podr\u00eda llegar a prosperar de manera natural, se abre un atisbo de esperanza para conseguir que el vis\u00f3n europeo no desaparezca del continente. Tal es la relevancia de la labor llevada a cabo que ha sido rese\u00f1ada como noticia en la p\u00e1gina web de la prestigiosa <span style=\"color: #ff0000;\"><strong><em>revista cient\u00edfica Science<\/em> <\/strong><\/span><\/p>\n<p><strong>El proyecto LIFE+ LUTREOLA SPAIN<\/strong><\/p>\n<p>La colonizaci\u00f3n asistida en el r\u00edo Arag\u00f3n es una de las acciones que incluye el Proyecto LIFE+ LUTREOLA SPAIN, cofinanciado al 75% por la Comisi\u00f3n Europea y coordinado por Tragsatec. El Gobierno de Arag\u00f3n es uno de sus socios junto con la Diputaci\u00f3n Foral de \u00c1lava, la Diputaci\u00f3n Foral de Guip\u00fazcoa, la Diputaci\u00f3n Foral de Vizcaya, el Ayuntamiento de Vitoria-Gasteiz, el Gobierno de La Rioja, la Generalitat Valenciana, el Parque de Naturaleza Senda Viva y la Asociaci\u00f3n Vis\u00f3n Europeo.<\/p>\n<p>El proyecto incluye otras acciones de liberaci\u00f3n de ejemplares que se llevar\u00e1n a cabo por el resto de los socios, ya sea para reforzar poblaciones preexistentes o para la recuperaci\u00f3n de poblaciones desaparecidas, una vez controlados los factores que han llevado a esa situaci\u00f3n.<\/p>\n<p>Y precisamente el control del vis\u00f3n americano, como principal factor de amenaza, es otra de las importantes l\u00edneas de trabajo de este proyecto, en la que las diferentes comunidades aut\u00f3nomas implicadas invierten un gran esfuerzo.<\/p>\n<p>Hay que recordar que el vis\u00f3n europeo es considerado actualmente el mam\u00edfero m\u00e1s amenazado de Europa, ya que ha visto reducida en m\u00e1s de un 95% su \u00e1rea de distribuci\u00f3n original, hall\u00e1ndose actualmente constatada la presencia en Espa\u00f1a de no m\u00e1s de 500 individuos que podr\u00edan desaparecer en unos cinco a\u00f1os.<\/p>\n<p>Esta situaci\u00f3n hizo que el pasado mes de julio se incluyera al vis\u00f3n europeo, junto a otras seis especies, en el acuerdo de la Conferencia Sectorial de Medio Ambiente para declararlas en \u201cSituaci\u00f3n Cr\u00edtica\u201d, lo que supondr\u00e1 el reconociendo por parte del Ministerio de Agricultura y Pesca, Alimentaci\u00f3n y Medio Ambiente (Mapama) de la existencia de un riesgo inminente de extinci\u00f3n y la consideraci\u00f3n del vis\u00f3n europeo como especie prioritaria, tanto para la asignaci\u00f3n de recursos econ\u00f3micos como para la adopci\u00f3n de medidas urgentes de actuaci\u00f3n.<\/p>\n","protected":false},"excerpt":{"rendered":"<p>T\u00e9cnicos y APN de Gobierno de Arag\u00f3n, junto con t\u00e9cnicos de la empresa Tragsatec y personal de la Asociaci\u00f3n Vis\u00f3n Europeo, han llevado a cabo la liberaci\u00f3n al medio natural de ocho de los ejemplares de este must\u00e9lido semiacu\u00e1tico en situaci\u00f3n cr\u00edtica que la pasada semana fueron equipados con radioemisores en las instalaciones del Centro [&hellip;]<\/p>\n","protected":false},"author":1,"featured_media":950953,"comment_status":"closed","ping_status":"closed","sticky":false,"template":"","format":"standard","meta":{"footnotes":""},"categories":[1],"tags":[],"class_list":["post-950952","post","type-post","status-publish","format-standard","has-post-thumbnail","hentry","category-actualidad"],"aioseo_notices":[],"aioseo_head":"\n\t\t<!-- All in One SEO Pro 5.0.1 - aioseo.com -->\n\t<meta name=\"description\" content=\"T\u00e9cnicos y APN de Gobierno de Arag\u00f3n, junto con t\u00e9cnicos de la empresa Tragsatec y personal de la Asociaci\u00f3n Vis\u00f3n Europeo, han llevado a cabo la liberaci\u00f3n al medio natural de ocho de los ejemplares de este must\u00e9lido semiacu\u00e1tico en situaci\u00f3n cr\u00edtica que la pasada semana fueron equipados con radioemisores en las instalaciones del Centro\" \/>\n\t<meta name=\"robots\" content=\"max-image-preview:large\" \/>\n\t<meta name=\"author\" content=\"El Digital de Asturias\"\/>\n\t<meta name=\"google-site-verification\" content=\"UA-38556648-1\" \/>\n\t<meta name=\"msvalidate.01\" content=\"7dfe9f3f1b24437ab69f4f2559babe99\" \/>\n\t<meta name=\"keywords\" content=\"actualidad\" \/>\n\t<link rel=\"canonical\" href=\"https:\/\/www.eldigitaldeasturias.com\/noticias\/liberados-ocho-visones-europeos-en-el-rio-aragon\/\" \/>\n\t<meta name=\"generator\" content=\"All in One SEO Pro (AIOSEO) 5.0.1\" \/>\n\t\t<meta property=\"og:locale\" content=\"es_ES\" \/>\n\t\t<meta property=\"og:site_name\" content=\"El Digital de Asturias\" \/>\n\t\t<meta property=\"og:type\" content=\"article\" \/>\n\t\t<meta property=\"og:title\" content=\"Liberados ocho visones europeos en el r\u00edo Arag\u00f3n - El Digital de Asturias\" \/>\n\t\t<meta property=\"og:description\" content=\"T\u00e9cnicos y APN de Gobierno de Arag\u00f3n, junto con t\u00e9cnicos de la empresa Tragsatec y personal de la Asociaci\u00f3n Vis\u00f3n Europeo, han llevado a cabo la liberaci\u00f3n al medio natural de ocho de los ejemplares de este must\u00e9lido semiacu\u00e1tico en situaci\u00f3n cr\u00edtica que la pasada semana fueron equipados con radioemisores en las instalaciones del Centro\" \/>\n\t\t<meta property=\"og:url\" content=\"https:\/\/www.eldigitaldeasturias.com\/noticias\/liberados-ocho-visones-europeos-en-el-rio-aragon\/\" \/>\n\t\t<meta property=\"article:tag\" content=\"actualidad\" \/>\n\t\t<meta property=\"article:published_time\" content=\"2017-08-26T20:15:46+00:00\" \/>\n\t\t<meta property=\"article:modified_time\" content=\"2017-08-26T20:15:46+00:00\" \/>\n\t\t<meta property=\"article:publisher\" content=\"https:\/\/facebook.com\/eldigitaldeasturias\" \/>\n\t\t<meta name=\"twitter:card\" content=\"summary_large_image\" \/>\n\t\t<meta name=\"twitter:title\" content=\"Liberados ocho visones europeos en el r\u00edo Arag\u00f3n - El Digital de Asturias\" \/>\n\t\t<meta name=\"twitter:description\" content=\"T\u00e9cnicos y APN de Gobierno de Arag\u00f3n, junto con t\u00e9cnicos de la empresa Tragsatec y personal de la Asociaci\u00f3n Vis\u00f3n Europeo, han llevado a cabo la liberaci\u00f3n al medio natural de ocho de los ejemplares de este must\u00e9lido semiacu\u00e1tico en situaci\u00f3n cr\u00edtica que la pasada semana fueron equipados con radioemisores en las instalaciones del Centro\" \/>\n\t\t<meta name=\"twitter:image\" content=\"https:\/\/www.eldigitaldeasturias.com\/noticias\/wp-content\/uploads\/2020\/12\/EDA-1.jpg\" \/>\n\t\t<meta name=\"twitter:label1\" content=\"Escrito por\" \/>\n\t\t<meta name=\"twitter:data1\" content=\"El Digital de Asturias\" \/>\n\t\t<meta name=\"twitter:label2\" content=\"Tiempo de lectura estimado\" \/>\n\t\t<meta name=\"twitter:data2\" content=\"5 minutos\" \/>\n\t\t<script type=\"application\/ld+json\" class=\"aioseo-schema\">\n\t\t\t{\"@context\":\"https:\\\/\\\/schema.org\",\"@graph\":[{\"@type\":\"BlogPosting\",\"@id\":\"https:\\\/\\\/www.eldigitaldeasturias.com\\\/noticias\\\/liberados-ocho-visones-europeos-en-el-rio-aragon\\\/#blogposting\",\"name\":\"Liberados ocho visones europeos en el r\\u00edo Arag\\u00f3n - El Digital de Asturias\",\"headline\":\"Liberados ocho visones europeos en el r\\u00edo Arag\\u00f3n\",\"author\":{\"@id\":\"https:\\\/\\\/www.eldigitaldeasturias.com\\\/noticias\\\/author\\\/admin\\\/#author\"},\"publisher\":{\"@id\":\"https:\\\/\\\/www.eldigitaldeasturias.com\\\/noticias\\\/#organization\"},\"image\":{\"@type\":\"ImageObject\",\"url\":950953},\"datePublished\":\"2017-08-26T20:15:46+02:00\",\"dateModified\":\"2017-08-26T20:15:46+02:00\",\"inLanguage\":\"es-ES\",\"mainEntityOfPage\":{\"@id\":\"https:\\\/\\\/www.eldigitaldeasturias.com\\\/noticias\\\/liberados-ocho-visones-europeos-en-el-rio-aragon\\\/#webpage\"},\"isPartOf\":{\"@id\":\"https:\\\/\\\/www.eldigitaldeasturias.com\\\/noticias\\\/liberados-ocho-visones-europeos-en-el-rio-aragon\\\/#webpage\"},\"articleSection\":\"Actualidad\"},{\"@type\":\"BreadcrumbList\",\"@id\":\"https:\\\/\\\/www.eldigitaldeasturias.com\\\/noticias\\\/liberados-ocho-visones-europeos-en-el-rio-aragon\\\/#breadcrumblist\",\"itemListElement\":[{\"@type\":\"ListItem\",\"@id\":\"https:\\\/\\\/www.eldigitaldeasturias.com\\\/noticias#listItem\",\"position\":1,\"name\":\"Home\",\"item\":\"https:\\\/\\\/www.eldigitaldeasturias.com\\\/noticias\",\"nextItem\":{\"@type\":\"ListItem\",\"@id\":\"https:\\\/\\\/www.eldigitaldeasturias.com\\\/noticias\\\/category\\\/actualidad\\\/#listItem\",\"name\":\"Actualidad\"}},{\"@type\":\"ListItem\",\"@id\":\"https:\\\/\\\/www.eldigitaldeasturias.com\\\/noticias\\\/category\\\/actualidad\\\/#listItem\",\"position\":2,\"name\":\"Actualidad\",\"item\":\"https:\\\/\\\/www.eldigitaldeasturias.com\\\/noticias\\\/category\\\/actualidad\\\/\",\"nextItem\":{\"@type\":\"ListItem\",\"@id\":\"https:\\\/\\\/www.eldigitaldeasturias.com\\\/noticias\\\/liberados-ocho-visones-europeos-en-el-rio-aragon\\\/#listItem\",\"name\":\"Liberados ocho visones europeos en el r\\u00edo Arag\\u00f3n\"},\"previousItem\":{\"@type\":\"ListItem\",\"@id\":\"https:\\\/\\\/www.eldigitaldeasturias.com\\\/noticias#listItem\",\"name\":\"Home\"}},{\"@type\":\"ListItem\",\"@id\":\"https:\\\/\\\/www.eldigitaldeasturias.com\\\/noticias\\\/liberados-ocho-visones-europeos-en-el-rio-aragon\\\/#listItem\",\"position\":3,\"name\":\"Liberados ocho visones europeos en el r\\u00edo Arag\\u00f3n\",\"previousItem\":{\"@type\":\"ListItem\",\"@id\":\"https:\\\/\\\/www.eldigitaldeasturias.com\\\/noticias\\\/category\\\/actualidad\\\/#listItem\",\"name\":\"Actualidad\"}}]},{\"@type\":\"Organization\",\"@id\":\"https:\\\/\\\/www.eldigitaldeasturias.com\\\/noticias\\\/#organization\",\"name\":\"El Digital de Asturias\",\"description\":\"Hemeroteca\",\"url\":\"https:\\\/\\\/www.eldigitaldeasturias.com\\\/noticias\\\/\",\"email\":\"info@eldigitaldeasturias.com\",\"telephone\":\"+34652131393\",\"logo\":{\"@type\":\"ImageObject\",\"url\":\"https:\\\/\\\/www.eldigitaldeasturias.com\\\/noticias\\\/wp-content\\\/uploads\\\/2020\\\/12\\\/EDA.jpg\",\"@id\":\"https:\\\/\\\/www.eldigitaldeasturias.com\\\/noticias\\\/liberados-ocho-visones-europeos-en-el-rio-aragon\\\/#organizationLogo\"},\"image\":{\"@id\":\"https:\\\/\\\/www.eldigitaldeasturias.com\\\/noticias\\\/liberados-ocho-visones-europeos-en-el-rio-aragon\\\/#organizationLogo\"},\"sameAs\":[\"https:\\\/\\\/facebook.com\\\/eldigitaldeasturias\",\"https:\\\/\\\/www.youtube.com\\\/channel\\\/UCZP-2wLEB9Rv6erhFmqVnvg\"],\"address\":{\"@id\":\"https:\\\/\\\/www.eldigitaldeasturias.com\\\/noticias\\\/#postaladdress\",\"@type\":\"PostalAddress\",\"streetAddress\":\"san antonio 4\",\"postalCode\":\"33430\",\"addressLocality\":\"Cand\\u00e1s\",\"addressRegion\":\"Asturias\",\"addressCountry\":\"ES\"}},{\"@type\":\"Person\",\"@id\":\"https:\\\/\\\/www.eldigitaldeasturias.com\\\/noticias\\\/author\\\/admin\\\/#author\",\"url\":\"https:\\\/\\\/www.eldigitaldeasturias.com\\\/noticias\\\/author\\\/admin\\\/\",\"name\":\"El Digital de Asturias\",\"image\":{\"@type\":\"ImageObject\",\"@id\":\"https:\\\/\\\/www.eldigitaldeasturias.com\\\/noticias\\\/liberados-ocho-visones-europeos-en-el-rio-aragon\\\/#authorImage\",\"url\":\"https:\\\/\\\/secure.gravatar.com\\\/avatar\\\/df2aeffc32bcd13f8d26072ef8a91b623d677766deac7f97ca815868cd41bf5e?s=96&d=mm&r=g\",\"width\":96,\"height\":96,\"caption\":\"El Digital de Asturias\"}},{\"@type\":\"WebPage\",\"@id\":\"https:\\\/\\\/www.eldigitaldeasturias.com\\\/noticias\\\/liberados-ocho-visones-europeos-en-el-rio-aragon\\\/#webpage\",\"url\":\"https:\\\/\\\/www.eldigitaldeasturias.com\\\/noticias\\\/liberados-ocho-visones-europeos-en-el-rio-aragon\\\/\",\"name\":\"Liberados ocho visones europeos en el r\\u00edo Arag\\u00f3n - El Digital de Asturias\",\"description\":\"T\\u00e9cnicos y APN de Gobierno de Arag\\u00f3n, junto con t\\u00e9cnicos de la empresa Tragsatec y personal de la Asociaci\\u00f3n Vis\\u00f3n Europeo, han llevado a cabo la liberaci\\u00f3n al medio natural de ocho de los ejemplares de este must\\u00e9lido semiacu\\u00e1tico en situaci\\u00f3n cr\\u00edtica que la pasada semana fueron equipados con radioemisores en las instalaciones del Centro\",\"inLanguage\":\"es-ES\",\"isPartOf\":{\"@id\":\"https:\\\/\\\/www.eldigitaldeasturias.com\\\/noticias\\\/#website\"},\"breadcrumb\":{\"@id\":\"https:\\\/\\\/www.eldigitaldeasturias.com\\\/noticias\\\/liberados-ocho-visones-europeos-en-el-rio-aragon\\\/#breadcrumblist\"},\"author\":{\"@id\":\"https:\\\/\\\/www.eldigitaldeasturias.com\\\/noticias\\\/author\\\/admin\\\/#author\"},\"creator\":{\"@id\":\"https:\\\/\\\/www.eldigitaldeasturias.com\\\/noticias\\\/author\\\/admin\\\/#author\"},\"image\":{\"@type\":\"ImageObject\",\"url\":950953,\"@id\":\"https:\\\/\\\/www.eldigitaldeasturias.com\\\/noticias\\\/liberados-ocho-visones-europeos-en-el-rio-aragon\\\/#mainImage\"},\"primaryImageOfPage\":{\"@id\":\"https:\\\/\\\/www.eldigitaldeasturias.com\\\/noticias\\\/liberados-ocho-visones-europeos-en-el-rio-aragon\\\/#mainImage\"},\"datePublished\":\"2017-08-26T20:15:46+02:00\",\"dateModified\":\"2017-08-26T20:15:46+02:00\"},{\"@type\":\"WebSite\",\"@id\":\"https:\\\/\\\/www.eldigitaldeasturias.com\\\/noticias\\\/#website\",\"url\":\"https:\\\/\\\/www.eldigitaldeasturias.com\\\/noticias\\\/\",\"name\":\"El Digital de Asturias - Diario de actualidad y noticias\",\"alternateName\":\"El Digital de Asturias - Diario de actualidad y noticias\",\"description\":\"Hemeroteca\",\"inLanguage\":\"es-ES\",\"publisher\":{\"@id\":\"https:\\\/\\\/www.eldigitaldeasturias.com\\\/noticias\\\/#organization\"}}]}\n\t\t<\/script>\n\t\t<!-- All in One SEO Pro -->\r\n\t\t<title>Liberados ocho visones europeos en el r\u00edo Arag\u00f3n - El Digital de Asturias<\/title>\n\n","aioseo_head_json":{"title":"Liberados ocho visones europeos en el r\u00edo Arag\u00f3n - El Digital de Asturias","description":"T\u00e9cnicos y APN de Gobierno de Arag\u00f3n, junto con t\u00e9cnicos de la empresa Tragsatec y personal de la Asociaci\u00f3n Vis\u00f3n Europeo, han llevado a cabo la liberaci\u00f3n al medio natural de ocho de los ejemplares de este must\u00e9lido semiacu\u00e1tico en situaci\u00f3n cr\u00edtica que la pasada semana fueron equipados con radioemisores en las instalaciones del Centro","canonical_url":"https:\/\/www.eldigitaldeasturias.com\/noticias\/liberados-ocho-visones-europeos-en-el-rio-aragon\/","robots":"max-image-preview:large","keywords":"actualidad","webmasterTools":{"google-site-verification":"UA-38556648-1","msvalidate.01":"7dfe9f3f1b24437ab69f4f2559babe99","miscellaneous":""},"schema":{"@context":"https:\/\/schema.org","@graph":[{"@type":"BlogPosting","@id":"https:\/\/www.eldigitaldeasturias.com\/noticias\/liberados-ocho-visones-europeos-en-el-rio-aragon\/#blogposting","name":"Liberados ocho visones europeos en el r\u00edo Arag\u00f3n - El Digital de Asturias","headline":"Liberados ocho visones europeos en el r\u00edo Arag\u00f3n","author":{"@id":"https:\/\/www.eldigitaldeasturias.com\/noticias\/author\/admin\/#author"},"publisher":{"@id":"https:\/\/www.eldigitaldeasturias.com\/noticias\/#organization"},"image":{"@type":"ImageObject","url":950953},"datePublished":"2017-08-26T20:15:46+02:00","dateModified":"2017-08-26T20:15:46+02:00","inLanguage":"es-ES","mainEntityOfPage":{"@id":"https:\/\/www.eldigitaldeasturias.com\/noticias\/liberados-ocho-visones-europeos-en-el-rio-aragon\/#webpage"},"isPartOf":{"@id":"https:\/\/www.eldigitaldeasturias.com\/noticias\/liberados-ocho-visones-europeos-en-el-rio-aragon\/#webpage"},"articleSection":"Actualidad"},{"@type":"BreadcrumbList","@id":"https:\/\/www.eldigitaldeasturias.com\/noticias\/liberados-ocho-visones-europeos-en-el-rio-aragon\/#breadcrumblist","itemListElement":[{"@type":"ListItem","@id":"https:\/\/www.eldigitaldeasturias.com\/noticias#listItem","position":1,"name":"Home","item":"https:\/\/www.eldigitaldeasturias.com\/noticias","nextItem":{"@type":"ListItem","@id":"https:\/\/www.eldigitaldeasturias.com\/noticias\/category\/actualidad\/#listItem","name":"Actualidad"}},{"@type":"ListItem","@id":"https:\/\/www.eldigitaldeasturias.com\/noticias\/category\/actualidad\/#listItem","position":2,"name":"Actualidad","item":"https:\/\/www.eldigitaldeasturias.com\/noticias\/category\/actualidad\/","nextItem":{"@type":"ListItem","@id":"https:\/\/www.eldigitaldeasturias.com\/noticias\/liberados-ocho-visones-europeos-en-el-rio-aragon\/#listItem","name":"Liberados ocho visones europeos en el r\u00edo Arag\u00f3n"},"previousItem":{"@type":"ListItem","@id":"https:\/\/www.eldigitaldeasturias.com\/noticias#listItem","name":"Home"}},{"@type":"ListItem","@id":"https:\/\/www.eldigitaldeasturias.com\/noticias\/liberados-ocho-visones-europeos-en-el-rio-aragon\/#listItem","position":3,"name":"Liberados ocho visones europeos en el r\u00edo Arag\u00f3n","previousItem":{"@type":"ListItem","@id":"https:\/\/www.eldigitaldeasturias.com\/noticias\/category\/actualidad\/#listItem","name":"Actualidad"}}]},{"@type":"Organization","@id":"https:\/\/www.eldigitaldeasturias.com\/noticias\/#organization","name":"El Digital de Asturias","description":"Hemeroteca","url":"https:\/\/www.eldigitaldeasturias.com\/noticias\/","email":"info@eldigitaldeasturias.com","telephone":"+34652131393","logo":{"@type":"ImageObject","url":"https:\/\/www.eldigitaldeasturias.com\/noticias\/wp-content\/uploads\/2020\/12\/EDA.jpg","@id":"https:\/\/www.eldigitaldeasturias.com\/noticias\/liberados-ocho-visones-europeos-en-el-rio-aragon\/#organizationLogo"},"image":{"@id":"https:\/\/www.eldigitaldeasturias.com\/noticias\/liberados-ocho-visones-europeos-en-el-rio-aragon\/#organizationLogo"},"sameAs":["https:\/\/facebook.com\/eldigitaldeasturias","https:\/\/www.youtube.com\/channel\/UCZP-2wLEB9Rv6erhFmqVnvg"],"address":{"@id":"https:\/\/www.eldigitaldeasturias.com\/noticias\/#postaladdress","@type":"PostalAddress","streetAddress":"san antonio 4","postalCode":"33430","addressLocality":"Cand\u00e1s","addressRegion":"Asturias","addressCountry":"ES"}},{"@type":"Person","@id":"https:\/\/www.eldigitaldeasturias.com\/noticias\/author\/admin\/#author","url":"https:\/\/www.eldigitaldeasturias.com\/noticias\/author\/admin\/","name":"El Digital de Asturias","image":{"@type":"ImageObject","@id":"https:\/\/www.eldigitaldeasturias.com\/noticias\/liberados-ocho-visones-europeos-en-el-rio-aragon\/#authorImage","url":"https:\/\/secure.gravatar.com\/avatar\/df2aeffc32bcd13f8d26072ef8a91b623d677766deac7f97ca815868cd41bf5e?s=96&d=mm&r=g","width":96,"height":96,"caption":"El Digital de Asturias"}},{"@type":"WebPage","@id":"https:\/\/www.eldigitaldeasturias.com\/noticias\/liberados-ocho-visones-europeos-en-el-rio-aragon\/#webpage","url":"https:\/\/www.eldigitaldeasturias.com\/noticias\/liberados-ocho-visones-europeos-en-el-rio-aragon\/","name":"Liberados ocho visones europeos en el r\u00edo Arag\u00f3n - El Digital de Asturias","description":"T\u00e9cnicos y APN de Gobierno de Arag\u00f3n, junto con t\u00e9cnicos de la empresa Tragsatec y personal de la Asociaci\u00f3n Vis\u00f3n Europeo, han llevado a cabo la liberaci\u00f3n al medio natural de ocho de los ejemplares de este must\u00e9lido semiacu\u00e1tico en situaci\u00f3n cr\u00edtica que la pasada semana fueron equipados con radioemisores en las instalaciones del Centro","inLanguage":"es-ES","isPartOf":{"@id":"https:\/\/www.eldigitaldeasturias.com\/noticias\/#website"},"breadcrumb":{"@id":"https:\/\/www.eldigitaldeasturias.com\/noticias\/liberados-ocho-visones-europeos-en-el-rio-aragon\/#breadcrumblist"},"author":{"@id":"https:\/\/www.eldigitaldeasturias.com\/noticias\/author\/admin\/#author"},"creator":{"@id":"https:\/\/www.eldigitaldeasturias.com\/noticias\/author\/admin\/#author"},"image":{"@type":"ImageObject","url":950953,"@id":"https:\/\/www.eldigitaldeasturias.com\/noticias\/liberados-ocho-visones-europeos-en-el-rio-aragon\/#mainImage"},"primaryImageOfPage":{"@id":"https:\/\/www.eldigitaldeasturias.com\/noticias\/liberados-ocho-visones-europeos-en-el-rio-aragon\/#mainImage"},"datePublished":"2017-08-26T20:15:46+02:00","dateModified":"2017-08-26T20:15:46+02:00"},{"@type":"WebSite","@id":"https:\/\/www.eldigitaldeasturias.com\/noticias\/#website","url":"https:\/\/www.eldigitaldeasturias.com\/noticias\/","name":"El Digital de Asturias - Diario de actualidad y noticias","alternateName":"El Digital de Asturias - Diario de actualidad y noticias","description":"Hemeroteca","inLanguage":"es-ES","publisher":{"@id":"https:\/\/www.eldigitaldeasturias.com\/noticias\/#organization"}}]},"og:locale":"es_ES","og:site_name":"El Digital de Asturias","og:type":"article","og:title":"Liberados ocho visones europeos en el r\u00edo Arag\u00f3n - El Digital de Asturias","og:description":"T\u00e9cnicos y APN de Gobierno de Arag\u00f3n, junto con t\u00e9cnicos de la empresa Tragsatec y personal de la Asociaci\u00f3n Vis\u00f3n Europeo, han llevado a cabo la liberaci\u00f3n al medio natural de ocho de los ejemplares de este must\u00e9lido semiacu\u00e1tico en situaci\u00f3n cr\u00edtica que la pasada semana fueron equipados con radioemisores en las instalaciones del Centro","og:url":"https:\/\/www.eldigitaldeasturias.com\/noticias\/liberados-ocho-visones-europeos-en-el-rio-aragon\/","article:tag":["actualidad"],"article:published_time":"2017-08-26T20:15:46+00:00","article:modified_time":"2017-08-26T20:15:46+00:00","article:publisher":"https:\/\/facebook.com\/eldigitaldeasturias","twitter:card":"summary_large_image","twitter:title":"Liberados ocho visones europeos en el r\u00edo Arag\u00f3n - El Digital de Asturias","twitter:description":"T\u00e9cnicos y APN de Gobierno de Arag\u00f3n, junto con t\u00e9cnicos de la empresa Tragsatec y personal de la Asociaci\u00f3n Vis\u00f3n Europeo, han llevado a cabo la liberaci\u00f3n al medio natural de ocho de los ejemplares de este must\u00e9lido semiacu\u00e1tico en situaci\u00f3n cr\u00edtica que la pasada semana fueron equipados con radioemisores en las instalaciones del Centro","twitter:image":"https:\/\/www.eldigitaldeasturias.com\/noticias\/wp-content\/uploads\/2020\/12\/EDA-1.jpg","twitter:label1":"Escrito por","twitter:data1":"El Digital de Asturias","twitter:label2":"Tiempo de lectura estimado","twitter:data2":"5 minutos"},"aioseo_meta_data":{"post_id":"950952","title":null,"description":null,"keywords":null,"keyphrases":null,"primary_term":null,"canonical_url":null,"og_title":null,"og_description":null,"og_object_type":"default","og_image_type":"default","og_image_url":null,"og_image_width":null,"og_image_height":null,"og_image_custom_url":null,"og_image_custom_fields":null,"og_video":null,"og_custom_url":null,"og_article_section":null,"og_article_tags":null,"twitter_use_og":false,"twitter_card":"default","twitter_image_type":"default","twitter_image_url":null,"twitter_image_custom_url":null,"twitter_image_custom_fields":null,"twitter_title":null,"twitter_description":null,"schema":{"blockGraphs":[],"customGraphs":[],"default":{"data":{"Article":[],"Course":[],"Dataset":[],"FAQPage":[],"Movie":[],"Person":[],"Product":[],"ProductReview":[],"Car":[],"Recipe":[],"Service":[],"SoftwareApplication":[],"WebPage":[]},"graphName":"","isEnabled":true},"graphs":[],"defaultGraph":"","defaultPostTypeGraph":""},"schema_type":null,"schema_type_options":null,"pillar_content":false,"robots_default":true,"robots_noindex":false,"robots_noarchive":false,"robots_nosnippet":false,"robots_nofollow":false,"robots_noimageindex":false,"robots_noodp":false,"robots_notranslate":false,"robots_max_snippet":null,"robots_max_videopreview":null,"robots_max_imagepreview":"large","priority":null,"frequency":null,"local_seo":null,"seo_analyzer_scan_date":"2025-12-05 17:36:09","breadcrumb_settings":null,"limit_modified_date":false,"open_ai":null,"ai":null,"created":"2020-12-21 12:58:26","updated":"2025-12-05 17:36:09","focus_keyword":null,"additional_keywords":null,"truseo_locale":null},"aioseo_breadcrumb":"<div class=\"aioseo-breadcrumbs\"><span class=\"aioseo-breadcrumb\">\n\t<a href=\"https:\/\/www.eldigitaldeasturias.com\/noticias\" title=\"Home\">Home<\/a>\n<\/span><span class=\"aioseo-breadcrumb-separator\">\u2013<\/span><span class=\"aioseo-breadcrumb\">\n\t<a href=\"https:\/\/www.eldigitaldeasturias.com\/noticias\/category\/actualidad\/\" title=\"Actualidad\">Actualidad<\/a>\n<\/span><span class=\"aioseo-breadcrumb-separator\">\u2013<\/span><span class=\"aioseo-breadcrumb\">\n\t<a href=\"https:\/\/www.eldigitaldeasturias.com\/noticias\/liberados-ocho-visones-europeos-en-el-rio-aragon\/\" title=\"Liberados ocho visones europeos en el r\u00edo Arag\u00f3n\">Liberados ocho visones europeos en el r\u00edo Arag\u00f3n<\/a>\n<\/span><\/div>","aioseo_breadcrumb_json":[{"label":"Home","link":"https:\/\/www.eldigitaldeasturias.com\/noticias"},{"label":"Actualidad","link":"https:\/\/www.eldigitaldeasturias.com\/noticias\/category\/actualidad\/"},{"label":"Liberados ocho visones europeos en el r\u00edo Arag\u00f3n","link":"https:\/\/www.eldigitaldeasturias.com\/noticias\/liberados-ocho-visones-europeos-en-el-rio-aragon\/"}],"_links":{"self":[{"href":"https:\/\/www.eldigitaldeasturias.com\/noticias\/wp-json\/wp\/v2\/posts\/950952","targetHints":{"allow":["GET"]}}],"collection":[{"href":"https:\/\/www.eldigitaldeasturias.com\/noticias\/wp-json\/wp\/v2\/posts"}],"about":[{"href":"https:\/\/www.eldigitaldeasturias.com\/noticias\/wp-json\/wp\/v2\/types\/post"}],"author":[{"embeddable":true,"href":"https:\/\/www.eldigitaldeasturias.com\/noticias\/wp-json\/wp\/v2\/users\/1"}],"replies":[{"embeddable":true,"href":"https:\/\/www.eldigitaldeasturias.com\/noticias\/wp-json\/wp\/v2\/comments?post=950952"}],"version-history":[{"count":0,"href":"https:\/\/www.eldigitaldeasturias.com\/noticias\/wp-json\/wp\/v2\/posts\/950952\/revisions"}],"wp:attachment":[{"href":"https:\/\/www.eldigitaldeasturias.com\/noticias\/wp-json\/wp\/v2\/media?parent=950952"}],"wp:term":[{"taxonomy":"category","embeddable":true,"href":"https:\/\/www.eldigitaldeasturias.com\/noticias\/wp-json\/wp\/v2\/categories?post=950952"},{"taxonomy":"post_tag","embeddable":true,"href":"https:\/\/www.eldigitaldeasturias.com\/noticias\/wp-json\/wp\/v2\/tags?post=950952"}],"curies":[{"name":"wp","href":"https:\/\/api.w.org\/{rel}","templated":true}]}}