{"id":950949,"date":"2017-08-26T20:07:11","date_gmt":"2017-08-26T20:07:11","guid":{"rendered":"http:\/\/www.eldigitaldeasturias.com\/noticias\/?p=950949"},"modified":"2017-08-26T20:07:11","modified_gmt":"2017-08-26T20:07:11","slug":"javier-lamban-participa-en-la-manifestacion-de-barcelona","status":"publish","type":"post","link":"https:\/\/www.eldigitaldeasturias.com\/noticias\/javier-lamban-participa-en-la-manifestacion-de-barcelona\/","title":{"rendered":"Javier Lamb\u00e1n participa en la manifestaci\u00f3n de Barcelona"},"content":{"rendered":"<p><img loading=\"lazy\" decoding=\"async\" class=\"alignleft size-medium wp-image-950950\" src=\"https:\/\/www.eldigitaldeasturias.com\/noticias\/wp-content\/uploads\/2017\/08\/MG_8448_e7c47040-360x159.jpg\" alt=\"\" width=\"360\" height=\"159\" \/>El Presidente de Arag\u00f3n, Javier Lamb\u00e1n, ha participado hoy en la masiva manifestaci\u00f3n de Barcelona, mostrando la solidaridad del pueblo aragon\u00e9s con las v\u00edctimas del atentado perpetrado en las Ramblas y en Cambrils el pasado 17 de agosto, y que discurr\u00eda bajo el lema \u201cno tinc por\u201d (\u201cno tengo miedo\u201d).<\/p>\n<p>Para Lamb\u00e1n, la amenaza del terrorismo yihadista no se circunscribe a unas determinadas personas, sino que es global, por lo que se ha mostrado convencido de que el \u00fanico modo de combatirlo es desde la unidad tambi\u00e9n global, tanto pol\u00edtica como social, \u201cla unidad de todos los servicios de inteligencia del mundo, de todos los cuerpos y fuerzas de seguridad del mundo, de todas las instituciones del mundo\u201d. Por ello, ha valorado muy positivamente que \u201choy estemos la Generalitat y el Ayuntamiento de Barcelona, as\u00ed como el Gobierno de Espa\u00f1a, el Jefe del Estado, y el resto de las comunidades aut\u00f3nomas. Es muy importante que hoy la ciudadan\u00eda, pero tambi\u00e9n los terroristas, vean que estamos todos unidos y que nada ni nadie va a quebrar nuestra voluntad de acabar con el terrorismo desde la unidad\u201d.<\/p>\n<p>Lamb\u00e1n tambi\u00e9n ha expresado que hoy se siente m\u00e1s representante del pueblo aragon\u00e9s que nunca y por ello ha venido a Barcelona a mostrar la solidaridad del pueblo aragon\u00e9s con Barcelona, con las v\u00edctimas, sus familiares y las instituciones catalanas y barcelonesas. Ha a\u00f1adido que \u201cvengo tambi\u00e9n como representante de un pueblo que ha sufrido en otras ocasiones el zarpazo del terrorismo y que esta vez tambi\u00e9n ha contado con v\u00edctimas en este atentado, lo que ha supuesto \u201cun elemento de dolor a\u00f1adido\u201d, tanto por la aragonesa fallecida como por el resto de heridos.<\/p>\n","protected":false},"excerpt":{"rendered":"<p>El Presidente de Arag\u00f3n, Javier Lamb\u00e1n, ha participado hoy en la masiva manifestaci\u00f3n de Barcelona, mostrando la solidaridad del pueblo aragon\u00e9s con las v\u00edctimas del atentado perpetrado en las Ramblas y en Cambrils el pasado 17 de agosto, y que discurr\u00eda bajo el lema \u201cno tinc por\u201d (\u201cno tengo miedo\u201d). Para Lamb\u00e1n, la amenaza del [&hellip;]<\/p>\n","protected":false},"author":1,"featured_media":950950,"comment_status":"closed","ping_status":"closed","sticky":false,"template":"","format":"standard","meta":{"footnotes":""},"categories":[1],"tags":[],"class_list":["post-950949","post","type-post","status-publish","format-standard","has-post-thumbnail","hentry","category-actualidad"],"aioseo_notices":[],"aioseo_head":"\n\t\t<!-- All in One SEO Pro 5.0.1 - aioseo.com -->\n\t<meta name=\"description\" content=\"El Presidente de Arag\u00f3n, Javier Lamb\u00e1n, ha participado hoy en la masiva manifestaci\u00f3n de Barcelona, mostrando la solidaridad del pueblo aragon\u00e9s con las v\u00edctimas del atentado perpetrado en las Ramblas y en Cambrils el pasado 17 de agosto, y que discurr\u00eda bajo el lema \u201cno tinc por\u201d (\u201cno tengo miedo\u201d). Para Lamb\u00e1n, la amenaza del\" \/>\n\t<meta name=\"robots\" content=\"max-image-preview:large\" \/>\n\t<meta name=\"author\" content=\"El Digital de Asturias\"\/>\n\t<meta name=\"google-site-verification\" content=\"UA-38556648-1\" \/>\n\t<meta name=\"msvalidate.01\" content=\"7dfe9f3f1b24437ab69f4f2559babe99\" \/>\n\t<meta name=\"keywords\" content=\"actualidad\" \/>\n\t<link rel=\"canonical\" href=\"https:\/\/www.eldigitaldeasturias.com\/noticias\/javier-lamban-participa-en-la-manifestacion-de-barcelona\/\" \/>\n\t<meta name=\"generator\" content=\"All in One SEO Pro (AIOSEO) 5.0.1\" \/>\n\t\t<meta property=\"og:locale\" content=\"es_ES\" \/>\n\t\t<meta property=\"og:site_name\" content=\"El Digital de Asturias\" \/>\n\t\t<meta property=\"og:type\" content=\"article\" \/>\n\t\t<meta property=\"og:title\" content=\"Javier Lamb\u00e1n participa en la manifestaci\u00f3n de Barcelona - El Digital de Asturias\" \/>\n\t\t<meta property=\"og:description\" content=\"El Presidente de Arag\u00f3n, Javier Lamb\u00e1n, ha participado hoy en la masiva manifestaci\u00f3n de Barcelona, mostrando la solidaridad del pueblo aragon\u00e9s con las v\u00edctimas del atentado perpetrado en las Ramblas y en Cambrils el pasado 17 de agosto, y que discurr\u00eda bajo el lema \u201cno tinc por\u201d (\u201cno tengo miedo\u201d). Para Lamb\u00e1n, la amenaza del\" \/>\n\t\t<meta property=\"og:url\" content=\"https:\/\/www.eldigitaldeasturias.com\/noticias\/javier-lamban-participa-en-la-manifestacion-de-barcelona\/\" \/>\n\t\t<meta property=\"article:tag\" content=\"actualidad\" \/>\n\t\t<meta property=\"article:published_time\" content=\"2017-08-26T20:07:11+00:00\" \/>\n\t\t<meta property=\"article:modified_time\" content=\"2017-08-26T20:07:11+00:00\" \/>\n\t\t<meta property=\"article:publisher\" content=\"https:\/\/facebook.com\/eldigitaldeasturias\" \/>\n\t\t<meta name=\"twitter:card\" content=\"summary_large_image\" \/>\n\t\t<meta name=\"twitter:title\" content=\"Javier Lamb\u00e1n participa en la manifestaci\u00f3n de Barcelona - El Digital de Asturias\" \/>\n\t\t<meta name=\"twitter:description\" content=\"El Presidente de Arag\u00f3n, Javier Lamb\u00e1n, ha participado hoy en la masiva manifestaci\u00f3n de Barcelona, mostrando la solidaridad del pueblo aragon\u00e9s con las v\u00edctimas del atentado perpetrado en las Ramblas y en Cambrils el pasado 17 de agosto, y que discurr\u00eda bajo el lema \u201cno tinc por\u201d (\u201cno tengo miedo\u201d). Para Lamb\u00e1n, la amenaza del\" \/>\n\t\t<meta name=\"twitter:image\" content=\"https:\/\/www.eldigitaldeasturias.com\/noticias\/wp-content\/uploads\/2020\/12\/EDA-1.jpg\" \/>\n\t\t<meta name=\"twitter:label1\" content=\"Escrito por\" \/>\n\t\t<meta name=\"twitter:data1\" content=\"El Digital de Asturias\" \/>\n\t\t<meta name=\"twitter:label2\" content=\"Tiempo de lectura estimado\" \/>\n\t\t<meta name=\"twitter:data2\" content=\"2 minutos\" \/>\n\t\t<script type=\"application\/ld+json\" class=\"aioseo-schema\">\n\t\t\t{\"@context\":\"https:\\\/\\\/schema.org\",\"@graph\":[{\"@type\":\"BlogPosting\",\"@id\":\"https:\\\/\\\/www.eldigitaldeasturias.com\\\/noticias\\\/javier-lamban-participa-en-la-manifestacion-de-barcelona\\\/#blogposting\",\"name\":\"Javier Lamb\\u00e1n participa en la manifestaci\\u00f3n de Barcelona - El Digital de Asturias\",\"headline\":\"Javier Lamb\\u00e1n participa en la manifestaci\\u00f3n de Barcelona\",\"author\":{\"@id\":\"https:\\\/\\\/www.eldigitaldeasturias.com\\\/noticias\\\/author\\\/admin\\\/#author\"},\"publisher\":{\"@id\":\"https:\\\/\\\/www.eldigitaldeasturias.com\\\/noticias\\\/#organization\"},\"image\":{\"@type\":\"ImageObject\",\"url\":950950},\"datePublished\":\"2017-08-26T20:07:11+02:00\",\"dateModified\":\"2017-08-26T20:07:11+02:00\",\"inLanguage\":\"es-ES\",\"mainEntityOfPage\":{\"@id\":\"https:\\\/\\\/www.eldigitaldeasturias.com\\\/noticias\\\/javier-lamban-participa-en-la-manifestacion-de-barcelona\\\/#webpage\"},\"isPartOf\":{\"@id\":\"https:\\\/\\\/www.eldigitaldeasturias.com\\\/noticias\\\/javier-lamban-participa-en-la-manifestacion-de-barcelona\\\/#webpage\"},\"articleSection\":\"Actualidad\"},{\"@type\":\"BreadcrumbList\",\"@id\":\"https:\\\/\\\/www.eldigitaldeasturias.com\\\/noticias\\\/javier-lamban-participa-en-la-manifestacion-de-barcelona\\\/#breadcrumblist\",\"itemListElement\":[{\"@type\":\"ListItem\",\"@id\":\"https:\\\/\\\/www.eldigitaldeasturias.com\\\/noticias#listItem\",\"position\":1,\"name\":\"Home\",\"item\":\"https:\\\/\\\/www.eldigitaldeasturias.com\\\/noticias\",\"nextItem\":{\"@type\":\"ListItem\",\"@id\":\"https:\\\/\\\/www.eldigitaldeasturias.com\\\/noticias\\\/category\\\/actualidad\\\/#listItem\",\"name\":\"Actualidad\"}},{\"@type\":\"ListItem\",\"@id\":\"https:\\\/\\\/www.eldigitaldeasturias.com\\\/noticias\\\/category\\\/actualidad\\\/#listItem\",\"position\":2,\"name\":\"Actualidad\",\"item\":\"https:\\\/\\\/www.eldigitaldeasturias.com\\\/noticias\\\/category\\\/actualidad\\\/\",\"nextItem\":{\"@type\":\"ListItem\",\"@id\":\"https:\\\/\\\/www.eldigitaldeasturias.com\\\/noticias\\\/javier-lamban-participa-en-la-manifestacion-de-barcelona\\\/#listItem\",\"name\":\"Javier Lamb\\u00e1n participa en la manifestaci\\u00f3n de Barcelona\"},\"previousItem\":{\"@type\":\"ListItem\",\"@id\":\"https:\\\/\\\/www.eldigitaldeasturias.com\\\/noticias#listItem\",\"name\":\"Home\"}},{\"@type\":\"ListItem\",\"@id\":\"https:\\\/\\\/www.eldigitaldeasturias.com\\\/noticias\\\/javier-lamban-participa-en-la-manifestacion-de-barcelona\\\/#listItem\",\"position\":3,\"name\":\"Javier Lamb\\u00e1n participa en la manifestaci\\u00f3n de Barcelona\",\"previousItem\":{\"@type\":\"ListItem\",\"@id\":\"https:\\\/\\\/www.eldigitaldeasturias.com\\\/noticias\\\/category\\\/actualidad\\\/#listItem\",\"name\":\"Actualidad\"}}]},{\"@type\":\"Organization\",\"@id\":\"https:\\\/\\\/www.eldigitaldeasturias.com\\\/noticias\\\/#organization\",\"name\":\"El Digital de Asturias\",\"description\":\"Hemeroteca\",\"url\":\"https:\\\/\\\/www.eldigitaldeasturias.com\\\/noticias\\\/\",\"email\":\"info@eldigitaldeasturias.com\",\"telephone\":\"+34652131393\",\"logo\":{\"@type\":\"ImageObject\",\"url\":\"https:\\\/\\\/www.eldigitaldeasturias.com\\\/noticias\\\/wp-content\\\/uploads\\\/2020\\\/12\\\/EDA.jpg\",\"@id\":\"https:\\\/\\\/www.eldigitaldeasturias.com\\\/noticias\\\/javier-lamban-participa-en-la-manifestacion-de-barcelona\\\/#organizationLogo\"},\"image\":{\"@id\":\"https:\\\/\\\/www.eldigitaldeasturias.com\\\/noticias\\\/javier-lamban-participa-en-la-manifestacion-de-barcelona\\\/#organizationLogo\"},\"sameAs\":[\"https:\\\/\\\/facebook.com\\\/eldigitaldeasturias\",\"https:\\\/\\\/www.youtube.com\\\/channel\\\/UCZP-2wLEB9Rv6erhFmqVnvg\"],\"address\":{\"@id\":\"https:\\\/\\\/www.eldigitaldeasturias.com\\\/noticias\\\/#postaladdress\",\"@type\":\"PostalAddress\",\"streetAddress\":\"san antonio 4\",\"postalCode\":\"33430\",\"addressLocality\":\"Cand\\u00e1s\",\"addressRegion\":\"Asturias\",\"addressCountry\":\"ES\"}},{\"@type\":\"Person\",\"@id\":\"https:\\\/\\\/www.eldigitaldeasturias.com\\\/noticias\\\/author\\\/admin\\\/#author\",\"url\":\"https:\\\/\\\/www.eldigitaldeasturias.com\\\/noticias\\\/author\\\/admin\\\/\",\"name\":\"El Digital de Asturias\",\"image\":{\"@type\":\"ImageObject\",\"@id\":\"https:\\\/\\\/www.eldigitaldeasturias.com\\\/noticias\\\/javier-lamban-participa-en-la-manifestacion-de-barcelona\\\/#authorImage\",\"url\":\"https:\\\/\\\/secure.gravatar.com\\\/avatar\\\/df2aeffc32bcd13f8d26072ef8a91b623d677766deac7f97ca815868cd41bf5e?s=96&d=mm&r=g\",\"width\":96,\"height\":96,\"caption\":\"El Digital de Asturias\"}},{\"@type\":\"WebPage\",\"@id\":\"https:\\\/\\\/www.eldigitaldeasturias.com\\\/noticias\\\/javier-lamban-participa-en-la-manifestacion-de-barcelona\\\/#webpage\",\"url\":\"https:\\\/\\\/www.eldigitaldeasturias.com\\\/noticias\\\/javier-lamban-participa-en-la-manifestacion-de-barcelona\\\/\",\"name\":\"Javier Lamb\\u00e1n participa en la manifestaci\\u00f3n de Barcelona - El Digital de Asturias\",\"description\":\"El Presidente de Arag\\u00f3n, Javier Lamb\\u00e1n, ha participado hoy en la masiva manifestaci\\u00f3n de Barcelona, mostrando la solidaridad del pueblo aragon\\u00e9s con las v\\u00edctimas del atentado perpetrado en las Ramblas y en Cambrils el pasado 17 de agosto, y que discurr\\u00eda bajo el lema \\u201cno tinc por\\u201d (\\u201cno tengo miedo\\u201d). Para Lamb\\u00e1n, la amenaza del\",\"inLanguage\":\"es-ES\",\"isPartOf\":{\"@id\":\"https:\\\/\\\/www.eldigitaldeasturias.com\\\/noticias\\\/#website\"},\"breadcrumb\":{\"@id\":\"https:\\\/\\\/www.eldigitaldeasturias.com\\\/noticias\\\/javier-lamban-participa-en-la-manifestacion-de-barcelona\\\/#breadcrumblist\"},\"author\":{\"@id\":\"https:\\\/\\\/www.eldigitaldeasturias.com\\\/noticias\\\/author\\\/admin\\\/#author\"},\"creator\":{\"@id\":\"https:\\\/\\\/www.eldigitaldeasturias.com\\\/noticias\\\/author\\\/admin\\\/#author\"},\"image\":{\"@type\":\"ImageObject\",\"url\":950950,\"@id\":\"https:\\\/\\\/www.eldigitaldeasturias.com\\\/noticias\\\/javier-lamban-participa-en-la-manifestacion-de-barcelona\\\/#mainImage\"},\"primaryImageOfPage\":{\"@id\":\"https:\\\/\\\/www.eldigitaldeasturias.com\\\/noticias\\\/javier-lamban-participa-en-la-manifestacion-de-barcelona\\\/#mainImage\"},\"datePublished\":\"2017-08-26T20:07:11+02:00\",\"dateModified\":\"2017-08-26T20:07:11+02:00\"},{\"@type\":\"WebSite\",\"@id\":\"https:\\\/\\\/www.eldigitaldeasturias.com\\\/noticias\\\/#website\",\"url\":\"https:\\\/\\\/www.eldigitaldeasturias.com\\\/noticias\\\/\",\"name\":\"El Digital de Asturias - Diario de actualidad y noticias\",\"alternateName\":\"El Digital de Asturias - Diario de actualidad y noticias\",\"description\":\"Hemeroteca\",\"inLanguage\":\"es-ES\",\"publisher\":{\"@id\":\"https:\\\/\\\/www.eldigitaldeasturias.com\\\/noticias\\\/#organization\"}}]}\n\t\t<\/script>\n\t\t<!-- All in One SEO Pro -->\r\n\t\t<title>Javier Lamb\u00e1n participa en la manifestaci\u00f3n de Barcelona - El Digital de Asturias<\/title>\n\n","aioseo_head_json":{"title":"Javier Lamb\u00e1n participa en la manifestaci\u00f3n de Barcelona - El Digital de Asturias","description":"El Presidente de Arag\u00f3n, Javier Lamb\u00e1n, ha participado hoy en la masiva manifestaci\u00f3n de Barcelona, mostrando la solidaridad del pueblo aragon\u00e9s con las v\u00edctimas del atentado perpetrado en las Ramblas y en Cambrils el pasado 17 de agosto, y que discurr\u00eda bajo el lema \u201cno tinc por\u201d (\u201cno tengo miedo\u201d). Para Lamb\u00e1n, la amenaza del","canonical_url":"https:\/\/www.eldigitaldeasturias.com\/noticias\/javier-lamban-participa-en-la-manifestacion-de-barcelona\/","robots":"max-image-preview:large","keywords":"actualidad","webmasterTools":{"google-site-verification":"UA-38556648-1","msvalidate.01":"7dfe9f3f1b24437ab69f4f2559babe99","miscellaneous":""},"schema":{"@context":"https:\/\/schema.org","@graph":[{"@type":"BlogPosting","@id":"https:\/\/www.eldigitaldeasturias.com\/noticias\/javier-lamban-participa-en-la-manifestacion-de-barcelona\/#blogposting","name":"Javier Lamb\u00e1n participa en la manifestaci\u00f3n de Barcelona - El Digital de Asturias","headline":"Javier Lamb\u00e1n participa en la manifestaci\u00f3n de Barcelona","author":{"@id":"https:\/\/www.eldigitaldeasturias.com\/noticias\/author\/admin\/#author"},"publisher":{"@id":"https:\/\/www.eldigitaldeasturias.com\/noticias\/#organization"},"image":{"@type":"ImageObject","url":950950},"datePublished":"2017-08-26T20:07:11+02:00","dateModified":"2017-08-26T20:07:11+02:00","inLanguage":"es-ES","mainEntityOfPage":{"@id":"https:\/\/www.eldigitaldeasturias.com\/noticias\/javier-lamban-participa-en-la-manifestacion-de-barcelona\/#webpage"},"isPartOf":{"@id":"https:\/\/www.eldigitaldeasturias.com\/noticias\/javier-lamban-participa-en-la-manifestacion-de-barcelona\/#webpage"},"articleSection":"Actualidad"},{"@type":"BreadcrumbList","@id":"https:\/\/www.eldigitaldeasturias.com\/noticias\/javier-lamban-participa-en-la-manifestacion-de-barcelona\/#breadcrumblist","itemListElement":[{"@type":"ListItem","@id":"https:\/\/www.eldigitaldeasturias.com\/noticias#listItem","position":1,"name":"Home","item":"https:\/\/www.eldigitaldeasturias.com\/noticias","nextItem":{"@type":"ListItem","@id":"https:\/\/www.eldigitaldeasturias.com\/noticias\/category\/actualidad\/#listItem","name":"Actualidad"}},{"@type":"ListItem","@id":"https:\/\/www.eldigitaldeasturias.com\/noticias\/category\/actualidad\/#listItem","position":2,"name":"Actualidad","item":"https:\/\/www.eldigitaldeasturias.com\/noticias\/category\/actualidad\/","nextItem":{"@type":"ListItem","@id":"https:\/\/www.eldigitaldeasturias.com\/noticias\/javier-lamban-participa-en-la-manifestacion-de-barcelona\/#listItem","name":"Javier Lamb\u00e1n participa en la manifestaci\u00f3n de Barcelona"},"previousItem":{"@type":"ListItem","@id":"https:\/\/www.eldigitaldeasturias.com\/noticias#listItem","name":"Home"}},{"@type":"ListItem","@id":"https:\/\/www.eldigitaldeasturias.com\/noticias\/javier-lamban-participa-en-la-manifestacion-de-barcelona\/#listItem","position":3,"name":"Javier Lamb\u00e1n participa en la manifestaci\u00f3n de Barcelona","previousItem":{"@type":"ListItem","@id":"https:\/\/www.eldigitaldeasturias.com\/noticias\/category\/actualidad\/#listItem","name":"Actualidad"}}]},{"@type":"Organization","@id":"https:\/\/www.eldigitaldeasturias.com\/noticias\/#organization","name":"El Digital de Asturias","description":"Hemeroteca","url":"https:\/\/www.eldigitaldeasturias.com\/noticias\/","email":"info@eldigitaldeasturias.com","telephone":"+34652131393","logo":{"@type":"ImageObject","url":"https:\/\/www.eldigitaldeasturias.com\/noticias\/wp-content\/uploads\/2020\/12\/EDA.jpg","@id":"https:\/\/www.eldigitaldeasturias.com\/noticias\/javier-lamban-participa-en-la-manifestacion-de-barcelona\/#organizationLogo"},"image":{"@id":"https:\/\/www.eldigitaldeasturias.com\/noticias\/javier-lamban-participa-en-la-manifestacion-de-barcelona\/#organizationLogo"},"sameAs":["https:\/\/facebook.com\/eldigitaldeasturias","https:\/\/www.youtube.com\/channel\/UCZP-2wLEB9Rv6erhFmqVnvg"],"address":{"@id":"https:\/\/www.eldigitaldeasturias.com\/noticias\/#postaladdress","@type":"PostalAddress","streetAddress":"san antonio 4","postalCode":"33430","addressLocality":"Cand\u00e1s","addressRegion":"Asturias","addressCountry":"ES"}},{"@type":"Person","@id":"https:\/\/www.eldigitaldeasturias.com\/noticias\/author\/admin\/#author","url":"https:\/\/www.eldigitaldeasturias.com\/noticias\/author\/admin\/","name":"El Digital de Asturias","image":{"@type":"ImageObject","@id":"https:\/\/www.eldigitaldeasturias.com\/noticias\/javier-lamban-participa-en-la-manifestacion-de-barcelona\/#authorImage","url":"https:\/\/secure.gravatar.com\/avatar\/df2aeffc32bcd13f8d26072ef8a91b623d677766deac7f97ca815868cd41bf5e?s=96&d=mm&r=g","width":96,"height":96,"caption":"El Digital de Asturias"}},{"@type":"WebPage","@id":"https:\/\/www.eldigitaldeasturias.com\/noticias\/javier-lamban-participa-en-la-manifestacion-de-barcelona\/#webpage","url":"https:\/\/www.eldigitaldeasturias.com\/noticias\/javier-lamban-participa-en-la-manifestacion-de-barcelona\/","name":"Javier Lamb\u00e1n participa en la manifestaci\u00f3n de Barcelona - El Digital de Asturias","description":"El Presidente de Arag\u00f3n, Javier Lamb\u00e1n, ha participado hoy en la masiva manifestaci\u00f3n de Barcelona, mostrando la solidaridad del pueblo aragon\u00e9s con las v\u00edctimas del atentado perpetrado en las Ramblas y en Cambrils el pasado 17 de agosto, y que discurr\u00eda bajo el lema \u201cno tinc por\u201d (\u201cno tengo miedo\u201d). Para Lamb\u00e1n, la amenaza del","inLanguage":"es-ES","isPartOf":{"@id":"https:\/\/www.eldigitaldeasturias.com\/noticias\/#website"},"breadcrumb":{"@id":"https:\/\/www.eldigitaldeasturias.com\/noticias\/javier-lamban-participa-en-la-manifestacion-de-barcelona\/#breadcrumblist"},"author":{"@id":"https:\/\/www.eldigitaldeasturias.com\/noticias\/author\/admin\/#author"},"creator":{"@id":"https:\/\/www.eldigitaldeasturias.com\/noticias\/author\/admin\/#author"},"image":{"@type":"ImageObject","url":950950,"@id":"https:\/\/www.eldigitaldeasturias.com\/noticias\/javier-lamban-participa-en-la-manifestacion-de-barcelona\/#mainImage"},"primaryImageOfPage":{"@id":"https:\/\/www.eldigitaldeasturias.com\/noticias\/javier-lamban-participa-en-la-manifestacion-de-barcelona\/#mainImage"},"datePublished":"2017-08-26T20:07:11+02:00","dateModified":"2017-08-26T20:07:11+02:00"},{"@type":"WebSite","@id":"https:\/\/www.eldigitaldeasturias.com\/noticias\/#website","url":"https:\/\/www.eldigitaldeasturias.com\/noticias\/","name":"El Digital de Asturias - Diario de actualidad y noticias","alternateName":"El Digital de Asturias - Diario de actualidad y noticias","description":"Hemeroteca","inLanguage":"es-ES","publisher":{"@id":"https:\/\/www.eldigitaldeasturias.com\/noticias\/#organization"}}]},"og:locale":"es_ES","og:site_name":"El Digital de Asturias","og:type":"article","og:title":"Javier Lamb\u00e1n participa en la manifestaci\u00f3n de Barcelona - El Digital de Asturias","og:description":"El Presidente de Arag\u00f3n, Javier Lamb\u00e1n, ha participado hoy en la masiva manifestaci\u00f3n de Barcelona, mostrando la solidaridad del pueblo aragon\u00e9s con las v\u00edctimas del atentado perpetrado en las Ramblas y en Cambrils el pasado 17 de agosto, y que discurr\u00eda bajo el lema \u201cno tinc por\u201d (\u201cno tengo miedo\u201d). Para Lamb\u00e1n, la amenaza del","og:url":"https:\/\/www.eldigitaldeasturias.com\/noticias\/javier-lamban-participa-en-la-manifestacion-de-barcelona\/","article:tag":["actualidad"],"article:published_time":"2017-08-26T20:07:11+00:00","article:modified_time":"2017-08-26T20:07:11+00:00","article:publisher":"https:\/\/facebook.com\/eldigitaldeasturias","twitter:card":"summary_large_image","twitter:title":"Javier Lamb\u00e1n participa en la manifestaci\u00f3n de Barcelona - El Digital de Asturias","twitter:description":"El Presidente de Arag\u00f3n, Javier Lamb\u00e1n, ha participado hoy en la masiva manifestaci\u00f3n de Barcelona, mostrando la solidaridad del pueblo aragon\u00e9s con las v\u00edctimas del atentado perpetrado en las Ramblas y en Cambrils el pasado 17 de agosto, y que discurr\u00eda bajo el lema \u201cno tinc por\u201d (\u201cno tengo miedo\u201d). Para Lamb\u00e1n, la amenaza del","twitter:image":"https:\/\/www.eldigitaldeasturias.com\/noticias\/wp-content\/uploads\/2020\/12\/EDA-1.jpg","twitter:label1":"Escrito por","twitter:data1":"El Digital de Asturias","twitter:label2":"Tiempo de lectura estimado","twitter:data2":"2 minutos"},"aioseo_meta_data":{"post_id":"950949","title":null,"description":null,"keywords":null,"keyphrases":null,"primary_term":null,"canonical_url":null,"og_title":null,"og_description":null,"og_object_type":"default","og_image_type":"default","og_image_url":null,"og_image_width":null,"og_image_height":null,"og_image_custom_url":null,"og_image_custom_fields":null,"og_video":null,"og_custom_url":null,"og_article_section":null,"og_article_tags":null,"twitter_use_og":false,"twitter_card":"default","twitter_image_type":"default","twitter_image_url":null,"twitter_image_custom_url":null,"twitter_image_custom_fields":null,"twitter_title":null,"twitter_description":null,"schema":{"blockGraphs":[],"customGraphs":[],"default":{"data":{"Article":[],"Course":[],"Dataset":[],"FAQPage":[],"Movie":[],"Person":[],"Product":[],"ProductReview":[],"Car":[],"Recipe":[],"Service":[],"SoftwareApplication":[],"WebPage":[]},"graphName":"","isEnabled":true},"graphs":[],"defaultGraph":"","defaultPostTypeGraph":""},"schema_type":null,"schema_type_options":null,"pillar_content":false,"robots_default":true,"robots_noindex":false,"robots_noarchive":false,"robots_nosnippet":false,"robots_nofollow":false,"robots_noimageindex":false,"robots_noodp":false,"robots_notranslate":false,"robots_max_snippet":null,"robots_max_videopreview":null,"robots_max_imagepreview":"large","priority":null,"frequency":null,"local_seo":null,"seo_analyzer_scan_date":"2025-12-05 17:34:13","breadcrumb_settings":null,"limit_modified_date":false,"open_ai":null,"ai":null,"created":"2020-12-21 12:58:26","updated":"2025-12-05 17:34:13","focus_keyword":null,"additional_keywords":null,"truseo_locale":null},"aioseo_breadcrumb":"<div class=\"aioseo-breadcrumbs\"><span class=\"aioseo-breadcrumb\">\n\t<a href=\"https:\/\/www.eldigitaldeasturias.com\/noticias\" title=\"Home\">Home<\/a>\n<\/span><span class=\"aioseo-breadcrumb-separator\">\u2013<\/span><span class=\"aioseo-breadcrumb\">\n\t<a href=\"https:\/\/www.eldigitaldeasturias.com\/noticias\/category\/actualidad\/\" title=\"Actualidad\">Actualidad<\/a>\n<\/span><span class=\"aioseo-breadcrumb-separator\">\u2013<\/span><span class=\"aioseo-breadcrumb\">\n\t<a href=\"https:\/\/www.eldigitaldeasturias.com\/noticias\/javier-lamban-participa-en-la-manifestacion-de-barcelona\/\" title=\"Javier Lamb\u00e1n participa en la manifestaci\u00f3n de Barcelona\">Javier Lamb\u00e1n participa en la manifestaci\u00f3n de Barcelona<\/a>\n<\/span><\/div>","aioseo_breadcrumb_json":[{"label":"Home","link":"https:\/\/www.eldigitaldeasturias.com\/noticias"},{"label":"Actualidad","link":"https:\/\/www.eldigitaldeasturias.com\/noticias\/category\/actualidad\/"},{"label":"Javier Lamb\u00e1n participa en la manifestaci\u00f3n de Barcelona","link":"https:\/\/www.eldigitaldeasturias.com\/noticias\/javier-lamban-participa-en-la-manifestacion-de-barcelona\/"}],"_links":{"self":[{"href":"https:\/\/www.eldigitaldeasturias.com\/noticias\/wp-json\/wp\/v2\/posts\/950949","targetHints":{"allow":["GET"]}}],"collection":[{"href":"https:\/\/www.eldigitaldeasturias.com\/noticias\/wp-json\/wp\/v2\/posts"}],"about":[{"href":"https:\/\/www.eldigitaldeasturias.com\/noticias\/wp-json\/wp\/v2\/types\/post"}],"author":[{"embeddable":true,"href":"https:\/\/www.eldigitaldeasturias.com\/noticias\/wp-json\/wp\/v2\/users\/1"}],"replies":[{"embeddable":true,"href":"https:\/\/www.eldigitaldeasturias.com\/noticias\/wp-json\/wp\/v2\/comments?post=950949"}],"version-history":[{"count":0,"href":"https:\/\/www.eldigitaldeasturias.com\/noticias\/wp-json\/wp\/v2\/posts\/950949\/revisions"}],"wp:attachment":[{"href":"https:\/\/www.eldigitaldeasturias.com\/noticias\/wp-json\/wp\/v2\/media?parent=950949"}],"wp:term":[{"taxonomy":"category","embeddable":true,"href":"https:\/\/www.eldigitaldeasturias.com\/noticias\/wp-json\/wp\/v2\/categories?post=950949"},{"taxonomy":"post_tag","embeddable":true,"href":"https:\/\/www.eldigitaldeasturias.com\/noticias\/wp-json\/wp\/v2\/tags?post=950949"}],"curies":[{"name":"wp","href":"https:\/\/api.w.org\/{rel}","templated":true}]}}