{"id":950934,"date":"2017-08-26T17:44:08","date_gmt":"2017-08-26T17:44:08","guid":{"rendered":"http:\/\/www.eldigitaldeasturias.com\/noticias\/?p=950934"},"modified":"2017-08-26T17:44:08","modified_gmt":"2017-08-26T17:44:08","slug":"consejos-para-la-vuelta-al-cole-en-aragon","status":"publish","type":"post","link":"https:\/\/www.eldigitaldeasturias.com\/noticias\/consejos-para-la-vuelta-al-cole-en-aragon\/","title":{"rendered":"Consejos para la vuelta al cole en Arag\u00f3n"},"content":{"rendered":"<p><img loading=\"lazy\" decoding=\"async\" class=\"alignleft size-medium wp-image-950935\" src=\"https:\/\/www.eldigitaldeasturias.com\/noticias\/wp-content\/uploads\/2017\/08\/material_escolar-360x159.jpg\" alt=\"\" width=\"360\" height=\"159\" \/>La Direcci\u00f3n General de Protecci\u00f3n de Consumidores y Usuarios recomienda a las familias que no adquieran productos de material escolar con forma, aspecto o aroma de alimento para evitar que los ni\u00f1os las confundan con estos y se los lleven a la boca, los chupen o los ingieran.<\/p>\n<p>Esta es una de las recomendaciones que desde el Gobierno de Arag\u00f3n se quiere hacer a las familias que ahora preparan la vuelta al colegio de sus hijos. La jefa de Servicio de Normativa y Supervisi\u00f3n de Mercado, Mar\u00eda Jes\u00fas Casasnovas, explica que la red de alerta de productos no alimentarios de AECOSAN recoge el material escolar como un tipo espec\u00edfico de producto, siendo la tasa de notificaci\u00f3n en este \u00e1mbito relativamente baja.<\/p>\n<p>Durante el periodo escolar 2016-2017 se hicieron ocho notificaciones en la red de alerta en este \u00e1mbito: cuatro gomas de borrar y un bol\u00edgrafo con forma de alimento; y dos pinturas y una arcilla con una cantidad de metales por encima de lo permitido. Hasta el momento, los inspectores de Consumo no han detectado ninguno de estos productos en establecimientos aragoneses.<\/p>\n<p>Desde Consumo recuerdan que a la hora de comprar material escolar lo primero que hay que tener en cuenta es su seguridad, calidad y el respeto medioambiental. Por ello, dan esta serie de recomendaciones espec\u00edficas:<\/p>\n<p><strong>Tijeras<\/strong>: las escolares deben tener la punta redondeada para evitar pinchazos.<\/p>\n<p><strong>Bol\u00edgrafos<\/strong>: las tapas tienen que estar perforadas en su extremo para que, en caso de que el ni\u00f1o se la trague, la v\u00eda a\u00e9rea quede abierta.<\/p>\n<p><strong>Mochilas<\/strong>: se recomienda que lleven ruedas o soporte y que su tama\u00f1o se adapte a la edad del ni\u00f1o. El peso que deben llevar no debe ser superior al 10-15% del peso corporal del ni\u00f1o. Se recomienda que sean ergon\u00f3micas, con dos tirantes anchos y acolchados en los hombros, respaldo tambi\u00e9n acolchado y cintur\u00f3n para sujeci\u00f3n. As\u00ed se evitar\u00e1n posibles problemas de espalda, hombro y cuello.<\/p>\n<p><strong>Pegamentos<\/strong>: hay que comprobar que no contengan sustancias peligrosas.<\/p>\n<p><strong>Papel<\/strong>: se recomienda que sea reciclado.<\/p>\n<p><strong>Libros de texto<\/strong>: no hay obligaci\u00f3n de comprarlo en un sitio determinado. Hay que comprobar si sirve alg\u00fan libro de cursos anteriores de familiares o amigos.<\/p>\n<p>Las pinturas de t\u00e9mpera, acuarela o de dedos y plastilina: deben llevar marcado \u201cCE\u201d. Asimismo, las pinturas de dedos deben incorporar en su composici\u00f3n un agente amargo para evitar que los ni\u00f1os las ingieran o se lleven los dedos a la boca.<\/p>\n<p>Todo este material debe estar etiquetado, debiendo constar los datos de forma clara, visible e imborrable, legible y en castellano. Con car\u00e1cter general, el etiquetado debe contener la siguiente informaci\u00f3n: nombre o denominaci\u00f3n comercial del producto; nombre o raz\u00f3n social del fabricante, distribuido o importador y su domicilio completo. Tambi\u00e9n tiene que estar incluido el n\u00famero de registro industrial para el caso de productos de fabricaci\u00f3n nacional y n\u00famero de identificaci\u00f3n fiscal del importador para los importados. Las advertencias de seguridad e instrucciones de uso son obligatorias.<\/p>\n<p><strong>Recomendaciones generales<\/strong><\/p>\n<p>Mar\u00eda Jes\u00fas Casasnovas detalla unas recomendaciones generales a las familias que vayan a comprar estos d\u00edas el material escolar. \u201cEs recomendable hacer una lista con el material escolar necesario tras comprobar en casa si se puede reutilizar el del curso pasado\u201d, asegura. Junto a ella, es conveniente fijarse un presupuesto y comparar la relaci\u00f3n precio\/calidad entre varios productos.<\/p>\n<p>Tambi\u00e9n se recomienda conservar el tique o factura ya que es necesario en el caso de tener que hacer alg\u00fan cambio, devoluci\u00f3n o reclamaci\u00f3n. Advierte, asimismo, de que \u201cno hay que dejarse llevar por ciertos reclamos publicitarios y que hay que fijarse en los precios que se marcan en ellos\u201d, asegura antes de recordar que los folletos publicitarios son vinculantes.<\/p>\n<p>Al igual que sucede con cualquier otro tipo de compra, Consumo aconseja adquirir los productos en establecimientos de confianza y si es posible que est\u00e9n adheridos al Sistema Arbitral de Consumo. As\u00ed, la resoluci\u00f3n de las reclamaciones se tramitar\u00e1 de forma gratuita, sin necesidad de acudir a los tribunales de justicia.<\/p>\n<p>Cr\u00e9ditos r\u00e1pidos:<\/p>\n<p>Ante <strong>los<\/strong> anuncios publicitarios de <strong>cr\u00e9ditos r\u00e1pidos<\/strong> dirigidos directamente a los gastos familiares en estas fechas, se recomienda que se valore minuciosamente esta opci\u00f3n, ya que estos cr\u00e9ditos <strong>suelen tener un elevado porcentaje de intereses<\/strong>.<\/p>\n<p>&nbsp;<\/p>\n","protected":false},"excerpt":{"rendered":"<p>La Direcci\u00f3n General de Protecci\u00f3n de Consumidores y Usuarios recomienda a las familias que no adquieran productos de material escolar con forma, aspecto o aroma de alimento para evitar que los ni\u00f1os las confundan con estos y se los lleven a la boca, los chupen o los ingieran. Esta es una de las recomendaciones que [&hellip;]<\/p>\n","protected":false},"author":1,"featured_media":950935,"comment_status":"closed","ping_status":"closed","sticky":false,"template":"","format":"standard","meta":{"footnotes":""},"categories":[1],"tags":[],"class_list":["post-950934","post","type-post","status-publish","format-standard","has-post-thumbnail","hentry","category-actualidad"],"aioseo_notices":[],"aioseo_head":"\n\t\t<!-- All in One SEO Pro 5.0.1 - aioseo.com -->\n\t<meta name=\"description\" content=\"La Direcci\u00f3n General de Protecci\u00f3n de Consumidores y Usuarios recomienda a las familias que no adquieran productos de material escolar con forma, aspecto o aroma de alimento para evitar que los ni\u00f1os las confundan con estos y se los lleven a la boca, los chupen o los ingieran. Esta es una de las recomendaciones que\" \/>\n\t<meta name=\"robots\" content=\"max-image-preview:large\" \/>\n\t<meta name=\"author\" content=\"El Digital de Asturias\"\/>\n\t<meta name=\"google-site-verification\" content=\"UA-38556648-1\" \/>\n\t<meta name=\"msvalidate.01\" content=\"7dfe9f3f1b24437ab69f4f2559babe99\" \/>\n\t<meta name=\"keywords\" content=\"actualidad\" \/>\n\t<link rel=\"canonical\" href=\"https:\/\/www.eldigitaldeasturias.com\/noticias\/consejos-para-la-vuelta-al-cole-en-aragon\/\" \/>\n\t<meta name=\"generator\" content=\"All in One SEO Pro (AIOSEO) 5.0.1\" \/>\n\t\t<meta property=\"og:locale\" content=\"es_ES\" \/>\n\t\t<meta property=\"og:site_name\" content=\"El Digital de Asturias\" \/>\n\t\t<meta property=\"og:type\" content=\"article\" \/>\n\t\t<meta property=\"og:title\" content=\"Consejos para la vuelta al cole en Arag\u00f3n - El Digital de Asturias\" \/>\n\t\t<meta property=\"og:description\" content=\"La Direcci\u00f3n General de Protecci\u00f3n de Consumidores y Usuarios recomienda a las familias que no adquieran productos de material escolar con forma, aspecto o aroma de alimento para evitar que los ni\u00f1os las confundan con estos y se los lleven a la boca, los chupen o los ingieran. Esta es una de las recomendaciones que\" \/>\n\t\t<meta property=\"og:url\" content=\"https:\/\/www.eldigitaldeasturias.com\/noticias\/consejos-para-la-vuelta-al-cole-en-aragon\/\" \/>\n\t\t<meta property=\"article:tag\" content=\"actualidad\" \/>\n\t\t<meta property=\"article:published_time\" content=\"2017-08-26T17:44:08+00:00\" \/>\n\t\t<meta property=\"article:modified_time\" content=\"2017-08-26T17:44:08+00:00\" \/>\n\t\t<meta property=\"article:publisher\" content=\"https:\/\/facebook.com\/eldigitaldeasturias\" \/>\n\t\t<meta name=\"twitter:card\" content=\"summary_large_image\" \/>\n\t\t<meta name=\"twitter:title\" content=\"Consejos para la vuelta al cole en Arag\u00f3n - El Digital de Asturias\" \/>\n\t\t<meta name=\"twitter:description\" content=\"La Direcci\u00f3n General de Protecci\u00f3n de Consumidores y Usuarios recomienda a las familias que no adquieran productos de material escolar con forma, aspecto o aroma de alimento para evitar que los ni\u00f1os las confundan con estos y se los lleven a la boca, los chupen o los ingieran. Esta es una de las recomendaciones que\" \/>\n\t\t<meta name=\"twitter:image\" content=\"https:\/\/www.eldigitaldeasturias.com\/noticias\/wp-content\/uploads\/2020\/12\/EDA-1.jpg\" \/>\n\t\t<meta name=\"twitter:label1\" content=\"Escrito por\" \/>\n\t\t<meta name=\"twitter:data1\" content=\"El Digital de Asturias\" \/>\n\t\t<meta name=\"twitter:label2\" content=\"Tiempo de lectura estimado\" \/>\n\t\t<meta name=\"twitter:data2\" content=\"4 minutos\" \/>\n\t\t<script type=\"application\/ld+json\" class=\"aioseo-schema\">\n\t\t\t{\"@context\":\"https:\\\/\\\/schema.org\",\"@graph\":[{\"@type\":\"BlogPosting\",\"@id\":\"https:\\\/\\\/www.eldigitaldeasturias.com\\\/noticias\\\/consejos-para-la-vuelta-al-cole-en-aragon\\\/#blogposting\",\"name\":\"Consejos para la vuelta al cole en Arag\\u00f3n - El Digital de Asturias\",\"headline\":\"Consejos para la vuelta al cole en Arag\\u00f3n\",\"author\":{\"@id\":\"https:\\\/\\\/www.eldigitaldeasturias.com\\\/noticias\\\/author\\\/admin\\\/#author\"},\"publisher\":{\"@id\":\"https:\\\/\\\/www.eldigitaldeasturias.com\\\/noticias\\\/#organization\"},\"image\":{\"@type\":\"ImageObject\",\"url\":950935},\"datePublished\":\"2017-08-26T17:44:08+02:00\",\"dateModified\":\"2017-08-26T17:44:08+02:00\",\"inLanguage\":\"es-ES\",\"mainEntityOfPage\":{\"@id\":\"https:\\\/\\\/www.eldigitaldeasturias.com\\\/noticias\\\/consejos-para-la-vuelta-al-cole-en-aragon\\\/#webpage\"},\"isPartOf\":{\"@id\":\"https:\\\/\\\/www.eldigitaldeasturias.com\\\/noticias\\\/consejos-para-la-vuelta-al-cole-en-aragon\\\/#webpage\"},\"articleSection\":\"Actualidad\"},{\"@type\":\"BreadcrumbList\",\"@id\":\"https:\\\/\\\/www.eldigitaldeasturias.com\\\/noticias\\\/consejos-para-la-vuelta-al-cole-en-aragon\\\/#breadcrumblist\",\"itemListElement\":[{\"@type\":\"ListItem\",\"@id\":\"https:\\\/\\\/www.eldigitaldeasturias.com\\\/noticias#listItem\",\"position\":1,\"name\":\"Home\",\"item\":\"https:\\\/\\\/www.eldigitaldeasturias.com\\\/noticias\",\"nextItem\":{\"@type\":\"ListItem\",\"@id\":\"https:\\\/\\\/www.eldigitaldeasturias.com\\\/noticias\\\/category\\\/actualidad\\\/#listItem\",\"name\":\"Actualidad\"}},{\"@type\":\"ListItem\",\"@id\":\"https:\\\/\\\/www.eldigitaldeasturias.com\\\/noticias\\\/category\\\/actualidad\\\/#listItem\",\"position\":2,\"name\":\"Actualidad\",\"item\":\"https:\\\/\\\/www.eldigitaldeasturias.com\\\/noticias\\\/category\\\/actualidad\\\/\",\"nextItem\":{\"@type\":\"ListItem\",\"@id\":\"https:\\\/\\\/www.eldigitaldeasturias.com\\\/noticias\\\/consejos-para-la-vuelta-al-cole-en-aragon\\\/#listItem\",\"name\":\"Consejos para la vuelta al cole en Arag\\u00f3n\"},\"previousItem\":{\"@type\":\"ListItem\",\"@id\":\"https:\\\/\\\/www.eldigitaldeasturias.com\\\/noticias#listItem\",\"name\":\"Home\"}},{\"@type\":\"ListItem\",\"@id\":\"https:\\\/\\\/www.eldigitaldeasturias.com\\\/noticias\\\/consejos-para-la-vuelta-al-cole-en-aragon\\\/#listItem\",\"position\":3,\"name\":\"Consejos para la vuelta al cole en Arag\\u00f3n\",\"previousItem\":{\"@type\":\"ListItem\",\"@id\":\"https:\\\/\\\/www.eldigitaldeasturias.com\\\/noticias\\\/category\\\/actualidad\\\/#listItem\",\"name\":\"Actualidad\"}}]},{\"@type\":\"Organization\",\"@id\":\"https:\\\/\\\/www.eldigitaldeasturias.com\\\/noticias\\\/#organization\",\"name\":\"El Digital de Asturias\",\"description\":\"Hemeroteca\",\"url\":\"https:\\\/\\\/www.eldigitaldeasturias.com\\\/noticias\\\/\",\"email\":\"info@eldigitaldeasturias.com\",\"telephone\":\"+34652131393\",\"logo\":{\"@type\":\"ImageObject\",\"url\":\"https:\\\/\\\/www.eldigitaldeasturias.com\\\/noticias\\\/wp-content\\\/uploads\\\/2020\\\/12\\\/EDA.jpg\",\"@id\":\"https:\\\/\\\/www.eldigitaldeasturias.com\\\/noticias\\\/consejos-para-la-vuelta-al-cole-en-aragon\\\/#organizationLogo\"},\"image\":{\"@id\":\"https:\\\/\\\/www.eldigitaldeasturias.com\\\/noticias\\\/consejos-para-la-vuelta-al-cole-en-aragon\\\/#organizationLogo\"},\"sameAs\":[\"https:\\\/\\\/facebook.com\\\/eldigitaldeasturias\",\"https:\\\/\\\/www.youtube.com\\\/channel\\\/UCZP-2wLEB9Rv6erhFmqVnvg\"],\"address\":{\"@id\":\"https:\\\/\\\/www.eldigitaldeasturias.com\\\/noticias\\\/#postaladdress\",\"@type\":\"PostalAddress\",\"streetAddress\":\"san antonio 4\",\"postalCode\":\"33430\",\"addressLocality\":\"Cand\\u00e1s\",\"addressRegion\":\"Asturias\",\"addressCountry\":\"ES\"}},{\"@type\":\"Person\",\"@id\":\"https:\\\/\\\/www.eldigitaldeasturias.com\\\/noticias\\\/author\\\/admin\\\/#author\",\"url\":\"https:\\\/\\\/www.eldigitaldeasturias.com\\\/noticias\\\/author\\\/admin\\\/\",\"name\":\"El Digital de Asturias\",\"image\":{\"@type\":\"ImageObject\",\"@id\":\"https:\\\/\\\/www.eldigitaldeasturias.com\\\/noticias\\\/consejos-para-la-vuelta-al-cole-en-aragon\\\/#authorImage\",\"url\":\"https:\\\/\\\/secure.gravatar.com\\\/avatar\\\/df2aeffc32bcd13f8d26072ef8a91b623d677766deac7f97ca815868cd41bf5e?s=96&d=mm&r=g\",\"width\":96,\"height\":96,\"caption\":\"El Digital de Asturias\"}},{\"@type\":\"WebPage\",\"@id\":\"https:\\\/\\\/www.eldigitaldeasturias.com\\\/noticias\\\/consejos-para-la-vuelta-al-cole-en-aragon\\\/#webpage\",\"url\":\"https:\\\/\\\/www.eldigitaldeasturias.com\\\/noticias\\\/consejos-para-la-vuelta-al-cole-en-aragon\\\/\",\"name\":\"Consejos para la vuelta al cole en Arag\\u00f3n - El Digital de Asturias\",\"description\":\"La Direcci\\u00f3n General de Protecci\\u00f3n de Consumidores y Usuarios recomienda a las familias que no adquieran productos de material escolar con forma, aspecto o aroma de alimento para evitar que los ni\\u00f1os las confundan con estos y se los lleven a la boca, los chupen o los ingieran. Esta es una de las recomendaciones que\",\"inLanguage\":\"es-ES\",\"isPartOf\":{\"@id\":\"https:\\\/\\\/www.eldigitaldeasturias.com\\\/noticias\\\/#website\"},\"breadcrumb\":{\"@id\":\"https:\\\/\\\/www.eldigitaldeasturias.com\\\/noticias\\\/consejos-para-la-vuelta-al-cole-en-aragon\\\/#breadcrumblist\"},\"author\":{\"@id\":\"https:\\\/\\\/www.eldigitaldeasturias.com\\\/noticias\\\/author\\\/admin\\\/#author\"},\"creator\":{\"@id\":\"https:\\\/\\\/www.eldigitaldeasturias.com\\\/noticias\\\/author\\\/admin\\\/#author\"},\"image\":{\"@type\":\"ImageObject\",\"url\":950935,\"@id\":\"https:\\\/\\\/www.eldigitaldeasturias.com\\\/noticias\\\/consejos-para-la-vuelta-al-cole-en-aragon\\\/#mainImage\"},\"primaryImageOfPage\":{\"@id\":\"https:\\\/\\\/www.eldigitaldeasturias.com\\\/noticias\\\/consejos-para-la-vuelta-al-cole-en-aragon\\\/#mainImage\"},\"datePublished\":\"2017-08-26T17:44:08+02:00\",\"dateModified\":\"2017-08-26T17:44:08+02:00\"},{\"@type\":\"WebSite\",\"@id\":\"https:\\\/\\\/www.eldigitaldeasturias.com\\\/noticias\\\/#website\",\"url\":\"https:\\\/\\\/www.eldigitaldeasturias.com\\\/noticias\\\/\",\"name\":\"El Digital de Asturias - Diario de actualidad y noticias\",\"alternateName\":\"El Digital de Asturias - Diario de actualidad y noticias\",\"description\":\"Hemeroteca\",\"inLanguage\":\"es-ES\",\"publisher\":{\"@id\":\"https:\\\/\\\/www.eldigitaldeasturias.com\\\/noticias\\\/#organization\"}}]}\n\t\t<\/script>\n\t\t<!-- All in One SEO Pro -->\r\n\t\t<title>Consejos para la vuelta al cole en Arag\u00f3n - El Digital de Asturias<\/title>\n\n","aioseo_head_json":{"title":"Consejos para la vuelta al cole en Arag\u00f3n - El Digital de Asturias","description":"La Direcci\u00f3n General de Protecci\u00f3n de Consumidores y Usuarios recomienda a las familias que no adquieran productos de material escolar con forma, aspecto o aroma de alimento para evitar que los ni\u00f1os las confundan con estos y se los lleven a la boca, los chupen o los ingieran. Esta es una de las recomendaciones que","canonical_url":"https:\/\/www.eldigitaldeasturias.com\/noticias\/consejos-para-la-vuelta-al-cole-en-aragon\/","robots":"max-image-preview:large","keywords":"actualidad","webmasterTools":{"google-site-verification":"UA-38556648-1","msvalidate.01":"7dfe9f3f1b24437ab69f4f2559babe99","miscellaneous":""},"schema":{"@context":"https:\/\/schema.org","@graph":[{"@type":"BlogPosting","@id":"https:\/\/www.eldigitaldeasturias.com\/noticias\/consejos-para-la-vuelta-al-cole-en-aragon\/#blogposting","name":"Consejos para la vuelta al cole en Arag\u00f3n - El Digital de Asturias","headline":"Consejos para la vuelta al cole en Arag\u00f3n","author":{"@id":"https:\/\/www.eldigitaldeasturias.com\/noticias\/author\/admin\/#author"},"publisher":{"@id":"https:\/\/www.eldigitaldeasturias.com\/noticias\/#organization"},"image":{"@type":"ImageObject","url":950935},"datePublished":"2017-08-26T17:44:08+02:00","dateModified":"2017-08-26T17:44:08+02:00","inLanguage":"es-ES","mainEntityOfPage":{"@id":"https:\/\/www.eldigitaldeasturias.com\/noticias\/consejos-para-la-vuelta-al-cole-en-aragon\/#webpage"},"isPartOf":{"@id":"https:\/\/www.eldigitaldeasturias.com\/noticias\/consejos-para-la-vuelta-al-cole-en-aragon\/#webpage"},"articleSection":"Actualidad"},{"@type":"BreadcrumbList","@id":"https:\/\/www.eldigitaldeasturias.com\/noticias\/consejos-para-la-vuelta-al-cole-en-aragon\/#breadcrumblist","itemListElement":[{"@type":"ListItem","@id":"https:\/\/www.eldigitaldeasturias.com\/noticias#listItem","position":1,"name":"Home","item":"https:\/\/www.eldigitaldeasturias.com\/noticias","nextItem":{"@type":"ListItem","@id":"https:\/\/www.eldigitaldeasturias.com\/noticias\/category\/actualidad\/#listItem","name":"Actualidad"}},{"@type":"ListItem","@id":"https:\/\/www.eldigitaldeasturias.com\/noticias\/category\/actualidad\/#listItem","position":2,"name":"Actualidad","item":"https:\/\/www.eldigitaldeasturias.com\/noticias\/category\/actualidad\/","nextItem":{"@type":"ListItem","@id":"https:\/\/www.eldigitaldeasturias.com\/noticias\/consejos-para-la-vuelta-al-cole-en-aragon\/#listItem","name":"Consejos para la vuelta al cole en Arag\u00f3n"},"previousItem":{"@type":"ListItem","@id":"https:\/\/www.eldigitaldeasturias.com\/noticias#listItem","name":"Home"}},{"@type":"ListItem","@id":"https:\/\/www.eldigitaldeasturias.com\/noticias\/consejos-para-la-vuelta-al-cole-en-aragon\/#listItem","position":3,"name":"Consejos para la vuelta al cole en Arag\u00f3n","previousItem":{"@type":"ListItem","@id":"https:\/\/www.eldigitaldeasturias.com\/noticias\/category\/actualidad\/#listItem","name":"Actualidad"}}]},{"@type":"Organization","@id":"https:\/\/www.eldigitaldeasturias.com\/noticias\/#organization","name":"El Digital de Asturias","description":"Hemeroteca","url":"https:\/\/www.eldigitaldeasturias.com\/noticias\/","email":"info@eldigitaldeasturias.com","telephone":"+34652131393","logo":{"@type":"ImageObject","url":"https:\/\/www.eldigitaldeasturias.com\/noticias\/wp-content\/uploads\/2020\/12\/EDA.jpg","@id":"https:\/\/www.eldigitaldeasturias.com\/noticias\/consejos-para-la-vuelta-al-cole-en-aragon\/#organizationLogo"},"image":{"@id":"https:\/\/www.eldigitaldeasturias.com\/noticias\/consejos-para-la-vuelta-al-cole-en-aragon\/#organizationLogo"},"sameAs":["https:\/\/facebook.com\/eldigitaldeasturias","https:\/\/www.youtube.com\/channel\/UCZP-2wLEB9Rv6erhFmqVnvg"],"address":{"@id":"https:\/\/www.eldigitaldeasturias.com\/noticias\/#postaladdress","@type":"PostalAddress","streetAddress":"san antonio 4","postalCode":"33430","addressLocality":"Cand\u00e1s","addressRegion":"Asturias","addressCountry":"ES"}},{"@type":"Person","@id":"https:\/\/www.eldigitaldeasturias.com\/noticias\/author\/admin\/#author","url":"https:\/\/www.eldigitaldeasturias.com\/noticias\/author\/admin\/","name":"El Digital de Asturias","image":{"@type":"ImageObject","@id":"https:\/\/www.eldigitaldeasturias.com\/noticias\/consejos-para-la-vuelta-al-cole-en-aragon\/#authorImage","url":"https:\/\/secure.gravatar.com\/avatar\/df2aeffc32bcd13f8d26072ef8a91b623d677766deac7f97ca815868cd41bf5e?s=96&d=mm&r=g","width":96,"height":96,"caption":"El Digital de Asturias"}},{"@type":"WebPage","@id":"https:\/\/www.eldigitaldeasturias.com\/noticias\/consejos-para-la-vuelta-al-cole-en-aragon\/#webpage","url":"https:\/\/www.eldigitaldeasturias.com\/noticias\/consejos-para-la-vuelta-al-cole-en-aragon\/","name":"Consejos para la vuelta al cole en Arag\u00f3n - El Digital de Asturias","description":"La Direcci\u00f3n General de Protecci\u00f3n de Consumidores y Usuarios recomienda a las familias que no adquieran productos de material escolar con forma, aspecto o aroma de alimento para evitar que los ni\u00f1os las confundan con estos y se los lleven a la boca, los chupen o los ingieran. Esta es una de las recomendaciones que","inLanguage":"es-ES","isPartOf":{"@id":"https:\/\/www.eldigitaldeasturias.com\/noticias\/#website"},"breadcrumb":{"@id":"https:\/\/www.eldigitaldeasturias.com\/noticias\/consejos-para-la-vuelta-al-cole-en-aragon\/#breadcrumblist"},"author":{"@id":"https:\/\/www.eldigitaldeasturias.com\/noticias\/author\/admin\/#author"},"creator":{"@id":"https:\/\/www.eldigitaldeasturias.com\/noticias\/author\/admin\/#author"},"image":{"@type":"ImageObject","url":950935,"@id":"https:\/\/www.eldigitaldeasturias.com\/noticias\/consejos-para-la-vuelta-al-cole-en-aragon\/#mainImage"},"primaryImageOfPage":{"@id":"https:\/\/www.eldigitaldeasturias.com\/noticias\/consejos-para-la-vuelta-al-cole-en-aragon\/#mainImage"},"datePublished":"2017-08-26T17:44:08+02:00","dateModified":"2017-08-26T17:44:08+02:00"},{"@type":"WebSite","@id":"https:\/\/www.eldigitaldeasturias.com\/noticias\/#website","url":"https:\/\/www.eldigitaldeasturias.com\/noticias\/","name":"El Digital de Asturias - Diario de actualidad y noticias","alternateName":"El Digital de Asturias - Diario de actualidad y noticias","description":"Hemeroteca","inLanguage":"es-ES","publisher":{"@id":"https:\/\/www.eldigitaldeasturias.com\/noticias\/#organization"}}]},"og:locale":"es_ES","og:site_name":"El Digital de Asturias","og:type":"article","og:title":"Consejos para la vuelta al cole en Arag\u00f3n - El Digital de Asturias","og:description":"La Direcci\u00f3n General de Protecci\u00f3n de Consumidores y Usuarios recomienda a las familias que no adquieran productos de material escolar con forma, aspecto o aroma de alimento para evitar que los ni\u00f1os las confundan con estos y se los lleven a la boca, los chupen o los ingieran. Esta es una de las recomendaciones que","og:url":"https:\/\/www.eldigitaldeasturias.com\/noticias\/consejos-para-la-vuelta-al-cole-en-aragon\/","article:tag":["actualidad"],"article:published_time":"2017-08-26T17:44:08+00:00","article:modified_time":"2017-08-26T17:44:08+00:00","article:publisher":"https:\/\/facebook.com\/eldigitaldeasturias","twitter:card":"summary_large_image","twitter:title":"Consejos para la vuelta al cole en Arag\u00f3n - El Digital de Asturias","twitter:description":"La Direcci\u00f3n General de Protecci\u00f3n de Consumidores y Usuarios recomienda a las familias que no adquieran productos de material escolar con forma, aspecto o aroma de alimento para evitar que los ni\u00f1os las confundan con estos y se los lleven a la boca, los chupen o los ingieran. Esta es una de las recomendaciones que","twitter:image":"https:\/\/www.eldigitaldeasturias.com\/noticias\/wp-content\/uploads\/2020\/12\/EDA-1.jpg","twitter:label1":"Escrito por","twitter:data1":"El Digital de Asturias","twitter:label2":"Tiempo de lectura estimado","twitter:data2":"4 minutos"},"aioseo_meta_data":{"post_id":"950934","title":null,"description":null,"keywords":null,"keyphrases":null,"primary_term":null,"canonical_url":null,"og_title":null,"og_description":null,"og_object_type":"default","og_image_type":"default","og_image_url":null,"og_image_width":null,"og_image_height":null,"og_image_custom_url":null,"og_image_custom_fields":null,"og_video":null,"og_custom_url":null,"og_article_section":null,"og_article_tags":null,"twitter_use_og":false,"twitter_card":"default","twitter_image_type":"default","twitter_image_url":null,"twitter_image_custom_url":null,"twitter_image_custom_fields":null,"twitter_title":null,"twitter_description":null,"schema":{"blockGraphs":[],"customGraphs":[],"default":{"data":{"Article":[],"Course":[],"Dataset":[],"FAQPage":[],"Movie":[],"Person":[],"Product":[],"ProductReview":[],"Car":[],"Recipe":[],"Service":[],"SoftwareApplication":[],"WebPage":[]},"graphName":"","isEnabled":true},"graphs":[]},"schema_type":null,"schema_type_options":null,"pillar_content":false,"robots_default":true,"robots_noindex":false,"robots_noarchive":false,"robots_nosnippet":false,"robots_nofollow":false,"robots_noimageindex":false,"robots_noodp":false,"robots_notranslate":false,"robots_max_snippet":null,"robots_max_videopreview":null,"robots_max_imagepreview":"large","priority":null,"frequency":null,"local_seo":null,"seo_analyzer_scan_date":"2025-12-05 17:34:11","breadcrumb_settings":null,"limit_modified_date":false,"open_ai":null,"ai":null,"created":"2020-12-21 12:58:26","updated":"2025-12-05 17:34:11","focus_keyword":null,"additional_keywords":null,"truseo_locale":null},"aioseo_breadcrumb":"<div class=\"aioseo-breadcrumbs\"><span class=\"aioseo-breadcrumb\">\n\t<a href=\"https:\/\/www.eldigitaldeasturias.com\/noticias\" title=\"Home\">Home<\/a>\n<\/span><span class=\"aioseo-breadcrumb-separator\">\u2013<\/span><span class=\"aioseo-breadcrumb\">\n\t<a href=\"https:\/\/www.eldigitaldeasturias.com\/noticias\/category\/actualidad\/\" title=\"Actualidad\">Actualidad<\/a>\n<\/span><span class=\"aioseo-breadcrumb-separator\">\u2013<\/span><span class=\"aioseo-breadcrumb\">\n\t<a href=\"https:\/\/www.eldigitaldeasturias.com\/noticias\/consejos-para-la-vuelta-al-cole-en-aragon\/\" title=\"Consejos para la vuelta al cole en Arag\u00f3n\">Consejos para la vuelta al cole en Arag\u00f3n<\/a>\n<\/span><\/div>","aioseo_breadcrumb_json":[{"label":"Home","link":"https:\/\/www.eldigitaldeasturias.com\/noticias"},{"label":"Actualidad","link":"https:\/\/www.eldigitaldeasturias.com\/noticias\/category\/actualidad\/"},{"label":"Consejos para la vuelta al cole en Arag\u00f3n","link":"https:\/\/www.eldigitaldeasturias.com\/noticias\/consejos-para-la-vuelta-al-cole-en-aragon\/"}],"_links":{"self":[{"href":"https:\/\/www.eldigitaldeasturias.com\/noticias\/wp-json\/wp\/v2\/posts\/950934","targetHints":{"allow":["GET"]}}],"collection":[{"href":"https:\/\/www.eldigitaldeasturias.com\/noticias\/wp-json\/wp\/v2\/posts"}],"about":[{"href":"https:\/\/www.eldigitaldeasturias.com\/noticias\/wp-json\/wp\/v2\/types\/post"}],"author":[{"embeddable":true,"href":"https:\/\/www.eldigitaldeasturias.com\/noticias\/wp-json\/wp\/v2\/users\/1"}],"replies":[{"embeddable":true,"href":"https:\/\/www.eldigitaldeasturias.com\/noticias\/wp-json\/wp\/v2\/comments?post=950934"}],"version-history":[{"count":0,"href":"https:\/\/www.eldigitaldeasturias.com\/noticias\/wp-json\/wp\/v2\/posts\/950934\/revisions"}],"wp:attachment":[{"href":"https:\/\/www.eldigitaldeasturias.com\/noticias\/wp-json\/wp\/v2\/media?parent=950934"}],"wp:term":[{"taxonomy":"category","embeddable":true,"href":"https:\/\/www.eldigitaldeasturias.com\/noticias\/wp-json\/wp\/v2\/categories?post=950934"},{"taxonomy":"post_tag","embeddable":true,"href":"https:\/\/www.eldigitaldeasturias.com\/noticias\/wp-json\/wp\/v2\/tags?post=950934"}],"curies":[{"name":"wp","href":"https:\/\/api.w.org\/{rel}","templated":true}]}}