{"id":950854,"date":"2017-08-25T19:30:52","date_gmt":"2017-08-25T19:30:52","guid":{"rendered":"http:\/\/www.eldigitaldeasturias.com\/noticias\/?p=950854"},"modified":"2017-08-25T19:30:52","modified_gmt":"2017-08-25T19:30:52","slug":"la-feria-regional-de-barbastro-contara-con-112-expositores","status":"publish","type":"post","link":"https:\/\/www.eldigitaldeasturias.com\/noticias\/la-feria-regional-de-barbastro-contara-con-112-expositores\/","title":{"rendered":"La Feria Regional de Barbastro contar\u00e1 con 112 expositores"},"content":{"rendered":"<p><img loading=\"lazy\" decoding=\"async\" class=\"alignleft size-medium wp-image-950855\" src=\"https:\/\/www.eldigitaldeasturias.com\/noticias\/wp-content\/uploads\/2017\/08\/FERMA_2017-360x159.jpg\" alt=\"\" width=\"360\" height=\"159\" \/>La consejera de Innovaci\u00f3n, Investigaci\u00f3n y Universidad, Pilar Alegr\u00eda, inaugura la Feria Regional de Barbastro (FERMA), junto con el alcalde de la ciudad, Antonio Cosculluela y otras autoridades locales y provinciales.<\/p>\n<p>FERMA apuesta precisamente este a\u00f1o por la innovaci\u00f3n en el marco de sus jornadas profesionales, mediante la organizaci\u00f3n de un encuentro empresarial que ha reunido a las empresas m\u00e1s innovadoras de Barbastro para intercambiar sus proyectos empresariales, adem\u00e1s de dar visibilidad a empresas locales que est\u00e1n apostando por la innovaci\u00f3n y que se est\u00e1n convirtiendo en referentes del sector m\u00e1s all\u00e1 de la comarca.<\/p>\n<p>La titular del Departamento de Innovaci\u00f3n, Investigaci\u00f3n y Universidad ha recordado que la feria est\u00e1n vinculada en un 60% a lo agrolimentaci\u00f3n, \u201cun sector estrat\u00e9gico para el Gobierno de Arag\u00f3n\u201d, y que a su juicio \u201cest\u00e1 apostando por la incorporaci\u00f3n de la tecnolog\u00eda y la innovaci\u00f3n en su prop\u00f3sito de aumentar su capacidad de exportaci\u00f3n y competitividad\u201d.<\/p>\n<p>Una de las tradiciones m\u00e1s arraigadas en la Feria de Barbastro es el reconocimiento a empresas o entidades que trabajan por el territorio, y que desde la pasada edici\u00f3n quiere destacar la innovaci\u00f3n como valor diferencial. La empresa barbastrense Chavanel, ejemplo de innovaci\u00f3n en el sector de la maquinaria agr\u00edcola que este a\u00f1o celebra su 25 aniversario, ha sido galardonada con el \u201cTrofeo Ferma 2017\u201d.<\/p>\n<p><strong>FERMA<\/strong><\/p>\n<p>El certamen regional ha abierto sus puertas con la participaci\u00f3n de 112 expositores procedentes de 24 provincias espa\u00f1olas diferentes y cuenta con Fraga como villa invitada en esta edici\u00f3n. Destaca este a\u00f1o la alta participaci\u00f3n de firmas barbastrenses, que suponen casi un 30% del total, y del resto de la provincia (un 27%). Cabe se\u00f1alar tambi\u00e9n la presencia de empresas catalanas (15%), y zaragozanas (6%), adem\u00e1s de otras procedentes de Vizcaya, Toledo, Pontevedra, Murcia, Madrid, Le\u00f3n, Ja\u00e9n, Guip\u00fazcoa, Ciudad Real, Castell\u00f3n, Cantabria, C\u00e1diz, C\u00e1ceres, Teruel, Burgos, Badajoz, Alicante, Francia e Irlanda.<\/p>\n<p>Por sectores y n\u00famero de expositores, el 40% proceden del sector agroalimentario, el 34% de comercio y servicios, el 8% son asociaciones y otro tipo de entidades, el 7% automoci\u00f3n y otro tanto de maquinaria agr\u00edcola, y un 4% de expositores del sector artesano.<\/p>\n<p>En cuanto a la superficie ocupada, destaca este a\u00f1o el sector de la automoci\u00f3n, con un 41% de los metros cuadrados contratados. El resto se dividen en un 22% maquinaria agr\u00edcola, un 17% a comercio y servicios, un 13% del sector agroalimentario, un 5% a asociaciones y otras entidades y un 2% al sector de la de artesan\u00eda.<\/p>\n<p>&nbsp;<\/p>\n","protected":false},"excerpt":{"rendered":"<p>La consejera de Innovaci\u00f3n, Investigaci\u00f3n y Universidad, Pilar Alegr\u00eda, inaugura la Feria Regional de Barbastro (FERMA), junto con el alcalde de la ciudad, Antonio Cosculluela y otras autoridades locales y provinciales. FERMA apuesta precisamente este a\u00f1o por la innovaci\u00f3n en el marco de sus jornadas profesionales, mediante la organizaci\u00f3n de un encuentro empresarial que ha [&hellip;]<\/p>\n","protected":false},"author":1,"featured_media":950855,"comment_status":"closed","ping_status":"closed","sticky":false,"template":"","format":"standard","meta":{"footnotes":""},"categories":[1],"tags":[],"class_list":["post-950854","post","type-post","status-publish","format-standard","has-post-thumbnail","hentry","category-actualidad"],"aioseo_notices":[],"aioseo_head":"\n\t\t<!-- All in One SEO Pro 5.0.1 - aioseo.com -->\n\t<meta name=\"description\" content=\"La consejera de Innovaci\u00f3n, Investigaci\u00f3n y Universidad, Pilar Alegr\u00eda, inaugura la Feria Regional de Barbastro (FERMA), junto con el alcalde de la ciudad, Antonio Cosculluela y otras autoridades locales y provinciales. FERMA apuesta precisamente este a\u00f1o por la innovaci\u00f3n en el marco de sus jornadas profesionales, mediante la organizaci\u00f3n de un encuentro empresarial que ha\" \/>\n\t<meta name=\"robots\" content=\"max-image-preview:large\" \/>\n\t<meta name=\"author\" content=\"El Digital de Asturias\"\/>\n\t<meta name=\"google-site-verification\" content=\"UA-38556648-1\" \/>\n\t<meta name=\"msvalidate.01\" content=\"7dfe9f3f1b24437ab69f4f2559babe99\" \/>\n\t<meta name=\"keywords\" content=\"actualidad\" \/>\n\t<link rel=\"canonical\" href=\"https:\/\/www.eldigitaldeasturias.com\/noticias\/la-feria-regional-de-barbastro-contara-con-112-expositores\/\" \/>\n\t<meta name=\"generator\" content=\"All in One SEO Pro (AIOSEO) 5.0.1\" \/>\n\t\t<meta property=\"og:locale\" content=\"es_ES\" \/>\n\t\t<meta property=\"og:site_name\" content=\"El Digital de Asturias\" \/>\n\t\t<meta property=\"og:type\" content=\"article\" \/>\n\t\t<meta property=\"og:title\" content=\"La Feria Regional de Barbastro contar\u00e1 con 112 expositores - El Digital de Asturias\" \/>\n\t\t<meta property=\"og:description\" content=\"La consejera de Innovaci\u00f3n, Investigaci\u00f3n y Universidad, Pilar Alegr\u00eda, inaugura la Feria Regional de Barbastro (FERMA), junto con el alcalde de la ciudad, Antonio Cosculluela y otras autoridades locales y provinciales. FERMA apuesta precisamente este a\u00f1o por la innovaci\u00f3n en el marco de sus jornadas profesionales, mediante la organizaci\u00f3n de un encuentro empresarial que ha\" \/>\n\t\t<meta property=\"og:url\" content=\"https:\/\/www.eldigitaldeasturias.com\/noticias\/la-feria-regional-de-barbastro-contara-con-112-expositores\/\" \/>\n\t\t<meta property=\"article:tag\" content=\"actualidad\" \/>\n\t\t<meta property=\"article:published_time\" content=\"2017-08-25T19:30:52+00:00\" \/>\n\t\t<meta property=\"article:modified_time\" content=\"2017-08-25T19:30:52+00:00\" \/>\n\t\t<meta property=\"article:publisher\" content=\"https:\/\/facebook.com\/eldigitaldeasturias\" \/>\n\t\t<meta name=\"twitter:card\" content=\"summary_large_image\" \/>\n\t\t<meta name=\"twitter:title\" content=\"La Feria Regional de Barbastro contar\u00e1 con 112 expositores - El Digital de Asturias\" \/>\n\t\t<meta name=\"twitter:description\" content=\"La consejera de Innovaci\u00f3n, Investigaci\u00f3n y Universidad, Pilar Alegr\u00eda, inaugura la Feria Regional de Barbastro (FERMA), junto con el alcalde de la ciudad, Antonio Cosculluela y otras autoridades locales y provinciales. FERMA apuesta precisamente este a\u00f1o por la innovaci\u00f3n en el marco de sus jornadas profesionales, mediante la organizaci\u00f3n de un encuentro empresarial que ha\" \/>\n\t\t<meta name=\"twitter:image\" content=\"https:\/\/www.eldigitaldeasturias.com\/noticias\/wp-content\/uploads\/2020\/12\/EDA-1.jpg\" \/>\n\t\t<meta name=\"twitter:label1\" content=\"Escrito por\" \/>\n\t\t<meta name=\"twitter:data1\" content=\"El Digital de Asturias\" \/>\n\t\t<meta name=\"twitter:label2\" content=\"Tiempo de lectura estimado\" \/>\n\t\t<meta name=\"twitter:data2\" content=\"2 minutos\" \/>\n\t\t<script type=\"application\/ld+json\" class=\"aioseo-schema\">\n\t\t\t{\"@context\":\"https:\\\/\\\/schema.org\",\"@graph\":[{\"@type\":\"BlogPosting\",\"@id\":\"https:\\\/\\\/www.eldigitaldeasturias.com\\\/noticias\\\/la-feria-regional-de-barbastro-contara-con-112-expositores\\\/#blogposting\",\"name\":\"La Feria Regional de Barbastro contar\\u00e1 con 112 expositores - El Digital de Asturias\",\"headline\":\"La Feria Regional de Barbastro contar\\u00e1 con 112 expositores\",\"author\":{\"@id\":\"https:\\\/\\\/www.eldigitaldeasturias.com\\\/noticias\\\/author\\\/admin\\\/#author\"},\"publisher\":{\"@id\":\"https:\\\/\\\/www.eldigitaldeasturias.com\\\/noticias\\\/#organization\"},\"image\":{\"@type\":\"ImageObject\",\"url\":950855},\"datePublished\":\"2017-08-25T19:30:52+02:00\",\"dateModified\":\"2017-08-25T19:30:52+02:00\",\"inLanguage\":\"es-ES\",\"mainEntityOfPage\":{\"@id\":\"https:\\\/\\\/www.eldigitaldeasturias.com\\\/noticias\\\/la-feria-regional-de-barbastro-contara-con-112-expositores\\\/#webpage\"},\"isPartOf\":{\"@id\":\"https:\\\/\\\/www.eldigitaldeasturias.com\\\/noticias\\\/la-feria-regional-de-barbastro-contara-con-112-expositores\\\/#webpage\"},\"articleSection\":\"Actualidad\"},{\"@type\":\"BreadcrumbList\",\"@id\":\"https:\\\/\\\/www.eldigitaldeasturias.com\\\/noticias\\\/la-feria-regional-de-barbastro-contara-con-112-expositores\\\/#breadcrumblist\",\"itemListElement\":[{\"@type\":\"ListItem\",\"@id\":\"https:\\\/\\\/www.eldigitaldeasturias.com\\\/noticias#listItem\",\"position\":1,\"name\":\"Home\",\"item\":\"https:\\\/\\\/www.eldigitaldeasturias.com\\\/noticias\",\"nextItem\":{\"@type\":\"ListItem\",\"@id\":\"https:\\\/\\\/www.eldigitaldeasturias.com\\\/noticias\\\/category\\\/actualidad\\\/#listItem\",\"name\":\"Actualidad\"}},{\"@type\":\"ListItem\",\"@id\":\"https:\\\/\\\/www.eldigitaldeasturias.com\\\/noticias\\\/category\\\/actualidad\\\/#listItem\",\"position\":2,\"name\":\"Actualidad\",\"item\":\"https:\\\/\\\/www.eldigitaldeasturias.com\\\/noticias\\\/category\\\/actualidad\\\/\",\"nextItem\":{\"@type\":\"ListItem\",\"@id\":\"https:\\\/\\\/www.eldigitaldeasturias.com\\\/noticias\\\/la-feria-regional-de-barbastro-contara-con-112-expositores\\\/#listItem\",\"name\":\"La Feria Regional de Barbastro contar\\u00e1 con 112 expositores\"},\"previousItem\":{\"@type\":\"ListItem\",\"@id\":\"https:\\\/\\\/www.eldigitaldeasturias.com\\\/noticias#listItem\",\"name\":\"Home\"}},{\"@type\":\"ListItem\",\"@id\":\"https:\\\/\\\/www.eldigitaldeasturias.com\\\/noticias\\\/la-feria-regional-de-barbastro-contara-con-112-expositores\\\/#listItem\",\"position\":3,\"name\":\"La Feria Regional de Barbastro contar\\u00e1 con 112 expositores\",\"previousItem\":{\"@type\":\"ListItem\",\"@id\":\"https:\\\/\\\/www.eldigitaldeasturias.com\\\/noticias\\\/category\\\/actualidad\\\/#listItem\",\"name\":\"Actualidad\"}}]},{\"@type\":\"Organization\",\"@id\":\"https:\\\/\\\/www.eldigitaldeasturias.com\\\/noticias\\\/#organization\",\"name\":\"El Digital de Asturias\",\"description\":\"Hemeroteca\",\"url\":\"https:\\\/\\\/www.eldigitaldeasturias.com\\\/noticias\\\/\",\"email\":\"info@eldigitaldeasturias.com\",\"telephone\":\"+34652131393\",\"logo\":{\"@type\":\"ImageObject\",\"url\":\"https:\\\/\\\/www.eldigitaldeasturias.com\\\/noticias\\\/wp-content\\\/uploads\\\/2020\\\/12\\\/EDA.jpg\",\"@id\":\"https:\\\/\\\/www.eldigitaldeasturias.com\\\/noticias\\\/la-feria-regional-de-barbastro-contara-con-112-expositores\\\/#organizationLogo\"},\"image\":{\"@id\":\"https:\\\/\\\/www.eldigitaldeasturias.com\\\/noticias\\\/la-feria-regional-de-barbastro-contara-con-112-expositores\\\/#organizationLogo\"},\"sameAs\":[\"https:\\\/\\\/facebook.com\\\/eldigitaldeasturias\",\"https:\\\/\\\/www.youtube.com\\\/channel\\\/UCZP-2wLEB9Rv6erhFmqVnvg\"],\"address\":{\"@id\":\"https:\\\/\\\/www.eldigitaldeasturias.com\\\/noticias\\\/#postaladdress\",\"@type\":\"PostalAddress\",\"streetAddress\":\"san antonio 4\",\"postalCode\":\"33430\",\"addressLocality\":\"Cand\\u00e1s\",\"addressRegion\":\"Asturias\",\"addressCountry\":\"ES\"}},{\"@type\":\"Person\",\"@id\":\"https:\\\/\\\/www.eldigitaldeasturias.com\\\/noticias\\\/author\\\/admin\\\/#author\",\"url\":\"https:\\\/\\\/www.eldigitaldeasturias.com\\\/noticias\\\/author\\\/admin\\\/\",\"name\":\"El Digital de Asturias\",\"image\":{\"@type\":\"ImageObject\",\"@id\":\"https:\\\/\\\/www.eldigitaldeasturias.com\\\/noticias\\\/la-feria-regional-de-barbastro-contara-con-112-expositores\\\/#authorImage\",\"url\":\"https:\\\/\\\/secure.gravatar.com\\\/avatar\\\/df2aeffc32bcd13f8d26072ef8a91b623d677766deac7f97ca815868cd41bf5e?s=96&d=mm&r=g\",\"width\":96,\"height\":96,\"caption\":\"El Digital de Asturias\"}},{\"@type\":\"WebPage\",\"@id\":\"https:\\\/\\\/www.eldigitaldeasturias.com\\\/noticias\\\/la-feria-regional-de-barbastro-contara-con-112-expositores\\\/#webpage\",\"url\":\"https:\\\/\\\/www.eldigitaldeasturias.com\\\/noticias\\\/la-feria-regional-de-barbastro-contara-con-112-expositores\\\/\",\"name\":\"La Feria Regional de Barbastro contar\\u00e1 con 112 expositores - El Digital de Asturias\",\"description\":\"La consejera de Innovaci\\u00f3n, Investigaci\\u00f3n y Universidad, Pilar Alegr\\u00eda, inaugura la Feria Regional de Barbastro (FERMA), junto con el alcalde de la ciudad, Antonio Cosculluela y otras autoridades locales y provinciales. FERMA apuesta precisamente este a\\u00f1o por la innovaci\\u00f3n en el marco de sus jornadas profesionales, mediante la organizaci\\u00f3n de un encuentro empresarial que ha\",\"inLanguage\":\"es-ES\",\"isPartOf\":{\"@id\":\"https:\\\/\\\/www.eldigitaldeasturias.com\\\/noticias\\\/#website\"},\"breadcrumb\":{\"@id\":\"https:\\\/\\\/www.eldigitaldeasturias.com\\\/noticias\\\/la-feria-regional-de-barbastro-contara-con-112-expositores\\\/#breadcrumblist\"},\"author\":{\"@id\":\"https:\\\/\\\/www.eldigitaldeasturias.com\\\/noticias\\\/author\\\/admin\\\/#author\"},\"creator\":{\"@id\":\"https:\\\/\\\/www.eldigitaldeasturias.com\\\/noticias\\\/author\\\/admin\\\/#author\"},\"image\":{\"@type\":\"ImageObject\",\"url\":950855,\"@id\":\"https:\\\/\\\/www.eldigitaldeasturias.com\\\/noticias\\\/la-feria-regional-de-barbastro-contara-con-112-expositores\\\/#mainImage\"},\"primaryImageOfPage\":{\"@id\":\"https:\\\/\\\/www.eldigitaldeasturias.com\\\/noticias\\\/la-feria-regional-de-barbastro-contara-con-112-expositores\\\/#mainImage\"},\"datePublished\":\"2017-08-25T19:30:52+02:00\",\"dateModified\":\"2017-08-25T19:30:52+02:00\"},{\"@type\":\"WebSite\",\"@id\":\"https:\\\/\\\/www.eldigitaldeasturias.com\\\/noticias\\\/#website\",\"url\":\"https:\\\/\\\/www.eldigitaldeasturias.com\\\/noticias\\\/\",\"name\":\"El Digital de Asturias - Diario de actualidad y noticias\",\"alternateName\":\"El Digital de Asturias - Diario de actualidad y noticias\",\"description\":\"Hemeroteca\",\"inLanguage\":\"es-ES\",\"publisher\":{\"@id\":\"https:\\\/\\\/www.eldigitaldeasturias.com\\\/noticias\\\/#organization\"}}]}\n\t\t<\/script>\n\t\t<!-- All in One SEO Pro -->\r\n\t\t<title>La Feria Regional de Barbastro contar\u00e1 con 112 expositores - El Digital de Asturias<\/title>\n\n","aioseo_head_json":{"title":"La Feria Regional de Barbastro contar\u00e1 con 112 expositores - El Digital de Asturias","description":"La consejera de Innovaci\u00f3n, Investigaci\u00f3n y Universidad, Pilar Alegr\u00eda, inaugura la Feria Regional de Barbastro (FERMA), junto con el alcalde de la ciudad, Antonio Cosculluela y otras autoridades locales y provinciales. FERMA apuesta precisamente este a\u00f1o por la innovaci\u00f3n en el marco de sus jornadas profesionales, mediante la organizaci\u00f3n de un encuentro empresarial que ha","canonical_url":"https:\/\/www.eldigitaldeasturias.com\/noticias\/la-feria-regional-de-barbastro-contara-con-112-expositores\/","robots":"max-image-preview:large","keywords":"actualidad","webmasterTools":{"google-site-verification":"UA-38556648-1","msvalidate.01":"7dfe9f3f1b24437ab69f4f2559babe99","miscellaneous":""},"schema":{"@context":"https:\/\/schema.org","@graph":[{"@type":"BlogPosting","@id":"https:\/\/www.eldigitaldeasturias.com\/noticias\/la-feria-regional-de-barbastro-contara-con-112-expositores\/#blogposting","name":"La Feria Regional de Barbastro contar\u00e1 con 112 expositores - El Digital de Asturias","headline":"La Feria Regional de Barbastro contar\u00e1 con 112 expositores","author":{"@id":"https:\/\/www.eldigitaldeasturias.com\/noticias\/author\/admin\/#author"},"publisher":{"@id":"https:\/\/www.eldigitaldeasturias.com\/noticias\/#organization"},"image":{"@type":"ImageObject","url":950855},"datePublished":"2017-08-25T19:30:52+02:00","dateModified":"2017-08-25T19:30:52+02:00","inLanguage":"es-ES","mainEntityOfPage":{"@id":"https:\/\/www.eldigitaldeasturias.com\/noticias\/la-feria-regional-de-barbastro-contara-con-112-expositores\/#webpage"},"isPartOf":{"@id":"https:\/\/www.eldigitaldeasturias.com\/noticias\/la-feria-regional-de-barbastro-contara-con-112-expositores\/#webpage"},"articleSection":"Actualidad"},{"@type":"BreadcrumbList","@id":"https:\/\/www.eldigitaldeasturias.com\/noticias\/la-feria-regional-de-barbastro-contara-con-112-expositores\/#breadcrumblist","itemListElement":[{"@type":"ListItem","@id":"https:\/\/www.eldigitaldeasturias.com\/noticias#listItem","position":1,"name":"Home","item":"https:\/\/www.eldigitaldeasturias.com\/noticias","nextItem":{"@type":"ListItem","@id":"https:\/\/www.eldigitaldeasturias.com\/noticias\/category\/actualidad\/#listItem","name":"Actualidad"}},{"@type":"ListItem","@id":"https:\/\/www.eldigitaldeasturias.com\/noticias\/category\/actualidad\/#listItem","position":2,"name":"Actualidad","item":"https:\/\/www.eldigitaldeasturias.com\/noticias\/category\/actualidad\/","nextItem":{"@type":"ListItem","@id":"https:\/\/www.eldigitaldeasturias.com\/noticias\/la-feria-regional-de-barbastro-contara-con-112-expositores\/#listItem","name":"La Feria Regional de Barbastro contar\u00e1 con 112 expositores"},"previousItem":{"@type":"ListItem","@id":"https:\/\/www.eldigitaldeasturias.com\/noticias#listItem","name":"Home"}},{"@type":"ListItem","@id":"https:\/\/www.eldigitaldeasturias.com\/noticias\/la-feria-regional-de-barbastro-contara-con-112-expositores\/#listItem","position":3,"name":"La Feria Regional de Barbastro contar\u00e1 con 112 expositores","previousItem":{"@type":"ListItem","@id":"https:\/\/www.eldigitaldeasturias.com\/noticias\/category\/actualidad\/#listItem","name":"Actualidad"}}]},{"@type":"Organization","@id":"https:\/\/www.eldigitaldeasturias.com\/noticias\/#organization","name":"El Digital de Asturias","description":"Hemeroteca","url":"https:\/\/www.eldigitaldeasturias.com\/noticias\/","email":"info@eldigitaldeasturias.com","telephone":"+34652131393","logo":{"@type":"ImageObject","url":"https:\/\/www.eldigitaldeasturias.com\/noticias\/wp-content\/uploads\/2020\/12\/EDA.jpg","@id":"https:\/\/www.eldigitaldeasturias.com\/noticias\/la-feria-regional-de-barbastro-contara-con-112-expositores\/#organizationLogo"},"image":{"@id":"https:\/\/www.eldigitaldeasturias.com\/noticias\/la-feria-regional-de-barbastro-contara-con-112-expositores\/#organizationLogo"},"sameAs":["https:\/\/facebook.com\/eldigitaldeasturias","https:\/\/www.youtube.com\/channel\/UCZP-2wLEB9Rv6erhFmqVnvg"],"address":{"@id":"https:\/\/www.eldigitaldeasturias.com\/noticias\/#postaladdress","@type":"PostalAddress","streetAddress":"san antonio 4","postalCode":"33430","addressLocality":"Cand\u00e1s","addressRegion":"Asturias","addressCountry":"ES"}},{"@type":"Person","@id":"https:\/\/www.eldigitaldeasturias.com\/noticias\/author\/admin\/#author","url":"https:\/\/www.eldigitaldeasturias.com\/noticias\/author\/admin\/","name":"El Digital de Asturias","image":{"@type":"ImageObject","@id":"https:\/\/www.eldigitaldeasturias.com\/noticias\/la-feria-regional-de-barbastro-contara-con-112-expositores\/#authorImage","url":"https:\/\/secure.gravatar.com\/avatar\/df2aeffc32bcd13f8d26072ef8a91b623d677766deac7f97ca815868cd41bf5e?s=96&d=mm&r=g","width":96,"height":96,"caption":"El Digital de Asturias"}},{"@type":"WebPage","@id":"https:\/\/www.eldigitaldeasturias.com\/noticias\/la-feria-regional-de-barbastro-contara-con-112-expositores\/#webpage","url":"https:\/\/www.eldigitaldeasturias.com\/noticias\/la-feria-regional-de-barbastro-contara-con-112-expositores\/","name":"La Feria Regional de Barbastro contar\u00e1 con 112 expositores - El Digital de Asturias","description":"La consejera de Innovaci\u00f3n, Investigaci\u00f3n y Universidad, Pilar Alegr\u00eda, inaugura la Feria Regional de Barbastro (FERMA), junto con el alcalde de la ciudad, Antonio Cosculluela y otras autoridades locales y provinciales. FERMA apuesta precisamente este a\u00f1o por la innovaci\u00f3n en el marco de sus jornadas profesionales, mediante la organizaci\u00f3n de un encuentro empresarial que ha","inLanguage":"es-ES","isPartOf":{"@id":"https:\/\/www.eldigitaldeasturias.com\/noticias\/#website"},"breadcrumb":{"@id":"https:\/\/www.eldigitaldeasturias.com\/noticias\/la-feria-regional-de-barbastro-contara-con-112-expositores\/#breadcrumblist"},"author":{"@id":"https:\/\/www.eldigitaldeasturias.com\/noticias\/author\/admin\/#author"},"creator":{"@id":"https:\/\/www.eldigitaldeasturias.com\/noticias\/author\/admin\/#author"},"image":{"@type":"ImageObject","url":950855,"@id":"https:\/\/www.eldigitaldeasturias.com\/noticias\/la-feria-regional-de-barbastro-contara-con-112-expositores\/#mainImage"},"primaryImageOfPage":{"@id":"https:\/\/www.eldigitaldeasturias.com\/noticias\/la-feria-regional-de-barbastro-contara-con-112-expositores\/#mainImage"},"datePublished":"2017-08-25T19:30:52+02:00","dateModified":"2017-08-25T19:30:52+02:00"},{"@type":"WebSite","@id":"https:\/\/www.eldigitaldeasturias.com\/noticias\/#website","url":"https:\/\/www.eldigitaldeasturias.com\/noticias\/","name":"El Digital de Asturias - Diario de actualidad y noticias","alternateName":"El Digital de Asturias - Diario de actualidad y noticias","description":"Hemeroteca","inLanguage":"es-ES","publisher":{"@id":"https:\/\/www.eldigitaldeasturias.com\/noticias\/#organization"}}]},"og:locale":"es_ES","og:site_name":"El Digital de Asturias","og:type":"article","og:title":"La Feria Regional de Barbastro contar\u00e1 con 112 expositores - El Digital de Asturias","og:description":"La consejera de Innovaci\u00f3n, Investigaci\u00f3n y Universidad, Pilar Alegr\u00eda, inaugura la Feria Regional de Barbastro (FERMA), junto con el alcalde de la ciudad, Antonio Cosculluela y otras autoridades locales y provinciales. FERMA apuesta precisamente este a\u00f1o por la innovaci\u00f3n en el marco de sus jornadas profesionales, mediante la organizaci\u00f3n de un encuentro empresarial que ha","og:url":"https:\/\/www.eldigitaldeasturias.com\/noticias\/la-feria-regional-de-barbastro-contara-con-112-expositores\/","article:tag":["actualidad"],"article:published_time":"2017-08-25T19:30:52+00:00","article:modified_time":"2017-08-25T19:30:52+00:00","article:publisher":"https:\/\/facebook.com\/eldigitaldeasturias","twitter:card":"summary_large_image","twitter:title":"La Feria Regional de Barbastro contar\u00e1 con 112 expositores - El Digital de Asturias","twitter:description":"La consejera de Innovaci\u00f3n, Investigaci\u00f3n y Universidad, Pilar Alegr\u00eda, inaugura la Feria Regional de Barbastro (FERMA), junto con el alcalde de la ciudad, Antonio Cosculluela y otras autoridades locales y provinciales. FERMA apuesta precisamente este a\u00f1o por la innovaci\u00f3n en el marco de sus jornadas profesionales, mediante la organizaci\u00f3n de un encuentro empresarial que ha","twitter:image":"https:\/\/www.eldigitaldeasturias.com\/noticias\/wp-content\/uploads\/2020\/12\/EDA-1.jpg","twitter:label1":"Escrito por","twitter:data1":"El Digital de Asturias","twitter:label2":"Tiempo de lectura estimado","twitter:data2":"2 minutos"},"aioseo_meta_data":{"post_id":"950854","title":null,"description":null,"keywords":null,"keyphrases":null,"primary_term":null,"canonical_url":null,"og_title":null,"og_description":null,"og_object_type":"default","og_image_type":"default","og_image_url":null,"og_image_width":null,"og_image_height":null,"og_image_custom_url":null,"og_image_custom_fields":null,"og_video":null,"og_custom_url":null,"og_article_section":null,"og_article_tags":null,"twitter_use_og":false,"twitter_card":"default","twitter_image_type":"default","twitter_image_url":null,"twitter_image_custom_url":null,"twitter_image_custom_fields":null,"twitter_title":null,"twitter_description":null,"schema":{"blockGraphs":[],"customGraphs":[],"default":{"data":{"Article":[],"Course":[],"Dataset":[],"FAQPage":[],"Movie":[],"Person":[],"Product":[],"ProductReview":[],"Car":[],"Recipe":[],"Service":[],"SoftwareApplication":[],"WebPage":[]},"graphName":"","isEnabled":true},"graphs":[],"defaultGraph":"","defaultPostTypeGraph":""},"schema_type":null,"schema_type_options":null,"pillar_content":false,"robots_default":true,"robots_noindex":false,"robots_noarchive":false,"robots_nosnippet":false,"robots_nofollow":false,"robots_noimageindex":false,"robots_noodp":false,"robots_notranslate":false,"robots_max_snippet":null,"robots_max_videopreview":null,"robots_max_imagepreview":"large","priority":null,"frequency":null,"local_seo":null,"seo_analyzer_scan_date":"2025-12-05 17:15:31","breadcrumb_settings":null,"limit_modified_date":false,"open_ai":null,"ai":null,"created":"2020-12-21 12:58:34","updated":"2025-12-05 17:15:31","focus_keyword":null,"additional_keywords":null,"truseo_locale":null},"aioseo_breadcrumb":"<div class=\"aioseo-breadcrumbs\"><span class=\"aioseo-breadcrumb\">\n\t<a href=\"https:\/\/www.eldigitaldeasturias.com\/noticias\" title=\"Home\">Home<\/a>\n<\/span><span class=\"aioseo-breadcrumb-separator\">\u2013<\/span><span class=\"aioseo-breadcrumb\">\n\t<a href=\"https:\/\/www.eldigitaldeasturias.com\/noticias\/category\/actualidad\/\" title=\"Actualidad\">Actualidad<\/a>\n<\/span><span class=\"aioseo-breadcrumb-separator\">\u2013<\/span><span class=\"aioseo-breadcrumb\">\n\t<a href=\"https:\/\/www.eldigitaldeasturias.com\/noticias\/la-feria-regional-de-barbastro-contara-con-112-expositores\/\" title=\"La Feria Regional de Barbastro contar\u00e1 con 112 expositores\">La Feria Regional de Barbastro contar\u00e1 con 112 expositores<\/a>\n<\/span><\/div>","aioseo_breadcrumb_json":[{"label":"Home","link":"https:\/\/www.eldigitaldeasturias.com\/noticias"},{"label":"Actualidad","link":"https:\/\/www.eldigitaldeasturias.com\/noticias\/category\/actualidad\/"},{"label":"La Feria Regional de Barbastro contar\u00e1 con 112 expositores","link":"https:\/\/www.eldigitaldeasturias.com\/noticias\/la-feria-regional-de-barbastro-contara-con-112-expositores\/"}],"_links":{"self":[{"href":"https:\/\/www.eldigitaldeasturias.com\/noticias\/wp-json\/wp\/v2\/posts\/950854","targetHints":{"allow":["GET"]}}],"collection":[{"href":"https:\/\/www.eldigitaldeasturias.com\/noticias\/wp-json\/wp\/v2\/posts"}],"about":[{"href":"https:\/\/www.eldigitaldeasturias.com\/noticias\/wp-json\/wp\/v2\/types\/post"}],"author":[{"embeddable":true,"href":"https:\/\/www.eldigitaldeasturias.com\/noticias\/wp-json\/wp\/v2\/users\/1"}],"replies":[{"embeddable":true,"href":"https:\/\/www.eldigitaldeasturias.com\/noticias\/wp-json\/wp\/v2\/comments?post=950854"}],"version-history":[{"count":0,"href":"https:\/\/www.eldigitaldeasturias.com\/noticias\/wp-json\/wp\/v2\/posts\/950854\/revisions"}],"wp:attachment":[{"href":"https:\/\/www.eldigitaldeasturias.com\/noticias\/wp-json\/wp\/v2\/media?parent=950854"}],"wp:term":[{"taxonomy":"category","embeddable":true,"href":"https:\/\/www.eldigitaldeasturias.com\/noticias\/wp-json\/wp\/v2\/categories?post=950854"},{"taxonomy":"post_tag","embeddable":true,"href":"https:\/\/www.eldigitaldeasturias.com\/noticias\/wp-json\/wp\/v2\/tags?post=950854"}],"curies":[{"name":"wp","href":"https:\/\/api.w.org\/{rel}","templated":true}]}}