{"id":950842,"date":"2017-08-25T19:15:22","date_gmt":"2017-08-25T19:15:22","guid":{"rendered":"http:\/\/www.eldigitaldeasturias.com\/noticias\/?p=950842"},"modified":"2017-08-25T19:15:22","modified_gmt":"2017-08-25T19:15:22","slug":"espana-mantendra-el-nivel-4-reforzado-de-alerta-antiterrorista","status":"publish","type":"post","link":"https:\/\/www.eldigitaldeasturias.com\/noticias\/espana-mantendra-el-nivel-4-reforzado-de-alerta-antiterrorista\/","title":{"rendered":"Espa\u00f1a mantendr\u00e1 el nivel 4 reforzado de alerta antiterrorista"},"content":{"rendered":"<p><img loading=\"lazy\" decoding=\"async\" class=\"alignleft size-medium wp-image-950843\" src=\"https:\/\/www.eldigitaldeasturias.com\/noticias\/wp-content\/uploads\/2017\/08\/AmenazaTerrorista-360x239.jpg\" alt=\"\" width=\"360\" height=\"239\" \/>El ministro del Interior, Juan Ignacio Zoido, ha presidido la reuni\u00f3n de la Mesa de Valoraci\u00f3n de la Amenaza Terrorista, en la que se ha decidido mantener el actual nivel de alerta 4 reforzado.<\/p>\n<p>En la reuni\u00f3n, que se ha celebrado en la sala de crisis del Ministerio del Interior, adem\u00e1s de Zoido, han participado el secretario de Estado de Seguridad, Jos\u00e9 Antonio Nieto, y representantes de la Polic\u00eda Nacional, de la Guardia Civil, del Centro de Inteligencia contra el Terrorismo y el Crimen Organizado (CITCO), del Centro Nacional de Inteligencia (CNI), de los Mossos d&#8217;Esquadra y de la Ertzaintza.<\/p>\n<p>El ministro del Interior ha informado a los m\u00e1ximos expertos en la lucha antiterrorista sobre la reuni\u00f3n que mantuvo ayer en Par\u00eds con su hom\u00f3logo franc\u00e9s, G\u00e9rard Collomb, y en la que se trat\u00f3 la colaboraci\u00f3n en materia antiterrorista de ambos pa\u00edses.<\/p>\n<p>Tras presidir la Mesa de Valoraci\u00f3n de la Amenaza Terrorista, Juan Ignacio Zoido se ha trasladado a la Secretar\u00eda de Estado para las Administraciones Territoriales, donde ha mantenido una reuni\u00f3n con delegados del Gobierno de toda Espa\u00f1a. El ministro del Interior les ha trasladado los contenidos tratados en la Mesa de Valoraci\u00f3n de la Amenaza Terrorista y, concretamente, las caracter\u00edsticas de seguridad referidas al nivel de alerta 4 reforzado.<\/p>\n<p><strong>Mayor implicaci\u00f3n de las polic\u00edas locales contra el terrorismo<\/strong><\/p>\n<p>Uno de los elementos fundamentales de lo trasladado por el ministro del Interior a los distintos delegados del Gobierno es la mayor implicaci\u00f3n de las polic\u00edas locales en el actual nivel de alerta antiterrorista 4 reforzado. En este sentido, Juan Ignacio Zoido ha detallado las medidas concretas de refuerzo de la seguridad acordadas en la Mesa de Valoraci\u00f3n de la Amenaza Terrorista y ha realizado tambi\u00e9n una valoraci\u00f3n positiva de las mismas desde que se pusieron en marcha.<\/p>\n<p>&nbsp;<\/p>\n","protected":false},"excerpt":{"rendered":"<p>El ministro del Interior, Juan Ignacio Zoido, ha presidido la reuni\u00f3n de la Mesa de Valoraci\u00f3n de la Amenaza Terrorista, en la que se ha decidido mantener el actual nivel de alerta 4 reforzado. En la reuni\u00f3n, que se ha celebrado en la sala de crisis del Ministerio del Interior, adem\u00e1s de Zoido, han participado [&hellip;]<\/p>\n","protected":false},"author":1,"featured_media":950843,"comment_status":"closed","ping_status":"closed","sticky":false,"template":"","format":"standard","meta":{"footnotes":""},"categories":[1],"tags":[],"class_list":["post-950842","post","type-post","status-publish","format-standard","has-post-thumbnail","hentry","category-actualidad"],"aioseo_notices":[],"aioseo_head":"\n\t\t<!-- All in One SEO Pro 5.0.1 - aioseo.com -->\n\t<meta name=\"description\" content=\"El ministro del Interior, Juan Ignacio Zoido, ha presidido la reuni\u00f3n de la Mesa de Valoraci\u00f3n de la Amenaza Terrorista, en la que se ha decidido mantener el actual nivel de alerta 4 reforzado. En la reuni\u00f3n, que se ha celebrado en la sala de crisis del Ministerio del Interior, adem\u00e1s de Zoido, han participado\" \/>\n\t<meta name=\"robots\" content=\"max-image-preview:large\" \/>\n\t<meta name=\"author\" content=\"El Digital de Asturias\"\/>\n\t<meta name=\"google-site-verification\" content=\"UA-38556648-1\" \/>\n\t<meta name=\"msvalidate.01\" content=\"7dfe9f3f1b24437ab69f4f2559babe99\" \/>\n\t<meta name=\"keywords\" content=\"actualidad\" \/>\n\t<link rel=\"canonical\" href=\"https:\/\/www.eldigitaldeasturias.com\/noticias\/espana-mantendra-el-nivel-4-reforzado-de-alerta-antiterrorista\/\" \/>\n\t<meta name=\"generator\" content=\"All in One SEO Pro (AIOSEO) 5.0.1\" \/>\n\t\t<meta property=\"og:locale\" content=\"es_ES\" \/>\n\t\t<meta property=\"og:site_name\" content=\"El Digital de Asturias\" \/>\n\t\t<meta property=\"og:type\" content=\"article\" \/>\n\t\t<meta property=\"og:title\" content=\"Espa\u00f1a mantendr\u00e1 el nivel 4 reforzado de alerta antiterrorista - El Digital de Asturias\" \/>\n\t\t<meta property=\"og:description\" content=\"El ministro del Interior, Juan Ignacio Zoido, ha presidido la reuni\u00f3n de la Mesa de Valoraci\u00f3n de la Amenaza Terrorista, en la que se ha decidido mantener el actual nivel de alerta 4 reforzado. En la reuni\u00f3n, que se ha celebrado en la sala de crisis del Ministerio del Interior, adem\u00e1s de Zoido, han participado\" \/>\n\t\t<meta property=\"og:url\" content=\"https:\/\/www.eldigitaldeasturias.com\/noticias\/espana-mantendra-el-nivel-4-reforzado-de-alerta-antiterrorista\/\" \/>\n\t\t<meta property=\"article:tag\" content=\"actualidad\" \/>\n\t\t<meta property=\"article:published_time\" content=\"2017-08-25T19:15:22+00:00\" \/>\n\t\t<meta property=\"article:modified_time\" content=\"2017-08-25T19:15:22+00:00\" \/>\n\t\t<meta property=\"article:publisher\" content=\"https:\/\/facebook.com\/eldigitaldeasturias\" \/>\n\t\t<meta name=\"twitter:card\" content=\"summary_large_image\" \/>\n\t\t<meta name=\"twitter:title\" content=\"Espa\u00f1a mantendr\u00e1 el nivel 4 reforzado de alerta antiterrorista - El Digital de Asturias\" \/>\n\t\t<meta name=\"twitter:description\" content=\"El ministro del Interior, Juan Ignacio Zoido, ha presidido la reuni\u00f3n de la Mesa de Valoraci\u00f3n de la Amenaza Terrorista, en la que se ha decidido mantener el actual nivel de alerta 4 reforzado. En la reuni\u00f3n, que se ha celebrado en la sala de crisis del Ministerio del Interior, adem\u00e1s de Zoido, han participado\" \/>\n\t\t<meta name=\"twitter:image\" content=\"https:\/\/www.eldigitaldeasturias.com\/noticias\/wp-content\/uploads\/2020\/12\/EDA-1.jpg\" \/>\n\t\t<meta name=\"twitter:label1\" content=\"Escrito por\" \/>\n\t\t<meta name=\"twitter:data1\" content=\"El Digital de Asturias\" \/>\n\t\t<meta name=\"twitter:label2\" content=\"Tiempo de lectura estimado\" \/>\n\t\t<meta name=\"twitter:data2\" content=\"2 minutos\" \/>\n\t\t<script type=\"application\/ld+json\" class=\"aioseo-schema\">\n\t\t\t{\"@context\":\"https:\\\/\\\/schema.org\",\"@graph\":[{\"@type\":\"BlogPosting\",\"@id\":\"https:\\\/\\\/www.eldigitaldeasturias.com\\\/noticias\\\/espana-mantendra-el-nivel-4-reforzado-de-alerta-antiterrorista\\\/#blogposting\",\"name\":\"Espa\\u00f1a mantendr\\u00e1 el nivel 4 reforzado de alerta antiterrorista - El Digital de Asturias\",\"headline\":\"Espa\\u00f1a mantendr\\u00e1 el nivel 4 reforzado de alerta antiterrorista\",\"author\":{\"@id\":\"https:\\\/\\\/www.eldigitaldeasturias.com\\\/noticias\\\/author\\\/admin\\\/#author\"},\"publisher\":{\"@id\":\"https:\\\/\\\/www.eldigitaldeasturias.com\\\/noticias\\\/#organization\"},\"image\":{\"@type\":\"ImageObject\",\"url\":950843},\"datePublished\":\"2017-08-25T19:15:22+02:00\",\"dateModified\":\"2017-08-25T19:15:22+02:00\",\"inLanguage\":\"es-ES\",\"mainEntityOfPage\":{\"@id\":\"https:\\\/\\\/www.eldigitaldeasturias.com\\\/noticias\\\/espana-mantendra-el-nivel-4-reforzado-de-alerta-antiterrorista\\\/#webpage\"},\"isPartOf\":{\"@id\":\"https:\\\/\\\/www.eldigitaldeasturias.com\\\/noticias\\\/espana-mantendra-el-nivel-4-reforzado-de-alerta-antiterrorista\\\/#webpage\"},\"articleSection\":\"Actualidad\"},{\"@type\":\"BreadcrumbList\",\"@id\":\"https:\\\/\\\/www.eldigitaldeasturias.com\\\/noticias\\\/espana-mantendra-el-nivel-4-reforzado-de-alerta-antiterrorista\\\/#breadcrumblist\",\"itemListElement\":[{\"@type\":\"ListItem\",\"@id\":\"https:\\\/\\\/www.eldigitaldeasturias.com\\\/noticias#listItem\",\"position\":1,\"name\":\"Home\",\"item\":\"https:\\\/\\\/www.eldigitaldeasturias.com\\\/noticias\",\"nextItem\":{\"@type\":\"ListItem\",\"@id\":\"https:\\\/\\\/www.eldigitaldeasturias.com\\\/noticias\\\/category\\\/actualidad\\\/#listItem\",\"name\":\"Actualidad\"}},{\"@type\":\"ListItem\",\"@id\":\"https:\\\/\\\/www.eldigitaldeasturias.com\\\/noticias\\\/category\\\/actualidad\\\/#listItem\",\"position\":2,\"name\":\"Actualidad\",\"item\":\"https:\\\/\\\/www.eldigitaldeasturias.com\\\/noticias\\\/category\\\/actualidad\\\/\",\"nextItem\":{\"@type\":\"ListItem\",\"@id\":\"https:\\\/\\\/www.eldigitaldeasturias.com\\\/noticias\\\/espana-mantendra-el-nivel-4-reforzado-de-alerta-antiterrorista\\\/#listItem\",\"name\":\"Espa\\u00f1a mantendr\\u00e1 el nivel 4 reforzado de alerta antiterrorista\"},\"previousItem\":{\"@type\":\"ListItem\",\"@id\":\"https:\\\/\\\/www.eldigitaldeasturias.com\\\/noticias#listItem\",\"name\":\"Home\"}},{\"@type\":\"ListItem\",\"@id\":\"https:\\\/\\\/www.eldigitaldeasturias.com\\\/noticias\\\/espana-mantendra-el-nivel-4-reforzado-de-alerta-antiterrorista\\\/#listItem\",\"position\":3,\"name\":\"Espa\\u00f1a mantendr\\u00e1 el nivel 4 reforzado de alerta antiterrorista\",\"previousItem\":{\"@type\":\"ListItem\",\"@id\":\"https:\\\/\\\/www.eldigitaldeasturias.com\\\/noticias\\\/category\\\/actualidad\\\/#listItem\",\"name\":\"Actualidad\"}}]},{\"@type\":\"Organization\",\"@id\":\"https:\\\/\\\/www.eldigitaldeasturias.com\\\/noticias\\\/#organization\",\"name\":\"El Digital de Asturias\",\"description\":\"Hemeroteca\",\"url\":\"https:\\\/\\\/www.eldigitaldeasturias.com\\\/noticias\\\/\",\"email\":\"info@eldigitaldeasturias.com\",\"telephone\":\"+34652131393\",\"logo\":{\"@type\":\"ImageObject\",\"url\":\"https:\\\/\\\/www.eldigitaldeasturias.com\\\/noticias\\\/wp-content\\\/uploads\\\/2020\\\/12\\\/EDA.jpg\",\"@id\":\"https:\\\/\\\/www.eldigitaldeasturias.com\\\/noticias\\\/espana-mantendra-el-nivel-4-reforzado-de-alerta-antiterrorista\\\/#organizationLogo\"},\"image\":{\"@id\":\"https:\\\/\\\/www.eldigitaldeasturias.com\\\/noticias\\\/espana-mantendra-el-nivel-4-reforzado-de-alerta-antiterrorista\\\/#organizationLogo\"},\"sameAs\":[\"https:\\\/\\\/facebook.com\\\/eldigitaldeasturias\",\"https:\\\/\\\/www.youtube.com\\\/channel\\\/UCZP-2wLEB9Rv6erhFmqVnvg\"],\"address\":{\"@id\":\"https:\\\/\\\/www.eldigitaldeasturias.com\\\/noticias\\\/#postaladdress\",\"@type\":\"PostalAddress\",\"streetAddress\":\"san antonio 4\",\"postalCode\":\"33430\",\"addressLocality\":\"Cand\\u00e1s\",\"addressRegion\":\"Asturias\",\"addressCountry\":\"ES\"}},{\"@type\":\"Person\",\"@id\":\"https:\\\/\\\/www.eldigitaldeasturias.com\\\/noticias\\\/author\\\/admin\\\/#author\",\"url\":\"https:\\\/\\\/www.eldigitaldeasturias.com\\\/noticias\\\/author\\\/admin\\\/\",\"name\":\"El Digital de Asturias\",\"image\":{\"@type\":\"ImageObject\",\"@id\":\"https:\\\/\\\/www.eldigitaldeasturias.com\\\/noticias\\\/espana-mantendra-el-nivel-4-reforzado-de-alerta-antiterrorista\\\/#authorImage\",\"url\":\"https:\\\/\\\/secure.gravatar.com\\\/avatar\\\/df2aeffc32bcd13f8d26072ef8a91b623d677766deac7f97ca815868cd41bf5e?s=96&d=mm&r=g\",\"width\":96,\"height\":96,\"caption\":\"El Digital de Asturias\"}},{\"@type\":\"WebPage\",\"@id\":\"https:\\\/\\\/www.eldigitaldeasturias.com\\\/noticias\\\/espana-mantendra-el-nivel-4-reforzado-de-alerta-antiterrorista\\\/#webpage\",\"url\":\"https:\\\/\\\/www.eldigitaldeasturias.com\\\/noticias\\\/espana-mantendra-el-nivel-4-reforzado-de-alerta-antiterrorista\\\/\",\"name\":\"Espa\\u00f1a mantendr\\u00e1 el nivel 4 reforzado de alerta antiterrorista - El Digital de Asturias\",\"description\":\"El ministro del Interior, Juan Ignacio Zoido, ha presidido la reuni\\u00f3n de la Mesa de Valoraci\\u00f3n de la Amenaza Terrorista, en la que se ha decidido mantener el actual nivel de alerta 4 reforzado. En la reuni\\u00f3n, que se ha celebrado en la sala de crisis del Ministerio del Interior, adem\\u00e1s de Zoido, han participado\",\"inLanguage\":\"es-ES\",\"isPartOf\":{\"@id\":\"https:\\\/\\\/www.eldigitaldeasturias.com\\\/noticias\\\/#website\"},\"breadcrumb\":{\"@id\":\"https:\\\/\\\/www.eldigitaldeasturias.com\\\/noticias\\\/espana-mantendra-el-nivel-4-reforzado-de-alerta-antiterrorista\\\/#breadcrumblist\"},\"author\":{\"@id\":\"https:\\\/\\\/www.eldigitaldeasturias.com\\\/noticias\\\/author\\\/admin\\\/#author\"},\"creator\":{\"@id\":\"https:\\\/\\\/www.eldigitaldeasturias.com\\\/noticias\\\/author\\\/admin\\\/#author\"},\"image\":{\"@type\":\"ImageObject\",\"url\":950843,\"@id\":\"https:\\\/\\\/www.eldigitaldeasturias.com\\\/noticias\\\/espana-mantendra-el-nivel-4-reforzado-de-alerta-antiterrorista\\\/#mainImage\"},\"primaryImageOfPage\":{\"@id\":\"https:\\\/\\\/www.eldigitaldeasturias.com\\\/noticias\\\/espana-mantendra-el-nivel-4-reforzado-de-alerta-antiterrorista\\\/#mainImage\"},\"datePublished\":\"2017-08-25T19:15:22+02:00\",\"dateModified\":\"2017-08-25T19:15:22+02:00\"},{\"@type\":\"WebSite\",\"@id\":\"https:\\\/\\\/www.eldigitaldeasturias.com\\\/noticias\\\/#website\",\"url\":\"https:\\\/\\\/www.eldigitaldeasturias.com\\\/noticias\\\/\",\"name\":\"El Digital de Asturias - Diario de actualidad y noticias\",\"alternateName\":\"El Digital de Asturias - Diario de actualidad y noticias\",\"description\":\"Hemeroteca\",\"inLanguage\":\"es-ES\",\"publisher\":{\"@id\":\"https:\\\/\\\/www.eldigitaldeasturias.com\\\/noticias\\\/#organization\"}}]}\n\t\t<\/script>\n\t\t<!-- All in One SEO Pro -->\r\n\t\t<title>Espa\u00f1a mantendr\u00e1 el nivel 4 reforzado de alerta antiterrorista - El Digital de Asturias<\/title>\n\n","aioseo_head_json":{"title":"Espa\u00f1a mantendr\u00e1 el nivel 4 reforzado de alerta antiterrorista - El Digital de Asturias","description":"El ministro del Interior, Juan Ignacio Zoido, ha presidido la reuni\u00f3n de la Mesa de Valoraci\u00f3n de la Amenaza Terrorista, en la que se ha decidido mantener el actual nivel de alerta 4 reforzado. En la reuni\u00f3n, que se ha celebrado en la sala de crisis del Ministerio del Interior, adem\u00e1s de Zoido, han participado","canonical_url":"https:\/\/www.eldigitaldeasturias.com\/noticias\/espana-mantendra-el-nivel-4-reforzado-de-alerta-antiterrorista\/","robots":"max-image-preview:large","keywords":"actualidad","webmasterTools":{"google-site-verification":"UA-38556648-1","msvalidate.01":"7dfe9f3f1b24437ab69f4f2559babe99","miscellaneous":""},"schema":{"@context":"https:\/\/schema.org","@graph":[{"@type":"BlogPosting","@id":"https:\/\/www.eldigitaldeasturias.com\/noticias\/espana-mantendra-el-nivel-4-reforzado-de-alerta-antiterrorista\/#blogposting","name":"Espa\u00f1a mantendr\u00e1 el nivel 4 reforzado de alerta antiterrorista - El Digital de Asturias","headline":"Espa\u00f1a mantendr\u00e1 el nivel 4 reforzado de alerta antiterrorista","author":{"@id":"https:\/\/www.eldigitaldeasturias.com\/noticias\/author\/admin\/#author"},"publisher":{"@id":"https:\/\/www.eldigitaldeasturias.com\/noticias\/#organization"},"image":{"@type":"ImageObject","url":950843},"datePublished":"2017-08-25T19:15:22+02:00","dateModified":"2017-08-25T19:15:22+02:00","inLanguage":"es-ES","mainEntityOfPage":{"@id":"https:\/\/www.eldigitaldeasturias.com\/noticias\/espana-mantendra-el-nivel-4-reforzado-de-alerta-antiterrorista\/#webpage"},"isPartOf":{"@id":"https:\/\/www.eldigitaldeasturias.com\/noticias\/espana-mantendra-el-nivel-4-reforzado-de-alerta-antiterrorista\/#webpage"},"articleSection":"Actualidad"},{"@type":"BreadcrumbList","@id":"https:\/\/www.eldigitaldeasturias.com\/noticias\/espana-mantendra-el-nivel-4-reforzado-de-alerta-antiterrorista\/#breadcrumblist","itemListElement":[{"@type":"ListItem","@id":"https:\/\/www.eldigitaldeasturias.com\/noticias#listItem","position":1,"name":"Home","item":"https:\/\/www.eldigitaldeasturias.com\/noticias","nextItem":{"@type":"ListItem","@id":"https:\/\/www.eldigitaldeasturias.com\/noticias\/category\/actualidad\/#listItem","name":"Actualidad"}},{"@type":"ListItem","@id":"https:\/\/www.eldigitaldeasturias.com\/noticias\/category\/actualidad\/#listItem","position":2,"name":"Actualidad","item":"https:\/\/www.eldigitaldeasturias.com\/noticias\/category\/actualidad\/","nextItem":{"@type":"ListItem","@id":"https:\/\/www.eldigitaldeasturias.com\/noticias\/espana-mantendra-el-nivel-4-reforzado-de-alerta-antiterrorista\/#listItem","name":"Espa\u00f1a mantendr\u00e1 el nivel 4 reforzado de alerta antiterrorista"},"previousItem":{"@type":"ListItem","@id":"https:\/\/www.eldigitaldeasturias.com\/noticias#listItem","name":"Home"}},{"@type":"ListItem","@id":"https:\/\/www.eldigitaldeasturias.com\/noticias\/espana-mantendra-el-nivel-4-reforzado-de-alerta-antiterrorista\/#listItem","position":3,"name":"Espa\u00f1a mantendr\u00e1 el nivel 4 reforzado de alerta antiterrorista","previousItem":{"@type":"ListItem","@id":"https:\/\/www.eldigitaldeasturias.com\/noticias\/category\/actualidad\/#listItem","name":"Actualidad"}}]},{"@type":"Organization","@id":"https:\/\/www.eldigitaldeasturias.com\/noticias\/#organization","name":"El Digital de Asturias","description":"Hemeroteca","url":"https:\/\/www.eldigitaldeasturias.com\/noticias\/","email":"info@eldigitaldeasturias.com","telephone":"+34652131393","logo":{"@type":"ImageObject","url":"https:\/\/www.eldigitaldeasturias.com\/noticias\/wp-content\/uploads\/2020\/12\/EDA.jpg","@id":"https:\/\/www.eldigitaldeasturias.com\/noticias\/espana-mantendra-el-nivel-4-reforzado-de-alerta-antiterrorista\/#organizationLogo"},"image":{"@id":"https:\/\/www.eldigitaldeasturias.com\/noticias\/espana-mantendra-el-nivel-4-reforzado-de-alerta-antiterrorista\/#organizationLogo"},"sameAs":["https:\/\/facebook.com\/eldigitaldeasturias","https:\/\/www.youtube.com\/channel\/UCZP-2wLEB9Rv6erhFmqVnvg"],"address":{"@id":"https:\/\/www.eldigitaldeasturias.com\/noticias\/#postaladdress","@type":"PostalAddress","streetAddress":"san antonio 4","postalCode":"33430","addressLocality":"Cand\u00e1s","addressRegion":"Asturias","addressCountry":"ES"}},{"@type":"Person","@id":"https:\/\/www.eldigitaldeasturias.com\/noticias\/author\/admin\/#author","url":"https:\/\/www.eldigitaldeasturias.com\/noticias\/author\/admin\/","name":"El Digital de Asturias","image":{"@type":"ImageObject","@id":"https:\/\/www.eldigitaldeasturias.com\/noticias\/espana-mantendra-el-nivel-4-reforzado-de-alerta-antiterrorista\/#authorImage","url":"https:\/\/secure.gravatar.com\/avatar\/df2aeffc32bcd13f8d26072ef8a91b623d677766deac7f97ca815868cd41bf5e?s=96&d=mm&r=g","width":96,"height":96,"caption":"El Digital de Asturias"}},{"@type":"WebPage","@id":"https:\/\/www.eldigitaldeasturias.com\/noticias\/espana-mantendra-el-nivel-4-reforzado-de-alerta-antiterrorista\/#webpage","url":"https:\/\/www.eldigitaldeasturias.com\/noticias\/espana-mantendra-el-nivel-4-reforzado-de-alerta-antiterrorista\/","name":"Espa\u00f1a mantendr\u00e1 el nivel 4 reforzado de alerta antiterrorista - El Digital de Asturias","description":"El ministro del Interior, Juan Ignacio Zoido, ha presidido la reuni\u00f3n de la Mesa de Valoraci\u00f3n de la Amenaza Terrorista, en la que se ha decidido mantener el actual nivel de alerta 4 reforzado. En la reuni\u00f3n, que se ha celebrado en la sala de crisis del Ministerio del Interior, adem\u00e1s de Zoido, han participado","inLanguage":"es-ES","isPartOf":{"@id":"https:\/\/www.eldigitaldeasturias.com\/noticias\/#website"},"breadcrumb":{"@id":"https:\/\/www.eldigitaldeasturias.com\/noticias\/espana-mantendra-el-nivel-4-reforzado-de-alerta-antiterrorista\/#breadcrumblist"},"author":{"@id":"https:\/\/www.eldigitaldeasturias.com\/noticias\/author\/admin\/#author"},"creator":{"@id":"https:\/\/www.eldigitaldeasturias.com\/noticias\/author\/admin\/#author"},"image":{"@type":"ImageObject","url":950843,"@id":"https:\/\/www.eldigitaldeasturias.com\/noticias\/espana-mantendra-el-nivel-4-reforzado-de-alerta-antiterrorista\/#mainImage"},"primaryImageOfPage":{"@id":"https:\/\/www.eldigitaldeasturias.com\/noticias\/espana-mantendra-el-nivel-4-reforzado-de-alerta-antiterrorista\/#mainImage"},"datePublished":"2017-08-25T19:15:22+02:00","dateModified":"2017-08-25T19:15:22+02:00"},{"@type":"WebSite","@id":"https:\/\/www.eldigitaldeasturias.com\/noticias\/#website","url":"https:\/\/www.eldigitaldeasturias.com\/noticias\/","name":"El Digital de Asturias - Diario de actualidad y noticias","alternateName":"El Digital de Asturias - Diario de actualidad y noticias","description":"Hemeroteca","inLanguage":"es-ES","publisher":{"@id":"https:\/\/www.eldigitaldeasturias.com\/noticias\/#organization"}}]},"og:locale":"es_ES","og:site_name":"El Digital de Asturias","og:type":"article","og:title":"Espa\u00f1a mantendr\u00e1 el nivel 4 reforzado de alerta antiterrorista - El Digital de Asturias","og:description":"El ministro del Interior, Juan Ignacio Zoido, ha presidido la reuni\u00f3n de la Mesa de Valoraci\u00f3n de la Amenaza Terrorista, en la que se ha decidido mantener el actual nivel de alerta 4 reforzado. En la reuni\u00f3n, que se ha celebrado en la sala de crisis del Ministerio del Interior, adem\u00e1s de Zoido, han participado","og:url":"https:\/\/www.eldigitaldeasturias.com\/noticias\/espana-mantendra-el-nivel-4-reforzado-de-alerta-antiterrorista\/","article:tag":["actualidad"],"article:published_time":"2017-08-25T19:15:22+00:00","article:modified_time":"2017-08-25T19:15:22+00:00","article:publisher":"https:\/\/facebook.com\/eldigitaldeasturias","twitter:card":"summary_large_image","twitter:title":"Espa\u00f1a mantendr\u00e1 el nivel 4 reforzado de alerta antiterrorista - El Digital de Asturias","twitter:description":"El ministro del Interior, Juan Ignacio Zoido, ha presidido la reuni\u00f3n de la Mesa de Valoraci\u00f3n de la Amenaza Terrorista, en la que se ha decidido mantener el actual nivel de alerta 4 reforzado. En la reuni\u00f3n, que se ha celebrado en la sala de crisis del Ministerio del Interior, adem\u00e1s de Zoido, han participado","twitter:image":"https:\/\/www.eldigitaldeasturias.com\/noticias\/wp-content\/uploads\/2020\/12\/EDA-1.jpg","twitter:label1":"Escrito por","twitter:data1":"El Digital de Asturias","twitter:label2":"Tiempo de lectura estimado","twitter:data2":"2 minutos"},"aioseo_meta_data":{"post_id":"950842","title":null,"description":null,"keywords":null,"keyphrases":null,"primary_term":null,"canonical_url":null,"og_title":null,"og_description":null,"og_object_type":"default","og_image_type":"default","og_image_url":null,"og_image_width":null,"og_image_height":null,"og_image_custom_url":null,"og_image_custom_fields":null,"og_video":null,"og_custom_url":null,"og_article_section":null,"og_article_tags":null,"twitter_use_og":false,"twitter_card":"default","twitter_image_type":"default","twitter_image_url":null,"twitter_image_custom_url":null,"twitter_image_custom_fields":null,"twitter_title":null,"twitter_description":null,"schema":{"blockGraphs":[],"customGraphs":[],"default":{"data":{"Article":[],"Course":[],"Dataset":[],"FAQPage":[],"Movie":[],"Person":[],"Product":[],"ProductReview":[],"Car":[],"Recipe":[],"Service":[],"SoftwareApplication":[],"WebPage":[]},"graphName":"","isEnabled":true},"graphs":[],"defaultGraph":"","defaultPostTypeGraph":""},"schema_type":null,"schema_type_options":null,"pillar_content":false,"robots_default":true,"robots_noindex":false,"robots_noarchive":false,"robots_nosnippet":false,"robots_nofollow":false,"robots_noimageindex":false,"robots_noodp":false,"robots_notranslate":false,"robots_max_snippet":null,"robots_max_videopreview":null,"robots_max_imagepreview":"large","priority":null,"frequency":null,"local_seo":null,"seo_analyzer_scan_date":"2025-12-05 17:13:00","breadcrumb_settings":null,"limit_modified_date":false,"open_ai":null,"ai":null,"created":"2020-12-21 12:58:34","updated":"2025-12-05 17:13:00","focus_keyword":null,"additional_keywords":null,"truseo_locale":null},"aioseo_breadcrumb":"<div class=\"aioseo-breadcrumbs\"><span class=\"aioseo-breadcrumb\">\n\t<a href=\"https:\/\/www.eldigitaldeasturias.com\/noticias\" title=\"Home\">Home<\/a>\n<\/span><span class=\"aioseo-breadcrumb-separator\">\u2013<\/span><span class=\"aioseo-breadcrumb\">\n\t<a href=\"https:\/\/www.eldigitaldeasturias.com\/noticias\/category\/actualidad\/\" title=\"Actualidad\">Actualidad<\/a>\n<\/span><span class=\"aioseo-breadcrumb-separator\">\u2013<\/span><span class=\"aioseo-breadcrumb\">\n\t<a href=\"https:\/\/www.eldigitaldeasturias.com\/noticias\/espana-mantendra-el-nivel-4-reforzado-de-alerta-antiterrorista\/\" title=\"Espa\u00f1a mantendr\u00e1 el nivel 4 reforzado de alerta antiterrorista\">Espa\u00f1a mantendr\u00e1 el nivel 4 reforzado de alerta antiterrorista<\/a>\n<\/span><\/div>","aioseo_breadcrumb_json":[{"label":"Home","link":"https:\/\/www.eldigitaldeasturias.com\/noticias"},{"label":"Actualidad","link":"https:\/\/www.eldigitaldeasturias.com\/noticias\/category\/actualidad\/"},{"label":"Espa\u00f1a mantendr\u00e1 el nivel 4 reforzado de alerta antiterrorista","link":"https:\/\/www.eldigitaldeasturias.com\/noticias\/espana-mantendra-el-nivel-4-reforzado-de-alerta-antiterrorista\/"}],"_links":{"self":[{"href":"https:\/\/www.eldigitaldeasturias.com\/noticias\/wp-json\/wp\/v2\/posts\/950842","targetHints":{"allow":["GET"]}}],"collection":[{"href":"https:\/\/www.eldigitaldeasturias.com\/noticias\/wp-json\/wp\/v2\/posts"}],"about":[{"href":"https:\/\/www.eldigitaldeasturias.com\/noticias\/wp-json\/wp\/v2\/types\/post"}],"author":[{"embeddable":true,"href":"https:\/\/www.eldigitaldeasturias.com\/noticias\/wp-json\/wp\/v2\/users\/1"}],"replies":[{"embeddable":true,"href":"https:\/\/www.eldigitaldeasturias.com\/noticias\/wp-json\/wp\/v2\/comments?post=950842"}],"version-history":[{"count":0,"href":"https:\/\/www.eldigitaldeasturias.com\/noticias\/wp-json\/wp\/v2\/posts\/950842\/revisions"}],"wp:attachment":[{"href":"https:\/\/www.eldigitaldeasturias.com\/noticias\/wp-json\/wp\/v2\/media?parent=950842"}],"wp:term":[{"taxonomy":"category","embeddable":true,"href":"https:\/\/www.eldigitaldeasturias.com\/noticias\/wp-json\/wp\/v2\/categories?post=950842"},{"taxonomy":"post_tag","embeddable":true,"href":"https:\/\/www.eldigitaldeasturias.com\/noticias\/wp-json\/wp\/v2\/tags?post=950842"}],"curies":[{"name":"wp","href":"https:\/\/api.w.org\/{rel}","templated":true}]}}