{"id":950840,"date":"2017-08-25T19:14:01","date_gmt":"2017-08-25T19:14:01","guid":{"rendered":"http:\/\/www.eldigitaldeasturias.com\/noticias\/?p=950840"},"modified":"2017-08-25T19:14:01","modified_gmt":"2017-08-25T19:14:01","slug":"la-economia-espanola-encadena-casi-cuatro-anos-de-crecimiento","status":"publish","type":"post","link":"https:\/\/www.eldigitaldeasturias.com\/noticias\/la-economia-espanola-encadena-casi-cuatro-anos-de-crecimiento\/","title":{"rendered":"La econom\u00eda espa\u00f1ola encadena casi cuatro a\u00f1os de crecimiento"},"content":{"rendered":"<p><img loading=\"lazy\" decoding=\"async\" class=\"alignleft size-medium wp-image-780683\" src=\"https:\/\/www.eldigitaldeasturias.com\/noticias\/wp-content\/uploads\/2015\/04\/euros1-360x198.jpg\" alt=\"\" width=\"360\" height=\"198\" \/>La econom\u00eda espa\u00f1ola encadena casi cuatro a\u00f1os de crecimiento tras aumentar el 0,9% el PIB en el segundo trimestre y el 3,1% en los \u00faltimos doce meses, seg\u00fan los datos de la Contabilidad Nacional publicados por el INE. El dato supone una aceleraci\u00f3n de una d\u00e9cima tanto en tasa anual como trimestral, lo que mantiene un diferencial de crecimiento favorable a Espa\u00f1a en relaci\u00f3n a la media de la zona euro.<\/p>\n<p>Se trata de un crecimiento equilibrado, con una mejora de la aportaci\u00f3n de la demanda nacional, mientras se mantiene por quinto trimestre consecutivo la contribuci\u00f3n positiva del sector exterior. El empleo crece a una tasa anual del 2,8%, tres d\u00e9cimas m\u00e1s que en el primer trimestre, lo que supone la creaci\u00f3n de 480.000 puestos de trabajo equivalentes a tiempo completo en el \u00faltimo a\u00f1o.<\/p>\n<p>Con estos resultados, la econom\u00eda espa\u00f1ola recupera en el segundo trimestre el nivel de renta previo a la crisis; es decir, desde el m\u00e1ximo alcanzado en el segundo trimestre de 2008. En relaci\u00f3n a finales de 2007, el PIB suma un 1%, aunque a\u00fan debe recuperar lo que se ha dejado de crecer durante los cinco a\u00f1os de recesi\u00f3n de la econom\u00eda espa\u00f1ola, entre un 15% y un 20% m\u00e1s. El ritmo del 3,1% en el segundo trimestre supone acelerar ese proceso y permite asegurar que se alcanzar\u00e1 con holgura la previsi\u00f3n del 3% como media del ejercicio. Se mantiene adem\u00e1s el diferencial positivo de Espa\u00f1a respecto de la media de la Uni\u00f3n Europea y de la zona euro, que han registrado un crecimiento del 2,3% y el 2,2% en el segundo trimestre, respectivamente.<\/p>\n<p>La composici\u00f3n del crecimiento se mantiene equilibrada, con una ligera mejora de una d\u00e9cima en la contribuci\u00f3n de la demanda nacional, que alcanza los 2,4 puntos porcentuales. El crecimiento del consumo de los hogares se mantiene en el 2,5% en los \u00faltimos doces meses y la inversi\u00f3n sigue como el componente m\u00e1s din\u00e1mico con un crecimiento del 3,4%, si bien se desacelera medio punto. Dentro de la inversi\u00f3n, la destinada a bienes de equipo es tambi\u00e9n la m\u00e1s activa, con un crecimiento del 4,1% en el \u00faltimo a\u00f1o, 1,3 puntos menos que en el primer trimestre. La tasa de crecimiento de la inversi\u00f3n en construcci\u00f3n aumenta una d\u00e9cima, hasta el 3% en el \u00faltimo a\u00f1o.<\/p>\n<p>La demanda externa mantiene en 0,7 puntos la aportaci\u00f3n al crecimiento econ\u00f3mico, lo que suma cinco trimestres seguidos en positivo. Pese al fuerte crecimiento de la econom\u00eda espa\u00f1ola, el sector exterior no resta al crecimiento sino al contrario. Este es un hecho que no se hab\u00eda producido en la econom\u00eda espa\u00f1ola en anteriores etapas de crecimiento, lo que refleja que el modelo actual es sostenible y equilibrado. Tanto las exportaciones como las importaciones se desaceleran en torno a tres puntos, si bien las ventas de bienes y servicios al exterior crecen con m\u00e1s fuerza (4,5%) que las importaciones (2,8%).<\/p>\n<p>Pr\u00e1cticamente todo el crecimiento econ\u00f3mico se traslada al empleo, que crece un 2,8% en los \u00faltimos doce meses. Esta tasa supone una aceleraci\u00f3n de tres d\u00e9cimas respecto de la registrada en el primer trimestre de este a\u00f1o. La creaci\u00f3n de empleo se cifra en 480.000 nuevos puestos de trabajo equivalentes a tiempo completo en el \u00faltimo a\u00f1o. El n\u00famero de horas efectivamente trabajadas sigue en aumento, el 1,7%, una d\u00e9cima menos que el trimestre anterior.<\/p>\n","protected":false},"excerpt":{"rendered":"<p>La econom\u00eda espa\u00f1ola encadena casi cuatro a\u00f1os de crecimiento tras aumentar el 0,9% el PIB en el segundo trimestre y el 3,1% en los \u00faltimos doce meses, seg\u00fan los datos de la Contabilidad Nacional publicados por el INE. El dato supone una aceleraci\u00f3n de una d\u00e9cima tanto en tasa anual como trimestral, lo que mantiene [&hellip;]<\/p>\n","protected":false},"author":1,"featured_media":780683,"comment_status":"closed","ping_status":"closed","sticky":false,"template":"","format":"standard","meta":{"footnotes":""},"categories":[1],"tags":[],"class_list":["post-950840","post","type-post","status-publish","format-standard","has-post-thumbnail","hentry","category-actualidad"],"aioseo_notices":[],"aioseo_head":"\n\t\t<!-- All in One SEO Pro 5.0.1 - aioseo.com -->\n\t<meta name=\"description\" content=\"La econom\u00eda espa\u00f1ola encadena casi cuatro a\u00f1os de crecimiento tras aumentar el 0,9% el PIB en el segundo trimestre y el 3,1% en los \u00faltimos doce meses, seg\u00fan los datos de la Contabilidad Nacional publicados por el INE. El dato supone una aceleraci\u00f3n de una d\u00e9cima tanto en tasa anual como trimestral, lo que mantiene\" \/>\n\t<meta name=\"robots\" content=\"max-image-preview:large\" \/>\n\t<meta name=\"author\" content=\"El Digital de Asturias\"\/>\n\t<meta name=\"google-site-verification\" content=\"UA-38556648-1\" \/>\n\t<meta name=\"msvalidate.01\" content=\"7dfe9f3f1b24437ab69f4f2559babe99\" \/>\n\t<meta name=\"keywords\" content=\"actualidad\" \/>\n\t<link rel=\"canonical\" href=\"https:\/\/www.eldigitaldeasturias.com\/noticias\/la-economia-espanola-encadena-casi-cuatro-anos-de-crecimiento\/\" \/>\n\t<meta name=\"generator\" content=\"All in One SEO Pro (AIOSEO) 5.0.1\" \/>\n\t\t<meta property=\"og:locale\" content=\"es_ES\" \/>\n\t\t<meta property=\"og:site_name\" content=\"El Digital de Asturias\" \/>\n\t\t<meta property=\"og:type\" content=\"article\" \/>\n\t\t<meta property=\"og:title\" content=\"La econom\u00eda espa\u00f1ola encadena casi cuatro a\u00f1os de crecimiento - El Digital de Asturias\" \/>\n\t\t<meta property=\"og:description\" content=\"La econom\u00eda espa\u00f1ola encadena casi cuatro a\u00f1os de crecimiento tras aumentar el 0,9% el PIB en el segundo trimestre y el 3,1% en los \u00faltimos doce meses, seg\u00fan los datos de la Contabilidad Nacional publicados por el INE. El dato supone una aceleraci\u00f3n de una d\u00e9cima tanto en tasa anual como trimestral, lo que mantiene\" \/>\n\t\t<meta property=\"og:url\" content=\"https:\/\/www.eldigitaldeasturias.com\/noticias\/la-economia-espanola-encadena-casi-cuatro-anos-de-crecimiento\/\" \/>\n\t\t<meta property=\"article:tag\" content=\"actualidad\" \/>\n\t\t<meta property=\"article:published_time\" content=\"2017-08-25T19:14:01+00:00\" \/>\n\t\t<meta property=\"article:modified_time\" content=\"2017-08-25T19:14:01+00:00\" \/>\n\t\t<meta property=\"article:publisher\" content=\"https:\/\/facebook.com\/eldigitaldeasturias\" \/>\n\t\t<meta name=\"twitter:card\" content=\"summary_large_image\" \/>\n\t\t<meta name=\"twitter:title\" content=\"La econom\u00eda espa\u00f1ola encadena casi cuatro a\u00f1os de crecimiento - El Digital de Asturias\" \/>\n\t\t<meta name=\"twitter:description\" content=\"La econom\u00eda espa\u00f1ola encadena casi cuatro a\u00f1os de crecimiento tras aumentar el 0,9% el PIB en el segundo trimestre y el 3,1% en los \u00faltimos doce meses, seg\u00fan los datos de la Contabilidad Nacional publicados por el INE. El dato supone una aceleraci\u00f3n de una d\u00e9cima tanto en tasa anual como trimestral, lo que mantiene\" \/>\n\t\t<meta name=\"twitter:image\" content=\"https:\/\/www.eldigitaldeasturias.com\/noticias\/wp-content\/uploads\/2020\/12\/EDA-1.jpg\" \/>\n\t\t<meta name=\"twitter:label1\" content=\"Escrito por\" \/>\n\t\t<meta name=\"twitter:data1\" content=\"El Digital de Asturias\" \/>\n\t\t<meta name=\"twitter:label2\" content=\"Tiempo de lectura estimado\" \/>\n\t\t<meta name=\"twitter:data2\" content=\"3 minutos\" \/>\n\t\t<script type=\"application\/ld+json\" class=\"aioseo-schema\">\n\t\t\t{\"@context\":\"https:\\\/\\\/schema.org\",\"@graph\":[{\"@type\":\"BlogPosting\",\"@id\":\"https:\\\/\\\/www.eldigitaldeasturias.com\\\/noticias\\\/la-economia-espanola-encadena-casi-cuatro-anos-de-crecimiento\\\/#blogposting\",\"name\":\"La econom\\u00eda espa\\u00f1ola encadena casi cuatro a\\u00f1os de crecimiento - El Digital de Asturias\",\"headline\":\"La econom\\u00eda espa\\u00f1ola encadena casi cuatro a\\u00f1os de crecimiento\",\"author\":{\"@id\":\"https:\\\/\\\/www.eldigitaldeasturias.com\\\/noticias\\\/author\\\/admin\\\/#author\"},\"publisher\":{\"@id\":\"https:\\\/\\\/www.eldigitaldeasturias.com\\\/noticias\\\/#organization\"},\"image\":{\"@type\":\"ImageObject\",\"url\":780683},\"datePublished\":\"2017-08-25T19:14:01+02:00\",\"dateModified\":\"2017-08-25T19:14:01+02:00\",\"inLanguage\":\"es-ES\",\"mainEntityOfPage\":{\"@id\":\"https:\\\/\\\/www.eldigitaldeasturias.com\\\/noticias\\\/la-economia-espanola-encadena-casi-cuatro-anos-de-crecimiento\\\/#webpage\"},\"isPartOf\":{\"@id\":\"https:\\\/\\\/www.eldigitaldeasturias.com\\\/noticias\\\/la-economia-espanola-encadena-casi-cuatro-anos-de-crecimiento\\\/#webpage\"},\"articleSection\":\"Actualidad\"},{\"@type\":\"BreadcrumbList\",\"@id\":\"https:\\\/\\\/www.eldigitaldeasturias.com\\\/noticias\\\/la-economia-espanola-encadena-casi-cuatro-anos-de-crecimiento\\\/#breadcrumblist\",\"itemListElement\":[{\"@type\":\"ListItem\",\"@id\":\"https:\\\/\\\/www.eldigitaldeasturias.com\\\/noticias#listItem\",\"position\":1,\"name\":\"Home\",\"item\":\"https:\\\/\\\/www.eldigitaldeasturias.com\\\/noticias\",\"nextItem\":{\"@type\":\"ListItem\",\"@id\":\"https:\\\/\\\/www.eldigitaldeasturias.com\\\/noticias\\\/category\\\/actualidad\\\/#listItem\",\"name\":\"Actualidad\"}},{\"@type\":\"ListItem\",\"@id\":\"https:\\\/\\\/www.eldigitaldeasturias.com\\\/noticias\\\/category\\\/actualidad\\\/#listItem\",\"position\":2,\"name\":\"Actualidad\",\"item\":\"https:\\\/\\\/www.eldigitaldeasturias.com\\\/noticias\\\/category\\\/actualidad\\\/\",\"nextItem\":{\"@type\":\"ListItem\",\"@id\":\"https:\\\/\\\/www.eldigitaldeasturias.com\\\/noticias\\\/la-economia-espanola-encadena-casi-cuatro-anos-de-crecimiento\\\/#listItem\",\"name\":\"La econom\\u00eda espa\\u00f1ola encadena casi cuatro a\\u00f1os de crecimiento\"},\"previousItem\":{\"@type\":\"ListItem\",\"@id\":\"https:\\\/\\\/www.eldigitaldeasturias.com\\\/noticias#listItem\",\"name\":\"Home\"}},{\"@type\":\"ListItem\",\"@id\":\"https:\\\/\\\/www.eldigitaldeasturias.com\\\/noticias\\\/la-economia-espanola-encadena-casi-cuatro-anos-de-crecimiento\\\/#listItem\",\"position\":3,\"name\":\"La econom\\u00eda espa\\u00f1ola encadena casi cuatro a\\u00f1os de crecimiento\",\"previousItem\":{\"@type\":\"ListItem\",\"@id\":\"https:\\\/\\\/www.eldigitaldeasturias.com\\\/noticias\\\/category\\\/actualidad\\\/#listItem\",\"name\":\"Actualidad\"}}]},{\"@type\":\"Organization\",\"@id\":\"https:\\\/\\\/www.eldigitaldeasturias.com\\\/noticias\\\/#organization\",\"name\":\"El Digital de Asturias\",\"description\":\"Hemeroteca\",\"url\":\"https:\\\/\\\/www.eldigitaldeasturias.com\\\/noticias\\\/\",\"email\":\"info@eldigitaldeasturias.com\",\"telephone\":\"+34652131393\",\"logo\":{\"@type\":\"ImageObject\",\"url\":\"https:\\\/\\\/www.eldigitaldeasturias.com\\\/noticias\\\/wp-content\\\/uploads\\\/2020\\\/12\\\/EDA.jpg\",\"@id\":\"https:\\\/\\\/www.eldigitaldeasturias.com\\\/noticias\\\/la-economia-espanola-encadena-casi-cuatro-anos-de-crecimiento\\\/#organizationLogo\"},\"image\":{\"@id\":\"https:\\\/\\\/www.eldigitaldeasturias.com\\\/noticias\\\/la-economia-espanola-encadena-casi-cuatro-anos-de-crecimiento\\\/#organizationLogo\"},\"sameAs\":[\"https:\\\/\\\/facebook.com\\\/eldigitaldeasturias\",\"https:\\\/\\\/www.youtube.com\\\/channel\\\/UCZP-2wLEB9Rv6erhFmqVnvg\"],\"address\":{\"@id\":\"https:\\\/\\\/www.eldigitaldeasturias.com\\\/noticias\\\/#postaladdress\",\"@type\":\"PostalAddress\",\"streetAddress\":\"san antonio 4\",\"postalCode\":\"33430\",\"addressLocality\":\"Cand\\u00e1s\",\"addressRegion\":\"Asturias\",\"addressCountry\":\"ES\"}},{\"@type\":\"Person\",\"@id\":\"https:\\\/\\\/www.eldigitaldeasturias.com\\\/noticias\\\/author\\\/admin\\\/#author\",\"url\":\"https:\\\/\\\/www.eldigitaldeasturias.com\\\/noticias\\\/author\\\/admin\\\/\",\"name\":\"El Digital de Asturias\",\"image\":{\"@type\":\"ImageObject\",\"@id\":\"https:\\\/\\\/www.eldigitaldeasturias.com\\\/noticias\\\/la-economia-espanola-encadena-casi-cuatro-anos-de-crecimiento\\\/#authorImage\",\"url\":\"https:\\\/\\\/secure.gravatar.com\\\/avatar\\\/df2aeffc32bcd13f8d26072ef8a91b623d677766deac7f97ca815868cd41bf5e?s=96&d=mm&r=g\",\"width\":96,\"height\":96,\"caption\":\"El Digital de Asturias\"}},{\"@type\":\"WebPage\",\"@id\":\"https:\\\/\\\/www.eldigitaldeasturias.com\\\/noticias\\\/la-economia-espanola-encadena-casi-cuatro-anos-de-crecimiento\\\/#webpage\",\"url\":\"https:\\\/\\\/www.eldigitaldeasturias.com\\\/noticias\\\/la-economia-espanola-encadena-casi-cuatro-anos-de-crecimiento\\\/\",\"name\":\"La econom\\u00eda espa\\u00f1ola encadena casi cuatro a\\u00f1os de crecimiento - El Digital de Asturias\",\"description\":\"La econom\\u00eda espa\\u00f1ola encadena casi cuatro a\\u00f1os de crecimiento tras aumentar el 0,9% el PIB en el segundo trimestre y el 3,1% en los \\u00faltimos doce meses, seg\\u00fan los datos de la Contabilidad Nacional publicados por el INE. El dato supone una aceleraci\\u00f3n de una d\\u00e9cima tanto en tasa anual como trimestral, lo que mantiene\",\"inLanguage\":\"es-ES\",\"isPartOf\":{\"@id\":\"https:\\\/\\\/www.eldigitaldeasturias.com\\\/noticias\\\/#website\"},\"breadcrumb\":{\"@id\":\"https:\\\/\\\/www.eldigitaldeasturias.com\\\/noticias\\\/la-economia-espanola-encadena-casi-cuatro-anos-de-crecimiento\\\/#breadcrumblist\"},\"author\":{\"@id\":\"https:\\\/\\\/www.eldigitaldeasturias.com\\\/noticias\\\/author\\\/admin\\\/#author\"},\"creator\":{\"@id\":\"https:\\\/\\\/www.eldigitaldeasturias.com\\\/noticias\\\/author\\\/admin\\\/#author\"},\"image\":{\"@type\":\"ImageObject\",\"url\":780683,\"@id\":\"https:\\\/\\\/www.eldigitaldeasturias.com\\\/noticias\\\/la-economia-espanola-encadena-casi-cuatro-anos-de-crecimiento\\\/#mainImage\"},\"primaryImageOfPage\":{\"@id\":\"https:\\\/\\\/www.eldigitaldeasturias.com\\\/noticias\\\/la-economia-espanola-encadena-casi-cuatro-anos-de-crecimiento\\\/#mainImage\"},\"datePublished\":\"2017-08-25T19:14:01+02:00\",\"dateModified\":\"2017-08-25T19:14:01+02:00\"},{\"@type\":\"WebSite\",\"@id\":\"https:\\\/\\\/www.eldigitaldeasturias.com\\\/noticias\\\/#website\",\"url\":\"https:\\\/\\\/www.eldigitaldeasturias.com\\\/noticias\\\/\",\"name\":\"El Digital de Asturias - Diario de actualidad y noticias\",\"alternateName\":\"El Digital de Asturias - Diario de actualidad y noticias\",\"description\":\"Hemeroteca\",\"inLanguage\":\"es-ES\",\"publisher\":{\"@id\":\"https:\\\/\\\/www.eldigitaldeasturias.com\\\/noticias\\\/#organization\"}}]}\n\t\t<\/script>\n\t\t<!-- All in One SEO Pro -->\r\n\t\t<title>La econom\u00eda espa\u00f1ola encadena casi cuatro a\u00f1os de crecimiento - El Digital de Asturias<\/title>\n\n","aioseo_head_json":{"title":"La econom\u00eda espa\u00f1ola encadena casi cuatro a\u00f1os de crecimiento - El Digital de Asturias","description":"La econom\u00eda espa\u00f1ola encadena casi cuatro a\u00f1os de crecimiento tras aumentar el 0,9% el PIB en el segundo trimestre y el 3,1% en los \u00faltimos doce meses, seg\u00fan los datos de la Contabilidad Nacional publicados por el INE. El dato supone una aceleraci\u00f3n de una d\u00e9cima tanto en tasa anual como trimestral, lo que mantiene","canonical_url":"https:\/\/www.eldigitaldeasturias.com\/noticias\/la-economia-espanola-encadena-casi-cuatro-anos-de-crecimiento\/","robots":"max-image-preview:large","keywords":"actualidad","webmasterTools":{"google-site-verification":"UA-38556648-1","msvalidate.01":"7dfe9f3f1b24437ab69f4f2559babe99","miscellaneous":""},"schema":{"@context":"https:\/\/schema.org","@graph":[{"@type":"BlogPosting","@id":"https:\/\/www.eldigitaldeasturias.com\/noticias\/la-economia-espanola-encadena-casi-cuatro-anos-de-crecimiento\/#blogposting","name":"La econom\u00eda espa\u00f1ola encadena casi cuatro a\u00f1os de crecimiento - El Digital de Asturias","headline":"La econom\u00eda espa\u00f1ola encadena casi cuatro a\u00f1os de crecimiento","author":{"@id":"https:\/\/www.eldigitaldeasturias.com\/noticias\/author\/admin\/#author"},"publisher":{"@id":"https:\/\/www.eldigitaldeasturias.com\/noticias\/#organization"},"image":{"@type":"ImageObject","url":780683},"datePublished":"2017-08-25T19:14:01+02:00","dateModified":"2017-08-25T19:14:01+02:00","inLanguage":"es-ES","mainEntityOfPage":{"@id":"https:\/\/www.eldigitaldeasturias.com\/noticias\/la-economia-espanola-encadena-casi-cuatro-anos-de-crecimiento\/#webpage"},"isPartOf":{"@id":"https:\/\/www.eldigitaldeasturias.com\/noticias\/la-economia-espanola-encadena-casi-cuatro-anos-de-crecimiento\/#webpage"},"articleSection":"Actualidad"},{"@type":"BreadcrumbList","@id":"https:\/\/www.eldigitaldeasturias.com\/noticias\/la-economia-espanola-encadena-casi-cuatro-anos-de-crecimiento\/#breadcrumblist","itemListElement":[{"@type":"ListItem","@id":"https:\/\/www.eldigitaldeasturias.com\/noticias#listItem","position":1,"name":"Home","item":"https:\/\/www.eldigitaldeasturias.com\/noticias","nextItem":{"@type":"ListItem","@id":"https:\/\/www.eldigitaldeasturias.com\/noticias\/category\/actualidad\/#listItem","name":"Actualidad"}},{"@type":"ListItem","@id":"https:\/\/www.eldigitaldeasturias.com\/noticias\/category\/actualidad\/#listItem","position":2,"name":"Actualidad","item":"https:\/\/www.eldigitaldeasturias.com\/noticias\/category\/actualidad\/","nextItem":{"@type":"ListItem","@id":"https:\/\/www.eldigitaldeasturias.com\/noticias\/la-economia-espanola-encadena-casi-cuatro-anos-de-crecimiento\/#listItem","name":"La econom\u00eda espa\u00f1ola encadena casi cuatro a\u00f1os de crecimiento"},"previousItem":{"@type":"ListItem","@id":"https:\/\/www.eldigitaldeasturias.com\/noticias#listItem","name":"Home"}},{"@type":"ListItem","@id":"https:\/\/www.eldigitaldeasturias.com\/noticias\/la-economia-espanola-encadena-casi-cuatro-anos-de-crecimiento\/#listItem","position":3,"name":"La econom\u00eda espa\u00f1ola encadena casi cuatro a\u00f1os de crecimiento","previousItem":{"@type":"ListItem","@id":"https:\/\/www.eldigitaldeasturias.com\/noticias\/category\/actualidad\/#listItem","name":"Actualidad"}}]},{"@type":"Organization","@id":"https:\/\/www.eldigitaldeasturias.com\/noticias\/#organization","name":"El Digital de Asturias","description":"Hemeroteca","url":"https:\/\/www.eldigitaldeasturias.com\/noticias\/","email":"info@eldigitaldeasturias.com","telephone":"+34652131393","logo":{"@type":"ImageObject","url":"https:\/\/www.eldigitaldeasturias.com\/noticias\/wp-content\/uploads\/2020\/12\/EDA.jpg","@id":"https:\/\/www.eldigitaldeasturias.com\/noticias\/la-economia-espanola-encadena-casi-cuatro-anos-de-crecimiento\/#organizationLogo"},"image":{"@id":"https:\/\/www.eldigitaldeasturias.com\/noticias\/la-economia-espanola-encadena-casi-cuatro-anos-de-crecimiento\/#organizationLogo"},"sameAs":["https:\/\/facebook.com\/eldigitaldeasturias","https:\/\/www.youtube.com\/channel\/UCZP-2wLEB9Rv6erhFmqVnvg"],"address":{"@id":"https:\/\/www.eldigitaldeasturias.com\/noticias\/#postaladdress","@type":"PostalAddress","streetAddress":"san antonio 4","postalCode":"33430","addressLocality":"Cand\u00e1s","addressRegion":"Asturias","addressCountry":"ES"}},{"@type":"Person","@id":"https:\/\/www.eldigitaldeasturias.com\/noticias\/author\/admin\/#author","url":"https:\/\/www.eldigitaldeasturias.com\/noticias\/author\/admin\/","name":"El Digital de Asturias","image":{"@type":"ImageObject","@id":"https:\/\/www.eldigitaldeasturias.com\/noticias\/la-economia-espanola-encadena-casi-cuatro-anos-de-crecimiento\/#authorImage","url":"https:\/\/secure.gravatar.com\/avatar\/df2aeffc32bcd13f8d26072ef8a91b623d677766deac7f97ca815868cd41bf5e?s=96&d=mm&r=g","width":96,"height":96,"caption":"El Digital de Asturias"}},{"@type":"WebPage","@id":"https:\/\/www.eldigitaldeasturias.com\/noticias\/la-economia-espanola-encadena-casi-cuatro-anos-de-crecimiento\/#webpage","url":"https:\/\/www.eldigitaldeasturias.com\/noticias\/la-economia-espanola-encadena-casi-cuatro-anos-de-crecimiento\/","name":"La econom\u00eda espa\u00f1ola encadena casi cuatro a\u00f1os de crecimiento - El Digital de Asturias","description":"La econom\u00eda espa\u00f1ola encadena casi cuatro a\u00f1os de crecimiento tras aumentar el 0,9% el PIB en el segundo trimestre y el 3,1% en los \u00faltimos doce meses, seg\u00fan los datos de la Contabilidad Nacional publicados por el INE. El dato supone una aceleraci\u00f3n de una d\u00e9cima tanto en tasa anual como trimestral, lo que mantiene","inLanguage":"es-ES","isPartOf":{"@id":"https:\/\/www.eldigitaldeasturias.com\/noticias\/#website"},"breadcrumb":{"@id":"https:\/\/www.eldigitaldeasturias.com\/noticias\/la-economia-espanola-encadena-casi-cuatro-anos-de-crecimiento\/#breadcrumblist"},"author":{"@id":"https:\/\/www.eldigitaldeasturias.com\/noticias\/author\/admin\/#author"},"creator":{"@id":"https:\/\/www.eldigitaldeasturias.com\/noticias\/author\/admin\/#author"},"image":{"@type":"ImageObject","url":780683,"@id":"https:\/\/www.eldigitaldeasturias.com\/noticias\/la-economia-espanola-encadena-casi-cuatro-anos-de-crecimiento\/#mainImage"},"primaryImageOfPage":{"@id":"https:\/\/www.eldigitaldeasturias.com\/noticias\/la-economia-espanola-encadena-casi-cuatro-anos-de-crecimiento\/#mainImage"},"datePublished":"2017-08-25T19:14:01+02:00","dateModified":"2017-08-25T19:14:01+02:00"},{"@type":"WebSite","@id":"https:\/\/www.eldigitaldeasturias.com\/noticias\/#website","url":"https:\/\/www.eldigitaldeasturias.com\/noticias\/","name":"El Digital de Asturias - Diario de actualidad y noticias","alternateName":"El Digital de Asturias - Diario de actualidad y noticias","description":"Hemeroteca","inLanguage":"es-ES","publisher":{"@id":"https:\/\/www.eldigitaldeasturias.com\/noticias\/#organization"}}]},"og:locale":"es_ES","og:site_name":"El Digital de Asturias","og:type":"article","og:title":"La econom\u00eda espa\u00f1ola encadena casi cuatro a\u00f1os de crecimiento - El Digital de Asturias","og:description":"La econom\u00eda espa\u00f1ola encadena casi cuatro a\u00f1os de crecimiento tras aumentar el 0,9% el PIB en el segundo trimestre y el 3,1% en los \u00faltimos doce meses, seg\u00fan los datos de la Contabilidad Nacional publicados por el INE. El dato supone una aceleraci\u00f3n de una d\u00e9cima tanto en tasa anual como trimestral, lo que mantiene","og:url":"https:\/\/www.eldigitaldeasturias.com\/noticias\/la-economia-espanola-encadena-casi-cuatro-anos-de-crecimiento\/","article:tag":["actualidad"],"article:published_time":"2017-08-25T19:14:01+00:00","article:modified_time":"2017-08-25T19:14:01+00:00","article:publisher":"https:\/\/facebook.com\/eldigitaldeasturias","twitter:card":"summary_large_image","twitter:title":"La econom\u00eda espa\u00f1ola encadena casi cuatro a\u00f1os de crecimiento - El Digital de Asturias","twitter:description":"La econom\u00eda espa\u00f1ola encadena casi cuatro a\u00f1os de crecimiento tras aumentar el 0,9% el PIB en el segundo trimestre y el 3,1% en los \u00faltimos doce meses, seg\u00fan los datos de la Contabilidad Nacional publicados por el INE. El dato supone una aceleraci\u00f3n de una d\u00e9cima tanto en tasa anual como trimestral, lo que mantiene","twitter:image":"https:\/\/www.eldigitaldeasturias.com\/noticias\/wp-content\/uploads\/2020\/12\/EDA-1.jpg","twitter:label1":"Escrito por","twitter:data1":"El Digital de Asturias","twitter:label2":"Tiempo de lectura estimado","twitter:data2":"3 minutos"},"aioseo_meta_data":{"post_id":"950840","title":null,"description":null,"keywords":null,"keyphrases":null,"primary_term":null,"canonical_url":null,"og_title":null,"og_description":null,"og_object_type":"default","og_image_type":"default","og_image_url":null,"og_image_width":null,"og_image_height":null,"og_image_custom_url":null,"og_image_custom_fields":null,"og_video":null,"og_custom_url":null,"og_article_section":null,"og_article_tags":null,"twitter_use_og":false,"twitter_card":"default","twitter_image_type":"default","twitter_image_url":null,"twitter_image_custom_url":null,"twitter_image_custom_fields":null,"twitter_title":null,"twitter_description":null,"schema":{"blockGraphs":[],"customGraphs":[],"default":{"data":{"Article":[],"Course":[],"Dataset":[],"FAQPage":[],"Movie":[],"Person":[],"Product":[],"ProductReview":[],"Car":[],"Recipe":[],"Service":[],"SoftwareApplication":[],"WebPage":[]},"graphName":"","isEnabled":true},"graphs":[],"defaultGraph":"","defaultPostTypeGraph":""},"schema_type":null,"schema_type_options":null,"pillar_content":false,"robots_default":true,"robots_noindex":false,"robots_noarchive":false,"robots_nosnippet":false,"robots_nofollow":false,"robots_noimageindex":false,"robots_noodp":false,"robots_notranslate":false,"robots_max_snippet":null,"robots_max_videopreview":null,"robots_max_imagepreview":"large","priority":null,"frequency":null,"local_seo":null,"seo_analyzer_scan_date":"2025-12-05 17:13:00","breadcrumb_settings":null,"limit_modified_date":false,"open_ai":null,"ai":null,"created":"2020-12-21 12:58:34","updated":"2025-12-05 17:13:00","focus_keyword":null,"additional_keywords":null,"truseo_locale":null},"aioseo_breadcrumb":"<div class=\"aioseo-breadcrumbs\"><span class=\"aioseo-breadcrumb\">\n\t<a href=\"https:\/\/www.eldigitaldeasturias.com\/noticias\" title=\"Home\">Home<\/a>\n<\/span><span class=\"aioseo-breadcrumb-separator\">\u2013<\/span><span class=\"aioseo-breadcrumb\">\n\t<a href=\"https:\/\/www.eldigitaldeasturias.com\/noticias\/category\/actualidad\/\" title=\"Actualidad\">Actualidad<\/a>\n<\/span><span class=\"aioseo-breadcrumb-separator\">\u2013<\/span><span class=\"aioseo-breadcrumb\">\n\t<a href=\"https:\/\/www.eldigitaldeasturias.com\/noticias\/la-economia-espanola-encadena-casi-cuatro-anos-de-crecimiento\/\" title=\"La econom\u00eda espa\u00f1ola encadena casi cuatro a\u00f1os de crecimiento\">La econom\u00eda espa\u00f1ola encadena casi cuatro a\u00f1os de crecimiento<\/a>\n<\/span><\/div>","aioseo_breadcrumb_json":[{"label":"Home","link":"https:\/\/www.eldigitaldeasturias.com\/noticias"},{"label":"Actualidad","link":"https:\/\/www.eldigitaldeasturias.com\/noticias\/category\/actualidad\/"},{"label":"La econom\u00eda espa\u00f1ola encadena casi cuatro a\u00f1os de crecimiento","link":"https:\/\/www.eldigitaldeasturias.com\/noticias\/la-economia-espanola-encadena-casi-cuatro-anos-de-crecimiento\/"}],"_links":{"self":[{"href":"https:\/\/www.eldigitaldeasturias.com\/noticias\/wp-json\/wp\/v2\/posts\/950840","targetHints":{"allow":["GET"]}}],"collection":[{"href":"https:\/\/www.eldigitaldeasturias.com\/noticias\/wp-json\/wp\/v2\/posts"}],"about":[{"href":"https:\/\/www.eldigitaldeasturias.com\/noticias\/wp-json\/wp\/v2\/types\/post"}],"author":[{"embeddable":true,"href":"https:\/\/www.eldigitaldeasturias.com\/noticias\/wp-json\/wp\/v2\/users\/1"}],"replies":[{"embeddable":true,"href":"https:\/\/www.eldigitaldeasturias.com\/noticias\/wp-json\/wp\/v2\/comments?post=950840"}],"version-history":[{"count":0,"href":"https:\/\/www.eldigitaldeasturias.com\/noticias\/wp-json\/wp\/v2\/posts\/950840\/revisions"}],"wp:attachment":[{"href":"https:\/\/www.eldigitaldeasturias.com\/noticias\/wp-json\/wp\/v2\/media?parent=950840"}],"wp:term":[{"taxonomy":"category","embeddable":true,"href":"https:\/\/www.eldigitaldeasturias.com\/noticias\/wp-json\/wp\/v2\/categories?post=950840"},{"taxonomy":"post_tag","embeddable":true,"href":"https:\/\/www.eldigitaldeasturias.com\/noticias\/wp-json\/wp\/v2\/tags?post=950840"}],"curies":[{"name":"wp","href":"https:\/\/api.w.org\/{rel}","templated":true}]}}