{"id":950775,"date":"2017-08-24T22:36:15","date_gmt":"2017-08-24T22:36:15","guid":{"rendered":"http:\/\/www.eldigitaldeasturias.com\/noticias\/?p=950775"},"modified":"2017-08-24T22:36:15","modified_gmt":"2017-08-24T22:36:15","slug":"aragon-batira-este-ano-un-nuevo-record-en-visitas-turisticas-y-pernoctaciones","status":"publish","type":"post","link":"https:\/\/www.eldigitaldeasturias.com\/noticias\/aragon-batira-este-ano-un-nuevo-record-en-visitas-turisticas-y-pernoctaciones\/","title":{"rendered":"Arag\u00f3n batir\u00e1 este a\u00f1o un nuevo r\u00e9cord en visitas tur\u00edsticas y pernoctaciones"},"content":{"rendered":"<p><img loading=\"lazy\" decoding=\"async\" class=\"alignleft size-medium wp-image-950776\" src=\"https:\/\/www.eldigitaldeasturias.com\/noticias\/wp-content\/uploads\/2017\/08\/MG_8270-360x159.jpg\" alt=\"\" width=\"360\" height=\"159\" \/>El Presidente de Arag\u00f3n, Javier Lamb\u00e1n, acompa\u00f1ado de la consejera de Educaci\u00f3n, Cultura y Deporte, Mayte P\u00e9rez, ha visitado la catedral de Roda de Is\u00e1bena, en cuyo interior el Gobierno de Arag\u00f3n invierte cerca de 138.000 euros para recuperar las arquer\u00edas de los lados este y oeste del claustro de este edificio, continuando los trabajos iniciados en 2016. El Departamento iniciar\u00e1 tambi\u00e9n en septiembre unos trabajos de impermeabilizaci\u00f3n de las cubiertas del templo, declarado Bien de Inter\u00e9s Cultural.<\/p>\n<p>El claustro de la antigua Catedral de Roda de Is\u00e1bena es una de las partes m\u00e1s emblem\u00e1ticas de este edificio, declarado Monumento Hist\u00f3rico-Art\u00edstico en 1924, hoy Bien de Inter\u00e9s Cultural en la categor\u00eda de Monumento, y situado en una localidad ribagorzana que tambi\u00e9n goza de la declaraci\u00f3n de Conjunto de Inter\u00e9s Cultural desde 1988. La antigua catedral de San Vicente y San Valero de Roda de Is\u00e1bena es la catedral m\u00e1s antigua de Arag\u00f3n, un monumento excepcional por el que pasan, cada a\u00f1o, alrededor de 17.000 visitantes.<\/p>\n<p>Estos trabajos son una continuaci\u00f3n de la intervenci\u00f3n realizada en el lado norte del claustro durante 2016. Estas mejoras supusieron una inversi\u00f3n de 78.759,11 euros y permitieron restaurar toda la parte septentrional del claustro y recuperar las singulares epigraf\u00edas que compon\u00edan el necrologio (las inscripciones funerarias) del lado norte. Ahora, se recuperar\u00e1n los lados este y oeste.<\/p>\n<p>El Presidente de Arag\u00f3n ha avanzado que el Departamento de Educaci\u00f3n, Cultura y Deporte mantiene la intenci\u00f3n de continuar interviniendo en este claustro, que constituye una de las partes m\u00e1s emblem\u00e1ticas de este edificio, para conseguir su total restauraci\u00f3n y puesta en valor. En concreto, queda pendiente una tercera fase en el lado sur y el aljibe.<\/p>\n<p>Mientras tanto, y a la vez que se desarrolla la obra en las arquer\u00edas, la Direcci\u00f3n General de Cultura y Patrimonio iniciar\u00e1 en septiembre trabajos de mantenimiento en el templo. En concreto, proceder\u00e1 a la impermeabilizaci\u00f3n de cubiertas del claustro, una actuaci\u00f3n en la que se invertir\u00e1n 56.749 euros, que se extender\u00e1 hasta noviembre.<\/p>\n<p>Aunque el edificio no presenta patolog\u00edas estructurales graves, s\u00ed existen problemas puntuales de filtraciones en la cubierta y humedades en los muros. Para evitar que se pongan en riesgo tanto el monumento como los bienes que aloja, la DGA va a empezar esta intervenci\u00f3n durante este ejercicio, que tambi\u00e9n estar\u00e1 cofinanciada con el Fondo Europeo de Desarrollo Regional (FEDER), dentro del Programa Operativo 2014-2020. Las obras tienen como objetivo fundamental reparar las filtraciones existentes en la cubierta y en la red de evacuaci\u00f3n de aguas pluviales, garantizando una conservaci\u00f3n \u00f3ptima de la excatedral, as\u00ed como de su decoraci\u00f3n y mobiliario. Para ello se ejecutar\u00e1 una impermeabilizaci\u00f3n doble bajo el acabado de la cubierta de losa de piedra del lugar.<\/p>\n<p><strong>La joya de la Ribagorza<\/strong><\/p>\n<p>\u201cEsta joya del rom\u00e1nico es uno de los principales atractivos de la Ribagorza, una de las comarcas que mejores datos tur\u00edsticos presenta en el conjunto de la comunidad\u201d, seg\u00fan el presidente del Gobierno de Arag\u00f3n, Javier Lamb\u00e1n, quien ha avanzado que \u201cen los seis primeros meses de 2017 se ha producido un incremento del 21,7% del n\u00famero de viajeros respecto al 2016 (61.310), lo que no incluye los datos del verano, por lo que todo hace prever que las cifras seguir\u00e1n esta tendencia\u201d. El n\u00famero de pernoctaciones (170.000) tambi\u00e9n creci\u00f3 un 21,5% en el primer semestre, de los que un 16% eran de origen extranjero. Este dato supone una cuota de mercado en Arag\u00f3n del 11,7%.<\/p>\n<p>La Ribagorza ofrece, patrimonialmente, muchas m\u00e1s excusas para combinar la estancia tur\u00edstica, aumentar las pernoctaciones y disfrutar de lugares \u00fanicos. Es el caso de la catedral de Roda de Is\u00e1bena, el castillo de Benabarre, el monasterio de Obarra \u2013que tambi\u00e9n ha visitado hoy el Presidente de Arag\u00f3n, la plaza de Graus o un lugar al que el Gobierno de Arag\u00f3n est\u00e1 prestando buena atenci\u00f3n como es el \u201cn\u00facleo medieval de Monta\u00f1ana\u201d.<\/p>\n<p>El turismo de naturaleza y los deportes de aventura son las claves del \u00e9xito del turismo, desde las pruebas extremas, como la Trail Aneto-Posets, el esqu\u00ed y los deportes de aventuras, el monta\u00f1ismo\u2026 pero tambi\u00e9n los paseos y rutas para todos los niveles con iconos tan reconocibles como las pasarelas de Montfalc\u00f3.<\/p>\n<p>La calidad tur\u00edstica est\u00e1 en la base del turismo que trata de ofrecerse, como forma de garantizar un desarrollo sostenible. En este sentido, la comarca de La Ribagorza est\u00e1 haciendo un buen trabajo y prueba de ello es la obtenci\u00f3n de los diplomas de calidad.<\/p>\n<p><strong>Arag\u00f3n supera ya las cifras de la Expo<\/strong><\/p>\n<p>Estos datos invitan a pensar que Arag\u00f3n volver\u00e1 a batir cifras de visitantes y pernoctaciones, que ya en 2016 registr\u00f3 un r\u00e9cord hist\u00f3rico con 3.401.060 viajeros, 340.143 m\u00e1s que en 2015 (+11.11%), superando la media estatal y en concreto, situ\u00e1ndose la primera en turismo interior.<\/p>\n<p>La cifra de pernoctaciones el pasado a\u00f1o en Arag\u00f3n fue de 7.396.616, superando todas las cifras existentes, incluso el a\u00f1o de la Expo, a\u00f1o en el que se registraron 6.990.773 pernoctaciones. La cifra de 2016 supuso un 11.47% m\u00e1s que en 2015, 761.128 m\u00e1s que en 2015. Arag\u00f3n es la Comunidad Aut\u00f3noma en la que m\u00e1s ha crecido el n\u00famero de pernoctaciones. La media estatal se sit\u00faa en 7.45%.<\/p>\n<p>Las pernoctaciones extranjeras supusieron el pasado a\u00f1o un 14%, lo que demuestra que Arag\u00f3n se va colocando como destino tur\u00edstico para las agencias y tour operadores. El turismo extranjero representa uno de los objetivos m\u00e1s importantes porque significa ampliar el ratio de turistas potenciales. En este sentido se est\u00e1 trabajando en varias acciones de promoci\u00f3n.<\/p>\n<p>Una de las acciones de impulso del turismo del Gobierno de Arag\u00f3n pasa por la inversi\u00f3n de 1.251.521 euros para subvencionar a empresas que realicen mejoras en las infraestructuras y para promoci\u00f3n de las organizaciones y asociaciones tur\u00edsticas.<\/p>\n<p>La especializaci\u00f3n sigue siendo una de las apuestas del turismo de Arag\u00f3n. En este sentido, en 2017 se quiere trabajar en tres l\u00edneas que aportar\u00e1n diferenciaci\u00f3n: producto de slowdriving, promoci\u00f3n de los Espacios Naturales y fomento del Turismo familiar.<\/p>\n<p><strong>Parques culturales<\/strong><\/p>\n<p>El Departamento de Educaci\u00f3n, Cultura y Deporte tambi\u00e9n ha hecho un esfuerzo importante para multiplicar por siete el presupuesto para los parques en 2017. Arag\u00f3n fue la primera comunidad aut\u00f3noma que regul\u00f3 por ley la figura de los parques culturales. La f\u00f3rmula se cre\u00f3 para conciliar de forma innovadora la gesti\u00f3n conjunta del territorio y de sus recursos y valores culturales. Esto permite integrar a los habitantes y al territorio en la gesti\u00f3n cultural, contribuye al desarrollo sostenible y tambi\u00e9n a la conservaci\u00f3n y difusi\u00f3n del patrimonio de Arag\u00f3n. En Arag\u00f3n, hay cinco Parques Culturales: R\u00edo Vero, Maestrazgo, R\u00edo Mart\u00edn, Albarrac\u00edn y Sierra Menera. Y se trabaja en la creaci\u00f3n de dos futuros parques: Valle de Benasque y Chopo Cabecero.<\/p>\n<p>&nbsp;<\/p>\n","protected":false},"excerpt":{"rendered":"<p>El Presidente de Arag\u00f3n, Javier Lamb\u00e1n, acompa\u00f1ado de la consejera de Educaci\u00f3n, Cultura y Deporte, Mayte P\u00e9rez, ha visitado la catedral de Roda de Is\u00e1bena, en cuyo interior el Gobierno de Arag\u00f3n invierte cerca de 138.000 euros para recuperar las arquer\u00edas de los lados este y oeste del claustro de este edificio, continuando los trabajos [&hellip;]<\/p>\n","protected":false},"author":1,"featured_media":950776,"comment_status":"closed","ping_status":"closed","sticky":false,"template":"","format":"standard","meta":{"footnotes":""},"categories":[1],"tags":[],"class_list":["post-950775","post","type-post","status-publish","format-standard","has-post-thumbnail","hentry","category-actualidad"],"aioseo_notices":[],"aioseo_head":"\n\t\t<!-- All in One SEO Pro 5.0.1 - aioseo.com -->\n\t<meta name=\"description\" content=\"El Presidente de Arag\u00f3n, Javier Lamb\u00e1n, acompa\u00f1ado de la consejera de Educaci\u00f3n, Cultura y Deporte, Mayte P\u00e9rez, ha visitado la catedral de Roda de Is\u00e1bena, en cuyo interior el Gobierno de Arag\u00f3n invierte cerca de 138.000 euros para recuperar las arquer\u00edas de los lados este y oeste del claustro de este edificio, continuando los trabajos\" \/>\n\t<meta name=\"robots\" content=\"max-image-preview:large\" \/>\n\t<meta name=\"author\" content=\"El Digital de Asturias\"\/>\n\t<meta name=\"google-site-verification\" content=\"UA-38556648-1\" \/>\n\t<meta name=\"msvalidate.01\" content=\"7dfe9f3f1b24437ab69f4f2559babe99\" \/>\n\t<meta name=\"keywords\" content=\"actualidad\" \/>\n\t<link rel=\"canonical\" href=\"https:\/\/www.eldigitaldeasturias.com\/noticias\/aragon-batira-este-ano-un-nuevo-record-en-visitas-turisticas-y-pernoctaciones\/\" \/>\n\t<meta name=\"generator\" content=\"All in One SEO Pro (AIOSEO) 5.0.1\" \/>\n\t\t<meta property=\"og:locale\" content=\"es_ES\" \/>\n\t\t<meta property=\"og:site_name\" content=\"El Digital de Asturias\" \/>\n\t\t<meta property=\"og:type\" content=\"article\" \/>\n\t\t<meta property=\"og:title\" content=\"Arag\u00f3n batir\u00e1 este a\u00f1o un nuevo r\u00e9cord en visitas tur\u00edsticas y pernoctaciones - El Digital de Asturias\" \/>\n\t\t<meta property=\"og:description\" content=\"El Presidente de Arag\u00f3n, Javier Lamb\u00e1n, acompa\u00f1ado de la consejera de Educaci\u00f3n, Cultura y Deporte, Mayte P\u00e9rez, ha visitado la catedral de Roda de Is\u00e1bena, en cuyo interior el Gobierno de Arag\u00f3n invierte cerca de 138.000 euros para recuperar las arquer\u00edas de los lados este y oeste del claustro de este edificio, continuando los trabajos\" \/>\n\t\t<meta property=\"og:url\" content=\"https:\/\/www.eldigitaldeasturias.com\/noticias\/aragon-batira-este-ano-un-nuevo-record-en-visitas-turisticas-y-pernoctaciones\/\" \/>\n\t\t<meta property=\"article:tag\" content=\"actualidad\" \/>\n\t\t<meta property=\"article:published_time\" content=\"2017-08-24T22:36:15+00:00\" \/>\n\t\t<meta property=\"article:modified_time\" content=\"2017-08-24T22:36:15+00:00\" \/>\n\t\t<meta property=\"article:publisher\" content=\"https:\/\/facebook.com\/eldigitaldeasturias\" \/>\n\t\t<meta name=\"twitter:card\" content=\"summary_large_image\" \/>\n\t\t<meta name=\"twitter:title\" content=\"Arag\u00f3n batir\u00e1 este a\u00f1o un nuevo r\u00e9cord en visitas tur\u00edsticas y pernoctaciones - El Digital de Asturias\" \/>\n\t\t<meta name=\"twitter:description\" content=\"El Presidente de Arag\u00f3n, Javier Lamb\u00e1n, acompa\u00f1ado de la consejera de Educaci\u00f3n, Cultura y Deporte, Mayte P\u00e9rez, ha visitado la catedral de Roda de Is\u00e1bena, en cuyo interior el Gobierno de Arag\u00f3n invierte cerca de 138.000 euros para recuperar las arquer\u00edas de los lados este y oeste del claustro de este edificio, continuando los trabajos\" \/>\n\t\t<meta name=\"twitter:image\" content=\"https:\/\/www.eldigitaldeasturias.com\/noticias\/wp-content\/uploads\/2020\/12\/EDA-1.jpg\" \/>\n\t\t<meta name=\"twitter:label1\" content=\"Escrito por\" \/>\n\t\t<meta name=\"twitter:data1\" content=\"El Digital de Asturias\" \/>\n\t\t<meta name=\"twitter:label2\" content=\"Tiempo de lectura estimado\" \/>\n\t\t<meta name=\"twitter:data2\" content=\"6 minutos\" \/>\n\t\t<script type=\"application\/ld+json\" class=\"aioseo-schema\">\n\t\t\t{\"@context\":\"https:\\\/\\\/schema.org\",\"@graph\":[{\"@type\":\"BlogPosting\",\"@id\":\"https:\\\/\\\/www.eldigitaldeasturias.com\\\/noticias\\\/aragon-batira-este-ano-un-nuevo-record-en-visitas-turisticas-y-pernoctaciones\\\/#blogposting\",\"name\":\"Arag\\u00f3n batir\\u00e1 este a\\u00f1o un nuevo r\\u00e9cord en visitas tur\\u00edsticas y pernoctaciones - El Digital de Asturias\",\"headline\":\"Arag\\u00f3n batir\\u00e1 este a\\u00f1o un nuevo r\\u00e9cord en visitas tur\\u00edsticas y pernoctaciones\",\"author\":{\"@id\":\"https:\\\/\\\/www.eldigitaldeasturias.com\\\/noticias\\\/author\\\/admin\\\/#author\"},\"publisher\":{\"@id\":\"https:\\\/\\\/www.eldigitaldeasturias.com\\\/noticias\\\/#organization\"},\"image\":{\"@type\":\"ImageObject\",\"url\":950776},\"datePublished\":\"2017-08-24T22:36:15+02:00\",\"dateModified\":\"2017-08-24T22:36:15+02:00\",\"inLanguage\":\"es-ES\",\"mainEntityOfPage\":{\"@id\":\"https:\\\/\\\/www.eldigitaldeasturias.com\\\/noticias\\\/aragon-batira-este-ano-un-nuevo-record-en-visitas-turisticas-y-pernoctaciones\\\/#webpage\"},\"isPartOf\":{\"@id\":\"https:\\\/\\\/www.eldigitaldeasturias.com\\\/noticias\\\/aragon-batira-este-ano-un-nuevo-record-en-visitas-turisticas-y-pernoctaciones\\\/#webpage\"},\"articleSection\":\"Actualidad\"},{\"@type\":\"BreadcrumbList\",\"@id\":\"https:\\\/\\\/www.eldigitaldeasturias.com\\\/noticias\\\/aragon-batira-este-ano-un-nuevo-record-en-visitas-turisticas-y-pernoctaciones\\\/#breadcrumblist\",\"itemListElement\":[{\"@type\":\"ListItem\",\"@id\":\"https:\\\/\\\/www.eldigitaldeasturias.com\\\/noticias#listItem\",\"position\":1,\"name\":\"Home\",\"item\":\"https:\\\/\\\/www.eldigitaldeasturias.com\\\/noticias\",\"nextItem\":{\"@type\":\"ListItem\",\"@id\":\"https:\\\/\\\/www.eldigitaldeasturias.com\\\/noticias\\\/category\\\/actualidad\\\/#listItem\",\"name\":\"Actualidad\"}},{\"@type\":\"ListItem\",\"@id\":\"https:\\\/\\\/www.eldigitaldeasturias.com\\\/noticias\\\/category\\\/actualidad\\\/#listItem\",\"position\":2,\"name\":\"Actualidad\",\"item\":\"https:\\\/\\\/www.eldigitaldeasturias.com\\\/noticias\\\/category\\\/actualidad\\\/\",\"nextItem\":{\"@type\":\"ListItem\",\"@id\":\"https:\\\/\\\/www.eldigitaldeasturias.com\\\/noticias\\\/aragon-batira-este-ano-un-nuevo-record-en-visitas-turisticas-y-pernoctaciones\\\/#listItem\",\"name\":\"Arag\\u00f3n batir\\u00e1 este a\\u00f1o un nuevo r\\u00e9cord en visitas tur\\u00edsticas y pernoctaciones\"},\"previousItem\":{\"@type\":\"ListItem\",\"@id\":\"https:\\\/\\\/www.eldigitaldeasturias.com\\\/noticias#listItem\",\"name\":\"Home\"}},{\"@type\":\"ListItem\",\"@id\":\"https:\\\/\\\/www.eldigitaldeasturias.com\\\/noticias\\\/aragon-batira-este-ano-un-nuevo-record-en-visitas-turisticas-y-pernoctaciones\\\/#listItem\",\"position\":3,\"name\":\"Arag\\u00f3n batir\\u00e1 este a\\u00f1o un nuevo r\\u00e9cord en visitas tur\\u00edsticas y pernoctaciones\",\"previousItem\":{\"@type\":\"ListItem\",\"@id\":\"https:\\\/\\\/www.eldigitaldeasturias.com\\\/noticias\\\/category\\\/actualidad\\\/#listItem\",\"name\":\"Actualidad\"}}]},{\"@type\":\"Organization\",\"@id\":\"https:\\\/\\\/www.eldigitaldeasturias.com\\\/noticias\\\/#organization\",\"name\":\"El Digital de Asturias\",\"description\":\"Hemeroteca\",\"url\":\"https:\\\/\\\/www.eldigitaldeasturias.com\\\/noticias\\\/\",\"email\":\"info@eldigitaldeasturias.com\",\"telephone\":\"+34652131393\",\"logo\":{\"@type\":\"ImageObject\",\"url\":\"https:\\\/\\\/www.eldigitaldeasturias.com\\\/noticias\\\/wp-content\\\/uploads\\\/2020\\\/12\\\/EDA.jpg\",\"@id\":\"https:\\\/\\\/www.eldigitaldeasturias.com\\\/noticias\\\/aragon-batira-este-ano-un-nuevo-record-en-visitas-turisticas-y-pernoctaciones\\\/#organizationLogo\"},\"image\":{\"@id\":\"https:\\\/\\\/www.eldigitaldeasturias.com\\\/noticias\\\/aragon-batira-este-ano-un-nuevo-record-en-visitas-turisticas-y-pernoctaciones\\\/#organizationLogo\"},\"sameAs\":[\"https:\\\/\\\/facebook.com\\\/eldigitaldeasturias\",\"https:\\\/\\\/www.youtube.com\\\/channel\\\/UCZP-2wLEB9Rv6erhFmqVnvg\"],\"address\":{\"@id\":\"https:\\\/\\\/www.eldigitaldeasturias.com\\\/noticias\\\/#postaladdress\",\"@type\":\"PostalAddress\",\"streetAddress\":\"san antonio 4\",\"postalCode\":\"33430\",\"addressLocality\":\"Cand\\u00e1s\",\"addressRegion\":\"Asturias\",\"addressCountry\":\"ES\"}},{\"@type\":\"Person\",\"@id\":\"https:\\\/\\\/www.eldigitaldeasturias.com\\\/noticias\\\/author\\\/admin\\\/#author\",\"url\":\"https:\\\/\\\/www.eldigitaldeasturias.com\\\/noticias\\\/author\\\/admin\\\/\",\"name\":\"El Digital de Asturias\",\"image\":{\"@type\":\"ImageObject\",\"@id\":\"https:\\\/\\\/www.eldigitaldeasturias.com\\\/noticias\\\/aragon-batira-este-ano-un-nuevo-record-en-visitas-turisticas-y-pernoctaciones\\\/#authorImage\",\"url\":\"https:\\\/\\\/secure.gravatar.com\\\/avatar\\\/df2aeffc32bcd13f8d26072ef8a91b623d677766deac7f97ca815868cd41bf5e?s=96&d=mm&r=g\",\"width\":96,\"height\":96,\"caption\":\"El Digital de Asturias\"}},{\"@type\":\"WebPage\",\"@id\":\"https:\\\/\\\/www.eldigitaldeasturias.com\\\/noticias\\\/aragon-batira-este-ano-un-nuevo-record-en-visitas-turisticas-y-pernoctaciones\\\/#webpage\",\"url\":\"https:\\\/\\\/www.eldigitaldeasturias.com\\\/noticias\\\/aragon-batira-este-ano-un-nuevo-record-en-visitas-turisticas-y-pernoctaciones\\\/\",\"name\":\"Arag\\u00f3n batir\\u00e1 este a\\u00f1o un nuevo r\\u00e9cord en visitas tur\\u00edsticas y pernoctaciones - El Digital de Asturias\",\"description\":\"El Presidente de Arag\\u00f3n, Javier Lamb\\u00e1n, acompa\\u00f1ado de la consejera de Educaci\\u00f3n, Cultura y Deporte, Mayte P\\u00e9rez, ha visitado la catedral de Roda de Is\\u00e1bena, en cuyo interior el Gobierno de Arag\\u00f3n invierte cerca de 138.000 euros para recuperar las arquer\\u00edas de los lados este y oeste del claustro de este edificio, continuando los trabajos\",\"inLanguage\":\"es-ES\",\"isPartOf\":{\"@id\":\"https:\\\/\\\/www.eldigitaldeasturias.com\\\/noticias\\\/#website\"},\"breadcrumb\":{\"@id\":\"https:\\\/\\\/www.eldigitaldeasturias.com\\\/noticias\\\/aragon-batira-este-ano-un-nuevo-record-en-visitas-turisticas-y-pernoctaciones\\\/#breadcrumblist\"},\"author\":{\"@id\":\"https:\\\/\\\/www.eldigitaldeasturias.com\\\/noticias\\\/author\\\/admin\\\/#author\"},\"creator\":{\"@id\":\"https:\\\/\\\/www.eldigitaldeasturias.com\\\/noticias\\\/author\\\/admin\\\/#author\"},\"image\":{\"@type\":\"ImageObject\",\"url\":950776,\"@id\":\"https:\\\/\\\/www.eldigitaldeasturias.com\\\/noticias\\\/aragon-batira-este-ano-un-nuevo-record-en-visitas-turisticas-y-pernoctaciones\\\/#mainImage\"},\"primaryImageOfPage\":{\"@id\":\"https:\\\/\\\/www.eldigitaldeasturias.com\\\/noticias\\\/aragon-batira-este-ano-un-nuevo-record-en-visitas-turisticas-y-pernoctaciones\\\/#mainImage\"},\"datePublished\":\"2017-08-24T22:36:15+02:00\",\"dateModified\":\"2017-08-24T22:36:15+02:00\"},{\"@type\":\"WebSite\",\"@id\":\"https:\\\/\\\/www.eldigitaldeasturias.com\\\/noticias\\\/#website\",\"url\":\"https:\\\/\\\/www.eldigitaldeasturias.com\\\/noticias\\\/\",\"name\":\"El Digital de Asturias - Diario de actualidad y noticias\",\"alternateName\":\"El Digital de Asturias - Diario de actualidad y noticias\",\"description\":\"Hemeroteca\",\"inLanguage\":\"es-ES\",\"publisher\":{\"@id\":\"https:\\\/\\\/www.eldigitaldeasturias.com\\\/noticias\\\/#organization\"}}]}\n\t\t<\/script>\n\t\t<!-- All in One SEO Pro -->\r\n\t\t<title>Arag\u00f3n batir\u00e1 este a\u00f1o un nuevo r\u00e9cord en visitas tur\u00edsticas y pernoctaciones - El Digital de Asturias<\/title>\n\n","aioseo_head_json":{"title":"Arag\u00f3n batir\u00e1 este a\u00f1o un nuevo r\u00e9cord en visitas tur\u00edsticas y pernoctaciones - El Digital de Asturias","description":"El Presidente de Arag\u00f3n, Javier Lamb\u00e1n, acompa\u00f1ado de la consejera de Educaci\u00f3n, Cultura y Deporte, Mayte P\u00e9rez, ha visitado la catedral de Roda de Is\u00e1bena, en cuyo interior el Gobierno de Arag\u00f3n invierte cerca de 138.000 euros para recuperar las arquer\u00edas de los lados este y oeste del claustro de este edificio, continuando los trabajos","canonical_url":"https:\/\/www.eldigitaldeasturias.com\/noticias\/aragon-batira-este-ano-un-nuevo-record-en-visitas-turisticas-y-pernoctaciones\/","robots":"max-image-preview:large","keywords":"actualidad","webmasterTools":{"google-site-verification":"UA-38556648-1","msvalidate.01":"7dfe9f3f1b24437ab69f4f2559babe99","miscellaneous":""},"schema":{"@context":"https:\/\/schema.org","@graph":[{"@type":"BlogPosting","@id":"https:\/\/www.eldigitaldeasturias.com\/noticias\/aragon-batira-este-ano-un-nuevo-record-en-visitas-turisticas-y-pernoctaciones\/#blogposting","name":"Arag\u00f3n batir\u00e1 este a\u00f1o un nuevo r\u00e9cord en visitas tur\u00edsticas y pernoctaciones - El Digital de Asturias","headline":"Arag\u00f3n batir\u00e1 este a\u00f1o un nuevo r\u00e9cord en visitas tur\u00edsticas y pernoctaciones","author":{"@id":"https:\/\/www.eldigitaldeasturias.com\/noticias\/author\/admin\/#author"},"publisher":{"@id":"https:\/\/www.eldigitaldeasturias.com\/noticias\/#organization"},"image":{"@type":"ImageObject","url":950776},"datePublished":"2017-08-24T22:36:15+02:00","dateModified":"2017-08-24T22:36:15+02:00","inLanguage":"es-ES","mainEntityOfPage":{"@id":"https:\/\/www.eldigitaldeasturias.com\/noticias\/aragon-batira-este-ano-un-nuevo-record-en-visitas-turisticas-y-pernoctaciones\/#webpage"},"isPartOf":{"@id":"https:\/\/www.eldigitaldeasturias.com\/noticias\/aragon-batira-este-ano-un-nuevo-record-en-visitas-turisticas-y-pernoctaciones\/#webpage"},"articleSection":"Actualidad"},{"@type":"BreadcrumbList","@id":"https:\/\/www.eldigitaldeasturias.com\/noticias\/aragon-batira-este-ano-un-nuevo-record-en-visitas-turisticas-y-pernoctaciones\/#breadcrumblist","itemListElement":[{"@type":"ListItem","@id":"https:\/\/www.eldigitaldeasturias.com\/noticias#listItem","position":1,"name":"Home","item":"https:\/\/www.eldigitaldeasturias.com\/noticias","nextItem":{"@type":"ListItem","@id":"https:\/\/www.eldigitaldeasturias.com\/noticias\/category\/actualidad\/#listItem","name":"Actualidad"}},{"@type":"ListItem","@id":"https:\/\/www.eldigitaldeasturias.com\/noticias\/category\/actualidad\/#listItem","position":2,"name":"Actualidad","item":"https:\/\/www.eldigitaldeasturias.com\/noticias\/category\/actualidad\/","nextItem":{"@type":"ListItem","@id":"https:\/\/www.eldigitaldeasturias.com\/noticias\/aragon-batira-este-ano-un-nuevo-record-en-visitas-turisticas-y-pernoctaciones\/#listItem","name":"Arag\u00f3n batir\u00e1 este a\u00f1o un nuevo r\u00e9cord en visitas tur\u00edsticas y pernoctaciones"},"previousItem":{"@type":"ListItem","@id":"https:\/\/www.eldigitaldeasturias.com\/noticias#listItem","name":"Home"}},{"@type":"ListItem","@id":"https:\/\/www.eldigitaldeasturias.com\/noticias\/aragon-batira-este-ano-un-nuevo-record-en-visitas-turisticas-y-pernoctaciones\/#listItem","position":3,"name":"Arag\u00f3n batir\u00e1 este a\u00f1o un nuevo r\u00e9cord en visitas tur\u00edsticas y pernoctaciones","previousItem":{"@type":"ListItem","@id":"https:\/\/www.eldigitaldeasturias.com\/noticias\/category\/actualidad\/#listItem","name":"Actualidad"}}]},{"@type":"Organization","@id":"https:\/\/www.eldigitaldeasturias.com\/noticias\/#organization","name":"El Digital de Asturias","description":"Hemeroteca","url":"https:\/\/www.eldigitaldeasturias.com\/noticias\/","email":"info@eldigitaldeasturias.com","telephone":"+34652131393","logo":{"@type":"ImageObject","url":"https:\/\/www.eldigitaldeasturias.com\/noticias\/wp-content\/uploads\/2020\/12\/EDA.jpg","@id":"https:\/\/www.eldigitaldeasturias.com\/noticias\/aragon-batira-este-ano-un-nuevo-record-en-visitas-turisticas-y-pernoctaciones\/#organizationLogo"},"image":{"@id":"https:\/\/www.eldigitaldeasturias.com\/noticias\/aragon-batira-este-ano-un-nuevo-record-en-visitas-turisticas-y-pernoctaciones\/#organizationLogo"},"sameAs":["https:\/\/facebook.com\/eldigitaldeasturias","https:\/\/www.youtube.com\/channel\/UCZP-2wLEB9Rv6erhFmqVnvg"],"address":{"@id":"https:\/\/www.eldigitaldeasturias.com\/noticias\/#postaladdress","@type":"PostalAddress","streetAddress":"san antonio 4","postalCode":"33430","addressLocality":"Cand\u00e1s","addressRegion":"Asturias","addressCountry":"ES"}},{"@type":"Person","@id":"https:\/\/www.eldigitaldeasturias.com\/noticias\/author\/admin\/#author","url":"https:\/\/www.eldigitaldeasturias.com\/noticias\/author\/admin\/","name":"El Digital de Asturias","image":{"@type":"ImageObject","@id":"https:\/\/www.eldigitaldeasturias.com\/noticias\/aragon-batira-este-ano-un-nuevo-record-en-visitas-turisticas-y-pernoctaciones\/#authorImage","url":"https:\/\/secure.gravatar.com\/avatar\/df2aeffc32bcd13f8d26072ef8a91b623d677766deac7f97ca815868cd41bf5e?s=96&d=mm&r=g","width":96,"height":96,"caption":"El Digital de Asturias"}},{"@type":"WebPage","@id":"https:\/\/www.eldigitaldeasturias.com\/noticias\/aragon-batira-este-ano-un-nuevo-record-en-visitas-turisticas-y-pernoctaciones\/#webpage","url":"https:\/\/www.eldigitaldeasturias.com\/noticias\/aragon-batira-este-ano-un-nuevo-record-en-visitas-turisticas-y-pernoctaciones\/","name":"Arag\u00f3n batir\u00e1 este a\u00f1o un nuevo r\u00e9cord en visitas tur\u00edsticas y pernoctaciones - El Digital de Asturias","description":"El Presidente de Arag\u00f3n, Javier Lamb\u00e1n, acompa\u00f1ado de la consejera de Educaci\u00f3n, Cultura y Deporte, Mayte P\u00e9rez, ha visitado la catedral de Roda de Is\u00e1bena, en cuyo interior el Gobierno de Arag\u00f3n invierte cerca de 138.000 euros para recuperar las arquer\u00edas de los lados este y oeste del claustro de este edificio, continuando los trabajos","inLanguage":"es-ES","isPartOf":{"@id":"https:\/\/www.eldigitaldeasturias.com\/noticias\/#website"},"breadcrumb":{"@id":"https:\/\/www.eldigitaldeasturias.com\/noticias\/aragon-batira-este-ano-un-nuevo-record-en-visitas-turisticas-y-pernoctaciones\/#breadcrumblist"},"author":{"@id":"https:\/\/www.eldigitaldeasturias.com\/noticias\/author\/admin\/#author"},"creator":{"@id":"https:\/\/www.eldigitaldeasturias.com\/noticias\/author\/admin\/#author"},"image":{"@type":"ImageObject","url":950776,"@id":"https:\/\/www.eldigitaldeasturias.com\/noticias\/aragon-batira-este-ano-un-nuevo-record-en-visitas-turisticas-y-pernoctaciones\/#mainImage"},"primaryImageOfPage":{"@id":"https:\/\/www.eldigitaldeasturias.com\/noticias\/aragon-batira-este-ano-un-nuevo-record-en-visitas-turisticas-y-pernoctaciones\/#mainImage"},"datePublished":"2017-08-24T22:36:15+02:00","dateModified":"2017-08-24T22:36:15+02:00"},{"@type":"WebSite","@id":"https:\/\/www.eldigitaldeasturias.com\/noticias\/#website","url":"https:\/\/www.eldigitaldeasturias.com\/noticias\/","name":"El Digital de Asturias - Diario de actualidad y noticias","alternateName":"El Digital de Asturias - Diario de actualidad y noticias","description":"Hemeroteca","inLanguage":"es-ES","publisher":{"@id":"https:\/\/www.eldigitaldeasturias.com\/noticias\/#organization"}}]},"og:locale":"es_ES","og:site_name":"El Digital de Asturias","og:type":"article","og:title":"Arag\u00f3n batir\u00e1 este a\u00f1o un nuevo r\u00e9cord en visitas tur\u00edsticas y pernoctaciones - El Digital de Asturias","og:description":"El Presidente de Arag\u00f3n, Javier Lamb\u00e1n, acompa\u00f1ado de la consejera de Educaci\u00f3n, Cultura y Deporte, Mayte P\u00e9rez, ha visitado la catedral de Roda de Is\u00e1bena, en cuyo interior el Gobierno de Arag\u00f3n invierte cerca de 138.000 euros para recuperar las arquer\u00edas de los lados este y oeste del claustro de este edificio, continuando los trabajos","og:url":"https:\/\/www.eldigitaldeasturias.com\/noticias\/aragon-batira-este-ano-un-nuevo-record-en-visitas-turisticas-y-pernoctaciones\/","article:tag":["actualidad"],"article:published_time":"2017-08-24T22:36:15+00:00","article:modified_time":"2017-08-24T22:36:15+00:00","article:publisher":"https:\/\/facebook.com\/eldigitaldeasturias","twitter:card":"summary_large_image","twitter:title":"Arag\u00f3n batir\u00e1 este a\u00f1o un nuevo r\u00e9cord en visitas tur\u00edsticas y pernoctaciones - El Digital de Asturias","twitter:description":"El Presidente de Arag\u00f3n, Javier Lamb\u00e1n, acompa\u00f1ado de la consejera de Educaci\u00f3n, Cultura y Deporte, Mayte P\u00e9rez, ha visitado la catedral de Roda de Is\u00e1bena, en cuyo interior el Gobierno de Arag\u00f3n invierte cerca de 138.000 euros para recuperar las arquer\u00edas de los lados este y oeste del claustro de este edificio, continuando los trabajos","twitter:image":"https:\/\/www.eldigitaldeasturias.com\/noticias\/wp-content\/uploads\/2020\/12\/EDA-1.jpg","twitter:label1":"Escrito por","twitter:data1":"El Digital de Asturias","twitter:label2":"Tiempo de lectura estimado","twitter:data2":"6 minutos"},"aioseo_meta_data":{"post_id":"950775","title":null,"description":null,"keywords":null,"keyphrases":null,"primary_term":null,"canonical_url":null,"og_title":null,"og_description":null,"og_object_type":"default","og_image_type":"default","og_image_url":null,"og_image_width":null,"og_image_height":null,"og_image_custom_url":null,"og_image_custom_fields":null,"og_video":null,"og_custom_url":null,"og_article_section":null,"og_article_tags":null,"twitter_use_og":false,"twitter_card":"default","twitter_image_type":"default","twitter_image_url":null,"twitter_image_custom_url":null,"twitter_image_custom_fields":null,"twitter_title":null,"twitter_description":null,"schema":{"blockGraphs":[],"customGraphs":[],"default":{"data":{"Article":[],"Course":[],"Dataset":[],"FAQPage":[],"Movie":[],"Person":[],"Product":[],"ProductReview":[],"Car":[],"Recipe":[],"Service":[],"SoftwareApplication":[],"WebPage":[]},"graphName":"","isEnabled":true},"graphs":[],"defaultGraph":"","defaultPostTypeGraph":""},"schema_type":null,"schema_type_options":null,"pillar_content":false,"robots_default":true,"robots_noindex":false,"robots_noarchive":false,"robots_nosnippet":false,"robots_nofollow":false,"robots_noimageindex":false,"robots_noodp":false,"robots_notranslate":false,"robots_max_snippet":null,"robots_max_videopreview":null,"robots_max_imagepreview":"large","priority":null,"frequency":null,"local_seo":null,"seo_analyzer_scan_date":"2025-12-05 17:01:13","breadcrumb_settings":null,"limit_modified_date":false,"open_ai":null,"ai":null,"created":"2020-12-21 12:58:34","updated":"2025-12-05 17:01:13","focus_keyword":null,"additional_keywords":null,"truseo_locale":null},"aioseo_breadcrumb":"<div class=\"aioseo-breadcrumbs\"><span class=\"aioseo-breadcrumb\">\n\t<a href=\"https:\/\/www.eldigitaldeasturias.com\/noticias\" title=\"Home\">Home<\/a>\n<\/span><span class=\"aioseo-breadcrumb-separator\">\u2013<\/span><span class=\"aioseo-breadcrumb\">\n\t<a href=\"https:\/\/www.eldigitaldeasturias.com\/noticias\/category\/actualidad\/\" title=\"Actualidad\">Actualidad<\/a>\n<\/span><span class=\"aioseo-breadcrumb-separator\">\u2013<\/span><span class=\"aioseo-breadcrumb\">\n\t<a href=\"https:\/\/www.eldigitaldeasturias.com\/noticias\/aragon-batira-este-ano-un-nuevo-record-en-visitas-turisticas-y-pernoctaciones\/\" title=\"Arag\u00f3n batir\u00e1 este a\u00f1o un nuevo r\u00e9cord en visitas tur\u00edsticas y pernoctaciones\">Arag\u00f3n batir\u00e1 este a\u00f1o un nuevo r\u00e9cord en visitas tur\u00edsticas y pernoctaciones<\/a>\n<\/span><\/div>","aioseo_breadcrumb_json":[{"label":"Home","link":"https:\/\/www.eldigitaldeasturias.com\/noticias"},{"label":"Actualidad","link":"https:\/\/www.eldigitaldeasturias.com\/noticias\/category\/actualidad\/"},{"label":"Arag\u00f3n batir\u00e1 este a\u00f1o un nuevo r\u00e9cord en visitas tur\u00edsticas y pernoctaciones","link":"https:\/\/www.eldigitaldeasturias.com\/noticias\/aragon-batira-este-ano-un-nuevo-record-en-visitas-turisticas-y-pernoctaciones\/"}],"_links":{"self":[{"href":"https:\/\/www.eldigitaldeasturias.com\/noticias\/wp-json\/wp\/v2\/posts\/950775","targetHints":{"allow":["GET"]}}],"collection":[{"href":"https:\/\/www.eldigitaldeasturias.com\/noticias\/wp-json\/wp\/v2\/posts"}],"about":[{"href":"https:\/\/www.eldigitaldeasturias.com\/noticias\/wp-json\/wp\/v2\/types\/post"}],"author":[{"embeddable":true,"href":"https:\/\/www.eldigitaldeasturias.com\/noticias\/wp-json\/wp\/v2\/users\/1"}],"replies":[{"embeddable":true,"href":"https:\/\/www.eldigitaldeasturias.com\/noticias\/wp-json\/wp\/v2\/comments?post=950775"}],"version-history":[{"count":0,"href":"https:\/\/www.eldigitaldeasturias.com\/noticias\/wp-json\/wp\/v2\/posts\/950775\/revisions"}],"wp:attachment":[{"href":"https:\/\/www.eldigitaldeasturias.com\/noticias\/wp-json\/wp\/v2\/media?parent=950775"}],"wp:term":[{"taxonomy":"category","embeddable":true,"href":"https:\/\/www.eldigitaldeasturias.com\/noticias\/wp-json\/wp\/v2\/categories?post=950775"},{"taxonomy":"post_tag","embeddable":true,"href":"https:\/\/www.eldigitaldeasturias.com\/noticias\/wp-json\/wp\/v2\/tags?post=950775"}],"curies":[{"name":"wp","href":"https:\/\/api.w.org\/{rel}","templated":true}]}}