{"id":950665,"date":"2017-08-23T18:55:38","date_gmt":"2017-08-23T18:55:38","guid":{"rendered":"http:\/\/www.eldigitaldeasturias.com\/noticias\/?p=950665"},"modified":"2017-08-23T18:55:38","modified_gmt":"2017-08-23T18:55:38","slug":"la-ue-debate-manana-sobre-la-ampliacion-del-cupo-de-retirada-de-fruta-para-espana","status":"publish","type":"post","link":"https:\/\/www.eldigitaldeasturias.com\/noticias\/la-ue-debate-manana-sobre-la-ampliacion-del-cupo-de-retirada-de-fruta-para-espana\/","title":{"rendered":"La UE debate ma\u00f1ana sobre la ampliaci\u00f3n del cupo de retirada de fruta para Espa\u00f1a"},"content":{"rendered":"<p><img loading=\"lazy\" decoding=\"async\" class=\"alignleft size-medium wp-image-950666\" src=\"https:\/\/www.eldigitaldeasturias.com\/noticias\/wp-content\/uploads\/2017\/08\/20170823_112921-360x159.jpg\" alt=\"\" width=\"360\" height=\"159\" \/>El consejero de Desarrollo Rural y Sostenibilidad ha llevado hoy una buena noticia a los fruticultores del Bajo Cinca: ma\u00f1ana, en la reuni\u00f3n prevista de la Organizaci\u00f3n Com\u00fan del Mercado (OCM) de la Uni\u00f3n Europea se va a debatir la ampliaci\u00f3n del cupo de retirada de fruta solicitada por Espa\u00f1a d\u00edas atr\u00e1s como medida para paliar la cris de mercado por la que atraviesa el sector.<\/p>\n<p>Con todo, Olona ha advertido que no hay garant\u00edas de que la decisi\u00f3n sea positiva, pero se ha mostrado satisfecho por el hecho de que la cuesti\u00f3n haya entrado en la agenda de la OCM, algo que no era f\u00e1cil y que se ha conseguido, seg\u00fan ha dicho, gracias a la presi\u00f3n de los agricultores, de los gobiernos de Arag\u00f3n y Catalu\u00f1a y del Mapama (Ministerio de Agricultura y Pesca, Alimentaci\u00f3n y Medio Ambiente). \u201cAhora hace falta que las autoridades correspondientes sean receptivas, los argumentos y las motivaciones existen y se los hemos hecho llegar\u201d, ha se\u00f1alado.<\/p>\n<p>El titular de Desarrollo Rural se ha reunido, invitado por el alcalde de Fraga, Miguel Luis Lape\u00f1a, con una representaci\u00f3n de los fruticultores, con quienes se ha comprometido tambi\u00e9n a intentar sacar adelante, independientemente de la decisi\u00f3n europea, algunas medidas complementarias, como la reducci\u00f3n de m\u00f3dulos del IRPF, el adelanto de las ayudas de los seguros agrarios, el aplazamiento de las amortizaciones correspondientes a los pr\u00e9stamos derivados del veto ruso o alguna otra posible l\u00ednea de ayuda. \u201cNo s\u00e9 lo que podremos hacer, pero dentro de la escasez de recursos en la que nos movemos, tenemos la obligaci\u00f3n de intentarlo\u201d, ha indicado<\/p>\n<p>El encuentro ha dado lugar a otro compromiso: el Departamento de Desarrollo Rural y Sostenibilidad organizar\u00e1 una jornada de estudio y examen de las organizaciones de productores de frutas y hortalizas (OP) con el fin de hacer un diagn\u00f3stico sobre su situaci\u00f3n actual y utilidad para afrontar los problemas de mercado como el que afecta en esta campa\u00f1a a los productores de fruta de hueso.<\/p>\n<p>Para el consejero, se trata de una cuesti\u00f3n estructural para la que las medidas puntuales, como la retirada de fruta, solo suponen un breve alivio, por lo que se ha mostrado partidario de abordarla desde el principio atacando el fondo del asunto: la necesidad de ocupar una posici\u00f3n m\u00e1s relevante en el mercado internacional mediante, entre otras acciones, la ordenaci\u00f3n y concentraci\u00f3n de la oferta. \u201cTenemos que mejorar, no porque se haga mal, sino porque hay que ir m\u00e1s all\u00e1, los aspectos comerciales\u201d, ha animado.<\/p>\n<p>Para ello, considera que las OP son instrumentos v\u00e1lidos, pero que es necesario utilizarlas con mayor profusi\u00f3n (solo el 50% de la producci\u00f3n aragonesa de fruta est\u00e1 controlada por estas organizaciones) y con un sentido m\u00e1s comercial que inversor, puesto que fueron creadas por la Uni\u00f3n Europea fundamentalmente como herramienta de mercado y no tanto para mejorar la productividad.<\/p>\n<p>\u201cEn Arag\u00f3n todos sabemos que tenemos una producci\u00f3n agroalimentaria que hemos de destinar a los mercados mundiales\u201d, ha se\u00f1alado, al tiempo que ha recordado que su departamento ya lleva a cabo acciones en esta direcci\u00f3n, como la participaci\u00f3n anual en las dos ferias de referencia del sector espa\u00f1ol, Fruit Log\u00edstica, en Berl\u00edn, y Fruit Attraction, en Madrid.<\/p>\n<p>Joaqu\u00edn Olona ha animado a los productores a participar en mayor n\u00famero y m\u00e1s activamente en estos cert\u00e1menes y ha dejado la puerta abierta, asimismo, a un plan de promoci\u00f3n espec\u00edfico para el sector, pues, seg\u00fan ha indicado, \u201cla promoci\u00f3n, junto con la ordenaci\u00f3n y la concentraci\u00f3n de la oferta ha de ser una palanca determinante para no caer en crisis de mercado como la actual\u201d.<\/p>\n<p>En la reuni\u00f3n ha recordado a los asistentes que la fruta compite directamente con los productos l\u00e1cteos en la dieta de los consumidores y que la presi\u00f3n publicitaria de estos \u00faltimos es mucho mayor, raz\u00f3n por la que \u201cel sector debe abordar decididamente el dise\u00f1o y ejecuci\u00f3n de planes de promoci\u00f3n adecuados a sus necesidades\u201d. \u201cTambi\u00e9n ha de preguntarse, de forma cr\u00edtica, si todo lo que hace sirve para satisfacer los deseos y las necesidades de los consumidores\u201d, ha a\u00f1adido.<\/p>\n<p><strong>Precios justos\u2026 o no<\/strong><\/p>\n<p>En el encuentro, los productores han planteado tambi\u00e9n cuestiones como la limitaci\u00f3n de las nuevas plantaciones, su posici\u00f3n en la cadena alimentaria o la necesidad de recibir un precio justo por sus producciones.<\/p>\n<p>Sobre este \u00faltimo aspecto, Olona ha indicado que el mercado a veces paga precios justos y a veces no, pero que nunca los garantizar\u00e1. \u201cNunca lo ha hecho y nunca lo har\u00e1\u201d, ha se\u00f1alado, para a\u00f1adir a continuaci\u00f3n que, adem\u00e1s, la Administraci\u00f3n tampoco puede intervenir en el mercado para fijar unos precios m\u00ednimos. Se trata, por lo tanto, de una situaci\u00f3n con la que hay que convivir y que solo tiene soluci\u00f3n mediante la compensaci\u00f3n de la renta cuando el consumo no retribuya suficientemente el trabajo de los agricultores y ganaderos y el valor de sus producciones.<\/p>\n<p>Para eso est\u00e1n las ayudas de la PAC (Pol\u00edtica Agraria Com\u00fan), seg\u00fan Olona, donde s\u00ed hay margen para la intervenci\u00f3n p\u00fablica. En este sentido, el consejero ha dicho que la PAC es manifiestamente mejorable y que con una reforma adecuada de la misma las subvenciones que reciben los profesionales de la agricultura ser\u00edan m\u00e1s eficaces y compensar\u00edan adecuadamente las p\u00e9rdidas provocadas por crisis como la actual de la fruta dulce. \u201cNo podemos intervenir en los mercados, pero podemos mejorar mucho la intervenci\u00f3n que hacemos en la actividad agraria a trav\u00e9s de la PAC, pues esa es precisamente la funci\u00f3n de la pol\u00edtica agraria europea: compensar lo que los precios no satisfacen\u201d, ha resumido.<\/p>\n<p>Algo as\u00ed ser\u00eda especialmente relevante para los fruticultores, que en la actualidad est\u00e1n excluidos de las ayudas directas de la PAC.<\/p>\n<p>Con respecto a la limitaci\u00f3n de plantaciones, al margen de las dificultades de car\u00e1cter jur\u00eddico que una medida as\u00ed tendr\u00eda, en opini\u00f3n del consejero generar\u00eda m\u00e1s problemas que soluciones, y, entre ellos, quiz\u00e1 el surgimiento de un mercado especulativo de derechos de plantaci\u00f3n.<\/p>\n<p>Finalmente, en referencia a la cadena alimentaria, se ha mostrado partidario de analizar de forma objetiva los m\u00e1rgenes reales que se producen en cada uno de los eslabones de la cadena de valor. \u201cTras la diferencia entre el precio en origen y el precio de venta al p\u00fablico no siempre hay un comportamiento inmoral y tenemos que estar muy seguros de que es as\u00ed antes de denunciarlo\u201d, ha se\u00f1alado.<\/p>\n<p>&nbsp;<\/p>\n","protected":false},"excerpt":{"rendered":"<p>El consejero de Desarrollo Rural y Sostenibilidad ha llevado hoy una buena noticia a los fruticultores del Bajo Cinca: ma\u00f1ana, en la reuni\u00f3n prevista de la Organizaci\u00f3n Com\u00fan del Mercado (OCM) de la Uni\u00f3n Europea se va a debatir la ampliaci\u00f3n del cupo de retirada de fruta solicitada por Espa\u00f1a d\u00edas atr\u00e1s como medida para [&hellip;]<\/p>\n","protected":false},"author":1,"featured_media":950666,"comment_status":"closed","ping_status":"closed","sticky":false,"template":"","format":"standard","meta":{"footnotes":""},"categories":[1],"tags":[],"class_list":["post-950665","post","type-post","status-publish","format-standard","has-post-thumbnail","hentry","category-actualidad"],"aioseo_notices":[],"aioseo_head":"\n\t\t<!-- All in One SEO Pro 5.0.1 - aioseo.com -->\n\t<meta name=\"description\" content=\"El consejero de Desarrollo Rural y Sostenibilidad ha llevado hoy una buena noticia a los fruticultores del Bajo Cinca: ma\u00f1ana, en la reuni\u00f3n prevista de la Organizaci\u00f3n Com\u00fan del Mercado (OCM) de la Uni\u00f3n Europea se va a debatir la ampliaci\u00f3n del cupo de retirada de fruta solicitada por Espa\u00f1a d\u00edas atr\u00e1s como medida para\" \/>\n\t<meta name=\"robots\" content=\"max-image-preview:large\" \/>\n\t<meta name=\"author\" content=\"El Digital de Asturias\"\/>\n\t<meta name=\"google-site-verification\" content=\"UA-38556648-1\" \/>\n\t<meta name=\"msvalidate.01\" content=\"7dfe9f3f1b24437ab69f4f2559babe99\" \/>\n\t<meta name=\"keywords\" content=\"actualidad\" \/>\n\t<link rel=\"canonical\" href=\"https:\/\/www.eldigitaldeasturias.com\/noticias\/la-ue-debate-manana-sobre-la-ampliacion-del-cupo-de-retirada-de-fruta-para-espana\/\" \/>\n\t<meta name=\"generator\" content=\"All in One SEO Pro (AIOSEO) 5.0.1\" \/>\n\t\t<meta property=\"og:locale\" content=\"es_ES\" \/>\n\t\t<meta property=\"og:site_name\" content=\"El Digital de Asturias\" \/>\n\t\t<meta property=\"og:type\" content=\"article\" \/>\n\t\t<meta property=\"og:title\" content=\"La UE debate ma\u00f1ana sobre la ampliaci\u00f3n del cupo de retirada de fruta para Espa\u00f1a - El Digital de Asturias\" \/>\n\t\t<meta property=\"og:description\" content=\"El consejero de Desarrollo Rural y Sostenibilidad ha llevado hoy una buena noticia a los fruticultores del Bajo Cinca: ma\u00f1ana, en la reuni\u00f3n prevista de la Organizaci\u00f3n Com\u00fan del Mercado (OCM) de la Uni\u00f3n Europea se va a debatir la ampliaci\u00f3n del cupo de retirada de fruta solicitada por Espa\u00f1a d\u00edas atr\u00e1s como medida para\" \/>\n\t\t<meta property=\"og:url\" content=\"https:\/\/www.eldigitaldeasturias.com\/noticias\/la-ue-debate-manana-sobre-la-ampliacion-del-cupo-de-retirada-de-fruta-para-espana\/\" \/>\n\t\t<meta property=\"article:tag\" content=\"actualidad\" \/>\n\t\t<meta property=\"article:published_time\" content=\"2017-08-23T18:55:38+00:00\" \/>\n\t\t<meta property=\"article:modified_time\" content=\"2017-08-23T18:55:38+00:00\" \/>\n\t\t<meta property=\"article:publisher\" content=\"https:\/\/facebook.com\/eldigitaldeasturias\" \/>\n\t\t<meta name=\"twitter:card\" content=\"summary_large_image\" \/>\n\t\t<meta name=\"twitter:title\" content=\"La UE debate ma\u00f1ana sobre la ampliaci\u00f3n del cupo de retirada de fruta para Espa\u00f1a - El Digital de Asturias\" \/>\n\t\t<meta name=\"twitter:description\" content=\"El consejero de Desarrollo Rural y Sostenibilidad ha llevado hoy una buena noticia a los fruticultores del Bajo Cinca: ma\u00f1ana, en la reuni\u00f3n prevista de la Organizaci\u00f3n Com\u00fan del Mercado (OCM) de la Uni\u00f3n Europea se va a debatir la ampliaci\u00f3n del cupo de retirada de fruta solicitada por Espa\u00f1a d\u00edas atr\u00e1s como medida para\" \/>\n\t\t<meta name=\"twitter:image\" content=\"https:\/\/www.eldigitaldeasturias.com\/noticias\/wp-content\/uploads\/2020\/12\/EDA-1.jpg\" \/>\n\t\t<meta name=\"twitter:label1\" content=\"Escrito por\" \/>\n\t\t<meta name=\"twitter:data1\" content=\"El Digital de Asturias\" \/>\n\t\t<meta name=\"twitter:label2\" content=\"Tiempo de lectura estimado\" \/>\n\t\t<meta name=\"twitter:data2\" content=\"6 minutos\" \/>\n\t\t<script type=\"application\/ld+json\" class=\"aioseo-schema\">\n\t\t\t{\"@context\":\"https:\\\/\\\/schema.org\",\"@graph\":[{\"@type\":\"BlogPosting\",\"@id\":\"https:\\\/\\\/www.eldigitaldeasturias.com\\\/noticias\\\/la-ue-debate-manana-sobre-la-ampliacion-del-cupo-de-retirada-de-fruta-para-espana\\\/#blogposting\",\"name\":\"La UE debate ma\\u00f1ana sobre la ampliaci\\u00f3n del cupo de retirada de fruta para Espa\\u00f1a - El Digital de Asturias\",\"headline\":\"La UE debate ma\\u00f1ana sobre la ampliaci\\u00f3n del cupo de retirada de fruta para Espa\\u00f1a\",\"author\":{\"@id\":\"https:\\\/\\\/www.eldigitaldeasturias.com\\\/noticias\\\/author\\\/admin\\\/#author\"},\"publisher\":{\"@id\":\"https:\\\/\\\/www.eldigitaldeasturias.com\\\/noticias\\\/#organization\"},\"image\":{\"@type\":\"ImageObject\",\"url\":950666},\"datePublished\":\"2017-08-23T18:55:38+02:00\",\"dateModified\":\"2017-08-23T18:55:38+02:00\",\"inLanguage\":\"es-ES\",\"mainEntityOfPage\":{\"@id\":\"https:\\\/\\\/www.eldigitaldeasturias.com\\\/noticias\\\/la-ue-debate-manana-sobre-la-ampliacion-del-cupo-de-retirada-de-fruta-para-espana\\\/#webpage\"},\"isPartOf\":{\"@id\":\"https:\\\/\\\/www.eldigitaldeasturias.com\\\/noticias\\\/la-ue-debate-manana-sobre-la-ampliacion-del-cupo-de-retirada-de-fruta-para-espana\\\/#webpage\"},\"articleSection\":\"Actualidad\"},{\"@type\":\"BreadcrumbList\",\"@id\":\"https:\\\/\\\/www.eldigitaldeasturias.com\\\/noticias\\\/la-ue-debate-manana-sobre-la-ampliacion-del-cupo-de-retirada-de-fruta-para-espana\\\/#breadcrumblist\",\"itemListElement\":[{\"@type\":\"ListItem\",\"@id\":\"https:\\\/\\\/www.eldigitaldeasturias.com\\\/noticias#listItem\",\"position\":1,\"name\":\"Home\",\"item\":\"https:\\\/\\\/www.eldigitaldeasturias.com\\\/noticias\",\"nextItem\":{\"@type\":\"ListItem\",\"@id\":\"https:\\\/\\\/www.eldigitaldeasturias.com\\\/noticias\\\/category\\\/actualidad\\\/#listItem\",\"name\":\"Actualidad\"}},{\"@type\":\"ListItem\",\"@id\":\"https:\\\/\\\/www.eldigitaldeasturias.com\\\/noticias\\\/category\\\/actualidad\\\/#listItem\",\"position\":2,\"name\":\"Actualidad\",\"item\":\"https:\\\/\\\/www.eldigitaldeasturias.com\\\/noticias\\\/category\\\/actualidad\\\/\",\"nextItem\":{\"@type\":\"ListItem\",\"@id\":\"https:\\\/\\\/www.eldigitaldeasturias.com\\\/noticias\\\/la-ue-debate-manana-sobre-la-ampliacion-del-cupo-de-retirada-de-fruta-para-espana\\\/#listItem\",\"name\":\"La UE debate ma\\u00f1ana sobre la ampliaci\\u00f3n del cupo de retirada de fruta para Espa\\u00f1a\"},\"previousItem\":{\"@type\":\"ListItem\",\"@id\":\"https:\\\/\\\/www.eldigitaldeasturias.com\\\/noticias#listItem\",\"name\":\"Home\"}},{\"@type\":\"ListItem\",\"@id\":\"https:\\\/\\\/www.eldigitaldeasturias.com\\\/noticias\\\/la-ue-debate-manana-sobre-la-ampliacion-del-cupo-de-retirada-de-fruta-para-espana\\\/#listItem\",\"position\":3,\"name\":\"La UE debate ma\\u00f1ana sobre la ampliaci\\u00f3n del cupo de retirada de fruta para Espa\\u00f1a\",\"previousItem\":{\"@type\":\"ListItem\",\"@id\":\"https:\\\/\\\/www.eldigitaldeasturias.com\\\/noticias\\\/category\\\/actualidad\\\/#listItem\",\"name\":\"Actualidad\"}}]},{\"@type\":\"Organization\",\"@id\":\"https:\\\/\\\/www.eldigitaldeasturias.com\\\/noticias\\\/#organization\",\"name\":\"El Digital de Asturias\",\"description\":\"Hemeroteca\",\"url\":\"https:\\\/\\\/www.eldigitaldeasturias.com\\\/noticias\\\/\",\"email\":\"info@eldigitaldeasturias.com\",\"telephone\":\"+34652131393\",\"logo\":{\"@type\":\"ImageObject\",\"url\":\"https:\\\/\\\/www.eldigitaldeasturias.com\\\/noticias\\\/wp-content\\\/uploads\\\/2020\\\/12\\\/EDA.jpg\",\"@id\":\"https:\\\/\\\/www.eldigitaldeasturias.com\\\/noticias\\\/la-ue-debate-manana-sobre-la-ampliacion-del-cupo-de-retirada-de-fruta-para-espana\\\/#organizationLogo\"},\"image\":{\"@id\":\"https:\\\/\\\/www.eldigitaldeasturias.com\\\/noticias\\\/la-ue-debate-manana-sobre-la-ampliacion-del-cupo-de-retirada-de-fruta-para-espana\\\/#organizationLogo\"},\"sameAs\":[\"https:\\\/\\\/facebook.com\\\/eldigitaldeasturias\",\"https:\\\/\\\/www.youtube.com\\\/channel\\\/UCZP-2wLEB9Rv6erhFmqVnvg\"],\"address\":{\"@id\":\"https:\\\/\\\/www.eldigitaldeasturias.com\\\/noticias\\\/#postaladdress\",\"@type\":\"PostalAddress\",\"streetAddress\":\"san antonio 4\",\"postalCode\":\"33430\",\"addressLocality\":\"Cand\\u00e1s\",\"addressRegion\":\"Asturias\",\"addressCountry\":\"ES\"}},{\"@type\":\"Person\",\"@id\":\"https:\\\/\\\/www.eldigitaldeasturias.com\\\/noticias\\\/author\\\/admin\\\/#author\",\"url\":\"https:\\\/\\\/www.eldigitaldeasturias.com\\\/noticias\\\/author\\\/admin\\\/\",\"name\":\"El Digital de Asturias\",\"image\":{\"@type\":\"ImageObject\",\"@id\":\"https:\\\/\\\/www.eldigitaldeasturias.com\\\/noticias\\\/la-ue-debate-manana-sobre-la-ampliacion-del-cupo-de-retirada-de-fruta-para-espana\\\/#authorImage\",\"url\":\"https:\\\/\\\/secure.gravatar.com\\\/avatar\\\/df2aeffc32bcd13f8d26072ef8a91b623d677766deac7f97ca815868cd41bf5e?s=96&d=mm&r=g\",\"width\":96,\"height\":96,\"caption\":\"El Digital de Asturias\"}},{\"@type\":\"WebPage\",\"@id\":\"https:\\\/\\\/www.eldigitaldeasturias.com\\\/noticias\\\/la-ue-debate-manana-sobre-la-ampliacion-del-cupo-de-retirada-de-fruta-para-espana\\\/#webpage\",\"url\":\"https:\\\/\\\/www.eldigitaldeasturias.com\\\/noticias\\\/la-ue-debate-manana-sobre-la-ampliacion-del-cupo-de-retirada-de-fruta-para-espana\\\/\",\"name\":\"La UE debate ma\\u00f1ana sobre la ampliaci\\u00f3n del cupo de retirada de fruta para Espa\\u00f1a - El Digital de Asturias\",\"description\":\"El consejero de Desarrollo Rural y Sostenibilidad ha llevado hoy una buena noticia a los fruticultores del Bajo Cinca: ma\\u00f1ana, en la reuni\\u00f3n prevista de la Organizaci\\u00f3n Com\\u00fan del Mercado (OCM) de la Uni\\u00f3n Europea se va a debatir la ampliaci\\u00f3n del cupo de retirada de fruta solicitada por Espa\\u00f1a d\\u00edas atr\\u00e1s como medida para\",\"inLanguage\":\"es-ES\",\"isPartOf\":{\"@id\":\"https:\\\/\\\/www.eldigitaldeasturias.com\\\/noticias\\\/#website\"},\"breadcrumb\":{\"@id\":\"https:\\\/\\\/www.eldigitaldeasturias.com\\\/noticias\\\/la-ue-debate-manana-sobre-la-ampliacion-del-cupo-de-retirada-de-fruta-para-espana\\\/#breadcrumblist\"},\"author\":{\"@id\":\"https:\\\/\\\/www.eldigitaldeasturias.com\\\/noticias\\\/author\\\/admin\\\/#author\"},\"creator\":{\"@id\":\"https:\\\/\\\/www.eldigitaldeasturias.com\\\/noticias\\\/author\\\/admin\\\/#author\"},\"image\":{\"@type\":\"ImageObject\",\"url\":950666,\"@id\":\"https:\\\/\\\/www.eldigitaldeasturias.com\\\/noticias\\\/la-ue-debate-manana-sobre-la-ampliacion-del-cupo-de-retirada-de-fruta-para-espana\\\/#mainImage\"},\"primaryImageOfPage\":{\"@id\":\"https:\\\/\\\/www.eldigitaldeasturias.com\\\/noticias\\\/la-ue-debate-manana-sobre-la-ampliacion-del-cupo-de-retirada-de-fruta-para-espana\\\/#mainImage\"},\"datePublished\":\"2017-08-23T18:55:38+02:00\",\"dateModified\":\"2017-08-23T18:55:38+02:00\"},{\"@type\":\"WebSite\",\"@id\":\"https:\\\/\\\/www.eldigitaldeasturias.com\\\/noticias\\\/#website\",\"url\":\"https:\\\/\\\/www.eldigitaldeasturias.com\\\/noticias\\\/\",\"name\":\"El Digital de Asturias - Diario de actualidad y noticias\",\"alternateName\":\"El Digital de Asturias - Diario de actualidad y noticias\",\"description\":\"Hemeroteca\",\"inLanguage\":\"es-ES\",\"publisher\":{\"@id\":\"https:\\\/\\\/www.eldigitaldeasturias.com\\\/noticias\\\/#organization\"}}]}\n\t\t<\/script>\n\t\t<!-- All in One SEO Pro -->\r\n\t\t<title>La UE debate ma\u00f1ana sobre la ampliaci\u00f3n del cupo de retirada de fruta para Espa\u00f1a - El Digital de Asturias<\/title>\n\n","aioseo_head_json":{"title":"La UE debate ma\u00f1ana sobre la ampliaci\u00f3n del cupo de retirada de fruta para Espa\u00f1a - El Digital de Asturias","description":"El consejero de Desarrollo Rural y Sostenibilidad ha llevado hoy una buena noticia a los fruticultores del Bajo Cinca: ma\u00f1ana, en la reuni\u00f3n prevista de la Organizaci\u00f3n Com\u00fan del Mercado (OCM) de la Uni\u00f3n Europea se va a debatir la ampliaci\u00f3n del cupo de retirada de fruta solicitada por Espa\u00f1a d\u00edas atr\u00e1s como medida para","canonical_url":"https:\/\/www.eldigitaldeasturias.com\/noticias\/la-ue-debate-manana-sobre-la-ampliacion-del-cupo-de-retirada-de-fruta-para-espana\/","robots":"max-image-preview:large","keywords":"actualidad","webmasterTools":{"google-site-verification":"UA-38556648-1","msvalidate.01":"7dfe9f3f1b24437ab69f4f2559babe99","miscellaneous":""},"schema":{"@context":"https:\/\/schema.org","@graph":[{"@type":"BlogPosting","@id":"https:\/\/www.eldigitaldeasturias.com\/noticias\/la-ue-debate-manana-sobre-la-ampliacion-del-cupo-de-retirada-de-fruta-para-espana\/#blogposting","name":"La UE debate ma\u00f1ana sobre la ampliaci\u00f3n del cupo de retirada de fruta para Espa\u00f1a - El Digital de Asturias","headline":"La UE debate ma\u00f1ana sobre la ampliaci\u00f3n del cupo de retirada de fruta para Espa\u00f1a","author":{"@id":"https:\/\/www.eldigitaldeasturias.com\/noticias\/author\/admin\/#author"},"publisher":{"@id":"https:\/\/www.eldigitaldeasturias.com\/noticias\/#organization"},"image":{"@type":"ImageObject","url":950666},"datePublished":"2017-08-23T18:55:38+02:00","dateModified":"2017-08-23T18:55:38+02:00","inLanguage":"es-ES","mainEntityOfPage":{"@id":"https:\/\/www.eldigitaldeasturias.com\/noticias\/la-ue-debate-manana-sobre-la-ampliacion-del-cupo-de-retirada-de-fruta-para-espana\/#webpage"},"isPartOf":{"@id":"https:\/\/www.eldigitaldeasturias.com\/noticias\/la-ue-debate-manana-sobre-la-ampliacion-del-cupo-de-retirada-de-fruta-para-espana\/#webpage"},"articleSection":"Actualidad"},{"@type":"BreadcrumbList","@id":"https:\/\/www.eldigitaldeasturias.com\/noticias\/la-ue-debate-manana-sobre-la-ampliacion-del-cupo-de-retirada-de-fruta-para-espana\/#breadcrumblist","itemListElement":[{"@type":"ListItem","@id":"https:\/\/www.eldigitaldeasturias.com\/noticias#listItem","position":1,"name":"Home","item":"https:\/\/www.eldigitaldeasturias.com\/noticias","nextItem":{"@type":"ListItem","@id":"https:\/\/www.eldigitaldeasturias.com\/noticias\/category\/actualidad\/#listItem","name":"Actualidad"}},{"@type":"ListItem","@id":"https:\/\/www.eldigitaldeasturias.com\/noticias\/category\/actualidad\/#listItem","position":2,"name":"Actualidad","item":"https:\/\/www.eldigitaldeasturias.com\/noticias\/category\/actualidad\/","nextItem":{"@type":"ListItem","@id":"https:\/\/www.eldigitaldeasturias.com\/noticias\/la-ue-debate-manana-sobre-la-ampliacion-del-cupo-de-retirada-de-fruta-para-espana\/#listItem","name":"La UE debate ma\u00f1ana sobre la ampliaci\u00f3n del cupo de retirada de fruta para Espa\u00f1a"},"previousItem":{"@type":"ListItem","@id":"https:\/\/www.eldigitaldeasturias.com\/noticias#listItem","name":"Home"}},{"@type":"ListItem","@id":"https:\/\/www.eldigitaldeasturias.com\/noticias\/la-ue-debate-manana-sobre-la-ampliacion-del-cupo-de-retirada-de-fruta-para-espana\/#listItem","position":3,"name":"La UE debate ma\u00f1ana sobre la ampliaci\u00f3n del cupo de retirada de fruta para Espa\u00f1a","previousItem":{"@type":"ListItem","@id":"https:\/\/www.eldigitaldeasturias.com\/noticias\/category\/actualidad\/#listItem","name":"Actualidad"}}]},{"@type":"Organization","@id":"https:\/\/www.eldigitaldeasturias.com\/noticias\/#organization","name":"El Digital de Asturias","description":"Hemeroteca","url":"https:\/\/www.eldigitaldeasturias.com\/noticias\/","email":"info@eldigitaldeasturias.com","telephone":"+34652131393","logo":{"@type":"ImageObject","url":"https:\/\/www.eldigitaldeasturias.com\/noticias\/wp-content\/uploads\/2020\/12\/EDA.jpg","@id":"https:\/\/www.eldigitaldeasturias.com\/noticias\/la-ue-debate-manana-sobre-la-ampliacion-del-cupo-de-retirada-de-fruta-para-espana\/#organizationLogo"},"image":{"@id":"https:\/\/www.eldigitaldeasturias.com\/noticias\/la-ue-debate-manana-sobre-la-ampliacion-del-cupo-de-retirada-de-fruta-para-espana\/#organizationLogo"},"sameAs":["https:\/\/facebook.com\/eldigitaldeasturias","https:\/\/www.youtube.com\/channel\/UCZP-2wLEB9Rv6erhFmqVnvg"],"address":{"@id":"https:\/\/www.eldigitaldeasturias.com\/noticias\/#postaladdress","@type":"PostalAddress","streetAddress":"san antonio 4","postalCode":"33430","addressLocality":"Cand\u00e1s","addressRegion":"Asturias","addressCountry":"ES"}},{"@type":"Person","@id":"https:\/\/www.eldigitaldeasturias.com\/noticias\/author\/admin\/#author","url":"https:\/\/www.eldigitaldeasturias.com\/noticias\/author\/admin\/","name":"El Digital de Asturias","image":{"@type":"ImageObject","@id":"https:\/\/www.eldigitaldeasturias.com\/noticias\/la-ue-debate-manana-sobre-la-ampliacion-del-cupo-de-retirada-de-fruta-para-espana\/#authorImage","url":"https:\/\/secure.gravatar.com\/avatar\/df2aeffc32bcd13f8d26072ef8a91b623d677766deac7f97ca815868cd41bf5e?s=96&d=mm&r=g","width":96,"height":96,"caption":"El Digital de Asturias"}},{"@type":"WebPage","@id":"https:\/\/www.eldigitaldeasturias.com\/noticias\/la-ue-debate-manana-sobre-la-ampliacion-del-cupo-de-retirada-de-fruta-para-espana\/#webpage","url":"https:\/\/www.eldigitaldeasturias.com\/noticias\/la-ue-debate-manana-sobre-la-ampliacion-del-cupo-de-retirada-de-fruta-para-espana\/","name":"La UE debate ma\u00f1ana sobre la ampliaci\u00f3n del cupo de retirada de fruta para Espa\u00f1a - El Digital de Asturias","description":"El consejero de Desarrollo Rural y Sostenibilidad ha llevado hoy una buena noticia a los fruticultores del Bajo Cinca: ma\u00f1ana, en la reuni\u00f3n prevista de la Organizaci\u00f3n Com\u00fan del Mercado (OCM) de la Uni\u00f3n Europea se va a debatir la ampliaci\u00f3n del cupo de retirada de fruta solicitada por Espa\u00f1a d\u00edas atr\u00e1s como medida para","inLanguage":"es-ES","isPartOf":{"@id":"https:\/\/www.eldigitaldeasturias.com\/noticias\/#website"},"breadcrumb":{"@id":"https:\/\/www.eldigitaldeasturias.com\/noticias\/la-ue-debate-manana-sobre-la-ampliacion-del-cupo-de-retirada-de-fruta-para-espana\/#breadcrumblist"},"author":{"@id":"https:\/\/www.eldigitaldeasturias.com\/noticias\/author\/admin\/#author"},"creator":{"@id":"https:\/\/www.eldigitaldeasturias.com\/noticias\/author\/admin\/#author"},"image":{"@type":"ImageObject","url":950666,"@id":"https:\/\/www.eldigitaldeasturias.com\/noticias\/la-ue-debate-manana-sobre-la-ampliacion-del-cupo-de-retirada-de-fruta-para-espana\/#mainImage"},"primaryImageOfPage":{"@id":"https:\/\/www.eldigitaldeasturias.com\/noticias\/la-ue-debate-manana-sobre-la-ampliacion-del-cupo-de-retirada-de-fruta-para-espana\/#mainImage"},"datePublished":"2017-08-23T18:55:38+02:00","dateModified":"2017-08-23T18:55:38+02:00"},{"@type":"WebSite","@id":"https:\/\/www.eldigitaldeasturias.com\/noticias\/#website","url":"https:\/\/www.eldigitaldeasturias.com\/noticias\/","name":"El Digital de Asturias - Diario de actualidad y noticias","alternateName":"El Digital de Asturias - Diario de actualidad y noticias","description":"Hemeroteca","inLanguage":"es-ES","publisher":{"@id":"https:\/\/www.eldigitaldeasturias.com\/noticias\/#organization"}}]},"og:locale":"es_ES","og:site_name":"El Digital de Asturias","og:type":"article","og:title":"La UE debate ma\u00f1ana sobre la ampliaci\u00f3n del cupo de retirada de fruta para Espa\u00f1a - El Digital de Asturias","og:description":"El consejero de Desarrollo Rural y Sostenibilidad ha llevado hoy una buena noticia a los fruticultores del Bajo Cinca: ma\u00f1ana, en la reuni\u00f3n prevista de la Organizaci\u00f3n Com\u00fan del Mercado (OCM) de la Uni\u00f3n Europea se va a debatir la ampliaci\u00f3n del cupo de retirada de fruta solicitada por Espa\u00f1a d\u00edas atr\u00e1s como medida para","og:url":"https:\/\/www.eldigitaldeasturias.com\/noticias\/la-ue-debate-manana-sobre-la-ampliacion-del-cupo-de-retirada-de-fruta-para-espana\/","article:tag":["actualidad"],"article:published_time":"2017-08-23T18:55:38+00:00","article:modified_time":"2017-08-23T18:55:38+00:00","article:publisher":"https:\/\/facebook.com\/eldigitaldeasturias","twitter:card":"summary_large_image","twitter:title":"La UE debate ma\u00f1ana sobre la ampliaci\u00f3n del cupo de retirada de fruta para Espa\u00f1a - El Digital de Asturias","twitter:description":"El consejero de Desarrollo Rural y Sostenibilidad ha llevado hoy una buena noticia a los fruticultores del Bajo Cinca: ma\u00f1ana, en la reuni\u00f3n prevista de la Organizaci\u00f3n Com\u00fan del Mercado (OCM) de la Uni\u00f3n Europea se va a debatir la ampliaci\u00f3n del cupo de retirada de fruta solicitada por Espa\u00f1a d\u00edas atr\u00e1s como medida para","twitter:image":"https:\/\/www.eldigitaldeasturias.com\/noticias\/wp-content\/uploads\/2020\/12\/EDA-1.jpg","twitter:label1":"Escrito por","twitter:data1":"El Digital de Asturias","twitter:label2":"Tiempo de lectura estimado","twitter:data2":"6 minutos"},"aioseo_meta_data":{"post_id":"950665","title":null,"description":null,"keywords":null,"keyphrases":null,"primary_term":null,"canonical_url":null,"og_title":null,"og_description":null,"og_object_type":"default","og_image_type":"default","og_image_url":null,"og_image_width":null,"og_image_height":null,"og_image_custom_url":null,"og_image_custom_fields":null,"og_video":null,"og_custom_url":null,"og_article_section":null,"og_article_tags":null,"twitter_use_og":false,"twitter_card":"default","twitter_image_type":"default","twitter_image_url":null,"twitter_image_custom_url":null,"twitter_image_custom_fields":null,"twitter_title":null,"twitter_description":null,"schema":{"blockGraphs":[],"customGraphs":[],"default":{"data":{"Article":[],"Course":[],"Dataset":[],"FAQPage":[],"Movie":[],"Person":[],"Product":[],"ProductReview":[],"Car":[],"Recipe":[],"Service":[],"SoftwareApplication":[],"WebPage":[]},"graphName":"","isEnabled":true},"graphs":[],"defaultGraph":"","defaultPostTypeGraph":""},"schema_type":null,"schema_type_options":null,"pillar_content":false,"robots_default":true,"robots_noindex":false,"robots_noarchive":false,"robots_nosnippet":false,"robots_nofollow":false,"robots_noimageindex":false,"robots_noodp":false,"robots_notranslate":false,"robots_max_snippet":null,"robots_max_videopreview":null,"robots_max_imagepreview":"large","priority":null,"frequency":null,"local_seo":null,"seo_analyzer_scan_date":"2025-12-05 16:36:09","breadcrumb_settings":null,"limit_modified_date":false,"open_ai":null,"ai":null,"created":"2020-12-21 12:58:35","updated":"2025-12-05 16:36:09","focus_keyword":null,"additional_keywords":null,"truseo_locale":null},"aioseo_breadcrumb":"<div class=\"aioseo-breadcrumbs\"><span class=\"aioseo-breadcrumb\">\n\t<a href=\"https:\/\/www.eldigitaldeasturias.com\/noticias\" title=\"Home\">Home<\/a>\n<\/span><span class=\"aioseo-breadcrumb-separator\">\u2013<\/span><span class=\"aioseo-breadcrumb\">\n\t<a href=\"https:\/\/www.eldigitaldeasturias.com\/noticias\/category\/actualidad\/\" title=\"Actualidad\">Actualidad<\/a>\n<\/span><span class=\"aioseo-breadcrumb-separator\">\u2013<\/span><span class=\"aioseo-breadcrumb\">\n\t<a href=\"https:\/\/www.eldigitaldeasturias.com\/noticias\/la-ue-debate-manana-sobre-la-ampliacion-del-cupo-de-retirada-de-fruta-para-espana\/\" title=\"La UE debate ma\u00f1ana sobre la ampliaci\u00f3n del cupo de retirada de fruta para Espa\u00f1a\">La UE debate ma\u00f1ana sobre la ampliaci\u00f3n del cupo de retirada de fruta para Espa\u00f1a<\/a>\n<\/span><\/div>","aioseo_breadcrumb_json":[{"label":"Home","link":"https:\/\/www.eldigitaldeasturias.com\/noticias"},{"label":"Actualidad","link":"https:\/\/www.eldigitaldeasturias.com\/noticias\/category\/actualidad\/"},{"label":"La UE debate ma\u00f1ana sobre la ampliaci\u00f3n del cupo de retirada de fruta para Espa\u00f1a","link":"https:\/\/www.eldigitaldeasturias.com\/noticias\/la-ue-debate-manana-sobre-la-ampliacion-del-cupo-de-retirada-de-fruta-para-espana\/"}],"_links":{"self":[{"href":"https:\/\/www.eldigitaldeasturias.com\/noticias\/wp-json\/wp\/v2\/posts\/950665","targetHints":{"allow":["GET"]}}],"collection":[{"href":"https:\/\/www.eldigitaldeasturias.com\/noticias\/wp-json\/wp\/v2\/posts"}],"about":[{"href":"https:\/\/www.eldigitaldeasturias.com\/noticias\/wp-json\/wp\/v2\/types\/post"}],"author":[{"embeddable":true,"href":"https:\/\/www.eldigitaldeasturias.com\/noticias\/wp-json\/wp\/v2\/users\/1"}],"replies":[{"embeddable":true,"href":"https:\/\/www.eldigitaldeasturias.com\/noticias\/wp-json\/wp\/v2\/comments?post=950665"}],"version-history":[{"count":0,"href":"https:\/\/www.eldigitaldeasturias.com\/noticias\/wp-json\/wp\/v2\/posts\/950665\/revisions"}],"wp:attachment":[{"href":"https:\/\/www.eldigitaldeasturias.com\/noticias\/wp-json\/wp\/v2\/media?parent=950665"}],"wp:term":[{"taxonomy":"category","embeddable":true,"href":"https:\/\/www.eldigitaldeasturias.com\/noticias\/wp-json\/wp\/v2\/categories?post=950665"},{"taxonomy":"post_tag","embeddable":true,"href":"https:\/\/www.eldigitaldeasturias.com\/noticias\/wp-json\/wp\/v2\/tags?post=950665"}],"curies":[{"name":"wp","href":"https:\/\/api.w.org\/{rel}","templated":true}]}}