{"id":950622,"date":"2017-08-23T07:32:12","date_gmt":"2017-08-23T07:32:12","guid":{"rendered":"http:\/\/www.eldigitaldeasturias.com\/noticias\/?p=950622"},"modified":"2017-08-23T07:32:12","modified_gmt":"2017-08-23T07:32:12","slug":"el-gobierno-de-aragon-lanza-una-campana-contra-los-bulos-en-redes-sociales","status":"publish","type":"post","link":"https:\/\/www.eldigitaldeasturias.com\/noticias\/el-gobierno-de-aragon-lanza-una-campana-contra-los-bulos-en-redes-sociales\/","title":{"rendered":"El Gobierno de Arag\u00f3n lanza una campa\u00f1a contra los bulos en redes sociales"},"content":{"rendered":"<p><img loading=\"lazy\" decoding=\"async\" class=\"alignleft size-medium wp-image-950623\" src=\"https:\/\/www.eldigitaldeasturias.com\/noticias\/wp-content\/uploads\/2017\/08\/bulos-360x159.jpg\" alt=\"campa\u00f1a stop bulos\" width=\"360\" height=\"159\" \/>\u201cAcaban de poner a CNP (Cuerpo Nacional de Polic\u00eda) en Alerta 5, atentado inminente\u201d. \u00c9ste es solo uno de los bulos que han corrido de m\u00f3vil a m\u00f3vil tras el atentado ocurrido la semana pasada en Barcelona y Cambrils. El Gobierno de Arag\u00f3n, a trav\u00e9s del Servicio de Seguridad y Protecci\u00f3n Civil, lanza una campa\u00f1a con consejos para saber c\u00f3mo detectar si un mensaje es falso y qu\u00e9 hacer en caso de recibirlo.<\/p>\n<p>La directora general de Justicia e Interior, Mar\u00eda \u00c1ngeles J\u00falvez, explica que con esta campa\u00f1a se pretende \u201crecordar a la ciudadan\u00eda que para estar bien informado hay que contrastar la informaci\u00f3n que se recibe\u201d y que \u201cpasando un whastapp podemos entorceper medidas preventivas o de seguridad\u201d.<\/p>\n<p>El primer consejo (y m\u00e1s importante) es consultar siempre las fuentes oficiales. En Twitter, el Gobierno de Arag\u00f3n es @GobAragon; el Centro de Emergencias 112 Arag\u00f3n, @112Aragon; la Polic\u00eda Nacional, @policia; y la Guardia Civil, @guardiacivil. En estas cuentas se puede comprobar la veracidad del mensaje. Suelen utilizar la etiqueta #StopBulos. Adem\u00e1s, si se interact\u00faa con ellas, se puede alertar de forma r\u00e1pida y eficaz a las fuerzas de seguridad, que, si lo consideran oportuno, lo desmentir\u00e1n o realizar\u00e1n las actuaciones necesarias.<\/p>\n<p>Sobre el bulo del aumento del Nivel de Alerta Antiterrorista, que dec\u00eda que hab\u00eda pasado de 4 a 5, es decir, que Espa\u00f1a ten\u00eda riesgo de atentado inminente, es necesario recordar que el nivel de alerta es un asunto p\u00fablico. El Ministerio del Interior es el responsable y lo tiene permanentemente colgado en su web oficial (http:\/\/www.interior.gob.es\/prensa\/nivel-alerta-antiterrorista). Es m\u00e1s, si se hubiera cambiado al nivel 5, se habr\u00eda informado en rueda de prensa y todos los medios de comunicaci\u00f3n se hubieran hecho eco de ello. Por supuesto, las fuentes oficiales anteriormente citadas lo habr\u00edan publicado.<\/p>\n<p>Por ello, el Servicio de Seguridad y Protecci\u00f3n Civil del Gobierno de Arag\u00f3n solicita que no se difundan nunca los mensajes con informaci\u00f3n falsa que pueda generar miedo en la poblaci\u00f3n. Se pueden identificar de manera sencilla porque la mayor\u00eda tiene estas caracter\u00edsticas:<\/p>\n<p>&#8211; Comienza con una petici\u00f3n de env\u00edo, para que llegue al m\u00e1ximo n\u00famero de personas. Y con urgencia.<\/p>\n<p>&#8211; Contienen faltas de ortograf\u00eda o una redacci\u00f3n deficiente.<\/p>\n<p>&#8211; La informaci\u00f3n procede de un supuesto familiar o conocido que trabaja en las fuerzas de seguridad. \u00daltimamente ponen nombres y cargos falsos.<\/p>\n<p>&#8211; Mensaje atemporal y sin fecha de publicaci\u00f3n para que pervivan lo m\u00e1ximo posible circulando en la Red. De hecho, la mayor\u00eda son c\u00edclicos. Son los mismos mensajes que en los atentados terroristas ocurridos en otros pa\u00edses.<\/p>\n<p>Por \u00faltimo, recordar que la emisi\u00f3n o difusi\u00f3n de mensajes falsos que afirmen una situaci\u00f3n de peligro y que provoquen la movilizaci\u00f3n de servicios de polic\u00eda o salvamento pueden ser constitutivos de delito, en base al art\u00edculo 561 del C\u00f3digo Penal: \u201cQuien afirme falsamente o simule una situaci\u00f3n de peligro para la comunidad o la producci\u00f3n de un siniestro a consecuencia del cual es necesario prestar auxilio a otro, y con ello provoque la movilizaci\u00f3n de los servicios de polic\u00eda, asistencia o salvamento, ser\u00e1 castigado con la pena de prisi\u00f3n de tres meses y un d\u00eda a un a\u00f1o o multa de tres a dieciocho meses\u201d.<\/p>\n","protected":false},"excerpt":{"rendered":"<p>\u201cAcaban de poner a CNP (Cuerpo Nacional de Polic\u00eda) en Alerta 5, atentado inminente\u201d. \u00c9ste es solo uno de los bulos que han corrido de m\u00f3vil a m\u00f3vil tras el atentado ocurrido la semana pasada en Barcelona y Cambrils. El Gobierno de Arag\u00f3n, a trav\u00e9s del Servicio de Seguridad y Protecci\u00f3n Civil, lanza una campa\u00f1a [&hellip;]<\/p>\n","protected":false},"author":1,"featured_media":950623,"comment_status":"closed","ping_status":"closed","sticky":false,"template":"","format":"standard","meta":{"footnotes":""},"categories":[1],"tags":[],"class_list":["post-950622","post","type-post","status-publish","format-standard","has-post-thumbnail","hentry","category-actualidad"],"aioseo_notices":[],"aioseo_head":"\n\t\t<!-- All in One SEO Pro 5.0.1 - aioseo.com -->\n\t<meta name=\"description\" content=\"\u201cAcaban de poner a CNP (Cuerpo Nacional de Polic\u00eda) en Alerta 5, atentado inminente\u201d. \u00c9ste es solo uno de los bulos que han corrido de m\u00f3vil a m\u00f3vil tras el atentado ocurrido la semana pasada en Barcelona y Cambrils. El Gobierno de Arag\u00f3n, a trav\u00e9s del Servicio de Seguridad y Protecci\u00f3n Civil, lanza una campa\u00f1a\" \/>\n\t<meta name=\"robots\" content=\"max-image-preview:large\" \/>\n\t<meta name=\"author\" content=\"El Digital de Asturias\"\/>\n\t<meta name=\"google-site-verification\" content=\"UA-38556648-1\" \/>\n\t<meta name=\"msvalidate.01\" content=\"7dfe9f3f1b24437ab69f4f2559babe99\" \/>\n\t<meta name=\"keywords\" content=\"actualidad\" \/>\n\t<link rel=\"canonical\" href=\"https:\/\/www.eldigitaldeasturias.com\/noticias\/el-gobierno-de-aragon-lanza-una-campana-contra-los-bulos-en-redes-sociales\/\" \/>\n\t<meta name=\"generator\" content=\"All in One SEO Pro (AIOSEO) 5.0.1\" \/>\n\t\t<meta property=\"og:locale\" content=\"es_ES\" \/>\n\t\t<meta property=\"og:site_name\" content=\"El Digital de Asturias\" \/>\n\t\t<meta property=\"og:type\" content=\"article\" \/>\n\t\t<meta property=\"og:title\" content=\"El Gobierno de Arag\u00f3n lanza una campa\u00f1a contra los bulos en redes sociales - El Digital de Asturias\" \/>\n\t\t<meta property=\"og:description\" content=\"\u201cAcaban de poner a CNP (Cuerpo Nacional de Polic\u00eda) en Alerta 5, atentado inminente\u201d. \u00c9ste es solo uno de los bulos que han corrido de m\u00f3vil a m\u00f3vil tras el atentado ocurrido la semana pasada en Barcelona y Cambrils. El Gobierno de Arag\u00f3n, a trav\u00e9s del Servicio de Seguridad y Protecci\u00f3n Civil, lanza una campa\u00f1a\" \/>\n\t\t<meta property=\"og:url\" content=\"https:\/\/www.eldigitaldeasturias.com\/noticias\/el-gobierno-de-aragon-lanza-una-campana-contra-los-bulos-en-redes-sociales\/\" \/>\n\t\t<meta property=\"article:tag\" content=\"actualidad\" \/>\n\t\t<meta property=\"article:published_time\" content=\"2017-08-23T07:32:12+00:00\" \/>\n\t\t<meta property=\"article:modified_time\" content=\"2017-08-23T07:32:12+00:00\" \/>\n\t\t<meta property=\"article:publisher\" content=\"https:\/\/facebook.com\/eldigitaldeasturias\" \/>\n\t\t<meta name=\"twitter:card\" content=\"summary_large_image\" \/>\n\t\t<meta name=\"twitter:title\" content=\"El Gobierno de Arag\u00f3n lanza una campa\u00f1a contra los bulos en redes sociales - El Digital de Asturias\" \/>\n\t\t<meta name=\"twitter:description\" content=\"\u201cAcaban de poner a CNP (Cuerpo Nacional de Polic\u00eda) en Alerta 5, atentado inminente\u201d. \u00c9ste es solo uno de los bulos que han corrido de m\u00f3vil a m\u00f3vil tras el atentado ocurrido la semana pasada en Barcelona y Cambrils. El Gobierno de Arag\u00f3n, a trav\u00e9s del Servicio de Seguridad y Protecci\u00f3n Civil, lanza una campa\u00f1a\" \/>\n\t\t<meta name=\"twitter:image\" content=\"https:\/\/www.eldigitaldeasturias.com\/noticias\/wp-content\/uploads\/2020\/12\/EDA-1.jpg\" \/>\n\t\t<meta name=\"twitter:label1\" content=\"Escrito por\" \/>\n\t\t<meta name=\"twitter:data1\" content=\"El Digital de Asturias\" \/>\n\t\t<meta name=\"twitter:label2\" content=\"Tiempo de lectura estimado\" \/>\n\t\t<meta name=\"twitter:data2\" content=\"3 minutos\" \/>\n\t\t<script type=\"application\/ld+json\" class=\"aioseo-schema\">\n\t\t\t{\"@context\":\"https:\\\/\\\/schema.org\",\"@graph\":[{\"@type\":\"BlogPosting\",\"@id\":\"https:\\\/\\\/www.eldigitaldeasturias.com\\\/noticias\\\/el-gobierno-de-aragon-lanza-una-campana-contra-los-bulos-en-redes-sociales\\\/#blogposting\",\"name\":\"El Gobierno de Arag\\u00f3n lanza una campa\\u00f1a contra los bulos en redes sociales - El Digital de Asturias\",\"headline\":\"El Gobierno de Arag\\u00f3n lanza una campa\\u00f1a contra los bulos en redes sociales\",\"author\":{\"@id\":\"https:\\\/\\\/www.eldigitaldeasturias.com\\\/noticias\\\/author\\\/admin\\\/#author\"},\"publisher\":{\"@id\":\"https:\\\/\\\/www.eldigitaldeasturias.com\\\/noticias\\\/#organization\"},\"image\":{\"@type\":\"ImageObject\",\"url\":950623},\"datePublished\":\"2017-08-23T07:32:12+02:00\",\"dateModified\":\"2017-08-23T07:32:12+02:00\",\"inLanguage\":\"es-ES\",\"mainEntityOfPage\":{\"@id\":\"https:\\\/\\\/www.eldigitaldeasturias.com\\\/noticias\\\/el-gobierno-de-aragon-lanza-una-campana-contra-los-bulos-en-redes-sociales\\\/#webpage\"},\"isPartOf\":{\"@id\":\"https:\\\/\\\/www.eldigitaldeasturias.com\\\/noticias\\\/el-gobierno-de-aragon-lanza-una-campana-contra-los-bulos-en-redes-sociales\\\/#webpage\"},\"articleSection\":\"Actualidad\"},{\"@type\":\"BreadcrumbList\",\"@id\":\"https:\\\/\\\/www.eldigitaldeasturias.com\\\/noticias\\\/el-gobierno-de-aragon-lanza-una-campana-contra-los-bulos-en-redes-sociales\\\/#breadcrumblist\",\"itemListElement\":[{\"@type\":\"ListItem\",\"@id\":\"https:\\\/\\\/www.eldigitaldeasturias.com\\\/noticias#listItem\",\"position\":1,\"name\":\"Home\",\"item\":\"https:\\\/\\\/www.eldigitaldeasturias.com\\\/noticias\",\"nextItem\":{\"@type\":\"ListItem\",\"@id\":\"https:\\\/\\\/www.eldigitaldeasturias.com\\\/noticias\\\/category\\\/actualidad\\\/#listItem\",\"name\":\"Actualidad\"}},{\"@type\":\"ListItem\",\"@id\":\"https:\\\/\\\/www.eldigitaldeasturias.com\\\/noticias\\\/category\\\/actualidad\\\/#listItem\",\"position\":2,\"name\":\"Actualidad\",\"item\":\"https:\\\/\\\/www.eldigitaldeasturias.com\\\/noticias\\\/category\\\/actualidad\\\/\",\"nextItem\":{\"@type\":\"ListItem\",\"@id\":\"https:\\\/\\\/www.eldigitaldeasturias.com\\\/noticias\\\/el-gobierno-de-aragon-lanza-una-campana-contra-los-bulos-en-redes-sociales\\\/#listItem\",\"name\":\"El Gobierno de Arag\\u00f3n lanza una campa\\u00f1a contra los bulos en redes sociales\"},\"previousItem\":{\"@type\":\"ListItem\",\"@id\":\"https:\\\/\\\/www.eldigitaldeasturias.com\\\/noticias#listItem\",\"name\":\"Home\"}},{\"@type\":\"ListItem\",\"@id\":\"https:\\\/\\\/www.eldigitaldeasturias.com\\\/noticias\\\/el-gobierno-de-aragon-lanza-una-campana-contra-los-bulos-en-redes-sociales\\\/#listItem\",\"position\":3,\"name\":\"El Gobierno de Arag\\u00f3n lanza una campa\\u00f1a contra los bulos en redes sociales\",\"previousItem\":{\"@type\":\"ListItem\",\"@id\":\"https:\\\/\\\/www.eldigitaldeasturias.com\\\/noticias\\\/category\\\/actualidad\\\/#listItem\",\"name\":\"Actualidad\"}}]},{\"@type\":\"Organization\",\"@id\":\"https:\\\/\\\/www.eldigitaldeasturias.com\\\/noticias\\\/#organization\",\"name\":\"El Digital de Asturias\",\"description\":\"Hemeroteca\",\"url\":\"https:\\\/\\\/www.eldigitaldeasturias.com\\\/noticias\\\/\",\"email\":\"info@eldigitaldeasturias.com\",\"telephone\":\"+34652131393\",\"logo\":{\"@type\":\"ImageObject\",\"url\":\"https:\\\/\\\/www.eldigitaldeasturias.com\\\/noticias\\\/wp-content\\\/uploads\\\/2020\\\/12\\\/EDA.jpg\",\"@id\":\"https:\\\/\\\/www.eldigitaldeasturias.com\\\/noticias\\\/el-gobierno-de-aragon-lanza-una-campana-contra-los-bulos-en-redes-sociales\\\/#organizationLogo\"},\"image\":{\"@id\":\"https:\\\/\\\/www.eldigitaldeasturias.com\\\/noticias\\\/el-gobierno-de-aragon-lanza-una-campana-contra-los-bulos-en-redes-sociales\\\/#organizationLogo\"},\"sameAs\":[\"https:\\\/\\\/facebook.com\\\/eldigitaldeasturias\",\"https:\\\/\\\/www.youtube.com\\\/channel\\\/UCZP-2wLEB9Rv6erhFmqVnvg\"],\"address\":{\"@id\":\"https:\\\/\\\/www.eldigitaldeasturias.com\\\/noticias\\\/#postaladdress\",\"@type\":\"PostalAddress\",\"streetAddress\":\"san antonio 4\",\"postalCode\":\"33430\",\"addressLocality\":\"Cand\\u00e1s\",\"addressRegion\":\"Asturias\",\"addressCountry\":\"ES\"}},{\"@type\":\"Person\",\"@id\":\"https:\\\/\\\/www.eldigitaldeasturias.com\\\/noticias\\\/author\\\/admin\\\/#author\",\"url\":\"https:\\\/\\\/www.eldigitaldeasturias.com\\\/noticias\\\/author\\\/admin\\\/\",\"name\":\"El Digital de Asturias\",\"image\":{\"@type\":\"ImageObject\",\"@id\":\"https:\\\/\\\/www.eldigitaldeasturias.com\\\/noticias\\\/el-gobierno-de-aragon-lanza-una-campana-contra-los-bulos-en-redes-sociales\\\/#authorImage\",\"url\":\"https:\\\/\\\/secure.gravatar.com\\\/avatar\\\/df2aeffc32bcd13f8d26072ef8a91b623d677766deac7f97ca815868cd41bf5e?s=96&d=mm&r=g\",\"width\":96,\"height\":96,\"caption\":\"El Digital de Asturias\"}},{\"@type\":\"WebPage\",\"@id\":\"https:\\\/\\\/www.eldigitaldeasturias.com\\\/noticias\\\/el-gobierno-de-aragon-lanza-una-campana-contra-los-bulos-en-redes-sociales\\\/#webpage\",\"url\":\"https:\\\/\\\/www.eldigitaldeasturias.com\\\/noticias\\\/el-gobierno-de-aragon-lanza-una-campana-contra-los-bulos-en-redes-sociales\\\/\",\"name\":\"El Gobierno de Arag\\u00f3n lanza una campa\\u00f1a contra los bulos en redes sociales - El Digital de Asturias\",\"description\":\"\\u201cAcaban de poner a CNP (Cuerpo Nacional de Polic\\u00eda) en Alerta 5, atentado inminente\\u201d. \\u00c9ste es solo uno de los bulos que han corrido de m\\u00f3vil a m\\u00f3vil tras el atentado ocurrido la semana pasada en Barcelona y Cambrils. El Gobierno de Arag\\u00f3n, a trav\\u00e9s del Servicio de Seguridad y Protecci\\u00f3n Civil, lanza una campa\\u00f1a\",\"inLanguage\":\"es-ES\",\"isPartOf\":{\"@id\":\"https:\\\/\\\/www.eldigitaldeasturias.com\\\/noticias\\\/#website\"},\"breadcrumb\":{\"@id\":\"https:\\\/\\\/www.eldigitaldeasturias.com\\\/noticias\\\/el-gobierno-de-aragon-lanza-una-campana-contra-los-bulos-en-redes-sociales\\\/#breadcrumblist\"},\"author\":{\"@id\":\"https:\\\/\\\/www.eldigitaldeasturias.com\\\/noticias\\\/author\\\/admin\\\/#author\"},\"creator\":{\"@id\":\"https:\\\/\\\/www.eldigitaldeasturias.com\\\/noticias\\\/author\\\/admin\\\/#author\"},\"image\":{\"@type\":\"ImageObject\",\"url\":950623,\"@id\":\"https:\\\/\\\/www.eldigitaldeasturias.com\\\/noticias\\\/el-gobierno-de-aragon-lanza-una-campana-contra-los-bulos-en-redes-sociales\\\/#mainImage\"},\"primaryImageOfPage\":{\"@id\":\"https:\\\/\\\/www.eldigitaldeasturias.com\\\/noticias\\\/el-gobierno-de-aragon-lanza-una-campana-contra-los-bulos-en-redes-sociales\\\/#mainImage\"},\"datePublished\":\"2017-08-23T07:32:12+02:00\",\"dateModified\":\"2017-08-23T07:32:12+02:00\"},{\"@type\":\"WebSite\",\"@id\":\"https:\\\/\\\/www.eldigitaldeasturias.com\\\/noticias\\\/#website\",\"url\":\"https:\\\/\\\/www.eldigitaldeasturias.com\\\/noticias\\\/\",\"name\":\"El Digital de Asturias - Diario de actualidad y noticias\",\"alternateName\":\"El Digital de Asturias - Diario de actualidad y noticias\",\"description\":\"Hemeroteca\",\"inLanguage\":\"es-ES\",\"publisher\":{\"@id\":\"https:\\\/\\\/www.eldigitaldeasturias.com\\\/noticias\\\/#organization\"}}]}\n\t\t<\/script>\n\t\t<!-- All in One SEO Pro -->\r\n\t\t<title>El Gobierno de Arag\u00f3n lanza una campa\u00f1a contra los bulos en redes sociales - El Digital de Asturias<\/title>\n\n","aioseo_head_json":{"title":"El Gobierno de Arag\u00f3n lanza una campa\u00f1a contra los bulos en redes sociales - El Digital de Asturias","description":"\u201cAcaban de poner a CNP (Cuerpo Nacional de Polic\u00eda) en Alerta 5, atentado inminente\u201d. \u00c9ste es solo uno de los bulos que han corrido de m\u00f3vil a m\u00f3vil tras el atentado ocurrido la semana pasada en Barcelona y Cambrils. El Gobierno de Arag\u00f3n, a trav\u00e9s del Servicio de Seguridad y Protecci\u00f3n Civil, lanza una campa\u00f1a","canonical_url":"https:\/\/www.eldigitaldeasturias.com\/noticias\/el-gobierno-de-aragon-lanza-una-campana-contra-los-bulos-en-redes-sociales\/","robots":"max-image-preview:large","keywords":"actualidad","webmasterTools":{"google-site-verification":"UA-38556648-1","msvalidate.01":"7dfe9f3f1b24437ab69f4f2559babe99","miscellaneous":""},"schema":{"@context":"https:\/\/schema.org","@graph":[{"@type":"BlogPosting","@id":"https:\/\/www.eldigitaldeasturias.com\/noticias\/el-gobierno-de-aragon-lanza-una-campana-contra-los-bulos-en-redes-sociales\/#blogposting","name":"El Gobierno de Arag\u00f3n lanza una campa\u00f1a contra los bulos en redes sociales - El Digital de Asturias","headline":"El Gobierno de Arag\u00f3n lanza una campa\u00f1a contra los bulos en redes sociales","author":{"@id":"https:\/\/www.eldigitaldeasturias.com\/noticias\/author\/admin\/#author"},"publisher":{"@id":"https:\/\/www.eldigitaldeasturias.com\/noticias\/#organization"},"image":{"@type":"ImageObject","url":950623},"datePublished":"2017-08-23T07:32:12+02:00","dateModified":"2017-08-23T07:32:12+02:00","inLanguage":"es-ES","mainEntityOfPage":{"@id":"https:\/\/www.eldigitaldeasturias.com\/noticias\/el-gobierno-de-aragon-lanza-una-campana-contra-los-bulos-en-redes-sociales\/#webpage"},"isPartOf":{"@id":"https:\/\/www.eldigitaldeasturias.com\/noticias\/el-gobierno-de-aragon-lanza-una-campana-contra-los-bulos-en-redes-sociales\/#webpage"},"articleSection":"Actualidad"},{"@type":"BreadcrumbList","@id":"https:\/\/www.eldigitaldeasturias.com\/noticias\/el-gobierno-de-aragon-lanza-una-campana-contra-los-bulos-en-redes-sociales\/#breadcrumblist","itemListElement":[{"@type":"ListItem","@id":"https:\/\/www.eldigitaldeasturias.com\/noticias#listItem","position":1,"name":"Home","item":"https:\/\/www.eldigitaldeasturias.com\/noticias","nextItem":{"@type":"ListItem","@id":"https:\/\/www.eldigitaldeasturias.com\/noticias\/category\/actualidad\/#listItem","name":"Actualidad"}},{"@type":"ListItem","@id":"https:\/\/www.eldigitaldeasturias.com\/noticias\/category\/actualidad\/#listItem","position":2,"name":"Actualidad","item":"https:\/\/www.eldigitaldeasturias.com\/noticias\/category\/actualidad\/","nextItem":{"@type":"ListItem","@id":"https:\/\/www.eldigitaldeasturias.com\/noticias\/el-gobierno-de-aragon-lanza-una-campana-contra-los-bulos-en-redes-sociales\/#listItem","name":"El Gobierno de Arag\u00f3n lanza una campa\u00f1a contra los bulos en redes sociales"},"previousItem":{"@type":"ListItem","@id":"https:\/\/www.eldigitaldeasturias.com\/noticias#listItem","name":"Home"}},{"@type":"ListItem","@id":"https:\/\/www.eldigitaldeasturias.com\/noticias\/el-gobierno-de-aragon-lanza-una-campana-contra-los-bulos-en-redes-sociales\/#listItem","position":3,"name":"El Gobierno de Arag\u00f3n lanza una campa\u00f1a contra los bulos en redes sociales","previousItem":{"@type":"ListItem","@id":"https:\/\/www.eldigitaldeasturias.com\/noticias\/category\/actualidad\/#listItem","name":"Actualidad"}}]},{"@type":"Organization","@id":"https:\/\/www.eldigitaldeasturias.com\/noticias\/#organization","name":"El Digital de Asturias","description":"Hemeroteca","url":"https:\/\/www.eldigitaldeasturias.com\/noticias\/","email":"info@eldigitaldeasturias.com","telephone":"+34652131393","logo":{"@type":"ImageObject","url":"https:\/\/www.eldigitaldeasturias.com\/noticias\/wp-content\/uploads\/2020\/12\/EDA.jpg","@id":"https:\/\/www.eldigitaldeasturias.com\/noticias\/el-gobierno-de-aragon-lanza-una-campana-contra-los-bulos-en-redes-sociales\/#organizationLogo"},"image":{"@id":"https:\/\/www.eldigitaldeasturias.com\/noticias\/el-gobierno-de-aragon-lanza-una-campana-contra-los-bulos-en-redes-sociales\/#organizationLogo"},"sameAs":["https:\/\/facebook.com\/eldigitaldeasturias","https:\/\/www.youtube.com\/channel\/UCZP-2wLEB9Rv6erhFmqVnvg"],"address":{"@id":"https:\/\/www.eldigitaldeasturias.com\/noticias\/#postaladdress","@type":"PostalAddress","streetAddress":"san antonio 4","postalCode":"33430","addressLocality":"Cand\u00e1s","addressRegion":"Asturias","addressCountry":"ES"}},{"@type":"Person","@id":"https:\/\/www.eldigitaldeasturias.com\/noticias\/author\/admin\/#author","url":"https:\/\/www.eldigitaldeasturias.com\/noticias\/author\/admin\/","name":"El Digital de Asturias","image":{"@type":"ImageObject","@id":"https:\/\/www.eldigitaldeasturias.com\/noticias\/el-gobierno-de-aragon-lanza-una-campana-contra-los-bulos-en-redes-sociales\/#authorImage","url":"https:\/\/secure.gravatar.com\/avatar\/df2aeffc32bcd13f8d26072ef8a91b623d677766deac7f97ca815868cd41bf5e?s=96&d=mm&r=g","width":96,"height":96,"caption":"El Digital de Asturias"}},{"@type":"WebPage","@id":"https:\/\/www.eldigitaldeasturias.com\/noticias\/el-gobierno-de-aragon-lanza-una-campana-contra-los-bulos-en-redes-sociales\/#webpage","url":"https:\/\/www.eldigitaldeasturias.com\/noticias\/el-gobierno-de-aragon-lanza-una-campana-contra-los-bulos-en-redes-sociales\/","name":"El Gobierno de Arag\u00f3n lanza una campa\u00f1a contra los bulos en redes sociales - El Digital de Asturias","description":"\u201cAcaban de poner a CNP (Cuerpo Nacional de Polic\u00eda) en Alerta 5, atentado inminente\u201d. \u00c9ste es solo uno de los bulos que han corrido de m\u00f3vil a m\u00f3vil tras el atentado ocurrido la semana pasada en Barcelona y Cambrils. El Gobierno de Arag\u00f3n, a trav\u00e9s del Servicio de Seguridad y Protecci\u00f3n Civil, lanza una campa\u00f1a","inLanguage":"es-ES","isPartOf":{"@id":"https:\/\/www.eldigitaldeasturias.com\/noticias\/#website"},"breadcrumb":{"@id":"https:\/\/www.eldigitaldeasturias.com\/noticias\/el-gobierno-de-aragon-lanza-una-campana-contra-los-bulos-en-redes-sociales\/#breadcrumblist"},"author":{"@id":"https:\/\/www.eldigitaldeasturias.com\/noticias\/author\/admin\/#author"},"creator":{"@id":"https:\/\/www.eldigitaldeasturias.com\/noticias\/author\/admin\/#author"},"image":{"@type":"ImageObject","url":950623,"@id":"https:\/\/www.eldigitaldeasturias.com\/noticias\/el-gobierno-de-aragon-lanza-una-campana-contra-los-bulos-en-redes-sociales\/#mainImage"},"primaryImageOfPage":{"@id":"https:\/\/www.eldigitaldeasturias.com\/noticias\/el-gobierno-de-aragon-lanza-una-campana-contra-los-bulos-en-redes-sociales\/#mainImage"},"datePublished":"2017-08-23T07:32:12+02:00","dateModified":"2017-08-23T07:32:12+02:00"},{"@type":"WebSite","@id":"https:\/\/www.eldigitaldeasturias.com\/noticias\/#website","url":"https:\/\/www.eldigitaldeasturias.com\/noticias\/","name":"El Digital de Asturias - Diario de actualidad y noticias","alternateName":"El Digital de Asturias - Diario de actualidad y noticias","description":"Hemeroteca","inLanguage":"es-ES","publisher":{"@id":"https:\/\/www.eldigitaldeasturias.com\/noticias\/#organization"}}]},"og:locale":"es_ES","og:site_name":"El Digital de Asturias","og:type":"article","og:title":"El Gobierno de Arag\u00f3n lanza una campa\u00f1a contra los bulos en redes sociales - El Digital de Asturias","og:description":"\u201cAcaban de poner a CNP (Cuerpo Nacional de Polic\u00eda) en Alerta 5, atentado inminente\u201d. \u00c9ste es solo uno de los bulos que han corrido de m\u00f3vil a m\u00f3vil tras el atentado ocurrido la semana pasada en Barcelona y Cambrils. El Gobierno de Arag\u00f3n, a trav\u00e9s del Servicio de Seguridad y Protecci\u00f3n Civil, lanza una campa\u00f1a","og:url":"https:\/\/www.eldigitaldeasturias.com\/noticias\/el-gobierno-de-aragon-lanza-una-campana-contra-los-bulos-en-redes-sociales\/","article:tag":["actualidad"],"article:published_time":"2017-08-23T07:32:12+00:00","article:modified_time":"2017-08-23T07:32:12+00:00","article:publisher":"https:\/\/facebook.com\/eldigitaldeasturias","twitter:card":"summary_large_image","twitter:title":"El Gobierno de Arag\u00f3n lanza una campa\u00f1a contra los bulos en redes sociales - El Digital de Asturias","twitter:description":"\u201cAcaban de poner a CNP (Cuerpo Nacional de Polic\u00eda) en Alerta 5, atentado inminente\u201d. \u00c9ste es solo uno de los bulos que han corrido de m\u00f3vil a m\u00f3vil tras el atentado ocurrido la semana pasada en Barcelona y Cambrils. El Gobierno de Arag\u00f3n, a trav\u00e9s del Servicio de Seguridad y Protecci\u00f3n Civil, lanza una campa\u00f1a","twitter:image":"https:\/\/www.eldigitaldeasturias.com\/noticias\/wp-content\/uploads\/2020\/12\/EDA-1.jpg","twitter:label1":"Escrito por","twitter:data1":"El Digital de Asturias","twitter:label2":"Tiempo de lectura estimado","twitter:data2":"3 minutos"},"aioseo_meta_data":{"post_id":"950622","title":null,"description":null,"keywords":null,"keyphrases":null,"primary_term":null,"canonical_url":null,"og_title":null,"og_description":null,"og_object_type":"default","og_image_type":"default","og_image_url":null,"og_image_width":null,"og_image_height":null,"og_image_custom_url":null,"og_image_custom_fields":null,"og_video":null,"og_custom_url":null,"og_article_section":null,"og_article_tags":null,"twitter_use_og":false,"twitter_card":"default","twitter_image_type":"default","twitter_image_url":null,"twitter_image_custom_url":null,"twitter_image_custom_fields":null,"twitter_title":null,"twitter_description":null,"schema":{"blockGraphs":[],"customGraphs":[],"default":{"data":{"Article":[],"Course":[],"Dataset":[],"FAQPage":[],"Movie":[],"Person":[],"Product":[],"ProductReview":[],"Car":[],"Recipe":[],"Service":[],"SoftwareApplication":[],"WebPage":[]},"graphName":"","isEnabled":true},"graphs":[],"defaultGraph":"","defaultPostTypeGraph":""},"schema_type":null,"schema_type_options":null,"pillar_content":false,"robots_default":true,"robots_noindex":false,"robots_noarchive":false,"robots_nosnippet":false,"robots_nofollow":false,"robots_noimageindex":false,"robots_noodp":false,"robots_notranslate":false,"robots_max_snippet":null,"robots_max_videopreview":null,"robots_max_imagepreview":"large","priority":null,"frequency":null,"local_seo":null,"seo_analyzer_scan_date":"2025-12-05 16:28:10","breadcrumb_settings":null,"limit_modified_date":false,"open_ai":null,"ai":null,"created":"2020-12-21 12:58:35","updated":"2025-12-05 16:28:10","focus_keyword":null,"additional_keywords":null,"truseo_locale":null},"aioseo_breadcrumb":"<div class=\"aioseo-breadcrumbs\"><span class=\"aioseo-breadcrumb\">\n\t<a href=\"https:\/\/www.eldigitaldeasturias.com\/noticias\" title=\"Home\">Home<\/a>\n<\/span><span class=\"aioseo-breadcrumb-separator\">\u2013<\/span><span class=\"aioseo-breadcrumb\">\n\t<a href=\"https:\/\/www.eldigitaldeasturias.com\/noticias\/category\/actualidad\/\" title=\"Actualidad\">Actualidad<\/a>\n<\/span><span class=\"aioseo-breadcrumb-separator\">\u2013<\/span><span class=\"aioseo-breadcrumb\">\n\t<a href=\"https:\/\/www.eldigitaldeasturias.com\/noticias\/el-gobierno-de-aragon-lanza-una-campana-contra-los-bulos-en-redes-sociales\/\" title=\"El Gobierno de Arag\u00f3n lanza una campa\u00f1a contra los bulos en redes sociales\">El Gobierno de Arag\u00f3n lanza una campa\u00f1a contra los bulos en redes sociales<\/a>\n<\/span><\/div>","aioseo_breadcrumb_json":[{"label":"Home","link":"https:\/\/www.eldigitaldeasturias.com\/noticias"},{"label":"Actualidad","link":"https:\/\/www.eldigitaldeasturias.com\/noticias\/category\/actualidad\/"},{"label":"El Gobierno de Arag\u00f3n lanza una campa\u00f1a contra los bulos en redes sociales","link":"https:\/\/www.eldigitaldeasturias.com\/noticias\/el-gobierno-de-aragon-lanza-una-campana-contra-los-bulos-en-redes-sociales\/"}],"_links":{"self":[{"href":"https:\/\/www.eldigitaldeasturias.com\/noticias\/wp-json\/wp\/v2\/posts\/950622","targetHints":{"allow":["GET"]}}],"collection":[{"href":"https:\/\/www.eldigitaldeasturias.com\/noticias\/wp-json\/wp\/v2\/posts"}],"about":[{"href":"https:\/\/www.eldigitaldeasturias.com\/noticias\/wp-json\/wp\/v2\/types\/post"}],"author":[{"embeddable":true,"href":"https:\/\/www.eldigitaldeasturias.com\/noticias\/wp-json\/wp\/v2\/users\/1"}],"replies":[{"embeddable":true,"href":"https:\/\/www.eldigitaldeasturias.com\/noticias\/wp-json\/wp\/v2\/comments?post=950622"}],"version-history":[{"count":0,"href":"https:\/\/www.eldigitaldeasturias.com\/noticias\/wp-json\/wp\/v2\/posts\/950622\/revisions"}],"wp:attachment":[{"href":"https:\/\/www.eldigitaldeasturias.com\/noticias\/wp-json\/wp\/v2\/media?parent=950622"}],"wp:term":[{"taxonomy":"category","embeddable":true,"href":"https:\/\/www.eldigitaldeasturias.com\/noticias\/wp-json\/wp\/v2\/categories?post=950622"},{"taxonomy":"post_tag","embeddable":true,"href":"https:\/\/www.eldigitaldeasturias.com\/noticias\/wp-json\/wp\/v2\/tags?post=950622"}],"curies":[{"name":"wp","href":"https:\/\/api.w.org\/{rel}","templated":true}]}}